{"id":882,"date":"2012-05-18T12:01:39","date_gmt":"2012-05-18T15:01:39","guid":{"rendered":"http:\/\/www.diariofemenino.com.ar\/?p=882"},"modified":"2012-05-18T12:01:39","modified_gmt":"2012-05-18T15:01:39","slug":"el-valor-de-la-familia-naturalperooo-que-es-la-familia-natural","status":"publish","type":"post","link":"https:\/\/diariofemenino.com.ar\/df\/el-valor-de-la-familia-naturalperooo-que-es-la-familia-natural\/","title":{"rendered":"\u201cEl valor de la familia natural\u201d\u2026perooo, \u00bfqu\u00e9 es la \u201cfamilia natural\u201d?"},"content":{"rendered":"<p>Desde el 25 y al 27 de mayo se celebra en Madrid el Congreso Mundial de las Familias que defiende como \u00fanico modelo de familia el promovido desde la sociedad heteropatriarcal. Desde Feminismos Sol reivindicamos que hay m\u00faltiples formas de quererse, cuidarse y convivir y \u00a1queremos conocer la tuya\u00a1 De todos pelajes, colores, olores y sabores.. m\u00e1ndanos una foto de tu \u201cfamilia\u201d y ay\u00fadanos a visibilizar toda la diversidad que existe.<br \/>\nLas fotos ser\u00e1n empleadas en la elaboraci\u00f3n de los carteles con los que invitaremos a Madrid a asistir el pr\u00f3ximo domingo d\u00eda 27, en el parque del Retiro, a un congreso \u201cfamiliar\u201d plural y diverso, donde podremos compartir y debatir sobre las diferentes formas de convivencia que existen bajo el Sol\u00a1 Participa y m\u00e1ndanos tu foto antes del jueves d\u00eda 24 a <a href=\"mailto:multituddeformas@gmail.com\">multituddeformas@gmail.com<\/a> <wbr>\u00a0con una peque\u00f1a explicaci\u00f3n, en pocas palabras, de quienes sois lxs de la foto.<\/wbr><br \/>\n<a href=\"http:\/\/www.facebook.com\/LennyCaceres#!\/events\/427893580563493\/?notif_t=plan_user_invited\">LA FAMILIA NUCLEAR ES RADIOACTIVA<\/a><br \/>\n&nbsp;<br \/>\n&nbsp;<\/p>\n","protected":false},"excerpt":{"rendered":"<p>Desde el 25 y al 27 de mayo se celebra en Madrid el Congreso Mundial de las Familias que defiende como \u00fanico modelo de familia el promovido desde la sociedad heteropatriarcal. Desde Feminismos Sol reivindicamos que hay m\u00faltiples formas de quererse, cuidarse y convivir y \u00a1queremos conocer la tuya\u00a1 De todos pelajes, colores, olores y [&hellip;]<\/p>\n","protected":false},"author":1,"featured_media":883,"comment_status":"open","ping_status":"open","sticky":false,"template":"","format":"standard","meta":{"iawp_total_views":2,"footnotes":""},"categories":[3,4],"tags":[],"class_list":["post-882","post","type-post","status-publish","format-standard","has-post-thumbnail","hentry","category-de-la-revolucion-al-reaprendizaje","category-medios"],"nelio_content":{"autoShareEndMode":"never","automationSources":{"useCustomSentences":false,"customSentences":[]},"efiAlt":"","efiUrl":"","followers":[],"highlights":[],"isAutoShareEnabled":true,"networkImageIds":[],"permalinkQueryArgs":[],"series":[],"suggestedReferences":[]},"yoast_head":"<!-- This site is optimized with the Yoast SEO plugin v27.5 - https:\/\/yoast.com\/product\/yoast-seo-wordpress\/ -->\n<title>\u201cEl valor de la familia natural\u201d\u2026perooo, \u00bfqu\u00e9 es la \u201cfamilia natural\u201d? - Diario Digital Femenino<\/title>\n<meta name=\"robots\" content=\"index, follow, max-snippet:-1, max-image-preview:large, max-video-preview:-1\" \/>\n<link rel=\"canonical\" href=\"https:\/\/diariofemenino.com.ar\/df\/el-valor-de-la-familia-naturalperooo-que-es-la-familia-natural\/\" \/>\n<meta property=\"og:locale\" content=\"es_ES\" \/>\n<meta property=\"og:type\" content=\"article\" \/>\n<meta property=\"og:title\" content=\"\u201cEl valor de la familia natural\u201d\u2026perooo, \u00bfqu\u00e9 es la \u201cfamilia natural\u201d? - Diario Digital Femenino\" \/>\n<meta property=\"og:description\" content=\"Desde el 25 y al 27 de mayo se celebra en Madrid el Congreso Mundial de las Familias que defiende como \u00fanico modelo de familia el promovido desde la sociedad heteropatriarcal. Desde Feminismos Sol reivindicamos que hay m\u00faltiples formas de quererse, cuidarse y convivir y \u00a1queremos conocer la tuya\u00a1 De todos pelajes, colores, olores y [&hellip;]\" \/>\n<meta property=\"og:url\" content=\"https:\/\/diariofemenino.com.ar\/df\/el-valor-de-la-familia-naturalperooo-que-es-la-familia-natural\/\" \/>\n<meta property=\"og:site_name\" content=\"Diario Digital Femenino\" \/>\n<meta property=\"article:publisher\" content=\"https:\/\/www.facebook.com\/DiarioDigitaFemenino\/\" \/>\n<meta property=\"article:published_time\" content=\"2012-05-18T15:01:39+00:00\" \/>\n<meta property=\"og:image\" content=\"https:\/\/diariofemenino.com.ar\/df\/wp-content\/uploads\/2016\/10\/logo-negro.png\" \/>\n\t<meta property=\"og:image:width\" content=\"855\" \/>\n\t<meta property=\"og:image:height\" content=\"319\" \/>\n\t<meta property=\"og:image:type\" content=\"image\/png\" \/>\n<meta name=\"author\" content=\"Admin\" \/>\n<meta name=\"twitter:card\" content=\"summary_large_image\" \/>\n<meta name=\"twitter:creator\" content=\"@DiarioFemenino1\" \/>\n<meta name=\"twitter:site\" content=\"@DiarioFemenino1\" \/>\n<meta name=\"twitter:label1\" content=\"Escrito por\" \/>\n\t<meta name=\"twitter:data1\" content=\"Admin\" \/>\n\t<meta name=\"twitter:label2\" content=\"Tiempo de lectura\" \/>\n\t<meta name=\"twitter:data2\" content=\"1 minuto\" \/>\n<script type=\"application\/ld+json\" class=\"yoast-schema-graph\">{\"@context\":\"https:\\\/\\\/schema.org\",\"@graph\":[{\"@type\":\"Article\",\"@id\":\"https:\\\/\\\/diariofemenino.com.ar\\\/df\\\/el-valor-de-la-familia-naturalperooo-que-es-la-familia-natural\\\/#article\",\"isPartOf\":{\"@id\":\"https:\\\/\\\/diariofemenino.com.ar\\\/df\\\/el-valor-de-la-familia-naturalperooo-que-es-la-familia-natural\\\/\"},\"author\":{\"name\":\"Admin\",\"@id\":\"https:\\\/\\\/diariofemenino.com.ar\\\/df\\\/#\\\/schema\\\/person\\\/38f54b3bfd13f561de2460ba95c169c6\"},\"headline\":\"\u201cEl valor de la familia natural\u201d\u2026perooo, \u00bfqu\u00e9 es la \u201cfamilia natural\u201d?\",\"datePublished\":\"2012-05-18T15:01:39+00:00\",\"mainEntityOfPage\":{\"@id\":\"https:\\\/\\\/diariofemenino.com.ar\\\/df\\\/el-valor-de-la-familia-naturalperooo-que-es-la-familia-natural\\\/\"},\"wordCount\":176,\"commentCount\":0,\"publisher\":{\"@id\":\"https:\\\/\\\/diariofemenino.com.ar\\\/df\\\/#organization\"},\"image\":{\"@id\":\"https:\\\/\\\/diariofemenino.com.ar\\\/df\\\/el-valor-de-la-familia-naturalperooo-que-es-la-familia-natural\\\/#primaryimage\"},\"thumbnailUrl\":\"\",\"articleSection\":[\"De la Revoluci\u00f3n al Reaprendizaje\",\"Medios\"],\"inLanguage\":\"es\",\"potentialAction\":[{\"@type\":\"CommentAction\",\"name\":\"Comment\",\"target\":[\"https:\\\/\\\/diariofemenino.com.ar\\\/df\\\/el-valor-de-la-familia-naturalperooo-que-es-la-familia-natural\\\/#respond\"]}]},{\"@type\":\"WebPage\",\"@id\":\"https:\\\/\\\/diariofemenino.com.ar\\\/df\\\/el-valor-de-la-familia-naturalperooo-que-es-la-familia-natural\\\/\",\"url\":\"https:\\\/\\\/diariofemenino.com.ar\\\/df\\\/el-valor-de-la-familia-naturalperooo-que-es-la-familia-natural\\\/\",\"name\":\"\u201cEl valor de la familia natural\u201d\u2026perooo, \u00bfqu\u00e9 es la \u201cfamilia natural\u201d? - Diario Digital Femenino\",\"isPartOf\":{\"@id\":\"https:\\\/\\\/diariofemenino.com.ar\\\/df\\\/#website\"},\"primaryImageOfPage\":{\"@id\":\"https:\\\/\\\/diariofemenino.com.ar\\\/df\\\/el-valor-de-la-familia-naturalperooo-que-es-la-familia-natural\\\/#primaryimage\"},\"image\":{\"@id\":\"https:\\\/\\\/diariofemenino.com.ar\\\/df\\\/el-valor-de-la-familia-naturalperooo-que-es-la-familia-natural\\\/#primaryimage\"},\"thumbnailUrl\":\"\",\"datePublished\":\"2012-05-18T15:01:39+00:00\",\"breadcrumb\":{\"@id\":\"https:\\\/\\\/diariofemenino.com.ar\\\/df\\\/el-valor-de-la-familia-naturalperooo-que-es-la-familia-natural\\\/#breadcrumb\"},\"inLanguage\":\"es\",\"potentialAction\":[{\"@type\":\"ReadAction\",\"target\":[\"https:\\\/\\\/diariofemenino.com.ar\\\/df\\\/el-valor-de-la-familia-naturalperooo-que-es-la-familia-natural\\\/\"]}]},{\"@type\":\"ImageObject\",\"inLanguage\":\"es\",\"@id\":\"https:\\\/\\\/diariofemenino.com.ar\\\/df\\\/el-valor-de-la-familia-naturalperooo-que-es-la-familia-natural\\\/#primaryimage\",\"url\":\"\",\"contentUrl\":\"\"},{\"@type\":\"BreadcrumbList\",\"@id\":\"https:\\\/\\\/diariofemenino.com.ar\\\/df\\\/el-valor-de-la-familia-naturalperooo-que-es-la-familia-natural\\\/#breadcrumb\",\"itemListElement\":[{\"@type\":\"ListItem\",\"position\":1,\"name\":\"Portada\",\"item\":\"https:\\\/\\\/diariofemenino.com.ar\\\/df\\\/\"},{\"@type\":\"ListItem\",\"position\":2,\"name\":\"\u201cEl valor de la familia natural\u201d\u2026perooo, \u00bfqu\u00e9 es la \u201cfamilia natural\u201d?\"}]},{\"@type\":\"WebSite\",\"@id\":\"https:\\\/\\\/diariofemenino.com.ar\\\/df\\\/#website\",\"url\":\"https:\\\/\\\/diariofemenino.com.ar\\\/df\\\/\",\"name\":\"Diario Digital Femenino\",\"description\":\"Cuesti\u00f3n de G\u00e9nero\",\"publisher\":{\"@id\":\"https:\\\/\\\/diariofemenino.com.ar\\\/df\\\/#organization\"},\"potentialAction\":[{\"@type\":\"SearchAction\",\"target\":{\"@type\":\"EntryPoint\",\"urlTemplate\":\"https:\\\/\\\/diariofemenino.com.ar\\\/df\\\/?s={search_term_string}\"},\"query-input\":{\"@type\":\"PropertyValueSpecification\",\"valueRequired\":true,\"valueName\":\"search_term_string\"}}],\"inLanguage\":\"es\"},{\"@type\":\"Organization\",\"@id\":\"https:\\\/\\\/diariofemenino.com.ar\\\/df\\\/#organization\",\"name\":\"Diario Femenino\",\"url\":\"https:\\\/\\\/diariofemenino.com.ar\\\/df\\\/\",\"logo\":{\"@type\":\"ImageObject\",\"inLanguage\":\"es\",\"@id\":\"https:\\\/\\\/diariofemenino.com.ar\\\/df\\\/#\\\/schema\\\/logo\\\/image\\\/\",\"url\":\"https:\\\/\\\/diariofemenino.com.ar\\\/df\\\/wp-content\\\/uploads\\\/2018\\\/10\\\/logo.png\",\"contentUrl\":\"https:\\\/\\\/diariofemenino.com.ar\\\/df\\\/wp-content\\\/uploads\\\/2018\\\/10\\\/logo.png\",\"width\":500,\"height\":92,\"caption\":\"Diario Femenino\"},\"image\":{\"@id\":\"https:\\\/\\\/diariofemenino.com.ar\\\/df\\\/#\\\/schema\\\/logo\\\/image\\\/\"},\"sameAs\":[\"https:\\\/\\\/www.facebook.com\\\/DiarioDigitaFemenino\\\/\",\"https:\\\/\\\/x.com\\\/DiarioFemenino1\"]},{\"@type\":\"Person\",\"@id\":\"https:\\\/\\\/diariofemenino.com.ar\\\/df\\\/#\\\/schema\\\/person\\\/38f54b3bfd13f561de2460ba95c169c6\",\"name\":\"Admin\",\"image\":{\"@type\":\"ImageObject\",\"inLanguage\":\"es\",\"@id\":\"https:\\\/\\\/diariofemenino.com.ar\\\/df\\\/wp-content\\\/uploads\\\/2018\\\/12\\\/favicon-150x150.jpg\",\"url\":\"https:\\\/\\\/diariofemenino.com.ar\\\/df\\\/wp-content\\\/uploads\\\/2018\\\/12\\\/favicon-150x150.jpg\",\"contentUrl\":\"https:\\\/\\\/diariofemenino.com.ar\\\/df\\\/wp-content\\\/uploads\\\/2018\\\/12\\\/favicon-150x150.jpg\",\"caption\":\"Admin\"},\"url\":\"https:\\\/\\\/diariofemenino.com.ar\\\/df\\\/author\\\/adm18df\\\/\"}]}<\/script>\n<!-- \/ Yoast SEO plugin. -->","yoast_head_json":{"title":"\u201cEl valor de la familia natural\u201d\u2026perooo, \u00bfqu\u00e9 es la \u201cfamilia natural\u201d? - Diario Digital Femenino","robots":{"index":"index","follow":"follow","max-snippet":"max-snippet:-1","max-image-preview":"max-image-preview:large","max-video-preview":"max-video-preview:-1"},"canonical":"https:\/\/diariofemenino.com.ar\/df\/el-valor-de-la-familia-naturalperooo-que-es-la-familia-natural\/","og_locale":"es_ES","og_type":"article","og_title":"\u201cEl valor de la familia natural\u201d\u2026perooo, \u00bfqu\u00e9 es la \u201cfamilia natural\u201d? - Diario Digital Femenino","og_description":"Desde el 25 y al 27 de mayo se celebra en Madrid el Congreso Mundial de las Familias que defiende como \u00fanico modelo de familia el promovido desde la sociedad heteropatriarcal. Desde Feminismos Sol reivindicamos que hay m\u00faltiples formas de quererse, cuidarse y convivir y \u00a1queremos conocer la tuya\u00a1 De todos pelajes, colores, olores y [&hellip;]","og_url":"https:\/\/diariofemenino.com.ar\/df\/el-valor-de-la-familia-naturalperooo-que-es-la-familia-natural\/","og_site_name":"Diario Digital Femenino","article_publisher":"https:\/\/www.facebook.com\/DiarioDigitaFemenino\/","article_published_time":"2012-05-18T15:01:39+00:00","og_image":[{"width":855,"height":319,"url":"https:\/\/diariofemenino.com.ar\/df\/wp-content\/uploads\/2016\/10\/logo-negro.png","type":"image\/png"}],"author":"Admin","twitter_card":"summary_large_image","twitter_creator":"@DiarioFemenino1","twitter_site":"@DiarioFemenino1","twitter_misc":{"Escrito por":"Admin","Tiempo de lectura":"1 minuto"},"schema":{"@context":"https:\/\/schema.org","@graph":[{"@type":"Article","@id":"https:\/\/diariofemenino.com.ar\/df\/el-valor-de-la-familia-naturalperooo-que-es-la-familia-natural\/#article","isPartOf":{"@id":"https:\/\/diariofemenino.com.ar\/df\/el-valor-de-la-familia-naturalperooo-que-es-la-familia-natural\/"},"author":{"name":"Admin","@id":"https:\/\/diariofemenino.com.ar\/df\/#\/schema\/person\/38f54b3bfd13f561de2460ba95c169c6"},"headline":"\u201cEl valor de la familia natural\u201d\u2026perooo, \u00bfqu\u00e9 es la \u201cfamilia natural\u201d?","datePublished":"2012-05-18T15:01:39+00:00","mainEntityOfPage":{"@id":"https:\/\/diariofemenino.com.ar\/df\/el-valor-de-la-familia-naturalperooo-que-es-la-familia-natural\/"},"wordCount":176,"commentCount":0,"publisher":{"@id":"https:\/\/diariofemenino.com.ar\/df\/#organization"},"image":{"@id":"https:\/\/diariofemenino.com.ar\/df\/el-valor-de-la-familia-naturalperooo-que-es-la-familia-natural\/#primaryimage"},"thumbnailUrl":"","articleSection":["De la Revoluci\u00f3n al Reaprendizaje","Medios"],"inLanguage":"es","potentialAction":[{"@type":"CommentAction","name":"Comment","target":["https:\/\/diariofemenino.com.ar\/df\/el-valor-de-la-familia-naturalperooo-que-es-la-familia-natural\/#respond"]}]},{"@type":"WebPage","@id":"https:\/\/diariofemenino.com.ar\/df\/el-valor-de-la-familia-naturalperooo-que-es-la-familia-natural\/","url":"https:\/\/diariofemenino.com.ar\/df\/el-valor-de-la-familia-naturalperooo-que-es-la-familia-natural\/","name":"\u201cEl valor de la familia natural\u201d\u2026perooo, \u00bfqu\u00e9 es la \u201cfamilia natural\u201d? - Diario Digital Femenino","isPartOf":{"@id":"https:\/\/diariofemenino.com.ar\/df\/#website"},"primaryImageOfPage":{"@id":"https:\/\/diariofemenino.com.ar\/df\/el-valor-de-la-familia-naturalperooo-que-es-la-familia-natural\/#primaryimage"},"image":{"@id":"https:\/\/diariofemenino.com.ar\/df\/el-valor-de-la-familia-naturalperooo-que-es-la-familia-natural\/#primaryimage"},"thumbnailUrl":"","datePublished":"2012-05-18T15:01:39+00:00","breadcrumb":{"@id":"https:\/\/diariofemenino.com.ar\/df\/el-valor-de-la-familia-naturalperooo-que-es-la-familia-natural\/#breadcrumb"},"inLanguage":"es","potentialAction":[{"@type":"ReadAction","target":["https:\/\/diariofemenino.com.ar\/df\/el-valor-de-la-familia-naturalperooo-que-es-la-familia-natural\/"]}]},{"@type":"ImageObject","inLanguage":"es","@id":"https:\/\/diariofemenino.com.ar\/df\/el-valor-de-la-familia-naturalperooo-que-es-la-familia-natural\/#primaryimage","url":"","contentUrl":""},{"@type":"BreadcrumbList","@id":"https:\/\/diariofemenino.com.ar\/df\/el-valor-de-la-familia-naturalperooo-que-es-la-familia-natural\/#breadcrumb","itemListElement":[{"@type":"ListItem","position":1,"name":"Portada","item":"https:\/\/diariofemenino.com.ar\/df\/"},{"@type":"ListItem","position":2,"name":"\u201cEl valor de la familia natural\u201d\u2026perooo, \u00bfqu\u00e9 es la \u201cfamilia natural\u201d?"}]},{"@type":"WebSite","@id":"https:\/\/diariofemenino.com.ar\/df\/#website","url":"https:\/\/diariofemenino.com.ar\/df\/","name":"Diario Digital Femenino","description":"Cuesti\u00f3n de G\u00e9nero","publisher":{"@id":"https:\/\/diariofemenino.com.ar\/df\/#organization"},"potentialAction":[{"@type":"SearchAction","target":{"@type":"EntryPoint","urlTemplate":"https:\/\/diariofemenino.com.ar\/df\/?s={search_term_string}"},"query-input":{"@type":"PropertyValueSpecification","valueRequired":true,"valueName":"search_term_string"}}],"inLanguage":"es"},{"@type":"Organization","@id":"https:\/\/diariofemenino.com.ar\/df\/#organization","name":"Diario Femenino","url":"https:\/\/diariofemenino.com.ar\/df\/","logo":{"@type":"ImageObject","inLanguage":"es","@id":"https:\/\/diariofemenino.com.ar\/df\/#\/schema\/logo\/image\/","url":"https:\/\/diariofemenino.com.ar\/df\/wp-content\/uploads\/2018\/10\/logo.png","contentUrl":"https:\/\/diariofemenino.com.ar\/df\/wp-content\/uploads\/2018\/10\/logo.png","width":500,"height":92,"caption":"Diario Femenino"},"image":{"@id":"https:\/\/diariofemenino.com.ar\/df\/#\/schema\/logo\/image\/"},"sameAs":["https:\/\/www.facebook.com\/DiarioDigitaFemenino\/","https:\/\/x.com\/DiarioFemenino1"]},{"@type":"Person","@id":"https:\/\/diariofemenino.com.ar\/df\/#\/schema\/person\/38f54b3bfd13f561de2460ba95c169c6","name":"Admin","image":{"@type":"ImageObject","inLanguage":"es","@id":"https:\/\/diariofemenino.com.ar\/df\/wp-content\/uploads\/2018\/12\/favicon-150x150.jpg","url":"https:\/\/diariofemenino.com.ar\/df\/wp-content\/uploads\/2018\/12\/favicon-150x150.jpg","contentUrl":"https:\/\/diariofemenino.com.ar\/df\/wp-content\/uploads\/2018\/12\/favicon-150x150.jpg","caption":"Admin"},"url":"https:\/\/diariofemenino.com.ar\/df\/author\/adm18df\/"}]}},"jetpack_featured_media_url":"","jetpack_sharing_enabled":true,"rttpg_featured_image_url":null,"rttpg_author":{"display_name":"Admin","author_link":"https:\/\/diariofemenino.com.ar\/df\/author\/adm18df\/"},"rttpg_comment":0,"rttpg_category":"<a href=\"https:\/\/diariofemenino.com.ar\/df\/category\/de-la-revolucion-al-reaprendizaje\/\" rel=\"category tag\">De la Revoluci\u00f3n al Reaprendizaje<\/a> <a href=\"https:\/\/diariofemenino.com.ar\/df\/category\/medios\/\" rel=\"category tag\">Medios<\/a>","rttpg_excerpt":"Desde el 25 y al 27 de mayo se celebra en Madrid el Congreso Mundial de las Familias que defiende como \u00fanico modelo de familia el promovido desde la sociedad heteropatriarcal. Desde Feminismos Sol reivindicamos que hay m\u00faltiples formas de quererse, cuidarse y convivir y \u00a1queremos conocer la tuya\u00a1 De todos pelajes, colores, olores y&hellip;","_links":{"self":[{"href":"https:\/\/diariofemenino.com.ar\/df\/wp-json\/wp\/v2\/posts\/882","targetHints":{"allow":["GET"]}}],"collection":[{"href":"https:\/\/diariofemenino.com.ar\/df\/wp-json\/wp\/v2\/posts"}],"about":[{"href":"https:\/\/diariofemenino.com.ar\/df\/wp-json\/wp\/v2\/types\/post"}],"author":[{"embeddable":true,"href":"https:\/\/diariofemenino.com.ar\/df\/wp-json\/wp\/v2\/users\/1"}],"replies":[{"embeddable":true,"href":"https:\/\/diariofemenino.com.ar\/df\/wp-json\/wp\/v2\/comments?post=882"}],"version-history":[{"count":0,"href":"https:\/\/diariofemenino.com.ar\/df\/wp-json\/wp\/v2\/posts\/882\/revisions"}],"wp:featuredmedia":[{"embeddable":true,"href":"https:\/\/diariofemenino.com.ar\/df\/wp-json\/"}],"wp:attachment":[{"href":"https:\/\/diariofemenino.com.ar\/df\/wp-json\/wp\/v2\/media?parent=882"}],"wp:term":[{"taxonomy":"category","embeddable":true,"href":"https:\/\/diariofemenino.com.ar\/df\/wp-json\/wp\/v2\/categories?post=882"},{"taxonomy":"post_tag","embeddable":true,"href":"https:\/\/diariofemenino.com.ar\/df\/wp-json\/wp\/v2\/tags?post=882"}],"curies":[{"name":"wp","href":"https:\/\/api.w.org\/{rel}","templated":true}]}}