{"id":76081,"date":"2026-09-04T11:34:25","date_gmt":"2026-09-04T14:34:25","guid":{"rendered":"https:\/\/diariofemenino.com.ar\/df\/?p=76081"},"modified":"2026-09-04T11:34:25","modified_gmt":"2026-09-04T14:34:25","slug":"presentaron-tesis-sobre-femicidios-y-medios-de-comunicacion","status":"publish","type":"post","link":"https:\/\/diariofemenino.com.ar\/df\/presentaron-tesis-sobre-femicidios-y-medios-de-comunicacion\/","title":{"rendered":"Presentaron tesis sobre femicidios y medios de comunicaci\u00f3n"},"content":{"rendered":"<p><strong>Una docente e investigadora de la UNLPam present\u00f3 su tesis doctoral, en la que analiza c\u00f3mo la prensa gr\u00e1fica pampeana represent\u00f3 los femicidios de Andrea L\u00f3pez, Sof\u00eda Viale y Carla Figueroa, tres casos que tuvieron una amplia repercusi\u00f3n regional y nacional<\/strong><\/p>\n<figure id=\"attachment_76086\" aria-describedby=\"caption-attachment-76086\" style=\"width: 277px\" class=\"wp-caption alignleft\"><img loading=\"lazy\" decoding=\"async\" class=\" wp-image-76086\" src=\"https:\/\/diariofemenino.com.ar\/df\/wp-content\/uploads\/2026\/09\/FOTO-SOLE-3-1.webp\" alt=\"Presentaron tesis sobre femicidios y medios de comunicaci\u00f3n\" width=\"277\" height=\"368\" srcset=\"https:\/\/diariofemenino.com.ar\/df\/wp-content\/uploads\/2026\/09\/FOTO-SOLE-3-1.webp 535w, https:\/\/diariofemenino.com.ar\/df\/wp-content\/uploads\/2026\/09\/FOTO-SOLE-3-1-226x300.webp 226w\" sizes=\"auto, (max-width: 277px) 100vw, 277px\" \/><figcaption id=\"caption-attachment-76086\" class=\"wp-caption-text\">Presentaron tesis sobre femicidios y medios de comunicaci\u00f3n<\/figcaption><\/figure>\n<p>Recientemente, <a href=\"https:\/\/www.instagram.com\/sgarciageneroymedios\/\">Mar\u00eda Soledad Garc\u00eda<\/a>, docente de la Licenciatura en Comunicaci\u00f3n Social de la Universidad Nacional de La Pampa (UNLPam) e integrante del <a href=\"https:\/\/www.instagram.com\/iieg.unlpam\/\">Instituto Interdisciplinario de Estudios de G\u00e9neros<\/a> (IIEG), defendi\u00f3 su tesis doctoral titulada \u201cLa construcci\u00f3n period\u00edstica de los femicidios en los medios de comunicaci\u00f3n gr\u00e1ficos de La Pampa, Argentina, 2004-2014\u201d. La autora realiz\u00f3 el Doctorado en Ciencias Sociales en la Universidad Nacional de R\u00edo Cuarto y desarroll\u00f3 su investigaci\u00f3n con una beca del Consejo Nacional de Investigaciones Cient\u00edficas y T\u00e9cnicas (CONICET).<\/p>\n<p>La investigaci\u00f3n analiza el v\u00ednculo entre la prensa y las tem\u00e1ticas de g\u00e9nero en La Pampa, y focaliza en las coberturas de los femicidios de Andrea L\u00f3pez, Carla Figueroa y Sof\u00eda Viale, tres casos que conmocionaron a la sociedad pampeana y alcanzaron repercusi\u00f3n nacional. El per\u00edodo estudiado, entre 2004 y 2014, comprende los tres hechos y sus respectivos procesos judiciales, mientras que el an\u00e1lisis se concentra en La Arena y El Diario de La Pampa, por su relevancia en la construcci\u00f3n de la agenda informativa provincial.<\/p>\n<p><strong>Tres dimensiones de an\u00e1lisis<\/strong><\/p>\n<p>\u201cMuchos de los trabajos que han abordado tem\u00e1ticas similares se han centrado en el an\u00e1lisis textual. En mi caso, decid\u00ed avanzar un poco m\u00e1s e indagar otros factores que, a mi entender, se relacionaban directamente con la construcci\u00f3n de las noticias\u201d, coment\u00f3 Garc\u00eda. En ese sentido, la autora consider\u00f3 necesario abordar tres dimensiones relacionadas con el fin de realizar un trabajo de mayor profundidad. As\u00ed, la tesis abord\u00f3 la construcci\u00f3n de las noticias desde una perspectiva que incluy\u00f3 tanto el proceso de producci\u00f3n period\u00edstica como la intervenci\u00f3n de distintos actores sociales y los textos finalmente publicados. \u201cDesde esta mirada, la producci\u00f3n de las noticias se entiende como un proceso colectivo en el que intervienen diversos actores sociales, cuyas acciones e intereses inciden en los discursos que finalmente llegan a los medios\u201d, explic\u00f3 la docente de la UNLPam.<\/p>\n<p>Para la realizaci\u00f3n del trabajo se analizaron 150 art\u00edculos period\u00edsticos de los diarios seleccionados, que incluyeron noticias, notas de opini\u00f3n y otros formatos. Adem\u00e1s, se realizaron veinte entrevistas a periodistas, organizaciones feministas, sindicato de prensa y distintos poderes del Estado.<\/p>\n<p>La tesis destaca el papel de las organizaciones de mujeres que luchan contra la violencia sexista en la visibilizaci\u00f3n de los femicidios y en el cuestionamiento de los discursos y estereotipos de g\u00e9nero presentes en los medios. Estas agrupaciones, sostiene Mar\u00eda Soledad Garc\u00eda, no solo buscan que sus acciones tengan difusi\u00f3n, sino que tambi\u00e9n promueven cambios en la manera de abordar period\u00edsticamente estas violencias, desde el uso del lenguaje hasta las perspectivas de g\u00e9nero con las que se construyen las noticias. En este proceso, tuvieron un papel relevante organizaciones de profesionales de la comunicaci\u00f3n, como la Red PAR.<\/p>\n<p><strong><em>(Clic en la imagen)<a href=\"https:\/\/www.mercadolibre.com.ar\/violencia-simbolica-en-la-comunicacion-guia-practica\/up\/MLAU4038757620?pdp_filters=item_id:MLA1810342575\"><img decoding=\"async\" class=\"aligncenter\" src=\"https:\/\/diariofemenino.com.ar\/df\/wp-content\/uploads\/2026\/07\/Guia-2-1-1-240x300.webp\" \/><\/a><\/em><\/strong><strong>Principales hallazgos<\/strong>.<\/p>\n<p>El an\u00e1lisis de un per\u00edodo extenso permiti\u00f3 identificar transformaciones en el modo en que los medios pampeanos representan los femicidios y las violencias contra las mujeres. Los cambios estuvieron vinculados, en buena medida, con la intervenci\u00f3n de organizaciones feministas y otros actores sociales, y se reflejaron especialmente en el lenguaje utilizado.<\/p>\n<p>Sin embargo, la investigaci\u00f3n demuestra que estos cambios fueron parciales y no implicaron una transformaci\u00f3n estructural del discurso period\u00edstico. Persistieron el binarismo de g\u00e9nero y estereotipos sexistas que contribuyen a reproducir y legitimar distintas formas de violencia contra las mujeres. Aun as\u00ed, la incidencia de las organizaciones y otros actores sociales result\u00f3 fundamental para instalar estas problem\u00e1ticas en la agenda p\u00fablica y medi\u00e1tica, favorecer su visibilizaci\u00f3n y cuestionar las formas tradicionales de representarlas.<\/p>\n<p><strong>Accede a la tesis completa a trav\u00e9s de la portada.<br \/>\n<\/strong><\/p>\n<p><strong><a href=\"https:\/\/diariofemenino.com.ar\/df\/wp-content\/uploads\/2026\/09\/TESIS-MARIA-SOLEDAD-GARCIA.pdf\"><img loading=\"lazy\" decoding=\"async\" class=\"wp-image-76084 alignleft\" src=\"https:\/\/diariofemenino.com.ar\/df\/wp-content\/uploads\/2026\/09\/Tesis-Soledad-1.webp\" alt=\"\" width=\"359\" height=\"466\" srcset=\"https:\/\/diariofemenino.com.ar\/df\/wp-content\/uploads\/2026\/09\/Tesis-Soledad-1.webp 439w, https:\/\/diariofemenino.com.ar\/df\/wp-content\/uploads\/2026\/09\/Tesis-Soledad-1-231x300.webp 231w\" sizes=\"auto, (max-width: 359px) 100vw, 359px\" \/><\/a><\/strong><\/p>\n<div>\n<div>\n<blockquote><p>&nbsp;<\/p>\n<p>&nbsp;<\/p>\n<p>&nbsp;<\/p>\n<p>&nbsp;<\/p>\n<p>&nbsp;<\/p>\n<p>&nbsp;<\/p>\n<p>&nbsp;<\/p>\n<p>&nbsp;<\/p>\n<p>&nbsp;<\/p><\/blockquote>\n<\/div>\n<\/div>\n<p>&nbsp;<\/p>\n<p>&nbsp;<\/p>\n<div>\n<div>\n<blockquote><p><strong>Colabora con Diario Digital Femenino<\/strong><br \/>\n$3.000 por mes (sosten\u00e9s a largo plazo)\u00a0<strong><a href=\"https:\/\/www.mercadopago.com.ar\/subscriptions\/checkout\/v2?preapproval_plan_id=2c93808496ae4a940196b01559a4004f\">AQU\u00cd<\/a><\/strong><br \/>\nUna vez al a\u00f1o, vos decid\u00eds el monto (un gesto, una ayuda concreta)\u00a0<strong><a href=\"https:\/\/www.mercadopago.com.ar\/subscriptions\/checkout?preapproval_plan_id=2c938084981e9ee501982d4490280459\">AQU\u00cd<\/a><\/strong><br \/>\nPor \u00fanica vez, el monto que decidas.\u00a0<strong>Alias: Lenny.Caceres<\/strong><\/p><\/blockquote>\n<\/div>\n<\/div>\n<p>&nbsp;<\/p>\n<blockquote><p><strong>Seguinos en Instagram. Diario Digital Femenino:\u00a0<a href=\"https:\/\/www.instagram.com\/diariodigitalfemenino_\/\">@diariodigitalfemenino_<\/a><br \/>\nLenny C\u00e1ceres:\u00a0<a href=\"https:\/\/www.instagram.com\/lennycaceres69\/\">@lennycaceres69<\/a><br \/>\nFacebook:\u00a0<a href=\"https:\/\/www.facebook.com\/DiarioDigitalFemenino\/\">Diario Digital Femenino<\/a><br \/>\nTikTok;\u00a0<a href=\"https:\/\/www.tiktok.com\/@diariodigitalfemenino\">diariodigitalfemenino<\/a><\/strong><\/p><\/blockquote>\n<p><strong>\u00a0<\/strong><\/p>\n","protected":false},"excerpt":{"rendered":"<p>Una docente e investigadora de la UNLPam present\u00f3 su tesis doctoral, en la que analiza c\u00f3mo la prensa gr\u00e1fica pampeana represent\u00f3 los femicidios de Andrea L\u00f3pez, Sof\u00eda Viale y Carla Figueroa, tres casos que tuvieron una amplia repercusi\u00f3n regional y nacional Recientemente, Mar\u00eda Soledad Garc\u00eda, docente de la Licenciatura en Comunicaci\u00f3n Social de la Universidad [&hellip;]<\/p>\n","protected":false},"author":4,"featured_media":76082,"comment_status":"open","ping_status":"open","sticky":false,"template":"","format":"standard","meta":{"iawp_total_views":28,"footnotes":"","jetpack_post_was_ever_published":false},"categories":[7,1067,178,19,182,627,4,1251,6,21,592],"tags":[265,4372,66,3365,7709,162,7708],"class_list":["post-76081","post","type-post","status-publish","format-standard","has-post-thumbnail","hentry","category-actividades","category-agenda-feminista","category-articulos-y-comunicados","category-biblioteca","category-informes","category-genero-y-derechos-humanos","category-medios","category-mujeres-de-la-pampa","category-articulos","category-noticias","category-violencias","tag-unlpam","tag-destacada","tag-femicidios","tag-instituto-interdisciplinario-de-estudios-de-generos","tag-maria-soledad-garcia","tag-medios-de-comunicacion","tag-tesis-doctoral"],"nelio_content":{"autoShareEndMode":"never","automationSources":{"useCustomSentences":false,"customSentences":[]},"efiAlt":"","efiUrl":"","followers":[4],"highlights":[],"isAutoShareEnabled":true,"networkImageIds":[],"permalinkQueryArgs":[],"series":[],"suggestedReferences":[]},"yoast_head":"<!-- This site is optimized with the Yoast SEO plugin v28.4 - https:\/\/yoast.com\/product\/yoast-seo-wordpress\/ -->\n<title>Presentaron tesis sobre femicidios y medios de comunicaci\u00f3n - Diario Digital Femenino<\/title>\n<meta name=\"description\" content=\"Presentaron tesis sobre femicidios. Mar\u00eda Soledad Garc\u00eda, defendi\u00f3 su tesis doctoral \u201cLa construcci\u00f3n period\u00edstica de los femicidios...&quot;\" \/>\n<meta name=\"robots\" content=\"index, follow, max-snippet:-1, max-image-preview:large, max-video-preview:-1\" \/>\n<link rel=\"canonical\" href=\"https:\/\/diariofemenino.com.ar\/df\/presentaron-tesis-sobre-femicidios-y-medios-de-comunicacion\/\" \/>\n<meta property=\"og:locale\" content=\"es_ES\" \/>\n<meta property=\"og:type\" content=\"article\" \/>\n<meta property=\"og:title\" content=\"Presentaron tesis sobre femicidios y medios de comunicaci\u00f3n - Diario Digital Femenino\" \/>\n<meta property=\"og:description\" content=\"Presentaron tesis sobre femicidios. Mar\u00eda Soledad Garc\u00eda, defendi\u00f3 su tesis doctoral \u201cLa construcci\u00f3n period\u00edstica de los femicidios...&quot;\" \/>\n<meta property=\"og:url\" content=\"https:\/\/diariofemenino.com.ar\/df\/presentaron-tesis-sobre-femicidios-y-medios-de-comunicacion\/\" \/>\n<meta property=\"og:site_name\" content=\"Diario Digital Femenino\" \/>\n<meta property=\"article:publisher\" content=\"https:\/\/www.facebook.com\/DiarioDigitaFemenino\/\" \/>\n<meta property=\"article:published_time\" content=\"2026-09-04T14:34:25+00:00\" \/>\n<meta property=\"og:image\" content=\"https:\/\/diariofemenino.com.ar\/df\/wp-content\/uploads\/2026\/09\/SOLE-FOTO-1.webp\" \/>\n\t<meta property=\"og:image:width\" content=\"846\" \/>\n\t<meta property=\"og:image:height\" content=\"674\" \/>\n\t<meta property=\"og:image:type\" content=\"image\/webp\" \/>\n<meta name=\"author\" content=\"Admin\" \/>\n<meta name=\"twitter:card\" content=\"summary_large_image\" \/>\n<meta name=\"twitter:creator\" content=\"@DiarioFemenino1\" \/>\n<meta name=\"twitter:site\" content=\"@DiarioFemenino1\" \/>\n<meta name=\"twitter:label1\" content=\"Escrito por\" \/>\n\t<meta name=\"twitter:data1\" content=\"Admin\" \/>\n\t<meta name=\"twitter:label2\" content=\"Tiempo de lectura\" \/>\n\t<meta name=\"twitter:data2\" content=\"4 minutos\" \/>\n<script type=\"application\/ld+json\" class=\"yoast-schema-graph\">{\"@context\":\"https:\\\/\\\/schema.org\",\"@graph\":[{\"@type\":\"Article\",\"@id\":\"https:\\\/\\\/diariofemenino.com.ar\\\/df\\\/presentaron-tesis-sobre-femicidios-y-medios-de-comunicacion\\\/#article\",\"isPartOf\":{\"@id\":\"https:\\\/\\\/diariofemenino.com.ar\\\/df\\\/presentaron-tesis-sobre-femicidios-y-medios-de-comunicacion\\\/\"},\"author\":{\"name\":\"Admin\",\"@id\":\"https:\\\/\\\/diariofemenino.com.ar\\\/df\\\/#\\\/schema\\\/person\\\/bf6199e8158c657ea6f789b11ec85509\"},\"headline\":\"Presentaron tesis sobre femicidios y medios de comunicaci\u00f3n\",\"datePublished\":\"2026-09-04T14:34:25+00:00\",\"mainEntityOfPage\":{\"@id\":\"https:\\\/\\\/diariofemenino.com.ar\\\/df\\\/presentaron-tesis-sobre-femicidios-y-medios-de-comunicacion\\\/\"},\"wordCount\":782,\"commentCount\":0,\"publisher\":{\"@id\":\"https:\\\/\\\/diariofemenino.com.ar\\\/df\\\/#organization\"},\"image\":{\"@id\":\"https:\\\/\\\/diariofemenino.com.ar\\\/df\\\/presentaron-tesis-sobre-femicidios-y-medios-de-comunicacion\\\/#primaryimage\"},\"thumbnailUrl\":\"https:\\\/\\\/diariofemenino.com.ar\\\/df\\\/wp-content\\\/uploads\\\/2026\\\/09\\\/SOLE-FOTO-1.webp\",\"keywords\":[\"#unlpam\",\"Destacada\",\"Femicidios\",\"Instituto Interdisciplinario de Estudios de G\u00e9neros\",\"Mar\u00eda Soledad Garc\u00eda\",\"Medios de Comunicaci\u00f3n\",\"Tesis doctoral\"],\"articleSection\":[\"Actividades\",\"Agenda Feminista\",\"Art\u00edculos y Comunicados\",\"Biblioteca Virtual\",\"Informes\",\"Inst. Interdisciplinario de Estudios de G\u00e9neros\",\"Medios\",\"Mujeres de La Pampa\",\"Mujeres en Palabras\",\"Noticias\",\"Violencias\"],\"inLanguage\":\"es\",\"potentialAction\":[{\"@type\":\"CommentAction\",\"name\":\"Comment\",\"target\":[\"https:\\\/\\\/diariofemenino.com.ar\\\/df\\\/presentaron-tesis-sobre-femicidios-y-medios-de-comunicacion\\\/#respond\"]}]},{\"@type\":\"WebPage\",\"@id\":\"https:\\\/\\\/diariofemenino.com.ar\\\/df\\\/presentaron-tesis-sobre-femicidios-y-medios-de-comunicacion\\\/\",\"url\":\"https:\\\/\\\/diariofemenino.com.ar\\\/df\\\/presentaron-tesis-sobre-femicidios-y-medios-de-comunicacion\\\/\",\"name\":\"Presentaron tesis sobre femicidios y medios de comunicaci\u00f3n - Diario Digital Femenino\",\"isPartOf\":{\"@id\":\"https:\\\/\\\/diariofemenino.com.ar\\\/df\\\/#website\"},\"primaryImageOfPage\":{\"@id\":\"https:\\\/\\\/diariofemenino.com.ar\\\/df\\\/presentaron-tesis-sobre-femicidios-y-medios-de-comunicacion\\\/#primaryimage\"},\"image\":{\"@id\":\"https:\\\/\\\/diariofemenino.com.ar\\\/df\\\/presentaron-tesis-sobre-femicidios-y-medios-de-comunicacion\\\/#primaryimage\"},\"thumbnailUrl\":\"https:\\\/\\\/diariofemenino.com.ar\\\/df\\\/wp-content\\\/uploads\\\/2026\\\/09\\\/SOLE-FOTO-1.webp\",\"datePublished\":\"2026-09-04T14:34:25+00:00\",\"description\":\"Presentaron tesis sobre femicidios. Mar\u00eda Soledad Garc\u00eda, defendi\u00f3 su tesis doctoral \u201cLa construcci\u00f3n period\u00edstica de los femicidios...\\\"\",\"breadcrumb\":{\"@id\":\"https:\\\/\\\/diariofemenino.com.ar\\\/df\\\/presentaron-tesis-sobre-femicidios-y-medios-de-comunicacion\\\/#breadcrumb\"},\"inLanguage\":\"es\",\"potentialAction\":[{\"@type\":\"ReadAction\",\"target\":[\"https:\\\/\\\/diariofemenino.com.ar\\\/df\\\/presentaron-tesis-sobre-femicidios-y-medios-de-comunicacion\\\/\"]}]},{\"@type\":\"ImageObject\",\"inLanguage\":\"es\",\"@id\":\"https:\\\/\\\/diariofemenino.com.ar\\\/df\\\/presentaron-tesis-sobre-femicidios-y-medios-de-comunicacion\\\/#primaryimage\",\"url\":\"https:\\\/\\\/diariofemenino.com.ar\\\/df\\\/wp-content\\\/uploads\\\/2026\\\/09\\\/SOLE-FOTO-1.webp\",\"contentUrl\":\"https:\\\/\\\/diariofemenino.com.ar\\\/df\\\/wp-content\\\/uploads\\\/2026\\\/09\\\/SOLE-FOTO-1.webp\",\"width\":846,\"height\":674,\"caption\":\"Presentaron tesis sobre femicidios y medios de comunicaci\u00f3n\"},{\"@type\":\"BreadcrumbList\",\"@id\":\"https:\\\/\\\/diariofemenino.com.ar\\\/df\\\/presentaron-tesis-sobre-femicidios-y-medios-de-comunicacion\\\/#breadcrumb\",\"itemListElement\":[{\"@type\":\"ListItem\",\"position\":1,\"name\":\"Portada\",\"item\":\"https:\\\/\\\/diariofemenino.com.ar\\\/df\\\/\"},{\"@type\":\"ListItem\",\"position\":2,\"name\":\"Presentaron tesis sobre femicidios y medios de comunicaci\u00f3n\"}]},{\"@type\":\"WebSite\",\"@id\":\"https:\\\/\\\/diariofemenino.com.ar\\\/df\\\/#website\",\"url\":\"https:\\\/\\\/diariofemenino.com.ar\\\/df\\\/\",\"name\":\"Diario Digital Femenino\",\"description\":\"Cuesti\u00f3n de G\u00e9nero\",\"publisher\":{\"@id\":\"https:\\\/\\\/diariofemenino.com.ar\\\/df\\\/#organization\"},\"potentialAction\":[{\"@type\":\"SearchAction\",\"target\":{\"@type\":\"EntryPoint\",\"urlTemplate\":\"https:\\\/\\\/diariofemenino.com.ar\\\/df\\\/?s={search_term_string}\"},\"query-input\":{\"@type\":\"PropertyValueSpecification\",\"valueRequired\":true,\"valueName\":\"search_term_string\"}}],\"inLanguage\":\"es\"},{\"@type\":\"Organization\",\"@id\":\"https:\\\/\\\/diariofemenino.com.ar\\\/df\\\/#organization\",\"name\":\"Diario Femenino\",\"url\":\"https:\\\/\\\/diariofemenino.com.ar\\\/df\\\/\",\"logo\":{\"@type\":\"ImageObject\",\"inLanguage\":\"es\",\"@id\":\"https:\\\/\\\/diariofemenino.com.ar\\\/df\\\/#\\\/schema\\\/logo\\\/image\\\/\",\"url\":\"https:\\\/\\\/diariofemenino.com.ar\\\/df\\\/wp-content\\\/uploads\\\/2018\\\/10\\\/logo.png\",\"contentUrl\":\"https:\\\/\\\/diariofemenino.com.ar\\\/df\\\/wp-content\\\/uploads\\\/2018\\\/10\\\/logo.png\",\"width\":500,\"height\":92,\"caption\":\"Diario Femenino\"},\"image\":{\"@id\":\"https:\\\/\\\/diariofemenino.com.ar\\\/df\\\/#\\\/schema\\\/logo\\\/image\\\/\"},\"sameAs\":[\"https:\\\/\\\/www.facebook.com\\\/DiarioDigitaFemenino\\\/\",\"https:\\\/\\\/x.com\\\/DiarioFemenino1\"]},{\"@type\":\"Person\",\"@id\":\"https:\\\/\\\/diariofemenino.com.ar\\\/df\\\/#\\\/schema\\\/person\\\/bf6199e8158c657ea6f789b11ec85509\",\"name\":\"Admin\",\"image\":{\"@type\":\"ImageObject\",\"inLanguage\":\"es\",\"@id\":\"https:\\\/\\\/diariofemenino.com.ar\\\/df\\\/wp-content\\\/uploads\\\/2018\\\/12\\\/favicon-150x150.jpg\",\"url\":\"https:\\\/\\\/diariofemenino.com.ar\\\/df\\\/wp-content\\\/uploads\\\/2018\\\/12\\\/favicon-150x150.jpg\",\"contentUrl\":\"https:\\\/\\\/diariofemenino.com.ar\\\/df\\\/wp-content\\\/uploads\\\/2018\\\/12\\\/favicon-150x150.jpg\",\"caption\":\"Admin\"},\"url\":\"https:\\\/\\\/diariofemenino.com.ar\\\/df\\\/author\\\/lenny\\\/\"}]}<\/script>\n<!-- \/ Yoast SEO plugin. -->","yoast_head_json":{"title":"Presentaron tesis sobre femicidios y medios de comunicaci\u00f3n - Diario Digital Femenino","description":"Presentaron tesis sobre femicidios. Mar\u00eda Soledad Garc\u00eda, defendi\u00f3 su tesis doctoral \u201cLa construcci\u00f3n period\u00edstica de los femicidios...\"","robots":{"index":"index","follow":"follow","max-snippet":"max-snippet:-1","max-image-preview":"max-image-preview:large","max-video-preview":"max-video-preview:-1"},"canonical":"https:\/\/diariofemenino.com.ar\/df\/presentaron-tesis-sobre-femicidios-y-medios-de-comunicacion\/","og_locale":"es_ES","og_type":"article","og_title":"Presentaron tesis sobre femicidios y medios de comunicaci\u00f3n - Diario Digital Femenino","og_description":"Presentaron tesis sobre femicidios. Mar\u00eda Soledad Garc\u00eda, defendi\u00f3 su tesis doctoral \u201cLa construcci\u00f3n period\u00edstica de los femicidios...\"","og_url":"https:\/\/diariofemenino.com.ar\/df\/presentaron-tesis-sobre-femicidios-y-medios-de-comunicacion\/","og_site_name":"Diario Digital Femenino","article_publisher":"https:\/\/www.facebook.com\/DiarioDigitaFemenino\/","article_published_time":"2026-09-04T14:34:25+00:00","og_image":[{"width":846,"height":674,"url":"https:\/\/diariofemenino.com.ar\/df\/wp-content\/uploads\/2026\/09\/SOLE-FOTO-1.webp","type":"image\/webp"}],"author":"Admin","twitter_card":"summary_large_image","twitter_creator":"@DiarioFemenino1","twitter_site":"@DiarioFemenino1","twitter_misc":{"Escrito por":"Admin","Tiempo de lectura":"4 minutos"},"schema":{"@context":"https:\/\/schema.org","@graph":[{"@type":"Article","@id":"https:\/\/diariofemenino.com.ar\/df\/presentaron-tesis-sobre-femicidios-y-medios-de-comunicacion\/#article","isPartOf":{"@id":"https:\/\/diariofemenino.com.ar\/df\/presentaron-tesis-sobre-femicidios-y-medios-de-comunicacion\/"},"author":{"name":"Admin","@id":"https:\/\/diariofemenino.com.ar\/df\/#\/schema\/person\/bf6199e8158c657ea6f789b11ec85509"},"headline":"Presentaron tesis sobre femicidios y medios de comunicaci\u00f3n","datePublished":"2026-09-04T14:34:25+00:00","mainEntityOfPage":{"@id":"https:\/\/diariofemenino.com.ar\/df\/presentaron-tesis-sobre-femicidios-y-medios-de-comunicacion\/"},"wordCount":782,"commentCount":0,"publisher":{"@id":"https:\/\/diariofemenino.com.ar\/df\/#organization"},"image":{"@id":"https:\/\/diariofemenino.com.ar\/df\/presentaron-tesis-sobre-femicidios-y-medios-de-comunicacion\/#primaryimage"},"thumbnailUrl":"https:\/\/diariofemenino.com.ar\/df\/wp-content\/uploads\/2026\/09\/SOLE-FOTO-1.webp","keywords":["#unlpam","Destacada","Femicidios","Instituto Interdisciplinario de Estudios de G\u00e9neros","Mar\u00eda Soledad Garc\u00eda","Medios de Comunicaci\u00f3n","Tesis doctoral"],"articleSection":["Actividades","Agenda Feminista","Art\u00edculos y Comunicados","Biblioteca Virtual","Informes","Inst. Interdisciplinario de Estudios de G\u00e9neros","Medios","Mujeres de La Pampa","Mujeres en Palabras","Noticias","Violencias"],"inLanguage":"es","potentialAction":[{"@type":"CommentAction","name":"Comment","target":["https:\/\/diariofemenino.com.ar\/df\/presentaron-tesis-sobre-femicidios-y-medios-de-comunicacion\/#respond"]}]},{"@type":"WebPage","@id":"https:\/\/diariofemenino.com.ar\/df\/presentaron-tesis-sobre-femicidios-y-medios-de-comunicacion\/","url":"https:\/\/diariofemenino.com.ar\/df\/presentaron-tesis-sobre-femicidios-y-medios-de-comunicacion\/","name":"Presentaron tesis sobre femicidios y medios de comunicaci\u00f3n - Diario Digital Femenino","isPartOf":{"@id":"https:\/\/diariofemenino.com.ar\/df\/#website"},"primaryImageOfPage":{"@id":"https:\/\/diariofemenino.com.ar\/df\/presentaron-tesis-sobre-femicidios-y-medios-de-comunicacion\/#primaryimage"},"image":{"@id":"https:\/\/diariofemenino.com.ar\/df\/presentaron-tesis-sobre-femicidios-y-medios-de-comunicacion\/#primaryimage"},"thumbnailUrl":"https:\/\/diariofemenino.com.ar\/df\/wp-content\/uploads\/2026\/09\/SOLE-FOTO-1.webp","datePublished":"2026-09-04T14:34:25+00:00","description":"Presentaron tesis sobre femicidios. Mar\u00eda Soledad Garc\u00eda, defendi\u00f3 su tesis doctoral \u201cLa construcci\u00f3n period\u00edstica de los femicidios...\"","breadcrumb":{"@id":"https:\/\/diariofemenino.com.ar\/df\/presentaron-tesis-sobre-femicidios-y-medios-de-comunicacion\/#breadcrumb"},"inLanguage":"es","potentialAction":[{"@type":"ReadAction","target":["https:\/\/diariofemenino.com.ar\/df\/presentaron-tesis-sobre-femicidios-y-medios-de-comunicacion\/"]}]},{"@type":"ImageObject","inLanguage":"es","@id":"https:\/\/diariofemenino.com.ar\/df\/presentaron-tesis-sobre-femicidios-y-medios-de-comunicacion\/#primaryimage","url":"https:\/\/diariofemenino.com.ar\/df\/wp-content\/uploads\/2026\/09\/SOLE-FOTO-1.webp","contentUrl":"https:\/\/diariofemenino.com.ar\/df\/wp-content\/uploads\/2026\/09\/SOLE-FOTO-1.webp","width":846,"height":674,"caption":"Presentaron tesis sobre femicidios y medios de comunicaci\u00f3n"},{"@type":"BreadcrumbList","@id":"https:\/\/diariofemenino.com.ar\/df\/presentaron-tesis-sobre-femicidios-y-medios-de-comunicacion\/#breadcrumb","itemListElement":[{"@type":"ListItem","position":1,"name":"Portada","item":"https:\/\/diariofemenino.com.ar\/df\/"},{"@type":"ListItem","position":2,"name":"Presentaron tesis sobre femicidios y medios de comunicaci\u00f3n"}]},{"@type":"WebSite","@id":"https:\/\/diariofemenino.com.ar\/df\/#website","url":"https:\/\/diariofemenino.com.ar\/df\/","name":"Diario Digital Femenino","description":"Cuesti\u00f3n de G\u00e9nero","publisher":{"@id":"https:\/\/diariofemenino.com.ar\/df\/#organization"},"potentialAction":[{"@type":"SearchAction","target":{"@type":"EntryPoint","urlTemplate":"https:\/\/diariofemenino.com.ar\/df\/?s={search_term_string}"},"query-input":{"@type":"PropertyValueSpecification","valueRequired":true,"valueName":"search_term_string"}}],"inLanguage":"es"},{"@type":"Organization","@id":"https:\/\/diariofemenino.com.ar\/df\/#organization","name":"Diario Femenino","url":"https:\/\/diariofemenino.com.ar\/df\/","logo":{"@type":"ImageObject","inLanguage":"es","@id":"https:\/\/diariofemenino.com.ar\/df\/#\/schema\/logo\/image\/","url":"https:\/\/diariofemenino.com.ar\/df\/wp-content\/uploads\/2018\/10\/logo.png","contentUrl":"https:\/\/diariofemenino.com.ar\/df\/wp-content\/uploads\/2018\/10\/logo.png","width":500,"height":92,"caption":"Diario Femenino"},"image":{"@id":"https:\/\/diariofemenino.com.ar\/df\/#\/schema\/logo\/image\/"},"sameAs":["https:\/\/www.facebook.com\/DiarioDigitaFemenino\/","https:\/\/x.com\/DiarioFemenino1"]},{"@type":"Person","@id":"https:\/\/diariofemenino.com.ar\/df\/#\/schema\/person\/bf6199e8158c657ea6f789b11ec85509","name":"Admin","image":{"@type":"ImageObject","inLanguage":"es","@id":"https:\/\/diariofemenino.com.ar\/df\/wp-content\/uploads\/2018\/12\/favicon-150x150.jpg","url":"https:\/\/diariofemenino.com.ar\/df\/wp-content\/uploads\/2018\/12\/favicon-150x150.jpg","contentUrl":"https:\/\/diariofemenino.com.ar\/df\/wp-content\/uploads\/2018\/12\/favicon-150x150.jpg","caption":"Admin"},"url":"https:\/\/diariofemenino.com.ar\/df\/author\/lenny\/"}]}},"jetpack_sharing_enabled":true,"jetpack_featured_media_url":"https:\/\/diariofemenino.com.ar\/df\/wp-content\/uploads\/2026\/09\/SOLE-FOTO-1.webp","rttpg_featured_image_url":{"full":["https:\/\/diariofemenino.com.ar\/df\/wp-content\/uploads\/2026\/09\/SOLE-FOTO-1.webp",846,674,false],"landscape":["https:\/\/diariofemenino.com.ar\/df\/wp-content\/uploads\/2026\/09\/SOLE-FOTO-1.webp",846,674,false],"portraits":["https:\/\/diariofemenino.com.ar\/df\/wp-content\/uploads\/2026\/09\/SOLE-FOTO-1.webp",846,674,false],"thumbnail":["https:\/\/diariofemenino.com.ar\/df\/wp-content\/uploads\/2026\/09\/SOLE-FOTO-1-150x150.webp",150,150,true],"medium":["https:\/\/diariofemenino.com.ar\/df\/wp-content\/uploads\/2026\/09\/SOLE-FOTO-1-300x239.webp",300,239,true],"large":["https:\/\/diariofemenino.com.ar\/df\/wp-content\/uploads\/2026\/09\/SOLE-FOTO-1.webp",846,674,false],"1536x1536":["https:\/\/diariofemenino.com.ar\/df\/wp-content\/uploads\/2026\/09\/SOLE-FOTO-1.webp",846,674,false],"2048x2048":["https:\/\/diariofemenino.com.ar\/df\/wp-content\/uploads\/2026\/09\/SOLE-FOTO-1.webp",846,674,false]},"rttpg_author":{"display_name":"Admin","author_link":"https:\/\/diariofemenino.com.ar\/df\/author\/lenny\/"},"rttpg_comment":0,"rttpg_category":"<a href=\"https:\/\/diariofemenino.com.ar\/df\/category\/actividades\/\" rel=\"category tag\">Actividades<\/a> <a href=\"https:\/\/diariofemenino.com.ar\/df\/category\/agenda-feminista\/\" rel=\"category tag\">Agenda Feminista<\/a> <a href=\"https:\/\/diariofemenino.com.ar\/df\/category\/articulos-y-comunicados\/\" rel=\"category tag\">Art\u00edculos y Comunicados<\/a> <a href=\"https:\/\/diariofemenino.com.ar\/df\/category\/biblioteca\/\" rel=\"category tag\">Biblioteca Virtual<\/a> <a href=\"https:\/\/diariofemenino.com.ar\/df\/category\/informes\/\" rel=\"category tag\">Informes<\/a> <a href=\"https:\/\/diariofemenino.com.ar\/df\/category\/genero-y-derechos-humanos\/\" rel=\"category tag\">Inst. Interdisciplinario de Estudios de G\u00e9neros<\/a> <a href=\"https:\/\/diariofemenino.com.ar\/df\/category\/medios\/\" rel=\"category tag\">Medios<\/a> <a href=\"https:\/\/diariofemenino.com.ar\/df\/category\/mujeres-de-la-pampa\/\" rel=\"category tag\">Mujeres de La Pampa<\/a> <a href=\"https:\/\/diariofemenino.com.ar\/df\/category\/articulos\/\" rel=\"category tag\">Mujeres en Palabras<\/a> <a href=\"https:\/\/diariofemenino.com.ar\/df\/category\/noticias\/\" rel=\"category tag\">Noticias<\/a> <a href=\"https:\/\/diariofemenino.com.ar\/df\/category\/violencias\/\" rel=\"category tag\">Violencias<\/a>","rttpg_excerpt":"Una docente e investigadora de la UNLPam present\u00f3 su tesis doctoral, en la que analiza c\u00f3mo la prensa gr\u00e1fica pampeana represent\u00f3 los femicidios de Andrea L\u00f3pez, Sof\u00eda Viale y Carla Figueroa, tres casos que tuvieron una amplia repercusi\u00f3n regional y nacional Recientemente, Mar\u00eda Soledad Garc\u00eda, docente de la Licenciatura en Comunicaci\u00f3n Social de la Universidad&hellip;","_links":{"self":[{"href":"https:\/\/diariofemenino.com.ar\/df\/wp-json\/wp\/v2\/posts\/76081","targetHints":{"allow":["GET"]}}],"collection":[{"href":"https:\/\/diariofemenino.com.ar\/df\/wp-json\/wp\/v2\/posts"}],"about":[{"href":"https:\/\/diariofemenino.com.ar\/df\/wp-json\/wp\/v2\/types\/post"}],"author":[{"embeddable":true,"href":"https:\/\/diariofemenino.com.ar\/df\/wp-json\/wp\/v2\/users\/4"}],"replies":[{"embeddable":true,"href":"https:\/\/diariofemenino.com.ar\/df\/wp-json\/wp\/v2\/comments?post=76081"}],"version-history":[{"count":4,"href":"https:\/\/diariofemenino.com.ar\/df\/wp-json\/wp\/v2\/posts\/76081\/revisions"}],"predecessor-version":[{"id":76090,"href":"https:\/\/diariofemenino.com.ar\/df\/wp-json\/wp\/v2\/posts\/76081\/revisions\/76090"}],"wp:featuredmedia":[{"embeddable":true,"href":"https:\/\/diariofemenino.com.ar\/df\/wp-json\/wp\/v2\/media\/76082"}],"wp:attachment":[{"href":"https:\/\/diariofemenino.com.ar\/df\/wp-json\/wp\/v2\/media?parent=76081"}],"wp:term":[{"taxonomy":"category","embeddable":true,"href":"https:\/\/diariofemenino.com.ar\/df\/wp-json\/wp\/v2\/categories?post=76081"},{"taxonomy":"post_tag","embeddable":true,"href":"https:\/\/diariofemenino.com.ar\/df\/wp-json\/wp\/v2\/tags?post=76081"}],"curies":[{"name":"wp","href":"https:\/\/api.w.org\/{rel}","templated":true}]}}