{"id":76073,"date":"2026-09-04T07:13:31","date_gmt":"2026-09-04T10:13:31","guid":{"rendered":"https:\/\/diariofemenino.com.ar\/df\/?p=76073"},"modified":"2026-09-04T07:14:13","modified_gmt":"2026-09-04T10:14:13","slug":"la-deuda-tambien-tiene-genero-un-fallo-sobre-sobreendeudamiento-y-tareas-de-cuidado","status":"publish","type":"post","link":"https:\/\/diariofemenino.com.ar\/df\/la-deuda-tambien-tiene-genero-un-fallo-sobre-sobreendeudamiento-y-tareas-de-cuidado\/","title":{"rendered":"La deuda tambi\u00e9n tiene g\u00e9nero: un fallo sobre sobreendeudamiento y tareas de cuidado"},"content":{"rendered":"<p><strong>Sobreendeudada por hacer frente a las necesidades alimentarias de su hija, el cuidado de su hermano y de su padre, solicit\u00f3 concurso preventivo como consumidora hipervulnerable<\/strong><\/p>\n<p>\u201cL., V. S. S\/ CONCURSO PREVENTIVO\u201d. Juzgado de Familia, Civil, Comercial, Miner\u00eda y Sucesiones N\u00b0 11 de El Bols\u00f3n, Provincia de R\u00edo Negro, 3 de agosto de 2026. Jueza interviniente Dra. Paola Bernardini.<\/p>\n<p>Por <strong><a href=\"https:\/\/diariofemenino.com.ar\/df\/?s=fallo\">Erica P\u00e9rez<\/a>*<br \/>\n<\/strong>Colaboraci\u00f3n: <a href=\"https:\/\/www.instagram.com\/tamarabezares\/?hl=es\"><strong>Tamara Bezar<\/strong><strong>es<\/strong><\/a><a style=\"background-color: #ffffff;\" href=\"#_ftn1\" name=\"_ftnref1\">[1]<\/a><br \/>\nDescarga e<strong>l <a href=\"https:\/\/diariofemenino.com.ar\/df\/wp-content\/uploads\/2026\/09\/pdf-l-V-S-S-CONCURSO-PREVENTIVO_organized.pdf\">fallo completo<\/a>.<\/strong><\/p>\n<p><strong>I. Resumen de los hechos<\/strong><\/p>\n<ol>\n<li>S. L., empleada p\u00fablica transitoria del Ministerio de Educaci\u00f3n de R\u00edo Negro, se presenta con el patrocinio de la Defensora Oficial solicitando la apertura de su concurso preventivo. Relata que tom\u00f3 cr\u00e9ditos de r\u00e1pido acceso para afrontar las necesidades alimentarias de su hija menor y los costos de los viajes a Viedma motivados por la salud de su hermano \u2014que atraviesa un cuadro delicado\u2014 y de su padre, una persona muy mayor que cursa un c\u00e1ncer de piel. Ante la imposibilidad de cancelar esos primeros pr\u00e9stamos, fue tomando otros cr\u00e9ditos para cubrirlos, hasta quedar sobreendeudada.<\/li>\n<\/ol>\n<p>Sus \u00fanicos ingresos provienen del salario que percibe como agente p\u00fablica, afectado casi en su totalidad mediante el sistema de c\u00f3digo de descuento directo: seg\u00fan los recibos acompa\u00f1ados, en ciertos per\u00edodos el neto a cobrar no super\u00f3 los $83.000. La propia peticionante ubica el inicio de su cesaci\u00f3n de pagos el 10 de enero de 2026 y solicita, adem\u00e1s de la apertura del concurso, que se ordene a los acreedores informar en detalle las condiciones de los cr\u00e9ditos otorgados y que se suspendan los descuentos sobre sus haberes, o subsidiariamente se los limite al 20% de sus ingresos.<\/p>\n<p>Sobre esa base, el juzgado declara la apertura del concurso preventivo, la encuadra en el tr\u00e1mite de peque\u00f1o concurso y ordena, con car\u00e1cter cautelar, que el Ministerio suspenda todos los descuentos sobre el salario de la concursada, con excepci\u00f3n de los de ley.<\/p>\n<p><strong>II. An\u00e1lisis de los puntos a consideraci\u00f3n<\/strong><\/p>\n<p><strong>\u00a0 \u00a0 a) La ausencia de un proceso especial para el consumidor sobreendeudado y el recurso\u00a0 \u00a0 \u00a0 \u00a0 \u00a0 al \u201cpeque\u00f1o concurso\u201d<\/strong><\/p>\n<p>El fallo parte de una premisa que condiciona todo lo dem\u00e1s: el concurso preventivo, entendido como el procedimiento por el cual un sujeto en cesaci\u00f3n de pagos ofrece a sus acreedores una soluci\u00f3n distinta del pago inmediato y total de sus deudas, no fue dise\u00f1ado para el consumidor asalariado que se sobreendeuda con cr\u00e9ditos de consumo, sino para recomponer el giro de una empresa. Frente a esa asimetr\u00eda \u2014y ante la inexistencia, en el ordenamiento argentino, de un proceso de insolvencia pensado para el consumidor\u2014 el juzgado no crea una v\u00eda nueva, sino que encuadra la petici\u00f3n en el r\u00e9gimen de peque\u00f1os concursos de los arts. 288 y 289 LCQ, por no superar el pasivo denunciado el equivalente a trescientos salarios m\u00ednimos, vitales y m\u00f3viles. La decisi\u00f3n se apoya expresamente en la doctrina que reclama, desde hace m\u00e1s de una d\u00e9cada, la sanci\u00f3n de un proceso especial para el sobreendeudamiento del consumidor, y asume que, mientras esa reforma no llegue, el concurso preventivo general es la \u00fanica v\u00eda universal disponible para quien, como L., solo necesita ser persona humana para poder concursarse (art. 2 LCQ).<\/p>\n<p><strong>\u00a0 \u00a0 b) La hipervulnerabilidad interseccional como est\u00e1ndar para tener por acreditada la\u00a0 \u00a0 \u00a0 \u00a0 \u00a0 \u00a0 \u00a0 cesaci\u00f3n de pagos<\/strong><\/p>\n<p>El aspecto m\u00e1s novedoso \u2014y el que m\u00e1s condicionar\u00e1 la suerte de casos futuros\u2014 es el est\u00e1ndar con que el juzgado tiene por probado el estado de cesaci\u00f3n de pagos. No exige m\u00e1s que las manifestaciones de la propia deudora y la documentaci\u00f3n acompa\u00f1ada (recibos de sueldo, certificados de salud del padre y del hermano, capturas de las solicitudes de cr\u00e9dito), apoy\u00e1ndose en que la confesi\u00f3n del deudor \u201cconstituye la manifestaci\u00f3n m\u00e1s directa y elocuente\u201d de su insolvencia. A ello se suma la caracterizaci\u00f3n de L. como consumidora \u201chipervulnerable\u201d \u2014mujer, trabajadora, en vulnerabilidad econ\u00f3mica, contratante por medios digitales que no dejan tiempo f\u00edsico para evaluar cl\u00e1usulas ni efectos\u2014, categor\u00eda que el propio fallo enlaza con el precedente \u201cRinaldi\u201d<a href=\"#_ftn2\" name=\"_ftnref2\">[2]<\/a> de la Corte Suprema, donde el voto del Dr. Lorenzetti vincul\u00f3 el sobreendeudamiento con el acceso a bienes primarios y la dignidad de la persona como agente moral aut\u00f3noma. Es una lectura protectoria consistente con el art. 42 de la Constituci\u00f3n Nacional, aunque relaja el rigor probatorio que habitualmente exige el art. 1 LCQ para tener por configurado un estado patrimonial objetivamente verificable.<\/p>\n<p><strong>\u00a0 \u00a0 c) El rechazo de la prueba anticipada y su desplazamiento a la sindicatura<\/strong><\/p>\n<p>La contracara de esa amplitud es el tratamiento dado a la medida preliminar m\u00e1s ambiciosa de la presentaci\u00f3n: que los acreedores informaran, antes de la apertura, las tasas aplicadas, los montos efectivamente desembolsados y las refinanciaciones sucesivas. El juzgado la rechaza por entender que la prueba anticipada no es un instituto propio del proceso concursal, y traslada esa tarea a la sindicatura, a cargo de recabar la informaci\u00f3n al momento de la verificaci\u00f3n de cr\u00e9ditos. Es una soluci\u00f3n t\u00e9cnicamente correcta, aunque deja a la concursada, al menos hasta que el s\u00edndico sea designado y act\u00fae, sin el detalle puntual que hab\u00eda buscado para dimensionar su propio endeudamiento.<\/p>\n<p><strong>\u00a0 \u00a0 d) La suspensi\u00f3n cautelar de los descuentos salariales y las astreintes al Ministerio de\u00a0 \u00a0 \u00a0 \u00a0 \u00a0 \u00a0 Educaci\u00f3n<\/strong><\/p>\n<p>La medida m\u00e1s protectoria del fallo es la que ordena al Ministerio suspender todos los descuentos sobre los haberes de la concursada \u2014con excepci\u00f3n de los de ley\u2014, bajo apercibimiento de aplicar astreintes de $20.000 por cada d\u00eda de demora y de informar el incumplimiento al Ministro de Gobierno provincial. La petici\u00f3n original hab\u00eda sido m\u00e1s acotada \u2014la suspensi\u00f3n de los contratos denunciados o, en subsidio, un tope del 20% sobre los descuentos\u2014 y el juzgado va m\u00e1s all\u00e1 de ambas alternativas, en una aplicaci\u00f3n directa del derecho del trabajador a un salario m\u00ednimo, vital y m\u00f3vil (art. 14 bis CN). Es la pieza que traduce en una orden concreta y de cumplimiento inmediato la construcci\u00f3n doctrinaria de la hipervulnerabilidad: no alcanza con declarar la apertura del concurso si el salario que la sostiene sigue absorbido por el descuento directo.<\/p>\n<figure id=\"attachment_76075\" aria-describedby=\"caption-attachment-76075\" style=\"width: 526px\" class=\"wp-caption aligncenter\"><img loading=\"lazy\" decoding=\"async\" class=\" wp-image-76075\" src=\"https:\/\/diariofemenino.com.ar\/df\/wp-content\/uploads\/2026\/09\/Diseno-sin-titulo-24-300x219.webp\" alt=\"La deuda tambi\u00e9n tiene g\u00e9nero: un fallo sobre sobreendeudamiento y tareas de cuidado\" width=\"526\" height=\"384\" srcset=\"https:\/\/diariofemenino.com.ar\/df\/wp-content\/uploads\/2026\/09\/Diseno-sin-titulo-24-300x219.webp 300w, https:\/\/diariofemenino.com.ar\/df\/wp-content\/uploads\/2026\/09\/Diseno-sin-titulo-24-1024x748.webp 1024w, https:\/\/diariofemenino.com.ar\/df\/wp-content\/uploads\/2026\/09\/Diseno-sin-titulo-24-768x561.webp 768w, https:\/\/diariofemenino.com.ar\/df\/wp-content\/uploads\/2026\/09\/Diseno-sin-titulo-24.webp 1402w\" sizes=\"auto, (max-width: 526px) 100vw, 526px\" \/><figcaption id=\"caption-attachment-76075\" class=\"wp-caption-text\">La deuda tambi\u00e9n tiene g\u00e9nero: un fallo sobre sobreendeudamiento y tareas de cuidado<\/figcaption><\/figure>\n<p><strong>III. El sobreendeudamiento de los hogares como problema estructural y su especial impacto sobre las mujeres<\/strong><\/p>\n<p>El caso permite, adem\u00e1s, desplazar una mirada todav\u00eda extendida sobre el sobreendeudamiento, que tiende a explicarlo exclusivamente a partir de decisiones individuales de consumo, falta de previsi\u00f3n o administraci\u00f3n irresponsable de los ingresos. La propia plataforma f\u00e1ctica del expediente demuestra algo diferente: L. no ingres\u00f3 al circuito del cr\u00e9dito para acceder a bienes suntuarios ni como consecuencia de un consumo desmedido, sino para afrontar necesidades alimentarias de su hija menor y los costos derivados del cuidado y la atenci\u00f3n de su hermano y de su padre enfermos. Es decir, se endeud\u00f3 para sostener la reproducci\u00f3n cotidiana de la vida y asumir econ\u00f3micamente tareas de cuidado que, aunque socialmente indispensables, contin\u00faan recayendo de manera desproporcionada sobre las mujeres. El propio fallo reconoce esta trama cuando incorpora entre las interseccionalidades relevantes su condici\u00f3n de mujer, trabajadora, consumidora y persona en situaci\u00f3n de vulnerabilidad econ\u00f3mica.<\/p>\n<p>Esta lectura resulta particularmente relevante en el contexto argentino. El endeudamiento de las familias ha adquirido una dimensi\u00f3n que impide abordarlo exclusivamente como un problema contractual entre acreedor y deudor. A diciembre de 2025, el Banco Central registraba 20,3 millones de personas con alg\u00fan tipo de financiamiento, mientras que el saldo promedio por deudor hab\u00eda aumentado un 24,7% real durante 2025. Paralelamente, la mora de los cr\u00e9ditos otorgados a las familias pas\u00f3 del 9,3% en diciembre de 2025 al 12,8% en junio de 2026. No se trata, por lo tanto, \u00fanicamente de un crecimiento del acceso al cr\u00e9dito, sino tambi\u00e9n de una creciente dificultad de los hogares para sostener las obligaciones asumidas.<\/p>\n<p><strong><em>(Clic en la imagen)<br \/>\n<a href=\"https:\/\/www.mercadolibre.com.ar\/violencia-simbolica-en-la-comunicacion-guia-practica\/up\/MLAU4038757620?pdp_filters=item_id:MLA1810342575\"><img decoding=\"async\" class=\"aligncenter\" src=\"https:\/\/diariofemenino.com.ar\/df\/wp-content\/uploads\/2026\/07\/Guia-2-1-1-240x300.webp\" \/><\/a><\/em><\/strong>La dimensi\u00f3n de g\u00e9nero de este fen\u00f3meno tampoco es circunstancial. El Primer informe sobre endeudamientos, g\u00e9neros y cuidados en la Argentina, elaborado por el Ministerio de Econom\u00eda y la CEPAL, advirti\u00f3 espec\u00edficamente sobre la \u201cfeminizaci\u00f3n\u201d del endeudamiento de los hogares y constat\u00f3 que aquellos encabezados por mujeres con ni\u00f1os, ni\u00f1as y adolescentes a cargo presentan mayores necesidades de financiamiento. M\u00e1s significativo todav\u00eda para el an\u00e1lisis de este caso es el destino de esos fondos: buena parte del financiamiento se utiliza para comprar alimentos, medicamentos o pagar deudas anteriores. El endeudamiento funciona, as\u00ed, como una estrategia mediante la cual las mujeres administran monetariamente la escasez y absorben los d\u00e9ficits econ\u00f3micos asociados al sostenimiento de los cuidados. Esa din\u00e1mica, lejos de resolver la desigualdad de origen, puede profundizarla mediante refinanciaciones, intereses acumulativos y nuevas obligaciones financieras.<\/p>\n<p>Desde esta perspectiva, la deuda deja de ser un asunto estrictamente privado. Cuando el salario resulta insuficiente para atender simult\u00e1neamente alimentaci\u00f3n, vivienda, salud y cuidados, el cr\u00e9dito comienza a operar como un mecanismo de financiamiento de necesidades b\u00e1sicas. Y cuando esas necesidades deben ser cubiertas mediante tarjetas, billeteras virtuales, pr\u00e9stamos personales, mutuales o endeudamiento informal que las expone al desarrollo de econom\u00edas ilegales, se produce un desplazamiento particularmente problem\u00e1tico: derechos y necesidades esenciales que deber\u00edan encontrar respuesta adecuada en los ingresos y en los sistemas p\u00fablicos de protecci\u00f3n terminan financi\u00e1ndose individualmente mediante deuda, intereses y compromisos sobre ingresos futuros. El riesgo econ\u00f3mico se transfiere as\u00ed hacia los hogares y, dentro de ellos, con especial intensidad hacia quienes concentran las responsabilidades de cuidado.<\/p>\n<p>En las mujeres esa transferencia adquiere caracter\u00edsticas particulares. Las desigualdades previas en ingresos, inserci\u00f3n laboral, disponibilidad de tiempo y distribuci\u00f3n de las tareas de cuidado reducen sus m\u00e1rgenes para absorber contingencias econ\u00f3micas. Por eso, analizar jur\u00eddicamente estos casos exclusivamente desde la autonom\u00eda de la voluntad puede conducir a una ficci\u00f3n. Existe formalmente consentimiento para contratar, pero ese consentimiento se produce muchas veces bajo la presi\u00f3n material de comprar alimentos, medicamentos, afrontar un tratamiento m\u00e9dico o sostener a hijos y familiares dependientes. En esos supuestos, la pregunta relevante para el derecho del consumidor no deber\u00eda agotarse en determinar si la persona \u201celigi\u00f3\u201d endeudarse, sino tambi\u00e9n qu\u00e9 necesidad estaba financiando, cu\u00e1les eran sus alternativas reales y qu\u00e9 evaluaci\u00f3n realiz\u00f3 el proveedor sobre su capacidad de repago antes de incorporar un nuevo cr\u00e9dito a una econom\u00eda dom\u00e9stica ya comprometida.<\/p>\n<figure id=\"attachment_76076\" aria-describedby=\"caption-attachment-76076\" style=\"width: 541px\" class=\"wp-caption aligncenter\"><img loading=\"lazy\" decoding=\"async\" class=\" wp-image-76076\" src=\"https:\/\/diariofemenino.com.ar\/df\/wp-content\/uploads\/2026\/09\/Diseno-sin-titulo-23-300x153.webp\" alt=\"La deuda tambi\u00e9n tiene g\u00e9nero: un fallo sobre sobreendeudamiento y tareas de cuidado\" width=\"541\" height=\"276\" srcset=\"https:\/\/diariofemenino.com.ar\/df\/wp-content\/uploads\/2026\/09\/Diseno-sin-titulo-23-300x153.webp 300w, https:\/\/diariofemenino.com.ar\/df\/wp-content\/uploads\/2026\/09\/Diseno-sin-titulo-23-1024x521.webp 1024w, https:\/\/diariofemenino.com.ar\/df\/wp-content\/uploads\/2026\/09\/Diseno-sin-titulo-23-768x391.webp 768w, https:\/\/diariofemenino.com.ar\/df\/wp-content\/uploads\/2026\/09\/Diseno-sin-titulo-23.webp 1536w\" sizes=\"auto, (max-width: 541px) 100vw, 541px\" \/><figcaption id=\"caption-attachment-76076\" class=\"wp-caption-text\">La deuda tambi\u00e9n tiene g\u00e9nero: un fallo sobre sobreendeudamiento y tareas de cuidado<\/figcaption><\/figure>\n<p><strong>IV. Las medidas dispuestas<\/strong><\/p>\n<p>El juzgado resuelve: 1) declarar la apertura del concurso preventivo de V. S. L. en los t\u00e9rminos del art. 14 LCQ; 2) imponer el tr\u00e1mite de peque\u00f1o concurso (arts. 288 y 289 LCQ); 3) fijar el sorteo del s\u00edndico y los plazos para la verificaci\u00f3n de cr\u00e9ditos, el informe individual y el informe general; 4) decretar sin l\u00edmite temporal la inhibici\u00f3n general de bienes de la concursada, con oficios a los registros de la propiedad correspondientes; 5) radicar en el juzgado los juicios de contenido patrimonial no exceptuados por el art. 21 LCQ y suspender los pleitos y ejecuciones atra\u00eddos por el concurso; 6) rechazar la prueba anticipada solicitada respecto de los acreedores, por no ser un instituto propio del proceso concursal; y 7) ordenar al Ministerio de Educaci\u00f3n y Derechos Humanos de R\u00edo Negro la suspensi\u00f3n de todos los descuentos sobre los haberes de la concursada \u2014salvo los de ley\u2014, bajo apercibimiento de astreintes de $20.000 diarios y de informar el incumplimiento al Ministro de Gobierno.<\/p>\n<p><strong>V. A modo de conclusi\u00f3n<\/strong><\/p>\n<p>El caso resulta relevante porque muestra que la figura del consumidor hipervulnerable \u2014construida por la doctrina y ya presente en algunos precedentes de tribunales civiles y comerciales\u2014 tambi\u00e9n puede operar como fundamento para abrir un concurso preventivo general, ante la ausencia de un proceso de insolvencia dise\u00f1ado espec\u00edficamente para el consumidor sobreendeudado. El fallo reconoce sus propios l\u00edmites \u2014admite expresamente que ni el concurso preventivo ni la quiebra son soluciones integrales para este tipo de deudor\u2014, pero opta por dar curso a la petici\u00f3n antes que dejarla sin respuesta, y acompa\u00f1a esa apertura con una medida cautelar de peso real \u2014la suspensi\u00f3n de los descuentos sobre el salario\u2014 que traduce en t\u00e9rminos concretos la protecci\u00f3n constitucional del salario m\u00ednimo, vital y m\u00f3vil.<\/p>\n<p>El caso L. resulta paradigm\u00e1tico porque muestra, en una sola trayectoria, el pasaje de la deuda de supervivencia al sobreendeudamiento: cada nuevo cr\u00e9dito, tomado para cancelar el anterior, termin\u00f3 absorbido por el descuento directo hasta comprometer pr\u00e1cticamente la totalidad del salario de la trabajadora. El cr\u00e9dito que inicialmente permiti\u00f3 sostener necesidades familiares termina privando a la consumidora de los ingresos indispensables para satisfacerlas. De all\u00ed la trascendencia de la medida adoptada por el juzgado al suspender los descuentos. No constituye \u00fanicamente una decisi\u00f3n procesal vinculada con los efectos del concurso, sino que introduce una regla material de enorme importancia: el derecho de cr\u00e9dito no puede ejecutarse de manera tal que suprima el contenido alimentario del salario y coloque a la persona y a quienes dependen de ella por debajo de un umbral m\u00ednimo de subsistencia.<\/p>\n<p>Una perspectiva de g\u00e9nero y de derechos humanos exige, entonces, que el sobreendeudamiento sea analizado no s\u00f3lo desde la responsabilidad individual de quien contrata, sino tambi\u00e9n desde las pr\u00e1cticas de otorgamiento de cr\u00e9dito, la evaluaci\u00f3n de solvencia de los proveedores, las modalidades digitales de contrataci\u00f3n, los sistemas de descuento autom\u00e1tico y el contexto econ\u00f3mico y familiar en que esas operaciones se celebran. La tutela del art. 42 de la Constituci\u00f3n Nacional, articulada con el principio protectorio, la protecci\u00f3n constitucional del salario y los est\u00e1ndares de igualdad sustantiva impone abandonar la figura abstracta de un consumidor plenamente libre, informado y con id\u00e9ntica capacidad negociadora que su acreedor. En casos como el analizado, la deuda tiene g\u00e9nero, tiene clase y tiene tareas de cuidado detr\u00e1s. Reconocerlo no implica desconocer la obligaci\u00f3n de pago, sino impedir que el sistema jur\u00eddico legitime mecanismos de cobro capaces de transformar una dificultad econ\u00f3mica en exclusi\u00f3n financiera y una obligaci\u00f3n contractual en imposibilidad material de subsistencia.<\/p>\n<p>(*) Abogada U.B.A. columnista jur\u00eddica del Diario Digital Femenino. Direcci\u00f3n de equidad de g\u00e9nero y diversidad sexual de la c\u00e1mara de diputados de la provincia de Buenos Aires.\u00a0 <a href=\"https:\/\/blog-ericaperez.blogspot.com\">https:\/\/blog-ericaperez.blogspot.com<\/a><\/p>\n<p><strong>Referencias <\/strong><\/p>\n<p>BCRA, Informe de Inclusi\u00f3n Financiera, segundo semestre de 2025.<\/p>\n<p><a href=\"https:\/\/www.bcra.gob.ar\/publicaciones\/informe-de-inclusion-financiera-segundo-semestre-de-2025\/\">https:\/\/www.bcra.gob.ar\/publicaciones\/informe-de-inclusion-financiera-segundo-semestre-de-2025\/<\/a><\/p>\n<p>BCRA, Informe sobre Bancos, diciembre de 2025, publicado el 20\/2\/2026. <a href=\"https:\/\/www.bcra.gob.ar\/archivos\/Pdfs\/PublicacionesEstadisticas\/informes\/InfBanc1225.pdf\">https:\/\/www.bcra.gob.ar\/archivos\/Pdfs\/PublicacionesEstadisticas\/informes\/InfBanc1225.pdf<\/a><\/p>\n<p>BCRA, Informe sobre Bancos, junio de 2026, publicado el 21\/8\/2026.<\/p>\n<p><a href=\"https:\/\/www.bcra.gob.ar\/publicaciones\/informe-sobre-bancos-junio-de-2026\/\">https:\/\/www.bcra.gob.ar\/publicaciones\/informe-sobre-bancos-junio-de-2026\/<\/a><\/p>\n<p>Comisi\u00f3n Econ\u00f3mica para Am\u00e9rica Latina y el Caribe (CEPAL) y Direcci\u00f3n Nacional de Econom\u00eda, Igualdad y G\u00e9nero, Ministerio de Econom\u00eda de la Argentina, Primer informe sobre endeudamientos, g\u00e9neros y cuidados en la Argentina, LC\/TS.2023\/58, mayo de 2023. <a href=\"https:\/\/www.argentina.gob.ar\/sites\/default\/files\/2023\/05\/endeudamientos_generos_y_cuidados_en_la_argentina_-_dneig_cepal.pdf\">https:\/\/www.argentina.gob.ar\/sites\/default\/files\/2023\/05\/endeudamientos_generos_y_cuidados_en_la_argentina_-_dneig_cepal.pdf<\/a><\/p>\n<p><a href=\"#_ftnref1\" name=\"_ftn1\">[1]<\/a> Abogada. Fundadora de @alasenaccion_<\/p>\n<p><a href=\"#_ftnref2\" name=\"_ftn2\">[2]<\/a> La CSJN se expidi\u00f3 en el fallo \u00abRinaldi\u00bb. (CSJN, \u00abRinaldi c\/ Guzm\u00e1n Toledo\u00bb, 15\/03\/2007, Fallos: 330:855).<\/p>\n<div>\n<div>\n<blockquote><p><strong>Colabora con Diario Digital Femenino<\/strong><br \/>\n$3.000 por mes (sosten\u00e9s a largo plazo)\u00a0<strong><a href=\"https:\/\/www.mercadopago.com.ar\/subscriptions\/checkout\/v2?preapproval_plan_id=2c93808496ae4a940196b01559a4004f\">AQU\u00cd<\/a><\/strong><br \/>\nUna vez al a\u00f1o, vos decid\u00eds el monto (un gesto, una ayuda concreta)\u00a0<strong><a href=\"https:\/\/www.mercadopago.com.ar\/subscriptions\/checkout?preapproval_plan_id=2c938084981e9ee501982d4490280459\">AQU\u00cd<\/a><\/strong><br \/>\nPor \u00fanica vez, el monto que decidas.\u00a0<strong>Alias: Lenny.Caceres<\/strong><\/p><\/blockquote>\n<\/div>\n<\/div>\n<p>&nbsp;<\/p>\n<blockquote><p><strong>Seguinos en Instagram. Diario Digital Femenino:\u00a0<a href=\"https:\/\/www.instagram.com\/diariodigitalfemenino_\/\">@diariodigitalfemenino_<\/a><br \/>\nLenny C\u00e1ceres:\u00a0<a href=\"https:\/\/www.instagram.com\/lennycaceres69\/\">@lennycaceres69<\/a><br \/>\nFacebook:\u00a0<a href=\"https:\/\/www.facebook.com\/DiarioDigitalFemenino\/\">Diario Digital Femenino<\/a><br \/>\nTikTok;\u00a0<a href=\"https:\/\/www.tiktok.com\/@diariodigitalfemenino\">diariodigitalfemenino<\/a><\/strong><\/p><\/blockquote>\n","protected":false},"excerpt":{"rendered":"<p>Sobreendeudada por hacer frente a las necesidades alimentarias de su hija, el cuidado de su hermano y de su padre, solicit\u00f3 concurso preventivo como consumidora hipervulnerable \u201cL., V. S. S\/ CONCURSO PREVENTIVO\u201d. Juzgado de Familia, Civil, Comercial, Miner\u00eda y Sucesiones N\u00b0 11 de El Bols\u00f3n, Provincia de R\u00edo Negro, 3 de agosto de 2026. Jueza [&hellip;]<\/p>\n","protected":false},"author":6,"featured_media":76077,"comment_status":"open","ping_status":"open","sticky":false,"template":"","format":"standard","meta":{"iawp_total_views":50,"footnotes":"","jetpack_post_was_ever_published":false},"categories":[1067,178,581,5,182,32,6,21],"tags":[5144,4372,4649,1885,7706,7707,1194],"class_list":["post-76073","post","type-post","status-publish","format-standard","has-post-thumbnail","hentry","category-agenda-feminista","category-articulos-y-comunicados","category-azul-profundo","category-historias-de-vida","category-informes","category-mujeres","category-articulos","category-noticias","tag-comentario-juridico","tag-destacada","tag-erica-perez","tag-fallo","tag-sobreendeudamiento","tag-tamara-bezares","tag-tareas-de-cuidado"],"nelio_content":{"autoShareEndMode":"never","automationSources":{"useCustomSentences":false,"customSentences":[]},"efiAlt":"","efiUrl":"","followers":[6],"highlights":[],"isAutoShareEnabled":true,"networkImageIds":[],"permalinkQueryArgs":[],"series":[],"suggestedReferences":[]},"yoast_head":"<!-- This site is optimized with the Yoast SEO plugin v28.4 - https:\/\/yoast.com\/product\/yoast-seo-wordpress\/ -->\n<title>La deuda tambi\u00e9n tiene g\u00e9nero: un fallo sobre sobreendeudamiento y tareas de cuidado - Diario Digital Femenino<\/title>\n<meta name=\"description\" content=\"La deuda tambi\u00e9n tiene g\u00e9nero. Sobreendeudada solicit\u00f3 concurso preventivo como consumidora hipervulnerable.\" \/>\n<meta name=\"robots\" content=\"index, follow, max-snippet:-1, max-image-preview:large, max-video-preview:-1\" \/>\n<link rel=\"canonical\" href=\"https:\/\/diariofemenino.com.ar\/df\/la-deuda-tambien-tiene-genero-un-fallo-sobre-sobreendeudamiento-y-tareas-de-cuidado\/\" \/>\n<meta property=\"og:locale\" content=\"es_ES\" \/>\n<meta property=\"og:type\" content=\"article\" \/>\n<meta property=\"og:title\" content=\"La deuda tambi\u00e9n tiene g\u00e9nero: un fallo sobre sobreendeudamiento y tareas de cuidado - Diario Digital Femenino\" \/>\n<meta property=\"og:description\" content=\"La deuda tambi\u00e9n tiene g\u00e9nero. Sobreendeudada solicit\u00f3 concurso preventivo como consumidora hipervulnerable.\" \/>\n<meta property=\"og:url\" content=\"https:\/\/diariofemenino.com.ar\/df\/la-deuda-tambien-tiene-genero-un-fallo-sobre-sobreendeudamiento-y-tareas-de-cuidado\/\" \/>\n<meta property=\"og:site_name\" content=\"Diario Digital Femenino\" \/>\n<meta property=\"article:publisher\" content=\"https:\/\/www.facebook.com\/DiarioDigitaFemenino\/\" \/>\n<meta property=\"article:published_time\" content=\"2026-09-04T10:13:31+00:00\" \/>\n<meta property=\"article:modified_time\" content=\"2026-09-04T10:14:13+00:00\" \/>\n<meta property=\"og:image\" content=\"https:\/\/diariofemenino.com.ar\/df\/wp-content\/uploads\/2026\/09\/ChatGPT-Image-4-sept-2026-06_36_16.webp\" \/>\n\t<meta property=\"og:image:width\" content=\"1536\" \/>\n\t<meta property=\"og:image:height\" content=\"1024\" \/>\n\t<meta property=\"og:image:type\" content=\"image\/webp\" \/>\n<meta name=\"author\" content=\"redaccion\" \/>\n<meta name=\"twitter:card\" content=\"summary_large_image\" \/>\n<meta name=\"twitter:creator\" content=\"@DiarioFemenino1\" \/>\n<meta name=\"twitter:site\" content=\"@DiarioFemenino1\" \/>\n<meta name=\"twitter:label1\" content=\"Escrito por\" \/>\n\t<meta name=\"twitter:data1\" content=\"redaccion\" \/>\n\t<meta name=\"twitter:label2\" content=\"Tiempo de lectura\" \/>\n\t<meta name=\"twitter:data2\" content=\"12 minutos\" \/>\n<script type=\"application\/ld+json\" class=\"yoast-schema-graph\">{\"@context\":\"https:\\\/\\\/schema.org\",\"@graph\":[{\"@type\":\"Article\",\"@id\":\"https:\\\/\\\/diariofemenino.com.ar\\\/df\\\/la-deuda-tambien-tiene-genero-un-fallo-sobre-sobreendeudamiento-y-tareas-de-cuidado\\\/#article\",\"isPartOf\":{\"@id\":\"https:\\\/\\\/diariofemenino.com.ar\\\/df\\\/la-deuda-tambien-tiene-genero-un-fallo-sobre-sobreendeudamiento-y-tareas-de-cuidado\\\/\"},\"author\":{\"name\":\"redaccion\",\"@id\":\"https:\\\/\\\/diariofemenino.com.ar\\\/df\\\/#\\\/schema\\\/person\\\/b6ba2e26f7891f232694804f228a7f27\"},\"headline\":\"La deuda tambi\u00e9n tiene g\u00e9nero: un fallo sobre sobreendeudamiento y tareas de cuidado\",\"datePublished\":\"2026-09-04T10:13:31+00:00\",\"dateModified\":\"2026-09-04T10:14:13+00:00\",\"mainEntityOfPage\":{\"@id\":\"https:\\\/\\\/diariofemenino.com.ar\\\/df\\\/la-deuda-tambien-tiene-genero-un-fallo-sobre-sobreendeudamiento-y-tareas-de-cuidado\\\/\"},\"wordCount\":2703,\"commentCount\":0,\"publisher\":{\"@id\":\"https:\\\/\\\/diariofemenino.com.ar\\\/df\\\/#organization\"},\"image\":{\"@id\":\"https:\\\/\\\/diariofemenino.com.ar\\\/df\\\/la-deuda-tambien-tiene-genero-un-fallo-sobre-sobreendeudamiento-y-tareas-de-cuidado\\\/#primaryimage\"},\"thumbnailUrl\":\"https:\\\/\\\/diariofemenino.com.ar\\\/df\\\/wp-content\\\/uploads\\\/2026\\\/09\\\/ChatGPT-Image-4-sept-2026-06_36_16.webp\",\"keywords\":[\"Comentario jur\u00eddico\",\"Destacada\",\"Erica P\u00e9rez\",\"Fallo\",\"sobreendeudamiento\",\"Tamara Bezares\",\"Tareas de cuidado\"],\"articleSection\":[\"Agenda Feminista\",\"Art\u00edculos y Comunicados\",\"Azul Profundo\",\"Historias de vida\",\"Informes\",\"Mujeres\",\"Mujeres en Palabras\",\"Noticias\"],\"inLanguage\":\"es\",\"potentialAction\":[{\"@type\":\"CommentAction\",\"name\":\"Comment\",\"target\":[\"https:\\\/\\\/diariofemenino.com.ar\\\/df\\\/la-deuda-tambien-tiene-genero-un-fallo-sobre-sobreendeudamiento-y-tareas-de-cuidado\\\/#respond\"]}]},{\"@type\":\"WebPage\",\"@id\":\"https:\\\/\\\/diariofemenino.com.ar\\\/df\\\/la-deuda-tambien-tiene-genero-un-fallo-sobre-sobreendeudamiento-y-tareas-de-cuidado\\\/\",\"url\":\"https:\\\/\\\/diariofemenino.com.ar\\\/df\\\/la-deuda-tambien-tiene-genero-un-fallo-sobre-sobreendeudamiento-y-tareas-de-cuidado\\\/\",\"name\":\"La deuda tambi\u00e9n tiene g\u00e9nero: un fallo sobre sobreendeudamiento y tareas de cuidado - Diario Digital Femenino\",\"isPartOf\":{\"@id\":\"https:\\\/\\\/diariofemenino.com.ar\\\/df\\\/#website\"},\"primaryImageOfPage\":{\"@id\":\"https:\\\/\\\/diariofemenino.com.ar\\\/df\\\/la-deuda-tambien-tiene-genero-un-fallo-sobre-sobreendeudamiento-y-tareas-de-cuidado\\\/#primaryimage\"},\"image\":{\"@id\":\"https:\\\/\\\/diariofemenino.com.ar\\\/df\\\/la-deuda-tambien-tiene-genero-un-fallo-sobre-sobreendeudamiento-y-tareas-de-cuidado\\\/#primaryimage\"},\"thumbnailUrl\":\"https:\\\/\\\/diariofemenino.com.ar\\\/df\\\/wp-content\\\/uploads\\\/2026\\\/09\\\/ChatGPT-Image-4-sept-2026-06_36_16.webp\",\"datePublished\":\"2026-09-04T10:13:31+00:00\",\"dateModified\":\"2026-09-04T10:14:13+00:00\",\"description\":\"La deuda tambi\u00e9n tiene g\u00e9nero. Sobreendeudada solicit\u00f3 concurso preventivo como consumidora hipervulnerable.\",\"breadcrumb\":{\"@id\":\"https:\\\/\\\/diariofemenino.com.ar\\\/df\\\/la-deuda-tambien-tiene-genero-un-fallo-sobre-sobreendeudamiento-y-tareas-de-cuidado\\\/#breadcrumb\"},\"inLanguage\":\"es\",\"potentialAction\":[{\"@type\":\"ReadAction\",\"target\":[\"https:\\\/\\\/diariofemenino.com.ar\\\/df\\\/la-deuda-tambien-tiene-genero-un-fallo-sobre-sobreendeudamiento-y-tareas-de-cuidado\\\/\"]}]},{\"@type\":\"ImageObject\",\"inLanguage\":\"es\",\"@id\":\"https:\\\/\\\/diariofemenino.com.ar\\\/df\\\/la-deuda-tambien-tiene-genero-un-fallo-sobre-sobreendeudamiento-y-tareas-de-cuidado\\\/#primaryimage\",\"url\":\"https:\\\/\\\/diariofemenino.com.ar\\\/df\\\/wp-content\\\/uploads\\\/2026\\\/09\\\/ChatGPT-Image-4-sept-2026-06_36_16.webp\",\"contentUrl\":\"https:\\\/\\\/diariofemenino.com.ar\\\/df\\\/wp-content\\\/uploads\\\/2026\\\/09\\\/ChatGPT-Image-4-sept-2026-06_36_16.webp\",\"width\":1536,\"height\":1024,\"caption\":\"La deuda tambi\u00e9n tiene g\u00e9nero: un fallo sobre sobreendeudamiento y tareas de cuidado\"},{\"@type\":\"BreadcrumbList\",\"@id\":\"https:\\\/\\\/diariofemenino.com.ar\\\/df\\\/la-deuda-tambien-tiene-genero-un-fallo-sobre-sobreendeudamiento-y-tareas-de-cuidado\\\/#breadcrumb\",\"itemListElement\":[{\"@type\":\"ListItem\",\"position\":1,\"name\":\"Portada\",\"item\":\"https:\\\/\\\/diariofemenino.com.ar\\\/df\\\/\"},{\"@type\":\"ListItem\",\"position\":2,\"name\":\"La deuda tambi\u00e9n tiene g\u00e9nero: un fallo sobre sobreendeudamiento y tareas de cuidado\"}]},{\"@type\":\"WebSite\",\"@id\":\"https:\\\/\\\/diariofemenino.com.ar\\\/df\\\/#website\",\"url\":\"https:\\\/\\\/diariofemenino.com.ar\\\/df\\\/\",\"name\":\"Diario Digital Femenino\",\"description\":\"Cuesti\u00f3n de G\u00e9nero\",\"publisher\":{\"@id\":\"https:\\\/\\\/diariofemenino.com.ar\\\/df\\\/#organization\"},\"potentialAction\":[{\"@type\":\"SearchAction\",\"target\":{\"@type\":\"EntryPoint\",\"urlTemplate\":\"https:\\\/\\\/diariofemenino.com.ar\\\/df\\\/?s={search_term_string}\"},\"query-input\":{\"@type\":\"PropertyValueSpecification\",\"valueRequired\":true,\"valueName\":\"search_term_string\"}}],\"inLanguage\":\"es\"},{\"@type\":\"Organization\",\"@id\":\"https:\\\/\\\/diariofemenino.com.ar\\\/df\\\/#organization\",\"name\":\"Diario Femenino\",\"url\":\"https:\\\/\\\/diariofemenino.com.ar\\\/df\\\/\",\"logo\":{\"@type\":\"ImageObject\",\"inLanguage\":\"es\",\"@id\":\"https:\\\/\\\/diariofemenino.com.ar\\\/df\\\/#\\\/schema\\\/logo\\\/image\\\/\",\"url\":\"https:\\\/\\\/diariofemenino.com.ar\\\/df\\\/wp-content\\\/uploads\\\/2018\\\/10\\\/logo.png\",\"contentUrl\":\"https:\\\/\\\/diariofemenino.com.ar\\\/df\\\/wp-content\\\/uploads\\\/2018\\\/10\\\/logo.png\",\"width\":500,\"height\":92,\"caption\":\"Diario Femenino\"},\"image\":{\"@id\":\"https:\\\/\\\/diariofemenino.com.ar\\\/df\\\/#\\\/schema\\\/logo\\\/image\\\/\"},\"sameAs\":[\"https:\\\/\\\/www.facebook.com\\\/DiarioDigitaFemenino\\\/\",\"https:\\\/\\\/x.com\\\/DiarioFemenino1\"]},{\"@type\":\"Person\",\"@id\":\"https:\\\/\\\/diariofemenino.com.ar\\\/df\\\/#\\\/schema\\\/person\\\/b6ba2e26f7891f232694804f228a7f27\",\"name\":\"redaccion\",\"image\":{\"@type\":\"ImageObject\",\"inLanguage\":\"es\",\"@id\":\"https:\\\/\\\/diariofemenino.com.ar\\\/df\\\/wp-content\\\/uploads\\\/2024\\\/09\\\/0eda9a67-a560-4264-8085-ae5314b35c5a-150x150.avif\",\"url\":\"https:\\\/\\\/diariofemenino.com.ar\\\/df\\\/wp-content\\\/uploads\\\/2024\\\/09\\\/0eda9a67-a560-4264-8085-ae5314b35c5a-150x150.avif\",\"contentUrl\":\"https:\\\/\\\/diariofemenino.com.ar\\\/df\\\/wp-content\\\/uploads\\\/2024\\\/09\\\/0eda9a67-a560-4264-8085-ae5314b35c5a-150x150.avif\",\"caption\":\"redaccion\"},\"url\":\"https:\\\/\\\/diariofemenino.com.ar\\\/df\\\/author\\\/redaccion\\\/\"}]}<\/script>\n<!-- \/ Yoast SEO plugin. -->","yoast_head_json":{"title":"La deuda tambi\u00e9n tiene g\u00e9nero: un fallo sobre sobreendeudamiento y tareas de cuidado - Diario Digital Femenino","description":"La deuda tambi\u00e9n tiene g\u00e9nero. Sobreendeudada solicit\u00f3 concurso preventivo como consumidora hipervulnerable.","robots":{"index":"index","follow":"follow","max-snippet":"max-snippet:-1","max-image-preview":"max-image-preview:large","max-video-preview":"max-video-preview:-1"},"canonical":"https:\/\/diariofemenino.com.ar\/df\/la-deuda-tambien-tiene-genero-un-fallo-sobre-sobreendeudamiento-y-tareas-de-cuidado\/","og_locale":"es_ES","og_type":"article","og_title":"La deuda tambi\u00e9n tiene g\u00e9nero: un fallo sobre sobreendeudamiento y tareas de cuidado - Diario Digital Femenino","og_description":"La deuda tambi\u00e9n tiene g\u00e9nero. Sobreendeudada solicit\u00f3 concurso preventivo como consumidora hipervulnerable.","og_url":"https:\/\/diariofemenino.com.ar\/df\/la-deuda-tambien-tiene-genero-un-fallo-sobre-sobreendeudamiento-y-tareas-de-cuidado\/","og_site_name":"Diario Digital Femenino","article_publisher":"https:\/\/www.facebook.com\/DiarioDigitaFemenino\/","article_published_time":"2026-09-04T10:13:31+00:00","article_modified_time":"2026-09-04T10:14:13+00:00","og_image":[{"width":1536,"height":1024,"url":"https:\/\/diariofemenino.com.ar\/df\/wp-content\/uploads\/2026\/09\/ChatGPT-Image-4-sept-2026-06_36_16.webp","type":"image\/webp"}],"author":"redaccion","twitter_card":"summary_large_image","twitter_creator":"@DiarioFemenino1","twitter_site":"@DiarioFemenino1","twitter_misc":{"Escrito por":"redaccion","Tiempo de lectura":"12 minutos"},"schema":{"@context":"https:\/\/schema.org","@graph":[{"@type":"Article","@id":"https:\/\/diariofemenino.com.ar\/df\/la-deuda-tambien-tiene-genero-un-fallo-sobre-sobreendeudamiento-y-tareas-de-cuidado\/#article","isPartOf":{"@id":"https:\/\/diariofemenino.com.ar\/df\/la-deuda-tambien-tiene-genero-un-fallo-sobre-sobreendeudamiento-y-tareas-de-cuidado\/"},"author":{"name":"redaccion","@id":"https:\/\/diariofemenino.com.ar\/df\/#\/schema\/person\/b6ba2e26f7891f232694804f228a7f27"},"headline":"La deuda tambi\u00e9n tiene g\u00e9nero: un fallo sobre sobreendeudamiento y tareas de cuidado","datePublished":"2026-09-04T10:13:31+00:00","dateModified":"2026-09-04T10:14:13+00:00","mainEntityOfPage":{"@id":"https:\/\/diariofemenino.com.ar\/df\/la-deuda-tambien-tiene-genero-un-fallo-sobre-sobreendeudamiento-y-tareas-de-cuidado\/"},"wordCount":2703,"commentCount":0,"publisher":{"@id":"https:\/\/diariofemenino.com.ar\/df\/#organization"},"image":{"@id":"https:\/\/diariofemenino.com.ar\/df\/la-deuda-tambien-tiene-genero-un-fallo-sobre-sobreendeudamiento-y-tareas-de-cuidado\/#primaryimage"},"thumbnailUrl":"https:\/\/diariofemenino.com.ar\/df\/wp-content\/uploads\/2026\/09\/ChatGPT-Image-4-sept-2026-06_36_16.webp","keywords":["Comentario jur\u00eddico","Destacada","Erica P\u00e9rez","Fallo","sobreendeudamiento","Tamara Bezares","Tareas de cuidado"],"articleSection":["Agenda Feminista","Art\u00edculos y Comunicados","Azul Profundo","Historias de vida","Informes","Mujeres","Mujeres en Palabras","Noticias"],"inLanguage":"es","potentialAction":[{"@type":"CommentAction","name":"Comment","target":["https:\/\/diariofemenino.com.ar\/df\/la-deuda-tambien-tiene-genero-un-fallo-sobre-sobreendeudamiento-y-tareas-de-cuidado\/#respond"]}]},{"@type":"WebPage","@id":"https:\/\/diariofemenino.com.ar\/df\/la-deuda-tambien-tiene-genero-un-fallo-sobre-sobreendeudamiento-y-tareas-de-cuidado\/","url":"https:\/\/diariofemenino.com.ar\/df\/la-deuda-tambien-tiene-genero-un-fallo-sobre-sobreendeudamiento-y-tareas-de-cuidado\/","name":"La deuda tambi\u00e9n tiene g\u00e9nero: un fallo sobre sobreendeudamiento y tareas de cuidado - Diario Digital Femenino","isPartOf":{"@id":"https:\/\/diariofemenino.com.ar\/df\/#website"},"primaryImageOfPage":{"@id":"https:\/\/diariofemenino.com.ar\/df\/la-deuda-tambien-tiene-genero-un-fallo-sobre-sobreendeudamiento-y-tareas-de-cuidado\/#primaryimage"},"image":{"@id":"https:\/\/diariofemenino.com.ar\/df\/la-deuda-tambien-tiene-genero-un-fallo-sobre-sobreendeudamiento-y-tareas-de-cuidado\/#primaryimage"},"thumbnailUrl":"https:\/\/diariofemenino.com.ar\/df\/wp-content\/uploads\/2026\/09\/ChatGPT-Image-4-sept-2026-06_36_16.webp","datePublished":"2026-09-04T10:13:31+00:00","dateModified":"2026-09-04T10:14:13+00:00","description":"La deuda tambi\u00e9n tiene g\u00e9nero. Sobreendeudada solicit\u00f3 concurso preventivo como consumidora hipervulnerable.","breadcrumb":{"@id":"https:\/\/diariofemenino.com.ar\/df\/la-deuda-tambien-tiene-genero-un-fallo-sobre-sobreendeudamiento-y-tareas-de-cuidado\/#breadcrumb"},"inLanguage":"es","potentialAction":[{"@type":"ReadAction","target":["https:\/\/diariofemenino.com.ar\/df\/la-deuda-tambien-tiene-genero-un-fallo-sobre-sobreendeudamiento-y-tareas-de-cuidado\/"]}]},{"@type":"ImageObject","inLanguage":"es","@id":"https:\/\/diariofemenino.com.ar\/df\/la-deuda-tambien-tiene-genero-un-fallo-sobre-sobreendeudamiento-y-tareas-de-cuidado\/#primaryimage","url":"https:\/\/diariofemenino.com.ar\/df\/wp-content\/uploads\/2026\/09\/ChatGPT-Image-4-sept-2026-06_36_16.webp","contentUrl":"https:\/\/diariofemenino.com.ar\/df\/wp-content\/uploads\/2026\/09\/ChatGPT-Image-4-sept-2026-06_36_16.webp","width":1536,"height":1024,"caption":"La deuda tambi\u00e9n tiene g\u00e9nero: un fallo sobre sobreendeudamiento y tareas de cuidado"},{"@type":"BreadcrumbList","@id":"https:\/\/diariofemenino.com.ar\/df\/la-deuda-tambien-tiene-genero-un-fallo-sobre-sobreendeudamiento-y-tareas-de-cuidado\/#breadcrumb","itemListElement":[{"@type":"ListItem","position":1,"name":"Portada","item":"https:\/\/diariofemenino.com.ar\/df\/"},{"@type":"ListItem","position":2,"name":"La deuda tambi\u00e9n tiene g\u00e9nero: un fallo sobre sobreendeudamiento y tareas de cuidado"}]},{"@type":"WebSite","@id":"https:\/\/diariofemenino.com.ar\/df\/#website","url":"https:\/\/diariofemenino.com.ar\/df\/","name":"Diario Digital Femenino","description":"Cuesti\u00f3n de G\u00e9nero","publisher":{"@id":"https:\/\/diariofemenino.com.ar\/df\/#organization"},"potentialAction":[{"@type":"SearchAction","target":{"@type":"EntryPoint","urlTemplate":"https:\/\/diariofemenino.com.ar\/df\/?s={search_term_string}"},"query-input":{"@type":"PropertyValueSpecification","valueRequired":true,"valueName":"search_term_string"}}],"inLanguage":"es"},{"@type":"Organization","@id":"https:\/\/diariofemenino.com.ar\/df\/#organization","name":"Diario Femenino","url":"https:\/\/diariofemenino.com.ar\/df\/","logo":{"@type":"ImageObject","inLanguage":"es","@id":"https:\/\/diariofemenino.com.ar\/df\/#\/schema\/logo\/image\/","url":"https:\/\/diariofemenino.com.ar\/df\/wp-content\/uploads\/2018\/10\/logo.png","contentUrl":"https:\/\/diariofemenino.com.ar\/df\/wp-content\/uploads\/2018\/10\/logo.png","width":500,"height":92,"caption":"Diario Femenino"},"image":{"@id":"https:\/\/diariofemenino.com.ar\/df\/#\/schema\/logo\/image\/"},"sameAs":["https:\/\/www.facebook.com\/DiarioDigitaFemenino\/","https:\/\/x.com\/DiarioFemenino1"]},{"@type":"Person","@id":"https:\/\/diariofemenino.com.ar\/df\/#\/schema\/person\/b6ba2e26f7891f232694804f228a7f27","name":"redaccion","image":{"@type":"ImageObject","inLanguage":"es","@id":"https:\/\/diariofemenino.com.ar\/df\/wp-content\/uploads\/2024\/09\/0eda9a67-a560-4264-8085-ae5314b35c5a-150x150.avif","url":"https:\/\/diariofemenino.com.ar\/df\/wp-content\/uploads\/2024\/09\/0eda9a67-a560-4264-8085-ae5314b35c5a-150x150.avif","contentUrl":"https:\/\/diariofemenino.com.ar\/df\/wp-content\/uploads\/2024\/09\/0eda9a67-a560-4264-8085-ae5314b35c5a-150x150.avif","caption":"redaccion"},"url":"https:\/\/diariofemenino.com.ar\/df\/author\/redaccion\/"}]}},"jetpack_sharing_enabled":true,"jetpack_featured_media_url":"https:\/\/diariofemenino.com.ar\/df\/wp-content\/uploads\/2026\/09\/ChatGPT-Image-4-sept-2026-06_36_16.webp","rttpg_featured_image_url":{"full":["https:\/\/diariofemenino.com.ar\/df\/wp-content\/uploads\/2026\/09\/ChatGPT-Image-4-sept-2026-06_36_16.webp",1536,1024,false],"landscape":["https:\/\/diariofemenino.com.ar\/df\/wp-content\/uploads\/2026\/09\/ChatGPT-Image-4-sept-2026-06_36_16.webp",1536,1024,false],"portraits":["https:\/\/diariofemenino.com.ar\/df\/wp-content\/uploads\/2026\/09\/ChatGPT-Image-4-sept-2026-06_36_16.webp",1536,1024,false],"thumbnail":["https:\/\/diariofemenino.com.ar\/df\/wp-content\/uploads\/2026\/09\/ChatGPT-Image-4-sept-2026-06_36_16-150x150.webp",150,150,true],"medium":["https:\/\/diariofemenino.com.ar\/df\/wp-content\/uploads\/2026\/09\/ChatGPT-Image-4-sept-2026-06_36_16-300x200.webp",300,200,true],"large":["https:\/\/diariofemenino.com.ar\/df\/wp-content\/uploads\/2026\/09\/ChatGPT-Image-4-sept-2026-06_36_16-1024x683.webp",1024,683,true],"1536x1536":["https:\/\/diariofemenino.com.ar\/df\/wp-content\/uploads\/2026\/09\/ChatGPT-Image-4-sept-2026-06_36_16.webp",1536,1024,false],"2048x2048":["https:\/\/diariofemenino.com.ar\/df\/wp-content\/uploads\/2026\/09\/ChatGPT-Image-4-sept-2026-06_36_16.webp",1536,1024,false]},"rttpg_author":{"display_name":"redaccion","author_link":"https:\/\/diariofemenino.com.ar\/df\/author\/redaccion\/"},"rttpg_comment":0,"rttpg_category":"<a href=\"https:\/\/diariofemenino.com.ar\/df\/category\/agenda-feminista\/\" rel=\"category tag\">Agenda Feminista<\/a> <a href=\"https:\/\/diariofemenino.com.ar\/df\/category\/articulos-y-comunicados\/\" rel=\"category tag\">Art\u00edculos y Comunicados<\/a> <a href=\"https:\/\/diariofemenino.com.ar\/df\/category\/azul-profundo\/\" rel=\"category tag\">Azul Profundo<\/a> <a href=\"https:\/\/diariofemenino.com.ar\/df\/category\/historias-de-vida\/\" rel=\"category tag\">Historias de vida<\/a> <a href=\"https:\/\/diariofemenino.com.ar\/df\/category\/informes\/\" rel=\"category tag\">Informes<\/a> <a href=\"https:\/\/diariofemenino.com.ar\/df\/category\/mujeres\/\" rel=\"category tag\">Mujeres<\/a> <a href=\"https:\/\/diariofemenino.com.ar\/df\/category\/articulos\/\" rel=\"category tag\">Mujeres en Palabras<\/a> <a href=\"https:\/\/diariofemenino.com.ar\/df\/category\/noticias\/\" rel=\"category tag\">Noticias<\/a>","rttpg_excerpt":"Sobreendeudada por hacer frente a las necesidades alimentarias de su hija, el cuidado de su hermano y de su padre, solicit\u00f3 concurso preventivo como consumidora hipervulnerable \u201cL., V. S. S\/ CONCURSO PREVENTIVO\u201d. Juzgado de Familia, Civil, Comercial, Miner\u00eda y Sucesiones N\u00b0 11 de El Bols\u00f3n, Provincia de R\u00edo Negro, 3 de agosto de 2026. Jueza&hellip;","_links":{"self":[{"href":"https:\/\/diariofemenino.com.ar\/df\/wp-json\/wp\/v2\/posts\/76073","targetHints":{"allow":["GET"]}}],"collection":[{"href":"https:\/\/diariofemenino.com.ar\/df\/wp-json\/wp\/v2\/posts"}],"about":[{"href":"https:\/\/diariofemenino.com.ar\/df\/wp-json\/wp\/v2\/types\/post"}],"author":[{"embeddable":true,"href":"https:\/\/diariofemenino.com.ar\/df\/wp-json\/wp\/v2\/users\/6"}],"replies":[{"embeddable":true,"href":"https:\/\/diariofemenino.com.ar\/df\/wp-json\/wp\/v2\/comments?post=76073"}],"version-history":[{"count":2,"href":"https:\/\/diariofemenino.com.ar\/df\/wp-json\/wp\/v2\/posts\/76073\/revisions"}],"predecessor-version":[{"id":76079,"href":"https:\/\/diariofemenino.com.ar\/df\/wp-json\/wp\/v2\/posts\/76073\/revisions\/76079"}],"wp:featuredmedia":[{"embeddable":true,"href":"https:\/\/diariofemenino.com.ar\/df\/wp-json\/wp\/v2\/media\/76077"}],"wp:attachment":[{"href":"https:\/\/diariofemenino.com.ar\/df\/wp-json\/wp\/v2\/media?parent=76073"}],"wp:term":[{"taxonomy":"category","embeddable":true,"href":"https:\/\/diariofemenino.com.ar\/df\/wp-json\/wp\/v2\/categories?post=76073"},{"taxonomy":"post_tag","embeddable":true,"href":"https:\/\/diariofemenino.com.ar\/df\/wp-json\/wp\/v2\/tags?post=76073"}],"curies":[{"name":"wp","href":"https:\/\/api.w.org\/{rel}","templated":true}]}}