{"id":76068,"date":"2026-09-03T09:29:28","date_gmt":"2026-09-03T12:29:28","guid":{"rendered":"https:\/\/diariofemenino.com.ar\/df\/?p=76068"},"modified":"2026-09-03T09:29:28","modified_gmt":"2026-09-03T12:29:28","slug":"la-naturalizacion-de-la-violencia-digital","status":"publish","type":"post","link":"https:\/\/diariofemenino.com.ar\/df\/la-naturalizacion-de-la-violencia-digital\/","title":{"rendered":"La naturalizaci\u00f3n de la violencia digital"},"content":{"rendered":"<p>La naturalizaci\u00f3n e invisibilizaci\u00f3n son dos rasgos que caracterizan a la violencia. Tomar un hecho de violencia de cualquier tipo como normal o simplemente no verlo forma parte de la tem\u00e1tica y es un desaf\u00edo constante para quienes trabajan en distintas disciplinas. La desnaturalizaci\u00f3n y visibilizaci\u00f3n de lo padecido para poder intervenir desde lo legal, social, m\u00e9dico y psicol\u00f3gico<a href=\"#_ftn1\" name=\"_ftnref1\">[1]<\/a>.<\/p>\n<p>Por\u00a0<a href=\"https:\/\/diariofemenino.com.ar\/df\/?s=Diego+Oscar+Ortiz\"><strong>Diego Oscar Ortiz<\/strong><\/a>*<\/p>\n<p><strong>I). La amplitud del concepto <\/strong><\/p>\n<p>La violencia digital existe porque existe una violencia que la precede y con la que se retroalimenta. Es razonable y l\u00f3gico que la violencia tenga su versi\u00f3n digital. As\u00ed como la mayor\u00eda de las pr\u00e1cticas humanas comenzaron a digitalizarse, las violencias hicieron lo mismo<a href=\"#_ftn2\" name=\"_ftnref2\">[2]<\/a>.<\/p>\n<p>Acoso, insultos, amenazas o divulgaci\u00f3n de im\u00e1genes, audios o videos, reales o simulados de contenido \u00edntimo sexual sin consentimiento. Estos actos son formas de violencia digital que cualquier persona puede padecer, pero las consecuencias no son iguales para varones y para mujeres y, tomando en cuenta su dimensi\u00f3n, esta problem\u00e1tica afecta principalmente a mujeres, diversidades, adolescentes y ni\u00f1as, en forma sistem\u00e1tica y muchas veces coordinada<a href=\"#_ftn3\" name=\"_ftnref3\">[3]<\/a>.<\/p>\n<p>La violencia basada en g\u00e9nero facilitada por las tecnolog\u00edas (VBG-FT) se define como un acto de violencia perpetrado por uno o m\u00e1s individuos que se comete, aporta, agrava o amplifica en parte o totalmente mediante el uso de tecnolog\u00edas de la informaci\u00f3n y la comunicaci\u00f3n o medios digitales, contra una persona por raz\u00f3n de su g\u00e9nero (UNFPA, 2021)<a href=\"#_ftn4\" name=\"_ftnref4\">[4]<\/a>.<\/p>\n<p>Esta definici\u00f3n destaca, primero, que la violencia est\u00e1 dirigida en funci\u00f3n del g\u00e9nero y, segundo, que abarca las variadas formas en que la tecnolog\u00eda puede mal utilizarse, desde tel\u00e9fonos m\u00f3viles, aplicaciones de mensajer\u00eda o redes sociales, hasta dispositivos de vigilancia y de grabaci\u00f3n no conectados a internet<a href=\"#_ftn5\" name=\"_ftnref5\">[5]<\/a>.<\/p>\n<figure id=\"attachment_76071\" aria-describedby=\"caption-attachment-76071\" style=\"width: 371px\" class=\"wp-caption aligncenter\"><img loading=\"lazy\" decoding=\"async\" class=\" wp-image-76071\" src=\"https:\/\/diariofemenino.com.ar\/df\/wp-content\/uploads\/2026\/09\/whatsapp-2-kO0G-U90697579908w0E-1248x770@El-Correo-300x185.jpg\" alt=\"La naturalizaci\u00f3n de la violencia digital \" width=\"371\" height=\"229\" srcset=\"https:\/\/diariofemenino.com.ar\/df\/wp-content\/uploads\/2026\/09\/whatsapp-2-kO0G-U90697579908w0E-1248x770@El-Correo-300x185.jpg 300w, https:\/\/diariofemenino.com.ar\/df\/wp-content\/uploads\/2026\/09\/whatsapp-2-kO0G-U90697579908w0E-1248x770@El-Correo-1024x632.jpg 1024w, https:\/\/diariofemenino.com.ar\/df\/wp-content\/uploads\/2026\/09\/whatsapp-2-kO0G-U90697579908w0E-1248x770@El-Correo-768x474.jpg 768w, https:\/\/diariofemenino.com.ar\/df\/wp-content\/uploads\/2026\/09\/whatsapp-2-kO0G-U90697579908w0E-1248x770@El-Correo.jpg 1248w\" sizes=\"auto, (max-width: 371px) 100vw, 371px\" \/><figcaption id=\"caption-attachment-76071\" class=\"wp-caption-text\">La naturalizaci\u00f3n de la violencia digital<\/figcaption><\/figure>\n<p><strong>II). La naturalizaci\u00f3n de la violencia digital <\/strong><\/p>\n<p>La incorporaci\u00f3n de la modalidad de violencia de g\u00e9nero digital permiti\u00f3 hacer un an\u00e1lisis de los aportes de la tem\u00e1tica, entre ellos el de naturalizaci\u00f3n. Algunos interrogantes a tener en cuenta para realizar este an\u00e1lisis: \u00bfse puede naturalizar la violencia digital?, \u00bfse puede hacer pasar una situaci\u00f3n de violencia digital como algo rom\u00e1ntico o algo sin importancia?.<\/p>\n<p>La violencia se naturaliza cuando se reconoce y establece como normal, natural o cotidiana, moldeando la subjetividad y objetividad gen\u00e9rica y por tanto no se cuestiona, se ve normal y natural entre las relaciones sociales de los dos sexos<a href=\"#_ftn6\" name=\"_ftnref6\">[6]<\/a>.<\/p>\n<p>Cuando se determina a trav\u00e9s de la socializaci\u00f3n de g\u00e9nero y de una pr\u00e1ctica continua, la subordinaci\u00f3n de las mujeres y lo femenino al dominio de los hombres, lo masculino. Es decir que se legitima la subordinaci\u00f3n gen\u00e9rica, se impone y reproduce jerarqu\u00edas, significados y valores simb\u00f3licos, que producen invisibilizaci\u00f3n, discriminaci\u00f3n, minimizaci\u00f3n, negaci\u00f3n, diferenciaci\u00f3n, desvalorizaci\u00f3n y dominaci\u00f3n hacia las mujeres<a href=\"#_ftn7\" name=\"_ftnref7\">[7]<\/a>.<\/p>\n<p><strong><em>(clic en la imagen)<br \/>\n<a href=\"https:\/\/www.mercadolibre.com.ar\/violencia-simbolica-en-la-comunicacion-guia-practica\/up\/MLAU4038757620?pdp_filters=item_id:MLA1810342575\"><img loading=\"lazy\" decoding=\"async\" class=\"aligncenter\" src=\"https:\/\/diariofemenino.com.ar\/df\/wp-content\/uploads\/2026\/07\/Guia-2-1-1-240x300.webp\" width=\"262\" height=\"328\" \/><\/a><\/em><\/strong>La pel\u00edcula mensajes de voz para Isabelle<a href=\"#_ftn8\" name=\"_ftnref8\">[8]<\/a> es un ejemplo de esta naturalizaci\u00f3n rom\u00e1ntica de la violencia digital. La pel\u00edcula trata sobre Jill, una joven que sufre por la muerte su hermana y le manda mensajes de audio como forma de continuar con la complicidad que exist\u00eda entre ellas, desconociendo que el n\u00famero telef\u00f3nico hab\u00eda sido reasignado a otro empleado agente inmobiliario. Wes, un joven recibe el tel\u00e9fono celular de la hermana fallecida y escucha los mensajes sin decirle inmediatamente a la otra lo que estaba sucediendo. Incluso los amigos del joven detectan lo agresivo de este accionar.<\/p>\n<p>En un diario se lee: La narrativa de la pel\u00edcula se apoya en el fen\u00f3meno del \u201cn\u00famero equivocado\u201d como detonante dram\u00e1tico y resignifica el recurso a la intimidad accidental en \u00e9poca de hiperconectividad. El guion, abordado desde la \u00f3ptica del duelo y las segundas oportunidades, traza paralelismos inmediatos con t\u00edtulos como \u201cTienes un e-mail\u201d (1998), pero traslada la l\u00f3gica de conexi\u00f3n al entorno m\u00f3vil y auditivo, con \u00e9nfasis en el protagonismo del\u00a0mensaje de voz\u00a0y la comunicaci\u00f3n asincr\u00f3nica<a href=\"#_ftn9\" name=\"_ftnref9\">[9]<\/a>.<\/p>\n<p>\u00bfD\u00f3nde est\u00e1 la violencia de g\u00e9nero en el argumento de esta pel\u00edcula? La violencia de g\u00e9nero se puede manifestar de una manera tan sutil que a veces nos hace dudar si lo visto es o no violencia. Esto nos sumerge en una encrucijada si decirlo o pecar de exagerado.<\/p>\n<p>El joven escucha mensajes de audio que no son destinados a su persona. \u00c9l sabe que lo que escucha no es para \u00e9l, que se est\u00e1 enterando de cosas sin ning\u00fan consentimiento de la emisora. Esto vulnera la intimidad de la joven que env\u00eda los mensajes al n\u00famero que ten\u00eda su hermana en busca de una sanaci\u00f3n personal (como una manera de superar el duelo que no es un tema menor ni\u00a0 intrascendente) y no para que lo escuche otra persona. Asimismo este accionar viola la intimidad familiar que exist\u00eda entre las hermanas, m\u00e1s all\u00e1 de analizar el contenido de los mensajes.<\/p>\n<p>Una vez que reconocemos esta naturalizaci\u00f3n, \u00bfCu\u00e1l es el riesgo?<\/p>\n<p>El riesgo reside en que se invisibilizan situaciones de violencia, perpetuando el control y manipulaci\u00f3n del que la ejerce. \u00bfQue podr\u00e1 hacer el joven con la informaci\u00f3n que tiene de los mensajes de audio que recibi\u00f3?, como respuesta podemos pensar en no hacer nada, sacar provecho de la informaci\u00f3n, hostigar, perseguir, intimidar, amenazar, chantajear.<\/p>\n<p>En un trabajo se establece que: \u201cHay una naturalizaci\u00f3n de ciertas violencias y al no ser nombradas es dif\u00edcil detectarlas. Por ejemplo el bullying y el grooming est\u00e1n identificadas y los adolescentes pueden detectarlas, pero la suplantaci\u00f3n de identidad, el intercambio de fotos y videos \u00edntimos, son muchas situaciones que no se reconoc\u00edan porque no ten\u00edan nombre y hoy s\u00ed lo tienen y tratamos de abordarlas con adolescentes\u201d, enfatiz\u00f3 Fern\u00e1ndez<a href=\"#_ftn10\" name=\"_ftnref10\">[10]<\/a>.<\/p>\n<p><strong>\u00a0(*)\u00a0<\/strong>Abogado, Profesor y Especialista en violencia familiar, autor de libros y art\u00edculos de su especialidad. Columnista de\u00a0<a href=\"https:\/\/www.instagram.com\/diariodigitalfemenino_\/\">Diario Digital Femenino<\/a>.<\/p>\n<p><strong>Referencias<\/strong><\/p>\n<p><a href=\"#_ftnref1\" name=\"_ftn1\">[1]<\/a> ORTIZ, Diego, La naturalizaci\u00f3n de la violencia familiar en el procedimiento, 21\/12\/18, Revista de Derecho de Familia DPI, Derecho para innovar, Diario Familia y Sucesiones, nro. 180.<\/p>\n<p><a href=\"#_ftnref2\" name=\"_ftn2\">[2]<\/a> Informe sobre violencia digital, Faro digital, 17\/05\/2019, https:\/\/farodigital.org\/violencia-digital\/<\/p>\n<p><a href=\"#_ftnref3\" name=\"_ftn3\">[3]<\/a> Hackea la violencia digital, Amnistia internacional, noviembre del 2024, https:\/\/argentina.unfpa.org\/sites\/default\/files\/pub-pdf\/2025-01\/Hackea%CC%81%20la%20violencia%20digital-9-12.pdf<\/p>\n<p><a href=\"#_ftnref4\" name=\"_ftn4\">[4]<\/a> Hackea la violencia digital, Amnistia internacional, noviembre del 2024, art cit.<\/p>\n<p><a href=\"#_ftnref5\" name=\"_ftn5\">[5]<\/a> Hackea la violencia digital, Amnistia internacional, noviembre del 2024, art cit.<\/p>\n<p><a href=\"#_ftnref6\" name=\"_ftn6\">[6]<\/a> Violencia simb\u00f3lica y naturalizaci\u00f3n de la violencia, Observatorio de violencia contra las mujeres Ormusa, https:\/\/observatoriodeviolenciaormusa.org\/violencia-simbolica\/violencia-simbolica-y-naturalizacion-de-la-violencia-contra-las-mujeres\/<\/p>\n<p><a href=\"#_ftnref7\" name=\"_ftn7\">[7]<\/a> Violencia simb\u00f3lica y naturalizaci\u00f3n de la violencia, Observatorio de violencia contra las mujeres Ormusa, https:\/\/observatoriodeviolenciaormusa.org\/violencia-simbolica\/violencia-simbolica-y-naturalizacion-de-la-violencia-contra-las-mujeres\/<\/p>\n<p><a href=\"#_ftnref8\" name=\"_ftn8\">[8]<\/a> Estreno: 19\/06\/2026, Direcci\u00f3n Leah Mckendrick<\/p>\n<p><a href=\"#_ftnref9\" name=\"_ftn9\">[9]<\/a> Mensajes de voz para Isabelle le da un giro digital a la comedia rom\u00e1ntica con un n\u00famero equivocado, Infobae, https:\/\/www.infobae.com\/que-puedo-ver\/2026\/06\/16\/mensajes-de-voz-para-isabelle-le-da-un-giro-digital-a-la-comedia-romantica-con-un-numero-equivocado-y-un-duelo-inesperado\/?gad_source=1&amp;gad_campaignid=20993778607&amp;gbraid=0AAAAADmqXxQNOsGNvixbHSjFepySw9PQT&amp;gclid=CjwKCAjwqc_UBhBKEiwAWbl25j2r_8sF7sBPEF_lxyZhGHO6kWpG3DdNd5fSJWuKa7tnl7NoVodcthoCzt4QAvD_BwE<\/p>\n<p><a href=\"#_ftnref10\" name=\"_ftn10\">[10]<\/a>Como charlar con adolescentes sobre violencia digital, Universidad Nacional del Litoral, (UNL) 03\/10\/2025,https:\/\/www.unl.edu.ar\/noticias\/news\/view\/%C2%BFc%C3%B3mo_charlar_con_adolescentes_sobre_violencia_digital<\/p>\n<div>\n<div>\n<blockquote><p><strong>Colabora con Diario Digital Femenino<\/strong><br \/>\n$3.000 por mes (sosten\u00e9s a largo plazo)\u00a0<strong><a href=\"https:\/\/www.mercadopago.com.ar\/subscriptions\/checkout\/v2?preapproval_plan_id=2c93808496ae4a940196b01559a4004f\">AQU\u00cd<\/a><\/strong><br \/>\nUna vez al a\u00f1o, vos decid\u00eds el monto (un gesto, una ayuda concreta)\u00a0<strong><a href=\"https:\/\/www.mercadopago.com.ar\/subscriptions\/checkout?preapproval_plan_id=2c938084981e9ee501982d4490280459\">AQU\u00cd<\/a><\/strong><br \/>\nPor \u00fanica vez, el monto que decidas.\u00a0<strong>Alias: Lenny.Caceres<\/strong><\/p><\/blockquote>\n<\/div>\n<\/div>\n<p>&nbsp;<\/p>\n<blockquote><p><strong>Seguinos en Instagram. Diario Digital Femenino:\u00a0<a href=\"https:\/\/www.instagram.com\/diariodigitalfemenino_\/\">@diariodigitalfemenino_<\/a><br \/>\nLenny C\u00e1ceres:\u00a0<a href=\"https:\/\/www.instagram.com\/lennycaceres69\/\">@lennycaceres69<\/a><br \/>\nFacebook:\u00a0<a href=\"https:\/\/www.facebook.com\/DiarioDigitalFemenino\/\">Diario Digital Femenino<\/a><br \/>\nTikTok;\u00a0<a href=\"https:\/\/www.tiktok.com\/@diariodigitalfemenino\">diariodigitalfemenino<\/a><\/strong><\/p><\/blockquote>\n","protected":false},"excerpt":{"rendered":"<p>La naturalizaci\u00f3n e invisibilizaci\u00f3n son dos rasgos que caracterizan a la violencia. Tomar un hecho de violencia de cualquier tipo como normal o simplemente no verlo forma parte de la tem\u00e1tica y es un desaf\u00edo constante para quienes trabajan en distintas disciplinas. La desnaturalizaci\u00f3n y visibilizaci\u00f3n de lo padecido para poder intervenir desde lo legal, [&hellip;]<\/p>\n","protected":false},"author":6,"featured_media":76069,"comment_status":"open","ping_status":"open","sticky":false,"template":"","format":"standard","meta":{"iawp_total_views":8,"footnotes":"","jetpack_post_was_ever_published":false},"categories":[7,1067,178,581,3,8,21,23,592],"tags":[4372,3525,3982,5690,4956,819],"class_list":["post-76068","post","type-post","status-publish","format-standard","has-post-thumbnail","hentry","category-actividades","category-agenda-feminista","category-articulos-y-comunicados","category-azul-profundo","category-de-la-revolucion-al-reaprendizaje","category-entrevistas","category-noticias","category-salud","category-violencias","tag-destacada","tag-diego-oscar-ortiz","tag-invisibilizacion","tag-naturalizacion","tag-violencia-digital","tag-violencias"],"nelio_content":{"autoShareEndMode":"never","automationSources":{"useCustomSentences":false,"customSentences":[]},"efiAlt":"","efiUrl":"","followers":[6],"highlights":[],"isAutoShareEnabled":true,"networkImageIds":[],"permalinkQueryArgs":[],"series":[],"suggestedReferences":[]},"yoast_head":"<!-- This site is optimized with the Yoast SEO plugin v28.4 - https:\/\/yoast.com\/product\/yoast-seo-wordpress\/ -->\n<title>La naturalizaci\u00f3n de la violencia digital - Diario Digital Femenino<\/title>\n<meta name=\"description\" content=\"Violencia digital. La naturalizaci\u00f3n e invisibilizaci\u00f3n son dos rasgos que caracterizan a la violencia, y tambi\u00e9n en entornos digitales.\" \/>\n<meta name=\"robots\" content=\"index, follow, max-snippet:-1, max-image-preview:large, max-video-preview:-1\" \/>\n<link rel=\"canonical\" href=\"https:\/\/diariofemenino.com.ar\/df\/la-naturalizacion-de-la-violencia-digital\/\" \/>\n<meta property=\"og:locale\" content=\"es_ES\" \/>\n<meta property=\"og:type\" content=\"article\" \/>\n<meta property=\"og:title\" content=\"La naturalizaci\u00f3n de la violencia digital - Diario Digital Femenino\" \/>\n<meta property=\"og:description\" content=\"Violencia digital. La naturalizaci\u00f3n e invisibilizaci\u00f3n son dos rasgos que caracterizan a la violencia, y tambi\u00e9n en entornos digitales.\" \/>\n<meta property=\"og:url\" content=\"https:\/\/diariofemenino.com.ar\/df\/la-naturalizacion-de-la-violencia-digital\/\" \/>\n<meta property=\"og:site_name\" content=\"Diario Digital Femenino\" \/>\n<meta property=\"article:publisher\" content=\"https:\/\/www.facebook.com\/DiarioDigitaFemenino\/\" \/>\n<meta property=\"article:published_time\" content=\"2026-09-03T12:29:28+00:00\" \/>\n<meta property=\"og:image\" content=\"https:\/\/diariofemenino.com.ar\/df\/wp-content\/uploads\/2026\/09\/55PAQ624IJBRNH4A7NJVBLCSZA.jpg\" \/>\n\t<meta property=\"og:image:width\" content=\"800\" \/>\n\t<meta property=\"og:image:height\" content=\"400\" \/>\n\t<meta property=\"og:image:type\" content=\"image\/jpeg\" \/>\n<meta name=\"author\" content=\"redaccion\" \/>\n<meta name=\"twitter:card\" content=\"summary_large_image\" \/>\n<meta name=\"twitter:creator\" content=\"@DiarioFemenino1\" \/>\n<meta name=\"twitter:site\" content=\"@DiarioFemenino1\" \/>\n<meta name=\"twitter:label1\" content=\"Escrito por\" \/>\n\t<meta name=\"twitter:data1\" content=\"redaccion\" \/>\n\t<meta name=\"twitter:label2\" content=\"Tiempo de lectura\" \/>\n\t<meta name=\"twitter:data2\" content=\"6 minutos\" \/>\n<script type=\"application\/ld+json\" class=\"yoast-schema-graph\">{\"@context\":\"https:\\\/\\\/schema.org\",\"@graph\":[{\"@type\":\"Article\",\"@id\":\"https:\\\/\\\/diariofemenino.com.ar\\\/df\\\/la-naturalizacion-de-la-violencia-digital\\\/#article\",\"isPartOf\":{\"@id\":\"https:\\\/\\\/diariofemenino.com.ar\\\/df\\\/la-naturalizacion-de-la-violencia-digital\\\/\"},\"author\":{\"name\":\"redaccion\",\"@id\":\"https:\\\/\\\/diariofemenino.com.ar\\\/df\\\/#\\\/schema\\\/person\\\/b6ba2e26f7891f232694804f228a7f27\"},\"headline\":\"La naturalizaci\u00f3n de la violencia digital\",\"datePublished\":\"2026-09-03T12:29:28+00:00\",\"mainEntityOfPage\":{\"@id\":\"https:\\\/\\\/diariofemenino.com.ar\\\/df\\\/la-naturalizacion-de-la-violencia-digital\\\/\"},\"wordCount\":1321,\"commentCount\":0,\"publisher\":{\"@id\":\"https:\\\/\\\/diariofemenino.com.ar\\\/df\\\/#organization\"},\"image\":{\"@id\":\"https:\\\/\\\/diariofemenino.com.ar\\\/df\\\/la-naturalizacion-de-la-violencia-digital\\\/#primaryimage\"},\"thumbnailUrl\":\"https:\\\/\\\/diariofemenino.com.ar\\\/df\\\/wp-content\\\/uploads\\\/2026\\\/09\\\/55PAQ624IJBRNH4A7NJVBLCSZA.jpg\",\"keywords\":[\"Destacada\",\"Diego Oscar Ortiz\",\"Invisibilizaci\u00f3n\",\"Naturalizaci\u00f3n\",\"Violencia digital\",\"Violencias\"],\"articleSection\":[\"Actividades\",\"Agenda Feminista\",\"Art\u00edculos y Comunicados\",\"Azul Profundo\",\"De la Revoluci\u00f3n al Reaprendizaje\",\"Entrevistas\",\"Noticias\",\"Salud\",\"Violencias\"],\"inLanguage\":\"es\",\"potentialAction\":[{\"@type\":\"CommentAction\",\"name\":\"Comment\",\"target\":[\"https:\\\/\\\/diariofemenino.com.ar\\\/df\\\/la-naturalizacion-de-la-violencia-digital\\\/#respond\"]}]},{\"@type\":\"WebPage\",\"@id\":\"https:\\\/\\\/diariofemenino.com.ar\\\/df\\\/la-naturalizacion-de-la-violencia-digital\\\/\",\"url\":\"https:\\\/\\\/diariofemenino.com.ar\\\/df\\\/la-naturalizacion-de-la-violencia-digital\\\/\",\"name\":\"La naturalizaci\u00f3n de la violencia digital - Diario Digital Femenino\",\"isPartOf\":{\"@id\":\"https:\\\/\\\/diariofemenino.com.ar\\\/df\\\/#website\"},\"primaryImageOfPage\":{\"@id\":\"https:\\\/\\\/diariofemenino.com.ar\\\/df\\\/la-naturalizacion-de-la-violencia-digital\\\/#primaryimage\"},\"image\":{\"@id\":\"https:\\\/\\\/diariofemenino.com.ar\\\/df\\\/la-naturalizacion-de-la-violencia-digital\\\/#primaryimage\"},\"thumbnailUrl\":\"https:\\\/\\\/diariofemenino.com.ar\\\/df\\\/wp-content\\\/uploads\\\/2026\\\/09\\\/55PAQ624IJBRNH4A7NJVBLCSZA.jpg\",\"datePublished\":\"2026-09-03T12:29:28+00:00\",\"description\":\"Violencia digital. La naturalizaci\u00f3n e invisibilizaci\u00f3n son dos rasgos que caracterizan a la violencia, y tambi\u00e9n en entornos digitales.\",\"breadcrumb\":{\"@id\":\"https:\\\/\\\/diariofemenino.com.ar\\\/df\\\/la-naturalizacion-de-la-violencia-digital\\\/#breadcrumb\"},\"inLanguage\":\"es\",\"potentialAction\":[{\"@type\":\"ReadAction\",\"target\":[\"https:\\\/\\\/diariofemenino.com.ar\\\/df\\\/la-naturalizacion-de-la-violencia-digital\\\/\"]}]},{\"@type\":\"ImageObject\",\"inLanguage\":\"es\",\"@id\":\"https:\\\/\\\/diariofemenino.com.ar\\\/df\\\/la-naturalizacion-de-la-violencia-digital\\\/#primaryimage\",\"url\":\"https:\\\/\\\/diariofemenino.com.ar\\\/df\\\/wp-content\\\/uploads\\\/2026\\\/09\\\/55PAQ624IJBRNH4A7NJVBLCSZA.jpg\",\"contentUrl\":\"https:\\\/\\\/diariofemenino.com.ar\\\/df\\\/wp-content\\\/uploads\\\/2026\\\/09\\\/55PAQ624IJBRNH4A7NJVBLCSZA.jpg\",\"width\":800,\"height\":400,\"caption\":\"La naturalizaci\u00f3n de la violencia digital\"},{\"@type\":\"BreadcrumbList\",\"@id\":\"https:\\\/\\\/diariofemenino.com.ar\\\/df\\\/la-naturalizacion-de-la-violencia-digital\\\/#breadcrumb\",\"itemListElement\":[{\"@type\":\"ListItem\",\"position\":1,\"name\":\"Portada\",\"item\":\"https:\\\/\\\/diariofemenino.com.ar\\\/df\\\/\"},{\"@type\":\"ListItem\",\"position\":2,\"name\":\"La naturalizaci\u00f3n de la violencia digital\"}]},{\"@type\":\"WebSite\",\"@id\":\"https:\\\/\\\/diariofemenino.com.ar\\\/df\\\/#website\",\"url\":\"https:\\\/\\\/diariofemenino.com.ar\\\/df\\\/\",\"name\":\"Diario Digital Femenino\",\"description\":\"Cuesti\u00f3n de G\u00e9nero\",\"publisher\":{\"@id\":\"https:\\\/\\\/diariofemenino.com.ar\\\/df\\\/#organization\"},\"potentialAction\":[{\"@type\":\"SearchAction\",\"target\":{\"@type\":\"EntryPoint\",\"urlTemplate\":\"https:\\\/\\\/diariofemenino.com.ar\\\/df\\\/?s={search_term_string}\"},\"query-input\":{\"@type\":\"PropertyValueSpecification\",\"valueRequired\":true,\"valueName\":\"search_term_string\"}}],\"inLanguage\":\"es\"},{\"@type\":\"Organization\",\"@id\":\"https:\\\/\\\/diariofemenino.com.ar\\\/df\\\/#organization\",\"name\":\"Diario Femenino\",\"url\":\"https:\\\/\\\/diariofemenino.com.ar\\\/df\\\/\",\"logo\":{\"@type\":\"ImageObject\",\"inLanguage\":\"es\",\"@id\":\"https:\\\/\\\/diariofemenino.com.ar\\\/df\\\/#\\\/schema\\\/logo\\\/image\\\/\",\"url\":\"https:\\\/\\\/diariofemenino.com.ar\\\/df\\\/wp-content\\\/uploads\\\/2018\\\/10\\\/logo.png\",\"contentUrl\":\"https:\\\/\\\/diariofemenino.com.ar\\\/df\\\/wp-content\\\/uploads\\\/2018\\\/10\\\/logo.png\",\"width\":500,\"height\":92,\"caption\":\"Diario Femenino\"},\"image\":{\"@id\":\"https:\\\/\\\/diariofemenino.com.ar\\\/df\\\/#\\\/schema\\\/logo\\\/image\\\/\"},\"sameAs\":[\"https:\\\/\\\/www.facebook.com\\\/DiarioDigitaFemenino\\\/\",\"https:\\\/\\\/x.com\\\/DiarioFemenino1\"]},{\"@type\":\"Person\",\"@id\":\"https:\\\/\\\/diariofemenino.com.ar\\\/df\\\/#\\\/schema\\\/person\\\/b6ba2e26f7891f232694804f228a7f27\",\"name\":\"redaccion\",\"image\":{\"@type\":\"ImageObject\",\"inLanguage\":\"es\",\"@id\":\"https:\\\/\\\/diariofemenino.com.ar\\\/df\\\/wp-content\\\/uploads\\\/2024\\\/09\\\/0eda9a67-a560-4264-8085-ae5314b35c5a-150x150.avif\",\"url\":\"https:\\\/\\\/diariofemenino.com.ar\\\/df\\\/wp-content\\\/uploads\\\/2024\\\/09\\\/0eda9a67-a560-4264-8085-ae5314b35c5a-150x150.avif\",\"contentUrl\":\"https:\\\/\\\/diariofemenino.com.ar\\\/df\\\/wp-content\\\/uploads\\\/2024\\\/09\\\/0eda9a67-a560-4264-8085-ae5314b35c5a-150x150.avif\",\"caption\":\"redaccion\"},\"url\":\"https:\\\/\\\/diariofemenino.com.ar\\\/df\\\/author\\\/redaccion\\\/\"}]}<\/script>\n<!-- \/ Yoast SEO plugin. -->","yoast_head_json":{"title":"La naturalizaci\u00f3n de la violencia digital - Diario Digital Femenino","description":"Violencia digital. La naturalizaci\u00f3n e invisibilizaci\u00f3n son dos rasgos que caracterizan a la violencia, y tambi\u00e9n en entornos digitales.","robots":{"index":"index","follow":"follow","max-snippet":"max-snippet:-1","max-image-preview":"max-image-preview:large","max-video-preview":"max-video-preview:-1"},"canonical":"https:\/\/diariofemenino.com.ar\/df\/la-naturalizacion-de-la-violencia-digital\/","og_locale":"es_ES","og_type":"article","og_title":"La naturalizaci\u00f3n de la violencia digital - Diario Digital Femenino","og_description":"Violencia digital. La naturalizaci\u00f3n e invisibilizaci\u00f3n son dos rasgos que caracterizan a la violencia, y tambi\u00e9n en entornos digitales.","og_url":"https:\/\/diariofemenino.com.ar\/df\/la-naturalizacion-de-la-violencia-digital\/","og_site_name":"Diario Digital Femenino","article_publisher":"https:\/\/www.facebook.com\/DiarioDigitaFemenino\/","article_published_time":"2026-09-03T12:29:28+00:00","og_image":[{"width":800,"height":400,"url":"https:\/\/diariofemenino.com.ar\/df\/wp-content\/uploads\/2026\/09\/55PAQ624IJBRNH4A7NJVBLCSZA.jpg","type":"image\/jpeg"}],"author":"redaccion","twitter_card":"summary_large_image","twitter_creator":"@DiarioFemenino1","twitter_site":"@DiarioFemenino1","twitter_misc":{"Escrito por":"redaccion","Tiempo de lectura":"6 minutos"},"schema":{"@context":"https:\/\/schema.org","@graph":[{"@type":"Article","@id":"https:\/\/diariofemenino.com.ar\/df\/la-naturalizacion-de-la-violencia-digital\/#article","isPartOf":{"@id":"https:\/\/diariofemenino.com.ar\/df\/la-naturalizacion-de-la-violencia-digital\/"},"author":{"name":"redaccion","@id":"https:\/\/diariofemenino.com.ar\/df\/#\/schema\/person\/b6ba2e26f7891f232694804f228a7f27"},"headline":"La naturalizaci\u00f3n de la violencia digital","datePublished":"2026-09-03T12:29:28+00:00","mainEntityOfPage":{"@id":"https:\/\/diariofemenino.com.ar\/df\/la-naturalizacion-de-la-violencia-digital\/"},"wordCount":1321,"commentCount":0,"publisher":{"@id":"https:\/\/diariofemenino.com.ar\/df\/#organization"},"image":{"@id":"https:\/\/diariofemenino.com.ar\/df\/la-naturalizacion-de-la-violencia-digital\/#primaryimage"},"thumbnailUrl":"https:\/\/diariofemenino.com.ar\/df\/wp-content\/uploads\/2026\/09\/55PAQ624IJBRNH4A7NJVBLCSZA.jpg","keywords":["Destacada","Diego Oscar Ortiz","Invisibilizaci\u00f3n","Naturalizaci\u00f3n","Violencia digital","Violencias"],"articleSection":["Actividades","Agenda Feminista","Art\u00edculos y Comunicados","Azul Profundo","De la Revoluci\u00f3n al Reaprendizaje","Entrevistas","Noticias","Salud","Violencias"],"inLanguage":"es","potentialAction":[{"@type":"CommentAction","name":"Comment","target":["https:\/\/diariofemenino.com.ar\/df\/la-naturalizacion-de-la-violencia-digital\/#respond"]}]},{"@type":"WebPage","@id":"https:\/\/diariofemenino.com.ar\/df\/la-naturalizacion-de-la-violencia-digital\/","url":"https:\/\/diariofemenino.com.ar\/df\/la-naturalizacion-de-la-violencia-digital\/","name":"La naturalizaci\u00f3n de la violencia digital - Diario Digital Femenino","isPartOf":{"@id":"https:\/\/diariofemenino.com.ar\/df\/#website"},"primaryImageOfPage":{"@id":"https:\/\/diariofemenino.com.ar\/df\/la-naturalizacion-de-la-violencia-digital\/#primaryimage"},"image":{"@id":"https:\/\/diariofemenino.com.ar\/df\/la-naturalizacion-de-la-violencia-digital\/#primaryimage"},"thumbnailUrl":"https:\/\/diariofemenino.com.ar\/df\/wp-content\/uploads\/2026\/09\/55PAQ624IJBRNH4A7NJVBLCSZA.jpg","datePublished":"2026-09-03T12:29:28+00:00","description":"Violencia digital. La naturalizaci\u00f3n e invisibilizaci\u00f3n son dos rasgos que caracterizan a la violencia, y tambi\u00e9n en entornos digitales.","breadcrumb":{"@id":"https:\/\/diariofemenino.com.ar\/df\/la-naturalizacion-de-la-violencia-digital\/#breadcrumb"},"inLanguage":"es","potentialAction":[{"@type":"ReadAction","target":["https:\/\/diariofemenino.com.ar\/df\/la-naturalizacion-de-la-violencia-digital\/"]}]},{"@type":"ImageObject","inLanguage":"es","@id":"https:\/\/diariofemenino.com.ar\/df\/la-naturalizacion-de-la-violencia-digital\/#primaryimage","url":"https:\/\/diariofemenino.com.ar\/df\/wp-content\/uploads\/2026\/09\/55PAQ624IJBRNH4A7NJVBLCSZA.jpg","contentUrl":"https:\/\/diariofemenino.com.ar\/df\/wp-content\/uploads\/2026\/09\/55PAQ624IJBRNH4A7NJVBLCSZA.jpg","width":800,"height":400,"caption":"La naturalizaci\u00f3n de la violencia digital"},{"@type":"BreadcrumbList","@id":"https:\/\/diariofemenino.com.ar\/df\/la-naturalizacion-de-la-violencia-digital\/#breadcrumb","itemListElement":[{"@type":"ListItem","position":1,"name":"Portada","item":"https:\/\/diariofemenino.com.ar\/df\/"},{"@type":"ListItem","position":2,"name":"La naturalizaci\u00f3n de la violencia digital"}]},{"@type":"WebSite","@id":"https:\/\/diariofemenino.com.ar\/df\/#website","url":"https:\/\/diariofemenino.com.ar\/df\/","name":"Diario Digital Femenino","description":"Cuesti\u00f3n de G\u00e9nero","publisher":{"@id":"https:\/\/diariofemenino.com.ar\/df\/#organization"},"potentialAction":[{"@type":"SearchAction","target":{"@type":"EntryPoint","urlTemplate":"https:\/\/diariofemenino.com.ar\/df\/?s={search_term_string}"},"query-input":{"@type":"PropertyValueSpecification","valueRequired":true,"valueName":"search_term_string"}}],"inLanguage":"es"},{"@type":"Organization","@id":"https:\/\/diariofemenino.com.ar\/df\/#organization","name":"Diario Femenino","url":"https:\/\/diariofemenino.com.ar\/df\/","logo":{"@type":"ImageObject","inLanguage":"es","@id":"https:\/\/diariofemenino.com.ar\/df\/#\/schema\/logo\/image\/","url":"https:\/\/diariofemenino.com.ar\/df\/wp-content\/uploads\/2018\/10\/logo.png","contentUrl":"https:\/\/diariofemenino.com.ar\/df\/wp-content\/uploads\/2018\/10\/logo.png","width":500,"height":92,"caption":"Diario Femenino"},"image":{"@id":"https:\/\/diariofemenino.com.ar\/df\/#\/schema\/logo\/image\/"},"sameAs":["https:\/\/www.facebook.com\/DiarioDigitaFemenino\/","https:\/\/x.com\/DiarioFemenino1"]},{"@type":"Person","@id":"https:\/\/diariofemenino.com.ar\/df\/#\/schema\/person\/b6ba2e26f7891f232694804f228a7f27","name":"redaccion","image":{"@type":"ImageObject","inLanguage":"es","@id":"https:\/\/diariofemenino.com.ar\/df\/wp-content\/uploads\/2024\/09\/0eda9a67-a560-4264-8085-ae5314b35c5a-150x150.avif","url":"https:\/\/diariofemenino.com.ar\/df\/wp-content\/uploads\/2024\/09\/0eda9a67-a560-4264-8085-ae5314b35c5a-150x150.avif","contentUrl":"https:\/\/diariofemenino.com.ar\/df\/wp-content\/uploads\/2024\/09\/0eda9a67-a560-4264-8085-ae5314b35c5a-150x150.avif","caption":"redaccion"},"url":"https:\/\/diariofemenino.com.ar\/df\/author\/redaccion\/"}]}},"jetpack_sharing_enabled":true,"jetpack_featured_media_url":"https:\/\/diariofemenino.com.ar\/df\/wp-content\/uploads\/2026\/09\/55PAQ624IJBRNH4A7NJVBLCSZA.jpg","rttpg_featured_image_url":{"full":["https:\/\/diariofemenino.com.ar\/df\/wp-content\/uploads\/2026\/09\/55PAQ624IJBRNH4A7NJVBLCSZA.jpg",800,400,false],"landscape":["https:\/\/diariofemenino.com.ar\/df\/wp-content\/uploads\/2026\/09\/55PAQ624IJBRNH4A7NJVBLCSZA.jpg",800,400,false],"portraits":["https:\/\/diariofemenino.com.ar\/df\/wp-content\/uploads\/2026\/09\/55PAQ624IJBRNH4A7NJVBLCSZA.jpg",800,400,false],"thumbnail":["https:\/\/diariofemenino.com.ar\/df\/wp-content\/uploads\/2026\/09\/55PAQ624IJBRNH4A7NJVBLCSZA-150x150.jpg",150,150,true],"medium":["https:\/\/diariofemenino.com.ar\/df\/wp-content\/uploads\/2026\/09\/55PAQ624IJBRNH4A7NJVBLCSZA-300x150.jpg",300,150,true],"large":["https:\/\/diariofemenino.com.ar\/df\/wp-content\/uploads\/2026\/09\/55PAQ624IJBRNH4A7NJVBLCSZA.jpg",800,400,false],"1536x1536":["https:\/\/diariofemenino.com.ar\/df\/wp-content\/uploads\/2026\/09\/55PAQ624IJBRNH4A7NJVBLCSZA.jpg",800,400,false],"2048x2048":["https:\/\/diariofemenino.com.ar\/df\/wp-content\/uploads\/2026\/09\/55PAQ624IJBRNH4A7NJVBLCSZA.jpg",800,400,false]},"rttpg_author":{"display_name":"redaccion","author_link":"https:\/\/diariofemenino.com.ar\/df\/author\/redaccion\/"},"rttpg_comment":0,"rttpg_category":"<a href=\"https:\/\/diariofemenino.com.ar\/df\/category\/actividades\/\" rel=\"category tag\">Actividades<\/a> <a href=\"https:\/\/diariofemenino.com.ar\/df\/category\/agenda-feminista\/\" rel=\"category tag\">Agenda Feminista<\/a> <a href=\"https:\/\/diariofemenino.com.ar\/df\/category\/articulos-y-comunicados\/\" rel=\"category tag\">Art\u00edculos y Comunicados<\/a> <a href=\"https:\/\/diariofemenino.com.ar\/df\/category\/azul-profundo\/\" rel=\"category tag\">Azul Profundo<\/a> <a href=\"https:\/\/diariofemenino.com.ar\/df\/category\/de-la-revolucion-al-reaprendizaje\/\" rel=\"category tag\">De la Revoluci\u00f3n al Reaprendizaje<\/a> <a href=\"https:\/\/diariofemenino.com.ar\/df\/category\/entrevistas\/\" rel=\"category tag\">Entrevistas<\/a> <a href=\"https:\/\/diariofemenino.com.ar\/df\/category\/noticias\/\" rel=\"category tag\">Noticias<\/a> <a href=\"https:\/\/diariofemenino.com.ar\/df\/category\/salud\/\" rel=\"category tag\">Salud<\/a> <a href=\"https:\/\/diariofemenino.com.ar\/df\/category\/violencias\/\" rel=\"category tag\">Violencias<\/a>","rttpg_excerpt":"La naturalizaci\u00f3n e invisibilizaci\u00f3n son dos rasgos que caracterizan a la violencia. Tomar un hecho de violencia de cualquier tipo como normal o simplemente no verlo forma parte de la tem\u00e1tica y es un desaf\u00edo constante para quienes trabajan en distintas disciplinas. La desnaturalizaci\u00f3n y visibilizaci\u00f3n de lo padecido para poder intervenir desde lo legal,&hellip;","_links":{"self":[{"href":"https:\/\/diariofemenino.com.ar\/df\/wp-json\/wp\/v2\/posts\/76068","targetHints":{"allow":["GET"]}}],"collection":[{"href":"https:\/\/diariofemenino.com.ar\/df\/wp-json\/wp\/v2\/posts"}],"about":[{"href":"https:\/\/diariofemenino.com.ar\/df\/wp-json\/wp\/v2\/types\/post"}],"author":[{"embeddable":true,"href":"https:\/\/diariofemenino.com.ar\/df\/wp-json\/wp\/v2\/users\/6"}],"replies":[{"embeddable":true,"href":"https:\/\/diariofemenino.com.ar\/df\/wp-json\/wp\/v2\/comments?post=76068"}],"version-history":[{"count":1,"href":"https:\/\/diariofemenino.com.ar\/df\/wp-json\/wp\/v2\/posts\/76068\/revisions"}],"predecessor-version":[{"id":76072,"href":"https:\/\/diariofemenino.com.ar\/df\/wp-json\/wp\/v2\/posts\/76068\/revisions\/76072"}],"wp:featuredmedia":[{"embeddable":true,"href":"https:\/\/diariofemenino.com.ar\/df\/wp-json\/wp\/v2\/media\/76069"}],"wp:attachment":[{"href":"https:\/\/diariofemenino.com.ar\/df\/wp-json\/wp\/v2\/media?parent=76068"}],"wp:term":[{"taxonomy":"category","embeddable":true,"href":"https:\/\/diariofemenino.com.ar\/df\/wp-json\/wp\/v2\/categories?post=76068"},{"taxonomy":"post_tag","embeddable":true,"href":"https:\/\/diariofemenino.com.ar\/df\/wp-json\/wp\/v2\/tags?post=76068"}],"curies":[{"name":"wp","href":"https:\/\/api.w.org\/{rel}","templated":true}]}}