{"id":75727,"date":"2026-04-02T19:05:44","date_gmt":"2026-04-02T22:05:44","guid":{"rendered":"https:\/\/diariofemenino.com.ar\/df\/?p=75727"},"modified":"2026-04-02T20:39:35","modified_gmt":"2026-04-02T23:39:35","slug":"santa-rosa-consolida-su-politica-de-genero","status":"publish","type":"post","link":"https:\/\/diariofemenino.com.ar\/df\/santa-rosa-consolida-su-politica-de-genero\/","title":{"rendered":"Santa Rosa consolida su pol\u00edtica de g\u00e9nero con nuevos talleres que construyen comunidad"},"content":{"rendered":"<p><em><span style=\"color: #000000;\">La Municipalidad de Santa Rosa sostiene un abordaje integral a trav\u00e9s de la Direcci\u00f3n de Pol\u00edticas de G\u00e9nero y Diversidad, con equipos especializados, dispositivos de atenci\u00f3n y trabajo articulado. A 20 a\u00f1os de su puesta en marcha, este trabajo se consolida y ampl\u00eda en el territorio. En ese marco, se suman nuevas propuestas de talleres con inscripciones hasta el 17 de abril.<\/span><\/em><\/p>\n<p><span style=\"color: #000000;\">En Santa Rosa, las pol\u00edticas de g\u00e9nero se desarrollan como una l\u00ednea de trabajo sostenida que prioriza el acompa\u00f1amiento, la prevenci\u00f3n y la garant\u00eda de derechos. La Municipalidad impulsa acciones que combinan atenci\u00f3n directa, dispositivos de guardia ante situaciones urgentes y articulaci\u00f3n permanente con el sistema judicial y otras \u00e1reas del Estado.<\/span><\/p>\n<p><span style=\"color: #000000;\">El abordaje se organiza desde una perspectiva integral, con equipos interdisciplinarios que acompa\u00f1an cada situaci\u00f3n de manera sostenida. La intervenci\u00f3n no se limita a la asistencia inicial: incluye seguimiento, estrategias de protecci\u00f3n y herramientas que permiten fortalecer la autonom\u00eda, en coordinaci\u00f3n con distintas instituciones y actores de la comunidad.<\/span><\/p>\n<p><strong><span style=\"color: #000000;\">Talleres que generan oportunidades y v\u00ednculos<br \/>\n<\/span><\/strong><\/p>\n<figure id=\"attachment_75730\" aria-describedby=\"caption-attachment-75730\" style=\"width: 550px\" class=\"wp-caption aligncenter\"><img loading=\"lazy\" decoding=\"async\" class=\" wp-image-75730\" src=\"https:\/\/diariofemenino.com.ar\/df\/wp-content\/uploads\/2026\/04\/WhatsApp-Image-2026-04-01-at-08.06.35-1024x1024.webp\" alt=\"Santa Rosa consolida su pol\u00edtica de g\u00e9nero\" width=\"550\" height=\"550\" srcset=\"https:\/\/diariofemenino.com.ar\/df\/wp-content\/uploads\/2026\/04\/WhatsApp-Image-2026-04-01-at-08.06.35-1024x1024.webp 1024w, https:\/\/diariofemenino.com.ar\/df\/wp-content\/uploads\/2026\/04\/WhatsApp-Image-2026-04-01-at-08.06.35-300x300.webp 300w, https:\/\/diariofemenino.com.ar\/df\/wp-content\/uploads\/2026\/04\/WhatsApp-Image-2026-04-01-at-08.06.35-150x150.webp 150w, https:\/\/diariofemenino.com.ar\/df\/wp-content\/uploads\/2026\/04\/WhatsApp-Image-2026-04-01-at-08.06.35-768x768.webp 768w, https:\/\/diariofemenino.com.ar\/df\/wp-content\/uploads\/2026\/04\/WhatsApp-Image-2026-04-01-at-08.06.35.webp 1280w\" sizes=\"auto, (max-width: 550px) 100vw, 550px\" \/><figcaption id=\"caption-attachment-75730\" class=\"wp-caption-text\">Santa Rosa consolida su pol\u00edtica de g\u00e9nero<\/figcaption><\/figure>\n<p><span style=\"color: #000000;\">En ese mismo camino, el municipio impulsa propuestas concretas que fortalecen la autonom\u00eda y el acceso a herramientas laborales. Conoc\u00e9 y sumate a los talleres que comienzan con inscripciones disponibles hasta el 17 de abril:<\/span><\/p>\n<p><strong><span style=\"color: #000000;\">&#8211; Reposter\u00eda y panificados<\/span><\/strong><br \/>\n<span style=\"color: #000000;\">Cervantes 608 (Fundaci\u00f3n Ayud\u00e1ndonos)<\/span><br \/>\n<span style=\"color: #000000;\">Martes de 9 a 12 horas<\/span><br \/>\n<span style=\"color: #000000;\">Jueves de 9 a 12 horas<\/span><br \/>\n<strong><span style=\"color: #000000;\">&#8211; Panificaci\u00f3n<\/span><\/strong><br \/>\n<span style=\"color: #000000;\">Joaqu\u00edn Ferro 1359 (Hermanas Adoratrices)<\/span><br \/>\n<span style=\"color: #000000;\">Lunes y mi\u00e9rcoles de 14:00 a 17:00 horas<\/span><br \/>\n<strong><span style=\"color: #000000;\">&#8211; Manualidades<\/span><\/strong><br \/>\n<span style=\"color: #000000;\">Joaqu\u00edn Ferro 1359 (Hermanas Adoratrices)<\/span><br \/>\n<span style=\"color: #000000;\">Viernes de 14:00 a 17:00 horas<\/span><br \/>\n<strong><span style=\"color: #000000;\">&#8211; Costura con m\u00e1quinas industriales y familiares<\/span><\/strong><br \/>\n<span style=\"color: #000000;\">Brasil y Jos\u00e9 Ingenieros (La Casita)<\/span><br \/>\n<span style=\"color: #000000;\">Lunes 9:00 a 12:00 horas<\/span><br \/>\n<span style=\"color: #000000;\">Martes 9:00 a 12:00 horas<\/span><br \/>\n<span style=\"color: #000000;\">Mi\u00e9rcoles 9:00 a 12:00 horas<\/span><br \/>\n<span style=\"color: #000000;\">Jueves 9:00 a 12:00 horas<\/span><\/p>\n<p><span style=\"color: #000000;\">Las inscripciones se realizan en \u201cLa Casita\u201d, ubicada en Brasil y Jos\u00e9 Ingenieros. Quienes quieran sumarse a estos espacios, lo podr\u00e1n hacer en el horario de 8:00 a 16:00 y recibir\u00e1n toda la informaci\u00f3n que necesiten.<\/span><\/p>\n<blockquote><p><span style=\"color: #000000;\">20 a\u00f1os de presencia, trabajo y construcci\u00f3n colectiva<\/span><\/p><\/blockquote>\n<p><span style=\"color: #000000;\">Hace dos d\u00e9cadas, la Municipalidad de Santa Rosa conform\u00f3 un equipo t\u00e9cnico espec\u00edfico para abordar la violencia familiar y de g\u00e9nero. Seg\u00fan registros del a\u00f1o 2006, ese primer grupo interdisciplinario comenz\u00f3 a intervenir en territorio con una l\u00f3gica de acompa\u00f1amiento, articulaci\u00f3n institucional y construcci\u00f3n de respuestas integrales. Esa decisi\u00f3n marc\u00f3 el inicio de un recorrido que hoy se expresa en una pol\u00edtica consolidada, con equipos, dispositivos y herramientas que contin\u00faan ampli\u00e1ndose.<\/span><\/p>\n<p><span style=\"color: #000000;\">\u00bfQuer\u00e9s saber m\u00e1s?<\/span><br \/>\n<span style=\"color: #000000;\">\u201cLa Casita\u201d funciona de lunes a viernes, de 8:00 a 19:00 horas, con asesoramiento y asistencia socioecon\u00f3mica en la franja horaria que va de 8:00 a 13:00. Para consultas o acompa\u00f1amiento est\u00e1n disponibles los tel\u00e9fonos 2954-410680 y 2954-15866548.<\/span><\/p>\n<p><span style=\"color: #000000;\">El equipo de <strong>abordaje a masculinidades<\/strong> atiende en Escalante 513 (tel\u00e9fono 2954-15865229).<\/span><\/p>\n<p><span style=\"color: #000000;\">Una pol\u00edtica que se sostiene con trabajo cotidiano, presencia en el territorio y propuestas concretas que siguen construyendo comunidad en la capital pampeana.<\/span><\/p>\n<div>\n<div>\n<blockquote><p><span style=\"color: #000000;\"><strong>Colabora con Diario Digital Femenino<\/strong><\/span><br \/>\n$3.000 por mes (sosten\u00e9s a largo plazo)\u00a0<strong><a href=\"https:\/\/www.mercadopago.com.ar\/subscriptions\/checkout\/v2?preapproval_plan_id=2c93808496ae4a940196b01559a4004f\">AQU\u00cd<\/a><\/strong><br \/>\nUna vez al a\u00f1o, vos decid\u00eds el monto (un gesto, una ayuda concreta)\u00a0<strong><a href=\"https:\/\/www.mercadopago.com.ar\/subscriptions\/checkout?preapproval_plan_id=2c938084981e9ee501982d4490280459\">AQU\u00cd<\/a><\/strong><br \/>\nPor \u00fanica vez, el monto que decidas.\u00a0<strong>Alias: Lenny.Caceres<\/strong><\/p><\/blockquote>\n<\/div>\n<\/div>\n<p>&nbsp;<\/p>\n<blockquote><p><strong><span style=\"color: #000000;\">Seguinos en Instagram. Diario Digital Femenino:<\/span>\u00a0<a href=\"https:\/\/www.instagram.com\/diariodigitalfemenino_\/\">@diariodigitalfemenino_<\/a><br \/>\nLenny C\u00e1ceres:\u00a0<a href=\"https:\/\/www.instagram.com\/lennycaceres69\/\">@lennycaceres69<\/a><br \/>\nFacebook:\u00a0<a href=\"https:\/\/www.facebook.com\/DiarioDigitalFemenino\/\">Diario Digital Femenino<\/a><br \/>\nTikTok;\u00a0<a href=\"https:\/\/www.tiktok.com\/@diariodigitalfemenino\">diariodigitalfemenino<\/a><\/strong><\/p><\/blockquote>\n","protected":false},"excerpt":{"rendered":"<p>La Municipalidad de Santa Rosa sostiene un abordaje integral a trav\u00e9s de la Direcci\u00f3n de Pol\u00edticas de G\u00e9nero y Diversidad, con equipos especializados, dispositivos de atenci\u00f3n y trabajo articulado. A 20 a\u00f1os de su puesta en marcha, este trabajo se consolida y ampl\u00eda en el territorio. En ese marco, se suman nuevas propuestas de talleres [&hellip;]<\/p>\n","protected":false},"author":4,"featured_media":75729,"comment_status":"open","ping_status":"open","sticky":false,"template":"","format":"standard","meta":{"iawp_total_views":19,"footnotes":""},"categories":[7,1067,178,182,32,1251,21],"tags":[4599,120,1177,3424,1129,1273],"class_list":["post-75727","post","type-post","status-publish","format-standard","has-post-thumbnail","hentry","category-actividades","category-agenda-feminista","category-articulos-y-comunicados","category-informes","category-mujeres","category-mujeres-de-la-pampa","category-noticias","tag-comunidad","tag-diversidad","tag-herramientas","tag-politicas-de-genero","tag-santa-rosa","tag-talleres"],"nelio_content":{"autoShareEndMode":"never","automationSources":{"useCustomSentences":false,"customSentences":[]},"efiAlt":"","efiUrl":"","followers":[4],"highlights":[],"isAutoShareEnabled":true,"networkImageIds":[],"permalinkQueryArgs":[],"series":[],"suggestedReferences":[]},"yoast_head":"<!-- This site is optimized with the Yoast SEO plugin v27.5 - https:\/\/yoast.com\/product\/yoast-seo-wordpress\/ -->\n<title>Santa Rosa consolida su pol\u00edtica de g\u00e9nero con nuevos talleres que construyen comunidad - Diario Digital Femenino<\/title>\n<meta name=\"description\" content=\"Santa Rosa consolida su pol\u00edtica de g\u00e9nero. Impulsa propuestas concretas que fortalecen la autonom\u00eda y el acceso a herramientas laborales.\" \/>\n<meta name=\"robots\" content=\"index, follow, max-snippet:-1, max-image-preview:large, max-video-preview:-1\" \/>\n<link rel=\"canonical\" href=\"https:\/\/diariofemenino.com.ar\/df\/santa-rosa-consolida-su-politica-de-genero\/\" \/>\n<meta property=\"og:locale\" content=\"es_ES\" \/>\n<meta property=\"og:type\" content=\"article\" \/>\n<meta property=\"og:title\" content=\"Santa Rosa consolida su pol\u00edtica de g\u00e9nero con nuevos talleres que construyen comunidad - Diario Digital Femenino\" \/>\n<meta property=\"og:description\" content=\"Santa Rosa consolida su pol\u00edtica de g\u00e9nero. Impulsa propuestas concretas que fortalecen la autonom\u00eda y el acceso a herramientas laborales.\" \/>\n<meta property=\"og:url\" content=\"https:\/\/diariofemenino.com.ar\/df\/santa-rosa-consolida-su-politica-de-genero\/\" \/>\n<meta property=\"og:site_name\" content=\"Diario Digital Femenino\" \/>\n<meta property=\"article:publisher\" content=\"https:\/\/www.facebook.com\/DiarioDigitaFemenino\/\" \/>\n<meta property=\"article:published_time\" content=\"2026-04-02T22:05:44+00:00\" \/>\n<meta property=\"article:modified_time\" content=\"2026-04-02T23:39:35+00:00\" \/>\n<meta property=\"og:image\" content=\"https:\/\/diariofemenino.com.ar\/df\/wp-content\/uploads\/2026\/04\/Diseno-sin-titulo-10-scaled.webp\" \/>\n\t<meta property=\"og:image:width\" content=\"2560\" \/>\n\t<meta property=\"og:image:height\" content=\"1280\" \/>\n\t<meta property=\"og:image:type\" content=\"image\/webp\" \/>\n<meta name=\"author\" content=\"Admin\" \/>\n<meta name=\"twitter:card\" content=\"summary_large_image\" \/>\n<meta name=\"twitter:creator\" content=\"@DiarioFemenino1\" \/>\n<meta name=\"twitter:site\" content=\"@DiarioFemenino1\" \/>\n<meta name=\"twitter:label1\" content=\"Escrito por\" \/>\n\t<meta name=\"twitter:data1\" content=\"Admin\" \/>\n\t<meta name=\"twitter:label2\" content=\"Tiempo de lectura\" \/>\n\t<meta name=\"twitter:data2\" content=\"3 minutos\" \/>\n<script type=\"application\/ld+json\" class=\"yoast-schema-graph\">{\"@context\":\"https:\\\/\\\/schema.org\",\"@graph\":[{\"@type\":\"Article\",\"@id\":\"https:\\\/\\\/diariofemenino.com.ar\\\/df\\\/santa-rosa-consolida-su-politica-de-genero\\\/#article\",\"isPartOf\":{\"@id\":\"https:\\\/\\\/diariofemenino.com.ar\\\/df\\\/santa-rosa-consolida-su-politica-de-genero\\\/\"},\"author\":{\"name\":\"Admin\",\"@id\":\"https:\\\/\\\/diariofemenino.com.ar\\\/df\\\/#\\\/schema\\\/person\\\/bf6199e8158c657ea6f789b11ec85509\"},\"headline\":\"Santa Rosa consolida su pol\u00edtica de g\u00e9nero con nuevos talleres que construyen comunidad\",\"datePublished\":\"2026-04-02T22:05:44+00:00\",\"dateModified\":\"2026-04-02T23:39:35+00:00\",\"mainEntityOfPage\":{\"@id\":\"https:\\\/\\\/diariofemenino.com.ar\\\/df\\\/santa-rosa-consolida-su-politica-de-genero\\\/\"},\"wordCount\":592,\"commentCount\":0,\"publisher\":{\"@id\":\"https:\\\/\\\/diariofemenino.com.ar\\\/df\\\/#organization\"},\"image\":{\"@id\":\"https:\\\/\\\/diariofemenino.com.ar\\\/df\\\/santa-rosa-consolida-su-politica-de-genero\\\/#primaryimage\"},\"thumbnailUrl\":\"https:\\\/\\\/diariofemenino.com.ar\\\/df\\\/wp-content\\\/uploads\\\/2026\\\/04\\\/Diseno-sin-titulo-10-scaled.webp\",\"keywords\":[\"Comunidad\",\"Diversidad\",\"Herramientas\",\"Pol\u00edticas de g\u00e9nero\",\"Santa Rosa\",\"talleres\"],\"articleSection\":[\"Actividades\",\"Agenda Feminista\",\"Art\u00edculos y Comunicados\",\"Informes\",\"Mujeres\",\"Mujeres de La Pampa\",\"Noticias\"],\"inLanguage\":\"es\",\"potentialAction\":[{\"@type\":\"CommentAction\",\"name\":\"Comment\",\"target\":[\"https:\\\/\\\/diariofemenino.com.ar\\\/df\\\/santa-rosa-consolida-su-politica-de-genero\\\/#respond\"]}]},{\"@type\":\"WebPage\",\"@id\":\"https:\\\/\\\/diariofemenino.com.ar\\\/df\\\/santa-rosa-consolida-su-politica-de-genero\\\/\",\"url\":\"https:\\\/\\\/diariofemenino.com.ar\\\/df\\\/santa-rosa-consolida-su-politica-de-genero\\\/\",\"name\":\"Santa Rosa consolida su pol\u00edtica de g\u00e9nero con nuevos talleres que construyen comunidad - Diario Digital Femenino\",\"isPartOf\":{\"@id\":\"https:\\\/\\\/diariofemenino.com.ar\\\/df\\\/#website\"},\"primaryImageOfPage\":{\"@id\":\"https:\\\/\\\/diariofemenino.com.ar\\\/df\\\/santa-rosa-consolida-su-politica-de-genero\\\/#primaryimage\"},\"image\":{\"@id\":\"https:\\\/\\\/diariofemenino.com.ar\\\/df\\\/santa-rosa-consolida-su-politica-de-genero\\\/#primaryimage\"},\"thumbnailUrl\":\"https:\\\/\\\/diariofemenino.com.ar\\\/df\\\/wp-content\\\/uploads\\\/2026\\\/04\\\/Diseno-sin-titulo-10-scaled.webp\",\"datePublished\":\"2026-04-02T22:05:44+00:00\",\"dateModified\":\"2026-04-02T23:39:35+00:00\",\"description\":\"Santa Rosa consolida su pol\u00edtica de g\u00e9nero. Impulsa propuestas concretas que fortalecen la autonom\u00eda y el acceso a herramientas laborales.\",\"breadcrumb\":{\"@id\":\"https:\\\/\\\/diariofemenino.com.ar\\\/df\\\/santa-rosa-consolida-su-politica-de-genero\\\/#breadcrumb\"},\"inLanguage\":\"es\",\"potentialAction\":[{\"@type\":\"ReadAction\",\"target\":[\"https:\\\/\\\/diariofemenino.com.ar\\\/df\\\/santa-rosa-consolida-su-politica-de-genero\\\/\"]}]},{\"@type\":\"ImageObject\",\"inLanguage\":\"es\",\"@id\":\"https:\\\/\\\/diariofemenino.com.ar\\\/df\\\/santa-rosa-consolida-su-politica-de-genero\\\/#primaryimage\",\"url\":\"https:\\\/\\\/diariofemenino.com.ar\\\/df\\\/wp-content\\\/uploads\\\/2026\\\/04\\\/Diseno-sin-titulo-10-scaled.webp\",\"contentUrl\":\"https:\\\/\\\/diariofemenino.com.ar\\\/df\\\/wp-content\\\/uploads\\\/2026\\\/04\\\/Diseno-sin-titulo-10-scaled.webp\",\"width\":2560,\"height\":1280,\"caption\":\"Santa Rosa consolida su pol\u00edtica de g\u00e9nero\"},{\"@type\":\"BreadcrumbList\",\"@id\":\"https:\\\/\\\/diariofemenino.com.ar\\\/df\\\/santa-rosa-consolida-su-politica-de-genero\\\/#breadcrumb\",\"itemListElement\":[{\"@type\":\"ListItem\",\"position\":1,\"name\":\"Portada\",\"item\":\"https:\\\/\\\/diariofemenino.com.ar\\\/df\\\/\"},{\"@type\":\"ListItem\",\"position\":2,\"name\":\"Santa Rosa consolida su pol\u00edtica de g\u00e9nero con nuevos talleres que construyen comunidad\"}]},{\"@type\":\"WebSite\",\"@id\":\"https:\\\/\\\/diariofemenino.com.ar\\\/df\\\/#website\",\"url\":\"https:\\\/\\\/diariofemenino.com.ar\\\/df\\\/\",\"name\":\"Diario Digital Femenino\",\"description\":\"Cuesti\u00f3n de G\u00e9nero\",\"publisher\":{\"@id\":\"https:\\\/\\\/diariofemenino.com.ar\\\/df\\\/#organization\"},\"potentialAction\":[{\"@type\":\"SearchAction\",\"target\":{\"@type\":\"EntryPoint\",\"urlTemplate\":\"https:\\\/\\\/diariofemenino.com.ar\\\/df\\\/?s={search_term_string}\"},\"query-input\":{\"@type\":\"PropertyValueSpecification\",\"valueRequired\":true,\"valueName\":\"search_term_string\"}}],\"inLanguage\":\"es\"},{\"@type\":\"Organization\",\"@id\":\"https:\\\/\\\/diariofemenino.com.ar\\\/df\\\/#organization\",\"name\":\"Diario Femenino\",\"url\":\"https:\\\/\\\/diariofemenino.com.ar\\\/df\\\/\",\"logo\":{\"@type\":\"ImageObject\",\"inLanguage\":\"es\",\"@id\":\"https:\\\/\\\/diariofemenino.com.ar\\\/df\\\/#\\\/schema\\\/logo\\\/image\\\/\",\"url\":\"https:\\\/\\\/diariofemenino.com.ar\\\/df\\\/wp-content\\\/uploads\\\/2018\\\/10\\\/logo.png\",\"contentUrl\":\"https:\\\/\\\/diariofemenino.com.ar\\\/df\\\/wp-content\\\/uploads\\\/2018\\\/10\\\/logo.png\",\"width\":500,\"height\":92,\"caption\":\"Diario Femenino\"},\"image\":{\"@id\":\"https:\\\/\\\/diariofemenino.com.ar\\\/df\\\/#\\\/schema\\\/logo\\\/image\\\/\"},\"sameAs\":[\"https:\\\/\\\/www.facebook.com\\\/DiarioDigitaFemenino\\\/\",\"https:\\\/\\\/x.com\\\/DiarioFemenino1\"]},{\"@type\":\"Person\",\"@id\":\"https:\\\/\\\/diariofemenino.com.ar\\\/df\\\/#\\\/schema\\\/person\\\/bf6199e8158c657ea6f789b11ec85509\",\"name\":\"Admin\",\"image\":{\"@type\":\"ImageObject\",\"inLanguage\":\"es\",\"@id\":\"https:\\\/\\\/diariofemenino.com.ar\\\/df\\\/wp-content\\\/uploads\\\/2018\\\/12\\\/favicon-150x150.jpg\",\"url\":\"https:\\\/\\\/diariofemenino.com.ar\\\/df\\\/wp-content\\\/uploads\\\/2018\\\/12\\\/favicon-150x150.jpg\",\"contentUrl\":\"https:\\\/\\\/diariofemenino.com.ar\\\/df\\\/wp-content\\\/uploads\\\/2018\\\/12\\\/favicon-150x150.jpg\",\"caption\":\"Admin\"},\"url\":\"https:\\\/\\\/diariofemenino.com.ar\\\/df\\\/author\\\/lenny\\\/\"}]}<\/script>\n<!-- \/ Yoast SEO plugin. -->","yoast_head_json":{"title":"Santa Rosa consolida su pol\u00edtica de g\u00e9nero con nuevos talleres que construyen comunidad - Diario Digital Femenino","description":"Santa Rosa consolida su pol\u00edtica de g\u00e9nero. Impulsa propuestas concretas que fortalecen la autonom\u00eda y el acceso a herramientas laborales.","robots":{"index":"index","follow":"follow","max-snippet":"max-snippet:-1","max-image-preview":"max-image-preview:large","max-video-preview":"max-video-preview:-1"},"canonical":"https:\/\/diariofemenino.com.ar\/df\/santa-rosa-consolida-su-politica-de-genero\/","og_locale":"es_ES","og_type":"article","og_title":"Santa Rosa consolida su pol\u00edtica de g\u00e9nero con nuevos talleres que construyen comunidad - Diario Digital Femenino","og_description":"Santa Rosa consolida su pol\u00edtica de g\u00e9nero. Impulsa propuestas concretas que fortalecen la autonom\u00eda y el acceso a herramientas laborales.","og_url":"https:\/\/diariofemenino.com.ar\/df\/santa-rosa-consolida-su-politica-de-genero\/","og_site_name":"Diario Digital Femenino","article_publisher":"https:\/\/www.facebook.com\/DiarioDigitaFemenino\/","article_published_time":"2026-04-02T22:05:44+00:00","article_modified_time":"2026-04-02T23:39:35+00:00","og_image":[{"width":2560,"height":1280,"url":"https:\/\/diariofemenino.com.ar\/df\/wp-content\/uploads\/2026\/04\/Diseno-sin-titulo-10-scaled.webp","type":"image\/webp"}],"author":"Admin","twitter_card":"summary_large_image","twitter_creator":"@DiarioFemenino1","twitter_site":"@DiarioFemenino1","twitter_misc":{"Escrito por":"Admin","Tiempo de lectura":"3 minutos"},"schema":{"@context":"https:\/\/schema.org","@graph":[{"@type":"Article","@id":"https:\/\/diariofemenino.com.ar\/df\/santa-rosa-consolida-su-politica-de-genero\/#article","isPartOf":{"@id":"https:\/\/diariofemenino.com.ar\/df\/santa-rosa-consolida-su-politica-de-genero\/"},"author":{"name":"Admin","@id":"https:\/\/diariofemenino.com.ar\/df\/#\/schema\/person\/bf6199e8158c657ea6f789b11ec85509"},"headline":"Santa Rosa consolida su pol\u00edtica de g\u00e9nero con nuevos talleres que construyen comunidad","datePublished":"2026-04-02T22:05:44+00:00","dateModified":"2026-04-02T23:39:35+00:00","mainEntityOfPage":{"@id":"https:\/\/diariofemenino.com.ar\/df\/santa-rosa-consolida-su-politica-de-genero\/"},"wordCount":592,"commentCount":0,"publisher":{"@id":"https:\/\/diariofemenino.com.ar\/df\/#organization"},"image":{"@id":"https:\/\/diariofemenino.com.ar\/df\/santa-rosa-consolida-su-politica-de-genero\/#primaryimage"},"thumbnailUrl":"https:\/\/diariofemenino.com.ar\/df\/wp-content\/uploads\/2026\/04\/Diseno-sin-titulo-10-scaled.webp","keywords":["Comunidad","Diversidad","Herramientas","Pol\u00edticas de g\u00e9nero","Santa Rosa","talleres"],"articleSection":["Actividades","Agenda Feminista","Art\u00edculos y Comunicados","Informes","Mujeres","Mujeres de La Pampa","Noticias"],"inLanguage":"es","potentialAction":[{"@type":"CommentAction","name":"Comment","target":["https:\/\/diariofemenino.com.ar\/df\/santa-rosa-consolida-su-politica-de-genero\/#respond"]}]},{"@type":"WebPage","@id":"https:\/\/diariofemenino.com.ar\/df\/santa-rosa-consolida-su-politica-de-genero\/","url":"https:\/\/diariofemenino.com.ar\/df\/santa-rosa-consolida-su-politica-de-genero\/","name":"Santa Rosa consolida su pol\u00edtica de g\u00e9nero con nuevos talleres que construyen comunidad - Diario Digital Femenino","isPartOf":{"@id":"https:\/\/diariofemenino.com.ar\/df\/#website"},"primaryImageOfPage":{"@id":"https:\/\/diariofemenino.com.ar\/df\/santa-rosa-consolida-su-politica-de-genero\/#primaryimage"},"image":{"@id":"https:\/\/diariofemenino.com.ar\/df\/santa-rosa-consolida-su-politica-de-genero\/#primaryimage"},"thumbnailUrl":"https:\/\/diariofemenino.com.ar\/df\/wp-content\/uploads\/2026\/04\/Diseno-sin-titulo-10-scaled.webp","datePublished":"2026-04-02T22:05:44+00:00","dateModified":"2026-04-02T23:39:35+00:00","description":"Santa Rosa consolida su pol\u00edtica de g\u00e9nero. Impulsa propuestas concretas que fortalecen la autonom\u00eda y el acceso a herramientas laborales.","breadcrumb":{"@id":"https:\/\/diariofemenino.com.ar\/df\/santa-rosa-consolida-su-politica-de-genero\/#breadcrumb"},"inLanguage":"es","potentialAction":[{"@type":"ReadAction","target":["https:\/\/diariofemenino.com.ar\/df\/santa-rosa-consolida-su-politica-de-genero\/"]}]},{"@type":"ImageObject","inLanguage":"es","@id":"https:\/\/diariofemenino.com.ar\/df\/santa-rosa-consolida-su-politica-de-genero\/#primaryimage","url":"https:\/\/diariofemenino.com.ar\/df\/wp-content\/uploads\/2026\/04\/Diseno-sin-titulo-10-scaled.webp","contentUrl":"https:\/\/diariofemenino.com.ar\/df\/wp-content\/uploads\/2026\/04\/Diseno-sin-titulo-10-scaled.webp","width":2560,"height":1280,"caption":"Santa Rosa consolida su pol\u00edtica de g\u00e9nero"},{"@type":"BreadcrumbList","@id":"https:\/\/diariofemenino.com.ar\/df\/santa-rosa-consolida-su-politica-de-genero\/#breadcrumb","itemListElement":[{"@type":"ListItem","position":1,"name":"Portada","item":"https:\/\/diariofemenino.com.ar\/df\/"},{"@type":"ListItem","position":2,"name":"Santa Rosa consolida su pol\u00edtica de g\u00e9nero con nuevos talleres que construyen comunidad"}]},{"@type":"WebSite","@id":"https:\/\/diariofemenino.com.ar\/df\/#website","url":"https:\/\/diariofemenino.com.ar\/df\/","name":"Diario Digital Femenino","description":"Cuesti\u00f3n de G\u00e9nero","publisher":{"@id":"https:\/\/diariofemenino.com.ar\/df\/#organization"},"potentialAction":[{"@type":"SearchAction","target":{"@type":"EntryPoint","urlTemplate":"https:\/\/diariofemenino.com.ar\/df\/?s={search_term_string}"},"query-input":{"@type":"PropertyValueSpecification","valueRequired":true,"valueName":"search_term_string"}}],"inLanguage":"es"},{"@type":"Organization","@id":"https:\/\/diariofemenino.com.ar\/df\/#organization","name":"Diario Femenino","url":"https:\/\/diariofemenino.com.ar\/df\/","logo":{"@type":"ImageObject","inLanguage":"es","@id":"https:\/\/diariofemenino.com.ar\/df\/#\/schema\/logo\/image\/","url":"https:\/\/diariofemenino.com.ar\/df\/wp-content\/uploads\/2018\/10\/logo.png","contentUrl":"https:\/\/diariofemenino.com.ar\/df\/wp-content\/uploads\/2018\/10\/logo.png","width":500,"height":92,"caption":"Diario Femenino"},"image":{"@id":"https:\/\/diariofemenino.com.ar\/df\/#\/schema\/logo\/image\/"},"sameAs":["https:\/\/www.facebook.com\/DiarioDigitaFemenino\/","https:\/\/x.com\/DiarioFemenino1"]},{"@type":"Person","@id":"https:\/\/diariofemenino.com.ar\/df\/#\/schema\/person\/bf6199e8158c657ea6f789b11ec85509","name":"Admin","image":{"@type":"ImageObject","inLanguage":"es","@id":"https:\/\/diariofemenino.com.ar\/df\/wp-content\/uploads\/2018\/12\/favicon-150x150.jpg","url":"https:\/\/diariofemenino.com.ar\/df\/wp-content\/uploads\/2018\/12\/favicon-150x150.jpg","contentUrl":"https:\/\/diariofemenino.com.ar\/df\/wp-content\/uploads\/2018\/12\/favicon-150x150.jpg","caption":"Admin"},"url":"https:\/\/diariofemenino.com.ar\/df\/author\/lenny\/"}]}},"jetpack_featured_media_url":"https:\/\/diariofemenino.com.ar\/df\/wp-content\/uploads\/2026\/04\/Diseno-sin-titulo-10-scaled.webp","jetpack_sharing_enabled":true,"rttpg_featured_image_url":{"full":["https:\/\/diariofemenino.com.ar\/df\/wp-content\/uploads\/2026\/04\/Diseno-sin-titulo-10-scaled.webp",2560,1280,false],"landscape":["https:\/\/diariofemenino.com.ar\/df\/wp-content\/uploads\/2026\/04\/Diseno-sin-titulo-10-scaled.webp",2560,1280,false],"portraits":["https:\/\/diariofemenino.com.ar\/df\/wp-content\/uploads\/2026\/04\/Diseno-sin-titulo-10-scaled.webp",2560,1280,false],"thumbnail":["https:\/\/diariofemenino.com.ar\/df\/wp-content\/uploads\/2026\/04\/Diseno-sin-titulo-10-150x150.webp",150,150,true],"medium":["https:\/\/diariofemenino.com.ar\/df\/wp-content\/uploads\/2026\/04\/Diseno-sin-titulo-10-300x150.webp",300,150,true],"large":["https:\/\/diariofemenino.com.ar\/df\/wp-content\/uploads\/2026\/04\/Diseno-sin-titulo-10-1024x512.webp",1024,512,true],"1536x1536":["https:\/\/diariofemenino.com.ar\/df\/wp-content\/uploads\/2026\/04\/Diseno-sin-titulo-10-1536x768.webp",1536,768,true],"2048x2048":["https:\/\/diariofemenino.com.ar\/df\/wp-content\/uploads\/2026\/04\/Diseno-sin-titulo-10-2048x1024.webp",2048,1024,true]},"rttpg_author":{"display_name":"Admin","author_link":"https:\/\/diariofemenino.com.ar\/df\/author\/lenny\/"},"rttpg_comment":0,"rttpg_category":"<a href=\"https:\/\/diariofemenino.com.ar\/df\/category\/actividades\/\" rel=\"category tag\">Actividades<\/a> <a href=\"https:\/\/diariofemenino.com.ar\/df\/category\/agenda-feminista\/\" rel=\"category tag\">Agenda Feminista<\/a> <a href=\"https:\/\/diariofemenino.com.ar\/df\/category\/articulos-y-comunicados\/\" rel=\"category tag\">Art\u00edculos y Comunicados<\/a> <a href=\"https:\/\/diariofemenino.com.ar\/df\/category\/informes\/\" rel=\"category tag\">Informes<\/a> <a href=\"https:\/\/diariofemenino.com.ar\/df\/category\/mujeres\/\" rel=\"category tag\">Mujeres<\/a> <a href=\"https:\/\/diariofemenino.com.ar\/df\/category\/mujeres-de-la-pampa\/\" rel=\"category tag\">Mujeres de La Pampa<\/a> <a href=\"https:\/\/diariofemenino.com.ar\/df\/category\/noticias\/\" rel=\"category tag\">Noticias<\/a>","rttpg_excerpt":"La Municipalidad de Santa Rosa sostiene un abordaje integral a trav\u00e9s de la Direcci\u00f3n de Pol\u00edticas de G\u00e9nero y Diversidad, con equipos especializados, dispositivos de atenci\u00f3n y trabajo articulado. A 20 a\u00f1os de su puesta en marcha, este trabajo se consolida y ampl\u00eda en el territorio. En ese marco, se suman nuevas propuestas de talleres&hellip;","_links":{"self":[{"href":"https:\/\/diariofemenino.com.ar\/df\/wp-json\/wp\/v2\/posts\/75727","targetHints":{"allow":["GET"]}}],"collection":[{"href":"https:\/\/diariofemenino.com.ar\/df\/wp-json\/wp\/v2\/posts"}],"about":[{"href":"https:\/\/diariofemenino.com.ar\/df\/wp-json\/wp\/v2\/types\/post"}],"author":[{"embeddable":true,"href":"https:\/\/diariofemenino.com.ar\/df\/wp-json\/wp\/v2\/users\/4"}],"replies":[{"embeddable":true,"href":"https:\/\/diariofemenino.com.ar\/df\/wp-json\/wp\/v2\/comments?post=75727"}],"version-history":[{"count":1,"href":"https:\/\/diariofemenino.com.ar\/df\/wp-json\/wp\/v2\/posts\/75727\/revisions"}],"predecessor-version":[{"id":75731,"href":"https:\/\/diariofemenino.com.ar\/df\/wp-json\/wp\/v2\/posts\/75727\/revisions\/75731"}],"wp:featuredmedia":[{"embeddable":true,"href":"https:\/\/diariofemenino.com.ar\/df\/wp-json\/wp\/v2\/media\/75729"}],"wp:attachment":[{"href":"https:\/\/diariofemenino.com.ar\/df\/wp-json\/wp\/v2\/media?parent=75727"}],"wp:term":[{"taxonomy":"category","embeddable":true,"href":"https:\/\/diariofemenino.com.ar\/df\/wp-json\/wp\/v2\/categories?post=75727"},{"taxonomy":"post_tag","embeddable":true,"href":"https:\/\/diariofemenino.com.ar\/df\/wp-json\/wp\/v2\/tags?post=75727"}],"curies":[{"name":"wp","href":"https:\/\/api.w.org\/{rel}","templated":true}]}}