{"id":75721,"date":"2026-04-02T11:01:22","date_gmt":"2026-04-02T14:01:22","guid":{"rendered":"https:\/\/diariofemenino.com.ar\/df\/?p=75721"},"modified":"2026-04-02T11:42:54","modified_gmt":"2026-04-02T14:42:54","slug":"autismo-lo-que-falta-no-es-informacion-son-condiciones","status":"publish","type":"post","link":"https:\/\/diariofemenino.com.ar\/df\/autismo-lo-que-falta-no-es-informacion-son-condiciones\/","title":{"rendered":"Autismo: lo que falta no es informaci\u00f3n, son condiciones"},"content":{"rendered":"<p data-start=\"757\" data-end=\"941\"><strong>El diagn\u00f3stico no llega con un manual.<\/strong><br data-start=\"795\" data-end=\"798\" \/><strong>Entre dudas, sobreinformaci\u00f3n y sistemas que no acompa\u00f1an, las familias quedan solas frente a lo que deber\u00eda ser una responsabilidad colectiva.<\/strong><\/p>\n<p>Ante un diagn\u00f3stico de autismo, lo primero que aparece no es una certeza, es <strong>incertidumbre<\/strong>.<br \/>\nLas preguntas se acumulan, las respuestas no siempre llegan y, muchas veces, tampoco hay una gu\u00eda clara para transitar lo que sigue.<\/p>\n<p>Por\u00a0<a href=\"https:\/\/diariofemenino.com.ar\/\"><strong>Lenny C\u00e1ceres<\/strong><\/a><strong>*<\/strong><\/p>\n<p>En ese escenario, la familia queda en el centro. No como \u00fanica responsable, pero s\u00ed como sost\u00e9n inmediato. Y ah\u00ed surge otra pregunta, m\u00e1s inc\u00f3moda: \u00bfde d\u00f3nde se aprende a acompa\u00f1ar?<\/p>\n<p>Porque no alcanza con la voluntad. El acompa\u00f1amiento cotidiano no reemplaza a las terapias, pero las potencia.<br \/>\nLa familia sostiene, traduce, adapta, contiene. No desde la exigencia ni desde la idea de carga, sino desde la construcci\u00f3n de entornos posibles.<\/p>\n<p>Pero ese aprendizaje no deber\u00eda ser en soledad.<\/p>\n<p><strong>El sistema de salud: cuando el acceso tambi\u00e9n es una barrera<\/strong><\/p>\n<p>Las personas con autismo tienen las mismas necesidades de salud que cualquier otra persona, pero enfrentan mayores dificultades para que esas necesidades sean atendidas.<br \/>\nNo por su condici\u00f3n, sino por sistemas que no est\u00e1n preparados.<\/p>\n<p>Salas de espera saturadas, est\u00edmulos que desbordan, tiempos que no contemplan, profesionales sin formaci\u00f3n espec\u00edfica. Lo que deber\u00eda ser atenci\u00f3n, muchas veces se convierte en una experiencia de estr\u00e9s o exclusi\u00f3n.<\/p>\n<p>A esto se suman mayores riesgos de comorbilidades \u2014como epilepsia, trastornos digestivos o ansiedad\u2014 que requieren abordajes personalizados. Sin embargo, la respuesta del sistema suele ser estandarizada.<\/p>\n<p>Y hay otro punto cr\u00edtico: la adultez.<br \/>\nGran parte de las pol\u00edticas, investigaciones y dispositivos est\u00e1n centrados en la ni\u00f1ez, dejando un vac\u00edo en el acompa\u00f1amiento de personas adultas con autismo.<\/p>\n<p>Los derechos todav\u00eda no est\u00e1n garantizados. Y eso no es un dato: es una deuda.<\/p>\n<p>Pensar la salud desde esta perspectiva implica algo m\u00e1s que atender:<br \/>\nimplica adaptar entornos, reducir barreras, formar profesionales y construir un modelo verdaderamente accesible.<\/p>\n<figure id=\"attachment_75722\" aria-describedby=\"caption-attachment-75722\" style=\"width: 450px\" class=\"wp-caption aligncenter\"><img loading=\"lazy\" decoding=\"async\" class=\" wp-image-75722\" src=\"https:\/\/diariofemenino.com.ar\/df\/wp-content\/uploads\/2026\/04\/ChatGPT-Image-2-abr-2026-10_28_12-300x200.webp\" alt=\"Autismo: lo que falta no es informaci\u00f3n, son condiciones\" width=\"450\" height=\"300\" srcset=\"https:\/\/diariofemenino.com.ar\/df\/wp-content\/uploads\/2026\/04\/ChatGPT-Image-2-abr-2026-10_28_12-300x200.webp 300w, https:\/\/diariofemenino.com.ar\/df\/wp-content\/uploads\/2026\/04\/ChatGPT-Image-2-abr-2026-10_28_12-1024x683.webp 1024w, https:\/\/diariofemenino.com.ar\/df\/wp-content\/uploads\/2026\/04\/ChatGPT-Image-2-abr-2026-10_28_12-768x512.webp 768w, https:\/\/diariofemenino.com.ar\/df\/wp-content\/uploads\/2026\/04\/ChatGPT-Image-2-abr-2026-10_28_12.webp 1536w\" sizes=\"auto, (max-width: 450px) 100vw, 450px\" \/><figcaption id=\"caption-attachment-75722\" class=\"wp-caption-text\">Autismo: lo que falta no es informaci\u00f3n, son condiciones<\/figcaption><\/figure>\n<p><strong>Lo social y lo educativo: cuando la inclusi\u00f3n no alcanza<\/strong><\/p>\n<p>En el plano educativo y social, el desaf\u00edo es otro, pero no menor.<\/p>\n<p>Durante a\u00f1os se habl\u00f3 de integraci\u00f3n. Estar. Pero estar no es lo mismo que participar.<\/p>\n<p>La inclusi\u00f3n real requiere ajustes concretos: adaptaciones curriculares, apoyos visuales, rutinas claras, estrategias de comunicaci\u00f3n.<br \/>\nNo como excepciones, sino como condiciones necesarias para el aprendizaje. Porque la dificultad no est\u00e1 solo en la persona, sino en entornos que no comprenden ni se adaptan. El modelo social de la discapacidad lo plantea con claridad: la exclusi\u00f3n no nace de la condici\u00f3n, sino de las barreras.<br \/>\nBarreras en la escuela, en los v\u00ednculos, en la informaci\u00f3n, en las expectativas.<\/p>\n<p>Por eso, hablar de autismo tambi\u00e9n es hablar de comunidad, de c\u00f3mo ense\u00f1amos, de c\u00f3mo convivimos, de c\u00f3mo incluimos. Y de algo m\u00e1s profundo: de qu\u00e9 entendemos por igualdad.<\/p>\n<p>En ese sentido, se trata de garantizar bienestar y desarrollo con apoyos reales. Y eso no puede recaer solo en las familias.<br \/>\nEs una responsabilidad colectiva.<\/p>\n<p><strong>(*)\u00a0<\/strong>Periodista feminista abolicionista, directora\/editora de Diario Digital Femenino. Titular de la web de Asesoramiento y Capacitaci\u00f3n\u00a0<a href=\"https:\/\/lennycaceres.com.ar\/\">https:\/\/lennycaceres.com.ar\/<\/a><br \/>\nAutora del libro\u00a0<a href=\"https:\/\/diariofemenino.com.ar\/df\/la-transversalidad-del-genero-espacios-y-disputas\/\"><em>La transversalidad del g\u00e9nero: espacios y disputas<\/em>.<\/a>(Ed.\u00a0<a href=\"https:\/\/www.libreriasudestada.com.ar\/search\/?q=Lenny+C%C3%A1ceres\">Sudestada<\/a>)<\/p>\n<div>\n<div>\n<blockquote><p><strong>Colabora con Diario Digital Femenino<\/strong><br \/>\n$3.000 por mes (sosten\u00e9s a largo plazo)\u00a0<strong><a href=\"https:\/\/www.mercadopago.com.ar\/subscriptions\/checkout\/v2?preapproval_plan_id=2c93808496ae4a940196b01559a4004f\">AQU\u00cd<\/a><\/strong><br \/>\nUna vez al a\u00f1o, vos decid\u00eds el monto (un gesto, una ayuda concreta)\u00a0<strong><a href=\"https:\/\/www.mercadopago.com.ar\/subscriptions\/checkout?preapproval_plan_id=2c938084981e9ee501982d4490280459\">AQU\u00cd<\/a><\/strong><br \/>\nPor \u00fanica vez, el monto que decidas.\u00a0<strong>Alias: Lenny.Caceres<\/strong><\/p><\/blockquote>\n<\/div>\n<\/div>\n<p>&nbsp;<\/p>\n<blockquote><p><strong>Seguinos en Instagram. Diario Digital Femenino:\u00a0<a href=\"https:\/\/www.instagram.com\/diariodigitalfemenino_\/\">@diariodigitalfemenino_<\/a><br \/>\nLenny C\u00e1ceres:\u00a0<a href=\"https:\/\/www.instagram.com\/lennycaceres69\/\">@lennycaceres69<\/a><br \/>\nFacebook:\u00a0<a href=\"https:\/\/www.facebook.com\/DiarioDigitalFemenino\/\">Diario Digital Femenino<\/a><br \/>\nTikTok;\u00a0<a href=\"https:\/\/www.tiktok.com\/@diariodigitalfemenino\">diariodigitalfemenino<\/a><\/strong><\/p><\/blockquote>\n","protected":false},"excerpt":{"rendered":"<p>El diagn\u00f3stico no llega con un manual.Entre dudas, sobreinformaci\u00f3n y sistemas que no acompa\u00f1an, las familias quedan solas frente a lo que deber\u00eda ser una responsabilidad colectiva. Ante un diagn\u00f3stico de autismo, lo primero que aparece no es una certeza, es incertidumbre. Las preguntas se acumulan, las respuestas no siempre llegan y, muchas veces, tampoco [&hellip;]<\/p>\n","protected":false},"author":6,"featured_media":75723,"comment_status":"open","ping_status":"open","sticky":false,"template":"","format":"standard","meta":{"iawp_total_views":29,"footnotes":""},"categories":[178,581,3,627,1251,6,21,23],"tags":[3033,4372,11,2018,5070,382,461],"class_list":["post-75721","post","type-post","status-publish","format-standard","has-post-thumbnail","hentry","category-articulos-y-comunicados","category-azul-profundo","category-de-la-revolucion-al-reaprendizaje","category-genero-y-derechos-humanos","category-mujeres-de-la-pampa","category-articulos","category-noticias","category-salud","tag-autismo","tag-destacada","tag-educacion","tag-familias","tag-neurodiversidad","tag-salud","tag-sociedad"],"nelio_content":{"autoShareEndMode":"never","automationSources":{"useCustomSentences":false,"customSentences":[]},"efiAlt":"","efiUrl":"","followers":[6],"highlights":[],"isAutoShareEnabled":true,"networkImageIds":[],"permalinkQueryArgs":[],"series":[],"suggestedReferences":[]},"yoast_head":"<!-- This site is optimized with the Yoast SEO plugin v27.5 - https:\/\/yoast.com\/product\/yoast-seo-wordpress\/ -->\n<title>Autismo: lo que falta no es informaci\u00f3n, son condiciones - Diario Digital Femenino<\/title>\n<meta name=\"description\" content=\"Autismo\" \/>\n<meta name=\"robots\" content=\"index, follow, max-snippet:-1, max-image-preview:large, max-video-preview:-1\" \/>\n<link rel=\"canonical\" href=\"https:\/\/diariofemenino.com.ar\/df\/autismo-lo-que-falta-no-es-informacion-son-condiciones\/\" \/>\n<meta property=\"og:locale\" content=\"es_ES\" \/>\n<meta property=\"og:type\" content=\"article\" \/>\n<meta property=\"og:title\" content=\"Autismo: lo que falta no es informaci\u00f3n, son condiciones - Diario Digital Femenino\" \/>\n<meta property=\"og:description\" content=\"Autismo\" \/>\n<meta property=\"og:url\" content=\"https:\/\/diariofemenino.com.ar\/df\/autismo-lo-que-falta-no-es-informacion-son-condiciones\/\" \/>\n<meta property=\"og:site_name\" content=\"Diario Digital Femenino\" \/>\n<meta property=\"article:publisher\" content=\"https:\/\/www.facebook.com\/DiarioDigitaFemenino\/\" \/>\n<meta property=\"article:published_time\" content=\"2026-04-02T14:01:22+00:00\" \/>\n<meta property=\"article:modified_time\" content=\"2026-04-02T14:42:54+00:00\" \/>\n<meta property=\"og:image\" content=\"https:\/\/diariofemenino.com.ar\/df\/wp-content\/uploads\/2026\/04\/ChatGPT-Image-2-abr-2026-10_20_07.webp\" \/>\n\t<meta property=\"og:image:width\" content=\"1536\" \/>\n\t<meta property=\"og:image:height\" content=\"1024\" \/>\n\t<meta property=\"og:image:type\" content=\"image\/webp\" \/>\n<meta name=\"author\" content=\"redaccion\" \/>\n<meta name=\"twitter:card\" content=\"summary_large_image\" \/>\n<meta name=\"twitter:creator\" content=\"@DiarioFemenino1\" \/>\n<meta name=\"twitter:site\" content=\"@DiarioFemenino1\" \/>\n<meta name=\"twitter:label1\" content=\"Escrito por\" \/>\n\t<meta name=\"twitter:data1\" content=\"redaccion\" \/>\n\t<meta name=\"twitter:label2\" content=\"Tiempo de lectura\" \/>\n\t<meta name=\"twitter:data2\" content=\"3 minutos\" \/>\n<script type=\"application\/ld+json\" class=\"yoast-schema-graph\">{\"@context\":\"https:\\\/\\\/schema.org\",\"@graph\":[{\"@type\":\"Article\",\"@id\":\"https:\\\/\\\/diariofemenino.com.ar\\\/df\\\/autismo-lo-que-falta-no-es-informacion-son-condiciones\\\/#article\",\"isPartOf\":{\"@id\":\"https:\\\/\\\/diariofemenino.com.ar\\\/df\\\/autismo-lo-que-falta-no-es-informacion-son-condiciones\\\/\"},\"author\":{\"name\":\"redaccion\",\"@id\":\"https:\\\/\\\/diariofemenino.com.ar\\\/df\\\/#\\\/schema\\\/person\\\/b6ba2e26f7891f232694804f228a7f27\"},\"headline\":\"Autismo: lo que falta no es informaci\u00f3n, son condiciones\",\"datePublished\":\"2026-04-02T14:01:22+00:00\",\"dateModified\":\"2026-04-02T14:42:54+00:00\",\"mainEntityOfPage\":{\"@id\":\"https:\\\/\\\/diariofemenino.com.ar\\\/df\\\/autismo-lo-que-falta-no-es-informacion-son-condiciones\\\/\"},\"wordCount\":660,\"commentCount\":0,\"publisher\":{\"@id\":\"https:\\\/\\\/diariofemenino.com.ar\\\/df\\\/#organization\"},\"image\":{\"@id\":\"https:\\\/\\\/diariofemenino.com.ar\\\/df\\\/autismo-lo-que-falta-no-es-informacion-son-condiciones\\\/#primaryimage\"},\"thumbnailUrl\":\"https:\\\/\\\/diariofemenino.com.ar\\\/df\\\/wp-content\\\/uploads\\\/2026\\\/04\\\/ChatGPT-Image-2-abr-2026-10_20_07.webp\",\"keywords\":[\"Autismo\",\"Destacada\",\"Educaci\u00f3n\",\"familias\",\"Neurodiversidad\",\"Salud\",\"Sociedad\"],\"articleSection\":[\"Art\u00edculos y Comunicados\",\"Azul Profundo\",\"De la Revoluci\u00f3n al Reaprendizaje\",\"G\u00e9nero y Derechos Humanos\",\"Mujeres de La Pampa\",\"Mujeres en Palabras\",\"Noticias\",\"Salud\"],\"inLanguage\":\"es\",\"potentialAction\":[{\"@type\":\"CommentAction\",\"name\":\"Comment\",\"target\":[\"https:\\\/\\\/diariofemenino.com.ar\\\/df\\\/autismo-lo-que-falta-no-es-informacion-son-condiciones\\\/#respond\"]}]},{\"@type\":\"WebPage\",\"@id\":\"https:\\\/\\\/diariofemenino.com.ar\\\/df\\\/autismo-lo-que-falta-no-es-informacion-son-condiciones\\\/\",\"url\":\"https:\\\/\\\/diariofemenino.com.ar\\\/df\\\/autismo-lo-que-falta-no-es-informacion-son-condiciones\\\/\",\"name\":\"Autismo: lo que falta no es informaci\u00f3n, son condiciones - Diario Digital Femenino\",\"isPartOf\":{\"@id\":\"https:\\\/\\\/diariofemenino.com.ar\\\/df\\\/#website\"},\"primaryImageOfPage\":{\"@id\":\"https:\\\/\\\/diariofemenino.com.ar\\\/df\\\/autismo-lo-que-falta-no-es-informacion-son-condiciones\\\/#primaryimage\"},\"image\":{\"@id\":\"https:\\\/\\\/diariofemenino.com.ar\\\/df\\\/autismo-lo-que-falta-no-es-informacion-son-condiciones\\\/#primaryimage\"},\"thumbnailUrl\":\"https:\\\/\\\/diariofemenino.com.ar\\\/df\\\/wp-content\\\/uploads\\\/2026\\\/04\\\/ChatGPT-Image-2-abr-2026-10_20_07.webp\",\"datePublished\":\"2026-04-02T14:01:22+00:00\",\"dateModified\":\"2026-04-02T14:42:54+00:00\",\"description\":\"Autismo\",\"breadcrumb\":{\"@id\":\"https:\\\/\\\/diariofemenino.com.ar\\\/df\\\/autismo-lo-que-falta-no-es-informacion-son-condiciones\\\/#breadcrumb\"},\"inLanguage\":\"es\",\"potentialAction\":[{\"@type\":\"ReadAction\",\"target\":[\"https:\\\/\\\/diariofemenino.com.ar\\\/df\\\/autismo-lo-que-falta-no-es-informacion-son-condiciones\\\/\"]}]},{\"@type\":\"ImageObject\",\"inLanguage\":\"es\",\"@id\":\"https:\\\/\\\/diariofemenino.com.ar\\\/df\\\/autismo-lo-que-falta-no-es-informacion-son-condiciones\\\/#primaryimage\",\"url\":\"https:\\\/\\\/diariofemenino.com.ar\\\/df\\\/wp-content\\\/uploads\\\/2026\\\/04\\\/ChatGPT-Image-2-abr-2026-10_20_07.webp\",\"contentUrl\":\"https:\\\/\\\/diariofemenino.com.ar\\\/df\\\/wp-content\\\/uploads\\\/2026\\\/04\\\/ChatGPT-Image-2-abr-2026-10_20_07.webp\",\"width\":1536,\"height\":1024,\"caption\":\"Autismo: lo que falta no es informaci\u00f3n, son condiciones\"},{\"@type\":\"BreadcrumbList\",\"@id\":\"https:\\\/\\\/diariofemenino.com.ar\\\/df\\\/autismo-lo-que-falta-no-es-informacion-son-condiciones\\\/#breadcrumb\",\"itemListElement\":[{\"@type\":\"ListItem\",\"position\":1,\"name\":\"Portada\",\"item\":\"https:\\\/\\\/diariofemenino.com.ar\\\/df\\\/\"},{\"@type\":\"ListItem\",\"position\":2,\"name\":\"Autismo: lo que falta no es informaci\u00f3n, son condiciones\"}]},{\"@type\":\"WebSite\",\"@id\":\"https:\\\/\\\/diariofemenino.com.ar\\\/df\\\/#website\",\"url\":\"https:\\\/\\\/diariofemenino.com.ar\\\/df\\\/\",\"name\":\"Diario Digital Femenino\",\"description\":\"Cuesti\u00f3n de G\u00e9nero\",\"publisher\":{\"@id\":\"https:\\\/\\\/diariofemenino.com.ar\\\/df\\\/#organization\"},\"potentialAction\":[{\"@type\":\"SearchAction\",\"target\":{\"@type\":\"EntryPoint\",\"urlTemplate\":\"https:\\\/\\\/diariofemenino.com.ar\\\/df\\\/?s={search_term_string}\"},\"query-input\":{\"@type\":\"PropertyValueSpecification\",\"valueRequired\":true,\"valueName\":\"search_term_string\"}}],\"inLanguage\":\"es\"},{\"@type\":\"Organization\",\"@id\":\"https:\\\/\\\/diariofemenino.com.ar\\\/df\\\/#organization\",\"name\":\"Diario Femenino\",\"url\":\"https:\\\/\\\/diariofemenino.com.ar\\\/df\\\/\",\"logo\":{\"@type\":\"ImageObject\",\"inLanguage\":\"es\",\"@id\":\"https:\\\/\\\/diariofemenino.com.ar\\\/df\\\/#\\\/schema\\\/logo\\\/image\\\/\",\"url\":\"https:\\\/\\\/diariofemenino.com.ar\\\/df\\\/wp-content\\\/uploads\\\/2018\\\/10\\\/logo.png\",\"contentUrl\":\"https:\\\/\\\/diariofemenino.com.ar\\\/df\\\/wp-content\\\/uploads\\\/2018\\\/10\\\/logo.png\",\"width\":500,\"height\":92,\"caption\":\"Diario Femenino\"},\"image\":{\"@id\":\"https:\\\/\\\/diariofemenino.com.ar\\\/df\\\/#\\\/schema\\\/logo\\\/image\\\/\"},\"sameAs\":[\"https:\\\/\\\/www.facebook.com\\\/DiarioDigitaFemenino\\\/\",\"https:\\\/\\\/x.com\\\/DiarioFemenino1\"]},{\"@type\":\"Person\",\"@id\":\"https:\\\/\\\/diariofemenino.com.ar\\\/df\\\/#\\\/schema\\\/person\\\/b6ba2e26f7891f232694804f228a7f27\",\"name\":\"redaccion\",\"image\":{\"@type\":\"ImageObject\",\"inLanguage\":\"es\",\"@id\":\"https:\\\/\\\/diariofemenino.com.ar\\\/df\\\/wp-content\\\/uploads\\\/2024\\\/09\\\/0eda9a67-a560-4264-8085-ae5314b35c5a-150x150.avif\",\"url\":\"https:\\\/\\\/diariofemenino.com.ar\\\/df\\\/wp-content\\\/uploads\\\/2024\\\/09\\\/0eda9a67-a560-4264-8085-ae5314b35c5a-150x150.avif\",\"contentUrl\":\"https:\\\/\\\/diariofemenino.com.ar\\\/df\\\/wp-content\\\/uploads\\\/2024\\\/09\\\/0eda9a67-a560-4264-8085-ae5314b35c5a-150x150.avif\",\"caption\":\"redaccion\"},\"url\":\"https:\\\/\\\/diariofemenino.com.ar\\\/df\\\/author\\\/redaccion\\\/\"}]}<\/script>\n<!-- \/ Yoast SEO plugin. -->","yoast_head_json":{"title":"Autismo: lo que falta no es informaci\u00f3n, son condiciones - Diario Digital Femenino","description":"Autismo","robots":{"index":"index","follow":"follow","max-snippet":"max-snippet:-1","max-image-preview":"max-image-preview:large","max-video-preview":"max-video-preview:-1"},"canonical":"https:\/\/diariofemenino.com.ar\/df\/autismo-lo-que-falta-no-es-informacion-son-condiciones\/","og_locale":"es_ES","og_type":"article","og_title":"Autismo: lo que falta no es informaci\u00f3n, son condiciones - Diario Digital Femenino","og_description":"Autismo","og_url":"https:\/\/diariofemenino.com.ar\/df\/autismo-lo-que-falta-no-es-informacion-son-condiciones\/","og_site_name":"Diario Digital Femenino","article_publisher":"https:\/\/www.facebook.com\/DiarioDigitaFemenino\/","article_published_time":"2026-04-02T14:01:22+00:00","article_modified_time":"2026-04-02T14:42:54+00:00","og_image":[{"width":1536,"height":1024,"url":"https:\/\/diariofemenino.com.ar\/df\/wp-content\/uploads\/2026\/04\/ChatGPT-Image-2-abr-2026-10_20_07.webp","type":"image\/webp"}],"author":"redaccion","twitter_card":"summary_large_image","twitter_creator":"@DiarioFemenino1","twitter_site":"@DiarioFemenino1","twitter_misc":{"Escrito por":"redaccion","Tiempo de lectura":"3 minutos"},"schema":{"@context":"https:\/\/schema.org","@graph":[{"@type":"Article","@id":"https:\/\/diariofemenino.com.ar\/df\/autismo-lo-que-falta-no-es-informacion-son-condiciones\/#article","isPartOf":{"@id":"https:\/\/diariofemenino.com.ar\/df\/autismo-lo-que-falta-no-es-informacion-son-condiciones\/"},"author":{"name":"redaccion","@id":"https:\/\/diariofemenino.com.ar\/df\/#\/schema\/person\/b6ba2e26f7891f232694804f228a7f27"},"headline":"Autismo: lo que falta no es informaci\u00f3n, son condiciones","datePublished":"2026-04-02T14:01:22+00:00","dateModified":"2026-04-02T14:42:54+00:00","mainEntityOfPage":{"@id":"https:\/\/diariofemenino.com.ar\/df\/autismo-lo-que-falta-no-es-informacion-son-condiciones\/"},"wordCount":660,"commentCount":0,"publisher":{"@id":"https:\/\/diariofemenino.com.ar\/df\/#organization"},"image":{"@id":"https:\/\/diariofemenino.com.ar\/df\/autismo-lo-que-falta-no-es-informacion-son-condiciones\/#primaryimage"},"thumbnailUrl":"https:\/\/diariofemenino.com.ar\/df\/wp-content\/uploads\/2026\/04\/ChatGPT-Image-2-abr-2026-10_20_07.webp","keywords":["Autismo","Destacada","Educaci\u00f3n","familias","Neurodiversidad","Salud","Sociedad"],"articleSection":["Art\u00edculos y Comunicados","Azul Profundo","De la Revoluci\u00f3n al Reaprendizaje","G\u00e9nero y Derechos Humanos","Mujeres de La Pampa","Mujeres en Palabras","Noticias","Salud"],"inLanguage":"es","potentialAction":[{"@type":"CommentAction","name":"Comment","target":["https:\/\/diariofemenino.com.ar\/df\/autismo-lo-que-falta-no-es-informacion-son-condiciones\/#respond"]}]},{"@type":"WebPage","@id":"https:\/\/diariofemenino.com.ar\/df\/autismo-lo-que-falta-no-es-informacion-son-condiciones\/","url":"https:\/\/diariofemenino.com.ar\/df\/autismo-lo-que-falta-no-es-informacion-son-condiciones\/","name":"Autismo: lo que falta no es informaci\u00f3n, son condiciones - Diario Digital Femenino","isPartOf":{"@id":"https:\/\/diariofemenino.com.ar\/df\/#website"},"primaryImageOfPage":{"@id":"https:\/\/diariofemenino.com.ar\/df\/autismo-lo-que-falta-no-es-informacion-son-condiciones\/#primaryimage"},"image":{"@id":"https:\/\/diariofemenino.com.ar\/df\/autismo-lo-que-falta-no-es-informacion-son-condiciones\/#primaryimage"},"thumbnailUrl":"https:\/\/diariofemenino.com.ar\/df\/wp-content\/uploads\/2026\/04\/ChatGPT-Image-2-abr-2026-10_20_07.webp","datePublished":"2026-04-02T14:01:22+00:00","dateModified":"2026-04-02T14:42:54+00:00","description":"Autismo","breadcrumb":{"@id":"https:\/\/diariofemenino.com.ar\/df\/autismo-lo-que-falta-no-es-informacion-son-condiciones\/#breadcrumb"},"inLanguage":"es","potentialAction":[{"@type":"ReadAction","target":["https:\/\/diariofemenino.com.ar\/df\/autismo-lo-que-falta-no-es-informacion-son-condiciones\/"]}]},{"@type":"ImageObject","inLanguage":"es","@id":"https:\/\/diariofemenino.com.ar\/df\/autismo-lo-que-falta-no-es-informacion-son-condiciones\/#primaryimage","url":"https:\/\/diariofemenino.com.ar\/df\/wp-content\/uploads\/2026\/04\/ChatGPT-Image-2-abr-2026-10_20_07.webp","contentUrl":"https:\/\/diariofemenino.com.ar\/df\/wp-content\/uploads\/2026\/04\/ChatGPT-Image-2-abr-2026-10_20_07.webp","width":1536,"height":1024,"caption":"Autismo: lo que falta no es informaci\u00f3n, son condiciones"},{"@type":"BreadcrumbList","@id":"https:\/\/diariofemenino.com.ar\/df\/autismo-lo-que-falta-no-es-informacion-son-condiciones\/#breadcrumb","itemListElement":[{"@type":"ListItem","position":1,"name":"Portada","item":"https:\/\/diariofemenino.com.ar\/df\/"},{"@type":"ListItem","position":2,"name":"Autismo: lo que falta no es informaci\u00f3n, son condiciones"}]},{"@type":"WebSite","@id":"https:\/\/diariofemenino.com.ar\/df\/#website","url":"https:\/\/diariofemenino.com.ar\/df\/","name":"Diario Digital Femenino","description":"Cuesti\u00f3n de G\u00e9nero","publisher":{"@id":"https:\/\/diariofemenino.com.ar\/df\/#organization"},"potentialAction":[{"@type":"SearchAction","target":{"@type":"EntryPoint","urlTemplate":"https:\/\/diariofemenino.com.ar\/df\/?s={search_term_string}"},"query-input":{"@type":"PropertyValueSpecification","valueRequired":true,"valueName":"search_term_string"}}],"inLanguage":"es"},{"@type":"Organization","@id":"https:\/\/diariofemenino.com.ar\/df\/#organization","name":"Diario Femenino","url":"https:\/\/diariofemenino.com.ar\/df\/","logo":{"@type":"ImageObject","inLanguage":"es","@id":"https:\/\/diariofemenino.com.ar\/df\/#\/schema\/logo\/image\/","url":"https:\/\/diariofemenino.com.ar\/df\/wp-content\/uploads\/2018\/10\/logo.png","contentUrl":"https:\/\/diariofemenino.com.ar\/df\/wp-content\/uploads\/2018\/10\/logo.png","width":500,"height":92,"caption":"Diario Femenino"},"image":{"@id":"https:\/\/diariofemenino.com.ar\/df\/#\/schema\/logo\/image\/"},"sameAs":["https:\/\/www.facebook.com\/DiarioDigitaFemenino\/","https:\/\/x.com\/DiarioFemenino1"]},{"@type":"Person","@id":"https:\/\/diariofemenino.com.ar\/df\/#\/schema\/person\/b6ba2e26f7891f232694804f228a7f27","name":"redaccion","image":{"@type":"ImageObject","inLanguage":"es","@id":"https:\/\/diariofemenino.com.ar\/df\/wp-content\/uploads\/2024\/09\/0eda9a67-a560-4264-8085-ae5314b35c5a-150x150.avif","url":"https:\/\/diariofemenino.com.ar\/df\/wp-content\/uploads\/2024\/09\/0eda9a67-a560-4264-8085-ae5314b35c5a-150x150.avif","contentUrl":"https:\/\/diariofemenino.com.ar\/df\/wp-content\/uploads\/2024\/09\/0eda9a67-a560-4264-8085-ae5314b35c5a-150x150.avif","caption":"redaccion"},"url":"https:\/\/diariofemenino.com.ar\/df\/author\/redaccion\/"}]}},"jetpack_featured_media_url":"https:\/\/diariofemenino.com.ar\/df\/wp-content\/uploads\/2026\/04\/ChatGPT-Image-2-abr-2026-10_20_07.webp","jetpack_sharing_enabled":true,"rttpg_featured_image_url":{"full":["https:\/\/diariofemenino.com.ar\/df\/wp-content\/uploads\/2026\/04\/ChatGPT-Image-2-abr-2026-10_20_07.webp",1536,1024,false],"landscape":["https:\/\/diariofemenino.com.ar\/df\/wp-content\/uploads\/2026\/04\/ChatGPT-Image-2-abr-2026-10_20_07.webp",1536,1024,false],"portraits":["https:\/\/diariofemenino.com.ar\/df\/wp-content\/uploads\/2026\/04\/ChatGPT-Image-2-abr-2026-10_20_07.webp",1536,1024,false],"thumbnail":["https:\/\/diariofemenino.com.ar\/df\/wp-content\/uploads\/2026\/04\/ChatGPT-Image-2-abr-2026-10_20_07-150x150.webp",150,150,true],"medium":["https:\/\/diariofemenino.com.ar\/df\/wp-content\/uploads\/2026\/04\/ChatGPT-Image-2-abr-2026-10_20_07-300x200.webp",300,200,true],"large":["https:\/\/diariofemenino.com.ar\/df\/wp-content\/uploads\/2026\/04\/ChatGPT-Image-2-abr-2026-10_20_07-1024x683.webp",1024,683,true],"1536x1536":["https:\/\/diariofemenino.com.ar\/df\/wp-content\/uploads\/2026\/04\/ChatGPT-Image-2-abr-2026-10_20_07.webp",1536,1024,false],"2048x2048":["https:\/\/diariofemenino.com.ar\/df\/wp-content\/uploads\/2026\/04\/ChatGPT-Image-2-abr-2026-10_20_07.webp",1536,1024,false]},"rttpg_author":{"display_name":"redaccion","author_link":"https:\/\/diariofemenino.com.ar\/df\/author\/redaccion\/"},"rttpg_comment":0,"rttpg_category":"<a href=\"https:\/\/diariofemenino.com.ar\/df\/category\/articulos-y-comunicados\/\" rel=\"category tag\">Art\u00edculos y Comunicados<\/a> <a href=\"https:\/\/diariofemenino.com.ar\/df\/category\/azul-profundo\/\" rel=\"category tag\">Azul Profundo<\/a> <a href=\"https:\/\/diariofemenino.com.ar\/df\/category\/de-la-revolucion-al-reaprendizaje\/\" rel=\"category tag\">De la Revoluci\u00f3n al Reaprendizaje<\/a> <a href=\"https:\/\/diariofemenino.com.ar\/df\/category\/genero-y-derechos-humanos\/\" rel=\"category tag\">G\u00e9nero y Derechos Humanos<\/a> <a href=\"https:\/\/diariofemenino.com.ar\/df\/category\/mujeres-de-la-pampa\/\" rel=\"category tag\">Mujeres de La Pampa<\/a> <a href=\"https:\/\/diariofemenino.com.ar\/df\/category\/articulos\/\" rel=\"category tag\">Mujeres en Palabras<\/a> <a href=\"https:\/\/diariofemenino.com.ar\/df\/category\/noticias\/\" rel=\"category tag\">Noticias<\/a> <a href=\"https:\/\/diariofemenino.com.ar\/df\/category\/salud\/\" rel=\"category tag\">Salud<\/a>","rttpg_excerpt":"El diagn\u00f3stico no llega con un manual.Entre dudas, sobreinformaci\u00f3n y sistemas que no acompa\u00f1an, las familias quedan solas frente a lo que deber\u00eda ser una responsabilidad colectiva. Ante un diagn\u00f3stico de autismo, lo primero que aparece no es una certeza, es incertidumbre. Las preguntas se acumulan, las respuestas no siempre llegan y, muchas veces, tampoco&hellip;","_links":{"self":[{"href":"https:\/\/diariofemenino.com.ar\/df\/wp-json\/wp\/v2\/posts\/75721","targetHints":{"allow":["GET"]}}],"collection":[{"href":"https:\/\/diariofemenino.com.ar\/df\/wp-json\/wp\/v2\/posts"}],"about":[{"href":"https:\/\/diariofemenino.com.ar\/df\/wp-json\/wp\/v2\/types\/post"}],"author":[{"embeddable":true,"href":"https:\/\/diariofemenino.com.ar\/df\/wp-json\/wp\/v2\/users\/6"}],"replies":[{"embeddable":true,"href":"https:\/\/diariofemenino.com.ar\/df\/wp-json\/wp\/v2\/comments?post=75721"}],"version-history":[{"count":2,"href":"https:\/\/diariofemenino.com.ar\/df\/wp-json\/wp\/v2\/posts\/75721\/revisions"}],"predecessor-version":[{"id":75725,"href":"https:\/\/diariofemenino.com.ar\/df\/wp-json\/wp\/v2\/posts\/75721\/revisions\/75725"}],"wp:featuredmedia":[{"embeddable":true,"href":"https:\/\/diariofemenino.com.ar\/df\/wp-json\/wp\/v2\/media\/75723"}],"wp:attachment":[{"href":"https:\/\/diariofemenino.com.ar\/df\/wp-json\/wp\/v2\/media?parent=75721"}],"wp:term":[{"taxonomy":"category","embeddable":true,"href":"https:\/\/diariofemenino.com.ar\/df\/wp-json\/wp\/v2\/categories?post=75721"},{"taxonomy":"post_tag","embeddable":true,"href":"https:\/\/diariofemenino.com.ar\/df\/wp-json\/wp\/v2\/tags?post=75721"}],"curies":[{"name":"wp","href":"https:\/\/api.w.org\/{rel}","templated":true}]}}