{"id":75662,"date":"2026-03-09T05:20:43","date_gmt":"2026-03-09T08:20:43","guid":{"rendered":"https:\/\/diariofemenino.com.ar\/df\/?p=75662"},"modified":"2026-03-09T05:20:43","modified_gmt":"2026-03-09T08:20:43","slug":"ordenan-a-una-obra-social","status":"publish","type":"post","link":"https:\/\/diariofemenino.com.ar\/df\/ordenan-a-una-obra-social\/","title":{"rendered":"Ordenan a una obra social otorgar credencial digital a un ni\u00f1o y sancionan al padre deudor alimentario"},"content":{"rendered":"<p>La Justicia consider\u00f3 que el incumplimiento del progenitor y la restricci\u00f3n al acceso a la credencial m\u00e9dica profundizaban una situaci\u00f3n de violencia econ\u00f3mica y vulneraban el derecho a la salud del ni\u00f1o.<\/p>\n<p>Por\u00a0<a href=\"https:\/\/diariofemenino.com.ar\/df\/?s=Erica+P%C3%A9rez\">Erica P\u00e9rez<\/a>*<br \/>\nDescarga el <a href=\"https:\/\/diariofemenino.com.ar\/df\/wp-content\/uploads\/2026\/03\/denuncia-violencia-familiar-1.pdf\">fallo completo\u00a0<\/a><\/p>\n<p><strong>Fallo que ordena a la obra social otorgar acceso directo a la credencial digital del ni\u00f1o y dispone la realizaci\u00f3n de tareas comunitarias en C\u00e1ritas, por parte del progenitor en su car\u00e1cter de deudor alimentario. <\/strong>Juzgado Civil N.\u00ba 82. Poder Judicial de la Naci\u00f3n, 3 de marzo de 2026<\/p>\n<p><strong>I.- Resumen de los hechos:<\/strong><\/p>\n<p>La causa se origin\u00f3 a partir del reiterado incumplimiento del progenitor de las obligaciones judiciales vinculadas a la cobertura de salud de su hijo, consistentes <strong>en la regularizaci\u00f3n del plan m\u00e9dico y el reintegro de gastos m\u00e9dicos y odontol\u00f3gicos afrontados por la progenitora. <\/strong>Pese a encontrarse debidamente notificado por medios electr\u00f3nicos, el demandado persisti\u00f3 en su conducta omisiva. El tribunal tuvo por configurada una forma de violencia econ\u00f3mica, en los t\u00e9rminos de la Ley 26.485, al considerar que el incumplimiento sistem\u00e1tico de las obligaciones de salud traslad\u00f3 indebidamente la carga econ\u00f3mica a la progenitora conviviente, coloc\u00f3 al ni\u00f1o en situaci\u00f3n de vulnerabilidad sanitaria y profundiz\u00f3 desigualdades estructurales de g\u00e9nero en la organizaci\u00f3n de los cuidados.<\/p>\n<p><strong>II.- La multa diaria como herramienta de tutela judicial efectiva<\/strong><\/p>\n<p>Como respuesta, el juzgado hizo efectiva la multa diaria (astreintes) previamente impuesta, fij\u00e1ndola en $100.000 por cada d\u00eda de demora, y orden\u00f3 el reintegro de $120.000 correspondientes a gastos odontopedi\u00e1tricos, bajo apercibimiento de aplicar nuevas sanciones. La resoluci\u00f3n enfatiza que <strong>las astreintes no son simb\u00f3licas, sino una herramienta leg\u00edtima de coerci\u00f3n para garantizar el cumplimiento real de las decisiones judiciales<\/strong>, conforme a los arts. 553 y 804 del C\u00f3digo Civil y Comercial.<\/p>\n<p>Frente al incumplimiento persistente, el tribunal profundiz\u00f3 las medidas no patrimoniales, manteniendo restricciones ya vigentes (como la prohibici\u00f3n de salida del pa\u00eds y de concurrir a espect\u00e1culos deportivos) y <strong>ordenando la realizaci\u00f3n de tareas comunitarias en C\u00e1ritas, cuatro horas mensuales, bajo apercibimiento de remitir las actuaciones a la Justicia Penal.<\/strong> Estas medidas fueron valoradas en su funci\u00f3n pedag\u00f3gica, preventiva y simb\u00f3lica, destacando que el proceso de familia no solo persigue recomposici\u00f3n econ\u00f3mica, sino tambi\u00e9n la modificaci\u00f3n de conductas lesivas de derechos.<\/p>\n<p><strong>III.- Acceso a la informaci\u00f3n de salud <\/strong><\/p>\n<p>Asimismo, el juzgado abord\u00f3 la problem\u00e1tica del acceso a la informaci\u00f3n sanitaria, al constatar que <strong>la progenitora solo recib\u00eda capturas de pantalla de la credencial m\u00e9dica, insuficientes para obtener atenci\u00f3n<\/strong>, <strong>ya que el sistema requer\u00eda un token digital<\/strong> al que solo acced\u00eda el progenitor. En consecuencia, orden\u00f3 a la obra social OSPEDYM otorgar a la madre acceso directo a la aplicaci\u00f3n, con clave propia, garantizando su autonom\u00eda para gestionar la salud del ni\u00f1o. El fallo reconoce que obstaculizar el acceso a la informaci\u00f3n de salud constituye una forma indirecta de violencia y una afectaci\u00f3n al ejercicio efectivo de la responsabilidad parental.<\/p>\n<p>La resoluci\u00f3n cont\u00f3 con la intervenci\u00f3n de la Defensora P\u00fablica de Menores, reafirmando el inter\u00e9s superior del ni\u00f1o como eje rector del proceso y articulando los est\u00e1ndares del C\u00f3digo Civil y Comercial, la Ley 26.061 y los instrumentos internacionales de derechos humanos.<\/p>\n<figure id=\"attachment_71703\" aria-describedby=\"caption-attachment-71703\" style=\"width: 555px\" class=\"wp-caption aligncenter\"><img loading=\"lazy\" decoding=\"async\" class=\" wp-image-71703\" src=\"https:\/\/diariofemenino.com.ar\/df\/wp-content\/uploads\/2023\/10\/cuotaAlimentaria-300x114.webp\" alt=\"Ordenan a una obra social otorgar credencial digital \" width=\"555\" height=\"211\" srcset=\"https:\/\/diariofemenino.com.ar\/df\/wp-content\/uploads\/2023\/10\/cuotaAlimentaria-300x114.webp 300w, https:\/\/diariofemenino.com.ar\/df\/wp-content\/uploads\/2023\/10\/cuotaAlimentaria-768x292.webp 768w, https:\/\/diariofemenino.com.ar\/df\/wp-content\/uploads\/2023\/10\/cuotaAlimentaria.webp 845w\" sizes=\"auto, (max-width: 555px) 100vw, 555px\" \/><figcaption id=\"caption-attachment-71703\" class=\"wp-caption-text\">Ordenan a una obra social otorgar credencial digital<\/figcaption><\/figure>\n<p><strong>IV.- Conclusi\u00f3n<\/strong><\/p>\n<p>En relaci\u00f3n con la resoluci\u00f3n dictada, la abogada patrocinante Mar\u00eda Eugenia Sansone destac\u00f3 que el juzgado reconoci\u00f3 expresamente la mora alimentaria del progenitor, al considerar que la negativa al pago de la cuota y al reintegro de gastos vinculados a la salud del ni\u00f1o configura una forma de violencia econ\u00f3mica. Se\u00f1al\u00f3, adem\u00e1s, que el incumplimiento reiterado no solo afect\u00f3 derechos b\u00e1sicos, sino que tambi\u00e9n <strong>implic\u00f3 un intento de obstrucci\u00f3n del proceso judicial, al deso\u00edr de manera sistem\u00e1tica las \u00f3rdenes impartidas<\/strong>.<\/p>\n<p>La letrada remarc\u00f3 especialmente <strong>la importancia de la medida que garantiz\u00f3 a la progenitora el uso directo de la aplicaci\u00f3n de la obra social<\/strong>, dado que la empresa se negaba a habilitarle el acceso por no ser la titular del plan. Esa limitaci\u00f3n, en los hechos, colocaba a la madre y al ni\u00f1o en una situaci\u00f3n de dependencia injustificada y compromet\u00eda el acceso oportuno a la atenci\u00f3n de salud.<\/p>\n<p>En cuanto a la actuaci\u00f3n del Juzgado Civil N.\u00ba 82, Sansone subray\u00f3 que <strong>el an\u00e1lisis fue realizado contemplando el contexto integral del conflicto y la conexidad de los expedientes<\/strong>, lo que permiti\u00f3 dotar de contenido real al principio del inter\u00e9s superior del ni\u00f1o, muchas veces invocado de manera meramente declarativa. Desde esa perspectiva, el tribunal evit\u00f3 una lectura fragmentada del caso y prioriz\u00f3 una respuesta efectiva frente a la vulneraci\u00f3n de derechos.<\/p>\n<p>Asimismo, resalt\u00f3 que el juzgado actu\u00f3 con diligencia y sin incurrir en un rigorismo formal que pudiera afectar la tutela judicial efectiva de los derechos humanos del ni\u00f1o y de su progenitora, quien ejerce el cuidado unilateral. En este sentido, puso en valor que las decisiones se hayan adoptado en el marco de un proceso cautelar de violencia familiar, \u00e1mbito en el que con frecuencia otros tribunales rechazan este tipo de reclamos por considerarlos ajenos al objeto del proceso, obligando a las denunciantes a iniciar acciones paralelas.<\/p>\n<p>Esa pr\u00e1ctica -advirti\u00f3- suele traducirse en una restricci\u00f3n concreta al acceso a la justicia, especialmente cuando las mujeres no cuentan con los recursos materiales, emocionales o econ\u00f3micos necesarios para sostener m\u00faltiples procesos judiciales de manera simult\u00e1nea.<\/p>\n<p>En definitiva, <strong>el fallo se destaca por una respuesta judicial activa, progresiva y con perspectiva de g\u00e9nero y de ni\u00f1ez, <\/strong>que rechaza la tolerancia frente al incumplimiento estructural de las obligaciones parentales y<strong> consolida al proceso judicial como una herramienta central para la protecci\u00f3n efectiva del derecho a la salud y al desarrollo integral de ni\u00f1os, ni\u00f1as y adolescentes.<\/strong><\/p>\n<p>El juzgado adopta as\u00ed una postura firme frente al incumplimiento reiterado, utilizando de manera proporcional herramientas sancionatorias, coercitivas y protectorias, y reafirmando que el incumplimiento de las obligaciones parentales <strong>no es una cuesti\u00f3n privada ni tolerable,<\/strong> sino una problem\u00e1tica que interpela directamente al sistema de protecci\u00f3n de derechos.<\/p>\n<p>&nbsp;<\/p>\n<p><strong>(*)<\/strong>\u00a0Abogada U.B.A. columnista jur\u00eddica del Diario Digital Femenino. Direcci\u00f3n de equidad de g\u00e9nero y diversidad sexual de la c\u00e1mara de diputados de la provincia de Buenos Aires. Participa en la Asociaci\u00f3n \u201cAcompa\u00f1antes\u201d a cargo del Dr. Diego Ortiz. Miembro del \u201cInstituto de la Mujer\u201d de la Fundaci\u00f3n Pro Humanae Vitae FPHV. Coordinadora de la revista \u201cPr\u00e1ctica Profesional\u201d Ediciones Jur\u00eddicas, directora Dra.<br \/>\nViviana De Souza. Subdirectora del Observatorio de decisiones judiciales con perspectiva de g\u00e9nero del \u00e1rea de Investigaci\u00f3n y Cl\u00ednicas jur\u00eddicas del C.A.L.P. https:\/\/blog-ericaperez.blogspot.com (<a href=\"https:\/\/blogericaperez.blogspot.com\/\">https:\/\/blogericaperez.blogspot.com\/<\/a>)<\/p>\n<blockquote><p><strong>Colabora con Diario Digital Femenino<\/strong><br \/>\n$3.000 por mes (sosten\u00e9s a largo plazo)\u00a0<strong><a href=\"https:\/\/www.mercadopago.com.ar\/subscriptions\/checkout\/v2?preapproval_plan_id=2c93808496ae4a940196b01559a4004f\">AQU\u00cd<\/a><\/strong><br \/>\nUna vez al a\u00f1o, vos decid\u00eds el monto (un gesto, una ayuda concreta)\u00a0<strong><a href=\"https:\/\/www.mercadopago.com.ar\/subscriptions\/checkout?preapproval_plan_id=2c938084981e9ee501982d4490280459\">AQU\u00cd<\/a><\/strong><br \/>\nPor \u00fanica vez, el monto que decidas.\u00a0<strong>Alias: Lenny.Caceres<\/strong><\/p><\/blockquote>\n<blockquote><p><strong>Seguinos en Instagram. Diario Digital Femenino:\u00a0<a href=\"https:\/\/www.instagram.com\/diariodigitalfemenino_\/\">@diariodigitalfemenino_<\/a><br \/>\nLenny C\u00e1ceres:\u00a0<a href=\"https:\/\/www.instagram.com\/lennycaceres69\/\">@lennycaceres69<\/a><br \/>\nFacebook:\u00a0<a href=\"https:\/\/www.facebook.com\/DiarioDigitalFemenino\/\">Diario Digital Femenino<\/a><br \/>\nTikTok;\u00a0<a href=\"https:\/\/www.tiktok.com\/@diariodigitalfemenino\">diariodigitalfemenino<\/a><\/strong><\/p><\/blockquote>\n<p>&nbsp;<\/p>\n","protected":false},"excerpt":{"rendered":"<p>La Justicia consider\u00f3 que el incumplimiento del progenitor y la restricci\u00f3n al acceso a la credencial m\u00e9dica profundizaban una situaci\u00f3n de violencia econ\u00f3mica y vulneraban el derecho a la salud del ni\u00f1o. Por\u00a0Erica P\u00e9rez* Descarga el fallo completo\u00a0 Fallo que ordena a la obra social otorgar acceso directo a la credencial digital del ni\u00f1o y [&hellip;]<\/p>\n","protected":false},"author":6,"featured_media":75663,"comment_status":"open","ping_status":"open","sticky":false,"template":"","format":"standard","meta":{"iawp_total_views":215,"footnotes":""},"categories":[7,178,581,627,32,21,23,592],"tags":[7647,5144,891,4372,4295,4649,1885,1284,5469],"class_list":["post-75662","post","type-post","status-publish","format-standard","has-post-thumbnail","hentry","category-actividades","category-articulos-y-comunicados","category-azul-profundo","category-genero-y-derechos-humanos","category-mujeres","category-noticias","category-salud","category-violencias","tag-caritas","tag-comentario-juridico","tag-cuota-alimentaria","tag-destacada","tag-deudor-alimentario","tag-erica-perez","tag-fallo","tag-obra-social","tag-tareas-comunitarias"],"nelio_content":{"autoShareEndMode":"never","automationSources":{"useCustomSentences":false,"customSentences":[]},"efiAlt":"","efiUrl":"","followers":[6],"highlights":[],"isAutoShareEnabled":true,"networkImageIds":[],"permalinkQueryArgs":[],"series":[],"suggestedReferences":[]},"yoast_head":"<!-- This site is optimized with the Yoast SEO plugin v27.5 - https:\/\/yoast.com\/product\/yoast-seo-wordpress\/ -->\n<title>Ordenan a una obra social otorgar credencial digital a un ni\u00f1o y sancionan al padre deudor alimentario - Diario Digital Femenino<\/title>\n<meta name=\"description\" content=\"Ordenan a la obra social otorgar acceso directo a la credencial digital del ni\u00f1o y dispone la realizaci\u00f3n de tareas comunitarias en C\u00e1ritas.\" \/>\n<meta name=\"robots\" content=\"index, follow, max-snippet:-1, max-image-preview:large, max-video-preview:-1\" \/>\n<link rel=\"canonical\" href=\"https:\/\/diariofemenino.com.ar\/df\/ordenan-a-una-obra-social\/\" \/>\n<meta property=\"og:locale\" content=\"es_ES\" \/>\n<meta property=\"og:type\" content=\"article\" \/>\n<meta property=\"og:title\" content=\"Ordenan a una obra social otorgar credencial digital a un ni\u00f1o y sancionan al padre deudor alimentario - Diario Digital Femenino\" \/>\n<meta property=\"og:description\" content=\"Ordenan a la obra social otorgar acceso directo a la credencial digital del ni\u00f1o y dispone la realizaci\u00f3n de tareas comunitarias en C\u00e1ritas.\" \/>\n<meta property=\"og:url\" content=\"https:\/\/diariofemenino.com.ar\/df\/ordenan-a-una-obra-social\/\" \/>\n<meta property=\"og:site_name\" content=\"Diario Digital Femenino\" \/>\n<meta property=\"article:publisher\" content=\"https:\/\/www.facebook.com\/DiarioDigitaFemenino\/\" \/>\n<meta property=\"article:published_time\" content=\"2026-03-09T08:20:43+00:00\" \/>\n<meta property=\"og:image\" content=\"https:\/\/diariofemenino.com.ar\/df\/wp-content\/uploads\/2026\/03\/Diseno-sin-titulo-12.webp\" \/>\n\t<meta property=\"og:image:width\" content=\"1000\" \/>\n\t<meta property=\"og:image:height\" content=\"667\" \/>\n\t<meta property=\"og:image:type\" content=\"image\/webp\" \/>\n<meta name=\"author\" content=\"redaccion\" \/>\n<meta name=\"twitter:card\" content=\"summary_large_image\" \/>\n<meta name=\"twitter:creator\" content=\"@DiarioFemenino1\" \/>\n<meta name=\"twitter:site\" content=\"@DiarioFemenino1\" \/>\n<meta name=\"twitter:label1\" content=\"Escrito por\" \/>\n\t<meta name=\"twitter:data1\" content=\"redaccion\" \/>\n\t<meta name=\"twitter:label2\" content=\"Tiempo de lectura\" \/>\n\t<meta name=\"twitter:data2\" content=\"6 minutos\" \/>\n<script type=\"application\/ld+json\" class=\"yoast-schema-graph\">{\"@context\":\"https:\\\/\\\/schema.org\",\"@graph\":[{\"@type\":\"Article\",\"@id\":\"https:\\\/\\\/diariofemenino.com.ar\\\/df\\\/ordenan-a-una-obra-social\\\/#article\",\"isPartOf\":{\"@id\":\"https:\\\/\\\/diariofemenino.com.ar\\\/df\\\/ordenan-a-una-obra-social\\\/\"},\"author\":{\"name\":\"redaccion\",\"@id\":\"https:\\\/\\\/diariofemenino.com.ar\\\/df\\\/#\\\/schema\\\/person\\\/b6ba2e26f7891f232694804f228a7f27\"},\"headline\":\"Ordenan a una obra social otorgar credencial digital a un ni\u00f1o y sancionan al padre deudor alimentario\",\"datePublished\":\"2026-03-09T08:20:43+00:00\",\"mainEntityOfPage\":{\"@id\":\"https:\\\/\\\/diariofemenino.com.ar\\\/df\\\/ordenan-a-una-obra-social\\\/\"},\"wordCount\":1271,\"commentCount\":0,\"publisher\":{\"@id\":\"https:\\\/\\\/diariofemenino.com.ar\\\/df\\\/#organization\"},\"image\":{\"@id\":\"https:\\\/\\\/diariofemenino.com.ar\\\/df\\\/ordenan-a-una-obra-social\\\/#primaryimage\"},\"thumbnailUrl\":\"https:\\\/\\\/diariofemenino.com.ar\\\/df\\\/wp-content\\\/uploads\\\/2026\\\/03\\\/Diseno-sin-titulo-12.webp\",\"keywords\":[\"C\u00e1ritas\",\"Comentario jur\u00eddico\",\"Cuota alimentaria\",\"Destacada\",\"Deudor alimentario\",\"Erica P\u00e9rez\",\"Fallo\",\"Obra social\",\"Tareas comunitarias\"],\"articleSection\":[\"Actividades\",\"Art\u00edculos y Comunicados\",\"Azul Profundo\",\"G\u00e9nero y Derechos Humanos\",\"Mujeres\",\"Noticias\",\"Salud\",\"Violencias\"],\"inLanguage\":\"es\",\"potentialAction\":[{\"@type\":\"CommentAction\",\"name\":\"Comment\",\"target\":[\"https:\\\/\\\/diariofemenino.com.ar\\\/df\\\/ordenan-a-una-obra-social\\\/#respond\"]}]},{\"@type\":\"WebPage\",\"@id\":\"https:\\\/\\\/diariofemenino.com.ar\\\/df\\\/ordenan-a-una-obra-social\\\/\",\"url\":\"https:\\\/\\\/diariofemenino.com.ar\\\/df\\\/ordenan-a-una-obra-social\\\/\",\"name\":\"Ordenan a una obra social otorgar credencial digital a un ni\u00f1o y sancionan al padre deudor alimentario - Diario Digital Femenino\",\"isPartOf\":{\"@id\":\"https:\\\/\\\/diariofemenino.com.ar\\\/df\\\/#website\"},\"primaryImageOfPage\":{\"@id\":\"https:\\\/\\\/diariofemenino.com.ar\\\/df\\\/ordenan-a-una-obra-social\\\/#primaryimage\"},\"image\":{\"@id\":\"https:\\\/\\\/diariofemenino.com.ar\\\/df\\\/ordenan-a-una-obra-social\\\/#primaryimage\"},\"thumbnailUrl\":\"https:\\\/\\\/diariofemenino.com.ar\\\/df\\\/wp-content\\\/uploads\\\/2026\\\/03\\\/Diseno-sin-titulo-12.webp\",\"datePublished\":\"2026-03-09T08:20:43+00:00\",\"description\":\"Ordenan a la obra social otorgar acceso directo a la credencial digital del ni\u00f1o y dispone la realizaci\u00f3n de tareas comunitarias en C\u00e1ritas.\",\"breadcrumb\":{\"@id\":\"https:\\\/\\\/diariofemenino.com.ar\\\/df\\\/ordenan-a-una-obra-social\\\/#breadcrumb\"},\"inLanguage\":\"es\",\"potentialAction\":[{\"@type\":\"ReadAction\",\"target\":[\"https:\\\/\\\/diariofemenino.com.ar\\\/df\\\/ordenan-a-una-obra-social\\\/\"]}]},{\"@type\":\"ImageObject\",\"inLanguage\":\"es\",\"@id\":\"https:\\\/\\\/diariofemenino.com.ar\\\/df\\\/ordenan-a-una-obra-social\\\/#primaryimage\",\"url\":\"https:\\\/\\\/diariofemenino.com.ar\\\/df\\\/wp-content\\\/uploads\\\/2026\\\/03\\\/Diseno-sin-titulo-12.webp\",\"contentUrl\":\"https:\\\/\\\/diariofemenino.com.ar\\\/df\\\/wp-content\\\/uploads\\\/2026\\\/03\\\/Diseno-sin-titulo-12.webp\",\"width\":1000,\"height\":667,\"caption\":\"Ordenan a una obra social otorgar credencial digital\"},{\"@type\":\"BreadcrumbList\",\"@id\":\"https:\\\/\\\/diariofemenino.com.ar\\\/df\\\/ordenan-a-una-obra-social\\\/#breadcrumb\",\"itemListElement\":[{\"@type\":\"ListItem\",\"position\":1,\"name\":\"Portada\",\"item\":\"https:\\\/\\\/diariofemenino.com.ar\\\/df\\\/\"},{\"@type\":\"ListItem\",\"position\":2,\"name\":\"Ordenan a una obra social otorgar credencial digital a un ni\u00f1o y sancionan al padre deudor alimentario\"}]},{\"@type\":\"WebSite\",\"@id\":\"https:\\\/\\\/diariofemenino.com.ar\\\/df\\\/#website\",\"url\":\"https:\\\/\\\/diariofemenino.com.ar\\\/df\\\/\",\"name\":\"Diario Digital Femenino\",\"description\":\"Cuesti\u00f3n de G\u00e9nero\",\"publisher\":{\"@id\":\"https:\\\/\\\/diariofemenino.com.ar\\\/df\\\/#organization\"},\"potentialAction\":[{\"@type\":\"SearchAction\",\"target\":{\"@type\":\"EntryPoint\",\"urlTemplate\":\"https:\\\/\\\/diariofemenino.com.ar\\\/df\\\/?s={search_term_string}\"},\"query-input\":{\"@type\":\"PropertyValueSpecification\",\"valueRequired\":true,\"valueName\":\"search_term_string\"}}],\"inLanguage\":\"es\"},{\"@type\":\"Organization\",\"@id\":\"https:\\\/\\\/diariofemenino.com.ar\\\/df\\\/#organization\",\"name\":\"Diario Femenino\",\"url\":\"https:\\\/\\\/diariofemenino.com.ar\\\/df\\\/\",\"logo\":{\"@type\":\"ImageObject\",\"inLanguage\":\"es\",\"@id\":\"https:\\\/\\\/diariofemenino.com.ar\\\/df\\\/#\\\/schema\\\/logo\\\/image\\\/\",\"url\":\"https:\\\/\\\/diariofemenino.com.ar\\\/df\\\/wp-content\\\/uploads\\\/2018\\\/10\\\/logo.png\",\"contentUrl\":\"https:\\\/\\\/diariofemenino.com.ar\\\/df\\\/wp-content\\\/uploads\\\/2018\\\/10\\\/logo.png\",\"width\":500,\"height\":92,\"caption\":\"Diario Femenino\"},\"image\":{\"@id\":\"https:\\\/\\\/diariofemenino.com.ar\\\/df\\\/#\\\/schema\\\/logo\\\/image\\\/\"},\"sameAs\":[\"https:\\\/\\\/www.facebook.com\\\/DiarioDigitaFemenino\\\/\",\"https:\\\/\\\/x.com\\\/DiarioFemenino1\"]},{\"@type\":\"Person\",\"@id\":\"https:\\\/\\\/diariofemenino.com.ar\\\/df\\\/#\\\/schema\\\/person\\\/b6ba2e26f7891f232694804f228a7f27\",\"name\":\"redaccion\",\"image\":{\"@type\":\"ImageObject\",\"inLanguage\":\"es\",\"@id\":\"https:\\\/\\\/diariofemenino.com.ar\\\/df\\\/wp-content\\\/uploads\\\/2024\\\/09\\\/0eda9a67-a560-4264-8085-ae5314b35c5a-150x150.avif\",\"url\":\"https:\\\/\\\/diariofemenino.com.ar\\\/df\\\/wp-content\\\/uploads\\\/2024\\\/09\\\/0eda9a67-a560-4264-8085-ae5314b35c5a-150x150.avif\",\"contentUrl\":\"https:\\\/\\\/diariofemenino.com.ar\\\/df\\\/wp-content\\\/uploads\\\/2024\\\/09\\\/0eda9a67-a560-4264-8085-ae5314b35c5a-150x150.avif\",\"caption\":\"redaccion\"},\"url\":\"https:\\\/\\\/diariofemenino.com.ar\\\/df\\\/author\\\/redaccion\\\/\"}]}<\/script>\n<!-- \/ Yoast SEO plugin. -->","yoast_head_json":{"title":"Ordenan a una obra social otorgar credencial digital a un ni\u00f1o y sancionan al padre deudor alimentario - Diario Digital Femenino","description":"Ordenan a la obra social otorgar acceso directo a la credencial digital del ni\u00f1o y dispone la realizaci\u00f3n de tareas comunitarias en C\u00e1ritas.","robots":{"index":"index","follow":"follow","max-snippet":"max-snippet:-1","max-image-preview":"max-image-preview:large","max-video-preview":"max-video-preview:-1"},"canonical":"https:\/\/diariofemenino.com.ar\/df\/ordenan-a-una-obra-social\/","og_locale":"es_ES","og_type":"article","og_title":"Ordenan a una obra social otorgar credencial digital a un ni\u00f1o y sancionan al padre deudor alimentario - Diario Digital Femenino","og_description":"Ordenan a la obra social otorgar acceso directo a la credencial digital del ni\u00f1o y dispone la realizaci\u00f3n de tareas comunitarias en C\u00e1ritas.","og_url":"https:\/\/diariofemenino.com.ar\/df\/ordenan-a-una-obra-social\/","og_site_name":"Diario Digital Femenino","article_publisher":"https:\/\/www.facebook.com\/DiarioDigitaFemenino\/","article_published_time":"2026-03-09T08:20:43+00:00","og_image":[{"width":1000,"height":667,"url":"https:\/\/diariofemenino.com.ar\/df\/wp-content\/uploads\/2026\/03\/Diseno-sin-titulo-12.webp","type":"image\/webp"}],"author":"redaccion","twitter_card":"summary_large_image","twitter_creator":"@DiarioFemenino1","twitter_site":"@DiarioFemenino1","twitter_misc":{"Escrito por":"redaccion","Tiempo de lectura":"6 minutos"},"schema":{"@context":"https:\/\/schema.org","@graph":[{"@type":"Article","@id":"https:\/\/diariofemenino.com.ar\/df\/ordenan-a-una-obra-social\/#article","isPartOf":{"@id":"https:\/\/diariofemenino.com.ar\/df\/ordenan-a-una-obra-social\/"},"author":{"name":"redaccion","@id":"https:\/\/diariofemenino.com.ar\/df\/#\/schema\/person\/b6ba2e26f7891f232694804f228a7f27"},"headline":"Ordenan a una obra social otorgar credencial digital a un ni\u00f1o y sancionan al padre deudor alimentario","datePublished":"2026-03-09T08:20:43+00:00","mainEntityOfPage":{"@id":"https:\/\/diariofemenino.com.ar\/df\/ordenan-a-una-obra-social\/"},"wordCount":1271,"commentCount":0,"publisher":{"@id":"https:\/\/diariofemenino.com.ar\/df\/#organization"},"image":{"@id":"https:\/\/diariofemenino.com.ar\/df\/ordenan-a-una-obra-social\/#primaryimage"},"thumbnailUrl":"https:\/\/diariofemenino.com.ar\/df\/wp-content\/uploads\/2026\/03\/Diseno-sin-titulo-12.webp","keywords":["C\u00e1ritas","Comentario jur\u00eddico","Cuota alimentaria","Destacada","Deudor alimentario","Erica P\u00e9rez","Fallo","Obra social","Tareas comunitarias"],"articleSection":["Actividades","Art\u00edculos y Comunicados","Azul Profundo","G\u00e9nero y Derechos Humanos","Mujeres","Noticias","Salud","Violencias"],"inLanguage":"es","potentialAction":[{"@type":"CommentAction","name":"Comment","target":["https:\/\/diariofemenino.com.ar\/df\/ordenan-a-una-obra-social\/#respond"]}]},{"@type":"WebPage","@id":"https:\/\/diariofemenino.com.ar\/df\/ordenan-a-una-obra-social\/","url":"https:\/\/diariofemenino.com.ar\/df\/ordenan-a-una-obra-social\/","name":"Ordenan a una obra social otorgar credencial digital a un ni\u00f1o y sancionan al padre deudor alimentario - Diario Digital Femenino","isPartOf":{"@id":"https:\/\/diariofemenino.com.ar\/df\/#website"},"primaryImageOfPage":{"@id":"https:\/\/diariofemenino.com.ar\/df\/ordenan-a-una-obra-social\/#primaryimage"},"image":{"@id":"https:\/\/diariofemenino.com.ar\/df\/ordenan-a-una-obra-social\/#primaryimage"},"thumbnailUrl":"https:\/\/diariofemenino.com.ar\/df\/wp-content\/uploads\/2026\/03\/Diseno-sin-titulo-12.webp","datePublished":"2026-03-09T08:20:43+00:00","description":"Ordenan a la obra social otorgar acceso directo a la credencial digital del ni\u00f1o y dispone la realizaci\u00f3n de tareas comunitarias en C\u00e1ritas.","breadcrumb":{"@id":"https:\/\/diariofemenino.com.ar\/df\/ordenan-a-una-obra-social\/#breadcrumb"},"inLanguage":"es","potentialAction":[{"@type":"ReadAction","target":["https:\/\/diariofemenino.com.ar\/df\/ordenan-a-una-obra-social\/"]}]},{"@type":"ImageObject","inLanguage":"es","@id":"https:\/\/diariofemenino.com.ar\/df\/ordenan-a-una-obra-social\/#primaryimage","url":"https:\/\/diariofemenino.com.ar\/df\/wp-content\/uploads\/2026\/03\/Diseno-sin-titulo-12.webp","contentUrl":"https:\/\/diariofemenino.com.ar\/df\/wp-content\/uploads\/2026\/03\/Diseno-sin-titulo-12.webp","width":1000,"height":667,"caption":"Ordenan a una obra social otorgar credencial digital"},{"@type":"BreadcrumbList","@id":"https:\/\/diariofemenino.com.ar\/df\/ordenan-a-una-obra-social\/#breadcrumb","itemListElement":[{"@type":"ListItem","position":1,"name":"Portada","item":"https:\/\/diariofemenino.com.ar\/df\/"},{"@type":"ListItem","position":2,"name":"Ordenan a una obra social otorgar credencial digital a un ni\u00f1o y sancionan al padre deudor alimentario"}]},{"@type":"WebSite","@id":"https:\/\/diariofemenino.com.ar\/df\/#website","url":"https:\/\/diariofemenino.com.ar\/df\/","name":"Diario Digital Femenino","description":"Cuesti\u00f3n de G\u00e9nero","publisher":{"@id":"https:\/\/diariofemenino.com.ar\/df\/#organization"},"potentialAction":[{"@type":"SearchAction","target":{"@type":"EntryPoint","urlTemplate":"https:\/\/diariofemenino.com.ar\/df\/?s={search_term_string}"},"query-input":{"@type":"PropertyValueSpecification","valueRequired":true,"valueName":"search_term_string"}}],"inLanguage":"es"},{"@type":"Organization","@id":"https:\/\/diariofemenino.com.ar\/df\/#organization","name":"Diario Femenino","url":"https:\/\/diariofemenino.com.ar\/df\/","logo":{"@type":"ImageObject","inLanguage":"es","@id":"https:\/\/diariofemenino.com.ar\/df\/#\/schema\/logo\/image\/","url":"https:\/\/diariofemenino.com.ar\/df\/wp-content\/uploads\/2018\/10\/logo.png","contentUrl":"https:\/\/diariofemenino.com.ar\/df\/wp-content\/uploads\/2018\/10\/logo.png","width":500,"height":92,"caption":"Diario Femenino"},"image":{"@id":"https:\/\/diariofemenino.com.ar\/df\/#\/schema\/logo\/image\/"},"sameAs":["https:\/\/www.facebook.com\/DiarioDigitaFemenino\/","https:\/\/x.com\/DiarioFemenino1"]},{"@type":"Person","@id":"https:\/\/diariofemenino.com.ar\/df\/#\/schema\/person\/b6ba2e26f7891f232694804f228a7f27","name":"redaccion","image":{"@type":"ImageObject","inLanguage":"es","@id":"https:\/\/diariofemenino.com.ar\/df\/wp-content\/uploads\/2024\/09\/0eda9a67-a560-4264-8085-ae5314b35c5a-150x150.avif","url":"https:\/\/diariofemenino.com.ar\/df\/wp-content\/uploads\/2024\/09\/0eda9a67-a560-4264-8085-ae5314b35c5a-150x150.avif","contentUrl":"https:\/\/diariofemenino.com.ar\/df\/wp-content\/uploads\/2024\/09\/0eda9a67-a560-4264-8085-ae5314b35c5a-150x150.avif","caption":"redaccion"},"url":"https:\/\/diariofemenino.com.ar\/df\/author\/redaccion\/"}]}},"jetpack_featured_media_url":"https:\/\/diariofemenino.com.ar\/df\/wp-content\/uploads\/2026\/03\/Diseno-sin-titulo-12.webp","jetpack_sharing_enabled":true,"rttpg_featured_image_url":{"full":["https:\/\/diariofemenino.com.ar\/df\/wp-content\/uploads\/2026\/03\/Diseno-sin-titulo-12.webp",1000,667,false],"landscape":["https:\/\/diariofemenino.com.ar\/df\/wp-content\/uploads\/2026\/03\/Diseno-sin-titulo-12.webp",1000,667,false],"portraits":["https:\/\/diariofemenino.com.ar\/df\/wp-content\/uploads\/2026\/03\/Diseno-sin-titulo-12.webp",1000,667,false],"thumbnail":["https:\/\/diariofemenino.com.ar\/df\/wp-content\/uploads\/2026\/03\/Diseno-sin-titulo-12-150x150.webp",150,150,true],"medium":["https:\/\/diariofemenino.com.ar\/df\/wp-content\/uploads\/2026\/03\/Diseno-sin-titulo-12-300x200.webp",300,200,true],"large":["https:\/\/diariofemenino.com.ar\/df\/wp-content\/uploads\/2026\/03\/Diseno-sin-titulo-12.webp",1000,667,false],"1536x1536":["https:\/\/diariofemenino.com.ar\/df\/wp-content\/uploads\/2026\/03\/Diseno-sin-titulo-12.webp",1000,667,false],"2048x2048":["https:\/\/diariofemenino.com.ar\/df\/wp-content\/uploads\/2026\/03\/Diseno-sin-titulo-12.webp",1000,667,false]},"rttpg_author":{"display_name":"redaccion","author_link":"https:\/\/diariofemenino.com.ar\/df\/author\/redaccion\/"},"rttpg_comment":0,"rttpg_category":"<a href=\"https:\/\/diariofemenino.com.ar\/df\/category\/actividades\/\" rel=\"category tag\">Actividades<\/a> <a href=\"https:\/\/diariofemenino.com.ar\/df\/category\/articulos-y-comunicados\/\" rel=\"category tag\">Art\u00edculos y Comunicados<\/a> <a href=\"https:\/\/diariofemenino.com.ar\/df\/category\/azul-profundo\/\" rel=\"category tag\">Azul Profundo<\/a> <a href=\"https:\/\/diariofemenino.com.ar\/df\/category\/genero-y-derechos-humanos\/\" rel=\"category tag\">G\u00e9nero y Derechos Humanos<\/a> <a href=\"https:\/\/diariofemenino.com.ar\/df\/category\/mujeres\/\" rel=\"category tag\">Mujeres<\/a> <a href=\"https:\/\/diariofemenino.com.ar\/df\/category\/noticias\/\" rel=\"category tag\">Noticias<\/a> <a href=\"https:\/\/diariofemenino.com.ar\/df\/category\/salud\/\" rel=\"category tag\">Salud<\/a> <a href=\"https:\/\/diariofemenino.com.ar\/df\/category\/violencias\/\" rel=\"category tag\">Violencias<\/a>","rttpg_excerpt":"La Justicia consider\u00f3 que el incumplimiento del progenitor y la restricci\u00f3n al acceso a la credencial m\u00e9dica profundizaban una situaci\u00f3n de violencia econ\u00f3mica y vulneraban el derecho a la salud del ni\u00f1o. Por\u00a0Erica P\u00e9rez* Descarga el fallo completo\u00a0 Fallo que ordena a la obra social otorgar acceso directo a la credencial digital del ni\u00f1o y&hellip;","_links":{"self":[{"href":"https:\/\/diariofemenino.com.ar\/df\/wp-json\/wp\/v2\/posts\/75662","targetHints":{"allow":["GET"]}}],"collection":[{"href":"https:\/\/diariofemenino.com.ar\/df\/wp-json\/wp\/v2\/posts"}],"about":[{"href":"https:\/\/diariofemenino.com.ar\/df\/wp-json\/wp\/v2\/types\/post"}],"author":[{"embeddable":true,"href":"https:\/\/diariofemenino.com.ar\/df\/wp-json\/wp\/v2\/users\/6"}],"replies":[{"embeddable":true,"href":"https:\/\/diariofemenino.com.ar\/df\/wp-json\/wp\/v2\/comments?post=75662"}],"version-history":[{"count":1,"href":"https:\/\/diariofemenino.com.ar\/df\/wp-json\/wp\/v2\/posts\/75662\/revisions"}],"predecessor-version":[{"id":75665,"href":"https:\/\/diariofemenino.com.ar\/df\/wp-json\/wp\/v2\/posts\/75662\/revisions\/75665"}],"wp:featuredmedia":[{"embeddable":true,"href":"https:\/\/diariofemenino.com.ar\/df\/wp-json\/wp\/v2\/media\/75663"}],"wp:attachment":[{"href":"https:\/\/diariofemenino.com.ar\/df\/wp-json\/wp\/v2\/media?parent=75662"}],"wp:term":[{"taxonomy":"category","embeddable":true,"href":"https:\/\/diariofemenino.com.ar\/df\/wp-json\/wp\/v2\/categories?post=75662"},{"taxonomy":"post_tag","embeddable":true,"href":"https:\/\/diariofemenino.com.ar\/df\/wp-json\/wp\/v2\/tags?post=75662"}],"curies":[{"name":"wp","href":"https:\/\/api.w.org\/{rel}","templated":true}]}}