{"id":75566,"date":"2026-02-05T11:34:17","date_gmt":"2026-02-05T14:34:17","guid":{"rendered":"https:\/\/diariofemenino.com.ar\/df\/?p=75566"},"modified":"2026-02-05T11:36:59","modified_gmt":"2026-02-05T14:36:59","slug":"participacion-subsidiaria-del-abuelo-en-la-cobertura-de-la-cuota-alimentaria","status":"publish","type":"post","link":"https:\/\/diariofemenino.com.ar\/df\/participacion-subsidiaria-del-abuelo-en-la-cobertura-de-la-cuota-alimentaria\/","title":{"rendered":"Participaci\u00f3n subsidiaria del abuelo en la cobertura de la cuota alimentaria"},"content":{"rendered":"<p><strong>Participaci\u00f3n subsidiaria del abuelo en la cobertura de la cuota alimentaria.<\/strong> \u201cD. N. A. c\/ P. W. R. y otro s\/ Recurso de Apelaci\u00f3n\u201d. C\u00e1mara de Apelaciones en lo Civil, Comercial, Laboral y de Miner\u00eda- Sala 2. Santa Rosa, Provincia de La Pampa, 18 de diciembre de 2025.<\/p>\n<p>Por\u00a0<a href=\"https:\/\/diariofemenino.com.ar\/df\/?s=Erica+P%C3%A9rez\">Erica P\u00e9rez<\/a>*<br \/>\nDescargar fallo completo<a href=\"https:\/\/diariofemenino.com.ar\/df\/wp-content\/uploads\/2026\/02\/Fallo-completo-cuota-alimentaria-subsidiaria.pdf\"> Aqu\u00ed<\/a><\/p>\n<p><strong>I.- Resumen de los hechos <\/strong><\/p>\n<p>El caso tiene su origen en una demanda de aumento de cuota alimentaria promovida por la progenitora de dos ni\u00f1os, en representaci\u00f3n de ellos, contra el progenitor obligado. El juzgado de primera instancia hizo lugar a la demanda y fij\u00f3 una cuota mensual de $450.000 a cargo del padre. Adem\u00e1s, dispuso que, en caso de incumplimiento total o parcial por parte de este, el abuelo paterno deb\u00eda cubrir la diferencia hasta un l\u00edmite equivalente al diez por ciento de su haber jubilatorio. El fundamento central de esa decisi\u00f3n fue que los alimentos deb\u00edan garantizarse sin comprometer la subsistencia del abuelo, quien es un adulto mayor cuyos ingresos provienen exclusivamente de su jubilaci\u00f3n.<\/p>\n<p><strong>II.- El recurso de apelaci\u00f3n <\/strong><\/p>\n<p>Disconforme, la progenitora interpuso recurso de apelaci\u00f3n. Sostuvo que el l\u00edmite impuesto al abuelo resultaba insuficiente para cubrir adecuadamente las necesidades de sus hijos, especialmente cuando el padre incumpl\u00eda. Se\u00f1al\u00f3 que el art\u00edculo 668 del C\u00f3digo Civil y Comercial no exige acreditar de manera estricta el incumplimiento del obligado principal, sino demostrar veros\u00edmilmente la dificultad en la percepci\u00f3n de los alimentos. Tambi\u00e9n afirm\u00f3 que el tope del diez por ciento volv\u00eda ineficaz la sentencia, ya que representaba una suma m\u00ednima en relaci\u00f3n con la cuota fijada, y que la jurisprudencia admite el embargo de haberes jubilatorios por cr\u00e9ditos alimentarios sobre los montos que exceden el salario m\u00ednimo vital y m\u00f3vil. Por ello solicit\u00f3 que la obligaci\u00f3n del abuelo se fije en un cuarenta por ciento del excedente sobre el salario m\u00ednimo, sin necesidad de una previa demostraci\u00f3n puntual del incumplimiento paterno.<\/p>\n<blockquote><p><strong>Colabora con Diario Digital Femenino<\/strong><br \/>\n$3.000 por mes (sosten\u00e9s a largo plazo)\u00a0<strong><a href=\"https:\/\/www.mercadopago.com.ar\/subscriptions\/checkout\/v2?preapproval_plan_id=2c93808496ae4a940196b01559a4004f\">AQU\u00cd<\/a><\/strong><br \/>\nUna vez al a\u00f1o, vos decid\u00eds el monto (un gesto, una ayuda concreta)\u00a0<strong><a href=\"https:\/\/www.mercadopago.com.ar\/subscriptions\/checkout?preapproval_plan_id=2c938084981e9ee501982d4490280459\">AQU\u00cd<\/a><\/strong><br \/>\nPor \u00fanica vez, el monto que decidas.\u00a0<strong>Alias: Lenny.Caceres<\/strong><\/p><\/blockquote>\n<p><strong>III.- Fundamentos <\/strong><\/p>\n<p>La C\u00e1mara comienza su an\u00e1lisis destacando que estos conflictos implican una tensi\u00f3n entre dos grupos vulnerables: los ni\u00f1os, titulares prioritarios del derecho alimentario, y los adultos mayores que pueden resultar obligados a prestar alimentos. La jurisprudencia del Superior Tribunal enfatiza la necesidad de armonizar ambos derechos, evitando que la solidaridad familiar coloque al abuelo en una situaci\u00f3n que comprometa su propia subsistencia. La C\u00e1mara observa que, en este caso, el abuelo demandado no compareci\u00f3 al proceso, por lo que no se cuenta con ning\u00fan dato acerca de su situaci\u00f3n personal o patrimonial m\u00e1s all\u00e1 de su haber previsional informado por ANSES. Al no presentarse, renunci\u00f3 a su derecho de defensa respecto de los hechos alegados, de modo que el tribunal solo debe resolver conforme al derecho aplicable y con base en las constancias existentes.<\/p>\n<p>Partiendo de ese marco, la C\u00e1mara eval\u00faa el monto que debe fijarse como l\u00edmite de su obligaci\u00f3n. Considera el haber jubilatorio del abuelo y compara ese ingreso con el salario m\u00ednimo vital y m\u00f3vil. Al aplicar la f\u00f3rmula solicitada por la apelante -el cuarenta por ciento del excedente sobre el salario m\u00ednimo- obtiene una proporci\u00f3n equivalente al 21,55% del haber previsional. A la luz de la ausencia de oposici\u00f3n del abuelo, de la necesidad de resguardar adecuadamente los derechos de los ni\u00f1os y del deber de no afectar la subsistencia del adulto mayor, la C\u00e1mara estima razonable elevar el tope al veintid\u00f3s por ciento del haber jubilatorio, ligeramente por encima del c\u00e1lculo te\u00f3rico propuesto. Este equilibrio busca satisfacer las necesidades alimentarias de los ni\u00f1os sin imponer al abuelo una carga excesiva.<\/p>\n<figure id=\"attachment_75569\" aria-describedby=\"caption-attachment-75569\" style=\"width: 392px\" class=\"wp-caption aligncenter\"><img loading=\"lazy\" decoding=\"async\" class=\" wp-image-75569\" src=\"https:\/\/diariofemenino.com.ar\/df\/wp-content\/uploads\/2026\/02\/abuelos-jpg-300x179.webp\" alt=\"Participaci\u00f3n subsidiaria\" width=\"392\" height=\"234\" srcset=\"https:\/\/diariofemenino.com.ar\/df\/wp-content\/uploads\/2026\/02\/abuelos-jpg-300x179.webp 300w, https:\/\/diariofemenino.com.ar\/df\/wp-content\/uploads\/2026\/02\/abuelos-jpg.webp 640w\" sizes=\"auto, (max-width: 392px) 100vw, 392px\" \/><figcaption id=\"caption-attachment-75569\" class=\"wp-caption-text\">Participaci\u00f3n subsidiaria<\/figcaption><\/figure>\n<p>Respecto de la subsidiariedad, la C\u00e1mara considera que ese agravio se encuentra desierto, pues la apelante no aport\u00f3 argumentos suficientes para demostrar que la obligaci\u00f3n del abuelo no deba mantener dicho car\u00e1cter. Por lo tanto, se sostiene la regla de que el abuelo solo responder\u00e1 si el padre incumple.<\/p>\n<p><strong>IV.- Se resuelve <\/strong><\/p>\n<p>En consecuencia, el tribunal de alzada hace lugar parcialmente al recurso y modifica el l\u00edmite de la obligaci\u00f3n alimentaria del abuelo, elev\u00e1ndolo del 10% al 22% del haber previsional, manteniendo su car\u00e1cter subsidiario.<\/p>\n<p><strong>V.- A modo de conclusi\u00f3n <\/strong><\/p>\n<p>Desde una \u00f3ptica procesal y estrat\u00e9gica, este fallo ofrece una herramienta valiosa para sostener peticiones de subsidiariedad alimentaria hacia los abuelos cuando el obligado principal incumple o su aporte resulta insuficiente. La C\u00e1mara deja claro que no es necesario demostrar un incumplimiento \u201cperfectamente acreditado\u201d, sino que basta con acreditar su verosimilitud, facilitando as\u00ed la actuaci\u00f3n urgente en materia alimentaria. Asimismo, el precedente deja sin efecto el criterio restrictivo al fijar porcentajes m\u00ednimos (como el 10%), habilitando peticiones m\u00e1s acordes con la realidad econ\u00f3mica de los ni\u00f1os\/as.<\/p>\n<p>El reconocimiento de que la obligaci\u00f3n de los abuelos no debe convertirse en un pago meramente simb\u00f3lico es especialmente \u00fatil para casos donde el progenitor se muestra renuente o mantiene conductas morosas reiteradas.<\/p>\n<p><strong>(*)<\/strong>\u00a0Abogada U.B.A. columnista jur\u00eddica del Diario Digital Femenino. Direcci\u00f3n de equidad de g\u00e9nero y diversidad sexual de la c\u00e1mara de diputados de la provincia de Buenos Aires. Participa en la Asociaci\u00f3n \u201cAcompa\u00f1antes\u201d a cargo del Dr. Diego Ortiz. Miembro del \u201cInstituto de la Mujer\u201d de la Fundaci\u00f3n Pro Humanae Vitae FPHV. Coordinadora de la revista \u201cPr\u00e1ctica Profesional\u201d Ediciones Jur\u00eddicas, directora Dra.<br \/>\nViviana De Souza. Subdirectora del Observatorio de decisiones judiciales con perspectiva de g\u00e9nero del \u00e1rea de Investigaci\u00f3n y Cl\u00ednicas jur\u00eddicas del C.A.L.P. https:\/\/blog-ericaperez.blogspot.com (<a href=\"https:\/\/blogericaperez.blogspot.com\/\">https:\/\/blogericaperez.blogspot.com\/<\/a>)<\/p>\n<blockquote><p><strong> Seguinos en Instagram. Diario Digital Femenino:\u00a0<a href=\"https:\/\/www.instagram.com\/diariodigitalfemenino_\/\">@diariodigitalfemenino_<\/a><br \/>\nLenny C\u00e1ceres:\u00a0<a href=\"https:\/\/www.instagram.com\/lennycaceres69\/\">@lennycaceres69<\/a><br \/>\nFacebook:\u00a0<a href=\"https:\/\/www.facebook.com\/DiarioDigitalFemenino\/\">Diario Digital Femenino<\/a><br \/>\nTikTok;\u00a0<a href=\"https:\/\/www.tiktok.com\/@diariodigitalfemenino\">diariodigitalfemenino<\/a><\/strong><\/p><\/blockquote>\n","protected":false},"excerpt":{"rendered":"<p>Participaci\u00f3n subsidiaria del abuelo en la cobertura de la cuota alimentaria. \u201cD. N. A. c\/ P. W. R. y otro s\/ Recurso de Apelaci\u00f3n\u201d. C\u00e1mara de Apelaciones en lo Civil, Comercial, Laboral y de Miner\u00eda- Sala 2. Santa Rosa, Provincia de La Pampa, 18 de diciembre de 2025. Por\u00a0Erica P\u00e9rez* Descargar fallo completo Aqu\u00ed I.- [&hellip;]<\/p>\n","protected":false},"author":6,"featured_media":75568,"comment_status":"open","ping_status":"open","sticky":false,"template":"","format":"standard","meta":{"iawp_total_views":261,"footnotes":""},"categories":[7,178,581,627,5,182,4,21],"tags":[3697,4439,5144,891,4372,4649,1885,7628],"class_list":["post-75566","post","type-post","status-publish","format-standard","has-post-thumbnail","hentry","category-actividades","category-articulos-y-comunicados","category-azul-profundo","category-genero-y-derechos-humanos","category-historias-de-vida","category-informes","category-medios","category-noticias","tag-abuelas","tag-abuelos","tag-comentario-juridico","tag-cuota-alimentaria","tag-destacada","tag-erica-perez","tag-fallo","tag-participacion-subsidiaria"],"nelio_content":{"autoShareEndMode":"never","automationSources":{"useCustomSentences":false,"customSentences":[]},"efiAlt":"","efiUrl":"","followers":[6],"highlights":[],"isAutoShareEnabled":true,"networkImageIds":[],"permalinkQueryArgs":[],"series":[],"suggestedReferences":[]},"yoast_head":"<!-- This site is optimized with the Yoast SEO plugin v27.5 - https:\/\/yoast.com\/product\/yoast-seo-wordpress\/ -->\n<title>Participaci\u00f3n subsidiaria del abuelo en la cobertura de la cuota alimentaria - Diario Digital Femenino<\/title>\n<meta name=\"description\" content=\"Participaci\u00f3n subsidiaria. Este fallo ofrece una herramienta valiosa para sostener peticiones de subsidiariedad alimentaria.\" \/>\n<meta name=\"robots\" content=\"index, follow, max-snippet:-1, max-image-preview:large, max-video-preview:-1\" \/>\n<link rel=\"canonical\" href=\"https:\/\/diariofemenino.com.ar\/df\/participacion-subsidiaria-del-abuelo-en-la-cobertura-de-la-cuota-alimentaria\/\" \/>\n<meta property=\"og:locale\" content=\"es_ES\" \/>\n<meta property=\"og:type\" content=\"article\" \/>\n<meta property=\"og:title\" content=\"Participaci\u00f3n subsidiaria del abuelo en la cobertura de la cuota alimentaria - Diario Digital Femenino\" \/>\n<meta property=\"og:description\" content=\"Participaci\u00f3n subsidiaria. Este fallo ofrece una herramienta valiosa para sostener peticiones de subsidiariedad alimentaria.\" \/>\n<meta property=\"og:url\" content=\"https:\/\/diariofemenino.com.ar\/df\/participacion-subsidiaria-del-abuelo-en-la-cobertura-de-la-cuota-alimentaria\/\" \/>\n<meta property=\"og:site_name\" content=\"Diario Digital Femenino\" \/>\n<meta property=\"article:publisher\" content=\"https:\/\/www.facebook.com\/DiarioDigitaFemenino\/\" \/>\n<meta property=\"article:published_time\" content=\"2026-02-05T14:34:17+00:00\" \/>\n<meta property=\"article:modified_time\" content=\"2026-02-05T14:36:59+00:00\" \/>\n<meta property=\"og:image\" content=\"https:\/\/diariofemenino.com.ar\/df\/wp-content\/uploads\/2026\/02\/Abuelo-paga-alimentos.webp\" \/>\n\t<meta property=\"og:image:width\" content=\"800\" \/>\n\t<meta property=\"og:image:height\" content=\"533\" \/>\n\t<meta property=\"og:image:type\" content=\"image\/webp\" \/>\n<meta name=\"author\" content=\"redaccion\" \/>\n<meta name=\"twitter:card\" content=\"summary_large_image\" \/>\n<meta name=\"twitter:creator\" content=\"@DiarioFemenino1\" \/>\n<meta name=\"twitter:site\" content=\"@DiarioFemenino1\" \/>\n<meta name=\"twitter:label1\" content=\"Escrito por\" \/>\n\t<meta name=\"twitter:data1\" content=\"redaccion\" \/>\n\t<meta name=\"twitter:label2\" content=\"Tiempo de lectura\" \/>\n\t<meta name=\"twitter:data2\" content=\"5 minutos\" \/>\n<script type=\"application\/ld+json\" class=\"yoast-schema-graph\">{\"@context\":\"https:\\\/\\\/schema.org\",\"@graph\":[{\"@type\":\"Article\",\"@id\":\"https:\\\/\\\/diariofemenino.com.ar\\\/df\\\/participacion-subsidiaria-del-abuelo-en-la-cobertura-de-la-cuota-alimentaria\\\/#article\",\"isPartOf\":{\"@id\":\"https:\\\/\\\/diariofemenino.com.ar\\\/df\\\/participacion-subsidiaria-del-abuelo-en-la-cobertura-de-la-cuota-alimentaria\\\/\"},\"author\":{\"name\":\"redaccion\",\"@id\":\"https:\\\/\\\/diariofemenino.com.ar\\\/df\\\/#\\\/schema\\\/person\\\/b6ba2e26f7891f232694804f228a7f27\"},\"headline\":\"Participaci\u00f3n subsidiaria del abuelo en la cobertura de la cuota alimentaria\",\"datePublished\":\"2026-02-05T14:34:17+00:00\",\"dateModified\":\"2026-02-05T14:36:59+00:00\",\"mainEntityOfPage\":{\"@id\":\"https:\\\/\\\/diariofemenino.com.ar\\\/df\\\/participacion-subsidiaria-del-abuelo-en-la-cobertura-de-la-cuota-alimentaria\\\/\"},\"wordCount\":1052,\"commentCount\":0,\"publisher\":{\"@id\":\"https:\\\/\\\/diariofemenino.com.ar\\\/df\\\/#organization\"},\"image\":{\"@id\":\"https:\\\/\\\/diariofemenino.com.ar\\\/df\\\/participacion-subsidiaria-del-abuelo-en-la-cobertura-de-la-cuota-alimentaria\\\/#primaryimage\"},\"thumbnailUrl\":\"https:\\\/\\\/diariofemenino.com.ar\\\/df\\\/wp-content\\\/uploads\\\/2026\\\/02\\\/Abuelo-paga-alimentos.webp\",\"keywords\":[\"Abuelas\",\"Abuelos\",\"Comentario jur\u00eddico\",\"Cuota alimentaria\",\"Destacada\",\"Erica P\u00e9rez\",\"Fallo\",\"Participaci\u00f3n subsidiaria\"],\"articleSection\":[\"Actividades\",\"Art\u00edculos y Comunicados\",\"Azul Profundo\",\"G\u00e9nero y Derechos Humanos\",\"Historias de vida\",\"Informes\",\"Medios\",\"Noticias\"],\"inLanguage\":\"es\",\"potentialAction\":[{\"@type\":\"CommentAction\",\"name\":\"Comment\",\"target\":[\"https:\\\/\\\/diariofemenino.com.ar\\\/df\\\/participacion-subsidiaria-del-abuelo-en-la-cobertura-de-la-cuota-alimentaria\\\/#respond\"]}]},{\"@type\":\"WebPage\",\"@id\":\"https:\\\/\\\/diariofemenino.com.ar\\\/df\\\/participacion-subsidiaria-del-abuelo-en-la-cobertura-de-la-cuota-alimentaria\\\/\",\"url\":\"https:\\\/\\\/diariofemenino.com.ar\\\/df\\\/participacion-subsidiaria-del-abuelo-en-la-cobertura-de-la-cuota-alimentaria\\\/\",\"name\":\"Participaci\u00f3n subsidiaria del abuelo en la cobertura de la cuota alimentaria - Diario Digital Femenino\",\"isPartOf\":{\"@id\":\"https:\\\/\\\/diariofemenino.com.ar\\\/df\\\/#website\"},\"primaryImageOfPage\":{\"@id\":\"https:\\\/\\\/diariofemenino.com.ar\\\/df\\\/participacion-subsidiaria-del-abuelo-en-la-cobertura-de-la-cuota-alimentaria\\\/#primaryimage\"},\"image\":{\"@id\":\"https:\\\/\\\/diariofemenino.com.ar\\\/df\\\/participacion-subsidiaria-del-abuelo-en-la-cobertura-de-la-cuota-alimentaria\\\/#primaryimage\"},\"thumbnailUrl\":\"https:\\\/\\\/diariofemenino.com.ar\\\/df\\\/wp-content\\\/uploads\\\/2026\\\/02\\\/Abuelo-paga-alimentos.webp\",\"datePublished\":\"2026-02-05T14:34:17+00:00\",\"dateModified\":\"2026-02-05T14:36:59+00:00\",\"description\":\"Participaci\u00f3n subsidiaria. Este fallo ofrece una herramienta valiosa para sostener peticiones de subsidiariedad alimentaria.\",\"breadcrumb\":{\"@id\":\"https:\\\/\\\/diariofemenino.com.ar\\\/df\\\/participacion-subsidiaria-del-abuelo-en-la-cobertura-de-la-cuota-alimentaria\\\/#breadcrumb\"},\"inLanguage\":\"es\",\"potentialAction\":[{\"@type\":\"ReadAction\",\"target\":[\"https:\\\/\\\/diariofemenino.com.ar\\\/df\\\/participacion-subsidiaria-del-abuelo-en-la-cobertura-de-la-cuota-alimentaria\\\/\"]}]},{\"@type\":\"ImageObject\",\"inLanguage\":\"es\",\"@id\":\"https:\\\/\\\/diariofemenino.com.ar\\\/df\\\/participacion-subsidiaria-del-abuelo-en-la-cobertura-de-la-cuota-alimentaria\\\/#primaryimage\",\"url\":\"https:\\\/\\\/diariofemenino.com.ar\\\/df\\\/wp-content\\\/uploads\\\/2026\\\/02\\\/Abuelo-paga-alimentos.webp\",\"contentUrl\":\"https:\\\/\\\/diariofemenino.com.ar\\\/df\\\/wp-content\\\/uploads\\\/2026\\\/02\\\/Abuelo-paga-alimentos.webp\",\"width\":800,\"height\":533,\"caption\":\"Participaci\u00f3n subsidiaria\"},{\"@type\":\"BreadcrumbList\",\"@id\":\"https:\\\/\\\/diariofemenino.com.ar\\\/df\\\/participacion-subsidiaria-del-abuelo-en-la-cobertura-de-la-cuota-alimentaria\\\/#breadcrumb\",\"itemListElement\":[{\"@type\":\"ListItem\",\"position\":1,\"name\":\"Portada\",\"item\":\"https:\\\/\\\/diariofemenino.com.ar\\\/df\\\/\"},{\"@type\":\"ListItem\",\"position\":2,\"name\":\"Participaci\u00f3n subsidiaria del abuelo en la cobertura de la cuota alimentaria\"}]},{\"@type\":\"WebSite\",\"@id\":\"https:\\\/\\\/diariofemenino.com.ar\\\/df\\\/#website\",\"url\":\"https:\\\/\\\/diariofemenino.com.ar\\\/df\\\/\",\"name\":\"Diario Digital Femenino\",\"description\":\"Cuesti\u00f3n de G\u00e9nero\",\"publisher\":{\"@id\":\"https:\\\/\\\/diariofemenino.com.ar\\\/df\\\/#organization\"},\"potentialAction\":[{\"@type\":\"SearchAction\",\"target\":{\"@type\":\"EntryPoint\",\"urlTemplate\":\"https:\\\/\\\/diariofemenino.com.ar\\\/df\\\/?s={search_term_string}\"},\"query-input\":{\"@type\":\"PropertyValueSpecification\",\"valueRequired\":true,\"valueName\":\"search_term_string\"}}],\"inLanguage\":\"es\"},{\"@type\":\"Organization\",\"@id\":\"https:\\\/\\\/diariofemenino.com.ar\\\/df\\\/#organization\",\"name\":\"Diario Femenino\",\"url\":\"https:\\\/\\\/diariofemenino.com.ar\\\/df\\\/\",\"logo\":{\"@type\":\"ImageObject\",\"inLanguage\":\"es\",\"@id\":\"https:\\\/\\\/diariofemenino.com.ar\\\/df\\\/#\\\/schema\\\/logo\\\/image\\\/\",\"url\":\"https:\\\/\\\/diariofemenino.com.ar\\\/df\\\/wp-content\\\/uploads\\\/2018\\\/10\\\/logo.png\",\"contentUrl\":\"https:\\\/\\\/diariofemenino.com.ar\\\/df\\\/wp-content\\\/uploads\\\/2018\\\/10\\\/logo.png\",\"width\":500,\"height\":92,\"caption\":\"Diario Femenino\"},\"image\":{\"@id\":\"https:\\\/\\\/diariofemenino.com.ar\\\/df\\\/#\\\/schema\\\/logo\\\/image\\\/\"},\"sameAs\":[\"https:\\\/\\\/www.facebook.com\\\/DiarioDigitaFemenino\\\/\",\"https:\\\/\\\/x.com\\\/DiarioFemenino1\"]},{\"@type\":\"Person\",\"@id\":\"https:\\\/\\\/diariofemenino.com.ar\\\/df\\\/#\\\/schema\\\/person\\\/b6ba2e26f7891f232694804f228a7f27\",\"name\":\"redaccion\",\"image\":{\"@type\":\"ImageObject\",\"inLanguage\":\"es\",\"@id\":\"https:\\\/\\\/diariofemenino.com.ar\\\/df\\\/wp-content\\\/uploads\\\/2024\\\/09\\\/0eda9a67-a560-4264-8085-ae5314b35c5a-150x150.avif\",\"url\":\"https:\\\/\\\/diariofemenino.com.ar\\\/df\\\/wp-content\\\/uploads\\\/2024\\\/09\\\/0eda9a67-a560-4264-8085-ae5314b35c5a-150x150.avif\",\"contentUrl\":\"https:\\\/\\\/diariofemenino.com.ar\\\/df\\\/wp-content\\\/uploads\\\/2024\\\/09\\\/0eda9a67-a560-4264-8085-ae5314b35c5a-150x150.avif\",\"caption\":\"redaccion\"},\"url\":\"https:\\\/\\\/diariofemenino.com.ar\\\/df\\\/author\\\/redaccion\\\/\"}]}<\/script>\n<!-- \/ Yoast SEO plugin. -->","yoast_head_json":{"title":"Participaci\u00f3n subsidiaria del abuelo en la cobertura de la cuota alimentaria - Diario Digital Femenino","description":"Participaci\u00f3n subsidiaria. Este fallo ofrece una herramienta valiosa para sostener peticiones de subsidiariedad alimentaria.","robots":{"index":"index","follow":"follow","max-snippet":"max-snippet:-1","max-image-preview":"max-image-preview:large","max-video-preview":"max-video-preview:-1"},"canonical":"https:\/\/diariofemenino.com.ar\/df\/participacion-subsidiaria-del-abuelo-en-la-cobertura-de-la-cuota-alimentaria\/","og_locale":"es_ES","og_type":"article","og_title":"Participaci\u00f3n subsidiaria del abuelo en la cobertura de la cuota alimentaria - Diario Digital Femenino","og_description":"Participaci\u00f3n subsidiaria. Este fallo ofrece una herramienta valiosa para sostener peticiones de subsidiariedad alimentaria.","og_url":"https:\/\/diariofemenino.com.ar\/df\/participacion-subsidiaria-del-abuelo-en-la-cobertura-de-la-cuota-alimentaria\/","og_site_name":"Diario Digital Femenino","article_publisher":"https:\/\/www.facebook.com\/DiarioDigitaFemenino\/","article_published_time":"2026-02-05T14:34:17+00:00","article_modified_time":"2026-02-05T14:36:59+00:00","og_image":[{"width":800,"height":533,"url":"https:\/\/diariofemenino.com.ar\/df\/wp-content\/uploads\/2026\/02\/Abuelo-paga-alimentos.webp","type":"image\/webp"}],"author":"redaccion","twitter_card":"summary_large_image","twitter_creator":"@DiarioFemenino1","twitter_site":"@DiarioFemenino1","twitter_misc":{"Escrito por":"redaccion","Tiempo de lectura":"5 minutos"},"schema":{"@context":"https:\/\/schema.org","@graph":[{"@type":"Article","@id":"https:\/\/diariofemenino.com.ar\/df\/participacion-subsidiaria-del-abuelo-en-la-cobertura-de-la-cuota-alimentaria\/#article","isPartOf":{"@id":"https:\/\/diariofemenino.com.ar\/df\/participacion-subsidiaria-del-abuelo-en-la-cobertura-de-la-cuota-alimentaria\/"},"author":{"name":"redaccion","@id":"https:\/\/diariofemenino.com.ar\/df\/#\/schema\/person\/b6ba2e26f7891f232694804f228a7f27"},"headline":"Participaci\u00f3n subsidiaria del abuelo en la cobertura de la cuota alimentaria","datePublished":"2026-02-05T14:34:17+00:00","dateModified":"2026-02-05T14:36:59+00:00","mainEntityOfPage":{"@id":"https:\/\/diariofemenino.com.ar\/df\/participacion-subsidiaria-del-abuelo-en-la-cobertura-de-la-cuota-alimentaria\/"},"wordCount":1052,"commentCount":0,"publisher":{"@id":"https:\/\/diariofemenino.com.ar\/df\/#organization"},"image":{"@id":"https:\/\/diariofemenino.com.ar\/df\/participacion-subsidiaria-del-abuelo-en-la-cobertura-de-la-cuota-alimentaria\/#primaryimage"},"thumbnailUrl":"https:\/\/diariofemenino.com.ar\/df\/wp-content\/uploads\/2026\/02\/Abuelo-paga-alimentos.webp","keywords":["Abuelas","Abuelos","Comentario jur\u00eddico","Cuota alimentaria","Destacada","Erica P\u00e9rez","Fallo","Participaci\u00f3n subsidiaria"],"articleSection":["Actividades","Art\u00edculos y Comunicados","Azul Profundo","G\u00e9nero y Derechos Humanos","Historias de vida","Informes","Medios","Noticias"],"inLanguage":"es","potentialAction":[{"@type":"CommentAction","name":"Comment","target":["https:\/\/diariofemenino.com.ar\/df\/participacion-subsidiaria-del-abuelo-en-la-cobertura-de-la-cuota-alimentaria\/#respond"]}]},{"@type":"WebPage","@id":"https:\/\/diariofemenino.com.ar\/df\/participacion-subsidiaria-del-abuelo-en-la-cobertura-de-la-cuota-alimentaria\/","url":"https:\/\/diariofemenino.com.ar\/df\/participacion-subsidiaria-del-abuelo-en-la-cobertura-de-la-cuota-alimentaria\/","name":"Participaci\u00f3n subsidiaria del abuelo en la cobertura de la cuota alimentaria - Diario Digital Femenino","isPartOf":{"@id":"https:\/\/diariofemenino.com.ar\/df\/#website"},"primaryImageOfPage":{"@id":"https:\/\/diariofemenino.com.ar\/df\/participacion-subsidiaria-del-abuelo-en-la-cobertura-de-la-cuota-alimentaria\/#primaryimage"},"image":{"@id":"https:\/\/diariofemenino.com.ar\/df\/participacion-subsidiaria-del-abuelo-en-la-cobertura-de-la-cuota-alimentaria\/#primaryimage"},"thumbnailUrl":"https:\/\/diariofemenino.com.ar\/df\/wp-content\/uploads\/2026\/02\/Abuelo-paga-alimentos.webp","datePublished":"2026-02-05T14:34:17+00:00","dateModified":"2026-02-05T14:36:59+00:00","description":"Participaci\u00f3n subsidiaria. Este fallo ofrece una herramienta valiosa para sostener peticiones de subsidiariedad alimentaria.","breadcrumb":{"@id":"https:\/\/diariofemenino.com.ar\/df\/participacion-subsidiaria-del-abuelo-en-la-cobertura-de-la-cuota-alimentaria\/#breadcrumb"},"inLanguage":"es","potentialAction":[{"@type":"ReadAction","target":["https:\/\/diariofemenino.com.ar\/df\/participacion-subsidiaria-del-abuelo-en-la-cobertura-de-la-cuota-alimentaria\/"]}]},{"@type":"ImageObject","inLanguage":"es","@id":"https:\/\/diariofemenino.com.ar\/df\/participacion-subsidiaria-del-abuelo-en-la-cobertura-de-la-cuota-alimentaria\/#primaryimage","url":"https:\/\/diariofemenino.com.ar\/df\/wp-content\/uploads\/2026\/02\/Abuelo-paga-alimentos.webp","contentUrl":"https:\/\/diariofemenino.com.ar\/df\/wp-content\/uploads\/2026\/02\/Abuelo-paga-alimentos.webp","width":800,"height":533,"caption":"Participaci\u00f3n subsidiaria"},{"@type":"BreadcrumbList","@id":"https:\/\/diariofemenino.com.ar\/df\/participacion-subsidiaria-del-abuelo-en-la-cobertura-de-la-cuota-alimentaria\/#breadcrumb","itemListElement":[{"@type":"ListItem","position":1,"name":"Portada","item":"https:\/\/diariofemenino.com.ar\/df\/"},{"@type":"ListItem","position":2,"name":"Participaci\u00f3n subsidiaria del abuelo en la cobertura de la cuota alimentaria"}]},{"@type":"WebSite","@id":"https:\/\/diariofemenino.com.ar\/df\/#website","url":"https:\/\/diariofemenino.com.ar\/df\/","name":"Diario Digital Femenino","description":"Cuesti\u00f3n de G\u00e9nero","publisher":{"@id":"https:\/\/diariofemenino.com.ar\/df\/#organization"},"potentialAction":[{"@type":"SearchAction","target":{"@type":"EntryPoint","urlTemplate":"https:\/\/diariofemenino.com.ar\/df\/?s={search_term_string}"},"query-input":{"@type":"PropertyValueSpecification","valueRequired":true,"valueName":"search_term_string"}}],"inLanguage":"es"},{"@type":"Organization","@id":"https:\/\/diariofemenino.com.ar\/df\/#organization","name":"Diario Femenino","url":"https:\/\/diariofemenino.com.ar\/df\/","logo":{"@type":"ImageObject","inLanguage":"es","@id":"https:\/\/diariofemenino.com.ar\/df\/#\/schema\/logo\/image\/","url":"https:\/\/diariofemenino.com.ar\/df\/wp-content\/uploads\/2018\/10\/logo.png","contentUrl":"https:\/\/diariofemenino.com.ar\/df\/wp-content\/uploads\/2018\/10\/logo.png","width":500,"height":92,"caption":"Diario Femenino"},"image":{"@id":"https:\/\/diariofemenino.com.ar\/df\/#\/schema\/logo\/image\/"},"sameAs":["https:\/\/www.facebook.com\/DiarioDigitaFemenino\/","https:\/\/x.com\/DiarioFemenino1"]},{"@type":"Person","@id":"https:\/\/diariofemenino.com.ar\/df\/#\/schema\/person\/b6ba2e26f7891f232694804f228a7f27","name":"redaccion","image":{"@type":"ImageObject","inLanguage":"es","@id":"https:\/\/diariofemenino.com.ar\/df\/wp-content\/uploads\/2024\/09\/0eda9a67-a560-4264-8085-ae5314b35c5a-150x150.avif","url":"https:\/\/diariofemenino.com.ar\/df\/wp-content\/uploads\/2024\/09\/0eda9a67-a560-4264-8085-ae5314b35c5a-150x150.avif","contentUrl":"https:\/\/diariofemenino.com.ar\/df\/wp-content\/uploads\/2024\/09\/0eda9a67-a560-4264-8085-ae5314b35c5a-150x150.avif","caption":"redaccion"},"url":"https:\/\/diariofemenino.com.ar\/df\/author\/redaccion\/"}]}},"jetpack_featured_media_url":"https:\/\/diariofemenino.com.ar\/df\/wp-content\/uploads\/2026\/02\/Abuelo-paga-alimentos.webp","jetpack_sharing_enabled":true,"rttpg_featured_image_url":{"full":["https:\/\/diariofemenino.com.ar\/df\/wp-content\/uploads\/2026\/02\/Abuelo-paga-alimentos.webp",800,533,false],"landscape":["https:\/\/diariofemenino.com.ar\/df\/wp-content\/uploads\/2026\/02\/Abuelo-paga-alimentos.webp",800,533,false],"portraits":["https:\/\/diariofemenino.com.ar\/df\/wp-content\/uploads\/2026\/02\/Abuelo-paga-alimentos.webp",800,533,false],"thumbnail":["https:\/\/diariofemenino.com.ar\/df\/wp-content\/uploads\/2026\/02\/Abuelo-paga-alimentos-150x150.webp",150,150,true],"medium":["https:\/\/diariofemenino.com.ar\/df\/wp-content\/uploads\/2026\/02\/Abuelo-paga-alimentos-300x200.webp",300,200,true],"large":["https:\/\/diariofemenino.com.ar\/df\/wp-content\/uploads\/2026\/02\/Abuelo-paga-alimentos.webp",800,533,false],"1536x1536":["https:\/\/diariofemenino.com.ar\/df\/wp-content\/uploads\/2026\/02\/Abuelo-paga-alimentos.webp",800,533,false],"2048x2048":["https:\/\/diariofemenino.com.ar\/df\/wp-content\/uploads\/2026\/02\/Abuelo-paga-alimentos.webp",800,533,false]},"rttpg_author":{"display_name":"redaccion","author_link":"https:\/\/diariofemenino.com.ar\/df\/author\/redaccion\/"},"rttpg_comment":0,"rttpg_category":"<a href=\"https:\/\/diariofemenino.com.ar\/df\/category\/actividades\/\" rel=\"category tag\">Actividades<\/a> <a href=\"https:\/\/diariofemenino.com.ar\/df\/category\/articulos-y-comunicados\/\" rel=\"category tag\">Art\u00edculos y Comunicados<\/a> <a href=\"https:\/\/diariofemenino.com.ar\/df\/category\/azul-profundo\/\" rel=\"category tag\">Azul Profundo<\/a> <a href=\"https:\/\/diariofemenino.com.ar\/df\/category\/genero-y-derechos-humanos\/\" rel=\"category tag\">G\u00e9nero y Derechos Humanos<\/a> <a href=\"https:\/\/diariofemenino.com.ar\/df\/category\/historias-de-vida\/\" rel=\"category tag\">Historias de vida<\/a> <a href=\"https:\/\/diariofemenino.com.ar\/df\/category\/informes\/\" rel=\"category tag\">Informes<\/a> <a href=\"https:\/\/diariofemenino.com.ar\/df\/category\/medios\/\" rel=\"category tag\">Medios<\/a> <a href=\"https:\/\/diariofemenino.com.ar\/df\/category\/noticias\/\" rel=\"category tag\">Noticias<\/a>","rttpg_excerpt":"Participaci\u00f3n subsidiaria del abuelo en la cobertura de la cuota alimentaria. \u201cD. N. A. c\/ P. W. R. y otro s\/ Recurso de Apelaci\u00f3n\u201d. C\u00e1mara de Apelaciones en lo Civil, Comercial, Laboral y de Miner\u00eda- Sala 2. Santa Rosa, Provincia de La Pampa, 18 de diciembre de 2025. Por\u00a0Erica P\u00e9rez* Descargar fallo completo Aqu\u00ed I.-&hellip;","_links":{"self":[{"href":"https:\/\/diariofemenino.com.ar\/df\/wp-json\/wp\/v2\/posts\/75566","targetHints":{"allow":["GET"]}}],"collection":[{"href":"https:\/\/diariofemenino.com.ar\/df\/wp-json\/wp\/v2\/posts"}],"about":[{"href":"https:\/\/diariofemenino.com.ar\/df\/wp-json\/wp\/v2\/types\/post"}],"author":[{"embeddable":true,"href":"https:\/\/diariofemenino.com.ar\/df\/wp-json\/wp\/v2\/users\/6"}],"replies":[{"embeddable":true,"href":"https:\/\/diariofemenino.com.ar\/df\/wp-json\/wp\/v2\/comments?post=75566"}],"version-history":[{"count":1,"href":"https:\/\/diariofemenino.com.ar\/df\/wp-json\/wp\/v2\/posts\/75566\/revisions"}],"predecessor-version":[{"id":75570,"href":"https:\/\/diariofemenino.com.ar\/df\/wp-json\/wp\/v2\/posts\/75566\/revisions\/75570"}],"wp:featuredmedia":[{"embeddable":true,"href":"https:\/\/diariofemenino.com.ar\/df\/wp-json\/wp\/v2\/media\/75568"}],"wp:attachment":[{"href":"https:\/\/diariofemenino.com.ar\/df\/wp-json\/wp\/v2\/media?parent=75566"}],"wp:term":[{"taxonomy":"category","embeddable":true,"href":"https:\/\/diariofemenino.com.ar\/df\/wp-json\/wp\/v2\/categories?post=75566"},{"taxonomy":"post_tag","embeddable":true,"href":"https:\/\/diariofemenino.com.ar\/df\/wp-json\/wp\/v2\/tags?post=75566"}],"curies":[{"name":"wp","href":"https:\/\/api.w.org\/{rel}","templated":true}]}}