{"id":75542,"date":"2026-01-15T09:56:32","date_gmt":"2026-01-15T12:56:32","guid":{"rendered":"https:\/\/diariofemenino.com.ar\/df\/?p=75542"},"modified":"2026-01-15T09:56:32","modified_gmt":"2026-01-15T12:56:32","slug":"un-fallo-historico-el-indice-de-crianza-desplaza-al-salario-minimo-como-referencia-para-la-cuota-alimentaria","status":"publish","type":"post","link":"https:\/\/diariofemenino.com.ar\/df\/un-fallo-historico-el-indice-de-crianza-desplaza-al-salario-minimo-como-referencia-para-la-cuota-alimentaria\/","title":{"rendered":"Un fallo hist\u00f3rico: el \u00cdndice de Crianza desplaza al Salario M\u00ednimo como referencia para la cuota alimentaria"},"content":{"rendered":"<p>La C\u00e1mara de Apelaciones en lo Civil y Comercial de La Plata marc\u00f3 un antes y un despu\u00e9s en la forma de calcular la cuota alimentaria en Argentina. En el caso <strong>\u201cC. A. c\/ Q. A. S. s\/ Homologaci\u00f3n de Convenio\u201d<\/strong>, los jueces decidieron dejar atr\u00e1s el tradicional <strong>Salario M\u00ednimo Vital y M\u00f3vil (SMVM)<\/strong> como par\u00e1metro y adoptar el <strong>\u00cdndice de Crianza<\/strong>, una herramienta que refleja el costo real de criar en Argentina a ni\u00f1os, ni\u00f1as y adolescentes.<\/p>\n<p>Por\u00a0<a href=\"https:\/\/diariofemenino.com.ar\/df\/?s=Erica+P%C3%A9rez\">Erica P\u00e9rez<\/a>*<br \/>\nDescargar fallo completo: <a href=\"https:\/\/diariofemenino.com.ar\/df\/wp-content\/uploads\/2026\/01\/IC_es_mejor_que_SMVM_anonimizado-1-1.pdf\">Aqu\u00ed<\/a><\/p>\n<p>Hasta ahora, algunas sentencias fijaban la cuota alimentaria tomando como referencia el SMVM, un indicador pensado para un trabajador sin cargas familiares. El problema reside en que esta cifra no alcanza para cubrir las necesidades b\u00e1sicas de ni\u00f1as y ni\u00f1os.<\/p>\n<p>El <strong>\u00cdndice de Crianza<\/strong>, elaborado por el INDEC, incorpora dos aspectos clave:<\/p>\n<ul>\n<li><strong>Bienes y servicios esenciales<\/strong>: alimentaci\u00f3n, vestimenta, vivienda, transporte.<\/li>\n<li><strong>Costo del cuidado<\/strong>: horas de atenci\u00f3n valorizadas seg\u00fan el r\u00e9gimen de casas particulares.<\/li>\n<\/ul>\n<p>Este \u00edndice se actualiza mensualmente y por tramos de edad, ofreciendo un par\u00e1metro objetivo y din\u00e1mico que garantiza el <strong>inter\u00e9s superior del ni\u00f1o<\/strong>, tal como exige la Convenci\u00f3n sobre los Derechos del Ni\u00f1o y el C\u00f3digo Civil y Comercial.<\/p>\n<p>El uso del \u00cdndice de Crianza comenz\u00f3 en 2023, se fortaleci\u00f3 en 2024 \/ 2025 y hoy es la referencia principal m\u00e1s id\u00f3nea para determinar el monto de la cuota alimentaria. Los montos promedio superan los $500.000 y, en algunos lugares, se aplican porcentajes mayores para garantizar una cobertura adecuada.<\/p>\n<p><strong>El caso concreto<\/strong><\/p>\n<p>La C\u00e1mara de Apelaciones en lo Civil y Comercial de La Plata, Sala II, resolvi\u00f3 un caso sobre alimentos provisorios en el expediente <strong>\u201cC. A. c\/ Q. A. S. s\/ Homologaci\u00f3n de Convenio\u201d<\/strong>, donde se discut\u00eda la suficiencia de la cuota fijada en primera instancia. El Juzgado de Familia hab\u00eda establecido una cuota equivalente al <strong>Salario M\u00ednimo Vital y M\u00f3vil (SMVM)<\/strong>, lo que motiv\u00f3 la apelaci\u00f3n de la madre por considerarla insuficiente y por no incluir el alquiler del inmueble donde reside la ni\u00f1a.<\/p>\n<p>El tribunal destac\u00f3 que los alimentos provisorios tienen naturaleza cautelar y deben garantizar necesidades b\u00e1sicas inmediatas (art. 544 CCyC), pudiendo modificarse durante el proceso. <strong>Analiz\u00f3 que el SMVM es un par\u00e1metro laboral pensado para un trabajador sin cargas familiares, por lo que resulta inadecuado para cubrir las necesidades reales de ni\u00f1as y ni\u00f1os<\/strong>. En septiembre de 2025, el SMVM era inferior a la Canasta B\u00e1sica Total, lo que evidencia su insuficiencia.<\/p>\n<figure id=\"attachment_75543\" aria-describedby=\"caption-attachment-75543\" style=\"width: 300px\" class=\"wp-caption aligncenter\"><img loading=\"lazy\" decoding=\"async\" class=\"size-medium wp-image-75543\" src=\"https:\/\/diariofemenino.com.ar\/df\/wp-content\/uploads\/2026\/01\/multimedia.normal.b3ab2f6c0dae7b6e.RnF0NGU4TFdZQVl0Z04yX25vcm1hbC53ZWJw-1-300x212.webp\" alt=\"Un fallo hist\u00f3rico: el \u00cdndice de Crianza desplaza al Salario M\u00ednimo como referencia para la cuota alimentaria\" width=\"300\" height=\"212\" srcset=\"https:\/\/diariofemenino.com.ar\/df\/wp-content\/uploads\/2026\/01\/multimedia.normal.b3ab2f6c0dae7b6e.RnF0NGU4TFdZQVl0Z04yX25vcm1hbC53ZWJw-1-300x212.webp 300w, https:\/\/diariofemenino.com.ar\/df\/wp-content\/uploads\/2026\/01\/multimedia.normal.b3ab2f6c0dae7b6e.RnF0NGU4TFdZQVl0Z04yX25vcm1hbC53ZWJw-1-1024x722.webp 1024w, https:\/\/diariofemenino.com.ar\/df\/wp-content\/uploads\/2026\/01\/multimedia.normal.b3ab2f6c0dae7b6e.RnF0NGU4TFdZQVl0Z04yX25vcm1hbC53ZWJw-1-768x542.webp 768w, https:\/\/diariofemenino.com.ar\/df\/wp-content\/uploads\/2026\/01\/multimedia.normal.b3ab2f6c0dae7b6e.RnF0NGU4TFdZQVl0Z04yX25vcm1hbC53ZWJw-1.webp 1073w\" sizes=\"auto, (max-width: 300px) 100vw, 300px\" \/><figcaption id=\"caption-attachment-75543\" class=\"wp-caption-text\">Un fallo hist\u00f3rico.<\/figcaption><\/figure>\n<p>En consecuencia, la C\u00e1mara adopt\u00f3 el \u00cdndice de Crianza elaborado por INDEC como referencia objetiva, <strong>incorporado por la Ley 15.513<\/strong> (arts. 636 bis y 641 CPCC). Este \u00edndice contempla el costo de bienes y servicios esenciales y el valor econ\u00f3mico del cuidado, asegurando el inter\u00e9s superior del ni\u00f1o (art. 3 CDN; arts. 659 y 660 CCyC). Con base en ello, fij\u00f3 la cuota provisoria en $450.000, m\u00e1s el pago del jard\u00edn de infantes y la cobertura m\u00e9dica, considerando la capacidad econ\u00f3mica del alimentante y sus ofrecimientos previos.<\/p>\n<p>El segundo recurso, que cuestionaba la negativa a modificar la cuota, fue declarado abstracto por el aumento dispuesto. Las costas se impusieron al alimentante por su incumplimiento reiterado.<\/p>\n<blockquote><p><strong>Colabora con Diario Digital Femenino<\/strong><br \/>\n$3.000 por mes (sosten\u00e9s a largo plazo)\u00a0<strong><a href=\"https:\/\/www.mercadopago.com.ar\/subscriptions\/checkout\/v2?preapproval_plan_id=2c93808496ae4a940196b01559a4004f\">AQU\u00cd<\/a><\/strong><br \/>\nUna vez al a\u00f1o, vos decid\u00eds el monto (un gesto, una ayuda concreta)\u00a0<strong><a href=\"https:\/\/www.mercadopago.com.ar\/subscriptions\/checkout?preapproval_plan_id=2c938084981e9ee501982d4490280459\">AQU\u00cd<\/a><\/strong><br \/>\nPor \u00fanica vez, el monto que decidas.\u00a0<strong>Alias: Lenny.Caceres<\/strong><\/p><\/blockquote>\n<p>Este fallo marca un precedente relevante, desplaza el SMVM como par\u00e1metro principal y consolida el \u00cdndice de Crianza como herramienta t\u00e9cnica, transparente y actualizable para fijar alimentos provisorios. Garantiza una cobertura integral (vivienda, educaci\u00f3n, salud y cuidado), reduce la discrecionalidad judicial y evita conflictos por actualizaci\u00f3n, fortaleciendo la protecci\u00f3n del inter\u00e9s superior del ni\u00f1o.<\/p>\n<p>Seg\u00fan el \u00faltimo informe del INDEC, el valor del \u00cdndice de Crianza var\u00eda seg\u00fan la edad de ni\u00f1as, ni\u00f1os y adolescentes. A enero de 2026, los montos son los siguientes:<\/p>\n<p>Menores de 1 a\u00f1o: $450.355, De 1 a 3 a\u00f1os: $535.823, De 4 a 5 a\u00f1os: $454.165 y De 6 a 12 a\u00f1os: $571.106.<\/p>\n<p><strong>(*)<\/strong>\u00a0Abogada U.B.A. columnista jur\u00eddica del Diario Digital Femenino. Direcci\u00f3n de equidad de g\u00e9nero y diversidad sexual de la c\u00e1mara de diputados de la provincia de Buenos Aires. Participa en la Asociaci\u00f3n \u201cAcompa\u00f1antes\u201d a cargo del Dr. Diego Ortiz. Miembro del \u201cInstituto de la Mujer\u201d de la Fundaci\u00f3n Pro Humanae Vitae FPHV. Coordinadora de la revista \u201cPr\u00e1ctica Profesional\u201d Ediciones Jur\u00eddicas, directora Dra.<br \/>\nViviana De Souza. Subdirectora del Observatorio de decisiones judiciales con perspectiva de g\u00e9nero del \u00e1rea de Investigaci\u00f3n y Cl\u00ednicas jur\u00eddicas del C.A.L.P. https:\/\/blog-ericaperez.blogspot.com (<a href=\"https:\/\/blogericaperez.blogspot.com\/\">https:\/\/blogericaperez.blogspot.com\/<\/a>)<\/p>\n<p><strong>Referencia <\/strong><\/p>\n<p><strong>\u00a0\u201cC. A. c\/ Q. A. S. s\/ Homologaci\u00f3n de Convenio\u201d, en instancia de apelaci\u00f3n ante la C\u00e1mara de Apelaciones en lo Civil y Comercial, Sala II de La Plata.<\/strong><\/p>\n<p>&nbsp;<\/p>\n<blockquote><p><strong> Seguinos en Instagram. Diario Digital Femenino:\u00a0<a href=\"https:\/\/www.instagram.com\/diariodigitalfemenino_\/\">@diariodigitalfemenino_<\/a><br \/>\nLenny C\u00e1ceres:\u00a0<a href=\"https:\/\/www.instagram.com\/lennycaceres69\/\">@lennycaceres69<\/a><br \/>\nFacebook:\u00a0<a href=\"https:\/\/www.facebook.com\/DiarioDigitalFemenino\/\">Diario Digital Femenino<\/a><br \/>\nTikTok;\u00a0<a href=\"https:\/\/www.tiktok.com\/@diariodigitalfemenino\">diariodigitalfemenino<\/a><\/strong><\/p><\/blockquote>\n","protected":false},"excerpt":{"rendered":"<p>La C\u00e1mara de Apelaciones en lo Civil y Comercial de La Plata marc\u00f3 un antes y un despu\u00e9s en la forma de calcular la cuota alimentaria en Argentina. En el caso \u201cC. A. c\/ Q. A. S. s\/ Homologaci\u00f3n de Convenio\u201d, los jueces decidieron dejar atr\u00e1s el tradicional Salario M\u00ednimo Vital y M\u00f3vil (SMVM) como [&hellip;]<\/p>\n","protected":false},"author":6,"featured_media":75544,"comment_status":"open","ping_status":"open","sticky":false,"template":"","format":"standard","meta":{"iawp_total_views":1342,"footnotes":""},"categories":[7,1067,178,581,627,182,21],"tags":[891,4372,4649,3842,6269,7620],"class_list":["post-75542","post","type-post","status-publish","format-standard","has-post-thumbnail","hentry","category-actividades","category-agenda-feminista","category-articulos-y-comunicados","category-azul-profundo","category-genero-y-derechos-humanos","category-informes","category-noticias","tag-cuota-alimentaria","tag-destacada","tag-erica-perez","tag-fallo-historico","tag-indice-de-crianza","tag-smvm"],"nelio_content":{"autoShareEndMode":"never","automationSources":{"useCustomSentences":false,"customSentences":[]},"efiAlt":"","efiUrl":"","followers":[6],"highlights":[],"isAutoShareEnabled":true,"networkImageIds":[],"permalinkQueryArgs":[],"series":[],"suggestedReferences":[]},"yoast_head":"<!-- This site is optimized with the Yoast SEO plugin v27.5 - https:\/\/yoast.com\/product\/yoast-seo-wordpress\/ -->\n<title>Un fallo hist\u00f3rico: el \u00cdndice de Crianza desplaza al Salario M\u00ednimo como referencia para la cuota alimentaria - Diario Digital Femenino<\/title>\n<meta name=\"description\" content=\"Un fallo hist\u00f3rico\" \/>\n<meta name=\"robots\" content=\"index, follow, max-snippet:-1, max-image-preview:large, max-video-preview:-1\" \/>\n<link rel=\"canonical\" href=\"https:\/\/diariofemenino.com.ar\/df\/un-fallo-historico-el-indice-de-crianza-desplaza-al-salario-minimo-como-referencia-para-la-cuota-alimentaria\/\" \/>\n<meta property=\"og:locale\" content=\"es_ES\" \/>\n<meta property=\"og:type\" content=\"article\" \/>\n<meta property=\"og:title\" content=\"Un fallo hist\u00f3rico: el \u00cdndice de Crianza desplaza al Salario M\u00ednimo como referencia para la cuota alimentaria - Diario Digital Femenino\" \/>\n<meta property=\"og:description\" content=\"Un fallo hist\u00f3rico\" \/>\n<meta property=\"og:url\" content=\"https:\/\/diariofemenino.com.ar\/df\/un-fallo-historico-el-indice-de-crianza-desplaza-al-salario-minimo-como-referencia-para-la-cuota-alimentaria\/\" \/>\n<meta property=\"og:site_name\" content=\"Diario Digital Femenino\" \/>\n<meta property=\"article:publisher\" content=\"https:\/\/www.facebook.com\/DiarioDigitaFemenino\/\" \/>\n<meta property=\"article:published_time\" content=\"2026-01-15T12:56:32+00:00\" \/>\n<meta property=\"og:image\" content=\"https:\/\/diariofemenino.com.ar\/df\/wp-content\/uploads\/2026\/01\/Fqt4e8LWYAYtgN2-1068x474-1.webp\" \/>\n\t<meta property=\"og:image:width\" content=\"1068\" \/>\n\t<meta property=\"og:image:height\" content=\"474\" \/>\n\t<meta property=\"og:image:type\" content=\"image\/webp\" \/>\n<meta name=\"author\" content=\"redaccion\" \/>\n<meta name=\"twitter:card\" content=\"summary_large_image\" \/>\n<meta name=\"twitter:creator\" content=\"@DiarioFemenino1\" \/>\n<meta name=\"twitter:site\" content=\"@DiarioFemenino1\" \/>\n<meta name=\"twitter:label1\" content=\"Escrito por\" \/>\n\t<meta name=\"twitter:data1\" content=\"redaccion\" \/>\n\t<meta name=\"twitter:label2\" content=\"Tiempo de lectura\" \/>\n\t<meta name=\"twitter:data2\" content=\"4 minutos\" \/>\n<script type=\"application\/ld+json\" class=\"yoast-schema-graph\">{\"@context\":\"https:\\\/\\\/schema.org\",\"@graph\":[{\"@type\":\"Article\",\"@id\":\"https:\\\/\\\/diariofemenino.com.ar\\\/df\\\/un-fallo-historico-el-indice-de-crianza-desplaza-al-salario-minimo-como-referencia-para-la-cuota-alimentaria\\\/#article\",\"isPartOf\":{\"@id\":\"https:\\\/\\\/diariofemenino.com.ar\\\/df\\\/un-fallo-historico-el-indice-de-crianza-desplaza-al-salario-minimo-como-referencia-para-la-cuota-alimentaria\\\/\"},\"author\":{\"name\":\"redaccion\",\"@id\":\"https:\\\/\\\/diariofemenino.com.ar\\\/df\\\/#\\\/schema\\\/person\\\/b6ba2e26f7891f232694804f228a7f27\"},\"headline\":\"Un fallo hist\u00f3rico: el \u00cdndice de Crianza desplaza al Salario M\u00ednimo como referencia para la cuota alimentaria\",\"datePublished\":\"2026-01-15T12:56:32+00:00\",\"mainEntityOfPage\":{\"@id\":\"https:\\\/\\\/diariofemenino.com.ar\\\/df\\\/un-fallo-historico-el-indice-de-crianza-desplaza-al-salario-minimo-como-referencia-para-la-cuota-alimentaria\\\/\"},\"wordCount\":894,\"commentCount\":1,\"publisher\":{\"@id\":\"https:\\\/\\\/diariofemenino.com.ar\\\/df\\\/#organization\"},\"image\":{\"@id\":\"https:\\\/\\\/diariofemenino.com.ar\\\/df\\\/un-fallo-historico-el-indice-de-crianza-desplaza-al-salario-minimo-como-referencia-para-la-cuota-alimentaria\\\/#primaryimage\"},\"thumbnailUrl\":\"https:\\\/\\\/diariofemenino.com.ar\\\/df\\\/wp-content\\\/uploads\\\/2026\\\/01\\\/Fqt4e8LWYAYtgN2-1068x474-1.webp\",\"keywords\":[\"Cuota alimentaria\",\"Destacada\",\"Erica P\u00e9rez\",\"Fallo hist\u00f3rico\",\"\u00cdndice de Crianza\",\"SMVM\"],\"articleSection\":[\"Actividades\",\"Agenda Feminista\",\"Art\u00edculos y Comunicados\",\"Azul Profundo\",\"G\u00e9nero y Derechos Humanos\",\"Informes\",\"Noticias\"],\"inLanguage\":\"es\",\"potentialAction\":[{\"@type\":\"CommentAction\",\"name\":\"Comment\",\"target\":[\"https:\\\/\\\/diariofemenino.com.ar\\\/df\\\/un-fallo-historico-el-indice-de-crianza-desplaza-al-salario-minimo-como-referencia-para-la-cuota-alimentaria\\\/#respond\"]}]},{\"@type\":\"WebPage\",\"@id\":\"https:\\\/\\\/diariofemenino.com.ar\\\/df\\\/un-fallo-historico-el-indice-de-crianza-desplaza-al-salario-minimo-como-referencia-para-la-cuota-alimentaria\\\/\",\"url\":\"https:\\\/\\\/diariofemenino.com.ar\\\/df\\\/un-fallo-historico-el-indice-de-crianza-desplaza-al-salario-minimo-como-referencia-para-la-cuota-alimentaria\\\/\",\"name\":\"Un fallo hist\u00f3rico: el \u00cdndice de Crianza desplaza al Salario M\u00ednimo como referencia para la cuota alimentaria - Diario Digital Femenino\",\"isPartOf\":{\"@id\":\"https:\\\/\\\/diariofemenino.com.ar\\\/df\\\/#website\"},\"primaryImageOfPage\":{\"@id\":\"https:\\\/\\\/diariofemenino.com.ar\\\/df\\\/un-fallo-historico-el-indice-de-crianza-desplaza-al-salario-minimo-como-referencia-para-la-cuota-alimentaria\\\/#primaryimage\"},\"image\":{\"@id\":\"https:\\\/\\\/diariofemenino.com.ar\\\/df\\\/un-fallo-historico-el-indice-de-crianza-desplaza-al-salario-minimo-como-referencia-para-la-cuota-alimentaria\\\/#primaryimage\"},\"thumbnailUrl\":\"https:\\\/\\\/diariofemenino.com.ar\\\/df\\\/wp-content\\\/uploads\\\/2026\\\/01\\\/Fqt4e8LWYAYtgN2-1068x474-1.webp\",\"datePublished\":\"2026-01-15T12:56:32+00:00\",\"description\":\"Un fallo hist\u00f3rico\",\"breadcrumb\":{\"@id\":\"https:\\\/\\\/diariofemenino.com.ar\\\/df\\\/un-fallo-historico-el-indice-de-crianza-desplaza-al-salario-minimo-como-referencia-para-la-cuota-alimentaria\\\/#breadcrumb\"},\"inLanguage\":\"es\",\"potentialAction\":[{\"@type\":\"ReadAction\",\"target\":[\"https:\\\/\\\/diariofemenino.com.ar\\\/df\\\/un-fallo-historico-el-indice-de-crianza-desplaza-al-salario-minimo-como-referencia-para-la-cuota-alimentaria\\\/\"]}]},{\"@type\":\"ImageObject\",\"inLanguage\":\"es\",\"@id\":\"https:\\\/\\\/diariofemenino.com.ar\\\/df\\\/un-fallo-historico-el-indice-de-crianza-desplaza-al-salario-minimo-como-referencia-para-la-cuota-alimentaria\\\/#primaryimage\",\"url\":\"https:\\\/\\\/diariofemenino.com.ar\\\/df\\\/wp-content\\\/uploads\\\/2026\\\/01\\\/Fqt4e8LWYAYtgN2-1068x474-1.webp\",\"contentUrl\":\"https:\\\/\\\/diariofemenino.com.ar\\\/df\\\/wp-content\\\/uploads\\\/2026\\\/01\\\/Fqt4e8LWYAYtgN2-1068x474-1.webp\",\"width\":1068,\"height\":474,\"caption\":\"Un fallo hist\u00f3rico: el \u00cdndice de Crianza desplaza al Salario M\u00ednimo como referencia para la cuota alimentaria\"},{\"@type\":\"BreadcrumbList\",\"@id\":\"https:\\\/\\\/diariofemenino.com.ar\\\/df\\\/un-fallo-historico-el-indice-de-crianza-desplaza-al-salario-minimo-como-referencia-para-la-cuota-alimentaria\\\/#breadcrumb\",\"itemListElement\":[{\"@type\":\"ListItem\",\"position\":1,\"name\":\"Portada\",\"item\":\"https:\\\/\\\/diariofemenino.com.ar\\\/df\\\/\"},{\"@type\":\"ListItem\",\"position\":2,\"name\":\"Un fallo hist\u00f3rico: el \u00cdndice de Crianza desplaza al Salario M\u00ednimo como referencia para la cuota alimentaria\"}]},{\"@type\":\"WebSite\",\"@id\":\"https:\\\/\\\/diariofemenino.com.ar\\\/df\\\/#website\",\"url\":\"https:\\\/\\\/diariofemenino.com.ar\\\/df\\\/\",\"name\":\"Diario Digital Femenino\",\"description\":\"Cuesti\u00f3n de G\u00e9nero\",\"publisher\":{\"@id\":\"https:\\\/\\\/diariofemenino.com.ar\\\/df\\\/#organization\"},\"potentialAction\":[{\"@type\":\"SearchAction\",\"target\":{\"@type\":\"EntryPoint\",\"urlTemplate\":\"https:\\\/\\\/diariofemenino.com.ar\\\/df\\\/?s={search_term_string}\"},\"query-input\":{\"@type\":\"PropertyValueSpecification\",\"valueRequired\":true,\"valueName\":\"search_term_string\"}}],\"inLanguage\":\"es\"},{\"@type\":\"Organization\",\"@id\":\"https:\\\/\\\/diariofemenino.com.ar\\\/df\\\/#organization\",\"name\":\"Diario Femenino\",\"url\":\"https:\\\/\\\/diariofemenino.com.ar\\\/df\\\/\",\"logo\":{\"@type\":\"ImageObject\",\"inLanguage\":\"es\",\"@id\":\"https:\\\/\\\/diariofemenino.com.ar\\\/df\\\/#\\\/schema\\\/logo\\\/image\\\/\",\"url\":\"https:\\\/\\\/diariofemenino.com.ar\\\/df\\\/wp-content\\\/uploads\\\/2018\\\/10\\\/logo.png\",\"contentUrl\":\"https:\\\/\\\/diariofemenino.com.ar\\\/df\\\/wp-content\\\/uploads\\\/2018\\\/10\\\/logo.png\",\"width\":500,\"height\":92,\"caption\":\"Diario Femenino\"},\"image\":{\"@id\":\"https:\\\/\\\/diariofemenino.com.ar\\\/df\\\/#\\\/schema\\\/logo\\\/image\\\/\"},\"sameAs\":[\"https:\\\/\\\/www.facebook.com\\\/DiarioDigitaFemenino\\\/\",\"https:\\\/\\\/x.com\\\/DiarioFemenino1\"]},{\"@type\":\"Person\",\"@id\":\"https:\\\/\\\/diariofemenino.com.ar\\\/df\\\/#\\\/schema\\\/person\\\/b6ba2e26f7891f232694804f228a7f27\",\"name\":\"redaccion\",\"image\":{\"@type\":\"ImageObject\",\"inLanguage\":\"es\",\"@id\":\"https:\\\/\\\/diariofemenino.com.ar\\\/df\\\/wp-content\\\/uploads\\\/2024\\\/09\\\/0eda9a67-a560-4264-8085-ae5314b35c5a-150x150.avif\",\"url\":\"https:\\\/\\\/diariofemenino.com.ar\\\/df\\\/wp-content\\\/uploads\\\/2024\\\/09\\\/0eda9a67-a560-4264-8085-ae5314b35c5a-150x150.avif\",\"contentUrl\":\"https:\\\/\\\/diariofemenino.com.ar\\\/df\\\/wp-content\\\/uploads\\\/2024\\\/09\\\/0eda9a67-a560-4264-8085-ae5314b35c5a-150x150.avif\",\"caption\":\"redaccion\"},\"url\":\"https:\\\/\\\/diariofemenino.com.ar\\\/df\\\/author\\\/redaccion\\\/\"}]}<\/script>\n<!-- \/ Yoast SEO plugin. -->","yoast_head_json":{"title":"Un fallo hist\u00f3rico: el \u00cdndice de Crianza desplaza al Salario M\u00ednimo como referencia para la cuota alimentaria - Diario Digital Femenino","description":"Un fallo hist\u00f3rico","robots":{"index":"index","follow":"follow","max-snippet":"max-snippet:-1","max-image-preview":"max-image-preview:large","max-video-preview":"max-video-preview:-1"},"canonical":"https:\/\/diariofemenino.com.ar\/df\/un-fallo-historico-el-indice-de-crianza-desplaza-al-salario-minimo-como-referencia-para-la-cuota-alimentaria\/","og_locale":"es_ES","og_type":"article","og_title":"Un fallo hist\u00f3rico: el \u00cdndice de Crianza desplaza al Salario M\u00ednimo como referencia para la cuota alimentaria - Diario Digital Femenino","og_description":"Un fallo hist\u00f3rico","og_url":"https:\/\/diariofemenino.com.ar\/df\/un-fallo-historico-el-indice-de-crianza-desplaza-al-salario-minimo-como-referencia-para-la-cuota-alimentaria\/","og_site_name":"Diario Digital Femenino","article_publisher":"https:\/\/www.facebook.com\/DiarioDigitaFemenino\/","article_published_time":"2026-01-15T12:56:32+00:00","og_image":[{"width":1068,"height":474,"url":"https:\/\/diariofemenino.com.ar\/df\/wp-content\/uploads\/2026\/01\/Fqt4e8LWYAYtgN2-1068x474-1.webp","type":"image\/webp"}],"author":"redaccion","twitter_card":"summary_large_image","twitter_creator":"@DiarioFemenino1","twitter_site":"@DiarioFemenino1","twitter_misc":{"Escrito por":"redaccion","Tiempo de lectura":"4 minutos"},"schema":{"@context":"https:\/\/schema.org","@graph":[{"@type":"Article","@id":"https:\/\/diariofemenino.com.ar\/df\/un-fallo-historico-el-indice-de-crianza-desplaza-al-salario-minimo-como-referencia-para-la-cuota-alimentaria\/#article","isPartOf":{"@id":"https:\/\/diariofemenino.com.ar\/df\/un-fallo-historico-el-indice-de-crianza-desplaza-al-salario-minimo-como-referencia-para-la-cuota-alimentaria\/"},"author":{"name":"redaccion","@id":"https:\/\/diariofemenino.com.ar\/df\/#\/schema\/person\/b6ba2e26f7891f232694804f228a7f27"},"headline":"Un fallo hist\u00f3rico: el \u00cdndice de Crianza desplaza al Salario M\u00ednimo como referencia para la cuota alimentaria","datePublished":"2026-01-15T12:56:32+00:00","mainEntityOfPage":{"@id":"https:\/\/diariofemenino.com.ar\/df\/un-fallo-historico-el-indice-de-crianza-desplaza-al-salario-minimo-como-referencia-para-la-cuota-alimentaria\/"},"wordCount":894,"commentCount":1,"publisher":{"@id":"https:\/\/diariofemenino.com.ar\/df\/#organization"},"image":{"@id":"https:\/\/diariofemenino.com.ar\/df\/un-fallo-historico-el-indice-de-crianza-desplaza-al-salario-minimo-como-referencia-para-la-cuota-alimentaria\/#primaryimage"},"thumbnailUrl":"https:\/\/diariofemenino.com.ar\/df\/wp-content\/uploads\/2026\/01\/Fqt4e8LWYAYtgN2-1068x474-1.webp","keywords":["Cuota alimentaria","Destacada","Erica P\u00e9rez","Fallo hist\u00f3rico","\u00cdndice de Crianza","SMVM"],"articleSection":["Actividades","Agenda Feminista","Art\u00edculos y Comunicados","Azul Profundo","G\u00e9nero y Derechos Humanos","Informes","Noticias"],"inLanguage":"es","potentialAction":[{"@type":"CommentAction","name":"Comment","target":["https:\/\/diariofemenino.com.ar\/df\/un-fallo-historico-el-indice-de-crianza-desplaza-al-salario-minimo-como-referencia-para-la-cuota-alimentaria\/#respond"]}]},{"@type":"WebPage","@id":"https:\/\/diariofemenino.com.ar\/df\/un-fallo-historico-el-indice-de-crianza-desplaza-al-salario-minimo-como-referencia-para-la-cuota-alimentaria\/","url":"https:\/\/diariofemenino.com.ar\/df\/un-fallo-historico-el-indice-de-crianza-desplaza-al-salario-minimo-como-referencia-para-la-cuota-alimentaria\/","name":"Un fallo hist\u00f3rico: el \u00cdndice de Crianza desplaza al Salario M\u00ednimo como referencia para la cuota alimentaria - Diario Digital Femenino","isPartOf":{"@id":"https:\/\/diariofemenino.com.ar\/df\/#website"},"primaryImageOfPage":{"@id":"https:\/\/diariofemenino.com.ar\/df\/un-fallo-historico-el-indice-de-crianza-desplaza-al-salario-minimo-como-referencia-para-la-cuota-alimentaria\/#primaryimage"},"image":{"@id":"https:\/\/diariofemenino.com.ar\/df\/un-fallo-historico-el-indice-de-crianza-desplaza-al-salario-minimo-como-referencia-para-la-cuota-alimentaria\/#primaryimage"},"thumbnailUrl":"https:\/\/diariofemenino.com.ar\/df\/wp-content\/uploads\/2026\/01\/Fqt4e8LWYAYtgN2-1068x474-1.webp","datePublished":"2026-01-15T12:56:32+00:00","description":"Un fallo hist\u00f3rico","breadcrumb":{"@id":"https:\/\/diariofemenino.com.ar\/df\/un-fallo-historico-el-indice-de-crianza-desplaza-al-salario-minimo-como-referencia-para-la-cuota-alimentaria\/#breadcrumb"},"inLanguage":"es","potentialAction":[{"@type":"ReadAction","target":["https:\/\/diariofemenino.com.ar\/df\/un-fallo-historico-el-indice-de-crianza-desplaza-al-salario-minimo-como-referencia-para-la-cuota-alimentaria\/"]}]},{"@type":"ImageObject","inLanguage":"es","@id":"https:\/\/diariofemenino.com.ar\/df\/un-fallo-historico-el-indice-de-crianza-desplaza-al-salario-minimo-como-referencia-para-la-cuota-alimentaria\/#primaryimage","url":"https:\/\/diariofemenino.com.ar\/df\/wp-content\/uploads\/2026\/01\/Fqt4e8LWYAYtgN2-1068x474-1.webp","contentUrl":"https:\/\/diariofemenino.com.ar\/df\/wp-content\/uploads\/2026\/01\/Fqt4e8LWYAYtgN2-1068x474-1.webp","width":1068,"height":474,"caption":"Un fallo hist\u00f3rico: el \u00cdndice de Crianza desplaza al Salario M\u00ednimo como referencia para la cuota alimentaria"},{"@type":"BreadcrumbList","@id":"https:\/\/diariofemenino.com.ar\/df\/un-fallo-historico-el-indice-de-crianza-desplaza-al-salario-minimo-como-referencia-para-la-cuota-alimentaria\/#breadcrumb","itemListElement":[{"@type":"ListItem","position":1,"name":"Portada","item":"https:\/\/diariofemenino.com.ar\/df\/"},{"@type":"ListItem","position":2,"name":"Un fallo hist\u00f3rico: el \u00cdndice de Crianza desplaza al Salario M\u00ednimo como referencia para la cuota alimentaria"}]},{"@type":"WebSite","@id":"https:\/\/diariofemenino.com.ar\/df\/#website","url":"https:\/\/diariofemenino.com.ar\/df\/","name":"Diario Digital Femenino","description":"Cuesti\u00f3n de G\u00e9nero","publisher":{"@id":"https:\/\/diariofemenino.com.ar\/df\/#organization"},"potentialAction":[{"@type":"SearchAction","target":{"@type":"EntryPoint","urlTemplate":"https:\/\/diariofemenino.com.ar\/df\/?s={search_term_string}"},"query-input":{"@type":"PropertyValueSpecification","valueRequired":true,"valueName":"search_term_string"}}],"inLanguage":"es"},{"@type":"Organization","@id":"https:\/\/diariofemenino.com.ar\/df\/#organization","name":"Diario Femenino","url":"https:\/\/diariofemenino.com.ar\/df\/","logo":{"@type":"ImageObject","inLanguage":"es","@id":"https:\/\/diariofemenino.com.ar\/df\/#\/schema\/logo\/image\/","url":"https:\/\/diariofemenino.com.ar\/df\/wp-content\/uploads\/2018\/10\/logo.png","contentUrl":"https:\/\/diariofemenino.com.ar\/df\/wp-content\/uploads\/2018\/10\/logo.png","width":500,"height":92,"caption":"Diario Femenino"},"image":{"@id":"https:\/\/diariofemenino.com.ar\/df\/#\/schema\/logo\/image\/"},"sameAs":["https:\/\/www.facebook.com\/DiarioDigitaFemenino\/","https:\/\/x.com\/DiarioFemenino1"]},{"@type":"Person","@id":"https:\/\/diariofemenino.com.ar\/df\/#\/schema\/person\/b6ba2e26f7891f232694804f228a7f27","name":"redaccion","image":{"@type":"ImageObject","inLanguage":"es","@id":"https:\/\/diariofemenino.com.ar\/df\/wp-content\/uploads\/2024\/09\/0eda9a67-a560-4264-8085-ae5314b35c5a-150x150.avif","url":"https:\/\/diariofemenino.com.ar\/df\/wp-content\/uploads\/2024\/09\/0eda9a67-a560-4264-8085-ae5314b35c5a-150x150.avif","contentUrl":"https:\/\/diariofemenino.com.ar\/df\/wp-content\/uploads\/2024\/09\/0eda9a67-a560-4264-8085-ae5314b35c5a-150x150.avif","caption":"redaccion"},"url":"https:\/\/diariofemenino.com.ar\/df\/author\/redaccion\/"}]}},"jetpack_featured_media_url":"https:\/\/diariofemenino.com.ar\/df\/wp-content\/uploads\/2026\/01\/Fqt4e8LWYAYtgN2-1068x474-1.webp","jetpack_sharing_enabled":true,"rttpg_featured_image_url":{"full":["https:\/\/diariofemenino.com.ar\/df\/wp-content\/uploads\/2026\/01\/Fqt4e8LWYAYtgN2-1068x474-1.webp",1068,474,false],"landscape":["https:\/\/diariofemenino.com.ar\/df\/wp-content\/uploads\/2026\/01\/Fqt4e8LWYAYtgN2-1068x474-1.webp",1068,474,false],"portraits":["https:\/\/diariofemenino.com.ar\/df\/wp-content\/uploads\/2026\/01\/Fqt4e8LWYAYtgN2-1068x474-1.webp",1068,474,false],"thumbnail":["https:\/\/diariofemenino.com.ar\/df\/wp-content\/uploads\/2026\/01\/Fqt4e8LWYAYtgN2-1068x474-1-150x150.webp",150,150,true],"medium":["https:\/\/diariofemenino.com.ar\/df\/wp-content\/uploads\/2026\/01\/Fqt4e8LWYAYtgN2-1068x474-1-300x133.webp",300,133,true],"large":["https:\/\/diariofemenino.com.ar\/df\/wp-content\/uploads\/2026\/01\/Fqt4e8LWYAYtgN2-1068x474-1-1024x454.webp",1024,454,true],"1536x1536":["https:\/\/diariofemenino.com.ar\/df\/wp-content\/uploads\/2026\/01\/Fqt4e8LWYAYtgN2-1068x474-1.webp",1068,474,false],"2048x2048":["https:\/\/diariofemenino.com.ar\/df\/wp-content\/uploads\/2026\/01\/Fqt4e8LWYAYtgN2-1068x474-1.webp",1068,474,false]},"rttpg_author":{"display_name":"redaccion","author_link":"https:\/\/diariofemenino.com.ar\/df\/author\/redaccion\/"},"rttpg_comment":1,"rttpg_category":"<a href=\"https:\/\/diariofemenino.com.ar\/df\/category\/actividades\/\" rel=\"category tag\">Actividades<\/a> <a href=\"https:\/\/diariofemenino.com.ar\/df\/category\/agenda-feminista\/\" rel=\"category tag\">Agenda Feminista<\/a> <a href=\"https:\/\/diariofemenino.com.ar\/df\/category\/articulos-y-comunicados\/\" rel=\"category tag\">Art\u00edculos y Comunicados<\/a> <a href=\"https:\/\/diariofemenino.com.ar\/df\/category\/azul-profundo\/\" rel=\"category tag\">Azul Profundo<\/a> <a href=\"https:\/\/diariofemenino.com.ar\/df\/category\/genero-y-derechos-humanos\/\" rel=\"category tag\">G\u00e9nero y Derechos Humanos<\/a> <a href=\"https:\/\/diariofemenino.com.ar\/df\/category\/informes\/\" rel=\"category tag\">Informes<\/a> <a href=\"https:\/\/diariofemenino.com.ar\/df\/category\/noticias\/\" rel=\"category tag\">Noticias<\/a>","rttpg_excerpt":"La C\u00e1mara de Apelaciones en lo Civil y Comercial de La Plata marc\u00f3 un antes y un despu\u00e9s en la forma de calcular la cuota alimentaria en Argentina. En el caso \u201cC. A. c\/ Q. A. S. s\/ Homologaci\u00f3n de Convenio\u201d, los jueces decidieron dejar atr\u00e1s el tradicional Salario M\u00ednimo Vital y M\u00f3vil (SMVM) como&hellip;","_links":{"self":[{"href":"https:\/\/diariofemenino.com.ar\/df\/wp-json\/wp\/v2\/posts\/75542","targetHints":{"allow":["GET"]}}],"collection":[{"href":"https:\/\/diariofemenino.com.ar\/df\/wp-json\/wp\/v2\/posts"}],"about":[{"href":"https:\/\/diariofemenino.com.ar\/df\/wp-json\/wp\/v2\/types\/post"}],"author":[{"embeddable":true,"href":"https:\/\/diariofemenino.com.ar\/df\/wp-json\/wp\/v2\/users\/6"}],"replies":[{"embeddable":true,"href":"https:\/\/diariofemenino.com.ar\/df\/wp-json\/wp\/v2\/comments?post=75542"}],"version-history":[{"count":1,"href":"https:\/\/diariofemenino.com.ar\/df\/wp-json\/wp\/v2\/posts\/75542\/revisions"}],"predecessor-version":[{"id":75546,"href":"https:\/\/diariofemenino.com.ar\/df\/wp-json\/wp\/v2\/posts\/75542\/revisions\/75546"}],"wp:featuredmedia":[{"embeddable":true,"href":"https:\/\/diariofemenino.com.ar\/df\/wp-json\/wp\/v2\/media\/75544"}],"wp:attachment":[{"href":"https:\/\/diariofemenino.com.ar\/df\/wp-json\/wp\/v2\/media?parent=75542"}],"wp:term":[{"taxonomy":"category","embeddable":true,"href":"https:\/\/diariofemenino.com.ar\/df\/wp-json\/wp\/v2\/categories?post=75542"},{"taxonomy":"post_tag","embeddable":true,"href":"https:\/\/diariofemenino.com.ar\/df\/wp-json\/wp\/v2\/tags?post=75542"}],"curies":[{"name":"wp","href":"https:\/\/api.w.org\/{rel}","templated":true}]}}