{"id":75532,"date":"2025-12-30T11:54:33","date_gmt":"2025-12-30T14:54:33","guid":{"rendered":"https:\/\/diariofemenino.com.ar\/df\/?p=75532"},"modified":"2025-12-30T11:54:33","modified_gmt":"2025-12-30T14:54:33","slug":"puntos-suspensivos","status":"publish","type":"post","link":"https:\/\/diariofemenino.com.ar\/df\/puntos-suspensivos\/","title":{"rendered":"Puntos suspensivos\u2026"},"content":{"rendered":"<p>Los puntos suspensivos marcan un cierre moment\u00e1neo: algo queda abierto hacia adelante.<br data-start=\"994\" data-end=\"997\" \/>No sabemos qu\u00e9, pero s\u00ed que nos espera informaci\u00f3n y an\u00e1lisis de la tem\u00e1tica con perspectiva de g\u00e9nero.<\/p>\n<p>Por <a href=\"https:\/\/diariofemenino.com.ar\/df\/?s=Diego+Oscar+Ortiz\">Diego Oscar Ortiz<\/a>*<\/p>\n<p>El a\u00f1o 2025 present\u00f3 el desaf\u00edo de volver a decir, de volver a explicar conceptos que parec\u00edan incuestionables. Sin embargo, como profesional dedicado a la tem\u00e1tica emprend\u00ed junto Diario Digital Femenino la tarea de poner en palabras lo que se estaba criticando, pasando por alto las Convenciones Internacionales y las leyes de protecci\u00f3n contra la violencia.<\/p>\n<p>Los primeros art\u00edculos se realizaron para ponernos en sinton\u00eda con la tem\u00e1tica. Los art\u00edculos: \u201c<a href=\"https:\/\/diariofemenino.com.ar\/df\/un-elefante\/\">Un elefante ocupa mucho espacio<\/a>\u201d y \u201c<a href=\"https:\/\/diariofemenino.com.ar\/df\/wake-up\/\">Wake up<\/a>\u201d, nos ense\u00f1an que debemos hablar de violencia por razones de g\u00e9nero controvirtiendo posturas que desacreditan su existencia o que le ponen motes descalificantes, muchas veces legitimados por la autoridad del poder ejecutivo. La violencia de g\u00e9nero es una realidad, un problema y debemos trabajar seriamente para prevenir, sancionar y erradicarla.<\/p>\n<blockquote><p><strong>Colabora con Diario Digital Femenino<\/strong><br \/>\n$3.000 por mes (sosten\u00e9s a largo plazo) <a href=\"https:\/\/www.mercadopago.com.ar\/subscriptions\/checkout\/v2?preapproval_plan_id=2c93808496ae4a940196b01559a4004f\">AQU\u00cd<\/a><br \/>\nUna vez al a\u00f1o, vos decid\u00eds el monto (un gesto, una ayuda concreta) <a href=\"https:\/\/www.mercadopago.com.ar\/subscriptions\/checkout\/v2?preapproval_plan_id=2c938084981e9ee501982d4490280459\">AQU\u00cd<\/a><br \/>\nPor \u00fanica vez, el monto que decidas. <strong>Alias: Lenny.Caceres<\/strong><\/p><\/blockquote>\n<p>M\u00e1s adelante se retoman estos aspectos generales con art\u00edculos como \u201c<a href=\"https:\/\/diariofemenino.com.ar\/df\/la-reina-del-hogar-el-supuesto-poder\/\">La reina del hogar: el supuesto poder<\/a>\u201d, \u201c<a href=\"https:\/\/diariofemenino.com.ar\/df\/la-bolsa-negra\/\">La bolsa negra<\/a>\u201d y \u201c<a href=\"https:\/\/diariofemenino.com.ar\/df\/madres-y-abuelas-cansadas\/\">Madres y abuelas cansadas<\/a>\u201d, visibilizando temas como el trabajo de la mujer dentro del hogar, violencia simb\u00f3lica, la carga mental, violencia de genero medi\u00e1tica y feminicidio. \u00a0Generalmente estas columnas fueron acompa\u00f1adas de otros aportes y jurisprudencia.<\/p>\n<figure id=\"attachment_75534\" aria-describedby=\"caption-attachment-75534\" style=\"width: 440px\" class=\"wp-caption aligncenter\"><img loading=\"lazy\" decoding=\"async\" class=\" wp-image-75534\" src=\"https:\/\/diariofemenino.com.ar\/df\/wp-content\/uploads\/2025\/12\/photo-1667818976270-f24b630a8c5f-300x225.webp\" alt=\"Puntos suspensivos \" width=\"440\" height=\"330\" srcset=\"https:\/\/diariofemenino.com.ar\/df\/wp-content\/uploads\/2025\/12\/photo-1667818976270-f24b630a8c5f-300x225.webp 300w, https:\/\/diariofemenino.com.ar\/df\/wp-content\/uploads\/2025\/12\/photo-1667818976270-f24b630a8c5f-1024x768.webp 1024w, https:\/\/diariofemenino.com.ar\/df\/wp-content\/uploads\/2025\/12\/photo-1667818976270-f24b630a8c5f-768x576.webp 768w, https:\/\/diariofemenino.com.ar\/df\/wp-content\/uploads\/2025\/12\/photo-1667818976270-f24b630a8c5f-1536x1152.webp 1536w, https:\/\/diariofemenino.com.ar\/df\/wp-content\/uploads\/2025\/12\/photo-1667818976270-f24b630a8c5f-2048x1536.webp 2048w\" sizes=\"auto, (max-width: 440px) 100vw, 440px\" \/><figcaption id=\"caption-attachment-75534\" class=\"wp-caption-text\">Puntos suspensivos<\/figcaption><\/figure>\n<p>Con relaci\u00f3n a la ni\u00f1ez y adolescencia, los art\u00edculos \u201c<a href=\"https:\/\/diariofemenino.com.ar\/df\/hacia-un-concepto-actual-de-maltrato-contra-la-ninez\/\">Hacia un concepto actual de maltrato contra la ni\u00f1ez<\/a>\u201d y \u201c<a href=\"https:\/\/diariofemenino.com.ar\/df\/el-lenguaje-como-mecanismo-de-proteccion-en-los-casos-de-violencia-sexual-contra-ninas-ninos-y-adolescentes\/\">El lenguaje como mecanismo de protecci\u00f3n en los casos de violencia sexual contra ni\u00f1os, ni\u00f1as y adolescentes<\/a>\u201d, proponen redefinir el concepto de maltrato contra la ni\u00f1ez, adicionando otros temas como el incumplimiento alimentario y la violencia digital y el uso del lenguaje claro para proteger la integridad sexual de ni\u00f1os, ni\u00f1as y adolescentes. Esto \u00faltimo se relaciona con el lenguaje claro en el poder judicial.<\/p>\n<p>El diario public\u00f3 tambi\u00e9n el an\u00e1lisis de temas m\u00e1s espec\u00edficos relacionados a los tipos y modalidades de violencia, como: \u201c<a href=\"https:\/\/diariofemenino.com.ar\/df\/hacia-una-interpretacion-del-incumplimiento-de-medidas-contra-la-violencia-economica\/\">Hacia una interpretaci\u00f3n del incumplimiento de medidas contra la violencia econ\u00f3mica<\/a>\u201d, \u201c<a href=\"https:\/\/diariofemenino.com.ar\/df\/sumision-quimica-una-modalidad-para-el-abuso-sexual\/\">Sumisi\u00f3n qu\u00edmica: Una modalidad para el abuso sexual\u201d<\/a>, \u201c<a href=\"https:\/\/diariofemenino.com.ar\/df\/persiguiendo-com-hostigamiento-digital\/\">Persiguiendo.com: hostigamiento digital<\/a>\u201d, \u201c<a href=\"https:\/\/diariofemenino.com.ar\/df\/que-es-una-cuota-alimentaria-con-perspectiva-de-genero\/\">Qu\u00e9 es una cuota alimentaria con perspectiva de g\u00e9nero<\/a>\u201d, \u201c<a href=\"https:\/\/diariofemenino.com.ar\/df\/malas-palabras-malos-sentimientos\/\">Malas palabras, malos sentimientos<\/a>\u201d y \u201c<a href=\"https:\/\/diariofemenino.com.ar\/df\/sexo-noticias-y-video\/\">Sexo, noticias y video<\/a>\u201d, tratando temas como violencia econ\u00f3mica (el supuesto especifico de incumplimiento alimentario), sexual (modalidad del tipo), verbal ( el an\u00e1lisis como un tipo de violencia aut\u00f3nomo) y la modalidad de violencia digital, ( con temas como persecuci\u00f3n digital y grooming).<\/p>\n<p>La columna del Diario tambi\u00e9n se enfoc\u00f3 en la pr\u00e1ctica profesional en la tem\u00e1tica con art\u00edculos como: \u201c<a href=\"https:\/\/diariofemenino.com.ar\/df\/dejemos-las-cosas-asi-medida-de-no-innovar-para-evitar-danar\/\">Dejemos las cosas as\u00ed: Medida de no innovar para no da\u00f1ar<\/a>\u201d, \u201c<a href=\"https:\/\/diariofemenino.com.ar\/df\/la-autoridad-judicial-estudia\/\">La autoridad judicial estudia<\/a>\u201d, \u201c<a href=\"https:\/\/diariofemenino.com.ar\/df\/la-importancia-del-recursero\/\">La importancia del recursero<\/a>\u201d, \u201c<a href=\"https:\/\/diariofemenino.com.ar\/df\/i-a-inteligencia-artesanal\/\">I.A Inteligencia artesanal<\/a>\u201d y \u201c<a href=\"https:\/\/diariofemenino.com.ar\/df\/cuentas-claras-conservan-los-alimentos\/\">Cuentas claras conservan los alimentos<\/a>\u201d. De esta manera conocemos la medida cautelar de no innovar en diferentes procesos y procedimientos, la actuaci\u00f3n judicial activa, la necesidad de un recursero actual, accesible y revisable, la inteligencia artificial en la profesi\u00f3n y la claridad en el proceso de alimentos.<\/p>\n<p>Este art\u00edculo cierra con un resumen de lo trabajado pero con la esperanza de continuar trabajando en el 2026, con cr\u00edtica, aprendizaje e informaci\u00f3n.<\/p>\n<p><strong>(*)<\/strong> Abogado, Profesor Universitario en Ciencias Jur\u00eddicas, Especialista en Violencia Familiar, autor de libros y art\u00edculos de su especialidad. Columnista de <a href=\"https:\/\/www.instagram.com\/diariodigitalfemenino_\/\">Diario Digital Femenino<\/a><\/p>\n<blockquote><p><strong>Seguinos en Instagram. Diario Digital Femenino: <a href=\"https:\/\/www.instagram.com\/diariodigitalfemenino_\/\">@diariodigitalfemenino_<\/a><\/strong><br \/>\n<strong>Lenny C\u00e1ceres: <a href=\"https:\/\/www.instagram.com\/lennycaceres69\/\">@lennycaceres69<\/a><\/strong><br \/>\n<strong>Facebook: <a href=\"https:\/\/www.facebook.com\/DiarioDigitalFemenino\/\">Diario Digital Femenino<\/a><\/strong><br \/>\n<strong>TikTok; <a href=\"https:\/\/www.tiktok.com\/@diariodigitalfemenino\">diariodigitalfemenino<\/a><\/strong><\/p><\/blockquote>\n<p>&nbsp;<\/p>\n","protected":false},"excerpt":{"rendered":"<p>Los puntos suspensivos marcan un cierre moment\u00e1neo: algo queda abierto hacia adelante.No sabemos qu\u00e9, pero s\u00ed que nos espera informaci\u00f3n y an\u00e1lisis de la tem\u00e1tica con perspectiva de g\u00e9nero. Por Diego Oscar Ortiz* El a\u00f1o 2025 present\u00f3 el desaf\u00edo de volver a decir, de volver a explicar conceptos que parec\u00edan incuestionables. Sin embargo, como profesional [&hellip;]<\/p>\n","protected":false},"author":6,"featured_media":75533,"comment_status":"open","ping_status":"open","sticky":false,"template":"","format":"standard","meta":{"iawp_total_views":44,"footnotes":""},"categories":[1],"tags":[7617,891,30,4372,3525,7619,5106,102,188,1385,7618,16,4956,173,36,88],"class_list":["post-75532","post","type-post","status-publish","format-standard","has-post-thumbnail","hentry","category-uncategorized","tag-analisis-juridico","tag-cuota-alimentaria","tag-derechos-humanos","tag-destacada","tag-diego-oscar-ortiz","tag-incumplimiento-alimentario","tag-lenguaje-claro","tag-ninez-y-adolescencia","tag-perspectiva-de-genero","tag-poder-judicial","tag-practica-profesional","tag-violencia-de-genero","tag-violencia-digital","tag-violencia-economica","tag-violencia-sexual","tag-violencia-simbolica"],"nelio_content":{"autoShareEndMode":"never","automationSources":{"useCustomSentences":false,"customSentences":[]},"efiAlt":"","efiUrl":"","followers":[6],"highlights":[],"isAutoShareEnabled":true,"networkImageIds":[],"permalinkQueryArgs":[],"series":[],"suggestedReferences":[]},"yoast_head":"<!-- This site is optimized with the Yoast SEO plugin v27.5 - https:\/\/yoast.com\/product\/yoast-seo-wordpress\/ -->\n<title>Puntos suspensivos\u2026 - Diario Digital Femenino<\/title>\n<meta name=\"description\" content=\"Puntos suspensivos\u2026 Los puntos suspensivos marcan un cierre moment\u00e1neo: algo queda abierto hacia adelante. Cierre de columna de Diego Ortiz.\" \/>\n<meta name=\"robots\" content=\"index, follow, max-snippet:-1, max-image-preview:large, max-video-preview:-1\" \/>\n<link rel=\"canonical\" href=\"https:\/\/diariofemenino.com.ar\/df\/puntos-suspensivos\/\" \/>\n<meta property=\"og:locale\" content=\"es_ES\" \/>\n<meta property=\"og:type\" content=\"article\" \/>\n<meta property=\"og:title\" content=\"Puntos suspensivos\u2026 - Diario Digital Femenino\" \/>\n<meta property=\"og:description\" content=\"Puntos suspensivos\u2026 Los puntos suspensivos marcan un cierre moment\u00e1neo: algo queda abierto hacia adelante. Cierre de columna de Diego Ortiz.\" \/>\n<meta property=\"og:url\" content=\"https:\/\/diariofemenino.com.ar\/df\/puntos-suspensivos\/\" \/>\n<meta property=\"og:site_name\" content=\"Diario Digital Femenino\" \/>\n<meta property=\"article:publisher\" content=\"https:\/\/www.facebook.com\/DiarioDigitaFemenino\/\" \/>\n<meta property=\"article:published_time\" content=\"2025-12-30T14:54:33+00:00\" \/>\n<meta property=\"og:image\" content=\"https:\/\/diariofemenino.com.ar\/df\/wp-content\/uploads\/2025\/12\/escribir-un-articulo-periodistico-655x368-1.webp\" \/>\n\t<meta property=\"og:image:width\" content=\"513\" \/>\n\t<meta property=\"og:image:height\" content=\"368\" \/>\n\t<meta property=\"og:image:type\" content=\"image\/webp\" \/>\n<meta name=\"author\" content=\"redaccion\" \/>\n<meta name=\"twitter:card\" content=\"summary_large_image\" \/>\n<meta name=\"twitter:creator\" content=\"@DiarioFemenino1\" \/>\n<meta name=\"twitter:site\" content=\"@DiarioFemenino1\" \/>\n<meta name=\"twitter:label1\" content=\"Escrito por\" \/>\n\t<meta name=\"twitter:data1\" content=\"redaccion\" \/>\n\t<meta name=\"twitter:label2\" content=\"Tiempo de lectura\" \/>\n\t<meta name=\"twitter:data2\" content=\"3 minutos\" \/>\n<script type=\"application\/ld+json\" class=\"yoast-schema-graph\">{\"@context\":\"https:\\\/\\\/schema.org\",\"@graph\":[{\"@type\":\"Article\",\"@id\":\"https:\\\/\\\/diariofemenino.com.ar\\\/df\\\/puntos-suspensivos\\\/#article\",\"isPartOf\":{\"@id\":\"https:\\\/\\\/diariofemenino.com.ar\\\/df\\\/puntos-suspensivos\\\/\"},\"author\":{\"name\":\"redaccion\",\"@id\":\"https:\\\/\\\/diariofemenino.com.ar\\\/df\\\/#\\\/schema\\\/person\\\/b6ba2e26f7891f232694804f228a7f27\"},\"headline\":\"Puntos suspensivos\u2026\",\"datePublished\":\"2025-12-30T14:54:33+00:00\",\"mainEntityOfPage\":{\"@id\":\"https:\\\/\\\/diariofemenino.com.ar\\\/df\\\/puntos-suspensivos\\\/\"},\"wordCount\":658,\"commentCount\":0,\"publisher\":{\"@id\":\"https:\\\/\\\/diariofemenino.com.ar\\\/df\\\/#organization\"},\"image\":{\"@id\":\"https:\\\/\\\/diariofemenino.com.ar\\\/df\\\/puntos-suspensivos\\\/#primaryimage\"},\"thumbnailUrl\":\"https:\\\/\\\/diariofemenino.com.ar\\\/df\\\/wp-content\\\/uploads\\\/2025\\\/12\\\/escribir-un-articulo-periodistico-655x368-1.webp\",\"keywords\":[\"An\u00e1lisis jur\u00eddico\",\"Cuota alimentaria\",\"Derechos Humanos\",\"Destacada\",\"Diego Oscar Ortiz\",\"Incumplimiento alimentario\",\"Lenguaje claro\",\"Ni\u00f1ez y Adolescencia\",\"Perspectiva de g\u00e9nero\",\"Poder Judicial\",\"Pr\u00e1ctica profesional\",\"Violencia de g\u00e9nero\",\"Violencia digital\",\"Violencia econ\u00f3mica\",\"Violencia Sexual\",\"Violencia Simb\u00f3lica\"],\"articleSection\":[\"Uncategorized\"],\"inLanguage\":\"es\",\"potentialAction\":[{\"@type\":\"CommentAction\",\"name\":\"Comment\",\"target\":[\"https:\\\/\\\/diariofemenino.com.ar\\\/df\\\/puntos-suspensivos\\\/#respond\"]}]},{\"@type\":\"WebPage\",\"@id\":\"https:\\\/\\\/diariofemenino.com.ar\\\/df\\\/puntos-suspensivos\\\/\",\"url\":\"https:\\\/\\\/diariofemenino.com.ar\\\/df\\\/puntos-suspensivos\\\/\",\"name\":\"Puntos suspensivos\u2026 - Diario Digital Femenino\",\"isPartOf\":{\"@id\":\"https:\\\/\\\/diariofemenino.com.ar\\\/df\\\/#website\"},\"primaryImageOfPage\":{\"@id\":\"https:\\\/\\\/diariofemenino.com.ar\\\/df\\\/puntos-suspensivos\\\/#primaryimage\"},\"image\":{\"@id\":\"https:\\\/\\\/diariofemenino.com.ar\\\/df\\\/puntos-suspensivos\\\/#primaryimage\"},\"thumbnailUrl\":\"https:\\\/\\\/diariofemenino.com.ar\\\/df\\\/wp-content\\\/uploads\\\/2025\\\/12\\\/escribir-un-articulo-periodistico-655x368-1.webp\",\"datePublished\":\"2025-12-30T14:54:33+00:00\",\"description\":\"Puntos suspensivos\u2026 Los puntos suspensivos marcan un cierre moment\u00e1neo: algo queda abierto hacia adelante. Cierre de columna de Diego Ortiz.\",\"breadcrumb\":{\"@id\":\"https:\\\/\\\/diariofemenino.com.ar\\\/df\\\/puntos-suspensivos\\\/#breadcrumb\"},\"inLanguage\":\"es\",\"potentialAction\":[{\"@type\":\"ReadAction\",\"target\":[\"https:\\\/\\\/diariofemenino.com.ar\\\/df\\\/puntos-suspensivos\\\/\"]}]},{\"@type\":\"ImageObject\",\"inLanguage\":\"es\",\"@id\":\"https:\\\/\\\/diariofemenino.com.ar\\\/df\\\/puntos-suspensivos\\\/#primaryimage\",\"url\":\"https:\\\/\\\/diariofemenino.com.ar\\\/df\\\/wp-content\\\/uploads\\\/2025\\\/12\\\/escribir-un-articulo-periodistico-655x368-1.webp\",\"contentUrl\":\"https:\\\/\\\/diariofemenino.com.ar\\\/df\\\/wp-content\\\/uploads\\\/2025\\\/12\\\/escribir-un-articulo-periodistico-655x368-1.webp\",\"width\":513,\"height\":368,\"caption\":\"Puntos suspensivos\"},{\"@type\":\"BreadcrumbList\",\"@id\":\"https:\\\/\\\/diariofemenino.com.ar\\\/df\\\/puntos-suspensivos\\\/#breadcrumb\",\"itemListElement\":[{\"@type\":\"ListItem\",\"position\":1,\"name\":\"Portada\",\"item\":\"https:\\\/\\\/diariofemenino.com.ar\\\/df\\\/\"},{\"@type\":\"ListItem\",\"position\":2,\"name\":\"Puntos suspensivos\u2026\"}]},{\"@type\":\"WebSite\",\"@id\":\"https:\\\/\\\/diariofemenino.com.ar\\\/df\\\/#website\",\"url\":\"https:\\\/\\\/diariofemenino.com.ar\\\/df\\\/\",\"name\":\"Diario Digital Femenino\",\"description\":\"Cuesti\u00f3n de G\u00e9nero\",\"publisher\":{\"@id\":\"https:\\\/\\\/diariofemenino.com.ar\\\/df\\\/#organization\"},\"potentialAction\":[{\"@type\":\"SearchAction\",\"target\":{\"@type\":\"EntryPoint\",\"urlTemplate\":\"https:\\\/\\\/diariofemenino.com.ar\\\/df\\\/?s={search_term_string}\"},\"query-input\":{\"@type\":\"PropertyValueSpecification\",\"valueRequired\":true,\"valueName\":\"search_term_string\"}}],\"inLanguage\":\"es\"},{\"@type\":\"Organization\",\"@id\":\"https:\\\/\\\/diariofemenino.com.ar\\\/df\\\/#organization\",\"name\":\"Diario Femenino\",\"url\":\"https:\\\/\\\/diariofemenino.com.ar\\\/df\\\/\",\"logo\":{\"@type\":\"ImageObject\",\"inLanguage\":\"es\",\"@id\":\"https:\\\/\\\/diariofemenino.com.ar\\\/df\\\/#\\\/schema\\\/logo\\\/image\\\/\",\"url\":\"https:\\\/\\\/diariofemenino.com.ar\\\/df\\\/wp-content\\\/uploads\\\/2018\\\/10\\\/logo.png\",\"contentUrl\":\"https:\\\/\\\/diariofemenino.com.ar\\\/df\\\/wp-content\\\/uploads\\\/2018\\\/10\\\/logo.png\",\"width\":500,\"height\":92,\"caption\":\"Diario Femenino\"},\"image\":{\"@id\":\"https:\\\/\\\/diariofemenino.com.ar\\\/df\\\/#\\\/schema\\\/logo\\\/image\\\/\"},\"sameAs\":[\"https:\\\/\\\/www.facebook.com\\\/DiarioDigitaFemenino\\\/\",\"https:\\\/\\\/x.com\\\/DiarioFemenino1\"]},{\"@type\":\"Person\",\"@id\":\"https:\\\/\\\/diariofemenino.com.ar\\\/df\\\/#\\\/schema\\\/person\\\/b6ba2e26f7891f232694804f228a7f27\",\"name\":\"redaccion\",\"image\":{\"@type\":\"ImageObject\",\"inLanguage\":\"es\",\"@id\":\"https:\\\/\\\/diariofemenino.com.ar\\\/df\\\/wp-content\\\/uploads\\\/2024\\\/09\\\/0eda9a67-a560-4264-8085-ae5314b35c5a-150x150.avif\",\"url\":\"https:\\\/\\\/diariofemenino.com.ar\\\/df\\\/wp-content\\\/uploads\\\/2024\\\/09\\\/0eda9a67-a560-4264-8085-ae5314b35c5a-150x150.avif\",\"contentUrl\":\"https:\\\/\\\/diariofemenino.com.ar\\\/df\\\/wp-content\\\/uploads\\\/2024\\\/09\\\/0eda9a67-a560-4264-8085-ae5314b35c5a-150x150.avif\",\"caption\":\"redaccion\"},\"url\":\"https:\\\/\\\/diariofemenino.com.ar\\\/df\\\/author\\\/redaccion\\\/\"}]}<\/script>\n<!-- \/ Yoast SEO plugin. -->","yoast_head_json":{"title":"Puntos suspensivos\u2026 - Diario Digital Femenino","description":"Puntos suspensivos\u2026 Los puntos suspensivos marcan un cierre moment\u00e1neo: algo queda abierto hacia adelante. Cierre de columna de Diego Ortiz.","robots":{"index":"index","follow":"follow","max-snippet":"max-snippet:-1","max-image-preview":"max-image-preview:large","max-video-preview":"max-video-preview:-1"},"canonical":"https:\/\/diariofemenino.com.ar\/df\/puntos-suspensivos\/","og_locale":"es_ES","og_type":"article","og_title":"Puntos suspensivos\u2026 - Diario Digital Femenino","og_description":"Puntos suspensivos\u2026 Los puntos suspensivos marcan un cierre moment\u00e1neo: algo queda abierto hacia adelante. Cierre de columna de Diego Ortiz.","og_url":"https:\/\/diariofemenino.com.ar\/df\/puntos-suspensivos\/","og_site_name":"Diario Digital Femenino","article_publisher":"https:\/\/www.facebook.com\/DiarioDigitaFemenino\/","article_published_time":"2025-12-30T14:54:33+00:00","og_image":[{"width":513,"height":368,"url":"https:\/\/diariofemenino.com.ar\/df\/wp-content\/uploads\/2025\/12\/escribir-un-articulo-periodistico-655x368-1.webp","type":"image\/webp"}],"author":"redaccion","twitter_card":"summary_large_image","twitter_creator":"@DiarioFemenino1","twitter_site":"@DiarioFemenino1","twitter_misc":{"Escrito por":"redaccion","Tiempo de lectura":"3 minutos"},"schema":{"@context":"https:\/\/schema.org","@graph":[{"@type":"Article","@id":"https:\/\/diariofemenino.com.ar\/df\/puntos-suspensivos\/#article","isPartOf":{"@id":"https:\/\/diariofemenino.com.ar\/df\/puntos-suspensivos\/"},"author":{"name":"redaccion","@id":"https:\/\/diariofemenino.com.ar\/df\/#\/schema\/person\/b6ba2e26f7891f232694804f228a7f27"},"headline":"Puntos suspensivos\u2026","datePublished":"2025-12-30T14:54:33+00:00","mainEntityOfPage":{"@id":"https:\/\/diariofemenino.com.ar\/df\/puntos-suspensivos\/"},"wordCount":658,"commentCount":0,"publisher":{"@id":"https:\/\/diariofemenino.com.ar\/df\/#organization"},"image":{"@id":"https:\/\/diariofemenino.com.ar\/df\/puntos-suspensivos\/#primaryimage"},"thumbnailUrl":"https:\/\/diariofemenino.com.ar\/df\/wp-content\/uploads\/2025\/12\/escribir-un-articulo-periodistico-655x368-1.webp","keywords":["An\u00e1lisis jur\u00eddico","Cuota alimentaria","Derechos Humanos","Destacada","Diego Oscar Ortiz","Incumplimiento alimentario","Lenguaje claro","Ni\u00f1ez y Adolescencia","Perspectiva de g\u00e9nero","Poder Judicial","Pr\u00e1ctica profesional","Violencia de g\u00e9nero","Violencia digital","Violencia econ\u00f3mica","Violencia Sexual","Violencia Simb\u00f3lica"],"articleSection":["Uncategorized"],"inLanguage":"es","potentialAction":[{"@type":"CommentAction","name":"Comment","target":["https:\/\/diariofemenino.com.ar\/df\/puntos-suspensivos\/#respond"]}]},{"@type":"WebPage","@id":"https:\/\/diariofemenino.com.ar\/df\/puntos-suspensivos\/","url":"https:\/\/diariofemenino.com.ar\/df\/puntos-suspensivos\/","name":"Puntos suspensivos\u2026 - Diario Digital Femenino","isPartOf":{"@id":"https:\/\/diariofemenino.com.ar\/df\/#website"},"primaryImageOfPage":{"@id":"https:\/\/diariofemenino.com.ar\/df\/puntos-suspensivos\/#primaryimage"},"image":{"@id":"https:\/\/diariofemenino.com.ar\/df\/puntos-suspensivos\/#primaryimage"},"thumbnailUrl":"https:\/\/diariofemenino.com.ar\/df\/wp-content\/uploads\/2025\/12\/escribir-un-articulo-periodistico-655x368-1.webp","datePublished":"2025-12-30T14:54:33+00:00","description":"Puntos suspensivos\u2026 Los puntos suspensivos marcan un cierre moment\u00e1neo: algo queda abierto hacia adelante. Cierre de columna de Diego Ortiz.","breadcrumb":{"@id":"https:\/\/diariofemenino.com.ar\/df\/puntos-suspensivos\/#breadcrumb"},"inLanguage":"es","potentialAction":[{"@type":"ReadAction","target":["https:\/\/diariofemenino.com.ar\/df\/puntos-suspensivos\/"]}]},{"@type":"ImageObject","inLanguage":"es","@id":"https:\/\/diariofemenino.com.ar\/df\/puntos-suspensivos\/#primaryimage","url":"https:\/\/diariofemenino.com.ar\/df\/wp-content\/uploads\/2025\/12\/escribir-un-articulo-periodistico-655x368-1.webp","contentUrl":"https:\/\/diariofemenino.com.ar\/df\/wp-content\/uploads\/2025\/12\/escribir-un-articulo-periodistico-655x368-1.webp","width":513,"height":368,"caption":"Puntos suspensivos"},{"@type":"BreadcrumbList","@id":"https:\/\/diariofemenino.com.ar\/df\/puntos-suspensivos\/#breadcrumb","itemListElement":[{"@type":"ListItem","position":1,"name":"Portada","item":"https:\/\/diariofemenino.com.ar\/df\/"},{"@type":"ListItem","position":2,"name":"Puntos suspensivos\u2026"}]},{"@type":"WebSite","@id":"https:\/\/diariofemenino.com.ar\/df\/#website","url":"https:\/\/diariofemenino.com.ar\/df\/","name":"Diario Digital Femenino","description":"Cuesti\u00f3n de G\u00e9nero","publisher":{"@id":"https:\/\/diariofemenino.com.ar\/df\/#organization"},"potentialAction":[{"@type":"SearchAction","target":{"@type":"EntryPoint","urlTemplate":"https:\/\/diariofemenino.com.ar\/df\/?s={search_term_string}"},"query-input":{"@type":"PropertyValueSpecification","valueRequired":true,"valueName":"search_term_string"}}],"inLanguage":"es"},{"@type":"Organization","@id":"https:\/\/diariofemenino.com.ar\/df\/#organization","name":"Diario Femenino","url":"https:\/\/diariofemenino.com.ar\/df\/","logo":{"@type":"ImageObject","inLanguage":"es","@id":"https:\/\/diariofemenino.com.ar\/df\/#\/schema\/logo\/image\/","url":"https:\/\/diariofemenino.com.ar\/df\/wp-content\/uploads\/2018\/10\/logo.png","contentUrl":"https:\/\/diariofemenino.com.ar\/df\/wp-content\/uploads\/2018\/10\/logo.png","width":500,"height":92,"caption":"Diario Femenino"},"image":{"@id":"https:\/\/diariofemenino.com.ar\/df\/#\/schema\/logo\/image\/"},"sameAs":["https:\/\/www.facebook.com\/DiarioDigitaFemenino\/","https:\/\/x.com\/DiarioFemenino1"]},{"@type":"Person","@id":"https:\/\/diariofemenino.com.ar\/df\/#\/schema\/person\/b6ba2e26f7891f232694804f228a7f27","name":"redaccion","image":{"@type":"ImageObject","inLanguage":"es","@id":"https:\/\/diariofemenino.com.ar\/df\/wp-content\/uploads\/2024\/09\/0eda9a67-a560-4264-8085-ae5314b35c5a-150x150.avif","url":"https:\/\/diariofemenino.com.ar\/df\/wp-content\/uploads\/2024\/09\/0eda9a67-a560-4264-8085-ae5314b35c5a-150x150.avif","contentUrl":"https:\/\/diariofemenino.com.ar\/df\/wp-content\/uploads\/2024\/09\/0eda9a67-a560-4264-8085-ae5314b35c5a-150x150.avif","caption":"redaccion"},"url":"https:\/\/diariofemenino.com.ar\/df\/author\/redaccion\/"}]}},"jetpack_featured_media_url":"https:\/\/diariofemenino.com.ar\/df\/wp-content\/uploads\/2025\/12\/escribir-un-articulo-periodistico-655x368-1.webp","jetpack_sharing_enabled":true,"rttpg_featured_image_url":{"full":["https:\/\/diariofemenino.com.ar\/df\/wp-content\/uploads\/2025\/12\/escribir-un-articulo-periodistico-655x368-1.webp",513,368,false],"landscape":["https:\/\/diariofemenino.com.ar\/df\/wp-content\/uploads\/2025\/12\/escribir-un-articulo-periodistico-655x368-1.webp",513,368,false],"portraits":["https:\/\/diariofemenino.com.ar\/df\/wp-content\/uploads\/2025\/12\/escribir-un-articulo-periodistico-655x368-1.webp",513,368,false],"thumbnail":["https:\/\/diariofemenino.com.ar\/df\/wp-content\/uploads\/2025\/12\/escribir-un-articulo-periodistico-655x368-1-150x150.webp",150,150,true],"medium":["https:\/\/diariofemenino.com.ar\/df\/wp-content\/uploads\/2025\/12\/escribir-un-articulo-periodistico-655x368-1-300x215.webp",300,215,true],"large":["https:\/\/diariofemenino.com.ar\/df\/wp-content\/uploads\/2025\/12\/escribir-un-articulo-periodistico-655x368-1.webp",513,368,false],"1536x1536":["https:\/\/diariofemenino.com.ar\/df\/wp-content\/uploads\/2025\/12\/escribir-un-articulo-periodistico-655x368-1.webp",513,368,false],"2048x2048":["https:\/\/diariofemenino.com.ar\/df\/wp-content\/uploads\/2025\/12\/escribir-un-articulo-periodistico-655x368-1.webp",513,368,false]},"rttpg_author":{"display_name":"redaccion","author_link":"https:\/\/diariofemenino.com.ar\/df\/author\/redaccion\/"},"rttpg_comment":0,"rttpg_category":"<a href=\"https:\/\/diariofemenino.com.ar\/df\/category\/uncategorized\/\" rel=\"category tag\">Uncategorized<\/a>","rttpg_excerpt":"Los puntos suspensivos marcan un cierre moment\u00e1neo: algo queda abierto hacia adelante.No sabemos qu\u00e9, pero s\u00ed que nos espera informaci\u00f3n y an\u00e1lisis de la tem\u00e1tica con perspectiva de g\u00e9nero. Por Diego Oscar Ortiz* El a\u00f1o 2025 present\u00f3 el desaf\u00edo de volver a decir, de volver a explicar conceptos que parec\u00edan incuestionables. Sin embargo, como profesional&hellip;","_links":{"self":[{"href":"https:\/\/diariofemenino.com.ar\/df\/wp-json\/wp\/v2\/posts\/75532","targetHints":{"allow":["GET"]}}],"collection":[{"href":"https:\/\/diariofemenino.com.ar\/df\/wp-json\/wp\/v2\/posts"}],"about":[{"href":"https:\/\/diariofemenino.com.ar\/df\/wp-json\/wp\/v2\/types\/post"}],"author":[{"embeddable":true,"href":"https:\/\/diariofemenino.com.ar\/df\/wp-json\/wp\/v2\/users\/6"}],"replies":[{"embeddable":true,"href":"https:\/\/diariofemenino.com.ar\/df\/wp-json\/wp\/v2\/comments?post=75532"}],"version-history":[{"count":1,"href":"https:\/\/diariofemenino.com.ar\/df\/wp-json\/wp\/v2\/posts\/75532\/revisions"}],"predecessor-version":[{"id":75535,"href":"https:\/\/diariofemenino.com.ar\/df\/wp-json\/wp\/v2\/posts\/75532\/revisions\/75535"}],"wp:featuredmedia":[{"embeddable":true,"href":"https:\/\/diariofemenino.com.ar\/df\/wp-json\/wp\/v2\/media\/75533"}],"wp:attachment":[{"href":"https:\/\/diariofemenino.com.ar\/df\/wp-json\/wp\/v2\/media?parent=75532"}],"wp:term":[{"taxonomy":"category","embeddable":true,"href":"https:\/\/diariofemenino.com.ar\/df\/wp-json\/wp\/v2\/categories?post=75532"},{"taxonomy":"post_tag","embeddable":true,"href":"https:\/\/diariofemenino.com.ar\/df\/wp-json\/wp\/v2\/tags?post=75532"}],"curies":[{"name":"wp","href":"https:\/\/api.w.org\/{rel}","templated":true}]}}