{"id":75469,"date":"2025-11-26T11:43:29","date_gmt":"2025-11-26T14:43:29","guid":{"rendered":"https:\/\/diariofemenino.com.ar\/df\/?p=75469"},"modified":"2025-11-26T11:44:50","modified_gmt":"2025-11-26T14:44:50","slug":"la-politica-de-la-felicidad-en-la-era-de-la-imagen","status":"publish","type":"post","link":"https:\/\/diariofemenino.com.ar\/df\/la-politica-de-la-felicidad-en-la-era-de-la-imagen\/","title":{"rendered":"La pol\u00edtica de la felicidad en la era de la imagen"},"content":{"rendered":"<p>La pol\u00edtica de la felicidad: \u00bfuna entelequia en la era de la performance? \u00bfC\u00f3mo abordar la dimensi\u00f3n existencial y comunitaria de la pol\u00edtica y la cultura sin una cr\u00edtica profunda al individualismo y la tecnolog\u00eda?\u00a0<b>Pendientes de las im\u00e1genes, nos vendemos como productos. Esperando reacciones, a la caza desesperada de un \u201cme gusta\u201d vamos construyendo v\u00ednculos superficiales. En ese mismo espacio nos juzgan y juzgamos, muchas veces con crueldad.<\/b><\/p>\n<p>Por\u00a0<a href=\"https:\/\/diariofemenino.com.ar\/df\/?s=Emiliano+Samar\">Emiliano Samar<\/a>*y <a href=\"https:\/\/diariofemenino.com.ar\/df\/?s=Roberto+Samar\">Roberto Samar<\/a>**<\/p>\n<p style=\"font-weight: 400;\">Son redes digitales con contenidos que replicamos una y otra vez, una y otra vez. Con v\u00eddeos construidos con inteligencia artificial, que no importa si son verdaderos, ya que el \u00fanico objetivo es entretener. Matar tu tiempo.<\/p>\n<p style=\"font-weight: 400;\">En el paroxismo de la imagen, hemos mutado en mercanc\u00eda. <em>Reels<\/em> que se reproducen sin un corte. Sin posibilidad de mirar cr\u00edticamente. Un perro que salva a un beb\u00e9, una persona que se cae o un pibe que sufre <em>bullying<\/em>. Ternura animal, crueldad, humillaci\u00f3n, burlarse del otro y agresi\u00f3n parecen ser los lugares comunes. Somos sujetos exhibidos consumiendo exhibiciones, existencias delegadas al algoritmo, dependencias al likes y a m\u00ednimas dosis de aprobaci\u00f3n que metabolizamos para construir la fr\u00e1gil arquitectura de un v\u00ednculo superficial. Es en ese espacio de la red donde la crueldad se vuelve anest\u00e9sica y el juicio se ejerce sin cuerpo ni consecuencia.\u00a0<strong>La infoesfera se ha convertido en un campo de reproducci\u00f3n infinita, un loop de contenidos que se replican, indistinguibles en su origen o veracidad.<br \/>\n<\/strong><\/p>\n<p style=\"font-weight: 400;\"><strong>El reels que se sucede, el flujo constante que nos hurta la posibilidad de la pausa y, por ende, de la mirada cr\u00edtica.<\/strong><\/p>\n<p style=\"font-weight: 400;\">Sobre esta din\u00e1mica de la (in)comunicaci\u00f3n, que moldea nuestra psique, la reciente interpelaci\u00f3n del documental<a href=\"https:\/\/www.youtube.com\/watch?v=d2JHtBoSxBg\" data-saferedirecturl=\"https:\/\/www.google.com\/url?q=https:\/\/www.youtube.com\/watch?v%3Dd2JHtBoSxBg&amp;source=gmail&amp;ust=1764248235761000&amp;usg=AOvVaw1_e0kLRVWONgFJYLVgu0sB\">\u00a0\u201cC\u00f3mo ser feliz\u201d<\/a>\u00a0de\u00a0<strong>Ofelia Fern\u00e1ndez<\/strong>\u00a0se impone como un espejo. Nos obliga a detener la marcha para revisar la precariedad de nuestra subjetividad en un ecosistema digital que nos consume.<\/p>\n<p><iframe loading=\"lazy\" title=\"YouTube video player\" src=\"https:\/\/www.youtube.com\/embed\/d2JHtBoSxBg?si=VS5kjECdZf0QBeG7\" width=\"560\" height=\"315\" frameborder=\"0\" allowfullscreen=\"allowfullscreen\"><\/iframe><\/p>\n<p style=\"font-weight: 400;\"><strong>La pandemia de la Salud Mental y la autolesi\u00f3n adolescente no es una casualidad ni un desv\u00edo individual. Es la sombra estad\u00edstica de un sistema que, al masificar el smartphone y las plataformas, construy\u00f3 un nuevo modelo de negocios: la usura de nuestra atenci\u00f3n.<\/strong><\/p>\n<blockquote>\n<p style=\"font-weight: 400;\"><strong>Colabora con Diario Digital Femenino<br \/>\n<\/strong>$3.000 por mes (sosten\u00e9s a largo plazo)<strong><a href=\"https:\/\/www.mercadopago.com.ar\/subscriptions\/checkout\/v2?preapproval_plan_id=2c93808496ae4a940196b01559a4004f\">AQU\u00cd<\/a><br \/>\n<\/strong>Una vez al a\u00f1o, vos decid\u00eds el monto (un gesto, una ayuda concreta) <strong><a href=\"https:\/\/www.mercadopago.com.ar\/subscriptions\/checkout?preapproval_plan_id=2c938084981e9ee501982d4490280459\">AQU\u00cd<\/a><br \/>\n<\/strong>Por \u00fanica vez, el monto que decidas<strong>. Alias: Lenny.Caceres<br \/>\n<\/strong><\/p>\n<\/blockquote>\n<p style=\"font-weight: 400;\">Los datos indican la gravedad del problema: en la actualidad la mayor cantidad de muertes violentas no es por robos. No son los femicidios ni los accidentes de tr\u00e1nsito. La principal causa de muerte violenta son los suicidios. Seg\u00fan datos oficiales de la Secretar\u00eda de Seguridad Nacional, en el 2024 hubo 4.249 personas que se quitaron la vida, m\u00e1s del doble de los homicidios dolosos que fueron 1.803. La cifra, terca y dolorosa, es un grito pol\u00edtico que debe atravesar el ruido.<br \/>\n<strong>Esta implosi\u00f3n de la vida, esta retirada definitiva, no es un drama privado: es el s\u00edntoma colectivo de una \u00e9poca.<br \/>\n<\/strong><\/p>\n<p style=\"font-weight: 400;\"><strong>No te est\u00e1 pasando a vos en soledad; nos est\u00e1 sucediendo como comunidad.<\/strong><\/p>\n<p style=\"font-weight: 400;\">Si la realidad se ha diluido, es porque hemos perdido el anclaje material de lo tangible. Como advierte Byung-Chul Han en su l\u00facido diagn\u00f3stico sobre la era digital, percibimos la realidad a trav\u00e9s de la pantalla. La ventana digital diluye la realidad en informaci\u00f3n, que luego registramos. No hay contacto con cosas ni con otros, se nos va privando de la presencia.<\/p>\n<figure id=\"attachment_75473\" aria-describedby=\"caption-attachment-75473\" style=\"width: 501px\" class=\"wp-caption aligncenter\"><img loading=\"lazy\" decoding=\"async\" class=\" wp-image-75473\" src=\"https:\/\/diariofemenino.com.ar\/df\/wp-content\/uploads\/2025\/11\/08055542-300x184.webp\" alt=\"La pol\u00edtica de la felicidad en la era de la imagen\" width=\"501\" height=\"307\" srcset=\"https:\/\/diariofemenino.com.ar\/df\/wp-content\/uploads\/2025\/11\/08055542-300x184.webp 300w, https:\/\/diariofemenino.com.ar\/df\/wp-content\/uploads\/2025\/11\/08055542-768x472.webp 768w, https:\/\/diariofemenino.com.ar\/df\/wp-content\/uploads\/2025\/11\/08055542.webp 778w\" sizes=\"auto, (max-width: 501px) 100vw, 501px\" \/><figcaption id=\"caption-attachment-75473\" class=\"wp-caption-text\">La pol\u00edtica de la felicidad en la era de la imagen<\/figcaption><\/figure>\n<p style=\"font-weight: 400;\">Las redes digitales son infraestructuras corporativas, un negocio que lucra con nuestra dependencia y con el despojo de nuestra materialidad. La respuesta no puede ser un mero gesto terap\u00e9utico, sino una intervenci\u00f3n radical de la esfera p\u00fablica.\u00a0<strong>Es urgente que el Estado, desde un an\u00e1lisis interdisciplinario y con la audacia de la regulaci\u00f3n, limite el uso de dispositivos en los espacios educativos, liberando el aula y el recreo para la recuperaci\u00f3n del encuentro cara a cara y la construcci\u00f3n de experiencias y donde los cuerpos y el presente tengan un tiempo y un lugar.<\/strong><\/p>\n<p style=\"font-weight: 400;\"><strong>La verdadera resistencia se gesta en la recuperaci\u00f3n de la calle, en el habitar las comunidades, en el fortalecimiento del tejido social. Se trata de volver al cuerpo, a la presencia, al afecto distribuido y no delegado al like<\/strong>.<\/p>\n<p style=\"font-weight: 400;\">Generar espacios libres de estas pr\u00e1cticas adictivas, recuperar los rituales y los s\u00edmbolos colectivos, es el camino para politizar la felicidad. Es decir, es el camino para recuperar la capacidad de construir una vida significativa y com\u00fan, que no se venda ni se consuma en una pantalla.<\/p>\n<p style=\"font-weight: 400;\">El camino hacia la comunidad es un acto de afirmaci\u00f3n contra la fuerza homogeneizante del sistema. Un mundo que se pretende total, que se vende como la \u00fanica realidad posible a trav\u00e9s de sus plataformas y sus flujos de datos, es, en esencia, un mundo ausente. Un mundo com\u00fan no es, por lo tanto, el mundo global, pues el mundo global es una condena a la unidimensionalidad pol\u00edtica y a la claustrofobia hist\u00f3rica y social, de las que d\u00eda a d\u00eda vemos y padecemos las consecuencias de forma m\u00e1s extrema. La clave reside en la desobediencia al aislamiento impuesto, en la ruptura de ese perfil optimizado y solitario que nos exige la plataforma. La comunidad, en su sentido m\u00e1s urgente, no es un hecho que se pueda aislar de otros, y a\u00fan menos un producto de la victoria de un pensamiento \u00fanico.<\/p>\n<p>Es, en cambio, una mirada y un compromiso con lo que, precisamente, no se deja aislar.\u00a0<strong>En ese acto de vernos y sabernos juntos, emp\u00e1ticos, diversos, plurales, en la comunidad habilitante incluso de aquello que no tenemos en com\u00fan, m\u00e1s all\u00e1 de la pantalla, reside la esperanza de salvar la vida de la l\u00f3gica del scroll.<\/strong><\/p>\n<p>&nbsp;<\/p>\n<p><strong>(*)<\/strong> <a href=\"https:\/\/diariofemenino.com.ar\/df\/?s=Emiliano+Samar\">Emiliano Samar<\/a> es docente, Investigador en UNMDP, Director de Artes Esc\u00e9nicas, Doctorando en Educaci\u00f3n en UNR. <a href=\"https:\/\/www.instagram.com\/emilianosamar\/\">@emilianosamar<\/a><\/p>\n<p><strong>(**)<\/strong> <a href=\"https:\/\/diariofemenino.com.ar\/df\/?s=Roberto+Samar\">Roberto Samar<\/a> es licenciado en Comunicaci\u00f3n Social UNLZ. Especialista en Comunicaci\u00f3n y Culturas UNCO. Profesor de la UNRN. <a href=\"https:\/\/www.instagram.com\/robertosamar\/\">@robertosamar<\/a><\/p>\n<p>&nbsp;<\/p>\n<blockquote>\n<p style=\"font-weight: 400;\"><strong>Seguinos en Instagram. Diario Digital Femenino: <a href=\"https:\/\/www.instagram.com\/diariodigitalfemenino_\/\">@diariodigitalfemenino_<\/a><br \/>\nLenny C\u00e1ceres: <a href=\"https:\/\/www.instagram.com\/lennycaceres69\/\">@lennycaceres69<\/a><br \/>\nFacebook: <a href=\"https:\/\/www.facebook.com\/DiarioDigitalFemenino\/\">Diario Digital Femenino<\/a><br \/>\nTikTok; <a href=\"https:\/\/www.tiktok.com\/@diariodigitalfemenino\">diariodigitalfemenino<\/a>\u00a0<\/strong><\/p>\n<\/blockquote>\n","protected":false},"excerpt":{"rendered":"<p>La pol\u00edtica de la felicidad: \u00bfuna entelequia en la era de la performance? \u00bfC\u00f3mo abordar la dimensi\u00f3n existencial y comunitaria de la pol\u00edtica y la cultura sin una cr\u00edtica profunda al individualismo y la tecnolog\u00eda?\u00a0Pendientes de las im\u00e1genes, nos vendemos como productos. Esperando reacciones, a la caza desesperada de un \u201cme gusta\u201d vamos construyendo v\u00ednculos [&hellip;]<\/p>\n","protected":false},"author":6,"featured_media":75472,"comment_status":"open","ping_status":"open","sticky":false,"template":"","format":"standard","meta":{"iawp_total_views":27,"footnotes":""},"categories":[7,178,9,3,627,4,21,592],"tags":[7610,4372,4044,7611,7343,7609,5294,44,7608,1082,5325,7612,4956,4429],"class_list":["post-75469","post","type-post","status-publish","format-standard","has-post-thumbnail","hentry","category-actividades","category-articulos-y-comunicados","category-de-esi-si-se-habla","category-de-la-revolucion-al-reaprendizaje","category-genero-y-derechos-humanos","category-medios","category-noticias","category-violencias","tag-despersonalizacion","tag-destacada","tag-felicidad","tag-homogeneizante","tag-likes","tag-mercadeo","tag-personas","tag-politica","tag-producto","tag-salud-mental","tag-sistema","tag-unidimensionalidad-politica","tag-violencia-digital","tag-violencia-estetica"],"nelio_content":{"autoShareEndMode":"never","automationSources":{"useCustomSentences":false,"customSentences":[]},"efiAlt":"","efiUrl":"","followers":[6],"highlights":[],"isAutoShareEnabled":true,"networkImageIds":[],"permalinkQueryArgs":[],"series":[],"suggestedReferences":[]},"yoast_head":"<!-- This site is optimized with the Yoast SEO plugin v27.4 - https:\/\/yoast.com\/product\/yoast-seo-wordpress\/ -->\n<title>La pol\u00edtica de la felicidad en la era de la imagen - Diario Digital Femenino<\/title>\n<meta name=\"description\" content=\"La pol\u00edtica de la felicidad. Pendientes de las im\u00e1genes, nos vendemos como productos., a la caza desesperada de un \u201cme gusta\u201d.\" \/>\n<meta name=\"robots\" content=\"index, follow, max-snippet:-1, max-image-preview:large, max-video-preview:-1\" \/>\n<link rel=\"canonical\" href=\"https:\/\/diariofemenino.com.ar\/df\/la-politica-de-la-felicidad-en-la-era-de-la-imagen\/\" \/>\n<meta property=\"og:locale\" content=\"es_ES\" \/>\n<meta property=\"og:type\" content=\"article\" \/>\n<meta property=\"og:title\" content=\"La pol\u00edtica de la felicidad en la era de la imagen - Diario Digital Femenino\" \/>\n<meta property=\"og:description\" content=\"La pol\u00edtica de la felicidad. Pendientes de las im\u00e1genes, nos vendemos como productos., a la caza desesperada de un \u201cme gusta\u201d.\" \/>\n<meta property=\"og:url\" content=\"https:\/\/diariofemenino.com.ar\/df\/la-politica-de-la-felicidad-en-la-era-de-la-imagen\/\" \/>\n<meta property=\"og:site_name\" content=\"Diario Digital Femenino\" \/>\n<meta property=\"article:publisher\" content=\"https:\/\/www.facebook.com\/DiarioDigitaFemenino\/\" \/>\n<meta property=\"article:published_time\" content=\"2025-11-26T14:43:29+00:00\" \/>\n<meta property=\"article:modified_time\" content=\"2025-11-26T14:44:50+00:00\" \/>\n<meta property=\"og:image\" content=\"https:\/\/diariofemenino.com.ar\/df\/wp-content\/uploads\/2025\/11\/573dadd0-6424-42fa-b494-e0c97420bd95_source-aspect-ratio_default_0.webp\" \/>\n\t<meta property=\"og:image:width\" content=\"1200\" \/>\n\t<meta property=\"og:image:height\" content=\"725\" \/>\n\t<meta property=\"og:image:type\" content=\"image\/webp\" \/>\n<meta name=\"author\" content=\"redaccion\" \/>\n<meta name=\"twitter:card\" content=\"summary_large_image\" \/>\n<meta name=\"twitter:creator\" content=\"@DiarioFemenino1\" \/>\n<meta name=\"twitter:site\" content=\"@DiarioFemenino1\" \/>\n<meta name=\"twitter:label1\" content=\"Escrito por\" \/>\n\t<meta name=\"twitter:data1\" content=\"redaccion\" \/>\n\t<meta name=\"twitter:label2\" content=\"Tiempo de lectura\" \/>\n\t<meta name=\"twitter:data2\" content=\"5 minutos\" \/>\n<script type=\"application\/ld+json\" class=\"yoast-schema-graph\">{\"@context\":\"https:\\\/\\\/schema.org\",\"@graph\":[{\"@type\":\"Article\",\"@id\":\"https:\\\/\\\/diariofemenino.com.ar\\\/df\\\/la-politica-de-la-felicidad-en-la-era-de-la-imagen\\\/#article\",\"isPartOf\":{\"@id\":\"https:\\\/\\\/diariofemenino.com.ar\\\/df\\\/la-politica-de-la-felicidad-en-la-era-de-la-imagen\\\/\"},\"author\":{\"name\":\"redaccion\",\"@id\":\"https:\\\/\\\/diariofemenino.com.ar\\\/df\\\/#\\\/schema\\\/person\\\/b6ba2e26f7891f232694804f228a7f27\"},\"headline\":\"La pol\u00edtica de la felicidad en la era de la imagen\",\"datePublished\":\"2025-11-26T14:43:29+00:00\",\"dateModified\":\"2025-11-26T14:44:50+00:00\",\"mainEntityOfPage\":{\"@id\":\"https:\\\/\\\/diariofemenino.com.ar\\\/df\\\/la-politica-de-la-felicidad-en-la-era-de-la-imagen\\\/\"},\"wordCount\":1101,\"commentCount\":0,\"publisher\":{\"@id\":\"https:\\\/\\\/diariofemenino.com.ar\\\/df\\\/#organization\"},\"image\":{\"@id\":\"https:\\\/\\\/diariofemenino.com.ar\\\/df\\\/la-politica-de-la-felicidad-en-la-era-de-la-imagen\\\/#primaryimage\"},\"thumbnailUrl\":\"https:\\\/\\\/diariofemenino.com.ar\\\/df\\\/wp-content\\\/uploads\\\/2025\\\/11\\\/573dadd0-6424-42fa-b494-e0c97420bd95_source-aspect-ratio_default_0.webp\",\"keywords\":[\"despersonalizaci\u00f3n\",\"Destacada\",\"Felicidad\",\"Homogeneizante\",\"likes\",\"mercadeo\",\"Personas\",\"Pol\u00edtica\",\"producto\",\"Salud Mental\",\"Sistema\",\"Unidimensionalidad pol\u00edtica\",\"Violencia digital\",\"Violencia est\u00e9tica\"],\"articleSection\":[\"Actividades\",\"Art\u00edculos y Comunicados\",\"De ESI S\u00ed Se Habla\",\"De la Revoluci\u00f3n al Reaprendizaje\",\"G\u00e9nero y Derechos Humanos\",\"Medios\",\"Noticias\",\"Violencias\"],\"inLanguage\":\"es\",\"potentialAction\":[{\"@type\":\"CommentAction\",\"name\":\"Comment\",\"target\":[\"https:\\\/\\\/diariofemenino.com.ar\\\/df\\\/la-politica-de-la-felicidad-en-la-era-de-la-imagen\\\/#respond\"]}]},{\"@type\":\"WebPage\",\"@id\":\"https:\\\/\\\/diariofemenino.com.ar\\\/df\\\/la-politica-de-la-felicidad-en-la-era-de-la-imagen\\\/\",\"url\":\"https:\\\/\\\/diariofemenino.com.ar\\\/df\\\/la-politica-de-la-felicidad-en-la-era-de-la-imagen\\\/\",\"name\":\"La pol\u00edtica de la felicidad en la era de la imagen - Diario Digital Femenino\",\"isPartOf\":{\"@id\":\"https:\\\/\\\/diariofemenino.com.ar\\\/df\\\/#website\"},\"primaryImageOfPage\":{\"@id\":\"https:\\\/\\\/diariofemenino.com.ar\\\/df\\\/la-politica-de-la-felicidad-en-la-era-de-la-imagen\\\/#primaryimage\"},\"image\":{\"@id\":\"https:\\\/\\\/diariofemenino.com.ar\\\/df\\\/la-politica-de-la-felicidad-en-la-era-de-la-imagen\\\/#primaryimage\"},\"thumbnailUrl\":\"https:\\\/\\\/diariofemenino.com.ar\\\/df\\\/wp-content\\\/uploads\\\/2025\\\/11\\\/573dadd0-6424-42fa-b494-e0c97420bd95_source-aspect-ratio_default_0.webp\",\"datePublished\":\"2025-11-26T14:43:29+00:00\",\"dateModified\":\"2025-11-26T14:44:50+00:00\",\"description\":\"La pol\u00edtica de la felicidad. Pendientes de las im\u00e1genes, nos vendemos como productos., a la caza desesperada de un \u201cme gusta\u201d.\",\"breadcrumb\":{\"@id\":\"https:\\\/\\\/diariofemenino.com.ar\\\/df\\\/la-politica-de-la-felicidad-en-la-era-de-la-imagen\\\/#breadcrumb\"},\"inLanguage\":\"es\",\"potentialAction\":[{\"@type\":\"ReadAction\",\"target\":[\"https:\\\/\\\/diariofemenino.com.ar\\\/df\\\/la-politica-de-la-felicidad-en-la-era-de-la-imagen\\\/\"]}]},{\"@type\":\"ImageObject\",\"inLanguage\":\"es\",\"@id\":\"https:\\\/\\\/diariofemenino.com.ar\\\/df\\\/la-politica-de-la-felicidad-en-la-era-de-la-imagen\\\/#primaryimage\",\"url\":\"https:\\\/\\\/diariofemenino.com.ar\\\/df\\\/wp-content\\\/uploads\\\/2025\\\/11\\\/573dadd0-6424-42fa-b494-e0c97420bd95_source-aspect-ratio_default_0.webp\",\"contentUrl\":\"https:\\\/\\\/diariofemenino.com.ar\\\/df\\\/wp-content\\\/uploads\\\/2025\\\/11\\\/573dadd0-6424-42fa-b494-e0c97420bd95_source-aspect-ratio_default_0.webp\",\"width\":1200,\"height\":725,\"caption\":\"La pol\u00edtica de la felicidad en la era de la imagen\"},{\"@type\":\"BreadcrumbList\",\"@id\":\"https:\\\/\\\/diariofemenino.com.ar\\\/df\\\/la-politica-de-la-felicidad-en-la-era-de-la-imagen\\\/#breadcrumb\",\"itemListElement\":[{\"@type\":\"ListItem\",\"position\":1,\"name\":\"Portada\",\"item\":\"https:\\\/\\\/diariofemenino.com.ar\\\/df\\\/\"},{\"@type\":\"ListItem\",\"position\":2,\"name\":\"La pol\u00edtica de la felicidad en la era de la imagen\"}]},{\"@type\":\"WebSite\",\"@id\":\"https:\\\/\\\/diariofemenino.com.ar\\\/df\\\/#website\",\"url\":\"https:\\\/\\\/diariofemenino.com.ar\\\/df\\\/\",\"name\":\"Diario Digital Femenino\",\"description\":\"Cuesti\u00f3n de G\u00e9nero\",\"publisher\":{\"@id\":\"https:\\\/\\\/diariofemenino.com.ar\\\/df\\\/#organization\"},\"potentialAction\":[{\"@type\":\"SearchAction\",\"target\":{\"@type\":\"EntryPoint\",\"urlTemplate\":\"https:\\\/\\\/diariofemenino.com.ar\\\/df\\\/?s={search_term_string}\"},\"query-input\":{\"@type\":\"PropertyValueSpecification\",\"valueRequired\":true,\"valueName\":\"search_term_string\"}}],\"inLanguage\":\"es\"},{\"@type\":\"Organization\",\"@id\":\"https:\\\/\\\/diariofemenino.com.ar\\\/df\\\/#organization\",\"name\":\"Diario Femenino\",\"url\":\"https:\\\/\\\/diariofemenino.com.ar\\\/df\\\/\",\"logo\":{\"@type\":\"ImageObject\",\"inLanguage\":\"es\",\"@id\":\"https:\\\/\\\/diariofemenino.com.ar\\\/df\\\/#\\\/schema\\\/logo\\\/image\\\/\",\"url\":\"https:\\\/\\\/diariofemenino.com.ar\\\/df\\\/wp-content\\\/uploads\\\/2018\\\/10\\\/logo.png\",\"contentUrl\":\"https:\\\/\\\/diariofemenino.com.ar\\\/df\\\/wp-content\\\/uploads\\\/2018\\\/10\\\/logo.png\",\"width\":500,\"height\":92,\"caption\":\"Diario Femenino\"},\"image\":{\"@id\":\"https:\\\/\\\/diariofemenino.com.ar\\\/df\\\/#\\\/schema\\\/logo\\\/image\\\/\"},\"sameAs\":[\"https:\\\/\\\/www.facebook.com\\\/DiarioDigitaFemenino\\\/\",\"https:\\\/\\\/x.com\\\/DiarioFemenino1\"]},{\"@type\":\"Person\",\"@id\":\"https:\\\/\\\/diariofemenino.com.ar\\\/df\\\/#\\\/schema\\\/person\\\/b6ba2e26f7891f232694804f228a7f27\",\"name\":\"redaccion\",\"image\":{\"@type\":\"ImageObject\",\"inLanguage\":\"es\",\"@id\":\"https:\\\/\\\/diariofemenino.com.ar\\\/df\\\/wp-content\\\/uploads\\\/2024\\\/09\\\/0eda9a67-a560-4264-8085-ae5314b35c5a-150x150.avif\",\"url\":\"https:\\\/\\\/diariofemenino.com.ar\\\/df\\\/wp-content\\\/uploads\\\/2024\\\/09\\\/0eda9a67-a560-4264-8085-ae5314b35c5a-150x150.avif\",\"contentUrl\":\"https:\\\/\\\/diariofemenino.com.ar\\\/df\\\/wp-content\\\/uploads\\\/2024\\\/09\\\/0eda9a67-a560-4264-8085-ae5314b35c5a-150x150.avif\",\"caption\":\"redaccion\"},\"url\":\"https:\\\/\\\/diariofemenino.com.ar\\\/df\\\/author\\\/redaccion\\\/\"}]}<\/script>\n<!-- \/ Yoast SEO plugin. -->","yoast_head_json":{"title":"La pol\u00edtica de la felicidad en la era de la imagen - Diario Digital Femenino","description":"La pol\u00edtica de la felicidad. Pendientes de las im\u00e1genes, nos vendemos como productos., a la caza desesperada de un \u201cme gusta\u201d.","robots":{"index":"index","follow":"follow","max-snippet":"max-snippet:-1","max-image-preview":"max-image-preview:large","max-video-preview":"max-video-preview:-1"},"canonical":"https:\/\/diariofemenino.com.ar\/df\/la-politica-de-la-felicidad-en-la-era-de-la-imagen\/","og_locale":"es_ES","og_type":"article","og_title":"La pol\u00edtica de la felicidad en la era de la imagen - Diario Digital Femenino","og_description":"La pol\u00edtica de la felicidad. Pendientes de las im\u00e1genes, nos vendemos como productos., a la caza desesperada de un \u201cme gusta\u201d.","og_url":"https:\/\/diariofemenino.com.ar\/df\/la-politica-de-la-felicidad-en-la-era-de-la-imagen\/","og_site_name":"Diario Digital Femenino","article_publisher":"https:\/\/www.facebook.com\/DiarioDigitaFemenino\/","article_published_time":"2025-11-26T14:43:29+00:00","article_modified_time":"2025-11-26T14:44:50+00:00","og_image":[{"width":1200,"height":725,"url":"https:\/\/diariofemenino.com.ar\/df\/wp-content\/uploads\/2025\/11\/573dadd0-6424-42fa-b494-e0c97420bd95_source-aspect-ratio_default_0.webp","type":"image\/webp"}],"author":"redaccion","twitter_card":"summary_large_image","twitter_creator":"@DiarioFemenino1","twitter_site":"@DiarioFemenino1","twitter_misc":{"Escrito por":"redaccion","Tiempo de lectura":"5 minutos"},"schema":{"@context":"https:\/\/schema.org","@graph":[{"@type":"Article","@id":"https:\/\/diariofemenino.com.ar\/df\/la-politica-de-la-felicidad-en-la-era-de-la-imagen\/#article","isPartOf":{"@id":"https:\/\/diariofemenino.com.ar\/df\/la-politica-de-la-felicidad-en-la-era-de-la-imagen\/"},"author":{"name":"redaccion","@id":"https:\/\/diariofemenino.com.ar\/df\/#\/schema\/person\/b6ba2e26f7891f232694804f228a7f27"},"headline":"La pol\u00edtica de la felicidad en la era de la imagen","datePublished":"2025-11-26T14:43:29+00:00","dateModified":"2025-11-26T14:44:50+00:00","mainEntityOfPage":{"@id":"https:\/\/diariofemenino.com.ar\/df\/la-politica-de-la-felicidad-en-la-era-de-la-imagen\/"},"wordCount":1101,"commentCount":0,"publisher":{"@id":"https:\/\/diariofemenino.com.ar\/df\/#organization"},"image":{"@id":"https:\/\/diariofemenino.com.ar\/df\/la-politica-de-la-felicidad-en-la-era-de-la-imagen\/#primaryimage"},"thumbnailUrl":"https:\/\/diariofemenino.com.ar\/df\/wp-content\/uploads\/2025\/11\/573dadd0-6424-42fa-b494-e0c97420bd95_source-aspect-ratio_default_0.webp","keywords":["despersonalizaci\u00f3n","Destacada","Felicidad","Homogeneizante","likes","mercadeo","Personas","Pol\u00edtica","producto","Salud Mental","Sistema","Unidimensionalidad pol\u00edtica","Violencia digital","Violencia est\u00e9tica"],"articleSection":["Actividades","Art\u00edculos y Comunicados","De ESI S\u00ed Se Habla","De la Revoluci\u00f3n al Reaprendizaje","G\u00e9nero y Derechos Humanos","Medios","Noticias","Violencias"],"inLanguage":"es","potentialAction":[{"@type":"CommentAction","name":"Comment","target":["https:\/\/diariofemenino.com.ar\/df\/la-politica-de-la-felicidad-en-la-era-de-la-imagen\/#respond"]}]},{"@type":"WebPage","@id":"https:\/\/diariofemenino.com.ar\/df\/la-politica-de-la-felicidad-en-la-era-de-la-imagen\/","url":"https:\/\/diariofemenino.com.ar\/df\/la-politica-de-la-felicidad-en-la-era-de-la-imagen\/","name":"La pol\u00edtica de la felicidad en la era de la imagen - Diario Digital Femenino","isPartOf":{"@id":"https:\/\/diariofemenino.com.ar\/df\/#website"},"primaryImageOfPage":{"@id":"https:\/\/diariofemenino.com.ar\/df\/la-politica-de-la-felicidad-en-la-era-de-la-imagen\/#primaryimage"},"image":{"@id":"https:\/\/diariofemenino.com.ar\/df\/la-politica-de-la-felicidad-en-la-era-de-la-imagen\/#primaryimage"},"thumbnailUrl":"https:\/\/diariofemenino.com.ar\/df\/wp-content\/uploads\/2025\/11\/573dadd0-6424-42fa-b494-e0c97420bd95_source-aspect-ratio_default_0.webp","datePublished":"2025-11-26T14:43:29+00:00","dateModified":"2025-11-26T14:44:50+00:00","description":"La pol\u00edtica de la felicidad. Pendientes de las im\u00e1genes, nos vendemos como productos., a la caza desesperada de un \u201cme gusta\u201d.","breadcrumb":{"@id":"https:\/\/diariofemenino.com.ar\/df\/la-politica-de-la-felicidad-en-la-era-de-la-imagen\/#breadcrumb"},"inLanguage":"es","potentialAction":[{"@type":"ReadAction","target":["https:\/\/diariofemenino.com.ar\/df\/la-politica-de-la-felicidad-en-la-era-de-la-imagen\/"]}]},{"@type":"ImageObject","inLanguage":"es","@id":"https:\/\/diariofemenino.com.ar\/df\/la-politica-de-la-felicidad-en-la-era-de-la-imagen\/#primaryimage","url":"https:\/\/diariofemenino.com.ar\/df\/wp-content\/uploads\/2025\/11\/573dadd0-6424-42fa-b494-e0c97420bd95_source-aspect-ratio_default_0.webp","contentUrl":"https:\/\/diariofemenino.com.ar\/df\/wp-content\/uploads\/2025\/11\/573dadd0-6424-42fa-b494-e0c97420bd95_source-aspect-ratio_default_0.webp","width":1200,"height":725,"caption":"La pol\u00edtica de la felicidad en la era de la imagen"},{"@type":"BreadcrumbList","@id":"https:\/\/diariofemenino.com.ar\/df\/la-politica-de-la-felicidad-en-la-era-de-la-imagen\/#breadcrumb","itemListElement":[{"@type":"ListItem","position":1,"name":"Portada","item":"https:\/\/diariofemenino.com.ar\/df\/"},{"@type":"ListItem","position":2,"name":"La pol\u00edtica de la felicidad en la era de la imagen"}]},{"@type":"WebSite","@id":"https:\/\/diariofemenino.com.ar\/df\/#website","url":"https:\/\/diariofemenino.com.ar\/df\/","name":"Diario Digital Femenino","description":"Cuesti\u00f3n de G\u00e9nero","publisher":{"@id":"https:\/\/diariofemenino.com.ar\/df\/#organization"},"potentialAction":[{"@type":"SearchAction","target":{"@type":"EntryPoint","urlTemplate":"https:\/\/diariofemenino.com.ar\/df\/?s={search_term_string}"},"query-input":{"@type":"PropertyValueSpecification","valueRequired":true,"valueName":"search_term_string"}}],"inLanguage":"es"},{"@type":"Organization","@id":"https:\/\/diariofemenino.com.ar\/df\/#organization","name":"Diario Femenino","url":"https:\/\/diariofemenino.com.ar\/df\/","logo":{"@type":"ImageObject","inLanguage":"es","@id":"https:\/\/diariofemenino.com.ar\/df\/#\/schema\/logo\/image\/","url":"https:\/\/diariofemenino.com.ar\/df\/wp-content\/uploads\/2018\/10\/logo.png","contentUrl":"https:\/\/diariofemenino.com.ar\/df\/wp-content\/uploads\/2018\/10\/logo.png","width":500,"height":92,"caption":"Diario Femenino"},"image":{"@id":"https:\/\/diariofemenino.com.ar\/df\/#\/schema\/logo\/image\/"},"sameAs":["https:\/\/www.facebook.com\/DiarioDigitaFemenino\/","https:\/\/x.com\/DiarioFemenino1"]},{"@type":"Person","@id":"https:\/\/diariofemenino.com.ar\/df\/#\/schema\/person\/b6ba2e26f7891f232694804f228a7f27","name":"redaccion","image":{"@type":"ImageObject","inLanguage":"es","@id":"https:\/\/diariofemenino.com.ar\/df\/wp-content\/uploads\/2024\/09\/0eda9a67-a560-4264-8085-ae5314b35c5a-150x150.avif","url":"https:\/\/diariofemenino.com.ar\/df\/wp-content\/uploads\/2024\/09\/0eda9a67-a560-4264-8085-ae5314b35c5a-150x150.avif","contentUrl":"https:\/\/diariofemenino.com.ar\/df\/wp-content\/uploads\/2024\/09\/0eda9a67-a560-4264-8085-ae5314b35c5a-150x150.avif","caption":"redaccion"},"url":"https:\/\/diariofemenino.com.ar\/df\/author\/redaccion\/"}]}},"jetpack_featured_media_url":"https:\/\/diariofemenino.com.ar\/df\/wp-content\/uploads\/2025\/11\/573dadd0-6424-42fa-b494-e0c97420bd95_source-aspect-ratio_default_0.webp","jetpack_sharing_enabled":true,"rttpg_featured_image_url":{"full":["https:\/\/diariofemenino.com.ar\/df\/wp-content\/uploads\/2025\/11\/573dadd0-6424-42fa-b494-e0c97420bd95_source-aspect-ratio_default_0.webp",1200,725,false],"landscape":["https:\/\/diariofemenino.com.ar\/df\/wp-content\/uploads\/2025\/11\/573dadd0-6424-42fa-b494-e0c97420bd95_source-aspect-ratio_default_0.webp",1200,725,false],"portraits":["https:\/\/diariofemenino.com.ar\/df\/wp-content\/uploads\/2025\/11\/573dadd0-6424-42fa-b494-e0c97420bd95_source-aspect-ratio_default_0.webp",1200,725,false],"thumbnail":["https:\/\/diariofemenino.com.ar\/df\/wp-content\/uploads\/2025\/11\/573dadd0-6424-42fa-b494-e0c97420bd95_source-aspect-ratio_default_0-150x150.webp",150,150,true],"medium":["https:\/\/diariofemenino.com.ar\/df\/wp-content\/uploads\/2025\/11\/573dadd0-6424-42fa-b494-e0c97420bd95_source-aspect-ratio_default_0-300x181.webp",300,181,true],"large":["https:\/\/diariofemenino.com.ar\/df\/wp-content\/uploads\/2025\/11\/573dadd0-6424-42fa-b494-e0c97420bd95_source-aspect-ratio_default_0-1024x619.webp",1024,619,true],"1536x1536":["https:\/\/diariofemenino.com.ar\/df\/wp-content\/uploads\/2025\/11\/573dadd0-6424-42fa-b494-e0c97420bd95_source-aspect-ratio_default_0.webp",1200,725,false],"2048x2048":["https:\/\/diariofemenino.com.ar\/df\/wp-content\/uploads\/2025\/11\/573dadd0-6424-42fa-b494-e0c97420bd95_source-aspect-ratio_default_0.webp",1200,725,false]},"rttpg_author":{"display_name":"redaccion","author_link":"https:\/\/diariofemenino.com.ar\/df\/author\/redaccion\/"},"rttpg_comment":0,"rttpg_category":"<a href=\"https:\/\/diariofemenino.com.ar\/df\/category\/actividades\/\" rel=\"category tag\">Actividades<\/a> <a href=\"https:\/\/diariofemenino.com.ar\/df\/category\/articulos-y-comunicados\/\" rel=\"category tag\">Art\u00edculos y Comunicados<\/a> <a href=\"https:\/\/diariofemenino.com.ar\/df\/category\/de-esi-si-se-habla\/\" rel=\"category tag\">De ESI S\u00ed Se Habla<\/a> <a href=\"https:\/\/diariofemenino.com.ar\/df\/category\/de-la-revolucion-al-reaprendizaje\/\" rel=\"category tag\">De la Revoluci\u00f3n al Reaprendizaje<\/a> <a href=\"https:\/\/diariofemenino.com.ar\/df\/category\/genero-y-derechos-humanos\/\" rel=\"category tag\">G\u00e9nero y Derechos Humanos<\/a> <a href=\"https:\/\/diariofemenino.com.ar\/df\/category\/medios\/\" rel=\"category tag\">Medios<\/a> <a href=\"https:\/\/diariofemenino.com.ar\/df\/category\/noticias\/\" rel=\"category tag\">Noticias<\/a> <a href=\"https:\/\/diariofemenino.com.ar\/df\/category\/violencias\/\" rel=\"category tag\">Violencias<\/a>","rttpg_excerpt":"La pol\u00edtica de la felicidad: \u00bfuna entelequia en la era de la performance? \u00bfC\u00f3mo abordar la dimensi\u00f3n existencial y comunitaria de la pol\u00edtica y la cultura sin una cr\u00edtica profunda al individualismo y la tecnolog\u00eda?\u00a0Pendientes de las im\u00e1genes, nos vendemos como productos. Esperando reacciones, a la caza desesperada de un \u201cme gusta\u201d vamos construyendo v\u00ednculos&hellip;","_links":{"self":[{"href":"https:\/\/diariofemenino.com.ar\/df\/wp-json\/wp\/v2\/posts\/75469","targetHints":{"allow":["GET"]}}],"collection":[{"href":"https:\/\/diariofemenino.com.ar\/df\/wp-json\/wp\/v2\/posts"}],"about":[{"href":"https:\/\/diariofemenino.com.ar\/df\/wp-json\/wp\/v2\/types\/post"}],"author":[{"embeddable":true,"href":"https:\/\/diariofemenino.com.ar\/df\/wp-json\/wp\/v2\/users\/6"}],"replies":[{"embeddable":true,"href":"https:\/\/diariofemenino.com.ar\/df\/wp-json\/wp\/v2\/comments?post=75469"}],"version-history":[{"count":3,"href":"https:\/\/diariofemenino.com.ar\/df\/wp-json\/wp\/v2\/posts\/75469\/revisions"}],"predecessor-version":[{"id":75476,"href":"https:\/\/diariofemenino.com.ar\/df\/wp-json\/wp\/v2\/posts\/75469\/revisions\/75476"}],"wp:featuredmedia":[{"embeddable":true,"href":"https:\/\/diariofemenino.com.ar\/df\/wp-json\/wp\/v2\/media\/75472"}],"wp:attachment":[{"href":"https:\/\/diariofemenino.com.ar\/df\/wp-json\/wp\/v2\/media?parent=75469"}],"wp:term":[{"taxonomy":"category","embeddable":true,"href":"https:\/\/diariofemenino.com.ar\/df\/wp-json\/wp\/v2\/categories?post=75469"},{"taxonomy":"post_tag","embeddable":true,"href":"https:\/\/diariofemenino.com.ar\/df\/wp-json\/wp\/v2\/tags?post=75469"}],"curies":[{"name":"wp","href":"https:\/\/api.w.org\/{rel}","templated":true}]}}