{"id":75459,"date":"2025-11-25T13:02:27","date_gmt":"2025-11-25T16:02:27","guid":{"rendered":"https:\/\/diariofemenino.com.ar\/df\/?p=75459"},"modified":"2025-11-25T13:16:25","modified_gmt":"2025-11-25T16:16:25","slug":"paula-inchaurraga-sostiene-una-direccion-de-genero-clave-para-mas-de-90-mil-personas-en-santa-rosa","status":"publish","type":"post","link":"https:\/\/diariofemenino.com.ar\/df\/paula-inchaurraga-sostiene-una-direccion-de-genero-clave-para-mas-de-90-mil-personas-en-santa-rosa\/","title":{"rendered":"Paula Inchaurraga sostiene una Direcci\u00f3n de G\u00e9nero clave para m\u00e1s de 90 mil personas en Santa Rosa"},"content":{"rendered":"<p>En un pa\u00eds que desmantel\u00f3 su institucionalidad de g\u00e9nero, la ciudad mantiene un \u00e1rea, a cargo de Paula Inchaurraga, que acompa\u00f1a, interviene y articula pol\u00edticas para mujeres, diversidades y ni\u00f1eces. Un trabajo que crece en silencio y resiste en el territorio.<\/p>\n<p>La Direcci\u00f3n de Pol\u00edticas de G\u00e9nero y Diversidad de Santa Rosa acaba de presentar su Informe de Gesti\u00f3n 2025. Un documento que, le\u00eddo en clave local y nacional, no s\u00f3lo refleja un a\u00f1o de trabajo: tambi\u00e9n expone la importancia estrat\u00e9gica de sostener \u00e1reas que hoy, en otras jurisdicciones, directamente dejaron de existir.<\/p>\n<p>Mientras a nivel nacional el Ministerio de las Mujeres, G\u00e9neros y Diversidad fue degradado, vaciado y finalmente eliminado \u2014con una ca\u00edda del 62 % en la inversi\u00f3n, recortes del 84 % en acompa\u00f1amiento econ\u00f3mico y un desmantelamiento de l\u00edneas centrales como la 144 y el Programa Acompa\u00f1ar\u2014, en Santa Rosa esta Direcci\u00f3n contin\u00faa funcionando, interviniendo y articulando respuestas. Y lo hace para una poblaci\u00f3n potencial de 90.000 personas, seg\u00fan el Censo 2022.<\/p>\n<blockquote><p><strong>Colabora con Diario Digital Femenino<\/strong><br \/>\n$3.000 por mes (sosten\u00e9s a largo plazo) <strong><a href=\"https:\/\/www.mercadopago.com.ar\/subscriptions\/checkout\/v2?preapproval_plan_id=2c93808496ae4a940196b01559a4004f\">AQU\u00cd<\/a><\/strong><br \/>\nUna vez al a\u00f1o, vos decid\u00eds el monto (un gesto, una ayuda concreta) <strong><a href=\"https:\/\/www.mercadopago.com.ar\/subscriptions\/checkout?preapproval_plan_id=2c938084981e9ee501982d4490280459\">AQU\u00cd<\/a><\/strong><br \/>\nPor \u00fanica vez, el monto que decidas. <strong>Alias: Lenny.Caceres<\/strong><\/p><\/blockquote>\n<p>Esa continuidad no es menor. En un pa\u00eds sin organismo rector nacional, donde incluso organismos internacionales como MESECVI y CEDAW alertaron sobre retrocesos que vulneran derechos, las \u00e1reas locales se transformaron en el primer y, muchas veces, \u00fanico eslab\u00f3n de protecci\u00f3n para mujeres, adolescentes y diversidades.<\/p>\n<p>El informe destaca que, durante 2025, la Direcci\u00f3n recibi\u00f3 <strong>2.190 solicitudes de intervenci\u00f3n<\/strong>, entre oficios judiciales, derivaciones, guardias y acompa\u00f1amientos espont\u00e1neos. Cifras que hablan de la magnitud de la demanda y de la capacidad de sost\u00e9n institucional en un contexto adverso<\/p>\n<p><strong>Informe de gesti\u00f3n 2025<\/strong><br \/>\n(Desc\u00e1rgalo en la portada)<\/p>\n<figure id=\"attachment_75462\" aria-describedby=\"caption-attachment-75462\" style=\"width: 217px\" class=\"wp-caption alignleft\"><a href=\"https:\/\/diariofemenino.com.ar\/df\/wp-content\/uploads\/2025\/11\/INFORME-DE-GESTION-2025.pdf\"><img loading=\"lazy\" decoding=\"async\" class=\"size-medium wp-image-75462\" src=\"https:\/\/diariofemenino.com.ar\/df\/wp-content\/uploads\/2025\/11\/Informe-Paula-217x300.jpg\" alt=\"Paula Inchaurraga sostiene una Direcci\u00f3n de G\u00e9nero clave para m\u00e1s de 90 mil personas en Santa Rosa\" width=\"217\" height=\"300\" srcset=\"https:\/\/diariofemenino.com.ar\/df\/wp-content\/uploads\/2025\/11\/Informe-Paula-217x300.jpg 217w, https:\/\/diariofemenino.com.ar\/df\/wp-content\/uploads\/2025\/11\/Informe-Paula.jpg 554w\" sizes=\"auto, (max-width: 217px) 100vw, 217px\" \/><\/a><figcaption id=\"caption-attachment-75462\" class=\"wp-caption-text\">Paula Inchaurraga sostiene una Direcci\u00f3n de G\u00e9nero clave para m\u00e1s de 90 mil personas en Santa Rosa<\/figcaption><\/figure>\n<p>Entre los hitos del a\u00f1o, se se\u00f1ala la recuperaci\u00f3n del Centro Territorial de Intervenci\u00f3n a la \u00f3rbita municipal, la reorganizaci\u00f3n metodol\u00f3gica con nuevos protocolos, y la incorporaci\u00f3n de abordajes interdisciplinarios y grupales \u2014una pr\u00e1ctica que mejora la calidad de las intervenciones y reduce la sobrecarga profesional.<\/p>\n<p>El trabajo tambi\u00e9n alcanza otras dimensiones: el acompa\u00f1amiento socioecon\u00f3mico de m\u00e1s de 200 mujeres y diversidades por mes, los talleres que no solo forman, sino que producen insumos comunitarios, la capacitaci\u00f3n de trabajadores municipales bajo Ley Micaela y la articulaci\u00f3n con salud, justicia, seguridad y espacios territoriales. Todo en un entramado que intenta sostener derechos en medio de un clima social y pol\u00edtico que tensiona, recorta y retrocede.<\/p>\n<p>La Direcci\u00f3n, creada en 2010 y ampliada en 2013 con el abordaje pionero a varones que ejercen violencia, sostiene desde hace m\u00e1s de una d\u00e9cada una pol\u00edtica p\u00fablica que no siempre ocupa titulares, pero s\u00ed sostiene vidas. Y en este momento hist\u00f3rico, eso es decir mucho.<\/p>\n<p>&nbsp;<\/p>\n<blockquote><p>Seguinos en <strong>Instagram. Diario Digital Femenino: <a href=\"https:\/\/www.instagram.com\/diariodigitalfemenino_\/\">@diariodigitalfemenino_<\/a><\/strong><br \/>\n<strong>Lenny C\u00e1ceres: <a href=\"https:\/\/www.instagram.com\/lennycaceres69\/\">@lennycaceres69<\/a>\u00a0<\/strong><br \/>\n<strong>Facebook: <a href=\"https:\/\/www.facebook.com\/DiarioDigitalFemenino\/\">Diario Digital Femenino<\/a>\u00a0<\/strong><br \/>\n<strong>TikTok; <a href=\"https:\/\/www.tiktok.com\/@diariodigitalfemenino\">diariodigitalfemenino<\/a>\u00a0<\/strong><\/p><\/blockquote>\n<p>&nbsp;<\/p>\n","protected":false},"excerpt":{"rendered":"<p>En un pa\u00eds que desmantel\u00f3 su institucionalidad de g\u00e9nero, la ciudad mantiene un \u00e1rea, a cargo de Paula Inchaurraga, que acompa\u00f1a, interviene y articula pol\u00edticas para mujeres, diversidades y ni\u00f1eces. Un trabajo que crece en silencio y resiste en el territorio. La Direcci\u00f3n de Pol\u00edticas de G\u00e9nero y Diversidad de Santa Rosa acaba de presentar [&hellip;]<\/p>\n","protected":false},"author":6,"featured_media":75461,"comment_status":"open","ping_status":"open","sticky":false,"template":"","format":"standard","meta":{"iawp_total_views":71,"footnotes":""},"categories":[7,1067,178,19,3,627,182,1251,6,21,23,15,592],"tags":[5536,4372,3494,1633,6859,7524,3424,1129,2653,45],"class_list":["post-75459","post","type-post","status-publish","format-standard","has-post-thumbnail","hentry","category-actividades","category-agenda-feminista","category-articulos-y-comunicados","category-biblioteca","category-de-la-revolucion-al-reaprendizaje","category-genero-y-derechos-humanos","category-informes","category-mujeres-de-la-pampa","category-articulos","category-noticias","category-salud","category-trata-de-personas","category-violencias","tag-compromiso","tag-destacada","tag-gestion","tag-informe","tag-municipalidad","tag-paula-inchaurraga","tag-politicas-de-genero","tag-santa-rosa","tag-territorio","tag-trabajo"],"nelio_content":{"autoShareEndMode":"never","automationSources":{"useCustomSentences":false,"customSentences":[]},"efiAlt":"","efiUrl":"","followers":[6],"highlights":[],"isAutoShareEnabled":true,"networkImageIds":[],"permalinkQueryArgs":[],"series":[],"suggestedReferences":[]},"yoast_head":"<!-- This site is optimized with the Yoast SEO plugin v27.5 - https:\/\/yoast.com\/product\/yoast-seo-wordpress\/ -->\n<title>Paula Inchaurraga sostiene una Direcci\u00f3n de G\u00e9nero clave para m\u00e1s de 90 mil personas en Santa Rosa - Diario Digital Femenino<\/title>\n<meta name=\"description\" content=\"Paula Inchaurraga acompa\u00f1a, interviene y articula pol\u00edticas para mujeres, diversidades y ni\u00f1eces desde la Direcci\u00f3n de pol\u00edticas de G\u00e9nero.\" \/>\n<meta name=\"robots\" content=\"index, follow, max-snippet:-1, max-image-preview:large, max-video-preview:-1\" \/>\n<link rel=\"canonical\" href=\"https:\/\/diariofemenino.com.ar\/df\/paula-inchaurraga-sostiene-una-direccion-de-genero-clave-para-mas-de-90-mil-personas-en-santa-rosa\/\" \/>\n<meta property=\"og:locale\" content=\"es_ES\" \/>\n<meta property=\"og:type\" content=\"article\" \/>\n<meta property=\"og:title\" content=\"Paula Inchaurraga sostiene una Direcci\u00f3n de G\u00e9nero clave para m\u00e1s de 90 mil personas en Santa Rosa - Diario Digital Femenino\" \/>\n<meta property=\"og:description\" content=\"Paula Inchaurraga acompa\u00f1a, interviene y articula pol\u00edticas para mujeres, diversidades y ni\u00f1eces desde la Direcci\u00f3n de pol\u00edticas de G\u00e9nero.\" \/>\n<meta property=\"og:url\" content=\"https:\/\/diariofemenino.com.ar\/df\/paula-inchaurraga-sostiene-una-direccion-de-genero-clave-para-mas-de-90-mil-personas-en-santa-rosa\/\" \/>\n<meta property=\"og:site_name\" content=\"Diario Digital Femenino\" \/>\n<meta property=\"article:publisher\" content=\"https:\/\/www.facebook.com\/DiarioDigitaFemenino\/\" \/>\n<meta property=\"article:published_time\" content=\"2025-11-25T16:02:27+00:00\" \/>\n<meta property=\"article:modified_time\" content=\"2025-11-25T16:16:25+00:00\" \/>\n<meta property=\"og:image\" content=\"https:\/\/diariofemenino.com.ar\/df\/wp-content\/uploads\/2025\/11\/Informe-Paula1.jpg\" \/>\n\t<meta property=\"og:image:width\" content=\"550\" \/>\n\t<meta property=\"og:image:height\" content=\"584\" \/>\n\t<meta property=\"og:image:type\" content=\"image\/jpeg\" \/>\n<meta name=\"author\" content=\"redaccion\" \/>\n<meta name=\"twitter:card\" content=\"summary_large_image\" \/>\n<meta name=\"twitter:creator\" content=\"@DiarioFemenino1\" \/>\n<meta name=\"twitter:site\" content=\"@DiarioFemenino1\" \/>\n<meta name=\"twitter:label1\" content=\"Escrito por\" \/>\n\t<meta name=\"twitter:data1\" content=\"redaccion\" \/>\n\t<meta name=\"twitter:label2\" content=\"Tiempo de lectura\" \/>\n\t<meta name=\"twitter:data2\" content=\"3 minutos\" \/>\n<script type=\"application\/ld+json\" class=\"yoast-schema-graph\">{\"@context\":\"https:\\\/\\\/schema.org\",\"@graph\":[{\"@type\":\"Article\",\"@id\":\"https:\\\/\\\/diariofemenino.com.ar\\\/df\\\/paula-inchaurraga-sostiene-una-direccion-de-genero-clave-para-mas-de-90-mil-personas-en-santa-rosa\\\/#article\",\"isPartOf\":{\"@id\":\"https:\\\/\\\/diariofemenino.com.ar\\\/df\\\/paula-inchaurraga-sostiene-una-direccion-de-genero-clave-para-mas-de-90-mil-personas-en-santa-rosa\\\/\"},\"author\":{\"name\":\"redaccion\",\"@id\":\"https:\\\/\\\/diariofemenino.com.ar\\\/df\\\/#\\\/schema\\\/person\\\/b6ba2e26f7891f232694804f228a7f27\"},\"headline\":\"Paula Inchaurraga sostiene una Direcci\u00f3n de G\u00e9nero clave para m\u00e1s de 90 mil personas en Santa Rosa\",\"datePublished\":\"2025-11-25T16:02:27+00:00\",\"dateModified\":\"2025-11-25T16:16:25+00:00\",\"mainEntityOfPage\":{\"@id\":\"https:\\\/\\\/diariofemenino.com.ar\\\/df\\\/paula-inchaurraga-sostiene-una-direccion-de-genero-clave-para-mas-de-90-mil-personas-en-santa-rosa\\\/\"},\"wordCount\":565,\"commentCount\":0,\"publisher\":{\"@id\":\"https:\\\/\\\/diariofemenino.com.ar\\\/df\\\/#organization\"},\"image\":{\"@id\":\"https:\\\/\\\/diariofemenino.com.ar\\\/df\\\/paula-inchaurraga-sostiene-una-direccion-de-genero-clave-para-mas-de-90-mil-personas-en-santa-rosa\\\/#primaryimage\"},\"thumbnailUrl\":\"https:\\\/\\\/diariofemenino.com.ar\\\/df\\\/wp-content\\\/uploads\\\/2025\\\/11\\\/Informe-Paula1.jpg\",\"keywords\":[\"compromiso\",\"Destacada\",\"Gesti\u00f3n\",\"Informe\",\"municipalidad\",\"Paula Inchaurraga\",\"Pol\u00edticas de g\u00e9nero\",\"Santa Rosa\",\"Territorio\",\"Trabajo\"],\"articleSection\":[\"Actividades\",\"Agenda Feminista\",\"Art\u00edculos y Comunicados\",\"Biblioteca Virtual\",\"De la Revoluci\u00f3n al Reaprendizaje\",\"G\u00e9nero y Derechos Humanos\",\"Informes\",\"Mujeres de La Pampa\",\"Mujeres en Palabras\",\"Noticias\",\"Salud\",\"Trata de Pers.\",\"Violencias\"],\"inLanguage\":\"es\",\"potentialAction\":[{\"@type\":\"CommentAction\",\"name\":\"Comment\",\"target\":[\"https:\\\/\\\/diariofemenino.com.ar\\\/df\\\/paula-inchaurraga-sostiene-una-direccion-de-genero-clave-para-mas-de-90-mil-personas-en-santa-rosa\\\/#respond\"]}]},{\"@type\":\"WebPage\",\"@id\":\"https:\\\/\\\/diariofemenino.com.ar\\\/df\\\/paula-inchaurraga-sostiene-una-direccion-de-genero-clave-para-mas-de-90-mil-personas-en-santa-rosa\\\/\",\"url\":\"https:\\\/\\\/diariofemenino.com.ar\\\/df\\\/paula-inchaurraga-sostiene-una-direccion-de-genero-clave-para-mas-de-90-mil-personas-en-santa-rosa\\\/\",\"name\":\"Paula Inchaurraga sostiene una Direcci\u00f3n de G\u00e9nero clave para m\u00e1s de 90 mil personas en Santa Rosa - Diario Digital Femenino\",\"isPartOf\":{\"@id\":\"https:\\\/\\\/diariofemenino.com.ar\\\/df\\\/#website\"},\"primaryImageOfPage\":{\"@id\":\"https:\\\/\\\/diariofemenino.com.ar\\\/df\\\/paula-inchaurraga-sostiene-una-direccion-de-genero-clave-para-mas-de-90-mil-personas-en-santa-rosa\\\/#primaryimage\"},\"image\":{\"@id\":\"https:\\\/\\\/diariofemenino.com.ar\\\/df\\\/paula-inchaurraga-sostiene-una-direccion-de-genero-clave-para-mas-de-90-mil-personas-en-santa-rosa\\\/#primaryimage\"},\"thumbnailUrl\":\"https:\\\/\\\/diariofemenino.com.ar\\\/df\\\/wp-content\\\/uploads\\\/2025\\\/11\\\/Informe-Paula1.jpg\",\"datePublished\":\"2025-11-25T16:02:27+00:00\",\"dateModified\":\"2025-11-25T16:16:25+00:00\",\"description\":\"Paula Inchaurraga acompa\u00f1a, interviene y articula pol\u00edticas para mujeres, diversidades y ni\u00f1eces desde la Direcci\u00f3n de pol\u00edticas de G\u00e9nero.\",\"breadcrumb\":{\"@id\":\"https:\\\/\\\/diariofemenino.com.ar\\\/df\\\/paula-inchaurraga-sostiene-una-direccion-de-genero-clave-para-mas-de-90-mil-personas-en-santa-rosa\\\/#breadcrumb\"},\"inLanguage\":\"es\",\"potentialAction\":[{\"@type\":\"ReadAction\",\"target\":[\"https:\\\/\\\/diariofemenino.com.ar\\\/df\\\/paula-inchaurraga-sostiene-una-direccion-de-genero-clave-para-mas-de-90-mil-personas-en-santa-rosa\\\/\"]}]},{\"@type\":\"ImageObject\",\"inLanguage\":\"es\",\"@id\":\"https:\\\/\\\/diariofemenino.com.ar\\\/df\\\/paula-inchaurraga-sostiene-una-direccion-de-genero-clave-para-mas-de-90-mil-personas-en-santa-rosa\\\/#primaryimage\",\"url\":\"https:\\\/\\\/diariofemenino.com.ar\\\/df\\\/wp-content\\\/uploads\\\/2025\\\/11\\\/Informe-Paula1.jpg\",\"contentUrl\":\"https:\\\/\\\/diariofemenino.com.ar\\\/df\\\/wp-content\\\/uploads\\\/2025\\\/11\\\/Informe-Paula1.jpg\",\"width\":550,\"height\":584,\"caption\":\"Paula Inchaurraga sostiene una Direcci\u00f3n de G\u00e9nero clave para m\u00e1s de 90 mil personas en Santa Rosa\"},{\"@type\":\"BreadcrumbList\",\"@id\":\"https:\\\/\\\/diariofemenino.com.ar\\\/df\\\/paula-inchaurraga-sostiene-una-direccion-de-genero-clave-para-mas-de-90-mil-personas-en-santa-rosa\\\/#breadcrumb\",\"itemListElement\":[{\"@type\":\"ListItem\",\"position\":1,\"name\":\"Portada\",\"item\":\"https:\\\/\\\/diariofemenino.com.ar\\\/df\\\/\"},{\"@type\":\"ListItem\",\"position\":2,\"name\":\"Paula Inchaurraga sostiene una Direcci\u00f3n de G\u00e9nero clave para m\u00e1s de 90 mil personas en Santa Rosa\"}]},{\"@type\":\"WebSite\",\"@id\":\"https:\\\/\\\/diariofemenino.com.ar\\\/df\\\/#website\",\"url\":\"https:\\\/\\\/diariofemenino.com.ar\\\/df\\\/\",\"name\":\"Diario Digital Femenino\",\"description\":\"Cuesti\u00f3n de G\u00e9nero\",\"publisher\":{\"@id\":\"https:\\\/\\\/diariofemenino.com.ar\\\/df\\\/#organization\"},\"potentialAction\":[{\"@type\":\"SearchAction\",\"target\":{\"@type\":\"EntryPoint\",\"urlTemplate\":\"https:\\\/\\\/diariofemenino.com.ar\\\/df\\\/?s={search_term_string}\"},\"query-input\":{\"@type\":\"PropertyValueSpecification\",\"valueRequired\":true,\"valueName\":\"search_term_string\"}}],\"inLanguage\":\"es\"},{\"@type\":\"Organization\",\"@id\":\"https:\\\/\\\/diariofemenino.com.ar\\\/df\\\/#organization\",\"name\":\"Diario Femenino\",\"url\":\"https:\\\/\\\/diariofemenino.com.ar\\\/df\\\/\",\"logo\":{\"@type\":\"ImageObject\",\"inLanguage\":\"es\",\"@id\":\"https:\\\/\\\/diariofemenino.com.ar\\\/df\\\/#\\\/schema\\\/logo\\\/image\\\/\",\"url\":\"https:\\\/\\\/diariofemenino.com.ar\\\/df\\\/wp-content\\\/uploads\\\/2018\\\/10\\\/logo.png\",\"contentUrl\":\"https:\\\/\\\/diariofemenino.com.ar\\\/df\\\/wp-content\\\/uploads\\\/2018\\\/10\\\/logo.png\",\"width\":500,\"height\":92,\"caption\":\"Diario Femenino\"},\"image\":{\"@id\":\"https:\\\/\\\/diariofemenino.com.ar\\\/df\\\/#\\\/schema\\\/logo\\\/image\\\/\"},\"sameAs\":[\"https:\\\/\\\/www.facebook.com\\\/DiarioDigitaFemenino\\\/\",\"https:\\\/\\\/x.com\\\/DiarioFemenino1\"]},{\"@type\":\"Person\",\"@id\":\"https:\\\/\\\/diariofemenino.com.ar\\\/df\\\/#\\\/schema\\\/person\\\/b6ba2e26f7891f232694804f228a7f27\",\"name\":\"redaccion\",\"image\":{\"@type\":\"ImageObject\",\"inLanguage\":\"es\",\"@id\":\"https:\\\/\\\/diariofemenino.com.ar\\\/df\\\/wp-content\\\/uploads\\\/2024\\\/09\\\/0eda9a67-a560-4264-8085-ae5314b35c5a-150x150.avif\",\"url\":\"https:\\\/\\\/diariofemenino.com.ar\\\/df\\\/wp-content\\\/uploads\\\/2024\\\/09\\\/0eda9a67-a560-4264-8085-ae5314b35c5a-150x150.avif\",\"contentUrl\":\"https:\\\/\\\/diariofemenino.com.ar\\\/df\\\/wp-content\\\/uploads\\\/2024\\\/09\\\/0eda9a67-a560-4264-8085-ae5314b35c5a-150x150.avif\",\"caption\":\"redaccion\"},\"url\":\"https:\\\/\\\/diariofemenino.com.ar\\\/df\\\/author\\\/redaccion\\\/\"}]}<\/script>\n<!-- \/ Yoast SEO plugin. -->","yoast_head_json":{"title":"Paula Inchaurraga sostiene una Direcci\u00f3n de G\u00e9nero clave para m\u00e1s de 90 mil personas en Santa Rosa - Diario Digital Femenino","description":"Paula Inchaurraga acompa\u00f1a, interviene y articula pol\u00edticas para mujeres, diversidades y ni\u00f1eces desde la Direcci\u00f3n de pol\u00edticas de G\u00e9nero.","robots":{"index":"index","follow":"follow","max-snippet":"max-snippet:-1","max-image-preview":"max-image-preview:large","max-video-preview":"max-video-preview:-1"},"canonical":"https:\/\/diariofemenino.com.ar\/df\/paula-inchaurraga-sostiene-una-direccion-de-genero-clave-para-mas-de-90-mil-personas-en-santa-rosa\/","og_locale":"es_ES","og_type":"article","og_title":"Paula Inchaurraga sostiene una Direcci\u00f3n de G\u00e9nero clave para m\u00e1s de 90 mil personas en Santa Rosa - Diario Digital Femenino","og_description":"Paula Inchaurraga acompa\u00f1a, interviene y articula pol\u00edticas para mujeres, diversidades y ni\u00f1eces desde la Direcci\u00f3n de pol\u00edticas de G\u00e9nero.","og_url":"https:\/\/diariofemenino.com.ar\/df\/paula-inchaurraga-sostiene-una-direccion-de-genero-clave-para-mas-de-90-mil-personas-en-santa-rosa\/","og_site_name":"Diario Digital Femenino","article_publisher":"https:\/\/www.facebook.com\/DiarioDigitaFemenino\/","article_published_time":"2025-11-25T16:02:27+00:00","article_modified_time":"2025-11-25T16:16:25+00:00","og_image":[{"width":550,"height":584,"url":"https:\/\/diariofemenino.com.ar\/df\/wp-content\/uploads\/2025\/11\/Informe-Paula1.jpg","type":"image\/jpeg"}],"author":"redaccion","twitter_card":"summary_large_image","twitter_creator":"@DiarioFemenino1","twitter_site":"@DiarioFemenino1","twitter_misc":{"Escrito por":"redaccion","Tiempo de lectura":"3 minutos"},"schema":{"@context":"https:\/\/schema.org","@graph":[{"@type":"Article","@id":"https:\/\/diariofemenino.com.ar\/df\/paula-inchaurraga-sostiene-una-direccion-de-genero-clave-para-mas-de-90-mil-personas-en-santa-rosa\/#article","isPartOf":{"@id":"https:\/\/diariofemenino.com.ar\/df\/paula-inchaurraga-sostiene-una-direccion-de-genero-clave-para-mas-de-90-mil-personas-en-santa-rosa\/"},"author":{"name":"redaccion","@id":"https:\/\/diariofemenino.com.ar\/df\/#\/schema\/person\/b6ba2e26f7891f232694804f228a7f27"},"headline":"Paula Inchaurraga sostiene una Direcci\u00f3n de G\u00e9nero clave para m\u00e1s de 90 mil personas en Santa Rosa","datePublished":"2025-11-25T16:02:27+00:00","dateModified":"2025-11-25T16:16:25+00:00","mainEntityOfPage":{"@id":"https:\/\/diariofemenino.com.ar\/df\/paula-inchaurraga-sostiene-una-direccion-de-genero-clave-para-mas-de-90-mil-personas-en-santa-rosa\/"},"wordCount":565,"commentCount":0,"publisher":{"@id":"https:\/\/diariofemenino.com.ar\/df\/#organization"},"image":{"@id":"https:\/\/diariofemenino.com.ar\/df\/paula-inchaurraga-sostiene-una-direccion-de-genero-clave-para-mas-de-90-mil-personas-en-santa-rosa\/#primaryimage"},"thumbnailUrl":"https:\/\/diariofemenino.com.ar\/df\/wp-content\/uploads\/2025\/11\/Informe-Paula1.jpg","keywords":["compromiso","Destacada","Gesti\u00f3n","Informe","municipalidad","Paula Inchaurraga","Pol\u00edticas de g\u00e9nero","Santa Rosa","Territorio","Trabajo"],"articleSection":["Actividades","Agenda Feminista","Art\u00edculos y Comunicados","Biblioteca Virtual","De la Revoluci\u00f3n al Reaprendizaje","G\u00e9nero y Derechos Humanos","Informes","Mujeres de La Pampa","Mujeres en Palabras","Noticias","Salud","Trata de Pers.","Violencias"],"inLanguage":"es","potentialAction":[{"@type":"CommentAction","name":"Comment","target":["https:\/\/diariofemenino.com.ar\/df\/paula-inchaurraga-sostiene-una-direccion-de-genero-clave-para-mas-de-90-mil-personas-en-santa-rosa\/#respond"]}]},{"@type":"WebPage","@id":"https:\/\/diariofemenino.com.ar\/df\/paula-inchaurraga-sostiene-una-direccion-de-genero-clave-para-mas-de-90-mil-personas-en-santa-rosa\/","url":"https:\/\/diariofemenino.com.ar\/df\/paula-inchaurraga-sostiene-una-direccion-de-genero-clave-para-mas-de-90-mil-personas-en-santa-rosa\/","name":"Paula Inchaurraga sostiene una Direcci\u00f3n de G\u00e9nero clave para m\u00e1s de 90 mil personas en Santa Rosa - Diario Digital Femenino","isPartOf":{"@id":"https:\/\/diariofemenino.com.ar\/df\/#website"},"primaryImageOfPage":{"@id":"https:\/\/diariofemenino.com.ar\/df\/paula-inchaurraga-sostiene-una-direccion-de-genero-clave-para-mas-de-90-mil-personas-en-santa-rosa\/#primaryimage"},"image":{"@id":"https:\/\/diariofemenino.com.ar\/df\/paula-inchaurraga-sostiene-una-direccion-de-genero-clave-para-mas-de-90-mil-personas-en-santa-rosa\/#primaryimage"},"thumbnailUrl":"https:\/\/diariofemenino.com.ar\/df\/wp-content\/uploads\/2025\/11\/Informe-Paula1.jpg","datePublished":"2025-11-25T16:02:27+00:00","dateModified":"2025-11-25T16:16:25+00:00","description":"Paula Inchaurraga acompa\u00f1a, interviene y articula pol\u00edticas para mujeres, diversidades y ni\u00f1eces desde la Direcci\u00f3n de pol\u00edticas de G\u00e9nero.","breadcrumb":{"@id":"https:\/\/diariofemenino.com.ar\/df\/paula-inchaurraga-sostiene-una-direccion-de-genero-clave-para-mas-de-90-mil-personas-en-santa-rosa\/#breadcrumb"},"inLanguage":"es","potentialAction":[{"@type":"ReadAction","target":["https:\/\/diariofemenino.com.ar\/df\/paula-inchaurraga-sostiene-una-direccion-de-genero-clave-para-mas-de-90-mil-personas-en-santa-rosa\/"]}]},{"@type":"ImageObject","inLanguage":"es","@id":"https:\/\/diariofemenino.com.ar\/df\/paula-inchaurraga-sostiene-una-direccion-de-genero-clave-para-mas-de-90-mil-personas-en-santa-rosa\/#primaryimage","url":"https:\/\/diariofemenino.com.ar\/df\/wp-content\/uploads\/2025\/11\/Informe-Paula1.jpg","contentUrl":"https:\/\/diariofemenino.com.ar\/df\/wp-content\/uploads\/2025\/11\/Informe-Paula1.jpg","width":550,"height":584,"caption":"Paula Inchaurraga sostiene una Direcci\u00f3n de G\u00e9nero clave para m\u00e1s de 90 mil personas en Santa Rosa"},{"@type":"BreadcrumbList","@id":"https:\/\/diariofemenino.com.ar\/df\/paula-inchaurraga-sostiene-una-direccion-de-genero-clave-para-mas-de-90-mil-personas-en-santa-rosa\/#breadcrumb","itemListElement":[{"@type":"ListItem","position":1,"name":"Portada","item":"https:\/\/diariofemenino.com.ar\/df\/"},{"@type":"ListItem","position":2,"name":"Paula Inchaurraga sostiene una Direcci\u00f3n de G\u00e9nero clave para m\u00e1s de 90 mil personas en Santa Rosa"}]},{"@type":"WebSite","@id":"https:\/\/diariofemenino.com.ar\/df\/#website","url":"https:\/\/diariofemenino.com.ar\/df\/","name":"Diario Digital Femenino","description":"Cuesti\u00f3n de G\u00e9nero","publisher":{"@id":"https:\/\/diariofemenino.com.ar\/df\/#organization"},"potentialAction":[{"@type":"SearchAction","target":{"@type":"EntryPoint","urlTemplate":"https:\/\/diariofemenino.com.ar\/df\/?s={search_term_string}"},"query-input":{"@type":"PropertyValueSpecification","valueRequired":true,"valueName":"search_term_string"}}],"inLanguage":"es"},{"@type":"Organization","@id":"https:\/\/diariofemenino.com.ar\/df\/#organization","name":"Diario Femenino","url":"https:\/\/diariofemenino.com.ar\/df\/","logo":{"@type":"ImageObject","inLanguage":"es","@id":"https:\/\/diariofemenino.com.ar\/df\/#\/schema\/logo\/image\/","url":"https:\/\/diariofemenino.com.ar\/df\/wp-content\/uploads\/2018\/10\/logo.png","contentUrl":"https:\/\/diariofemenino.com.ar\/df\/wp-content\/uploads\/2018\/10\/logo.png","width":500,"height":92,"caption":"Diario Femenino"},"image":{"@id":"https:\/\/diariofemenino.com.ar\/df\/#\/schema\/logo\/image\/"},"sameAs":["https:\/\/www.facebook.com\/DiarioDigitaFemenino\/","https:\/\/x.com\/DiarioFemenino1"]},{"@type":"Person","@id":"https:\/\/diariofemenino.com.ar\/df\/#\/schema\/person\/b6ba2e26f7891f232694804f228a7f27","name":"redaccion","image":{"@type":"ImageObject","inLanguage":"es","@id":"https:\/\/diariofemenino.com.ar\/df\/wp-content\/uploads\/2024\/09\/0eda9a67-a560-4264-8085-ae5314b35c5a-150x150.avif","url":"https:\/\/diariofemenino.com.ar\/df\/wp-content\/uploads\/2024\/09\/0eda9a67-a560-4264-8085-ae5314b35c5a-150x150.avif","contentUrl":"https:\/\/diariofemenino.com.ar\/df\/wp-content\/uploads\/2024\/09\/0eda9a67-a560-4264-8085-ae5314b35c5a-150x150.avif","caption":"redaccion"},"url":"https:\/\/diariofemenino.com.ar\/df\/author\/redaccion\/"}]}},"jetpack_featured_media_url":"https:\/\/diariofemenino.com.ar\/df\/wp-content\/uploads\/2025\/11\/Informe-Paula1.jpg","jetpack_sharing_enabled":true,"rttpg_featured_image_url":{"full":["https:\/\/diariofemenino.com.ar\/df\/wp-content\/uploads\/2025\/11\/Informe-Paula1.jpg",550,584,false],"landscape":["https:\/\/diariofemenino.com.ar\/df\/wp-content\/uploads\/2025\/11\/Informe-Paula1.jpg",550,584,false],"portraits":["https:\/\/diariofemenino.com.ar\/df\/wp-content\/uploads\/2025\/11\/Informe-Paula1.jpg",550,584,false],"thumbnail":["https:\/\/diariofemenino.com.ar\/df\/wp-content\/uploads\/2025\/11\/Informe-Paula1-150x150.jpg",150,150,true],"medium":["https:\/\/diariofemenino.com.ar\/df\/wp-content\/uploads\/2025\/11\/Informe-Paula1-283x300.jpg",283,300,true],"large":["https:\/\/diariofemenino.com.ar\/df\/wp-content\/uploads\/2025\/11\/Informe-Paula1.jpg",550,584,false],"1536x1536":["https:\/\/diariofemenino.com.ar\/df\/wp-content\/uploads\/2025\/11\/Informe-Paula1.jpg",550,584,false],"2048x2048":["https:\/\/diariofemenino.com.ar\/df\/wp-content\/uploads\/2025\/11\/Informe-Paula1.jpg",550,584,false]},"rttpg_author":{"display_name":"redaccion","author_link":"https:\/\/diariofemenino.com.ar\/df\/author\/redaccion\/"},"rttpg_comment":0,"rttpg_category":"<a href=\"https:\/\/diariofemenino.com.ar\/df\/category\/actividades\/\" rel=\"category tag\">Actividades<\/a> <a href=\"https:\/\/diariofemenino.com.ar\/df\/category\/agenda-feminista\/\" rel=\"category tag\">Agenda Feminista<\/a> <a href=\"https:\/\/diariofemenino.com.ar\/df\/category\/articulos-y-comunicados\/\" rel=\"category tag\">Art\u00edculos y Comunicados<\/a> <a href=\"https:\/\/diariofemenino.com.ar\/df\/category\/biblioteca\/\" rel=\"category tag\">Biblioteca Virtual<\/a> <a href=\"https:\/\/diariofemenino.com.ar\/df\/category\/de-la-revolucion-al-reaprendizaje\/\" rel=\"category tag\">De la Revoluci\u00f3n al Reaprendizaje<\/a> <a href=\"https:\/\/diariofemenino.com.ar\/df\/category\/genero-y-derechos-humanos\/\" rel=\"category tag\">G\u00e9nero y Derechos Humanos<\/a> <a href=\"https:\/\/diariofemenino.com.ar\/df\/category\/informes\/\" rel=\"category tag\">Informes<\/a> <a href=\"https:\/\/diariofemenino.com.ar\/df\/category\/mujeres-de-la-pampa\/\" rel=\"category tag\">Mujeres de La Pampa<\/a> <a href=\"https:\/\/diariofemenino.com.ar\/df\/category\/articulos\/\" rel=\"category tag\">Mujeres en Palabras<\/a> <a href=\"https:\/\/diariofemenino.com.ar\/df\/category\/noticias\/\" rel=\"category tag\">Noticias<\/a> <a href=\"https:\/\/diariofemenino.com.ar\/df\/category\/salud\/\" rel=\"category tag\">Salud<\/a> <a href=\"https:\/\/diariofemenino.com.ar\/df\/category\/trata-de-personas\/\" rel=\"category tag\">Trata de Pers.<\/a> <a href=\"https:\/\/diariofemenino.com.ar\/df\/category\/violencias\/\" rel=\"category tag\">Violencias<\/a>","rttpg_excerpt":"En un pa\u00eds que desmantel\u00f3 su institucionalidad de g\u00e9nero, la ciudad mantiene un \u00e1rea, a cargo de Paula Inchaurraga, que acompa\u00f1a, interviene y articula pol\u00edticas para mujeres, diversidades y ni\u00f1eces. Un trabajo que crece en silencio y resiste en el territorio. La Direcci\u00f3n de Pol\u00edticas de G\u00e9nero y Diversidad de Santa Rosa acaba de presentar&hellip;","_links":{"self":[{"href":"https:\/\/diariofemenino.com.ar\/df\/wp-json\/wp\/v2\/posts\/75459","targetHints":{"allow":["GET"]}}],"collection":[{"href":"https:\/\/diariofemenino.com.ar\/df\/wp-json\/wp\/v2\/posts"}],"about":[{"href":"https:\/\/diariofemenino.com.ar\/df\/wp-json\/wp\/v2\/types\/post"}],"author":[{"embeddable":true,"href":"https:\/\/diariofemenino.com.ar\/df\/wp-json\/wp\/v2\/users\/6"}],"replies":[{"embeddable":true,"href":"https:\/\/diariofemenino.com.ar\/df\/wp-json\/wp\/v2\/comments?post=75459"}],"version-history":[{"count":1,"href":"https:\/\/diariofemenino.com.ar\/df\/wp-json\/wp\/v2\/posts\/75459\/revisions"}],"predecessor-version":[{"id":75463,"href":"https:\/\/diariofemenino.com.ar\/df\/wp-json\/wp\/v2\/posts\/75459\/revisions\/75463"}],"wp:featuredmedia":[{"embeddable":true,"href":"https:\/\/diariofemenino.com.ar\/df\/wp-json\/wp\/v2\/media\/75461"}],"wp:attachment":[{"href":"https:\/\/diariofemenino.com.ar\/df\/wp-json\/wp\/v2\/media?parent=75459"}],"wp:term":[{"taxonomy":"category","embeddable":true,"href":"https:\/\/diariofemenino.com.ar\/df\/wp-json\/wp\/v2\/categories?post=75459"},{"taxonomy":"post_tag","embeddable":true,"href":"https:\/\/diariofemenino.com.ar\/df\/wp-json\/wp\/v2\/tags?post=75459"}],"curies":[{"name":"wp","href":"https:\/\/api.w.org\/{rel}","templated":true}]}}