{"id":75452,"date":"2025-11-19T13:11:56","date_gmt":"2025-11-19T16:11:56","guid":{"rendered":"https:\/\/diariofemenino.com.ar\/df\/?p=75452"},"modified":"2025-11-19T13:11:56","modified_gmt":"2025-11-19T16:11:56","slug":"prohiben-al-deudor-alimentario-a-participar-en-competencias-automovilisticas","status":"publish","type":"post","link":"https:\/\/diariofemenino.com.ar\/df\/prohiben-al-deudor-alimentario-a-participar-en-competencias-automovilisticas\/","title":{"rendered":"Proh\u00edben al deudor alimentario a participar en competencias automovil\u00edsticas"},"content":{"rendered":"<p><strong>Prohibici\u00f3n de asistir como espectador o participar en cualquier evento, competencia o actividad automovil\u00edstica por ser deudor alimentario. <\/strong>\u201cP. C. D. C\/ S. S. S\/ ALIMENTOS\u201d Juzgado de 1RA. Instancia de Familia San Lorenzo, provincia de Santa Fe. Abogadas intervinientes <strong>Florencia Formini<\/strong> y <strong>Luisina Flores Piazza<\/strong><\/p>\n<p>Por <strong><a href=\"https:\/\/diariofemenino.com.ar\/df\/?s=Erica+P%C3%A9rez\">Erica P\u00e9rez<\/a>*<br \/>\n<\/strong>Solicitar fallo completo al correo: <strong><a href=\"mailto:lennycaceres69@gmail.com\">lennycaceres69@gmail.com<\/a><\/strong><\/p>\n<ol>\n<li><strong> Resumen de los hechos<\/strong><\/li>\n<\/ol>\n<p>Comparece la Sra. C. D. P., con patrocinio letrado, denunciando el incumplimiento de la obligaci\u00f3n alimentaria por parte del Sr. S. J. S., respecto de su hija F. L. S. Se\u00f1ala que la cuota alimentaria fue fijada en el <strong>100% de la canasta de crianza establecida por el INDEC<\/strong> para la categor\u00eda de ni\u00f1os de seis a doce a\u00f1os. Manifiesta la peticionante que, pese a haber notificado al accionado sobre el incumplimiento, \u00e9ste no ha efectuado pago alguno ni brindado respuesta. Indica que se adeuda la cuota correspondiente al mes de septiembre de 2025, por la suma de $542.183, m\u00e1s la multa diaria prevista por cada d\u00eda de incumplimiento. Solicita la adopci\u00f3n de medidas tendientes a garantizar el cobro de la mesada alimentaria en favor de su hija.<\/p>\n<p>&nbsp;<\/p>\n<p><strong>II.- Solicita medidas conminatorias del art\u00edculo 553 art. CCYC<\/strong><\/p>\n<p>Asimismo, expone que el progenitor alimentante participa activamente en <strong>competencias automovil\u00edsticas<\/strong> y que incluso estar\u00eda por adquirir un veh\u00edculo para correr en dichas competencias, organizadas por la Federaci\u00f3n de Automovilismo de la Provincia de Santa Fe (FAPCDMS), la Federaci\u00f3n Regional de Automovilismo Deportivo N\u00b0 3 de Buenos Aires (FRAD 3) y la Federaci\u00f3n Regional de Automovilismo Deportivo de C\u00f3rdoba (FRAD).<\/p>\n<p>Por ello, solicita se oficie a dichas entidades y se disponga la prohibici\u00f3n de participaci\u00f3n del accionado en tales competencias hasta tanto cumpla con su obligaci\u00f3n alimentaria.<\/p>\n<blockquote><p><strong>Colabora con Diario Digital Femenino<\/strong><br \/>\n$3.000 por mes (sosten\u00e9s a largo plazo) <strong><a href=\"https:\/\/www.mercadopago.com.ar\/subscriptions\/checkout\/v2?preapproval_plan_id=2c93808496ae4a940196b01559a4004f\">AQU\u00cd<\/a><\/strong><br \/>\nUna vez al a\u00f1o, vos decid\u00eds el monto (un gesto, una ayuda concreta) <strong><a href=\"https:\/\/www.mercadopago.com.ar\/subscriptions\/checkout?preapproval_plan_id=2c938084981e9ee501982d4490280459\">AQU\u00cd<\/a><\/strong><br \/>\nPor \u00fanica vez, el monto que decidas. <strong>Alias: Lenny.Caceres<\/strong><\/p><\/blockquote>\n<p>Por dictamen de la Defensora General, Dra. Silvina Raquel Bernardelli, se expresa sin objeciones a lo solicitado por la accionante, se\u00f1alando que: \u201cProbado el incumplimiento, se comprometer\u00eda directamente el bienestar de la persona menor de edad beneficiaria de la cuota alimentaria. No resulta indispensable la previa inscripci\u00f3n en el Registro de Deudores Alimentarios Morosos para que V.S. disponga las restantes medidas solicitadas, en tanto no son excluyentes y pueden adoptarse con fundamento en la necesidad y urgencia de proteger derechos esenciales. Por lo cual, estima corresponde hacer lugar a lo solicitado.\u201d<\/p>\n<p><strong>III. La actitud procesal del demandado<\/strong><\/p>\n<p>Tal como se expuso, se fij\u00f3 cuota alimentaria a cargo del accionado en beneficio de su hija, habiendo sido notificado, sin que realizara actividad procesal alguna ni cumpliera con la obligaci\u00f3n impuesta. Ante el reclamo por incumplimiento, el demandado tampoco brind\u00f3 respuesta.<\/p>\n<p>La accionante se\u00f1ala la situaci\u00f3n de vulnerabilidad ante la falta de alimentos, indicando adem\u00e1s que se encuentra desempleada, mientras que el accionado posee un taller mec\u00e1nico y participa en competencias automovil\u00edsticas.<\/p>\n<p>Cabe destacar que la tutela judicial efectiva adquiere especial relevancia cuando se trata de un derecho humano fundamental, como lo es el derecho a los alimentos, \u00edntimamente vinculado a la vida, la salud y el desarrollo integral del ni\u00f1o. Este derecho tiene raigambre constitucional y encuentra sustento en los tratados internacionales incorporados por el art\u00edculo 75 inciso 22 de la Constituci\u00f3n Nacional, que establecen como criterio rector el inter\u00e9s superior del ni\u00f1o, conforme la Convenci\u00f3n sobre los Derechos del Ni\u00f1o.<\/p>\n<p>La Convenci\u00f3n Americana sobre Derechos Humanos, en su art\u00edculo 8\u00b0, impone al Estado la obligaci\u00f3n de garantizar la tutela judicial efectiva, lo que incluye la celeridad en la adopci\u00f3n de medidas. En el caso, la cuota alimentaria fue fijada, la progenitora denuncia incumplimiento y que la ni\u00f1a no ha podido percibir los alimentos necesarios para su desarrollo integral, salud y dignidad, frente a la actitud contumaz del progenitor que evidencia un grave desprecio por los derechos de su hija.<\/p>\n<p>La Corte Suprema de Justicia de la Naci\u00f3n ha sostenido que, cuando se trata de resguardar el inter\u00e9s superior del ni\u00f1o, corresponde a los jueces buscar soluciones acordes con la urgencia y naturaleza de las pretensiones, encauzar los tr\u00e1mites por v\u00edas expeditivas y evitar que el rigor de las formas frustre derechos con especial tutela constitucional.[1]<\/p>\n<p>Asimismo, los tratados sobre derechos humanos, entre ellos la Convenci\u00f3n sobre los Derechos del Ni\u00f1o, son operativos en el derecho interno y exigen que los Estados adopten todas las medidas necesarias para garantizar su efectividad (art. 4 CDN). Ello incluye las decisiones jurisdiccionales que aseguren el cumplimiento de las obligaciones alimentarias, en virtud de la responsabilidad internacional asumida por el Estado argentino.<\/p>\n<p>El art\u00edculo 3 de la Convenci\u00f3n establece que, en todas las medidas concernientes a los ni\u00f1os, las autoridades deber\u00e1n atender primordialmente al inter\u00e9s superior del ni\u00f1o, pauta obligatoria que tambi\u00e9n recoge la Ley 26.061, defini\u00e9ndolo como la m\u00e1xima satisfacci\u00f3n integral y simult\u00e1nea de derechos y garant\u00edas. Por ello, deben implementarse todos los mecanismos necesarios para lograr el cumplimiento efectivo de la obligaci\u00f3n alimentaria.<\/p>\n<p>En cuanto a la eventual colisi\u00f3n con otros derechos constitucionales, como el de entrar y salir del pa\u00eds (art. 14 CN), corresponde aplicar el principio de prevalencia de los derechos de ni\u00f1os, ni\u00f1as y adolescentes frente a otros derechos e intereses igualmente leg\u00edtimos, conforme lo dispuesto por el art. 3 de la Ley 26.061 y el art. 5 de la CDN.<\/p>\n<p>Por lo expuesto, las normas citadas y teniendo en consideraci\u00f3n el inter\u00e9s superior del ni\u00f1o, corresponde aplicar lo dispuesto por los art\u00edculos 553, 653 y concordantes del C\u00f3digo Civil y Comercial.<\/p>\n<figure id=\"attachment_75454\" aria-describedby=\"caption-attachment-75454\" style=\"width: 540px\" class=\"wp-caption aligncenter\"><img loading=\"lazy\" decoding=\"async\" class=\" wp-image-75454\" src=\"https:\/\/diariofemenino.com.ar\/df\/wp-content\/uploads\/2025\/11\/deudores-alimentariosjpg-300x169.webp\" alt=\"Proh\u00edben al deudor alimentario a participar en competencias automovil\u00edsticas\" width=\"540\" height=\"304\" srcset=\"https:\/\/diariofemenino.com.ar\/df\/wp-content\/uploads\/2025\/11\/deudores-alimentariosjpg-300x169.webp 300w, https:\/\/diariofemenino.com.ar\/df\/wp-content\/uploads\/2025\/11\/deudores-alimentariosjpg-768x432.webp 768w, https:\/\/diariofemenino.com.ar\/df\/wp-content\/uploads\/2025\/11\/deudores-alimentariosjpg.webp 970w\" sizes=\"auto, (max-width: 540px) 100vw, 540px\" \/><figcaption id=\"caption-attachment-75454\" class=\"wp-caption-text\">Proh\u00edben al deudor alimentario a participar en competencias automovil\u00edsticas<\/figcaption><\/figure>\n<ol>\n<li><strong> Se Resuelve<\/strong><\/li>\n<\/ol>\n<p><strong>Ordenar la prohibici\u00f3n de salida del pa\u00eds del Sr. S. J. S.<\/strong>, medida que tendr\u00e1 vigencia desde el dictado de la presente y hasta tanto cumpla con el pago \u00edntegro de la cuota alimentaria fijada y las sumas adeudadas, as\u00ed como constituya fianza suficiente y garant\u00eda real para asegurar el cumplimiento futuro, conforme criterio de este Tribunal.<\/p>\n<p>Of\u00edciese a la Direcci\u00f3n Nacional de Migraciones, Polic\u00eda de Seguridad Aeroportuaria, Gendarmer\u00eda Nacional, Polic\u00eda Federal Argentina y dem\u00e1s organismos competentes, a efectos de adoptar las medidas necesarias para el cumplimiento de lo dispuesto, hasta tanto se ordene lo contrario.<\/p>\n<p><strong>Of\u00edciese a la Federaci\u00f3n de Automovilismo <\/strong>de la Provincia de Santa Fe (FAPCDMS), Federaci\u00f3n Regional de Automovilismo Deportivo N\u00b0 3 de Buenos Aires (FRAD 3) y Federaci\u00f3n Regional de Automovilismo Deportivo de C\u00f3rdoba (FRAD),<strong> haci\u00e9ndoles saber que el Sr. S. J. S., queda inhabilitado para asistir como espectador o participar en cualquier evento, competencia o actividad automovil\u00edstica <\/strong>que organicen en todo el territorio nacional, hasta nueva disposici\u00f3n judicial. Bajo apercibimiento, en caso de incumplimiento, de imponer multa equivalente a VEINTE (20) unidades jus por cada infracci\u00f3n y, en su caso, solicitar la desafiliaci\u00f3n correspondiente.<\/p>\n<p>Of\u00edciese al Registro General para que inscriba<strong> inhibici\u00f3n general de bienes<\/strong> a nombre del accionado.<\/p>\n<p>L\u00edbrese oficio a la AFIP y\/o al organismo competente para disponer el bloqueo de cuentas que existieren a nombre del demandado, hasta el cumplimiento de la obligaci\u00f3n alimentaria. L\u00edbrese oficio al Registro Nacional del Automotor para que informe si existen veh\u00edculos registrados a nombre del accionado. L\u00edbrese oficio al organismo competente para que disponga la<strong> suspensi\u00f3n del carnet de conducir del alimentante <\/strong>y, en su caso, impida su renovaci\u00f3n hasta nueva orden judicial. L\u00edbrese oficio al Banco Central de la Rep\u00fablica Argentina para que informe si existen cuentas bancarias a nombre del accionado, detallando datos pertinentes. L\u00edbrese oficio a las <strong>empresas de telefon\u00eda para que procedan a la suspensi\u00f3n inmediata de la l\u00ednea<\/strong> que posea el alimentante y se abstengan de renovarla o otorgarle otra, informando al Tribunal en el plazo de dos (2) d\u00edas. Bajo apercibimiento de multa equivalente a CINCO (5) unidades jus por cada d\u00eda de retraso hasta el efectivo cumplimiento.<\/p>\n<p>Of\u00edciese al <strong>Registro de Deudores Alimentarios Morosos para que inscriba al Sr. S. J. S. <\/strong>en dicho registro. <strong>Atribuir provisoriamente el inmueble<\/strong> sito en calle C de San Lorenzo a la Sra. C. D. P., qui\u00e9n residir\u00e1 all\u00ed junto a su hija.<\/p>\n<p><strong>V.- A modo de conclusi\u00f3n <\/strong><\/p>\n<p>La implementaci\u00f3n de medidas conminatorias en el derecho de familia ha ido evolucionando con el tiempo, adapt\u00e1ndose a las necesidades y particularidades de cada caso. Estas medidas buscan garantizar el cumplimiento efectivo de las obligaciones alimentarias y proteger los derechos de los alimentados.<\/p>\n<p>La eficacia de tales medidas radica en su capacidad para producir un cambio de conducta en el deudor, hacia el debido cumplimiento de la manda judicial, asegurando as\u00ed una tutela judicial efectiva. Es fundamental que estas medidas sean proporcionales para garantizar el cumplimiento sin resultar excesivamente gravosas para el deudor.<\/p>\n<p>Por ejemplo, en casos donde el deudor realiza viajes frecuentes al exterior, una medida conminatoria adecuada podr\u00eda ser la no renovaci\u00f3n de su pasaporte y la restricci\u00f3n de su salida del pa\u00eds. Esta medida, adaptada a las caracter\u00edsticas espec\u00edficas del deudor, incrementa su eficacia y asegura el cumplimiento de las obligaciones alimentarias.<\/p>\n<p>La jurisprudencia ha respaldado el uso de medidas contra el incumplimiento alimentario, reconociendo su importancia en la protecci\u00f3n de los derechos de los alimentados y en la promoci\u00f3n de la equidad de g\u00e9nero. En el marco jur\u00eddico argentino, el art\u00edculo 553 del C\u00f3digo Civil y Comercial de la Naci\u00f3n (CCCN) proporciona una base normativa para la adopci\u00f3n de medidas conminatorias. Este art\u00edculo permite aplicar diversas medidas, tales como el embargo de bienes, la retenci\u00f3n de ingresos, la prohibici\u00f3n de salida del pa\u00eds y la suspensi\u00f3n de licencias, entre otras.<\/p>\n<p>Las medidas conminatorias buscan garantizar la eficacia de las sentencias judiciales. Ya que, una resoluci\u00f3n carece de valor pr\u00e1ctico si no puede ejecutarse; por lo tanto, estas medidas son esenciales para asegurar la tutela judicial efectiva.<\/p>\n<p>La violencia econ\u00f3mica se manifiesta cuando el progenitor\/a conviviente debe asumir unilateralmente los costos asociados al cuidado de los hijos\/as, as\u00ed como los gastos en bienes y servicios necesarios para su bienestar, lo cual resulta en un detrimento significativo de su patrimonio personal. Esta situaci\u00f3n no solo impacta negativamente la estabilidad econ\u00f3mica, sino que tambi\u00e9n perpet\u00faa una forma de desigualdad que afecta su capacidad para proporcionar un nivel de vida adecuado a los hijos e hijas.<\/p>\n<p>La jurisprudencia ha reafirmado constantemente la importancia del derecho a vivir con dignidad, destacando que este incluye no solo la satisfacci\u00f3n de necesidades b\u00e1sicas, sino tambi\u00e9n el acceso a servicios de salud, educaci\u00f3n, y oportunidades de desarrollo personal y social.<\/p>\n<p>Las medidas deben ser proporcionales a la deuda y necesarias para asegurar el cumplimiento. No deben ser excesivamente gravosas para el deudor, pero s\u00ed efectivas para garantizar el pago.<\/p>\n<p>Por ello, es importante el uso de medidas conminatorias en casos de incumplimiento reiterado, para proteger los derechos del alimentado y asegurar el cumplimiento de las sentencias judiciales.<\/p>\n<p>Las medidas conminatorias tambi\u00e9n juegan un papel crucial desde la perspectiva de g\u00e9nero. En muchos casos, las progenitoras son las principales o \u00fanicas responsables del cuidado de los hijos\/as, y el incumplimiento de las obligaciones alimentarias por parte del alimentante puede agravar su situaci\u00f3n de vulnerabilidad econ\u00f3mica. La implementaci\u00f3n efectiva de las medidas conminatorias ayuda a garantizar que los derechos de las mujeres y los ni\u00f1os sean protegidos, promoviendo as\u00ed la equidad de g\u00e9nero y asegurando un nivel de vida digno para los beneficiarios.<\/p>\n<p>Es entonces que el Art\u00edculo 553 del C\u00f3digo Civil y Comercial de la Naci\u00f3n (CCCN) proporciona un marco jur\u00eddico robusto para asegurar el cumplimiento de las obligaciones alimentarias.<\/p>\n<p>Este art\u00edculo permite la adopci\u00f3n de diferentes medidas para asegurar el cumplimiento, tales como el embargo de bienes, la retenci\u00f3n de ingresos, la prohibici\u00f3n de salida del pa\u00eds, la suspensi\u00f3n de licencias, entre otras. La efectividad de estas medidas es fundamental para garantizar la protecci\u00f3n de los derechos de los alimentados y la consecuci\u00f3n de una tutela judicial efectiva.<\/p>\n<p>Resultando as\u00ed, necesario para una aplicaci\u00f3n eficaz de estas medidas, indagar sobre las actividades del deudor, incluyendo sus hobbies y deportes, lo cual puede proporcionar informaci\u00f3n crucial para lograr la efectividad de las medidas.[2]<\/p>\n<p>En consulta con las <strong>abogadas patrocinantes las Dras. Florencia Formini y Luisina Flores Piazza<\/strong>, las mismas refieren que es crucial interpretar esta resoluci\u00f3n como un fuerte llamado de atenci\u00f3n. Este fallo demuestra que el incumplimiento de la cuota alimentaria, que afecta un derecho humano fundamental, conlleva consecuencias directas, innovadoras y severas en la esfera cotidiana y patrimonial del deudor. Ya no se trata de incumplir sin que nada pase; por el contrario, la Justicia tiene la potestad de aplicar medidas coercitivas, como por ejemplo la restricci\u00f3n de su participaci\u00f3n en carreras automovil\u00edsticas, para lograr el cumplimiento. Est\u00e1 resoluci\u00f3n ratifica que quien posee una responsabilidad inexcusable como la parental, tiene la obligaci\u00f3n de cumplirla.<\/p>\n<p><strong>Referencias<\/strong><\/p>\n<p>[1] (CSJN, M.3805.XXXVIII, 23\/11\/2004).<\/p>\n<p>[2] P\u00c9REZ, Erica, \u201cCuantificaci\u00f3n de la cuota alimentaria\u201d, Ediciones Jur\u00eddicas 2025.<\/p>\n<blockquote><p><strong>Seguinos en Instagram. Diario Digital Femenino: <a href=\"https:\/\/www.instagram.com\/diariodigitalfemenino_\/\">@diariodigitalfemenino_<\/a><\/strong><br \/>\n<strong>Lenny C\u00e1ceres: <a href=\"https:\/\/www.instagram.com\/lennycaceres69\/\">@lennycaceres69n<\/a><\/strong><br \/>\n<strong>Facebook: <a href=\"https:\/\/www.facebook.com\/DiarioDigitalFemenino\/\">Diario Digital Femenino<\/a><\/strong><br \/>\n<strong>TikTok; <a href=\"https:\/\/www.tiktok.com\/@diariodigitalfemenino\">diariodigitalfemenino<\/a><\/strong><\/p><\/blockquote>\n<p><strong>\u00a0<\/strong><\/p>\n","protected":false},"excerpt":{"rendered":"<p>Prohibici\u00f3n de asistir como espectador o participar en cualquier evento, competencia o actividad automovil\u00edstica por ser deudor alimentario. \u201cP. C. D. C\/ S. S. S\/ ALIMENTOS\u201d Juzgado de 1RA. Instancia de Familia San Lorenzo, provincia de Santa Fe. Abogadas intervinientes Florencia Formini y Luisina Flores Piazza Por Erica P\u00e9rez* Solicitar fallo completo al correo: lennycaceres69@gmail.com [&hellip;]<\/p>\n","protected":false},"author":6,"featured_media":75453,"comment_status":"open","ping_status":"open","sticky":false,"template":"","format":"standard","meta":{"iawp_total_views":125,"footnotes":""},"categories":[1067,178,581,32,21,23,592],"tags":[397,5144,4372,4295,4649,1885,39,5297],"class_list":["post-75452","post","type-post","status-publish","format-standard","has-post-thumbnail","hentry","category-agenda-feminista","category-articulos-y-comunicados","category-azul-profundo","category-mujeres","category-noticias","category-salud","category-violencias","tag-derechos","tag-comentario-juridico","tag-destacada","tag-deudor-alimentario","tag-erica-perez","tag-fallo","tag-justicia","tag-prohibicion"],"nelio_content":{"autoShareEndMode":"never","automationSources":{"useCustomSentences":false,"customSentences":[]},"efiAlt":"","efiUrl":"","followers":[6],"highlights":[],"isAutoShareEnabled":true,"networkImageIds":[],"permalinkQueryArgs":[],"series":[],"suggestedReferences":[]},"yoast_head":"<!-- This site is optimized with the Yoast SEO plugin v27.5 - https:\/\/yoast.com\/product\/yoast-seo-wordpress\/ -->\n<title>Proh\u00edben al deudor alimentario a participar en competencias automovil\u00edsticas - Diario Digital Femenino<\/title>\n<meta name=\"description\" content=\"Proh\u00edben al deudor alimentario asistir como espectador o participar en cualquier evento, competencia o actividad automovil\u00edstica.\" \/>\n<meta name=\"robots\" content=\"index, follow, max-snippet:-1, max-image-preview:large, max-video-preview:-1\" \/>\n<link rel=\"canonical\" href=\"https:\/\/diariofemenino.com.ar\/df\/prohiben-al-deudor-alimentario-a-participar-en-competencias-automovilisticas\/\" \/>\n<meta property=\"og:locale\" content=\"es_ES\" \/>\n<meta property=\"og:type\" content=\"article\" \/>\n<meta property=\"og:title\" content=\"Proh\u00edben al deudor alimentario a participar en competencias automovil\u00edsticas - Diario Digital Femenino\" \/>\n<meta property=\"og:description\" content=\"Proh\u00edben al deudor alimentario asistir como espectador o participar en cualquier evento, competencia o actividad automovil\u00edstica.\" \/>\n<meta property=\"og:url\" content=\"https:\/\/diariofemenino.com.ar\/df\/prohiben-al-deudor-alimentario-a-participar-en-competencias-automovilisticas\/\" \/>\n<meta property=\"og:site_name\" content=\"Diario Digital Femenino\" \/>\n<meta property=\"article:publisher\" content=\"https:\/\/www.facebook.com\/DiarioDigitaFemenino\/\" \/>\n<meta property=\"article:published_time\" content=\"2025-11-19T16:11:56+00:00\" \/>\n<meta property=\"og:image\" content=\"https:\/\/diariofemenino.com.ar\/df\/wp-content\/uploads\/2025\/11\/descarga-4-1.webp\" \/>\n\t<meta property=\"og:image:width\" content=\"992\" \/>\n\t<meta property=\"og:image:height\" content=\"558\" \/>\n\t<meta property=\"og:image:type\" content=\"image\/webp\" \/>\n<meta name=\"author\" content=\"redaccion\" \/>\n<meta name=\"twitter:card\" content=\"summary_large_image\" \/>\n<meta name=\"twitter:creator\" content=\"@DiarioFemenino1\" \/>\n<meta name=\"twitter:site\" content=\"@DiarioFemenino1\" \/>\n<meta name=\"twitter:label1\" content=\"Escrito por\" \/>\n\t<meta name=\"twitter:data1\" content=\"redaccion\" \/>\n\t<meta name=\"twitter:label2\" content=\"Tiempo de lectura\" \/>\n\t<meta name=\"twitter:data2\" content=\"10 minutos\" \/>\n<script type=\"application\/ld+json\" class=\"yoast-schema-graph\">{\"@context\":\"https:\\\/\\\/schema.org\",\"@graph\":[{\"@type\":\"Article\",\"@id\":\"https:\\\/\\\/diariofemenino.com.ar\\\/df\\\/prohiben-al-deudor-alimentario-a-participar-en-competencias-automovilisticas\\\/#article\",\"isPartOf\":{\"@id\":\"https:\\\/\\\/diariofemenino.com.ar\\\/df\\\/prohiben-al-deudor-alimentario-a-participar-en-competencias-automovilisticas\\\/\"},\"author\":{\"name\":\"redaccion\",\"@id\":\"https:\\\/\\\/diariofemenino.com.ar\\\/df\\\/#\\\/schema\\\/person\\\/b6ba2e26f7891f232694804f228a7f27\"},\"headline\":\"Proh\u00edben al deudor alimentario a participar en competencias automovil\u00edsticas\",\"datePublished\":\"2025-11-19T16:11:56+00:00\",\"mainEntityOfPage\":{\"@id\":\"https:\\\/\\\/diariofemenino.com.ar\\\/df\\\/prohiben-al-deudor-alimentario-a-participar-en-competencias-automovilisticas\\\/\"},\"wordCount\":2313,\"commentCount\":0,\"publisher\":{\"@id\":\"https:\\\/\\\/diariofemenino.com.ar\\\/df\\\/#organization\"},\"image\":{\"@id\":\"https:\\\/\\\/diariofemenino.com.ar\\\/df\\\/prohiben-al-deudor-alimentario-a-participar-en-competencias-automovilisticas\\\/#primaryimage\"},\"thumbnailUrl\":\"https:\\\/\\\/diariofemenino.com.ar\\\/df\\\/wp-content\\\/uploads\\\/2025\\\/11\\\/descarga-4-1.webp\",\"keywords\":[\"#derechos\",\"Comentario jur\u00eddico\",\"Destacada\",\"Deudor alimentario\",\"Erica P\u00e9rez\",\"Fallo\",\"Justicia\",\"Prohibici\u00f3n\"],\"articleSection\":[\"Agenda Feminista\",\"Art\u00edculos y Comunicados\",\"Azul Profundo\",\"Mujeres\",\"Noticias\",\"Salud\",\"Violencias\"],\"inLanguage\":\"es\",\"potentialAction\":[{\"@type\":\"CommentAction\",\"name\":\"Comment\",\"target\":[\"https:\\\/\\\/diariofemenino.com.ar\\\/df\\\/prohiben-al-deudor-alimentario-a-participar-en-competencias-automovilisticas\\\/#respond\"]}]},{\"@type\":\"WebPage\",\"@id\":\"https:\\\/\\\/diariofemenino.com.ar\\\/df\\\/prohiben-al-deudor-alimentario-a-participar-en-competencias-automovilisticas\\\/\",\"url\":\"https:\\\/\\\/diariofemenino.com.ar\\\/df\\\/prohiben-al-deudor-alimentario-a-participar-en-competencias-automovilisticas\\\/\",\"name\":\"Proh\u00edben al deudor alimentario a participar en competencias automovil\u00edsticas - Diario Digital Femenino\",\"isPartOf\":{\"@id\":\"https:\\\/\\\/diariofemenino.com.ar\\\/df\\\/#website\"},\"primaryImageOfPage\":{\"@id\":\"https:\\\/\\\/diariofemenino.com.ar\\\/df\\\/prohiben-al-deudor-alimentario-a-participar-en-competencias-automovilisticas\\\/#primaryimage\"},\"image\":{\"@id\":\"https:\\\/\\\/diariofemenino.com.ar\\\/df\\\/prohiben-al-deudor-alimentario-a-participar-en-competencias-automovilisticas\\\/#primaryimage\"},\"thumbnailUrl\":\"https:\\\/\\\/diariofemenino.com.ar\\\/df\\\/wp-content\\\/uploads\\\/2025\\\/11\\\/descarga-4-1.webp\",\"datePublished\":\"2025-11-19T16:11:56+00:00\",\"description\":\"Proh\u00edben al deudor alimentario asistir como espectador o participar en cualquier evento, competencia o actividad automovil\u00edstica.\",\"breadcrumb\":{\"@id\":\"https:\\\/\\\/diariofemenino.com.ar\\\/df\\\/prohiben-al-deudor-alimentario-a-participar-en-competencias-automovilisticas\\\/#breadcrumb\"},\"inLanguage\":\"es\",\"potentialAction\":[{\"@type\":\"ReadAction\",\"target\":[\"https:\\\/\\\/diariofemenino.com.ar\\\/df\\\/prohiben-al-deudor-alimentario-a-participar-en-competencias-automovilisticas\\\/\"]}]},{\"@type\":\"ImageObject\",\"inLanguage\":\"es\",\"@id\":\"https:\\\/\\\/diariofemenino.com.ar\\\/df\\\/prohiben-al-deudor-alimentario-a-participar-en-competencias-automovilisticas\\\/#primaryimage\",\"url\":\"https:\\\/\\\/diariofemenino.com.ar\\\/df\\\/wp-content\\\/uploads\\\/2025\\\/11\\\/descarga-4-1.webp\",\"contentUrl\":\"https:\\\/\\\/diariofemenino.com.ar\\\/df\\\/wp-content\\\/uploads\\\/2025\\\/11\\\/descarga-4-1.webp\",\"width\":992,\"height\":558,\"caption\":\"Proh\u00edben al deudor alimentario a participar en competencias automovil\u00edsticas\"},{\"@type\":\"BreadcrumbList\",\"@id\":\"https:\\\/\\\/diariofemenino.com.ar\\\/df\\\/prohiben-al-deudor-alimentario-a-participar-en-competencias-automovilisticas\\\/#breadcrumb\",\"itemListElement\":[{\"@type\":\"ListItem\",\"position\":1,\"name\":\"Portada\",\"item\":\"https:\\\/\\\/diariofemenino.com.ar\\\/df\\\/\"},{\"@type\":\"ListItem\",\"position\":2,\"name\":\"Proh\u00edben al deudor alimentario a participar en competencias automovil\u00edsticas\"}]},{\"@type\":\"WebSite\",\"@id\":\"https:\\\/\\\/diariofemenino.com.ar\\\/df\\\/#website\",\"url\":\"https:\\\/\\\/diariofemenino.com.ar\\\/df\\\/\",\"name\":\"Diario Digital Femenino\",\"description\":\"Cuesti\u00f3n de G\u00e9nero\",\"publisher\":{\"@id\":\"https:\\\/\\\/diariofemenino.com.ar\\\/df\\\/#organization\"},\"potentialAction\":[{\"@type\":\"SearchAction\",\"target\":{\"@type\":\"EntryPoint\",\"urlTemplate\":\"https:\\\/\\\/diariofemenino.com.ar\\\/df\\\/?s={search_term_string}\"},\"query-input\":{\"@type\":\"PropertyValueSpecification\",\"valueRequired\":true,\"valueName\":\"search_term_string\"}}],\"inLanguage\":\"es\"},{\"@type\":\"Organization\",\"@id\":\"https:\\\/\\\/diariofemenino.com.ar\\\/df\\\/#organization\",\"name\":\"Diario Femenino\",\"url\":\"https:\\\/\\\/diariofemenino.com.ar\\\/df\\\/\",\"logo\":{\"@type\":\"ImageObject\",\"inLanguage\":\"es\",\"@id\":\"https:\\\/\\\/diariofemenino.com.ar\\\/df\\\/#\\\/schema\\\/logo\\\/image\\\/\",\"url\":\"https:\\\/\\\/diariofemenino.com.ar\\\/df\\\/wp-content\\\/uploads\\\/2018\\\/10\\\/logo.png\",\"contentUrl\":\"https:\\\/\\\/diariofemenino.com.ar\\\/df\\\/wp-content\\\/uploads\\\/2018\\\/10\\\/logo.png\",\"width\":500,\"height\":92,\"caption\":\"Diario Femenino\"},\"image\":{\"@id\":\"https:\\\/\\\/diariofemenino.com.ar\\\/df\\\/#\\\/schema\\\/logo\\\/image\\\/\"},\"sameAs\":[\"https:\\\/\\\/www.facebook.com\\\/DiarioDigitaFemenino\\\/\",\"https:\\\/\\\/x.com\\\/DiarioFemenino1\"]},{\"@type\":\"Person\",\"@id\":\"https:\\\/\\\/diariofemenino.com.ar\\\/df\\\/#\\\/schema\\\/person\\\/b6ba2e26f7891f232694804f228a7f27\",\"name\":\"redaccion\",\"image\":{\"@type\":\"ImageObject\",\"inLanguage\":\"es\",\"@id\":\"https:\\\/\\\/diariofemenino.com.ar\\\/df\\\/wp-content\\\/uploads\\\/2024\\\/09\\\/0eda9a67-a560-4264-8085-ae5314b35c5a-150x150.avif\",\"url\":\"https:\\\/\\\/diariofemenino.com.ar\\\/df\\\/wp-content\\\/uploads\\\/2024\\\/09\\\/0eda9a67-a560-4264-8085-ae5314b35c5a-150x150.avif\",\"contentUrl\":\"https:\\\/\\\/diariofemenino.com.ar\\\/df\\\/wp-content\\\/uploads\\\/2024\\\/09\\\/0eda9a67-a560-4264-8085-ae5314b35c5a-150x150.avif\",\"caption\":\"redaccion\"},\"url\":\"https:\\\/\\\/diariofemenino.com.ar\\\/df\\\/author\\\/redaccion\\\/\"}]}<\/script>\n<!-- \/ Yoast SEO plugin. -->","yoast_head_json":{"title":"Proh\u00edben al deudor alimentario a participar en competencias automovil\u00edsticas - Diario Digital Femenino","description":"Proh\u00edben al deudor alimentario asistir como espectador o participar en cualquier evento, competencia o actividad automovil\u00edstica.","robots":{"index":"index","follow":"follow","max-snippet":"max-snippet:-1","max-image-preview":"max-image-preview:large","max-video-preview":"max-video-preview:-1"},"canonical":"https:\/\/diariofemenino.com.ar\/df\/prohiben-al-deudor-alimentario-a-participar-en-competencias-automovilisticas\/","og_locale":"es_ES","og_type":"article","og_title":"Proh\u00edben al deudor alimentario a participar en competencias automovil\u00edsticas - Diario Digital Femenino","og_description":"Proh\u00edben al deudor alimentario asistir como espectador o participar en cualquier evento, competencia o actividad automovil\u00edstica.","og_url":"https:\/\/diariofemenino.com.ar\/df\/prohiben-al-deudor-alimentario-a-participar-en-competencias-automovilisticas\/","og_site_name":"Diario Digital Femenino","article_publisher":"https:\/\/www.facebook.com\/DiarioDigitaFemenino\/","article_published_time":"2025-11-19T16:11:56+00:00","og_image":[{"width":992,"height":558,"url":"https:\/\/diariofemenino.com.ar\/df\/wp-content\/uploads\/2025\/11\/descarga-4-1.webp","type":"image\/webp"}],"author":"redaccion","twitter_card":"summary_large_image","twitter_creator":"@DiarioFemenino1","twitter_site":"@DiarioFemenino1","twitter_misc":{"Escrito por":"redaccion","Tiempo de lectura":"10 minutos"},"schema":{"@context":"https:\/\/schema.org","@graph":[{"@type":"Article","@id":"https:\/\/diariofemenino.com.ar\/df\/prohiben-al-deudor-alimentario-a-participar-en-competencias-automovilisticas\/#article","isPartOf":{"@id":"https:\/\/diariofemenino.com.ar\/df\/prohiben-al-deudor-alimentario-a-participar-en-competencias-automovilisticas\/"},"author":{"name":"redaccion","@id":"https:\/\/diariofemenino.com.ar\/df\/#\/schema\/person\/b6ba2e26f7891f232694804f228a7f27"},"headline":"Proh\u00edben al deudor alimentario a participar en competencias automovil\u00edsticas","datePublished":"2025-11-19T16:11:56+00:00","mainEntityOfPage":{"@id":"https:\/\/diariofemenino.com.ar\/df\/prohiben-al-deudor-alimentario-a-participar-en-competencias-automovilisticas\/"},"wordCount":2313,"commentCount":0,"publisher":{"@id":"https:\/\/diariofemenino.com.ar\/df\/#organization"},"image":{"@id":"https:\/\/diariofemenino.com.ar\/df\/prohiben-al-deudor-alimentario-a-participar-en-competencias-automovilisticas\/#primaryimage"},"thumbnailUrl":"https:\/\/diariofemenino.com.ar\/df\/wp-content\/uploads\/2025\/11\/descarga-4-1.webp","keywords":["#derechos","Comentario jur\u00eddico","Destacada","Deudor alimentario","Erica P\u00e9rez","Fallo","Justicia","Prohibici\u00f3n"],"articleSection":["Agenda Feminista","Art\u00edculos y Comunicados","Azul Profundo","Mujeres","Noticias","Salud","Violencias"],"inLanguage":"es","potentialAction":[{"@type":"CommentAction","name":"Comment","target":["https:\/\/diariofemenino.com.ar\/df\/prohiben-al-deudor-alimentario-a-participar-en-competencias-automovilisticas\/#respond"]}]},{"@type":"WebPage","@id":"https:\/\/diariofemenino.com.ar\/df\/prohiben-al-deudor-alimentario-a-participar-en-competencias-automovilisticas\/","url":"https:\/\/diariofemenino.com.ar\/df\/prohiben-al-deudor-alimentario-a-participar-en-competencias-automovilisticas\/","name":"Proh\u00edben al deudor alimentario a participar en competencias automovil\u00edsticas - Diario Digital Femenino","isPartOf":{"@id":"https:\/\/diariofemenino.com.ar\/df\/#website"},"primaryImageOfPage":{"@id":"https:\/\/diariofemenino.com.ar\/df\/prohiben-al-deudor-alimentario-a-participar-en-competencias-automovilisticas\/#primaryimage"},"image":{"@id":"https:\/\/diariofemenino.com.ar\/df\/prohiben-al-deudor-alimentario-a-participar-en-competencias-automovilisticas\/#primaryimage"},"thumbnailUrl":"https:\/\/diariofemenino.com.ar\/df\/wp-content\/uploads\/2025\/11\/descarga-4-1.webp","datePublished":"2025-11-19T16:11:56+00:00","description":"Proh\u00edben al deudor alimentario asistir como espectador o participar en cualquier evento, competencia o actividad automovil\u00edstica.","breadcrumb":{"@id":"https:\/\/diariofemenino.com.ar\/df\/prohiben-al-deudor-alimentario-a-participar-en-competencias-automovilisticas\/#breadcrumb"},"inLanguage":"es","potentialAction":[{"@type":"ReadAction","target":["https:\/\/diariofemenino.com.ar\/df\/prohiben-al-deudor-alimentario-a-participar-en-competencias-automovilisticas\/"]}]},{"@type":"ImageObject","inLanguage":"es","@id":"https:\/\/diariofemenino.com.ar\/df\/prohiben-al-deudor-alimentario-a-participar-en-competencias-automovilisticas\/#primaryimage","url":"https:\/\/diariofemenino.com.ar\/df\/wp-content\/uploads\/2025\/11\/descarga-4-1.webp","contentUrl":"https:\/\/diariofemenino.com.ar\/df\/wp-content\/uploads\/2025\/11\/descarga-4-1.webp","width":992,"height":558,"caption":"Proh\u00edben al deudor alimentario a participar en competencias automovil\u00edsticas"},{"@type":"BreadcrumbList","@id":"https:\/\/diariofemenino.com.ar\/df\/prohiben-al-deudor-alimentario-a-participar-en-competencias-automovilisticas\/#breadcrumb","itemListElement":[{"@type":"ListItem","position":1,"name":"Portada","item":"https:\/\/diariofemenino.com.ar\/df\/"},{"@type":"ListItem","position":2,"name":"Proh\u00edben al deudor alimentario a participar en competencias automovil\u00edsticas"}]},{"@type":"WebSite","@id":"https:\/\/diariofemenino.com.ar\/df\/#website","url":"https:\/\/diariofemenino.com.ar\/df\/","name":"Diario Digital Femenino","description":"Cuesti\u00f3n de G\u00e9nero","publisher":{"@id":"https:\/\/diariofemenino.com.ar\/df\/#organization"},"potentialAction":[{"@type":"SearchAction","target":{"@type":"EntryPoint","urlTemplate":"https:\/\/diariofemenino.com.ar\/df\/?s={search_term_string}"},"query-input":{"@type":"PropertyValueSpecification","valueRequired":true,"valueName":"search_term_string"}}],"inLanguage":"es"},{"@type":"Organization","@id":"https:\/\/diariofemenino.com.ar\/df\/#organization","name":"Diario Femenino","url":"https:\/\/diariofemenino.com.ar\/df\/","logo":{"@type":"ImageObject","inLanguage":"es","@id":"https:\/\/diariofemenino.com.ar\/df\/#\/schema\/logo\/image\/","url":"https:\/\/diariofemenino.com.ar\/df\/wp-content\/uploads\/2018\/10\/logo.png","contentUrl":"https:\/\/diariofemenino.com.ar\/df\/wp-content\/uploads\/2018\/10\/logo.png","width":500,"height":92,"caption":"Diario Femenino"},"image":{"@id":"https:\/\/diariofemenino.com.ar\/df\/#\/schema\/logo\/image\/"},"sameAs":["https:\/\/www.facebook.com\/DiarioDigitaFemenino\/","https:\/\/x.com\/DiarioFemenino1"]},{"@type":"Person","@id":"https:\/\/diariofemenino.com.ar\/df\/#\/schema\/person\/b6ba2e26f7891f232694804f228a7f27","name":"redaccion","image":{"@type":"ImageObject","inLanguage":"es","@id":"https:\/\/diariofemenino.com.ar\/df\/wp-content\/uploads\/2024\/09\/0eda9a67-a560-4264-8085-ae5314b35c5a-150x150.avif","url":"https:\/\/diariofemenino.com.ar\/df\/wp-content\/uploads\/2024\/09\/0eda9a67-a560-4264-8085-ae5314b35c5a-150x150.avif","contentUrl":"https:\/\/diariofemenino.com.ar\/df\/wp-content\/uploads\/2024\/09\/0eda9a67-a560-4264-8085-ae5314b35c5a-150x150.avif","caption":"redaccion"},"url":"https:\/\/diariofemenino.com.ar\/df\/author\/redaccion\/"}]}},"jetpack_featured_media_url":"https:\/\/diariofemenino.com.ar\/df\/wp-content\/uploads\/2025\/11\/descarga-4-1.webp","jetpack_sharing_enabled":true,"rttpg_featured_image_url":{"full":["https:\/\/diariofemenino.com.ar\/df\/wp-content\/uploads\/2025\/11\/descarga-4-1.webp",992,558,false],"landscape":["https:\/\/diariofemenino.com.ar\/df\/wp-content\/uploads\/2025\/11\/descarga-4-1.webp",992,558,false],"portraits":["https:\/\/diariofemenino.com.ar\/df\/wp-content\/uploads\/2025\/11\/descarga-4-1.webp",992,558,false],"thumbnail":["https:\/\/diariofemenino.com.ar\/df\/wp-content\/uploads\/2025\/11\/descarga-4-1-150x150.webp",150,150,true],"medium":["https:\/\/diariofemenino.com.ar\/df\/wp-content\/uploads\/2025\/11\/descarga-4-1-300x169.webp",300,169,true],"large":["https:\/\/diariofemenino.com.ar\/df\/wp-content\/uploads\/2025\/11\/descarga-4-1.webp",992,558,false],"1536x1536":["https:\/\/diariofemenino.com.ar\/df\/wp-content\/uploads\/2025\/11\/descarga-4-1.webp",992,558,false],"2048x2048":["https:\/\/diariofemenino.com.ar\/df\/wp-content\/uploads\/2025\/11\/descarga-4-1.webp",992,558,false]},"rttpg_author":{"display_name":"redaccion","author_link":"https:\/\/diariofemenino.com.ar\/df\/author\/redaccion\/"},"rttpg_comment":0,"rttpg_category":"<a href=\"https:\/\/diariofemenino.com.ar\/df\/category\/agenda-feminista\/\" rel=\"category tag\">Agenda Feminista<\/a> <a href=\"https:\/\/diariofemenino.com.ar\/df\/category\/articulos-y-comunicados\/\" rel=\"category tag\">Art\u00edculos y Comunicados<\/a> <a href=\"https:\/\/diariofemenino.com.ar\/df\/category\/azul-profundo\/\" rel=\"category tag\">Azul Profundo<\/a> <a href=\"https:\/\/diariofemenino.com.ar\/df\/category\/mujeres\/\" rel=\"category tag\">Mujeres<\/a> <a href=\"https:\/\/diariofemenino.com.ar\/df\/category\/noticias\/\" rel=\"category tag\">Noticias<\/a> <a href=\"https:\/\/diariofemenino.com.ar\/df\/category\/salud\/\" rel=\"category tag\">Salud<\/a> <a href=\"https:\/\/diariofemenino.com.ar\/df\/category\/violencias\/\" rel=\"category tag\">Violencias<\/a>","rttpg_excerpt":"Prohibici\u00f3n de asistir como espectador o participar en cualquier evento, competencia o actividad automovil\u00edstica por ser deudor alimentario. \u201cP. C. D. C\/ S. S. S\/ ALIMENTOS\u201d Juzgado de 1RA. Instancia de Familia San Lorenzo, provincia de Santa Fe. Abogadas intervinientes Florencia Formini y Luisina Flores Piazza Por Erica P\u00e9rez* Solicitar fallo completo al correo: lennycaceres69@gmail.com&hellip;","_links":{"self":[{"href":"https:\/\/diariofemenino.com.ar\/df\/wp-json\/wp\/v2\/posts\/75452","targetHints":{"allow":["GET"]}}],"collection":[{"href":"https:\/\/diariofemenino.com.ar\/df\/wp-json\/wp\/v2\/posts"}],"about":[{"href":"https:\/\/diariofemenino.com.ar\/df\/wp-json\/wp\/v2\/types\/post"}],"author":[{"embeddable":true,"href":"https:\/\/diariofemenino.com.ar\/df\/wp-json\/wp\/v2\/users\/6"}],"replies":[{"embeddable":true,"href":"https:\/\/diariofemenino.com.ar\/df\/wp-json\/wp\/v2\/comments?post=75452"}],"version-history":[{"count":1,"href":"https:\/\/diariofemenino.com.ar\/df\/wp-json\/wp\/v2\/posts\/75452\/revisions"}],"predecessor-version":[{"id":75456,"href":"https:\/\/diariofemenino.com.ar\/df\/wp-json\/wp\/v2\/posts\/75452\/revisions\/75456"}],"wp:featuredmedia":[{"embeddable":true,"href":"https:\/\/diariofemenino.com.ar\/df\/wp-json\/wp\/v2\/media\/75453"}],"wp:attachment":[{"href":"https:\/\/diariofemenino.com.ar\/df\/wp-json\/wp\/v2\/media?parent=75452"}],"wp:term":[{"taxonomy":"category","embeddable":true,"href":"https:\/\/diariofemenino.com.ar\/df\/wp-json\/wp\/v2\/categories?post=75452"},{"taxonomy":"post_tag","embeddable":true,"href":"https:\/\/diariofemenino.com.ar\/df\/wp-json\/wp\/v2\/tags?post=75452"}],"curies":[{"name":"wp","href":"https:\/\/api.w.org\/{rel}","templated":true}]}}