{"id":75336,"date":"2025-10-15T13:16:46","date_gmt":"2025-10-15T16:16:46","guid":{"rendered":"https:\/\/diariofemenino.com.ar\/df\/?p=75336"},"modified":"2025-10-15T13:17:39","modified_gmt":"2025-10-15T16:17:39","slug":"la-mariposa-azul-cuando-el-duelo-se-transforma-en-cuidado","status":"publish","type":"post","link":"https:\/\/diariofemenino.com.ar\/df\/la-mariposa-azul-cuando-el-duelo-se-transforma-en-cuidado\/","title":{"rendered":"La Mariposa Azul: cuando el duelo se transforma en cuidado"},"content":{"rendered":"<p data-start=\"624\" data-end=\"701\"><strong data-start=\"624\" data-end=\"701\">15 de octubre, D\u00eda Mundial de la Muerte Gestacional, Perinatal y Neonatal<\/strong><\/p>\n<p data-start=\"719\" data-end=\"1037\">Cada 15 de octubre el mundo recuerda a beb\u00e9s que partieron demasiado pronto. En La Pampa, <strong data-start=\"813\" data-end=\"830\">Sabrina Ortiz<\/strong> impulsa una iniciativa que da forma concreta a ese amor y memoria: <em data-start=\"898\" data-end=\"916\">La Mariposa Azul<\/em>, s\u00edmbolo internacional de respeto hacia las familias en duelo, que busca humanizar la atenci\u00f3n en los espacios de salud.<\/p>\n<hr data-start=\"1039\" data-end=\"1042\" \/>\n<p data-start=\"1071\" data-end=\"1433\">Cada 15 de octubre se conmemora el <strong data-start=\"1106\" data-end=\"1168\">D\u00eda Mundial de la Muerte Gestacional, Perinatal y Neonatal<\/strong>, una fecha para romper silencios y visibilizar un dolor muchas veces invisibilizado.<br data-start=\"1253\" data-end=\"1256\" \/>El s\u00edmbolo que une a quienes atraviesan este duelo en todo el mundo es la <strong data-start=\"1330\" data-end=\"1347\">mariposa azul<\/strong>: una se\u00f1al de amor, memoria y respeto hacia los beb\u00e9s que partieron demasiado pronto.<\/p>\n<figure id=\"attachment_75337\" aria-describedby=\"caption-attachment-75337\" style=\"width: 401px\" class=\"wp-caption aligncenter\"><img loading=\"lazy\" decoding=\"async\" class=\"wp-image-75337 \" src=\"https:\/\/diariofemenino.com.ar\/df\/wp-content\/uploads\/2025\/10\/Mariposa-Azul-1-300x211.webp\" alt=\"La Mariposa Azul: cuando el duelo se transforma en cuidado\" width=\"401\" height=\"282\" srcset=\"https:\/\/diariofemenino.com.ar\/df\/wp-content\/uploads\/2025\/10\/Mariposa-Azul-1-300x211.webp 300w, https:\/\/diariofemenino.com.ar\/df\/wp-content\/uploads\/2025\/10\/Mariposa-Azul-1-768x541.webp 768w, https:\/\/diariofemenino.com.ar\/df\/wp-content\/uploads\/2025\/10\/Mariposa-Azul-1.webp 849w\" sizes=\"auto, (max-width: 401px) 100vw, 401px\" \/><figcaption id=\"caption-attachment-75337\" class=\"wp-caption-text\">La Mariposa Azul: cuando el duelo se transforma en cuidado<\/figcaption><\/figure>\n<p data-start=\"1435\" data-end=\"1875\">Este gesto, sencillo y profundamente humano, lleg\u00f3 a La Pampa de la mano de <strong data-start=\"1511\" data-end=\"1528\">Sabrina Ortiz<\/strong>, quien perdi\u00f3 a su hija <strong data-start=\"1553\" data-end=\"1561\">Leia<\/strong> en abril de 2024, en la semana 39 de gestaci\u00f3n.<br data-start=\"1609\" data-end=\"1612\" \/>De esa experiencia naci\u00f3 el proyecto <em data-start=\"1649\" data-end=\"1667\">La Mariposa Azul<\/em>, una propuesta que busca que cada instituci\u00f3n de salud coloque una mariposa azul en la puerta de las habitaciones donde una familia vive una p\u00e9rdida durante el embarazo, el parto o los primeros d\u00edas de vida.<\/p>\n<blockquote data-start=\"1877\" data-end=\"2091\">\n<p data-start=\"1879\" data-end=\"2091\">\u201cEs un gesto simple, pero cambia todo. Cuando los equipos de profesionales ven la mariposa, saben que detr\u00e1s de esa puerta hay una historia de amor y despedida, y entran con otro respeto, con otra empat\u00eda\u201d, explica Sabrina.<\/p>\n<\/blockquote>\n<p data-start=\"2093\" data-end=\"2418\">La iniciativa, acompa\u00f1ada por el colectivo <strong data-start=\"2136\" data-end=\"2160\">Mujeres Trabajadoras<\/strong>, fue presentada ante <strong data-start=\"2182\" data-end=\"2202\">Cintia Salabardo<\/strong>, del \u00e1rea de Salud Comunitaria, y ya comenz\u00f3 a implementarse en instituciones de la provincia. En el Hospital Favaloro, por ejemplo, el s\u00edmbolo se utiliz\u00f3 recientemente en dos habitaciones, con un impacto inmediato.<\/p>\n<figure id=\"attachment_75338\" aria-describedby=\"caption-attachment-75338\" style=\"width: 400px\" class=\"wp-caption aligncenter\"><img loading=\"lazy\" decoding=\"async\" class=\" wp-image-75338\" src=\"https:\/\/diariofemenino.com.ar\/df\/wp-content\/uploads\/2025\/10\/WhatsApp-Image-2025-10-15-at-09.18.53-300x225.webp\" alt=\"La Mariposa Azul: cuando el duelo se transforma en cuidado\" width=\"400\" height=\"300\" srcset=\"https:\/\/diariofemenino.com.ar\/df\/wp-content\/uploads\/2025\/10\/WhatsApp-Image-2025-10-15-at-09.18.53-300x225.webp 300w, https:\/\/diariofemenino.com.ar\/df\/wp-content\/uploads\/2025\/10\/WhatsApp-Image-2025-10-15-at-09.18.53-1024x768.webp 1024w, https:\/\/diariofemenino.com.ar\/df\/wp-content\/uploads\/2025\/10\/WhatsApp-Image-2025-10-15-at-09.18.53-768x576.webp 768w, https:\/\/diariofemenino.com.ar\/df\/wp-content\/uploads\/2025\/10\/WhatsApp-Image-2025-10-15-at-09.18.53.webp 1280w\" sizes=\"auto, (max-width: 400px) 100vw, 400px\" \/><figcaption id=\"caption-attachment-75338\" class=\"wp-caption-text\">La Mariposa Azul: cuando el duelo se transforma en cuidado<\/figcaption><\/figure>\n<blockquote data-start=\"2420\" data-end=\"2693\">\n<p data-start=\"2422\" data-end=\"2693\">\u201cProfesionales de bioqu\u00edmica que no tienen acceso a las historias cl\u00ednicas contaron que al ver la mariposa entendieron qu\u00e9 estaba pasando y pudieron ingresar con m\u00e1s cuidado. Ese es el sentido: evitar comentarios o gestos que, sin mala intenci\u00f3n, pueden herir profundamente\u201d, agrega.<\/p>\n<\/blockquote>\n<p data-start=\"2695\" data-end=\"2981\">La mariposa azul \u2014ya incorporada en hospitales de distintos pa\u00edses y en comunidades como <strong data-start=\"2784\" data-end=\"2800\">Hola y Adi\u00f3s<\/strong>, creada por <strong data-start=\"2813\" data-end=\"2828\">Laura Botta<\/strong> en C\u00f3rdoba\u2014 no reemplaza la atenci\u00f3n m\u00e9dica ni la contenci\u00f3n psicol\u00f3gica, pero s\u00ed mejora la comunicaci\u00f3n no verbal en momentos extremadamente delicados.<\/p>\n<p data-start=\"2983\" data-end=\"3318\">Adem\u00e1s del valor simb\u00f3lico, la propuesta se articula con la <strong>Ley Johanna (27.733)<\/strong>, que promueve el parto respetado y contempla el acompa\u00f1amiento psicol\u00f3gico ante p\u00e9rdidas gestacionales. En este sentido, el <strong data-start=\"3181\" data-end=\"3218\">Colegio de Psic\u00f3logas y Psic\u00f3logos de La Pampa<\/strong> expres\u00f3 su disposici\u00f3n para participar en la elaboraci\u00f3n de protocolos de intervenci\u00f3n espec\u00edficos.<\/p>\n<blockquote data-start=\"3320\" data-end=\"3483\">\n<p data-start=\"3322\" data-end=\"3483\">\u201cQueremos que ninguna familia vuelva a sentirse invisible. Que cada beb\u00e9 sea despedido con amor y cada mam\u00e1 y pap\u00e1 sean acompa\u00f1ados con respeto\u201d, se\u00f1ala Sabrina.<\/p>\n<\/blockquote>\n<p data-start=\"3485\" data-end=\"3732\">Durante este octubre, mes de concientizaci\u00f3n sobre el duelo gestacional y perinatal, <em data-start=\"3570\" data-end=\"3588\">La Mariposa Azul<\/em> se expandir\u00e1 a otras instituciones, como el <strong data-start=\"3633\" data-end=\"3657\">Sanatorio Santa Rosa<\/strong>, <strong data-start=\"3659\" data-end=\"3677\">Cl\u00ednica Modelo<\/strong> y <strong data-start=\"3680\" data-end=\"3693\">Polimedic<\/strong>, donde tambi\u00e9n se impulsa su adopci\u00f3n.<\/p>\n<p data-start=\"3734\" data-end=\"3845\">Cada mariposa colocada en una puerta es, para su creadora, un acto de memoria, amor y transformaci\u00f3n colectiva.<\/p>\n<blockquote>\n<p data-start=\"3849\" data-end=\"3977\">\u201cLa mariposa azul no solo acompa\u00f1a a las familias \u2014dice\u2014: tambi\u00e9n transforma la manera en que las instituciones miran y cuidan.\u201d<\/p>\n<\/blockquote>\n<figure id=\"attachment_75339\" aria-describedby=\"caption-attachment-75339\" style=\"width: 398px\" class=\"wp-caption aligncenter\"><img loading=\"lazy\" decoding=\"async\" class=\" wp-image-75339\" src=\"https:\/\/diariofemenino.com.ar\/df\/wp-content\/uploads\/2025\/10\/WhatsApp-Image-2025-10-15-at-09.23.43-1-225x300.webp\" alt=\"La Mariposa Azul: cuando el duelo se transforma en cuidado\" width=\"398\" height=\"531\" srcset=\"https:\/\/diariofemenino.com.ar\/df\/wp-content\/uploads\/2025\/10\/WhatsApp-Image-2025-10-15-at-09.23.43-1-225x300.webp 225w, https:\/\/diariofemenino.com.ar\/df\/wp-content\/uploads\/2025\/10\/WhatsApp-Image-2025-10-15-at-09.23.43-1-768x1024.webp 768w, https:\/\/diariofemenino.com.ar\/df\/wp-content\/uploads\/2025\/10\/WhatsApp-Image-2025-10-15-at-09.23.43-1-1152x1536.webp 1152w, https:\/\/diariofemenino.com.ar\/df\/wp-content\/uploads\/2025\/10\/WhatsApp-Image-2025-10-15-at-09.23.43-1-1536x2048.webp 1536w, https:\/\/diariofemenino.com.ar\/df\/wp-content\/uploads\/2025\/10\/WhatsApp-Image-2025-10-15-at-09.23.43-1-scaled.webp 1920w\" sizes=\"auto, (max-width: 398px) 100vw, 398px\" \/><figcaption id=\"caption-attachment-75339\" class=\"wp-caption-text\">La Mariposa Azul: cuando el duelo se transforma en cuidado<\/figcaption><\/figure>\n<p>&nbsp;<\/p>\n<p data-start=\"3849\" data-end=\"3977\"><strong>Seguinos en Instagram. Diario Digital Femenino:\u00a0<a href=\"https:\/\/www.instagram.com\/diariodigitalfemenino_\/\">@diariodigitalfemenino_<\/a><br \/>\nLenny C\u00e1ceres:\u00a0<a href=\"https:\/\/www.instagram.com\/lennycaceres69\/\">@lennycaceres69<\/a><br \/>\nFacebook:\u00a0<a href=\"https:\/\/www.facebook.com\/DiarioDigitalFemenino\/\">Diario Digital Femenino\u00a0<\/a><br \/>\nTikTok;\u00a0<a href=\"https:\/\/www.tiktok.com\/@diariodigitalfemenino\">diariodigitalfemenino<\/a><\/strong><\/p>\n","protected":false},"excerpt":{"rendered":"<p>15 de octubre, D\u00eda Mundial de la Muerte Gestacional, Perinatal y Neonatal Cada 15 de octubre el mundo recuerda a beb\u00e9s que partieron demasiado pronto. En La Pampa, Sabrina Ortiz impulsa una iniciativa que da forma concreta a ese amor y memoria: La Mariposa Azul, s\u00edmbolo internacional de respeto hacia las familias en duelo, que [&hellip;]<\/p>\n","protected":false},"author":6,"featured_media":75340,"comment_status":"open","ping_status":"open","sticky":false,"template":"","format":"standard","meta":{"iawp_total_views":469,"footnotes":""},"categories":[7,1067,178,581,627,5,1251,6,21,23],"tags":[7565,7569,2889,4372,7567,7568,474,7562,7564,7563,7566],"class_list":["post-75336","post","type-post","status-publish","format-standard","has-post-thumbnail","hentry","category-actividades","category-agenda-feminista","category-articulos-y-comunicados","category-azul-profundo","category-genero-y-derechos-humanos","category-historias-de-vida","category-mujeres-de-la-pampa","category-articulos","category-noticias","category-salud","tag-15-de-octubre","tag-acto-de-amor","tag-amor","tag-destacada","tag-duelo","tag-mariposa-azul","tag-memoria","tag-muerte-gestacional","tag-neonatal","tag-perinatal","tag-sabrina-ortiz"],"nelio_content":{"autoShareEndMode":"never","automationSources":{"useCustomSentences":false,"customSentences":[]},"efiAlt":"","efiUrl":"","followers":[6],"highlights":[],"isAutoShareEnabled":true,"networkImageIds":[],"permalinkQueryArgs":[],"series":[],"suggestedReferences":[]},"yoast_head":"<!-- This site is optimized with the Yoast SEO plugin v27.5 - https:\/\/yoast.com\/product\/yoast-seo-wordpress\/ -->\n<title>La Mariposa Azul: cuando el duelo se transforma en cuidado - Diario Digital Femenino<\/title>\n<meta name=\"description\" content=\"La Mariposa Azul. Este gesto, sencillo y profundamente humano, lleg\u00f3 a La Pampa de la mano de Sabrina Ortiz.\" \/>\n<meta name=\"robots\" content=\"index, follow, max-snippet:-1, max-image-preview:large, max-video-preview:-1\" \/>\n<link rel=\"canonical\" href=\"https:\/\/diariofemenino.com.ar\/df\/la-mariposa-azul-cuando-el-duelo-se-transforma-en-cuidado\/\" \/>\n<meta property=\"og:locale\" content=\"es_ES\" \/>\n<meta property=\"og:type\" content=\"article\" \/>\n<meta property=\"og:title\" content=\"La Mariposa Azul: cuando el duelo se transforma en cuidado - Diario Digital Femenino\" \/>\n<meta property=\"og:description\" content=\"La Mariposa Azul. Este gesto, sencillo y profundamente humano, lleg\u00f3 a La Pampa de la mano de Sabrina Ortiz.\" \/>\n<meta property=\"og:url\" content=\"https:\/\/diariofemenino.com.ar\/df\/la-mariposa-azul-cuando-el-duelo-se-transforma-en-cuidado\/\" \/>\n<meta property=\"og:site_name\" content=\"Diario Digital Femenino\" \/>\n<meta property=\"article:publisher\" content=\"https:\/\/www.facebook.com\/DiarioDigitaFemenino\/\" \/>\n<meta property=\"article:published_time\" content=\"2025-10-15T16:16:46+00:00\" \/>\n<meta property=\"article:modified_time\" content=\"2025-10-15T16:17:39+00:00\" \/>\n<meta property=\"og:image\" content=\"https:\/\/diariofemenino.com.ar\/df\/wp-content\/uploads\/2025\/10\/WhatsApp-Image-2025-10-15-at-11.50.23.webp\" \/>\n\t<meta property=\"og:image:width\" content=\"1600\" \/>\n\t<meta property=\"og:image:height\" content=\"949\" \/>\n\t<meta property=\"og:image:type\" content=\"image\/webp\" \/>\n<meta name=\"author\" content=\"redaccion\" \/>\n<meta name=\"twitter:card\" content=\"summary_large_image\" \/>\n<meta name=\"twitter:creator\" content=\"@DiarioFemenino1\" \/>\n<meta name=\"twitter:site\" content=\"@DiarioFemenino1\" \/>\n<meta name=\"twitter:label1\" content=\"Escrito por\" \/>\n\t<meta name=\"twitter:data1\" content=\"redaccion\" \/>\n\t<meta name=\"twitter:label2\" content=\"Tiempo de lectura\" \/>\n\t<meta name=\"twitter:data2\" content=\"3 minutos\" \/>\n<script type=\"application\/ld+json\" class=\"yoast-schema-graph\">{\"@context\":\"https:\\\/\\\/schema.org\",\"@graph\":[{\"@type\":\"Article\",\"@id\":\"https:\\\/\\\/diariofemenino.com.ar\\\/df\\\/la-mariposa-azul-cuando-el-duelo-se-transforma-en-cuidado\\\/#article\",\"isPartOf\":{\"@id\":\"https:\\\/\\\/diariofemenino.com.ar\\\/df\\\/la-mariposa-azul-cuando-el-duelo-se-transforma-en-cuidado\\\/\"},\"author\":{\"name\":\"redaccion\",\"@id\":\"https:\\\/\\\/diariofemenino.com.ar\\\/df\\\/#\\\/schema\\\/person\\\/b6ba2e26f7891f232694804f228a7f27\"},\"headline\":\"La Mariposa Azul: cuando el duelo se transforma en cuidado\",\"datePublished\":\"2025-10-15T16:16:46+00:00\",\"dateModified\":\"2025-10-15T16:17:39+00:00\",\"mainEntityOfPage\":{\"@id\":\"https:\\\/\\\/diariofemenino.com.ar\\\/df\\\/la-mariposa-azul-cuando-el-duelo-se-transforma-en-cuidado\\\/\"},\"wordCount\":642,\"commentCount\":0,\"publisher\":{\"@id\":\"https:\\\/\\\/diariofemenino.com.ar\\\/df\\\/#organization\"},\"image\":{\"@id\":\"https:\\\/\\\/diariofemenino.com.ar\\\/df\\\/la-mariposa-azul-cuando-el-duelo-se-transforma-en-cuidado\\\/#primaryimage\"},\"thumbnailUrl\":\"https:\\\/\\\/diariofemenino.com.ar\\\/df\\\/wp-content\\\/uploads\\\/2025\\\/10\\\/WhatsApp-Image-2025-10-15-at-11.50.23.webp\",\"keywords\":[\"15 de octubre\",\"acto de amor\",\"Amor\",\"Destacada\",\"duelo\",\"Mariposa azul\",\"Memoria\",\"Muerte Gestacional\",\"Neonatal\",\"Perinatal\",\"Sabrina Ortiz\"],\"articleSection\":[\"Actividades\",\"Agenda Feminista\",\"Art\u00edculos y Comunicados\",\"Azul Profundo\",\"G\u00e9nero y Derechos Humanos\",\"Historias de vida\",\"Mujeres de La Pampa\",\"Mujeres en Palabras\",\"Noticias\",\"Salud\"],\"inLanguage\":\"es\",\"potentialAction\":[{\"@type\":\"CommentAction\",\"name\":\"Comment\",\"target\":[\"https:\\\/\\\/diariofemenino.com.ar\\\/df\\\/la-mariposa-azul-cuando-el-duelo-se-transforma-en-cuidado\\\/#respond\"]}]},{\"@type\":\"WebPage\",\"@id\":\"https:\\\/\\\/diariofemenino.com.ar\\\/df\\\/la-mariposa-azul-cuando-el-duelo-se-transforma-en-cuidado\\\/\",\"url\":\"https:\\\/\\\/diariofemenino.com.ar\\\/df\\\/la-mariposa-azul-cuando-el-duelo-se-transforma-en-cuidado\\\/\",\"name\":\"La Mariposa Azul: cuando el duelo se transforma en cuidado - Diario Digital Femenino\",\"isPartOf\":{\"@id\":\"https:\\\/\\\/diariofemenino.com.ar\\\/df\\\/#website\"},\"primaryImageOfPage\":{\"@id\":\"https:\\\/\\\/diariofemenino.com.ar\\\/df\\\/la-mariposa-azul-cuando-el-duelo-se-transforma-en-cuidado\\\/#primaryimage\"},\"image\":{\"@id\":\"https:\\\/\\\/diariofemenino.com.ar\\\/df\\\/la-mariposa-azul-cuando-el-duelo-se-transforma-en-cuidado\\\/#primaryimage\"},\"thumbnailUrl\":\"https:\\\/\\\/diariofemenino.com.ar\\\/df\\\/wp-content\\\/uploads\\\/2025\\\/10\\\/WhatsApp-Image-2025-10-15-at-11.50.23.webp\",\"datePublished\":\"2025-10-15T16:16:46+00:00\",\"dateModified\":\"2025-10-15T16:17:39+00:00\",\"description\":\"La Mariposa Azul. Este gesto, sencillo y profundamente humano, lleg\u00f3 a La Pampa de la mano de Sabrina Ortiz.\",\"breadcrumb\":{\"@id\":\"https:\\\/\\\/diariofemenino.com.ar\\\/df\\\/la-mariposa-azul-cuando-el-duelo-se-transforma-en-cuidado\\\/#breadcrumb\"},\"inLanguage\":\"es\",\"potentialAction\":[{\"@type\":\"ReadAction\",\"target\":[\"https:\\\/\\\/diariofemenino.com.ar\\\/df\\\/la-mariposa-azul-cuando-el-duelo-se-transforma-en-cuidado\\\/\"]}]},{\"@type\":\"ImageObject\",\"inLanguage\":\"es\",\"@id\":\"https:\\\/\\\/diariofemenino.com.ar\\\/df\\\/la-mariposa-azul-cuando-el-duelo-se-transforma-en-cuidado\\\/#primaryimage\",\"url\":\"https:\\\/\\\/diariofemenino.com.ar\\\/df\\\/wp-content\\\/uploads\\\/2025\\\/10\\\/WhatsApp-Image-2025-10-15-at-11.50.23.webp\",\"contentUrl\":\"https:\\\/\\\/diariofemenino.com.ar\\\/df\\\/wp-content\\\/uploads\\\/2025\\\/10\\\/WhatsApp-Image-2025-10-15-at-11.50.23.webp\",\"width\":1600,\"height\":949,\"caption\":\"La Mariposa Azul: cuando el duelo se transforma en cuidado\"},{\"@type\":\"BreadcrumbList\",\"@id\":\"https:\\\/\\\/diariofemenino.com.ar\\\/df\\\/la-mariposa-azul-cuando-el-duelo-se-transforma-en-cuidado\\\/#breadcrumb\",\"itemListElement\":[{\"@type\":\"ListItem\",\"position\":1,\"name\":\"Portada\",\"item\":\"https:\\\/\\\/diariofemenino.com.ar\\\/df\\\/\"},{\"@type\":\"ListItem\",\"position\":2,\"name\":\"La Mariposa Azul: cuando el duelo se transforma en cuidado\"}]},{\"@type\":\"WebSite\",\"@id\":\"https:\\\/\\\/diariofemenino.com.ar\\\/df\\\/#website\",\"url\":\"https:\\\/\\\/diariofemenino.com.ar\\\/df\\\/\",\"name\":\"Diario Digital Femenino\",\"description\":\"Cuesti\u00f3n de G\u00e9nero\",\"publisher\":{\"@id\":\"https:\\\/\\\/diariofemenino.com.ar\\\/df\\\/#organization\"},\"potentialAction\":[{\"@type\":\"SearchAction\",\"target\":{\"@type\":\"EntryPoint\",\"urlTemplate\":\"https:\\\/\\\/diariofemenino.com.ar\\\/df\\\/?s={search_term_string}\"},\"query-input\":{\"@type\":\"PropertyValueSpecification\",\"valueRequired\":true,\"valueName\":\"search_term_string\"}}],\"inLanguage\":\"es\"},{\"@type\":\"Organization\",\"@id\":\"https:\\\/\\\/diariofemenino.com.ar\\\/df\\\/#organization\",\"name\":\"Diario Femenino\",\"url\":\"https:\\\/\\\/diariofemenino.com.ar\\\/df\\\/\",\"logo\":{\"@type\":\"ImageObject\",\"inLanguage\":\"es\",\"@id\":\"https:\\\/\\\/diariofemenino.com.ar\\\/df\\\/#\\\/schema\\\/logo\\\/image\\\/\",\"url\":\"https:\\\/\\\/diariofemenino.com.ar\\\/df\\\/wp-content\\\/uploads\\\/2018\\\/10\\\/logo.png\",\"contentUrl\":\"https:\\\/\\\/diariofemenino.com.ar\\\/df\\\/wp-content\\\/uploads\\\/2018\\\/10\\\/logo.png\",\"width\":500,\"height\":92,\"caption\":\"Diario Femenino\"},\"image\":{\"@id\":\"https:\\\/\\\/diariofemenino.com.ar\\\/df\\\/#\\\/schema\\\/logo\\\/image\\\/\"},\"sameAs\":[\"https:\\\/\\\/www.facebook.com\\\/DiarioDigitaFemenino\\\/\",\"https:\\\/\\\/x.com\\\/DiarioFemenino1\"]},{\"@type\":\"Person\",\"@id\":\"https:\\\/\\\/diariofemenino.com.ar\\\/df\\\/#\\\/schema\\\/person\\\/b6ba2e26f7891f232694804f228a7f27\",\"name\":\"redaccion\",\"image\":{\"@type\":\"ImageObject\",\"inLanguage\":\"es\",\"@id\":\"https:\\\/\\\/diariofemenino.com.ar\\\/df\\\/wp-content\\\/uploads\\\/2024\\\/09\\\/0eda9a67-a560-4264-8085-ae5314b35c5a-150x150.avif\",\"url\":\"https:\\\/\\\/diariofemenino.com.ar\\\/df\\\/wp-content\\\/uploads\\\/2024\\\/09\\\/0eda9a67-a560-4264-8085-ae5314b35c5a-150x150.avif\",\"contentUrl\":\"https:\\\/\\\/diariofemenino.com.ar\\\/df\\\/wp-content\\\/uploads\\\/2024\\\/09\\\/0eda9a67-a560-4264-8085-ae5314b35c5a-150x150.avif\",\"caption\":\"redaccion\"},\"url\":\"https:\\\/\\\/diariofemenino.com.ar\\\/df\\\/author\\\/redaccion\\\/\"}]}<\/script>\n<!-- \/ Yoast SEO plugin. -->","yoast_head_json":{"title":"La Mariposa Azul: cuando el duelo se transforma en cuidado - Diario Digital Femenino","description":"La Mariposa Azul. Este gesto, sencillo y profundamente humano, lleg\u00f3 a La Pampa de la mano de Sabrina Ortiz.","robots":{"index":"index","follow":"follow","max-snippet":"max-snippet:-1","max-image-preview":"max-image-preview:large","max-video-preview":"max-video-preview:-1"},"canonical":"https:\/\/diariofemenino.com.ar\/df\/la-mariposa-azul-cuando-el-duelo-se-transforma-en-cuidado\/","og_locale":"es_ES","og_type":"article","og_title":"La Mariposa Azul: cuando el duelo se transforma en cuidado - Diario Digital Femenino","og_description":"La Mariposa Azul. Este gesto, sencillo y profundamente humano, lleg\u00f3 a La Pampa de la mano de Sabrina Ortiz.","og_url":"https:\/\/diariofemenino.com.ar\/df\/la-mariposa-azul-cuando-el-duelo-se-transforma-en-cuidado\/","og_site_name":"Diario Digital Femenino","article_publisher":"https:\/\/www.facebook.com\/DiarioDigitaFemenino\/","article_published_time":"2025-10-15T16:16:46+00:00","article_modified_time":"2025-10-15T16:17:39+00:00","og_image":[{"width":1600,"height":949,"url":"https:\/\/diariofemenino.com.ar\/df\/wp-content\/uploads\/2025\/10\/WhatsApp-Image-2025-10-15-at-11.50.23.webp","type":"image\/webp"}],"author":"redaccion","twitter_card":"summary_large_image","twitter_creator":"@DiarioFemenino1","twitter_site":"@DiarioFemenino1","twitter_misc":{"Escrito por":"redaccion","Tiempo de lectura":"3 minutos"},"schema":{"@context":"https:\/\/schema.org","@graph":[{"@type":"Article","@id":"https:\/\/diariofemenino.com.ar\/df\/la-mariposa-azul-cuando-el-duelo-se-transforma-en-cuidado\/#article","isPartOf":{"@id":"https:\/\/diariofemenino.com.ar\/df\/la-mariposa-azul-cuando-el-duelo-se-transforma-en-cuidado\/"},"author":{"name":"redaccion","@id":"https:\/\/diariofemenino.com.ar\/df\/#\/schema\/person\/b6ba2e26f7891f232694804f228a7f27"},"headline":"La Mariposa Azul: cuando el duelo se transforma en cuidado","datePublished":"2025-10-15T16:16:46+00:00","dateModified":"2025-10-15T16:17:39+00:00","mainEntityOfPage":{"@id":"https:\/\/diariofemenino.com.ar\/df\/la-mariposa-azul-cuando-el-duelo-se-transforma-en-cuidado\/"},"wordCount":642,"commentCount":0,"publisher":{"@id":"https:\/\/diariofemenino.com.ar\/df\/#organization"},"image":{"@id":"https:\/\/diariofemenino.com.ar\/df\/la-mariposa-azul-cuando-el-duelo-se-transforma-en-cuidado\/#primaryimage"},"thumbnailUrl":"https:\/\/diariofemenino.com.ar\/df\/wp-content\/uploads\/2025\/10\/WhatsApp-Image-2025-10-15-at-11.50.23.webp","keywords":["15 de octubre","acto de amor","Amor","Destacada","duelo","Mariposa azul","Memoria","Muerte Gestacional","Neonatal","Perinatal","Sabrina Ortiz"],"articleSection":["Actividades","Agenda Feminista","Art\u00edculos y Comunicados","Azul Profundo","G\u00e9nero y Derechos Humanos","Historias de vida","Mujeres de La Pampa","Mujeres en Palabras","Noticias","Salud"],"inLanguage":"es","potentialAction":[{"@type":"CommentAction","name":"Comment","target":["https:\/\/diariofemenino.com.ar\/df\/la-mariposa-azul-cuando-el-duelo-se-transforma-en-cuidado\/#respond"]}]},{"@type":"WebPage","@id":"https:\/\/diariofemenino.com.ar\/df\/la-mariposa-azul-cuando-el-duelo-se-transforma-en-cuidado\/","url":"https:\/\/diariofemenino.com.ar\/df\/la-mariposa-azul-cuando-el-duelo-se-transforma-en-cuidado\/","name":"La Mariposa Azul: cuando el duelo se transforma en cuidado - Diario Digital Femenino","isPartOf":{"@id":"https:\/\/diariofemenino.com.ar\/df\/#website"},"primaryImageOfPage":{"@id":"https:\/\/diariofemenino.com.ar\/df\/la-mariposa-azul-cuando-el-duelo-se-transforma-en-cuidado\/#primaryimage"},"image":{"@id":"https:\/\/diariofemenino.com.ar\/df\/la-mariposa-azul-cuando-el-duelo-se-transforma-en-cuidado\/#primaryimage"},"thumbnailUrl":"https:\/\/diariofemenino.com.ar\/df\/wp-content\/uploads\/2025\/10\/WhatsApp-Image-2025-10-15-at-11.50.23.webp","datePublished":"2025-10-15T16:16:46+00:00","dateModified":"2025-10-15T16:17:39+00:00","description":"La Mariposa Azul. Este gesto, sencillo y profundamente humano, lleg\u00f3 a La Pampa de la mano de Sabrina Ortiz.","breadcrumb":{"@id":"https:\/\/diariofemenino.com.ar\/df\/la-mariposa-azul-cuando-el-duelo-se-transforma-en-cuidado\/#breadcrumb"},"inLanguage":"es","potentialAction":[{"@type":"ReadAction","target":["https:\/\/diariofemenino.com.ar\/df\/la-mariposa-azul-cuando-el-duelo-se-transforma-en-cuidado\/"]}]},{"@type":"ImageObject","inLanguage":"es","@id":"https:\/\/diariofemenino.com.ar\/df\/la-mariposa-azul-cuando-el-duelo-se-transforma-en-cuidado\/#primaryimage","url":"https:\/\/diariofemenino.com.ar\/df\/wp-content\/uploads\/2025\/10\/WhatsApp-Image-2025-10-15-at-11.50.23.webp","contentUrl":"https:\/\/diariofemenino.com.ar\/df\/wp-content\/uploads\/2025\/10\/WhatsApp-Image-2025-10-15-at-11.50.23.webp","width":1600,"height":949,"caption":"La Mariposa Azul: cuando el duelo se transforma en cuidado"},{"@type":"BreadcrumbList","@id":"https:\/\/diariofemenino.com.ar\/df\/la-mariposa-azul-cuando-el-duelo-se-transforma-en-cuidado\/#breadcrumb","itemListElement":[{"@type":"ListItem","position":1,"name":"Portada","item":"https:\/\/diariofemenino.com.ar\/df\/"},{"@type":"ListItem","position":2,"name":"La Mariposa Azul: cuando el duelo se transforma en cuidado"}]},{"@type":"WebSite","@id":"https:\/\/diariofemenino.com.ar\/df\/#website","url":"https:\/\/diariofemenino.com.ar\/df\/","name":"Diario Digital Femenino","description":"Cuesti\u00f3n de G\u00e9nero","publisher":{"@id":"https:\/\/diariofemenino.com.ar\/df\/#organization"},"potentialAction":[{"@type":"SearchAction","target":{"@type":"EntryPoint","urlTemplate":"https:\/\/diariofemenino.com.ar\/df\/?s={search_term_string}"},"query-input":{"@type":"PropertyValueSpecification","valueRequired":true,"valueName":"search_term_string"}}],"inLanguage":"es"},{"@type":"Organization","@id":"https:\/\/diariofemenino.com.ar\/df\/#organization","name":"Diario Femenino","url":"https:\/\/diariofemenino.com.ar\/df\/","logo":{"@type":"ImageObject","inLanguage":"es","@id":"https:\/\/diariofemenino.com.ar\/df\/#\/schema\/logo\/image\/","url":"https:\/\/diariofemenino.com.ar\/df\/wp-content\/uploads\/2018\/10\/logo.png","contentUrl":"https:\/\/diariofemenino.com.ar\/df\/wp-content\/uploads\/2018\/10\/logo.png","width":500,"height":92,"caption":"Diario Femenino"},"image":{"@id":"https:\/\/diariofemenino.com.ar\/df\/#\/schema\/logo\/image\/"},"sameAs":["https:\/\/www.facebook.com\/DiarioDigitaFemenino\/","https:\/\/x.com\/DiarioFemenino1"]},{"@type":"Person","@id":"https:\/\/diariofemenino.com.ar\/df\/#\/schema\/person\/b6ba2e26f7891f232694804f228a7f27","name":"redaccion","image":{"@type":"ImageObject","inLanguage":"es","@id":"https:\/\/diariofemenino.com.ar\/df\/wp-content\/uploads\/2024\/09\/0eda9a67-a560-4264-8085-ae5314b35c5a-150x150.avif","url":"https:\/\/diariofemenino.com.ar\/df\/wp-content\/uploads\/2024\/09\/0eda9a67-a560-4264-8085-ae5314b35c5a-150x150.avif","contentUrl":"https:\/\/diariofemenino.com.ar\/df\/wp-content\/uploads\/2024\/09\/0eda9a67-a560-4264-8085-ae5314b35c5a-150x150.avif","caption":"redaccion"},"url":"https:\/\/diariofemenino.com.ar\/df\/author\/redaccion\/"}]}},"jetpack_featured_media_url":"https:\/\/diariofemenino.com.ar\/df\/wp-content\/uploads\/2025\/10\/WhatsApp-Image-2025-10-15-at-11.50.23.webp","jetpack_sharing_enabled":true,"rttpg_featured_image_url":{"full":["https:\/\/diariofemenino.com.ar\/df\/wp-content\/uploads\/2025\/10\/WhatsApp-Image-2025-10-15-at-11.50.23.webp",1600,949,false],"landscape":["https:\/\/diariofemenino.com.ar\/df\/wp-content\/uploads\/2025\/10\/WhatsApp-Image-2025-10-15-at-11.50.23.webp",1600,949,false],"portraits":["https:\/\/diariofemenino.com.ar\/df\/wp-content\/uploads\/2025\/10\/WhatsApp-Image-2025-10-15-at-11.50.23.webp",1600,949,false],"thumbnail":["https:\/\/diariofemenino.com.ar\/df\/wp-content\/uploads\/2025\/10\/WhatsApp-Image-2025-10-15-at-11.50.23-150x150.webp",150,150,true],"medium":["https:\/\/diariofemenino.com.ar\/df\/wp-content\/uploads\/2025\/10\/WhatsApp-Image-2025-10-15-at-11.50.23-300x178.webp",300,178,true],"large":["https:\/\/diariofemenino.com.ar\/df\/wp-content\/uploads\/2025\/10\/WhatsApp-Image-2025-10-15-at-11.50.23-1024x607.webp",1024,607,true],"1536x1536":["https:\/\/diariofemenino.com.ar\/df\/wp-content\/uploads\/2025\/10\/WhatsApp-Image-2025-10-15-at-11.50.23-1536x911.webp",1536,911,true],"2048x2048":["https:\/\/diariofemenino.com.ar\/df\/wp-content\/uploads\/2025\/10\/WhatsApp-Image-2025-10-15-at-11.50.23.webp",1600,949,false]},"rttpg_author":{"display_name":"redaccion","author_link":"https:\/\/diariofemenino.com.ar\/df\/author\/redaccion\/"},"rttpg_comment":0,"rttpg_category":"<a href=\"https:\/\/diariofemenino.com.ar\/df\/category\/actividades\/\" rel=\"category tag\">Actividades<\/a> <a href=\"https:\/\/diariofemenino.com.ar\/df\/category\/agenda-feminista\/\" rel=\"category tag\">Agenda Feminista<\/a> <a href=\"https:\/\/diariofemenino.com.ar\/df\/category\/articulos-y-comunicados\/\" rel=\"category tag\">Art\u00edculos y Comunicados<\/a> <a href=\"https:\/\/diariofemenino.com.ar\/df\/category\/azul-profundo\/\" rel=\"category tag\">Azul Profundo<\/a> <a href=\"https:\/\/diariofemenino.com.ar\/df\/category\/genero-y-derechos-humanos\/\" rel=\"category tag\">G\u00e9nero y Derechos Humanos<\/a> <a href=\"https:\/\/diariofemenino.com.ar\/df\/category\/historias-de-vida\/\" rel=\"category tag\">Historias de vida<\/a> <a href=\"https:\/\/diariofemenino.com.ar\/df\/category\/mujeres-de-la-pampa\/\" rel=\"category tag\">Mujeres de La Pampa<\/a> <a href=\"https:\/\/diariofemenino.com.ar\/df\/category\/articulos\/\" rel=\"category tag\">Mujeres en Palabras<\/a> <a href=\"https:\/\/diariofemenino.com.ar\/df\/category\/noticias\/\" rel=\"category tag\">Noticias<\/a> <a href=\"https:\/\/diariofemenino.com.ar\/df\/category\/salud\/\" rel=\"category tag\">Salud<\/a>","rttpg_excerpt":"15 de octubre, D\u00eda Mundial de la Muerte Gestacional, Perinatal y Neonatal Cada 15 de octubre el mundo recuerda a beb\u00e9s que partieron demasiado pronto. En La Pampa, Sabrina Ortiz impulsa una iniciativa que da forma concreta a ese amor y memoria: La Mariposa Azul, s\u00edmbolo internacional de respeto hacia las familias en duelo, que&hellip;","_links":{"self":[{"href":"https:\/\/diariofemenino.com.ar\/df\/wp-json\/wp\/v2\/posts\/75336","targetHints":{"allow":["GET"]}}],"collection":[{"href":"https:\/\/diariofemenino.com.ar\/df\/wp-json\/wp\/v2\/posts"}],"about":[{"href":"https:\/\/diariofemenino.com.ar\/df\/wp-json\/wp\/v2\/types\/post"}],"author":[{"embeddable":true,"href":"https:\/\/diariofemenino.com.ar\/df\/wp-json\/wp\/v2\/users\/6"}],"replies":[{"embeddable":true,"href":"https:\/\/diariofemenino.com.ar\/df\/wp-json\/wp\/v2\/comments?post=75336"}],"version-history":[{"count":2,"href":"https:\/\/diariofemenino.com.ar\/df\/wp-json\/wp\/v2\/posts\/75336\/revisions"}],"predecessor-version":[{"id":75342,"href":"https:\/\/diariofemenino.com.ar\/df\/wp-json\/wp\/v2\/posts\/75336\/revisions\/75342"}],"wp:featuredmedia":[{"embeddable":true,"href":"https:\/\/diariofemenino.com.ar\/df\/wp-json\/wp\/v2\/media\/75340"}],"wp:attachment":[{"href":"https:\/\/diariofemenino.com.ar\/df\/wp-json\/wp\/v2\/media?parent=75336"}],"wp:term":[{"taxonomy":"category","embeddable":true,"href":"https:\/\/diariofemenino.com.ar\/df\/wp-json\/wp\/v2\/categories?post=75336"},{"taxonomy":"post_tag","embeddable":true,"href":"https:\/\/diariofemenino.com.ar\/df\/wp-json\/wp\/v2\/tags?post=75336"}],"curies":[{"name":"wp","href":"https:\/\/api.w.org\/{rel}","templated":true}]}}