{"id":75291,"date":"2025-09-24T11:58:24","date_gmt":"2025-09-24T14:58:24","guid":{"rendered":"https:\/\/diariofemenino.com.ar\/df\/?p=75291"},"modified":"2025-09-29T10:34:19","modified_gmt":"2025-09-29T13:34:19","slug":"el-derecho-al-cuidado-como-derecho-humano-autonomo","status":"publish","type":"post","link":"https:\/\/diariofemenino.com.ar\/df\/el-derecho-al-cuidado-como-derecho-humano-autonomo\/","title":{"rendered":"El derecho al cuidado como Derecho Humano aut\u00f3nomo"},"content":{"rendered":"<p><em>\u00bfQui\u00e9n cuida a quienes cuidan?<\/em><br data-start=\"212\" data-end=\"215\" \/><em>La Corte Interamericana acaba de reconocer algo hist\u00f3rico: el cuidado no es un favor ni una carga invisible, sino un derecho humano aut\u00f3nomo.<\/em><\/p>\n<p style=\"text-align: center;\"><strong>El Derecho al Cuidado como Derecho Humano Aut\u00f3nomo.<br \/>\nAn\u00e1lisis de la Opini\u00f3n Consultiva OC-31\/25<\/strong><\/p>\n<p><strong>Por <a href=\"https:\/\/diariofemenino.com.ar\/df\/?s=fallo\">Erica P\u00e9rez<\/a><\/strong>*<\/p>\n<p><strong>I.- El derecho a cuidar, a ser cuidado y al autocuidado<\/strong><\/p>\n<p>La Opini\u00f3n Consultiva OC-31\/25, emitida por la Corte Interamericana de Derechos Humanos el 12 de junio de 2025, constituye un avance sustantivo en el desarrollo del derecho internacional de los derechos humanos al reconocer el\u00a0<strong>derecho al cuidado como un derecho humano aut\u00f3nomo<\/strong>, interdependiente e indivisible de otros derechos fundamentales, especialmente los\u00a0<strong>DESCA<\/strong>\u00a0(derechos econ\u00f3micos, sociales, culturales y ambientales).<\/p>\n<p>La Corte responde a la solicitud presentada por la Rep\u00fablica Argentina, reformulando las preguntas en tres bloques tem\u00e1ticos: (i) el reconocimiento del cuidado como derecho humano aut\u00f3nomo; (ii) las obligaciones estatales en materia de igualdad y no discriminaci\u00f3n; y (iii) la interrelaci\u00f3n del cuidado con los DESCA. Para ello, aplica un enfoque evolutivo, el principio pro persona y el corpus iuris interamericano.<\/p>\n<p>Entre los principales aportes, la Corte establece que el cuidado debe entenderse en\u00a0<strong>tres dimensiones<\/strong>: el derecho a cuidar, el derecho a ser cuidado y el derecho al autocuidado. Estas dimensiones deben ser garantizadas por los Estados en condiciones de dignidad, igualdad y autonom\u00eda, reconociendo el valor social y econ\u00f3mico del cuidado, tanto remunerado como no remunerado.<\/p>\n<p>Desde la perspectiva de\u00a0<strong>igualdad y no discriminaci\u00f3n<\/strong>, la Corte denuncia la distribuci\u00f3n desigual del trabajo de cuidado, hist\u00f3ricamente asignado a mujeres y ni\u00f1as, como una forma de\u00a0<strong>discriminaci\u00f3n estructural e interseccional<\/strong>. Exige a los Estados adoptar medidas afirmativas para eliminar estereotipos de g\u00e9nero, redistribuir equitativamente las tareas de cuidado y garantizar protecci\u00f3n reforzada a grupos vulnerables.<\/p>\n<p>En relaci\u00f3n con los\u00a0<strong>DESCA<\/strong>, la Corte vincula el derecho al cuidado con el derecho al trabajo, la seguridad social, la salud y la educaci\u00f3n. Reconoce el cuidado como una forma de trabajo que debe ser protegida por el derecho laboral, exige sistemas de seguridad social inclusivos que reconozcan los per\u00edodos de cuidado, y subraya la importancia del autocuidado como parte del derecho a la salud. Adem\u00e1s, destaca el rol de la educaci\u00f3n en la transformaci\u00f3n de paradigmas culturales sobre el cuidado.<\/p>\n<blockquote><p><strong>Colabora con Diario Digital Femenino<\/strong><br \/>\n$3.000 por mes (sosten\u00e9s a largo plazo) <strong><a href=\"https:\/\/www.mercadopago.com.ar\/subscriptions\/checkout?preapproval_plan_id=2c93808496ae4a940196b01559a4004f\">AQU\u00cd<\/a><\/strong><br \/>\nUna vez al a\u00f1o, vos decid\u00eds el monto (un gesto, una ayuda concreta) <a href=\"https:\/\/www.mercadopago.com.ar\/subscriptions\/checkout?preapproval_plan_id=2c938084981e9ee501982d4490280459\"><strong>AQU\u00cd<\/strong><\/a><br \/>\nPor \u00fanica vez, el monto que decidas. <strong>Alias: Lenny.Caceres<\/strong><\/p><\/blockquote>\n<p>La Corte tambi\u00e9n establece obligaciones espec\u00edficas para garantizar el derecho al cuidado en condiciones de especial vulnerabilidad, incluyendo mujeres jefas de hogar, migrantes, ind\u00edgenas, afrodescendientes, personas mayores, con discapacidad, privadas de libertad o buscadoras de personas desaparecidas.<\/p>\n<p>Finalmente, la Opini\u00f3n Consultiva OC-31\/25 refuerza el principio de\u00a0<strong>control de convencionalidad<\/strong>, instando a todos los \u00f3rganos estatales a interpretar y aplicar el derecho interno conforme a los est\u00e1ndares interamericanos. Reconoce la necesidad de\u00a0<strong>Sistemas Nacionales de Cuidados<\/strong>\u00a0como estructuras institucionales que articulen la acci\u00f3n del Estado, la sociedad civil y el sector privado bajo principios de equidad, interseccionalidad y enfoque de g\u00e9nero.<\/p>\n<p><strong>II.- A continuaci\u00f3n, se desarrolla cada uno de los 25 puntos establecidos por la Corte, con implicancias jur\u00eddicas concretas para los Estados parte del sistema interamericano.<\/strong><\/p>\n<ol>\n<li><strong>Competencia de la Corte<\/strong>. \u00a0La Corte reafirma su competencia para emitir opiniones consultivas conforme al art\u00edculo 64 de la Convenci\u00f3n Americana, consolidando su rol como int\u00e9rprete autorizado del corpus iuris interamericano en materia de derechos humanos.<\/li>\n<li><strong>Reconocimiento del derecho al cuidado.<\/strong> Se reconoce el cuidado como un derecho aut\u00f3nomo, derivado de m\u00faltiples instrumentos internacionales, lo que implica su exigibilidad y protecci\u00f3n jur\u00eddica en el sistema interamericano.<\/li>\n<li><strong>Tres dimensiones del cuidado.<\/strong> El derecho al cuidado se articula en tres dimensiones: cuidar, ser cuidado y el autocuidado, cada una con implicancias normativas que deben ser garantizadas por los Estados.<\/li>\n<li><strong>Fundamento \u00e9tico y jur\u00eddico.<\/strong> Este derecho se sustenta en los principios de corresponsabilidad social y familiar, y solidaridad, lo que obliga a los Estados a adoptar un enfoque colectivo y equitativo en su implementaci\u00f3n.<\/li>\n<li><strong>Obligaciones estatales.<\/strong> Los Estados deben respetar y garantizar el derecho al cuidado mediante medidas legislativas, pol\u00edticas p\u00fablicas y control de convencionalidad, asegurando su plena efectividad.<\/li>\n<li><strong>Distribuci\u00f3n equitativa del cuidado.<\/strong> Se exige a los Estados adoptar medidas para redistribuir equitativamente el trabajo de cuidado no remunerado, especialmente dentro de las familias, y proteger a quienes lo ejercen frente a violencia o acoso.<\/li>\n<li><strong>Reinserci\u00f3n laboral de personas cuidadoras.<\/strong> La Corte solicita acciones que faciliten la incorporaci\u00f3n o reintegraci\u00f3n de personas cuidadoras no remuneradas al trabajo formal, garantizando su acceso a seguridad social.<\/li>\n<li><strong>Protecci\u00f3n de cuidadoras vulnerables.<\/strong> Se garantiza el ejercicio del derecho al cuidado sin discriminaci\u00f3n para personas cuidadoras en situaci\u00f3n de vulnerabilidad, incluyendo aquellas privadas de libertad.<\/li>\n<li><strong>Protecci\u00f3n de la ni\u00f1ez institucionalizada.<\/strong> La Corte protege especialmente a ni\u00f1as, ni\u00f1os y adolescentes que no reciben cuidados adecuados en sus familias o est\u00e1n institucionalizados, exigiendo medidas estatales de protecci\u00f3n reforzada.<\/li>\n<li><strong>Cuidado digno para personas mayores.<\/strong> Se asegura el acceso sin discriminaci\u00f3n a servicios de cuidado de calidad para personas mayores, respetando su autonom\u00eda, independencia y seguridad.<\/li>\n<li><strong>Cuidado para personas con discapacidad.<\/strong> Se garantiza el cuidado adecuado para personas con discapacidad o enfermedades graves, respetando sus derechos fundamentales y promoviendo su autonom\u00eda.<\/li>\n<li><strong>Reconocimiento del cuidado como trabajo.<\/strong> Por mayor\u00eda, la Corte reconoce que el cuidado constituye una forma de trabajo protegida, independientemente de si existe una relaci\u00f3n econ\u00f3mica, familiar o de solidaridad.<\/li>\n<li><strong>Derechos laborales de trabajadores del cuidado.<\/strong> Los trabajadores remunerados del cuidado deben gozar de los mismos derechos laborales que cualquier otro trabajador, incluyendo estabilidad, remuneraci\u00f3n justa y protecci\u00f3n social.<\/li>\n<li><strong>Garant\u00edas m\u00ednimas para cuidadores no remunerados.<\/strong> El trabajo de cuidado no remunerado debe ejercerse libremente, y los Estados deben brindar garant\u00edas m\u00ednimas para proteger el bienestar f\u00edsico, emocional y econ\u00f3mico de quienes lo realizan.<\/li>\n<li><strong>Conciliaci\u00f3n laboral y familiar.<\/strong> Los trabajadores con responsabilidades familiares deben poder ejercer su derecho al trabajo sin discriminaci\u00f3n, mediante medidas de conciliaci\u00f3n como licencias, horarios flexibles y servicios de cuidado.<\/li>\n<li><strong>Sistemas de seguridad social inclusivos.<\/strong> Los Estados deben establecer sistemas de seguridad social universales, inclusivos y solidarios, que reconozcan el valor del cuidado y protejan a quienes lo ejercen.<\/li>\n<li><strong>Licencias de cuidado.<\/strong> Se deben garantizar licencias de maternidad, paternidad y cuidado, que permitan ejercer los derechos a cuidar, ser cuidado y al autocuidado en condiciones de igualdad.<\/li>\n<li><strong>Prestaciones previsionales para cuidadores.<\/strong> Las personas que realizan labores de cuidado no remuneradas deben acceder a prestaciones de invalidez, vejez y sobrevivencia, para evitar situaciones de desamparo.<\/li>\n<li><strong>Extensi\u00f3n de prestaciones a personas dependientes.<\/strong> Las prestaciones econ\u00f3micas de seguridad social deben extenderse a personas que no puedan costear su cuidado, por razones de edad, salud o discapacidad.<\/li>\n<li><strong>Protecci\u00f3n de trabajadores del cuidado en salud.<\/strong> Se reconoce el rol central de los trabajadores del cuidado en el derecho a la salud, y se deben implementar medidas para proteger sus derechos laborales y personales.<\/li>\n<li><strong>Acceso a servicios de salud.<\/strong> Debe garantizarse el acceso a servicios de salud para quienes brindan o reciben cuidados, incluyendo prevenci\u00f3n, tratamiento y cuidados paliativos.<\/li>\n<li><strong>Educaci\u00f3n y cuidado.<\/strong> La sobrecarga de cuidados no remunerados no debe impedir el acceso a la educaci\u00f3n, especialmente en casos de maternidades tempranas. Tambi\u00e9n se debe promover la capacitaci\u00f3n de personas cuidadoras.<\/li>\n<li><strong>Adaptaci\u00f3n de sistemas educativos.<\/strong> Los sistemas educativos deben adaptarse a las necesidades de cuidado, considerando el ciclo vital, grado de dependencia y caracter\u00edsticas personales de quienes reciben cuidados.<\/li>\n<li><strong>Educaci\u00f3n para la equidad y el autocuidado.<\/strong> La educaci\u00f3n debe contribuir a superar estereotipos de g\u00e9nero, promover la autonom\u00eda y brindar herramientas para el bienestar integral, incluyendo el autocuidado.<\/li>\n<li><strong>Reconocimiento de saberes tradicionales.<\/strong> Los Estados deben reconocer diversos modelos de organizaci\u00f3n del cuidado, valorando especialmente los saberes tradicionales, locales e ind\u00edgenas que vinculan el cuidado de las personas con el del medio ambiente.<\/li>\n<\/ol>\n<figure style=\"width: 229px\" class=\"wp-caption aligncenter\"><img loading=\"lazy\" decoding=\"async\" src=\"https:\/\/asociacionlolamora.org.ar\/wp-content\/uploads\/2025\/09\/2-768x960.jpg\" alt=\"El derecho al cuidado\" width=\"229\" height=\"286\" \/><figcaption class=\"wp-caption-text\">El derecho al cuidado<\/figcaption><\/figure>\n<p><strong>III.- A modo de conclusi\u00f3n <\/strong><\/p>\n<p>La opini\u00f3n consultiva refiere a los estereotipos de g\u00e9nero como construcciones sociales que asignan roles diferenciados a hombres y mujeres, perpetuando desigualdades estructurales. Asegurando que estos estereotipos han influido profundamente en la distribuci\u00f3n del trabajo de cuidado, asignando a las mujeres la responsabilidad casi exclusiva de las tareas dom\u00e9sticas y de crianza. Se\u00f1alando la Corte que esta distribuci\u00f3n desigual constituye una forma de discriminaci\u00f3n estructural, especialmente cuando se basa en concepciones r\u00edgidas sobre el rol materno o familiar, como se evidenci\u00f3 en casos como Ram\u00edrez Escobar vs. Guatemala y Forner\u00f3n e hija vs. Argentina.<\/p>\n<p>En la vida cotidiana, los estereotipos de g\u00e9nero han relegado a las mujeres al \u00e1mbito privado, imponi\u00e9ndoles una doble o triple jornada laboral que limita su autonom\u00eda. A pesar de los avances en el acceso a derechos, la carga de cuidado no remunerado sigue recayendo desproporcionadamente sobre ellas. Seg\u00fan la OIT, las mujeres realizan m\u00e1s del 76% de este trabajo, y en Am\u00e9rica Latina y el Caribe, su aporte econ\u00f3mico al PIB por estas tareas es significativo pero invisibilizado. La Corte destaca que esta situaci\u00f3n exige una redistribuci\u00f3n equitativa del cuidado entre familia, sociedad y Estado.<\/p>\n<p>Tambi\u00e9n se analiza c\u00f3mo esta distribuci\u00f3n desigual afecta el ejercicio de derechos fundamentales como el acceso al trabajo, la seguridad social y la educaci\u00f3n. Las mujeres enfrentan obst\u00e1culos estructurales para ingresar y progresar en el mercado laboral debido a las responsabilidades de cuidado. Esta sobrecarga limita su tiempo para estudiar, trabajar o participar en espacios de liderazgo. Adem\u00e1s, la falta de reconocimiento del cuidado en los sistemas de seguridad social contribuye a la feminizaci\u00f3n de la pobreza, especialmente en la vejez.<\/p>\n<p>El an\u00e1lisis se extiende a grupos en situaci\u00f3n de especial vulnerabilidad, como mujeres jefas de hogares monoparentales, privadas de libertad, migrantes, ind\u00edgenas y afrodescendientes. Estas mujeres enfrentan m\u00faltiples formas de discriminaci\u00f3n que intensifican su exclusi\u00f3n. La Corte exige a los Estados adoptar medidas espec\u00edficas para garantizar el derecho al cuidado en condiciones de igualdad, incluyendo pol\u00edticas laborales, educativas y sociales que reconozcan estas realidades.<\/p>\n<p>Por otro lado, el derecho al cuidado tambi\u00e9n implica el derecho a recibir cuidados. Este derecho debe ejercerse sin discriminaci\u00f3n y orientado a maximizar la autonom\u00eda de quien lo recibe. Los principales grupos destinatarios son ni\u00f1as, ni\u00f1os y adolescentes, personas mayores y personas con discapacidad o enfermedades que comprometen la independencia. La Corte establece que el Estado debe garantizar cuidados adecuados, accesibles y dignos, especialmente cuando la familia no puede proveerlos. Adem\u00e1s, subraya la importancia de evitar pr\u00e1cticas de institucionalizaci\u00f3n forzada y promover modelos de cuidado centrados en la persona.<\/p>\n<p>En conclusi\u00f3n, la Corte Interamericana reconoce el cuidado como un derecho humano fundamental, tanto en su dimensi\u00f3n de brindar como de recibir cuidados. Este derecho debe ejercerse en condiciones de igualdad, sin estereotipos ni discriminaci\u00f3n, y con corresponsabilidad entre familia, sociedad y Estado. Los Estados tienen la obligaci\u00f3n de adoptar medidas progresivas que garanticen este derecho, reconociendo la diversidad de las familias y las distintas formas de vulnerabilidad que atraviesan a quienes cuidan y a quienes son cuidados.<\/p>\n<p><strong>(*)\u00a0<\/strong>Abogada U.B.A. columnista jur\u00eddica del Diario Digital Femenino. Direcci\u00f3n de equidad de g\u00e9nero y diversidad sexual de la c\u00e1mara de diputados de la provincia de Buenos Aires. Participa en la Asociaci\u00f3n \u201cAcompa\u00f1antes\u201d a cargo del Dr. Diego Ortiz. Miembro del \u201cInstituto de la Mujer\u201d de la Fundaci\u00f3n Pro Humanae Vitae FPHV. Coordinadora de la revista \u201cPr\u00e1ctica Profesional\u201d Ediciones Jur\u00eddicas, directora Dra. Viviana De Souza. Subdirectora del Observatorio de decisiones judiciales con perspectiva de g\u00e9nero del \u00e1rea de Investigaci\u00f3n y Cl\u00ednicas jur\u00eddicas del C.A.L.P.\u00a0<a href=\"https:\/\/blog-ericaperez.blogspot.com\/\">https:\/\/blog-ericaperez.blogspot.com<\/a><\/p>\n<blockquote><p><strong>Seguinos en Instagram. Diario Digital Femenino:\u00a0<a href=\"https:\/\/www.instagram.com\/diariodigitalfemenino_\/\">@diariodigitalfemenino_<\/a><br \/>\nLenny C\u00e1ceres:\u00a0<a href=\"https:\/\/www.instagram.com\/lennycaceres69\/\">@lennycaceres69<\/a><br \/>\nFacebook:\u00a0<a href=\"https:\/\/www.facebook.com\/DiarioDigitalFemenino\/\">Diario Digital Femenino\u00a0<\/a><br \/>\nTikTok;\u00a0<a href=\"https:\/\/www.tiktok.com\/@diariodigitalfemenino\">diariodigitalfemenino<\/a><\/strong><\/p><\/blockquote>\n<p>Colabora con Diario Digital Femenino<br \/>\n$3.000 por mes (sosten\u00e9s a largo plazo) Enlace: <a href=\"https:\/\/www.mercadopago.com.ar\/subscriptions\/checkout?preapproval_plan_id=2c93808496ae4a940196b01559a4004f\" target=\"_blank\" rel=\"noopener\">https:\/\/www.mercadopago.com.ar\/subscriptions\/checkout?preapproval_plan_id=2c93808496ae4a940196b01559a4004f<\/a><br \/>\nUna opci\u00f3n una vez al a\u00f1o, vos decid\u00eds el monto (un gesto, una ayuda concreta) Enlace: <a href=\"https:\/\/www.mercadopago.com.ar\/subscriptions\/checkout?preapproval_plan_id=2c938084981e9ee501982d4490280459\" target=\"_blank\" rel=\"noopener\">https:\/\/www.mercadopago.com.ar\/subscriptions\/checkout?preapproval_plan_id=2c938084981e9ee501982d4490280459<\/a><br \/>\nPor \u00fanica vez, el monto que decidas. Alias: Lenny.Caceres<\/p>\n","protected":false},"excerpt":{"rendered":"<p>\u00bfQui\u00e9n cuida a quienes cuidan?La Corte Interamericana acaba de reconocer algo hist\u00f3rico: el cuidado no es un favor ni una carga invisible, sino un derecho humano aut\u00f3nomo. El Derecho al Cuidado como Derecho Humano Aut\u00f3nomo. An\u00e1lisis de la Opini\u00f3n Consultiva OC-31\/25 Por Erica P\u00e9rez* I.- El derecho a cuidar, a ser cuidado y al autocuidado [&hellip;]<\/p>\n","protected":false},"author":6,"featured_media":75292,"comment_status":"open","ping_status":"open","sticky":false,"template":"","format":"standard","meta":{"iawp_total_views":175,"footnotes":""},"categories":[7,1067,178,19,627,78,182,32,6,21],"tags":[4773,2404,3018,30,4649,7557,4812],"class_list":["post-75291","post","type-post","status-publish","format-standard","has-post-thumbnail","hentry","category-actividades","category-agenda-feminista","category-articulos-y-comunicados","category-biblioteca","category-genero-y-derechos-humanos","category-guias","category-informes","category-mujeres","category-articulos","category-noticias","tag-analisis","tag-cuidado","tag-derecho","tag-derechos-humanos","tag-erica-perez","tag-opinion-consultiva","tag-reconocimiento"],"nelio_content":{"autoShareEndMode":"never","automationSources":{"useCustomSentences":false,"customSentences":[]},"efiAlt":"","efiUrl":"","followers":[6],"highlights":[],"isAutoShareEnabled":true,"networkImageIds":[],"permalinkQueryArgs":[],"series":[],"suggestedReferences":[]},"yoast_head":"<!-- This site is optimized with the Yoast SEO plugin v27.5 - https:\/\/yoast.com\/product\/yoast-seo-wordpress\/ -->\n<title>El derecho al cuidado como Derecho Humano aut\u00f3nomo - Diario Digital Femenino<\/title>\n<meta name=\"description\" content=\"El derecho al cuidado como Derecho Humano Aut\u00f3nomo.An\u00e1lisis de la Opini\u00f3n Consultiva OC-31\/25, an\u00e1lisis por Erica P\u00e9rez.\" \/>\n<meta name=\"robots\" content=\"index, follow, max-snippet:-1, max-image-preview:large, max-video-preview:-1\" \/>\n<link rel=\"canonical\" href=\"https:\/\/diariofemenino.com.ar\/df\/el-derecho-al-cuidado-como-derecho-humano-autonomo\/\" \/>\n<meta property=\"og:locale\" content=\"es_ES\" \/>\n<meta property=\"og:type\" content=\"article\" \/>\n<meta property=\"og:title\" content=\"El derecho al cuidado como Derecho Humano aut\u00f3nomo - Diario Digital Femenino\" \/>\n<meta property=\"og:description\" content=\"El derecho al cuidado como Derecho Humano Aut\u00f3nomo.An\u00e1lisis de la Opini\u00f3n Consultiva OC-31\/25, an\u00e1lisis por Erica P\u00e9rez.\" \/>\n<meta property=\"og:url\" content=\"https:\/\/diariofemenino.com.ar\/df\/el-derecho-al-cuidado-como-derecho-humano-autonomo\/\" \/>\n<meta property=\"og:site_name\" content=\"Diario Digital Femenino\" \/>\n<meta property=\"article:publisher\" content=\"https:\/\/www.facebook.com\/DiarioDigitaFemenino\/\" \/>\n<meta property=\"article:published_time\" content=\"2025-09-24T14:58:24+00:00\" \/>\n<meta property=\"article:modified_time\" content=\"2025-09-29T13:34:19+00:00\" \/>\n<meta property=\"og:image\" content=\"https:\/\/diariofemenino.com.ar\/df\/wp-content\/uploads\/2025\/09\/ilustra_care_2021_featured.webp\" \/>\n\t<meta property=\"og:image:width\" content=\"1160\" \/>\n\t<meta property=\"og:image:height\" content=\"630\" \/>\n\t<meta property=\"og:image:type\" content=\"image\/webp\" \/>\n<meta name=\"author\" content=\"redaccion\" \/>\n<meta name=\"twitter:card\" content=\"summary_large_image\" \/>\n<meta name=\"twitter:creator\" content=\"@DiarioFemenino1\" \/>\n<meta name=\"twitter:site\" content=\"@DiarioFemenino1\" \/>\n<meta name=\"twitter:label1\" content=\"Escrito por\" \/>\n\t<meta name=\"twitter:data1\" content=\"redaccion\" \/>\n\t<meta name=\"twitter:label2\" content=\"Tiempo de lectura\" \/>\n\t<meta name=\"twitter:data2\" content=\"10 minutos\" \/>\n<script type=\"application\/ld+json\" class=\"yoast-schema-graph\">{\"@context\":\"https:\\\/\\\/schema.org\",\"@graph\":[{\"@type\":\"Article\",\"@id\":\"https:\\\/\\\/diariofemenino.com.ar\\\/df\\\/el-derecho-al-cuidado-como-derecho-humano-autonomo\\\/#article\",\"isPartOf\":{\"@id\":\"https:\\\/\\\/diariofemenino.com.ar\\\/df\\\/el-derecho-al-cuidado-como-derecho-humano-autonomo\\\/\"},\"author\":{\"name\":\"redaccion\",\"@id\":\"https:\\\/\\\/diariofemenino.com.ar\\\/df\\\/#\\\/schema\\\/person\\\/b6ba2e26f7891f232694804f228a7f27\"},\"headline\":\"El derecho al cuidado como Derecho Humano aut\u00f3nomo\",\"datePublished\":\"2025-09-24T14:58:24+00:00\",\"dateModified\":\"2025-09-29T13:34:19+00:00\",\"mainEntityOfPage\":{\"@id\":\"https:\\\/\\\/diariofemenino.com.ar\\\/df\\\/el-derecho-al-cuidado-como-derecho-humano-autonomo\\\/\"},\"wordCount\":2148,\"commentCount\":0,\"publisher\":{\"@id\":\"https:\\\/\\\/diariofemenino.com.ar\\\/df\\\/#organization\"},\"image\":{\"@id\":\"https:\\\/\\\/diariofemenino.com.ar\\\/df\\\/el-derecho-al-cuidado-como-derecho-humano-autonomo\\\/#primaryimage\"},\"thumbnailUrl\":\"https:\\\/\\\/diariofemenino.com.ar\\\/df\\\/wp-content\\\/uploads\\\/2025\\\/09\\\/ilustra_care_2021_featured.webp\",\"keywords\":[\"An\u00e1lisis\",\"Cuidado\",\"Derecho\",\"Derechos Humanos\",\"Erica P\u00e9rez\",\"Opini\u00f3n Consultiva\",\"Reconocimiento\"],\"articleSection\":[\"Actividades\",\"Agenda Feminista\",\"Art\u00edculos y Comunicados\",\"Biblioteca Virtual\",\"G\u00e9nero y Derechos Humanos\",\"Gu\u00edas\",\"Informes\",\"Mujeres\",\"Mujeres en Palabras\",\"Noticias\"],\"inLanguage\":\"es\",\"potentialAction\":[{\"@type\":\"CommentAction\",\"name\":\"Comment\",\"target\":[\"https:\\\/\\\/diariofemenino.com.ar\\\/df\\\/el-derecho-al-cuidado-como-derecho-humano-autonomo\\\/#respond\"]}]},{\"@type\":\"WebPage\",\"@id\":\"https:\\\/\\\/diariofemenino.com.ar\\\/df\\\/el-derecho-al-cuidado-como-derecho-humano-autonomo\\\/\",\"url\":\"https:\\\/\\\/diariofemenino.com.ar\\\/df\\\/el-derecho-al-cuidado-como-derecho-humano-autonomo\\\/\",\"name\":\"El derecho al cuidado como Derecho Humano aut\u00f3nomo - Diario Digital Femenino\",\"isPartOf\":{\"@id\":\"https:\\\/\\\/diariofemenino.com.ar\\\/df\\\/#website\"},\"primaryImageOfPage\":{\"@id\":\"https:\\\/\\\/diariofemenino.com.ar\\\/df\\\/el-derecho-al-cuidado-como-derecho-humano-autonomo\\\/#primaryimage\"},\"image\":{\"@id\":\"https:\\\/\\\/diariofemenino.com.ar\\\/df\\\/el-derecho-al-cuidado-como-derecho-humano-autonomo\\\/#primaryimage\"},\"thumbnailUrl\":\"https:\\\/\\\/diariofemenino.com.ar\\\/df\\\/wp-content\\\/uploads\\\/2025\\\/09\\\/ilustra_care_2021_featured.webp\",\"datePublished\":\"2025-09-24T14:58:24+00:00\",\"dateModified\":\"2025-09-29T13:34:19+00:00\",\"description\":\"El derecho al cuidado como Derecho Humano Aut\u00f3nomo.An\u00e1lisis de la Opini\u00f3n Consultiva OC-31\\\/25, an\u00e1lisis por Erica P\u00e9rez.\",\"breadcrumb\":{\"@id\":\"https:\\\/\\\/diariofemenino.com.ar\\\/df\\\/el-derecho-al-cuidado-como-derecho-humano-autonomo\\\/#breadcrumb\"},\"inLanguage\":\"es\",\"potentialAction\":[{\"@type\":\"ReadAction\",\"target\":[\"https:\\\/\\\/diariofemenino.com.ar\\\/df\\\/el-derecho-al-cuidado-como-derecho-humano-autonomo\\\/\"]}]},{\"@type\":\"ImageObject\",\"inLanguage\":\"es\",\"@id\":\"https:\\\/\\\/diariofemenino.com.ar\\\/df\\\/el-derecho-al-cuidado-como-derecho-humano-autonomo\\\/#primaryimage\",\"url\":\"https:\\\/\\\/diariofemenino.com.ar\\\/df\\\/wp-content\\\/uploads\\\/2025\\\/09\\\/ilustra_care_2021_featured.webp\",\"contentUrl\":\"https:\\\/\\\/diariofemenino.com.ar\\\/df\\\/wp-content\\\/uploads\\\/2025\\\/09\\\/ilustra_care_2021_featured.webp\",\"width\":1160,\"height\":630,\"caption\":\"El derecho al cuidado como Derecho Humano aut\u00f3nomo\"},{\"@type\":\"BreadcrumbList\",\"@id\":\"https:\\\/\\\/diariofemenino.com.ar\\\/df\\\/el-derecho-al-cuidado-como-derecho-humano-autonomo\\\/#breadcrumb\",\"itemListElement\":[{\"@type\":\"ListItem\",\"position\":1,\"name\":\"Portada\",\"item\":\"https:\\\/\\\/diariofemenino.com.ar\\\/df\\\/\"},{\"@type\":\"ListItem\",\"position\":2,\"name\":\"El derecho al cuidado como Derecho Humano aut\u00f3nomo\"}]},{\"@type\":\"WebSite\",\"@id\":\"https:\\\/\\\/diariofemenino.com.ar\\\/df\\\/#website\",\"url\":\"https:\\\/\\\/diariofemenino.com.ar\\\/df\\\/\",\"name\":\"Diario Digital Femenino\",\"description\":\"Cuesti\u00f3n de G\u00e9nero\",\"publisher\":{\"@id\":\"https:\\\/\\\/diariofemenino.com.ar\\\/df\\\/#organization\"},\"potentialAction\":[{\"@type\":\"SearchAction\",\"target\":{\"@type\":\"EntryPoint\",\"urlTemplate\":\"https:\\\/\\\/diariofemenino.com.ar\\\/df\\\/?s={search_term_string}\"},\"query-input\":{\"@type\":\"PropertyValueSpecification\",\"valueRequired\":true,\"valueName\":\"search_term_string\"}}],\"inLanguage\":\"es\"},{\"@type\":\"Organization\",\"@id\":\"https:\\\/\\\/diariofemenino.com.ar\\\/df\\\/#organization\",\"name\":\"Diario Femenino\",\"url\":\"https:\\\/\\\/diariofemenino.com.ar\\\/df\\\/\",\"logo\":{\"@type\":\"ImageObject\",\"inLanguage\":\"es\",\"@id\":\"https:\\\/\\\/diariofemenino.com.ar\\\/df\\\/#\\\/schema\\\/logo\\\/image\\\/\",\"url\":\"https:\\\/\\\/diariofemenino.com.ar\\\/df\\\/wp-content\\\/uploads\\\/2018\\\/10\\\/logo.png\",\"contentUrl\":\"https:\\\/\\\/diariofemenino.com.ar\\\/df\\\/wp-content\\\/uploads\\\/2018\\\/10\\\/logo.png\",\"width\":500,\"height\":92,\"caption\":\"Diario Femenino\"},\"image\":{\"@id\":\"https:\\\/\\\/diariofemenino.com.ar\\\/df\\\/#\\\/schema\\\/logo\\\/image\\\/\"},\"sameAs\":[\"https:\\\/\\\/www.facebook.com\\\/DiarioDigitaFemenino\\\/\",\"https:\\\/\\\/x.com\\\/DiarioFemenino1\"]},{\"@type\":\"Person\",\"@id\":\"https:\\\/\\\/diariofemenino.com.ar\\\/df\\\/#\\\/schema\\\/person\\\/b6ba2e26f7891f232694804f228a7f27\",\"name\":\"redaccion\",\"image\":{\"@type\":\"ImageObject\",\"inLanguage\":\"es\",\"@id\":\"https:\\\/\\\/diariofemenino.com.ar\\\/df\\\/wp-content\\\/uploads\\\/2024\\\/09\\\/0eda9a67-a560-4264-8085-ae5314b35c5a-150x150.avif\",\"url\":\"https:\\\/\\\/diariofemenino.com.ar\\\/df\\\/wp-content\\\/uploads\\\/2024\\\/09\\\/0eda9a67-a560-4264-8085-ae5314b35c5a-150x150.avif\",\"contentUrl\":\"https:\\\/\\\/diariofemenino.com.ar\\\/df\\\/wp-content\\\/uploads\\\/2024\\\/09\\\/0eda9a67-a560-4264-8085-ae5314b35c5a-150x150.avif\",\"caption\":\"redaccion\"},\"url\":\"https:\\\/\\\/diariofemenino.com.ar\\\/df\\\/author\\\/redaccion\\\/\"}]}<\/script>\n<!-- \/ Yoast SEO plugin. -->","yoast_head_json":{"title":"El derecho al cuidado como Derecho Humano aut\u00f3nomo - Diario Digital Femenino","description":"El derecho al cuidado como Derecho Humano Aut\u00f3nomo.An\u00e1lisis de la Opini\u00f3n Consultiva OC-31\/25, an\u00e1lisis por Erica P\u00e9rez.","robots":{"index":"index","follow":"follow","max-snippet":"max-snippet:-1","max-image-preview":"max-image-preview:large","max-video-preview":"max-video-preview:-1"},"canonical":"https:\/\/diariofemenino.com.ar\/df\/el-derecho-al-cuidado-como-derecho-humano-autonomo\/","og_locale":"es_ES","og_type":"article","og_title":"El derecho al cuidado como Derecho Humano aut\u00f3nomo - Diario Digital Femenino","og_description":"El derecho al cuidado como Derecho Humano Aut\u00f3nomo.An\u00e1lisis de la Opini\u00f3n Consultiva OC-31\/25, an\u00e1lisis por Erica P\u00e9rez.","og_url":"https:\/\/diariofemenino.com.ar\/df\/el-derecho-al-cuidado-como-derecho-humano-autonomo\/","og_site_name":"Diario Digital Femenino","article_publisher":"https:\/\/www.facebook.com\/DiarioDigitaFemenino\/","article_published_time":"2025-09-24T14:58:24+00:00","article_modified_time":"2025-09-29T13:34:19+00:00","og_image":[{"width":1160,"height":630,"url":"https:\/\/diariofemenino.com.ar\/df\/wp-content\/uploads\/2025\/09\/ilustra_care_2021_featured.webp","type":"image\/webp"}],"author":"redaccion","twitter_card":"summary_large_image","twitter_creator":"@DiarioFemenino1","twitter_site":"@DiarioFemenino1","twitter_misc":{"Escrito por":"redaccion","Tiempo de lectura":"10 minutos"},"schema":{"@context":"https:\/\/schema.org","@graph":[{"@type":"Article","@id":"https:\/\/diariofemenino.com.ar\/df\/el-derecho-al-cuidado-como-derecho-humano-autonomo\/#article","isPartOf":{"@id":"https:\/\/diariofemenino.com.ar\/df\/el-derecho-al-cuidado-como-derecho-humano-autonomo\/"},"author":{"name":"redaccion","@id":"https:\/\/diariofemenino.com.ar\/df\/#\/schema\/person\/b6ba2e26f7891f232694804f228a7f27"},"headline":"El derecho al cuidado como Derecho Humano aut\u00f3nomo","datePublished":"2025-09-24T14:58:24+00:00","dateModified":"2025-09-29T13:34:19+00:00","mainEntityOfPage":{"@id":"https:\/\/diariofemenino.com.ar\/df\/el-derecho-al-cuidado-como-derecho-humano-autonomo\/"},"wordCount":2148,"commentCount":0,"publisher":{"@id":"https:\/\/diariofemenino.com.ar\/df\/#organization"},"image":{"@id":"https:\/\/diariofemenino.com.ar\/df\/el-derecho-al-cuidado-como-derecho-humano-autonomo\/#primaryimage"},"thumbnailUrl":"https:\/\/diariofemenino.com.ar\/df\/wp-content\/uploads\/2025\/09\/ilustra_care_2021_featured.webp","keywords":["An\u00e1lisis","Cuidado","Derecho","Derechos Humanos","Erica P\u00e9rez","Opini\u00f3n Consultiva","Reconocimiento"],"articleSection":["Actividades","Agenda Feminista","Art\u00edculos y Comunicados","Biblioteca Virtual","G\u00e9nero y Derechos Humanos","Gu\u00edas","Informes","Mujeres","Mujeres en Palabras","Noticias"],"inLanguage":"es","potentialAction":[{"@type":"CommentAction","name":"Comment","target":["https:\/\/diariofemenino.com.ar\/df\/el-derecho-al-cuidado-como-derecho-humano-autonomo\/#respond"]}]},{"@type":"WebPage","@id":"https:\/\/diariofemenino.com.ar\/df\/el-derecho-al-cuidado-como-derecho-humano-autonomo\/","url":"https:\/\/diariofemenino.com.ar\/df\/el-derecho-al-cuidado-como-derecho-humano-autonomo\/","name":"El derecho al cuidado como Derecho Humano aut\u00f3nomo - Diario Digital Femenino","isPartOf":{"@id":"https:\/\/diariofemenino.com.ar\/df\/#website"},"primaryImageOfPage":{"@id":"https:\/\/diariofemenino.com.ar\/df\/el-derecho-al-cuidado-como-derecho-humano-autonomo\/#primaryimage"},"image":{"@id":"https:\/\/diariofemenino.com.ar\/df\/el-derecho-al-cuidado-como-derecho-humano-autonomo\/#primaryimage"},"thumbnailUrl":"https:\/\/diariofemenino.com.ar\/df\/wp-content\/uploads\/2025\/09\/ilustra_care_2021_featured.webp","datePublished":"2025-09-24T14:58:24+00:00","dateModified":"2025-09-29T13:34:19+00:00","description":"El derecho al cuidado como Derecho Humano Aut\u00f3nomo.An\u00e1lisis de la Opini\u00f3n Consultiva OC-31\/25, an\u00e1lisis por Erica P\u00e9rez.","breadcrumb":{"@id":"https:\/\/diariofemenino.com.ar\/df\/el-derecho-al-cuidado-como-derecho-humano-autonomo\/#breadcrumb"},"inLanguage":"es","potentialAction":[{"@type":"ReadAction","target":["https:\/\/diariofemenino.com.ar\/df\/el-derecho-al-cuidado-como-derecho-humano-autonomo\/"]}]},{"@type":"ImageObject","inLanguage":"es","@id":"https:\/\/diariofemenino.com.ar\/df\/el-derecho-al-cuidado-como-derecho-humano-autonomo\/#primaryimage","url":"https:\/\/diariofemenino.com.ar\/df\/wp-content\/uploads\/2025\/09\/ilustra_care_2021_featured.webp","contentUrl":"https:\/\/diariofemenino.com.ar\/df\/wp-content\/uploads\/2025\/09\/ilustra_care_2021_featured.webp","width":1160,"height":630,"caption":"El derecho al cuidado como Derecho Humano aut\u00f3nomo"},{"@type":"BreadcrumbList","@id":"https:\/\/diariofemenino.com.ar\/df\/el-derecho-al-cuidado-como-derecho-humano-autonomo\/#breadcrumb","itemListElement":[{"@type":"ListItem","position":1,"name":"Portada","item":"https:\/\/diariofemenino.com.ar\/df\/"},{"@type":"ListItem","position":2,"name":"El derecho al cuidado como Derecho Humano aut\u00f3nomo"}]},{"@type":"WebSite","@id":"https:\/\/diariofemenino.com.ar\/df\/#website","url":"https:\/\/diariofemenino.com.ar\/df\/","name":"Diario Digital Femenino","description":"Cuesti\u00f3n de G\u00e9nero","publisher":{"@id":"https:\/\/diariofemenino.com.ar\/df\/#organization"},"potentialAction":[{"@type":"SearchAction","target":{"@type":"EntryPoint","urlTemplate":"https:\/\/diariofemenino.com.ar\/df\/?s={search_term_string}"},"query-input":{"@type":"PropertyValueSpecification","valueRequired":true,"valueName":"search_term_string"}}],"inLanguage":"es"},{"@type":"Organization","@id":"https:\/\/diariofemenino.com.ar\/df\/#organization","name":"Diario Femenino","url":"https:\/\/diariofemenino.com.ar\/df\/","logo":{"@type":"ImageObject","inLanguage":"es","@id":"https:\/\/diariofemenino.com.ar\/df\/#\/schema\/logo\/image\/","url":"https:\/\/diariofemenino.com.ar\/df\/wp-content\/uploads\/2018\/10\/logo.png","contentUrl":"https:\/\/diariofemenino.com.ar\/df\/wp-content\/uploads\/2018\/10\/logo.png","width":500,"height":92,"caption":"Diario Femenino"},"image":{"@id":"https:\/\/diariofemenino.com.ar\/df\/#\/schema\/logo\/image\/"},"sameAs":["https:\/\/www.facebook.com\/DiarioDigitaFemenino\/","https:\/\/x.com\/DiarioFemenino1"]},{"@type":"Person","@id":"https:\/\/diariofemenino.com.ar\/df\/#\/schema\/person\/b6ba2e26f7891f232694804f228a7f27","name":"redaccion","image":{"@type":"ImageObject","inLanguage":"es","@id":"https:\/\/diariofemenino.com.ar\/df\/wp-content\/uploads\/2024\/09\/0eda9a67-a560-4264-8085-ae5314b35c5a-150x150.avif","url":"https:\/\/diariofemenino.com.ar\/df\/wp-content\/uploads\/2024\/09\/0eda9a67-a560-4264-8085-ae5314b35c5a-150x150.avif","contentUrl":"https:\/\/diariofemenino.com.ar\/df\/wp-content\/uploads\/2024\/09\/0eda9a67-a560-4264-8085-ae5314b35c5a-150x150.avif","caption":"redaccion"},"url":"https:\/\/diariofemenino.com.ar\/df\/author\/redaccion\/"}]}},"jetpack_featured_media_url":"https:\/\/diariofemenino.com.ar\/df\/wp-content\/uploads\/2025\/09\/ilustra_care_2021_featured.webp","jetpack_sharing_enabled":true,"rttpg_featured_image_url":{"full":["https:\/\/diariofemenino.com.ar\/df\/wp-content\/uploads\/2025\/09\/ilustra_care_2021_featured.webp",1160,630,false],"landscape":["https:\/\/diariofemenino.com.ar\/df\/wp-content\/uploads\/2025\/09\/ilustra_care_2021_featured.webp",1160,630,false],"portraits":["https:\/\/diariofemenino.com.ar\/df\/wp-content\/uploads\/2025\/09\/ilustra_care_2021_featured.webp",1160,630,false],"thumbnail":["https:\/\/diariofemenino.com.ar\/df\/wp-content\/uploads\/2025\/09\/ilustra_care_2021_featured-150x150.webp",150,150,true],"medium":["https:\/\/diariofemenino.com.ar\/df\/wp-content\/uploads\/2025\/09\/ilustra_care_2021_featured-300x163.webp",300,163,true],"large":["https:\/\/diariofemenino.com.ar\/df\/wp-content\/uploads\/2025\/09\/ilustra_care_2021_featured-1024x556.webp",1024,556,true],"1536x1536":["https:\/\/diariofemenino.com.ar\/df\/wp-content\/uploads\/2025\/09\/ilustra_care_2021_featured.webp",1160,630,false],"2048x2048":["https:\/\/diariofemenino.com.ar\/df\/wp-content\/uploads\/2025\/09\/ilustra_care_2021_featured.webp",1160,630,false]},"rttpg_author":{"display_name":"redaccion","author_link":"https:\/\/diariofemenino.com.ar\/df\/author\/redaccion\/"},"rttpg_comment":0,"rttpg_category":"<a href=\"https:\/\/diariofemenino.com.ar\/df\/category\/actividades\/\" rel=\"category tag\">Actividades<\/a> <a href=\"https:\/\/diariofemenino.com.ar\/df\/category\/agenda-feminista\/\" rel=\"category tag\">Agenda Feminista<\/a> <a href=\"https:\/\/diariofemenino.com.ar\/df\/category\/articulos-y-comunicados\/\" rel=\"category tag\">Art\u00edculos y Comunicados<\/a> <a href=\"https:\/\/diariofemenino.com.ar\/df\/category\/biblioteca\/\" rel=\"category tag\">Biblioteca Virtual<\/a> <a href=\"https:\/\/diariofemenino.com.ar\/df\/category\/genero-y-derechos-humanos\/\" rel=\"category tag\">G\u00e9nero y Derechos Humanos<\/a> <a href=\"https:\/\/diariofemenino.com.ar\/df\/category\/guias\/\" rel=\"category tag\">Gu\u00edas<\/a> <a href=\"https:\/\/diariofemenino.com.ar\/df\/category\/informes\/\" rel=\"category tag\">Informes<\/a> <a href=\"https:\/\/diariofemenino.com.ar\/df\/category\/mujeres\/\" rel=\"category tag\">Mujeres<\/a> <a href=\"https:\/\/diariofemenino.com.ar\/df\/category\/articulos\/\" rel=\"category tag\">Mujeres en Palabras<\/a> <a href=\"https:\/\/diariofemenino.com.ar\/df\/category\/noticias\/\" rel=\"category tag\">Noticias<\/a>","rttpg_excerpt":"\u00bfQui\u00e9n cuida a quienes cuidan?La Corte Interamericana acaba de reconocer algo hist\u00f3rico: el cuidado no es un favor ni una carga invisible, sino un derecho humano aut\u00f3nomo. El Derecho al Cuidado como Derecho Humano Aut\u00f3nomo. An\u00e1lisis de la Opini\u00f3n Consultiva OC-31\/25 Por Erica P\u00e9rez* I.- El derecho a cuidar, a ser cuidado y al autocuidado&hellip;","_links":{"self":[{"href":"https:\/\/diariofemenino.com.ar\/df\/wp-json\/wp\/v2\/posts\/75291","targetHints":{"allow":["GET"]}}],"collection":[{"href":"https:\/\/diariofemenino.com.ar\/df\/wp-json\/wp\/v2\/posts"}],"about":[{"href":"https:\/\/diariofemenino.com.ar\/df\/wp-json\/wp\/v2\/types\/post"}],"author":[{"embeddable":true,"href":"https:\/\/diariofemenino.com.ar\/df\/wp-json\/wp\/v2\/users\/6"}],"replies":[{"embeddable":true,"href":"https:\/\/diariofemenino.com.ar\/df\/wp-json\/wp\/v2\/comments?post=75291"}],"version-history":[{"count":6,"href":"https:\/\/diariofemenino.com.ar\/df\/wp-json\/wp\/v2\/posts\/75291\/revisions"}],"predecessor-version":[{"id":75309,"href":"https:\/\/diariofemenino.com.ar\/df\/wp-json\/wp\/v2\/posts\/75291\/revisions\/75309"}],"wp:featuredmedia":[{"embeddable":true,"href":"https:\/\/diariofemenino.com.ar\/df\/wp-json\/wp\/v2\/media\/75292"}],"wp:attachment":[{"href":"https:\/\/diariofemenino.com.ar\/df\/wp-json\/wp\/v2\/media?parent=75291"}],"wp:term":[{"taxonomy":"category","embeddable":true,"href":"https:\/\/diariofemenino.com.ar\/df\/wp-json\/wp\/v2\/categories?post=75291"},{"taxonomy":"post_tag","embeddable":true,"href":"https:\/\/diariofemenino.com.ar\/df\/wp-json\/wp\/v2\/tags?post=75291"}],"curies":[{"name":"wp","href":"https:\/\/api.w.org\/{rel}","templated":true}]}}