{"id":75276,"date":"2025-09-24T09:08:18","date_gmt":"2025-09-24T12:08:18","guid":{"rendered":"https:\/\/diariofemenino.com.ar\/df\/?p=75276"},"modified":"2025-09-24T10:22:34","modified_gmt":"2025-09-24T13:22:34","slug":"ro-ferrer-de-sarah-kay-a-sarah-connor","status":"publish","type":"post","link":"https:\/\/diariofemenino.com.ar\/df\/ro-ferrer-de-sarah-kay-a-sarah-connor\/","title":{"rendered":"Ro Ferrer: De Sarah Kay a Sarah Connor"},"content":{"rendered":"<p><em><strong>Un viaje entre risas, ilustraciones y reflexiones feministas: Ro Ferrer debuta en Mar del Plata con un stand up gr\u00e1fico tan ingenioso como necesario.<br \/>\n<\/strong><\/em><\/p>\n<figure id=\"attachment_75282\" aria-describedby=\"caption-attachment-75282\" style=\"width: 391px\" class=\"wp-caption aligncenter\"><img loading=\"lazy\" decoding=\"async\" class=\" wp-image-75282\" src=\"https:\/\/diariofemenino.com.ar\/df\/wp-content\/uploads\/2025\/09\/Ro-1-300x79.webp\" alt=\"Ro Ferrer: De Sarah Kay a Sarah Connor\" width=\"391\" height=\"103\" srcset=\"https:\/\/diariofemenino.com.ar\/df\/wp-content\/uploads\/2025\/09\/Ro-1-300x79.webp 300w, https:\/\/diariofemenino.com.ar\/df\/wp-content\/uploads\/2025\/09\/Ro-1-768x203.webp 768w, https:\/\/diariofemenino.com.ar\/df\/wp-content\/uploads\/2025\/09\/Ro-1.webp 896w\" sizes=\"auto, (max-width: 391px) 100vw, 391px\" \/><figcaption id=\"caption-attachment-75282\" class=\"wp-caption-text\">Ro Ferrer: De Sarah Kay a Sarah Connor<\/figcaption><\/figure>\n<p data-start=\"306\" data-end=\"697\">La reconocida artivista e ilustradora <a href=\"https:\/\/diariofemenino.com.ar\/df\/?s=Ro+Ferrer\">Ro Ferrer<\/a> presenta su primer unipersonal de stand up gr\u00e1fico, <em data-start=\"406\" data-end=\"437\">\u201cDe Sarah Kay a Sarah Connor\u201d<\/em>, un espect\u00e1culo innovador que combina humor e ilustraciones proyectadas en vivo. El debut ser\u00e1 el pr\u00f3ximo <strong data-start=\"541\" data-end=\"641\">14 de noviembre a las 21 en la sala Melany del Centro de Arte Mdq (San Luis 1750, Mar del Plata)<\/strong>. Entradas en venta a $15.000 por <strong><a href=\"https:\/\/www.plateanet.com\/obra\/32576?obra=RO%20FERRER%20DE%20SARAH%20KAY%20A%20SARAH%20CONNOR&amp;paso=inicio\">Plateanet<\/a><\/strong> y boleter\u00eda.<\/p>\n<p data-start=\"935\" data-end=\"1117\">Y lo hace en un lugar especial: <strong data-start=\"967\" data-end=\"1002\">Mar del Plata, su segundo hogar<\/strong>. La ciudad donde se siente parte de la comunidad art\u00edstica y donde eligi\u00f3 dar este primer paso sobre las tablas.<\/p>\n<p data-start=\"1119\" data-end=\"1474\">Con iron\u00eda, ternura y una mirada feminista, Ferrer propone un recorrido desde la ni\u00f1ez hasta la adultez, cuestionando mandatos sociales, estereotipos de g\u00e9nero y desigualdades culturales. En escena, se vincula con sus ilustraciones en un di\u00e1logo l\u00fadico que incluye tambi\u00e9n a los varones, haciendo del humor una herramienta de reflexi\u00f3n y transformaci\u00f3n.<\/p>\n<p data-start=\"1476\" data-end=\"1824\">Con m\u00e1s de 141 mil seguidores en redes, 8.500 publicaciones y alrededor de 88 mil interacciones mensuales, su arte ya trascendi\u00f3 fronteras en pa\u00edses como Espa\u00f1a, M\u00e9xico y Chile. Ahora, la creadora que conquist\u00f3 a una audiencia mayoritariamente femenina (64% entre 25 y 44 a\u00f1os) se anima a subir a las tablas, llevando su \u201cartivismo\u201d al terreno del stand up.<\/p>\n<p data-start=\"1826\" data-end=\"2051\"><em data-start=\"1826\" data-end=\"1857\">\u201cDe Sarah Kay a Sarah Connor\u201d<\/em> es un espect\u00e1culo que une humor \u00e1cido, ilustraciones en vivo y perspectiva de g\u00e9nero para re\u00edrnos de lo cotidiano y desaprender lo hegem\u00f3nico. Una comedia gr\u00e1fica fresca, potente y necesaria.<\/p>\n<p data-start=\"2053\" data-end=\"2140\"><strong data-start=\"2053\" data-end=\"2077\">Autora e int\u00e9rprete:<\/strong> Ro Ferrer<br data-start=\"2087\" data-end=\"2090\" \/><strong data-start=\"2090\" data-end=\"2113\">Direcci\u00f3n y m\u00fasica:<\/strong> Luciana \u201cChana\u201d Giordano<\/p>\n<figure id=\"attachment_75279\" aria-describedby=\"caption-attachment-75279\" style=\"width: 420px\" class=\"wp-caption aligncenter\"><img loading=\"lazy\" decoding=\"async\" class=\" wp-image-75279\" src=\"https:\/\/diariofemenino.com.ar\/df\/wp-content\/uploads\/2025\/09\/Ro-4-300x222.webp\" alt=\"Ro Ferrer: De Sarah Kay a Sarah Connor\" width=\"420\" height=\"311\" srcset=\"https:\/\/diariofemenino.com.ar\/df\/wp-content\/uploads\/2025\/09\/Ro-4-300x222.webp 300w, https:\/\/diariofemenino.com.ar\/df\/wp-content\/uploads\/2025\/09\/Ro-4-768x569.webp 768w, https:\/\/diariofemenino.com.ar\/df\/wp-content\/uploads\/2025\/09\/Ro-4.webp 803w\" sizes=\"auto, (max-width: 420px) 100vw, 420px\" \/><figcaption id=\"caption-attachment-75279\" class=\"wp-caption-text\">Ro Ferrer: De Sarah Kay a Sarah Connor<\/figcaption><\/figure>\n<p><strong><br \/>\nSinopsis de la obra.<\/strong><\/p>\n<p style=\"text-align: justify;\">Utilizando humor y arte gr\u00e1fico (ilustraciones y animaciones en vivo), se realiza una cr\u00edtica hacia estereotipos, roles y mandatos sociales.<br \/>\nEl espect\u00e1culo propone el recorrido desde la ni\u00f1ez hasta la vida adulta, riendo del \u201cdeber ser\u201d, diferenciando los procesos naturales de las imposiciones culturales.<\/p>\n<p style=\"text-align: justify;\">El objetivo es desarmar violencias y desigualdades estructurales, visibilizar mitos y prejuicios que durante siglos se vivieron como \u201cinformaci\u00f3n cient\u00edfica\u201d o del orden biol\u00f3gico. Desaprender la configuraci\u00f3n de \u201clo hegem\u00f3nico\u201d y borrar l\u00edmites desde la perspectiva de g\u00e9nero (feminista) y de Derechos Humanos prestando atenci\u00f3n a la violencia simb\u00f3lica y su mecanismo de normalizaci\u00f3n de todas las otras formas de deshumanizaci\u00f3n, discriminaci\u00f3n, agresi\u00f3n, y m\u00e1s.<br \/>\n\u201cDe Sarah Kay a Sarah Connor\u201d es ESI para todas las personas.<\/p>\n<p><strong>Seguinos en Instagram. Diario Digital Femenino:\u00a0<a href=\"https:\/\/www.instagram.com\/diariodigitalfemenino_\/\">@diariodigitalfemenino_<\/a><br \/>\nLenny C\u00e1ceres:\u00a0<a href=\"https:\/\/www.instagram.com\/lennycaceres69\/\">@lennycaceres69<\/a><br \/>\nFacebook:\u00a0<a href=\"https:\/\/www.facebook.com\/DiarioDigitalFemenino\/\">Diario Digital Femenino\u00a0<\/a><br \/>\nTikTok;\u00a0<a href=\"https:\/\/www.tiktok.com\/@diariodigitalfemenino\">diariodigitalfemenino<\/a><\/strong><\/p>\n<figure id=\"attachment_75278\" aria-describedby=\"caption-attachment-75278\" style=\"width: 287px\" class=\"wp-caption aligncenter\"><img loading=\"lazy\" decoding=\"async\" class=\" wp-image-75278\" src=\"https:\/\/diariofemenino.com.ar\/df\/wp-content\/uploads\/2025\/09\/WhatsApp-Image-2025-09-22-at-13.14.09-240x300.webp\" alt=\"Ro Ferrer: De Sarah Kay a Sarah Connor\" width=\"287\" height=\"359\" srcset=\"https:\/\/diariofemenino.com.ar\/df\/wp-content\/uploads\/2025\/09\/WhatsApp-Image-2025-09-22-at-13.14.09-240x300.webp 240w, https:\/\/diariofemenino.com.ar\/df\/wp-content\/uploads\/2025\/09\/WhatsApp-Image-2025-09-22-at-13.14.09-819x1024.webp 819w, https:\/\/diariofemenino.com.ar\/df\/wp-content\/uploads\/2025\/09\/WhatsApp-Image-2025-09-22-at-13.14.09-768x960.webp 768w, https:\/\/diariofemenino.com.ar\/df\/wp-content\/uploads\/2025\/09\/WhatsApp-Image-2025-09-22-at-13.14.09.webp 1080w\" sizes=\"auto, (max-width: 287px) 100vw, 287px\" \/><figcaption id=\"caption-attachment-75278\" class=\"wp-caption-text\">Ro Ferrer: De Sarah Kay a Sarah Connor<\/figcaption><\/figure>\n","protected":false},"excerpt":{"rendered":"<p>Un viaje entre risas, ilustraciones y reflexiones feministas: Ro Ferrer debuta en Mar del Plata con un stand up gr\u00e1fico tan ingenioso como necesario. La reconocida artivista e ilustradora Ro Ferrer presenta su primer unipersonal de stand up gr\u00e1fico, \u201cDe Sarah Kay a Sarah Connor\u201d, un espect\u00e1culo innovador que combina humor e ilustraciones proyectadas en [&hellip;]<\/p>\n","protected":false},"author":6,"featured_media":75281,"comment_status":"open","ping_status":"open","sticky":false,"template":"","format":"standard","meta":{"iawp_total_views":50,"footnotes":""},"categories":[7,1067,178,9,4,32,6,21,1],"tags":[4372,106,4045,7553,4924,2845,1674,555,7556,7555,7554],"class_list":["post-75276","post","type-post","status-publish","format-standard","has-post-thumbnail","hentry","category-actividades","category-agenda-feminista","category-articulos-y-comunicados","category-de-esi-si-se-habla","category-medios","category-mujeres","category-articulos","category-noticias","category-uncategorized","tag-destacada","tag-humor","tag-ilustraciones","tag-luciana-chana-giordano","tag-mandatos","tag-mar-del-plata","tag-reflexiones","tag-ro-ferrer","tag-sarah-connor","tag-sarah-kay","tag-stand-up"],"nelio_content":{"autoShareEndMode":"never","automationSources":{"useCustomSentences":false,"customSentences":[]},"efiAlt":"","efiUrl":"","followers":[6],"highlights":[],"isAutoShareEnabled":true,"networkImageIds":[],"permalinkQueryArgs":[],"series":[],"suggestedReferences":[]},"yoast_head":"<!-- This site is optimized with the Yoast SEO plugin v27.5 - https:\/\/yoast.com\/product\/yoast-seo-wordpress\/ -->\n<title>Ro Ferrer: De Sarah Kay a Sarah Connor - Diario Digital Femenino<\/title>\n<meta name=\"description\" content=\"Ro Ferrer presenta su primer unipersonal de stand up gr\u00e1fico, \u201cDe Sarah Kay a Sarah Connor\u201d, un espect\u00e1culo innovador.\" \/>\n<meta name=\"robots\" content=\"index, follow, max-snippet:-1, max-image-preview:large, max-video-preview:-1\" \/>\n<link rel=\"canonical\" href=\"https:\/\/diariofemenino.com.ar\/df\/ro-ferrer-de-sarah-kay-a-sarah-connor\/\" \/>\n<meta property=\"og:locale\" content=\"es_ES\" \/>\n<meta property=\"og:type\" content=\"article\" \/>\n<meta property=\"og:title\" content=\"Ro Ferrer: De Sarah Kay a Sarah Connor - Diario Digital Femenino\" \/>\n<meta property=\"og:description\" content=\"Ro Ferrer presenta su primer unipersonal de stand up gr\u00e1fico, \u201cDe Sarah Kay a Sarah Connor\u201d, un espect\u00e1culo innovador.\" \/>\n<meta property=\"og:url\" content=\"https:\/\/diariofemenino.com.ar\/df\/ro-ferrer-de-sarah-kay-a-sarah-connor\/\" \/>\n<meta property=\"og:site_name\" content=\"Diario Digital Femenino\" \/>\n<meta property=\"article:publisher\" content=\"https:\/\/www.facebook.com\/DiarioDigitaFemenino\/\" \/>\n<meta property=\"article:published_time\" content=\"2025-09-24T12:08:18+00:00\" \/>\n<meta property=\"article:modified_time\" content=\"2025-09-24T13:22:34+00:00\" \/>\n<meta property=\"og:image\" content=\"https:\/\/diariofemenino.com.ar\/df\/wp-content\/uploads\/2025\/09\/Ro-2.webp\" \/>\n\t<meta property=\"og:image:width\" content=\"817\" \/>\n\t<meta property=\"og:image:height\" content=\"580\" \/>\n\t<meta property=\"og:image:type\" content=\"image\/webp\" \/>\n<meta name=\"author\" content=\"redaccion\" \/>\n<meta name=\"twitter:card\" content=\"summary_large_image\" \/>\n<meta name=\"twitter:creator\" content=\"@DiarioFemenino1\" \/>\n<meta name=\"twitter:site\" content=\"@DiarioFemenino1\" \/>\n<meta name=\"twitter:label1\" content=\"Escrito por\" \/>\n\t<meta name=\"twitter:data1\" content=\"redaccion\" \/>\n\t<meta name=\"twitter:label2\" content=\"Tiempo de lectura\" \/>\n\t<meta name=\"twitter:data2\" content=\"3 minutos\" \/>\n<script type=\"application\/ld+json\" class=\"yoast-schema-graph\">{\"@context\":\"https:\\\/\\\/schema.org\",\"@graph\":[{\"@type\":\"Article\",\"@id\":\"https:\\\/\\\/diariofemenino.com.ar\\\/df\\\/ro-ferrer-de-sarah-kay-a-sarah-connor\\\/#article\",\"isPartOf\":{\"@id\":\"https:\\\/\\\/diariofemenino.com.ar\\\/df\\\/ro-ferrer-de-sarah-kay-a-sarah-connor\\\/\"},\"author\":{\"name\":\"redaccion\",\"@id\":\"https:\\\/\\\/diariofemenino.com.ar\\\/df\\\/#\\\/schema\\\/person\\\/b6ba2e26f7891f232694804f228a7f27\"},\"headline\":\"Ro Ferrer: De Sarah Kay a Sarah Connor\",\"datePublished\":\"2025-09-24T12:08:18+00:00\",\"dateModified\":\"2025-09-24T13:22:34+00:00\",\"mainEntityOfPage\":{\"@id\":\"https:\\\/\\\/diariofemenino.com.ar\\\/df\\\/ro-ferrer-de-sarah-kay-a-sarah-connor\\\/\"},\"wordCount\":513,\"commentCount\":0,\"publisher\":{\"@id\":\"https:\\\/\\\/diariofemenino.com.ar\\\/df\\\/#organization\"},\"image\":{\"@id\":\"https:\\\/\\\/diariofemenino.com.ar\\\/df\\\/ro-ferrer-de-sarah-kay-a-sarah-connor\\\/#primaryimage\"},\"thumbnailUrl\":\"https:\\\/\\\/diariofemenino.com.ar\\\/df\\\/wp-content\\\/uploads\\\/2025\\\/09\\\/Ro-2.webp\",\"keywords\":[\"Destacada\",\"Humor\",\"Ilustraciones\",\"Luciana \u201cChana\u201d Giordano\",\"Mandatos\",\"Mar del Plata\",\"Reflexiones\",\"Ro Ferrer\",\"Sarah Connor\",\"Sarah Kay\",\"stand up\"],\"articleSection\":[\"Actividades\",\"Agenda Feminista\",\"Art\u00edculos y Comunicados\",\"De ESI S\u00ed Se Habla\",\"Medios\",\"Mujeres\",\"Mujeres en Palabras\",\"Noticias\",\"Uncategorized\"],\"inLanguage\":\"es\",\"potentialAction\":[{\"@type\":\"CommentAction\",\"name\":\"Comment\",\"target\":[\"https:\\\/\\\/diariofemenino.com.ar\\\/df\\\/ro-ferrer-de-sarah-kay-a-sarah-connor\\\/#respond\"]}]},{\"@type\":\"WebPage\",\"@id\":\"https:\\\/\\\/diariofemenino.com.ar\\\/df\\\/ro-ferrer-de-sarah-kay-a-sarah-connor\\\/\",\"url\":\"https:\\\/\\\/diariofemenino.com.ar\\\/df\\\/ro-ferrer-de-sarah-kay-a-sarah-connor\\\/\",\"name\":\"Ro Ferrer: De Sarah Kay a Sarah Connor - Diario Digital Femenino\",\"isPartOf\":{\"@id\":\"https:\\\/\\\/diariofemenino.com.ar\\\/df\\\/#website\"},\"primaryImageOfPage\":{\"@id\":\"https:\\\/\\\/diariofemenino.com.ar\\\/df\\\/ro-ferrer-de-sarah-kay-a-sarah-connor\\\/#primaryimage\"},\"image\":{\"@id\":\"https:\\\/\\\/diariofemenino.com.ar\\\/df\\\/ro-ferrer-de-sarah-kay-a-sarah-connor\\\/#primaryimage\"},\"thumbnailUrl\":\"https:\\\/\\\/diariofemenino.com.ar\\\/df\\\/wp-content\\\/uploads\\\/2025\\\/09\\\/Ro-2.webp\",\"datePublished\":\"2025-09-24T12:08:18+00:00\",\"dateModified\":\"2025-09-24T13:22:34+00:00\",\"description\":\"Ro Ferrer presenta su primer unipersonal de stand up gr\u00e1fico, \u201cDe Sarah Kay a Sarah Connor\u201d, un espect\u00e1culo innovador.\",\"breadcrumb\":{\"@id\":\"https:\\\/\\\/diariofemenino.com.ar\\\/df\\\/ro-ferrer-de-sarah-kay-a-sarah-connor\\\/#breadcrumb\"},\"inLanguage\":\"es\",\"potentialAction\":[{\"@type\":\"ReadAction\",\"target\":[\"https:\\\/\\\/diariofemenino.com.ar\\\/df\\\/ro-ferrer-de-sarah-kay-a-sarah-connor\\\/\"]}]},{\"@type\":\"ImageObject\",\"inLanguage\":\"es\",\"@id\":\"https:\\\/\\\/diariofemenino.com.ar\\\/df\\\/ro-ferrer-de-sarah-kay-a-sarah-connor\\\/#primaryimage\",\"url\":\"https:\\\/\\\/diariofemenino.com.ar\\\/df\\\/wp-content\\\/uploads\\\/2025\\\/09\\\/Ro-2.webp\",\"contentUrl\":\"https:\\\/\\\/diariofemenino.com.ar\\\/df\\\/wp-content\\\/uploads\\\/2025\\\/09\\\/Ro-2.webp\",\"width\":817,\"height\":580,\"caption\":\"Ro Ferrer: De Sarah Kay a Sarah Connor\"},{\"@type\":\"BreadcrumbList\",\"@id\":\"https:\\\/\\\/diariofemenino.com.ar\\\/df\\\/ro-ferrer-de-sarah-kay-a-sarah-connor\\\/#breadcrumb\",\"itemListElement\":[{\"@type\":\"ListItem\",\"position\":1,\"name\":\"Portada\",\"item\":\"https:\\\/\\\/diariofemenino.com.ar\\\/df\\\/\"},{\"@type\":\"ListItem\",\"position\":2,\"name\":\"Ro Ferrer: De Sarah Kay a Sarah Connor\"}]},{\"@type\":\"WebSite\",\"@id\":\"https:\\\/\\\/diariofemenino.com.ar\\\/df\\\/#website\",\"url\":\"https:\\\/\\\/diariofemenino.com.ar\\\/df\\\/\",\"name\":\"Diario Digital Femenino\",\"description\":\"Cuesti\u00f3n de G\u00e9nero\",\"publisher\":{\"@id\":\"https:\\\/\\\/diariofemenino.com.ar\\\/df\\\/#organization\"},\"potentialAction\":[{\"@type\":\"SearchAction\",\"target\":{\"@type\":\"EntryPoint\",\"urlTemplate\":\"https:\\\/\\\/diariofemenino.com.ar\\\/df\\\/?s={search_term_string}\"},\"query-input\":{\"@type\":\"PropertyValueSpecification\",\"valueRequired\":true,\"valueName\":\"search_term_string\"}}],\"inLanguage\":\"es\"},{\"@type\":\"Organization\",\"@id\":\"https:\\\/\\\/diariofemenino.com.ar\\\/df\\\/#organization\",\"name\":\"Diario Femenino\",\"url\":\"https:\\\/\\\/diariofemenino.com.ar\\\/df\\\/\",\"logo\":{\"@type\":\"ImageObject\",\"inLanguage\":\"es\",\"@id\":\"https:\\\/\\\/diariofemenino.com.ar\\\/df\\\/#\\\/schema\\\/logo\\\/image\\\/\",\"url\":\"https:\\\/\\\/diariofemenino.com.ar\\\/df\\\/wp-content\\\/uploads\\\/2018\\\/10\\\/logo.png\",\"contentUrl\":\"https:\\\/\\\/diariofemenino.com.ar\\\/df\\\/wp-content\\\/uploads\\\/2018\\\/10\\\/logo.png\",\"width\":500,\"height\":92,\"caption\":\"Diario Femenino\"},\"image\":{\"@id\":\"https:\\\/\\\/diariofemenino.com.ar\\\/df\\\/#\\\/schema\\\/logo\\\/image\\\/\"},\"sameAs\":[\"https:\\\/\\\/www.facebook.com\\\/DiarioDigitaFemenino\\\/\",\"https:\\\/\\\/x.com\\\/DiarioFemenino1\"]},{\"@type\":\"Person\",\"@id\":\"https:\\\/\\\/diariofemenino.com.ar\\\/df\\\/#\\\/schema\\\/person\\\/b6ba2e26f7891f232694804f228a7f27\",\"name\":\"redaccion\",\"image\":{\"@type\":\"ImageObject\",\"inLanguage\":\"es\",\"@id\":\"https:\\\/\\\/diariofemenino.com.ar\\\/df\\\/wp-content\\\/uploads\\\/2024\\\/09\\\/0eda9a67-a560-4264-8085-ae5314b35c5a-150x150.avif\",\"url\":\"https:\\\/\\\/diariofemenino.com.ar\\\/df\\\/wp-content\\\/uploads\\\/2024\\\/09\\\/0eda9a67-a560-4264-8085-ae5314b35c5a-150x150.avif\",\"contentUrl\":\"https:\\\/\\\/diariofemenino.com.ar\\\/df\\\/wp-content\\\/uploads\\\/2024\\\/09\\\/0eda9a67-a560-4264-8085-ae5314b35c5a-150x150.avif\",\"caption\":\"redaccion\"},\"url\":\"https:\\\/\\\/diariofemenino.com.ar\\\/df\\\/author\\\/redaccion\\\/\"}]}<\/script>\n<!-- \/ Yoast SEO plugin. -->","yoast_head_json":{"title":"Ro Ferrer: De Sarah Kay a Sarah Connor - Diario Digital Femenino","description":"Ro Ferrer presenta su primer unipersonal de stand up gr\u00e1fico, \u201cDe Sarah Kay a Sarah Connor\u201d, un espect\u00e1culo innovador.","robots":{"index":"index","follow":"follow","max-snippet":"max-snippet:-1","max-image-preview":"max-image-preview:large","max-video-preview":"max-video-preview:-1"},"canonical":"https:\/\/diariofemenino.com.ar\/df\/ro-ferrer-de-sarah-kay-a-sarah-connor\/","og_locale":"es_ES","og_type":"article","og_title":"Ro Ferrer: De Sarah Kay a Sarah Connor - Diario Digital Femenino","og_description":"Ro Ferrer presenta su primer unipersonal de stand up gr\u00e1fico, \u201cDe Sarah Kay a Sarah Connor\u201d, un espect\u00e1culo innovador.","og_url":"https:\/\/diariofemenino.com.ar\/df\/ro-ferrer-de-sarah-kay-a-sarah-connor\/","og_site_name":"Diario Digital Femenino","article_publisher":"https:\/\/www.facebook.com\/DiarioDigitaFemenino\/","article_published_time":"2025-09-24T12:08:18+00:00","article_modified_time":"2025-09-24T13:22:34+00:00","og_image":[{"width":817,"height":580,"url":"https:\/\/diariofemenino.com.ar\/df\/wp-content\/uploads\/2025\/09\/Ro-2.webp","type":"image\/webp"}],"author":"redaccion","twitter_card":"summary_large_image","twitter_creator":"@DiarioFemenino1","twitter_site":"@DiarioFemenino1","twitter_misc":{"Escrito por":"redaccion","Tiempo de lectura":"3 minutos"},"schema":{"@context":"https:\/\/schema.org","@graph":[{"@type":"Article","@id":"https:\/\/diariofemenino.com.ar\/df\/ro-ferrer-de-sarah-kay-a-sarah-connor\/#article","isPartOf":{"@id":"https:\/\/diariofemenino.com.ar\/df\/ro-ferrer-de-sarah-kay-a-sarah-connor\/"},"author":{"name":"redaccion","@id":"https:\/\/diariofemenino.com.ar\/df\/#\/schema\/person\/b6ba2e26f7891f232694804f228a7f27"},"headline":"Ro Ferrer: De Sarah Kay a Sarah Connor","datePublished":"2025-09-24T12:08:18+00:00","dateModified":"2025-09-24T13:22:34+00:00","mainEntityOfPage":{"@id":"https:\/\/diariofemenino.com.ar\/df\/ro-ferrer-de-sarah-kay-a-sarah-connor\/"},"wordCount":513,"commentCount":0,"publisher":{"@id":"https:\/\/diariofemenino.com.ar\/df\/#organization"},"image":{"@id":"https:\/\/diariofemenino.com.ar\/df\/ro-ferrer-de-sarah-kay-a-sarah-connor\/#primaryimage"},"thumbnailUrl":"https:\/\/diariofemenino.com.ar\/df\/wp-content\/uploads\/2025\/09\/Ro-2.webp","keywords":["Destacada","Humor","Ilustraciones","Luciana \u201cChana\u201d Giordano","Mandatos","Mar del Plata","Reflexiones","Ro Ferrer","Sarah Connor","Sarah Kay","stand up"],"articleSection":["Actividades","Agenda Feminista","Art\u00edculos y Comunicados","De ESI S\u00ed Se Habla","Medios","Mujeres","Mujeres en Palabras","Noticias","Uncategorized"],"inLanguage":"es","potentialAction":[{"@type":"CommentAction","name":"Comment","target":["https:\/\/diariofemenino.com.ar\/df\/ro-ferrer-de-sarah-kay-a-sarah-connor\/#respond"]}]},{"@type":"WebPage","@id":"https:\/\/diariofemenino.com.ar\/df\/ro-ferrer-de-sarah-kay-a-sarah-connor\/","url":"https:\/\/diariofemenino.com.ar\/df\/ro-ferrer-de-sarah-kay-a-sarah-connor\/","name":"Ro Ferrer: De Sarah Kay a Sarah Connor - Diario Digital Femenino","isPartOf":{"@id":"https:\/\/diariofemenino.com.ar\/df\/#website"},"primaryImageOfPage":{"@id":"https:\/\/diariofemenino.com.ar\/df\/ro-ferrer-de-sarah-kay-a-sarah-connor\/#primaryimage"},"image":{"@id":"https:\/\/diariofemenino.com.ar\/df\/ro-ferrer-de-sarah-kay-a-sarah-connor\/#primaryimage"},"thumbnailUrl":"https:\/\/diariofemenino.com.ar\/df\/wp-content\/uploads\/2025\/09\/Ro-2.webp","datePublished":"2025-09-24T12:08:18+00:00","dateModified":"2025-09-24T13:22:34+00:00","description":"Ro Ferrer presenta su primer unipersonal de stand up gr\u00e1fico, \u201cDe Sarah Kay a Sarah Connor\u201d, un espect\u00e1culo innovador.","breadcrumb":{"@id":"https:\/\/diariofemenino.com.ar\/df\/ro-ferrer-de-sarah-kay-a-sarah-connor\/#breadcrumb"},"inLanguage":"es","potentialAction":[{"@type":"ReadAction","target":["https:\/\/diariofemenino.com.ar\/df\/ro-ferrer-de-sarah-kay-a-sarah-connor\/"]}]},{"@type":"ImageObject","inLanguage":"es","@id":"https:\/\/diariofemenino.com.ar\/df\/ro-ferrer-de-sarah-kay-a-sarah-connor\/#primaryimage","url":"https:\/\/diariofemenino.com.ar\/df\/wp-content\/uploads\/2025\/09\/Ro-2.webp","contentUrl":"https:\/\/diariofemenino.com.ar\/df\/wp-content\/uploads\/2025\/09\/Ro-2.webp","width":817,"height":580,"caption":"Ro Ferrer: De Sarah Kay a Sarah Connor"},{"@type":"BreadcrumbList","@id":"https:\/\/diariofemenino.com.ar\/df\/ro-ferrer-de-sarah-kay-a-sarah-connor\/#breadcrumb","itemListElement":[{"@type":"ListItem","position":1,"name":"Portada","item":"https:\/\/diariofemenino.com.ar\/df\/"},{"@type":"ListItem","position":2,"name":"Ro Ferrer: De Sarah Kay a Sarah Connor"}]},{"@type":"WebSite","@id":"https:\/\/diariofemenino.com.ar\/df\/#website","url":"https:\/\/diariofemenino.com.ar\/df\/","name":"Diario Digital Femenino","description":"Cuesti\u00f3n de G\u00e9nero","publisher":{"@id":"https:\/\/diariofemenino.com.ar\/df\/#organization"},"potentialAction":[{"@type":"SearchAction","target":{"@type":"EntryPoint","urlTemplate":"https:\/\/diariofemenino.com.ar\/df\/?s={search_term_string}"},"query-input":{"@type":"PropertyValueSpecification","valueRequired":true,"valueName":"search_term_string"}}],"inLanguage":"es"},{"@type":"Organization","@id":"https:\/\/diariofemenino.com.ar\/df\/#organization","name":"Diario Femenino","url":"https:\/\/diariofemenino.com.ar\/df\/","logo":{"@type":"ImageObject","inLanguage":"es","@id":"https:\/\/diariofemenino.com.ar\/df\/#\/schema\/logo\/image\/","url":"https:\/\/diariofemenino.com.ar\/df\/wp-content\/uploads\/2018\/10\/logo.png","contentUrl":"https:\/\/diariofemenino.com.ar\/df\/wp-content\/uploads\/2018\/10\/logo.png","width":500,"height":92,"caption":"Diario Femenino"},"image":{"@id":"https:\/\/diariofemenino.com.ar\/df\/#\/schema\/logo\/image\/"},"sameAs":["https:\/\/www.facebook.com\/DiarioDigitaFemenino\/","https:\/\/x.com\/DiarioFemenino1"]},{"@type":"Person","@id":"https:\/\/diariofemenino.com.ar\/df\/#\/schema\/person\/b6ba2e26f7891f232694804f228a7f27","name":"redaccion","image":{"@type":"ImageObject","inLanguage":"es","@id":"https:\/\/diariofemenino.com.ar\/df\/wp-content\/uploads\/2024\/09\/0eda9a67-a560-4264-8085-ae5314b35c5a-150x150.avif","url":"https:\/\/diariofemenino.com.ar\/df\/wp-content\/uploads\/2024\/09\/0eda9a67-a560-4264-8085-ae5314b35c5a-150x150.avif","contentUrl":"https:\/\/diariofemenino.com.ar\/df\/wp-content\/uploads\/2024\/09\/0eda9a67-a560-4264-8085-ae5314b35c5a-150x150.avif","caption":"redaccion"},"url":"https:\/\/diariofemenino.com.ar\/df\/author\/redaccion\/"}]}},"jetpack_featured_media_url":"https:\/\/diariofemenino.com.ar\/df\/wp-content\/uploads\/2025\/09\/Ro-2.webp","jetpack_sharing_enabled":true,"rttpg_featured_image_url":{"full":["https:\/\/diariofemenino.com.ar\/df\/wp-content\/uploads\/2025\/09\/Ro-2.webp",817,580,false],"landscape":["https:\/\/diariofemenino.com.ar\/df\/wp-content\/uploads\/2025\/09\/Ro-2.webp",817,580,false],"portraits":["https:\/\/diariofemenino.com.ar\/df\/wp-content\/uploads\/2025\/09\/Ro-2.webp",817,580,false],"thumbnail":["https:\/\/diariofemenino.com.ar\/df\/wp-content\/uploads\/2025\/09\/Ro-2-150x150.webp",150,150,true],"medium":["https:\/\/diariofemenino.com.ar\/df\/wp-content\/uploads\/2025\/09\/Ro-2-300x213.webp",300,213,true],"large":["https:\/\/diariofemenino.com.ar\/df\/wp-content\/uploads\/2025\/09\/Ro-2.webp",817,580,false],"1536x1536":["https:\/\/diariofemenino.com.ar\/df\/wp-content\/uploads\/2025\/09\/Ro-2.webp",817,580,false],"2048x2048":["https:\/\/diariofemenino.com.ar\/df\/wp-content\/uploads\/2025\/09\/Ro-2.webp",817,580,false]},"rttpg_author":{"display_name":"redaccion","author_link":"https:\/\/diariofemenino.com.ar\/df\/author\/redaccion\/"},"rttpg_comment":0,"rttpg_category":"<a href=\"https:\/\/diariofemenino.com.ar\/df\/category\/actividades\/\" rel=\"category tag\">Actividades<\/a> <a href=\"https:\/\/diariofemenino.com.ar\/df\/category\/agenda-feminista\/\" rel=\"category tag\">Agenda Feminista<\/a> <a href=\"https:\/\/diariofemenino.com.ar\/df\/category\/articulos-y-comunicados\/\" rel=\"category tag\">Art\u00edculos y Comunicados<\/a> <a href=\"https:\/\/diariofemenino.com.ar\/df\/category\/de-esi-si-se-habla\/\" rel=\"category tag\">De ESI S\u00ed Se Habla<\/a> <a href=\"https:\/\/diariofemenino.com.ar\/df\/category\/medios\/\" rel=\"category tag\">Medios<\/a> <a href=\"https:\/\/diariofemenino.com.ar\/df\/category\/mujeres\/\" rel=\"category tag\">Mujeres<\/a> <a href=\"https:\/\/diariofemenino.com.ar\/df\/category\/articulos\/\" rel=\"category tag\">Mujeres en Palabras<\/a> <a href=\"https:\/\/diariofemenino.com.ar\/df\/category\/noticias\/\" rel=\"category tag\">Noticias<\/a> <a href=\"https:\/\/diariofemenino.com.ar\/df\/category\/uncategorized\/\" rel=\"category tag\">Uncategorized<\/a>","rttpg_excerpt":"Un viaje entre risas, ilustraciones y reflexiones feministas: Ro Ferrer debuta en Mar del Plata con un stand up gr\u00e1fico tan ingenioso como necesario. La reconocida artivista e ilustradora Ro Ferrer presenta su primer unipersonal de stand up gr\u00e1fico, \u201cDe Sarah Kay a Sarah Connor\u201d, un espect\u00e1culo innovador que combina humor e ilustraciones proyectadas en&hellip;","_links":{"self":[{"href":"https:\/\/diariofemenino.com.ar\/df\/wp-json\/wp\/v2\/posts\/75276","targetHints":{"allow":["GET"]}}],"collection":[{"href":"https:\/\/diariofemenino.com.ar\/df\/wp-json\/wp\/v2\/posts"}],"about":[{"href":"https:\/\/diariofemenino.com.ar\/df\/wp-json\/wp\/v2\/types\/post"}],"author":[{"embeddable":true,"href":"https:\/\/diariofemenino.com.ar\/df\/wp-json\/wp\/v2\/users\/6"}],"replies":[{"embeddable":true,"href":"https:\/\/diariofemenino.com.ar\/df\/wp-json\/wp\/v2\/comments?post=75276"}],"version-history":[{"count":8,"href":"https:\/\/diariofemenino.com.ar\/df\/wp-json\/wp\/v2\/posts\/75276\/revisions"}],"predecessor-version":[{"id":75290,"href":"https:\/\/diariofemenino.com.ar\/df\/wp-json\/wp\/v2\/posts\/75276\/revisions\/75290"}],"wp:featuredmedia":[{"embeddable":true,"href":"https:\/\/diariofemenino.com.ar\/df\/wp-json\/wp\/v2\/media\/75281"}],"wp:attachment":[{"href":"https:\/\/diariofemenino.com.ar\/df\/wp-json\/wp\/v2\/media?parent=75276"}],"wp:term":[{"taxonomy":"category","embeddable":true,"href":"https:\/\/diariofemenino.com.ar\/df\/wp-json\/wp\/v2\/categories?post=75276"},{"taxonomy":"post_tag","embeddable":true,"href":"https:\/\/diariofemenino.com.ar\/df\/wp-json\/wp\/v2\/tags?post=75276"}],"curies":[{"name":"wp","href":"https:\/\/api.w.org\/{rel}","templated":true}]}}