{"id":75234,"date":"2025-09-16T09:21:48","date_gmt":"2025-09-16T12:21:48","guid":{"rendered":"https:\/\/diariofemenino.com.ar\/df\/?p=75234"},"modified":"2025-09-16T09:21:48","modified_gmt":"2025-09-16T12:21:48","slug":"la-reina-del-hogar-el-supuesto-poder","status":"publish","type":"post","link":"https:\/\/diariofemenino.com.ar\/df\/la-reina-del-hogar-el-supuesto-poder\/","title":{"rendered":"La reina del hogar: el supuesto poder"},"content":{"rendered":"<p>La reina de la casa es una oraci\u00f3n que encierra muchas cosas en la tem\u00e1tica como la mujer relegada al \u00e1mbito \u00edntimo del hogar, a los quehaceres dom\u00e9sticos, excluida del exterior, de las decisiones relevantes de la casa (como las compras o gastos a realizar, mejoras en el inmueble, inversiones), expulsada de las opciones que se le presentan en la sociedad como reuniones, fiestas, cursos. Es el supuesto poder dado por el verdadero rey de la casa y de la persona que tiene el reinado.<\/p>\n<p>Por\u00a0<strong><a href=\"https:\/\/diariofemenino.com.ar\/df\/?s=Diego+Oscar+Ortiz\">Diego Oscar Ortiz<\/a><\/strong>*<\/p>\n<p>La reina de la casa, del hogar, el ama de la casa y de ni\u00f1as y ni\u00f1os, son frases que tiene mucho contenido, contiene entre otras cosas patrones socioculturales que son mensajes, discursos, que colocan a un g\u00e9nero por encima de otro (el art 2 de la ley 26485 plantea como objetivo remover estos patrones y el art 2 del decreto reglamentario 1011\/2010 los conceptualiza), situaciones encuadradas como de violencia simb\u00f3lica en convergencia con otros tipos de violencia previstos como la psicol\u00f3gica, econ\u00f3mica, sexual (art 5 de la ley 26485) y los no mencionados as\u00ed en ley como la violencia verbal<a href=\"#_ftn1\" name=\"_ftnref1\">[1]<\/a>, ambiental<a href=\"#_ftn2\" name=\"_ftnref2\">[2]<\/a>, el destrato<a href=\"#_ftn3\" name=\"_ftnref3\">[3]<\/a>.<\/p>\n<p>Este supuesto poder no es real sino ficticio porque la mujer que es reina de la casa, no es due\u00f1a ni del hogar ni de sus decisiones. Podemos diferenciar la misma frase en los discursos de la mujer en situaci\u00f3n de violencia y el del agresor.<\/p>\n<p>\u201c<em>Ella es la reina de la casa<\/em>\u201d, podr\u00eda ser una frase proferida por el agresor (en una denuncia o no), como una defensa que generalmente utiliza para sostener que su mujer ten\u00eda todos los recursos a disposici\u00f3n (recursos que el controla y menoscaba).<\/p>\n<p>\u201c<em>Yo era la reina de la casa<\/em>\u201d, es una frase que puede ser dicha por la mujer en situaci\u00f3n de violencia de genero familiar (en una denuncia o no), como una forma de naturalizar el maltrato simb\u00f3lico y validar la frase del agresor, como que el la intentaba cuidar y darle todo lo que ella necesitaba. Esto puede estar seguido de otras frases, \u201cel no dejaba que nos falte nada\u201d, \u201ccomo \u00e9l trabajaba hacia las compras en el supermercado\u201d, \u201c\u00e9l me dijo que me quede en la casa con los chicos y que \u00e9l iba a traer el pan a la mesa\u201d.<\/p>\n<figure id=\"attachment_75235\" aria-describedby=\"caption-attachment-75235\" style=\"width: 300px\" class=\"wp-caption aligncenter\"><img loading=\"lazy\" decoding=\"async\" class=\"size-medium wp-image-75235\" src=\"https:\/\/diariofemenino.com.ar\/df\/wp-content\/uploads\/2025\/09\/156_d99d1cd4-56ed-4c0a-a80f-fa557e55c61a-1-300x300.webp\" alt=\"La reina del hogar: el supuesto poder\" width=\"300\" height=\"300\" srcset=\"https:\/\/diariofemenino.com.ar\/df\/wp-content\/uploads\/2025\/09\/156_d99d1cd4-56ed-4c0a-a80f-fa557e55c61a-1-300x300.webp 300w, https:\/\/diariofemenino.com.ar\/df\/wp-content\/uploads\/2025\/09\/156_d99d1cd4-56ed-4c0a-a80f-fa557e55c61a-1-150x150.webp 150w, https:\/\/diariofemenino.com.ar\/df\/wp-content\/uploads\/2025\/09\/156_d99d1cd4-56ed-4c0a-a80f-fa557e55c61a-1-768x768.webp 768w, https:\/\/diariofemenino.com.ar\/df\/wp-content\/uploads\/2025\/09\/156_d99d1cd4-56ed-4c0a-a80f-fa557e55c61a-1.webp 1000w\" sizes=\"auto, (max-width: 300px) 100vw, 300px\" \/><figcaption id=\"caption-attachment-75235\" class=\"wp-caption-text\">La reina del hogar: el supuesto poder<\/figcaption><\/figure>\n<p>Esta frase de mano de los operadores y operadoras de la tem\u00e1tica, es la posibilidad de un encuadre en los tipos de violencia para su posterior intervenci\u00f3n judicial e institucional.<\/p>\n<p>La actuaci\u00f3n judicial puede ponderar las situaciones encuadradas en tipos de violencia y resolver medidas espec\u00edficas de protecci\u00f3n ( las del art 26 de la ley 26485 o las no expresadas en el art\u00edculo, conforme las circunstancias del caso).<\/p>\n<p>Los profesionales de las instituciones pueden receptar esa frase y utilizarla para elaborar sus informes.<\/p>\n<p>Lo que no puede pasar es desconocer el sentido de la frase en la tem\u00e1tica, desmerecer la gravedad de esa oraci\u00f3n.<\/p>\n<blockquote><p><strong>Colabora con Diario Digital Femenino\u00a0<\/strong><br \/>\n<strong>\u00a0$3.000 por mes<\/strong>\u00a0(sosten\u00e9s a largo plazo) Enlace:\u00a0<a href=\"https:\/\/goo.su\/uY70\">https:\/\/goo.su\/uY70<\/a><br \/>\nUna opci\u00f3n\u00a0<strong>una vez al a\u00f1o<\/strong>, vos decid\u00eds el monto (un gesto, una ayuda concreta) Enlace:\u00a0<a href=\"https:\/\/goo.su\/p4gH9\">https:\/\/goo.su\/p4gH9<\/a><br \/>\n<strong>Por \u00fanica vez<\/strong>, el monto que decidas. Alias: <strong>Lenny.Caceres<\/strong><\/p><\/blockquote>\n<p>Los interrogantes a tener en cuenta podr\u00edan ser: \u00bfC\u00f3mo visibilizar esta frase en nuestras intervenciones?, \u00bfC\u00f3mo pensar en propuestas que incluyan a los integrantes de la pareja en el reparto de tareas?, que no haya ni rey ni reyna, con el supuesto poder impuesto por el var\u00f3n y el patriarcado<a href=\"#_ftn4\" name=\"_ftnref4\">[4]<\/a>.<\/p>\n<p>Para terminar mi art\u00edculo dejo unas reflexiones de Pilar Pascual Pastor de la Asociaci\u00f3n espa\u00f1ola mujeres para la salud:<\/p>\n<p>\u201cHoy soy la due\u00f1a de mi vida, elijo libremente lo que quiero, a nadie tengo que dar explicaciones de lo que haga o diga, no tengo miedo a equivocarme; es m\u00e1s, asumo toda la responsabilidad y s\u00e9 que tengo derecho a equivocarme.<\/p>\n<p>Se me cerr\u00f3 una puerta y se abrieron otras. He conocido a gente maravillosa, mujeres y hombres: incluso estoy enamorada de un hombre muy especial que me da todo lo que nunca tuve. Trato de vivir el d\u00eda a d\u00eda, disfrutar de las cosas sencillas; he vuelto a mi gran pasi\u00f3n \u00a1el baile! y me siento muy feliz.<\/p>\n<p>De haber continuado con \u00e9l, me hubiese convertido en una arp\u00eda, pues sent\u00eda envidia de esas mujeres que hac\u00edan lo que yo hago ahora: SER YO MISMA, aprend\u00ed que para vivir libremente hab\u00eda que elegir y no era f\u00e1cil ser la responsable de mis propias decisiones, incluso puede ser doloroso, pero merece la pena SER LA REINA DE MI PROPIO DESTINO<a href=\"#_ftn5\" name=\"_ftnref5\">[5]<\/a>\u201d.<\/p>\n<p><strong>(*)<\/strong>\u00a0Abogado, Profesor Universitario en Ciencias Jur\u00eddicas,\u00a0 Especialista en Violencia Familiar, autor de libros y art\u00edculos de su especialidad. Columnista de\u00a0<a href=\"https:\/\/www.instagram.com\/diariodigitalfemenino_\/\">Diario Digital Femenino<\/a>.<\/p>\n<p><strong>Referencias<\/strong><\/p>\n<p><a href=\"#_ftnref1\" name=\"_ftn1\">[1]<\/a> ORTIZ, Diego, Malas palabras, malos sentimiento, Diario Digital Femenino, 13\/06\/25, https:\/\/diariofemenino.com.ar\/df\/malas-palabras-malos-sentimientos\/<\/p>\n<p><a href=\"#_ftnref2\" name=\"_ftn2\">[2]<\/a>ORTIZ, Diego, Cuando el pu\u00f1o va a la mesa, Diario Digital Femenino, 25\/09\/22, https:\/\/diariofemenino.com.ar\/df\/cuando-el-puno-va-a-la-mesa\/<\/p>\n<p><a href=\"#_ftnref3\" name=\"_ftn3\">[3]<\/a> ORTIZ, Diego, Ni un s\u00ed ni uno, Diario Digital Femenino, 09\/10\/22, https:\/\/diariofemenino.com.ar\/df\/ni-un-si-ni-un-no\/<\/p>\n<p><a href=\"#_ftnref4\" name=\"_ftn4\">[4]<\/a> Canal de you tube libre de violencia, Paraguay, link: https:\/\/www.youtube.com\/watch?v=aqGegMal_jU<\/p>\n<p><a href=\"#_ftnref5\" name=\"_ftn5\">[5]<\/a> Mujeres para la salud (https:\/\/www.mujeresparalasalud.org\/ser-la-reina-de-mi-propio-destino\/).<\/p>\n<p>&nbsp;<\/p>\n<blockquote><p><strong>Seguinos en Instagram. Diario Digital Femenino:\u00a0<a href=\"https:\/\/www.instagram.com\/diariodigitalfemenino_\/\">@diariodigitalfemenino_<\/a><br \/>\nLenny C\u00e1ceres:\u00a0<a href=\"https:\/\/www.instagram.com\/lennycaceres69\/\">@lennycaceres69<\/a><br \/>\nFacebook:\u00a0<a href=\"https:\/\/www.facebook.com\/DiarioDigitalFemenino\/\">Diario Digital Femenino\u00a0<\/a><br \/>\nTikTok;\u00a0<a href=\"https:\/\/www.tiktok.com\/@diariodigitalfemenino\">diariodigitalfemenino<\/a><\/strong><\/p><\/blockquote>\n","protected":false},"excerpt":{"rendered":"<p>La reina de la casa es una oraci\u00f3n que encierra muchas cosas en la tem\u00e1tica como la mujer relegada al \u00e1mbito \u00edntimo del hogar, a los quehaceres dom\u00e9sticos, excluida del exterior, de las decisiones relevantes de la casa (como las compras o gastos a realizar, mejoras en el inmueble, inversiones), expulsada de las opciones que [&hellip;]<\/p>\n","protected":false},"author":6,"featured_media":75236,"comment_status":"open","ping_status":"open","sticky":false,"template":"","format":"standard","meta":{"iawp_total_views":71,"footnotes":""},"categories":[7,1067,178,627,5,592],"tags":[305,5600,4960,4372,414,3525,7544,69,6798,88],"class_list":["post-75234","post","type-post","status-publish","format-standard","has-post-thumbnail","hentry","category-actividades","category-agenda-feminista","category-articulos-y-comunicados","category-genero-y-derechos-humanos","category-historias-de-vida","category-violencias","tag-poder","tag-ddf","tag-decidir","tag-destacada","tag-diario-digital-femenino","tag-diego-oscar-ortiz","tag-elegir","tag-igualdad-de-genero","tag-ser","tag-violencia-simbolica"],"nelio_content":{"autoShareEndMode":"never","automationSources":{"useCustomSentences":false,"customSentences":[]},"efiAlt":"","efiUrl":"","followers":[6],"highlights":[],"isAutoShareEnabled":true,"networkImageIds":[],"permalinkQueryArgs":[],"series":[],"suggestedReferences":[]},"yoast_head":"<!-- This site is optimized with the Yoast SEO plugin v27.5 - https:\/\/yoast.com\/product\/yoast-seo-wordpress\/ -->\n<title>La reina del hogar: el supuesto poder - Diario Digital Femenino<\/title>\n<meta name=\"description\" content=\"La reina del hogar: el supuesto poder. Una oraci\u00f3n que encierra muchas cosas en la tem\u00e1tica como la mujer relegada al \u00e1mbito \u00edntimo.\" \/>\n<meta name=\"robots\" content=\"index, follow, max-snippet:-1, max-image-preview:large, max-video-preview:-1\" \/>\n<link rel=\"canonical\" href=\"https:\/\/diariofemenino.com.ar\/df\/la-reina-del-hogar-el-supuesto-poder\/\" \/>\n<meta property=\"og:locale\" content=\"es_ES\" \/>\n<meta property=\"og:type\" content=\"article\" \/>\n<meta property=\"og:title\" content=\"La reina del hogar: el supuesto poder - Diario Digital Femenino\" \/>\n<meta property=\"og:description\" content=\"La reina del hogar: el supuesto poder. Una oraci\u00f3n que encierra muchas cosas en la tem\u00e1tica como la mujer relegada al \u00e1mbito \u00edntimo.\" \/>\n<meta property=\"og:url\" content=\"https:\/\/diariofemenino.com.ar\/df\/la-reina-del-hogar-el-supuesto-poder\/\" \/>\n<meta property=\"og:site_name\" content=\"Diario Digital Femenino\" \/>\n<meta property=\"article:publisher\" content=\"https:\/\/www.facebook.com\/DiarioDigitaFemenino\/\" \/>\n<meta property=\"article:published_time\" content=\"2025-09-16T12:21:48+00:00\" \/>\n<meta property=\"og:image\" content=\"https:\/\/diariofemenino.com.ar\/df\/wp-content\/uploads\/2025\/09\/40-SONIA-1.webp\" \/>\n\t<meta property=\"og:image:width\" content=\"960\" \/>\n\t<meta property=\"og:image:height\" content=\"325\" \/>\n\t<meta property=\"og:image:type\" content=\"image\/webp\" \/>\n<meta name=\"author\" content=\"redaccion\" \/>\n<meta name=\"twitter:card\" content=\"summary_large_image\" \/>\n<meta name=\"twitter:creator\" content=\"@DiarioFemenino1\" \/>\n<meta name=\"twitter:site\" content=\"@DiarioFemenino1\" \/>\n<meta name=\"twitter:label1\" content=\"Escrito por\" \/>\n\t<meta name=\"twitter:data1\" content=\"redaccion\" \/>\n\t<meta name=\"twitter:label2\" content=\"Tiempo de lectura\" \/>\n\t<meta name=\"twitter:data2\" content=\"5 minutos\" \/>\n<script type=\"application\/ld+json\" class=\"yoast-schema-graph\">{\"@context\":\"https:\\\/\\\/schema.org\",\"@graph\":[{\"@type\":\"Article\",\"@id\":\"https:\\\/\\\/diariofemenino.com.ar\\\/df\\\/la-reina-del-hogar-el-supuesto-poder\\\/#article\",\"isPartOf\":{\"@id\":\"https:\\\/\\\/diariofemenino.com.ar\\\/df\\\/la-reina-del-hogar-el-supuesto-poder\\\/\"},\"author\":{\"name\":\"redaccion\",\"@id\":\"https:\\\/\\\/diariofemenino.com.ar\\\/df\\\/#\\\/schema\\\/person\\\/b6ba2e26f7891f232694804f228a7f27\"},\"headline\":\"La reina del hogar: el supuesto poder\",\"datePublished\":\"2025-09-16T12:21:48+00:00\",\"mainEntityOfPage\":{\"@id\":\"https:\\\/\\\/diariofemenino.com.ar\\\/df\\\/la-reina-del-hogar-el-supuesto-poder\\\/\"},\"wordCount\":943,\"commentCount\":0,\"publisher\":{\"@id\":\"https:\\\/\\\/diariofemenino.com.ar\\\/df\\\/#organization\"},\"image\":{\"@id\":\"https:\\\/\\\/diariofemenino.com.ar\\\/df\\\/la-reina-del-hogar-el-supuesto-poder\\\/#primaryimage\"},\"thumbnailUrl\":\"https:\\\/\\\/diariofemenino.com.ar\\\/df\\\/wp-content\\\/uploads\\\/2025\\\/09\\\/40-SONIA-1.webp\",\"keywords\":[\"#Poder\",\"DDF\",\"Decidir\",\"Destacada\",\"Diario Digital Femenino\",\"Diego Oscar Ortiz\",\"elegir\",\"Igualdad de G\u00e9nero\",\"ser\",\"Violencia Simb\u00f3lica\"],\"articleSection\":[\"Actividades\",\"Agenda Feminista\",\"Art\u00edculos y Comunicados\",\"G\u00e9nero y Derechos Humanos\",\"Historias de vida\",\"Violencias\"],\"inLanguage\":\"es\",\"potentialAction\":[{\"@type\":\"CommentAction\",\"name\":\"Comment\",\"target\":[\"https:\\\/\\\/diariofemenino.com.ar\\\/df\\\/la-reina-del-hogar-el-supuesto-poder\\\/#respond\"]}]},{\"@type\":\"WebPage\",\"@id\":\"https:\\\/\\\/diariofemenino.com.ar\\\/df\\\/la-reina-del-hogar-el-supuesto-poder\\\/\",\"url\":\"https:\\\/\\\/diariofemenino.com.ar\\\/df\\\/la-reina-del-hogar-el-supuesto-poder\\\/\",\"name\":\"La reina del hogar: el supuesto poder - Diario Digital Femenino\",\"isPartOf\":{\"@id\":\"https:\\\/\\\/diariofemenino.com.ar\\\/df\\\/#website\"},\"primaryImageOfPage\":{\"@id\":\"https:\\\/\\\/diariofemenino.com.ar\\\/df\\\/la-reina-del-hogar-el-supuesto-poder\\\/#primaryimage\"},\"image\":{\"@id\":\"https:\\\/\\\/diariofemenino.com.ar\\\/df\\\/la-reina-del-hogar-el-supuesto-poder\\\/#primaryimage\"},\"thumbnailUrl\":\"https:\\\/\\\/diariofemenino.com.ar\\\/df\\\/wp-content\\\/uploads\\\/2025\\\/09\\\/40-SONIA-1.webp\",\"datePublished\":\"2025-09-16T12:21:48+00:00\",\"description\":\"La reina del hogar: el supuesto poder. Una oraci\u00f3n que encierra muchas cosas en la tem\u00e1tica como la mujer relegada al \u00e1mbito \u00edntimo.\",\"breadcrumb\":{\"@id\":\"https:\\\/\\\/diariofemenino.com.ar\\\/df\\\/la-reina-del-hogar-el-supuesto-poder\\\/#breadcrumb\"},\"inLanguage\":\"es\",\"potentialAction\":[{\"@type\":\"ReadAction\",\"target\":[\"https:\\\/\\\/diariofemenino.com.ar\\\/df\\\/la-reina-del-hogar-el-supuesto-poder\\\/\"]}]},{\"@type\":\"ImageObject\",\"inLanguage\":\"es\",\"@id\":\"https:\\\/\\\/diariofemenino.com.ar\\\/df\\\/la-reina-del-hogar-el-supuesto-poder\\\/#primaryimage\",\"url\":\"https:\\\/\\\/diariofemenino.com.ar\\\/df\\\/wp-content\\\/uploads\\\/2025\\\/09\\\/40-SONIA-1.webp\",\"contentUrl\":\"https:\\\/\\\/diariofemenino.com.ar\\\/df\\\/wp-content\\\/uploads\\\/2025\\\/09\\\/40-SONIA-1.webp\",\"width\":960,\"height\":325,\"caption\":\"La reina del hogar: el supuesto poder\"},{\"@type\":\"BreadcrumbList\",\"@id\":\"https:\\\/\\\/diariofemenino.com.ar\\\/df\\\/la-reina-del-hogar-el-supuesto-poder\\\/#breadcrumb\",\"itemListElement\":[{\"@type\":\"ListItem\",\"position\":1,\"name\":\"Portada\",\"item\":\"https:\\\/\\\/diariofemenino.com.ar\\\/df\\\/\"},{\"@type\":\"ListItem\",\"position\":2,\"name\":\"La reina del hogar: el supuesto poder\"}]},{\"@type\":\"WebSite\",\"@id\":\"https:\\\/\\\/diariofemenino.com.ar\\\/df\\\/#website\",\"url\":\"https:\\\/\\\/diariofemenino.com.ar\\\/df\\\/\",\"name\":\"Diario Digital Femenino\",\"description\":\"Cuesti\u00f3n de G\u00e9nero\",\"publisher\":{\"@id\":\"https:\\\/\\\/diariofemenino.com.ar\\\/df\\\/#organization\"},\"potentialAction\":[{\"@type\":\"SearchAction\",\"target\":{\"@type\":\"EntryPoint\",\"urlTemplate\":\"https:\\\/\\\/diariofemenino.com.ar\\\/df\\\/?s={search_term_string}\"},\"query-input\":{\"@type\":\"PropertyValueSpecification\",\"valueRequired\":true,\"valueName\":\"search_term_string\"}}],\"inLanguage\":\"es\"},{\"@type\":\"Organization\",\"@id\":\"https:\\\/\\\/diariofemenino.com.ar\\\/df\\\/#organization\",\"name\":\"Diario Femenino\",\"url\":\"https:\\\/\\\/diariofemenino.com.ar\\\/df\\\/\",\"logo\":{\"@type\":\"ImageObject\",\"inLanguage\":\"es\",\"@id\":\"https:\\\/\\\/diariofemenino.com.ar\\\/df\\\/#\\\/schema\\\/logo\\\/image\\\/\",\"url\":\"https:\\\/\\\/diariofemenino.com.ar\\\/df\\\/wp-content\\\/uploads\\\/2018\\\/10\\\/logo.png\",\"contentUrl\":\"https:\\\/\\\/diariofemenino.com.ar\\\/df\\\/wp-content\\\/uploads\\\/2018\\\/10\\\/logo.png\",\"width\":500,\"height\":92,\"caption\":\"Diario Femenino\"},\"image\":{\"@id\":\"https:\\\/\\\/diariofemenino.com.ar\\\/df\\\/#\\\/schema\\\/logo\\\/image\\\/\"},\"sameAs\":[\"https:\\\/\\\/www.facebook.com\\\/DiarioDigitaFemenino\\\/\",\"https:\\\/\\\/x.com\\\/DiarioFemenino1\"]},{\"@type\":\"Person\",\"@id\":\"https:\\\/\\\/diariofemenino.com.ar\\\/df\\\/#\\\/schema\\\/person\\\/b6ba2e26f7891f232694804f228a7f27\",\"name\":\"redaccion\",\"image\":{\"@type\":\"ImageObject\",\"inLanguage\":\"es\",\"@id\":\"https:\\\/\\\/diariofemenino.com.ar\\\/df\\\/wp-content\\\/uploads\\\/2024\\\/09\\\/0eda9a67-a560-4264-8085-ae5314b35c5a-150x150.avif\",\"url\":\"https:\\\/\\\/diariofemenino.com.ar\\\/df\\\/wp-content\\\/uploads\\\/2024\\\/09\\\/0eda9a67-a560-4264-8085-ae5314b35c5a-150x150.avif\",\"contentUrl\":\"https:\\\/\\\/diariofemenino.com.ar\\\/df\\\/wp-content\\\/uploads\\\/2024\\\/09\\\/0eda9a67-a560-4264-8085-ae5314b35c5a-150x150.avif\",\"caption\":\"redaccion\"},\"url\":\"https:\\\/\\\/diariofemenino.com.ar\\\/df\\\/author\\\/redaccion\\\/\"}]}<\/script>\n<!-- \/ Yoast SEO plugin. -->","yoast_head_json":{"title":"La reina del hogar: el supuesto poder - Diario Digital Femenino","description":"La reina del hogar: el supuesto poder. Una oraci\u00f3n que encierra muchas cosas en la tem\u00e1tica como la mujer relegada al \u00e1mbito \u00edntimo.","robots":{"index":"index","follow":"follow","max-snippet":"max-snippet:-1","max-image-preview":"max-image-preview:large","max-video-preview":"max-video-preview:-1"},"canonical":"https:\/\/diariofemenino.com.ar\/df\/la-reina-del-hogar-el-supuesto-poder\/","og_locale":"es_ES","og_type":"article","og_title":"La reina del hogar: el supuesto poder - Diario Digital Femenino","og_description":"La reina del hogar: el supuesto poder. Una oraci\u00f3n que encierra muchas cosas en la tem\u00e1tica como la mujer relegada al \u00e1mbito \u00edntimo.","og_url":"https:\/\/diariofemenino.com.ar\/df\/la-reina-del-hogar-el-supuesto-poder\/","og_site_name":"Diario Digital Femenino","article_publisher":"https:\/\/www.facebook.com\/DiarioDigitaFemenino\/","article_published_time":"2025-09-16T12:21:48+00:00","og_image":[{"width":960,"height":325,"url":"https:\/\/diariofemenino.com.ar\/df\/wp-content\/uploads\/2025\/09\/40-SONIA-1.webp","type":"image\/webp"}],"author":"redaccion","twitter_card":"summary_large_image","twitter_creator":"@DiarioFemenino1","twitter_site":"@DiarioFemenino1","twitter_misc":{"Escrito por":"redaccion","Tiempo de lectura":"5 minutos"},"schema":{"@context":"https:\/\/schema.org","@graph":[{"@type":"Article","@id":"https:\/\/diariofemenino.com.ar\/df\/la-reina-del-hogar-el-supuesto-poder\/#article","isPartOf":{"@id":"https:\/\/diariofemenino.com.ar\/df\/la-reina-del-hogar-el-supuesto-poder\/"},"author":{"name":"redaccion","@id":"https:\/\/diariofemenino.com.ar\/df\/#\/schema\/person\/b6ba2e26f7891f232694804f228a7f27"},"headline":"La reina del hogar: el supuesto poder","datePublished":"2025-09-16T12:21:48+00:00","mainEntityOfPage":{"@id":"https:\/\/diariofemenino.com.ar\/df\/la-reina-del-hogar-el-supuesto-poder\/"},"wordCount":943,"commentCount":0,"publisher":{"@id":"https:\/\/diariofemenino.com.ar\/df\/#organization"},"image":{"@id":"https:\/\/diariofemenino.com.ar\/df\/la-reina-del-hogar-el-supuesto-poder\/#primaryimage"},"thumbnailUrl":"https:\/\/diariofemenino.com.ar\/df\/wp-content\/uploads\/2025\/09\/40-SONIA-1.webp","keywords":["#Poder","DDF","Decidir","Destacada","Diario Digital Femenino","Diego Oscar Ortiz","elegir","Igualdad de G\u00e9nero","ser","Violencia Simb\u00f3lica"],"articleSection":["Actividades","Agenda Feminista","Art\u00edculos y Comunicados","G\u00e9nero y Derechos Humanos","Historias de vida","Violencias"],"inLanguage":"es","potentialAction":[{"@type":"CommentAction","name":"Comment","target":["https:\/\/diariofemenino.com.ar\/df\/la-reina-del-hogar-el-supuesto-poder\/#respond"]}]},{"@type":"WebPage","@id":"https:\/\/diariofemenino.com.ar\/df\/la-reina-del-hogar-el-supuesto-poder\/","url":"https:\/\/diariofemenino.com.ar\/df\/la-reina-del-hogar-el-supuesto-poder\/","name":"La reina del hogar: el supuesto poder - Diario Digital Femenino","isPartOf":{"@id":"https:\/\/diariofemenino.com.ar\/df\/#website"},"primaryImageOfPage":{"@id":"https:\/\/diariofemenino.com.ar\/df\/la-reina-del-hogar-el-supuesto-poder\/#primaryimage"},"image":{"@id":"https:\/\/diariofemenino.com.ar\/df\/la-reina-del-hogar-el-supuesto-poder\/#primaryimage"},"thumbnailUrl":"https:\/\/diariofemenino.com.ar\/df\/wp-content\/uploads\/2025\/09\/40-SONIA-1.webp","datePublished":"2025-09-16T12:21:48+00:00","description":"La reina del hogar: el supuesto poder. Una oraci\u00f3n que encierra muchas cosas en la tem\u00e1tica como la mujer relegada al \u00e1mbito \u00edntimo.","breadcrumb":{"@id":"https:\/\/diariofemenino.com.ar\/df\/la-reina-del-hogar-el-supuesto-poder\/#breadcrumb"},"inLanguage":"es","potentialAction":[{"@type":"ReadAction","target":["https:\/\/diariofemenino.com.ar\/df\/la-reina-del-hogar-el-supuesto-poder\/"]}]},{"@type":"ImageObject","inLanguage":"es","@id":"https:\/\/diariofemenino.com.ar\/df\/la-reina-del-hogar-el-supuesto-poder\/#primaryimage","url":"https:\/\/diariofemenino.com.ar\/df\/wp-content\/uploads\/2025\/09\/40-SONIA-1.webp","contentUrl":"https:\/\/diariofemenino.com.ar\/df\/wp-content\/uploads\/2025\/09\/40-SONIA-1.webp","width":960,"height":325,"caption":"La reina del hogar: el supuesto poder"},{"@type":"BreadcrumbList","@id":"https:\/\/diariofemenino.com.ar\/df\/la-reina-del-hogar-el-supuesto-poder\/#breadcrumb","itemListElement":[{"@type":"ListItem","position":1,"name":"Portada","item":"https:\/\/diariofemenino.com.ar\/df\/"},{"@type":"ListItem","position":2,"name":"La reina del hogar: el supuesto poder"}]},{"@type":"WebSite","@id":"https:\/\/diariofemenino.com.ar\/df\/#website","url":"https:\/\/diariofemenino.com.ar\/df\/","name":"Diario Digital Femenino","description":"Cuesti\u00f3n de G\u00e9nero","publisher":{"@id":"https:\/\/diariofemenino.com.ar\/df\/#organization"},"potentialAction":[{"@type":"SearchAction","target":{"@type":"EntryPoint","urlTemplate":"https:\/\/diariofemenino.com.ar\/df\/?s={search_term_string}"},"query-input":{"@type":"PropertyValueSpecification","valueRequired":true,"valueName":"search_term_string"}}],"inLanguage":"es"},{"@type":"Organization","@id":"https:\/\/diariofemenino.com.ar\/df\/#organization","name":"Diario Femenino","url":"https:\/\/diariofemenino.com.ar\/df\/","logo":{"@type":"ImageObject","inLanguage":"es","@id":"https:\/\/diariofemenino.com.ar\/df\/#\/schema\/logo\/image\/","url":"https:\/\/diariofemenino.com.ar\/df\/wp-content\/uploads\/2018\/10\/logo.png","contentUrl":"https:\/\/diariofemenino.com.ar\/df\/wp-content\/uploads\/2018\/10\/logo.png","width":500,"height":92,"caption":"Diario Femenino"},"image":{"@id":"https:\/\/diariofemenino.com.ar\/df\/#\/schema\/logo\/image\/"},"sameAs":["https:\/\/www.facebook.com\/DiarioDigitaFemenino\/","https:\/\/x.com\/DiarioFemenino1"]},{"@type":"Person","@id":"https:\/\/diariofemenino.com.ar\/df\/#\/schema\/person\/b6ba2e26f7891f232694804f228a7f27","name":"redaccion","image":{"@type":"ImageObject","inLanguage":"es","@id":"https:\/\/diariofemenino.com.ar\/df\/wp-content\/uploads\/2024\/09\/0eda9a67-a560-4264-8085-ae5314b35c5a-150x150.avif","url":"https:\/\/diariofemenino.com.ar\/df\/wp-content\/uploads\/2024\/09\/0eda9a67-a560-4264-8085-ae5314b35c5a-150x150.avif","contentUrl":"https:\/\/diariofemenino.com.ar\/df\/wp-content\/uploads\/2024\/09\/0eda9a67-a560-4264-8085-ae5314b35c5a-150x150.avif","caption":"redaccion"},"url":"https:\/\/diariofemenino.com.ar\/df\/author\/redaccion\/"}]}},"jetpack_featured_media_url":"https:\/\/diariofemenino.com.ar\/df\/wp-content\/uploads\/2025\/09\/40-SONIA-1.webp","jetpack_sharing_enabled":true,"rttpg_featured_image_url":{"full":["https:\/\/diariofemenino.com.ar\/df\/wp-content\/uploads\/2025\/09\/40-SONIA-1.webp",960,325,false],"landscape":["https:\/\/diariofemenino.com.ar\/df\/wp-content\/uploads\/2025\/09\/40-SONIA-1.webp",960,325,false],"portraits":["https:\/\/diariofemenino.com.ar\/df\/wp-content\/uploads\/2025\/09\/40-SONIA-1.webp",960,325,false],"thumbnail":["https:\/\/diariofemenino.com.ar\/df\/wp-content\/uploads\/2025\/09\/40-SONIA-1-150x150.webp",150,150,true],"medium":["https:\/\/diariofemenino.com.ar\/df\/wp-content\/uploads\/2025\/09\/40-SONIA-1-300x102.webp",300,102,true],"large":["https:\/\/diariofemenino.com.ar\/df\/wp-content\/uploads\/2025\/09\/40-SONIA-1.webp",960,325,false],"1536x1536":["https:\/\/diariofemenino.com.ar\/df\/wp-content\/uploads\/2025\/09\/40-SONIA-1.webp",960,325,false],"2048x2048":["https:\/\/diariofemenino.com.ar\/df\/wp-content\/uploads\/2025\/09\/40-SONIA-1.webp",960,325,false]},"rttpg_author":{"display_name":"redaccion","author_link":"https:\/\/diariofemenino.com.ar\/df\/author\/redaccion\/"},"rttpg_comment":0,"rttpg_category":"<a href=\"https:\/\/diariofemenino.com.ar\/df\/category\/actividades\/\" rel=\"category tag\">Actividades<\/a> <a href=\"https:\/\/diariofemenino.com.ar\/df\/category\/agenda-feminista\/\" rel=\"category tag\">Agenda Feminista<\/a> <a href=\"https:\/\/diariofemenino.com.ar\/df\/category\/articulos-y-comunicados\/\" rel=\"category tag\">Art\u00edculos y Comunicados<\/a> <a href=\"https:\/\/diariofemenino.com.ar\/df\/category\/genero-y-derechos-humanos\/\" rel=\"category tag\">G\u00e9nero y Derechos Humanos<\/a> <a href=\"https:\/\/diariofemenino.com.ar\/df\/category\/historias-de-vida\/\" rel=\"category tag\">Historias de vida<\/a> <a href=\"https:\/\/diariofemenino.com.ar\/df\/category\/violencias\/\" rel=\"category tag\">Violencias<\/a>","rttpg_excerpt":"La reina de la casa es una oraci\u00f3n que encierra muchas cosas en la tem\u00e1tica como la mujer relegada al \u00e1mbito \u00edntimo del hogar, a los quehaceres dom\u00e9sticos, excluida del exterior, de las decisiones relevantes de la casa (como las compras o gastos a realizar, mejoras en el inmueble, inversiones), expulsada de las opciones que&hellip;","_links":{"self":[{"href":"https:\/\/diariofemenino.com.ar\/df\/wp-json\/wp\/v2\/posts\/75234","targetHints":{"allow":["GET"]}}],"collection":[{"href":"https:\/\/diariofemenino.com.ar\/df\/wp-json\/wp\/v2\/posts"}],"about":[{"href":"https:\/\/diariofemenino.com.ar\/df\/wp-json\/wp\/v2\/types\/post"}],"author":[{"embeddable":true,"href":"https:\/\/diariofemenino.com.ar\/df\/wp-json\/wp\/v2\/users\/6"}],"replies":[{"embeddable":true,"href":"https:\/\/diariofemenino.com.ar\/df\/wp-json\/wp\/v2\/comments?post=75234"}],"version-history":[{"count":1,"href":"https:\/\/diariofemenino.com.ar\/df\/wp-json\/wp\/v2\/posts\/75234\/revisions"}],"predecessor-version":[{"id":75237,"href":"https:\/\/diariofemenino.com.ar\/df\/wp-json\/wp\/v2\/posts\/75234\/revisions\/75237"}],"wp:featuredmedia":[{"embeddable":true,"href":"https:\/\/diariofemenino.com.ar\/df\/wp-json\/wp\/v2\/media\/75236"}],"wp:attachment":[{"href":"https:\/\/diariofemenino.com.ar\/df\/wp-json\/wp\/v2\/media?parent=75234"}],"wp:term":[{"taxonomy":"category","embeddable":true,"href":"https:\/\/diariofemenino.com.ar\/df\/wp-json\/wp\/v2\/categories?post=75234"},{"taxonomy":"post_tag","embeddable":true,"href":"https:\/\/diariofemenino.com.ar\/df\/wp-json\/wp\/v2\/tags?post=75234"}],"curies":[{"name":"wp","href":"https:\/\/api.w.org\/{rel}","templated":true}]}}