{"id":75221,"date":"2025-09-11T10:30:04","date_gmt":"2025-09-11T13:30:04","guid":{"rendered":"https:\/\/diariofemenino.com.ar\/df\/?p=75221"},"modified":"2025-09-11T10:30:04","modified_gmt":"2025-09-11T13:30:04","slug":"las-instituciones-educativas-como-refugio-ante-el-desamparo","status":"publish","type":"post","link":"https:\/\/diariofemenino.com.ar\/df\/las-instituciones-educativas-como-refugio-ante-el-desamparo\/","title":{"rendered":"Las instituciones educativas como refugio ante el desamparo"},"content":{"rendered":"<p>A veces hace falta un lugar. A veces es solo eso, un sitio. Arquitecturas que contengan. A\u00fan fuera de los edificios, veredas o plazas que cobijan lo colectivo, arquitecturas simb\u00f3licas de tramas sociales que articulen v\u00ednculos y lenguajes. All\u00ed con las otras personas, incluso con otras especies, la potencia de encuentros tangibles, con roces, pliegues, miradas que se topen con otras miradas, que se atrevan a tocar al volverse t\u00e1ctiles y susceptibles a diferentes capas de sentido.<\/p>\n<p>Por\u00a0<strong><a href=\"https:\/\/diariofemenino.com.ar\/df\/?s=Emiliano+Samar\">Emiliano Samar<\/a><\/strong>*<\/p>\n<p>Sin dudas el amor es un movimiento hacia, tiene direcci\u00f3n e incluye algo de lo otro, de eso que no soy yo. En estos tiempos contempor\u00e1neos donde lo ef\u00edmero es moneda corriente y todo parece estar al deslizar de un dedo en la pantalla, encontrarse se ha vuelto un desaf\u00edo necesario y reviste cierta urgencia. Dejarse afectar por otras y otros, conectar con el presente que requiere lo colectivo, habitar esas escuchas y esas miradas t\u00e1ctiles urge en un contexto hostil que valida la crueldad desde esferas institucionales. De ese modo las habilita en las relaciones cotidianas y las impone fuertemente a trav\u00e9s de las redes sociales.<\/p>\n<div id=\"talkFireEvent\">\n<figure style=\"width: 500px\" class=\"wp-caption aligncenter\"><img loading=\"lazy\" decoding=\"async\" src=\"https:\/\/inediteducacion.com\/imagenes\/alumnosok.jpg\" alt=\"Las instituciones educativas como refugio ante el desamparo\" width=\"500\" height=\"360\" \/><figcaption class=\"wp-caption-text\">Las instituciones educativas como refugio ante el desamparo<\/figcaption><\/figure>\n<\/div>\n<div class=\"slot-available\"><\/div>\n<p>Para\u00a0<a href=\"https:\/\/es.wikipedia.org\/wiki\/Bell_hooks\" target=\"_blank\" rel=\"noopener\">Bell Hooks<\/a>, el aula es un \u00abespacio radical de posibilidad\u00bb porque es un lugar que, a pesar de las limitaciones del sistema, puede ser transformado en un espacio liberador, comunitario y de habilitaci\u00f3n. Si tomamos conciencia del volumen que hoy tiene la dimensi\u00f3n del encuentro, si damos voz a aquellas y aquellos que a\u00fan hoy encuentran en camuflarse o callar la estrategia de supervivencia en los sistemas de formaci\u00f3n, si ponemos en cuesti\u00f3n las estructuras de poder, si propiciamos contextos educativos de bienestar, accesibles, democr\u00e1ticos y habitables, entonces estaremos seguramente dando lugar a esas posibilidades que las instituciones educativas tienen en su constituci\u00f3n contempor\u00e1nea.<\/p>\n<p>No es la diferencia la que genera la crueldad, es la crueldad la que crea una diferencia sustancial. Como se\u00f1ala Ana Berezin, \u201chaciendo que el otro sea objeto de crueldad se construye una\u00a0<a href=\"https:\/\/www.topia.com.ar\/articulos\/la-crueldad-un-recorrido\" target=\"_blank\" rel=\"noopener\">diferencia<\/a>\u00a0que permite la destrucci\u00f3n del otro por su condici\u00f3n de humanidad no admitida para s\u00ed\u201d.<\/p>\n<blockquote>\n<div class=\"slot-available\"><strong>Colabora con Diario Digital Femenino\u00a0<\/strong><br \/>\n<strong>\u00a0$3.000 por mes<\/strong>\u00a0(sosten\u00e9s a largo plazo) Enlace:\u00a0<a href=\"https:\/\/goo.su\/uY70\">https:\/\/goo.su\/uY70<\/a><br \/>\nUna opci\u00f3n\u00a0<strong>una vez al a\u00f1o<\/strong>, vos decid\u00eds el monto (un gesto, una ayuda concreta) Enlace:\u00a0<a href=\"https:\/\/goo.su\/p4gH9\">https:\/\/goo.su\/p4gH9<\/a><br \/>\n<strong>Por \u00fanica vez<\/strong>, el monto que decidas. Alias:\u00a0<strong>Lenny.Caceres<\/strong><\/div>\n<\/blockquote>\n<p>De tan cotidiana, la crueldad en su complejidad devino aceptada, naturalizada en su indecencia. Su pretensi\u00f3n de impunidad, de individualismo exacerbado, de competitividad deshumanizada ha fracturado contratos y v\u00ednculos sociales, ha generado \u201cla intolerancia y hasta la eliminaci\u00f3n de lo que es percibido como diferente\u201d. As\u00ed lo describe Fernando Ulloa cuando adem\u00e1s nos propone reflexionar respecto del dispositivo sociocultural que favorece y estimula la pr\u00e1ctica de la crueldad.<\/p>\n<p>Pero \u00bfcu\u00e1les son las opciones y los desaf\u00edos en un contexto host\u00edl donde el ejercicio de la crueldad y el odio se vuelve una constante que erosiona las relaciones y los contratos?<\/p>\n<p>Mariana Buzeki se\u00f1ala que ense\u00f1ar no es solo decir saberes, sino alojar vidas, habitar tensiones, producir otros mundos posibles. Como dir\u00eda\u00a0<a href=\"https:\/\/www.conicet.gov.ar\/new_scp\/detalle.php?keywords=&amp;id=44758&amp;datos_academicos=yes\" target=\"_blank\" rel=\"noopener\">Luis Porta<\/a>: entre el texto y el ser o ser entre textos. Ambos docentes universitarios e investigadores recuperan la palabra, las zonas \u201centre\u201d, las aulas que inscriben y otorgan lugar a biograf\u00edas particulares y colectivas.<\/p>\n<p>En la trama de la escuela un pensamiento para la acci\u00f3n es una de las alternativas posibles para descomponer ciertos discursos y recomponer vinculaciones. Digo \u201cpensamiento\u201d como instancia reflexiva, metacognitiva, que incluya el murmullo y la polifon\u00eda, que permita voces otras. Esas voces de los textos, esas de posiciones diversas, tanto las de intercambios en salas de docentes como las de espacios de actualizaci\u00f3n entre colegas pero tambi\u00e9n esas que los docentes encontramos con nosotros mismos en los espacios de intimidad.<\/p>\n<p>\u200bMirar de cerca las escenas cotidianas de la escuela nos permite transformar la experiencia en pensamiento y viceversa. Estamos quiz\u00e1 en un punto de quiebre. El tiempo de las exclusiones, de los bordes r\u00edgidos de las disciplinas, de los controles, en este v\u00e9rtigo de \u00e9poca se vuelve anacr\u00f3nico. Es urgente y posible trabajar en intervenciones micropol\u00edticas inclusivas, de accesibilidad, de divergencias e insurrecciones.<\/p>\n<p>\u00bfD\u00f3nde alojamos la diferencia? \u00bfC\u00f3mo reconocemos los dispositivos de crueldad que tambi\u00e9n habitan en y entre nosotros? Sin dudas no todo est\u00e1 fuera. Tambi\u00e9n dentro de nosotros y nuestros espacios se configuran matrices sinuosas, intrincadas, contradictorias. Pero el encuentro con la diferencia ser\u00e1 la oportunidad de volver porosa y potente la frontera. Son sentidos que, desde una mirada transdisciplinaria, nos permiten crear nuevas formas de pensar y de sentir, desafiando las vigilancias epistemol\u00f3gicas tradicionales, llenos de la potencia vital que aporta lo colectivo incluyendo entre esas voces autores y referencias, literatura que conversa e interpela pr\u00e1cticas y posiciones.<\/p>\n<p>La ternura no es un estado, es un modo de mirar al otro. Se revisita cada vez. Requiere actualizaci\u00f3n y conexi\u00f3n. Requiere vincular y necesita de red. \u201cLa felicidad no es un acontecimiento puntual, es como un cometa, con una cola muy larga que llega hasta el pasado. S\u00ed, y ah\u00ed en el pasado se nutre de todo lo que se vivi\u00f3. Su forma de manifestarse no es brillar. Sino fosforecer\u201d. Esto dice, Byung Chul Han en\u00a0<a href=\"https:\/\/www.pagina12.com.ar\/597596-para-byung-chul-han-vivimos-en-una-era-posnarrativa\">\u00abLa crisis de la narraci\u00f3n\u201d<\/a>\u00a0y yo me hago preguntas. Me pregunto y derivo. Son preguntas y sus derivas \u00bfQu\u00e9 marcas puede abrigar la escuela en un mundo que se desarma, que alarma y que sangra? Fosforecer es sostener la luz aun en ausencia de su fuente.<\/p>\n<p>Y albergar tiene algo de eso. De sostener la luz en el tiempo, con otros, para otros. Porque a veces hace falta un lugar. A veces es solo eso, un sitio que re\u00fana, contenga y propicie tramas.<\/p>\n<p><strong>(*)<\/strong> Docente, Investigador, Director de Artes Esc\u00e9nicas<\/p>\n<p>&nbsp;<\/p>\n<blockquote><p><strong>Seguinos en Instagram. Diario Digital Femenino:\u00a0<a href=\"https:\/\/www.instagram.com\/diariodigitalfemenino_\/\">@diariodigitalfemenino_<\/a><br \/>\nLenny C\u00e1ceres:\u00a0<a href=\"https:\/\/www.instagram.com\/lennycaceres69\/\">@lennycaceres69<\/a><br \/>\nFacebook:\u00a0<a href=\"https:\/\/www.facebook.com\/DiarioDigitalFemenino\/\">Diario Digital Femenino\u00a0<\/a><br \/>\nTikTok;\u00a0<a href=\"https:\/\/www.tiktok.com\/@diariodigitalfemenino\">diariodigitalfemenino<\/a><\/strong><\/p><\/blockquote>\n","protected":false},"excerpt":{"rendered":"<p>A veces hace falta un lugar. A veces es solo eso, un sitio. Arquitecturas que contengan. A\u00fan fuera de los edificios, veredas o plazas que cobijan lo colectivo, arquitecturas simb\u00f3licas de tramas sociales que articulen v\u00ednculos y lenguajes. All\u00ed con las otras personas, incluso con otras especies, la potencia de encuentros tangibles, con roces, pliegues, [&hellip;]<\/p>\n","protected":false},"author":6,"featured_media":75228,"comment_status":"open","ping_status":"open","sticky":false,"template":"","format":"standard","meta":{"iawp_total_views":62,"footnotes":""},"categories":[7,178,581,9,3,627,182,4,21],"tags":[2189,3388,6005,4372,4207,6090,1434],"class_list":["post-75221","post","type-post","status-publish","format-standard","has-post-thumbnail","hentry","category-actividades","category-articulos-y-comunicados","category-azul-profundo","category-de-esi-si-se-habla","category-de-la-revolucion-al-reaprendizaje","category-genero-y-derechos-humanos","category-informes","category-medios","category-noticias","tag-aulas","tag-contencion","tag-desamparo","tag-destacada","tag-emiliano-samar","tag-instituciones-educativas","tag-refugio"],"nelio_content":{"autoShareEndMode":"never","automationSources":{"useCustomSentences":false,"customSentences":[]},"efiAlt":"","efiUrl":"","followers":[6],"highlights":[],"isAutoShareEnabled":true,"networkImageIds":[],"permalinkQueryArgs":[],"series":[],"suggestedReferences":[]},"yoast_head":"<!-- This site is optimized with the Yoast SEO plugin v27.5 - https:\/\/yoast.com\/product\/yoast-seo-wordpress\/ -->\n<title>Las instituciones educativas como refugio ante el desamparo - Diario Digital Femenino<\/title>\n<meta name=\"description\" content=\"Las instituciones educativas\" \/>\n<meta name=\"robots\" content=\"index, follow, max-snippet:-1, max-image-preview:large, max-video-preview:-1\" \/>\n<link rel=\"canonical\" href=\"https:\/\/diariofemenino.com.ar\/df\/las-instituciones-educativas-como-refugio-ante-el-desamparo\/\" \/>\n<meta property=\"og:locale\" content=\"es_ES\" \/>\n<meta property=\"og:type\" content=\"article\" \/>\n<meta property=\"og:title\" content=\"Las instituciones educativas como refugio ante el desamparo - Diario Digital Femenino\" \/>\n<meta property=\"og:description\" content=\"Las instituciones educativas\" \/>\n<meta property=\"og:url\" content=\"https:\/\/diariofemenino.com.ar\/df\/las-instituciones-educativas-como-refugio-ante-el-desamparo\/\" \/>\n<meta property=\"og:site_name\" content=\"Diario Digital Femenino\" \/>\n<meta property=\"article:publisher\" content=\"https:\/\/www.facebook.com\/DiarioDigitaFemenino\/\" \/>\n<meta property=\"article:published_time\" content=\"2025-09-11T13:30:04+00:00\" \/>\n<meta property=\"og:image\" content=\"https:\/\/diariofemenino.com.ar\/df\/wp-content\/uploads\/2025\/09\/968962-18a-20na.webp\" \/>\n\t<meta property=\"og:image:width\" content=\"700\" \/>\n\t<meta property=\"og:image:height\" content=\"467\" \/>\n\t<meta property=\"og:image:type\" content=\"image\/webp\" \/>\n<meta name=\"author\" content=\"redaccion\" \/>\n<meta name=\"twitter:card\" content=\"summary_large_image\" \/>\n<meta name=\"twitter:creator\" content=\"@DiarioFemenino1\" \/>\n<meta name=\"twitter:site\" content=\"@DiarioFemenino1\" \/>\n<meta name=\"twitter:label1\" content=\"Escrito por\" \/>\n\t<meta name=\"twitter:data1\" content=\"redaccion\" \/>\n\t<meta name=\"twitter:label2\" content=\"Tiempo de lectura\" \/>\n\t<meta name=\"twitter:data2\" content=\"5 minutos\" \/>\n<script type=\"application\/ld+json\" class=\"yoast-schema-graph\">{\"@context\":\"https:\\\/\\\/schema.org\",\"@graph\":[{\"@type\":\"Article\",\"@id\":\"https:\\\/\\\/diariofemenino.com.ar\\\/df\\\/las-instituciones-educativas-como-refugio-ante-el-desamparo\\\/#article\",\"isPartOf\":{\"@id\":\"https:\\\/\\\/diariofemenino.com.ar\\\/df\\\/las-instituciones-educativas-como-refugio-ante-el-desamparo\\\/\"},\"author\":{\"name\":\"redaccion\",\"@id\":\"https:\\\/\\\/diariofemenino.com.ar\\\/df\\\/#\\\/schema\\\/person\\\/b6ba2e26f7891f232694804f228a7f27\"},\"headline\":\"Las instituciones educativas como refugio ante el desamparo\",\"datePublished\":\"2025-09-11T13:30:04+00:00\",\"mainEntityOfPage\":{\"@id\":\"https:\\\/\\\/diariofemenino.com.ar\\\/df\\\/las-instituciones-educativas-como-refugio-ante-el-desamparo\\\/\"},\"wordCount\":1049,\"commentCount\":0,\"publisher\":{\"@id\":\"https:\\\/\\\/diariofemenino.com.ar\\\/df\\\/#organization\"},\"image\":{\"@id\":\"https:\\\/\\\/diariofemenino.com.ar\\\/df\\\/las-instituciones-educativas-como-refugio-ante-el-desamparo\\\/#primaryimage\"},\"thumbnailUrl\":\"https:\\\/\\\/diariofemenino.com.ar\\\/df\\\/wp-content\\\/uploads\\\/2025\\\/09\\\/968962-18a-20na.webp\",\"keywords\":[\"Aulas\",\"Contenci\u00f3n\",\"desamparo\",\"Destacada\",\"Emiliano Samar\",\"instituciones educativas\",\"Refugio\"],\"articleSection\":[\"Actividades\",\"Art\u00edculos y Comunicados\",\"Azul Profundo\",\"De ESI S\u00ed Se Habla\",\"De la Revoluci\u00f3n al Reaprendizaje\",\"G\u00e9nero y Derechos Humanos\",\"Informes\",\"Medios\",\"Noticias\"],\"inLanguage\":\"es\",\"potentialAction\":[{\"@type\":\"CommentAction\",\"name\":\"Comment\",\"target\":[\"https:\\\/\\\/diariofemenino.com.ar\\\/df\\\/las-instituciones-educativas-como-refugio-ante-el-desamparo\\\/#respond\"]}]},{\"@type\":\"WebPage\",\"@id\":\"https:\\\/\\\/diariofemenino.com.ar\\\/df\\\/las-instituciones-educativas-como-refugio-ante-el-desamparo\\\/\",\"url\":\"https:\\\/\\\/diariofemenino.com.ar\\\/df\\\/las-instituciones-educativas-como-refugio-ante-el-desamparo\\\/\",\"name\":\"Las instituciones educativas como refugio ante el desamparo - Diario Digital Femenino\",\"isPartOf\":{\"@id\":\"https:\\\/\\\/diariofemenino.com.ar\\\/df\\\/#website\"},\"primaryImageOfPage\":{\"@id\":\"https:\\\/\\\/diariofemenino.com.ar\\\/df\\\/las-instituciones-educativas-como-refugio-ante-el-desamparo\\\/#primaryimage\"},\"image\":{\"@id\":\"https:\\\/\\\/diariofemenino.com.ar\\\/df\\\/las-instituciones-educativas-como-refugio-ante-el-desamparo\\\/#primaryimage\"},\"thumbnailUrl\":\"https:\\\/\\\/diariofemenino.com.ar\\\/df\\\/wp-content\\\/uploads\\\/2025\\\/09\\\/968962-18a-20na.webp\",\"datePublished\":\"2025-09-11T13:30:04+00:00\",\"description\":\"Las instituciones educativas\",\"breadcrumb\":{\"@id\":\"https:\\\/\\\/diariofemenino.com.ar\\\/df\\\/las-instituciones-educativas-como-refugio-ante-el-desamparo\\\/#breadcrumb\"},\"inLanguage\":\"es\",\"potentialAction\":[{\"@type\":\"ReadAction\",\"target\":[\"https:\\\/\\\/diariofemenino.com.ar\\\/df\\\/las-instituciones-educativas-como-refugio-ante-el-desamparo\\\/\"]}]},{\"@type\":\"ImageObject\",\"inLanguage\":\"es\",\"@id\":\"https:\\\/\\\/diariofemenino.com.ar\\\/df\\\/las-instituciones-educativas-como-refugio-ante-el-desamparo\\\/#primaryimage\",\"url\":\"https:\\\/\\\/diariofemenino.com.ar\\\/df\\\/wp-content\\\/uploads\\\/2025\\\/09\\\/968962-18a-20na.webp\",\"contentUrl\":\"https:\\\/\\\/diariofemenino.com.ar\\\/df\\\/wp-content\\\/uploads\\\/2025\\\/09\\\/968962-18a-20na.webp\",\"width\":700,\"height\":467,\"caption\":\"Las instituciones educativas como refugio ante el desamparo\"},{\"@type\":\"BreadcrumbList\",\"@id\":\"https:\\\/\\\/diariofemenino.com.ar\\\/df\\\/las-instituciones-educativas-como-refugio-ante-el-desamparo\\\/#breadcrumb\",\"itemListElement\":[{\"@type\":\"ListItem\",\"position\":1,\"name\":\"Portada\",\"item\":\"https:\\\/\\\/diariofemenino.com.ar\\\/df\\\/\"},{\"@type\":\"ListItem\",\"position\":2,\"name\":\"Las instituciones educativas como refugio ante el desamparo\"}]},{\"@type\":\"WebSite\",\"@id\":\"https:\\\/\\\/diariofemenino.com.ar\\\/df\\\/#website\",\"url\":\"https:\\\/\\\/diariofemenino.com.ar\\\/df\\\/\",\"name\":\"Diario Digital Femenino\",\"description\":\"Cuesti\u00f3n de G\u00e9nero\",\"publisher\":{\"@id\":\"https:\\\/\\\/diariofemenino.com.ar\\\/df\\\/#organization\"},\"potentialAction\":[{\"@type\":\"SearchAction\",\"target\":{\"@type\":\"EntryPoint\",\"urlTemplate\":\"https:\\\/\\\/diariofemenino.com.ar\\\/df\\\/?s={search_term_string}\"},\"query-input\":{\"@type\":\"PropertyValueSpecification\",\"valueRequired\":true,\"valueName\":\"search_term_string\"}}],\"inLanguage\":\"es\"},{\"@type\":\"Organization\",\"@id\":\"https:\\\/\\\/diariofemenino.com.ar\\\/df\\\/#organization\",\"name\":\"Diario Femenino\",\"url\":\"https:\\\/\\\/diariofemenino.com.ar\\\/df\\\/\",\"logo\":{\"@type\":\"ImageObject\",\"inLanguage\":\"es\",\"@id\":\"https:\\\/\\\/diariofemenino.com.ar\\\/df\\\/#\\\/schema\\\/logo\\\/image\\\/\",\"url\":\"https:\\\/\\\/diariofemenino.com.ar\\\/df\\\/wp-content\\\/uploads\\\/2018\\\/10\\\/logo.png\",\"contentUrl\":\"https:\\\/\\\/diariofemenino.com.ar\\\/df\\\/wp-content\\\/uploads\\\/2018\\\/10\\\/logo.png\",\"width\":500,\"height\":92,\"caption\":\"Diario Femenino\"},\"image\":{\"@id\":\"https:\\\/\\\/diariofemenino.com.ar\\\/df\\\/#\\\/schema\\\/logo\\\/image\\\/\"},\"sameAs\":[\"https:\\\/\\\/www.facebook.com\\\/DiarioDigitaFemenino\\\/\",\"https:\\\/\\\/x.com\\\/DiarioFemenino1\"]},{\"@type\":\"Person\",\"@id\":\"https:\\\/\\\/diariofemenino.com.ar\\\/df\\\/#\\\/schema\\\/person\\\/b6ba2e26f7891f232694804f228a7f27\",\"name\":\"redaccion\",\"image\":{\"@type\":\"ImageObject\",\"inLanguage\":\"es\",\"@id\":\"https:\\\/\\\/diariofemenino.com.ar\\\/df\\\/wp-content\\\/uploads\\\/2024\\\/09\\\/0eda9a67-a560-4264-8085-ae5314b35c5a-150x150.avif\",\"url\":\"https:\\\/\\\/diariofemenino.com.ar\\\/df\\\/wp-content\\\/uploads\\\/2024\\\/09\\\/0eda9a67-a560-4264-8085-ae5314b35c5a-150x150.avif\",\"contentUrl\":\"https:\\\/\\\/diariofemenino.com.ar\\\/df\\\/wp-content\\\/uploads\\\/2024\\\/09\\\/0eda9a67-a560-4264-8085-ae5314b35c5a-150x150.avif\",\"caption\":\"redaccion\"},\"url\":\"https:\\\/\\\/diariofemenino.com.ar\\\/df\\\/author\\\/redaccion\\\/\"}]}<\/script>\n<!-- \/ Yoast SEO plugin. -->","yoast_head_json":{"title":"Las instituciones educativas como refugio ante el desamparo - Diario Digital Femenino","description":"Las instituciones educativas","robots":{"index":"index","follow":"follow","max-snippet":"max-snippet:-1","max-image-preview":"max-image-preview:large","max-video-preview":"max-video-preview:-1"},"canonical":"https:\/\/diariofemenino.com.ar\/df\/las-instituciones-educativas-como-refugio-ante-el-desamparo\/","og_locale":"es_ES","og_type":"article","og_title":"Las instituciones educativas como refugio ante el desamparo - Diario Digital Femenino","og_description":"Las instituciones educativas","og_url":"https:\/\/diariofemenino.com.ar\/df\/las-instituciones-educativas-como-refugio-ante-el-desamparo\/","og_site_name":"Diario Digital Femenino","article_publisher":"https:\/\/www.facebook.com\/DiarioDigitaFemenino\/","article_published_time":"2025-09-11T13:30:04+00:00","og_image":[{"width":700,"height":467,"url":"https:\/\/diariofemenino.com.ar\/df\/wp-content\/uploads\/2025\/09\/968962-18a-20na.webp","type":"image\/webp"}],"author":"redaccion","twitter_card":"summary_large_image","twitter_creator":"@DiarioFemenino1","twitter_site":"@DiarioFemenino1","twitter_misc":{"Escrito por":"redaccion","Tiempo de lectura":"5 minutos"},"schema":{"@context":"https:\/\/schema.org","@graph":[{"@type":"Article","@id":"https:\/\/diariofemenino.com.ar\/df\/las-instituciones-educativas-como-refugio-ante-el-desamparo\/#article","isPartOf":{"@id":"https:\/\/diariofemenino.com.ar\/df\/las-instituciones-educativas-como-refugio-ante-el-desamparo\/"},"author":{"name":"redaccion","@id":"https:\/\/diariofemenino.com.ar\/df\/#\/schema\/person\/b6ba2e26f7891f232694804f228a7f27"},"headline":"Las instituciones educativas como refugio ante el desamparo","datePublished":"2025-09-11T13:30:04+00:00","mainEntityOfPage":{"@id":"https:\/\/diariofemenino.com.ar\/df\/las-instituciones-educativas-como-refugio-ante-el-desamparo\/"},"wordCount":1049,"commentCount":0,"publisher":{"@id":"https:\/\/diariofemenino.com.ar\/df\/#organization"},"image":{"@id":"https:\/\/diariofemenino.com.ar\/df\/las-instituciones-educativas-como-refugio-ante-el-desamparo\/#primaryimage"},"thumbnailUrl":"https:\/\/diariofemenino.com.ar\/df\/wp-content\/uploads\/2025\/09\/968962-18a-20na.webp","keywords":["Aulas","Contenci\u00f3n","desamparo","Destacada","Emiliano Samar","instituciones educativas","Refugio"],"articleSection":["Actividades","Art\u00edculos y Comunicados","Azul Profundo","De ESI S\u00ed Se Habla","De la Revoluci\u00f3n al Reaprendizaje","G\u00e9nero y Derechos Humanos","Informes","Medios","Noticias"],"inLanguage":"es","potentialAction":[{"@type":"CommentAction","name":"Comment","target":["https:\/\/diariofemenino.com.ar\/df\/las-instituciones-educativas-como-refugio-ante-el-desamparo\/#respond"]}]},{"@type":"WebPage","@id":"https:\/\/diariofemenino.com.ar\/df\/las-instituciones-educativas-como-refugio-ante-el-desamparo\/","url":"https:\/\/diariofemenino.com.ar\/df\/las-instituciones-educativas-como-refugio-ante-el-desamparo\/","name":"Las instituciones educativas como refugio ante el desamparo - Diario Digital Femenino","isPartOf":{"@id":"https:\/\/diariofemenino.com.ar\/df\/#website"},"primaryImageOfPage":{"@id":"https:\/\/diariofemenino.com.ar\/df\/las-instituciones-educativas-como-refugio-ante-el-desamparo\/#primaryimage"},"image":{"@id":"https:\/\/diariofemenino.com.ar\/df\/las-instituciones-educativas-como-refugio-ante-el-desamparo\/#primaryimage"},"thumbnailUrl":"https:\/\/diariofemenino.com.ar\/df\/wp-content\/uploads\/2025\/09\/968962-18a-20na.webp","datePublished":"2025-09-11T13:30:04+00:00","description":"Las instituciones educativas","breadcrumb":{"@id":"https:\/\/diariofemenino.com.ar\/df\/las-instituciones-educativas-como-refugio-ante-el-desamparo\/#breadcrumb"},"inLanguage":"es","potentialAction":[{"@type":"ReadAction","target":["https:\/\/diariofemenino.com.ar\/df\/las-instituciones-educativas-como-refugio-ante-el-desamparo\/"]}]},{"@type":"ImageObject","inLanguage":"es","@id":"https:\/\/diariofemenino.com.ar\/df\/las-instituciones-educativas-como-refugio-ante-el-desamparo\/#primaryimage","url":"https:\/\/diariofemenino.com.ar\/df\/wp-content\/uploads\/2025\/09\/968962-18a-20na.webp","contentUrl":"https:\/\/diariofemenino.com.ar\/df\/wp-content\/uploads\/2025\/09\/968962-18a-20na.webp","width":700,"height":467,"caption":"Las instituciones educativas como refugio ante el desamparo"},{"@type":"BreadcrumbList","@id":"https:\/\/diariofemenino.com.ar\/df\/las-instituciones-educativas-como-refugio-ante-el-desamparo\/#breadcrumb","itemListElement":[{"@type":"ListItem","position":1,"name":"Portada","item":"https:\/\/diariofemenino.com.ar\/df\/"},{"@type":"ListItem","position":2,"name":"Las instituciones educativas como refugio ante el desamparo"}]},{"@type":"WebSite","@id":"https:\/\/diariofemenino.com.ar\/df\/#website","url":"https:\/\/diariofemenino.com.ar\/df\/","name":"Diario Digital Femenino","description":"Cuesti\u00f3n de G\u00e9nero","publisher":{"@id":"https:\/\/diariofemenino.com.ar\/df\/#organization"},"potentialAction":[{"@type":"SearchAction","target":{"@type":"EntryPoint","urlTemplate":"https:\/\/diariofemenino.com.ar\/df\/?s={search_term_string}"},"query-input":{"@type":"PropertyValueSpecification","valueRequired":true,"valueName":"search_term_string"}}],"inLanguage":"es"},{"@type":"Organization","@id":"https:\/\/diariofemenino.com.ar\/df\/#organization","name":"Diario Femenino","url":"https:\/\/diariofemenino.com.ar\/df\/","logo":{"@type":"ImageObject","inLanguage":"es","@id":"https:\/\/diariofemenino.com.ar\/df\/#\/schema\/logo\/image\/","url":"https:\/\/diariofemenino.com.ar\/df\/wp-content\/uploads\/2018\/10\/logo.png","contentUrl":"https:\/\/diariofemenino.com.ar\/df\/wp-content\/uploads\/2018\/10\/logo.png","width":500,"height":92,"caption":"Diario Femenino"},"image":{"@id":"https:\/\/diariofemenino.com.ar\/df\/#\/schema\/logo\/image\/"},"sameAs":["https:\/\/www.facebook.com\/DiarioDigitaFemenino\/","https:\/\/x.com\/DiarioFemenino1"]},{"@type":"Person","@id":"https:\/\/diariofemenino.com.ar\/df\/#\/schema\/person\/b6ba2e26f7891f232694804f228a7f27","name":"redaccion","image":{"@type":"ImageObject","inLanguage":"es","@id":"https:\/\/diariofemenino.com.ar\/df\/wp-content\/uploads\/2024\/09\/0eda9a67-a560-4264-8085-ae5314b35c5a-150x150.avif","url":"https:\/\/diariofemenino.com.ar\/df\/wp-content\/uploads\/2024\/09\/0eda9a67-a560-4264-8085-ae5314b35c5a-150x150.avif","contentUrl":"https:\/\/diariofemenino.com.ar\/df\/wp-content\/uploads\/2024\/09\/0eda9a67-a560-4264-8085-ae5314b35c5a-150x150.avif","caption":"redaccion"},"url":"https:\/\/diariofemenino.com.ar\/df\/author\/redaccion\/"}]}},"jetpack_featured_media_url":"https:\/\/diariofemenino.com.ar\/df\/wp-content\/uploads\/2025\/09\/968962-18a-20na.webp","jetpack_sharing_enabled":true,"rttpg_featured_image_url":{"full":["https:\/\/diariofemenino.com.ar\/df\/wp-content\/uploads\/2025\/09\/968962-18a-20na.webp",700,467,false],"landscape":["https:\/\/diariofemenino.com.ar\/df\/wp-content\/uploads\/2025\/09\/968962-18a-20na.webp",700,467,false],"portraits":["https:\/\/diariofemenino.com.ar\/df\/wp-content\/uploads\/2025\/09\/968962-18a-20na.webp",700,467,false],"thumbnail":["https:\/\/diariofemenino.com.ar\/df\/wp-content\/uploads\/2025\/09\/968962-18a-20na-150x150.webp",150,150,true],"medium":["https:\/\/diariofemenino.com.ar\/df\/wp-content\/uploads\/2025\/09\/968962-18a-20na-300x200.webp",300,200,true],"large":["https:\/\/diariofemenino.com.ar\/df\/wp-content\/uploads\/2025\/09\/968962-18a-20na.webp",700,467,false],"1536x1536":["https:\/\/diariofemenino.com.ar\/df\/wp-content\/uploads\/2025\/09\/968962-18a-20na.webp",700,467,false],"2048x2048":["https:\/\/diariofemenino.com.ar\/df\/wp-content\/uploads\/2025\/09\/968962-18a-20na.webp",700,467,false]},"rttpg_author":{"display_name":"redaccion","author_link":"https:\/\/diariofemenino.com.ar\/df\/author\/redaccion\/"},"rttpg_comment":0,"rttpg_category":"<a href=\"https:\/\/diariofemenino.com.ar\/df\/category\/actividades\/\" rel=\"category tag\">Actividades<\/a> <a href=\"https:\/\/diariofemenino.com.ar\/df\/category\/articulos-y-comunicados\/\" rel=\"category tag\">Art\u00edculos y Comunicados<\/a> <a href=\"https:\/\/diariofemenino.com.ar\/df\/category\/azul-profundo\/\" rel=\"category tag\">Azul Profundo<\/a> <a href=\"https:\/\/diariofemenino.com.ar\/df\/category\/de-esi-si-se-habla\/\" rel=\"category tag\">De ESI S\u00ed Se Habla<\/a> <a href=\"https:\/\/diariofemenino.com.ar\/df\/category\/de-la-revolucion-al-reaprendizaje\/\" rel=\"category tag\">De la Revoluci\u00f3n al Reaprendizaje<\/a> <a href=\"https:\/\/diariofemenino.com.ar\/df\/category\/genero-y-derechos-humanos\/\" rel=\"category tag\">G\u00e9nero y Derechos Humanos<\/a> <a href=\"https:\/\/diariofemenino.com.ar\/df\/category\/informes\/\" rel=\"category tag\">Informes<\/a> <a href=\"https:\/\/diariofemenino.com.ar\/df\/category\/medios\/\" rel=\"category tag\">Medios<\/a> <a href=\"https:\/\/diariofemenino.com.ar\/df\/category\/noticias\/\" rel=\"category tag\">Noticias<\/a>","rttpg_excerpt":"A veces hace falta un lugar. A veces es solo eso, un sitio. Arquitecturas que contengan. A\u00fan fuera de los edificios, veredas o plazas que cobijan lo colectivo, arquitecturas simb\u00f3licas de tramas sociales que articulen v\u00ednculos y lenguajes. All\u00ed con las otras personas, incluso con otras especies, la potencia de encuentros tangibles, con roces, pliegues,&hellip;","_links":{"self":[{"href":"https:\/\/diariofemenino.com.ar\/df\/wp-json\/wp\/v2\/posts\/75221","targetHints":{"allow":["GET"]}}],"collection":[{"href":"https:\/\/diariofemenino.com.ar\/df\/wp-json\/wp\/v2\/posts"}],"about":[{"href":"https:\/\/diariofemenino.com.ar\/df\/wp-json\/wp\/v2\/types\/post"}],"author":[{"embeddable":true,"href":"https:\/\/diariofemenino.com.ar\/df\/wp-json\/wp\/v2\/users\/6"}],"replies":[{"embeddable":true,"href":"https:\/\/diariofemenino.com.ar\/df\/wp-json\/wp\/v2\/comments?post=75221"}],"version-history":[{"count":2,"href":"https:\/\/diariofemenino.com.ar\/df\/wp-json\/wp\/v2\/posts\/75221\/revisions"}],"predecessor-version":[{"id":75229,"href":"https:\/\/diariofemenino.com.ar\/df\/wp-json\/wp\/v2\/posts\/75221\/revisions\/75229"}],"wp:featuredmedia":[{"embeddable":true,"href":"https:\/\/diariofemenino.com.ar\/df\/wp-json\/wp\/v2\/media\/75228"}],"wp:attachment":[{"href":"https:\/\/diariofemenino.com.ar\/df\/wp-json\/wp\/v2\/media?parent=75221"}],"wp:term":[{"taxonomy":"category","embeddable":true,"href":"https:\/\/diariofemenino.com.ar\/df\/wp-json\/wp\/v2\/categories?post=75221"},{"taxonomy":"post_tag","embeddable":true,"href":"https:\/\/diariofemenino.com.ar\/df\/wp-json\/wp\/v2\/tags?post=75221"}],"curies":[{"name":"wp","href":"https:\/\/api.w.org\/{rel}","templated":true}]}}