{"id":75179,"date":"2025-08-20T21:07:09","date_gmt":"2025-08-21T00:07:09","guid":{"rendered":"https:\/\/diariofemenino.com.ar\/df\/?p=75179"},"modified":"2025-08-20T21:12:52","modified_gmt":"2025-08-21T00:12:52","slug":"guia-ema-para-descargar","status":"publish","type":"post","link":"https:\/\/diariofemenino.com.ar\/df\/guia-ema-para-descargar\/","title":{"rendered":"Gu\u00eda Ema para descargar"},"content":{"rendered":"<p data-start=\"145\" data-end=\"343\">Una herramienta pionera para que las escuelas de todo el pa\u00eds sepan c\u00f3mo actuar frente a la violencia digital y la difusi\u00f3n no consentida de im\u00e1genes \u00edntimas.<\/p>\n<p data-start=\"345\" data-end=\"615\">Creada en memoria de Ema, adolescente cuya vida estuvo atravesada por esta violencia, la gu\u00eda es fruto del esfuerzo de su familia, organizaciones y legisladoras, para que ninguna instituci\u00f3n quede sin respuestas y siempre haya un camino de prevenci\u00f3n y acompa\u00f1amiento.<\/p>\n<p data-start=\"145\" data-end=\"343\"><strong>Introducci\u00f3n<\/strong><\/p>\n<p>(Descargar la Gu\u00eda en imagen)<\/p>\n<figure id=\"attachment_75180\" aria-describedby=\"caption-attachment-75180\" style=\"width: 202px\" class=\"wp-caption alignleft\"><a href=\"https:\/\/diariofemenino.com.ar\/df\/wp-content\/uploads\/2025\/08\/Guia-Ema.pdf\"><img loading=\"lazy\" decoding=\"async\" class=\"size-medium wp-image-75180\" src=\"https:\/\/diariofemenino.com.ar\/df\/wp-content\/uploads\/2025\/08\/Guia-Ema1-202x300.webp\" alt=\"Gu\u00eda Ema para descargar\" width=\"202\" height=\"300\" srcset=\"https:\/\/diariofemenino.com.ar\/df\/wp-content\/uploads\/2025\/08\/Guia-Ema1-202x300.webp 202w, https:\/\/diariofemenino.com.ar\/df\/wp-content\/uploads\/2025\/08\/Guia-Ema1.webp 443w\" sizes=\"auto, (max-width: 202px) 100vw, 202px\" \/><\/a><figcaption id=\"caption-attachment-75180\" class=\"wp-caption-text\">Gu\u00eda Ema para descargar<\/figcaption><\/figure>\n<p><strong>Esta gu\u00eda es una herramienta marco para la actuaci\u00f3n frente a situaciones de violencia digital espec\u00edficamente en el \u00e1mbito educativo. Lo proponemos como un instrumento para orientar posibles acompa\u00f1amientos frente a una problem\u00e1tica novedosa que atraviesa el aula en las instituciones educativas y afecta de manera particular a ni\u00f1as, ni\u00f1os y j\u00f3venes.<\/strong><\/p>\n<p>Sin duda, los entornos digitales y su acelerado crecimiento ponen en desaf\u00edo a la escuela en t\u00e9rminos pedag\u00f3gicos, relacionales e institucionales. Las tecnolog\u00edas de la informaci\u00f3n y la comunicaci\u00f3n interpelan y modifican nuestros modos de hacer y vivir dentro y fuera de la escuela. Estas transformaciones han tra\u00eddo grandes potencialidades y tambi\u00e9n nuevos riesgos, sobre todo para infancias y adolescencias, que resultan m\u00e1s vulnerables a un mundo que se presenta sin l\u00edmites al alcance de la mano.<\/p>\n<p>En esta oportunidad nos centraremos en la difusi\u00f3n de im\u00e1genes \u00edntimas sin consentimiento como modalidad particular de violencia por motivos de g\u00e9nero en los entornos digitales. Entendiendo que no es el \u00fanico riesgo al que ni\u00f1os, ni\u00f1as y adolescentes se ven expuestas en el espacio virtual, pero s\u00ed identificando un emergente que requiere articulaciones y estrategias espec\u00edficas para su prevenci\u00f3n e intervenci\u00f3n.<\/p>\n<p>No buscamos estandarizar pautas r\u00edgidas de acci\u00f3n, sino generar un instrumento de sensibilizaci\u00f3n ante una problem\u00e1tica compleja, brindando herramientas de car\u00e1cter flexible, que puedan ser adaptadas a la realidad situada de cada instituci\u00f3n, entendiendo que los procesos de creaci\u00f3n de protocolos y gu\u00edas de actuaci\u00f3n siempre resultan m\u00e1s efectivas cuando se construyen de manera participativa con la comunidad involucrada.<\/p>\n<p>Este documento estar\u00e1 atravesado por una mirada de respeto de las infancias, un enfoque de g\u00e9nero y diversidad. La perspectiva de g\u00e9nero y diversidad ofrece una forma de analizar y actuar en el mundo que busca reconocer, visibilizar y transformar las desigualdades de g\u00e9nero, especialmente en el uso y acceso a las tecnolog\u00edas. Estas desigualdades no siempre son materiales, sino tambi\u00e9n simb\u00f3licas y culturales, lo que puede dificultar la participaci\u00f3n plena de ni\u00f1as y adolescentes en territorios digitales.<\/p>\n<blockquote><p><strong>Colabora con Diario Digital Femenino\u00a0<\/strong><br \/>\n<strong>\u00a0$3.000 por mes<\/strong>\u00a0(sosten\u00e9s a largo plazo) Enlace:\u00a0<a href=\"https:\/\/goo.su\/uY70\">https:\/\/goo.su\/uY70<\/a><br \/>\nUna opci\u00f3n\u00a0<strong>una vez al a\u00f1o<\/strong>, vos decid\u00eds el monto (un gesto, una ayuda concreta) Enlace:\u00a0<a href=\"https:\/\/goo.su\/p4gH9\">https:\/\/goo.su\/p4gH9<\/a><br \/>\n<strong>Por \u00fanica vez<\/strong>, el monto que decidas. Alias: Lenny.Caceres<\/p><\/blockquote>\n<p>Investigadoras como Friedman y Nissenbaum, as\u00ed como las sobrevivientes, activistas y defensoras digitales que impulsan el movimiento de la Ley Olimpia en la regi\u00f3n latinoamericana, destacan que la tecnolog\u00eda no es neutral, ya que sus sesgos reflejan las decisiones y valores de quienes las desarrollan, perpetuando estereotipos y din\u00e1micas de poder patriarcales. En este sentido, adquirir competencias digitales es esencial para que estos grupos puedan protegerse frente a la violencia digital, que afecta a una gran proporci\u00f3n de mujeres.<\/p>\n<p>Por otro lado, se resalta que el \u00e1mbito digital es tan real como cualquier otro \u00e1mbito de existencia humana. En este creamos v\u00ednculos, din\u00e1micas de interacci\u00f3n, relaciones y tenemos comportamientos moldeados por el contexto que permite la digitalidad, que ya es parte de nuestra cotidianidad, y por eso es clave hablar de ciudadan\u00eda digital. Seg\u00fan la UNESCO (2015), la ciudadan\u00eda implica desarrollar habilidades cr\u00edticas, \u00e9ticas y eficaces para participar activamente en la sociedad digital\u2026 <a href=\"https:\/\/diariofemenino.com.ar\/df\/wp-content\/uploads\/2025\/08\/Guia-Ema.pdf\">descargar y seguir leyendo.<\/a><\/p>\n<p><a href=\"https:\/\/diariofemenino.com.ar\/df\/category\/biblioteca\/\">Biblioteca Virtual<\/a> &#8211; <a href=\"https:\/\/diariofemenino.com.ar\/\">Diario Digital Femenino<\/a><\/p>\n<blockquote>\n<p data-start=\"345\" data-end=\"615\"><strong>Seguinos en Instagram. Diario Digital Femenino:\u00a0<a href=\"https:\/\/www.instagram.com\/diariodigitalfemenino_\/\">@diariodigitalfemenino_<\/a><br \/>\nLenny C\u00e1ceres:\u00a0<a href=\"https:\/\/www.instagram.com\/lennycaceres69\/\">@lennycaceres69<\/a><br \/>\nFacebook:\u00a0<a href=\"https:\/\/www.facebook.com\/DiarioDigitalFemenino\/\">Diario Digital Femenino\u00a0<\/a><br \/>\nTikTok;\u00a0<a href=\"https:\/\/www.tiktok.com\/@diariodigitalfemenino\">diariodigitalfemenino<\/a><\/strong><\/p>\n<\/blockquote>\n<p data-start=\"617\" data-end=\"677\">\n","protected":false},"excerpt":{"rendered":"<p>Una herramienta pionera para que las escuelas de todo el pa\u00eds sepan c\u00f3mo actuar frente a la violencia digital y la difusi\u00f3n no consentida de im\u00e1genes \u00edntimas. Creada en memoria de Ema, adolescente cuya vida estuvo atravesada por esta violencia, la gu\u00eda es fruto del esfuerzo de su familia, organizaciones y legisladoras, para que ninguna [&hellip;]<\/p>\n","protected":false},"author":6,"featured_media":75181,"comment_status":"open","ping_status":"open","sticky":false,"template":"","format":"standard","meta":{"iawp_total_views":1575,"footnotes":""},"categories":[7,1067,178,581,19,627,78,21,592],"tags":[965,5905,30,11,5904,7537,5448,7539,7538],"class_list":["post-75179","post","type-post","status-publish","format-standard","has-post-thumbnail","hentry","category-actividades","category-agenda-feminista","category-articulos-y-comunicados","category-azul-profundo","category-biblioteca","category-genero-y-derechos-humanos","category-guias","category-noticias","category-violencias","tag-biblioteca-virtual","tag-ciudadania-digital","tag-derechos-humanos","tag-educacion","tag-educacion-digital","tag-guia-ema","tag-ley-olimpia","tag-politicas-educativas","tag-prevencion-de-violencias"],"nelio_content":{"autoShareEndMode":"never","automationSources":{"useCustomSentences":false,"customSentences":[]},"efiAlt":"","efiUrl":"","followers":[6],"highlights":[],"isAutoShareEnabled":true,"networkImageIds":[],"permalinkQueryArgs":[],"series":[],"suggestedReferences":[]},"yoast_head":"<!-- This site is optimized with the Yoast SEO plugin v27.5 - https:\/\/yoast.com\/product\/yoast-seo-wordpress\/ -->\n<title>Gu\u00eda Ema para descargar - Diario Digital Femenino<\/title>\n<meta name=\"description\" content=\"Gu\u00eda Ema para el abordaje de casosde difusi\u00f3n de contenido \u00edntimo sexualsin consentimientoen \u00e1mbitos educativos.\" \/>\n<meta name=\"robots\" content=\"index, follow, max-snippet:-1, max-image-preview:large, max-video-preview:-1\" \/>\n<link rel=\"canonical\" href=\"https:\/\/diariofemenino.com.ar\/df\/guia-ema-para-descargar\/\" \/>\n<meta property=\"og:locale\" content=\"es_ES\" \/>\n<meta property=\"og:type\" content=\"article\" \/>\n<meta property=\"og:title\" content=\"Gu\u00eda Ema para descargar - Diario Digital Femenino\" \/>\n<meta property=\"og:description\" content=\"Gu\u00eda Ema para el abordaje de casosde difusi\u00f3n de contenido \u00edntimo sexualsin consentimientoen \u00e1mbitos educativos.\" \/>\n<meta property=\"og:url\" content=\"https:\/\/diariofemenino.com.ar\/df\/guia-ema-para-descargar\/\" \/>\n<meta property=\"og:site_name\" content=\"Diario Digital Femenino\" \/>\n<meta property=\"article:publisher\" content=\"https:\/\/www.facebook.com\/DiarioDigitaFemenino\/\" \/>\n<meta property=\"article:published_time\" content=\"2025-08-21T00:07:09+00:00\" \/>\n<meta property=\"article:modified_time\" content=\"2025-08-21T00:12:52+00:00\" \/>\n<meta property=\"og:image\" content=\"https:\/\/diariofemenino.com.ar\/df\/wp-content\/uploads\/2025\/08\/Guia-Ema.webp\" \/>\n\t<meta property=\"og:image:width\" content=\"436\" \/>\n\t<meta property=\"og:image:height\" content=\"398\" \/>\n\t<meta property=\"og:image:type\" content=\"image\/webp\" \/>\n<meta name=\"author\" content=\"redaccion\" \/>\n<meta name=\"twitter:card\" content=\"summary_large_image\" \/>\n<meta name=\"twitter:creator\" content=\"@DiarioFemenino1\" \/>\n<meta name=\"twitter:site\" content=\"@DiarioFemenino1\" \/>\n<meta name=\"twitter:label1\" content=\"Escrito por\" \/>\n\t<meta name=\"twitter:data1\" content=\"redaccion\" \/>\n\t<meta name=\"twitter:label2\" content=\"Tiempo de lectura\" \/>\n\t<meta name=\"twitter:data2\" content=\"4 minutos\" \/>\n<script type=\"application\/ld+json\" class=\"yoast-schema-graph\">{\"@context\":\"https:\\\/\\\/schema.org\",\"@graph\":[{\"@type\":\"Article\",\"@id\":\"https:\\\/\\\/diariofemenino.com.ar\\\/df\\\/guia-ema-para-descargar\\\/#article\",\"isPartOf\":{\"@id\":\"https:\\\/\\\/diariofemenino.com.ar\\\/df\\\/guia-ema-para-descargar\\\/\"},\"author\":{\"name\":\"redaccion\",\"@id\":\"https:\\\/\\\/diariofemenino.com.ar\\\/df\\\/#\\\/schema\\\/person\\\/b6ba2e26f7891f232694804f228a7f27\"},\"headline\":\"Gu\u00eda Ema para descargar\",\"datePublished\":\"2025-08-21T00:07:09+00:00\",\"dateModified\":\"2025-08-21T00:12:52+00:00\",\"mainEntityOfPage\":{\"@id\":\"https:\\\/\\\/diariofemenino.com.ar\\\/df\\\/guia-ema-para-descargar\\\/\"},\"wordCount\":714,\"commentCount\":0,\"publisher\":{\"@id\":\"https:\\\/\\\/diariofemenino.com.ar\\\/df\\\/#organization\"},\"image\":{\"@id\":\"https:\\\/\\\/diariofemenino.com.ar\\\/df\\\/guia-ema-para-descargar\\\/#primaryimage\"},\"thumbnailUrl\":\"https:\\\/\\\/diariofemenino.com.ar\\\/df\\\/wp-content\\\/uploads\\\/2025\\\/08\\\/Guia-Ema.webp\",\"keywords\":[\"Biblioteca Virtual\",\"Ciudadan\u00eda digital\",\"Derechos Humanos\",\"Educaci\u00f3n\",\"Educaci\u00f3n digital\",\"Gu\u00eda EMA\",\"Ley Olimpia\",\"Pol\u00edticas Educativas\",\"Prevenci\u00f3n de Violencias\"],\"articleSection\":[\"Actividades\",\"Agenda Feminista\",\"Art\u00edculos y Comunicados\",\"Azul Profundo\",\"Biblioteca Virtual\",\"G\u00e9nero y Derechos Humanos\",\"Gu\u00edas\",\"Noticias\",\"Violencias\"],\"inLanguage\":\"es\",\"potentialAction\":[{\"@type\":\"CommentAction\",\"name\":\"Comment\",\"target\":[\"https:\\\/\\\/diariofemenino.com.ar\\\/df\\\/guia-ema-para-descargar\\\/#respond\"]}]},{\"@type\":\"WebPage\",\"@id\":\"https:\\\/\\\/diariofemenino.com.ar\\\/df\\\/guia-ema-para-descargar\\\/\",\"url\":\"https:\\\/\\\/diariofemenino.com.ar\\\/df\\\/guia-ema-para-descargar\\\/\",\"name\":\"Gu\u00eda Ema para descargar - Diario Digital Femenino\",\"isPartOf\":{\"@id\":\"https:\\\/\\\/diariofemenino.com.ar\\\/df\\\/#website\"},\"primaryImageOfPage\":{\"@id\":\"https:\\\/\\\/diariofemenino.com.ar\\\/df\\\/guia-ema-para-descargar\\\/#primaryimage\"},\"image\":{\"@id\":\"https:\\\/\\\/diariofemenino.com.ar\\\/df\\\/guia-ema-para-descargar\\\/#primaryimage\"},\"thumbnailUrl\":\"https:\\\/\\\/diariofemenino.com.ar\\\/df\\\/wp-content\\\/uploads\\\/2025\\\/08\\\/Guia-Ema.webp\",\"datePublished\":\"2025-08-21T00:07:09+00:00\",\"dateModified\":\"2025-08-21T00:12:52+00:00\",\"description\":\"Gu\u00eda Ema para el abordaje de casosde difusi\u00f3n de contenido \u00edntimo sexualsin consentimientoen \u00e1mbitos educativos.\",\"breadcrumb\":{\"@id\":\"https:\\\/\\\/diariofemenino.com.ar\\\/df\\\/guia-ema-para-descargar\\\/#breadcrumb\"},\"inLanguage\":\"es\",\"potentialAction\":[{\"@type\":\"ReadAction\",\"target\":[\"https:\\\/\\\/diariofemenino.com.ar\\\/df\\\/guia-ema-para-descargar\\\/\"]}]},{\"@type\":\"ImageObject\",\"inLanguage\":\"es\",\"@id\":\"https:\\\/\\\/diariofemenino.com.ar\\\/df\\\/guia-ema-para-descargar\\\/#primaryimage\",\"url\":\"https:\\\/\\\/diariofemenino.com.ar\\\/df\\\/wp-content\\\/uploads\\\/2025\\\/08\\\/Guia-Ema.webp\",\"contentUrl\":\"https:\\\/\\\/diariofemenino.com.ar\\\/df\\\/wp-content\\\/uploads\\\/2025\\\/08\\\/Guia-Ema.webp\",\"width\":436,\"height\":398,\"caption\":\"Gu\u00eda Ema para descargar\"},{\"@type\":\"BreadcrumbList\",\"@id\":\"https:\\\/\\\/diariofemenino.com.ar\\\/df\\\/guia-ema-para-descargar\\\/#breadcrumb\",\"itemListElement\":[{\"@type\":\"ListItem\",\"position\":1,\"name\":\"Portada\",\"item\":\"https:\\\/\\\/diariofemenino.com.ar\\\/df\\\/\"},{\"@type\":\"ListItem\",\"position\":2,\"name\":\"Gu\u00eda Ema para descargar\"}]},{\"@type\":\"WebSite\",\"@id\":\"https:\\\/\\\/diariofemenino.com.ar\\\/df\\\/#website\",\"url\":\"https:\\\/\\\/diariofemenino.com.ar\\\/df\\\/\",\"name\":\"Diario Digital Femenino\",\"description\":\"Cuesti\u00f3n de G\u00e9nero\",\"publisher\":{\"@id\":\"https:\\\/\\\/diariofemenino.com.ar\\\/df\\\/#organization\"},\"potentialAction\":[{\"@type\":\"SearchAction\",\"target\":{\"@type\":\"EntryPoint\",\"urlTemplate\":\"https:\\\/\\\/diariofemenino.com.ar\\\/df\\\/?s={search_term_string}\"},\"query-input\":{\"@type\":\"PropertyValueSpecification\",\"valueRequired\":true,\"valueName\":\"search_term_string\"}}],\"inLanguage\":\"es\"},{\"@type\":\"Organization\",\"@id\":\"https:\\\/\\\/diariofemenino.com.ar\\\/df\\\/#organization\",\"name\":\"Diario Femenino\",\"url\":\"https:\\\/\\\/diariofemenino.com.ar\\\/df\\\/\",\"logo\":{\"@type\":\"ImageObject\",\"inLanguage\":\"es\",\"@id\":\"https:\\\/\\\/diariofemenino.com.ar\\\/df\\\/#\\\/schema\\\/logo\\\/image\\\/\",\"url\":\"https:\\\/\\\/diariofemenino.com.ar\\\/df\\\/wp-content\\\/uploads\\\/2018\\\/10\\\/logo.png\",\"contentUrl\":\"https:\\\/\\\/diariofemenino.com.ar\\\/df\\\/wp-content\\\/uploads\\\/2018\\\/10\\\/logo.png\",\"width\":500,\"height\":92,\"caption\":\"Diario Femenino\"},\"image\":{\"@id\":\"https:\\\/\\\/diariofemenino.com.ar\\\/df\\\/#\\\/schema\\\/logo\\\/image\\\/\"},\"sameAs\":[\"https:\\\/\\\/www.facebook.com\\\/DiarioDigitaFemenino\\\/\",\"https:\\\/\\\/x.com\\\/DiarioFemenino1\"]},{\"@type\":\"Person\",\"@id\":\"https:\\\/\\\/diariofemenino.com.ar\\\/df\\\/#\\\/schema\\\/person\\\/b6ba2e26f7891f232694804f228a7f27\",\"name\":\"redaccion\",\"image\":{\"@type\":\"ImageObject\",\"inLanguage\":\"es\",\"@id\":\"https:\\\/\\\/diariofemenino.com.ar\\\/df\\\/wp-content\\\/uploads\\\/2024\\\/09\\\/0eda9a67-a560-4264-8085-ae5314b35c5a-150x150.avif\",\"url\":\"https:\\\/\\\/diariofemenino.com.ar\\\/df\\\/wp-content\\\/uploads\\\/2024\\\/09\\\/0eda9a67-a560-4264-8085-ae5314b35c5a-150x150.avif\",\"contentUrl\":\"https:\\\/\\\/diariofemenino.com.ar\\\/df\\\/wp-content\\\/uploads\\\/2024\\\/09\\\/0eda9a67-a560-4264-8085-ae5314b35c5a-150x150.avif\",\"caption\":\"redaccion\"},\"url\":\"https:\\\/\\\/diariofemenino.com.ar\\\/df\\\/author\\\/redaccion\\\/\"}]}<\/script>\n<!-- \/ Yoast SEO plugin. -->","yoast_head_json":{"title":"Gu\u00eda Ema para descargar - Diario Digital Femenino","description":"Gu\u00eda Ema para el abordaje de casosde difusi\u00f3n de contenido \u00edntimo sexualsin consentimientoen \u00e1mbitos educativos.","robots":{"index":"index","follow":"follow","max-snippet":"max-snippet:-1","max-image-preview":"max-image-preview:large","max-video-preview":"max-video-preview:-1"},"canonical":"https:\/\/diariofemenino.com.ar\/df\/guia-ema-para-descargar\/","og_locale":"es_ES","og_type":"article","og_title":"Gu\u00eda Ema para descargar - Diario Digital Femenino","og_description":"Gu\u00eda Ema para el abordaje de casosde difusi\u00f3n de contenido \u00edntimo sexualsin consentimientoen \u00e1mbitos educativos.","og_url":"https:\/\/diariofemenino.com.ar\/df\/guia-ema-para-descargar\/","og_site_name":"Diario Digital Femenino","article_publisher":"https:\/\/www.facebook.com\/DiarioDigitaFemenino\/","article_published_time":"2025-08-21T00:07:09+00:00","article_modified_time":"2025-08-21T00:12:52+00:00","og_image":[{"width":436,"height":398,"url":"https:\/\/diariofemenino.com.ar\/df\/wp-content\/uploads\/2025\/08\/Guia-Ema.webp","type":"image\/webp"}],"author":"redaccion","twitter_card":"summary_large_image","twitter_creator":"@DiarioFemenino1","twitter_site":"@DiarioFemenino1","twitter_misc":{"Escrito por":"redaccion","Tiempo de lectura":"4 minutos"},"schema":{"@context":"https:\/\/schema.org","@graph":[{"@type":"Article","@id":"https:\/\/diariofemenino.com.ar\/df\/guia-ema-para-descargar\/#article","isPartOf":{"@id":"https:\/\/diariofemenino.com.ar\/df\/guia-ema-para-descargar\/"},"author":{"name":"redaccion","@id":"https:\/\/diariofemenino.com.ar\/df\/#\/schema\/person\/b6ba2e26f7891f232694804f228a7f27"},"headline":"Gu\u00eda Ema para descargar","datePublished":"2025-08-21T00:07:09+00:00","dateModified":"2025-08-21T00:12:52+00:00","mainEntityOfPage":{"@id":"https:\/\/diariofemenino.com.ar\/df\/guia-ema-para-descargar\/"},"wordCount":714,"commentCount":0,"publisher":{"@id":"https:\/\/diariofemenino.com.ar\/df\/#organization"},"image":{"@id":"https:\/\/diariofemenino.com.ar\/df\/guia-ema-para-descargar\/#primaryimage"},"thumbnailUrl":"https:\/\/diariofemenino.com.ar\/df\/wp-content\/uploads\/2025\/08\/Guia-Ema.webp","keywords":["Biblioteca Virtual","Ciudadan\u00eda digital","Derechos Humanos","Educaci\u00f3n","Educaci\u00f3n digital","Gu\u00eda EMA","Ley Olimpia","Pol\u00edticas Educativas","Prevenci\u00f3n de Violencias"],"articleSection":["Actividades","Agenda Feminista","Art\u00edculos y Comunicados","Azul Profundo","Biblioteca Virtual","G\u00e9nero y Derechos Humanos","Gu\u00edas","Noticias","Violencias"],"inLanguage":"es","potentialAction":[{"@type":"CommentAction","name":"Comment","target":["https:\/\/diariofemenino.com.ar\/df\/guia-ema-para-descargar\/#respond"]}]},{"@type":"WebPage","@id":"https:\/\/diariofemenino.com.ar\/df\/guia-ema-para-descargar\/","url":"https:\/\/diariofemenino.com.ar\/df\/guia-ema-para-descargar\/","name":"Gu\u00eda Ema para descargar - Diario Digital Femenino","isPartOf":{"@id":"https:\/\/diariofemenino.com.ar\/df\/#website"},"primaryImageOfPage":{"@id":"https:\/\/diariofemenino.com.ar\/df\/guia-ema-para-descargar\/#primaryimage"},"image":{"@id":"https:\/\/diariofemenino.com.ar\/df\/guia-ema-para-descargar\/#primaryimage"},"thumbnailUrl":"https:\/\/diariofemenino.com.ar\/df\/wp-content\/uploads\/2025\/08\/Guia-Ema.webp","datePublished":"2025-08-21T00:07:09+00:00","dateModified":"2025-08-21T00:12:52+00:00","description":"Gu\u00eda Ema para el abordaje de casosde difusi\u00f3n de contenido \u00edntimo sexualsin consentimientoen \u00e1mbitos educativos.","breadcrumb":{"@id":"https:\/\/diariofemenino.com.ar\/df\/guia-ema-para-descargar\/#breadcrumb"},"inLanguage":"es","potentialAction":[{"@type":"ReadAction","target":["https:\/\/diariofemenino.com.ar\/df\/guia-ema-para-descargar\/"]}]},{"@type":"ImageObject","inLanguage":"es","@id":"https:\/\/diariofemenino.com.ar\/df\/guia-ema-para-descargar\/#primaryimage","url":"https:\/\/diariofemenino.com.ar\/df\/wp-content\/uploads\/2025\/08\/Guia-Ema.webp","contentUrl":"https:\/\/diariofemenino.com.ar\/df\/wp-content\/uploads\/2025\/08\/Guia-Ema.webp","width":436,"height":398,"caption":"Gu\u00eda Ema para descargar"},{"@type":"BreadcrumbList","@id":"https:\/\/diariofemenino.com.ar\/df\/guia-ema-para-descargar\/#breadcrumb","itemListElement":[{"@type":"ListItem","position":1,"name":"Portada","item":"https:\/\/diariofemenino.com.ar\/df\/"},{"@type":"ListItem","position":2,"name":"Gu\u00eda Ema para descargar"}]},{"@type":"WebSite","@id":"https:\/\/diariofemenino.com.ar\/df\/#website","url":"https:\/\/diariofemenino.com.ar\/df\/","name":"Diario Digital Femenino","description":"Cuesti\u00f3n de G\u00e9nero","publisher":{"@id":"https:\/\/diariofemenino.com.ar\/df\/#organization"},"potentialAction":[{"@type":"SearchAction","target":{"@type":"EntryPoint","urlTemplate":"https:\/\/diariofemenino.com.ar\/df\/?s={search_term_string}"},"query-input":{"@type":"PropertyValueSpecification","valueRequired":true,"valueName":"search_term_string"}}],"inLanguage":"es"},{"@type":"Organization","@id":"https:\/\/diariofemenino.com.ar\/df\/#organization","name":"Diario Femenino","url":"https:\/\/diariofemenino.com.ar\/df\/","logo":{"@type":"ImageObject","inLanguage":"es","@id":"https:\/\/diariofemenino.com.ar\/df\/#\/schema\/logo\/image\/","url":"https:\/\/diariofemenino.com.ar\/df\/wp-content\/uploads\/2018\/10\/logo.png","contentUrl":"https:\/\/diariofemenino.com.ar\/df\/wp-content\/uploads\/2018\/10\/logo.png","width":500,"height":92,"caption":"Diario Femenino"},"image":{"@id":"https:\/\/diariofemenino.com.ar\/df\/#\/schema\/logo\/image\/"},"sameAs":["https:\/\/www.facebook.com\/DiarioDigitaFemenino\/","https:\/\/x.com\/DiarioFemenino1"]},{"@type":"Person","@id":"https:\/\/diariofemenino.com.ar\/df\/#\/schema\/person\/b6ba2e26f7891f232694804f228a7f27","name":"redaccion","image":{"@type":"ImageObject","inLanguage":"es","@id":"https:\/\/diariofemenino.com.ar\/df\/wp-content\/uploads\/2024\/09\/0eda9a67-a560-4264-8085-ae5314b35c5a-150x150.avif","url":"https:\/\/diariofemenino.com.ar\/df\/wp-content\/uploads\/2024\/09\/0eda9a67-a560-4264-8085-ae5314b35c5a-150x150.avif","contentUrl":"https:\/\/diariofemenino.com.ar\/df\/wp-content\/uploads\/2024\/09\/0eda9a67-a560-4264-8085-ae5314b35c5a-150x150.avif","caption":"redaccion"},"url":"https:\/\/diariofemenino.com.ar\/df\/author\/redaccion\/"}]}},"jetpack_featured_media_url":"https:\/\/diariofemenino.com.ar\/df\/wp-content\/uploads\/2025\/08\/Guia-Ema.webp","jetpack_sharing_enabled":true,"rttpg_featured_image_url":{"full":["https:\/\/diariofemenino.com.ar\/df\/wp-content\/uploads\/2025\/08\/Guia-Ema.webp",436,398,false],"landscape":["https:\/\/diariofemenino.com.ar\/df\/wp-content\/uploads\/2025\/08\/Guia-Ema.webp",436,398,false],"portraits":["https:\/\/diariofemenino.com.ar\/df\/wp-content\/uploads\/2025\/08\/Guia-Ema.webp",436,398,false],"thumbnail":["https:\/\/diariofemenino.com.ar\/df\/wp-content\/uploads\/2025\/08\/Guia-Ema-150x150.webp",150,150,true],"medium":["https:\/\/diariofemenino.com.ar\/df\/wp-content\/uploads\/2025\/08\/Guia-Ema-300x274.webp",300,274,true],"large":["https:\/\/diariofemenino.com.ar\/df\/wp-content\/uploads\/2025\/08\/Guia-Ema.webp",436,398,false],"1536x1536":["https:\/\/diariofemenino.com.ar\/df\/wp-content\/uploads\/2025\/08\/Guia-Ema.webp",436,398,false],"2048x2048":["https:\/\/diariofemenino.com.ar\/df\/wp-content\/uploads\/2025\/08\/Guia-Ema.webp",436,398,false]},"rttpg_author":{"display_name":"redaccion","author_link":"https:\/\/diariofemenino.com.ar\/df\/author\/redaccion\/"},"rttpg_comment":0,"rttpg_category":"<a href=\"https:\/\/diariofemenino.com.ar\/df\/category\/actividades\/\" rel=\"category tag\">Actividades<\/a> <a href=\"https:\/\/diariofemenino.com.ar\/df\/category\/agenda-feminista\/\" rel=\"category tag\">Agenda Feminista<\/a> <a href=\"https:\/\/diariofemenino.com.ar\/df\/category\/articulos-y-comunicados\/\" rel=\"category tag\">Art\u00edculos y Comunicados<\/a> <a href=\"https:\/\/diariofemenino.com.ar\/df\/category\/azul-profundo\/\" rel=\"category tag\">Azul Profundo<\/a> <a href=\"https:\/\/diariofemenino.com.ar\/df\/category\/biblioteca\/\" rel=\"category tag\">Biblioteca Virtual<\/a> <a href=\"https:\/\/diariofemenino.com.ar\/df\/category\/genero-y-derechos-humanos\/\" rel=\"category tag\">G\u00e9nero y Derechos Humanos<\/a> <a href=\"https:\/\/diariofemenino.com.ar\/df\/category\/guias\/\" rel=\"category tag\">Gu\u00edas<\/a> <a href=\"https:\/\/diariofemenino.com.ar\/df\/category\/noticias\/\" rel=\"category tag\">Noticias<\/a> <a href=\"https:\/\/diariofemenino.com.ar\/df\/category\/violencias\/\" rel=\"category tag\">Violencias<\/a>","rttpg_excerpt":"Una herramienta pionera para que las escuelas de todo el pa\u00eds sepan c\u00f3mo actuar frente a la violencia digital y la difusi\u00f3n no consentida de im\u00e1genes \u00edntimas. Creada en memoria de Ema, adolescente cuya vida estuvo atravesada por esta violencia, la gu\u00eda es fruto del esfuerzo de su familia, organizaciones y legisladoras, para que ninguna&hellip;","_links":{"self":[{"href":"https:\/\/diariofemenino.com.ar\/df\/wp-json\/wp\/v2\/posts\/75179","targetHints":{"allow":["GET"]}}],"collection":[{"href":"https:\/\/diariofemenino.com.ar\/df\/wp-json\/wp\/v2\/posts"}],"about":[{"href":"https:\/\/diariofemenino.com.ar\/df\/wp-json\/wp\/v2\/types\/post"}],"author":[{"embeddable":true,"href":"https:\/\/diariofemenino.com.ar\/df\/wp-json\/wp\/v2\/users\/6"}],"replies":[{"embeddable":true,"href":"https:\/\/diariofemenino.com.ar\/df\/wp-json\/wp\/v2\/comments?post=75179"}],"version-history":[{"count":0,"href":"https:\/\/diariofemenino.com.ar\/df\/wp-json\/wp\/v2\/posts\/75179\/revisions"}],"wp:featuredmedia":[{"embeddable":true,"href":"https:\/\/diariofemenino.com.ar\/df\/wp-json\/wp\/v2\/media\/75181"}],"wp:attachment":[{"href":"https:\/\/diariofemenino.com.ar\/df\/wp-json\/wp\/v2\/media?parent=75179"}],"wp:term":[{"taxonomy":"category","embeddable":true,"href":"https:\/\/diariofemenino.com.ar\/df\/wp-json\/wp\/v2\/categories?post=75179"},{"taxonomy":"post_tag","embeddable":true,"href":"https:\/\/diariofemenino.com.ar\/df\/wp-json\/wp\/v2\/tags?post=75179"}],"curies":[{"name":"wp","href":"https:\/\/api.w.org\/{rel}","templated":true}]}}