{"id":74908,"date":"2025-04-22T12:41:48","date_gmt":"2025-04-22T15:41:48","guid":{"rendered":"https:\/\/diariofemenino.com.ar\/df\/?p=74908"},"modified":"2025-04-22T12:41:48","modified_gmt":"2025-04-22T15:41:48","slug":"que-es-una-cuota-alimentaria-con-perspectiva-de-genero","status":"publish","type":"post","link":"https:\/\/diariofemenino.com.ar\/df\/que-es-una-cuota-alimentaria-con-perspectiva-de-genero\/","title":{"rendered":"\u00bfQu\u00e9 es una cuota alimentaria con perspectiva de g\u00e9nero?"},"content":{"rendered":"<p>La\u00a0 invitaci\u00f3n a dar una clase me llevo a volver a pensar el tema que en virtud del trabajo que se viene realizando en la C\u00e1mara de Diputados \u00a0Buenos Aires<a href=\"#_ftn1\" name=\"_ftnref1\">[1]<\/a> y la modificaci\u00f3n de la ley en provincia de Buenos Aires, se vuelve a tratar en el sector profesional y para las personas interesadas en la tem\u00e1tica.<\/p>\n<p>Por\u00a0<a href=\"https:\/\/diariofemenino.com.ar\/df\/?s=Diego+Oscar+Ortiz\">Diego Oscar Ortiz<\/a>*<\/p>\n<p>El proceso de alimentos es uno de los procesos del derecho de las familias que tiene que ser analizado con perspectiva de g\u00e9nero, la resoluci\u00f3n que fija una cuota alimentaria es una parte del mismo<a href=\"#_ftn2\" name=\"_ftnref2\">[2]<\/a>.\u00a0Surge la necesidad de una operatividad del tema, de plasmar en la pr\u00e1ctica las herramientas que se encuentran a disposici\u00f3n en raz\u00f3n de ni\u00f1as, ni\u00f1os y adolescentes a proteger, el proceso de fondo en el que se dirimen las cuestiones, las cuestiones de g\u00e9nero y los aportes espec\u00edficos de la tem\u00e1tica<a href=\"#_ftn3\" name=\"_ftnref3\">[3]<\/a>. Seguidamente vamos a dar algunas respuestas de c\u00f3mo ser\u00eda una cuota alimentaria con perspectiva de g\u00e9nero.<\/p>\n<figure id=\"attachment_74910\" aria-describedby=\"caption-attachment-74910\" style=\"width: 598px\" class=\"wp-caption aligncenter\"><img loading=\"lazy\" decoding=\"async\" class=\" wp-image-74910\" src=\"https:\/\/diariofemenino.com.ar\/df\/wp-content\/uploads\/2025\/04\/cuota-alimentaria-1-1.webp\" alt=\"\u00bfQu\u00e9 es una cuota alimentaria con perspectiva de g\u00e9nero?\" width=\"598\" height=\"336\" srcset=\"https:\/\/diariofemenino.com.ar\/df\/wp-content\/uploads\/2025\/04\/cuota-alimentaria-1-1.webp 770w, https:\/\/diariofemenino.com.ar\/df\/wp-content\/uploads\/2025\/04\/cuota-alimentaria-1-1-300x169.webp 300w, https:\/\/diariofemenino.com.ar\/df\/wp-content\/uploads\/2025\/04\/cuota-alimentaria-1-1-768x432.webp 768w\" sizes=\"auto, (max-width: 598px) 100vw, 598px\" \/><figcaption id=\"caption-attachment-74910\" class=\"wp-caption-text\">\u00bfQu\u00e9 es una cuota alimentaria con perspectiva de g\u00e9nero?<\/figcaption><\/figure>\n<p><strong>a). <\/strong><strong>Que la cuota sea entendida como una fracci\u00f3n de dinero que el progenitor da para solventar las necesidades de sus hijos o hijas <\/strong><\/p>\n<p>La cuota alimentaria es necesaria, \u00a0pero a veces insuficiente dada las circunstancias que se presentan en lo atinente a los gastos por necesidades de \u00a0hijos o hijas como por ejemplo nuevos gastos de salud, viajes imprevistos, etc. Esto amerita o pedir un aumento de cuota (que hace perder tiempo o recursos a la progenitora) o que el progenitor dado el conocimiento de esa nueva circunstancia aporte. El problema es que si el progenitor entiende que con el solo abono mensual de la cuota est\u00e1 cumpliendo su responsabilidad parental, probablemente desconozca lo que conforma la obligaci\u00f3n alimentaria<a href=\"#_ftn4\" name=\"_ftnref4\">[4]<\/a>.<\/p>\n<p>Subyace la idea en el progenitor obligado que la progenitora solicita m\u00e1s dinero para beneficio personal en vez de enfocarse en las necesidades alimentarias actuales, en c\u00f3mo ha variado los gastos de hijos o hijas para cubrir la prestaci\u00f3n alimentaria. (cambio de instituci\u00f3n educativa, necesidad de empezar un tratamiento m\u00e9dico, aumento de precios, compra de otros materiales educativos)<a href=\"#_ftn5\" name=\"_ftnref5\">[5]<\/a>.<\/p>\n<p><strong>b). Que el monto de la cuota sea completo, suficiente e integro<\/strong><\/p>\n<p>A primera vista, parecer\u00eda que el tema del monto es solo el resultado num\u00e9rico de una pretensi\u00f3n en un proceso de fondo. Sin embargo si lo analizamos, veremos el impacto que este tiene en garantizar \u00edntegramente el derecho alimentario de NNyA.<\/p>\n<p>La autoridad judicial fija una prestaci\u00f3n alimentaria atinada (ponderando el contexto en el que la actora la pide y cubriendo todos los rubros peticionados) y el demandado o no cumple con el monto en su totalidad o la cumple parcialmente. Este \u00faltimo supuesto tambi\u00e9n es un incumplimiento que configurar\u00eda una situaci\u00f3n encuadrada como de violencia econ\u00f3mica, ya que no cubre la prestaci\u00f3n alimentaria en su totalidad<a href=\"#_ftn6\" name=\"_ftnref6\">[6]<\/a>.<\/p>\n<p>Ni\u00f1as, ni\u00f1os y adolescentes no cubren tajantemente sus necesidades a la espera del cumplimiento total de la cuota, las mismas serian reducidas o suplidas por la progenitora, reproduciendo nuevamente violencia econ\u00f3mica (en un primer momento extrajudicial el progenitor no cumple con los alimentos lo que lleva a la progenitora a iniciar un juicio, en otro momento con la resoluci\u00f3n no cumple con el monto total y por \u00faltimo por la parte incumplida, la progenitora debe asumir ese faltante)<a href=\"#_ftn7\" name=\"_ftnref7\">[7]<\/a>.<\/p>\n<p>Con esto queremos decir que no nos podemos quedar con un mero an\u00e1lisis del proceso sino en su implementaci\u00f3n pr\u00e1ctica, en c\u00f3mo la herramienta de la perspectiva de g\u00e9nero puede incidir en la cuant\u00eda o modalidad de prestaci\u00f3n de la cuota alimentaria<a href=\"#_ftn8\" name=\"_ftnref8\">[8]<\/a>.<\/p>\n<p><strong>c). <\/strong><strong>Que la autoridad judicial no solo tome en cuenta el caudal del alimentante y las necesidades de ni\u00f1as, ni\u00f1os y adolescentes, sino tambi\u00e9n el contexto de la progenitora. <\/strong><\/p>\n<p>La cuota debe tener en cuenta no solo el caudal del alimentante y las necesidades de NNyA, sino tambi\u00e9n el contexto de la progenitora que asume el cuidado personal exclusivo de hijas e hijos, que redobla esfuerzos para suplir el aporte no realizado, que muchas veces se endeuda.<\/p>\n<p>Se debe visibilizar su aporte econ\u00f3mico. Este ha sido uno de los motivos para repensar el proceso de alimentos, ya no solo desde los par\u00e1metros, necesidad de NNyA y caudal del alimentante, sino tambi\u00e9n empezar a contextualizar la situaci\u00f3n de la progenitora que cuida y asume gastos para suplir el incumplimiento alimentario del otro progenitor. De hecho en la primera parte de la Convenci\u00f3n sobre Eliminaci\u00f3n de todas las formas de discriminaci\u00f3n contra la mujer Cedaw, se reconoce el gran aporte de la mujer al bienestar de la familia, la importancia social de la maternidad y la funci\u00f3n tanto del padre como de la madre en la familia y en la educaci\u00f3n de hijos e hijas, \u00a0y que la educaci\u00f3n de ni\u00f1as y ni\u00f1os exige la responsabilidad compartida entre hombres y mujeres y la sociedad en su conjunto. A estos instrumentos le debemos agregar lo dispuesto en la Convenci\u00f3n para prevenir, sancionar y erradicar la violencia contra la mujer Belem do Para y las 100 Reglas de Brasilia sobre Acceso a Justicia que colocan al g\u00e9nero y a la edad como causas de vulnerabilidad<a href=\"#_ftn9\" name=\"_ftnref9\">[9]<\/a>.<\/p>\n<p><strong>d). <\/strong><strong>Que contemple el cuidado personal que dispensa la progenitora <\/strong><\/p>\n<p>Relacionado a lo anterior, la cuota debe contemplar el cuidado personal que dispensa la progenitora que muchas veces es invisibilizado y tomado como ausente o carente de valor.<\/p>\n<p>El concepto de cuidado se puede trasladar a la idea cultural que el cuidado personal de hijas e hijos debe ser dispensado exclusivamente (y desinteresadamente) por la progenitora conviviente, con el mote o mandato de: \u00aby quien lo va hacer sino es la madre\u00bb, y muchas veces sin efectuar reclamo alimentario al progenitor obligado o hacerlo tard\u00edamente. Esto condice con la concepci\u00f3n de este en el sentido que lo que aporta en concepto de alimentos lo hace a petici\u00f3n o capricho de la madre, ya sea verbalmente, en una mediaci\u00f3n o en un juicio y no para cubrir las necesidades alimentarias de hijos o hijas.<\/p>\n<p>Otra de las creencias se da es que si la progenitora no tiene un trabajo remunerado siendo ama de casa, entonces no aporta econ\u00f3micamente nada a la familia y puede cuidar a hijos e hijas y que en si dicho cuidado no es aporte sino su obligaci\u00f3n. La contracara de esto es que el progenitor que trabaja por una remuneraci\u00f3n termina teniendo el control econ\u00f3mico de los ingresos que aporta y de las decisiones atinentes al cuidado, sumado a varias ausencias que generalmente son cubiertas por esa progenitora y no son vistas como aporte. Sin embargo, en el caso que la progenitora conviviente tenga un trabajo remunerado, no la libera de sus obligaciones alimentarias y de cuidado, sino que la sobrecarga en cuidados, responsabilidad y suplencias del progenitor obligado<a href=\"#_ftn10\" name=\"_ftnref10\">[10]<\/a>.<\/p>\n<p><strong>e). Que contemple el no cuidado del progenitor no conviviente <\/strong><\/p>\n<p>La cuota debe contemplar el no cuidado personal asumido por el progenitor no conviviente, ya sea intim\u00e1ndolo a cumplir con lo acordado, fijar una multa al incumplidor destinada a la progenitora, etc. Esto se relaciona con el cuidado de la progenitora conviviente que frente al no cuidado, debe suplir esas horas, relegar de su espacio personal, gastar dinero si debe contratar a un personal para cuidado, etc. Debemos tener en cuenta si existe alg\u00fan acuerdo de alimentos y r\u00e9gimen de comunicaci\u00f3n con ni\u00f1os, ni\u00f1as o adolescentes, si est\u00e1 homologado, etc.<\/p>\n<p>En un fallo<a href=\"#_ftn11\" name=\"_ftnref11\">[11]<\/a>, la jueza Romina S\u00e1nchez Torassa le impuso a un progenitor no conviviente una multa equivalente al 50% del salario del personal dom\u00e9stico encargado del cuidado de personas por cada mes que incumpla con el r\u00e9gimen comunicacional acordado para con su hijo de ocho a\u00f1os. Como se explica en la sentencia, la madre hab\u00eda solicitado que se aperciba al padre del ni\u00f1o y fund\u00f3 su pretensi\u00f3n en que empez\u00f3 a trabajar y necesitaba a una persona para que cuide al ni\u00f1o. La titular del Juzgado se\u00f1al\u00f3 que \u00abesta inobservancia a los deberes parentales repercute en su propio hijo afectando sus derechos reconocidos constitucionalmente, m\u00e1s a\u00fan si se tiene en cuenta su corta edad\u00bb. Asimismo, la sentencia expresa que, si bien no puede ser revertido el desinter\u00e9s por hijas e hijos mediante \u00f3rdenes judiciales, s\u00ed debe ser reparado en su faz econ\u00f3mica, cuando provoca un detrimento patrimonial.<\/p>\n<p><strong>f). Que tenga en cuenta la carga mental que padece la progenitora <\/strong><\/p>\n<p>La cuota debe tener en cuenta la carga mental que padece la progenitora al cuidar a hijas e hijos, el esfuerzo ps\u00edquico que realiza diariamente. Esto se relaciona con su derecho a la salud.<\/p>\n<p>En un fallo<a href=\"#_ftn12\" name=\"_ftnref12\">[12]<\/a> se ha sostenido que ya no hay margen para que pase desapercibida la carga mental que conllevan tanto el cuidado de ni\u00f1os, ni\u00f1as y adolescentes, como la gesti\u00f3n de las tareas del hogar por lo que es imperante que esa sobrecarga o esfuerzo psicol\u00f3gico \u00ednsito en la planificaci\u00f3n, coordinaci\u00f3n y protecci\u00f3n de la vida familiar e individual de sus miembros sea reconocida y sea cuantificada desde una faz productiva.<\/p>\n<p><strong>g). Que tenga en cuenta las situaciones encuadradas como de violencia simb\u00f3lica <\/strong><\/p>\n<p>La violencia simb\u00f3lica es un tipo de violencia que surge de la ley de protecci\u00f3n integral 26485. Se trata poco de este tipo de violencia en el proceso de alimentos, sin embargo se pueden presentar patrones estereotipos, mensajes que denoten desigualdad\u00a0 de g\u00e9nero, lenguaje androc\u00e9ntrico, agresi\u00f3n verbal en contexto de violencia de g\u00e9nero, etc.<\/p>\n<p>Las situaciones encuadradas como de violencia simb\u00f3lica se pueden presentar en los p\u00e1rrafos de la contestaci\u00f3n de demanda, en los escritos presentados y en los dichos proferidos en las audiencias. Esto ha llevado a una doble sanci\u00f3n, tanto para la parte demandada como para el letrado o letrada que confecciona ese escrito poniendo en juego su responsabilidad profesional y su conocimiento en el tema.<\/p>\n<p><strong>h). <\/strong><strong>Que permita plantear la violencia econ\u00f3mica cuando corresponda <\/strong><\/p>\n<p>La violencia simb\u00f3lica mencionada generalmente va de la mano con la violencia econ\u00f3mica, con el menoscabo de recursos econ\u00f3micos y patrimoniales al negar a la progenitora, hijas e hijos los medios indispensables para llevar a cabo una vida digna.<\/p>\n<p>Operadores y operadoras de la tem\u00e1tica deben prever que podr\u00edan ocurrir situaciones encuadradas como de violencia econ\u00f3mica en el proceso de alimentos, esto es a los fines que sea contemplada en la sentencia, espec\u00edficamente en la cuota alimentaria (monto, modalidad de prestaci\u00f3n, sanciones). Esto no significa transformar un proceso, acumularlo o desvirtuarlo, sino agregar una herramienta de an\u00e1lisis con perspectiva de g\u00e9nero.<\/p>\n<p><strong>i). <\/strong><strong>Que se relacione con el maltrato emocional <\/strong><\/p>\n<p>Por m\u00e1s que se piense que el derecho de las familias parezca desconectado de las cuestiones afectivas y sentimientos de las personas integrantes de las mismas, se relacionan directamente y muchas veces sirven de medidor para operadores de la tem\u00e1tica, como por ejemplo para que el juez o la jueza resuelva de una determinada manera<a href=\"#_ftn13\" name=\"_ftnref13\">[13]<\/a>.<\/p>\n<p>La cuota debe estar relacionada con la forma de maltrato emocional contra ni\u00f1as, ni\u00f1os y adolescentes cuando corresponda. El concepto de maltrato emocional padecido por a\u00f1os de ausencia y desinter\u00e9s no solo debe tomar en cuenta el campo afectivo sino que tambi\u00e9n se debe incluir el \u00e1mbito econ\u00f3mico, los incumplimientos alimentarios sostenidos en el tiempo.<\/p>\n<p>Un fallo<a href=\"#_ftn14\" name=\"_ftnref14\">[14]<\/a> plantea esta cuesti\u00f3n, que el derecho a trav\u00e9s de la figura de la autoridad judicial no puede paliar la angustia y el dolor de no ser querida por el progenitor, de ser abandonada material y emocionalmente.<\/p>\n<p>En el fallo la progenitora en representaci\u00f3n legal de su hija de 15 a\u00f1os, solicita se fije un r\u00e9gimen de comunicaci\u00f3n. Plantea que desde el nacimiento intenta que se relacione con ella. Destaca que en principio fue necesario reclamar la filiaci\u00f3n, luego el cuidado personal y los alimentos. Durante la ni\u00f1ez, la progenitora compraba regalos de feliz cumplea\u00f1os para la ni\u00f1a diciendo que el padre no pod\u00eda concurrir a la fiesta y que por eso se los enviaba. Agrega que tanto ella como su hija quieren que haya una relaci\u00f3n con el padre, la adolescente, lo pide, lo desea.<\/p>\n<p>La Asesora de Familia expresa que la conducta procesal asumida por el padre verifica los hechos aludidos por la progenitora en torno a la indiferencia que ha mantenido en relaci\u00f3n a su hija desde su nacimiento y el deficitario ejercicio de su responsabilidad parental.<\/p>\n<p>La autoridad judicial aclara que es notable el desinter\u00e9s del padre, que el principio de realidad que rige en los procesos de familia y el r\u00e9gimen de comunicaci\u00f3n requiere relaciones bilaterales, por lo que fijar cualquier pauta de contacto (por el momento y en las condiciones actuales) seria infructuoso. Esto no importa desconocer el derecho de la adolescente a pedir comunicaci\u00f3n con su padre ni convalidar la deleznable conducta del progenitor y su comportamiento totalmente opuesto no solo a derecho sino a los m\u00e1s elementales principios de la moral y la \u00e9tica.<\/p>\n<p><strong>j). <\/strong><strong>Que su fijaci\u00f3n tenga en cuenta el incumplimiento de la suma <\/strong><\/p>\n<p>Algunos interrogantes para abrir el tema: \u00bfQu\u00e9 sucede cuando el progenitor no cumple con la cuota alimentaria?, \u00bfQu\u00e9 debe hacer la autoridad judicial frente al incumplimiento?, en caso que tome alguna medida, \u00bfQu\u00e9 tipo de medidas puede tomar?, \u00bfestas medidas son efectivas?.<\/p>\n<p>La sola fijaci\u00f3n de una cuota alimentaria no tiene sentido sino se generan herramientas legales frente al incumplimiento. Esto generar\u00eda miedo, inseguridad, impunidad y una carta blanca a futuro para no aportar. Desde ya la idea no es activar un mecanismo sancionatorio, pero debemos tomar todos los recaudos necesarios para compeler al cumplimiento.<\/p>\n<p>El art 553 del CCC no menciona una o varias medidas espec\u00edficas ni cualquier incumplimiento alimentario, sino que requiere que este sea reiterado para abrir la creatividad judicial en la toma de medidas con el par\u00e1metro de la razonabilidad. Agrego que la medida que adopte la autoridad judicial debe alentar al cumplimiento de la cuota.<\/p>\n<p><strong>(*)<\/strong>\u00a0Abogado, Profesor Universitario en Ciencias Jur\u00eddicas,\u00a0 Especialista en Violencia Familiar, autor de libros y art\u00edculos de su especialidad. Columnista de\u00a0<a href=\"https:\/\/www.instagram.com\/diariodigitalfemenino_\/\">Diario Digital Femenino<\/a>.<\/p>\n<p><strong>Referencias<\/strong><\/p>\n<p><a href=\"#_ftnref1\" name=\"_ftn1\">[1]<\/a> Gran aporte de la Licenciada Mariela Breard, directora de equidad de g\u00e9nero y diversidad sexual de la HCD de PBA.<\/p>\n<p><a href=\"#_ftnref2\" name=\"_ftn2\">[2]<\/a> ORTIZ, Diego, La cuota alimentaria con perspectiva de g\u00e9nero, Microjuris, MJ-DOC-17135-AR||MJD17135, 05\/05\/23, https:\/\/aldiaargentina.microjuris.com\/2023\/05\/05\/doctrina-la-cuota-alimentaria-con-perspectiva-de-genero\/<\/p>\n<p><a href=\"#_ftnref3\" name=\"_ftn3\">[3]<\/a> ORTIZ, Diego, La cuota alimentaria con perspectiva de g\u00e9nero, art cit.<\/p>\n<p><a href=\"#_ftnref4\" name=\"_ftn4\">[4]<\/a> De hecho el art 553 del C\u00f3digo Civil y Comercial cuando establece la atribuci\u00f3n judicial para tomar medidas no trata sobre cuota sino sobre obligaci\u00f3n alimentaria.<\/p>\n<p><a href=\"#_ftnref5\" name=\"_ftn5\">[5]<\/a> ORTIZ, Diego, La cuota alimentaria con perspectiva de g\u00e9nero, art cit.<\/p>\n<p><a href=\"#_ftnref6\" name=\"_ftn6\">[6]<\/a> ORTIZ, Diego, Un monto en contra de la violencia econ\u00f3mica, Diario Digital Femenino, 08\/08\/24. https:\/\/diariofemenino.com.ar\/df\/un-monto\/<\/p>\n<p><a href=\"#_ftnref7\" name=\"_ftn7\">[7]<\/a> ORTIZ, Diego, Un monto en contra de la violencia econ\u00f3mica, art cit.<\/p>\n<p><a href=\"#_ftnref8\" name=\"_ftn8\">[8]<\/a> ORTIZ, Diego, La cuota alimentaria con perspectiva de g\u00e9nero, art cit.<\/p>\n<p><a href=\"#_ftnref9\" name=\"_ftn9\">[9]<\/a> ORTIZ, Diego, La cuota alimentaria con perspectiva de g\u00e9nero, art cit.<\/p>\n<p><a href=\"#_ftnref10\" name=\"_ftn10\">[10]<\/a> ORTIZ, Diego, La cuota alimentaria con perspectiva de g\u00e9nero, art cit.<\/p>\n<p><a href=\"#_ftnref11\" name=\"_ftn11\">[11]<\/a> D. M. D. O., M. A s\/ Homologaci\u00f3n, Juzgado en lo Civil, Comercial y Familia de Primera Nominaci\u00f3n de R\u00edo Tercero, 28\/02\/23, P\u00e1gina del Poder Judicial de C\u00f3rdoba, ttps:\/\/www.justiciacordoba.gob.ar\/justiciacordoba\/inicio\/indexDetalle.aspx?codNovedad=33105<\/p>\n<p><a href=\"#_ftnref12\" name=\"_ftn12\">[12]<\/a><strong> B. V. L. c\/ R. G. J., R. J. P. y S. S. E. s\/ alimentos, Superior Tribunal de Justicia de la Provincia de Entre R\u00edos Sala: civil y comercial, 6\/6\/2024, Microjuris, https:\/\/aldiaargentina.microjuris.com\/2024\/06\/18\/actualidad-trabajo-de-amor-el-superior-tribunal-de-entre-rios-en-una-demanda-de-alimentos-cuantifica-la-carga-mental-que-conllevan-tanto-el-cuidado-de-ninos-ninas-y-adolescentes-como-la-gestion-de\/<\/strong><\/p>\n<p><a href=\"#_ftnref13\" name=\"_ftn13\">[13]<\/a> ORTIZ, Diego, El derecho no seca l\u00e1grimas, Diario Digital Femenino, 12\/11\/24, https:\/\/diariofemenino.com.ar\/df\/el-derecho-no-seca-lagrimas\/<\/p>\n<p><a href=\"#_ftnref14\" name=\"_ftn14\">[14]<\/a> O.M.E c\/G.R.C Alimentos- R\u00e9gimen comunicacional-Ley 10305, Auto 232, Juzgado de Familia de 2\u00aa Nominaci\u00f3n de C\u00f3rdoba, 14\/06\/24. (sentencia no firme).<\/p>\n<p>&nbsp;<\/p>\n<blockquote><p><strong>Seguinos en Instagram.\u00a0Diario Digital Femenino:\u00a0<a href=\"https:\/\/www.instagram.com\/diariodigitalfemenino_\/\">@diariodigitalfemenino_<\/a><br \/>\nLenny C\u00e1ceres:\u00a0<a href=\"https:\/\/www.instagram.com\/lennycaceres69\/\">@lennycaceres69<\/a><br \/>\nFacebook:\u00a0<a href=\"https:\/\/www.facebook.com\/DiarioDigitalFemenino\/\">Diario Digital Femenino\u00a0<\/a><br \/>\nTikTok;\u00a0<a href=\"https:\/\/www.tiktok.com\/@diariodigitalfemenino\">diariodigitalfemenino<\/a><\/strong><\/p><\/blockquote>\n","protected":false},"excerpt":{"rendered":"<p>La\u00a0 invitaci\u00f3n a dar una clase me llevo a volver a pensar el tema que en virtud del trabajo que se viene realizando en la C\u00e1mara de Diputados \u00a0Buenos Aires[1] y la modificaci\u00f3n de la ley en provincia de Buenos Aires, se vuelve a tratar en el sector profesional y para las personas interesadas en [&hellip;]<\/p>\n","protected":false},"author":6,"featured_media":74909,"comment_status":"open","ping_status":"open","sticky":false,"template":"","format":"standard","meta":{"iawp_total_views":857,"footnotes":""},"categories":[1],"tags":[3177,366,891,4372,3525,5385,7443,7442,5426,16,173],"class_list":["post-74908","post","type-post","status-publish","format-standard","has-post-thumbnail","hentry","category-uncategorized","tag-carga-mental","tag-cuidados","tag-cuota-alimentaria","tag-destacada","tag-diego-oscar-ortiz","tag-incumplimiento","tag-maltrato-emocional","tag-obligacion-del-progenitor","tag-proceso","tag-violencia-de-genero","tag-violencia-economica"],"nelio_content":{"autoShareEndMode":"never","automationSources":{"useCustomSentences":false,"customSentences":[]},"efiAlt":"","efiUrl":"","followers":[6],"highlights":[],"isAutoShareEnabled":true,"networkImageIds":[],"permalinkQueryArgs":[],"series":[],"suggestedReferences":[]},"yoast_head":"<!-- This site is optimized with the Yoast SEO plugin v27.5 - https:\/\/yoast.com\/product\/yoast-seo-wordpress\/ -->\n<title>\u00bfQu\u00e9 es una cuota alimentaria con perspectiva de g\u00e9nero? - Diario Digital Femenino<\/title>\n<meta name=\"description\" content=\"Qu\u00e9 es una cuota alimentaria. El proceso de alimentos del derecho tiene que ser analizado con perspectiva de g\u00e9nero,\" \/>\n<meta name=\"robots\" content=\"index, follow, max-snippet:-1, max-image-preview:large, max-video-preview:-1\" \/>\n<link rel=\"canonical\" href=\"https:\/\/diariofemenino.com.ar\/df\/que-es-una-cuota-alimentaria-con-perspectiva-de-genero\/\" \/>\n<meta property=\"og:locale\" content=\"es_ES\" \/>\n<meta property=\"og:type\" content=\"article\" \/>\n<meta property=\"og:title\" content=\"\u00bfQu\u00e9 es una cuota alimentaria con perspectiva de g\u00e9nero? - Diario Digital Femenino\" \/>\n<meta property=\"og:description\" content=\"Qu\u00e9 es una cuota alimentaria. El proceso de alimentos del derecho tiene que ser analizado con perspectiva de g\u00e9nero,\" \/>\n<meta property=\"og:url\" content=\"https:\/\/diariofemenino.com.ar\/df\/que-es-una-cuota-alimentaria-con-perspectiva-de-genero\/\" \/>\n<meta property=\"og:site_name\" content=\"Diario Digital Femenino\" \/>\n<meta property=\"article:publisher\" content=\"https:\/\/www.facebook.com\/DiarioDigitaFemenino\/\" \/>\n<meta property=\"article:published_time\" content=\"2025-04-22T15:41:48+00:00\" \/>\n<meta property=\"og:image\" content=\"https:\/\/diariofemenino.com.ar\/df\/wp-content\/uploads\/2025\/04\/alimentos-2-j.webp\" \/>\n\t<meta property=\"og:image:width\" content=\"925\" \/>\n\t<meta property=\"og:image:height\" content=\"592\" \/>\n\t<meta property=\"og:image:type\" content=\"image\/webp\" \/>\n<meta name=\"author\" content=\"redaccion\" \/>\n<meta name=\"twitter:card\" content=\"summary_large_image\" \/>\n<meta name=\"twitter:creator\" content=\"@DiarioFemenino1\" \/>\n<meta name=\"twitter:site\" content=\"@DiarioFemenino1\" \/>\n<meta name=\"twitter:label1\" content=\"Escrito por\" \/>\n\t<meta name=\"twitter:data1\" content=\"redaccion\" \/>\n\t<meta name=\"twitter:label2\" content=\"Tiempo de lectura\" \/>\n\t<meta name=\"twitter:data2\" content=\"13 minutos\" \/>\n<script type=\"application\/ld+json\" class=\"yoast-schema-graph\">{\"@context\":\"https:\\\/\\\/schema.org\",\"@graph\":[{\"@type\":\"Article\",\"@id\":\"https:\\\/\\\/diariofemenino.com.ar\\\/df\\\/que-es-una-cuota-alimentaria-con-perspectiva-de-genero\\\/#article\",\"isPartOf\":{\"@id\":\"https:\\\/\\\/diariofemenino.com.ar\\\/df\\\/que-es-una-cuota-alimentaria-con-perspectiva-de-genero\\\/\"},\"author\":{\"name\":\"redaccion\",\"@id\":\"https:\\\/\\\/diariofemenino.com.ar\\\/df\\\/#\\\/schema\\\/person\\\/b6ba2e26f7891f232694804f228a7f27\"},\"headline\":\"\u00bfQu\u00e9 es una cuota alimentaria con perspectiva de g\u00e9nero?\",\"datePublished\":\"2025-04-22T15:41:48+00:00\",\"mainEntityOfPage\":{\"@id\":\"https:\\\/\\\/diariofemenino.com.ar\\\/df\\\/que-es-una-cuota-alimentaria-con-perspectiva-de-genero\\\/\"},\"wordCount\":2769,\"commentCount\":0,\"publisher\":{\"@id\":\"https:\\\/\\\/diariofemenino.com.ar\\\/df\\\/#organization\"},\"image\":{\"@id\":\"https:\\\/\\\/diariofemenino.com.ar\\\/df\\\/que-es-una-cuota-alimentaria-con-perspectiva-de-genero\\\/#primaryimage\"},\"thumbnailUrl\":\"https:\\\/\\\/diariofemenino.com.ar\\\/df\\\/wp-content\\\/uploads\\\/2025\\\/04\\\/alimentos-2-j.webp\",\"keywords\":[\"carga mental\",\"Cuidados\",\"Cuota alimentaria\",\"Destacada\",\"Diego Oscar Ortiz\",\"Incumplimiento\",\"maltrato emocional\",\"obligaci\u00f3n del progenitor\",\"Proceso\",\"Violencia de g\u00e9nero\",\"Violencia econ\u00f3mica\"],\"articleSection\":[\"Uncategorized\"],\"inLanguage\":\"es\",\"potentialAction\":[{\"@type\":\"CommentAction\",\"name\":\"Comment\",\"target\":[\"https:\\\/\\\/diariofemenino.com.ar\\\/df\\\/que-es-una-cuota-alimentaria-con-perspectiva-de-genero\\\/#respond\"]}]},{\"@type\":\"WebPage\",\"@id\":\"https:\\\/\\\/diariofemenino.com.ar\\\/df\\\/que-es-una-cuota-alimentaria-con-perspectiva-de-genero\\\/\",\"url\":\"https:\\\/\\\/diariofemenino.com.ar\\\/df\\\/que-es-una-cuota-alimentaria-con-perspectiva-de-genero\\\/\",\"name\":\"\u00bfQu\u00e9 es una cuota alimentaria con perspectiva de g\u00e9nero? - Diario Digital Femenino\",\"isPartOf\":{\"@id\":\"https:\\\/\\\/diariofemenino.com.ar\\\/df\\\/#website\"},\"primaryImageOfPage\":{\"@id\":\"https:\\\/\\\/diariofemenino.com.ar\\\/df\\\/que-es-una-cuota-alimentaria-con-perspectiva-de-genero\\\/#primaryimage\"},\"image\":{\"@id\":\"https:\\\/\\\/diariofemenino.com.ar\\\/df\\\/que-es-una-cuota-alimentaria-con-perspectiva-de-genero\\\/#primaryimage\"},\"thumbnailUrl\":\"https:\\\/\\\/diariofemenino.com.ar\\\/df\\\/wp-content\\\/uploads\\\/2025\\\/04\\\/alimentos-2-j.webp\",\"datePublished\":\"2025-04-22T15:41:48+00:00\",\"description\":\"Qu\u00e9 es una cuota alimentaria. El proceso de alimentos del derecho tiene que ser analizado con perspectiva de g\u00e9nero,\",\"breadcrumb\":{\"@id\":\"https:\\\/\\\/diariofemenino.com.ar\\\/df\\\/que-es-una-cuota-alimentaria-con-perspectiva-de-genero\\\/#breadcrumb\"},\"inLanguage\":\"es\",\"potentialAction\":[{\"@type\":\"ReadAction\",\"target\":[\"https:\\\/\\\/diariofemenino.com.ar\\\/df\\\/que-es-una-cuota-alimentaria-con-perspectiva-de-genero\\\/\"]}]},{\"@type\":\"ImageObject\",\"inLanguage\":\"es\",\"@id\":\"https:\\\/\\\/diariofemenino.com.ar\\\/df\\\/que-es-una-cuota-alimentaria-con-perspectiva-de-genero\\\/#primaryimage\",\"url\":\"https:\\\/\\\/diariofemenino.com.ar\\\/df\\\/wp-content\\\/uploads\\\/2025\\\/04\\\/alimentos-2-j.webp\",\"contentUrl\":\"https:\\\/\\\/diariofemenino.com.ar\\\/df\\\/wp-content\\\/uploads\\\/2025\\\/04\\\/alimentos-2-j.webp\",\"width\":925,\"height\":592,\"caption\":\"\u00bfQu\u00e9 es una cuota alimentaria con perspectiva de g\u00e9nero?\"},{\"@type\":\"BreadcrumbList\",\"@id\":\"https:\\\/\\\/diariofemenino.com.ar\\\/df\\\/que-es-una-cuota-alimentaria-con-perspectiva-de-genero\\\/#breadcrumb\",\"itemListElement\":[{\"@type\":\"ListItem\",\"position\":1,\"name\":\"Portada\",\"item\":\"https:\\\/\\\/diariofemenino.com.ar\\\/df\\\/\"},{\"@type\":\"ListItem\",\"position\":2,\"name\":\"\u00bfQu\u00e9 es una cuota alimentaria con perspectiva de g\u00e9nero?\"}]},{\"@type\":\"WebSite\",\"@id\":\"https:\\\/\\\/diariofemenino.com.ar\\\/df\\\/#website\",\"url\":\"https:\\\/\\\/diariofemenino.com.ar\\\/df\\\/\",\"name\":\"Diario Digital Femenino\",\"description\":\"Cuesti\u00f3n de G\u00e9nero\",\"publisher\":{\"@id\":\"https:\\\/\\\/diariofemenino.com.ar\\\/df\\\/#organization\"},\"potentialAction\":[{\"@type\":\"SearchAction\",\"target\":{\"@type\":\"EntryPoint\",\"urlTemplate\":\"https:\\\/\\\/diariofemenino.com.ar\\\/df\\\/?s={search_term_string}\"},\"query-input\":{\"@type\":\"PropertyValueSpecification\",\"valueRequired\":true,\"valueName\":\"search_term_string\"}}],\"inLanguage\":\"es\"},{\"@type\":\"Organization\",\"@id\":\"https:\\\/\\\/diariofemenino.com.ar\\\/df\\\/#organization\",\"name\":\"Diario Femenino\",\"url\":\"https:\\\/\\\/diariofemenino.com.ar\\\/df\\\/\",\"logo\":{\"@type\":\"ImageObject\",\"inLanguage\":\"es\",\"@id\":\"https:\\\/\\\/diariofemenino.com.ar\\\/df\\\/#\\\/schema\\\/logo\\\/image\\\/\",\"url\":\"https:\\\/\\\/diariofemenino.com.ar\\\/df\\\/wp-content\\\/uploads\\\/2018\\\/10\\\/logo.png\",\"contentUrl\":\"https:\\\/\\\/diariofemenino.com.ar\\\/df\\\/wp-content\\\/uploads\\\/2018\\\/10\\\/logo.png\",\"width\":500,\"height\":92,\"caption\":\"Diario Femenino\"},\"image\":{\"@id\":\"https:\\\/\\\/diariofemenino.com.ar\\\/df\\\/#\\\/schema\\\/logo\\\/image\\\/\"},\"sameAs\":[\"https:\\\/\\\/www.facebook.com\\\/DiarioDigitaFemenino\\\/\",\"https:\\\/\\\/x.com\\\/DiarioFemenino1\"]},{\"@type\":\"Person\",\"@id\":\"https:\\\/\\\/diariofemenino.com.ar\\\/df\\\/#\\\/schema\\\/person\\\/b6ba2e26f7891f232694804f228a7f27\",\"name\":\"redaccion\",\"image\":{\"@type\":\"ImageObject\",\"inLanguage\":\"es\",\"@id\":\"https:\\\/\\\/diariofemenino.com.ar\\\/df\\\/wp-content\\\/uploads\\\/2024\\\/09\\\/0eda9a67-a560-4264-8085-ae5314b35c5a-150x150.avif\",\"url\":\"https:\\\/\\\/diariofemenino.com.ar\\\/df\\\/wp-content\\\/uploads\\\/2024\\\/09\\\/0eda9a67-a560-4264-8085-ae5314b35c5a-150x150.avif\",\"contentUrl\":\"https:\\\/\\\/diariofemenino.com.ar\\\/df\\\/wp-content\\\/uploads\\\/2024\\\/09\\\/0eda9a67-a560-4264-8085-ae5314b35c5a-150x150.avif\",\"caption\":\"redaccion\"},\"url\":\"https:\\\/\\\/diariofemenino.com.ar\\\/df\\\/author\\\/redaccion\\\/\"}]}<\/script>\n<!-- \/ Yoast SEO plugin. -->","yoast_head_json":{"title":"\u00bfQu\u00e9 es una cuota alimentaria con perspectiva de g\u00e9nero? - Diario Digital Femenino","description":"Qu\u00e9 es una cuota alimentaria. El proceso de alimentos del derecho tiene que ser analizado con perspectiva de g\u00e9nero,","robots":{"index":"index","follow":"follow","max-snippet":"max-snippet:-1","max-image-preview":"max-image-preview:large","max-video-preview":"max-video-preview:-1"},"canonical":"https:\/\/diariofemenino.com.ar\/df\/que-es-una-cuota-alimentaria-con-perspectiva-de-genero\/","og_locale":"es_ES","og_type":"article","og_title":"\u00bfQu\u00e9 es una cuota alimentaria con perspectiva de g\u00e9nero? - Diario Digital Femenino","og_description":"Qu\u00e9 es una cuota alimentaria. El proceso de alimentos del derecho tiene que ser analizado con perspectiva de g\u00e9nero,","og_url":"https:\/\/diariofemenino.com.ar\/df\/que-es-una-cuota-alimentaria-con-perspectiva-de-genero\/","og_site_name":"Diario Digital Femenino","article_publisher":"https:\/\/www.facebook.com\/DiarioDigitaFemenino\/","article_published_time":"2025-04-22T15:41:48+00:00","og_image":[{"width":925,"height":592,"url":"https:\/\/diariofemenino.com.ar\/df\/wp-content\/uploads\/2025\/04\/alimentos-2-j.webp","type":"image\/webp"}],"author":"redaccion","twitter_card":"summary_large_image","twitter_creator":"@DiarioFemenino1","twitter_site":"@DiarioFemenino1","twitter_misc":{"Escrito por":"redaccion","Tiempo de lectura":"13 minutos"},"schema":{"@context":"https:\/\/schema.org","@graph":[{"@type":"Article","@id":"https:\/\/diariofemenino.com.ar\/df\/que-es-una-cuota-alimentaria-con-perspectiva-de-genero\/#article","isPartOf":{"@id":"https:\/\/diariofemenino.com.ar\/df\/que-es-una-cuota-alimentaria-con-perspectiva-de-genero\/"},"author":{"name":"redaccion","@id":"https:\/\/diariofemenino.com.ar\/df\/#\/schema\/person\/b6ba2e26f7891f232694804f228a7f27"},"headline":"\u00bfQu\u00e9 es una cuota alimentaria con perspectiva de g\u00e9nero?","datePublished":"2025-04-22T15:41:48+00:00","mainEntityOfPage":{"@id":"https:\/\/diariofemenino.com.ar\/df\/que-es-una-cuota-alimentaria-con-perspectiva-de-genero\/"},"wordCount":2769,"commentCount":0,"publisher":{"@id":"https:\/\/diariofemenino.com.ar\/df\/#organization"},"image":{"@id":"https:\/\/diariofemenino.com.ar\/df\/que-es-una-cuota-alimentaria-con-perspectiva-de-genero\/#primaryimage"},"thumbnailUrl":"https:\/\/diariofemenino.com.ar\/df\/wp-content\/uploads\/2025\/04\/alimentos-2-j.webp","keywords":["carga mental","Cuidados","Cuota alimentaria","Destacada","Diego Oscar Ortiz","Incumplimiento","maltrato emocional","obligaci\u00f3n del progenitor","Proceso","Violencia de g\u00e9nero","Violencia econ\u00f3mica"],"articleSection":["Uncategorized"],"inLanguage":"es","potentialAction":[{"@type":"CommentAction","name":"Comment","target":["https:\/\/diariofemenino.com.ar\/df\/que-es-una-cuota-alimentaria-con-perspectiva-de-genero\/#respond"]}]},{"@type":"WebPage","@id":"https:\/\/diariofemenino.com.ar\/df\/que-es-una-cuota-alimentaria-con-perspectiva-de-genero\/","url":"https:\/\/diariofemenino.com.ar\/df\/que-es-una-cuota-alimentaria-con-perspectiva-de-genero\/","name":"\u00bfQu\u00e9 es una cuota alimentaria con perspectiva de g\u00e9nero? - Diario Digital Femenino","isPartOf":{"@id":"https:\/\/diariofemenino.com.ar\/df\/#website"},"primaryImageOfPage":{"@id":"https:\/\/diariofemenino.com.ar\/df\/que-es-una-cuota-alimentaria-con-perspectiva-de-genero\/#primaryimage"},"image":{"@id":"https:\/\/diariofemenino.com.ar\/df\/que-es-una-cuota-alimentaria-con-perspectiva-de-genero\/#primaryimage"},"thumbnailUrl":"https:\/\/diariofemenino.com.ar\/df\/wp-content\/uploads\/2025\/04\/alimentos-2-j.webp","datePublished":"2025-04-22T15:41:48+00:00","description":"Qu\u00e9 es una cuota alimentaria. El proceso de alimentos del derecho tiene que ser analizado con perspectiva de g\u00e9nero,","breadcrumb":{"@id":"https:\/\/diariofemenino.com.ar\/df\/que-es-una-cuota-alimentaria-con-perspectiva-de-genero\/#breadcrumb"},"inLanguage":"es","potentialAction":[{"@type":"ReadAction","target":["https:\/\/diariofemenino.com.ar\/df\/que-es-una-cuota-alimentaria-con-perspectiva-de-genero\/"]}]},{"@type":"ImageObject","inLanguage":"es","@id":"https:\/\/diariofemenino.com.ar\/df\/que-es-una-cuota-alimentaria-con-perspectiva-de-genero\/#primaryimage","url":"https:\/\/diariofemenino.com.ar\/df\/wp-content\/uploads\/2025\/04\/alimentos-2-j.webp","contentUrl":"https:\/\/diariofemenino.com.ar\/df\/wp-content\/uploads\/2025\/04\/alimentos-2-j.webp","width":925,"height":592,"caption":"\u00bfQu\u00e9 es una cuota alimentaria con perspectiva de g\u00e9nero?"},{"@type":"BreadcrumbList","@id":"https:\/\/diariofemenino.com.ar\/df\/que-es-una-cuota-alimentaria-con-perspectiva-de-genero\/#breadcrumb","itemListElement":[{"@type":"ListItem","position":1,"name":"Portada","item":"https:\/\/diariofemenino.com.ar\/df\/"},{"@type":"ListItem","position":2,"name":"\u00bfQu\u00e9 es una cuota alimentaria con perspectiva de g\u00e9nero?"}]},{"@type":"WebSite","@id":"https:\/\/diariofemenino.com.ar\/df\/#website","url":"https:\/\/diariofemenino.com.ar\/df\/","name":"Diario Digital Femenino","description":"Cuesti\u00f3n de G\u00e9nero","publisher":{"@id":"https:\/\/diariofemenino.com.ar\/df\/#organization"},"potentialAction":[{"@type":"SearchAction","target":{"@type":"EntryPoint","urlTemplate":"https:\/\/diariofemenino.com.ar\/df\/?s={search_term_string}"},"query-input":{"@type":"PropertyValueSpecification","valueRequired":true,"valueName":"search_term_string"}}],"inLanguage":"es"},{"@type":"Organization","@id":"https:\/\/diariofemenino.com.ar\/df\/#organization","name":"Diario Femenino","url":"https:\/\/diariofemenino.com.ar\/df\/","logo":{"@type":"ImageObject","inLanguage":"es","@id":"https:\/\/diariofemenino.com.ar\/df\/#\/schema\/logo\/image\/","url":"https:\/\/diariofemenino.com.ar\/df\/wp-content\/uploads\/2018\/10\/logo.png","contentUrl":"https:\/\/diariofemenino.com.ar\/df\/wp-content\/uploads\/2018\/10\/logo.png","width":500,"height":92,"caption":"Diario Femenino"},"image":{"@id":"https:\/\/diariofemenino.com.ar\/df\/#\/schema\/logo\/image\/"},"sameAs":["https:\/\/www.facebook.com\/DiarioDigitaFemenino\/","https:\/\/x.com\/DiarioFemenino1"]},{"@type":"Person","@id":"https:\/\/diariofemenino.com.ar\/df\/#\/schema\/person\/b6ba2e26f7891f232694804f228a7f27","name":"redaccion","image":{"@type":"ImageObject","inLanguage":"es","@id":"https:\/\/diariofemenino.com.ar\/df\/wp-content\/uploads\/2024\/09\/0eda9a67-a560-4264-8085-ae5314b35c5a-150x150.avif","url":"https:\/\/diariofemenino.com.ar\/df\/wp-content\/uploads\/2024\/09\/0eda9a67-a560-4264-8085-ae5314b35c5a-150x150.avif","contentUrl":"https:\/\/diariofemenino.com.ar\/df\/wp-content\/uploads\/2024\/09\/0eda9a67-a560-4264-8085-ae5314b35c5a-150x150.avif","caption":"redaccion"},"url":"https:\/\/diariofemenino.com.ar\/df\/author\/redaccion\/"}]}},"jetpack_featured_media_url":"https:\/\/diariofemenino.com.ar\/df\/wp-content\/uploads\/2025\/04\/alimentos-2-j.webp","jetpack_sharing_enabled":true,"rttpg_featured_image_url":{"full":["https:\/\/diariofemenino.com.ar\/df\/wp-content\/uploads\/2025\/04\/alimentos-2-j.webp",925,592,false],"landscape":["https:\/\/diariofemenino.com.ar\/df\/wp-content\/uploads\/2025\/04\/alimentos-2-j.webp",925,592,false],"portraits":["https:\/\/diariofemenino.com.ar\/df\/wp-content\/uploads\/2025\/04\/alimentos-2-j.webp",925,592,false],"thumbnail":["https:\/\/diariofemenino.com.ar\/df\/wp-content\/uploads\/2025\/04\/alimentos-2-j-150x150.webp",150,150,true],"medium":["https:\/\/diariofemenino.com.ar\/df\/wp-content\/uploads\/2025\/04\/alimentos-2-j-300x192.webp",300,192,true],"large":["https:\/\/diariofemenino.com.ar\/df\/wp-content\/uploads\/2025\/04\/alimentos-2-j.webp",925,592,false],"1536x1536":["https:\/\/diariofemenino.com.ar\/df\/wp-content\/uploads\/2025\/04\/alimentos-2-j.webp",925,592,false],"2048x2048":["https:\/\/diariofemenino.com.ar\/df\/wp-content\/uploads\/2025\/04\/alimentos-2-j.webp",925,592,false]},"rttpg_author":{"display_name":"redaccion","author_link":"https:\/\/diariofemenino.com.ar\/df\/author\/redaccion\/"},"rttpg_comment":0,"rttpg_category":"<a href=\"https:\/\/diariofemenino.com.ar\/df\/category\/uncategorized\/\" rel=\"category tag\">Uncategorized<\/a>","rttpg_excerpt":"La\u00a0 invitaci\u00f3n a dar una clase me llevo a volver a pensar el tema que en virtud del trabajo que se viene realizando en la C\u00e1mara de Diputados \u00a0Buenos Aires[1] y la modificaci\u00f3n de la ley en provincia de Buenos Aires, se vuelve a tratar en el sector profesional y para las personas interesadas en&hellip;","_links":{"self":[{"href":"https:\/\/diariofemenino.com.ar\/df\/wp-json\/wp\/v2\/posts\/74908","targetHints":{"allow":["GET"]}}],"collection":[{"href":"https:\/\/diariofemenino.com.ar\/df\/wp-json\/wp\/v2\/posts"}],"about":[{"href":"https:\/\/diariofemenino.com.ar\/df\/wp-json\/wp\/v2\/types\/post"}],"author":[{"embeddable":true,"href":"https:\/\/diariofemenino.com.ar\/df\/wp-json\/wp\/v2\/users\/6"}],"replies":[{"embeddable":true,"href":"https:\/\/diariofemenino.com.ar\/df\/wp-json\/wp\/v2\/comments?post=74908"}],"version-history":[{"count":0,"href":"https:\/\/diariofemenino.com.ar\/df\/wp-json\/wp\/v2\/posts\/74908\/revisions"}],"wp:featuredmedia":[{"embeddable":true,"href":"https:\/\/diariofemenino.com.ar\/df\/wp-json\/wp\/v2\/media\/74909"}],"wp:attachment":[{"href":"https:\/\/diariofemenino.com.ar\/df\/wp-json\/wp\/v2\/media?parent=74908"}],"wp:term":[{"taxonomy":"category","embeddable":true,"href":"https:\/\/diariofemenino.com.ar\/df\/wp-json\/wp\/v2\/categories?post=74908"},{"taxonomy":"post_tag","embeddable":true,"href":"https:\/\/diariofemenino.com.ar\/df\/wp-json\/wp\/v2\/tags?post=74908"}],"curies":[{"name":"wp","href":"https:\/\/api.w.org\/{rel}","templated":true}]}}