{"id":74831,"date":"2025-03-31T07:20:31","date_gmt":"2025-03-31T10:20:31","guid":{"rendered":"https:\/\/diariofemenino.com.ar\/df\/?p=74831"},"modified":"2025-03-31T09:54:18","modified_gmt":"2025-03-31T12:54:18","slug":"lo-ladino-del-mundo-con-humor","status":"publish","type":"post","link":"https:\/\/diariofemenino.com.ar\/df\/lo-ladino-del-mundo-con-humor\/","title":{"rendered":"Lo ladino del mundo con humor"},"content":{"rendered":"<div dir=\"auto\">\n<p>El grupo de teatro argentino \u00abCarne de Cr\u00edtica\u00bb, conocido por su espect\u00e1culo hom\u00f3nimo, un variet\u00e9 humor\u00edstico que se estren\u00f3 a finales de 2001, celebr\u00f3 su 20 aniversario en enero de 2022 con el reestreno de su primer espect\u00e1culo.<\/p>\n<\/div>\n<div dir=\"auto\"><img loading=\"lazy\" decoding=\"async\" class=\"alignleft wp-image-74833\" src=\"https:\/\/diariofemenino.com.ar\/df\/wp-content\/uploads\/2025\/03\/000285056-1017x1024.webp\" alt=\"\" width=\"68\" height=\"69\" srcset=\"https:\/\/diariofemenino.com.ar\/df\/wp-content\/uploads\/2025\/03\/000285056-1017x1024.webp 1017w, https:\/\/diariofemenino.com.ar\/df\/wp-content\/uploads\/2025\/03\/000285056-298x300.webp 298w, https:\/\/diariofemenino.com.ar\/df\/wp-content\/uploads\/2025\/03\/000285056-150x150.webp 150w, https:\/\/diariofemenino.com.ar\/df\/wp-content\/uploads\/2025\/03\/000285056-768x773.webp 768w, https:\/\/diariofemenino.com.ar\/df\/wp-content\/uploads\/2025\/03\/000285056.webp 1054w\" sizes=\"auto, (max-width: 68px) 100vw, 68px\" \/><br \/>\nPor\u00a0<a class=\"no-link\" href=\"https:\/\/diariofemenino.com.ar\/df\/?s=Emiliano+Samar\">Emiliano Samar<\/a>*<\/div>\n<div dir=\"auto\"><\/div>\n<div dir=\"auto\">\n<p>Sus propuestas se caracterizan por su mirada inteligente, ir\u00f3nica y mordaz sobre las limitaciones, contradicciones y complejos propios de la humanidad. A trav\u00e9s de diferentes personajes y escenas, el variet\u00e9 que proponen despliega una mirada cr\u00edtica en sus diversas manifestaciones, sin perder el tono del humor.<\/p>\n<\/div>\n<div dir=\"auto\">\n<p>Los integrantes del grupo, Carlo Argento, Claudio Pazos y Francisco Pesqueira, son los autores de la dramaturgia y los int\u00e9rpretes principales del espect\u00e1culo. El primero como director y los otros dos int\u00e9rpretes y fundadores de la compa\u00f1\u00eda.<\/p>\n<\/div>\n<div dir=\"auto\">\n<p>\u00abAlga ladina\u00bb es el nombre de esta nueva invenci\u00f3n, porque si hay algo que celebrarle a este equipo art\u00edstico es ser una usina de inventos. Y aqu\u00ed el dispositivo que aloja personajes y situaciones es una entrega de premios. Que la distinci\u00f3n que entregan en esta ceremonia lleve por nombre \u00abAlga ladina\u00bb es desde el vamos invitaci\u00f3n y provocaci\u00f3n. Las algas se proveen de diferentes pigmentos para enmascararse y aqu\u00ed la puesta en escena nos propone verlos entrar y salir de una variopinta cantidad de personajes, a la vista, dejando entrever en la incompletud de la caracterizaci\u00f3n algo de la capa que subyace y le otorga cuerpo. Lo ladino del asunto, lo astuto, sagaz, taimado, llega de la mano de los personajes. Enredados en la ficci\u00f3n que de por s\u00ed es una entrega de premios, con sus peinados y vestuarios ocasionales, las forzadas posiciones y los discursos arrebatados dan lugar a un espejo veloz y voraz de un presente crudo y un contexto que pincha. Y as\u00ed es este humor, sin cocci\u00f3n y con puntas. La risa da espacio a la emoci\u00f3n para volver a re\u00edr y el pensamiento se entrega a m\u00faltiples relaciones entre el discurso de la propuesta esc\u00e9nica, lo hilarante de los di\u00e1logos y lo impactante que se vuelve en su actualidad.<\/p>\n<\/div>\n<div dir=\"auto\">\n<p>Carne de cr\u00edtica podr\u00eda haber elegido repetir el chiste pero se arriesga al humor, se podr\u00eda haber quedado en reiterarse pero se erige necesaria incomodidad. Francisco Pesqueira y Claudio Pazos dan rienda suelta a sus recursos expresivos muy bien dirigidos por quien completa este equipo de trabajo que nutre la escena porte\u00f1a desde hace 23 a\u00f1os.<\/p>\n<\/div>\n<div dir=\"auto\">Para destacar la escena del muchacho atrapado por un falc\u00f3n verde en la cabeza llevado por una se\u00f1ora a la derecha del mundo. Y el final. Ellos siempre han sabido retenernos el aliento con sus finales. Y aqu\u00ed vuelven a lograrlo.<\/div>\n<div dir=\"auto\">\n<p>&nbsp;<\/p>\n<\/div>\n<div dir=\"auto\">\n<p><strong>(*)<\/strong> <a href=\"https:\/\/diariofemenino.com.ar\/df\/?s=Emiliano+Samar\">Emiliano Samar<\/a>\u00a0es docente, actor, director de teatro, investigador, referente en diversidad sexual, g\u00e9neros y educaci\u00f3n\u00a0<a href=\"https:\/\/www.instagram.com\/emilianosamar\/\">@emilianosamar<\/a><\/p>\n<\/div>\n<div dir=\"auto\">\n<figure id=\"attachment_74832\" aria-describedby=\"caption-attachment-74832\" style=\"width: 401px\" class=\"wp-caption aligncenter\"><img loading=\"lazy\" decoding=\"async\" class=\" wp-image-74832\" src=\"https:\/\/diariofemenino.com.ar\/df\/wp-content\/uploads\/2025\/03\/20250325_143659-577x1024.webp\" alt=\"Lo ladino del mundo con humor\" width=\"401\" height=\"712\" srcset=\"https:\/\/diariofemenino.com.ar\/df\/wp-content\/uploads\/2025\/03\/20250325_143659-577x1024.webp 577w, https:\/\/diariofemenino.com.ar\/df\/wp-content\/uploads\/2025\/03\/20250325_143659-169x300.webp 169w, https:\/\/diariofemenino.com.ar\/df\/wp-content\/uploads\/2025\/03\/20250325_143659-768x1364.webp 768w, https:\/\/diariofemenino.com.ar\/df\/wp-content\/uploads\/2025\/03\/20250325_143659-865x1536.webp 865w, https:\/\/diariofemenino.com.ar\/df\/wp-content\/uploads\/2025\/03\/20250325_143659-1153x2048.webp 1153w, https:\/\/diariofemenino.com.ar\/df\/wp-content\/uploads\/2025\/03\/20250325_143659-scaled.webp 1441w\" sizes=\"auto, (max-width: 401px) 100vw, 401px\" \/><figcaption id=\"caption-attachment-74832\" class=\"wp-caption-text\">Lo ladino del mundo con humor<\/figcaption><\/figure>\n<\/div>\n<div dir=\"auto\"><\/div>\n<div dir=\"auto\">\u00abALGA LADINA: El premio que faltaba\u00bb<\/div>\n<div dir=\"auto\">TEATRO HASTA TRILCE<\/div>\n<div dir=\"auto\">Maza 177\u00a0(mapa)<\/div>\n<div dir=\"auto\">Capital Federal\u00a0&#8211;\u00a0Buenos Aires\u00a0&#8211; Argentina<\/div>\n<div dir=\"auto\">Tel\u00e9fonos: 4862-1758<\/div>\n<div dir=\"auto\">Web:\u00a0<a href=\"http:\/\/www.hastatrilce.com.ar\/\" target=\"_blank\" rel=\"noopener noreferrer\" data-saferedirecturl=\"https:\/\/www.google.com\/url?q=http:\/\/www.hastatrilce.com.ar&amp;source=gmail&amp;ust=1743500895326000&amp;usg=AOvVaw1xfCovEFScdF333dZaznZp\">http:\/\/www.hastatrilce.<wbr \/>com.ar<\/a><\/div>\n<div dir=\"auto\">\n<p>S\u00e1bado &#8211; 17:00 h<\/p>\n<div dir=\"auto\"><\/div>\n<\/div>\n<blockquote>\n<div dir=\"auto\"><strong>Seguinos en Instagram.\u00a0Diario Digital Femenino:\u00a0<a href=\"https:\/\/www.instagram.com\/diariodigitalfemenino_\/\">@diariodigitalfemenino_<\/a><br \/>\nLenny C\u00e1ceres:\u00a0<a href=\"https:\/\/www.instagram.com\/lennycaceres69\/\">@lennycaceres69<\/a><br \/>\nFacebook:\u00a0<a href=\"https:\/\/www.facebook.com\/DiarioDigitalFemenino\/\">Diario Digital Femenino\u00a0<\/a><br \/>\nTikTok;\u00a0<a href=\"https:\/\/www.tiktok.com\/@diariodigitalfemenino\">diariodigitalfemenino<\/a><\/strong><\/div>\n<\/blockquote>\n","protected":false},"excerpt":{"rendered":"<p>El grupo de teatro argentino \u00abCarne de Cr\u00edtica\u00bb, conocido por su espect\u00e1culo hom\u00f3nimo, un variet\u00e9 humor\u00edstico que se estren\u00f3 a finales de 2001, celebr\u00f3 su 20 aniversario en enero de 2022 con el reestreno de su primer espect\u00e1culo. Por\u00a0Emiliano Samar* Sus propuestas se caracterizan por su mirada inteligente, ir\u00f3nica y mordaz sobre las limitaciones, contradicciones [&hellip;]<\/p>\n","protected":false},"author":6,"featured_media":74835,"comment_status":"open","ping_status":"open","sticky":false,"template":"","format":"standard","meta":{"iawp_total_views":57,"footnotes":""},"categories":[7,178,21],"tags":[7429,7428,341,7425,7426,7177,7427,4688,76],"class_list":["post-74831","post","type-post","status-publish","format-standard","has-post-thumbnail","hentry","category-actividades","category-articulos-y-comunicados","category-noticias","tag-complejos","tag-contradicciones","tag-historia","tag-inteligente","tag-ironica","tag-limitaciones","tag-mordaz","tag-realidad","tag-teatro"],"nelio_content":{"autoShareEndMode":"never","automationSources":{"useCustomSentences":false,"customSentences":[]},"efiAlt":"","efiUrl":"","followers":[6],"highlights":[],"isAutoShareEnabled":true,"networkImageIds":[],"permalinkQueryArgs":[],"series":[],"suggestedReferences":[]},"yoast_head":"<!-- This site is optimized with the Yoast SEO plugin v27.5 - https:\/\/yoast.com\/product\/yoast-seo-wordpress\/ -->\n<title>Lo ladino del mundo con humor - Diario Digital Femenino<\/title>\n<meta name=\"description\" content=\"Lo ladino. El grupo de teatro argentino &quot;Carne de Cr\u00edtica&quot;, un variet\u00e9 humor\u00edstico, celebr\u00f3 su 20 aniversario en enero de 2022.\" \/>\n<meta name=\"robots\" content=\"index, follow, max-snippet:-1, max-image-preview:large, max-video-preview:-1\" \/>\n<link rel=\"canonical\" href=\"https:\/\/diariofemenino.com.ar\/df\/lo-ladino-del-mundo-con-humor\/\" \/>\n<meta property=\"og:locale\" content=\"es_ES\" \/>\n<meta property=\"og:type\" content=\"article\" \/>\n<meta property=\"og:title\" content=\"Lo ladino del mundo con humor - Diario Digital Femenino\" \/>\n<meta property=\"og:description\" content=\"Lo ladino. El grupo de teatro argentino &quot;Carne de Cr\u00edtica&quot;, un variet\u00e9 humor\u00edstico, celebr\u00f3 su 20 aniversario en enero de 2022.\" \/>\n<meta property=\"og:url\" content=\"https:\/\/diariofemenino.com.ar\/df\/lo-ladino-del-mundo-con-humor\/\" \/>\n<meta property=\"og:site_name\" content=\"Diario Digital Femenino\" \/>\n<meta property=\"article:publisher\" content=\"https:\/\/www.facebook.com\/DiarioDigitaFemenino\/\" \/>\n<meta property=\"article:published_time\" content=\"2025-03-31T10:20:31+00:00\" \/>\n<meta property=\"article:modified_time\" content=\"2025-03-31T12:54:18+00:00\" \/>\n<meta property=\"og:image\" content=\"https:\/\/diariofemenino.com.ar\/df\/wp-content\/uploads\/2025\/03\/20250325_1436591.webp\" \/>\n\t<meta property=\"og:image:width\" content=\"2206\" \/>\n\t<meta property=\"og:image:height\" content=\"1960\" \/>\n\t<meta property=\"og:image:type\" content=\"image\/webp\" \/>\n<meta name=\"author\" content=\"redaccion\" \/>\n<meta name=\"twitter:card\" content=\"summary_large_image\" \/>\n<meta name=\"twitter:creator\" content=\"@DiarioFemenino1\" \/>\n<meta name=\"twitter:site\" content=\"@DiarioFemenino1\" \/>\n<meta name=\"twitter:label1\" content=\"Escrito por\" \/>\n\t<meta name=\"twitter:data1\" content=\"redaccion\" \/>\n\t<meta name=\"twitter:label2\" content=\"Tiempo de lectura\" \/>\n\t<meta name=\"twitter:data2\" content=\"3 minutos\" \/>\n<script type=\"application\/ld+json\" class=\"yoast-schema-graph\">{\"@context\":\"https:\\\/\\\/schema.org\",\"@graph\":[{\"@type\":\"Article\",\"@id\":\"https:\\\/\\\/diariofemenino.com.ar\\\/df\\\/lo-ladino-del-mundo-con-humor\\\/#article\",\"isPartOf\":{\"@id\":\"https:\\\/\\\/diariofemenino.com.ar\\\/df\\\/lo-ladino-del-mundo-con-humor\\\/\"},\"author\":{\"name\":\"redaccion\",\"@id\":\"https:\\\/\\\/diariofemenino.com.ar\\\/df\\\/#\\\/schema\\\/person\\\/b6ba2e26f7891f232694804f228a7f27\"},\"headline\":\"Lo ladino del mundo con humor\",\"datePublished\":\"2025-03-31T10:20:31+00:00\",\"dateModified\":\"2025-03-31T12:54:18+00:00\",\"mainEntityOfPage\":{\"@id\":\"https:\\\/\\\/diariofemenino.com.ar\\\/df\\\/lo-ladino-del-mundo-con-humor\\\/\"},\"wordCount\":551,\"commentCount\":0,\"publisher\":{\"@id\":\"https:\\\/\\\/diariofemenino.com.ar\\\/df\\\/#organization\"},\"image\":{\"@id\":\"https:\\\/\\\/diariofemenino.com.ar\\\/df\\\/lo-ladino-del-mundo-con-humor\\\/#primaryimage\"},\"thumbnailUrl\":\"https:\\\/\\\/diariofemenino.com.ar\\\/df\\\/wp-content\\\/uploads\\\/2025\\\/03\\\/20250325_1436591.webp\",\"keywords\":[\"complejos\",\"contradicciones\",\"Historia\",\"inteligente\",\"ir\u00f3nica\",\"limitaciones\",\"mordaz\",\"Realidad\",\"Teatro\"],\"articleSection\":[\"Actividades\",\"Art\u00edculos y Comunicados\",\"Noticias\"],\"inLanguage\":\"es\",\"potentialAction\":[{\"@type\":\"CommentAction\",\"name\":\"Comment\",\"target\":[\"https:\\\/\\\/diariofemenino.com.ar\\\/df\\\/lo-ladino-del-mundo-con-humor\\\/#respond\"]}]},{\"@type\":\"WebPage\",\"@id\":\"https:\\\/\\\/diariofemenino.com.ar\\\/df\\\/lo-ladino-del-mundo-con-humor\\\/\",\"url\":\"https:\\\/\\\/diariofemenino.com.ar\\\/df\\\/lo-ladino-del-mundo-con-humor\\\/\",\"name\":\"Lo ladino del mundo con humor - Diario Digital Femenino\",\"isPartOf\":{\"@id\":\"https:\\\/\\\/diariofemenino.com.ar\\\/df\\\/#website\"},\"primaryImageOfPage\":{\"@id\":\"https:\\\/\\\/diariofemenino.com.ar\\\/df\\\/lo-ladino-del-mundo-con-humor\\\/#primaryimage\"},\"image\":{\"@id\":\"https:\\\/\\\/diariofemenino.com.ar\\\/df\\\/lo-ladino-del-mundo-con-humor\\\/#primaryimage\"},\"thumbnailUrl\":\"https:\\\/\\\/diariofemenino.com.ar\\\/df\\\/wp-content\\\/uploads\\\/2025\\\/03\\\/20250325_1436591.webp\",\"datePublished\":\"2025-03-31T10:20:31+00:00\",\"dateModified\":\"2025-03-31T12:54:18+00:00\",\"description\":\"Lo ladino. El grupo de teatro argentino \\\"Carne de Cr\u00edtica\\\", un variet\u00e9 humor\u00edstico, celebr\u00f3 su 20 aniversario en enero de 2022.\",\"breadcrumb\":{\"@id\":\"https:\\\/\\\/diariofemenino.com.ar\\\/df\\\/lo-ladino-del-mundo-con-humor\\\/#breadcrumb\"},\"inLanguage\":\"es\",\"potentialAction\":[{\"@type\":\"ReadAction\",\"target\":[\"https:\\\/\\\/diariofemenino.com.ar\\\/df\\\/lo-ladino-del-mundo-con-humor\\\/\"]}]},{\"@type\":\"ImageObject\",\"inLanguage\":\"es\",\"@id\":\"https:\\\/\\\/diariofemenino.com.ar\\\/df\\\/lo-ladino-del-mundo-con-humor\\\/#primaryimage\",\"url\":\"https:\\\/\\\/diariofemenino.com.ar\\\/df\\\/wp-content\\\/uploads\\\/2025\\\/03\\\/20250325_1436591.webp\",\"contentUrl\":\"https:\\\/\\\/diariofemenino.com.ar\\\/df\\\/wp-content\\\/uploads\\\/2025\\\/03\\\/20250325_1436591.webp\",\"width\":2206,\"height\":1960,\"caption\":\"Lo ladino del mundo con humor\"},{\"@type\":\"BreadcrumbList\",\"@id\":\"https:\\\/\\\/diariofemenino.com.ar\\\/df\\\/lo-ladino-del-mundo-con-humor\\\/#breadcrumb\",\"itemListElement\":[{\"@type\":\"ListItem\",\"position\":1,\"name\":\"Portada\",\"item\":\"https:\\\/\\\/diariofemenino.com.ar\\\/df\\\/\"},{\"@type\":\"ListItem\",\"position\":2,\"name\":\"Lo ladino del mundo con humor\"}]},{\"@type\":\"WebSite\",\"@id\":\"https:\\\/\\\/diariofemenino.com.ar\\\/df\\\/#website\",\"url\":\"https:\\\/\\\/diariofemenino.com.ar\\\/df\\\/\",\"name\":\"Diario Digital Femenino\",\"description\":\"Cuesti\u00f3n de G\u00e9nero\",\"publisher\":{\"@id\":\"https:\\\/\\\/diariofemenino.com.ar\\\/df\\\/#organization\"},\"potentialAction\":[{\"@type\":\"SearchAction\",\"target\":{\"@type\":\"EntryPoint\",\"urlTemplate\":\"https:\\\/\\\/diariofemenino.com.ar\\\/df\\\/?s={search_term_string}\"},\"query-input\":{\"@type\":\"PropertyValueSpecification\",\"valueRequired\":true,\"valueName\":\"search_term_string\"}}],\"inLanguage\":\"es\"},{\"@type\":\"Organization\",\"@id\":\"https:\\\/\\\/diariofemenino.com.ar\\\/df\\\/#organization\",\"name\":\"Diario Femenino\",\"url\":\"https:\\\/\\\/diariofemenino.com.ar\\\/df\\\/\",\"logo\":{\"@type\":\"ImageObject\",\"inLanguage\":\"es\",\"@id\":\"https:\\\/\\\/diariofemenino.com.ar\\\/df\\\/#\\\/schema\\\/logo\\\/image\\\/\",\"url\":\"https:\\\/\\\/diariofemenino.com.ar\\\/df\\\/wp-content\\\/uploads\\\/2018\\\/10\\\/logo.png\",\"contentUrl\":\"https:\\\/\\\/diariofemenino.com.ar\\\/df\\\/wp-content\\\/uploads\\\/2018\\\/10\\\/logo.png\",\"width\":500,\"height\":92,\"caption\":\"Diario Femenino\"},\"image\":{\"@id\":\"https:\\\/\\\/diariofemenino.com.ar\\\/df\\\/#\\\/schema\\\/logo\\\/image\\\/\"},\"sameAs\":[\"https:\\\/\\\/www.facebook.com\\\/DiarioDigitaFemenino\\\/\",\"https:\\\/\\\/x.com\\\/DiarioFemenino1\"]},{\"@type\":\"Person\",\"@id\":\"https:\\\/\\\/diariofemenino.com.ar\\\/df\\\/#\\\/schema\\\/person\\\/b6ba2e26f7891f232694804f228a7f27\",\"name\":\"redaccion\",\"image\":{\"@type\":\"ImageObject\",\"inLanguage\":\"es\",\"@id\":\"https:\\\/\\\/diariofemenino.com.ar\\\/df\\\/wp-content\\\/uploads\\\/2024\\\/09\\\/0eda9a67-a560-4264-8085-ae5314b35c5a-150x150.avif\",\"url\":\"https:\\\/\\\/diariofemenino.com.ar\\\/df\\\/wp-content\\\/uploads\\\/2024\\\/09\\\/0eda9a67-a560-4264-8085-ae5314b35c5a-150x150.avif\",\"contentUrl\":\"https:\\\/\\\/diariofemenino.com.ar\\\/df\\\/wp-content\\\/uploads\\\/2024\\\/09\\\/0eda9a67-a560-4264-8085-ae5314b35c5a-150x150.avif\",\"caption\":\"redaccion\"},\"url\":\"https:\\\/\\\/diariofemenino.com.ar\\\/df\\\/author\\\/redaccion\\\/\"}]}<\/script>\n<!-- \/ Yoast SEO plugin. -->","yoast_head_json":{"title":"Lo ladino del mundo con humor - Diario Digital Femenino","description":"Lo ladino. El grupo de teatro argentino \"Carne de Cr\u00edtica\", un variet\u00e9 humor\u00edstico, celebr\u00f3 su 20 aniversario en enero de 2022.","robots":{"index":"index","follow":"follow","max-snippet":"max-snippet:-1","max-image-preview":"max-image-preview:large","max-video-preview":"max-video-preview:-1"},"canonical":"https:\/\/diariofemenino.com.ar\/df\/lo-ladino-del-mundo-con-humor\/","og_locale":"es_ES","og_type":"article","og_title":"Lo ladino del mundo con humor - Diario Digital Femenino","og_description":"Lo ladino. El grupo de teatro argentino \"Carne de Cr\u00edtica\", un variet\u00e9 humor\u00edstico, celebr\u00f3 su 20 aniversario en enero de 2022.","og_url":"https:\/\/diariofemenino.com.ar\/df\/lo-ladino-del-mundo-con-humor\/","og_site_name":"Diario Digital Femenino","article_publisher":"https:\/\/www.facebook.com\/DiarioDigitaFemenino\/","article_published_time":"2025-03-31T10:20:31+00:00","article_modified_time":"2025-03-31T12:54:18+00:00","og_image":[{"width":2206,"height":1960,"url":"https:\/\/diariofemenino.com.ar\/df\/wp-content\/uploads\/2025\/03\/20250325_1436591.webp","type":"image\/webp"}],"author":"redaccion","twitter_card":"summary_large_image","twitter_creator":"@DiarioFemenino1","twitter_site":"@DiarioFemenino1","twitter_misc":{"Escrito por":"redaccion","Tiempo de lectura":"3 minutos"},"schema":{"@context":"https:\/\/schema.org","@graph":[{"@type":"Article","@id":"https:\/\/diariofemenino.com.ar\/df\/lo-ladino-del-mundo-con-humor\/#article","isPartOf":{"@id":"https:\/\/diariofemenino.com.ar\/df\/lo-ladino-del-mundo-con-humor\/"},"author":{"name":"redaccion","@id":"https:\/\/diariofemenino.com.ar\/df\/#\/schema\/person\/b6ba2e26f7891f232694804f228a7f27"},"headline":"Lo ladino del mundo con humor","datePublished":"2025-03-31T10:20:31+00:00","dateModified":"2025-03-31T12:54:18+00:00","mainEntityOfPage":{"@id":"https:\/\/diariofemenino.com.ar\/df\/lo-ladino-del-mundo-con-humor\/"},"wordCount":551,"commentCount":0,"publisher":{"@id":"https:\/\/diariofemenino.com.ar\/df\/#organization"},"image":{"@id":"https:\/\/diariofemenino.com.ar\/df\/lo-ladino-del-mundo-con-humor\/#primaryimage"},"thumbnailUrl":"https:\/\/diariofemenino.com.ar\/df\/wp-content\/uploads\/2025\/03\/20250325_1436591.webp","keywords":["complejos","contradicciones","Historia","inteligente","ir\u00f3nica","limitaciones","mordaz","Realidad","Teatro"],"articleSection":["Actividades","Art\u00edculos y Comunicados","Noticias"],"inLanguage":"es","potentialAction":[{"@type":"CommentAction","name":"Comment","target":["https:\/\/diariofemenino.com.ar\/df\/lo-ladino-del-mundo-con-humor\/#respond"]}]},{"@type":"WebPage","@id":"https:\/\/diariofemenino.com.ar\/df\/lo-ladino-del-mundo-con-humor\/","url":"https:\/\/diariofemenino.com.ar\/df\/lo-ladino-del-mundo-con-humor\/","name":"Lo ladino del mundo con humor - Diario Digital Femenino","isPartOf":{"@id":"https:\/\/diariofemenino.com.ar\/df\/#website"},"primaryImageOfPage":{"@id":"https:\/\/diariofemenino.com.ar\/df\/lo-ladino-del-mundo-con-humor\/#primaryimage"},"image":{"@id":"https:\/\/diariofemenino.com.ar\/df\/lo-ladino-del-mundo-con-humor\/#primaryimage"},"thumbnailUrl":"https:\/\/diariofemenino.com.ar\/df\/wp-content\/uploads\/2025\/03\/20250325_1436591.webp","datePublished":"2025-03-31T10:20:31+00:00","dateModified":"2025-03-31T12:54:18+00:00","description":"Lo ladino. El grupo de teatro argentino \"Carne de Cr\u00edtica\", un variet\u00e9 humor\u00edstico, celebr\u00f3 su 20 aniversario en enero de 2022.","breadcrumb":{"@id":"https:\/\/diariofemenino.com.ar\/df\/lo-ladino-del-mundo-con-humor\/#breadcrumb"},"inLanguage":"es","potentialAction":[{"@type":"ReadAction","target":["https:\/\/diariofemenino.com.ar\/df\/lo-ladino-del-mundo-con-humor\/"]}]},{"@type":"ImageObject","inLanguage":"es","@id":"https:\/\/diariofemenino.com.ar\/df\/lo-ladino-del-mundo-con-humor\/#primaryimage","url":"https:\/\/diariofemenino.com.ar\/df\/wp-content\/uploads\/2025\/03\/20250325_1436591.webp","contentUrl":"https:\/\/diariofemenino.com.ar\/df\/wp-content\/uploads\/2025\/03\/20250325_1436591.webp","width":2206,"height":1960,"caption":"Lo ladino del mundo con humor"},{"@type":"BreadcrumbList","@id":"https:\/\/diariofemenino.com.ar\/df\/lo-ladino-del-mundo-con-humor\/#breadcrumb","itemListElement":[{"@type":"ListItem","position":1,"name":"Portada","item":"https:\/\/diariofemenino.com.ar\/df\/"},{"@type":"ListItem","position":2,"name":"Lo ladino del mundo con humor"}]},{"@type":"WebSite","@id":"https:\/\/diariofemenino.com.ar\/df\/#website","url":"https:\/\/diariofemenino.com.ar\/df\/","name":"Diario Digital Femenino","description":"Cuesti\u00f3n de G\u00e9nero","publisher":{"@id":"https:\/\/diariofemenino.com.ar\/df\/#organization"},"potentialAction":[{"@type":"SearchAction","target":{"@type":"EntryPoint","urlTemplate":"https:\/\/diariofemenino.com.ar\/df\/?s={search_term_string}"},"query-input":{"@type":"PropertyValueSpecification","valueRequired":true,"valueName":"search_term_string"}}],"inLanguage":"es"},{"@type":"Organization","@id":"https:\/\/diariofemenino.com.ar\/df\/#organization","name":"Diario Femenino","url":"https:\/\/diariofemenino.com.ar\/df\/","logo":{"@type":"ImageObject","inLanguage":"es","@id":"https:\/\/diariofemenino.com.ar\/df\/#\/schema\/logo\/image\/","url":"https:\/\/diariofemenino.com.ar\/df\/wp-content\/uploads\/2018\/10\/logo.png","contentUrl":"https:\/\/diariofemenino.com.ar\/df\/wp-content\/uploads\/2018\/10\/logo.png","width":500,"height":92,"caption":"Diario Femenino"},"image":{"@id":"https:\/\/diariofemenino.com.ar\/df\/#\/schema\/logo\/image\/"},"sameAs":["https:\/\/www.facebook.com\/DiarioDigitaFemenino\/","https:\/\/x.com\/DiarioFemenino1"]},{"@type":"Person","@id":"https:\/\/diariofemenino.com.ar\/df\/#\/schema\/person\/b6ba2e26f7891f232694804f228a7f27","name":"redaccion","image":{"@type":"ImageObject","inLanguage":"es","@id":"https:\/\/diariofemenino.com.ar\/df\/wp-content\/uploads\/2024\/09\/0eda9a67-a560-4264-8085-ae5314b35c5a-150x150.avif","url":"https:\/\/diariofemenino.com.ar\/df\/wp-content\/uploads\/2024\/09\/0eda9a67-a560-4264-8085-ae5314b35c5a-150x150.avif","contentUrl":"https:\/\/diariofemenino.com.ar\/df\/wp-content\/uploads\/2024\/09\/0eda9a67-a560-4264-8085-ae5314b35c5a-150x150.avif","caption":"redaccion"},"url":"https:\/\/diariofemenino.com.ar\/df\/author\/redaccion\/"}]}},"jetpack_featured_media_url":"https:\/\/diariofemenino.com.ar\/df\/wp-content\/uploads\/2025\/03\/20250325_1436591.webp","jetpack_sharing_enabled":true,"rttpg_featured_image_url":{"full":["https:\/\/diariofemenino.com.ar\/df\/wp-content\/uploads\/2025\/03\/20250325_1436591.webp",2206,1960,false],"landscape":["https:\/\/diariofemenino.com.ar\/df\/wp-content\/uploads\/2025\/03\/20250325_1436591.webp",2206,1960,false],"portraits":["https:\/\/diariofemenino.com.ar\/df\/wp-content\/uploads\/2025\/03\/20250325_1436591.webp",2206,1960,false],"thumbnail":["https:\/\/diariofemenino.com.ar\/df\/wp-content\/uploads\/2025\/03\/20250325_1436591-150x150.webp",150,150,true],"medium":["https:\/\/diariofemenino.com.ar\/df\/wp-content\/uploads\/2025\/03\/20250325_1436591-300x267.webp",300,267,true],"large":["https:\/\/diariofemenino.com.ar\/df\/wp-content\/uploads\/2025\/03\/20250325_1436591-1024x910.webp",1024,910,true],"1536x1536":["https:\/\/diariofemenino.com.ar\/df\/wp-content\/uploads\/2025\/03\/20250325_1436591-1536x1365.webp",1536,1365,true],"2048x2048":["https:\/\/diariofemenino.com.ar\/df\/wp-content\/uploads\/2025\/03\/20250325_1436591-2048x1820.webp",2048,1820,true]},"rttpg_author":{"display_name":"redaccion","author_link":"https:\/\/diariofemenino.com.ar\/df\/author\/redaccion\/"},"rttpg_comment":0,"rttpg_category":"<a href=\"https:\/\/diariofemenino.com.ar\/df\/category\/actividades\/\" rel=\"category tag\">Actividades<\/a> <a href=\"https:\/\/diariofemenino.com.ar\/df\/category\/articulos-y-comunicados\/\" rel=\"category tag\">Art\u00edculos y Comunicados<\/a> <a href=\"https:\/\/diariofemenino.com.ar\/df\/category\/noticias\/\" rel=\"category tag\">Noticias<\/a>","rttpg_excerpt":"El grupo de teatro argentino \u00abCarne de Cr\u00edtica\u00bb, conocido por su espect\u00e1culo hom\u00f3nimo, un variet\u00e9 humor\u00edstico que se estren\u00f3 a finales de 2001, celebr\u00f3 su 20 aniversario en enero de 2022 con el reestreno de su primer espect\u00e1culo. Por\u00a0Emiliano Samar* Sus propuestas se caracterizan por su mirada inteligente, ir\u00f3nica y mordaz sobre las limitaciones, contradicciones&hellip;","_links":{"self":[{"href":"https:\/\/diariofemenino.com.ar\/df\/wp-json\/wp\/v2\/posts\/74831","targetHints":{"allow":["GET"]}}],"collection":[{"href":"https:\/\/diariofemenino.com.ar\/df\/wp-json\/wp\/v2\/posts"}],"about":[{"href":"https:\/\/diariofemenino.com.ar\/df\/wp-json\/wp\/v2\/types\/post"}],"author":[{"embeddable":true,"href":"https:\/\/diariofemenino.com.ar\/df\/wp-json\/wp\/v2\/users\/6"}],"replies":[{"embeddable":true,"href":"https:\/\/diariofemenino.com.ar\/df\/wp-json\/wp\/v2\/comments?post=74831"}],"version-history":[{"count":0,"href":"https:\/\/diariofemenino.com.ar\/df\/wp-json\/wp\/v2\/posts\/74831\/revisions"}],"wp:featuredmedia":[{"embeddable":true,"href":"https:\/\/diariofemenino.com.ar\/df\/wp-json\/wp\/v2\/media\/74835"}],"wp:attachment":[{"href":"https:\/\/diariofemenino.com.ar\/df\/wp-json\/wp\/v2\/media?parent=74831"}],"wp:term":[{"taxonomy":"category","embeddable":true,"href":"https:\/\/diariofemenino.com.ar\/df\/wp-json\/wp\/v2\/categories?post=74831"},{"taxonomy":"post_tag","embeddable":true,"href":"https:\/\/diariofemenino.com.ar\/df\/wp-json\/wp\/v2\/tags?post=74831"}],"curies":[{"name":"wp","href":"https:\/\/api.w.org\/{rel}","templated":true}]}}