{"id":74788,"date":"2025-03-15T20:12:09","date_gmt":"2025-03-15T23:12:09","guid":{"rendered":"https:\/\/diariofemenino.com.ar\/df\/?p=74788"},"modified":"2025-03-15T20:12:09","modified_gmt":"2025-03-15T23:12:09","slug":"la-libertad-de-expresion-y-de-protesta-como-pilares-del-debate-democratico","status":"publish","type":"post","link":"https:\/\/diariofemenino.com.ar\/df\/la-libertad-de-expresion-y-de-protesta-como-pilares-del-debate-democratico\/","title":{"rendered":"La libertad de expresi\u00f3n y de protesta como pilares del debate democr\u00e1tico"},"content":{"rendered":"<p><strong>Las libertades de expresi\u00f3n y de protesta robustecen el debate que toda sociedad democr\u00e1tica debe y merece darse. <\/strong>JUZGADO DE 1RA INSTANCIA EN LO PENAL CONTRAVENCIONAL Y DE FALTAS N\u00b015. Ciudad de Buenos Aires, 13 de marzo de 2025. Jueza interviniente Karina Andrade.<\/p>\n<p>Por\u00a0<strong><a href=\"https:\/\/diariofemenino.com.ar\/df\/?s=Erica+P%C3%A9rez\">Erica P\u00e9rez<\/a><\/strong>*<br \/>\nDescargar <a href=\"https:\/\/diariofemenino.com.ar\/df\/wp-content\/uploads\/2025\/03\/Resolucion-13-de-marzo-2025-Karina-Andrade.pdf\">Resoluci\u00f3n<\/a><br \/>\nImagen de portada: <a href=\"https:\/\/www.cels.org.ar\/web\/2025\/03\/la-represion-como-politica-violencia-detenciones-y-el-uso-de-armas-peligrosas-en-argentina\/\">CELS<\/a><strong><br \/>\n<\/strong><\/p>\n<p><strong>I.- Resumen de los hechos <\/strong><\/p>\n<p>El juzgado de primera instancia en lo penal, contravencional y de faltas Nro. 15 de la Ciudad Aut\u00f3noma de Buenos Aires, a cargo durante la primera quincena de marzo de 2025, recibi\u00f3 varias presentaciones de la defensa p\u00fablica representada por las Dras. C. B. y R. H. Las defensoras solicitaron el cese inmediato de las detenciones realizadas durante la \u00abMarcha por los Jubilados\u00bb en las inmediaciones del congreso de la naci\u00f3n, argumentando que no se hab\u00eda cumplido con la normativa y que las condiciones de detenci\u00f3n eran arbitrarias.<\/p>\n<p>La jueza, considerando los derechos constitucionales fundamentales como el derecho a la protesta y la libertad de expresi\u00f3n, decidi\u00f3 la inmediata soltura de las personas detenidas. Destac\u00f3 la importancia de estos derechos en una democracia y la necesidad de garantizar el acceso a la justicia y la protecci\u00f3n de los derechos de las personas adultas mayores.<\/p>\n<p>La fiscal\u00eda hab\u00eda informado la convalidaci\u00f3n de m\u00faltiples detenciones, pero la informaci\u00f3n proporcionada fue insuficiente y deficiente, lo que dificult\u00f3 el control judicial. La jueza subray\u00f3 que la falta de detalles sobre las detenciones y la intervenci\u00f3n de fuerzas federales contraven\u00edan la Ley de Seguridad Interior y la Constituci\u00f3n Nacional. Finalmente, se orden\u00f3 a la fiscal\u00eda ejecutar las solturas y compartir las actuaciones de los casos con el juzgado, asegurando que se respeten los derechos constitucionales y convencionales.<\/p>\n<p><strong>II.- Los fundamentos de la magistrada<\/strong><\/p>\n<p>La jueza se\u00f1al\u00f3 que <strong>la informaci\u00f3n proporcionada<\/strong> por la fiscal\u00eda sobre las detenciones fue insuficiente y deficiente. No se brindaron detalles sobre la hora y lugar de las detenciones, ni sobre los delitos espec\u00edficos por los cuales se convalidaron las detenciones. Esta falta de informaci\u00f3n dificult\u00f3 el control judicial necesario para garantizar la legalidad y razonabilidad de las detenciones.<\/p>\n<p>Destac\u00f3 que las detenciones afectaban derechos constitucionales fundamentales como el derecho a la protesta, a manifestarse en democracia, a peticionar ante las autoridades y a la libertad de expresi\u00f3n. Estos derechos son esenciales en una sociedad democr\u00e1tica y adquieren especial relevancia en el contexto de la \u00abMarcha por los Jubilados\u00bb.<\/p>\n<p>Record\u00f3 que las personas adultas mayores est\u00e1n espec\u00edficamente protegidas por la Constituci\u00f3n Nacional y la Convenci\u00f3n Interamericana sobre Protecci\u00f3n de Derechos Humanos de las Personas Mayores. En este contexto, la magistrada subray\u00f3 la importancia de atender especialmente a los derechos de las personas adultas mayores que se manifestaban.<\/p>\n<p>Enfatiz\u00f3 que \u00abla libertad de expresi\u00f3n y el derecho a la protesta son baluartes del sistema democr\u00e1tico. Permiten a los individuos dar a conocer sus ideas, criticar los actos de gobierno y peticionar ante las autoridades. La restricci\u00f3n ilegal de estos derechos afecta no solo al individuo, sino tambi\u00e9n al derecho colectivo de recibir informaci\u00f3n y conocer la expresi\u00f3n del pensamiento ajeno.<\/p>\n<p>Destac\u00f3 la importancia de la comunicaci\u00f3n inmediata de las detenciones para permitir un control judicial adecuado. La falta de detalles sobre las detenciones y la intervenci\u00f3n de fuerzas federales contraven\u00edan la normativa y dificultaban el ejercicio de las funciones judiciales.<\/p>\n<p>Por los motivos dados, decidi\u00f3 el cese inmediato de las detenciones, considerando que la complejidad de los derechos en juego imped\u00eda la aplicaci\u00f3n del tr\u00e1mite ordinario de flagrancia. Orden\u00f3 la inmediata soltura de las personas detenidas y solicit\u00f3 a la fiscal\u00eda que ejecute las solturas y comparta las actuaciones de los casos con el juzgado. Subray\u00f3 que las leyes que reglamentan el ejercicio de derechos b\u00e1sicos no pueden alterar el sentido o esp\u00edritu de esos derechos, torn\u00e1ndolos inoperativos.<\/p>\n<p>En democracia, toda persona debe poder expresarse, peticionar ante las autoridades y manifestar su disconformidad con las decisiones gubernamentales.<\/p>\n<figure id=\"attachment_74790\" aria-describedby=\"caption-attachment-74790\" style=\"width: 564px\" class=\"wp-caption aligncenter\"><img loading=\"lazy\" decoding=\"async\" class=\" wp-image-74790\" src=\"https:\/\/diariofemenino.com.ar\/df\/wp-content\/uploads\/2025\/03\/AFP-manifestacion-2-1-1024x576.webp\" alt=\"La libertad de expresi\u00f3n y de protesta como pilares del debate democr\u00e1tico\" width=\"564\" height=\"317\" srcset=\"https:\/\/diariofemenino.com.ar\/df\/wp-content\/uploads\/2025\/03\/AFP-manifestacion-2-1-1024x576.webp 1024w, https:\/\/diariofemenino.com.ar\/df\/wp-content\/uploads\/2025\/03\/AFP-manifestacion-2-1-300x169.webp 300w, https:\/\/diariofemenino.com.ar\/df\/wp-content\/uploads\/2025\/03\/AFP-manifestacion-2-1-768x432.webp 768w, https:\/\/diariofemenino.com.ar\/df\/wp-content\/uploads\/2025\/03\/AFP-manifestacion-2-1.webp 1280w\" sizes=\"auto, (max-width: 564px) 100vw, 564px\" \/><figcaption id=\"caption-attachment-74790\" class=\"wp-caption-text\">La libertad de expresi\u00f3n y de protesta como pilares del debate, Emiliano Lasalvia\/AFP<\/figcaption><\/figure>\n<p><strong>III.- Reflexi\u00f3n final de la directora de este medio <\/strong><\/p>\n<p>En consulta con la directora, \u00a0Lenny C\u00e1ceres la misma refiere que, en tiempos donde la independencia judicial es puesta a prueba por presiones medi\u00e1ticas e intereses ajenos al derecho, resulta fundamental destacar y respaldar decisiones como la adoptada por la jueza Karina Andrade. En efecto, su fallo no solo representa \u00abuna aplicaci\u00f3n rigurosa de la normativa vigente\u00bb, sino que tambi\u00e9n reafirma \u00abla esencia misma de la democracia: la defensa de los derechos fundamentales de todas las personas\u00bb.<\/p>\n<p data-start=\"573\" data-end=\"1061\">Asimismo, la resoluci\u00f3n de la jueza Andrade, basada en la Constituci\u00f3n y los tratados internacionales, puso en el centro del debate \u00abel respeto al derecho a la protesta, a la libertad de expresi\u00f3n y a la dignidad de las personas que fueron injustamente privadas de su libertad\u00bb. En un contexto de detenciones arbitrarias y procedimientos irregulares, su intervenci\u00f3n garantiz\u00f3 que la justicia no fuera un mero formalismo, sino \u00abuna verdadera barrera contra los abusos de poder\u00bb.<\/p>\n<p data-start=\"1063\" data-end=\"1559\">Por otra parte, el ataque medi\u00e1tico que hoy sufre no es m\u00e1s que \u00abel reflejo de una incomodidad ante la existencia de jueces y juezas que no se pliegan a intereses pol\u00edticos ni econ\u00f3micos, sino que cumplen su funci\u00f3n con independencia, valent\u00eda y apego a la ley\u00bb. Porque la justicia no es popular ni complaciente; su funci\u00f3n no es \u00absatisfacer reclamos de sectores con mayor influencia, sino proteger los derechos de todas las personas, en especial de las m\u00e1s vulnerables (o vulneradas)\u00bb.<\/p>\n<p data-start=\"1561\" data-end=\"2016\">Por ello, personalmente y desde Diario Digital Femenino, expresamos \u00abnuestro firme apoyo a la jueza Karina Andrade y a magistrados y magistradas que, pese a las presiones, siguen defendiendo los valores de un Estado de derecho\u00bb. Su fallo es un recordatorio de que \u00abla democracia se construye con instituciones fuertes, juezas y jueces que, como ella, entienden que la justicia no debe ser c\u00f3mplice de la arbitrariedad, sino su l\u00edmite m\u00e1s firme\u00bb, concluy\u00f3.<\/p>\n<p><strong>IV.- Conclusi\u00f3n<\/strong><\/p>\n<p>La resoluci\u00f3n del Juzgado de Primera Instancia en lo Penal, Contravencional y de Faltas Nro. 15, a cargo de la jueza Karina Andrade, refleja una profunda preocupaci\u00f3n por garantizar el respeto de los derechos constitucionales y convencionales de los detenidos. Subraya la importancia de la libertad de expresi\u00f3n y el derecho a la protesta como pilares fundamentales de una sociedad democr\u00e1tica. Adem\u00e1s, destac\u00f3 la necesidad de proteger especialmente a los adultos mayores y de asegurar un control judicial adecuado frente a las detenciones arbitrarias.<\/p>\n<p>&nbsp;<\/p>\n<blockquote><p><strong>Seguinos en Instagram.\u00a0Diario Digital Femenino:\u00a0<a href=\"https:\/\/www.instagram.com\/diariodigitalfemenino_\/\">@diariodigitalfemenino_<\/a><br \/>\nLenny C\u00e1ceres:\u00a0<a href=\"https:\/\/www.instagram.com\/lennycaceres69\/\">@lennycaceres69<\/a><br \/>\nFacebook:\u00a0<a href=\"https:\/\/www.facebook.com\/DiarioDigitalFemenino\/\">Diario Digital Femenino\u00a0<\/a><br \/>\nTikTok;\u00a0<a href=\"https:\/\/www.tiktok.com\/@diariodigitalfemenino\">diariodigitalfemenino<\/a><\/strong><\/p><\/blockquote>\n<p>&nbsp;<\/p>\n","protected":false},"excerpt":{"rendered":"<p>Las libertades de expresi\u00f3n y de protesta robustecen el debate que toda sociedad democr\u00e1tica debe y merece darse. JUZGADO DE 1RA INSTANCIA EN LO PENAL CONTRAVENCIONAL Y DE FALTAS N\u00b015. Ciudad de Buenos Aires, 13 de marzo de 2025. Jueza interviniente Karina Andrade. Por\u00a0Erica P\u00e9rez* Descargar Resoluci\u00f3n Imagen de portada: CELS I.- Resumen de los [&hellip;]<\/p>\n","protected":false},"author":6,"featured_media":74789,"comment_status":"open","ping_status":"open","sticky":false,"template":"","format":"standard","meta":{"iawp_total_views":55,"footnotes":""},"categories":[7,178,3,627,182,21,592],"tags":[183,5144,777,7412,7406,30,4372,7407,4649,5012,7410,7408,7409,39,7413,121,7411,2868,6508],"class_list":["post-74788","post","type-post","status-publish","format-standard","has-post-thumbnail","hentry","category-actividades","category-articulos-y-comunicados","category-de-la-revolucion-al-reaprendizaje","category-genero-y-derechos-humanos","category-informes","category-noticias","category-violencias","tag-abuso-de-poder","tag-comentario-juridico","tag-democracia","tag-derecho-a-la-justicia","tag-derecho-a-la-protesta","tag-derechos-humanos","tag-destacada","tag-detenciones-arbitrarias","tag-erica-perez","tag-estado-de-derecho","tag-independencia-judicial","tag-jubiladas","tag-jubilados","tag-justicia","tag-karina-andrade","tag-libertad-de-expresion","tag-manifestaciones","tag-personas-adultas-mayores","tag-resolucion"],"nelio_content":{"autoShareEndMode":"never","automationSources":{"useCustomSentences":false,"customSentences":[]},"efiAlt":"","efiUrl":"","followers":[6],"highlights":[],"isAutoShareEnabled":true,"networkImageIds":[],"permalinkQueryArgs":[],"series":[],"suggestedReferences":[]},"yoast_head":"<!-- This site is optimized with the Yoast SEO plugin v27.5 - https:\/\/yoast.com\/product\/yoast-seo-wordpress\/ -->\n<title>La libertad de expresi\u00f3n y de protesta como pilares del debate democr\u00e1tico - Diario Digital Femenino<\/title>\n<meta name=\"description\" content=\"La libertad de expresi\u00f3n y de protesta robustecen el debate que toda sociedad democr\u00e1tica debe y merece darse.\" \/>\n<meta name=\"robots\" content=\"index, follow, max-snippet:-1, max-image-preview:large, max-video-preview:-1\" \/>\n<link rel=\"canonical\" href=\"https:\/\/diariofemenino.com.ar\/df\/la-libertad-de-expresion-y-de-protesta-como-pilares-del-debate-democratico\/\" \/>\n<meta property=\"og:locale\" content=\"es_ES\" \/>\n<meta property=\"og:type\" content=\"article\" \/>\n<meta property=\"og:title\" content=\"La libertad de expresi\u00f3n y de protesta como pilares del debate democr\u00e1tico - Diario Digital Femenino\" \/>\n<meta property=\"og:description\" content=\"La libertad de expresi\u00f3n y de protesta robustecen el debate que toda sociedad democr\u00e1tica debe y merece darse.\" \/>\n<meta property=\"og:url\" content=\"https:\/\/diariofemenino.com.ar\/df\/la-libertad-de-expresion-y-de-protesta-como-pilares-del-debate-democratico\/\" \/>\n<meta property=\"og:site_name\" content=\"Diario Digital Femenino\" \/>\n<meta property=\"article:publisher\" content=\"https:\/\/www.facebook.com\/DiarioDigitaFemenino\/\" \/>\n<meta property=\"article:published_time\" content=\"2025-03-15T23:12:09+00:00\" \/>\n<meta property=\"og:image\" content=\"https:\/\/diariofemenino.com.ar\/df\/wp-content\/uploads\/2025\/03\/IMG_7561-1-e1741900595136.webp\" \/>\n\t<meta property=\"og:image:width\" content=\"1280\" \/>\n\t<meta property=\"og:image:height\" content=\"853\" \/>\n\t<meta property=\"og:image:type\" content=\"image\/webp\" \/>\n<meta name=\"author\" content=\"redaccion\" \/>\n<meta name=\"twitter:card\" content=\"summary_large_image\" \/>\n<meta name=\"twitter:creator\" content=\"@DiarioFemenino1\" \/>\n<meta name=\"twitter:site\" content=\"@DiarioFemenino1\" \/>\n<meta name=\"twitter:label1\" content=\"Escrito por\" \/>\n\t<meta name=\"twitter:data1\" content=\"redaccion\" \/>\n\t<meta name=\"twitter:label2\" content=\"Tiempo de lectura\" \/>\n\t<meta name=\"twitter:data2\" content=\"6 minutos\" \/>\n<script type=\"application\/ld+json\" class=\"yoast-schema-graph\">{\"@context\":\"https:\\\/\\\/schema.org\",\"@graph\":[{\"@type\":\"Article\",\"@id\":\"https:\\\/\\\/diariofemenino.com.ar\\\/df\\\/la-libertad-de-expresion-y-de-protesta-como-pilares-del-debate-democratico\\\/#article\",\"isPartOf\":{\"@id\":\"https:\\\/\\\/diariofemenino.com.ar\\\/df\\\/la-libertad-de-expresion-y-de-protesta-como-pilares-del-debate-democratico\\\/\"},\"author\":{\"name\":\"redaccion\",\"@id\":\"https:\\\/\\\/diariofemenino.com.ar\\\/df\\\/#\\\/schema\\\/person\\\/b6ba2e26f7891f232694804f228a7f27\"},\"headline\":\"La libertad de expresi\u00f3n y de protesta como pilares del debate democr\u00e1tico\",\"datePublished\":\"2025-03-15T23:12:09+00:00\",\"mainEntityOfPage\":{\"@id\":\"https:\\\/\\\/diariofemenino.com.ar\\\/df\\\/la-libertad-de-expresion-y-de-protesta-como-pilares-del-debate-democratico\\\/\"},\"wordCount\":1172,\"commentCount\":0,\"publisher\":{\"@id\":\"https:\\\/\\\/diariofemenino.com.ar\\\/df\\\/#organization\"},\"image\":{\"@id\":\"https:\\\/\\\/diariofemenino.com.ar\\\/df\\\/la-libertad-de-expresion-y-de-protesta-como-pilares-del-debate-democratico\\\/#primaryimage\"},\"thumbnailUrl\":\"https:\\\/\\\/diariofemenino.com.ar\\\/df\\\/wp-content\\\/uploads\\\/2025\\\/03\\\/IMG_7561-1-e1741900595136.webp\",\"keywords\":[\"Abuso de Poder\",\"Comentario jur\u00eddico\",\"Democracia\",\"derecho a la justicia\",\"derecho a la protesta\",\"Derechos Humanos\",\"Destacada\",\"detenciones arbitrarias\",\"Erica P\u00e9rez\",\"Estado de Derecho\",\"independencia judicial\",\"jubiladas\",\"jubilados\",\"Justicia\",\"Karina Andrade\",\"Libertad de expresi\u00f3n\",\"manifestaciones\",\"Personas adultas mayores\",\"resoluci\u00f3n\"],\"articleSection\":[\"Actividades\",\"Art\u00edculos y Comunicados\",\"De la Revoluci\u00f3n al Reaprendizaje\",\"G\u00e9nero y Derechos Humanos\",\"Informes\",\"Noticias\",\"Violencias\"],\"inLanguage\":\"es\",\"potentialAction\":[{\"@type\":\"CommentAction\",\"name\":\"Comment\",\"target\":[\"https:\\\/\\\/diariofemenino.com.ar\\\/df\\\/la-libertad-de-expresion-y-de-protesta-como-pilares-del-debate-democratico\\\/#respond\"]}]},{\"@type\":\"WebPage\",\"@id\":\"https:\\\/\\\/diariofemenino.com.ar\\\/df\\\/la-libertad-de-expresion-y-de-protesta-como-pilares-del-debate-democratico\\\/\",\"url\":\"https:\\\/\\\/diariofemenino.com.ar\\\/df\\\/la-libertad-de-expresion-y-de-protesta-como-pilares-del-debate-democratico\\\/\",\"name\":\"La libertad de expresi\u00f3n y de protesta como pilares del debate democr\u00e1tico - Diario Digital Femenino\",\"isPartOf\":{\"@id\":\"https:\\\/\\\/diariofemenino.com.ar\\\/df\\\/#website\"},\"primaryImageOfPage\":{\"@id\":\"https:\\\/\\\/diariofemenino.com.ar\\\/df\\\/la-libertad-de-expresion-y-de-protesta-como-pilares-del-debate-democratico\\\/#primaryimage\"},\"image\":{\"@id\":\"https:\\\/\\\/diariofemenino.com.ar\\\/df\\\/la-libertad-de-expresion-y-de-protesta-como-pilares-del-debate-democratico\\\/#primaryimage\"},\"thumbnailUrl\":\"https:\\\/\\\/diariofemenino.com.ar\\\/df\\\/wp-content\\\/uploads\\\/2025\\\/03\\\/IMG_7561-1-e1741900595136.webp\",\"datePublished\":\"2025-03-15T23:12:09+00:00\",\"description\":\"La libertad de expresi\u00f3n y de protesta robustecen el debate que toda sociedad democr\u00e1tica debe y merece darse.\",\"breadcrumb\":{\"@id\":\"https:\\\/\\\/diariofemenino.com.ar\\\/df\\\/la-libertad-de-expresion-y-de-protesta-como-pilares-del-debate-democratico\\\/#breadcrumb\"},\"inLanguage\":\"es\",\"potentialAction\":[{\"@type\":\"ReadAction\",\"target\":[\"https:\\\/\\\/diariofemenino.com.ar\\\/df\\\/la-libertad-de-expresion-y-de-protesta-como-pilares-del-debate-democratico\\\/\"]}]},{\"@type\":\"ImageObject\",\"inLanguage\":\"es\",\"@id\":\"https:\\\/\\\/diariofemenino.com.ar\\\/df\\\/la-libertad-de-expresion-y-de-protesta-como-pilares-del-debate-democratico\\\/#primaryimage\",\"url\":\"https:\\\/\\\/diariofemenino.com.ar\\\/df\\\/wp-content\\\/uploads\\\/2025\\\/03\\\/IMG_7561-1-e1741900595136.webp\",\"contentUrl\":\"https:\\\/\\\/diariofemenino.com.ar\\\/df\\\/wp-content\\\/uploads\\\/2025\\\/03\\\/IMG_7561-1-e1741900595136.webp\",\"width\":1280,\"height\":853,\"caption\":\"Las libertades de expresi\u00f3n y de protesta robustecen el debate\"},{\"@type\":\"BreadcrumbList\",\"@id\":\"https:\\\/\\\/diariofemenino.com.ar\\\/df\\\/la-libertad-de-expresion-y-de-protesta-como-pilares-del-debate-democratico\\\/#breadcrumb\",\"itemListElement\":[{\"@type\":\"ListItem\",\"position\":1,\"name\":\"Portada\",\"item\":\"https:\\\/\\\/diariofemenino.com.ar\\\/df\\\/\"},{\"@type\":\"ListItem\",\"position\":2,\"name\":\"La libertad de expresi\u00f3n y de protesta como pilares del debate democr\u00e1tico\"}]},{\"@type\":\"WebSite\",\"@id\":\"https:\\\/\\\/diariofemenino.com.ar\\\/df\\\/#website\",\"url\":\"https:\\\/\\\/diariofemenino.com.ar\\\/df\\\/\",\"name\":\"Diario Digital Femenino\",\"description\":\"Cuesti\u00f3n de G\u00e9nero\",\"publisher\":{\"@id\":\"https:\\\/\\\/diariofemenino.com.ar\\\/df\\\/#organization\"},\"potentialAction\":[{\"@type\":\"SearchAction\",\"target\":{\"@type\":\"EntryPoint\",\"urlTemplate\":\"https:\\\/\\\/diariofemenino.com.ar\\\/df\\\/?s={search_term_string}\"},\"query-input\":{\"@type\":\"PropertyValueSpecification\",\"valueRequired\":true,\"valueName\":\"search_term_string\"}}],\"inLanguage\":\"es\"},{\"@type\":\"Organization\",\"@id\":\"https:\\\/\\\/diariofemenino.com.ar\\\/df\\\/#organization\",\"name\":\"Diario Femenino\",\"url\":\"https:\\\/\\\/diariofemenino.com.ar\\\/df\\\/\",\"logo\":{\"@type\":\"ImageObject\",\"inLanguage\":\"es\",\"@id\":\"https:\\\/\\\/diariofemenino.com.ar\\\/df\\\/#\\\/schema\\\/logo\\\/image\\\/\",\"url\":\"https:\\\/\\\/diariofemenino.com.ar\\\/df\\\/wp-content\\\/uploads\\\/2018\\\/10\\\/logo.png\",\"contentUrl\":\"https:\\\/\\\/diariofemenino.com.ar\\\/df\\\/wp-content\\\/uploads\\\/2018\\\/10\\\/logo.png\",\"width\":500,\"height\":92,\"caption\":\"Diario Femenino\"},\"image\":{\"@id\":\"https:\\\/\\\/diariofemenino.com.ar\\\/df\\\/#\\\/schema\\\/logo\\\/image\\\/\"},\"sameAs\":[\"https:\\\/\\\/www.facebook.com\\\/DiarioDigitaFemenino\\\/\",\"https:\\\/\\\/x.com\\\/DiarioFemenino1\"]},{\"@type\":\"Person\",\"@id\":\"https:\\\/\\\/diariofemenino.com.ar\\\/df\\\/#\\\/schema\\\/person\\\/b6ba2e26f7891f232694804f228a7f27\",\"name\":\"redaccion\",\"image\":{\"@type\":\"ImageObject\",\"inLanguage\":\"es\",\"@id\":\"https:\\\/\\\/diariofemenino.com.ar\\\/df\\\/wp-content\\\/uploads\\\/2024\\\/09\\\/0eda9a67-a560-4264-8085-ae5314b35c5a-150x150.avif\",\"url\":\"https:\\\/\\\/diariofemenino.com.ar\\\/df\\\/wp-content\\\/uploads\\\/2024\\\/09\\\/0eda9a67-a560-4264-8085-ae5314b35c5a-150x150.avif\",\"contentUrl\":\"https:\\\/\\\/diariofemenino.com.ar\\\/df\\\/wp-content\\\/uploads\\\/2024\\\/09\\\/0eda9a67-a560-4264-8085-ae5314b35c5a-150x150.avif\",\"caption\":\"redaccion\"},\"url\":\"https:\\\/\\\/diariofemenino.com.ar\\\/df\\\/author\\\/redaccion\\\/\"}]}<\/script>\n<!-- \/ Yoast SEO plugin. -->","yoast_head_json":{"title":"La libertad de expresi\u00f3n y de protesta como pilares del debate democr\u00e1tico - Diario Digital Femenino","description":"La libertad de expresi\u00f3n y de protesta robustecen el debate que toda sociedad democr\u00e1tica debe y merece darse.","robots":{"index":"index","follow":"follow","max-snippet":"max-snippet:-1","max-image-preview":"max-image-preview:large","max-video-preview":"max-video-preview:-1"},"canonical":"https:\/\/diariofemenino.com.ar\/df\/la-libertad-de-expresion-y-de-protesta-como-pilares-del-debate-democratico\/","og_locale":"es_ES","og_type":"article","og_title":"La libertad de expresi\u00f3n y de protesta como pilares del debate democr\u00e1tico - Diario Digital Femenino","og_description":"La libertad de expresi\u00f3n y de protesta robustecen el debate que toda sociedad democr\u00e1tica debe y merece darse.","og_url":"https:\/\/diariofemenino.com.ar\/df\/la-libertad-de-expresion-y-de-protesta-como-pilares-del-debate-democratico\/","og_site_name":"Diario Digital Femenino","article_publisher":"https:\/\/www.facebook.com\/DiarioDigitaFemenino\/","article_published_time":"2025-03-15T23:12:09+00:00","og_image":[{"width":1280,"height":853,"url":"https:\/\/diariofemenino.com.ar\/df\/wp-content\/uploads\/2025\/03\/IMG_7561-1-e1741900595136.webp","type":"image\/webp"}],"author":"redaccion","twitter_card":"summary_large_image","twitter_creator":"@DiarioFemenino1","twitter_site":"@DiarioFemenino1","twitter_misc":{"Escrito por":"redaccion","Tiempo de lectura":"6 minutos"},"schema":{"@context":"https:\/\/schema.org","@graph":[{"@type":"Article","@id":"https:\/\/diariofemenino.com.ar\/df\/la-libertad-de-expresion-y-de-protesta-como-pilares-del-debate-democratico\/#article","isPartOf":{"@id":"https:\/\/diariofemenino.com.ar\/df\/la-libertad-de-expresion-y-de-protesta-como-pilares-del-debate-democratico\/"},"author":{"name":"redaccion","@id":"https:\/\/diariofemenino.com.ar\/df\/#\/schema\/person\/b6ba2e26f7891f232694804f228a7f27"},"headline":"La libertad de expresi\u00f3n y de protesta como pilares del debate democr\u00e1tico","datePublished":"2025-03-15T23:12:09+00:00","mainEntityOfPage":{"@id":"https:\/\/diariofemenino.com.ar\/df\/la-libertad-de-expresion-y-de-protesta-como-pilares-del-debate-democratico\/"},"wordCount":1172,"commentCount":0,"publisher":{"@id":"https:\/\/diariofemenino.com.ar\/df\/#organization"},"image":{"@id":"https:\/\/diariofemenino.com.ar\/df\/la-libertad-de-expresion-y-de-protesta-como-pilares-del-debate-democratico\/#primaryimage"},"thumbnailUrl":"https:\/\/diariofemenino.com.ar\/df\/wp-content\/uploads\/2025\/03\/IMG_7561-1-e1741900595136.webp","keywords":["Abuso de Poder","Comentario jur\u00eddico","Democracia","derecho a la justicia","derecho a la protesta","Derechos Humanos","Destacada","detenciones arbitrarias","Erica P\u00e9rez","Estado de Derecho","independencia judicial","jubiladas","jubilados","Justicia","Karina Andrade","Libertad de expresi\u00f3n","manifestaciones","Personas adultas mayores","resoluci\u00f3n"],"articleSection":["Actividades","Art\u00edculos y Comunicados","De la Revoluci\u00f3n al Reaprendizaje","G\u00e9nero y Derechos Humanos","Informes","Noticias","Violencias"],"inLanguage":"es","potentialAction":[{"@type":"CommentAction","name":"Comment","target":["https:\/\/diariofemenino.com.ar\/df\/la-libertad-de-expresion-y-de-protesta-como-pilares-del-debate-democratico\/#respond"]}]},{"@type":"WebPage","@id":"https:\/\/diariofemenino.com.ar\/df\/la-libertad-de-expresion-y-de-protesta-como-pilares-del-debate-democratico\/","url":"https:\/\/diariofemenino.com.ar\/df\/la-libertad-de-expresion-y-de-protesta-como-pilares-del-debate-democratico\/","name":"La libertad de expresi\u00f3n y de protesta como pilares del debate democr\u00e1tico - Diario Digital Femenino","isPartOf":{"@id":"https:\/\/diariofemenino.com.ar\/df\/#website"},"primaryImageOfPage":{"@id":"https:\/\/diariofemenino.com.ar\/df\/la-libertad-de-expresion-y-de-protesta-como-pilares-del-debate-democratico\/#primaryimage"},"image":{"@id":"https:\/\/diariofemenino.com.ar\/df\/la-libertad-de-expresion-y-de-protesta-como-pilares-del-debate-democratico\/#primaryimage"},"thumbnailUrl":"https:\/\/diariofemenino.com.ar\/df\/wp-content\/uploads\/2025\/03\/IMG_7561-1-e1741900595136.webp","datePublished":"2025-03-15T23:12:09+00:00","description":"La libertad de expresi\u00f3n y de protesta robustecen el debate que toda sociedad democr\u00e1tica debe y merece darse.","breadcrumb":{"@id":"https:\/\/diariofemenino.com.ar\/df\/la-libertad-de-expresion-y-de-protesta-como-pilares-del-debate-democratico\/#breadcrumb"},"inLanguage":"es","potentialAction":[{"@type":"ReadAction","target":["https:\/\/diariofemenino.com.ar\/df\/la-libertad-de-expresion-y-de-protesta-como-pilares-del-debate-democratico\/"]}]},{"@type":"ImageObject","inLanguage":"es","@id":"https:\/\/diariofemenino.com.ar\/df\/la-libertad-de-expresion-y-de-protesta-como-pilares-del-debate-democratico\/#primaryimage","url":"https:\/\/diariofemenino.com.ar\/df\/wp-content\/uploads\/2025\/03\/IMG_7561-1-e1741900595136.webp","contentUrl":"https:\/\/diariofemenino.com.ar\/df\/wp-content\/uploads\/2025\/03\/IMG_7561-1-e1741900595136.webp","width":1280,"height":853,"caption":"Las libertades de expresi\u00f3n y de protesta robustecen el debate"},{"@type":"BreadcrumbList","@id":"https:\/\/diariofemenino.com.ar\/df\/la-libertad-de-expresion-y-de-protesta-como-pilares-del-debate-democratico\/#breadcrumb","itemListElement":[{"@type":"ListItem","position":1,"name":"Portada","item":"https:\/\/diariofemenino.com.ar\/df\/"},{"@type":"ListItem","position":2,"name":"La libertad de expresi\u00f3n y de protesta como pilares del debate democr\u00e1tico"}]},{"@type":"WebSite","@id":"https:\/\/diariofemenino.com.ar\/df\/#website","url":"https:\/\/diariofemenino.com.ar\/df\/","name":"Diario Digital Femenino","description":"Cuesti\u00f3n de G\u00e9nero","publisher":{"@id":"https:\/\/diariofemenino.com.ar\/df\/#organization"},"potentialAction":[{"@type":"SearchAction","target":{"@type":"EntryPoint","urlTemplate":"https:\/\/diariofemenino.com.ar\/df\/?s={search_term_string}"},"query-input":{"@type":"PropertyValueSpecification","valueRequired":true,"valueName":"search_term_string"}}],"inLanguage":"es"},{"@type":"Organization","@id":"https:\/\/diariofemenino.com.ar\/df\/#organization","name":"Diario Femenino","url":"https:\/\/diariofemenino.com.ar\/df\/","logo":{"@type":"ImageObject","inLanguage":"es","@id":"https:\/\/diariofemenino.com.ar\/df\/#\/schema\/logo\/image\/","url":"https:\/\/diariofemenino.com.ar\/df\/wp-content\/uploads\/2018\/10\/logo.png","contentUrl":"https:\/\/diariofemenino.com.ar\/df\/wp-content\/uploads\/2018\/10\/logo.png","width":500,"height":92,"caption":"Diario Femenino"},"image":{"@id":"https:\/\/diariofemenino.com.ar\/df\/#\/schema\/logo\/image\/"},"sameAs":["https:\/\/www.facebook.com\/DiarioDigitaFemenino\/","https:\/\/x.com\/DiarioFemenino1"]},{"@type":"Person","@id":"https:\/\/diariofemenino.com.ar\/df\/#\/schema\/person\/b6ba2e26f7891f232694804f228a7f27","name":"redaccion","image":{"@type":"ImageObject","inLanguage":"es","@id":"https:\/\/diariofemenino.com.ar\/df\/wp-content\/uploads\/2024\/09\/0eda9a67-a560-4264-8085-ae5314b35c5a-150x150.avif","url":"https:\/\/diariofemenino.com.ar\/df\/wp-content\/uploads\/2024\/09\/0eda9a67-a560-4264-8085-ae5314b35c5a-150x150.avif","contentUrl":"https:\/\/diariofemenino.com.ar\/df\/wp-content\/uploads\/2024\/09\/0eda9a67-a560-4264-8085-ae5314b35c5a-150x150.avif","caption":"redaccion"},"url":"https:\/\/diariofemenino.com.ar\/df\/author\/redaccion\/"}]}},"jetpack_featured_media_url":"https:\/\/diariofemenino.com.ar\/df\/wp-content\/uploads\/2025\/03\/IMG_7561-1-e1741900595136.webp","jetpack_sharing_enabled":true,"rttpg_featured_image_url":{"full":["https:\/\/diariofemenino.com.ar\/df\/wp-content\/uploads\/2025\/03\/IMG_7561-1-e1741900595136.webp",1280,853,false],"landscape":["https:\/\/diariofemenino.com.ar\/df\/wp-content\/uploads\/2025\/03\/IMG_7561-1-e1741900595136.webp",1280,853,false],"portraits":["https:\/\/diariofemenino.com.ar\/df\/wp-content\/uploads\/2025\/03\/IMG_7561-1-e1741900595136.webp",1280,853,false],"thumbnail":["https:\/\/diariofemenino.com.ar\/df\/wp-content\/uploads\/2025\/03\/IMG_7561-1-e1741900595136-150x150.webp",150,150,true],"medium":["https:\/\/diariofemenino.com.ar\/df\/wp-content\/uploads\/2025\/03\/IMG_7561-1-e1741900595136-300x200.webp",300,200,true],"large":["https:\/\/diariofemenino.com.ar\/df\/wp-content\/uploads\/2025\/03\/IMG_7561-1-e1741900595136-1024x682.webp",1024,682,true],"1536x1536":["https:\/\/diariofemenino.com.ar\/df\/wp-content\/uploads\/2025\/03\/IMG_7561-1-e1741900595136.webp",1280,853,false],"2048x2048":["https:\/\/diariofemenino.com.ar\/df\/wp-content\/uploads\/2025\/03\/IMG_7561-1-e1741900595136.webp",1280,853,false]},"rttpg_author":{"display_name":"redaccion","author_link":"https:\/\/diariofemenino.com.ar\/df\/author\/redaccion\/"},"rttpg_comment":0,"rttpg_category":"<a href=\"https:\/\/diariofemenino.com.ar\/df\/category\/actividades\/\" rel=\"category tag\">Actividades<\/a> <a href=\"https:\/\/diariofemenino.com.ar\/df\/category\/articulos-y-comunicados\/\" rel=\"category tag\">Art\u00edculos y Comunicados<\/a> <a href=\"https:\/\/diariofemenino.com.ar\/df\/category\/de-la-revolucion-al-reaprendizaje\/\" rel=\"category tag\">De la Revoluci\u00f3n al Reaprendizaje<\/a> <a href=\"https:\/\/diariofemenino.com.ar\/df\/category\/genero-y-derechos-humanos\/\" rel=\"category tag\">G\u00e9nero y Derechos Humanos<\/a> <a href=\"https:\/\/diariofemenino.com.ar\/df\/category\/informes\/\" rel=\"category tag\">Informes<\/a> <a href=\"https:\/\/diariofemenino.com.ar\/df\/category\/noticias\/\" rel=\"category tag\">Noticias<\/a> <a href=\"https:\/\/diariofemenino.com.ar\/df\/category\/violencias\/\" rel=\"category tag\">Violencias<\/a>","rttpg_excerpt":"Las libertades de expresi\u00f3n y de protesta robustecen el debate que toda sociedad democr\u00e1tica debe y merece darse. JUZGADO DE 1RA INSTANCIA EN LO PENAL CONTRAVENCIONAL Y DE FALTAS N\u00b015. Ciudad de Buenos Aires, 13 de marzo de 2025. Jueza interviniente Karina Andrade. Por\u00a0Erica P\u00e9rez* Descargar Resoluci\u00f3n Imagen de portada: CELS I.- Resumen de los&hellip;","_links":{"self":[{"href":"https:\/\/diariofemenino.com.ar\/df\/wp-json\/wp\/v2\/posts\/74788","targetHints":{"allow":["GET"]}}],"collection":[{"href":"https:\/\/diariofemenino.com.ar\/df\/wp-json\/wp\/v2\/posts"}],"about":[{"href":"https:\/\/diariofemenino.com.ar\/df\/wp-json\/wp\/v2\/types\/post"}],"author":[{"embeddable":true,"href":"https:\/\/diariofemenino.com.ar\/df\/wp-json\/wp\/v2\/users\/6"}],"replies":[{"embeddable":true,"href":"https:\/\/diariofemenino.com.ar\/df\/wp-json\/wp\/v2\/comments?post=74788"}],"version-history":[{"count":0,"href":"https:\/\/diariofemenino.com.ar\/df\/wp-json\/wp\/v2\/posts\/74788\/revisions"}],"wp:featuredmedia":[{"embeddable":true,"href":"https:\/\/diariofemenino.com.ar\/df\/wp-json\/wp\/v2\/media\/74789"}],"wp:attachment":[{"href":"https:\/\/diariofemenino.com.ar\/df\/wp-json\/wp\/v2\/media?parent=74788"}],"wp:term":[{"taxonomy":"category","embeddable":true,"href":"https:\/\/diariofemenino.com.ar\/df\/wp-json\/wp\/v2\/categories?post=74788"},{"taxonomy":"post_tag","embeddable":true,"href":"https:\/\/diariofemenino.com.ar\/df\/wp-json\/wp\/v2\/tags?post=74788"}],"curies":[{"name":"wp","href":"https:\/\/api.w.org\/{rel}","templated":true}]}}