{"id":74508,"date":"2024-12-16T10:07:26","date_gmt":"2024-12-16T13:07:26","guid":{"rendered":"https:\/\/diariofemenino.com.ar\/df\/?p=74508"},"modified":"2024-12-16T10:07:26","modified_gmt":"2024-12-16T13:07:26","slug":"valentina-pertegarini-se-convirtio-en-la-primera-mujer-en-ganar-un-campeonato-mundial-de-rally-raid","status":"publish","type":"post","link":"https:\/\/diariofemenino.com.ar\/df\/valentina-pertegarini-se-convirtio-en-la-primera-mujer-en-ganar-un-campeonato-mundial-de-rally-raid\/","title":{"rendered":"Valentina Pertegarini se convirti\u00f3 en la primera mujer en ganar un campeonato mundial de Rally Raid"},"content":{"rendered":"<div class=\"elementor-element elementor-element-8d427dc elementor-widget elementor-widget-theme-post-title elementor-page-title elementor-widget-heading\" data-id=\"8d427dc\" data-element_type=\"widget\" data-widget_type=\"theme-post-title.default\">\n<div class=\"elementor-widget-container\">\n<p class=\"elementor-heading-title elementor-size-default\"><strong>Valentina Pertegarini coronada por la FIA, en Ruanda<br \/>\n<\/strong>Por <a style=\"background-color: #ffffff;\" href=\"https:\/\/campeones.com.ar\/author\/miguelpaez\/\">Miguel Paez<\/a><\/p>\n<\/div>\n<\/div>\n<div class=\"elementor-element elementor-element-8e91e1a elementor-widget elementor-widget-theme-post-excerpt\" data-id=\"8e91e1a\" data-element_type=\"widget\" data-widget_type=\"theme-post-excerpt.default\">\n<p class=\"elementor-widget-container\"><a href=\"https:\/\/campeones.com.ar\/valentina-pertegarini-coronada-por-la-fia-en-ruanda\/\">Campeones<\/a><\/p>\n<p>En la gala anual, en donde se premiaron a los campeones mundiales de todas las series y categor\u00edas de la federaci\u00f3n, la cordobesa recibi\u00f3 el suyo por ser la mejor en Rally Raid.<\/p>\n<figure id=\"attachment_74511\" aria-describedby=\"caption-attachment-74511\" style=\"width: 562px\" class=\"wp-caption aligncenter\"><img loading=\"lazy\" decoding=\"async\" class=\" wp-image-74511\" src=\"https:\/\/diariofemenino.com.ar\/df\/wp-content\/uploads\/2024\/12\/TixZrHyyu_1290x760__2-1024x603.jpg\" alt=\"Valentina Pertegarini \" width=\"562\" height=\"331\" srcset=\"https:\/\/diariofemenino.com.ar\/df\/wp-content\/uploads\/2024\/12\/TixZrHyyu_1290x760__2-1024x603.jpg 1024w, https:\/\/diariofemenino.com.ar\/df\/wp-content\/uploads\/2024\/12\/TixZrHyyu_1290x760__2-300x177.jpg 300w, https:\/\/diariofemenino.com.ar\/df\/wp-content\/uploads\/2024\/12\/TixZrHyyu_1290x760__2-768x452.jpg 768w, https:\/\/diariofemenino.com.ar\/df\/wp-content\/uploads\/2024\/12\/TixZrHyyu_1290x760__2.jpg 1290w\" sizes=\"auto, (max-width: 562px) 100vw, 562px\" \/><figcaption id=\"caption-attachment-74511\" class=\"wp-caption-text\">Valentina Pertegarini<\/figcaption><\/figure>\n<div>En Kigali, capital de Ruanda, se realiz\u00f3 la gala de la\u00a0<strong>Federaci\u00f3n Internacional de Automovilismo<\/strong>\u00a0(FIA) en la cual se premiaron a los campeones mundiales de la temporada 2024, adem\u00e1s de reconocimientos a diferentes figuras e instituciones que se han destacado.<\/p>\n<p>La cordobesa\u00a0<strong>Valentina Pertegarini<\/strong>\u00a0fue una de las que tuvo el honor de recibir su<strong>\u00a0trofeo FIA al ser coronada campeona mundial entre los copilotos del campeonato Challenger T3 de Rally Raid<\/strong>\u00a0(W2R), por su performance en la butaca derecha del Taurus T3 Max que conduce\u00a0<strong>Nicol\u00e1s Cavigliasso<\/strong>, su marido.<\/p>\n<p>\u201c<strong><em>Lograr el campeonato fue una emoci\u00f3n enorme, hubo l\u00e1grimas y mucha alegr\u00eda. \u00bfSaben algo? Me ten\u00eda tanta fe que en diciembre de 2023 compr\u00e9 un vestido y me dije: \u2018Es para la gala de la FIA, para ir a cenar con Verstappen\u2019. Siento que he aprendido much\u00edsimo. A todo lo que Nico me ense\u00f1a, le hemos sumado muchos kil\u00f3metros. Me siento plena en la navegaci\u00f3n, muy confiada<\/em><\/strong>\u201d, confi\u00f3 Pertegarini.<\/p>\n<div class=\"elementor-element elementor-element-42a1ebd elementor-widget elementor-widget-theme-post-content\" data-id=\"42a1ebd\" data-element_type=\"widget\" data-widget_type=\"theme-post-content.default\">\n<div class=\"elementor-widget-container\">\n<p>En el cuadro de honor de la temporada para los argentinos tambi\u00e9n hay que destacar el t\u00edtulo conseguido por\u00a0<strong>Fernando \u00c1lvarez Castellano<\/strong>\u00a0junto a\u00a0<strong>Xavier Panseri<\/strong>\u00a0en la\u00a0<strong>divisi\u00f3n SSV de<\/strong>\u00a0<strong>Copa Mundial de Bajas<\/strong>, en donde el portugu\u00e9s\u00a0<strong>Joao Ferreira le trunc\u00f3 la posibilidad de ser el campe\u00f3n absoluto<\/strong>\u00a0en la tabla general.<\/p>\n<p>Por su parte,\u00a0<strong>Marcelo Der Ohanessian<\/strong>\u00a0fue otro de los argentinos galardonados por la FIA al ser campe\u00f3n como navegante del paraguayo\u00a0<strong>Fabrizio Zaldivar<\/strong>\u00a0en el<strong>\u00a0campeonato Codasur de Rally<\/strong>, recibiendo ellos el reconocimiento de esta corona sudamericana.<\/p>\n<figure id=\"attachment_74509\" aria-describedby=\"caption-attachment-74509\" style=\"width: 601px\" class=\"wp-caption aligncenter\"><img loading=\"lazy\" decoding=\"async\" class=\" wp-image-74509\" src=\"https:\/\/diariofemenino.com.ar\/df\/wp-content\/uploads\/2024\/12\/241214-FIA-GALA.jpg\" alt=\"Valentina Pertegarini \" width=\"601\" height=\"381\" srcset=\"https:\/\/diariofemenino.com.ar\/df\/wp-content\/uploads\/2024\/12\/241214-FIA-GALA.jpg 950w, https:\/\/diariofemenino.com.ar\/df\/wp-content\/uploads\/2024\/12\/241214-FIA-GALA-300x190.jpg 300w, https:\/\/diariofemenino.com.ar\/df\/wp-content\/uploads\/2024\/12\/241214-FIA-GALA-768x487.jpg 768w\" sizes=\"auto, (max-width: 601px) 100vw, 601px\" \/><figcaption id=\"caption-attachment-74509\" class=\"wp-caption-text\">Valentina Pertegarini<\/figcaption><\/figure>\n<p>&nbsp;<\/p>\n<\/div>\n<\/div>\n<div class=\"elementor-element elementor-element-5773c82 elementor-widget-divider--view-line elementor-widget elementor-widget-divider\" data-id=\"5773c82\" data-element_type=\"widget\" data-widget_type=\"divider.default\">\n<div class=\"elementor-widget-container\">\n<blockquote>\n<div class=\"elementor-divider\"><strong>Seguinos en Instagram.\u00a0Diario Digital Femenino:\u00a0<a href=\"https:\/\/www.instagram.com\/diariodigitalfemenino_\/\">@diariodigitalfemenino_<\/a><br \/>\nLenny C\u00e1ceres:\u00a0<a href=\"https:\/\/www.instagram.com\/lennycaceres69\/\">@lennycaceres69<\/a><br \/>\nFacebook:\u00a0<a href=\"https:\/\/www.facebook.com\/DiarioDigitalFemenino\/\">Diario Digital Femenino\u00a0<\/a><\/strong><\/div>\n<\/blockquote>\n<\/div>\n<\/div>\n<\/div>\n<\/div>\n","protected":false},"excerpt":{"rendered":"<p>Valentina Pertegarini coronada por la FIA, en Ruanda Por Miguel Paez Campeones En la gala anual, en donde se premiaron a los campeones mundiales de todas las series y categor\u00edas de la federaci\u00f3n, la cordobesa recibi\u00f3 el suyo por ser la mejor en Rally Raid. En Kigali, capital de Ruanda, se realiz\u00f3 la gala de [&hellip;]<\/p>\n","protected":false},"author":6,"featured_media":74510,"comment_status":"open","ping_status":"open","sticky":false,"template":"","format":"standard","meta":{"iawp_total_views":15,"footnotes":""},"categories":[7,1067,32,21],"tags":[7306,7307,7308,7309,7305,7310,7311,7312,7313,7314,7315,7316,7317,7318,7319],"class_list":["post-74508","post","type-post","status-publish","format-standard","has-post-thumbnail","hentry","category-actividades","category-agenda-feminista","category-mujeres","category-noticias","tag-copa-mundial-bajas","tag-fernando-alvarez-castellano","tag-fia","tag-fia-w2rc-rally-raid","tag-hallenger-t3","tag-kigali","tag-marcelo-der-ohanessian","tag-nicolas-cavigliasso","tag-rally-codasur","tag-rally-raid","tag-ricardo-zaldivar","tag-ruanda","tag-taurus-t3max","tag-valentina-pertegarini","tag-xavier-panseri"],"nelio_content":{"autoShareEndMode":"never","automationSources":{"useCustomSentences":false,"customSentences":[]},"efiAlt":"","efiUrl":"","followers":[6],"highlights":[],"isAutoShareEnabled":true,"networkImageIds":[],"permalinkQueryArgs":[],"series":[],"suggestedReferences":[]},"yoast_head":"<!-- This site is optimized with the Yoast SEO plugin v27.5 - https:\/\/yoast.com\/product\/yoast-seo-wordpress\/ -->\n<title>Valentina Pertegarini se convirti\u00f3 en la primera mujer en ganar un campeonato mundial de Rally Raid - Diario Digital Femenino<\/title>\n<meta name=\"description\" content=\"Valentina Pertegarini. En la gala anual, de premiaci\u00f3n, la cordobesa recibi\u00f3 su galard\u00f3n por ser la mejor en Rally Raid.\" \/>\n<meta name=\"robots\" content=\"index, follow, max-snippet:-1, max-image-preview:large, max-video-preview:-1\" \/>\n<link rel=\"canonical\" href=\"https:\/\/diariofemenino.com.ar\/df\/valentina-pertegarini-se-convirtio-en-la-primera-mujer-en-ganar-un-campeonato-mundial-de-rally-raid\/\" \/>\n<meta property=\"og:locale\" content=\"es_ES\" \/>\n<meta property=\"og:type\" content=\"article\" \/>\n<meta property=\"og:title\" content=\"Valentina Pertegarini se convirti\u00f3 en la primera mujer en ganar un campeonato mundial de Rally Raid - Diario Digital Femenino\" \/>\n<meta property=\"og:description\" content=\"Valentina Pertegarini. En la gala anual, de premiaci\u00f3n, la cordobesa recibi\u00f3 su galard\u00f3n por ser la mejor en Rally Raid.\" \/>\n<meta property=\"og:url\" content=\"https:\/\/diariofemenino.com.ar\/df\/valentina-pertegarini-se-convirtio-en-la-primera-mujer-en-ganar-un-campeonato-mundial-de-rally-raid\/\" \/>\n<meta property=\"og:site_name\" content=\"Diario Digital Femenino\" \/>\n<meta property=\"article:publisher\" content=\"https:\/\/www.facebook.com\/DiarioDigitaFemenino\/\" \/>\n<meta property=\"article:published_time\" content=\"2024-12-16T13:07:26+00:00\" \/>\n<meta property=\"og:image\" content=\"https:\/\/diariofemenino.com.ar\/df\/wp-content\/uploads\/2024\/12\/241214-FIA-Valentina-Pertegarini-e1734184975248.jpg\" \/>\n\t<meta property=\"og:image:width\" content=\"781\" \/>\n\t<meta property=\"og:image:height\" content=\"514\" \/>\n\t<meta property=\"og:image:type\" content=\"image\/jpeg\" \/>\n<meta name=\"author\" content=\"redaccion\" \/>\n<meta name=\"twitter:card\" content=\"summary_large_image\" \/>\n<meta name=\"twitter:creator\" content=\"@DiarioFemenino1\" \/>\n<meta name=\"twitter:site\" content=\"@DiarioFemenino1\" \/>\n<meta name=\"twitter:label1\" content=\"Escrito por\" \/>\n\t<meta name=\"twitter:data1\" content=\"redaccion\" \/>\n\t<meta name=\"twitter:label2\" content=\"Tiempo de lectura\" \/>\n\t<meta name=\"twitter:data2\" content=\"3 minutos\" \/>\n<script type=\"application\/ld+json\" class=\"yoast-schema-graph\">{\"@context\":\"https:\\\/\\\/schema.org\",\"@graph\":[{\"@type\":\"Article\",\"@id\":\"https:\\\/\\\/diariofemenino.com.ar\\\/df\\\/valentina-pertegarini-se-convirtio-en-la-primera-mujer-en-ganar-un-campeonato-mundial-de-rally-raid\\\/#article\",\"isPartOf\":{\"@id\":\"https:\\\/\\\/diariofemenino.com.ar\\\/df\\\/valentina-pertegarini-se-convirtio-en-la-primera-mujer-en-ganar-un-campeonato-mundial-de-rally-raid\\\/\"},\"author\":{\"name\":\"redaccion\",\"@id\":\"https:\\\/\\\/diariofemenino.com.ar\\\/df\\\/#\\\/schema\\\/person\\\/b6ba2e26f7891f232694804f228a7f27\"},\"headline\":\"Valentina Pertegarini se convirti\u00f3 en la primera mujer en ganar un campeonato mundial de Rally Raid\",\"datePublished\":\"2024-12-16T13:07:26+00:00\",\"mainEntityOfPage\":{\"@id\":\"https:\\\/\\\/diariofemenino.com.ar\\\/df\\\/valentina-pertegarini-se-convirtio-en-la-primera-mujer-en-ganar-un-campeonato-mundial-de-rally-raid\\\/\"},\"wordCount\":365,\"commentCount\":0,\"publisher\":{\"@id\":\"https:\\\/\\\/diariofemenino.com.ar\\\/df\\\/#organization\"},\"image\":{\"@id\":\"https:\\\/\\\/diariofemenino.com.ar\\\/df\\\/valentina-pertegarini-se-convirtio-en-la-primera-mujer-en-ganar-un-campeonato-mundial-de-rally-raid\\\/#primaryimage\"},\"thumbnailUrl\":\"https:\\\/\\\/diariofemenino.com.ar\\\/df\\\/wp-content\\\/uploads\\\/2024\\\/12\\\/241214-FIA-Valentina-Pertegarini-e1734184975248.jpg\",\"keywords\":[\"Copa Mundial Bajas\",\"Fernando \u00c1lvarez Castellano\",\"FIA\",\"FIA W2RC Rally Raid\",\"hallenger T3\",\"Kigali\",\"Marcelo Der Ohanessian\",\"Nicol\u00e1s Cavigliasso\",\"Rally Codasur\",\"Rally Raid\",\"Ricardo Zaldivar\",\"Ruanda\",\"Taurus T3Max\",\"Valentina Pertegarini\",\"Xavier Panseri\"],\"articleSection\":[\"Actividades\",\"Agenda Feminista\",\"Mujeres\",\"Noticias\"],\"inLanguage\":\"es\",\"potentialAction\":[{\"@type\":\"CommentAction\",\"name\":\"Comment\",\"target\":[\"https:\\\/\\\/diariofemenino.com.ar\\\/df\\\/valentina-pertegarini-se-convirtio-en-la-primera-mujer-en-ganar-un-campeonato-mundial-de-rally-raid\\\/#respond\"]}]},{\"@type\":\"WebPage\",\"@id\":\"https:\\\/\\\/diariofemenino.com.ar\\\/df\\\/valentina-pertegarini-se-convirtio-en-la-primera-mujer-en-ganar-un-campeonato-mundial-de-rally-raid\\\/\",\"url\":\"https:\\\/\\\/diariofemenino.com.ar\\\/df\\\/valentina-pertegarini-se-convirtio-en-la-primera-mujer-en-ganar-un-campeonato-mundial-de-rally-raid\\\/\",\"name\":\"Valentina Pertegarini se convirti\u00f3 en la primera mujer en ganar un campeonato mundial de Rally Raid - Diario Digital Femenino\",\"isPartOf\":{\"@id\":\"https:\\\/\\\/diariofemenino.com.ar\\\/df\\\/#website\"},\"primaryImageOfPage\":{\"@id\":\"https:\\\/\\\/diariofemenino.com.ar\\\/df\\\/valentina-pertegarini-se-convirtio-en-la-primera-mujer-en-ganar-un-campeonato-mundial-de-rally-raid\\\/#primaryimage\"},\"image\":{\"@id\":\"https:\\\/\\\/diariofemenino.com.ar\\\/df\\\/valentina-pertegarini-se-convirtio-en-la-primera-mujer-en-ganar-un-campeonato-mundial-de-rally-raid\\\/#primaryimage\"},\"thumbnailUrl\":\"https:\\\/\\\/diariofemenino.com.ar\\\/df\\\/wp-content\\\/uploads\\\/2024\\\/12\\\/241214-FIA-Valentina-Pertegarini-e1734184975248.jpg\",\"datePublished\":\"2024-12-16T13:07:26+00:00\",\"description\":\"Valentina Pertegarini. En la gala anual, de premiaci\u00f3n, la cordobesa recibi\u00f3 su galard\u00f3n por ser la mejor en Rally Raid.\",\"breadcrumb\":{\"@id\":\"https:\\\/\\\/diariofemenino.com.ar\\\/df\\\/valentina-pertegarini-se-convirtio-en-la-primera-mujer-en-ganar-un-campeonato-mundial-de-rally-raid\\\/#breadcrumb\"},\"inLanguage\":\"es\",\"potentialAction\":[{\"@type\":\"ReadAction\",\"target\":[\"https:\\\/\\\/diariofemenino.com.ar\\\/df\\\/valentina-pertegarini-se-convirtio-en-la-primera-mujer-en-ganar-un-campeonato-mundial-de-rally-raid\\\/\"]}]},{\"@type\":\"ImageObject\",\"inLanguage\":\"es\",\"@id\":\"https:\\\/\\\/diariofemenino.com.ar\\\/df\\\/valentina-pertegarini-se-convirtio-en-la-primera-mujer-en-ganar-un-campeonato-mundial-de-rally-raid\\\/#primaryimage\",\"url\":\"https:\\\/\\\/diariofemenino.com.ar\\\/df\\\/wp-content\\\/uploads\\\/2024\\\/12\\\/241214-FIA-Valentina-Pertegarini-e1734184975248.jpg\",\"contentUrl\":\"https:\\\/\\\/diariofemenino.com.ar\\\/df\\\/wp-content\\\/uploads\\\/2024\\\/12\\\/241214-FIA-Valentina-Pertegarini-e1734184975248.jpg\",\"width\":781,\"height\":514,\"caption\":\"Valentina Pertegarini\"},{\"@type\":\"BreadcrumbList\",\"@id\":\"https:\\\/\\\/diariofemenino.com.ar\\\/df\\\/valentina-pertegarini-se-convirtio-en-la-primera-mujer-en-ganar-un-campeonato-mundial-de-rally-raid\\\/#breadcrumb\",\"itemListElement\":[{\"@type\":\"ListItem\",\"position\":1,\"name\":\"Portada\",\"item\":\"https:\\\/\\\/diariofemenino.com.ar\\\/df\\\/\"},{\"@type\":\"ListItem\",\"position\":2,\"name\":\"Valentina Pertegarini se convirti\u00f3 en la primera mujer en ganar un campeonato mundial de Rally Raid\"}]},{\"@type\":\"WebSite\",\"@id\":\"https:\\\/\\\/diariofemenino.com.ar\\\/df\\\/#website\",\"url\":\"https:\\\/\\\/diariofemenino.com.ar\\\/df\\\/\",\"name\":\"Diario Digital Femenino\",\"description\":\"Cuesti\u00f3n de G\u00e9nero\",\"publisher\":{\"@id\":\"https:\\\/\\\/diariofemenino.com.ar\\\/df\\\/#organization\"},\"potentialAction\":[{\"@type\":\"SearchAction\",\"target\":{\"@type\":\"EntryPoint\",\"urlTemplate\":\"https:\\\/\\\/diariofemenino.com.ar\\\/df\\\/?s={search_term_string}\"},\"query-input\":{\"@type\":\"PropertyValueSpecification\",\"valueRequired\":true,\"valueName\":\"search_term_string\"}}],\"inLanguage\":\"es\"},{\"@type\":\"Organization\",\"@id\":\"https:\\\/\\\/diariofemenino.com.ar\\\/df\\\/#organization\",\"name\":\"Diario Femenino\",\"url\":\"https:\\\/\\\/diariofemenino.com.ar\\\/df\\\/\",\"logo\":{\"@type\":\"ImageObject\",\"inLanguage\":\"es\",\"@id\":\"https:\\\/\\\/diariofemenino.com.ar\\\/df\\\/#\\\/schema\\\/logo\\\/image\\\/\",\"url\":\"https:\\\/\\\/diariofemenino.com.ar\\\/df\\\/wp-content\\\/uploads\\\/2018\\\/10\\\/logo.png\",\"contentUrl\":\"https:\\\/\\\/diariofemenino.com.ar\\\/df\\\/wp-content\\\/uploads\\\/2018\\\/10\\\/logo.png\",\"width\":500,\"height\":92,\"caption\":\"Diario Femenino\"},\"image\":{\"@id\":\"https:\\\/\\\/diariofemenino.com.ar\\\/df\\\/#\\\/schema\\\/logo\\\/image\\\/\"},\"sameAs\":[\"https:\\\/\\\/www.facebook.com\\\/DiarioDigitaFemenino\\\/\",\"https:\\\/\\\/x.com\\\/DiarioFemenino1\"]},{\"@type\":\"Person\",\"@id\":\"https:\\\/\\\/diariofemenino.com.ar\\\/df\\\/#\\\/schema\\\/person\\\/b6ba2e26f7891f232694804f228a7f27\",\"name\":\"redaccion\",\"image\":{\"@type\":\"ImageObject\",\"inLanguage\":\"es\",\"@id\":\"https:\\\/\\\/diariofemenino.com.ar\\\/df\\\/wp-content\\\/uploads\\\/2024\\\/09\\\/0eda9a67-a560-4264-8085-ae5314b35c5a-150x150.avif\",\"url\":\"https:\\\/\\\/diariofemenino.com.ar\\\/df\\\/wp-content\\\/uploads\\\/2024\\\/09\\\/0eda9a67-a560-4264-8085-ae5314b35c5a-150x150.avif\",\"contentUrl\":\"https:\\\/\\\/diariofemenino.com.ar\\\/df\\\/wp-content\\\/uploads\\\/2024\\\/09\\\/0eda9a67-a560-4264-8085-ae5314b35c5a-150x150.avif\",\"caption\":\"redaccion\"},\"url\":\"https:\\\/\\\/diariofemenino.com.ar\\\/df\\\/author\\\/redaccion\\\/\"}]}<\/script>\n<!-- \/ Yoast SEO plugin. -->","yoast_head_json":{"title":"Valentina Pertegarini se convirti\u00f3 en la primera mujer en ganar un campeonato mundial de Rally Raid - Diario Digital Femenino","description":"Valentina Pertegarini. En la gala anual, de premiaci\u00f3n, la cordobesa recibi\u00f3 su galard\u00f3n por ser la mejor en Rally Raid.","robots":{"index":"index","follow":"follow","max-snippet":"max-snippet:-1","max-image-preview":"max-image-preview:large","max-video-preview":"max-video-preview:-1"},"canonical":"https:\/\/diariofemenino.com.ar\/df\/valentina-pertegarini-se-convirtio-en-la-primera-mujer-en-ganar-un-campeonato-mundial-de-rally-raid\/","og_locale":"es_ES","og_type":"article","og_title":"Valentina Pertegarini se convirti\u00f3 en la primera mujer en ganar un campeonato mundial de Rally Raid - Diario Digital Femenino","og_description":"Valentina Pertegarini. En la gala anual, de premiaci\u00f3n, la cordobesa recibi\u00f3 su galard\u00f3n por ser la mejor en Rally Raid.","og_url":"https:\/\/diariofemenino.com.ar\/df\/valentina-pertegarini-se-convirtio-en-la-primera-mujer-en-ganar-un-campeonato-mundial-de-rally-raid\/","og_site_name":"Diario Digital Femenino","article_publisher":"https:\/\/www.facebook.com\/DiarioDigitaFemenino\/","article_published_time":"2024-12-16T13:07:26+00:00","og_image":[{"width":781,"height":514,"url":"https:\/\/diariofemenino.com.ar\/df\/wp-content\/uploads\/2024\/12\/241214-FIA-Valentina-Pertegarini-e1734184975248.jpg","type":"image\/jpeg"}],"author":"redaccion","twitter_card":"summary_large_image","twitter_creator":"@DiarioFemenino1","twitter_site":"@DiarioFemenino1","twitter_misc":{"Escrito por":"redaccion","Tiempo de lectura":"3 minutos"},"schema":{"@context":"https:\/\/schema.org","@graph":[{"@type":"Article","@id":"https:\/\/diariofemenino.com.ar\/df\/valentina-pertegarini-se-convirtio-en-la-primera-mujer-en-ganar-un-campeonato-mundial-de-rally-raid\/#article","isPartOf":{"@id":"https:\/\/diariofemenino.com.ar\/df\/valentina-pertegarini-se-convirtio-en-la-primera-mujer-en-ganar-un-campeonato-mundial-de-rally-raid\/"},"author":{"name":"redaccion","@id":"https:\/\/diariofemenino.com.ar\/df\/#\/schema\/person\/b6ba2e26f7891f232694804f228a7f27"},"headline":"Valentina Pertegarini se convirti\u00f3 en la primera mujer en ganar un campeonato mundial de Rally Raid","datePublished":"2024-12-16T13:07:26+00:00","mainEntityOfPage":{"@id":"https:\/\/diariofemenino.com.ar\/df\/valentina-pertegarini-se-convirtio-en-la-primera-mujer-en-ganar-un-campeonato-mundial-de-rally-raid\/"},"wordCount":365,"commentCount":0,"publisher":{"@id":"https:\/\/diariofemenino.com.ar\/df\/#organization"},"image":{"@id":"https:\/\/diariofemenino.com.ar\/df\/valentina-pertegarini-se-convirtio-en-la-primera-mujer-en-ganar-un-campeonato-mundial-de-rally-raid\/#primaryimage"},"thumbnailUrl":"https:\/\/diariofemenino.com.ar\/df\/wp-content\/uploads\/2024\/12\/241214-FIA-Valentina-Pertegarini-e1734184975248.jpg","keywords":["Copa Mundial Bajas","Fernando \u00c1lvarez Castellano","FIA","FIA W2RC Rally Raid","hallenger T3","Kigali","Marcelo Der Ohanessian","Nicol\u00e1s Cavigliasso","Rally Codasur","Rally Raid","Ricardo Zaldivar","Ruanda","Taurus T3Max","Valentina Pertegarini","Xavier Panseri"],"articleSection":["Actividades","Agenda Feminista","Mujeres","Noticias"],"inLanguage":"es","potentialAction":[{"@type":"CommentAction","name":"Comment","target":["https:\/\/diariofemenino.com.ar\/df\/valentina-pertegarini-se-convirtio-en-la-primera-mujer-en-ganar-un-campeonato-mundial-de-rally-raid\/#respond"]}]},{"@type":"WebPage","@id":"https:\/\/diariofemenino.com.ar\/df\/valentina-pertegarini-se-convirtio-en-la-primera-mujer-en-ganar-un-campeonato-mundial-de-rally-raid\/","url":"https:\/\/diariofemenino.com.ar\/df\/valentina-pertegarini-se-convirtio-en-la-primera-mujer-en-ganar-un-campeonato-mundial-de-rally-raid\/","name":"Valentina Pertegarini se convirti\u00f3 en la primera mujer en ganar un campeonato mundial de Rally Raid - Diario Digital Femenino","isPartOf":{"@id":"https:\/\/diariofemenino.com.ar\/df\/#website"},"primaryImageOfPage":{"@id":"https:\/\/diariofemenino.com.ar\/df\/valentina-pertegarini-se-convirtio-en-la-primera-mujer-en-ganar-un-campeonato-mundial-de-rally-raid\/#primaryimage"},"image":{"@id":"https:\/\/diariofemenino.com.ar\/df\/valentina-pertegarini-se-convirtio-en-la-primera-mujer-en-ganar-un-campeonato-mundial-de-rally-raid\/#primaryimage"},"thumbnailUrl":"https:\/\/diariofemenino.com.ar\/df\/wp-content\/uploads\/2024\/12\/241214-FIA-Valentina-Pertegarini-e1734184975248.jpg","datePublished":"2024-12-16T13:07:26+00:00","description":"Valentina Pertegarini. En la gala anual, de premiaci\u00f3n, la cordobesa recibi\u00f3 su galard\u00f3n por ser la mejor en Rally Raid.","breadcrumb":{"@id":"https:\/\/diariofemenino.com.ar\/df\/valentina-pertegarini-se-convirtio-en-la-primera-mujer-en-ganar-un-campeonato-mundial-de-rally-raid\/#breadcrumb"},"inLanguage":"es","potentialAction":[{"@type":"ReadAction","target":["https:\/\/diariofemenino.com.ar\/df\/valentina-pertegarini-se-convirtio-en-la-primera-mujer-en-ganar-un-campeonato-mundial-de-rally-raid\/"]}]},{"@type":"ImageObject","inLanguage":"es","@id":"https:\/\/diariofemenino.com.ar\/df\/valentina-pertegarini-se-convirtio-en-la-primera-mujer-en-ganar-un-campeonato-mundial-de-rally-raid\/#primaryimage","url":"https:\/\/diariofemenino.com.ar\/df\/wp-content\/uploads\/2024\/12\/241214-FIA-Valentina-Pertegarini-e1734184975248.jpg","contentUrl":"https:\/\/diariofemenino.com.ar\/df\/wp-content\/uploads\/2024\/12\/241214-FIA-Valentina-Pertegarini-e1734184975248.jpg","width":781,"height":514,"caption":"Valentina Pertegarini"},{"@type":"BreadcrumbList","@id":"https:\/\/diariofemenino.com.ar\/df\/valentina-pertegarini-se-convirtio-en-la-primera-mujer-en-ganar-un-campeonato-mundial-de-rally-raid\/#breadcrumb","itemListElement":[{"@type":"ListItem","position":1,"name":"Portada","item":"https:\/\/diariofemenino.com.ar\/df\/"},{"@type":"ListItem","position":2,"name":"Valentina Pertegarini se convirti\u00f3 en la primera mujer en ganar un campeonato mundial de Rally Raid"}]},{"@type":"WebSite","@id":"https:\/\/diariofemenino.com.ar\/df\/#website","url":"https:\/\/diariofemenino.com.ar\/df\/","name":"Diario Digital Femenino","description":"Cuesti\u00f3n de G\u00e9nero","publisher":{"@id":"https:\/\/diariofemenino.com.ar\/df\/#organization"},"potentialAction":[{"@type":"SearchAction","target":{"@type":"EntryPoint","urlTemplate":"https:\/\/diariofemenino.com.ar\/df\/?s={search_term_string}"},"query-input":{"@type":"PropertyValueSpecification","valueRequired":true,"valueName":"search_term_string"}}],"inLanguage":"es"},{"@type":"Organization","@id":"https:\/\/diariofemenino.com.ar\/df\/#organization","name":"Diario Femenino","url":"https:\/\/diariofemenino.com.ar\/df\/","logo":{"@type":"ImageObject","inLanguage":"es","@id":"https:\/\/diariofemenino.com.ar\/df\/#\/schema\/logo\/image\/","url":"https:\/\/diariofemenino.com.ar\/df\/wp-content\/uploads\/2018\/10\/logo.png","contentUrl":"https:\/\/diariofemenino.com.ar\/df\/wp-content\/uploads\/2018\/10\/logo.png","width":500,"height":92,"caption":"Diario Femenino"},"image":{"@id":"https:\/\/diariofemenino.com.ar\/df\/#\/schema\/logo\/image\/"},"sameAs":["https:\/\/www.facebook.com\/DiarioDigitaFemenino\/","https:\/\/x.com\/DiarioFemenino1"]},{"@type":"Person","@id":"https:\/\/diariofemenino.com.ar\/df\/#\/schema\/person\/b6ba2e26f7891f232694804f228a7f27","name":"redaccion","image":{"@type":"ImageObject","inLanguage":"es","@id":"https:\/\/diariofemenino.com.ar\/df\/wp-content\/uploads\/2024\/09\/0eda9a67-a560-4264-8085-ae5314b35c5a-150x150.avif","url":"https:\/\/diariofemenino.com.ar\/df\/wp-content\/uploads\/2024\/09\/0eda9a67-a560-4264-8085-ae5314b35c5a-150x150.avif","contentUrl":"https:\/\/diariofemenino.com.ar\/df\/wp-content\/uploads\/2024\/09\/0eda9a67-a560-4264-8085-ae5314b35c5a-150x150.avif","caption":"redaccion"},"url":"https:\/\/diariofemenino.com.ar\/df\/author\/redaccion\/"}]}},"jetpack_featured_media_url":"https:\/\/diariofemenino.com.ar\/df\/wp-content\/uploads\/2024\/12\/241214-FIA-Valentina-Pertegarini-e1734184975248.jpg","jetpack_sharing_enabled":true,"rttpg_featured_image_url":{"full":["https:\/\/diariofemenino.com.ar\/df\/wp-content\/uploads\/2024\/12\/241214-FIA-Valentina-Pertegarini-e1734184975248.jpg",781,514,false],"landscape":["https:\/\/diariofemenino.com.ar\/df\/wp-content\/uploads\/2024\/12\/241214-FIA-Valentina-Pertegarini-e1734184975248.jpg",781,514,false],"portraits":["https:\/\/diariofemenino.com.ar\/df\/wp-content\/uploads\/2024\/12\/241214-FIA-Valentina-Pertegarini-e1734184975248.jpg",781,514,false],"thumbnail":["https:\/\/diariofemenino.com.ar\/df\/wp-content\/uploads\/2024\/12\/241214-FIA-Valentina-Pertegarini-e1734184975248-150x150.jpg",150,150,true],"medium":["https:\/\/diariofemenino.com.ar\/df\/wp-content\/uploads\/2024\/12\/241214-FIA-Valentina-Pertegarini-e1734184975248-300x197.jpg",300,197,true],"large":["https:\/\/diariofemenino.com.ar\/df\/wp-content\/uploads\/2024\/12\/241214-FIA-Valentina-Pertegarini-e1734184975248.jpg",781,514,false],"1536x1536":["https:\/\/diariofemenino.com.ar\/df\/wp-content\/uploads\/2024\/12\/241214-FIA-Valentina-Pertegarini-e1734184975248.jpg",781,514,false],"2048x2048":["https:\/\/diariofemenino.com.ar\/df\/wp-content\/uploads\/2024\/12\/241214-FIA-Valentina-Pertegarini-e1734184975248.jpg",781,514,false]},"rttpg_author":{"display_name":"redaccion","author_link":"https:\/\/diariofemenino.com.ar\/df\/author\/redaccion\/"},"rttpg_comment":0,"rttpg_category":"<a href=\"https:\/\/diariofemenino.com.ar\/df\/category\/actividades\/\" rel=\"category tag\">Actividades<\/a> <a href=\"https:\/\/diariofemenino.com.ar\/df\/category\/agenda-feminista\/\" rel=\"category tag\">Agenda Feminista<\/a> <a href=\"https:\/\/diariofemenino.com.ar\/df\/category\/mujeres\/\" rel=\"category tag\">Mujeres<\/a> <a href=\"https:\/\/diariofemenino.com.ar\/df\/category\/noticias\/\" rel=\"category tag\">Noticias<\/a>","rttpg_excerpt":"Valentina Pertegarini coronada por la FIA, en Ruanda Por Miguel Paez Campeones En la gala anual, en donde se premiaron a los campeones mundiales de todas las series y categor\u00edas de la federaci\u00f3n, la cordobesa recibi\u00f3 el suyo por ser la mejor en Rally Raid. En Kigali, capital de Ruanda, se realiz\u00f3 la gala de&hellip;","_links":{"self":[{"href":"https:\/\/diariofemenino.com.ar\/df\/wp-json\/wp\/v2\/posts\/74508","targetHints":{"allow":["GET"]}}],"collection":[{"href":"https:\/\/diariofemenino.com.ar\/df\/wp-json\/wp\/v2\/posts"}],"about":[{"href":"https:\/\/diariofemenino.com.ar\/df\/wp-json\/wp\/v2\/types\/post"}],"author":[{"embeddable":true,"href":"https:\/\/diariofemenino.com.ar\/df\/wp-json\/wp\/v2\/users\/6"}],"replies":[{"embeddable":true,"href":"https:\/\/diariofemenino.com.ar\/df\/wp-json\/wp\/v2\/comments?post=74508"}],"version-history":[{"count":0,"href":"https:\/\/diariofemenino.com.ar\/df\/wp-json\/wp\/v2\/posts\/74508\/revisions"}],"wp:featuredmedia":[{"embeddable":true,"href":"https:\/\/diariofemenino.com.ar\/df\/wp-json\/wp\/v2\/media\/74510"}],"wp:attachment":[{"href":"https:\/\/diariofemenino.com.ar\/df\/wp-json\/wp\/v2\/media?parent=74508"}],"wp:term":[{"taxonomy":"category","embeddable":true,"href":"https:\/\/diariofemenino.com.ar\/df\/wp-json\/wp\/v2\/categories?post=74508"},{"taxonomy":"post_tag","embeddable":true,"href":"https:\/\/diariofemenino.com.ar\/df\/wp-json\/wp\/v2\/tags?post=74508"}],"curies":[{"name":"wp","href":"https:\/\/api.w.org\/{rel}","templated":true}]}}