{"id":74384,"date":"2024-11-19T10:41:55","date_gmt":"2024-11-19T13:41:55","guid":{"rendered":"https:\/\/diariofemenino.com.ar\/df\/?p=74384"},"modified":"2024-11-19T10:41:55","modified_gmt":"2024-11-19T13:41:55","slug":"ellos-contra-ellas-la-pelea-entre-milei-y-cristina-consolida-la-division-de-genero-entre-votantes","status":"publish","type":"post","link":"https:\/\/diariofemenino.com.ar\/df\/ellos-contra-ellas-la-pelea-entre-milei-y-cristina-consolida-la-division-de-genero-entre-votantes\/","title":{"rendered":"Ellos contra ellas: la pelea entre Milei y Cristina consolida la divisi\u00f3n de g\u00e9nero entre votantes"},"content":{"rendered":"<p>El <a href=\"https:\/\/diariofemenino.com.ar\/df\/category\/genero-y-derechos-humanos\/\">g\u00e9nero<\/a>, la nueva grieta.<\/p>\n<p class=\"subtitle single__deck\">Cuatro encuestas muestran c\u00f3mo la divisi\u00f3n entre hombres y mujeres emerge como un factor clave en la pol\u00edtica nacional, con unos inclin\u00e1ndose por el presidente y otras, por la expresidenta.<\/p>\n<p>Por\u00a0<a class=\"author url fn\" title=\"Entradas de Gabriel Sued\" href=\"https:\/\/cenital.com\/author\/gabriel-sued\/\" rel=\"author\">Gabriel Sued<\/a><br \/>\n<a href=\"https:\/\/cenital.com\/ellos-contra-ellas-la-pelea-entre-milei-y-cristina-consolida-la-division-de-genero-entre-los-votantes\/\">Cenital<\/a><\/p>\n<p>Nunca en la historia de la democracia reciente en Argentina, hombres y mujeres hab\u00edan tenido como ahora una diferencia tan marcada de preferencias y expectativas pol\u00edticas. Al dato consolidado de que Javier Milei es m\u00e1s popular entre los varones, en especial entre los j\u00f3venes, se suma la novedad de que Cristina Kirchner, la principal figura de la oposici\u00f3n, tiene mejor imagen en el electorado femenino. El clivaje de g\u00e9nero, determinante en las elecciones que dieron el triunfo a Donald Trump en Estados Unidos, empieza a instalarse como una variable ineludible para el an\u00e1lisis de la batalla pol\u00edtica en Argentina.<\/p>\n<p>La informaci\u00f3n surge de las encuestas de opini\u00f3n que circulan en la Casa Rosada, en el Instituto Patria y en el Partido Justicialista (PJ), nueva \u00e1rea de influencia de Cristina Kirchner. El \u00faltimo estudio de Opina Argentina, un trabajo cerrado la semana pasada de 1060 casos en todo el pa\u00eds, arroja un diferencial de diez puntos porcentuales promedio en la imagen del presidente y de la expresidenta, seg\u00fan el g\u00e9nero de los consultados. Javier Milei, con una popularidad del 49%, tiene un 53% de respaldo entre los hombres y un 43% entre las mujeres. En espejo, Cristina Kirchner, con una popularidad del 38%, tiene un 34% de apoyo entre los varones y un 43% entre las mujeres. Es decir, si la decisi\u00f3n fuera solo femenina, Milei y Cristina estar\u00edan empatados. El mandatario saca casi 20 puntos de ventaja entre los hombres. Los resultados son similares cuando se pregunta por la intenci\u00f3n de voto a un espacio pol\u00edtico. La Libertad Avanza (LLA) recoge el 40% de las preferencias, con once puntos de diferencia seg\u00fan el g\u00e9nero: 44% entre los hombres, 33% entre las mujeres. En el electorado potencial de Uni\u00f3n por la Patria (UP), la brecha es de nueve puntos: 34% de intenci\u00f3n de voto, 30% en el p\u00fablico masculino, 39% en el femenino.<\/p>\n<figure style=\"width: 693px\" class=\"wp-caption alignnone\"><img loading=\"lazy\" decoding=\"async\" src=\"https:\/\/cdn-images-1.medium.com\/max\/800\/0*Xax6UckgBCseHNG3\" alt=\"Ellos contra ellas. Opina Argentina\" width=\"693\" height=\"503\" \/><figcaption class=\"wp-caption-text\">Ellos contra ellas. Opina Argentina<\/figcaption><\/figure>\n<figure class=\"wp-block-image aligncenter\">\n<p><figure style=\"width: 695px\" class=\"wp-caption aligncenter\"><img loading=\"lazy\" decoding=\"async\" src=\"https:\/\/cdn-images-1.medium.com\/max\/800\/0*WjPiMN0-Eds5lZjW\" alt=\"Ellos contra ellas. Opina Argentina\" width=\"695\" height=\"533\" \/><figcaption class=\"wp-caption-text\">Ellos contra ellas. Opina Argentina<\/figcaption><\/figure><figcaption class=\"wp-element-caption\"><em>\u00a0<\/em><\/figcaption><figcaption class=\"wp-element-caption\"><\/figcaption><\/figure>\n<p>\u201cEl clivaje de g\u00e9nero estuvo siempre presente en el apoyo a Milei, pero no se hab\u00eda dado con ning\u00fan otro presidente antes, al menos desde el 83 para ac\u00e1. Es un signo de estos tiempos. El diferencial de apoyo a Cristina es una novedad de los \u00faltimos meses. No se daba entre el kirchnerismo y Cambiemos. Es por efecto espejo del apoyo mayoritario que tiene Milei entre los varones\u201d, dice Facundo Nejamkis, director de Opina Argentina.<\/p>\n<p>El diferencial de g\u00e9nero se ve de manera todav\u00eda m\u00e1s marcada en la \u00faltima encuesta de Aresco, una consultora con mucha circulaci\u00f3n en la Casa Rosada. La imagen positiva del presidente, con un 44,1% de promedio, se eleva al 50,1% entre los hombres y desciende al 38,3% entre las mujeres. Casi 12 puntos de distancia. \u201cUna diferencia tan marcada no se hab\u00eda visto con otros presidentes. De hecho, en las elecciones del a\u00f1o pasado, Milei no gan\u00f3 entre las mujeres, empat\u00f3. La diferencia la sac\u00f3 entre los hombres: dos tercios en varones menores de 35 a\u00f1os y un tercio en mayores de 35\u201d, dice Federico Aurelio, director de Aresco, y arriesga una hip\u00f3tesis: \u201cLas formas de Milei son peor vistas entre las mujeres. Influyen tambi\u00e9n sus cr\u00edticas a las pol\u00edticas de g\u00e9nero, como\u00a0<a href=\"https:\/\/cenital.com\/argentina-voto-otra-vez-sola-en-la-onu\/\" target=\"_blank\" rel=\"noreferrer noopener\">el voto en la ONU<\/a>\u00a0[contra un compromiso de pol\u00edticas para combatir la violencia de g\u00e9nero], y, sobre todo entre los m\u00e1s j\u00f3venes, la cr\u00edtica que se ha instalado al feminismo, que es visto por ese sector como un condicionante en su vida cotidiana\u201d.<\/p>\n<figure class=\"wp-block-image aligncenter\"><img decoding=\"async\" src=\"https:\/\/cdn-images-1.medium.com\/max\/800\/0*pOrlCI1amxDGA3Fa\" alt=\"\" \/><figcaption class=\"wp-element-caption\"><em>Aresco.<\/em><\/figcaption><\/figure>\n<p>La consultora Trespuntozero, de Shila Vilker, confirma la tendencia, aunque con una distancia en torno de los 7 puntos seg\u00fan el g\u00e9nero. Para Vilker, el fen\u00f3meno se explica casi de manera exclusiva por la diferencia que saca Milei entre los varones menores de 30 a\u00f1os, grupo en el que el mandatario \u201carrasa\u201d.<\/p>\n<figure class=\"wp-block-image aligncenter\">\n<p><figure style=\"width: 800px\" class=\"wp-caption alignnone\"><img loading=\"lazy\" decoding=\"async\" src=\"https:\/\/cdn-images-1.medium.com\/max\/800\/0*qUovj_GY0X8iFlVC\" alt=\"Ellos contra ellas\" width=\"800\" height=\"504\" \/><figcaption class=\"wp-caption-text\">Ellos contra ellas<\/figcaption><\/figure><figcaption class=\"wp-element-caption\"><em>Trespuntozero.<\/em><\/figcaption><\/figure>\n<p>El \u00faltimo estudio de Opinaia, otra de las consultoras m\u00e1s consumidas en Casa Rosada, registra una brecha de g\u00e9nero de apenas cinco puntos para Milei, con una popularidad de 47% entre los hombres y de 42% entre las mujeres, pero aporta un dato que ayuda a entender la distancia en las preferencias. Ante la pregunta: \u201cEn relaci\u00f3n a un a\u00f1o atr\u00e1s, \u00bfla situaci\u00f3n econ\u00f3mica del pa\u00eds est\u00e1 mejor, igual o peor?\u201d, aflor\u00f3 la divergencia. Mientras que, entre las mujeres, el 52% respondi\u00f3 \u201cpeor\u201d y el 20% dijo \u201cmejor\u201d, entre los varones, el 43% contest\u00f3 \u201cpeor\u201d y el 31% opt\u00f3 por \u201cmejor\u201d. De nuevo, unos diez puntos de diferencia seg\u00fan el g\u00e9nero.<\/p>\n<figure class=\"wp-block-image aligncenter\"><img decoding=\"async\" src=\"https:\/\/cdn-images-1.medium.com\/max\/800\/0*7bGsV4uvC9eN_CS9\" alt=\"\" \/><figcaption class=\"wp-element-caption\"><em>Opinaia.<\/em><\/figcaption><\/figure>\n<p>La brecha de g\u00e9nero, coinciden los analistas, se extiende a todos los pa\u00edses que tienen entre sus actores pol\u00edticos principales a un dirigente de ultraderecha. Qued\u00f3 plasmado hace doce d\u00edas en el triunfo de Trump. Seg\u00fan encuestas de boca de urna del consultor Ian Bremmer, el candidato republicano le sac\u00f3 20 puntos de ventaja a Kamala Harris entre los hombres blancos (59% a 39%) y apenas 5 entre las mujeres blancas (52% a 47%). El clivaje de g\u00e9nero tambi\u00e9n se expres\u00f3 en el electorado afroamericano. Entre los varones negros, Harris se impuso 78% a 20%. Entre las mujeres negras, 92% a 7%.<\/p>\n<p>\u201cLo que est\u00e1 pasando en Argentina tiene un corte m\u00e1s marcado que en los Estados Unidos, porque, aunque por poco, Trump gan\u00f3 entre las mujeres blancas, que son la mayor\u00eda. El discurso de la nueva derecha, en especial el de Milei, es tradicionalista y patriarcal, y eso genera m\u00e1s resistencia entre las mujeres j\u00f3venes\u201d, explica Juan Manuel Abal Medina, polit\u00f3logo, exjefe de Gabinete y vicepresidente del PJ porte\u00f1o. \u201cPor primera vez en Argentina, el principal predictor del voto no es el nivel socioecon\u00f3mico, sino el g\u00e9nero y la edad. Es dif\u00edcil saber si este nuevo clivaje se va a sostener en el tiempo, porque si el gobierno de Milei no logra resultados econ\u00f3micos puede haber una decepci\u00f3n de los varones j\u00f3venes que hoy tanto lo apoyan\u201d, agreg\u00f3. El dirigente qued\u00f3 sorprendido de un dato que recogi\u00f3 en una de sus \u00faltimas visitas a un comedor popular. Le consult\u00f3 a las mujeres que trabajaban en la cocina si conoc\u00edan a votantes de Milei. \u201cS\u00ed, nuestros hijos\u201d, le respondieron.<\/p>\n<p>En el Gobierno trabajan con el dato como un insumo consolidado, pero aseguran que no hacen nada por profundizar o revertir la tendencia. \u201cNo hacemos targeting\u201d, afirman. Los funcionarios consultados prefirieron no responder en ON dado lo \u201cdelicado\u201d del tema. Un diputado del oficialismo, tambi\u00e9n bajo reserva de identidad, dio su interpretaci\u00f3n de esta novedad pol\u00edtica. \u201cHay un contraciclo del feminismo. Hay muchos hombres j\u00f3venes que se sintieron atacados por los pa\u00f1uelos verdes. No son pibes machistas, son pibes que quieren competir con las mujeres de igual a igual, con una justicia igual para todos\u201d, dijo. A juzgar por las pol\u00edticas de g\u00e9nero y el discurso del presidente, el fen\u00f3meno podr\u00eda profundizarse y hasta tener una expresi\u00f3n electoral el a\u00f1o que viene si Cristina Kirchner se lanza de nuevo a la aventura electoral como contrafigura de Milei.<\/p>\n<blockquote><p>Seguinos en Instagram.<strong>\u00a0Diario Digital Femenino:\u00a0<a href=\"https:\/\/www.instagram.com\/diariodigitalfemenino_\/\">@diariodigitalfemenino_<\/a><br \/>\nLenny C\u00e1ceres:\u00a0<a href=\"https:\/\/www.instagram.com\/lennycaceres69\/\">@lennycaceres69<\/a><br \/>\n<\/strong>Facebook:\u00a0<strong><a href=\"https:\/\/www.facebook.com\/DiarioDigitalFemenino\/\">Diario Digital Femenino\u00a0<\/a><\/strong><\/p><\/blockquote>\n","protected":false},"excerpt":{"rendered":"<p>El g\u00e9nero, la nueva grieta. Cuatro encuestas muestran c\u00f3mo la divisi\u00f3n entre hombres y mujeres emerge como un factor clave en la pol\u00edtica nacional, con unos inclin\u00e1ndose por el presidente y otras, por la expresidenta. Por\u00a0Gabriel Sued Cenital Nunca en la historia de la democracia reciente en Argentina, hombres y mujeres hab\u00edan tenido como ahora [&hellip;]<\/p>\n","protected":false},"author":7,"featured_media":74385,"comment_status":"open","ping_status":"open","sticky":false,"template":"","format":"standard","meta":{"iawp_total_views":48,"footnotes":""},"categories":[7,1067,178,627,182,4,21],"tags":[2107,4372,1347,7283,616,7284,3312,130,617,7285],"class_list":["post-74384","post","type-post","status-publish","format-standard","has-post-thumbnail","hentry","category-actividades","category-agenda-feminista","category-articulos-y-comunicados","category-genero-y-derechos-humanos","category-informes","category-medios","category-noticias","tag-datos","tag-destacada","tag-elecciones","tag-encuestas","tag-genero","tag-grieta","tag-jovenes","tag-mujeres","tag-varones","tag-votantes"],"nelio_content":{"autoShareEndMode":"never","automationSources":{"useCustomSentences":false,"customSentences":[]},"efiAlt":"","efiUrl":"","followers":[7],"highlights":[],"isAutoShareEnabled":true,"networkImageIds":[],"permalinkQueryArgs":[],"series":[],"suggestedReferences":[]},"yoast_head":"<!-- This site is optimized with the Yoast SEO plugin v27.4 - https:\/\/yoast.com\/product\/yoast-seo-wordpress\/ -->\n<title>Ellos contra ellas: la pelea entre Milei y Cristina consolida la divisi\u00f3n de g\u00e9nero entre votantes - Diario Digital Femenino<\/title>\n<meta name=\"description\" content=\"Ellos contra ellas. El g\u00e9nero, la nueva grieta. 4 encuestas muestran c\u00f3mo la divisi\u00f3n entre hombres y mujeres emerge como un factor clave.\" \/>\n<meta name=\"robots\" content=\"index, follow, max-snippet:-1, max-image-preview:large, max-video-preview:-1\" \/>\n<link rel=\"canonical\" href=\"https:\/\/diariofemenino.com.ar\/df\/ellos-contra-ellas-la-pelea-entre-milei-y-cristina-consolida-la-division-de-genero-entre-votantes\/\" \/>\n<meta property=\"og:locale\" content=\"es_ES\" \/>\n<meta property=\"og:type\" content=\"article\" \/>\n<meta property=\"og:title\" content=\"Ellos contra ellas: la pelea entre Milei y Cristina consolida la divisi\u00f3n de g\u00e9nero entre votantes - Diario Digital Femenino\" \/>\n<meta property=\"og:description\" content=\"Ellos contra ellas. El g\u00e9nero, la nueva grieta. 4 encuestas muestran c\u00f3mo la divisi\u00f3n entre hombres y mujeres emerge como un factor clave.\" \/>\n<meta property=\"og:url\" content=\"https:\/\/diariofemenino.com.ar\/df\/ellos-contra-ellas-la-pelea-entre-milei-y-cristina-consolida-la-division-de-genero-entre-votantes\/\" \/>\n<meta property=\"og:site_name\" content=\"Diario Digital Femenino\" \/>\n<meta property=\"article:publisher\" content=\"https:\/\/www.facebook.com\/DiarioDigitaFemenino\/\" \/>\n<meta property=\"article:published_time\" content=\"2024-11-19T13:41:55+00:00\" \/>\n<meta property=\"og:image\" content=\"https:\/\/diariofemenino.com.ar\/df\/wp-content\/uploads\/2024\/11\/CFK-MIlei-e1731711104492.jpg\" \/>\n\t<meta property=\"og:image:width\" content=\"1200\" \/>\n\t<meta property=\"og:image:height\" content=\"568\" \/>\n\t<meta property=\"og:image:type\" content=\"image\/jpeg\" \/>\n<meta name=\"author\" content=\"Cielo\" \/>\n<meta name=\"twitter:card\" content=\"summary_large_image\" \/>\n<meta name=\"twitter:creator\" content=\"@DiarioFemenino1\" \/>\n<meta name=\"twitter:site\" content=\"@DiarioFemenino1\" \/>\n<meta name=\"twitter:label1\" content=\"Escrito por\" \/>\n\t<meta name=\"twitter:data1\" content=\"Cielo\" \/>\n\t<meta name=\"twitter:label2\" content=\"Tiempo de lectura\" \/>\n\t<meta name=\"twitter:data2\" content=\"7 minutos\" \/>\n<script type=\"application\/ld+json\" class=\"yoast-schema-graph\">{\"@context\":\"https:\\\/\\\/schema.org\",\"@graph\":[{\"@type\":\"Article\",\"@id\":\"https:\\\/\\\/diariofemenino.com.ar\\\/df\\\/ellos-contra-ellas-la-pelea-entre-milei-y-cristina-consolida-la-division-de-genero-entre-votantes\\\/#article\",\"isPartOf\":{\"@id\":\"https:\\\/\\\/diariofemenino.com.ar\\\/df\\\/ellos-contra-ellas-la-pelea-entre-milei-y-cristina-consolida-la-division-de-genero-entre-votantes\\\/\"},\"author\":{\"name\":\"Cielo\",\"@id\":\"https:\\\/\\\/diariofemenino.com.ar\\\/df\\\/#\\\/schema\\\/person\\\/ce54da1b7adbe9089bca325dbe254d1b\"},\"headline\":\"Ellos contra ellas: la pelea entre Milei y Cristina consolida la divisi\u00f3n de g\u00e9nero entre votantes\",\"datePublished\":\"2024-11-19T13:41:55+00:00\",\"mainEntityOfPage\":{\"@id\":\"https:\\\/\\\/diariofemenino.com.ar\\\/df\\\/ellos-contra-ellas-la-pelea-entre-milei-y-cristina-consolida-la-division-de-genero-entre-votantes\\\/\"},\"wordCount\":1293,\"commentCount\":0,\"publisher\":{\"@id\":\"https:\\\/\\\/diariofemenino.com.ar\\\/df\\\/#organization\"},\"image\":{\"@id\":\"https:\\\/\\\/diariofemenino.com.ar\\\/df\\\/ellos-contra-ellas-la-pelea-entre-milei-y-cristina-consolida-la-division-de-genero-entre-votantes\\\/#primaryimage\"},\"thumbnailUrl\":\"https:\\\/\\\/diariofemenino.com.ar\\\/df\\\/wp-content\\\/uploads\\\/2024\\\/11\\\/CFK-MIlei-e1731711104492.jpg\",\"keywords\":[\"Datos\",\"Destacada\",\"elecciones\",\"encuestas\",\"G\u00e9nero\",\"grieta\",\"J\u00f3venes\",\"Mujeres\",\"Varones\",\"votantes\"],\"articleSection\":[\"Actividades\",\"Agenda Feminista\",\"Art\u00edculos y Comunicados\",\"G\u00e9nero y Derechos Humanos\",\"Informes\",\"Medios\",\"Noticias\"],\"inLanguage\":\"es\",\"potentialAction\":[{\"@type\":\"CommentAction\",\"name\":\"Comment\",\"target\":[\"https:\\\/\\\/diariofemenino.com.ar\\\/df\\\/ellos-contra-ellas-la-pelea-entre-milei-y-cristina-consolida-la-division-de-genero-entre-votantes\\\/#respond\"]}]},{\"@type\":\"WebPage\",\"@id\":\"https:\\\/\\\/diariofemenino.com.ar\\\/df\\\/ellos-contra-ellas-la-pelea-entre-milei-y-cristina-consolida-la-division-de-genero-entre-votantes\\\/\",\"url\":\"https:\\\/\\\/diariofemenino.com.ar\\\/df\\\/ellos-contra-ellas-la-pelea-entre-milei-y-cristina-consolida-la-division-de-genero-entre-votantes\\\/\",\"name\":\"Ellos contra ellas: la pelea entre Milei y Cristina consolida la divisi\u00f3n de g\u00e9nero entre votantes - Diario Digital Femenino\",\"isPartOf\":{\"@id\":\"https:\\\/\\\/diariofemenino.com.ar\\\/df\\\/#website\"},\"primaryImageOfPage\":{\"@id\":\"https:\\\/\\\/diariofemenino.com.ar\\\/df\\\/ellos-contra-ellas-la-pelea-entre-milei-y-cristina-consolida-la-division-de-genero-entre-votantes\\\/#primaryimage\"},\"image\":{\"@id\":\"https:\\\/\\\/diariofemenino.com.ar\\\/df\\\/ellos-contra-ellas-la-pelea-entre-milei-y-cristina-consolida-la-division-de-genero-entre-votantes\\\/#primaryimage\"},\"thumbnailUrl\":\"https:\\\/\\\/diariofemenino.com.ar\\\/df\\\/wp-content\\\/uploads\\\/2024\\\/11\\\/CFK-MIlei-e1731711104492.jpg\",\"datePublished\":\"2024-11-19T13:41:55+00:00\",\"description\":\"Ellos contra ellas. El g\u00e9nero, la nueva grieta. 4 encuestas muestran c\u00f3mo la divisi\u00f3n entre hombres y mujeres emerge como un factor clave.\",\"breadcrumb\":{\"@id\":\"https:\\\/\\\/diariofemenino.com.ar\\\/df\\\/ellos-contra-ellas-la-pelea-entre-milei-y-cristina-consolida-la-division-de-genero-entre-votantes\\\/#breadcrumb\"},\"inLanguage\":\"es\",\"potentialAction\":[{\"@type\":\"ReadAction\",\"target\":[\"https:\\\/\\\/diariofemenino.com.ar\\\/df\\\/ellos-contra-ellas-la-pelea-entre-milei-y-cristina-consolida-la-division-de-genero-entre-votantes\\\/\"]}]},{\"@type\":\"ImageObject\",\"inLanguage\":\"es\",\"@id\":\"https:\\\/\\\/diariofemenino.com.ar\\\/df\\\/ellos-contra-ellas-la-pelea-entre-milei-y-cristina-consolida-la-division-de-genero-entre-votantes\\\/#primaryimage\",\"url\":\"https:\\\/\\\/diariofemenino.com.ar\\\/df\\\/wp-content\\\/uploads\\\/2024\\\/11\\\/CFK-MIlei-e1731711104492.jpg\",\"contentUrl\":\"https:\\\/\\\/diariofemenino.com.ar\\\/df\\\/wp-content\\\/uploads\\\/2024\\\/11\\\/CFK-MIlei-e1731711104492.jpg\",\"width\":1200,\"height\":568,\"caption\":\"Ellos contra ellas\"},{\"@type\":\"BreadcrumbList\",\"@id\":\"https:\\\/\\\/diariofemenino.com.ar\\\/df\\\/ellos-contra-ellas-la-pelea-entre-milei-y-cristina-consolida-la-division-de-genero-entre-votantes\\\/#breadcrumb\",\"itemListElement\":[{\"@type\":\"ListItem\",\"position\":1,\"name\":\"Portada\",\"item\":\"https:\\\/\\\/diariofemenino.com.ar\\\/df\\\/\"},{\"@type\":\"ListItem\",\"position\":2,\"name\":\"Ellos contra ellas: la pelea entre Milei y Cristina consolida la divisi\u00f3n de g\u00e9nero entre votantes\"}]},{\"@type\":\"WebSite\",\"@id\":\"https:\\\/\\\/diariofemenino.com.ar\\\/df\\\/#website\",\"url\":\"https:\\\/\\\/diariofemenino.com.ar\\\/df\\\/\",\"name\":\"Diario Digital Femenino\",\"description\":\"Cuesti\u00f3n de G\u00e9nero\",\"publisher\":{\"@id\":\"https:\\\/\\\/diariofemenino.com.ar\\\/df\\\/#organization\"},\"potentialAction\":[{\"@type\":\"SearchAction\",\"target\":{\"@type\":\"EntryPoint\",\"urlTemplate\":\"https:\\\/\\\/diariofemenino.com.ar\\\/df\\\/?s={search_term_string}\"},\"query-input\":{\"@type\":\"PropertyValueSpecification\",\"valueRequired\":true,\"valueName\":\"search_term_string\"}}],\"inLanguage\":\"es\"},{\"@type\":\"Organization\",\"@id\":\"https:\\\/\\\/diariofemenino.com.ar\\\/df\\\/#organization\",\"name\":\"Diario Femenino\",\"url\":\"https:\\\/\\\/diariofemenino.com.ar\\\/df\\\/\",\"logo\":{\"@type\":\"ImageObject\",\"inLanguage\":\"es\",\"@id\":\"https:\\\/\\\/diariofemenino.com.ar\\\/df\\\/#\\\/schema\\\/logo\\\/image\\\/\",\"url\":\"https:\\\/\\\/diariofemenino.com.ar\\\/df\\\/wp-content\\\/uploads\\\/2018\\\/10\\\/logo.png\",\"contentUrl\":\"https:\\\/\\\/diariofemenino.com.ar\\\/df\\\/wp-content\\\/uploads\\\/2018\\\/10\\\/logo.png\",\"width\":500,\"height\":92,\"caption\":\"Diario Femenino\"},\"image\":{\"@id\":\"https:\\\/\\\/diariofemenino.com.ar\\\/df\\\/#\\\/schema\\\/logo\\\/image\\\/\"},\"sameAs\":[\"https:\\\/\\\/www.facebook.com\\\/DiarioDigitaFemenino\\\/\",\"https:\\\/\\\/x.com\\\/DiarioFemenino1\"]},{\"@type\":\"Person\",\"@id\":\"https:\\\/\\\/diariofemenino.com.ar\\\/df\\\/#\\\/schema\\\/person\\\/ce54da1b7adbe9089bca325dbe254d1b\",\"name\":\"Cielo\",\"image\":{\"@type\":\"ImageObject\",\"inLanguage\":\"es\",\"@id\":\"https:\\\/\\\/diariofemenino.com.ar\\\/df\\\/wp-content\\\/uploads\\\/2024\\\/09\\\/WhatsApp-Image-2024-09-14-at-08.40.041-150x102.jpg\",\"url\":\"https:\\\/\\\/diariofemenino.com.ar\\\/df\\\/wp-content\\\/uploads\\\/2024\\\/09\\\/WhatsApp-Image-2024-09-14-at-08.40.041-150x102.jpg\",\"contentUrl\":\"https:\\\/\\\/diariofemenino.com.ar\\\/df\\\/wp-content\\\/uploads\\\/2024\\\/09\\\/WhatsApp-Image-2024-09-14-at-08.40.041-150x102.jpg\",\"caption\":\"Cielo\"},\"url\":\"https:\\\/\\\/diariofemenino.com.ar\\\/df\\\/author\\\/cieloddf\\\/\"}]}<\/script>\n<!-- \/ Yoast SEO plugin. -->","yoast_head_json":{"title":"Ellos contra ellas: la pelea entre Milei y Cristina consolida la divisi\u00f3n de g\u00e9nero entre votantes - Diario Digital Femenino","description":"Ellos contra ellas. El g\u00e9nero, la nueva grieta. 4 encuestas muestran c\u00f3mo la divisi\u00f3n entre hombres y mujeres emerge como un factor clave.","robots":{"index":"index","follow":"follow","max-snippet":"max-snippet:-1","max-image-preview":"max-image-preview:large","max-video-preview":"max-video-preview:-1"},"canonical":"https:\/\/diariofemenino.com.ar\/df\/ellos-contra-ellas-la-pelea-entre-milei-y-cristina-consolida-la-division-de-genero-entre-votantes\/","og_locale":"es_ES","og_type":"article","og_title":"Ellos contra ellas: la pelea entre Milei y Cristina consolida la divisi\u00f3n de g\u00e9nero entre votantes - Diario Digital Femenino","og_description":"Ellos contra ellas. El g\u00e9nero, la nueva grieta. 4 encuestas muestran c\u00f3mo la divisi\u00f3n entre hombres y mujeres emerge como un factor clave.","og_url":"https:\/\/diariofemenino.com.ar\/df\/ellos-contra-ellas-la-pelea-entre-milei-y-cristina-consolida-la-division-de-genero-entre-votantes\/","og_site_name":"Diario Digital Femenino","article_publisher":"https:\/\/www.facebook.com\/DiarioDigitaFemenino\/","article_published_time":"2024-11-19T13:41:55+00:00","og_image":[{"width":1200,"height":568,"url":"https:\/\/diariofemenino.com.ar\/df\/wp-content\/uploads\/2024\/11\/CFK-MIlei-e1731711104492.jpg","type":"image\/jpeg"}],"author":"Cielo","twitter_card":"summary_large_image","twitter_creator":"@DiarioFemenino1","twitter_site":"@DiarioFemenino1","twitter_misc":{"Escrito por":"Cielo","Tiempo de lectura":"7 minutos"},"schema":{"@context":"https:\/\/schema.org","@graph":[{"@type":"Article","@id":"https:\/\/diariofemenino.com.ar\/df\/ellos-contra-ellas-la-pelea-entre-milei-y-cristina-consolida-la-division-de-genero-entre-votantes\/#article","isPartOf":{"@id":"https:\/\/diariofemenino.com.ar\/df\/ellos-contra-ellas-la-pelea-entre-milei-y-cristina-consolida-la-division-de-genero-entre-votantes\/"},"author":{"name":"Cielo","@id":"https:\/\/diariofemenino.com.ar\/df\/#\/schema\/person\/ce54da1b7adbe9089bca325dbe254d1b"},"headline":"Ellos contra ellas: la pelea entre Milei y Cristina consolida la divisi\u00f3n de g\u00e9nero entre votantes","datePublished":"2024-11-19T13:41:55+00:00","mainEntityOfPage":{"@id":"https:\/\/diariofemenino.com.ar\/df\/ellos-contra-ellas-la-pelea-entre-milei-y-cristina-consolida-la-division-de-genero-entre-votantes\/"},"wordCount":1293,"commentCount":0,"publisher":{"@id":"https:\/\/diariofemenino.com.ar\/df\/#organization"},"image":{"@id":"https:\/\/diariofemenino.com.ar\/df\/ellos-contra-ellas-la-pelea-entre-milei-y-cristina-consolida-la-division-de-genero-entre-votantes\/#primaryimage"},"thumbnailUrl":"https:\/\/diariofemenino.com.ar\/df\/wp-content\/uploads\/2024\/11\/CFK-MIlei-e1731711104492.jpg","keywords":["Datos","Destacada","elecciones","encuestas","G\u00e9nero","grieta","J\u00f3venes","Mujeres","Varones","votantes"],"articleSection":["Actividades","Agenda Feminista","Art\u00edculos y Comunicados","G\u00e9nero y Derechos Humanos","Informes","Medios","Noticias"],"inLanguage":"es","potentialAction":[{"@type":"CommentAction","name":"Comment","target":["https:\/\/diariofemenino.com.ar\/df\/ellos-contra-ellas-la-pelea-entre-milei-y-cristina-consolida-la-division-de-genero-entre-votantes\/#respond"]}]},{"@type":"WebPage","@id":"https:\/\/diariofemenino.com.ar\/df\/ellos-contra-ellas-la-pelea-entre-milei-y-cristina-consolida-la-division-de-genero-entre-votantes\/","url":"https:\/\/diariofemenino.com.ar\/df\/ellos-contra-ellas-la-pelea-entre-milei-y-cristina-consolida-la-division-de-genero-entre-votantes\/","name":"Ellos contra ellas: la pelea entre Milei y Cristina consolida la divisi\u00f3n de g\u00e9nero entre votantes - Diario Digital Femenino","isPartOf":{"@id":"https:\/\/diariofemenino.com.ar\/df\/#website"},"primaryImageOfPage":{"@id":"https:\/\/diariofemenino.com.ar\/df\/ellos-contra-ellas-la-pelea-entre-milei-y-cristina-consolida-la-division-de-genero-entre-votantes\/#primaryimage"},"image":{"@id":"https:\/\/diariofemenino.com.ar\/df\/ellos-contra-ellas-la-pelea-entre-milei-y-cristina-consolida-la-division-de-genero-entre-votantes\/#primaryimage"},"thumbnailUrl":"https:\/\/diariofemenino.com.ar\/df\/wp-content\/uploads\/2024\/11\/CFK-MIlei-e1731711104492.jpg","datePublished":"2024-11-19T13:41:55+00:00","description":"Ellos contra ellas. El g\u00e9nero, la nueva grieta. 4 encuestas muestran c\u00f3mo la divisi\u00f3n entre hombres y mujeres emerge como un factor clave.","breadcrumb":{"@id":"https:\/\/diariofemenino.com.ar\/df\/ellos-contra-ellas-la-pelea-entre-milei-y-cristina-consolida-la-division-de-genero-entre-votantes\/#breadcrumb"},"inLanguage":"es","potentialAction":[{"@type":"ReadAction","target":["https:\/\/diariofemenino.com.ar\/df\/ellos-contra-ellas-la-pelea-entre-milei-y-cristina-consolida-la-division-de-genero-entre-votantes\/"]}]},{"@type":"ImageObject","inLanguage":"es","@id":"https:\/\/diariofemenino.com.ar\/df\/ellos-contra-ellas-la-pelea-entre-milei-y-cristina-consolida-la-division-de-genero-entre-votantes\/#primaryimage","url":"https:\/\/diariofemenino.com.ar\/df\/wp-content\/uploads\/2024\/11\/CFK-MIlei-e1731711104492.jpg","contentUrl":"https:\/\/diariofemenino.com.ar\/df\/wp-content\/uploads\/2024\/11\/CFK-MIlei-e1731711104492.jpg","width":1200,"height":568,"caption":"Ellos contra ellas"},{"@type":"BreadcrumbList","@id":"https:\/\/diariofemenino.com.ar\/df\/ellos-contra-ellas-la-pelea-entre-milei-y-cristina-consolida-la-division-de-genero-entre-votantes\/#breadcrumb","itemListElement":[{"@type":"ListItem","position":1,"name":"Portada","item":"https:\/\/diariofemenino.com.ar\/df\/"},{"@type":"ListItem","position":2,"name":"Ellos contra ellas: la pelea entre Milei y Cristina consolida la divisi\u00f3n de g\u00e9nero entre votantes"}]},{"@type":"WebSite","@id":"https:\/\/diariofemenino.com.ar\/df\/#website","url":"https:\/\/diariofemenino.com.ar\/df\/","name":"Diario Digital Femenino","description":"Cuesti\u00f3n de G\u00e9nero","publisher":{"@id":"https:\/\/diariofemenino.com.ar\/df\/#organization"},"potentialAction":[{"@type":"SearchAction","target":{"@type":"EntryPoint","urlTemplate":"https:\/\/diariofemenino.com.ar\/df\/?s={search_term_string}"},"query-input":{"@type":"PropertyValueSpecification","valueRequired":true,"valueName":"search_term_string"}}],"inLanguage":"es"},{"@type":"Organization","@id":"https:\/\/diariofemenino.com.ar\/df\/#organization","name":"Diario Femenino","url":"https:\/\/diariofemenino.com.ar\/df\/","logo":{"@type":"ImageObject","inLanguage":"es","@id":"https:\/\/diariofemenino.com.ar\/df\/#\/schema\/logo\/image\/","url":"https:\/\/diariofemenino.com.ar\/df\/wp-content\/uploads\/2018\/10\/logo.png","contentUrl":"https:\/\/diariofemenino.com.ar\/df\/wp-content\/uploads\/2018\/10\/logo.png","width":500,"height":92,"caption":"Diario Femenino"},"image":{"@id":"https:\/\/diariofemenino.com.ar\/df\/#\/schema\/logo\/image\/"},"sameAs":["https:\/\/www.facebook.com\/DiarioDigitaFemenino\/","https:\/\/x.com\/DiarioFemenino1"]},{"@type":"Person","@id":"https:\/\/diariofemenino.com.ar\/df\/#\/schema\/person\/ce54da1b7adbe9089bca325dbe254d1b","name":"Cielo","image":{"@type":"ImageObject","inLanguage":"es","@id":"https:\/\/diariofemenino.com.ar\/df\/wp-content\/uploads\/2024\/09\/WhatsApp-Image-2024-09-14-at-08.40.041-150x102.jpg","url":"https:\/\/diariofemenino.com.ar\/df\/wp-content\/uploads\/2024\/09\/WhatsApp-Image-2024-09-14-at-08.40.041-150x102.jpg","contentUrl":"https:\/\/diariofemenino.com.ar\/df\/wp-content\/uploads\/2024\/09\/WhatsApp-Image-2024-09-14-at-08.40.041-150x102.jpg","caption":"Cielo"},"url":"https:\/\/diariofemenino.com.ar\/df\/author\/cieloddf\/"}]}},"jetpack_featured_media_url":"https:\/\/diariofemenino.com.ar\/df\/wp-content\/uploads\/2024\/11\/CFK-MIlei-e1731711104492.jpg","jetpack_sharing_enabled":true,"rttpg_featured_image_url":{"full":["https:\/\/diariofemenino.com.ar\/df\/wp-content\/uploads\/2024\/11\/CFK-MIlei-e1731711104492.jpg",1200,568,false],"landscape":["https:\/\/diariofemenino.com.ar\/df\/wp-content\/uploads\/2024\/11\/CFK-MIlei-e1731711104492.jpg",1200,568,false],"portraits":["https:\/\/diariofemenino.com.ar\/df\/wp-content\/uploads\/2024\/11\/CFK-MIlei-e1731711104492.jpg",1200,568,false],"thumbnail":["https:\/\/diariofemenino.com.ar\/df\/wp-content\/uploads\/2024\/11\/CFK-MIlei-e1731711104492-150x150.jpg",150,150,true],"medium":["https:\/\/diariofemenino.com.ar\/df\/wp-content\/uploads\/2024\/11\/CFK-MIlei-e1731711104492-300x142.jpg",300,142,true],"large":["https:\/\/diariofemenino.com.ar\/df\/wp-content\/uploads\/2024\/11\/CFK-MIlei-e1731711104492-1024x485.jpg",1024,485,true],"1536x1536":["https:\/\/diariofemenino.com.ar\/df\/wp-content\/uploads\/2024\/11\/CFK-MIlei-e1731711104492.jpg",1200,568,false],"2048x2048":["https:\/\/diariofemenino.com.ar\/df\/wp-content\/uploads\/2024\/11\/CFK-MIlei-e1731711104492.jpg",1200,568,false]},"rttpg_author":{"display_name":"Cielo","author_link":"https:\/\/diariofemenino.com.ar\/df\/author\/cieloddf\/"},"rttpg_comment":0,"rttpg_category":"<a href=\"https:\/\/diariofemenino.com.ar\/df\/category\/actividades\/\" rel=\"category tag\">Actividades<\/a> <a href=\"https:\/\/diariofemenino.com.ar\/df\/category\/agenda-feminista\/\" rel=\"category tag\">Agenda Feminista<\/a> <a href=\"https:\/\/diariofemenino.com.ar\/df\/category\/articulos-y-comunicados\/\" rel=\"category tag\">Art\u00edculos y Comunicados<\/a> <a href=\"https:\/\/diariofemenino.com.ar\/df\/category\/genero-y-derechos-humanos\/\" rel=\"category tag\">G\u00e9nero y Derechos Humanos<\/a> <a href=\"https:\/\/diariofemenino.com.ar\/df\/category\/informes\/\" rel=\"category tag\">Informes<\/a> <a href=\"https:\/\/diariofemenino.com.ar\/df\/category\/medios\/\" rel=\"category tag\">Medios<\/a> <a href=\"https:\/\/diariofemenino.com.ar\/df\/category\/noticias\/\" rel=\"category tag\">Noticias<\/a>","rttpg_excerpt":"El g\u00e9nero, la nueva grieta. Cuatro encuestas muestran c\u00f3mo la divisi\u00f3n entre hombres y mujeres emerge como un factor clave en la pol\u00edtica nacional, con unos inclin\u00e1ndose por el presidente y otras, por la expresidenta. Por\u00a0Gabriel Sued Cenital Nunca en la historia de la democracia reciente en Argentina, hombres y mujeres hab\u00edan tenido como ahora&hellip;","_links":{"self":[{"href":"https:\/\/diariofemenino.com.ar\/df\/wp-json\/wp\/v2\/posts\/74384","targetHints":{"allow":["GET"]}}],"collection":[{"href":"https:\/\/diariofemenino.com.ar\/df\/wp-json\/wp\/v2\/posts"}],"about":[{"href":"https:\/\/diariofemenino.com.ar\/df\/wp-json\/wp\/v2\/types\/post"}],"author":[{"embeddable":true,"href":"https:\/\/diariofemenino.com.ar\/df\/wp-json\/wp\/v2\/users\/7"}],"replies":[{"embeddable":true,"href":"https:\/\/diariofemenino.com.ar\/df\/wp-json\/wp\/v2\/comments?post=74384"}],"version-history":[{"count":0,"href":"https:\/\/diariofemenino.com.ar\/df\/wp-json\/wp\/v2\/posts\/74384\/revisions"}],"wp:featuredmedia":[{"embeddable":true,"href":"https:\/\/diariofemenino.com.ar\/df\/wp-json\/wp\/v2\/media\/74385"}],"wp:attachment":[{"href":"https:\/\/diariofemenino.com.ar\/df\/wp-json\/wp\/v2\/media?parent=74384"}],"wp:term":[{"taxonomy":"category","embeddable":true,"href":"https:\/\/diariofemenino.com.ar\/df\/wp-json\/wp\/v2\/categories?post=74384"},{"taxonomy":"post_tag","embeddable":true,"href":"https:\/\/diariofemenino.com.ar\/df\/wp-json\/wp\/v2\/tags?post=74384"}],"curies":[{"name":"wp","href":"https:\/\/api.w.org\/{rel}","templated":true}]}}