{"id":74311,"date":"2024-10-30T11:50:14","date_gmt":"2024-10-30T14:50:14","guid":{"rendered":"https:\/\/diariofemenino.com.ar\/df\/?p=74311"},"modified":"2024-10-30T13:39:37","modified_gmt":"2024-10-30T16:39:37","slug":"del-otro-lado-del-arco-iris","status":"publish","type":"post","link":"https:\/\/diariofemenino.com.ar\/df\/del-otro-lado-del-arco-iris\/","title":{"rendered":"Del otro lado del arco iris"},"content":{"rendered":"<p>Hace unas semanas, una figura actual del mundo automovil\u00edstico le dice a un periodista al ver el color de su vestimenta o el de sus pulseras que \u201cpatea para otro lado\u201d. Una frase popular<a href=\"#_ftn1\" name=\"_ftnref1\">[1]<\/a> que amerita ser analizada en el marco del contexto socio pol\u00edtico actual y la venidera marcha del orgullo, tal vez esa frase sea una respuesta del porqu\u00e9 marchar.<\/p>\n<p>Por\u00a0<a href=\"https:\/\/diariofemenino.com.ar\/df\/?s=Diego+Ortiz\">Diego Oscar Ortiz<\/a>*<\/p>\n<p>\u201c<em>Este patea para otro lado<\/em>\u201d, \u00bfCu\u00e1ntas veces hemos escuchado esa frase?, \u00bfEs una frase inocente y sin intenci\u00f3n dani\u00f1a?, creo que no, considero que encierra discriminaci\u00f3n, exclusi\u00f3n, violencia simb\u00f3lica, entre otras cosas. La orientaci\u00f3n sexual\u00a0y la identidad de g\u00e9nero\u00a0son esenciales para la dignidad y humanidad de cada persona y no deben ser motivo de discriminaci\u00f3n o abuso<a name=\"_ftnref2\"><\/a><a href=\"#_ftn2\" name=\"_ftnref2\">[2]<\/a>.<\/p>\n<p>Como dec\u00eda anteriormente, hemos escuchado esta frase en diferentes lugares (la escuela, las fiestas familiares, la calle), dichas por diferentes personas (ni\u00f1os, ni\u00f1as, adolescentes, personas mayores, hombres y mujeres) y en diferentes \u00e9pocas, como si fuera una l\u00ednea que separa un lado de otro, lados que parecen opuestos, el lado positivo, saludable, el de la heterosexualidad y el otro lado, el negativo, riesgoso, promiscuo el de la homosexualidad. Esta separaci\u00f3n acent\u00faa la discriminaci\u00f3n en raz\u00f3n de la orientaci\u00f3n sexual y con un mensaje subliminal, que no te atrevas a cruzarte de lado.<\/p>\n<p>La ley 26485 de protecci\u00f3n integral introduce la violencia basada en raz\u00f3n del g\u00e9nero y en una relaci\u00f3n desigual de poder. Posteriormente se sancionaron las leyes de matrimonio igualitario 26618 y la ley de identidad de g\u00e9nero 26743 que fueron innovadoras e introdujeron la tem\u00e1tica en la agenda legislativa, siendo herramientas para que los operadores y operadoras en la tem\u00e1tica realicen peticiones o resuelvan conforme una perspectiva de derechos humanos y de diversidad sexual<a href=\"#_ftn3\" name=\"_ftnref3\">[3]<\/a>. Ese t\u00e9rmino \u201crelaci\u00f3n desigual de poder\u201d es definido por el decreto 1011\/2010 como la que se configura por pr\u00e1cticas socioculturales hist\u00f3ricas basadas en la idea de la inferioridad de las mujeres o la superioridad de los varones, o en conductas estereotipadas de hombres y mujeres, que limitan total o parcialmente el reconocimiento o goce de los derechos de \u00e9stas, en cualquier \u00e1mbito en que desarrollen sus relaciones interpersonales. En consecuencia, decir que alguien \u201c<em>patea para otro lado<\/em>\u201d, es una frase hist\u00f3rica despectiva basada en la superioridad de los que est\u00e1n \u201cde este lado\u201d y la inferioridad de los que se fueron para el \u201cotro\u201d. Y ah\u00ed radica el orgullo de ser de los que est\u00e1n del otro lado, tantas veces burlados, vapuleados, agredidos y juzgados con el ojo de ese otro.<\/p>\n<p>El art 2 inc. e de la ley referida plantea como objeto el de remover patrones socioculturales. El decreto los define como aquellos que\u00a0 promueven y sostienen la desigualdad de g\u00e9nero, las pr\u00e1cticas, costumbres y modelos de conductas sociales y culturales, expresadas a trav\u00e9s de normas, mensajes, discursos, s\u00edmbolos, im\u00e1genes, o cualquier otro medio de expresi\u00f3n que aliente la violencia contra las mujeres (concepto extensivo a la personas del colectivo LGTBIQ+), que tienda a perpetuar la idea de inferioridad o superioridad de uno de los g\u00e9neros.<\/p>\n<p>No es menor dato decir que la frase a analizar se asimila al futbol, al gran deporte argentino, sin\u00f3nimo de masculinidad y virilidad y muchas veces motivo para discriminar a personas del colectivo. Patea para el otro lado, remite a la expresi\u00f3n de gol-en-contra o autogol, pero tambi\u00e9n remite a un homosexual. A\u00fan hoy, en el mundo del f\u00fatbol profesional, la homosexualidad, parece ser vivida como una amenaza (que se toma como certeza) que el narcisismo va a ser atacado<a href=\"#_ftn4\" name=\"_ftnref4\">[4]<\/a>.<\/p>\n<figure id=\"attachment_74313\" aria-describedby=\"caption-attachment-74313\" style=\"width: 339px\" class=\"wp-caption aligncenter\"><img loading=\"lazy\" decoding=\"async\" class=\" wp-image-74313\" src=\"https:\/\/diariofemenino.com.ar\/df\/wp-content\/uploads\/2024\/10\/D_NQ_NP_831230-MLA73320453218_122023-O.webp\" alt=\"Del otro lado del arco iris\" width=\"339\" height=\"337\" srcset=\"https:\/\/diariofemenino.com.ar\/df\/wp-content\/uploads\/2024\/10\/D_NQ_NP_831230-MLA73320453218_122023-O.webp 500w, https:\/\/diariofemenino.com.ar\/df\/wp-content\/uploads\/2024\/10\/D_NQ_NP_831230-MLA73320453218_122023-O-300x298.webp 300w, https:\/\/diariofemenino.com.ar\/df\/wp-content\/uploads\/2024\/10\/D_NQ_NP_831230-MLA73320453218_122023-O-150x150.webp 150w\" sizes=\"auto, (max-width: 339px) 100vw, 339px\" \/><figcaption id=\"caption-attachment-74313\" class=\"wp-caption-text\">Del otro lado del arco iris<\/figcaption><\/figure>\n<p>La Comisi\u00f3n Interamericana considera que el reconocimiento de derechos de las personas LGBTI es un factor fundamental para alcanzar la igualdad, dignidad y no discriminaci\u00f3n, as\u00ed como para combatir la violencia a que estas personas est\u00e1n sometidas, con el fin de construir o alcanzar una sociedad m\u00e1s justa<a href=\"#_ftn5\" name=\"_ftnref5\">[5]<\/a>. Asimismo, la CIDH entiende que, por lo general, el reconocimiento jur\u00eddico proporcionado por leyes que garantizan derechos y deberes, ocurre usualmente como consecuencia del reconocimiento conferido previamente por la sociedad. La Comisi\u00f3n considera, sin embargo, que el reconocimiento y protecci\u00f3n de los derechos humanos, no se puede supeditar la aceptaci\u00f3n social. En este sentido, de conformidad con los principios de igualdad y no discriminaci\u00f3n consagrados en el marco jur\u00eddico interamericano, la ausencia de reconocimiento social no puede ser utilizada como argumento para justificar la violaci\u00f3n de los derechos humanos de las personas LGBTI<a href=\"#_ftn6\" name=\"_ftnref6\">[6]<\/a>.<\/p>\n<p>Este p\u00e1rrafo es interesante en virtud que el marco normativo nacional e internacional espec\u00edfico no significa la aceptaci\u00f3n de toda la sociedad pero no puede ser excusa para discriminar y violar derechos humanos de las personas que pertenecen a este colectivo. Sin embargo la frase lamentablemente sigue vigente de boca de uno o de otro, los que que est\u00e1n del \u201clado correcto y heterosexual\u201d de la vida.<\/p>\n<p>A esta altura del art\u00edculo pensaran en mi exageraci\u00f3n y en como una frase puede dar lugar a tanto an\u00e1lisis, recordemos que toda frase encierra una ideolog\u00eda, un contexto y es escuchada por miles de personas.<\/p>\n<p style=\"text-align: right;\"><em>\u201cEy chico, p\u00e9game un vistazo,<\/em><br \/>\n<em>d\u00e9jame que ensucie tu mente.<\/em><br \/>\n<em>Te quitar\u00e9 tu duro revestimiento,<\/em><br \/>\n<em>y ver\u00e9 lo que puedo encontrar.<\/em><br \/>\n<em>El m\u00e1s raro de los bichos raros (<a href=\"https:\/\/www.wordreference.com\/es\/translation.asp?tranword=queer\">queer<\/a>).<\/em><br \/>\n<em>El m\u00e1s extra\u00f1o de los extra\u00f1os.<\/em><br \/>\n<em>El m\u00e1s fr\u00edo de los fr\u00edos.<\/em><br \/>\n<em>El m\u00e1s aburrido de los aburridos.<\/em><br \/>\n<em>El m\u00e1s insensible de los tontos.<\/em><br \/>\n<em>Odio verte aqu\u00ed.<\/em><br \/>\n<em>Te ahogas tras una sonrisa.<\/em><br \/>\n<em>Un farsante detr\u00e1s del miedo.<\/em><br \/>\n<em>El m\u00e1s raro de los bichos raros.<\/em><\/p>\n<p style=\"text-align: right;\"><strong>Tema: Queer del grupo musical Garbage<\/strong><\/p>\n<p><strong>(*)<\/strong>\u00a0Abogado, Profesor Universitario en Ciencias Jur\u00eddicas,\u00a0 Especialista en Violencia Familiar, autor de libros y art\u00edculos de su especialidad. Columnista de\u00a0<a href=\"https:\/\/www.instagram.com\/diariodigitalfemenino_\/\">Diario Digital Femenino<\/a>.<\/p>\n<p><strong>Referencias<\/strong><\/p>\n<p><a href=\"#_ftnref1\" name=\"_ftn1\">[1]<\/a> Cabe aclarar que el decir \u201cpopular\u201d no significa aceptado, sino m\u00e1s bien legitimado por la sociedad.<\/p>\n<p><a href=\"#_ftnref2\" name=\"_ftn2\">[2]<\/a> <a href=\"https:\/\/yogyakartaprinciples.org\/\">Pre\u00e1mbulo de Los Principios de Yogykarta (2006), htps:\/\/yogyakartaprinciples.org\/<\/a><\/p>\n<p><a href=\"#_ftnref3\" name=\"_ftn3\">[3]<\/a> ORTIZ, Diego, En la ciudad de la furia, 29\/05\/24, Diario Digital Femenino, https:\/\/diariofemenino.com.ar\/df\/en-la-ciudad-de-la-furia\/<\/p>\n<p><a href=\"#_ftnref4\" name=\"_ftn4\">[4]<\/a> Patea para otro lado, 19\/02\/24, <a href=\"https:\/\/www.rionegro.com.ar\/opinion\/patea-para-el-otro-lado-3423723\/\">https:\/\/www.rionegro.com.ar\/opinion\/patea-para-el-otro-lado-3423723\/<\/a>.<\/p>\n<p><a href=\"#_ftnref5\" name=\"_ftn5\">[5]<\/a> Reconocimiento de Derechos LGBTI, Comisi\u00f3n Interamericana de Derechos Humanos, 07\/12\/18, <a href=\"https:\/\/www.oas.org\/es\/cidh\/informes\/pdfs\/LGBTI-ReconocimientoDerechos2019.pdf\">https:\/\/www.oas.org\/es\/cidh\/informes\/pdfs\/LGBTI-ReconocimientoDerechos2019.pdf<\/a>.<\/p>\n<p><a href=\"#_ftnref6\" name=\"_ftn6\">[6]<\/a> https:\/\/www.oas.org\/es\/cidh\/informes\/pdfs\/LGBTI-ReconocimientoDerechos2019.pdf<\/p>\n<p>&nbsp;<\/p>\n<blockquote><p>Seguinos en Instagram.<strong>\u00a0Diario Digital Femenino:\u00a0<a href=\"https:\/\/www.instagram.com\/diariodigitalfemenino_\/\">@diariodigitalfemenino_<\/a><br \/>\nLenny C\u00e1ceres:\u00a0<a href=\"https:\/\/www.instagram.com\/lennycaceres69\/\">@lennycaceres69<\/a><br \/>\n<\/strong>Facebook:\u00a0<strong><a href=\"https:\/\/www.facebook.com\/DiarioDigitalFemenino\/\">Diario Digital Femenino\u00a0<\/a><\/strong><\/p><\/blockquote>\n","protected":false},"excerpt":{"rendered":"<p>Hace unas semanas, una figura actual del mundo automovil\u00edstico le dice a un periodista al ver el color de su vestimenta o el de sus pulseras que \u201cpatea para otro lado\u201d. Una frase popular[1] que amerita ser analizada en el marco del contexto socio pol\u00edtico actual y la venidera marcha del orgullo, tal vez esa [&hellip;]<\/p>\n","protected":false},"author":6,"featured_media":74314,"comment_status":"open","ping_status":"open","sticky":false,"template":"","format":"standard","meta":{"iawp_total_views":86,"footnotes":""},"categories":[7,178,9,3,627,21,592],"tags":[1230,4372,3525,33,1737,4989,4241,2919,7255,5690,5216,138],"class_list":["post-74311","post","type-post","status-publish","format-standard","has-post-thumbnail","hentry","category-actividades","category-articulos-y-comunicados","category-de-esi-si-se-habla","category-de-la-revolucion-al-reaprendizaje","category-genero-y-derechos-humanos","category-noticias","category-violencias","tag-desigualdad","tag-destacada","tag-diego-oscar-ortiz","tag-discriminacion","tag-discurso","tag-heterosexualidad","tag-homosexualidad","tag-ignorancia","tag-mandato","tag-naturalizacion","tag-prejuicios","tag-violencia"],"nelio_content":{"autoShareEndMode":"never","automationSources":{"useCustomSentences":false,"customSentences":[]},"efiAlt":"","efiUrl":"","followers":[6,4],"highlights":[],"isAutoShareEnabled":true,"networkImageIds":[],"permalinkQueryArgs":[],"series":[],"suggestedReferences":[]},"yoast_head":"<!-- This site is optimized with the Yoast SEO plugin v27.5 - https:\/\/yoast.com\/product\/yoast-seo-wordpress\/ -->\n<title>Del otro lado del arco iris - Diario Digital Femenino<\/title>\n<meta name=\"description\" content=\"Del otro lado. Una figura actual del mundo automovil\u00edstico le dice a un periodista al ver su vestimenta que \u201cpatea para otro lado\u201d.\" \/>\n<meta name=\"robots\" content=\"index, follow, max-snippet:-1, max-image-preview:large, max-video-preview:-1\" \/>\n<link rel=\"canonical\" href=\"https:\/\/diariofemenino.com.ar\/df\/del-otro-lado-del-arco-iris\/\" \/>\n<meta property=\"og:locale\" content=\"es_ES\" \/>\n<meta property=\"og:type\" content=\"article\" \/>\n<meta property=\"og:title\" content=\"Del otro lado del arco iris - Diario Digital Femenino\" \/>\n<meta property=\"og:description\" content=\"Del otro lado. Una figura actual del mundo automovil\u00edstico le dice a un periodista al ver su vestimenta que \u201cpatea para otro lado\u201d.\" \/>\n<meta property=\"og:url\" content=\"https:\/\/diariofemenino.com.ar\/df\/del-otro-lado-del-arco-iris\/\" \/>\n<meta property=\"og:site_name\" content=\"Diario Digital Femenino\" \/>\n<meta property=\"article:publisher\" content=\"https:\/\/www.facebook.com\/DiarioDigitaFemenino\/\" \/>\n<meta property=\"article:published_time\" content=\"2024-10-30T14:50:14+00:00\" \/>\n<meta property=\"article:modified_time\" content=\"2024-10-30T16:39:37+00:00\" \/>\n<meta property=\"og:image\" content=\"https:\/\/diariofemenino.com.ar\/df\/wp-content\/uploads\/2024\/10\/dia-orgullo-gay-kzjB-1240x698@abc-kYu-1248x698@abc.jpg\" \/>\n\t<meta property=\"og:image:width\" content=\"1248\" \/>\n\t<meta property=\"og:image:height\" content=\"698\" \/>\n\t<meta property=\"og:image:type\" content=\"image\/jpeg\" \/>\n<meta name=\"author\" content=\"redaccion\" \/>\n<meta name=\"twitter:card\" content=\"summary_large_image\" \/>\n<meta name=\"twitter:creator\" content=\"@DiarioFemenino1\" \/>\n<meta name=\"twitter:site\" content=\"@DiarioFemenino1\" \/>\n<meta name=\"twitter:label1\" content=\"Escrito por\" \/>\n\t<meta name=\"twitter:data1\" content=\"redaccion\" \/>\n\t<meta name=\"twitter:label2\" content=\"Tiempo de lectura\" \/>\n\t<meta name=\"twitter:data2\" content=\"6 minutos\" \/>\n<script type=\"application\/ld+json\" class=\"yoast-schema-graph\">{\"@context\":\"https:\\\/\\\/schema.org\",\"@graph\":[{\"@type\":\"Article\",\"@id\":\"https:\\\/\\\/diariofemenino.com.ar\\\/df\\\/del-otro-lado-del-arco-iris\\\/#article\",\"isPartOf\":{\"@id\":\"https:\\\/\\\/diariofemenino.com.ar\\\/df\\\/del-otro-lado-del-arco-iris\\\/\"},\"author\":{\"name\":\"redaccion\",\"@id\":\"https:\\\/\\\/diariofemenino.com.ar\\\/df\\\/#\\\/schema\\\/person\\\/b6ba2e26f7891f232694804f228a7f27\"},\"headline\":\"Del otro lado del arco iris\",\"datePublished\":\"2024-10-30T14:50:14+00:00\",\"dateModified\":\"2024-10-30T16:39:37+00:00\",\"mainEntityOfPage\":{\"@id\":\"https:\\\/\\\/diariofemenino.com.ar\\\/df\\\/del-otro-lado-del-arco-iris\\\/\"},\"wordCount\":1130,\"commentCount\":0,\"publisher\":{\"@id\":\"https:\\\/\\\/diariofemenino.com.ar\\\/df\\\/#organization\"},\"image\":{\"@id\":\"https:\\\/\\\/diariofemenino.com.ar\\\/df\\\/del-otro-lado-del-arco-iris\\\/#primaryimage\"},\"thumbnailUrl\":\"https:\\\/\\\/diariofemenino.com.ar\\\/df\\\/wp-content\\\/uploads\\\/2024\\\/10\\\/dia-orgullo-gay-kzjB-1240x698@abc-kYu-1248x698@abc.jpg\",\"keywords\":[\"desigualdad\",\"Destacada\",\"Diego Oscar Ortiz\",\"Discriminaci\u00f3n\",\"Discurso\",\"Heterosexualidad\",\"homosexualidad\",\"ignorancia\",\"mandato\",\"Naturalizaci\u00f3n\",\"Prejuicios\",\"Violencia\"],\"articleSection\":[\"Actividades\",\"Art\u00edculos y Comunicados\",\"De ESI S\u00ed Se Habla\",\"De la Revoluci\u00f3n al Reaprendizaje\",\"G\u00e9nero y Derechos Humanos\",\"Noticias\",\"Violencias\"],\"inLanguage\":\"es\",\"potentialAction\":[{\"@type\":\"CommentAction\",\"name\":\"Comment\",\"target\":[\"https:\\\/\\\/diariofemenino.com.ar\\\/df\\\/del-otro-lado-del-arco-iris\\\/#respond\"]}]},{\"@type\":\"WebPage\",\"@id\":\"https:\\\/\\\/diariofemenino.com.ar\\\/df\\\/del-otro-lado-del-arco-iris\\\/\",\"url\":\"https:\\\/\\\/diariofemenino.com.ar\\\/df\\\/del-otro-lado-del-arco-iris\\\/\",\"name\":\"Del otro lado del arco iris - Diario Digital Femenino\",\"isPartOf\":{\"@id\":\"https:\\\/\\\/diariofemenino.com.ar\\\/df\\\/#website\"},\"primaryImageOfPage\":{\"@id\":\"https:\\\/\\\/diariofemenino.com.ar\\\/df\\\/del-otro-lado-del-arco-iris\\\/#primaryimage\"},\"image\":{\"@id\":\"https:\\\/\\\/diariofemenino.com.ar\\\/df\\\/del-otro-lado-del-arco-iris\\\/#primaryimage\"},\"thumbnailUrl\":\"https:\\\/\\\/diariofemenino.com.ar\\\/df\\\/wp-content\\\/uploads\\\/2024\\\/10\\\/dia-orgullo-gay-kzjB-1240x698@abc-kYu-1248x698@abc.jpg\",\"datePublished\":\"2024-10-30T14:50:14+00:00\",\"dateModified\":\"2024-10-30T16:39:37+00:00\",\"description\":\"Del otro lado. Una figura actual del mundo automovil\u00edstico le dice a un periodista al ver su vestimenta que \u201cpatea para otro lado\u201d.\",\"breadcrumb\":{\"@id\":\"https:\\\/\\\/diariofemenino.com.ar\\\/df\\\/del-otro-lado-del-arco-iris\\\/#breadcrumb\"},\"inLanguage\":\"es\",\"potentialAction\":[{\"@type\":\"ReadAction\",\"target\":[\"https:\\\/\\\/diariofemenino.com.ar\\\/df\\\/del-otro-lado-del-arco-iris\\\/\"]}]},{\"@type\":\"ImageObject\",\"inLanguage\":\"es\",\"@id\":\"https:\\\/\\\/diariofemenino.com.ar\\\/df\\\/del-otro-lado-del-arco-iris\\\/#primaryimage\",\"url\":\"https:\\\/\\\/diariofemenino.com.ar\\\/df\\\/wp-content\\\/uploads\\\/2024\\\/10\\\/dia-orgullo-gay-kzjB-1240x698@abc-kYu-1248x698@abc.jpg\",\"contentUrl\":\"https:\\\/\\\/diariofemenino.com.ar\\\/df\\\/wp-content\\\/uploads\\\/2024\\\/10\\\/dia-orgullo-gay-kzjB-1240x698@abc-kYu-1248x698@abc.jpg\",\"width\":1248,\"height\":698,\"caption\":\"Del otro lado del arco iris\"},{\"@type\":\"BreadcrumbList\",\"@id\":\"https:\\\/\\\/diariofemenino.com.ar\\\/df\\\/del-otro-lado-del-arco-iris\\\/#breadcrumb\",\"itemListElement\":[{\"@type\":\"ListItem\",\"position\":1,\"name\":\"Portada\",\"item\":\"https:\\\/\\\/diariofemenino.com.ar\\\/df\\\/\"},{\"@type\":\"ListItem\",\"position\":2,\"name\":\"Del otro lado del arco iris\"}]},{\"@type\":\"WebSite\",\"@id\":\"https:\\\/\\\/diariofemenino.com.ar\\\/df\\\/#website\",\"url\":\"https:\\\/\\\/diariofemenino.com.ar\\\/df\\\/\",\"name\":\"Diario Digital Femenino\",\"description\":\"Cuesti\u00f3n de G\u00e9nero\",\"publisher\":{\"@id\":\"https:\\\/\\\/diariofemenino.com.ar\\\/df\\\/#organization\"},\"potentialAction\":[{\"@type\":\"SearchAction\",\"target\":{\"@type\":\"EntryPoint\",\"urlTemplate\":\"https:\\\/\\\/diariofemenino.com.ar\\\/df\\\/?s={search_term_string}\"},\"query-input\":{\"@type\":\"PropertyValueSpecification\",\"valueRequired\":true,\"valueName\":\"search_term_string\"}}],\"inLanguage\":\"es\"},{\"@type\":\"Organization\",\"@id\":\"https:\\\/\\\/diariofemenino.com.ar\\\/df\\\/#organization\",\"name\":\"Diario Femenino\",\"url\":\"https:\\\/\\\/diariofemenino.com.ar\\\/df\\\/\",\"logo\":{\"@type\":\"ImageObject\",\"inLanguage\":\"es\",\"@id\":\"https:\\\/\\\/diariofemenino.com.ar\\\/df\\\/#\\\/schema\\\/logo\\\/image\\\/\",\"url\":\"https:\\\/\\\/diariofemenino.com.ar\\\/df\\\/wp-content\\\/uploads\\\/2018\\\/10\\\/logo.png\",\"contentUrl\":\"https:\\\/\\\/diariofemenino.com.ar\\\/df\\\/wp-content\\\/uploads\\\/2018\\\/10\\\/logo.png\",\"width\":500,\"height\":92,\"caption\":\"Diario Femenino\"},\"image\":{\"@id\":\"https:\\\/\\\/diariofemenino.com.ar\\\/df\\\/#\\\/schema\\\/logo\\\/image\\\/\"},\"sameAs\":[\"https:\\\/\\\/www.facebook.com\\\/DiarioDigitaFemenino\\\/\",\"https:\\\/\\\/x.com\\\/DiarioFemenino1\"]},{\"@type\":\"Person\",\"@id\":\"https:\\\/\\\/diariofemenino.com.ar\\\/df\\\/#\\\/schema\\\/person\\\/b6ba2e26f7891f232694804f228a7f27\",\"name\":\"redaccion\",\"image\":{\"@type\":\"ImageObject\",\"inLanguage\":\"es\",\"@id\":\"https:\\\/\\\/diariofemenino.com.ar\\\/df\\\/wp-content\\\/uploads\\\/2024\\\/09\\\/0eda9a67-a560-4264-8085-ae5314b35c5a-150x150.avif\",\"url\":\"https:\\\/\\\/diariofemenino.com.ar\\\/df\\\/wp-content\\\/uploads\\\/2024\\\/09\\\/0eda9a67-a560-4264-8085-ae5314b35c5a-150x150.avif\",\"contentUrl\":\"https:\\\/\\\/diariofemenino.com.ar\\\/df\\\/wp-content\\\/uploads\\\/2024\\\/09\\\/0eda9a67-a560-4264-8085-ae5314b35c5a-150x150.avif\",\"caption\":\"redaccion\"},\"url\":\"https:\\\/\\\/diariofemenino.com.ar\\\/df\\\/author\\\/redaccion\\\/\"}]}<\/script>\n<!-- \/ Yoast SEO plugin. -->","yoast_head_json":{"title":"Del otro lado del arco iris - Diario Digital Femenino","description":"Del otro lado. Una figura actual del mundo automovil\u00edstico le dice a un periodista al ver su vestimenta que \u201cpatea para otro lado\u201d.","robots":{"index":"index","follow":"follow","max-snippet":"max-snippet:-1","max-image-preview":"max-image-preview:large","max-video-preview":"max-video-preview:-1"},"canonical":"https:\/\/diariofemenino.com.ar\/df\/del-otro-lado-del-arco-iris\/","og_locale":"es_ES","og_type":"article","og_title":"Del otro lado del arco iris - Diario Digital Femenino","og_description":"Del otro lado. Una figura actual del mundo automovil\u00edstico le dice a un periodista al ver su vestimenta que \u201cpatea para otro lado\u201d.","og_url":"https:\/\/diariofemenino.com.ar\/df\/del-otro-lado-del-arco-iris\/","og_site_name":"Diario Digital Femenino","article_publisher":"https:\/\/www.facebook.com\/DiarioDigitaFemenino\/","article_published_time":"2024-10-30T14:50:14+00:00","article_modified_time":"2024-10-30T16:39:37+00:00","og_image":[{"width":1248,"height":698,"url":"https:\/\/diariofemenino.com.ar\/df\/wp-content\/uploads\/2024\/10\/dia-orgullo-gay-kzjB-1240x698@abc-kYu-1248x698@abc.jpg","type":"image\/jpeg"}],"author":"redaccion","twitter_card":"summary_large_image","twitter_creator":"@DiarioFemenino1","twitter_site":"@DiarioFemenino1","twitter_misc":{"Escrito por":"redaccion","Tiempo de lectura":"6 minutos"},"schema":{"@context":"https:\/\/schema.org","@graph":[{"@type":"Article","@id":"https:\/\/diariofemenino.com.ar\/df\/del-otro-lado-del-arco-iris\/#article","isPartOf":{"@id":"https:\/\/diariofemenino.com.ar\/df\/del-otro-lado-del-arco-iris\/"},"author":{"name":"redaccion","@id":"https:\/\/diariofemenino.com.ar\/df\/#\/schema\/person\/b6ba2e26f7891f232694804f228a7f27"},"headline":"Del otro lado del arco iris","datePublished":"2024-10-30T14:50:14+00:00","dateModified":"2024-10-30T16:39:37+00:00","mainEntityOfPage":{"@id":"https:\/\/diariofemenino.com.ar\/df\/del-otro-lado-del-arco-iris\/"},"wordCount":1130,"commentCount":0,"publisher":{"@id":"https:\/\/diariofemenino.com.ar\/df\/#organization"},"image":{"@id":"https:\/\/diariofemenino.com.ar\/df\/del-otro-lado-del-arco-iris\/#primaryimage"},"thumbnailUrl":"https:\/\/diariofemenino.com.ar\/df\/wp-content\/uploads\/2024\/10\/dia-orgullo-gay-kzjB-1240x698@abc-kYu-1248x698@abc.jpg","keywords":["desigualdad","Destacada","Diego Oscar Ortiz","Discriminaci\u00f3n","Discurso","Heterosexualidad","homosexualidad","ignorancia","mandato","Naturalizaci\u00f3n","Prejuicios","Violencia"],"articleSection":["Actividades","Art\u00edculos y Comunicados","De ESI S\u00ed Se Habla","De la Revoluci\u00f3n al Reaprendizaje","G\u00e9nero y Derechos Humanos","Noticias","Violencias"],"inLanguage":"es","potentialAction":[{"@type":"CommentAction","name":"Comment","target":["https:\/\/diariofemenino.com.ar\/df\/del-otro-lado-del-arco-iris\/#respond"]}]},{"@type":"WebPage","@id":"https:\/\/diariofemenino.com.ar\/df\/del-otro-lado-del-arco-iris\/","url":"https:\/\/diariofemenino.com.ar\/df\/del-otro-lado-del-arco-iris\/","name":"Del otro lado del arco iris - Diario Digital Femenino","isPartOf":{"@id":"https:\/\/diariofemenino.com.ar\/df\/#website"},"primaryImageOfPage":{"@id":"https:\/\/diariofemenino.com.ar\/df\/del-otro-lado-del-arco-iris\/#primaryimage"},"image":{"@id":"https:\/\/diariofemenino.com.ar\/df\/del-otro-lado-del-arco-iris\/#primaryimage"},"thumbnailUrl":"https:\/\/diariofemenino.com.ar\/df\/wp-content\/uploads\/2024\/10\/dia-orgullo-gay-kzjB-1240x698@abc-kYu-1248x698@abc.jpg","datePublished":"2024-10-30T14:50:14+00:00","dateModified":"2024-10-30T16:39:37+00:00","description":"Del otro lado. Una figura actual del mundo automovil\u00edstico le dice a un periodista al ver su vestimenta que \u201cpatea para otro lado\u201d.","breadcrumb":{"@id":"https:\/\/diariofemenino.com.ar\/df\/del-otro-lado-del-arco-iris\/#breadcrumb"},"inLanguage":"es","potentialAction":[{"@type":"ReadAction","target":["https:\/\/diariofemenino.com.ar\/df\/del-otro-lado-del-arco-iris\/"]}]},{"@type":"ImageObject","inLanguage":"es","@id":"https:\/\/diariofemenino.com.ar\/df\/del-otro-lado-del-arco-iris\/#primaryimage","url":"https:\/\/diariofemenino.com.ar\/df\/wp-content\/uploads\/2024\/10\/dia-orgullo-gay-kzjB-1240x698@abc-kYu-1248x698@abc.jpg","contentUrl":"https:\/\/diariofemenino.com.ar\/df\/wp-content\/uploads\/2024\/10\/dia-orgullo-gay-kzjB-1240x698@abc-kYu-1248x698@abc.jpg","width":1248,"height":698,"caption":"Del otro lado del arco iris"},{"@type":"BreadcrumbList","@id":"https:\/\/diariofemenino.com.ar\/df\/del-otro-lado-del-arco-iris\/#breadcrumb","itemListElement":[{"@type":"ListItem","position":1,"name":"Portada","item":"https:\/\/diariofemenino.com.ar\/df\/"},{"@type":"ListItem","position":2,"name":"Del otro lado del arco iris"}]},{"@type":"WebSite","@id":"https:\/\/diariofemenino.com.ar\/df\/#website","url":"https:\/\/diariofemenino.com.ar\/df\/","name":"Diario Digital Femenino","description":"Cuesti\u00f3n de G\u00e9nero","publisher":{"@id":"https:\/\/diariofemenino.com.ar\/df\/#organization"},"potentialAction":[{"@type":"SearchAction","target":{"@type":"EntryPoint","urlTemplate":"https:\/\/diariofemenino.com.ar\/df\/?s={search_term_string}"},"query-input":{"@type":"PropertyValueSpecification","valueRequired":true,"valueName":"search_term_string"}}],"inLanguage":"es"},{"@type":"Organization","@id":"https:\/\/diariofemenino.com.ar\/df\/#organization","name":"Diario Femenino","url":"https:\/\/diariofemenino.com.ar\/df\/","logo":{"@type":"ImageObject","inLanguage":"es","@id":"https:\/\/diariofemenino.com.ar\/df\/#\/schema\/logo\/image\/","url":"https:\/\/diariofemenino.com.ar\/df\/wp-content\/uploads\/2018\/10\/logo.png","contentUrl":"https:\/\/diariofemenino.com.ar\/df\/wp-content\/uploads\/2018\/10\/logo.png","width":500,"height":92,"caption":"Diario Femenino"},"image":{"@id":"https:\/\/diariofemenino.com.ar\/df\/#\/schema\/logo\/image\/"},"sameAs":["https:\/\/www.facebook.com\/DiarioDigitaFemenino\/","https:\/\/x.com\/DiarioFemenino1"]},{"@type":"Person","@id":"https:\/\/diariofemenino.com.ar\/df\/#\/schema\/person\/b6ba2e26f7891f232694804f228a7f27","name":"redaccion","image":{"@type":"ImageObject","inLanguage":"es","@id":"https:\/\/diariofemenino.com.ar\/df\/wp-content\/uploads\/2024\/09\/0eda9a67-a560-4264-8085-ae5314b35c5a-150x150.avif","url":"https:\/\/diariofemenino.com.ar\/df\/wp-content\/uploads\/2024\/09\/0eda9a67-a560-4264-8085-ae5314b35c5a-150x150.avif","contentUrl":"https:\/\/diariofemenino.com.ar\/df\/wp-content\/uploads\/2024\/09\/0eda9a67-a560-4264-8085-ae5314b35c5a-150x150.avif","caption":"redaccion"},"url":"https:\/\/diariofemenino.com.ar\/df\/author\/redaccion\/"}]}},"jetpack_featured_media_url":"https:\/\/diariofemenino.com.ar\/df\/wp-content\/uploads\/2024\/10\/dia-orgullo-gay-kzjB-1240x698@abc-kYu-1248x698@abc.jpg","jetpack_sharing_enabled":true,"rttpg_featured_image_url":{"full":["https:\/\/diariofemenino.com.ar\/df\/wp-content\/uploads\/2024\/10\/dia-orgullo-gay-kzjB-1240x698@abc-kYu-1248x698@abc.jpg",1248,698,false],"landscape":["https:\/\/diariofemenino.com.ar\/df\/wp-content\/uploads\/2024\/10\/dia-orgullo-gay-kzjB-1240x698@abc-kYu-1248x698@abc.jpg",1248,698,false],"portraits":["https:\/\/diariofemenino.com.ar\/df\/wp-content\/uploads\/2024\/10\/dia-orgullo-gay-kzjB-1240x698@abc-kYu-1248x698@abc.jpg",1248,698,false],"thumbnail":["https:\/\/diariofemenino.com.ar\/df\/wp-content\/uploads\/2024\/10\/dia-orgullo-gay-kzjB-1240x698@abc-kYu-1248x698@abc-150x150.jpg",150,150,true],"medium":["https:\/\/diariofemenino.com.ar\/df\/wp-content\/uploads\/2024\/10\/dia-orgullo-gay-kzjB-1240x698@abc-kYu-1248x698@abc-300x168.jpg",300,168,true],"large":["https:\/\/diariofemenino.com.ar\/df\/wp-content\/uploads\/2024\/10\/dia-orgullo-gay-kzjB-1240x698@abc-kYu-1248x698@abc-1024x573.jpg",1024,573,true],"1536x1536":["https:\/\/diariofemenino.com.ar\/df\/wp-content\/uploads\/2024\/10\/dia-orgullo-gay-kzjB-1240x698@abc-kYu-1248x698@abc.jpg",1248,698,false],"2048x2048":["https:\/\/diariofemenino.com.ar\/df\/wp-content\/uploads\/2024\/10\/dia-orgullo-gay-kzjB-1240x698@abc-kYu-1248x698@abc.jpg",1248,698,false]},"rttpg_author":{"display_name":"redaccion","author_link":"https:\/\/diariofemenino.com.ar\/df\/author\/redaccion\/"},"rttpg_comment":0,"rttpg_category":"<a href=\"https:\/\/diariofemenino.com.ar\/df\/category\/actividades\/\" rel=\"category tag\">Actividades<\/a> <a href=\"https:\/\/diariofemenino.com.ar\/df\/category\/articulos-y-comunicados\/\" rel=\"category tag\">Art\u00edculos y Comunicados<\/a> <a href=\"https:\/\/diariofemenino.com.ar\/df\/category\/de-esi-si-se-habla\/\" rel=\"category tag\">De ESI S\u00ed Se Habla<\/a> <a href=\"https:\/\/diariofemenino.com.ar\/df\/category\/de-la-revolucion-al-reaprendizaje\/\" rel=\"category tag\">De la Revoluci\u00f3n al Reaprendizaje<\/a> <a href=\"https:\/\/diariofemenino.com.ar\/df\/category\/genero-y-derechos-humanos\/\" rel=\"category tag\">G\u00e9nero y Derechos Humanos<\/a> <a href=\"https:\/\/diariofemenino.com.ar\/df\/category\/noticias\/\" rel=\"category tag\">Noticias<\/a> <a href=\"https:\/\/diariofemenino.com.ar\/df\/category\/violencias\/\" rel=\"category tag\">Violencias<\/a>","rttpg_excerpt":"Hace unas semanas, una figura actual del mundo automovil\u00edstico le dice a un periodista al ver el color de su vestimenta o el de sus pulseras que \u201cpatea para otro lado\u201d. Una frase popular[1] que amerita ser analizada en el marco del contexto socio pol\u00edtico actual y la venidera marcha del orgullo, tal vez esa&hellip;","_links":{"self":[{"href":"https:\/\/diariofemenino.com.ar\/df\/wp-json\/wp\/v2\/posts\/74311","targetHints":{"allow":["GET"]}}],"collection":[{"href":"https:\/\/diariofemenino.com.ar\/df\/wp-json\/wp\/v2\/posts"}],"about":[{"href":"https:\/\/diariofemenino.com.ar\/df\/wp-json\/wp\/v2\/types\/post"}],"author":[{"embeddable":true,"href":"https:\/\/diariofemenino.com.ar\/df\/wp-json\/wp\/v2\/users\/6"}],"replies":[{"embeddable":true,"href":"https:\/\/diariofemenino.com.ar\/df\/wp-json\/wp\/v2\/comments?post=74311"}],"version-history":[{"count":0,"href":"https:\/\/diariofemenino.com.ar\/df\/wp-json\/wp\/v2\/posts\/74311\/revisions"}],"wp:featuredmedia":[{"embeddable":true,"href":"https:\/\/diariofemenino.com.ar\/df\/wp-json\/wp\/v2\/media\/74314"}],"wp:attachment":[{"href":"https:\/\/diariofemenino.com.ar\/df\/wp-json\/wp\/v2\/media?parent=74311"}],"wp:term":[{"taxonomy":"category","embeddable":true,"href":"https:\/\/diariofemenino.com.ar\/df\/wp-json\/wp\/v2\/categories?post=74311"},{"taxonomy":"post_tag","embeddable":true,"href":"https:\/\/diariofemenino.com.ar\/df\/wp-json\/wp\/v2\/tags?post=74311"}],"curies":[{"name":"wp","href":"https:\/\/api.w.org\/{rel}","templated":true}]}}