{"id":74294,"date":"2024-10-25T11:10:07","date_gmt":"2024-10-25T14:10:07","guid":{"rendered":"https:\/\/diariofemenino.com.ar\/df\/?p=74294"},"modified":"2024-10-25T11:10:07","modified_gmt":"2024-10-25T14:10:07","slug":"esi-mucho-mas-que-educacion-emocional","status":"publish","type":"post","link":"https:\/\/diariofemenino.com.ar\/df\/esi-mucho-mas-que-educacion-emocional\/","title":{"rendered":"ESI: Mucho m\u00e1s que Educaci\u00f3n Emocional"},"content":{"rendered":"<p>En los \u00faltimos meses, desde el Ministerio de Educaci\u00f3n de la Ciudad de Buenos Aires, impulsado por el jefe de gobierno Jorge Macri, se viene desarrollando <a href=\"https:\/\/prensaobrera.com\/educacion\/reformas-curriculares-en-caba-educacion-emocional-vs-esi\">una reforma curricular<\/a> para el nivel primario que implica desplazar los espacios curriculares destinados a la Educaci\u00f3n Sexual Integral (ESI) y reemplazarlos por una propuesta curricular referida a la Educaci\u00f3n Emocional.\u00a0En algunos sectores m\u00e1s conservadores de la provincia de Buenos Aires, el <a href=\"https:\/\/eleditorplatense.com\/pol%C3%ADtica\/1\/2024\/10\/14\/quieren-incorporar-la-educacion-emocional-en-las-escuelas-bonaerenses?fbclid=IwY2xjawF-EphleHRuA2FlbQIxMQABHe7I67kkSO_f8Nthnz9dElGlrMA-JyZ88Dmn0m0lBVpEFavlz30teaN5YQ_aem_sTeA3Qso_WXRg-sBFzIOdw\">debate<\/a> tambi\u00e9n logr\u00f3 posicionarse en la C\u00e1mara de Diputados, de la mano del del Frente Renovador y con el objetivo de que <em>los j\u00f3venes bonaerenses puedan \u201cconocer, entender, regular y gestionar sus emociones\u201d. <\/em>En este contexto, con fecha del martes 22 de octubre, circul\u00f3 una informaci\u00f3n en el diario La Naci\u00f3n, acerca de que la ESI \u201cno tiene fondos asignados en el presupuesto 2025\u201d, indicio de que sus lineamientos pasar\u00edan a formar parte de un plan de <a href=\"https:\/\/www.lanacion.com.ar\/comunidad\/advierten-que-un-programa-que-previene-e-identifica-abusos-en-la-ninez-no-tiene-fondos-asignados-en-nid22102024\/\"><em>\u201ceducaci\u00f3n para la afectividad y la sexualidad\u201d<\/em><\/a><em>.<\/em><\/p>\n<p>Por\u00a0<strong><em><a href=\"https:\/\/diariofemenino.com.ar\/df\/?s=Mar%C3%ADa+In%C3%A9s+Alvarado\">Mar\u00eda In\u00e9s Alvarado<\/a>*<br \/>\n<\/em><\/strong>para\u00a0<strong><em><a href=\"https:\/\/www.instagram.com\/diariodigitalfemenino_\/\">Diario Digital Femenino<\/a><\/em><\/strong><\/p>\n<p>Sin duda, para quienes venimos apostando por la efectiva implementaci\u00f3n de la ESI en las escuelas, esto representa un retroceso en materia de pol\u00edticas educativas. Desde su implementaci\u00f3n en el a\u00f1o 2006, logr\u00f3 posicionarse como un espacio para el abordaje integral de tem\u00e1ticas que buscan proporcionar no solo habilidades emocionales y vinculares, sino tambi\u00e9n acercar herramientas a estudiantes de todos los niveles, para acceder a informaci\u00f3n cient\u00edficamente validada sobre genitalidad, a que puedan tomar decisiones informadas sobre su cuerpo, y acceder a la plena garant\u00eda de sus derechos sexuales y reproductivos; adem\u00e1s del espacio brindado para que denuncien episodios de abusos y maltratos de todo tipo.<\/p>\n<p>En un documento redactado por la coordinaci\u00f3n del Post\u00edtulo de Educaci\u00f3n Sexual Integral (Joaqu\u00edn V. Gonz\u00e1lez) y llevado a la Comisi\u00f3n de Educaci\u00f3n del Ministerio porte\u00f1o, las autoras describen que la ley de Educaci\u00f3n Sexual Integral ha ido implementando acciones de modo <em>\u201csistem\u00e1tico, obligatorio y transversal en todos las modalidades y niveles educativos sobre las emociones, la empat\u00eda, la motivaci\u00f3n, el esfuerzo y la perseverancia, el trabajo colaborativo, la resoluci\u00f3n pac\u00edfica de conflictos, la autonom\u00eda, la comunicaci\u00f3n, la toma de decisiones,\u00a0 entre otros contenidos\u201d<\/em> que ahora figuran como <em>novedosos<\/em> en el nuevo proyecto de Educaci\u00f3n Emocional.\u00a0 Adem\u00e1s, aclaran que esta ley <em>\u201cque acaba de cumplir 18 a\u00f1os (&#8230;) se encuentra fundamentada en una enorme bibliograf\u00eda y recomendaciones desde la OMS, pasando por las experiencias de pa\u00edses como Espa\u00f1a, Canad\u00e1, Uruguay, Dinamarca, donde las implementaciones en esta materia han sido altamente exitosas. Incluso nuestro propio Programa Nacional de ESI, ahora desarticulado y vaciado, es citado en documentos internacionales como ejemplo de buenas implementaciones de Pol\u00edticas P\u00fablicas en la tem\u00e1tica\u201d.<\/em><\/p>\n<p>Seg\u00fan describe la periodista Roxana Sand\u00e1 en su nota <a href=\"https:\/\/www.pagina12.com.ar\/773826-la-nueva-batalla-cultural\">La nueva batalla cultural<\/a>, publicada en el peri\u00f3dico P\u00e1gina 12, <em>\u201cel eje central del programa educativo de la Ciudad hasta 2027, la educaci\u00f3n socioemocional asoma como un c\u00f3ctel de mindfulness para la autogesti\u00f3n y el autocontrol emocional de lxs alumnxs\u201d, <\/em>cuyos lineamientos principales est\u00e1n centrados en <em>\u201cBajar los decibeles. Autoconocerse. Manejar la autoconciencia. Regularse. Dominar las decisiones. Motivarse para lograr metas. Tener mentalidad proactiva y un proyecto de vida\u201d, <\/em>premisas que parten del documento \u201c\u00bfAlojar o gestionar las emociones?\u201d, del Programa Buenos Aires Aprende, que reduce la ESI a un enfoque meramente emocional. Con este panorama, se reduce la educaci\u00f3n en sexualidad al control de la conductas y las emociones, poniendo en primer lugar <em>\u201cun yoismo desbordante y peligroso para la convivencia en sociedad\u201d,<\/em> seg\u00fan explican las docentes coordinadoras del\u00a0 Post\u00edtulo de Educaci\u00f3n Sexual Integral, dejando de lado la importancia de los sentimientos y las emociones que fluyen en la vida institucional, en la relaci\u00f3n entre docentes y estudiantes frente a la felicidad, bronca, dolor o angustia que puede implicar el proceso de ense\u00f1anza aprendizaje de los diversos temas curriculares. La mera posibilidad de \u201cmanejar y gestionar las emociones\u201d en las aulas, ser\u00eda reducirlas hacia aquello que solo genera placer, descartando lo que no les atrae o les produce conflicto.<\/p>\n<figure id=\"attachment_74297\" aria-describedby=\"caption-attachment-74297\" style=\"width: 433px\" class=\"wp-caption aligncenter\"><img loading=\"lazy\" decoding=\"async\" class=\" wp-image-74297\" src=\"https:\/\/diariofemenino.com.ar\/df\/wp-content\/uploads\/2024\/10\/control-emocional-300x198.jpeg\" alt=\"ESI: Mucho m\u00e1s que Educaci\u00f3n Emocional\" width=\"433\" height=\"286\" srcset=\"https:\/\/diariofemenino.com.ar\/df\/wp-content\/uploads\/2024\/10\/control-emocional-300x198.jpeg 300w, https:\/\/diariofemenino.com.ar\/df\/wp-content\/uploads\/2024\/10\/control-emocional-768x506.jpeg 768w, https:\/\/diariofemenino.com.ar\/df\/wp-content\/uploads\/2024\/10\/control-emocional.jpeg 1024w\" sizes=\"auto, (max-width: 433px) 100vw, 433px\" \/><figcaption id=\"caption-attachment-74297\" class=\"wp-caption-text\">ESI: Mucho m\u00e1s que Educaci\u00f3n Emocional<\/figcaption><\/figure>\n<p>En tiempos en que el acceso a la informaci\u00f3n y la desinformaci\u00f3n est\u00e1n a solo un clic de distancia, la escuela tiene el deber ineludible de ofrecer una formaci\u00f3n integral, inclusiva y basada en la evidencia cient\u00edfica. Solo as\u00ed se podr\u00e1 contribuir al desarrollo de ciudadanos y ciudadanas m\u00e1s aut\u00f3nomas, responsables y capaces de vivir una sexualidad plena y respetuosa. Limitar la ESI solo a lo emocional es desaprovechar su enorme potencial transformador. La clave est\u00e1 en valorarla en su totalidad, ofreciendo a ni\u00f1os, ni\u00f1as, adolescentes y j\u00f3venes todas las herramientas que necesitan para vivir cada aspecto de su vida con libertad y respetando a sus semejantes. Seg\u00fan la Ley 26.150, la ESI ofrece un enfoque integral que abarca mucho m\u00e1s que las emociones y los v\u00ednculos, tiene, entre sus <a href=\"https:\/\/www.infoleg.gob.ar\/basehome\/actos_gobierno\/actosdegobierno29-9-2008-1.htm#:~:text=El%20Programa%20Nacional%20de%20Educaci%C3%B3n,la%20inclusi%C3%B3n%20de%20contenidos%20de\">prop\u00f3sitos formativos<\/a>, una serie de \u00edtems que valoran la posibilidad de expresar, reflexionar y valorar las emociones y los sentimientos, pero a partir de la creaci\u00f3n de espacios para promover una educaci\u00f3n en valores y actitudes relacionados con la solidaridad, el amor, el respeto a la intimidad propia y ajena, el respeto por la vida y la integridad de las personas, la prevenci\u00f3n de la violencia y el desarrollo de actitudes responsables ante la toma de decisiones personales y sociales.<\/p>\n<figure id=\"attachment_74296\" aria-describedby=\"caption-attachment-74296\" style=\"width: 447px\" class=\"wp-caption aligncenter\"><img loading=\"lazy\" decoding=\"async\" class=\" wp-image-74296\" src=\"https:\/\/diariofemenino.com.ar\/df\/wp-content\/uploads\/2024\/10\/gestion-emocional-300x177.jpg\" alt=\"ESI: Mucho m\u00e1s que Educaci\u00f3n Emocional\" width=\"447\" height=\"264\" srcset=\"https:\/\/diariofemenino.com.ar\/df\/wp-content\/uploads\/2024\/10\/gestion-emocional-300x177.jpg 300w, https:\/\/diariofemenino.com.ar\/df\/wp-content\/uploads\/2024\/10\/gestion-emocional-768x453.jpg 768w, https:\/\/diariofemenino.com.ar\/df\/wp-content\/uploads\/2024\/10\/gestion-emocional.jpg 800w\" sizes=\"auto, (max-width: 447px) 100vw, 447px\" \/><figcaption id=\"caption-attachment-74296\" class=\"wp-caption-text\">ESI: Mucho m\u00e1s que Educaci\u00f3n Emocional<\/figcaption><\/figure>\n<p>La ESI es mucho m\u00e1s que la Educaci\u00f3n Emocional. Negarla es negar las diversidades, fomentando la discriminaci\u00f3n y los prejuicios que a\u00fan persisten en muchos sectores de la sociedad, perpetuando las desigualdades y limitaciones en el ejercicio de una ciudadan\u00eda plena.<\/p>\n<p><strong>(*)<\/strong>\u00a0Docente, comunicadora. Co-directora de\u00a0<strong><a href=\"https:\/\/laesienjuego.com.ar\/\">La ESI en juego<\/a>.<br \/>\n<\/strong>Columnista\u00a0de\u00a0<strong><a href=\"https:\/\/diariofemenino.com.ar\/df\/category\/de-esi-si-se-habla\/\">Diario Digital Femenino\u00a0<\/a><\/strong>\u2013\u00a0<a href=\"https:\/\/diariofemenino.com.ar\/df\/category\/de-esi-si-se-habla\/\">De ESI S\u00ed Se Habla<\/a><\/p>\n<p>&nbsp;<\/p>\n<blockquote><p>Seguinos en Instagram.<strong>\u00a0Diario Digital Femenino:\u00a0<a href=\"https:\/\/www.instagram.com\/diariodigitalfemenino_\/\">@diariodigitalfemenino_<\/a><br \/>\nLenny C\u00e1ceres:\u00a0<a href=\"https:\/\/www.instagram.com\/lennycaceres69\/\">@lennycaceres69<\/a><br \/>\n<\/strong>Facebook:\u00a0<strong><a href=\"https:\/\/www.facebook.com\/DiarioDigitalFemenino\/\">Diario Digital Femenino\u00a0<\/a><\/strong><\/p><\/blockquote>\n","protected":false},"excerpt":{"rendered":"<p>En los \u00faltimos meses, desde el Ministerio de Educaci\u00f3n de la Ciudad de Buenos Aires, impulsado por el jefe de gobierno Jorge Macri, se viene desarrollando una reforma curricular para el nivel primario que implica desplazar los espacios curriculares destinados a la Educaci\u00f3n Sexual Integral (ESI) y reemplazarlos por una propuesta curricular referida a la [&hellip;]<\/p>\n","protected":false},"author":7,"featured_media":74298,"comment_status":"open","ping_status":"open","sticky":false,"template":"","format":"standard","meta":{"iawp_total_views":255,"footnotes":""},"categories":[1067,581,9,627,182,6,21,23],"tags":[6412,4372,11,4035,97,568],"class_list":["post-74294","post","type-post","status-publish","format-standard","has-post-thumbnail","hentry","category-agenda-feminista","category-azul-profundo","category-de-esi-si-se-habla","category-genero-y-derechos-humanos","category-informes","category-articulos","category-noticias","category-salud","tag-control","tag-destacada","tag-educacion","tag-emociones","tag-esi","tag-maria-ines-alvarado"],"nelio_content":{"autoShareEndMode":"never","automationSources":{"useCustomSentences":false,"customSentences":[]},"efiAlt":"","efiUrl":"","followers":[7],"highlights":[],"isAutoShareEnabled":true,"networkImageIds":[],"permalinkQueryArgs":[],"series":[],"suggestedReferences":[]},"yoast_head":"<!-- This site is optimized with the Yoast SEO plugin v27.5 - https:\/\/yoast.com\/product\/yoast-seo-wordpress\/ -->\n<title>ESI: Mucho m\u00e1s que Educaci\u00f3n Emocional - Diario Digital Femenino<\/title>\n<meta name=\"description\" content=\"ESI mucho m\u00e1s. Pretenden desplazar los espacios curriculares destinados a la ESI y reemplazarlos por una propuesta sobre Educaci\u00f3n Emocional.\" \/>\n<meta name=\"robots\" content=\"index, follow, max-snippet:-1, max-image-preview:large, max-video-preview:-1\" \/>\n<link rel=\"canonical\" href=\"https:\/\/diariofemenino.com.ar\/df\/esi-mucho-mas-que-educacion-emocional\/\" \/>\n<meta property=\"og:locale\" content=\"es_ES\" \/>\n<meta property=\"og:type\" content=\"article\" \/>\n<meta property=\"og:title\" content=\"ESI: Mucho m\u00e1s que Educaci\u00f3n Emocional - Diario Digital Femenino\" \/>\n<meta property=\"og:description\" content=\"ESI mucho m\u00e1s. Pretenden desplazar los espacios curriculares destinados a la ESI y reemplazarlos por una propuesta sobre Educaci\u00f3n Emocional.\" \/>\n<meta property=\"og:url\" content=\"https:\/\/diariofemenino.com.ar\/df\/esi-mucho-mas-que-educacion-emocional\/\" \/>\n<meta property=\"og:site_name\" content=\"Diario Digital Femenino\" \/>\n<meta property=\"article:publisher\" content=\"https:\/\/www.facebook.com\/DiarioDigitaFemenino\/\" \/>\n<meta property=\"article:published_time\" content=\"2024-10-25T14:10:07+00:00\" \/>\n<meta property=\"og:image\" content=\"https:\/\/diariofemenino.com.ar\/df\/wp-content\/uploads\/2024\/10\/que-son-las-emociones-1024x683-1.jpg\" \/>\n\t<meta property=\"og:image:width\" content=\"1024\" \/>\n\t<meta property=\"og:image:height\" content=\"683\" \/>\n\t<meta property=\"og:image:type\" content=\"image\/jpeg\" \/>\n<meta name=\"author\" content=\"Cielo\" \/>\n<meta name=\"twitter:card\" content=\"summary_large_image\" \/>\n<meta name=\"twitter:creator\" content=\"@DiarioFemenino1\" \/>\n<meta name=\"twitter:site\" content=\"@DiarioFemenino1\" \/>\n<meta name=\"twitter:label1\" content=\"Escrito por\" \/>\n\t<meta name=\"twitter:data1\" content=\"Cielo\" \/>\n\t<meta name=\"twitter:label2\" content=\"Tiempo de lectura\" \/>\n\t<meta name=\"twitter:data2\" content=\"5 minutos\" \/>\n<script type=\"application\/ld+json\" class=\"yoast-schema-graph\">{\"@context\":\"https:\\\/\\\/schema.org\",\"@graph\":[{\"@type\":\"Article\",\"@id\":\"https:\\\/\\\/diariofemenino.com.ar\\\/df\\\/esi-mucho-mas-que-educacion-emocional\\\/#article\",\"isPartOf\":{\"@id\":\"https:\\\/\\\/diariofemenino.com.ar\\\/df\\\/esi-mucho-mas-que-educacion-emocional\\\/\"},\"author\":{\"name\":\"Cielo\",\"@id\":\"https:\\\/\\\/diariofemenino.com.ar\\\/df\\\/#\\\/schema\\\/person\\\/ce54da1b7adbe9089bca325dbe254d1b\"},\"headline\":\"ESI: Mucho m\u00e1s que Educaci\u00f3n Emocional\",\"datePublished\":\"2024-10-25T14:10:07+00:00\",\"mainEntityOfPage\":{\"@id\":\"https:\\\/\\\/diariofemenino.com.ar\\\/df\\\/esi-mucho-mas-que-educacion-emocional\\\/\"},\"wordCount\":1053,\"commentCount\":0,\"publisher\":{\"@id\":\"https:\\\/\\\/diariofemenino.com.ar\\\/df\\\/#organization\"},\"image\":{\"@id\":\"https:\\\/\\\/diariofemenino.com.ar\\\/df\\\/esi-mucho-mas-que-educacion-emocional\\\/#primaryimage\"},\"thumbnailUrl\":\"https:\\\/\\\/diariofemenino.com.ar\\\/df\\\/wp-content\\\/uploads\\\/2024\\\/10\\\/que-son-las-emociones-1024x683-1.jpg\",\"keywords\":[\"control\",\"Destacada\",\"Educaci\u00f3n\",\"Emociones\",\"ESI\",\"Mar\u00eda In\u00e9s Alvarado\"],\"articleSection\":[\"Agenda Feminista\",\"Azul Profundo\",\"De ESI S\u00ed Se Habla\",\"G\u00e9nero y Derechos Humanos\",\"Informes\",\"Mujeres en Palabras\",\"Noticias\",\"Salud\"],\"inLanguage\":\"es\",\"potentialAction\":[{\"@type\":\"CommentAction\",\"name\":\"Comment\",\"target\":[\"https:\\\/\\\/diariofemenino.com.ar\\\/df\\\/esi-mucho-mas-que-educacion-emocional\\\/#respond\"]}]},{\"@type\":\"WebPage\",\"@id\":\"https:\\\/\\\/diariofemenino.com.ar\\\/df\\\/esi-mucho-mas-que-educacion-emocional\\\/\",\"url\":\"https:\\\/\\\/diariofemenino.com.ar\\\/df\\\/esi-mucho-mas-que-educacion-emocional\\\/\",\"name\":\"ESI: Mucho m\u00e1s que Educaci\u00f3n Emocional - Diario Digital Femenino\",\"isPartOf\":{\"@id\":\"https:\\\/\\\/diariofemenino.com.ar\\\/df\\\/#website\"},\"primaryImageOfPage\":{\"@id\":\"https:\\\/\\\/diariofemenino.com.ar\\\/df\\\/esi-mucho-mas-que-educacion-emocional\\\/#primaryimage\"},\"image\":{\"@id\":\"https:\\\/\\\/diariofemenino.com.ar\\\/df\\\/esi-mucho-mas-que-educacion-emocional\\\/#primaryimage\"},\"thumbnailUrl\":\"https:\\\/\\\/diariofemenino.com.ar\\\/df\\\/wp-content\\\/uploads\\\/2024\\\/10\\\/que-son-las-emociones-1024x683-1.jpg\",\"datePublished\":\"2024-10-25T14:10:07+00:00\",\"description\":\"ESI mucho m\u00e1s. Pretenden desplazar los espacios curriculares destinados a la ESI y reemplazarlos por una propuesta sobre Educaci\u00f3n Emocional.\",\"breadcrumb\":{\"@id\":\"https:\\\/\\\/diariofemenino.com.ar\\\/df\\\/esi-mucho-mas-que-educacion-emocional\\\/#breadcrumb\"},\"inLanguage\":\"es\",\"potentialAction\":[{\"@type\":\"ReadAction\",\"target\":[\"https:\\\/\\\/diariofemenino.com.ar\\\/df\\\/esi-mucho-mas-que-educacion-emocional\\\/\"]}]},{\"@type\":\"ImageObject\",\"inLanguage\":\"es\",\"@id\":\"https:\\\/\\\/diariofemenino.com.ar\\\/df\\\/esi-mucho-mas-que-educacion-emocional\\\/#primaryimage\",\"url\":\"https:\\\/\\\/diariofemenino.com.ar\\\/df\\\/wp-content\\\/uploads\\\/2024\\\/10\\\/que-son-las-emociones-1024x683-1.jpg\",\"contentUrl\":\"https:\\\/\\\/diariofemenino.com.ar\\\/df\\\/wp-content\\\/uploads\\\/2024\\\/10\\\/que-son-las-emociones-1024x683-1.jpg\",\"width\":1024,\"height\":683,\"caption\":\"ESI: Mucho m\u00e1s que Educaci\u00f3n Emocional\"},{\"@type\":\"BreadcrumbList\",\"@id\":\"https:\\\/\\\/diariofemenino.com.ar\\\/df\\\/esi-mucho-mas-que-educacion-emocional\\\/#breadcrumb\",\"itemListElement\":[{\"@type\":\"ListItem\",\"position\":1,\"name\":\"Portada\",\"item\":\"https:\\\/\\\/diariofemenino.com.ar\\\/df\\\/\"},{\"@type\":\"ListItem\",\"position\":2,\"name\":\"ESI: Mucho m\u00e1s que Educaci\u00f3n Emocional\"}]},{\"@type\":\"WebSite\",\"@id\":\"https:\\\/\\\/diariofemenino.com.ar\\\/df\\\/#website\",\"url\":\"https:\\\/\\\/diariofemenino.com.ar\\\/df\\\/\",\"name\":\"Diario Digital Femenino\",\"description\":\"Cuesti\u00f3n de G\u00e9nero\",\"publisher\":{\"@id\":\"https:\\\/\\\/diariofemenino.com.ar\\\/df\\\/#organization\"},\"potentialAction\":[{\"@type\":\"SearchAction\",\"target\":{\"@type\":\"EntryPoint\",\"urlTemplate\":\"https:\\\/\\\/diariofemenino.com.ar\\\/df\\\/?s={search_term_string}\"},\"query-input\":{\"@type\":\"PropertyValueSpecification\",\"valueRequired\":true,\"valueName\":\"search_term_string\"}}],\"inLanguage\":\"es\"},{\"@type\":\"Organization\",\"@id\":\"https:\\\/\\\/diariofemenino.com.ar\\\/df\\\/#organization\",\"name\":\"Diario Femenino\",\"url\":\"https:\\\/\\\/diariofemenino.com.ar\\\/df\\\/\",\"logo\":{\"@type\":\"ImageObject\",\"inLanguage\":\"es\",\"@id\":\"https:\\\/\\\/diariofemenino.com.ar\\\/df\\\/#\\\/schema\\\/logo\\\/image\\\/\",\"url\":\"https:\\\/\\\/diariofemenino.com.ar\\\/df\\\/wp-content\\\/uploads\\\/2018\\\/10\\\/logo.png\",\"contentUrl\":\"https:\\\/\\\/diariofemenino.com.ar\\\/df\\\/wp-content\\\/uploads\\\/2018\\\/10\\\/logo.png\",\"width\":500,\"height\":92,\"caption\":\"Diario Femenino\"},\"image\":{\"@id\":\"https:\\\/\\\/diariofemenino.com.ar\\\/df\\\/#\\\/schema\\\/logo\\\/image\\\/\"},\"sameAs\":[\"https:\\\/\\\/www.facebook.com\\\/DiarioDigitaFemenino\\\/\",\"https:\\\/\\\/x.com\\\/DiarioFemenino1\"]},{\"@type\":\"Person\",\"@id\":\"https:\\\/\\\/diariofemenino.com.ar\\\/df\\\/#\\\/schema\\\/person\\\/ce54da1b7adbe9089bca325dbe254d1b\",\"name\":\"Cielo\",\"image\":{\"@type\":\"ImageObject\",\"inLanguage\":\"es\",\"@id\":\"https:\\\/\\\/diariofemenino.com.ar\\\/df\\\/wp-content\\\/uploads\\\/2024\\\/09\\\/WhatsApp-Image-2024-09-14-at-08.40.041-150x102.jpg\",\"url\":\"https:\\\/\\\/diariofemenino.com.ar\\\/df\\\/wp-content\\\/uploads\\\/2024\\\/09\\\/WhatsApp-Image-2024-09-14-at-08.40.041-150x102.jpg\",\"contentUrl\":\"https:\\\/\\\/diariofemenino.com.ar\\\/df\\\/wp-content\\\/uploads\\\/2024\\\/09\\\/WhatsApp-Image-2024-09-14-at-08.40.041-150x102.jpg\",\"caption\":\"Cielo\"},\"url\":\"https:\\\/\\\/diariofemenino.com.ar\\\/df\\\/author\\\/cieloddf\\\/\"}]}<\/script>\n<!-- \/ Yoast SEO plugin. -->","yoast_head_json":{"title":"ESI: Mucho m\u00e1s que Educaci\u00f3n Emocional - Diario Digital Femenino","description":"ESI mucho m\u00e1s. Pretenden desplazar los espacios curriculares destinados a la ESI y reemplazarlos por una propuesta sobre Educaci\u00f3n Emocional.","robots":{"index":"index","follow":"follow","max-snippet":"max-snippet:-1","max-image-preview":"max-image-preview:large","max-video-preview":"max-video-preview:-1"},"canonical":"https:\/\/diariofemenino.com.ar\/df\/esi-mucho-mas-que-educacion-emocional\/","og_locale":"es_ES","og_type":"article","og_title":"ESI: Mucho m\u00e1s que Educaci\u00f3n Emocional - Diario Digital Femenino","og_description":"ESI mucho m\u00e1s. Pretenden desplazar los espacios curriculares destinados a la ESI y reemplazarlos por una propuesta sobre Educaci\u00f3n Emocional.","og_url":"https:\/\/diariofemenino.com.ar\/df\/esi-mucho-mas-que-educacion-emocional\/","og_site_name":"Diario Digital Femenino","article_publisher":"https:\/\/www.facebook.com\/DiarioDigitaFemenino\/","article_published_time":"2024-10-25T14:10:07+00:00","og_image":[{"width":1024,"height":683,"url":"https:\/\/diariofemenino.com.ar\/df\/wp-content\/uploads\/2024\/10\/que-son-las-emociones-1024x683-1.jpg","type":"image\/jpeg"}],"author":"Cielo","twitter_card":"summary_large_image","twitter_creator":"@DiarioFemenino1","twitter_site":"@DiarioFemenino1","twitter_misc":{"Escrito por":"Cielo","Tiempo de lectura":"5 minutos"},"schema":{"@context":"https:\/\/schema.org","@graph":[{"@type":"Article","@id":"https:\/\/diariofemenino.com.ar\/df\/esi-mucho-mas-que-educacion-emocional\/#article","isPartOf":{"@id":"https:\/\/diariofemenino.com.ar\/df\/esi-mucho-mas-que-educacion-emocional\/"},"author":{"name":"Cielo","@id":"https:\/\/diariofemenino.com.ar\/df\/#\/schema\/person\/ce54da1b7adbe9089bca325dbe254d1b"},"headline":"ESI: Mucho m\u00e1s que Educaci\u00f3n Emocional","datePublished":"2024-10-25T14:10:07+00:00","mainEntityOfPage":{"@id":"https:\/\/diariofemenino.com.ar\/df\/esi-mucho-mas-que-educacion-emocional\/"},"wordCount":1053,"commentCount":0,"publisher":{"@id":"https:\/\/diariofemenino.com.ar\/df\/#organization"},"image":{"@id":"https:\/\/diariofemenino.com.ar\/df\/esi-mucho-mas-que-educacion-emocional\/#primaryimage"},"thumbnailUrl":"https:\/\/diariofemenino.com.ar\/df\/wp-content\/uploads\/2024\/10\/que-son-las-emociones-1024x683-1.jpg","keywords":["control","Destacada","Educaci\u00f3n","Emociones","ESI","Mar\u00eda In\u00e9s Alvarado"],"articleSection":["Agenda Feminista","Azul Profundo","De ESI S\u00ed Se Habla","G\u00e9nero y Derechos Humanos","Informes","Mujeres en Palabras","Noticias","Salud"],"inLanguage":"es","potentialAction":[{"@type":"CommentAction","name":"Comment","target":["https:\/\/diariofemenino.com.ar\/df\/esi-mucho-mas-que-educacion-emocional\/#respond"]}]},{"@type":"WebPage","@id":"https:\/\/diariofemenino.com.ar\/df\/esi-mucho-mas-que-educacion-emocional\/","url":"https:\/\/diariofemenino.com.ar\/df\/esi-mucho-mas-que-educacion-emocional\/","name":"ESI: Mucho m\u00e1s que Educaci\u00f3n Emocional - Diario Digital Femenino","isPartOf":{"@id":"https:\/\/diariofemenino.com.ar\/df\/#website"},"primaryImageOfPage":{"@id":"https:\/\/diariofemenino.com.ar\/df\/esi-mucho-mas-que-educacion-emocional\/#primaryimage"},"image":{"@id":"https:\/\/diariofemenino.com.ar\/df\/esi-mucho-mas-que-educacion-emocional\/#primaryimage"},"thumbnailUrl":"https:\/\/diariofemenino.com.ar\/df\/wp-content\/uploads\/2024\/10\/que-son-las-emociones-1024x683-1.jpg","datePublished":"2024-10-25T14:10:07+00:00","description":"ESI mucho m\u00e1s. Pretenden desplazar los espacios curriculares destinados a la ESI y reemplazarlos por una propuesta sobre Educaci\u00f3n Emocional.","breadcrumb":{"@id":"https:\/\/diariofemenino.com.ar\/df\/esi-mucho-mas-que-educacion-emocional\/#breadcrumb"},"inLanguage":"es","potentialAction":[{"@type":"ReadAction","target":["https:\/\/diariofemenino.com.ar\/df\/esi-mucho-mas-que-educacion-emocional\/"]}]},{"@type":"ImageObject","inLanguage":"es","@id":"https:\/\/diariofemenino.com.ar\/df\/esi-mucho-mas-que-educacion-emocional\/#primaryimage","url":"https:\/\/diariofemenino.com.ar\/df\/wp-content\/uploads\/2024\/10\/que-son-las-emociones-1024x683-1.jpg","contentUrl":"https:\/\/diariofemenino.com.ar\/df\/wp-content\/uploads\/2024\/10\/que-son-las-emociones-1024x683-1.jpg","width":1024,"height":683,"caption":"ESI: Mucho m\u00e1s que Educaci\u00f3n Emocional"},{"@type":"BreadcrumbList","@id":"https:\/\/diariofemenino.com.ar\/df\/esi-mucho-mas-que-educacion-emocional\/#breadcrumb","itemListElement":[{"@type":"ListItem","position":1,"name":"Portada","item":"https:\/\/diariofemenino.com.ar\/df\/"},{"@type":"ListItem","position":2,"name":"ESI: Mucho m\u00e1s que Educaci\u00f3n Emocional"}]},{"@type":"WebSite","@id":"https:\/\/diariofemenino.com.ar\/df\/#website","url":"https:\/\/diariofemenino.com.ar\/df\/","name":"Diario Digital Femenino","description":"Cuesti\u00f3n de G\u00e9nero","publisher":{"@id":"https:\/\/diariofemenino.com.ar\/df\/#organization"},"potentialAction":[{"@type":"SearchAction","target":{"@type":"EntryPoint","urlTemplate":"https:\/\/diariofemenino.com.ar\/df\/?s={search_term_string}"},"query-input":{"@type":"PropertyValueSpecification","valueRequired":true,"valueName":"search_term_string"}}],"inLanguage":"es"},{"@type":"Organization","@id":"https:\/\/diariofemenino.com.ar\/df\/#organization","name":"Diario Femenino","url":"https:\/\/diariofemenino.com.ar\/df\/","logo":{"@type":"ImageObject","inLanguage":"es","@id":"https:\/\/diariofemenino.com.ar\/df\/#\/schema\/logo\/image\/","url":"https:\/\/diariofemenino.com.ar\/df\/wp-content\/uploads\/2018\/10\/logo.png","contentUrl":"https:\/\/diariofemenino.com.ar\/df\/wp-content\/uploads\/2018\/10\/logo.png","width":500,"height":92,"caption":"Diario Femenino"},"image":{"@id":"https:\/\/diariofemenino.com.ar\/df\/#\/schema\/logo\/image\/"},"sameAs":["https:\/\/www.facebook.com\/DiarioDigitaFemenino\/","https:\/\/x.com\/DiarioFemenino1"]},{"@type":"Person","@id":"https:\/\/diariofemenino.com.ar\/df\/#\/schema\/person\/ce54da1b7adbe9089bca325dbe254d1b","name":"Cielo","image":{"@type":"ImageObject","inLanguage":"es","@id":"https:\/\/diariofemenino.com.ar\/df\/wp-content\/uploads\/2024\/09\/WhatsApp-Image-2024-09-14-at-08.40.041-150x102.jpg","url":"https:\/\/diariofemenino.com.ar\/df\/wp-content\/uploads\/2024\/09\/WhatsApp-Image-2024-09-14-at-08.40.041-150x102.jpg","contentUrl":"https:\/\/diariofemenino.com.ar\/df\/wp-content\/uploads\/2024\/09\/WhatsApp-Image-2024-09-14-at-08.40.041-150x102.jpg","caption":"Cielo"},"url":"https:\/\/diariofemenino.com.ar\/df\/author\/cieloddf\/"}]}},"jetpack_featured_media_url":"https:\/\/diariofemenino.com.ar\/df\/wp-content\/uploads\/2024\/10\/que-son-las-emociones-1024x683-1.jpg","jetpack_sharing_enabled":true,"rttpg_featured_image_url":{"full":["https:\/\/diariofemenino.com.ar\/df\/wp-content\/uploads\/2024\/10\/que-son-las-emociones-1024x683-1.jpg",1024,683,false],"landscape":["https:\/\/diariofemenino.com.ar\/df\/wp-content\/uploads\/2024\/10\/que-son-las-emociones-1024x683-1.jpg",1024,683,false],"portraits":["https:\/\/diariofemenino.com.ar\/df\/wp-content\/uploads\/2024\/10\/que-son-las-emociones-1024x683-1.jpg",1024,683,false],"thumbnail":["https:\/\/diariofemenino.com.ar\/df\/wp-content\/uploads\/2024\/10\/que-son-las-emociones-1024x683-1-150x150.jpg",150,150,true],"medium":["https:\/\/diariofemenino.com.ar\/df\/wp-content\/uploads\/2024\/10\/que-son-las-emociones-1024x683-1-300x200.jpg",300,200,true],"large":["https:\/\/diariofemenino.com.ar\/df\/wp-content\/uploads\/2024\/10\/que-son-las-emociones-1024x683-1.jpg",1024,683,false],"1536x1536":["https:\/\/diariofemenino.com.ar\/df\/wp-content\/uploads\/2024\/10\/que-son-las-emociones-1024x683-1.jpg",1024,683,false],"2048x2048":["https:\/\/diariofemenino.com.ar\/df\/wp-content\/uploads\/2024\/10\/que-son-las-emociones-1024x683-1.jpg",1024,683,false]},"rttpg_author":{"display_name":"Cielo","author_link":"https:\/\/diariofemenino.com.ar\/df\/author\/cieloddf\/"},"rttpg_comment":0,"rttpg_category":"<a href=\"https:\/\/diariofemenino.com.ar\/df\/category\/agenda-feminista\/\" rel=\"category tag\">Agenda Feminista<\/a> <a href=\"https:\/\/diariofemenino.com.ar\/df\/category\/azul-profundo\/\" rel=\"category tag\">Azul Profundo<\/a> <a href=\"https:\/\/diariofemenino.com.ar\/df\/category\/de-esi-si-se-habla\/\" rel=\"category tag\">De ESI S\u00ed Se Habla<\/a> <a href=\"https:\/\/diariofemenino.com.ar\/df\/category\/genero-y-derechos-humanos\/\" rel=\"category tag\">G\u00e9nero y Derechos Humanos<\/a> <a href=\"https:\/\/diariofemenino.com.ar\/df\/category\/informes\/\" rel=\"category tag\">Informes<\/a> <a href=\"https:\/\/diariofemenino.com.ar\/df\/category\/articulos\/\" rel=\"category tag\">Mujeres en Palabras<\/a> <a href=\"https:\/\/diariofemenino.com.ar\/df\/category\/noticias\/\" rel=\"category tag\">Noticias<\/a> <a href=\"https:\/\/diariofemenino.com.ar\/df\/category\/salud\/\" rel=\"category tag\">Salud<\/a>","rttpg_excerpt":"En los \u00faltimos meses, desde el Ministerio de Educaci\u00f3n de la Ciudad de Buenos Aires, impulsado por el jefe de gobierno Jorge Macri, se viene desarrollando una reforma curricular para el nivel primario que implica desplazar los espacios curriculares destinados a la Educaci\u00f3n Sexual Integral (ESI) y reemplazarlos por una propuesta curricular referida a la&hellip;","_links":{"self":[{"href":"https:\/\/diariofemenino.com.ar\/df\/wp-json\/wp\/v2\/posts\/74294","targetHints":{"allow":["GET"]}}],"collection":[{"href":"https:\/\/diariofemenino.com.ar\/df\/wp-json\/wp\/v2\/posts"}],"about":[{"href":"https:\/\/diariofemenino.com.ar\/df\/wp-json\/wp\/v2\/types\/post"}],"author":[{"embeddable":true,"href":"https:\/\/diariofemenino.com.ar\/df\/wp-json\/wp\/v2\/users\/7"}],"replies":[{"embeddable":true,"href":"https:\/\/diariofemenino.com.ar\/df\/wp-json\/wp\/v2\/comments?post=74294"}],"version-history":[{"count":0,"href":"https:\/\/diariofemenino.com.ar\/df\/wp-json\/wp\/v2\/posts\/74294\/revisions"}],"wp:featuredmedia":[{"embeddable":true,"href":"https:\/\/diariofemenino.com.ar\/df\/wp-json\/wp\/v2\/media\/74298"}],"wp:attachment":[{"href":"https:\/\/diariofemenino.com.ar\/df\/wp-json\/wp\/v2\/media?parent=74294"}],"wp:term":[{"taxonomy":"category","embeddable":true,"href":"https:\/\/diariofemenino.com.ar\/df\/wp-json\/wp\/v2\/categories?post=74294"},{"taxonomy":"post_tag","embeddable":true,"href":"https:\/\/diariofemenino.com.ar\/df\/wp-json\/wp\/v2\/tags?post=74294"}],"curies":[{"name":"wp","href":"https:\/\/api.w.org\/{rel}","templated":true}]}}