{"id":74262,"date":"2024-10-18T08:38:47","date_gmt":"2024-10-18T11:38:47","guid":{"rendered":"https:\/\/diariofemenino.com.ar\/df\/?p=74262"},"modified":"2024-10-18T08:38:47","modified_gmt":"2024-10-18T11:38:47","slug":"por-una-escuela-garante-y-promotora-de-derechos","status":"publish","type":"post","link":"https:\/\/diariofemenino.com.ar\/df\/por-una-escuela-garante-y-promotora-de-derechos\/","title":{"rendered":"Por una escuela garante y promotora de derechos"},"content":{"rendered":"<p>Octubre es un mes significativo en la Argentina para pensar efem\u00e9rides en relaci\u00f3n a la conquista de derechos. Por un lado, se cumplen 39 a\u00f1os de sancionada la <a href=\"https:\/\/buenosaires.gob.ar\/registro-civil\/normativa\/ley-no-23264\">Ley 23.264<\/a>, de Filiaci\u00f3n y Patria Potestad; tambi\u00e9n se conmemora el \u201cMes de la Protecci\u00f3n de los Derechos de Ni\u00f1as, Ni\u00f1os y Adolescentes\u201d (NNA) al cumplirse 19 a\u00f1os de la sanci\u00f3n de la <a href=\"https:\/\/servicios.infoleg.gob.ar\/infolegInternet\/anexos\/110000-114999\/110778\/norma.htm\">Ley Nacional 26.061<\/a> de Protecci\u00f3n Integral de los Derechos de NNyA y 18 a\u00f1os de la promulgaci\u00f3n de la <a href=\"https:\/\/servicios.infoleg.gob.ar\/infolegInternet\/anexos\/120000-124999\/121222\/norma.htm\">Ley Nacional 26.150<\/a> de Educaci\u00f3n Sexual Integral (ESI). Las tres normas jur\u00eddicas iniciaron un cambio paradigm\u00e1tico sin precedentes en nuestro pa\u00eds, marcando un rol fundamental en la garant\u00eda de derechos de NNyA que puede ser pensado y celebrado en las aulas.<\/p>\n<p>Por\u00a0<strong><em><a href=\"https:\/\/diariofemenino.com.ar\/df\/?s=Mar%C3%ADa+In%C3%A9s+Alvarado\">Mar\u00eda In\u00e9s Alvarado<\/a>*<br \/>\n<\/em><\/strong>para\u00a0<strong><em><a href=\"https:\/\/www.instagram.com\/diariodigitalfemenino_\/\">Diario Digital Femenino<\/a><\/em><\/strong><\/p>\n<p>Con el retorno a la democracia, el 23 de octubre de 1985, el Congreso consagr\u00f3 la posibilidad de reconocer los derechos de las mujeres respecto de sus hijas e hijos, modificando una normativa del siglo XIX que habilitaba s\u00f3lo a los padres varones a tener potestad sobre su descendencia. Esta normativa, pensada desde una perspectiva de g\u00e9nero, equipar\u00f3 a las mujeres en sus deberes en relaci\u00f3n con hijos e hijas, permitiendo tambi\u00e9n el reconocimiento del derecho a la identidad, al igualar ante la ley a quienes hasta el momento, se consideraba <em>\u201chijos extramatrimoniales o ileg\u00edtimos\u201d. <\/em>Cinco a\u00f1os m\u00e1s tarde, el 16 de octubre de 1990, se promulg\u00f3 la ley 23.849, que ratifica la Convenci\u00f3n sobre los Derechos del Ni\u00f1o (CDN), abriendo camino a la posibilidad de reconocer a NNA como sujetos de derechos, cambiando la mirada de reconocer a la ni\u00f1ez y la adolescencia.<\/p>\n<p>Quince a\u00f1os pasaron hasta que, el 26 de octubre de 2005, se publica en el Bolet\u00edn Oficial la Ley 26.061, en reemplazo de la Ley del Patronato o Ley Agote N\u00b0 10.903, que data de 1919. La gran diferencia entre una y otra es que, mientras que aquella consideraba a ni\u00f1os y ni\u00f1as como \u00abmenores\u00bb objetos de tutela por parte del Estado a trav\u00e9s del juez con uso de una facultad discrecional absoluta, la legislaci\u00f3n actual considera a NNyA como sujetos de derecho, lo cual significa que gozan de los derechos que les corresponden a todas las personas, pero, que adem\u00e1s, tienen derechos espec\u00edficos y especiales derivados de su condici\u00f3n, y que se traducen en deberes espec\u00edficos para la familia, la sociedad y el Estado. Esto implica, que se proteja su vida y se respete su intimidad; hacer deporte, a jugar y disfrutar de un ambiente sano; a no sufrir humillaciones ni abusos de ning\u00fan tipo; a que se respete su honor y se proteja su imagen; a conocer a sus padres biol\u00f3gicos y mantener un v\u00ednculo con ellos aunque est\u00e9n separados; a recibir educaci\u00f3n p\u00fablica y gratuita; a expresar sus opiniones; entre otras cosas.<\/p>\n<figure id=\"attachment_74264\" aria-describedby=\"caption-attachment-74264\" style=\"width: 474px\" class=\"wp-caption aligncenter\"><img loading=\"lazy\" decoding=\"async\" class=\" wp-image-74264\" src=\"https:\/\/diariofemenino.com.ar\/df\/wp-content\/uploads\/2024\/10\/educacion-sexual-integral.jpg_344325628-1-300x184.jpg\" alt=\"Por una escuela garante y promotora de derechos\" width=\"474\" height=\"291\" srcset=\"https:\/\/diariofemenino.com.ar\/df\/wp-content\/uploads\/2024\/10\/educacion-sexual-integral.jpg_344325628-1-300x184.jpg 300w, https:\/\/diariofemenino.com.ar\/df\/wp-content\/uploads\/2024\/10\/educacion-sexual-integral.jpg_344325628-1-768x472.jpg 768w, https:\/\/diariofemenino.com.ar\/df\/wp-content\/uploads\/2024\/10\/educacion-sexual-integral.jpg_344325628-1.jpg 923w\" sizes=\"auto, (max-width: 474px) 100vw, 474px\" \/><figcaption id=\"caption-attachment-74264\" class=\"wp-caption-text\">Por una escuela garante y promotora de derechos<\/figcaption><\/figure>\n<p>Esta legislaci\u00f3n, pionera en el reconocimiento de los derechos de ni\u00f1eces y adolescencias, se centra en el principio del \u00abinter\u00e9s superior del ni\u00f1o\u00bb y en la necesidad de asegurar condiciones dignas para su desarrollo al admitir el reconocimiento como sujetos de derechos. Sin embargo, las decisiones pol\u00edticas en materia de econom\u00eda y asistencia p\u00fablica de los \u00faltimos tiempos presentan desaf\u00edos urgentes en la protecci\u00f3n y restituci\u00f3n de derechos. La situaci\u00f3n de vulnerabilidad en la que viven ni\u00f1as, ni\u00f1os y adolescentes en contextos de pobreza sigue siendo alarmante. Si se tiene en cuenta que, seg\u00fan datos recientes de UNICEF <a href=\"https:\/\/www.pagina12.com.ar\/760762-el-63-de-los-ninos-y-adolescentes-son-pobres-en-argentina\">63% de ni\u00f1as, ni\u00f1os y adolescentes son pobres en Argentina<\/a> estamos en presencia de un drama que afecta directamente el acceso a esos derechos b\u00e1sicos como la educaci\u00f3n, la salud, la alimentaci\u00f3n o la vivienda que plantea la ley. Datos cr\u00edticos y ciertos que no describen la situaci\u00f3n de violencia y vulnerabilidad que viven en muchos hogares donde son v\u00edctimas o testigos directos de casos de abuso y maltrato.<\/p>\n<figure id=\"attachment_74265\" aria-describedby=\"caption-attachment-74265\" style=\"width: 451px\" class=\"wp-caption aligncenter\"><img loading=\"lazy\" decoding=\"async\" class=\" wp-image-74265\" src=\"https:\/\/diariofemenino.com.ar\/df\/wp-content\/uploads\/2024\/10\/ninos-300x165.jpg\" alt=\"Por una escuela garante y promotora de derechos\" width=\"451\" height=\"248\" srcset=\"https:\/\/diariofemenino.com.ar\/df\/wp-content\/uploads\/2024\/10\/ninos-300x165.jpg 300w, https:\/\/diariofemenino.com.ar\/df\/wp-content\/uploads\/2024\/10\/ninos-1024x564.jpg 1024w, https:\/\/diariofemenino.com.ar\/df\/wp-content\/uploads\/2024\/10\/ninos-768x423.jpg 768w, https:\/\/diariofemenino.com.ar\/df\/wp-content\/uploads\/2024\/10\/ninos.jpg 1046w\" sizes=\"auto, (max-width: 451px) 100vw, 451px\" \/><figcaption id=\"caption-attachment-74265\" class=\"wp-caption-text\">Por una escuela garante y promotora de derechos<\/figcaption><\/figure>\n<p>Por su parte, la Ley 26.150, herramienta educativa que promueve la construcci\u00f3n de ciudadan\u00eda, contiene entre sus lineamientos la posibilidad de que ni\u00f1eces y adolescencias ejerzan sus derechos, aprendan a vincularse desde el respeto y la equidad; construyan relaciones sanas libres de violencia, y participen activamente en la toma de decisiones que afectan sus vidas. Este enfoque, habilita que sean tenidos en cuenta como actores fundamentales para aprender a ejercer sus derechos y responsabilidades de manera plena.<\/p>\n<p>Por eso, en este contexto, el rol de la escuela es fundamental. La educaci\u00f3n debe ser no solo un espacio para la transmisi\u00f3n de conocimientos, sino tambi\u00e9n un lugar de protecci\u00f3n y promoci\u00f3n de derechos. Las escuelas deben ofrecer un entorno seguro donde NNA puedan desarrollarse plenamente, garantizando que cada estudiante tenga acceso a una educaci\u00f3n que promueva el respeto por los derechos humanos, y acceda a la construcci\u00f3n de una sociedad m\u00e1s justa e inclusiva<\/p>\n<p><strong>(*)<\/strong>\u00a0Docente, comunicadora. Co-directora de\u00a0<strong><a href=\"https:\/\/laesienjuego.com.ar\/\">La ESI en juego<\/a>.<br \/>\n<\/strong>Columnista\u00a0de\u00a0<strong><a href=\"https:\/\/diariofemenino.com.ar\/df\/category\/de-esi-si-se-habla\/\">Diario Digital Femenino\u00a0<\/a><\/strong>\u2013\u00a0<a href=\"https:\/\/diariofemenino.com.ar\/df\/category\/de-esi-si-se-habla\/\">De ESI S\u00ed Se Habla<\/a><\/p>\n<p>&nbsp;<\/p>\n<blockquote><p>Seguinos en Instagram.<strong>\u00a0Diario Digital Femenino:\u00a0<a href=\"https:\/\/www.instagram.com\/diariodigitalfemenino_\/\">@diariodigitalfemenino_<\/a><br \/>\nLenny C\u00e1ceres:\u00a0<a href=\"https:\/\/www.instagram.com\/lennycaceres69\/\">@lennycaceres69<\/a><br \/>\n<\/strong>Facebook:\u00a0<strong><a href=\"https:\/\/www.facebook.com\/DiarioDigitalFemenino\/\">Diario Digital Femenino\u00a0<\/a><\/strong><\/p><\/blockquote>\n<p>&nbsp;<\/p>\n<p>&nbsp;<\/p>\n","protected":false},"excerpt":{"rendered":"<p>Octubre es un mes significativo en la Argentina para pensar efem\u00e9rides en relaci\u00f3n a la conquista de derechos. Por un lado, se cumplen 39 a\u00f1os de sancionada la Ley 23.264, de Filiaci\u00f3n y Patria Potestad; tambi\u00e9n se conmemora el \u201cMes de la Protecci\u00f3n de los Derechos de Ni\u00f1as, Ni\u00f1os y Adolescentes\u201d (NNA) al cumplirse 19 [&hellip;]<\/p>\n","protected":false},"author":7,"featured_media":74263,"comment_status":"open","ping_status":"open","sticky":false,"template":"","format":"standard","meta":{"iawp_total_views":35,"footnotes":""},"categories":[7,1067,178,581,9,627,182,21],"tags":[397,124,567,4372,4441,568,54,1525,7243],"class_list":["post-74262","post","type-post","status-publish","format-standard","has-post-thumbnail","hentry","category-actividades","category-agenda-feminista","category-articulos-y-comunicados","category-azul-profundo","category-de-esi-si-se-habla","category-genero-y-derechos-humanos","category-informes","category-noticias","tag-derechos","tag-adolescentes","tag-de-esi-si-se-habla","tag-destacada","tag-efemerides","tag-maria-ines-alvarado","tag-ninas","tag-ninos","tag-octubre"],"nelio_content":{"autoShareEndMode":"never","automationSources":{"useCustomSentences":false,"customSentences":[]},"efiAlt":"","efiUrl":"","followers":[7],"highlights":[],"isAutoShareEnabled":true,"networkImageIds":[],"permalinkQueryArgs":[],"series":[],"suggestedReferences":[]},"yoast_head":"<!-- This site is optimized with the Yoast SEO plugin v27.5 - https:\/\/yoast.com\/product\/yoast-seo-wordpress\/ -->\n<title>Por una escuela garante y promotora de derechos - Diario Digital Femenino<\/title>\n<meta name=\"description\" content=\"Por una escuela garante. Octubre es un mes significativo en la Argentina para pensar efem\u00e9rides en relaci\u00f3n a la conquista de derechos.\" \/>\n<meta name=\"robots\" content=\"index, follow, max-snippet:-1, max-image-preview:large, max-video-preview:-1\" \/>\n<link rel=\"canonical\" href=\"https:\/\/diariofemenino.com.ar\/df\/por-una-escuela-garante-y-promotora-de-derechos\/\" \/>\n<meta property=\"og:locale\" content=\"es_ES\" \/>\n<meta property=\"og:type\" content=\"article\" \/>\n<meta property=\"og:title\" content=\"Por una escuela garante y promotora de derechos - Diario Digital Femenino\" \/>\n<meta property=\"og:description\" content=\"Por una escuela garante. Octubre es un mes significativo en la Argentina para pensar efem\u00e9rides en relaci\u00f3n a la conquista de derechos.\" \/>\n<meta property=\"og:url\" content=\"https:\/\/diariofemenino.com.ar\/df\/por-una-escuela-garante-y-promotora-de-derechos\/\" \/>\n<meta property=\"og:site_name\" content=\"Diario Digital Femenino\" \/>\n<meta property=\"article:publisher\" content=\"https:\/\/www.facebook.com\/DiarioDigitaFemenino\/\" \/>\n<meta property=\"article:published_time\" content=\"2024-10-18T11:38:47+00:00\" \/>\n<meta property=\"og:image\" content=\"https:\/\/diariofemenino.com.ar\/df\/wp-content\/uploads\/2024\/10\/juguemos-png-c.png\" \/>\n\t<meta property=\"og:image:width\" content=\"900\" \/>\n\t<meta property=\"og:image:height\" content=\"875\" \/>\n\t<meta property=\"og:image:type\" content=\"image\/png\" \/>\n<meta name=\"author\" content=\"Cielo\" \/>\n<meta name=\"twitter:card\" content=\"summary_large_image\" \/>\n<meta name=\"twitter:creator\" content=\"@DiarioFemenino1\" \/>\n<meta name=\"twitter:site\" content=\"@DiarioFemenino1\" \/>\n<meta name=\"twitter:label1\" content=\"Escrito por\" \/>\n\t<meta name=\"twitter:data1\" content=\"Cielo\" \/>\n\t<meta name=\"twitter:label2\" content=\"Tiempo de lectura\" \/>\n\t<meta name=\"twitter:data2\" content=\"5 minutos\" \/>\n<script type=\"application\/ld+json\" class=\"yoast-schema-graph\">{\"@context\":\"https:\\\/\\\/schema.org\",\"@graph\":[{\"@type\":\"Article\",\"@id\":\"https:\\\/\\\/diariofemenino.com.ar\\\/df\\\/por-una-escuela-garante-y-promotora-de-derechos\\\/#article\",\"isPartOf\":{\"@id\":\"https:\\\/\\\/diariofemenino.com.ar\\\/df\\\/por-una-escuela-garante-y-promotora-de-derechos\\\/\"},\"author\":{\"name\":\"Cielo\",\"@id\":\"https:\\\/\\\/diariofemenino.com.ar\\\/df\\\/#\\\/schema\\\/person\\\/ce54da1b7adbe9089bca325dbe254d1b\"},\"headline\":\"Por una escuela garante y promotora de derechos\",\"datePublished\":\"2024-10-18T11:38:47+00:00\",\"mainEntityOfPage\":{\"@id\":\"https:\\\/\\\/diariofemenino.com.ar\\\/df\\\/por-una-escuela-garante-y-promotora-de-derechos\\\/\"},\"wordCount\":923,\"commentCount\":0,\"publisher\":{\"@id\":\"https:\\\/\\\/diariofemenino.com.ar\\\/df\\\/#organization\"},\"image\":{\"@id\":\"https:\\\/\\\/diariofemenino.com.ar\\\/df\\\/por-una-escuela-garante-y-promotora-de-derechos\\\/#primaryimage\"},\"thumbnailUrl\":\"https:\\\/\\\/diariofemenino.com.ar\\\/df\\\/wp-content\\\/uploads\\\/2024\\\/10\\\/juguemos-png-c.png\",\"keywords\":[\"#derechos\",\"Adolescentes\",\"De ESI s\u00ed se habla\",\"Destacada\",\"Efem\u00e9rides\",\"Mar\u00eda In\u00e9s Alvarado\",\"Ni\u00f1as\",\"Ni\u00f1os\",\"octubre\"],\"articleSection\":[\"Actividades\",\"Agenda Feminista\",\"Art\u00edculos y Comunicados\",\"Azul Profundo\",\"De ESI S\u00ed Se Habla\",\"G\u00e9nero y Derechos Humanos\",\"Informes\",\"Noticias\"],\"inLanguage\":\"es\",\"potentialAction\":[{\"@type\":\"CommentAction\",\"name\":\"Comment\",\"target\":[\"https:\\\/\\\/diariofemenino.com.ar\\\/df\\\/por-una-escuela-garante-y-promotora-de-derechos\\\/#respond\"]}]},{\"@type\":\"WebPage\",\"@id\":\"https:\\\/\\\/diariofemenino.com.ar\\\/df\\\/por-una-escuela-garante-y-promotora-de-derechos\\\/\",\"url\":\"https:\\\/\\\/diariofemenino.com.ar\\\/df\\\/por-una-escuela-garante-y-promotora-de-derechos\\\/\",\"name\":\"Por una escuela garante y promotora de derechos - Diario Digital Femenino\",\"isPartOf\":{\"@id\":\"https:\\\/\\\/diariofemenino.com.ar\\\/df\\\/#website\"},\"primaryImageOfPage\":{\"@id\":\"https:\\\/\\\/diariofemenino.com.ar\\\/df\\\/por-una-escuela-garante-y-promotora-de-derechos\\\/#primaryimage\"},\"image\":{\"@id\":\"https:\\\/\\\/diariofemenino.com.ar\\\/df\\\/por-una-escuela-garante-y-promotora-de-derechos\\\/#primaryimage\"},\"thumbnailUrl\":\"https:\\\/\\\/diariofemenino.com.ar\\\/df\\\/wp-content\\\/uploads\\\/2024\\\/10\\\/juguemos-png-c.png\",\"datePublished\":\"2024-10-18T11:38:47+00:00\",\"description\":\"Por una escuela garante. Octubre es un mes significativo en la Argentina para pensar efem\u00e9rides en relaci\u00f3n a la conquista de derechos.\",\"breadcrumb\":{\"@id\":\"https:\\\/\\\/diariofemenino.com.ar\\\/df\\\/por-una-escuela-garante-y-promotora-de-derechos\\\/#breadcrumb\"},\"inLanguage\":\"es\",\"potentialAction\":[{\"@type\":\"ReadAction\",\"target\":[\"https:\\\/\\\/diariofemenino.com.ar\\\/df\\\/por-una-escuela-garante-y-promotora-de-derechos\\\/\"]}]},{\"@type\":\"ImageObject\",\"inLanguage\":\"es\",\"@id\":\"https:\\\/\\\/diariofemenino.com.ar\\\/df\\\/por-una-escuela-garante-y-promotora-de-derechos\\\/#primaryimage\",\"url\":\"https:\\\/\\\/diariofemenino.com.ar\\\/df\\\/wp-content\\\/uploads\\\/2024\\\/10\\\/juguemos-png-c.png\",\"contentUrl\":\"https:\\\/\\\/diariofemenino.com.ar\\\/df\\\/wp-content\\\/uploads\\\/2024\\\/10\\\/juguemos-png-c.png\",\"width\":900,\"height\":875,\"caption\":\"Octubre es un mes significativo en la Argentina para pensar efem\u00e9rides en relaci\u00f3n a la conquista de derechos\"},{\"@type\":\"BreadcrumbList\",\"@id\":\"https:\\\/\\\/diariofemenino.com.ar\\\/df\\\/por-una-escuela-garante-y-promotora-de-derechos\\\/#breadcrumb\",\"itemListElement\":[{\"@type\":\"ListItem\",\"position\":1,\"name\":\"Portada\",\"item\":\"https:\\\/\\\/diariofemenino.com.ar\\\/df\\\/\"},{\"@type\":\"ListItem\",\"position\":2,\"name\":\"Por una escuela garante y promotora de derechos\"}]},{\"@type\":\"WebSite\",\"@id\":\"https:\\\/\\\/diariofemenino.com.ar\\\/df\\\/#website\",\"url\":\"https:\\\/\\\/diariofemenino.com.ar\\\/df\\\/\",\"name\":\"Diario Digital Femenino\",\"description\":\"Cuesti\u00f3n de G\u00e9nero\",\"publisher\":{\"@id\":\"https:\\\/\\\/diariofemenino.com.ar\\\/df\\\/#organization\"},\"potentialAction\":[{\"@type\":\"SearchAction\",\"target\":{\"@type\":\"EntryPoint\",\"urlTemplate\":\"https:\\\/\\\/diariofemenino.com.ar\\\/df\\\/?s={search_term_string}\"},\"query-input\":{\"@type\":\"PropertyValueSpecification\",\"valueRequired\":true,\"valueName\":\"search_term_string\"}}],\"inLanguage\":\"es\"},{\"@type\":\"Organization\",\"@id\":\"https:\\\/\\\/diariofemenino.com.ar\\\/df\\\/#organization\",\"name\":\"Diario Femenino\",\"url\":\"https:\\\/\\\/diariofemenino.com.ar\\\/df\\\/\",\"logo\":{\"@type\":\"ImageObject\",\"inLanguage\":\"es\",\"@id\":\"https:\\\/\\\/diariofemenino.com.ar\\\/df\\\/#\\\/schema\\\/logo\\\/image\\\/\",\"url\":\"https:\\\/\\\/diariofemenino.com.ar\\\/df\\\/wp-content\\\/uploads\\\/2018\\\/10\\\/logo.png\",\"contentUrl\":\"https:\\\/\\\/diariofemenino.com.ar\\\/df\\\/wp-content\\\/uploads\\\/2018\\\/10\\\/logo.png\",\"width\":500,\"height\":92,\"caption\":\"Diario Femenino\"},\"image\":{\"@id\":\"https:\\\/\\\/diariofemenino.com.ar\\\/df\\\/#\\\/schema\\\/logo\\\/image\\\/\"},\"sameAs\":[\"https:\\\/\\\/www.facebook.com\\\/DiarioDigitaFemenino\\\/\",\"https:\\\/\\\/x.com\\\/DiarioFemenino1\"]},{\"@type\":\"Person\",\"@id\":\"https:\\\/\\\/diariofemenino.com.ar\\\/df\\\/#\\\/schema\\\/person\\\/ce54da1b7adbe9089bca325dbe254d1b\",\"name\":\"Cielo\",\"image\":{\"@type\":\"ImageObject\",\"inLanguage\":\"es\",\"@id\":\"https:\\\/\\\/diariofemenino.com.ar\\\/df\\\/wp-content\\\/uploads\\\/2024\\\/09\\\/WhatsApp-Image-2024-09-14-at-08.40.041-150x102.jpg\",\"url\":\"https:\\\/\\\/diariofemenino.com.ar\\\/df\\\/wp-content\\\/uploads\\\/2024\\\/09\\\/WhatsApp-Image-2024-09-14-at-08.40.041-150x102.jpg\",\"contentUrl\":\"https:\\\/\\\/diariofemenino.com.ar\\\/df\\\/wp-content\\\/uploads\\\/2024\\\/09\\\/WhatsApp-Image-2024-09-14-at-08.40.041-150x102.jpg\",\"caption\":\"Cielo\"},\"url\":\"https:\\\/\\\/diariofemenino.com.ar\\\/df\\\/author\\\/cieloddf\\\/\"}]}<\/script>\n<!-- \/ Yoast SEO plugin. -->","yoast_head_json":{"title":"Por una escuela garante y promotora de derechos - Diario Digital Femenino","description":"Por una escuela garante. Octubre es un mes significativo en la Argentina para pensar efem\u00e9rides en relaci\u00f3n a la conquista de derechos.","robots":{"index":"index","follow":"follow","max-snippet":"max-snippet:-1","max-image-preview":"max-image-preview:large","max-video-preview":"max-video-preview:-1"},"canonical":"https:\/\/diariofemenino.com.ar\/df\/por-una-escuela-garante-y-promotora-de-derechos\/","og_locale":"es_ES","og_type":"article","og_title":"Por una escuela garante y promotora de derechos - Diario Digital Femenino","og_description":"Por una escuela garante. Octubre es un mes significativo en la Argentina para pensar efem\u00e9rides en relaci\u00f3n a la conquista de derechos.","og_url":"https:\/\/diariofemenino.com.ar\/df\/por-una-escuela-garante-y-promotora-de-derechos\/","og_site_name":"Diario Digital Femenino","article_publisher":"https:\/\/www.facebook.com\/DiarioDigitaFemenino\/","article_published_time":"2024-10-18T11:38:47+00:00","og_image":[{"width":900,"height":875,"url":"https:\/\/diariofemenino.com.ar\/df\/wp-content\/uploads\/2024\/10\/juguemos-png-c.png","type":"image\/png"}],"author":"Cielo","twitter_card":"summary_large_image","twitter_creator":"@DiarioFemenino1","twitter_site":"@DiarioFemenino1","twitter_misc":{"Escrito por":"Cielo","Tiempo de lectura":"5 minutos"},"schema":{"@context":"https:\/\/schema.org","@graph":[{"@type":"Article","@id":"https:\/\/diariofemenino.com.ar\/df\/por-una-escuela-garante-y-promotora-de-derechos\/#article","isPartOf":{"@id":"https:\/\/diariofemenino.com.ar\/df\/por-una-escuela-garante-y-promotora-de-derechos\/"},"author":{"name":"Cielo","@id":"https:\/\/diariofemenino.com.ar\/df\/#\/schema\/person\/ce54da1b7adbe9089bca325dbe254d1b"},"headline":"Por una escuela garante y promotora de derechos","datePublished":"2024-10-18T11:38:47+00:00","mainEntityOfPage":{"@id":"https:\/\/diariofemenino.com.ar\/df\/por-una-escuela-garante-y-promotora-de-derechos\/"},"wordCount":923,"commentCount":0,"publisher":{"@id":"https:\/\/diariofemenino.com.ar\/df\/#organization"},"image":{"@id":"https:\/\/diariofemenino.com.ar\/df\/por-una-escuela-garante-y-promotora-de-derechos\/#primaryimage"},"thumbnailUrl":"https:\/\/diariofemenino.com.ar\/df\/wp-content\/uploads\/2024\/10\/juguemos-png-c.png","keywords":["#derechos","Adolescentes","De ESI s\u00ed se habla","Destacada","Efem\u00e9rides","Mar\u00eda In\u00e9s Alvarado","Ni\u00f1as","Ni\u00f1os","octubre"],"articleSection":["Actividades","Agenda Feminista","Art\u00edculos y Comunicados","Azul Profundo","De ESI S\u00ed Se Habla","G\u00e9nero y Derechos Humanos","Informes","Noticias"],"inLanguage":"es","potentialAction":[{"@type":"CommentAction","name":"Comment","target":["https:\/\/diariofemenino.com.ar\/df\/por-una-escuela-garante-y-promotora-de-derechos\/#respond"]}]},{"@type":"WebPage","@id":"https:\/\/diariofemenino.com.ar\/df\/por-una-escuela-garante-y-promotora-de-derechos\/","url":"https:\/\/diariofemenino.com.ar\/df\/por-una-escuela-garante-y-promotora-de-derechos\/","name":"Por una escuela garante y promotora de derechos - Diario Digital Femenino","isPartOf":{"@id":"https:\/\/diariofemenino.com.ar\/df\/#website"},"primaryImageOfPage":{"@id":"https:\/\/diariofemenino.com.ar\/df\/por-una-escuela-garante-y-promotora-de-derechos\/#primaryimage"},"image":{"@id":"https:\/\/diariofemenino.com.ar\/df\/por-una-escuela-garante-y-promotora-de-derechos\/#primaryimage"},"thumbnailUrl":"https:\/\/diariofemenino.com.ar\/df\/wp-content\/uploads\/2024\/10\/juguemos-png-c.png","datePublished":"2024-10-18T11:38:47+00:00","description":"Por una escuela garante. Octubre es un mes significativo en la Argentina para pensar efem\u00e9rides en relaci\u00f3n a la conquista de derechos.","breadcrumb":{"@id":"https:\/\/diariofemenino.com.ar\/df\/por-una-escuela-garante-y-promotora-de-derechos\/#breadcrumb"},"inLanguage":"es","potentialAction":[{"@type":"ReadAction","target":["https:\/\/diariofemenino.com.ar\/df\/por-una-escuela-garante-y-promotora-de-derechos\/"]}]},{"@type":"ImageObject","inLanguage":"es","@id":"https:\/\/diariofemenino.com.ar\/df\/por-una-escuela-garante-y-promotora-de-derechos\/#primaryimage","url":"https:\/\/diariofemenino.com.ar\/df\/wp-content\/uploads\/2024\/10\/juguemos-png-c.png","contentUrl":"https:\/\/diariofemenino.com.ar\/df\/wp-content\/uploads\/2024\/10\/juguemos-png-c.png","width":900,"height":875,"caption":"Octubre es un mes significativo en la Argentina para pensar efem\u00e9rides en relaci\u00f3n a la conquista de derechos"},{"@type":"BreadcrumbList","@id":"https:\/\/diariofemenino.com.ar\/df\/por-una-escuela-garante-y-promotora-de-derechos\/#breadcrumb","itemListElement":[{"@type":"ListItem","position":1,"name":"Portada","item":"https:\/\/diariofemenino.com.ar\/df\/"},{"@type":"ListItem","position":2,"name":"Por una escuela garante y promotora de derechos"}]},{"@type":"WebSite","@id":"https:\/\/diariofemenino.com.ar\/df\/#website","url":"https:\/\/diariofemenino.com.ar\/df\/","name":"Diario Digital Femenino","description":"Cuesti\u00f3n de G\u00e9nero","publisher":{"@id":"https:\/\/diariofemenino.com.ar\/df\/#organization"},"potentialAction":[{"@type":"SearchAction","target":{"@type":"EntryPoint","urlTemplate":"https:\/\/diariofemenino.com.ar\/df\/?s={search_term_string}"},"query-input":{"@type":"PropertyValueSpecification","valueRequired":true,"valueName":"search_term_string"}}],"inLanguage":"es"},{"@type":"Organization","@id":"https:\/\/diariofemenino.com.ar\/df\/#organization","name":"Diario Femenino","url":"https:\/\/diariofemenino.com.ar\/df\/","logo":{"@type":"ImageObject","inLanguage":"es","@id":"https:\/\/diariofemenino.com.ar\/df\/#\/schema\/logo\/image\/","url":"https:\/\/diariofemenino.com.ar\/df\/wp-content\/uploads\/2018\/10\/logo.png","contentUrl":"https:\/\/diariofemenino.com.ar\/df\/wp-content\/uploads\/2018\/10\/logo.png","width":500,"height":92,"caption":"Diario Femenino"},"image":{"@id":"https:\/\/diariofemenino.com.ar\/df\/#\/schema\/logo\/image\/"},"sameAs":["https:\/\/www.facebook.com\/DiarioDigitaFemenino\/","https:\/\/x.com\/DiarioFemenino1"]},{"@type":"Person","@id":"https:\/\/diariofemenino.com.ar\/df\/#\/schema\/person\/ce54da1b7adbe9089bca325dbe254d1b","name":"Cielo","image":{"@type":"ImageObject","inLanguage":"es","@id":"https:\/\/diariofemenino.com.ar\/df\/wp-content\/uploads\/2024\/09\/WhatsApp-Image-2024-09-14-at-08.40.041-150x102.jpg","url":"https:\/\/diariofemenino.com.ar\/df\/wp-content\/uploads\/2024\/09\/WhatsApp-Image-2024-09-14-at-08.40.041-150x102.jpg","contentUrl":"https:\/\/diariofemenino.com.ar\/df\/wp-content\/uploads\/2024\/09\/WhatsApp-Image-2024-09-14-at-08.40.041-150x102.jpg","caption":"Cielo"},"url":"https:\/\/diariofemenino.com.ar\/df\/author\/cieloddf\/"}]}},"jetpack_featured_media_url":"https:\/\/diariofemenino.com.ar\/df\/wp-content\/uploads\/2024\/10\/juguemos-png-c.png","jetpack_sharing_enabled":true,"rttpg_featured_image_url":{"full":["https:\/\/diariofemenino.com.ar\/df\/wp-content\/uploads\/2024\/10\/juguemos-png-c.png",900,875,false],"landscape":["https:\/\/diariofemenino.com.ar\/df\/wp-content\/uploads\/2024\/10\/juguemos-png-c.png",900,875,false],"portraits":["https:\/\/diariofemenino.com.ar\/df\/wp-content\/uploads\/2024\/10\/juguemos-png-c.png",900,875,false],"thumbnail":["https:\/\/diariofemenino.com.ar\/df\/wp-content\/uploads\/2024\/10\/juguemos-png-c-150x150.png",150,150,true],"medium":["https:\/\/diariofemenino.com.ar\/df\/wp-content\/uploads\/2024\/10\/juguemos-png-c-300x292.png",300,292,true],"large":["https:\/\/diariofemenino.com.ar\/df\/wp-content\/uploads\/2024\/10\/juguemos-png-c.png",900,875,false],"1536x1536":["https:\/\/diariofemenino.com.ar\/df\/wp-content\/uploads\/2024\/10\/juguemos-png-c.png",900,875,false],"2048x2048":["https:\/\/diariofemenino.com.ar\/df\/wp-content\/uploads\/2024\/10\/juguemos-png-c.png",900,875,false]},"rttpg_author":{"display_name":"Cielo","author_link":"https:\/\/diariofemenino.com.ar\/df\/author\/cieloddf\/"},"rttpg_comment":0,"rttpg_category":"<a href=\"https:\/\/diariofemenino.com.ar\/df\/category\/actividades\/\" rel=\"category tag\">Actividades<\/a> <a href=\"https:\/\/diariofemenino.com.ar\/df\/category\/agenda-feminista\/\" rel=\"category tag\">Agenda Feminista<\/a> <a href=\"https:\/\/diariofemenino.com.ar\/df\/category\/articulos-y-comunicados\/\" rel=\"category tag\">Art\u00edculos y Comunicados<\/a> <a href=\"https:\/\/diariofemenino.com.ar\/df\/category\/azul-profundo\/\" rel=\"category tag\">Azul Profundo<\/a> <a href=\"https:\/\/diariofemenino.com.ar\/df\/category\/de-esi-si-se-habla\/\" rel=\"category tag\">De ESI S\u00ed Se Habla<\/a> <a href=\"https:\/\/diariofemenino.com.ar\/df\/category\/genero-y-derechos-humanos\/\" rel=\"category tag\">G\u00e9nero y Derechos Humanos<\/a> <a href=\"https:\/\/diariofemenino.com.ar\/df\/category\/informes\/\" rel=\"category tag\">Informes<\/a> <a href=\"https:\/\/diariofemenino.com.ar\/df\/category\/noticias\/\" rel=\"category tag\">Noticias<\/a>","rttpg_excerpt":"Octubre es un mes significativo en la Argentina para pensar efem\u00e9rides en relaci\u00f3n a la conquista de derechos. Por un lado, se cumplen 39 a\u00f1os de sancionada la Ley 23.264, de Filiaci\u00f3n y Patria Potestad; tambi\u00e9n se conmemora el \u201cMes de la Protecci\u00f3n de los Derechos de Ni\u00f1as, Ni\u00f1os y Adolescentes\u201d (NNA) al cumplirse 19&hellip;","_links":{"self":[{"href":"https:\/\/diariofemenino.com.ar\/df\/wp-json\/wp\/v2\/posts\/74262","targetHints":{"allow":["GET"]}}],"collection":[{"href":"https:\/\/diariofemenino.com.ar\/df\/wp-json\/wp\/v2\/posts"}],"about":[{"href":"https:\/\/diariofemenino.com.ar\/df\/wp-json\/wp\/v2\/types\/post"}],"author":[{"embeddable":true,"href":"https:\/\/diariofemenino.com.ar\/df\/wp-json\/wp\/v2\/users\/7"}],"replies":[{"embeddable":true,"href":"https:\/\/diariofemenino.com.ar\/df\/wp-json\/wp\/v2\/comments?post=74262"}],"version-history":[{"count":0,"href":"https:\/\/diariofemenino.com.ar\/df\/wp-json\/wp\/v2\/posts\/74262\/revisions"}],"wp:featuredmedia":[{"embeddable":true,"href":"https:\/\/diariofemenino.com.ar\/df\/wp-json\/wp\/v2\/media\/74263"}],"wp:attachment":[{"href":"https:\/\/diariofemenino.com.ar\/df\/wp-json\/wp\/v2\/media?parent=74262"}],"wp:term":[{"taxonomy":"category","embeddable":true,"href":"https:\/\/diariofemenino.com.ar\/df\/wp-json\/wp\/v2\/categories?post=74262"},{"taxonomy":"post_tag","embeddable":true,"href":"https:\/\/diariofemenino.com.ar\/df\/wp-json\/wp\/v2\/tags?post=74262"}],"curies":[{"name":"wp","href":"https:\/\/api.w.org\/{rel}","templated":true}]}}