{"id":74257,"date":"2024-10-17T20:07:04","date_gmt":"2024-10-17T23:07:04","guid":{"rendered":"https:\/\/diariofemenino.com.ar\/df\/?p=74257"},"modified":"2024-10-17T20:07:04","modified_gmt":"2024-10-17T23:07:04","slug":"las-coincidencias-entre-el-movimiento-feminista-y-el-movimiento-peronista","status":"publish","type":"post","link":"https:\/\/diariofemenino.com.ar\/df\/las-coincidencias-entre-el-movimiento-feminista-y-el-movimiento-peronista\/","title":{"rendered":"Las coincidencias entre el movimiento feminista y el movimiento peronista"},"content":{"rendered":"<p>Seg\u00fan la IA, en estos aspectos que puntualizaremos, feminismo y peronismo convergen hist\u00f3ricamente \u00bfCoincid\u00eds? Contanos en comentarios al final de la nota.<br \/>\nHay otras autoras que han profundizado m\u00e1s sobre la cuesti\u00f3n, aqu\u00ed te contamos las principales coincidencias.<\/p>\n<p>Imagen de portada: <a href=\"https:\/\/www.elextremosur.com\/nota\/23269-peronismo-y-feminismo-en-la-historia-mitos-y-verdades\/\">Peronismo y feminismo en la historia: mitos y verdades<\/a><\/p>\n<p>El feminismo y el peronismo, aunque son movimientos que nacieron con objetivos y bases diferentes, han tenido puntos de coincidencia y convergencia a lo largo de la historia, especialmente en Argentina. A continuaci\u00f3n, algunos de los principales puntos de coincidencia entre ambos movimientos:<\/p>\n<p><strong>Ampliaci\u00f3n de derechos sociales y laborales<\/strong><\/p>\n<p>Uno de los puntos de coincidencia m\u00e1s relevantes es la lucha por la <strong>ampliaci\u00f3n de derechos<\/strong>, en especial los derechos laborales y sociales. Durante los gobiernos de Juan Domingo Per\u00f3n (1946-1955 y 1973-1974), se promovieron importantes pol\u00edticas que beneficiaron a las clases trabajadoras y, entre ellas, a las mujeres. Por ejemplo:<\/p>\n<ul>\n<li><strong>Derecho al voto femenino<\/strong>: En 1947, gracias a la fuerte influencia de <strong>Eva Per\u00f3n<\/strong> y la presi\u00f3n de los sectores feministas, se sancion\u00f3 la ley que otorgaba a las mujeres argentinas el derecho al voto (Ley 13.010), una demanda central del feminismo en ese momento.<\/li>\n<li><strong>Protecci\u00f3n laboral para las mujeres<\/strong>: Durante los gobiernos peronistas, se promovieron pol\u00edticas para mejorar las condiciones laborales de las mujeres, como la creaci\u00f3n del fuero laboral, el acceso a beneficios sociales y la extensi\u00f3n de derechos de maternidad.<\/li>\n<\/ul>\n<p><strong>Incorporaci\u00f3n de las mujeres en la vida pol\u00edtica<\/strong><\/p>\n<p>El peronismo impuls\u00f3 la <strong>participaci\u00f3n activa de las mujeres en la pol\u00edtica<\/strong>. Eva Per\u00f3n fue una figura clave en la movilizaci\u00f3n de mujeres y en la creaci\u00f3n del <strong>Partido Peronista Femenino<\/strong>, lo que permiti\u00f3 la incorporaci\u00f3n de las mujeres en el escenario pol\u00edtico argentino de manera organizada y con representatividad, algo que tambi\u00e9n coincid\u00eda con las demandas del feminismo por la igualdad de g\u00e9nero en la vida p\u00fablica y pol\u00edtica.<\/p>\n<blockquote><p>\u201c<em>La unidad femenina peronista, debe ser nuestra preocupaci\u00f3n b\u00e1sica y debe constituir nuestro objetivo diario y superior de ciudadanas y de mujeres. Esa unidad es la palanca a cuyo impulso poderoso no habr\u00e1 privilegio que resista, enemigo que contenga, intereses que dominen o coalici\u00f3n interna o exterior que logre vencer. Esa unidad es la llave maestra de la felicidad y el bienestar presente de todas las argentinas y la m\u00e1xima garant\u00eda del sostenimiento de las conquistas del pueblo trabajador. Porque la unidad femenina peronista, es en s\u00edntesis la unidad de todo el pueblo y la unidad popular, que es imprescindible para el afianzamiento de las virtudes esenciales de la sociedad humana; que solo es total cuando cuenta con el apoyo de la mujer, cuya negaci\u00f3n y cuyo olvido es indigno de las sociedades modernas y civilizadas, como advirti\u00f3 el L\u00edder cuando dijo en el acto de la promulgaci\u00f3n de la ley que nos otorgaba los derechos c\u00edvicos que reclam\u00e1bamos<\/em>.\u201d<\/p>\n<p style=\"text-align: right;\">Eva Per\u00f3n en el acto inaugural de la<br \/>\nPrimera Asamblea Nacional del<br \/>\nMovimiento Peronista Femenino en 1949<\/p>\n<\/blockquote>\n<p><strong>Mejoramiento de las condiciones de vida de las mujeres de las clases populares<\/strong><\/p>\n<p>Tanto el feminismo como el peronismo han tenido, en varios momentos, una preocupaci\u00f3n por las condiciones de vida de las <strong>mujeres de las clases populares<\/strong>. En este sentido, Eva Per\u00f3n fue una defensora de los derechos de los sectores m\u00e1s vulnerables, incluyendo a las mujeres trabajadoras, muchas de las cuales se identificaban con su figura. Las pol\u00edticas de bienestar y redistribuci\u00f3n de recursos promovidas por el peronismo, como la creaci\u00f3n de hospitales, escuelas y programas de vivienda, beneficiaron directamente a muchas mujeres de sectores populares.<\/p>\n<p><strong>Lucha por la igualdad y justicia social<\/strong><\/p>\n<p>Ambos movimientos coinciden en la <strong>lucha por la igualdad<\/strong>, aunque desde diferentes enfoques. El feminismo ha buscado la igualdad de g\u00e9nero y la eliminaci\u00f3n de las estructuras patriarcales que perpet\u00faan la opresi\u00f3n de las mujeres. El peronismo, por su parte, ha defendido hist\u00f3ricamente la justicia social y la redistribuci\u00f3n de recursos, temas que tambi\u00e9n impactan en la vida de las mujeres, especialmente de las m\u00e1s desfavorecidas econ\u00f3micamente.<\/p>\n<figure id=\"attachment_74258\" aria-describedby=\"caption-attachment-74258\" style=\"width: 502px\" class=\"wp-caption aligncenter\"><img loading=\"lazy\" decoding=\"async\" class=\" wp-image-74258\" src=\"https:\/\/diariofemenino.com.ar\/df\/wp-content\/uploads\/2024\/10\/Feminismo.jpg\" alt=\"Las coincidencias entre el movimiento feminista y el movimiento peronista\" width=\"502\" height=\"340\" srcset=\"https:\/\/diariofemenino.com.ar\/df\/wp-content\/uploads\/2024\/10\/Feminismo.jpg 673w, https:\/\/diariofemenino.com.ar\/df\/wp-content\/uploads\/2024\/10\/Feminismo-300x203.jpg 300w\" sizes=\"auto, (max-width: 502px) 100vw, 502px\" \/><figcaption id=\"caption-attachment-74258\" class=\"wp-caption-text\">Las coincidencias entre el movimiento feminista y el movimiento peronista<\/figcaption><\/figure>\n<p><strong>Eva Per\u00f3n como puente entre el feminismo y el peronismo<\/strong><\/p>\n<p>Si bien no se puede decir que Eva Per\u00f3n fuera feminista en el sentido cl\u00e1sico o radical del t\u00e9rmino, s\u00ed se convirti\u00f3 en una figura que simboliz\u00f3 para muchas mujeres un modelo de empoderamiento y liderazgo. Su lucha por los derechos de las mujeres, aunque limitada a ciertos aspectos como el sufragio y la participaci\u00f3n pol\u00edtica, la convirti\u00f3 en un puente entre el feminismo y el peronismo, especialmente en las demandas de las mujeres trabajadoras y de clases bajas.<\/p>\n<p><strong>Instituciones y pol\u00edticas espec\u00edficas para mujeres<\/strong><\/p>\n<p>Durante los gobiernos peronistas, se crearon diversas <strong>instituciones orientadas a las mujeres<\/strong>. Un ejemplo importante fue la Fundaci\u00f3n Eva Per\u00f3n, que brind\u00f3 asistencia social, educaci\u00f3n, salud y ayuda econ\u00f3mica a mujeres y ni\u00f1os en situaci\u00f3n de vulnerabilidad, lo que contribuy\u00f3 a mejorar la situaci\u00f3n de muchas mujeres argentinas. Estas acciones respondieron a una visi\u00f3n integral del bienestar social que tambi\u00e9n era una preocupaci\u00f3n del feminismo, sobre todo del feminismo de clase.<\/p>\n<p><strong>Coincidencias recientes en torno a la agenda de g\u00e9nero<\/strong><\/p>\n<p>En los \u00faltimos a\u00f1os, ha habido una convergencia entre sectores del <strong>peronismo y los movimientos feministas<\/strong> en torno a temas de la agenda de g\u00e9nero, como la <strong>legalizaci\u00f3n del aborto<\/strong> (aprobada en Argentina en 2020), la lucha contra la violencia de g\u00e9nero y la promoci\u00f3n de pol\u00edticas de igualdad de g\u00e9nero. El peronismo actual, especialmente a trav\u00e9s de figuras como Cristina Fern\u00e1ndez de Kirchner y otras dirigentes, ha abrazado parte de las demandas feministas, generando un acercamiento entre ambos movimientos.<\/p>\n<p><strong>Transformaci\u00f3n social<\/strong><\/p>\n<p>Ambos movimientos buscan una <strong>transformaci\u00f3n social profunda<\/strong>: el feminismo aboga por una transformaci\u00f3n en las relaciones de poder entre g\u00e9neros, mientras que el peronismo, en sus diferentes vertientes, busca una transformaci\u00f3n social que beneficie a los sectores populares. Si bien estas metas no siempre han coincidido en sus formas de acci\u00f3n, hay un punto en com\u00fan en la b\u00fasqueda de un cambio estructural que mejore la vida de los sectores m\u00e1s oprimidos de la sociedad.<\/p>\n<p><strong>Conclusi\u00f3n<\/strong><\/p>\n<p>Si bien el feminismo y el peronismo no siempre han coincidido en sus objetivos ni en su accionar, a lo largo de la historia argentina han encontrado puntos de convergencia, especialmente en temas relacionados con la ampliaci\u00f3n de derechos para las mujeres, la justicia social y la equidad. Aunque el peronismo no naci\u00f3 como un movimiento feminista, ha sido receptivo en varios momentos a las demandas de las mujeres, y hoy en d\u00eda, ambos movimientos contin\u00faan encontrando espacios de di\u00e1logo y colaboraci\u00f3n en temas claves para la sociedad.<\/p>\n<p>&nbsp;<\/p>\n<blockquote><p>Seguinos en Instagram.<strong>\u00a0Diario Digital Femenino:\u00a0<a href=\"https:\/\/www.instagram.com\/diariodigitalfemenino_\/\">@diariodigitalfemenino_<\/a><br \/>\nLenny C\u00e1ceres:\u00a0<a href=\"https:\/\/www.instagram.com\/lennycaceres69\/\">@lennycaceres69<\/a><br \/>\n<\/strong>Facebook:\u00a0<strong><a href=\"https:\/\/www.facebook.com\/DiarioDigitalFemenino\/\">Diario Digital Femenino\u00a0<\/a><\/strong><\/p><\/blockquote>\n<p>&nbsp;<\/p>\n","protected":false},"excerpt":{"rendered":"<p>Seg\u00fan la IA, en estos aspectos que puntualizaremos, feminismo y peronismo convergen hist\u00f3ricamente \u00bfCoincid\u00eds? Contanos en comentarios al final de la nota. Hay otras autoras que han profundizado m\u00e1s sobre la cuesti\u00f3n, aqu\u00ed te contamos las principales coincidencias. Imagen de portada: Peronismo y feminismo en la historia: mitos y verdades El feminismo y el peronismo, [&hellip;]<\/p>\n","protected":false},"author":6,"featured_media":74259,"comment_status":"open","ping_status":"open","sticky":false,"template":"","format":"standard","meta":{"iawp_total_views":90,"footnotes":""},"categories":[178,3,627,4,21],"tags":[216,7242,4372,26,6912,131,1470,130,2807],"class_list":["post-74257","post","type-post","status-publish","format-standard","has-post-thumbnail","hentry","category-articulos-y-comunicados","category-de-la-revolucion-al-reaprendizaje","category-genero-y-derechos-humanos","category-medios","category-noticias","tag-movimientos","tag-coincidencias","tag-destacada","tag-feminismo","tag-ia","tag-igualdad","tag-luchas","tag-mujeres","tag-peronismo"],"nelio_content":{"autoShareEndMode":"never","automationSources":{"useCustomSentences":false,"customSentences":[]},"efiAlt":"","efiUrl":"","followers":[6],"highlights":[],"isAutoShareEnabled":true,"networkImageIds":[],"permalinkQueryArgs":[],"series":[],"suggestedReferences":[]},"yoast_head":"<!-- This site is optimized with the Yoast SEO plugin v27.5 - https:\/\/yoast.com\/product\/yoast-seo-wordpress\/ -->\n<title>Las coincidencias entre el movimiento feminista y el movimiento peronista - Diario Digital Femenino<\/title>\n<meta name=\"description\" content=\"Las coincidencias. Feminismo y el peronismo, movimientos que nacieron con objetivos y bases diferentes, tienen coincidencia y convergencia.\" \/>\n<meta name=\"robots\" content=\"index, follow, max-snippet:-1, max-image-preview:large, max-video-preview:-1\" \/>\n<link rel=\"canonical\" href=\"https:\/\/diariofemenino.com.ar\/df\/las-coincidencias-entre-el-movimiento-feminista-y-el-movimiento-peronista\/\" \/>\n<meta property=\"og:locale\" content=\"es_ES\" \/>\n<meta property=\"og:type\" content=\"article\" \/>\n<meta property=\"og:title\" content=\"Las coincidencias entre el movimiento feminista y el movimiento peronista - Diario Digital Femenino\" \/>\n<meta property=\"og:description\" content=\"Las coincidencias. Feminismo y el peronismo, movimientos que nacieron con objetivos y bases diferentes, tienen coincidencia y convergencia.\" \/>\n<meta property=\"og:url\" content=\"https:\/\/diariofemenino.com.ar\/df\/las-coincidencias-entre-el-movimiento-feminista-y-el-movimiento-peronista\/\" \/>\n<meta property=\"og:site_name\" content=\"Diario Digital Femenino\" \/>\n<meta property=\"article:publisher\" content=\"https:\/\/www.facebook.com\/DiarioDigitaFemenino\/\" \/>\n<meta property=\"article:published_time\" content=\"2024-10-17T23:07:04+00:00\" \/>\n<meta property=\"og:image\" content=\"https:\/\/diariofemenino.com.ar\/df\/wp-content\/uploads\/2024\/10\/5e64e48b68d2b_1180_664.jpg\" \/>\n\t<meta property=\"og:image:width\" content=\"1180\" \/>\n\t<meta property=\"og:image:height\" content=\"664\" \/>\n\t<meta property=\"og:image:type\" content=\"image\/jpeg\" \/>\n<meta name=\"author\" content=\"redaccion\" \/>\n<meta name=\"twitter:card\" content=\"summary_large_image\" \/>\n<meta name=\"twitter:creator\" content=\"@DiarioFemenino1\" \/>\n<meta name=\"twitter:site\" content=\"@DiarioFemenino1\" \/>\n<meta name=\"twitter:label1\" content=\"Escrito por\" \/>\n\t<meta name=\"twitter:data1\" content=\"redaccion\" \/>\n\t<meta name=\"twitter:label2\" content=\"Tiempo de lectura\" \/>\n\t<meta name=\"twitter:data2\" content=\"5 minutos\" \/>\n<script type=\"application\/ld+json\" class=\"yoast-schema-graph\">{\"@context\":\"https:\\\/\\\/schema.org\",\"@graph\":[{\"@type\":\"Article\",\"@id\":\"https:\\\/\\\/diariofemenino.com.ar\\\/df\\\/las-coincidencias-entre-el-movimiento-feminista-y-el-movimiento-peronista\\\/#article\",\"isPartOf\":{\"@id\":\"https:\\\/\\\/diariofemenino.com.ar\\\/df\\\/las-coincidencias-entre-el-movimiento-feminista-y-el-movimiento-peronista\\\/\"},\"author\":{\"name\":\"redaccion\",\"@id\":\"https:\\\/\\\/diariofemenino.com.ar\\\/df\\\/#\\\/schema\\\/person\\\/b6ba2e26f7891f232694804f228a7f27\"},\"headline\":\"Las coincidencias entre el movimiento feminista y el movimiento peronista\",\"datePublished\":\"2024-10-17T23:07:04+00:00\",\"mainEntityOfPage\":{\"@id\":\"https:\\\/\\\/diariofemenino.com.ar\\\/df\\\/las-coincidencias-entre-el-movimiento-feminista-y-el-movimiento-peronista\\\/\"},\"wordCount\":1221,\"commentCount\":0,\"publisher\":{\"@id\":\"https:\\\/\\\/diariofemenino.com.ar\\\/df\\\/#organization\"},\"image\":{\"@id\":\"https:\\\/\\\/diariofemenino.com.ar\\\/df\\\/las-coincidencias-entre-el-movimiento-feminista-y-el-movimiento-peronista\\\/#primaryimage\"},\"thumbnailUrl\":\"https:\\\/\\\/diariofemenino.com.ar\\\/df\\\/wp-content\\\/uploads\\\/2024\\\/10\\\/5e64e48b68d2b_1180_664.jpg\",\"keywords\":[\"#movimientos\",\"coincidencias\",\"Destacada\",\"Feminismo\",\"IA\",\"Igualdad\",\"luchas\",\"Mujeres\",\"peronismo\"],\"articleSection\":[\"Art\u00edculos y Comunicados\",\"De la Revoluci\u00f3n al Reaprendizaje\",\"G\u00e9nero y Derechos Humanos\",\"Medios\",\"Noticias\"],\"inLanguage\":\"es\",\"potentialAction\":[{\"@type\":\"CommentAction\",\"name\":\"Comment\",\"target\":[\"https:\\\/\\\/diariofemenino.com.ar\\\/df\\\/las-coincidencias-entre-el-movimiento-feminista-y-el-movimiento-peronista\\\/#respond\"]}]},{\"@type\":\"WebPage\",\"@id\":\"https:\\\/\\\/diariofemenino.com.ar\\\/df\\\/las-coincidencias-entre-el-movimiento-feminista-y-el-movimiento-peronista\\\/\",\"url\":\"https:\\\/\\\/diariofemenino.com.ar\\\/df\\\/las-coincidencias-entre-el-movimiento-feminista-y-el-movimiento-peronista\\\/\",\"name\":\"Las coincidencias entre el movimiento feminista y el movimiento peronista - Diario Digital Femenino\",\"isPartOf\":{\"@id\":\"https:\\\/\\\/diariofemenino.com.ar\\\/df\\\/#website\"},\"primaryImageOfPage\":{\"@id\":\"https:\\\/\\\/diariofemenino.com.ar\\\/df\\\/las-coincidencias-entre-el-movimiento-feminista-y-el-movimiento-peronista\\\/#primaryimage\"},\"image\":{\"@id\":\"https:\\\/\\\/diariofemenino.com.ar\\\/df\\\/las-coincidencias-entre-el-movimiento-feminista-y-el-movimiento-peronista\\\/#primaryimage\"},\"thumbnailUrl\":\"https:\\\/\\\/diariofemenino.com.ar\\\/df\\\/wp-content\\\/uploads\\\/2024\\\/10\\\/5e64e48b68d2b_1180_664.jpg\",\"datePublished\":\"2024-10-17T23:07:04+00:00\",\"description\":\"Las coincidencias. Feminismo y el peronismo, movimientos que nacieron con objetivos y bases diferentes, tienen coincidencia y convergencia.\",\"breadcrumb\":{\"@id\":\"https:\\\/\\\/diariofemenino.com.ar\\\/df\\\/las-coincidencias-entre-el-movimiento-feminista-y-el-movimiento-peronista\\\/#breadcrumb\"},\"inLanguage\":\"es\",\"potentialAction\":[{\"@type\":\"ReadAction\",\"target\":[\"https:\\\/\\\/diariofemenino.com.ar\\\/df\\\/las-coincidencias-entre-el-movimiento-feminista-y-el-movimiento-peronista\\\/\"]}]},{\"@type\":\"ImageObject\",\"inLanguage\":\"es\",\"@id\":\"https:\\\/\\\/diariofemenino.com.ar\\\/df\\\/las-coincidencias-entre-el-movimiento-feminista-y-el-movimiento-peronista\\\/#primaryimage\",\"url\":\"https:\\\/\\\/diariofemenino.com.ar\\\/df\\\/wp-content\\\/uploads\\\/2024\\\/10\\\/5e64e48b68d2b_1180_664.jpg\",\"contentUrl\":\"https:\\\/\\\/diariofemenino.com.ar\\\/df\\\/wp-content\\\/uploads\\\/2024\\\/10\\\/5e64e48b68d2b_1180_664.jpg\",\"width\":1180,\"height\":664,\"caption\":\"Las coincidencias entre el movimiento feminista y el movimiento peronista\"},{\"@type\":\"BreadcrumbList\",\"@id\":\"https:\\\/\\\/diariofemenino.com.ar\\\/df\\\/las-coincidencias-entre-el-movimiento-feminista-y-el-movimiento-peronista\\\/#breadcrumb\",\"itemListElement\":[{\"@type\":\"ListItem\",\"position\":1,\"name\":\"Portada\",\"item\":\"https:\\\/\\\/diariofemenino.com.ar\\\/df\\\/\"},{\"@type\":\"ListItem\",\"position\":2,\"name\":\"Las coincidencias entre el movimiento feminista y el movimiento peronista\"}]},{\"@type\":\"WebSite\",\"@id\":\"https:\\\/\\\/diariofemenino.com.ar\\\/df\\\/#website\",\"url\":\"https:\\\/\\\/diariofemenino.com.ar\\\/df\\\/\",\"name\":\"Diario Digital Femenino\",\"description\":\"Cuesti\u00f3n de G\u00e9nero\",\"publisher\":{\"@id\":\"https:\\\/\\\/diariofemenino.com.ar\\\/df\\\/#organization\"},\"potentialAction\":[{\"@type\":\"SearchAction\",\"target\":{\"@type\":\"EntryPoint\",\"urlTemplate\":\"https:\\\/\\\/diariofemenino.com.ar\\\/df\\\/?s={search_term_string}\"},\"query-input\":{\"@type\":\"PropertyValueSpecification\",\"valueRequired\":true,\"valueName\":\"search_term_string\"}}],\"inLanguage\":\"es\"},{\"@type\":\"Organization\",\"@id\":\"https:\\\/\\\/diariofemenino.com.ar\\\/df\\\/#organization\",\"name\":\"Diario Femenino\",\"url\":\"https:\\\/\\\/diariofemenino.com.ar\\\/df\\\/\",\"logo\":{\"@type\":\"ImageObject\",\"inLanguage\":\"es\",\"@id\":\"https:\\\/\\\/diariofemenino.com.ar\\\/df\\\/#\\\/schema\\\/logo\\\/image\\\/\",\"url\":\"https:\\\/\\\/diariofemenino.com.ar\\\/df\\\/wp-content\\\/uploads\\\/2018\\\/10\\\/logo.png\",\"contentUrl\":\"https:\\\/\\\/diariofemenino.com.ar\\\/df\\\/wp-content\\\/uploads\\\/2018\\\/10\\\/logo.png\",\"width\":500,\"height\":92,\"caption\":\"Diario Femenino\"},\"image\":{\"@id\":\"https:\\\/\\\/diariofemenino.com.ar\\\/df\\\/#\\\/schema\\\/logo\\\/image\\\/\"},\"sameAs\":[\"https:\\\/\\\/www.facebook.com\\\/DiarioDigitaFemenino\\\/\",\"https:\\\/\\\/x.com\\\/DiarioFemenino1\"]},{\"@type\":\"Person\",\"@id\":\"https:\\\/\\\/diariofemenino.com.ar\\\/df\\\/#\\\/schema\\\/person\\\/b6ba2e26f7891f232694804f228a7f27\",\"name\":\"redaccion\",\"image\":{\"@type\":\"ImageObject\",\"inLanguage\":\"es\",\"@id\":\"https:\\\/\\\/diariofemenino.com.ar\\\/df\\\/wp-content\\\/uploads\\\/2024\\\/09\\\/0eda9a67-a560-4264-8085-ae5314b35c5a-150x150.avif\",\"url\":\"https:\\\/\\\/diariofemenino.com.ar\\\/df\\\/wp-content\\\/uploads\\\/2024\\\/09\\\/0eda9a67-a560-4264-8085-ae5314b35c5a-150x150.avif\",\"contentUrl\":\"https:\\\/\\\/diariofemenino.com.ar\\\/df\\\/wp-content\\\/uploads\\\/2024\\\/09\\\/0eda9a67-a560-4264-8085-ae5314b35c5a-150x150.avif\",\"caption\":\"redaccion\"},\"url\":\"https:\\\/\\\/diariofemenino.com.ar\\\/df\\\/author\\\/redaccion\\\/\"}]}<\/script>\n<!-- \/ Yoast SEO plugin. -->","yoast_head_json":{"title":"Las coincidencias entre el movimiento feminista y el movimiento peronista - Diario Digital Femenino","description":"Las coincidencias. Feminismo y el peronismo, movimientos que nacieron con objetivos y bases diferentes, tienen coincidencia y convergencia.","robots":{"index":"index","follow":"follow","max-snippet":"max-snippet:-1","max-image-preview":"max-image-preview:large","max-video-preview":"max-video-preview:-1"},"canonical":"https:\/\/diariofemenino.com.ar\/df\/las-coincidencias-entre-el-movimiento-feminista-y-el-movimiento-peronista\/","og_locale":"es_ES","og_type":"article","og_title":"Las coincidencias entre el movimiento feminista y el movimiento peronista - Diario Digital Femenino","og_description":"Las coincidencias. Feminismo y el peronismo, movimientos que nacieron con objetivos y bases diferentes, tienen coincidencia y convergencia.","og_url":"https:\/\/diariofemenino.com.ar\/df\/las-coincidencias-entre-el-movimiento-feminista-y-el-movimiento-peronista\/","og_site_name":"Diario Digital Femenino","article_publisher":"https:\/\/www.facebook.com\/DiarioDigitaFemenino\/","article_published_time":"2024-10-17T23:07:04+00:00","og_image":[{"width":1180,"height":664,"url":"https:\/\/diariofemenino.com.ar\/df\/wp-content\/uploads\/2024\/10\/5e64e48b68d2b_1180_664.jpg","type":"image\/jpeg"}],"author":"redaccion","twitter_card":"summary_large_image","twitter_creator":"@DiarioFemenino1","twitter_site":"@DiarioFemenino1","twitter_misc":{"Escrito por":"redaccion","Tiempo de lectura":"5 minutos"},"schema":{"@context":"https:\/\/schema.org","@graph":[{"@type":"Article","@id":"https:\/\/diariofemenino.com.ar\/df\/las-coincidencias-entre-el-movimiento-feminista-y-el-movimiento-peronista\/#article","isPartOf":{"@id":"https:\/\/diariofemenino.com.ar\/df\/las-coincidencias-entre-el-movimiento-feminista-y-el-movimiento-peronista\/"},"author":{"name":"redaccion","@id":"https:\/\/diariofemenino.com.ar\/df\/#\/schema\/person\/b6ba2e26f7891f232694804f228a7f27"},"headline":"Las coincidencias entre el movimiento feminista y el movimiento peronista","datePublished":"2024-10-17T23:07:04+00:00","mainEntityOfPage":{"@id":"https:\/\/diariofemenino.com.ar\/df\/las-coincidencias-entre-el-movimiento-feminista-y-el-movimiento-peronista\/"},"wordCount":1221,"commentCount":0,"publisher":{"@id":"https:\/\/diariofemenino.com.ar\/df\/#organization"},"image":{"@id":"https:\/\/diariofemenino.com.ar\/df\/las-coincidencias-entre-el-movimiento-feminista-y-el-movimiento-peronista\/#primaryimage"},"thumbnailUrl":"https:\/\/diariofemenino.com.ar\/df\/wp-content\/uploads\/2024\/10\/5e64e48b68d2b_1180_664.jpg","keywords":["#movimientos","coincidencias","Destacada","Feminismo","IA","Igualdad","luchas","Mujeres","peronismo"],"articleSection":["Art\u00edculos y Comunicados","De la Revoluci\u00f3n al Reaprendizaje","G\u00e9nero y Derechos Humanos","Medios","Noticias"],"inLanguage":"es","potentialAction":[{"@type":"CommentAction","name":"Comment","target":["https:\/\/diariofemenino.com.ar\/df\/las-coincidencias-entre-el-movimiento-feminista-y-el-movimiento-peronista\/#respond"]}]},{"@type":"WebPage","@id":"https:\/\/diariofemenino.com.ar\/df\/las-coincidencias-entre-el-movimiento-feminista-y-el-movimiento-peronista\/","url":"https:\/\/diariofemenino.com.ar\/df\/las-coincidencias-entre-el-movimiento-feminista-y-el-movimiento-peronista\/","name":"Las coincidencias entre el movimiento feminista y el movimiento peronista - Diario Digital Femenino","isPartOf":{"@id":"https:\/\/diariofemenino.com.ar\/df\/#website"},"primaryImageOfPage":{"@id":"https:\/\/diariofemenino.com.ar\/df\/las-coincidencias-entre-el-movimiento-feminista-y-el-movimiento-peronista\/#primaryimage"},"image":{"@id":"https:\/\/diariofemenino.com.ar\/df\/las-coincidencias-entre-el-movimiento-feminista-y-el-movimiento-peronista\/#primaryimage"},"thumbnailUrl":"https:\/\/diariofemenino.com.ar\/df\/wp-content\/uploads\/2024\/10\/5e64e48b68d2b_1180_664.jpg","datePublished":"2024-10-17T23:07:04+00:00","description":"Las coincidencias. Feminismo y el peronismo, movimientos que nacieron con objetivos y bases diferentes, tienen coincidencia y convergencia.","breadcrumb":{"@id":"https:\/\/diariofemenino.com.ar\/df\/las-coincidencias-entre-el-movimiento-feminista-y-el-movimiento-peronista\/#breadcrumb"},"inLanguage":"es","potentialAction":[{"@type":"ReadAction","target":["https:\/\/diariofemenino.com.ar\/df\/las-coincidencias-entre-el-movimiento-feminista-y-el-movimiento-peronista\/"]}]},{"@type":"ImageObject","inLanguage":"es","@id":"https:\/\/diariofemenino.com.ar\/df\/las-coincidencias-entre-el-movimiento-feminista-y-el-movimiento-peronista\/#primaryimage","url":"https:\/\/diariofemenino.com.ar\/df\/wp-content\/uploads\/2024\/10\/5e64e48b68d2b_1180_664.jpg","contentUrl":"https:\/\/diariofemenino.com.ar\/df\/wp-content\/uploads\/2024\/10\/5e64e48b68d2b_1180_664.jpg","width":1180,"height":664,"caption":"Las coincidencias entre el movimiento feminista y el movimiento peronista"},{"@type":"BreadcrumbList","@id":"https:\/\/diariofemenino.com.ar\/df\/las-coincidencias-entre-el-movimiento-feminista-y-el-movimiento-peronista\/#breadcrumb","itemListElement":[{"@type":"ListItem","position":1,"name":"Portada","item":"https:\/\/diariofemenino.com.ar\/df\/"},{"@type":"ListItem","position":2,"name":"Las coincidencias entre el movimiento feminista y el movimiento peronista"}]},{"@type":"WebSite","@id":"https:\/\/diariofemenino.com.ar\/df\/#website","url":"https:\/\/diariofemenino.com.ar\/df\/","name":"Diario Digital Femenino","description":"Cuesti\u00f3n de G\u00e9nero","publisher":{"@id":"https:\/\/diariofemenino.com.ar\/df\/#organization"},"potentialAction":[{"@type":"SearchAction","target":{"@type":"EntryPoint","urlTemplate":"https:\/\/diariofemenino.com.ar\/df\/?s={search_term_string}"},"query-input":{"@type":"PropertyValueSpecification","valueRequired":true,"valueName":"search_term_string"}}],"inLanguage":"es"},{"@type":"Organization","@id":"https:\/\/diariofemenino.com.ar\/df\/#organization","name":"Diario Femenino","url":"https:\/\/diariofemenino.com.ar\/df\/","logo":{"@type":"ImageObject","inLanguage":"es","@id":"https:\/\/diariofemenino.com.ar\/df\/#\/schema\/logo\/image\/","url":"https:\/\/diariofemenino.com.ar\/df\/wp-content\/uploads\/2018\/10\/logo.png","contentUrl":"https:\/\/diariofemenino.com.ar\/df\/wp-content\/uploads\/2018\/10\/logo.png","width":500,"height":92,"caption":"Diario Femenino"},"image":{"@id":"https:\/\/diariofemenino.com.ar\/df\/#\/schema\/logo\/image\/"},"sameAs":["https:\/\/www.facebook.com\/DiarioDigitaFemenino\/","https:\/\/x.com\/DiarioFemenino1"]},{"@type":"Person","@id":"https:\/\/diariofemenino.com.ar\/df\/#\/schema\/person\/b6ba2e26f7891f232694804f228a7f27","name":"redaccion","image":{"@type":"ImageObject","inLanguage":"es","@id":"https:\/\/diariofemenino.com.ar\/df\/wp-content\/uploads\/2024\/09\/0eda9a67-a560-4264-8085-ae5314b35c5a-150x150.avif","url":"https:\/\/diariofemenino.com.ar\/df\/wp-content\/uploads\/2024\/09\/0eda9a67-a560-4264-8085-ae5314b35c5a-150x150.avif","contentUrl":"https:\/\/diariofemenino.com.ar\/df\/wp-content\/uploads\/2024\/09\/0eda9a67-a560-4264-8085-ae5314b35c5a-150x150.avif","caption":"redaccion"},"url":"https:\/\/diariofemenino.com.ar\/df\/author\/redaccion\/"}]}},"jetpack_featured_media_url":"https:\/\/diariofemenino.com.ar\/df\/wp-content\/uploads\/2024\/10\/5e64e48b68d2b_1180_664.jpg","jetpack_sharing_enabled":true,"rttpg_featured_image_url":{"full":["https:\/\/diariofemenino.com.ar\/df\/wp-content\/uploads\/2024\/10\/5e64e48b68d2b_1180_664.jpg",1180,664,false],"landscape":["https:\/\/diariofemenino.com.ar\/df\/wp-content\/uploads\/2024\/10\/5e64e48b68d2b_1180_664.jpg",1180,664,false],"portraits":["https:\/\/diariofemenino.com.ar\/df\/wp-content\/uploads\/2024\/10\/5e64e48b68d2b_1180_664.jpg",1180,664,false],"thumbnail":["https:\/\/diariofemenino.com.ar\/df\/wp-content\/uploads\/2024\/10\/5e64e48b68d2b_1180_664-150x150.jpg",150,150,true],"medium":["https:\/\/diariofemenino.com.ar\/df\/wp-content\/uploads\/2024\/10\/5e64e48b68d2b_1180_664-300x169.jpg",300,169,true],"large":["https:\/\/diariofemenino.com.ar\/df\/wp-content\/uploads\/2024\/10\/5e64e48b68d2b_1180_664-1024x576.jpg",1024,576,true],"1536x1536":["https:\/\/diariofemenino.com.ar\/df\/wp-content\/uploads\/2024\/10\/5e64e48b68d2b_1180_664.jpg",1180,664,false],"2048x2048":["https:\/\/diariofemenino.com.ar\/df\/wp-content\/uploads\/2024\/10\/5e64e48b68d2b_1180_664.jpg",1180,664,false]},"rttpg_author":{"display_name":"redaccion","author_link":"https:\/\/diariofemenino.com.ar\/df\/author\/redaccion\/"},"rttpg_comment":0,"rttpg_category":"<a href=\"https:\/\/diariofemenino.com.ar\/df\/category\/articulos-y-comunicados\/\" rel=\"category tag\">Art\u00edculos y Comunicados<\/a> <a href=\"https:\/\/diariofemenino.com.ar\/df\/category\/de-la-revolucion-al-reaprendizaje\/\" rel=\"category tag\">De la Revoluci\u00f3n al Reaprendizaje<\/a> <a href=\"https:\/\/diariofemenino.com.ar\/df\/category\/genero-y-derechos-humanos\/\" rel=\"category tag\">G\u00e9nero y Derechos Humanos<\/a> <a href=\"https:\/\/diariofemenino.com.ar\/df\/category\/medios\/\" rel=\"category tag\">Medios<\/a> <a href=\"https:\/\/diariofemenino.com.ar\/df\/category\/noticias\/\" rel=\"category tag\">Noticias<\/a>","rttpg_excerpt":"Seg\u00fan la IA, en estos aspectos que puntualizaremos, feminismo y peronismo convergen hist\u00f3ricamente \u00bfCoincid\u00eds? Contanos en comentarios al final de la nota. Hay otras autoras que han profundizado m\u00e1s sobre la cuesti\u00f3n, aqu\u00ed te contamos las principales coincidencias. Imagen de portada: Peronismo y feminismo en la historia: mitos y verdades El feminismo y el peronismo,&hellip;","_links":{"self":[{"href":"https:\/\/diariofemenino.com.ar\/df\/wp-json\/wp\/v2\/posts\/74257","targetHints":{"allow":["GET"]}}],"collection":[{"href":"https:\/\/diariofemenino.com.ar\/df\/wp-json\/wp\/v2\/posts"}],"about":[{"href":"https:\/\/diariofemenino.com.ar\/df\/wp-json\/wp\/v2\/types\/post"}],"author":[{"embeddable":true,"href":"https:\/\/diariofemenino.com.ar\/df\/wp-json\/wp\/v2\/users\/6"}],"replies":[{"embeddable":true,"href":"https:\/\/diariofemenino.com.ar\/df\/wp-json\/wp\/v2\/comments?post=74257"}],"version-history":[{"count":0,"href":"https:\/\/diariofemenino.com.ar\/df\/wp-json\/wp\/v2\/posts\/74257\/revisions"}],"wp:featuredmedia":[{"embeddable":true,"href":"https:\/\/diariofemenino.com.ar\/df\/wp-json\/wp\/v2\/media\/74259"}],"wp:attachment":[{"href":"https:\/\/diariofemenino.com.ar\/df\/wp-json\/wp\/v2\/media?parent=74257"}],"wp:term":[{"taxonomy":"category","embeddable":true,"href":"https:\/\/diariofemenino.com.ar\/df\/wp-json\/wp\/v2\/categories?post=74257"},{"taxonomy":"post_tag","embeddable":true,"href":"https:\/\/diariofemenino.com.ar\/df\/wp-json\/wp\/v2\/tags?post=74257"}],"curies":[{"name":"wp","href":"https:\/\/api.w.org\/{rel}","templated":true}]}}