{"id":74164,"date":"2024-10-01T10:08:25","date_gmt":"2024-10-01T13:08:25","guid":{"rendered":"https:\/\/diariofemenino.com.ar\/df\/?p=74164"},"modified":"2024-10-01T10:08:25","modified_gmt":"2024-10-01T13:08:25","slug":"el-feminismo-impensado","status":"publish","type":"post","link":"https:\/\/diariofemenino.com.ar\/df\/el-feminismo-impensado\/","title":{"rendered":"El feminismo impensado"},"content":{"rendered":"<p>Llevo una semana en la que la realidad se viene alineando con mis fantas\u00edas feministas m\u00e1s locas y me pregunto si son se\u00f1ales de un inminente colapso del Universo, de mi universo, o es que mis plegarias, y creo que las de muchas otras, al fin est\u00e1n siendo escuchadas. Es como si todo fuera cerrando y era cuesti\u00f3n de tiempo para que todas vi\u00e9ramos lo que hab\u00eda que ver, o que estuvi\u00e9ramos tan hartas de todo lo que nos pasa que hasta las que creen que no son, al final\u2026<\/p>\n<p>Por Noelia Poblete Garc\u00eda<br \/>\npara <a href=\"https:\/\/www.instagram.com\/diariodigitalfemenino_\/\">Diario Digital Femenino<\/a><\/p>\n<p>Por ah\u00ed soy yo nom\u00e1s, que estoy tan necesitada de creer en algo, que empiezo a ver se\u00f1ales donde s\u00f3lo hay noticias y m\u00e1s noticias apil\u00e1ndose sobre una realidad que cada vez se me hace m\u00e1s hostil. A ver si me explico:<\/p>\n<p>Primera se\u00f1al: Patricia Bullrich dice que el gobierno est\u00e1 trabajando para que la violencia de g\u00e9nero deje de ser un delito de acci\u00f3n privada. A ra\u00edz de la denuncia de Fabiola Ya\u00f1ez por el maltrato sufrido a mano de su ex pareja (no pienso ensuciar el texto con su nombre), y de la tremenda repercusi\u00f3n medi\u00e1tica de la misma \u2014y aprovecho para decir que, m\u00e1s all\u00e1 de cualquier circo armado en favor de los intereses de unos o de otros, hermana, yo te creo\u2014, la Ministra de Seguridad me sorprende con que existe la intenci\u00f3n de presentar un proyecto legislativo para que la violencia de g\u00e9nero sea un delito de acci\u00f3n p\u00fablica y, en consecuencia, denunciable por cualquier persona, lo que incluir\u00eda adem\u00e1s obligaci\u00f3n por parte de ciertos sujetos.<\/p>\n<p>Yo, en shock, pensando: bien, Patricia, bien, no te abrazo porque, m\u00e1s all\u00e1 de la distancia sideral que nos separa, ser\u00eda raro. Por un momento tuve ganas, lo hubiera hecho de tenerla enfrente. Yo, yo de acuerdo con la Ministra de Seguridad. El mundo se va a la mierda. Pero despu\u00e9s lo racionalic\u00e9, era obvio, Patricia la vio, o la ven\u00eda viendo hace rato y las circunstancias la han obligado a no poder mantener la negaci\u00f3n. Es tan apabullante la situaci\u00f3n, son tantas mujeres asesinadas, tantos ni\u00f1os y ni\u00f1as hu\u00e9rfanos, vidas destrozadas para siempre, pedidos de auxilio desatendidos, v\u00edctimas silenciadas por su propia situaci\u00f3n, que negarlo ser\u00eda pol\u00edticamente peor que aceptarlo y arremangarse para hacer algo. El problema de la violencia de g\u00e9nero es tan evidente que ni una de las personas que me parec\u00eda menos feminista puede negarlo sin atentar contra su propia inteligencia. Y tiene raz\u00f3n en todo su argumento, todito, para mi sorpresa. Grat\u00edsima sorpresa, adem\u00e1s.<\/p>\n<figure id=\"attachment_74166\" aria-describedby=\"caption-attachment-74166\" style=\"width: 489px\" class=\"wp-caption aligncenter\"><img loading=\"lazy\" decoding=\"async\" class=\" wp-image-74166\" src=\"https:\/\/diariofemenino.com.ar\/df\/wp-content\/uploads\/2024\/10\/imagen-mujer-manos2-300x146.jpg\" alt=\"El feminismo impensado\" width=\"489\" height=\"238\" srcset=\"https:\/\/diariofemenino.com.ar\/df\/wp-content\/uploads\/2024\/10\/imagen-mujer-manos2-300x146.jpg 300w, https:\/\/diariofemenino.com.ar\/df\/wp-content\/uploads\/2024\/10\/imagen-mujer-manos2-768x374.jpg 768w, https:\/\/diariofemenino.com.ar\/df\/wp-content\/uploads\/2024\/10\/imagen-mujer-manos2.jpg 1000w\" sizes=\"auto, (max-width: 489px) 100vw, 489px\" \/><figcaption id=\"caption-attachment-74166\" class=\"wp-caption-text\">El feminismo impensado<\/figcaption><\/figure>\n<p>En Argentina, una agresi\u00f3n machista podr\u00eda encuadrarse dentro del art\u00edculo 72 del C\u00f3digo Penal, que refiere a delitos que originan acciones dependientes de la instancia privada, lo que significa que, a excepci\u00f3n de ciertos supuestos, solamente las puede denunciar la persona que las sufre. El problema es que las personas que han sido o est\u00e1n siendo v\u00edctimas de \u201c<em>violencia intrafamiliar<\/em>\u201d \u2014que bien sabemos que son mujeres por mayor\u00eda aplastante\u2014 no suelen encontrarse en posici\u00f3n de poder denunciar a su agresor, y esto se da por m\u00faltiples motivos que van desde la negaci\u00f3n, el miedo, la soledad, el desamparo econ\u00f3mico, habitacional o institucional, las cargas y responsabilidades familiares, problemas de salud f\u00edsicos o mentales y un largo etc\u00e9tera.<\/p>\n<p>Tal como afirma la Ministra, \u201c<em>el problema de la violencia intrafamiliar y la violencia de g\u00e9nero, que tambi\u00e9n se da en relaciones, es que muchas veces las mismas personas reproducen conductas y no pueden hacer la denuncia, no se animan o vuelven con sus parejas. En consecuencia, lo que estamos planteando a partir de un estudio profundo que hicimos de c\u00f3mo mejoraron en Espa\u00f1a y en Inglaterra, estamos trabajando para que deje de ser un delito de acci\u00f3n privada que hace que solamente pueda denunciar la persona que sufri\u00f3<\/em>\u201d. Tambi\u00e9n dijo que el proyecto de reforma que se plantea es muy importante porque permitir\u00eda \u201c<em>ampliar la base de las denuncias para que el monitoreo no llegue tarde y para que realmente pueda haber pol\u00edticas preventivas<\/em>\u201d.<\/p>\n<p>Patricia, gracias. Ojal\u00e1 consigas sacar adelante ese proyecto, y si no lo consegu\u00eds, igual has hecho algo muy bueno para todas, poner el tema sobre la mesa, hacer que los medios tengan que hablar de esto. Todo suma.<\/p>\n<figure id=\"attachment_74165\" aria-describedby=\"caption-attachment-74165\" style=\"width: 527px\" class=\"wp-caption aligncenter\"><img loading=\"lazy\" decoding=\"async\" class=\" wp-image-74165\" src=\"https:\/\/diariofemenino.com.ar\/df\/wp-content\/uploads\/2024\/10\/imagen-mujer-manos3-300x188.jpg\" alt=\"El feminismo impensado\" width=\"527\" height=\"330\" srcset=\"https:\/\/diariofemenino.com.ar\/df\/wp-content\/uploads\/2024\/10\/imagen-mujer-manos3-300x188.jpg 300w, https:\/\/diariofemenino.com.ar\/df\/wp-content\/uploads\/2024\/10\/imagen-mujer-manos3-768x481.jpg 768w, https:\/\/diariofemenino.com.ar\/df\/wp-content\/uploads\/2024\/10\/imagen-mujer-manos3.jpg 855w\" sizes=\"auto, (max-width: 527px) 100vw, 527px\" \/><figcaption id=\"caption-attachment-74165\" class=\"wp-caption-text\">El feminismo impensado<\/figcaption><\/figure>\n<p>Segunda se\u00f1al: Cristina Fern\u00e1ndez declara, ante el Tribunal Oral en lo Criminal Federal en el juicio por el atentado en su contra cuando ejerc\u00eda el cargo de Vicepresidenta, que \u201c<em>Cuando una mujer ejerce el poder y no lo hace en la orientaci\u00f3n que quieren los sectores de poder en Argentina, genera mucha m\u00e1s resistencia y mucha m\u00e1s violencia que los hombres<\/em>\u201d. Adem\u00e1s, exhibi\u00f3 una serie de im\u00e1genes de portadas y notas publicadas por conocidos medios period\u00edsticos en los que aparec\u00eda expresamente retratada la violencia medi\u00e1tica ejercida contra ella durante su gobierno, donde claramente se atacaba su condici\u00f3n de mujer antes que asuntos inherentes a su cargo o sus actuaciones pol\u00edticas.<\/p>\n<p>Por supuesto, comparto su apreciaci\u00f3n de que ning\u00fan hombre presidente fue caricaturizado de esa particular manera. Y es que cualquiera que no est\u00e9 de acuerdo con un hombre, incluso si llegara a odiarlo, no lo atacar\u00eda por su condici\u00f3n de hombre antes que por su discurso, su ideolog\u00eda o sus acciones. Con las mujeres es distinto, ser mujer, para algunos, es mucho peor que ser o hacer cualquier otra cosa.<\/p>\n<p>La ex presidenta dijo m\u00e1s cosas en este sentido durante su paso por los tribunales de Comodoro Py, se refiri\u00f3 al machismo y la misoginia en Argentina, pero no me hace falta reproducir toda su declaraci\u00f3n para llegar a la conclusi\u00f3n palmaria de que Cristina tambi\u00e9n entendi\u00f3 cu\u00e1l es el meollo del asunto: para buena parte de la sociedad, el hecho de ser mujer encierra algo malo en s\u00ed mismo, un tipo de inferioridad que concede ciertas formas de licencia para el odio, el desprecio y el maltrato. Ser mujer nos recorta, en la pr\u00e1ctica y en la cotidianeidad, una serie de derechos que en los papeles nos igualan a los hombres. En una sociedad como la nuestra, donde se ha alcanzado una igualdad formal entre sexos, las desigualdades campan a sus anchas sin mayores consecuencias para quienes las normalizan y contribuyen a perpetuarlas.<\/p>\n<p>Pero, Cristina, permitime una acotaci\u00f3n, porque creo que no ten\u00e9s muy claro lo que es el feminismo. Sin la construcci\u00f3n te\u00f3rica aportada por el feminismo en los \u00faltimos doscientos a\u00f1os, y m\u00e1s tambi\u00e9n, nunca hubieras llegado a deducir lo que tan acertadamente expusiste en tu discurso, y mucho menos hubieras llegado a ocupar el cargo que ocupaste sin las luchas feministas de las compa\u00f1eras de generaciones anteriores que fueron consiguiendo derecho por derecho. Que no se te olvide que, si siendo mujer, pudiste acceder a una carrera universitaria, y luego pol\u00edtica, que permiti\u00f3 que pudieras presentarte a unas elecciones que, por cierto, ganaste en buena fe, ha sido gracias a una lucha feminista hist\u00f3rica que no podemos soslayar.<\/p>\n<p>Dijiste que las feministas no te bancaron en esos momentos (en alusi\u00f3n a los ataques mis\u00f3ginos de la prensa durante su mandato presidencial), no se a qui\u00e9nes te refer\u00eds, pero si es a las que usan el feminismo instrumentaliz\u00e1ndolo para su propio beneficio, bueno, puede que tengas raz\u00f3n. Pero eso no es todo el feminismo, ni somos todas las feministas. La mayor\u00eda de nosotras somos mujeres an\u00f3nimas, laburantas, cuidadoras, madres que educan a sus hijos para que sean mejores que sus padres, estudiantas que se adentran temerosas en carreras masculinizadas para abrirle camino a las vienen. A nuestra escala de mujeres del mont\u00f3n, est\u00e1bamos aguantando otras formas de violencia en casa, en la calle, en el trabajo y en la facultad. Todo bien con las tuiteras y las pancarteras, y las que ocupan cargos pol\u00edticos, pero muchas veces no nos representan.<\/p>\n<p>Cristina diciendo que no es feminista para, inmediatamente despu\u00e9s, hacer un alegato feminista, y yo queri\u00e9ndome dar la cabeza contra algo para ver si me despierto, o me hago una lobotom\u00eda casera que me permita seguir aguantando, yo qu\u00e9 s\u00e9. Igual, Cristina, tu mensaje lleg\u00f3, o eso espero, gracias. Creo que vos entend\u00e9s cu\u00e1nto suma.<\/p>\n<p>Tercera se\u00f1al: Lilia Lemoine, durante el debate sobre la ampliaci\u00f3n del Registro Nacional de Datos Gen\u00e9ticos, cuenta que un desconocido, hace dieciocho a\u00f1os, la atac\u00f3 y la viol\u00f3 luego de entrar por la fuerza a su departamento. A pesar de m\u00faltiples denuncias ante la polic\u00eda y en los medios, el violador sigue pr\u00f3fugo y sin identificar. La madre de la Diputada, quien fue su apoyo durante aquellos duros momentos, tambi\u00e9n fue v\u00edctima de violaci\u00f3n en su juventud, seg\u00fan expresa, emocionada, desde su banca en el Congreso.<\/p>\n<p>Dos mujeres de una misma familia sufren agresiones o abusos sexuales en distintos momentos de sus vidas. Me pregunto por cu\u00e1ntos miles hay que multiplicar el relato de Lilia para tener una idea de lo que conlleva ser mujer. Si sufrir una violaci\u00f3n es de por s\u00ed algo horroroso, cu\u00e1nto m\u00e1s debe ser para una madre no poder evitar que le suceda lo mismo a una hija. Va mi solidaridad con Lilia y cualquier mujer abusada, m\u00e1s a\u00fan con las que conviven con la traum\u00e1tica certeza de que sus violadores pueden hacer las compras en el mismo super que ellas o acecharlas desde el anonimato dos d\u00e9cadas despu\u00e9s.<\/p>\n<p>Pero la cosa no acaba ah\u00ed, porque a continuaci\u00f3n, Lilia arranca un discurso que me dej\u00f3 con la boca abierta frente a la pantallita del celu y me hizo aplaudirla, literalmente: \u201c<em>Les quiero decir\u00a0a las mujeres que no tengan verg\u00fcenza porque los que hablen mal de ellas cuando denuncian son la basura, son los c\u00f3mplices, son los que tienen que callar y sentir verg\u00fcenza. Nosotras somos mucho m\u00e1s que un cuerpo, somos un alma y un esp\u00edritu, somos todo, y tenemos derecho a defendernos, y tenemos derecho a que la pol\u00edtica y la justicia nos protejan. Por eso es importante que el registro est\u00e9 en manos de las fuerzas de seguridad, no solo para juzgar, sino para prevenir. El registro tiene que servir para prevenir, porque son reincidentes<\/em>\u201d, explica para defender su posici\u00f3n en el debate. Y como en la arena pol\u00edtica y medi\u00e1tica se han vuelto v\u00e1lidas las peores expresiones, en referencia a las reacciones de otros diputados de la C\u00e1mara y al tratamiento que su denuncia recibi\u00f3 en algunos programas a los que su madre acudi\u00f3 en busca de ayuda para reclamar justicia, continu\u00f3: \u201c<em>m\u00e1s duele escucharlos a ustedes burlarse de nosotras en nuestras caras, burlarse de las mujeres que salieron adelante y que buscan salir para adelante, y algunas que no van a poder porque no est\u00e1n m\u00e1s<\/em>\u201d, y agreg\u00f3 \u201c<em>Necesitamos que ellos <\/em>\u2014los violadores\u2014<em> est\u00e9n encerrados y nosotras podamos salir a caminar tranquilas por la calle<\/em>\u201d<em>. <\/em><\/p>\n<p>Lemoine, con toda la raz\u00f3n del mundo, se niega a permanecer en el rol de v\u00edctima, y por eso denunci\u00f3 y sigue denunciando, aunque ya sabemos que denunciar no es f\u00e1cil, ni est\u00e1 al alcance de todas, ni en cualquier momento. A\u00fan as\u00ed, insiste en que <em>\u201ctodas las mujeres violadas sepan que vale la pena luchar<\/em>\u201d.<\/p>\n<p>Pero hay m\u00e1s. \u00ab<em>Me violaron cuatro veces en un d\u00eda<\/em>\u00ab, cuenta para explicar que el hecho de haber denunciado su violaci\u00f3n le supuso someterse a revisiones m\u00e9dicas, por varios profesionales distintos, con protocolos invasivos, deshumanizados y revictimizante, que son uno de los factores por los que muchas v\u00edctimas desisten de la Justicia, porque no se ven capaces de someterse voluntariamente a tanto en un momento de extrema vulnerabilidad f\u00edsica, ps\u00edquica y emocional.<\/p>\n<p>No da para hacer un an\u00e1lisis profundo del discurso de la Diputada Lemoine, porque se har\u00eda muy extenso y no es el fin de este texto. S\u00f3lo he de decir que toca tantos temas sustanciales para el feminismo que resulta ir\u00f3nico comprobar que una mujer que se manifiesta p\u00fablicamente como contraria al feminismo se reconozca a la vez atravesada por las mismas cuestiones que importan al feminismo: el supuesto derecho al acceso al cuerpo de las mujeres (por coacci\u00f3n violenta o econ\u00f3mica), la alt\u00edsima tasa de reincidencia de los delincuentes sexuales, la deshumanizaci\u00f3n de los protocolos de atenci\u00f3n a las v\u00edctimas de agresiones machistas, el juicio social sobre las v\u00edctimas que consiguen rehacer su vida, que la violencia machista no solo atenta contra las mujeres, la sororidad con otras v\u00edctimas actuales o potenciales, etc.<\/p>\n<p>Lilia, no s\u00e9 si sos consciente de la cantidad de melones que abriste con tu breve discurso, ni de lo mucho que el feminismo ha analizado y debatido estos temas, para poder entender cu\u00e1nta raz\u00f3n ten\u00e9s, y lo oprobioso que resulta que ciertos sectores de la izquierda prioricen el derecho a la intimidad de un posible violador o femicida antes que el derecho de las mujeres a no ser violadas ni asesinadas. Y ahora me van a saltar con que cierto discurso feminista es funcional a la derecha. Piensen lo que quieran, si total al feminismo siempre le van a dar por alg\u00fan lado, cuando no son unos son los otros, pero lo cierto es que ning\u00fan partido de ning\u00fan sector del espectro pol\u00edtico ha priorizado jam\u00e1s a las mujeres. Siempre somos la parte m\u00e1s fina del hilo, la que puede cortarse ante la m\u00e1s m\u00ednima tirantez. Simone de Beauvoir lo ten\u00eda claro cuando escribi\u00f3 que \u201c<em>solo hace falta una crisis pol\u00edtica, econ\u00f3mica o religiosa para que los derechos de las mujeres sean cuestionados. Estos derechos nunca pueden darse por sentados. Debes permanecer vigilante durante toda tu vida<\/em>\u201d.<\/p>\n<p>Para quienes no se hayan aclarado a\u00fan, el feminismo es un movimiento que busca la emancipaci\u00f3n de la mitad del mundo. Nada menos. Imag\u00ednate la pluralidad que tiene que poder soportar algo tan grande y transversal. Podemos no estar de acuerdo en todo, pero no voy a renegar de la diversidad, por m\u00e1s desaf\u00edos que presente.<\/p>\n<p>Parte de esa emancipaci\u00f3n es entender que, aunque se nos violente hacia una situaci\u00f3n de v\u00edctimas, seguiremos luchando, y las que consigan seguir con vida a pesar de todo, ser\u00e1n sobrevivientes. V\u00edctima es el lugar que nos asigna el patriarcado. Lo siento, no pensamos quedarnos ah\u00ed, si logramos salir vivas seremos sobrevivientes.<\/p>\n<p>Patricia, Cristina y Lilia, cada una con su historia, su ideolog\u00eda y sus singularidades, son mujeres que no se reconocen feministas, pero a la vez se interesan p\u00fablicamente por temas que son la m\u00e9dula del feminismo. Esto por fuerza tiene que dispararnos unas cuantas reflexiones, tanto m\u00e1s a las que s\u00ed nos reconocemos feministas.<\/p>\n<p>Quiz\u00e1s no sea el caso de Cristina porque siempre profes\u00f3 una ideolog\u00eda que asigna gran importancia al rol del Estado en un sinf\u00edn de cuestiones, pero Patricia y Lilia, con sus recientes intervenciones p\u00fablicas, han dejado entrever que tambi\u00e9n entienden que la violencia machista, en cualquiera de sus formas, se previene y se combate con pol\u00edticas p\u00fablicas, como las leyes que ellas mismas promueven, por ejemplo, pero hay muchas otras, y para eso, amigas m\u00edas, es necesario un Estado. Ah\u00ed se los dejo.<\/p>\n<p>&nbsp;<\/p>\n<blockquote><p>Seguinos en Instagram.<strong>\u00a0Diario Digital Femenino:\u00a0<a href=\"https:\/\/www.instagram.com\/diariodigitalfemenino_\/\">@diariodigitalfemenino_<\/a><br \/>\nLenny C\u00e1ceres:\u00a0<a href=\"https:\/\/www.instagram.com\/lennycaceres69\/\">@lennycaceres69<\/a><br \/>\n<\/strong>Facebook:\u00a0<strong><a href=\"https:\/\/www.facebook.com\/DiarioDigitalFemenino\/\">Diario Digital Femenino\u00a0<\/a><\/strong><\/p><\/blockquote>\n<p>&nbsp;<\/p>\n","protected":false},"excerpt":{"rendered":"<p>Llevo una semana en la que la realidad se viene alineando con mis fantas\u00edas feministas m\u00e1s locas y me pregunto si son se\u00f1ales de un inminente colapso del Universo, de mi universo, o es que mis plegarias, y creo que las de muchas otras, al fin est\u00e1n siendo escuchadas. Es como si todo fuera cerrando [&hellip;]<\/p>\n","protected":false},"author":7,"featured_media":74167,"comment_status":"open","ping_status":"open","sticky":false,"template":"","format":"standard","meta":{"iawp_total_views":140,"footnotes":""},"categories":[1067,178,3,627,6,21,592],"tags":[2041,4372,5705,26,7204,7205,130,1726,18,3458],"class_list":["post-74164","post","type-post","status-publish","format-standard","has-post-thumbnail","hentry","category-agenda-feminista","category-articulos-y-comunicados","category-de-la-revolucion-al-reaprendizaje","category-genero-y-derechos-humanos","category-articulos","category-noticias","category-violencias","tag-cristina-fernandez","tag-destacada","tag-discursos","tag-feminismo","tag-impensado","tag-lilia-lemoine","tag-mujeres","tag-patricia-bullrich","tag-politicas-publicas","tag-roles"],"nelio_content":{"autoShareEndMode":"never","automationSources":{"useCustomSentences":false,"customSentences":[]},"efiAlt":"","efiUrl":"","followers":[7],"highlights":[],"isAutoShareEnabled":true,"networkImageIds":[],"permalinkQueryArgs":[],"series":[],"suggestedReferences":[]},"yoast_head":"<!-- This site is optimized with the Yoast SEO plugin v27.5 - https:\/\/yoast.com\/product\/yoast-seo-wordpress\/ -->\n<title>El feminismo impensado - Diario Digital Femenino<\/title>\n<meta name=\"description\" content=\"El feminismo impensado. Por ah\u00ed soy yo nom\u00e1s, que estoy tan necesitada de creer en algo, que empiezo a ver se\u00f1ales donde s\u00f3lo hay noticias.\" \/>\n<meta name=\"robots\" content=\"index, follow, max-snippet:-1, max-image-preview:large, max-video-preview:-1\" \/>\n<link rel=\"canonical\" href=\"https:\/\/diariofemenino.com.ar\/df\/el-feminismo-impensado\/\" \/>\n<meta property=\"og:locale\" content=\"es_ES\" \/>\n<meta property=\"og:type\" content=\"article\" \/>\n<meta property=\"og:title\" content=\"El feminismo impensado - Diario Digital Femenino\" \/>\n<meta property=\"og:description\" content=\"El feminismo impensado. Por ah\u00ed soy yo nom\u00e1s, que estoy tan necesitada de creer en algo, que empiezo a ver se\u00f1ales donde s\u00f3lo hay noticias.\" \/>\n<meta property=\"og:url\" content=\"https:\/\/diariofemenino.com.ar\/df\/el-feminismo-impensado\/\" \/>\n<meta property=\"og:site_name\" content=\"Diario Digital Femenino\" \/>\n<meta property=\"article:publisher\" content=\"https:\/\/www.facebook.com\/DiarioDigitaFemenino\/\" \/>\n<meta property=\"article:published_time\" content=\"2024-10-01T13:08:25+00:00\" \/>\n<meta property=\"og:image\" content=\"https:\/\/diariofemenino.com.ar\/df\/wp-content\/uploads\/2024\/10\/imagen-silbato.jpg\" \/>\n\t<meta property=\"og:image:width\" content=\"765\" \/>\n\t<meta property=\"og:image:height\" content=\"417\" \/>\n\t<meta property=\"og:image:type\" content=\"image\/jpeg\" \/>\n<meta name=\"author\" content=\"Cielo\" \/>\n<meta name=\"twitter:card\" content=\"summary_large_image\" \/>\n<meta name=\"twitter:creator\" content=\"@DiarioFemenino1\" \/>\n<meta name=\"twitter:site\" content=\"@DiarioFemenino1\" \/>\n<meta name=\"twitter:label1\" content=\"Escrito por\" \/>\n\t<meta name=\"twitter:data1\" content=\"Cielo\" \/>\n\t<meta name=\"twitter:label2\" content=\"Tiempo de lectura\" \/>\n\t<meta name=\"twitter:data2\" content=\"13 minutos\" \/>\n<script type=\"application\/ld+json\" class=\"yoast-schema-graph\">{\"@context\":\"https:\\\/\\\/schema.org\",\"@graph\":[{\"@type\":\"Article\",\"@id\":\"https:\\\/\\\/diariofemenino.com.ar\\\/df\\\/el-feminismo-impensado\\\/#article\",\"isPartOf\":{\"@id\":\"https:\\\/\\\/diariofemenino.com.ar\\\/df\\\/el-feminismo-impensado\\\/\"},\"author\":{\"name\":\"Cielo\",\"@id\":\"https:\\\/\\\/diariofemenino.com.ar\\\/df\\\/#\\\/schema\\\/person\\\/ce54da1b7adbe9089bca325dbe254d1b\"},\"headline\":\"El feminismo impensado\",\"datePublished\":\"2024-10-01T13:08:25+00:00\",\"mainEntityOfPage\":{\"@id\":\"https:\\\/\\\/diariofemenino.com.ar\\\/df\\\/el-feminismo-impensado\\\/\"},\"wordCount\":2732,\"commentCount\":0,\"publisher\":{\"@id\":\"https:\\\/\\\/diariofemenino.com.ar\\\/df\\\/#organization\"},\"image\":{\"@id\":\"https:\\\/\\\/diariofemenino.com.ar\\\/df\\\/el-feminismo-impensado\\\/#primaryimage\"},\"thumbnailUrl\":\"https:\\\/\\\/diariofemenino.com.ar\\\/df\\\/wp-content\\\/uploads\\\/2024\\\/10\\\/imagen-silbato.jpg\",\"keywords\":[\"Cristina Fern\u00e1ndez\",\"Destacada\",\"Discursos\",\"Feminismo\",\"impensado\",\"Lilia Lemoine\",\"Mujeres\",\"Patricia Bullrich\",\"Pol\u00edticas p\u00fablicas\",\"Roles\"],\"articleSection\":[\"Agenda Feminista\",\"Art\u00edculos y Comunicados\",\"De la Revoluci\u00f3n al Reaprendizaje\",\"G\u00e9nero y Derechos Humanos\",\"Mujeres en Palabras\",\"Noticias\",\"Violencias\"],\"inLanguage\":\"es\",\"potentialAction\":[{\"@type\":\"CommentAction\",\"name\":\"Comment\",\"target\":[\"https:\\\/\\\/diariofemenino.com.ar\\\/df\\\/el-feminismo-impensado\\\/#respond\"]}]},{\"@type\":\"WebPage\",\"@id\":\"https:\\\/\\\/diariofemenino.com.ar\\\/df\\\/el-feminismo-impensado\\\/\",\"url\":\"https:\\\/\\\/diariofemenino.com.ar\\\/df\\\/el-feminismo-impensado\\\/\",\"name\":\"El feminismo impensado - Diario Digital Femenino\",\"isPartOf\":{\"@id\":\"https:\\\/\\\/diariofemenino.com.ar\\\/df\\\/#website\"},\"primaryImageOfPage\":{\"@id\":\"https:\\\/\\\/diariofemenino.com.ar\\\/df\\\/el-feminismo-impensado\\\/#primaryimage\"},\"image\":{\"@id\":\"https:\\\/\\\/diariofemenino.com.ar\\\/df\\\/el-feminismo-impensado\\\/#primaryimage\"},\"thumbnailUrl\":\"https:\\\/\\\/diariofemenino.com.ar\\\/df\\\/wp-content\\\/uploads\\\/2024\\\/10\\\/imagen-silbato.jpg\",\"datePublished\":\"2024-10-01T13:08:25+00:00\",\"description\":\"El feminismo impensado. Por ah\u00ed soy yo nom\u00e1s, que estoy tan necesitada de creer en algo, que empiezo a ver se\u00f1ales donde s\u00f3lo hay noticias.\",\"breadcrumb\":{\"@id\":\"https:\\\/\\\/diariofemenino.com.ar\\\/df\\\/el-feminismo-impensado\\\/#breadcrumb\"},\"inLanguage\":\"es\",\"potentialAction\":[{\"@type\":\"ReadAction\",\"target\":[\"https:\\\/\\\/diariofemenino.com.ar\\\/df\\\/el-feminismo-impensado\\\/\"]}]},{\"@type\":\"ImageObject\",\"inLanguage\":\"es\",\"@id\":\"https:\\\/\\\/diariofemenino.com.ar\\\/df\\\/el-feminismo-impensado\\\/#primaryimage\",\"url\":\"https:\\\/\\\/diariofemenino.com.ar\\\/df\\\/wp-content\\\/uploads\\\/2024\\\/10\\\/imagen-silbato.jpg\",\"contentUrl\":\"https:\\\/\\\/diariofemenino.com.ar\\\/df\\\/wp-content\\\/uploads\\\/2024\\\/10\\\/imagen-silbato.jpg\",\"width\":765,\"height\":417,\"caption\":\"El feminismo impensado\"},{\"@type\":\"BreadcrumbList\",\"@id\":\"https:\\\/\\\/diariofemenino.com.ar\\\/df\\\/el-feminismo-impensado\\\/#breadcrumb\",\"itemListElement\":[{\"@type\":\"ListItem\",\"position\":1,\"name\":\"Portada\",\"item\":\"https:\\\/\\\/diariofemenino.com.ar\\\/df\\\/\"},{\"@type\":\"ListItem\",\"position\":2,\"name\":\"El feminismo impensado\"}]},{\"@type\":\"WebSite\",\"@id\":\"https:\\\/\\\/diariofemenino.com.ar\\\/df\\\/#website\",\"url\":\"https:\\\/\\\/diariofemenino.com.ar\\\/df\\\/\",\"name\":\"Diario Digital Femenino\",\"description\":\"Cuesti\u00f3n de G\u00e9nero\",\"publisher\":{\"@id\":\"https:\\\/\\\/diariofemenino.com.ar\\\/df\\\/#organization\"},\"potentialAction\":[{\"@type\":\"SearchAction\",\"target\":{\"@type\":\"EntryPoint\",\"urlTemplate\":\"https:\\\/\\\/diariofemenino.com.ar\\\/df\\\/?s={search_term_string}\"},\"query-input\":{\"@type\":\"PropertyValueSpecification\",\"valueRequired\":true,\"valueName\":\"search_term_string\"}}],\"inLanguage\":\"es\"},{\"@type\":\"Organization\",\"@id\":\"https:\\\/\\\/diariofemenino.com.ar\\\/df\\\/#organization\",\"name\":\"Diario Femenino\",\"url\":\"https:\\\/\\\/diariofemenino.com.ar\\\/df\\\/\",\"logo\":{\"@type\":\"ImageObject\",\"inLanguage\":\"es\",\"@id\":\"https:\\\/\\\/diariofemenino.com.ar\\\/df\\\/#\\\/schema\\\/logo\\\/image\\\/\",\"url\":\"https:\\\/\\\/diariofemenino.com.ar\\\/df\\\/wp-content\\\/uploads\\\/2018\\\/10\\\/logo.png\",\"contentUrl\":\"https:\\\/\\\/diariofemenino.com.ar\\\/df\\\/wp-content\\\/uploads\\\/2018\\\/10\\\/logo.png\",\"width\":500,\"height\":92,\"caption\":\"Diario Femenino\"},\"image\":{\"@id\":\"https:\\\/\\\/diariofemenino.com.ar\\\/df\\\/#\\\/schema\\\/logo\\\/image\\\/\"},\"sameAs\":[\"https:\\\/\\\/www.facebook.com\\\/DiarioDigitaFemenino\\\/\",\"https:\\\/\\\/x.com\\\/DiarioFemenino1\"]},{\"@type\":\"Person\",\"@id\":\"https:\\\/\\\/diariofemenino.com.ar\\\/df\\\/#\\\/schema\\\/person\\\/ce54da1b7adbe9089bca325dbe254d1b\",\"name\":\"Cielo\",\"image\":{\"@type\":\"ImageObject\",\"inLanguage\":\"es\",\"@id\":\"https:\\\/\\\/diariofemenino.com.ar\\\/df\\\/wp-content\\\/uploads\\\/2024\\\/09\\\/WhatsApp-Image-2024-09-14-at-08.40.041-150x102.jpg\",\"url\":\"https:\\\/\\\/diariofemenino.com.ar\\\/df\\\/wp-content\\\/uploads\\\/2024\\\/09\\\/WhatsApp-Image-2024-09-14-at-08.40.041-150x102.jpg\",\"contentUrl\":\"https:\\\/\\\/diariofemenino.com.ar\\\/df\\\/wp-content\\\/uploads\\\/2024\\\/09\\\/WhatsApp-Image-2024-09-14-at-08.40.041-150x102.jpg\",\"caption\":\"Cielo\"},\"url\":\"https:\\\/\\\/diariofemenino.com.ar\\\/df\\\/author\\\/cieloddf\\\/\"}]}<\/script>\n<!-- \/ Yoast SEO plugin. -->","yoast_head_json":{"title":"El feminismo impensado - Diario Digital Femenino","description":"El feminismo impensado. Por ah\u00ed soy yo nom\u00e1s, que estoy tan necesitada de creer en algo, que empiezo a ver se\u00f1ales donde s\u00f3lo hay noticias.","robots":{"index":"index","follow":"follow","max-snippet":"max-snippet:-1","max-image-preview":"max-image-preview:large","max-video-preview":"max-video-preview:-1"},"canonical":"https:\/\/diariofemenino.com.ar\/df\/el-feminismo-impensado\/","og_locale":"es_ES","og_type":"article","og_title":"El feminismo impensado - Diario Digital Femenino","og_description":"El feminismo impensado. Por ah\u00ed soy yo nom\u00e1s, que estoy tan necesitada de creer en algo, que empiezo a ver se\u00f1ales donde s\u00f3lo hay noticias.","og_url":"https:\/\/diariofemenino.com.ar\/df\/el-feminismo-impensado\/","og_site_name":"Diario Digital Femenino","article_publisher":"https:\/\/www.facebook.com\/DiarioDigitaFemenino\/","article_published_time":"2024-10-01T13:08:25+00:00","og_image":[{"width":765,"height":417,"url":"https:\/\/diariofemenino.com.ar\/df\/wp-content\/uploads\/2024\/10\/imagen-silbato.jpg","type":"image\/jpeg"}],"author":"Cielo","twitter_card":"summary_large_image","twitter_creator":"@DiarioFemenino1","twitter_site":"@DiarioFemenino1","twitter_misc":{"Escrito por":"Cielo","Tiempo de lectura":"13 minutos"},"schema":{"@context":"https:\/\/schema.org","@graph":[{"@type":"Article","@id":"https:\/\/diariofemenino.com.ar\/df\/el-feminismo-impensado\/#article","isPartOf":{"@id":"https:\/\/diariofemenino.com.ar\/df\/el-feminismo-impensado\/"},"author":{"name":"Cielo","@id":"https:\/\/diariofemenino.com.ar\/df\/#\/schema\/person\/ce54da1b7adbe9089bca325dbe254d1b"},"headline":"El feminismo impensado","datePublished":"2024-10-01T13:08:25+00:00","mainEntityOfPage":{"@id":"https:\/\/diariofemenino.com.ar\/df\/el-feminismo-impensado\/"},"wordCount":2732,"commentCount":0,"publisher":{"@id":"https:\/\/diariofemenino.com.ar\/df\/#organization"},"image":{"@id":"https:\/\/diariofemenino.com.ar\/df\/el-feminismo-impensado\/#primaryimage"},"thumbnailUrl":"https:\/\/diariofemenino.com.ar\/df\/wp-content\/uploads\/2024\/10\/imagen-silbato.jpg","keywords":["Cristina Fern\u00e1ndez","Destacada","Discursos","Feminismo","impensado","Lilia Lemoine","Mujeres","Patricia Bullrich","Pol\u00edticas p\u00fablicas","Roles"],"articleSection":["Agenda Feminista","Art\u00edculos y Comunicados","De la Revoluci\u00f3n al Reaprendizaje","G\u00e9nero y Derechos Humanos","Mujeres en Palabras","Noticias","Violencias"],"inLanguage":"es","potentialAction":[{"@type":"CommentAction","name":"Comment","target":["https:\/\/diariofemenino.com.ar\/df\/el-feminismo-impensado\/#respond"]}]},{"@type":"WebPage","@id":"https:\/\/diariofemenino.com.ar\/df\/el-feminismo-impensado\/","url":"https:\/\/diariofemenino.com.ar\/df\/el-feminismo-impensado\/","name":"El feminismo impensado - Diario Digital Femenino","isPartOf":{"@id":"https:\/\/diariofemenino.com.ar\/df\/#website"},"primaryImageOfPage":{"@id":"https:\/\/diariofemenino.com.ar\/df\/el-feminismo-impensado\/#primaryimage"},"image":{"@id":"https:\/\/diariofemenino.com.ar\/df\/el-feminismo-impensado\/#primaryimage"},"thumbnailUrl":"https:\/\/diariofemenino.com.ar\/df\/wp-content\/uploads\/2024\/10\/imagen-silbato.jpg","datePublished":"2024-10-01T13:08:25+00:00","description":"El feminismo impensado. Por ah\u00ed soy yo nom\u00e1s, que estoy tan necesitada de creer en algo, que empiezo a ver se\u00f1ales donde s\u00f3lo hay noticias.","breadcrumb":{"@id":"https:\/\/diariofemenino.com.ar\/df\/el-feminismo-impensado\/#breadcrumb"},"inLanguage":"es","potentialAction":[{"@type":"ReadAction","target":["https:\/\/diariofemenino.com.ar\/df\/el-feminismo-impensado\/"]}]},{"@type":"ImageObject","inLanguage":"es","@id":"https:\/\/diariofemenino.com.ar\/df\/el-feminismo-impensado\/#primaryimage","url":"https:\/\/diariofemenino.com.ar\/df\/wp-content\/uploads\/2024\/10\/imagen-silbato.jpg","contentUrl":"https:\/\/diariofemenino.com.ar\/df\/wp-content\/uploads\/2024\/10\/imagen-silbato.jpg","width":765,"height":417,"caption":"El feminismo impensado"},{"@type":"BreadcrumbList","@id":"https:\/\/diariofemenino.com.ar\/df\/el-feminismo-impensado\/#breadcrumb","itemListElement":[{"@type":"ListItem","position":1,"name":"Portada","item":"https:\/\/diariofemenino.com.ar\/df\/"},{"@type":"ListItem","position":2,"name":"El feminismo impensado"}]},{"@type":"WebSite","@id":"https:\/\/diariofemenino.com.ar\/df\/#website","url":"https:\/\/diariofemenino.com.ar\/df\/","name":"Diario Digital Femenino","description":"Cuesti\u00f3n de G\u00e9nero","publisher":{"@id":"https:\/\/diariofemenino.com.ar\/df\/#organization"},"potentialAction":[{"@type":"SearchAction","target":{"@type":"EntryPoint","urlTemplate":"https:\/\/diariofemenino.com.ar\/df\/?s={search_term_string}"},"query-input":{"@type":"PropertyValueSpecification","valueRequired":true,"valueName":"search_term_string"}}],"inLanguage":"es"},{"@type":"Organization","@id":"https:\/\/diariofemenino.com.ar\/df\/#organization","name":"Diario Femenino","url":"https:\/\/diariofemenino.com.ar\/df\/","logo":{"@type":"ImageObject","inLanguage":"es","@id":"https:\/\/diariofemenino.com.ar\/df\/#\/schema\/logo\/image\/","url":"https:\/\/diariofemenino.com.ar\/df\/wp-content\/uploads\/2018\/10\/logo.png","contentUrl":"https:\/\/diariofemenino.com.ar\/df\/wp-content\/uploads\/2018\/10\/logo.png","width":500,"height":92,"caption":"Diario Femenino"},"image":{"@id":"https:\/\/diariofemenino.com.ar\/df\/#\/schema\/logo\/image\/"},"sameAs":["https:\/\/www.facebook.com\/DiarioDigitaFemenino\/","https:\/\/x.com\/DiarioFemenino1"]},{"@type":"Person","@id":"https:\/\/diariofemenino.com.ar\/df\/#\/schema\/person\/ce54da1b7adbe9089bca325dbe254d1b","name":"Cielo","image":{"@type":"ImageObject","inLanguage":"es","@id":"https:\/\/diariofemenino.com.ar\/df\/wp-content\/uploads\/2024\/09\/WhatsApp-Image-2024-09-14-at-08.40.041-150x102.jpg","url":"https:\/\/diariofemenino.com.ar\/df\/wp-content\/uploads\/2024\/09\/WhatsApp-Image-2024-09-14-at-08.40.041-150x102.jpg","contentUrl":"https:\/\/diariofemenino.com.ar\/df\/wp-content\/uploads\/2024\/09\/WhatsApp-Image-2024-09-14-at-08.40.041-150x102.jpg","caption":"Cielo"},"url":"https:\/\/diariofemenino.com.ar\/df\/author\/cieloddf\/"}]}},"jetpack_featured_media_url":"https:\/\/diariofemenino.com.ar\/df\/wp-content\/uploads\/2024\/10\/imagen-silbato.jpg","jetpack_sharing_enabled":true,"rttpg_featured_image_url":{"full":["https:\/\/diariofemenino.com.ar\/df\/wp-content\/uploads\/2024\/10\/imagen-silbato.jpg",765,417,false],"landscape":["https:\/\/diariofemenino.com.ar\/df\/wp-content\/uploads\/2024\/10\/imagen-silbato.jpg",765,417,false],"portraits":["https:\/\/diariofemenino.com.ar\/df\/wp-content\/uploads\/2024\/10\/imagen-silbato.jpg",765,417,false],"thumbnail":["https:\/\/diariofemenino.com.ar\/df\/wp-content\/uploads\/2024\/10\/imagen-silbato-150x150.jpg",150,150,true],"medium":["https:\/\/diariofemenino.com.ar\/df\/wp-content\/uploads\/2024\/10\/imagen-silbato-300x164.jpg",300,164,true],"large":["https:\/\/diariofemenino.com.ar\/df\/wp-content\/uploads\/2024\/10\/imagen-silbato.jpg",765,417,false],"1536x1536":["https:\/\/diariofemenino.com.ar\/df\/wp-content\/uploads\/2024\/10\/imagen-silbato.jpg",765,417,false],"2048x2048":["https:\/\/diariofemenino.com.ar\/df\/wp-content\/uploads\/2024\/10\/imagen-silbato.jpg",765,417,false]},"rttpg_author":{"display_name":"Cielo","author_link":"https:\/\/diariofemenino.com.ar\/df\/author\/cieloddf\/"},"rttpg_comment":0,"rttpg_category":"<a href=\"https:\/\/diariofemenino.com.ar\/df\/category\/agenda-feminista\/\" rel=\"category tag\">Agenda Feminista<\/a> <a href=\"https:\/\/diariofemenino.com.ar\/df\/category\/articulos-y-comunicados\/\" rel=\"category tag\">Art\u00edculos y Comunicados<\/a> <a href=\"https:\/\/diariofemenino.com.ar\/df\/category\/de-la-revolucion-al-reaprendizaje\/\" rel=\"category tag\">De la Revoluci\u00f3n al Reaprendizaje<\/a> <a href=\"https:\/\/diariofemenino.com.ar\/df\/category\/genero-y-derechos-humanos\/\" rel=\"category tag\">G\u00e9nero y Derechos Humanos<\/a> <a href=\"https:\/\/diariofemenino.com.ar\/df\/category\/articulos\/\" rel=\"category tag\">Mujeres en Palabras<\/a> <a href=\"https:\/\/diariofemenino.com.ar\/df\/category\/noticias\/\" rel=\"category tag\">Noticias<\/a> <a href=\"https:\/\/diariofemenino.com.ar\/df\/category\/violencias\/\" rel=\"category tag\">Violencias<\/a>","rttpg_excerpt":"Llevo una semana en la que la realidad se viene alineando con mis fantas\u00edas feministas m\u00e1s locas y me pregunto si son se\u00f1ales de un inminente colapso del Universo, de mi universo, o es que mis plegarias, y creo que las de muchas otras, al fin est\u00e1n siendo escuchadas. Es como si todo fuera cerrando&hellip;","_links":{"self":[{"href":"https:\/\/diariofemenino.com.ar\/df\/wp-json\/wp\/v2\/posts\/74164","targetHints":{"allow":["GET"]}}],"collection":[{"href":"https:\/\/diariofemenino.com.ar\/df\/wp-json\/wp\/v2\/posts"}],"about":[{"href":"https:\/\/diariofemenino.com.ar\/df\/wp-json\/wp\/v2\/types\/post"}],"author":[{"embeddable":true,"href":"https:\/\/diariofemenino.com.ar\/df\/wp-json\/wp\/v2\/users\/7"}],"replies":[{"embeddable":true,"href":"https:\/\/diariofemenino.com.ar\/df\/wp-json\/wp\/v2\/comments?post=74164"}],"version-history":[{"count":0,"href":"https:\/\/diariofemenino.com.ar\/df\/wp-json\/wp\/v2\/posts\/74164\/revisions"}],"wp:featuredmedia":[{"embeddable":true,"href":"https:\/\/diariofemenino.com.ar\/df\/wp-json\/wp\/v2\/media\/74167"}],"wp:attachment":[{"href":"https:\/\/diariofemenino.com.ar\/df\/wp-json\/wp\/v2\/media?parent=74164"}],"wp:term":[{"taxonomy":"category","embeddable":true,"href":"https:\/\/diariofemenino.com.ar\/df\/wp-json\/wp\/v2\/categories?post=74164"},{"taxonomy":"post_tag","embeddable":true,"href":"https:\/\/diariofemenino.com.ar\/df\/wp-json\/wp\/v2\/tags?post=74164"}],"curies":[{"name":"wp","href":"https:\/\/api.w.org\/{rel}","templated":true}]}}