{"id":74017,"date":"2024-09-09T10:33:15","date_gmt":"2024-09-09T13:33:15","guid":{"rendered":"https:\/\/diariofemenino.com.ar\/df\/?p=74017"},"modified":"2024-09-09T10:33:15","modified_gmt":"2024-09-09T13:33:15","slug":"linea-102-el-56-de-consultas-fue-por-casos-de-violencia","status":"publish","type":"post","link":"https:\/\/diariofemenino.com.ar\/df\/linea-102-el-56-de-consultas-fue-por-casos-de-violencia\/","title":{"rendered":"L\u00ednea 102: el 56 % de consultas fue por casos de violencia"},"content":{"rendered":"<p>Desde su puesta en marcha en la provincia, la L\u00ednea 102 destinada a ni\u00f1os, ni\u00f1as y adolescentes recibi\u00f3 un total de 408 llamados, de los cuales el 56,4 % estuvieron vinculados a situaciones de violencia. De todas maneras, solo 159 requirieron intervenci\u00f3n de alg\u00fan tipo.<\/p>\n<p>Esta herramienta comenz\u00f3 a funcionar en La Pampa en octubre de 2022, tras la firma de un convenio entre las autoridades provinciales y las nacionales. Se trata de un servicio telef\u00f3nico gratuito y confidencial de atenci\u00f3n y orientaci\u00f3n, especializado en la escucha y la contenci\u00f3n sobre tem\u00e1ticas vinculadas a los derechos de ni\u00f1as, ni\u00f1os y adolescentes. \u00abNi\u00f1os, ni\u00f1as y adolescentes pueden llamar en forma directa ante una vulneraci\u00f3n de sus derechos, situaciones de crisis, necesidad de asesoramiento o simplemente para hablar con una persona que pueda escucharlos. Tambi\u00e9n pueden llamar personas adultas que est\u00e9n en conocimiento de alguna de estas situaciones\u00bb, informaron desde Naci\u00f3n.<\/p>\n<figure id=\"attachment_74019\" aria-describedby=\"caption-attachment-74019\" style=\"width: 224px\" class=\"wp-caption aligncenter\"><img loading=\"lazy\" decoding=\"async\" class=\"size-full wp-image-74019\" src=\"https:\/\/diariofemenino.com.ar\/df\/wp-content\/uploads\/2024\/09\/images-6.jpg\" alt=\"L\u00ednea 102: el 56 % de consultas fue por casos de violencia\" width=\"224\" height=\"225\" srcset=\"https:\/\/diariofemenino.com.ar\/df\/wp-content\/uploads\/2024\/09\/images-6.jpg 224w, https:\/\/diariofemenino.com.ar\/df\/wp-content\/uploads\/2024\/09\/images-6-150x150.jpg 150w\" sizes=\"auto, (max-width: 224px) 100vw, 224px\" \/><figcaption id=\"caption-attachment-74019\" class=\"wp-caption-text\">L\u00ednea 102: el 56 % de consultas fue por casos de violencia<\/figcaption><\/figure>\n<p>Desde su puesta en marcha y hasta julio de este a\u00f1o, desde La Pampa hubo 1.255 llamados a la L\u00ednea 102 seg\u00fan la base de datos conformada por lo informado por cada jurisdicci\u00f3n a la que accedi\u00f3 LA ARENA, la cual depende de la Subsecretar\u00eda de Ni\u00f1ez, Adolescencia y Familia, que ahora est\u00e1 bajo la \u00f3rbita del Ministerio de Capital Humano.<\/p>\n<p>De ese total, 408 (32,5 %) fueron clasificados como \u00abllamados pertinentes\u00bb (comprenden situaciones que involucran a ni\u00f1as, ni\u00f1os o adolescentes y abarcan tanto las llamadas para ser escuchados, los pedidos de informaci\u00f3n o asesoramiento, como aquellas que ameritan una intervenci\u00f3n por vulneraci\u00f3n de derechos) y 847 (67,5 %) se contabilizaron como \u00abno pertinentes\u00bb (aquellas que no se vinculan con ni\u00f1os, ni\u00f1as o adolescentes. Pueden ser llamadas vinculadas a la poblaci\u00f3n adulta, n\u00famero equivocado, llamadas de broma o silencios).<\/p>\n<p>Si se desglosa por a\u00f1o, se puede observar que en 2022, durante el cuarto trimestre, hubo 262 llamados en total de los cuales el 30,5 % fueron pertinentes (80). En 2023 se registraron 667, de los cuales el 32,2 % fueron pertinentes (215) y, hasta julio de 2024, hubo 326 llamados pero solo el 34,7 % fueron pertinentes (113).<\/p>\n<p>Las estad\u00edsticas a la que accedi\u00f3 este diario tambi\u00e9n permiten observar que hubo un pico en la evoluci\u00f3n de llamados durante el primer mes de vigencia, con 48 llamados pertinentes, de los cuales 31 estaban vinculados a situaciones de violencia. Luego, la curva se mantuvo estable y sin superar la veintena, hasta que se registraron dos nuevos saltos: en noviembre de 2023 con 37 llamados pertinentes de los cuales 18 eran por casos de violencia, y en febrero de 2024, con 30 llamadas y 14 relacionadas a hechos de violencia.<\/p>\n<p><strong>En detalle.<\/strong><\/p>\n<p>Para el an\u00e1lisis se tomaron las denominadas \u00abllamadas pertinentes\u00bb, que fueron 408 entre 2022 y 2024. En el detalle seg\u00fan su resoluci\u00f3n, se informa que 159 fueron para intervenci\u00f3n (39 %) y 249 de orientaci\u00f3n (61 %). Si se desglosan las cifras por a\u00f1o, se observa que en 2022 fueron de intervenci\u00f3n 28 (35 %), en 2023 fueron 106 (49,3 %) y en lo que va de 2024 unas 25 (22,1 %).<\/p>\n<p>Las estad\u00edsticas revelan que 230 llamadas fueron por situaciones de violencia, lo que representa el 56,4 % de los motivos de la comunicaci\u00f3n. El resto de las situaciones, vinculadas a otras tem\u00e1ticas, suman el 43,6 % (178).<\/p>\n<figure id=\"attachment_74018\" aria-describedby=\"caption-attachment-74018\" style=\"width: 512px\" class=\"wp-caption aligncenter\"><img loading=\"lazy\" decoding=\"async\" class=\" wp-image-74018\" src=\"https:\/\/diariofemenino.com.ar\/df\/wp-content\/uploads\/2024\/09\/6182_-_web_-_seccion_noticias_-_placa_linea_102-1024x576.jpg\" alt=\"L\u00ednea 102: el 56 % de consultas fue por casos de violencia\" width=\"512\" height=\"288\" srcset=\"https:\/\/diariofemenino.com.ar\/df\/wp-content\/uploads\/2024\/09\/6182_-_web_-_seccion_noticias_-_placa_linea_102-1024x576.jpg 1024w, https:\/\/diariofemenino.com.ar\/df\/wp-content\/uploads\/2024\/09\/6182_-_web_-_seccion_noticias_-_placa_linea_102-300x169.jpg 300w, https:\/\/diariofemenino.com.ar\/df\/wp-content\/uploads\/2024\/09\/6182_-_web_-_seccion_noticias_-_placa_linea_102-768x432.jpg 768w, https:\/\/diariofemenino.com.ar\/df\/wp-content\/uploads\/2024\/09\/6182_-_web_-_seccion_noticias_-_placa_linea_102-1536x864.jpg 1536w, https:\/\/diariofemenino.com.ar\/df\/wp-content\/uploads\/2024\/09\/6182_-_web_-_seccion_noticias_-_placa_linea_102.jpg 1919w\" sizes=\"auto, (max-width: 512px) 100vw, 512px\" \/><figcaption id=\"caption-attachment-74018\" class=\"wp-caption-text\">L\u00ednea 102: el 56 % de consultas fue por casos de violencia<\/figcaption><\/figure>\n<p>Esto se puede analizar con mayor profundidad en otro apartado donde se precisan los motivos de las consultas que se registraron en las comunicaciones pertinentes de La Pampa. De las 408, el listado lo lidera \u00abmaltrato f\u00edsico\u00bb con 95 llamadas, seguido de \u00abmaltrato psicol\u00f3gico\u00bb y \u00abnegligencia\u00bb con 40 cada una, 35 corresponden a contactos para \u00abconocimiento de la l\u00ednea\/contenci\u00f3n\u00bb y en la categor\u00eda \u00abotros\u00bb figuran 35.<\/p>\n<p>Por otro lado, 19 llamadas corresponden a \u00abni\u00f1os, ni\u00f1as y adolescentes testigos de violencia en el hogar\u00bb, y con 14 llamadas cada una figura \u00abtramitaciones vinculadas a la responsabilidad parental\u00bb, \u00abviolencia sexual hacia ni\u00f1os, ni\u00f1as y adolescentes\u00bb, \u00abllamada correspondiente a otra provincia\u00bb y \u00absin dato de motivo\u00bb.<\/p>\n<p>Luego, con 13 comunicaciones se ubica \u00abausencia del adulto o adulta protectora\u00bb y \u00abviolencia entre ni\u00f1os, ni\u00f1as y adolescentes\u00bb. Por conflictos \u00abfamiliares-convivenciales\u00bb hubo 11 llamadas, por \u00abAcceso a la Justicia\u00bb, \u00abAcceso a la Salud integral\u00bb y \u00abpobreza estructural\u00bb se registraron ocho comunicaciones en cada categor\u00eda.<\/p>\n<p>Con siete llamadas figura \u00abconsumo de sustancias\u00bb, con cinco \u00abdificultades para la crianza\u00bb y \u00abexplotaci\u00f3n laboral infantil\u00bb, con cuatro \u00abni\u00f1os, ni\u00f1as y adolescentes v\u00edctimas de violencia institucional\u00bb, con tres \u00abacceso a la educaci\u00f3n\u00bb, \u00abacceso a la seguridad social\u00bb y \u00abviolencia en entornos digitales\u00bb, con dos \u00abdiscriminaci\u00f3n\u00bb, \u00abni\u00f1os, ni\u00f1as y adolescentes en situaci\u00f3n de calle\u00bb y \u00abni\u00f1os, ni\u00f1as y adolescentes extraviados\u00bb. Por \u00faltimo, con una llamada por categor\u00eda, se encuentra \u00abderecho a la identidad\u00bb, \u00abembarazo adolescente\u00bb y \u00abinclusi\u00f3n de ni\u00f1os, ni\u00f1as y adolescentes con discapacidad\u00bb.<\/p>\n<p><strong>G\u00e9nero y edad.<\/strong><\/p>\n<p>El informe tambi\u00e9n permite indagar sobre la edad y el g\u00e9nero de las personas que se comunicaron con la L\u00ednea 102. En relaci\u00f3n a la franja etaria, en el caso de La Pampa el 80,6 % de los contactos fueron realizados por personas de 18 a\u00f1os o m\u00e1s (329), mientras que el 7,8 % fueron a ni\u00f1os, ni\u00f1as o adolescentes menores de 17 a\u00f1os (32). De las 47 llamadas restantes, que implican el 11,5 %, no hay datos de edad.<\/p>\n<p>Otro dato llamativo es que de las 408 comunicaciones, el 72,3 % fueron realizadas por mujeres (295), mientras que el 23,3 % fueron varones (95). No hay datos de g\u00e9nero de 18 llamadas, lo que representa el 4,4 %. (<a href=\"https:\/\/www.laarena.com.ar\/la-pampa\/linea-102-el-56-de-consultas-fue-por-casos-de-violencia--20249718300\">La Arena<\/a>)<\/p>\n<blockquote><p>Seguinos en Instagram.<strong>\u00a0Diario Digital Femenino:\u00a0<a href=\"https:\/\/www.instagram.com\/diariodigitalfemenino_\/\">@diariodigitalfemenino_<\/a><br \/>\nLenny C\u00e1ceres:\u00a0<a href=\"https:\/\/www.instagram.com\/lennycaceres69\/\">@lennycaceres69<\/a><br \/>\n<\/strong>Facebook:\u00a0<strong><a href=\"https:\/\/www.facebook.com\/DiarioDigitalFemenino\/\">Diario Digital Femenino\u00a0<\/a><\/strong><\/p><\/blockquote>\n<p>&nbsp;<\/p>\n","protected":false},"excerpt":{"rendered":"<p>Desde su puesta en marcha en la provincia, la L\u00ednea 102 destinada a ni\u00f1os, ni\u00f1as y adolescentes recibi\u00f3 un total de 408 llamados, de los cuales el 56,4 % estuvieron vinculados a situaciones de violencia. De todas maneras, solo 159 requirieron intervenci\u00f3n de alg\u00fan tipo. Esta herramienta comenz\u00f3 a funcionar en La Pampa en octubre [&hellip;]<\/p>\n","protected":false},"author":4,"featured_media":74020,"comment_status":"open","ping_status":"open","sticky":false,"template":"","format":"standard","meta":{"iawp_total_views":40,"footnotes":""},"categories":[7,178,581,9,627,78,182,4,21,23,592],"tags":[124,4372,5288,7171,54,1525,7172,819],"class_list":["post-74017","post","type-post","status-publish","format-standard","has-post-thumbnail","hentry","category-actividades","category-articulos-y-comunicados","category-azul-profundo","category-de-esi-si-se-habla","category-genero-y-derechos-humanos","category-guias","category-informes","category-medios","category-noticias","category-salud","category-violencias","tag-adolescentes","tag-destacada","tag-linea-102","tag-llamadas","tag-ninas","tag-ninos","tag-recurso","tag-violencias"],"nelio_content":{"autoShareEndMode":"never","automationSources":{"useCustomSentences":false,"customSentences":[]},"efiAlt":"","efiUrl":"","followers":[4],"highlights":[],"isAutoShareEnabled":true,"networkImageIds":[],"permalinkQueryArgs":[],"series":[],"suggestedReferences":[]},"yoast_head":"<!-- This site is optimized with the Yoast SEO plugin v27.5 - https:\/\/yoast.com\/product\/yoast-seo-wordpress\/ -->\n<title>L\u00ednea 102: el 56 % de consultas fue por casos de violencia - Diario Digital Femenino<\/title>\n<meta name=\"description\" content=\"L\u00ednea 102\" \/>\n<meta name=\"robots\" content=\"index, follow, max-snippet:-1, max-image-preview:large, max-video-preview:-1\" \/>\n<link rel=\"canonical\" href=\"https:\/\/diariofemenino.com.ar\/df\/linea-102-el-56-de-consultas-fue-por-casos-de-violencia\/\" \/>\n<meta property=\"og:locale\" content=\"es_ES\" \/>\n<meta property=\"og:type\" content=\"article\" \/>\n<meta property=\"og:title\" content=\"L\u00ednea 102: el 56 % de consultas fue por casos de violencia - Diario Digital Femenino\" \/>\n<meta property=\"og:description\" content=\"L\u00ednea 102\" \/>\n<meta property=\"og:url\" content=\"https:\/\/diariofemenino.com.ar\/df\/linea-102-el-56-de-consultas-fue-por-casos-de-violencia\/\" \/>\n<meta property=\"og:site_name\" content=\"Diario Digital Femenino\" \/>\n<meta property=\"article:publisher\" content=\"https:\/\/www.facebook.com\/DiarioDigitaFemenino\/\" \/>\n<meta property=\"article:published_time\" content=\"2024-09-09T13:33:15+00:00\" \/>\n<meta property=\"og:image\" content=\"https:\/\/diariofemenino.com.ar\/df\/wp-content\/uploads\/2024\/09\/1725739828247.webp\" \/>\n\t<meta property=\"og:image:width\" content=\"1121\" \/>\n\t<meta property=\"og:image:height\" content=\"633\" \/>\n\t<meta property=\"og:image:type\" content=\"image\/webp\" \/>\n<meta name=\"author\" content=\"Admin\" \/>\n<meta name=\"twitter:card\" content=\"summary_large_image\" \/>\n<meta name=\"twitter:creator\" content=\"@DiarioFemenino1\" \/>\n<meta name=\"twitter:site\" content=\"@DiarioFemenino1\" \/>\n<meta name=\"twitter:label1\" content=\"Escrito por\" \/>\n\t<meta name=\"twitter:data1\" content=\"Admin\" \/>\n\t<meta name=\"twitter:label2\" content=\"Tiempo de lectura\" \/>\n\t<meta name=\"twitter:data2\" content=\"5 minutos\" \/>\n<script type=\"application\/ld+json\" class=\"yoast-schema-graph\">{\"@context\":\"https:\\\/\\\/schema.org\",\"@graph\":[{\"@type\":\"Article\",\"@id\":\"https:\\\/\\\/diariofemenino.com.ar\\\/df\\\/linea-102-el-56-de-consultas-fue-por-casos-de-violencia\\\/#article\",\"isPartOf\":{\"@id\":\"https:\\\/\\\/diariofemenino.com.ar\\\/df\\\/linea-102-el-56-de-consultas-fue-por-casos-de-violencia\\\/\"},\"author\":{\"name\":\"Admin\",\"@id\":\"https:\\\/\\\/diariofemenino.com.ar\\\/df\\\/#\\\/schema\\\/person\\\/bf6199e8158c657ea6f789b11ec85509\"},\"headline\":\"L\u00ednea 102: el 56 % de consultas fue por casos de violencia\",\"datePublished\":\"2024-09-09T13:33:15+00:00\",\"mainEntityOfPage\":{\"@id\":\"https:\\\/\\\/diariofemenino.com.ar\\\/df\\\/linea-102-el-56-de-consultas-fue-por-casos-de-violencia\\\/\"},\"wordCount\":965,\"commentCount\":0,\"publisher\":{\"@id\":\"https:\\\/\\\/diariofemenino.com.ar\\\/df\\\/#organization\"},\"image\":{\"@id\":\"https:\\\/\\\/diariofemenino.com.ar\\\/df\\\/linea-102-el-56-de-consultas-fue-por-casos-de-violencia\\\/#primaryimage\"},\"thumbnailUrl\":\"https:\\\/\\\/diariofemenino.com.ar\\\/df\\\/wp-content\\\/uploads\\\/2024\\\/09\\\/1725739828247.webp\",\"keywords\":[\"Adolescentes\",\"Destacada\",\"L\u00ednea 102\",\"llamadas\",\"Ni\u00f1as\",\"Ni\u00f1os\",\"recurso\",\"Violencias\"],\"articleSection\":[\"Actividades\",\"Art\u00edculos y Comunicados\",\"Azul Profundo\",\"De ESI S\u00ed Se Habla\",\"G\u00e9nero y Derechos Humanos\",\"Gu\u00edas\",\"Informes\",\"Medios\",\"Noticias\",\"Salud\",\"Violencias\"],\"inLanguage\":\"es\",\"potentialAction\":[{\"@type\":\"CommentAction\",\"name\":\"Comment\",\"target\":[\"https:\\\/\\\/diariofemenino.com.ar\\\/df\\\/linea-102-el-56-de-consultas-fue-por-casos-de-violencia\\\/#respond\"]}]},{\"@type\":\"WebPage\",\"@id\":\"https:\\\/\\\/diariofemenino.com.ar\\\/df\\\/linea-102-el-56-de-consultas-fue-por-casos-de-violencia\\\/\",\"url\":\"https:\\\/\\\/diariofemenino.com.ar\\\/df\\\/linea-102-el-56-de-consultas-fue-por-casos-de-violencia\\\/\",\"name\":\"L\u00ednea 102: el 56 % de consultas fue por casos de violencia - Diario Digital Femenino\",\"isPartOf\":{\"@id\":\"https:\\\/\\\/diariofemenino.com.ar\\\/df\\\/#website\"},\"primaryImageOfPage\":{\"@id\":\"https:\\\/\\\/diariofemenino.com.ar\\\/df\\\/linea-102-el-56-de-consultas-fue-por-casos-de-violencia\\\/#primaryimage\"},\"image\":{\"@id\":\"https:\\\/\\\/diariofemenino.com.ar\\\/df\\\/linea-102-el-56-de-consultas-fue-por-casos-de-violencia\\\/#primaryimage\"},\"thumbnailUrl\":\"https:\\\/\\\/diariofemenino.com.ar\\\/df\\\/wp-content\\\/uploads\\\/2024\\\/09\\\/1725739828247.webp\",\"datePublished\":\"2024-09-09T13:33:15+00:00\",\"description\":\"L\u00ednea 102\",\"breadcrumb\":{\"@id\":\"https:\\\/\\\/diariofemenino.com.ar\\\/df\\\/linea-102-el-56-de-consultas-fue-por-casos-de-violencia\\\/#breadcrumb\"},\"inLanguage\":\"es\",\"potentialAction\":[{\"@type\":\"ReadAction\",\"target\":[\"https:\\\/\\\/diariofemenino.com.ar\\\/df\\\/linea-102-el-56-de-consultas-fue-por-casos-de-violencia\\\/\"]}]},{\"@type\":\"ImageObject\",\"inLanguage\":\"es\",\"@id\":\"https:\\\/\\\/diariofemenino.com.ar\\\/df\\\/linea-102-el-56-de-consultas-fue-por-casos-de-violencia\\\/#primaryimage\",\"url\":\"https:\\\/\\\/diariofemenino.com.ar\\\/df\\\/wp-content\\\/uploads\\\/2024\\\/09\\\/1725739828247.webp\",\"contentUrl\":\"https:\\\/\\\/diariofemenino.com.ar\\\/df\\\/wp-content\\\/uploads\\\/2024\\\/09\\\/1725739828247.webp\",\"width\":1121,\"height\":633,\"caption\":\"L\u00ednea 102: el 56 % de consultas fue por casos de violencia\"},{\"@type\":\"BreadcrumbList\",\"@id\":\"https:\\\/\\\/diariofemenino.com.ar\\\/df\\\/linea-102-el-56-de-consultas-fue-por-casos-de-violencia\\\/#breadcrumb\",\"itemListElement\":[{\"@type\":\"ListItem\",\"position\":1,\"name\":\"Portada\",\"item\":\"https:\\\/\\\/diariofemenino.com.ar\\\/df\\\/\"},{\"@type\":\"ListItem\",\"position\":2,\"name\":\"L\u00ednea 102: el 56 % de consultas fue por casos de violencia\"}]},{\"@type\":\"WebSite\",\"@id\":\"https:\\\/\\\/diariofemenino.com.ar\\\/df\\\/#website\",\"url\":\"https:\\\/\\\/diariofemenino.com.ar\\\/df\\\/\",\"name\":\"Diario Digital Femenino\",\"description\":\"Cuesti\u00f3n de G\u00e9nero\",\"publisher\":{\"@id\":\"https:\\\/\\\/diariofemenino.com.ar\\\/df\\\/#organization\"},\"potentialAction\":[{\"@type\":\"SearchAction\",\"target\":{\"@type\":\"EntryPoint\",\"urlTemplate\":\"https:\\\/\\\/diariofemenino.com.ar\\\/df\\\/?s={search_term_string}\"},\"query-input\":{\"@type\":\"PropertyValueSpecification\",\"valueRequired\":true,\"valueName\":\"search_term_string\"}}],\"inLanguage\":\"es\"},{\"@type\":\"Organization\",\"@id\":\"https:\\\/\\\/diariofemenino.com.ar\\\/df\\\/#organization\",\"name\":\"Diario Femenino\",\"url\":\"https:\\\/\\\/diariofemenino.com.ar\\\/df\\\/\",\"logo\":{\"@type\":\"ImageObject\",\"inLanguage\":\"es\",\"@id\":\"https:\\\/\\\/diariofemenino.com.ar\\\/df\\\/#\\\/schema\\\/logo\\\/image\\\/\",\"url\":\"https:\\\/\\\/diariofemenino.com.ar\\\/df\\\/wp-content\\\/uploads\\\/2018\\\/10\\\/logo.png\",\"contentUrl\":\"https:\\\/\\\/diariofemenino.com.ar\\\/df\\\/wp-content\\\/uploads\\\/2018\\\/10\\\/logo.png\",\"width\":500,\"height\":92,\"caption\":\"Diario Femenino\"},\"image\":{\"@id\":\"https:\\\/\\\/diariofemenino.com.ar\\\/df\\\/#\\\/schema\\\/logo\\\/image\\\/\"},\"sameAs\":[\"https:\\\/\\\/www.facebook.com\\\/DiarioDigitaFemenino\\\/\",\"https:\\\/\\\/x.com\\\/DiarioFemenino1\"]},{\"@type\":\"Person\",\"@id\":\"https:\\\/\\\/diariofemenino.com.ar\\\/df\\\/#\\\/schema\\\/person\\\/bf6199e8158c657ea6f789b11ec85509\",\"name\":\"Admin\",\"image\":{\"@type\":\"ImageObject\",\"inLanguage\":\"es\",\"@id\":\"https:\\\/\\\/diariofemenino.com.ar\\\/df\\\/wp-content\\\/uploads\\\/2018\\\/12\\\/favicon-150x150.jpg\",\"url\":\"https:\\\/\\\/diariofemenino.com.ar\\\/df\\\/wp-content\\\/uploads\\\/2018\\\/12\\\/favicon-150x150.jpg\",\"contentUrl\":\"https:\\\/\\\/diariofemenino.com.ar\\\/df\\\/wp-content\\\/uploads\\\/2018\\\/12\\\/favicon-150x150.jpg\",\"caption\":\"Admin\"},\"url\":\"https:\\\/\\\/diariofemenino.com.ar\\\/df\\\/author\\\/lenny\\\/\"}]}<\/script>\n<!-- \/ Yoast SEO plugin. -->","yoast_head_json":{"title":"L\u00ednea 102: el 56 % de consultas fue por casos de violencia - Diario Digital Femenino","description":"L\u00ednea 102","robots":{"index":"index","follow":"follow","max-snippet":"max-snippet:-1","max-image-preview":"max-image-preview:large","max-video-preview":"max-video-preview:-1"},"canonical":"https:\/\/diariofemenino.com.ar\/df\/linea-102-el-56-de-consultas-fue-por-casos-de-violencia\/","og_locale":"es_ES","og_type":"article","og_title":"L\u00ednea 102: el 56 % de consultas fue por casos de violencia - Diario Digital Femenino","og_description":"L\u00ednea 102","og_url":"https:\/\/diariofemenino.com.ar\/df\/linea-102-el-56-de-consultas-fue-por-casos-de-violencia\/","og_site_name":"Diario Digital Femenino","article_publisher":"https:\/\/www.facebook.com\/DiarioDigitaFemenino\/","article_published_time":"2024-09-09T13:33:15+00:00","og_image":[{"width":1121,"height":633,"url":"https:\/\/diariofemenino.com.ar\/df\/wp-content\/uploads\/2024\/09\/1725739828247.webp","type":"image\/webp"}],"author":"Admin","twitter_card":"summary_large_image","twitter_creator":"@DiarioFemenino1","twitter_site":"@DiarioFemenino1","twitter_misc":{"Escrito por":"Admin","Tiempo de lectura":"5 minutos"},"schema":{"@context":"https:\/\/schema.org","@graph":[{"@type":"Article","@id":"https:\/\/diariofemenino.com.ar\/df\/linea-102-el-56-de-consultas-fue-por-casos-de-violencia\/#article","isPartOf":{"@id":"https:\/\/diariofemenino.com.ar\/df\/linea-102-el-56-de-consultas-fue-por-casos-de-violencia\/"},"author":{"name":"Admin","@id":"https:\/\/diariofemenino.com.ar\/df\/#\/schema\/person\/bf6199e8158c657ea6f789b11ec85509"},"headline":"L\u00ednea 102: el 56 % de consultas fue por casos de violencia","datePublished":"2024-09-09T13:33:15+00:00","mainEntityOfPage":{"@id":"https:\/\/diariofemenino.com.ar\/df\/linea-102-el-56-de-consultas-fue-por-casos-de-violencia\/"},"wordCount":965,"commentCount":0,"publisher":{"@id":"https:\/\/diariofemenino.com.ar\/df\/#organization"},"image":{"@id":"https:\/\/diariofemenino.com.ar\/df\/linea-102-el-56-de-consultas-fue-por-casos-de-violencia\/#primaryimage"},"thumbnailUrl":"https:\/\/diariofemenino.com.ar\/df\/wp-content\/uploads\/2024\/09\/1725739828247.webp","keywords":["Adolescentes","Destacada","L\u00ednea 102","llamadas","Ni\u00f1as","Ni\u00f1os","recurso","Violencias"],"articleSection":["Actividades","Art\u00edculos y Comunicados","Azul Profundo","De ESI S\u00ed Se Habla","G\u00e9nero y Derechos Humanos","Gu\u00edas","Informes","Medios","Noticias","Salud","Violencias"],"inLanguage":"es","potentialAction":[{"@type":"CommentAction","name":"Comment","target":["https:\/\/diariofemenino.com.ar\/df\/linea-102-el-56-de-consultas-fue-por-casos-de-violencia\/#respond"]}]},{"@type":"WebPage","@id":"https:\/\/diariofemenino.com.ar\/df\/linea-102-el-56-de-consultas-fue-por-casos-de-violencia\/","url":"https:\/\/diariofemenino.com.ar\/df\/linea-102-el-56-de-consultas-fue-por-casos-de-violencia\/","name":"L\u00ednea 102: el 56 % de consultas fue por casos de violencia - Diario Digital Femenino","isPartOf":{"@id":"https:\/\/diariofemenino.com.ar\/df\/#website"},"primaryImageOfPage":{"@id":"https:\/\/diariofemenino.com.ar\/df\/linea-102-el-56-de-consultas-fue-por-casos-de-violencia\/#primaryimage"},"image":{"@id":"https:\/\/diariofemenino.com.ar\/df\/linea-102-el-56-de-consultas-fue-por-casos-de-violencia\/#primaryimage"},"thumbnailUrl":"https:\/\/diariofemenino.com.ar\/df\/wp-content\/uploads\/2024\/09\/1725739828247.webp","datePublished":"2024-09-09T13:33:15+00:00","description":"L\u00ednea 102","breadcrumb":{"@id":"https:\/\/diariofemenino.com.ar\/df\/linea-102-el-56-de-consultas-fue-por-casos-de-violencia\/#breadcrumb"},"inLanguage":"es","potentialAction":[{"@type":"ReadAction","target":["https:\/\/diariofemenino.com.ar\/df\/linea-102-el-56-de-consultas-fue-por-casos-de-violencia\/"]}]},{"@type":"ImageObject","inLanguage":"es","@id":"https:\/\/diariofemenino.com.ar\/df\/linea-102-el-56-de-consultas-fue-por-casos-de-violencia\/#primaryimage","url":"https:\/\/diariofemenino.com.ar\/df\/wp-content\/uploads\/2024\/09\/1725739828247.webp","contentUrl":"https:\/\/diariofemenino.com.ar\/df\/wp-content\/uploads\/2024\/09\/1725739828247.webp","width":1121,"height":633,"caption":"L\u00ednea 102: el 56 % de consultas fue por casos de violencia"},{"@type":"BreadcrumbList","@id":"https:\/\/diariofemenino.com.ar\/df\/linea-102-el-56-de-consultas-fue-por-casos-de-violencia\/#breadcrumb","itemListElement":[{"@type":"ListItem","position":1,"name":"Portada","item":"https:\/\/diariofemenino.com.ar\/df\/"},{"@type":"ListItem","position":2,"name":"L\u00ednea 102: el 56 % de consultas fue por casos de violencia"}]},{"@type":"WebSite","@id":"https:\/\/diariofemenino.com.ar\/df\/#website","url":"https:\/\/diariofemenino.com.ar\/df\/","name":"Diario Digital Femenino","description":"Cuesti\u00f3n de G\u00e9nero","publisher":{"@id":"https:\/\/diariofemenino.com.ar\/df\/#organization"},"potentialAction":[{"@type":"SearchAction","target":{"@type":"EntryPoint","urlTemplate":"https:\/\/diariofemenino.com.ar\/df\/?s={search_term_string}"},"query-input":{"@type":"PropertyValueSpecification","valueRequired":true,"valueName":"search_term_string"}}],"inLanguage":"es"},{"@type":"Organization","@id":"https:\/\/diariofemenino.com.ar\/df\/#organization","name":"Diario Femenino","url":"https:\/\/diariofemenino.com.ar\/df\/","logo":{"@type":"ImageObject","inLanguage":"es","@id":"https:\/\/diariofemenino.com.ar\/df\/#\/schema\/logo\/image\/","url":"https:\/\/diariofemenino.com.ar\/df\/wp-content\/uploads\/2018\/10\/logo.png","contentUrl":"https:\/\/diariofemenino.com.ar\/df\/wp-content\/uploads\/2018\/10\/logo.png","width":500,"height":92,"caption":"Diario Femenino"},"image":{"@id":"https:\/\/diariofemenino.com.ar\/df\/#\/schema\/logo\/image\/"},"sameAs":["https:\/\/www.facebook.com\/DiarioDigitaFemenino\/","https:\/\/x.com\/DiarioFemenino1"]},{"@type":"Person","@id":"https:\/\/diariofemenino.com.ar\/df\/#\/schema\/person\/bf6199e8158c657ea6f789b11ec85509","name":"Admin","image":{"@type":"ImageObject","inLanguage":"es","@id":"https:\/\/diariofemenino.com.ar\/df\/wp-content\/uploads\/2018\/12\/favicon-150x150.jpg","url":"https:\/\/diariofemenino.com.ar\/df\/wp-content\/uploads\/2018\/12\/favicon-150x150.jpg","contentUrl":"https:\/\/diariofemenino.com.ar\/df\/wp-content\/uploads\/2018\/12\/favicon-150x150.jpg","caption":"Admin"},"url":"https:\/\/diariofemenino.com.ar\/df\/author\/lenny\/"}]}},"jetpack_featured_media_url":"https:\/\/diariofemenino.com.ar\/df\/wp-content\/uploads\/2024\/09\/1725739828247.webp","jetpack_sharing_enabled":true,"rttpg_featured_image_url":{"full":["https:\/\/diariofemenino.com.ar\/df\/wp-content\/uploads\/2024\/09\/1725739828247.webp",1121,633,false],"landscape":["https:\/\/diariofemenino.com.ar\/df\/wp-content\/uploads\/2024\/09\/1725739828247.webp",1121,633,false],"portraits":["https:\/\/diariofemenino.com.ar\/df\/wp-content\/uploads\/2024\/09\/1725739828247.webp",1121,633,false],"thumbnail":["https:\/\/diariofemenino.com.ar\/df\/wp-content\/uploads\/2024\/09\/1725739828247-150x150.webp",150,150,true],"medium":["https:\/\/diariofemenino.com.ar\/df\/wp-content\/uploads\/2024\/09\/1725739828247-300x169.webp",300,169,true],"large":["https:\/\/diariofemenino.com.ar\/df\/wp-content\/uploads\/2024\/09\/1725739828247-1024x578.webp",1024,578,true],"1536x1536":["https:\/\/diariofemenino.com.ar\/df\/wp-content\/uploads\/2024\/09\/1725739828247.webp",1121,633,false],"2048x2048":["https:\/\/diariofemenino.com.ar\/df\/wp-content\/uploads\/2024\/09\/1725739828247.webp",1121,633,false]},"rttpg_author":{"display_name":"Admin","author_link":"https:\/\/diariofemenino.com.ar\/df\/author\/lenny\/"},"rttpg_comment":0,"rttpg_category":"<a href=\"https:\/\/diariofemenino.com.ar\/df\/category\/actividades\/\" rel=\"category tag\">Actividades<\/a> <a href=\"https:\/\/diariofemenino.com.ar\/df\/category\/articulos-y-comunicados\/\" rel=\"category tag\">Art\u00edculos y Comunicados<\/a> <a href=\"https:\/\/diariofemenino.com.ar\/df\/category\/azul-profundo\/\" rel=\"category tag\">Azul Profundo<\/a> <a href=\"https:\/\/diariofemenino.com.ar\/df\/category\/de-esi-si-se-habla\/\" rel=\"category tag\">De ESI S\u00ed Se Habla<\/a> <a href=\"https:\/\/diariofemenino.com.ar\/df\/category\/genero-y-derechos-humanos\/\" rel=\"category tag\">G\u00e9nero y Derechos Humanos<\/a> <a href=\"https:\/\/diariofemenino.com.ar\/df\/category\/guias\/\" rel=\"category tag\">Gu\u00edas<\/a> <a href=\"https:\/\/diariofemenino.com.ar\/df\/category\/informes\/\" rel=\"category tag\">Informes<\/a> <a href=\"https:\/\/diariofemenino.com.ar\/df\/category\/medios\/\" rel=\"category tag\">Medios<\/a> <a href=\"https:\/\/diariofemenino.com.ar\/df\/category\/noticias\/\" rel=\"category tag\">Noticias<\/a> <a href=\"https:\/\/diariofemenino.com.ar\/df\/category\/salud\/\" rel=\"category tag\">Salud<\/a> <a href=\"https:\/\/diariofemenino.com.ar\/df\/category\/violencias\/\" rel=\"category tag\">Violencias<\/a>","rttpg_excerpt":"Desde su puesta en marcha en la provincia, la L\u00ednea 102 destinada a ni\u00f1os, ni\u00f1as y adolescentes recibi\u00f3 un total de 408 llamados, de los cuales el 56,4 % estuvieron vinculados a situaciones de violencia. De todas maneras, solo 159 requirieron intervenci\u00f3n de alg\u00fan tipo. Esta herramienta comenz\u00f3 a funcionar en La Pampa en octubre&hellip;","_links":{"self":[{"href":"https:\/\/diariofemenino.com.ar\/df\/wp-json\/wp\/v2\/posts\/74017","targetHints":{"allow":["GET"]}}],"collection":[{"href":"https:\/\/diariofemenino.com.ar\/df\/wp-json\/wp\/v2\/posts"}],"about":[{"href":"https:\/\/diariofemenino.com.ar\/df\/wp-json\/wp\/v2\/types\/post"}],"author":[{"embeddable":true,"href":"https:\/\/diariofemenino.com.ar\/df\/wp-json\/wp\/v2\/users\/4"}],"replies":[{"embeddable":true,"href":"https:\/\/diariofemenino.com.ar\/df\/wp-json\/wp\/v2\/comments?post=74017"}],"version-history":[{"count":0,"href":"https:\/\/diariofemenino.com.ar\/df\/wp-json\/wp\/v2\/posts\/74017\/revisions"}],"wp:featuredmedia":[{"embeddable":true,"href":"https:\/\/diariofemenino.com.ar\/df\/wp-json\/wp\/v2\/media\/74020"}],"wp:attachment":[{"href":"https:\/\/diariofemenino.com.ar\/df\/wp-json\/wp\/v2\/media?parent=74017"}],"wp:term":[{"taxonomy":"category","embeddable":true,"href":"https:\/\/diariofemenino.com.ar\/df\/wp-json\/wp\/v2\/categories?post=74017"},{"taxonomy":"post_tag","embeddable":true,"href":"https:\/\/diariofemenino.com.ar\/df\/wp-json\/wp\/v2\/tags?post=74017"}],"curies":[{"name":"wp","href":"https:\/\/api.w.org\/{rel}","templated":true}]}}