{"id":74011,"date":"2024-09-07T12:05:50","date_gmt":"2024-09-07T15:05:50","guid":{"rendered":"https:\/\/diariofemenino.com.ar\/df\/?p=74011"},"modified":"2024-09-07T12:05:50","modified_gmt":"2024-09-07T15:05:50","slug":"familias-rotas","status":"publish","type":"post","link":"https:\/\/diariofemenino.com.ar\/df\/familias-rotas\/","title":{"rendered":"Familias rotas"},"content":{"rendered":"<p>Familias rotas<a href=\"#_ftn1\" name=\"_ftnref1\">[1]<\/a>, quebradas, desintegradas, unidas por el espanto, familias cuyos integrantes se relacionan por medio de agresiones de todo tipo, f\u00edsico, sexual, econ\u00f3mico, verbal, ambiental. La convivencia se convierte en una trampa de la que algunas personas no pueden salir. Este es un tema del que muy poco se habla en el \u00e1mbito jur\u00eddico, \u00bfexiste alguna soluci\u00f3n?, \u00bfel derecho de las familias puede darla?, ac\u00e1 van una serie de reflexiones sobre el tema.<\/p>\n<p>Por\u00a0<a href=\"https:\/\/diariofemenino.com.ar\/df\/?s=Diego+Ortiz\">Diego Oscar Ortiz<\/a>*<\/p>\n<p>Primera reflexi\u00f3n y m\u00e1s que obvia, la violencia no se justifica, as\u00ed sea aduciendo que es por un tema puntual, por una confusi\u00f3n, rencores previos, consumo de sustancias, alcohol, etc.<\/p>\n<p>La soluci\u00f3n jur\u00eddica va ser importante aunque no suficiente para dar alguna respuesta a largo plazo en estos supuestos en donde se requieren intervenciones profesionales e institucionales eficaces<a href=\"#_ftn2\" name=\"_ftnref2\">[2]<\/a> y soluciones multidisciplinarias.<\/p>\n<p>El marco normativo de violencia familiar se aplica en estos supuestos en donde hay situaciones de violencia de cualquier tipo entre varias personas integrantes, ya sea de padres a hijos mayores o menores de edad, entre hermanos, hermanas, entre cu\u00f1adas, cu\u00f1ados, de nuera a suegra, de yerno a suegro, etc.<a href=\"#_ftn3\" name=\"_ftnref3\">[3]<\/a>. Por ende la estructura del procedimiento de violencia familiar (denuncia-resoluci\u00f3n de medidas-seguimiento de las mismas-v\u00eda recursiva) tambi\u00e9n se va aplicar en estos supuestos. La dificultad va ser como encastrar este tipo de situaciones pensadas para dos partes en sentido t\u00e9cnico-jur\u00eddico, parte denunciante y parte denunciada<a href=\"#_ftn4\" name=\"_ftnref4\">[4]<\/a>. La flexibilidad deber\u00eda ser un norte en este procedimiento.<\/p>\n<figure id=\"attachment_74014\" aria-describedby=\"caption-attachment-74014\" style=\"width: 600px\" class=\"wp-caption aligncenter\"><img loading=\"lazy\" decoding=\"async\" class=\"size-full wp-image-74014\" src=\"https:\/\/diariofemenino.com.ar\/df\/wp-content\/uploads\/2024\/09\/depositphotos_429463190-stock-photo-cutout-paper-chain-family-protection.webp\" alt=\"Familias rotas\" width=\"600\" height=\"400\" srcset=\"https:\/\/diariofemenino.com.ar\/df\/wp-content\/uploads\/2024\/09\/depositphotos_429463190-stock-photo-cutout-paper-chain-family-protection.webp 600w, https:\/\/diariofemenino.com.ar\/df\/wp-content\/uploads\/2024\/09\/depositphotos_429463190-stock-photo-cutout-paper-chain-family-protection-300x200.webp 300w\" sizes=\"auto, (max-width: 600px) 100vw, 600px\" \/><figcaption id=\"caption-attachment-74014\" class=\"wp-caption-text\">Familias rotas<\/figcaption><\/figure>\n<p>Las medidas de protecci\u00f3n que se resuelvan en estos expedientes, deben tener en cuenta esta flexibilidad aludida y la multiplicidad de situaciones que se ejercen regularmente y que necesitan de un coto de manera urgente.<\/p>\n<p>A veces es importante hacer un paneo de los tramites existentes (el objeto procesal, los movimientos procesales, el estado actual, la conexidad por identidad de partes o no). En ese grupo familiar, pueden existir denuncias de violencia de unos a otros, procesos de alimentos, denuncias penales de unos a otros, intervenciones de organismos t\u00e9cnicos administrativos como el Consejo de Derechos o Servicios locales en el \u00e1mbito de la Provincia de Buenos Aires, etc. Una clave seria organizar este recorrido procesal e institucional, para ver lo logrado y lo que ha quedado a mitad de camino (medidas incumplidos y no informadas al Juzgado, la no concurrencia a tratamiento, la no asistencia a patrocinio jur\u00eddico).<\/p>\n<p>Se deber\u00edan pensar medidas espec\u00edficas de prohibici\u00f3n de acercamiento, contacto y de seguridad que resguarde a varias personas, la ampliaci\u00f3n o modificaci\u00f3n de esas medidas<a href=\"#_ftn5\" name=\"_ftnref5\">[5]<\/a>. Tambi\u00e9n se tendr\u00eda que repensar la medida de exclusi\u00f3n y reintegro porque a veces no hay convivencia en el mismo hogar entre los integrantes sino cercan\u00eda o construcciones independientes en el mismo terreno a metros de distancia. Esto no significa medidas autom\u00e1ticas sino pensadas en un entorno familiar en donde la violencia se da en varios flancos y entre varias personas.<\/p>\n<p>La existencia de personas que tengan alg\u00fan padecimiento mental, personas mayores y ni\u00f1os, ni\u00f1as y adolescentes involucrados en estas situaciones de violencia entre los integrantes de la familia, requiere soluciones urgentes y medidas de protecci\u00f3n espec\u00edficas que contemplen a estos sujetos de protecci\u00f3n en raz\u00f3n de la vulnerabilidad en raz\u00f3n de la salud mental y la edad, ya sea la exclusi\u00f3n del hogar del agresor y reintegro del grupo conviviente, la guarda provisoria a un tercero alejado de la vivienda. En el caso de los ni\u00f1os, ni\u00f1as y adolescentes, no podemos invisibilizar estas situaciones y cometer el error de tomarlas como si estos sujetos de protecci\u00f3n fueran mayores de edad<a href=\"#_ftn6\" name=\"_ftnref6\">[6]<\/a>, ni\u00f1os, ni\u00f1as y adolescentes deben vivir en un ambiente libre de violencias, no sujetos a los avatares o vaivenes de las personas adultas.<\/p>\n<p>Una de las cuestiones que se puede presentar es el tema habitacional, en donde todos los integrantes de la familia se creen con derechos patrimoniales<a href=\"#_ftn7\" name=\"_ftnref7\">[7]<\/a>, viven en la misma vivienda o muy cerca, por ende nadie se quiere ir de la casa por m\u00e1s que existan situaciones de violencia todos los d\u00edas (a esto se podr\u00edan agregar hacinamiento, desocupaci\u00f3n y problemas econ\u00f3micos para mudarse). Tambi\u00e9n se puede presentar la realizaci\u00f3n de pr\u00e9stamos de dinero o bienes entre familiares no devueltos y robos como motivo de discusiones.<\/p>\n<p>Con respecto a que se asocia esta violencia, en estos supuestos, podr\u00eda existir asignaturas pendientes de los hijos ya mayores de edad con respecto al trato que le dispensaban sus progenitores cuando eran ni\u00f1os, ni\u00f1as y adolescentes (negligencia emocional, abandono, situaciones de violencia sexual, f\u00edsica, econ\u00f3mica, o psicol\u00f3gica). Esto les servir\u00eda como motivo de agresi\u00f3n actual, que ya reiteramos que no se justifica.<\/p>\n<p>Por \u00faltima reflexi\u00f3n, se deber\u00eda repensar el tema del riesgo que puede existir en la integridad de los integrantes de la familia luego de tomarse las medidas<a href=\"#_ftn8\" name=\"_ftnref8\">[8]<\/a>, me refiero a las represalias de los denunciados, las alianzas que se conforman en el mismo grupo a favor de uno o de otro, nuevas situaciones de violencia pos denuncia.<\/p>\n<figure id=\"attachment_74012\" aria-describedby=\"caption-attachment-74012\" style=\"width: 250px\" class=\"wp-caption aligncenter\"><img loading=\"lazy\" decoding=\"async\" class=\"size-full wp-image-74012\" src=\"https:\/\/diariofemenino.com.ar\/df\/wp-content\/uploads\/2024\/09\/odeon_afiche_prod.jpg\" alt=\"Familias rotas\" width=\"250\" height=\"378\" srcset=\"https:\/\/diariofemenino.com.ar\/df\/wp-content\/uploads\/2024\/09\/odeon_afiche_prod.jpg 250w, https:\/\/diariofemenino.com.ar\/df\/wp-content\/uploads\/2024\/09\/odeon_afiche_prod-198x300.jpg 198w\" sizes=\"auto, (max-width: 250px) 100vw, 250px\" \/><figcaption id=\"caption-attachment-74012\" class=\"wp-caption-text\">Familias rotas<\/figcaption><\/figure>\n<p>Como cierre, sugiero la pel\u00edcula El grito de Celina<a href=\"#_ftn9\" name=\"_ftnref9\">[9]<\/a>, sobre una mujer que se enamora de un hombre que pertenece a una familia en donde varias de la las personas que la integran son agresivos (la madre, el hermano del hombre, su pareja). La mujer atraviesa situaciones de violencia por varios de ellos.<\/p>\n<p>El grito de Celina es una pel\u00edcula protagonizada por la actriz Selva Alem\u00e1n, sobre una mujer que se casa con un hombre de campo, con una familia en donde sus integrantes son agresivos.<\/p>\n<p><strong>(*)<\/strong>\u00a0Abogado, Profesor Universitario en Ciencias Jur\u00eddicas,\u00a0 Especialista en Violencia Familiar, autor de libros y art\u00edculos de su especialidad. Columnista de\u00a0<a href=\"https:\/\/www.instagram.com\/diariodigitalfemenino_\/\">Diario Digital Femenino<\/a>.<\/p>\n<p><strong>Referencias<\/strong><\/p>\n<p><a href=\"#_ftnref1\" name=\"_ftn1\">[1]<\/a> El t\u00edtulo del art\u00edculo es meramente ilustrativo para marcar el quiebre de la armon\u00eda que deber\u00eda existir en una familia.<\/p>\n<p><a href=\"#_ftnref2\" name=\"_ftn2\">[2]<\/a> ORTIZ, Diego, Tirar la red, Diario digital femenino, 19\/06\/23, <a href=\"https:\/\/diariofemenino.com.ar\/df\/tirar-la-red1\/\">https:\/\/diariofemenino.com.ar\/df\/tirar-la-red1\/<\/a>.<\/p>\n<p><a href=\"#_ftnref3\" name=\"_ftn3\">[3]<\/a> Esto no significa que dentro de esa mara\u00f1a de relaciones no exista violencia de g\u00e9nero familiar conforme el art 6 de la ley 26485.<\/p>\n<p><a href=\"#_ftnref4\" name=\"_ftn4\">[4]<\/a> Sugiero leer el art\u00edculo de mi autor\u00eda sobre Algunos interrogantes jur\u00eddicos cuando son varios denunciados por violencia familiar, Diario Digital Femenino, 17\/08\/21. <a href=\"https:\/\/diariofemenino.com.ar\/df\/algunos-interrogantes-juridicos\/\">https:\/\/diariofemenino.com.ar\/df\/algunos-interrogantes-juridicos\/<\/a>.<\/p>\n<p><a href=\"#_ftnref5\" name=\"_ftn5\">[5]<\/a> La ley 26485 aclara que las medidas se pueden solicitar en cualquier momento del procedimiento.<\/p>\n<p><a href=\"#_ftnref6\" name=\"_ftn6\">[6]<\/a>En una escena de la pel\u00edcula Feos, sucios y malos, el ni\u00f1o mientras estaba estudiando le alcanza un cuchillo a la madre que estaba siendo golpeada por el padre.<\/p>\n<p><a href=\"#_ftnref7\" name=\"_ftn7\">[7]<\/a>Se atribuyen la propiedad aunque no exista documentaci\u00f3n que respalde dicha titularidad.<\/p>\n<p><a href=\"#_ftnref8\" name=\"_ftn8\">[8]<\/a>ORTIZ, Diego, El riesgo de la medida, Diario Digital Femenino, 2024.<\/p>\n<p><a href=\"#_ftnref9\" name=\"_ftn9\">[9]<\/a> El grito de Celina (1983). Director Mario David. Pel\u00edcula basada en el cuento Los ojos de Celina, de Bernardo Kordon. Link para verla: https:\/\/www.youtube.com\/watch?v=FkWgFNrJ9t0<\/p>\n<blockquote><p>Seguinos en Instagram.<strong>\u00a0Diario Digital Femenino:\u00a0<a href=\"https:\/\/www.instagram.com\/diariodigitalfemenino_\/\">@diariodigitalfemenino_<\/a><br \/>\nLenny C\u00e1ceres:\u00a0<a href=\"https:\/\/www.instagram.com\/lennycaceres69\/\">@lennycaceres69<\/a><br \/>\n<\/strong>Facebook:\u00a0<strong><a href=\"https:\/\/www.facebook.com\/DiarioDigitalFemenino\/\">Diario Digital Femenino\u00a0<\/a><\/strong><\/p><\/blockquote>\n","protected":false},"excerpt":{"rendered":"<p>Familias rotas[1], quebradas, desintegradas, unidas por el espanto, familias cuyos integrantes se relacionan por medio de agresiones de todo tipo, f\u00edsico, sexual, econ\u00f3mico, verbal, ambiental. La convivencia se convierte en una trampa de la que algunas personas no pueden salir. Este es un tema del que muy poco se habla en el \u00e1mbito jur\u00eddico, \u00bfexiste [&hellip;]<\/p>\n","protected":false},"author":4,"featured_media":74013,"comment_status":"open","ping_status":"open","sticky":false,"template":"","format":"standard","meta":{"iawp_total_views":273,"footnotes":""},"categories":[178,581,9,627,78,21,23,592],"tags":[1734,7169,4372,3525,7167,4491,7168,7170],"class_list":["post-74011","post","type-post","status-publish","format-standard","has-post-thumbnail","hentry","category-articulos-y-comunicados","category-azul-profundo","category-de-esi-si-se-habla","category-genero-y-derechos-humanos","category-guias","category-noticias","category-salud","category-violencias","tag-abordaje","tag-convivencia","tag-destacada","tag-diego-oscar-ortiz","tag-familias-rotas","tag-interdisciplina","tag-intervercion","tag-reparar"],"nelio_content":{"autoShareEndMode":"never","automationSources":{"useCustomSentences":false,"customSentences":[]},"efiAlt":"","efiUrl":"","followers":[4],"highlights":[],"isAutoShareEnabled":true,"networkImageIds":[],"permalinkQueryArgs":[],"series":[],"suggestedReferences":[]},"yoast_head":"<!-- This site is optimized with the Yoast SEO plugin v27.5 - https:\/\/yoast.com\/product\/yoast-seo-wordpress\/ -->\n<title>Familias rotas - Diario Digital Femenino<\/title>\n<meta name=\"description\" content=\"Familias rotas\" \/>\n<meta name=\"robots\" content=\"index, follow, max-snippet:-1, max-image-preview:large, max-video-preview:-1\" \/>\n<link rel=\"canonical\" href=\"https:\/\/diariofemenino.com.ar\/df\/familias-rotas\/\" \/>\n<meta property=\"og:locale\" content=\"es_ES\" \/>\n<meta property=\"og:type\" content=\"article\" \/>\n<meta property=\"og:title\" content=\"Familias rotas - Diario Digital Femenino\" \/>\n<meta property=\"og:description\" content=\"Familias rotas\" \/>\n<meta property=\"og:url\" content=\"https:\/\/diariofemenino.com.ar\/df\/familias-rotas\/\" \/>\n<meta property=\"og:site_name\" content=\"Diario Digital Femenino\" \/>\n<meta property=\"article:publisher\" content=\"https:\/\/www.facebook.com\/DiarioDigitaFemenino\/\" \/>\n<meta property=\"article:published_time\" content=\"2024-09-07T15:05:50+00:00\" \/>\n<meta property=\"og:image\" content=\"https:\/\/diariofemenino.com.ar\/df\/wp-content\/uploads\/2024\/09\/istockphoto-1050882114-612x612-1.jpg\" \/>\n\t<meta property=\"og:image:width\" content=\"612\" \/>\n\t<meta property=\"og:image:height\" content=\"408\" \/>\n\t<meta property=\"og:image:type\" content=\"image\/jpeg\" \/>\n<meta name=\"author\" content=\"Admin\" \/>\n<meta name=\"twitter:card\" content=\"summary_large_image\" \/>\n<meta name=\"twitter:creator\" content=\"@DiarioFemenino1\" \/>\n<meta name=\"twitter:site\" content=\"@DiarioFemenino1\" \/>\n<meta name=\"twitter:label1\" content=\"Escrito por\" \/>\n\t<meta name=\"twitter:data1\" content=\"Admin\" \/>\n\t<meta name=\"twitter:label2\" content=\"Tiempo de lectura\" \/>\n\t<meta name=\"twitter:data2\" content=\"6 minutos\" \/>\n<script type=\"application\/ld+json\" class=\"yoast-schema-graph\">{\"@context\":\"https:\\\/\\\/schema.org\",\"@graph\":[{\"@type\":\"Article\",\"@id\":\"https:\\\/\\\/diariofemenino.com.ar\\\/df\\\/familias-rotas\\\/#article\",\"isPartOf\":{\"@id\":\"https:\\\/\\\/diariofemenino.com.ar\\\/df\\\/familias-rotas\\\/\"},\"author\":{\"name\":\"Admin\",\"@id\":\"https:\\\/\\\/diariofemenino.com.ar\\\/df\\\/#\\\/schema\\\/person\\\/bf6199e8158c657ea6f789b11ec85509\"},\"headline\":\"Familias rotas\",\"datePublished\":\"2024-09-07T15:05:50+00:00\",\"mainEntityOfPage\":{\"@id\":\"https:\\\/\\\/diariofemenino.com.ar\\\/df\\\/familias-rotas\\\/\"},\"wordCount\":1218,\"commentCount\":0,\"publisher\":{\"@id\":\"https:\\\/\\\/diariofemenino.com.ar\\\/df\\\/#organization\"},\"image\":{\"@id\":\"https:\\\/\\\/diariofemenino.com.ar\\\/df\\\/familias-rotas\\\/#primaryimage\"},\"thumbnailUrl\":\"https:\\\/\\\/diariofemenino.com.ar\\\/df\\\/wp-content\\\/uploads\\\/2024\\\/09\\\/istockphoto-1050882114-612x612-1.jpg\",\"keywords\":[\"Abordaje\",\"convivencia\",\"Destacada\",\"Diego Oscar Ortiz\",\"familias rotas\",\"Interdisciplina\",\"interverci\u00f3n\",\"reparar\"],\"articleSection\":[\"Art\u00edculos y Comunicados\",\"Azul Profundo\",\"De ESI S\u00ed Se Habla\",\"G\u00e9nero y Derechos Humanos\",\"Gu\u00edas\",\"Noticias\",\"Salud\",\"Violencias\"],\"inLanguage\":\"es\",\"potentialAction\":[{\"@type\":\"CommentAction\",\"name\":\"Comment\",\"target\":[\"https:\\\/\\\/diariofemenino.com.ar\\\/df\\\/familias-rotas\\\/#respond\"]}]},{\"@type\":\"WebPage\",\"@id\":\"https:\\\/\\\/diariofemenino.com.ar\\\/df\\\/familias-rotas\\\/\",\"url\":\"https:\\\/\\\/diariofemenino.com.ar\\\/df\\\/familias-rotas\\\/\",\"name\":\"Familias rotas - Diario Digital Femenino\",\"isPartOf\":{\"@id\":\"https:\\\/\\\/diariofemenino.com.ar\\\/df\\\/#website\"},\"primaryImageOfPage\":{\"@id\":\"https:\\\/\\\/diariofemenino.com.ar\\\/df\\\/familias-rotas\\\/#primaryimage\"},\"image\":{\"@id\":\"https:\\\/\\\/diariofemenino.com.ar\\\/df\\\/familias-rotas\\\/#primaryimage\"},\"thumbnailUrl\":\"https:\\\/\\\/diariofemenino.com.ar\\\/df\\\/wp-content\\\/uploads\\\/2024\\\/09\\\/istockphoto-1050882114-612x612-1.jpg\",\"datePublished\":\"2024-09-07T15:05:50+00:00\",\"description\":\"Familias rotas\",\"breadcrumb\":{\"@id\":\"https:\\\/\\\/diariofemenino.com.ar\\\/df\\\/familias-rotas\\\/#breadcrumb\"},\"inLanguage\":\"es\",\"potentialAction\":[{\"@type\":\"ReadAction\",\"target\":[\"https:\\\/\\\/diariofemenino.com.ar\\\/df\\\/familias-rotas\\\/\"]}]},{\"@type\":\"ImageObject\",\"inLanguage\":\"es\",\"@id\":\"https:\\\/\\\/diariofemenino.com.ar\\\/df\\\/familias-rotas\\\/#primaryimage\",\"url\":\"https:\\\/\\\/diariofemenino.com.ar\\\/df\\\/wp-content\\\/uploads\\\/2024\\\/09\\\/istockphoto-1050882114-612x612-1.jpg\",\"contentUrl\":\"https:\\\/\\\/diariofemenino.com.ar\\\/df\\\/wp-content\\\/uploads\\\/2024\\\/09\\\/istockphoto-1050882114-612x612-1.jpg\",\"width\":612,\"height\":408,\"caption\":\"Familias rotas\"},{\"@type\":\"BreadcrumbList\",\"@id\":\"https:\\\/\\\/diariofemenino.com.ar\\\/df\\\/familias-rotas\\\/#breadcrumb\",\"itemListElement\":[{\"@type\":\"ListItem\",\"position\":1,\"name\":\"Portada\",\"item\":\"https:\\\/\\\/diariofemenino.com.ar\\\/df\\\/\"},{\"@type\":\"ListItem\",\"position\":2,\"name\":\"Familias rotas\"}]},{\"@type\":\"WebSite\",\"@id\":\"https:\\\/\\\/diariofemenino.com.ar\\\/df\\\/#website\",\"url\":\"https:\\\/\\\/diariofemenino.com.ar\\\/df\\\/\",\"name\":\"Diario Digital Femenino\",\"description\":\"Cuesti\u00f3n de G\u00e9nero\",\"publisher\":{\"@id\":\"https:\\\/\\\/diariofemenino.com.ar\\\/df\\\/#organization\"},\"potentialAction\":[{\"@type\":\"SearchAction\",\"target\":{\"@type\":\"EntryPoint\",\"urlTemplate\":\"https:\\\/\\\/diariofemenino.com.ar\\\/df\\\/?s={search_term_string}\"},\"query-input\":{\"@type\":\"PropertyValueSpecification\",\"valueRequired\":true,\"valueName\":\"search_term_string\"}}],\"inLanguage\":\"es\"},{\"@type\":\"Organization\",\"@id\":\"https:\\\/\\\/diariofemenino.com.ar\\\/df\\\/#organization\",\"name\":\"Diario Femenino\",\"url\":\"https:\\\/\\\/diariofemenino.com.ar\\\/df\\\/\",\"logo\":{\"@type\":\"ImageObject\",\"inLanguage\":\"es\",\"@id\":\"https:\\\/\\\/diariofemenino.com.ar\\\/df\\\/#\\\/schema\\\/logo\\\/image\\\/\",\"url\":\"https:\\\/\\\/diariofemenino.com.ar\\\/df\\\/wp-content\\\/uploads\\\/2018\\\/10\\\/logo.png\",\"contentUrl\":\"https:\\\/\\\/diariofemenino.com.ar\\\/df\\\/wp-content\\\/uploads\\\/2018\\\/10\\\/logo.png\",\"width\":500,\"height\":92,\"caption\":\"Diario Femenino\"},\"image\":{\"@id\":\"https:\\\/\\\/diariofemenino.com.ar\\\/df\\\/#\\\/schema\\\/logo\\\/image\\\/\"},\"sameAs\":[\"https:\\\/\\\/www.facebook.com\\\/DiarioDigitaFemenino\\\/\",\"https:\\\/\\\/x.com\\\/DiarioFemenino1\"]},{\"@type\":\"Person\",\"@id\":\"https:\\\/\\\/diariofemenino.com.ar\\\/df\\\/#\\\/schema\\\/person\\\/bf6199e8158c657ea6f789b11ec85509\",\"name\":\"Admin\",\"image\":{\"@type\":\"ImageObject\",\"inLanguage\":\"es\",\"@id\":\"https:\\\/\\\/diariofemenino.com.ar\\\/df\\\/wp-content\\\/uploads\\\/2018\\\/12\\\/favicon-150x150.jpg\",\"url\":\"https:\\\/\\\/diariofemenino.com.ar\\\/df\\\/wp-content\\\/uploads\\\/2018\\\/12\\\/favicon-150x150.jpg\",\"contentUrl\":\"https:\\\/\\\/diariofemenino.com.ar\\\/df\\\/wp-content\\\/uploads\\\/2018\\\/12\\\/favicon-150x150.jpg\",\"caption\":\"Admin\"},\"url\":\"https:\\\/\\\/diariofemenino.com.ar\\\/df\\\/author\\\/lenny\\\/\"}]}<\/script>\n<!-- \/ Yoast SEO plugin. -->","yoast_head_json":{"title":"Familias rotas - Diario Digital Femenino","description":"Familias rotas","robots":{"index":"index","follow":"follow","max-snippet":"max-snippet:-1","max-image-preview":"max-image-preview:large","max-video-preview":"max-video-preview:-1"},"canonical":"https:\/\/diariofemenino.com.ar\/df\/familias-rotas\/","og_locale":"es_ES","og_type":"article","og_title":"Familias rotas - Diario Digital Femenino","og_description":"Familias rotas","og_url":"https:\/\/diariofemenino.com.ar\/df\/familias-rotas\/","og_site_name":"Diario Digital Femenino","article_publisher":"https:\/\/www.facebook.com\/DiarioDigitaFemenino\/","article_published_time":"2024-09-07T15:05:50+00:00","og_image":[{"width":612,"height":408,"url":"https:\/\/diariofemenino.com.ar\/df\/wp-content\/uploads\/2024\/09\/istockphoto-1050882114-612x612-1.jpg","type":"image\/jpeg"}],"author":"Admin","twitter_card":"summary_large_image","twitter_creator":"@DiarioFemenino1","twitter_site":"@DiarioFemenino1","twitter_misc":{"Escrito por":"Admin","Tiempo de lectura":"6 minutos"},"schema":{"@context":"https:\/\/schema.org","@graph":[{"@type":"Article","@id":"https:\/\/diariofemenino.com.ar\/df\/familias-rotas\/#article","isPartOf":{"@id":"https:\/\/diariofemenino.com.ar\/df\/familias-rotas\/"},"author":{"name":"Admin","@id":"https:\/\/diariofemenino.com.ar\/df\/#\/schema\/person\/bf6199e8158c657ea6f789b11ec85509"},"headline":"Familias rotas","datePublished":"2024-09-07T15:05:50+00:00","mainEntityOfPage":{"@id":"https:\/\/diariofemenino.com.ar\/df\/familias-rotas\/"},"wordCount":1218,"commentCount":0,"publisher":{"@id":"https:\/\/diariofemenino.com.ar\/df\/#organization"},"image":{"@id":"https:\/\/diariofemenino.com.ar\/df\/familias-rotas\/#primaryimage"},"thumbnailUrl":"https:\/\/diariofemenino.com.ar\/df\/wp-content\/uploads\/2024\/09\/istockphoto-1050882114-612x612-1.jpg","keywords":["Abordaje","convivencia","Destacada","Diego Oscar Ortiz","familias rotas","Interdisciplina","interverci\u00f3n","reparar"],"articleSection":["Art\u00edculos y Comunicados","Azul Profundo","De ESI S\u00ed Se Habla","G\u00e9nero y Derechos Humanos","Gu\u00edas","Noticias","Salud","Violencias"],"inLanguage":"es","potentialAction":[{"@type":"CommentAction","name":"Comment","target":["https:\/\/diariofemenino.com.ar\/df\/familias-rotas\/#respond"]}]},{"@type":"WebPage","@id":"https:\/\/diariofemenino.com.ar\/df\/familias-rotas\/","url":"https:\/\/diariofemenino.com.ar\/df\/familias-rotas\/","name":"Familias rotas - Diario Digital Femenino","isPartOf":{"@id":"https:\/\/diariofemenino.com.ar\/df\/#website"},"primaryImageOfPage":{"@id":"https:\/\/diariofemenino.com.ar\/df\/familias-rotas\/#primaryimage"},"image":{"@id":"https:\/\/diariofemenino.com.ar\/df\/familias-rotas\/#primaryimage"},"thumbnailUrl":"https:\/\/diariofemenino.com.ar\/df\/wp-content\/uploads\/2024\/09\/istockphoto-1050882114-612x612-1.jpg","datePublished":"2024-09-07T15:05:50+00:00","description":"Familias rotas","breadcrumb":{"@id":"https:\/\/diariofemenino.com.ar\/df\/familias-rotas\/#breadcrumb"},"inLanguage":"es","potentialAction":[{"@type":"ReadAction","target":["https:\/\/diariofemenino.com.ar\/df\/familias-rotas\/"]}]},{"@type":"ImageObject","inLanguage":"es","@id":"https:\/\/diariofemenino.com.ar\/df\/familias-rotas\/#primaryimage","url":"https:\/\/diariofemenino.com.ar\/df\/wp-content\/uploads\/2024\/09\/istockphoto-1050882114-612x612-1.jpg","contentUrl":"https:\/\/diariofemenino.com.ar\/df\/wp-content\/uploads\/2024\/09\/istockphoto-1050882114-612x612-1.jpg","width":612,"height":408,"caption":"Familias rotas"},{"@type":"BreadcrumbList","@id":"https:\/\/diariofemenino.com.ar\/df\/familias-rotas\/#breadcrumb","itemListElement":[{"@type":"ListItem","position":1,"name":"Portada","item":"https:\/\/diariofemenino.com.ar\/df\/"},{"@type":"ListItem","position":2,"name":"Familias rotas"}]},{"@type":"WebSite","@id":"https:\/\/diariofemenino.com.ar\/df\/#website","url":"https:\/\/diariofemenino.com.ar\/df\/","name":"Diario Digital Femenino","description":"Cuesti\u00f3n de G\u00e9nero","publisher":{"@id":"https:\/\/diariofemenino.com.ar\/df\/#organization"},"potentialAction":[{"@type":"SearchAction","target":{"@type":"EntryPoint","urlTemplate":"https:\/\/diariofemenino.com.ar\/df\/?s={search_term_string}"},"query-input":{"@type":"PropertyValueSpecification","valueRequired":true,"valueName":"search_term_string"}}],"inLanguage":"es"},{"@type":"Organization","@id":"https:\/\/diariofemenino.com.ar\/df\/#organization","name":"Diario Femenino","url":"https:\/\/diariofemenino.com.ar\/df\/","logo":{"@type":"ImageObject","inLanguage":"es","@id":"https:\/\/diariofemenino.com.ar\/df\/#\/schema\/logo\/image\/","url":"https:\/\/diariofemenino.com.ar\/df\/wp-content\/uploads\/2018\/10\/logo.png","contentUrl":"https:\/\/diariofemenino.com.ar\/df\/wp-content\/uploads\/2018\/10\/logo.png","width":500,"height":92,"caption":"Diario Femenino"},"image":{"@id":"https:\/\/diariofemenino.com.ar\/df\/#\/schema\/logo\/image\/"},"sameAs":["https:\/\/www.facebook.com\/DiarioDigitaFemenino\/","https:\/\/x.com\/DiarioFemenino1"]},{"@type":"Person","@id":"https:\/\/diariofemenino.com.ar\/df\/#\/schema\/person\/bf6199e8158c657ea6f789b11ec85509","name":"Admin","image":{"@type":"ImageObject","inLanguage":"es","@id":"https:\/\/diariofemenino.com.ar\/df\/wp-content\/uploads\/2018\/12\/favicon-150x150.jpg","url":"https:\/\/diariofemenino.com.ar\/df\/wp-content\/uploads\/2018\/12\/favicon-150x150.jpg","contentUrl":"https:\/\/diariofemenino.com.ar\/df\/wp-content\/uploads\/2018\/12\/favicon-150x150.jpg","caption":"Admin"},"url":"https:\/\/diariofemenino.com.ar\/df\/author\/lenny\/"}]}},"jetpack_featured_media_url":"https:\/\/diariofemenino.com.ar\/df\/wp-content\/uploads\/2024\/09\/istockphoto-1050882114-612x612-1.jpg","jetpack_sharing_enabled":true,"rttpg_featured_image_url":{"full":["https:\/\/diariofemenino.com.ar\/df\/wp-content\/uploads\/2024\/09\/istockphoto-1050882114-612x612-1.jpg",612,408,false],"landscape":["https:\/\/diariofemenino.com.ar\/df\/wp-content\/uploads\/2024\/09\/istockphoto-1050882114-612x612-1.jpg",612,408,false],"portraits":["https:\/\/diariofemenino.com.ar\/df\/wp-content\/uploads\/2024\/09\/istockphoto-1050882114-612x612-1.jpg",612,408,false],"thumbnail":["https:\/\/diariofemenino.com.ar\/df\/wp-content\/uploads\/2024\/09\/istockphoto-1050882114-612x612-1-150x150.jpg",150,150,true],"medium":["https:\/\/diariofemenino.com.ar\/df\/wp-content\/uploads\/2024\/09\/istockphoto-1050882114-612x612-1-300x200.jpg",300,200,true],"large":["https:\/\/diariofemenino.com.ar\/df\/wp-content\/uploads\/2024\/09\/istockphoto-1050882114-612x612-1.jpg",612,408,false],"1536x1536":["https:\/\/diariofemenino.com.ar\/df\/wp-content\/uploads\/2024\/09\/istockphoto-1050882114-612x612-1.jpg",612,408,false],"2048x2048":["https:\/\/diariofemenino.com.ar\/df\/wp-content\/uploads\/2024\/09\/istockphoto-1050882114-612x612-1.jpg",612,408,false]},"rttpg_author":{"display_name":"Admin","author_link":"https:\/\/diariofemenino.com.ar\/df\/author\/lenny\/"},"rttpg_comment":0,"rttpg_category":"<a href=\"https:\/\/diariofemenino.com.ar\/df\/category\/articulos-y-comunicados\/\" rel=\"category tag\">Art\u00edculos y Comunicados<\/a> <a href=\"https:\/\/diariofemenino.com.ar\/df\/category\/azul-profundo\/\" rel=\"category tag\">Azul Profundo<\/a> <a href=\"https:\/\/diariofemenino.com.ar\/df\/category\/de-esi-si-se-habla\/\" rel=\"category tag\">De ESI S\u00ed Se Habla<\/a> <a href=\"https:\/\/diariofemenino.com.ar\/df\/category\/genero-y-derechos-humanos\/\" rel=\"category tag\">G\u00e9nero y Derechos Humanos<\/a> <a href=\"https:\/\/diariofemenino.com.ar\/df\/category\/guias\/\" rel=\"category tag\">Gu\u00edas<\/a> <a href=\"https:\/\/diariofemenino.com.ar\/df\/category\/noticias\/\" rel=\"category tag\">Noticias<\/a> <a href=\"https:\/\/diariofemenino.com.ar\/df\/category\/salud\/\" rel=\"category tag\">Salud<\/a> <a href=\"https:\/\/diariofemenino.com.ar\/df\/category\/violencias\/\" rel=\"category tag\">Violencias<\/a>","rttpg_excerpt":"Familias rotas[1], quebradas, desintegradas, unidas por el espanto, familias cuyos integrantes se relacionan por medio de agresiones de todo tipo, f\u00edsico, sexual, econ\u00f3mico, verbal, ambiental. La convivencia se convierte en una trampa de la que algunas personas no pueden salir. Este es un tema del que muy poco se habla en el \u00e1mbito jur\u00eddico, \u00bfexiste&hellip;","_links":{"self":[{"href":"https:\/\/diariofemenino.com.ar\/df\/wp-json\/wp\/v2\/posts\/74011","targetHints":{"allow":["GET"]}}],"collection":[{"href":"https:\/\/diariofemenino.com.ar\/df\/wp-json\/wp\/v2\/posts"}],"about":[{"href":"https:\/\/diariofemenino.com.ar\/df\/wp-json\/wp\/v2\/types\/post"}],"author":[{"embeddable":true,"href":"https:\/\/diariofemenino.com.ar\/df\/wp-json\/wp\/v2\/users\/4"}],"replies":[{"embeddable":true,"href":"https:\/\/diariofemenino.com.ar\/df\/wp-json\/wp\/v2\/comments?post=74011"}],"version-history":[{"count":0,"href":"https:\/\/diariofemenino.com.ar\/df\/wp-json\/wp\/v2\/posts\/74011\/revisions"}],"wp:featuredmedia":[{"embeddable":true,"href":"https:\/\/diariofemenino.com.ar\/df\/wp-json\/wp\/v2\/media\/74013"}],"wp:attachment":[{"href":"https:\/\/diariofemenino.com.ar\/df\/wp-json\/wp\/v2\/media?parent=74011"}],"wp:term":[{"taxonomy":"category","embeddable":true,"href":"https:\/\/diariofemenino.com.ar\/df\/wp-json\/wp\/v2\/categories?post=74011"},{"taxonomy":"post_tag","embeddable":true,"href":"https:\/\/diariofemenino.com.ar\/df\/wp-json\/wp\/v2\/tags?post=74011"}],"curies":[{"name":"wp","href":"https:\/\/api.w.org\/{rel}","templated":true}]}}