{"id":73999,"date":"2024-09-06T09:30:10","date_gmt":"2024-09-06T12:30:10","guid":{"rendered":"https:\/\/diariofemenino.com.ar\/df\/?p=73999"},"modified":"2024-09-06T09:38:12","modified_gmt":"2024-09-06T12:38:12","slug":"abuso-de-poder-y-violencia-de-genero","status":"publish","type":"post","link":"https:\/\/diariofemenino.com.ar\/df\/abuso-de-poder-y-violencia-de-genero\/","title":{"rendered":"Abuso de poder y violencia de g\u00e9nero"},"content":{"rendered":"<p>El <strong>abuso de poder<\/strong> y la <strong>violencia de g\u00e9nero<\/strong> son dos fen\u00f3menos que, aunque distintos, a menudo est\u00e1n interrelacionados y contribuyen a perpetuar din\u00e1micas de desigualdad, opresi\u00f3n y violencia, particularmente en contextos de relaciones de poder desiguales.<\/p>\n<p>Si bien la violencia de g\u00e9nero se define como el ejercicio del poder de uno sobre otra para someter, humillar, manipular; no siempre es tan claro verlo y en innumerables casos escuchamos \u201csi digo algo me ir\u00e1 peor\u201d, \u201csi reclamo pueden buscar la forma de echarme\u201d; sobre todo en el \u00e1mbito laboral, pol\u00edtico, institucional. Este abuso de poder, que aparentan ser peque\u00f1as conductas aisladas, en realidad son formas de violencia, en especial contra las mujeres.<\/p>\n<p>Si analizamos cientos de casos que involucren a hombres y mujeres \u2014con id\u00e9nticas caracter\u00edsticas\u2014, las m\u00e1s perjudicadas siempre han sido las mujeres. Es lisa y llana violencia machista y es muy importante reconocerla y sobre todo prevenirla.<\/p>\n<p>Esta violencia ejercida por personas en que ocupan espacios de poder tambi\u00e9n es padecida por otros hombres, que, ante el temor de perder su trabajo o cargo, hacen silencio convirti\u00e9ndose en c\u00f3mplices. Estas estructuras hay que desarmar, estos actos debemos prevenir. O no permitir que sucedan.<\/p>\n<p><strong>Abuso de poder:<\/strong><\/p>\n<p>El <strong>abuso de poder<\/strong> ocurre cuando una persona o grupo con autoridad o control (ya sea formal o informal) utiliza su posici\u00f3n para manipular, someter o perjudicar a otras personas. El poder puede manifestarse en diversas formas (f\u00edsica, emocional, econ\u00f3mica v social, entre otras.) y puede ocurrir en diferentes \u00e1mbitos: laboral, familiar, institucional, pol\u00edtico, etc. El abuso de poder puede tomar la forma de explotaci\u00f3n, acoso, manipulaci\u00f3n, o imposici\u00f3n de decisiones injustas. En general, se caracteriza por una din\u00e1mica donde la persona con poder lo utiliza para su propio beneficio y en detrimento de los dem\u00e1s.<\/p>\n<p><strong>Violencia de g\u00e9nero:<\/strong><\/p>\n<p>La <strong>violencia de g\u00e9nero<\/strong> es cualquier acto de violencia basado en el g\u00e9nero que resulta o puede resultar en da\u00f1o f\u00edsico, sexual o psicol\u00f3gico, ya sea en el \u00e1mbito privado o p\u00fablico. Generalmente se asocia con la violencia ejercida contra las mujeres por el simple hecho de ser mujeres, debido a las construcciones sociales y culturales que perpet\u00faan la desigualdad entre los g\u00e9neros. No obstante, tambi\u00e9n puede afectar a personas de otros g\u00e9neros que no encajan en las normas tradicionales de masculinidad y feminidad.<\/p>\n<p><strong>Formas de violencia de g\u00e9nero:<\/strong><\/p>\n<p style=\"padding-left: 40px;\"><strong>Violencia f\u00edsica<\/strong>: Uso de la fuerza f\u00edsica para causar da\u00f1o.<\/p>\n<p style=\"padding-left: 40px;\"><strong>Violencia psicol\u00f3gica o emocional<\/strong>: Manipulaci\u00f3n emocional, amenazas, humillaciones, aislamiento.<\/p>\n<p style=\"padding-left: 40px;\"><strong>Violencia econ\u00f3mica<\/strong>: Control de los recursos econ\u00f3micos, negaci\u00f3n de acceso al dinero o bienes.<\/p>\n<p style=\"padding-left: 40px;\"><strong>Violencia sexual<\/strong>: Cualquier acto de naturaleza sexual realizado sin consentimiento.<\/p>\n<p style=\"padding-left: 40px;\"><strong>Violencia simb\u00f3lica<\/strong>: Reproducci\u00f3n de estereotipos y roles de g\u00e9nero que refuerzan la desigualdad.<\/p>\n<p><strong>Conexi\u00f3n entre abuso de poder y violencia de g\u00e9nero:<\/strong><\/p>\n<p>La violencia de g\u00e9nero es una manifestaci\u00f3n de abuso de poder, donde el agresor utiliza su posici\u00f3n para controlar o someter a la v\u00edctima, perpetuando una estructura de dominaci\u00f3n que se basa en la desigualdad de g\u00e9nero. Este abuso puede manifestarse en diferentes contextos:<\/p>\n<ul>\n<li>En las relaciones de pareja, donde uno de los miembros ejerce control sobre la otra.<\/li>\n<li>En el \u00e1mbito laboral, cuando se produce acoso sexual o discriminaci\u00f3n basada en el g\u00e9nero.<\/li>\n<li>En instituciones, donde las estructuras patriarcales refuerzan la dominaci\u00f3n de un g\u00e9nero sobre otro.<\/li>\n<\/ul>\n<p><strong>Ejemplos comunes de abuso de poder relacionado con la violencia de g\u00e9nero:<\/strong><\/p>\n<p style=\"padding-left: 40px;\"><strong>Violencia dom\u00e9stica<\/strong>: Un miembro de la pareja, a menudo el hombre en relaciones heterosexuales, ejerce control f\u00edsico o emocional sobre la mujer.<\/p>\n<p style=\"padding-left: 40px;\"><strong>Acoso sexual<\/strong>: En el trabajo, donde las personas en posiciones de poder aprovechan su autoridad para obtener favores sexuales o acosar a quienes consideran vulnerables.<\/p>\n<p style=\"padding-left: 40px;\"><strong>Desigualdad institucional<\/strong>: Las leyes o decisiones pol\u00edticas que refuerzan la desigualdad de g\u00e9nero tambi\u00e9n son formas de abuso estructural.<\/p>\n<p><strong>Impacto:<\/strong><\/p>\n<p>El abuso de poder y la violencia de g\u00e9nero tienen consecuencias devastadoras en las v\u00edctimas, que van desde traumas psicol\u00f3gicos hasta da\u00f1os f\u00edsicos, la p\u00e9rdida de oportunidades laborales, aislamiento social e incluso la muerte. Adem\u00e1s, perpet\u00faan estructuras sociales que mantienen la desigualdad de g\u00e9nero.<\/p>\n<figure id=\"attachment_74001\" aria-describedby=\"caption-attachment-74001\" style=\"width: 380px\" class=\"wp-caption aligncenter\"><img loading=\"lazy\" decoding=\"async\" class=\" wp-image-74001\" src=\"https:\/\/diariofemenino.com.ar\/df\/wp-content\/uploads\/2024\/09\/Iceberg.jpg\" alt=\"Abuso de poder y violencia de g\u00e9nero\" width=\"380\" height=\"440\" srcset=\"https:\/\/diariofemenino.com.ar\/df\/wp-content\/uploads\/2024\/09\/Iceberg.jpg 695w, https:\/\/diariofemenino.com.ar\/df\/wp-content\/uploads\/2024\/09\/Iceberg-259x300.jpg 259w\" sizes=\"auto, (max-width: 380px) 100vw, 380px\" \/><figcaption id=\"caption-attachment-74001\" class=\"wp-caption-text\">Abuso de poder y violencia de g\u00e9nero<\/figcaption><\/figure>\n<p><strong>Prevenci\u00f3n y lucha contra el abuso de poder y la violencia de g\u00e9nero:<\/strong><\/p>\n<p style=\"padding-left: 40px;\"><strong>Educaci\u00f3n, concienciaci\u00f3n y prevenci\u00f3n<\/strong>: Promover la igualdad de g\u00e9nero y sensibilizar a las personas sobre la importancia de las relaciones sanas, equitativas e igualitarias y el respeto mutuo. Previo a que la violencia aparezca en esos v\u00ednculos.<\/p>\n<p style=\"padding-left: 40px;\"><strong>Legislaci\u00f3n<\/strong>: Hacer cumplir leyes que protejan a las v\u00edctimas de violencia de g\u00e9nero y sancionen el abuso de poder.<\/p>\n<p style=\"padding-left: 40px;\"><strong>Empoderamiento<\/strong>: Proveer herramientas econ\u00f3micas, educativas y psicol\u00f3gicas para que las personas afectadas puedan romper el ciclo de la violencia y el abuso.<\/p>\n<p style=\"padding-left: 40px;\"><strong>Intervenci\u00f3n comunitaria<\/strong>: Apoyo de la comunidad y de organizaciones sociales para identificar y detener la violencia de g\u00e9nero en todas sus formas.<\/p>\n<p>El v\u00ednculo entre abuso de poder y violencia de g\u00e9nero es clave para comprender y abordar estas din\u00e1micas. Promover la igualdad, la justicia y la eliminaci\u00f3n de las jerarqu\u00edas opresivas son pasos esenciales para mitigar estos problemas sociales.<\/p>\n<p>&nbsp;<\/p>\n<blockquote><p>Seguinos en Instagram.<strong>\u00a0Diario Digital Femenino:\u00a0<a href=\"https:\/\/www.instagram.com\/diariodigitalfemenino_\/\">@diariodigitalfemenino_<\/a><br \/>\nLenny C\u00e1ceres:\u00a0<a href=\"https:\/\/www.instagram.com\/lennycaceres69\/\">@lennycaceres69<\/a><br \/>\n<\/strong>Facebook:\u00a0<strong><a href=\"https:\/\/www.facebook.com\/DiarioDigitalFemenino\/\">Diario Digital Femenino\u00a0<\/a><\/strong><\/p><\/blockquote>\n","protected":false},"excerpt":{"rendered":"<p>El abuso de poder y la violencia de g\u00e9nero son dos fen\u00f3menos que, aunque distintos, a menudo est\u00e1n interrelacionados y contribuyen a perpetuar din\u00e1micas de desigualdad, opresi\u00f3n y violencia, particularmente en contextos de relaciones de poder desiguales. Si bien la violencia de g\u00e9nero se define como el ejercicio del poder de uno sobre otra para [&hellip;]<\/p>\n","protected":false},"author":4,"featured_media":74002,"comment_status":"open","ping_status":"open","sticky":false,"template":"","format":"standard","meta":{"iawp_total_views":664,"footnotes":""},"categories":[7,1067,178,627,32,13,21,580,23,592],"tags":[183,105,7161,3244,6474,34,332,7162,38,16],"class_list":["post-73999","post","type-post","status-publish","format-standard","has-post-thumbnail","hentry","category-actividades","category-agenda-feminista","category-articulos-y-comunicados","category-genero-y-derechos-humanos","category-mujeres","category-mujeres-sindicalistas","category-noticias","category-resistencia-verdevioleta","category-salud","category-violencias","tag-abuso-de-poder","tag-acoso-sexual","tag-desigualdad-intitucional","tag-desigualdades","tag-estructuras","tag-machismo","tag-prevencion","tag-sistema-patriarcal","tag-violencia-contra-las-mujeres","tag-violencia-de-genero"],"nelio_content":{"autoShareEndMode":"never","automationSources":{"useCustomSentences":false,"customSentences":[]},"efiAlt":"","efiUrl":"","followers":[4],"highlights":[],"isAutoShareEnabled":true,"networkImageIds":[],"permalinkQueryArgs":[],"series":[],"suggestedReferences":[]},"yoast_head":"<!-- This site is optimized with the Yoast SEO plugin v27.5 - https:\/\/yoast.com\/product\/yoast-seo-wordpress\/ -->\n<title>Abuso de poder y violencia de g\u00e9nero - Diario Digital Femenino<\/title>\n<meta name=\"description\" content=\"Abuso de poder. La violencia de g\u00e9nero es el ejercicio del poder de uno sobre otra para someter, manipular; no siempre es tan claro verlo.\" \/>\n<meta name=\"robots\" content=\"index, follow, max-snippet:-1, max-image-preview:large, max-video-preview:-1\" \/>\n<link rel=\"canonical\" href=\"https:\/\/diariofemenino.com.ar\/df\/abuso-de-poder-y-violencia-de-genero\/\" \/>\n<meta property=\"og:locale\" content=\"es_ES\" \/>\n<meta property=\"og:type\" content=\"article\" \/>\n<meta property=\"og:title\" content=\"Abuso de poder y violencia de g\u00e9nero - Diario Digital Femenino\" \/>\n<meta property=\"og:description\" content=\"Abuso de poder. La violencia de g\u00e9nero es el ejercicio del poder de uno sobre otra para someter, manipular; no siempre es tan claro verlo.\" \/>\n<meta property=\"og:url\" content=\"https:\/\/diariofemenino.com.ar\/df\/abuso-de-poder-y-violencia-de-genero\/\" \/>\n<meta property=\"og:site_name\" content=\"Diario Digital Femenino\" \/>\n<meta property=\"article:publisher\" content=\"https:\/\/www.facebook.com\/DiarioDigitaFemenino\/\" \/>\n<meta property=\"article:published_time\" content=\"2024-09-06T12:30:10+00:00\" \/>\n<meta property=\"article:modified_time\" content=\"2024-09-06T12:38:12+00:00\" \/>\n<meta property=\"og:image\" content=\"https:\/\/diariofemenino.com.ar\/df\/wp-content\/uploads\/2024\/09\/GettyImages-496090500-scaled.jpg\" \/>\n\t<meta property=\"og:image:width\" content=\"2560\" \/>\n\t<meta property=\"og:image:height\" content=\"1704\" \/>\n\t<meta property=\"og:image:type\" content=\"image\/jpeg\" \/>\n<meta name=\"author\" content=\"Admin\" \/>\n<meta name=\"twitter:card\" content=\"summary_large_image\" \/>\n<meta name=\"twitter:creator\" content=\"@DiarioFemenino1\" \/>\n<meta name=\"twitter:site\" content=\"@DiarioFemenino1\" \/>\n<meta name=\"twitter:label1\" content=\"Escrito por\" \/>\n\t<meta name=\"twitter:data1\" content=\"Admin\" \/>\n\t<meta name=\"twitter:label2\" content=\"Tiempo de lectura\" \/>\n\t<meta name=\"twitter:data2\" content=\"5 minutos\" \/>\n<script type=\"application\/ld+json\" class=\"yoast-schema-graph\">{\"@context\":\"https:\\\/\\\/schema.org\",\"@graph\":[{\"@type\":\"Article\",\"@id\":\"https:\\\/\\\/diariofemenino.com.ar\\\/df\\\/abuso-de-poder-y-violencia-de-genero\\\/#article\",\"isPartOf\":{\"@id\":\"https:\\\/\\\/diariofemenino.com.ar\\\/df\\\/abuso-de-poder-y-violencia-de-genero\\\/\"},\"author\":{\"name\":\"Admin\",\"@id\":\"https:\\\/\\\/diariofemenino.com.ar\\\/df\\\/#\\\/schema\\\/person\\\/bf6199e8158c657ea6f789b11ec85509\"},\"headline\":\"Abuso de poder y violencia de g\u00e9nero\",\"datePublished\":\"2024-09-06T12:30:10+00:00\",\"dateModified\":\"2024-09-06T12:38:12+00:00\",\"mainEntityOfPage\":{\"@id\":\"https:\\\/\\\/diariofemenino.com.ar\\\/df\\\/abuso-de-poder-y-violencia-de-genero\\\/\"},\"wordCount\":944,\"commentCount\":0,\"publisher\":{\"@id\":\"https:\\\/\\\/diariofemenino.com.ar\\\/df\\\/#organization\"},\"image\":{\"@id\":\"https:\\\/\\\/diariofemenino.com.ar\\\/df\\\/abuso-de-poder-y-violencia-de-genero\\\/#primaryimage\"},\"thumbnailUrl\":\"https:\\\/\\\/diariofemenino.com.ar\\\/df\\\/wp-content\\\/uploads\\\/2024\\\/09\\\/GettyImages-496090500-scaled.jpg\",\"keywords\":[\"Abuso de Poder\",\"Acoso sexual\",\"desigualdad intitucional\",\"desigualdades\",\"estructuras\",\"Machismo\",\"Prevenci\u00f3n\",\"sistema patriarcal\",\"Violencia contra las mujeres\",\"Violencia de g\u00e9nero\"],\"articleSection\":[\"Actividades\",\"Agenda Feminista\",\"Art\u00edculos y Comunicados\",\"G\u00e9nero y Derechos Humanos\",\"Mujeres\",\"Mujeres Sindicalistas\",\"Noticias\",\"Resistencia VerdeVioleta\",\"Salud\",\"Violencias\"],\"inLanguage\":\"es\",\"potentialAction\":[{\"@type\":\"CommentAction\",\"name\":\"Comment\",\"target\":[\"https:\\\/\\\/diariofemenino.com.ar\\\/df\\\/abuso-de-poder-y-violencia-de-genero\\\/#respond\"]}]},{\"@type\":\"WebPage\",\"@id\":\"https:\\\/\\\/diariofemenino.com.ar\\\/df\\\/abuso-de-poder-y-violencia-de-genero\\\/\",\"url\":\"https:\\\/\\\/diariofemenino.com.ar\\\/df\\\/abuso-de-poder-y-violencia-de-genero\\\/\",\"name\":\"Abuso de poder y violencia de g\u00e9nero - Diario Digital Femenino\",\"isPartOf\":{\"@id\":\"https:\\\/\\\/diariofemenino.com.ar\\\/df\\\/#website\"},\"primaryImageOfPage\":{\"@id\":\"https:\\\/\\\/diariofemenino.com.ar\\\/df\\\/abuso-de-poder-y-violencia-de-genero\\\/#primaryimage\"},\"image\":{\"@id\":\"https:\\\/\\\/diariofemenino.com.ar\\\/df\\\/abuso-de-poder-y-violencia-de-genero\\\/#primaryimage\"},\"thumbnailUrl\":\"https:\\\/\\\/diariofemenino.com.ar\\\/df\\\/wp-content\\\/uploads\\\/2024\\\/09\\\/GettyImages-496090500-scaled.jpg\",\"datePublished\":\"2024-09-06T12:30:10+00:00\",\"dateModified\":\"2024-09-06T12:38:12+00:00\",\"description\":\"Abuso de poder. La violencia de g\u00e9nero es el ejercicio del poder de uno sobre otra para someter, manipular; no siempre es tan claro verlo.\",\"breadcrumb\":{\"@id\":\"https:\\\/\\\/diariofemenino.com.ar\\\/df\\\/abuso-de-poder-y-violencia-de-genero\\\/#breadcrumb\"},\"inLanguage\":\"es\",\"potentialAction\":[{\"@type\":\"ReadAction\",\"target\":[\"https:\\\/\\\/diariofemenino.com.ar\\\/df\\\/abuso-de-poder-y-violencia-de-genero\\\/\"]}]},{\"@type\":\"ImageObject\",\"inLanguage\":\"es\",\"@id\":\"https:\\\/\\\/diariofemenino.com.ar\\\/df\\\/abuso-de-poder-y-violencia-de-genero\\\/#primaryimage\",\"url\":\"https:\\\/\\\/diariofemenino.com.ar\\\/df\\\/wp-content\\\/uploads\\\/2024\\\/09\\\/GettyImages-496090500-scaled.jpg\",\"contentUrl\":\"https:\\\/\\\/diariofemenino.com.ar\\\/df\\\/wp-content\\\/uploads\\\/2024\\\/09\\\/GettyImages-496090500-scaled.jpg\",\"width\":2560,\"height\":1704,\"caption\":\"Demonstrators hold posters against gender violence during a demonstration against domestic violence outside the Health Ministry in Madrid on November 7, 2015. Twenty-five women and eight children (girls and boys) have been killed since the start of the year at the hands of a male family member, according to the Spanish department of health. AFP PHOTO \\\/ CURTO DE LA TORRE (Photo credit should read CURTO DE LA TORRE\\\/AFP\\\/Getty Images)\"},{\"@type\":\"BreadcrumbList\",\"@id\":\"https:\\\/\\\/diariofemenino.com.ar\\\/df\\\/abuso-de-poder-y-violencia-de-genero\\\/#breadcrumb\",\"itemListElement\":[{\"@type\":\"ListItem\",\"position\":1,\"name\":\"Portada\",\"item\":\"https:\\\/\\\/diariofemenino.com.ar\\\/df\\\/\"},{\"@type\":\"ListItem\",\"position\":2,\"name\":\"Abuso de poder y violencia de g\u00e9nero\"}]},{\"@type\":\"WebSite\",\"@id\":\"https:\\\/\\\/diariofemenino.com.ar\\\/df\\\/#website\",\"url\":\"https:\\\/\\\/diariofemenino.com.ar\\\/df\\\/\",\"name\":\"Diario Digital Femenino\",\"description\":\"Cuesti\u00f3n de G\u00e9nero\",\"publisher\":{\"@id\":\"https:\\\/\\\/diariofemenino.com.ar\\\/df\\\/#organization\"},\"potentialAction\":[{\"@type\":\"SearchAction\",\"target\":{\"@type\":\"EntryPoint\",\"urlTemplate\":\"https:\\\/\\\/diariofemenino.com.ar\\\/df\\\/?s={search_term_string}\"},\"query-input\":{\"@type\":\"PropertyValueSpecification\",\"valueRequired\":true,\"valueName\":\"search_term_string\"}}],\"inLanguage\":\"es\"},{\"@type\":\"Organization\",\"@id\":\"https:\\\/\\\/diariofemenino.com.ar\\\/df\\\/#organization\",\"name\":\"Diario Femenino\",\"url\":\"https:\\\/\\\/diariofemenino.com.ar\\\/df\\\/\",\"logo\":{\"@type\":\"ImageObject\",\"inLanguage\":\"es\",\"@id\":\"https:\\\/\\\/diariofemenino.com.ar\\\/df\\\/#\\\/schema\\\/logo\\\/image\\\/\",\"url\":\"https:\\\/\\\/diariofemenino.com.ar\\\/df\\\/wp-content\\\/uploads\\\/2018\\\/10\\\/logo.png\",\"contentUrl\":\"https:\\\/\\\/diariofemenino.com.ar\\\/df\\\/wp-content\\\/uploads\\\/2018\\\/10\\\/logo.png\",\"width\":500,\"height\":92,\"caption\":\"Diario Femenino\"},\"image\":{\"@id\":\"https:\\\/\\\/diariofemenino.com.ar\\\/df\\\/#\\\/schema\\\/logo\\\/image\\\/\"},\"sameAs\":[\"https:\\\/\\\/www.facebook.com\\\/DiarioDigitaFemenino\\\/\",\"https:\\\/\\\/x.com\\\/DiarioFemenino1\"]},{\"@type\":\"Person\",\"@id\":\"https:\\\/\\\/diariofemenino.com.ar\\\/df\\\/#\\\/schema\\\/person\\\/bf6199e8158c657ea6f789b11ec85509\",\"name\":\"Admin\",\"image\":{\"@type\":\"ImageObject\",\"inLanguage\":\"es\",\"@id\":\"https:\\\/\\\/diariofemenino.com.ar\\\/df\\\/wp-content\\\/uploads\\\/2018\\\/12\\\/favicon-150x150.jpg\",\"url\":\"https:\\\/\\\/diariofemenino.com.ar\\\/df\\\/wp-content\\\/uploads\\\/2018\\\/12\\\/favicon-150x150.jpg\",\"contentUrl\":\"https:\\\/\\\/diariofemenino.com.ar\\\/df\\\/wp-content\\\/uploads\\\/2018\\\/12\\\/favicon-150x150.jpg\",\"caption\":\"Admin\"},\"url\":\"https:\\\/\\\/diariofemenino.com.ar\\\/df\\\/author\\\/lenny\\\/\"}]}<\/script>\n<!-- \/ Yoast SEO plugin. -->","yoast_head_json":{"title":"Abuso de poder y violencia de g\u00e9nero - Diario Digital Femenino","description":"Abuso de poder. La violencia de g\u00e9nero es el ejercicio del poder de uno sobre otra para someter, manipular; no siempre es tan claro verlo.","robots":{"index":"index","follow":"follow","max-snippet":"max-snippet:-1","max-image-preview":"max-image-preview:large","max-video-preview":"max-video-preview:-1"},"canonical":"https:\/\/diariofemenino.com.ar\/df\/abuso-de-poder-y-violencia-de-genero\/","og_locale":"es_ES","og_type":"article","og_title":"Abuso de poder y violencia de g\u00e9nero - Diario Digital Femenino","og_description":"Abuso de poder. La violencia de g\u00e9nero es el ejercicio del poder de uno sobre otra para someter, manipular; no siempre es tan claro verlo.","og_url":"https:\/\/diariofemenino.com.ar\/df\/abuso-de-poder-y-violencia-de-genero\/","og_site_name":"Diario Digital Femenino","article_publisher":"https:\/\/www.facebook.com\/DiarioDigitaFemenino\/","article_published_time":"2024-09-06T12:30:10+00:00","article_modified_time":"2024-09-06T12:38:12+00:00","og_image":[{"width":2560,"height":1704,"url":"https:\/\/diariofemenino.com.ar\/df\/wp-content\/uploads\/2024\/09\/GettyImages-496090500-scaled.jpg","type":"image\/jpeg"}],"author":"Admin","twitter_card":"summary_large_image","twitter_creator":"@DiarioFemenino1","twitter_site":"@DiarioFemenino1","twitter_misc":{"Escrito por":"Admin","Tiempo de lectura":"5 minutos"},"schema":{"@context":"https:\/\/schema.org","@graph":[{"@type":"Article","@id":"https:\/\/diariofemenino.com.ar\/df\/abuso-de-poder-y-violencia-de-genero\/#article","isPartOf":{"@id":"https:\/\/diariofemenino.com.ar\/df\/abuso-de-poder-y-violencia-de-genero\/"},"author":{"name":"Admin","@id":"https:\/\/diariofemenino.com.ar\/df\/#\/schema\/person\/bf6199e8158c657ea6f789b11ec85509"},"headline":"Abuso de poder y violencia de g\u00e9nero","datePublished":"2024-09-06T12:30:10+00:00","dateModified":"2024-09-06T12:38:12+00:00","mainEntityOfPage":{"@id":"https:\/\/diariofemenino.com.ar\/df\/abuso-de-poder-y-violencia-de-genero\/"},"wordCount":944,"commentCount":0,"publisher":{"@id":"https:\/\/diariofemenino.com.ar\/df\/#organization"},"image":{"@id":"https:\/\/diariofemenino.com.ar\/df\/abuso-de-poder-y-violencia-de-genero\/#primaryimage"},"thumbnailUrl":"https:\/\/diariofemenino.com.ar\/df\/wp-content\/uploads\/2024\/09\/GettyImages-496090500-scaled.jpg","keywords":["Abuso de Poder","Acoso sexual","desigualdad intitucional","desigualdades","estructuras","Machismo","Prevenci\u00f3n","sistema patriarcal","Violencia contra las mujeres","Violencia de g\u00e9nero"],"articleSection":["Actividades","Agenda Feminista","Art\u00edculos y Comunicados","G\u00e9nero y Derechos Humanos","Mujeres","Mujeres Sindicalistas","Noticias","Resistencia VerdeVioleta","Salud","Violencias"],"inLanguage":"es","potentialAction":[{"@type":"CommentAction","name":"Comment","target":["https:\/\/diariofemenino.com.ar\/df\/abuso-de-poder-y-violencia-de-genero\/#respond"]}]},{"@type":"WebPage","@id":"https:\/\/diariofemenino.com.ar\/df\/abuso-de-poder-y-violencia-de-genero\/","url":"https:\/\/diariofemenino.com.ar\/df\/abuso-de-poder-y-violencia-de-genero\/","name":"Abuso de poder y violencia de g\u00e9nero - Diario Digital Femenino","isPartOf":{"@id":"https:\/\/diariofemenino.com.ar\/df\/#website"},"primaryImageOfPage":{"@id":"https:\/\/diariofemenino.com.ar\/df\/abuso-de-poder-y-violencia-de-genero\/#primaryimage"},"image":{"@id":"https:\/\/diariofemenino.com.ar\/df\/abuso-de-poder-y-violencia-de-genero\/#primaryimage"},"thumbnailUrl":"https:\/\/diariofemenino.com.ar\/df\/wp-content\/uploads\/2024\/09\/GettyImages-496090500-scaled.jpg","datePublished":"2024-09-06T12:30:10+00:00","dateModified":"2024-09-06T12:38:12+00:00","description":"Abuso de poder. La violencia de g\u00e9nero es el ejercicio del poder de uno sobre otra para someter, manipular; no siempre es tan claro verlo.","breadcrumb":{"@id":"https:\/\/diariofemenino.com.ar\/df\/abuso-de-poder-y-violencia-de-genero\/#breadcrumb"},"inLanguage":"es","potentialAction":[{"@type":"ReadAction","target":["https:\/\/diariofemenino.com.ar\/df\/abuso-de-poder-y-violencia-de-genero\/"]}]},{"@type":"ImageObject","inLanguage":"es","@id":"https:\/\/diariofemenino.com.ar\/df\/abuso-de-poder-y-violencia-de-genero\/#primaryimage","url":"https:\/\/diariofemenino.com.ar\/df\/wp-content\/uploads\/2024\/09\/GettyImages-496090500-scaled.jpg","contentUrl":"https:\/\/diariofemenino.com.ar\/df\/wp-content\/uploads\/2024\/09\/GettyImages-496090500-scaled.jpg","width":2560,"height":1704,"caption":"Demonstrators hold posters against gender violence during a demonstration against domestic violence outside the Health Ministry in Madrid on November 7, 2015. Twenty-five women and eight children (girls and boys) have been killed since the start of the year at the hands of a male family member, according to the Spanish department of health. AFP PHOTO \/ CURTO DE LA TORRE (Photo credit should read CURTO DE LA TORRE\/AFP\/Getty Images)"},{"@type":"BreadcrumbList","@id":"https:\/\/diariofemenino.com.ar\/df\/abuso-de-poder-y-violencia-de-genero\/#breadcrumb","itemListElement":[{"@type":"ListItem","position":1,"name":"Portada","item":"https:\/\/diariofemenino.com.ar\/df\/"},{"@type":"ListItem","position":2,"name":"Abuso de poder y violencia de g\u00e9nero"}]},{"@type":"WebSite","@id":"https:\/\/diariofemenino.com.ar\/df\/#website","url":"https:\/\/diariofemenino.com.ar\/df\/","name":"Diario Digital Femenino","description":"Cuesti\u00f3n de G\u00e9nero","publisher":{"@id":"https:\/\/diariofemenino.com.ar\/df\/#organization"},"potentialAction":[{"@type":"SearchAction","target":{"@type":"EntryPoint","urlTemplate":"https:\/\/diariofemenino.com.ar\/df\/?s={search_term_string}"},"query-input":{"@type":"PropertyValueSpecification","valueRequired":true,"valueName":"search_term_string"}}],"inLanguage":"es"},{"@type":"Organization","@id":"https:\/\/diariofemenino.com.ar\/df\/#organization","name":"Diario Femenino","url":"https:\/\/diariofemenino.com.ar\/df\/","logo":{"@type":"ImageObject","inLanguage":"es","@id":"https:\/\/diariofemenino.com.ar\/df\/#\/schema\/logo\/image\/","url":"https:\/\/diariofemenino.com.ar\/df\/wp-content\/uploads\/2018\/10\/logo.png","contentUrl":"https:\/\/diariofemenino.com.ar\/df\/wp-content\/uploads\/2018\/10\/logo.png","width":500,"height":92,"caption":"Diario Femenino"},"image":{"@id":"https:\/\/diariofemenino.com.ar\/df\/#\/schema\/logo\/image\/"},"sameAs":["https:\/\/www.facebook.com\/DiarioDigitaFemenino\/","https:\/\/x.com\/DiarioFemenino1"]},{"@type":"Person","@id":"https:\/\/diariofemenino.com.ar\/df\/#\/schema\/person\/bf6199e8158c657ea6f789b11ec85509","name":"Admin","image":{"@type":"ImageObject","inLanguage":"es","@id":"https:\/\/diariofemenino.com.ar\/df\/wp-content\/uploads\/2018\/12\/favicon-150x150.jpg","url":"https:\/\/diariofemenino.com.ar\/df\/wp-content\/uploads\/2018\/12\/favicon-150x150.jpg","contentUrl":"https:\/\/diariofemenino.com.ar\/df\/wp-content\/uploads\/2018\/12\/favicon-150x150.jpg","caption":"Admin"},"url":"https:\/\/diariofemenino.com.ar\/df\/author\/lenny\/"}]}},"jetpack_featured_media_url":"https:\/\/diariofemenino.com.ar\/df\/wp-content\/uploads\/2024\/09\/GettyImages-496090500-scaled.jpg","jetpack_sharing_enabled":true,"rttpg_featured_image_url":{"full":["https:\/\/diariofemenino.com.ar\/df\/wp-content\/uploads\/2024\/09\/GettyImages-496090500-scaled.jpg",2560,1704,false],"landscape":["https:\/\/diariofemenino.com.ar\/df\/wp-content\/uploads\/2024\/09\/GettyImages-496090500-scaled.jpg",2560,1704,false],"portraits":["https:\/\/diariofemenino.com.ar\/df\/wp-content\/uploads\/2024\/09\/GettyImages-496090500-scaled.jpg",2560,1704,false],"thumbnail":["https:\/\/diariofemenino.com.ar\/df\/wp-content\/uploads\/2024\/09\/GettyImages-496090500-150x150.jpg",150,150,true],"medium":["https:\/\/diariofemenino.com.ar\/df\/wp-content\/uploads\/2024\/09\/GettyImages-496090500-300x200.jpg",300,200,true],"large":["https:\/\/diariofemenino.com.ar\/df\/wp-content\/uploads\/2024\/09\/GettyImages-496090500-1024x682.jpg",1024,682,true],"1536x1536":["https:\/\/diariofemenino.com.ar\/df\/wp-content\/uploads\/2024\/09\/GettyImages-496090500-1536x1023.jpg",1536,1023,true],"2048x2048":["https:\/\/diariofemenino.com.ar\/df\/wp-content\/uploads\/2024\/09\/GettyImages-496090500-2048x1363.jpg",2048,1363,true]},"rttpg_author":{"display_name":"Admin","author_link":"https:\/\/diariofemenino.com.ar\/df\/author\/lenny\/"},"rttpg_comment":0,"rttpg_category":"<a href=\"https:\/\/diariofemenino.com.ar\/df\/category\/actividades\/\" rel=\"category tag\">Actividades<\/a> <a href=\"https:\/\/diariofemenino.com.ar\/df\/category\/agenda-feminista\/\" rel=\"category tag\">Agenda Feminista<\/a> <a href=\"https:\/\/diariofemenino.com.ar\/df\/category\/articulos-y-comunicados\/\" rel=\"category tag\">Art\u00edculos y Comunicados<\/a> <a href=\"https:\/\/diariofemenino.com.ar\/df\/category\/genero-y-derechos-humanos\/\" rel=\"category tag\">G\u00e9nero y Derechos Humanos<\/a> <a href=\"https:\/\/diariofemenino.com.ar\/df\/category\/mujeres\/\" rel=\"category tag\">Mujeres<\/a> <a href=\"https:\/\/diariofemenino.com.ar\/df\/category\/mujeres-sindicalistas\/\" rel=\"category tag\">Mujeres Sindicalistas<\/a> <a href=\"https:\/\/diariofemenino.com.ar\/df\/category\/noticias\/\" rel=\"category tag\">Noticias<\/a> <a href=\"https:\/\/diariofemenino.com.ar\/df\/category\/resistencia-verdevioleta\/\" rel=\"category tag\">Resistencia VerdeVioleta<\/a> <a href=\"https:\/\/diariofemenino.com.ar\/df\/category\/salud\/\" rel=\"category tag\">Salud<\/a> <a href=\"https:\/\/diariofemenino.com.ar\/df\/category\/violencias\/\" rel=\"category tag\">Violencias<\/a>","rttpg_excerpt":"El abuso de poder y la violencia de g\u00e9nero son dos fen\u00f3menos que, aunque distintos, a menudo est\u00e1n interrelacionados y contribuyen a perpetuar din\u00e1micas de desigualdad, opresi\u00f3n y violencia, particularmente en contextos de relaciones de poder desiguales. Si bien la violencia de g\u00e9nero se define como el ejercicio del poder de uno sobre otra para&hellip;","_links":{"self":[{"href":"https:\/\/diariofemenino.com.ar\/df\/wp-json\/wp\/v2\/posts\/73999","targetHints":{"allow":["GET"]}}],"collection":[{"href":"https:\/\/diariofemenino.com.ar\/df\/wp-json\/wp\/v2\/posts"}],"about":[{"href":"https:\/\/diariofemenino.com.ar\/df\/wp-json\/wp\/v2\/types\/post"}],"author":[{"embeddable":true,"href":"https:\/\/diariofemenino.com.ar\/df\/wp-json\/wp\/v2\/users\/4"}],"replies":[{"embeddable":true,"href":"https:\/\/diariofemenino.com.ar\/df\/wp-json\/wp\/v2\/comments?post=73999"}],"version-history":[{"count":0,"href":"https:\/\/diariofemenino.com.ar\/df\/wp-json\/wp\/v2\/posts\/73999\/revisions"}],"wp:featuredmedia":[{"embeddable":true,"href":"https:\/\/diariofemenino.com.ar\/df\/wp-json\/wp\/v2\/media\/74002"}],"wp:attachment":[{"href":"https:\/\/diariofemenino.com.ar\/df\/wp-json\/wp\/v2\/media?parent=73999"}],"wp:term":[{"taxonomy":"category","embeddable":true,"href":"https:\/\/diariofemenino.com.ar\/df\/wp-json\/wp\/v2\/categories?post=73999"},{"taxonomy":"post_tag","embeddable":true,"href":"https:\/\/diariofemenino.com.ar\/df\/wp-json\/wp\/v2\/tags?post=73999"}],"curies":[{"name":"wp","href":"https:\/\/api.w.org\/{rel}","templated":true}]}}