{"id":73869,"date":"2024-08-26T09:47:22","date_gmt":"2024-08-26T12:47:22","guid":{"rendered":"https:\/\/diariofemenino.com.ar\/df\/?p=73869"},"modified":"2024-09-12T11:35:09","modified_gmt":"2024-09-12T14:35:09","slug":"genero-y-derechos-humanos-que-relevancia-cobran-hoy","status":"publish","type":"post","link":"https:\/\/diariofemenino.com.ar\/df\/genero-y-derechos-humanos-que-relevancia-cobran-hoy\/","title":{"rendered":"G\u00e9nero y derechos humanos, qu\u00e9 relevancia cobran hoy"},"content":{"rendered":"<p>El <a href=\"https:\/\/diariofemenino.com.ar\/df\/category\/genero-y-derechos-humanos\/\">g\u00e9nero y los derechos humanos<\/a> son temas fundamentales en la agenda global contempor\u00e1nea debido a la creciente conciencia y movilizaci\u00f3n social en torno a la igualdad, la justicia social, y la protecci\u00f3n de los derechos de todas las personas, independientemente de su identidad de g\u00e9nero.<\/p>\n<p><iframe title=\"Spotify Embed: G\u00e9nero y derechos humanos, qu\u00e9 relevancia cobran hoy\" style=\"border-radius: 12px\" width=\"100%\" height=\"152\" frameborder=\"0\" allowfullscreen allow=\"autoplay; clipboard-write; encrypted-media; fullscreen; picture-in-picture\" loading=\"lazy\" src=\"https:\/\/open.spotify.com\/embed\/episode\/7JLIZO340iQOKlrVg9Qitb?si=EKnmgFRvSQWvP_ytKiqYKg&#038;utm_source=oembed\"><\/iframe><\/p>\n<p><strong>Relevancia actual del g\u00e9nero y los Derechos Humanos<\/strong><\/p>\n<p>La igualdad de g\u00e9nero sigue siendo un objetivo crucial para los derechos humanos. A pesar de los avances, las mujeres y las personas LGBTQ+ enfrentan discriminaci\u00f3n y violencia en muchas partes del mundo. La igualdad de g\u00e9nero implica asegurar que todas las personas tengan las mismas oportunidades y derechos, incluyendo el acceso a la educaci\u00f3n, el empleo, y la participaci\u00f3n pol\u00edtica. Hoy en Argentina, debido a las pol\u00edticas impuestas por el gobierno del presidente Milei, esos avances no solo han mermado, fueron desfinanciados todos los programas y desmanteladas las \u00e1reas que brindaban esta protecci\u00f3n.<\/p>\n<p>Una de las principales preocupaciones de este accionar es la atenci\u00f3n y asistencia a personas en situaci\u00f3n de violencia, esto debido, en principio, al cierre definitivo del ministerio de las Mujeres, G\u00e9neros y Diversidad, luego la desaparici\u00f3n del \u00e1rea espec\u00edfica para el abordaje de la violencia de g\u00e9nero, en el \u00e1mbito del ministerio de Capital Humano<strong>. <\/strong>La violencia de g\u00e9nero es una violaci\u00f3n grave de los derechos humanos que afecta de manera desproporcionada a mujeres y ni\u00f1as. La relevancia de este tema ha aumentado a medida que m\u00e1s personas exigen un fin a la impunidad y las violencias, subrayando la vulnerabilidad de las mujeres en contextos de crisis: econ\u00f3mica, pol\u00edtica y social.<\/p>\n<p>En la misma l\u00ednea se encuentra la lucha por los derechos de las personas LGBTQ+ que hab\u00edan cobrado un significado mayor, logrando algunas reivindicaciones y pol\u00edticas tendientes al reconocimiento de la dignidad humana, sin embargo, el recorte impuesto por Milei las afecta directamente. En la actualidad siguen enfrentando discriminaci\u00f3n, violencia y exclusi\u00f3n, sobre todo social y laboral.<\/p>\n<p>Uno de los enfoques en los que insistimos en poner la mirada es en la interseccionalidad. En la actualidad hay un reconocimiento creciente de la interseccionalidad, que considera c\u00f3mo las m\u00faltiples identidades (como g\u00e9nero, raza, clase, discapacidad, etnia, edad, orientaci\u00f3n sexual, entre otras) interact\u00faan para crear experiencias \u00fanicas de discriminaci\u00f3n y privilegio. Las desigualdades interseccionales y la lucha por los derechos humanos ahora reconocen que no todas las mujeres, por ejemplo, experimentan la desigualdad de la misma manera, y se deben abordar estas diferencias para crear pol\u00edticas m\u00e1s inclusivas y efectivas.<\/p>\n<p>Otro de los aspectos es el a<strong>cceso a la salud y <a href=\"https:\/\/diariofemenino.com.ar\/df\/category\/resistencia-verdevioleta\/\">derechos sexuales<\/a> y reproductivos<\/strong>: El acceso a la salud, incluidos los derechos sexuales y reproductivos, son aspectos clave de los derechos humanos relacionados con el g\u00e9nero. Este tema es particularmente relevante en debates sobre el aborto, la anticoncepci\u00f3n, y la atenci\u00f3n m\u00e9dica para personas transg\u00e9nero. La capacidad de tomar decisiones informadas sobre el propio cuerpo es fundamental para la autonom\u00eda y la igualdad de g\u00e9nero.<\/p>\n<p><strong>En el pasado reciente<\/strong><\/p>\n<p>En este pasado reciente que observamos, especialmente en los \u00faltimos a\u00f1os, hubo un resurgimiento de los movimientos feministas y de derechos humanos a nivel global, liderados no solo por mujeres sino por el colectivo LGBTQ+, una gran cantidad de personas j\u00f3venes que se sumaban a las causas y otros grupos marginados. El activismo digital tambi\u00e9n fue sumado en la lucha por la visibilidad, ante la falta de justicia y en la presi\u00f3n por las reformas para terminar con las opresiones, discriminaci\u00f3n y violencias. Esto en Argentina hoy no es posible continuarlo, al menos no desde las pol\u00edticas p\u00fablicas y la legislaci\u00f3n \u2014a\u00fan vigentes \u2014, el gobierno nacional, lejos de reconocer la necesidad de sostener y abordar estas cuestiones: desarma, rompe, desmantela, criminaliza\u2026<\/p>\n<p>En nuestra actualidad nacional no hay registro y mucho menos inter\u00e9s de abordar las cuestiones de g\u00e9nero desde una perspectiva de derechos humanos con el objetivo de construir colectivamente para lograr sociedades m\u00e1s igualitarias y menos violentas; nada de esto se tiene en cuenta, algunas provincias intentan asegurar la continuidad y garant\u00eda de derechos con recursos propios, con la correspondiente incertidumbre del tiempo que puedan sostenerse.<\/p>\n<figure id=\"attachment_73871\" aria-describedby=\"caption-attachment-73871\" style=\"width: 387px\" class=\"wp-caption aligncenter\"><img loading=\"lazy\" decoding=\"async\" class=\" wp-image-73871\" src=\"https:\/\/diariofemenino.com.ar\/df\/wp-content\/uploads\/2024\/08\/multimedia.miniatura.af66c9a59bfb77bf.67656e65726f20696775616c64616420646976657273696461645f6d696e6961747572612e706e67.png\" alt=\"G\u00e9nero y derechos humanos, qu\u00e9 relevancia cobran hoy\" width=\"387\" height=\"258\" srcset=\"https:\/\/diariofemenino.com.ar\/df\/wp-content\/uploads\/2024\/08\/multimedia.miniatura.af66c9a59bfb77bf.67656e65726f20696775616c64616420646976657273696461645f6d696e6961747572612e706e67.png 512w, https:\/\/diariofemenino.com.ar\/df\/wp-content\/uploads\/2024\/08\/multimedia.miniatura.af66c9a59bfb77bf.67656e65726f20696775616c64616420646976657273696461645f6d696e6961747572612e706e67-300x200.png 300w\" sizes=\"auto, (max-width: 387px) 100vw, 387px\" \/><figcaption id=\"caption-attachment-73871\" class=\"wp-caption-text\">G\u00e9nero y derechos humanos, qu\u00e9 relevancia cobran hoy<\/figcaption><\/figure>\n<p>La lucha por la igualdad de g\u00e9nero y los derechos de las personas LGBTQ+ no solo es una cuesti\u00f3n de justicia social, sino tambi\u00e9n de derechos humanos fundamentales que afectan a todas las personas y sociedades.<\/p>\n<p>&nbsp;<\/p>\n<blockquote><p>Seguinos en Instagram.<strong>\u00a0Diario Digital Femenino:\u00a0<a href=\"https:\/\/www.instagram.com\/diariodigitalfemenino_\/\">@diariodigitalfemenino_<\/a><br \/>\nLenny C\u00e1ceres:\u00a0<a href=\"https:\/\/www.instagram.com\/lennycaceres69\/\">@lennycaceres69<\/a><br \/>\n<\/strong>Facebook:\u00a0<strong><a href=\"https:\/\/www.facebook.com\/DiarioDigitalFemenino\/\">Diario Digital Femenino\u00a0<\/a><\/strong><\/p><\/blockquote>\n","protected":false},"excerpt":{"rendered":"<p>El g\u00e9nero y los derechos humanos son temas fundamentales en la agenda global contempor\u00e1nea debido a la creciente conciencia y movilizaci\u00f3n social en torno a la igualdad, la justicia social, y la protecci\u00f3n de los derechos de todas las personas, independientemente de su identidad de g\u00e9nero. Relevancia actual del g\u00e9nero y los Derechos Humanos La [&hellip;]<\/p>\n","protected":false},"author":4,"featured_media":73870,"comment_status":"open","ping_status":"open","sticky":false,"template":"","format":"standard","meta":{"iawp_total_views":106,"footnotes":""},"categories":[22,7,1067,178,3,627,1251,6,21,580,23,15,592],"tags":[3450,4735,30,6005,7039,4372,33,487,616,3412,130,54,18,819],"class_list":["post-73869","post","type-post","status-publish","format-standard","has-post-thumbnail","hentry","category-aborto","category-actividades","category-agenda-feminista","category-articulos-y-comunicados","category-de-la-revolucion-al-reaprendizaje","category-genero-y-derechos-humanos","category-mujeres-de-la-pampa","category-articulos","category-noticias","category-resistencia-verdevioleta","category-salud","category-trata-de-personas","category-violencias","tag-colectivo-lgbtiq","tag-criminalizacion","tag-derechos-humanos","tag-desamparo","tag-desmantelamiento","tag-destacada","tag-discriminacion","tag-estado","tag-genero","tag-legislacion","tag-mujeres","tag-ninas","tag-politicas-publicas","tag-violencias"],"nelio_content":{"autoShareEndMode":"never","automationSources":{"useCustomSentences":false,"customSentences":[]},"efiAlt":"","efiUrl":"","followers":[4],"highlights":[],"isAutoShareEnabled":true,"networkImageIds":[],"permalinkQueryArgs":[],"series":[],"suggestedReferences":[]},"yoast_head":"<!-- This site is optimized with the Yoast SEO plugin v27.5 - https:\/\/yoast.com\/product\/yoast-seo-wordpress\/ -->\n<title>G\u00e9nero y derechos humanos, qu\u00e9 relevancia cobran hoy - Diario Digital Femenino<\/title>\n<meta name=\"description\" content=\"G\u00e9nero y derechos humanos. La relevancia de este tema ha aumentado a medida que m\u00e1s personas exigen un fin a la impunidad y las violencias.\" \/>\n<meta name=\"robots\" content=\"index, follow, max-snippet:-1, max-image-preview:large, max-video-preview:-1\" \/>\n<link rel=\"canonical\" href=\"https:\/\/diariofemenino.com.ar\/df\/genero-y-derechos-humanos-que-relevancia-cobran-hoy\/\" \/>\n<meta property=\"og:locale\" content=\"es_ES\" \/>\n<meta property=\"og:type\" content=\"article\" \/>\n<meta property=\"og:title\" content=\"G\u00e9nero y derechos humanos, qu\u00e9 relevancia cobran hoy - Diario Digital Femenino\" \/>\n<meta property=\"og:description\" content=\"G\u00e9nero y derechos humanos. La relevancia de este tema ha aumentado a medida que m\u00e1s personas exigen un fin a la impunidad y las violencias.\" \/>\n<meta property=\"og:url\" content=\"https:\/\/diariofemenino.com.ar\/df\/genero-y-derechos-humanos-que-relevancia-cobran-hoy\/\" \/>\n<meta property=\"og:site_name\" content=\"Diario Digital Femenino\" \/>\n<meta property=\"article:publisher\" content=\"https:\/\/www.facebook.com\/DiarioDigitaFemenino\/\" \/>\n<meta property=\"article:published_time\" content=\"2024-08-26T12:47:22+00:00\" \/>\n<meta property=\"article:modified_time\" content=\"2024-09-12T14:35:09+00:00\" \/>\n<meta property=\"og:image\" content=\"https:\/\/diariofemenino.com.ar\/df\/wp-content\/uploads\/2024\/08\/Indigo.jpg\" \/>\n\t<meta property=\"og:image:width\" content=\"610\" \/>\n\t<meta property=\"og:image:height\" content=\"342\" \/>\n\t<meta property=\"og:image:type\" content=\"image\/jpeg\" \/>\n<meta name=\"author\" content=\"Admin\" \/>\n<meta name=\"twitter:card\" content=\"summary_large_image\" \/>\n<meta name=\"twitter:creator\" content=\"@DiarioFemenino1\" \/>\n<meta name=\"twitter:site\" content=\"@DiarioFemenino1\" \/>\n<meta name=\"twitter:label1\" content=\"Escrito por\" \/>\n\t<meta name=\"twitter:data1\" content=\"Admin\" \/>\n\t<meta name=\"twitter:label2\" content=\"Tiempo de lectura\" \/>\n\t<meta name=\"twitter:data2\" content=\"4 minutos\" \/>\n<script type=\"application\/ld+json\" class=\"yoast-schema-graph\">{\"@context\":\"https:\\\/\\\/schema.org\",\"@graph\":[{\"@type\":\"Article\",\"@id\":\"https:\\\/\\\/diariofemenino.com.ar\\\/df\\\/genero-y-derechos-humanos-que-relevancia-cobran-hoy\\\/#article\",\"isPartOf\":{\"@id\":\"https:\\\/\\\/diariofemenino.com.ar\\\/df\\\/genero-y-derechos-humanos-que-relevancia-cobran-hoy\\\/\"},\"author\":{\"name\":\"Admin\",\"@id\":\"https:\\\/\\\/diariofemenino.com.ar\\\/df\\\/#\\\/schema\\\/person\\\/bf6199e8158c657ea6f789b11ec85509\"},\"headline\":\"G\u00e9nero y derechos humanos, qu\u00e9 relevancia cobran hoy\",\"datePublished\":\"2024-08-26T12:47:22+00:00\",\"dateModified\":\"2024-09-12T14:35:09+00:00\",\"mainEntityOfPage\":{\"@id\":\"https:\\\/\\\/diariofemenino.com.ar\\\/df\\\/genero-y-derechos-humanos-que-relevancia-cobran-hoy\\\/\"},\"wordCount\":825,\"commentCount\":0,\"publisher\":{\"@id\":\"https:\\\/\\\/diariofemenino.com.ar\\\/df\\\/#organization\"},\"image\":{\"@id\":\"https:\\\/\\\/diariofemenino.com.ar\\\/df\\\/genero-y-derechos-humanos-que-relevancia-cobran-hoy\\\/#primaryimage\"},\"thumbnailUrl\":\"https:\\\/\\\/diariofemenino.com.ar\\\/df\\\/wp-content\\\/uploads\\\/2024\\\/08\\\/Indigo.jpg\",\"keywords\":[\"colectivo LGBTIQ\",\"Criminalizaci\u00f3n\",\"Derechos Humanos\",\"desamparo\",\"desmantelamiento\",\"Destacada\",\"Discriminaci\u00f3n\",\"Estado\",\"G\u00e9nero\",\"Legislaci\u00f3n\",\"Mujeres\",\"Ni\u00f1as\",\"Pol\u00edticas p\u00fablicas\",\"Violencias\"],\"articleSection\":[\"Aborto\",\"Actividades\",\"Agenda Feminista\",\"Art\u00edculos y Comunicados\",\"De la Revoluci\u00f3n al Reaprendizaje\",\"G\u00e9nero y Derechos Humanos\",\"Mujeres de La Pampa\",\"Mujeres en Palabras\",\"Noticias\",\"Resistencia VerdeVioleta\",\"Salud\",\"Trata de Pers.\",\"Violencias\"],\"inLanguage\":\"es\",\"potentialAction\":[{\"@type\":\"CommentAction\",\"name\":\"Comment\",\"target\":[\"https:\\\/\\\/diariofemenino.com.ar\\\/df\\\/genero-y-derechos-humanos-que-relevancia-cobran-hoy\\\/#respond\"]}]},{\"@type\":\"WebPage\",\"@id\":\"https:\\\/\\\/diariofemenino.com.ar\\\/df\\\/genero-y-derechos-humanos-que-relevancia-cobran-hoy\\\/\",\"url\":\"https:\\\/\\\/diariofemenino.com.ar\\\/df\\\/genero-y-derechos-humanos-que-relevancia-cobran-hoy\\\/\",\"name\":\"G\u00e9nero y derechos humanos, qu\u00e9 relevancia cobran hoy - Diario Digital Femenino\",\"isPartOf\":{\"@id\":\"https:\\\/\\\/diariofemenino.com.ar\\\/df\\\/#website\"},\"primaryImageOfPage\":{\"@id\":\"https:\\\/\\\/diariofemenino.com.ar\\\/df\\\/genero-y-derechos-humanos-que-relevancia-cobran-hoy\\\/#primaryimage\"},\"image\":{\"@id\":\"https:\\\/\\\/diariofemenino.com.ar\\\/df\\\/genero-y-derechos-humanos-que-relevancia-cobran-hoy\\\/#primaryimage\"},\"thumbnailUrl\":\"https:\\\/\\\/diariofemenino.com.ar\\\/df\\\/wp-content\\\/uploads\\\/2024\\\/08\\\/Indigo.jpg\",\"datePublished\":\"2024-08-26T12:47:22+00:00\",\"dateModified\":\"2024-09-12T14:35:09+00:00\",\"description\":\"G\u00e9nero y derechos humanos. La relevancia de este tema ha aumentado a medida que m\u00e1s personas exigen un fin a la impunidad y las violencias.\",\"breadcrumb\":{\"@id\":\"https:\\\/\\\/diariofemenino.com.ar\\\/df\\\/genero-y-derechos-humanos-que-relevancia-cobran-hoy\\\/#breadcrumb\"},\"inLanguage\":\"es\",\"potentialAction\":[{\"@type\":\"ReadAction\",\"target\":[\"https:\\\/\\\/diariofemenino.com.ar\\\/df\\\/genero-y-derechos-humanos-que-relevancia-cobran-hoy\\\/\"]}]},{\"@type\":\"ImageObject\",\"inLanguage\":\"es\",\"@id\":\"https:\\\/\\\/diariofemenino.com.ar\\\/df\\\/genero-y-derechos-humanos-que-relevancia-cobran-hoy\\\/#primaryimage\",\"url\":\"https:\\\/\\\/diariofemenino.com.ar\\\/df\\\/wp-content\\\/uploads\\\/2024\\\/08\\\/Indigo.jpg\",\"contentUrl\":\"https:\\\/\\\/diariofemenino.com.ar\\\/df\\\/wp-content\\\/uploads\\\/2024\\\/08\\\/Indigo.jpg\",\"width\":610,\"height\":342,\"caption\":\"G\u00e9nero y derechos humanos, qu\u00e9 relevancia cobran hoy\"},{\"@type\":\"BreadcrumbList\",\"@id\":\"https:\\\/\\\/diariofemenino.com.ar\\\/df\\\/genero-y-derechos-humanos-que-relevancia-cobran-hoy\\\/#breadcrumb\",\"itemListElement\":[{\"@type\":\"ListItem\",\"position\":1,\"name\":\"Portada\",\"item\":\"https:\\\/\\\/diariofemenino.com.ar\\\/df\\\/\"},{\"@type\":\"ListItem\",\"position\":2,\"name\":\"G\u00e9nero y derechos humanos, qu\u00e9 relevancia cobran hoy\"}]},{\"@type\":\"WebSite\",\"@id\":\"https:\\\/\\\/diariofemenino.com.ar\\\/df\\\/#website\",\"url\":\"https:\\\/\\\/diariofemenino.com.ar\\\/df\\\/\",\"name\":\"Diario Digital Femenino\",\"description\":\"Cuesti\u00f3n de G\u00e9nero\",\"publisher\":{\"@id\":\"https:\\\/\\\/diariofemenino.com.ar\\\/df\\\/#organization\"},\"potentialAction\":[{\"@type\":\"SearchAction\",\"target\":{\"@type\":\"EntryPoint\",\"urlTemplate\":\"https:\\\/\\\/diariofemenino.com.ar\\\/df\\\/?s={search_term_string}\"},\"query-input\":{\"@type\":\"PropertyValueSpecification\",\"valueRequired\":true,\"valueName\":\"search_term_string\"}}],\"inLanguage\":\"es\"},{\"@type\":\"Organization\",\"@id\":\"https:\\\/\\\/diariofemenino.com.ar\\\/df\\\/#organization\",\"name\":\"Diario Femenino\",\"url\":\"https:\\\/\\\/diariofemenino.com.ar\\\/df\\\/\",\"logo\":{\"@type\":\"ImageObject\",\"inLanguage\":\"es\",\"@id\":\"https:\\\/\\\/diariofemenino.com.ar\\\/df\\\/#\\\/schema\\\/logo\\\/image\\\/\",\"url\":\"https:\\\/\\\/diariofemenino.com.ar\\\/df\\\/wp-content\\\/uploads\\\/2018\\\/10\\\/logo.png\",\"contentUrl\":\"https:\\\/\\\/diariofemenino.com.ar\\\/df\\\/wp-content\\\/uploads\\\/2018\\\/10\\\/logo.png\",\"width\":500,\"height\":92,\"caption\":\"Diario Femenino\"},\"image\":{\"@id\":\"https:\\\/\\\/diariofemenino.com.ar\\\/df\\\/#\\\/schema\\\/logo\\\/image\\\/\"},\"sameAs\":[\"https:\\\/\\\/www.facebook.com\\\/DiarioDigitaFemenino\\\/\",\"https:\\\/\\\/x.com\\\/DiarioFemenino1\"]},{\"@type\":\"Person\",\"@id\":\"https:\\\/\\\/diariofemenino.com.ar\\\/df\\\/#\\\/schema\\\/person\\\/bf6199e8158c657ea6f789b11ec85509\",\"name\":\"Admin\",\"image\":{\"@type\":\"ImageObject\",\"inLanguage\":\"es\",\"@id\":\"https:\\\/\\\/diariofemenino.com.ar\\\/df\\\/wp-content\\\/uploads\\\/2018\\\/12\\\/favicon-150x150.jpg\",\"url\":\"https:\\\/\\\/diariofemenino.com.ar\\\/df\\\/wp-content\\\/uploads\\\/2018\\\/12\\\/favicon-150x150.jpg\",\"contentUrl\":\"https:\\\/\\\/diariofemenino.com.ar\\\/df\\\/wp-content\\\/uploads\\\/2018\\\/12\\\/favicon-150x150.jpg\",\"caption\":\"Admin\"},\"url\":\"https:\\\/\\\/diariofemenino.com.ar\\\/df\\\/author\\\/lenny\\\/\"}]}<\/script>\n<!-- \/ Yoast SEO plugin. -->","yoast_head_json":{"title":"G\u00e9nero y derechos humanos, qu\u00e9 relevancia cobran hoy - Diario Digital Femenino","description":"G\u00e9nero y derechos humanos. La relevancia de este tema ha aumentado a medida que m\u00e1s personas exigen un fin a la impunidad y las violencias.","robots":{"index":"index","follow":"follow","max-snippet":"max-snippet:-1","max-image-preview":"max-image-preview:large","max-video-preview":"max-video-preview:-1"},"canonical":"https:\/\/diariofemenino.com.ar\/df\/genero-y-derechos-humanos-que-relevancia-cobran-hoy\/","og_locale":"es_ES","og_type":"article","og_title":"G\u00e9nero y derechos humanos, qu\u00e9 relevancia cobran hoy - Diario Digital Femenino","og_description":"G\u00e9nero y derechos humanos. La relevancia de este tema ha aumentado a medida que m\u00e1s personas exigen un fin a la impunidad y las violencias.","og_url":"https:\/\/diariofemenino.com.ar\/df\/genero-y-derechos-humanos-que-relevancia-cobran-hoy\/","og_site_name":"Diario Digital Femenino","article_publisher":"https:\/\/www.facebook.com\/DiarioDigitaFemenino\/","article_published_time":"2024-08-26T12:47:22+00:00","article_modified_time":"2024-09-12T14:35:09+00:00","og_image":[{"width":610,"height":342,"url":"https:\/\/diariofemenino.com.ar\/df\/wp-content\/uploads\/2024\/08\/Indigo.jpg","type":"image\/jpeg"}],"author":"Admin","twitter_card":"summary_large_image","twitter_creator":"@DiarioFemenino1","twitter_site":"@DiarioFemenino1","twitter_misc":{"Escrito por":"Admin","Tiempo de lectura":"4 minutos"},"schema":{"@context":"https:\/\/schema.org","@graph":[{"@type":"Article","@id":"https:\/\/diariofemenino.com.ar\/df\/genero-y-derechos-humanos-que-relevancia-cobran-hoy\/#article","isPartOf":{"@id":"https:\/\/diariofemenino.com.ar\/df\/genero-y-derechos-humanos-que-relevancia-cobran-hoy\/"},"author":{"name":"Admin","@id":"https:\/\/diariofemenino.com.ar\/df\/#\/schema\/person\/bf6199e8158c657ea6f789b11ec85509"},"headline":"G\u00e9nero y derechos humanos, qu\u00e9 relevancia cobran hoy","datePublished":"2024-08-26T12:47:22+00:00","dateModified":"2024-09-12T14:35:09+00:00","mainEntityOfPage":{"@id":"https:\/\/diariofemenino.com.ar\/df\/genero-y-derechos-humanos-que-relevancia-cobran-hoy\/"},"wordCount":825,"commentCount":0,"publisher":{"@id":"https:\/\/diariofemenino.com.ar\/df\/#organization"},"image":{"@id":"https:\/\/diariofemenino.com.ar\/df\/genero-y-derechos-humanos-que-relevancia-cobran-hoy\/#primaryimage"},"thumbnailUrl":"https:\/\/diariofemenino.com.ar\/df\/wp-content\/uploads\/2024\/08\/Indigo.jpg","keywords":["colectivo LGBTIQ","Criminalizaci\u00f3n","Derechos Humanos","desamparo","desmantelamiento","Destacada","Discriminaci\u00f3n","Estado","G\u00e9nero","Legislaci\u00f3n","Mujeres","Ni\u00f1as","Pol\u00edticas p\u00fablicas","Violencias"],"articleSection":["Aborto","Actividades","Agenda Feminista","Art\u00edculos y Comunicados","De la Revoluci\u00f3n al Reaprendizaje","G\u00e9nero y Derechos Humanos","Mujeres de La Pampa","Mujeres en Palabras","Noticias","Resistencia VerdeVioleta","Salud","Trata de Pers.","Violencias"],"inLanguage":"es","potentialAction":[{"@type":"CommentAction","name":"Comment","target":["https:\/\/diariofemenino.com.ar\/df\/genero-y-derechos-humanos-que-relevancia-cobran-hoy\/#respond"]}]},{"@type":"WebPage","@id":"https:\/\/diariofemenino.com.ar\/df\/genero-y-derechos-humanos-que-relevancia-cobran-hoy\/","url":"https:\/\/diariofemenino.com.ar\/df\/genero-y-derechos-humanos-que-relevancia-cobran-hoy\/","name":"G\u00e9nero y derechos humanos, qu\u00e9 relevancia cobran hoy - Diario Digital Femenino","isPartOf":{"@id":"https:\/\/diariofemenino.com.ar\/df\/#website"},"primaryImageOfPage":{"@id":"https:\/\/diariofemenino.com.ar\/df\/genero-y-derechos-humanos-que-relevancia-cobran-hoy\/#primaryimage"},"image":{"@id":"https:\/\/diariofemenino.com.ar\/df\/genero-y-derechos-humanos-que-relevancia-cobran-hoy\/#primaryimage"},"thumbnailUrl":"https:\/\/diariofemenino.com.ar\/df\/wp-content\/uploads\/2024\/08\/Indigo.jpg","datePublished":"2024-08-26T12:47:22+00:00","dateModified":"2024-09-12T14:35:09+00:00","description":"G\u00e9nero y derechos humanos. La relevancia de este tema ha aumentado a medida que m\u00e1s personas exigen un fin a la impunidad y las violencias.","breadcrumb":{"@id":"https:\/\/diariofemenino.com.ar\/df\/genero-y-derechos-humanos-que-relevancia-cobran-hoy\/#breadcrumb"},"inLanguage":"es","potentialAction":[{"@type":"ReadAction","target":["https:\/\/diariofemenino.com.ar\/df\/genero-y-derechos-humanos-que-relevancia-cobran-hoy\/"]}]},{"@type":"ImageObject","inLanguage":"es","@id":"https:\/\/diariofemenino.com.ar\/df\/genero-y-derechos-humanos-que-relevancia-cobran-hoy\/#primaryimage","url":"https:\/\/diariofemenino.com.ar\/df\/wp-content\/uploads\/2024\/08\/Indigo.jpg","contentUrl":"https:\/\/diariofemenino.com.ar\/df\/wp-content\/uploads\/2024\/08\/Indigo.jpg","width":610,"height":342,"caption":"G\u00e9nero y derechos humanos, qu\u00e9 relevancia cobran hoy"},{"@type":"BreadcrumbList","@id":"https:\/\/diariofemenino.com.ar\/df\/genero-y-derechos-humanos-que-relevancia-cobran-hoy\/#breadcrumb","itemListElement":[{"@type":"ListItem","position":1,"name":"Portada","item":"https:\/\/diariofemenino.com.ar\/df\/"},{"@type":"ListItem","position":2,"name":"G\u00e9nero y derechos humanos, qu\u00e9 relevancia cobran hoy"}]},{"@type":"WebSite","@id":"https:\/\/diariofemenino.com.ar\/df\/#website","url":"https:\/\/diariofemenino.com.ar\/df\/","name":"Diario Digital Femenino","description":"Cuesti\u00f3n de G\u00e9nero","publisher":{"@id":"https:\/\/diariofemenino.com.ar\/df\/#organization"},"potentialAction":[{"@type":"SearchAction","target":{"@type":"EntryPoint","urlTemplate":"https:\/\/diariofemenino.com.ar\/df\/?s={search_term_string}"},"query-input":{"@type":"PropertyValueSpecification","valueRequired":true,"valueName":"search_term_string"}}],"inLanguage":"es"},{"@type":"Organization","@id":"https:\/\/diariofemenino.com.ar\/df\/#organization","name":"Diario Femenino","url":"https:\/\/diariofemenino.com.ar\/df\/","logo":{"@type":"ImageObject","inLanguage":"es","@id":"https:\/\/diariofemenino.com.ar\/df\/#\/schema\/logo\/image\/","url":"https:\/\/diariofemenino.com.ar\/df\/wp-content\/uploads\/2018\/10\/logo.png","contentUrl":"https:\/\/diariofemenino.com.ar\/df\/wp-content\/uploads\/2018\/10\/logo.png","width":500,"height":92,"caption":"Diario Femenino"},"image":{"@id":"https:\/\/diariofemenino.com.ar\/df\/#\/schema\/logo\/image\/"},"sameAs":["https:\/\/www.facebook.com\/DiarioDigitaFemenino\/","https:\/\/x.com\/DiarioFemenino1"]},{"@type":"Person","@id":"https:\/\/diariofemenino.com.ar\/df\/#\/schema\/person\/bf6199e8158c657ea6f789b11ec85509","name":"Admin","image":{"@type":"ImageObject","inLanguage":"es","@id":"https:\/\/diariofemenino.com.ar\/df\/wp-content\/uploads\/2018\/12\/favicon-150x150.jpg","url":"https:\/\/diariofemenino.com.ar\/df\/wp-content\/uploads\/2018\/12\/favicon-150x150.jpg","contentUrl":"https:\/\/diariofemenino.com.ar\/df\/wp-content\/uploads\/2018\/12\/favicon-150x150.jpg","caption":"Admin"},"url":"https:\/\/diariofemenino.com.ar\/df\/author\/lenny\/"}]}},"jetpack_featured_media_url":"https:\/\/diariofemenino.com.ar\/df\/wp-content\/uploads\/2024\/08\/Indigo.jpg","jetpack_sharing_enabled":true,"rttpg_featured_image_url":{"full":["https:\/\/diariofemenino.com.ar\/df\/wp-content\/uploads\/2024\/08\/Indigo.jpg",610,342,false],"landscape":["https:\/\/diariofemenino.com.ar\/df\/wp-content\/uploads\/2024\/08\/Indigo.jpg",610,342,false],"portraits":["https:\/\/diariofemenino.com.ar\/df\/wp-content\/uploads\/2024\/08\/Indigo.jpg",610,342,false],"thumbnail":["https:\/\/diariofemenino.com.ar\/df\/wp-content\/uploads\/2024\/08\/Indigo-150x150.jpg",150,150,true],"medium":["https:\/\/diariofemenino.com.ar\/df\/wp-content\/uploads\/2024\/08\/Indigo-300x168.jpg",300,168,true],"large":["https:\/\/diariofemenino.com.ar\/df\/wp-content\/uploads\/2024\/08\/Indigo.jpg",610,342,false],"1536x1536":["https:\/\/diariofemenino.com.ar\/df\/wp-content\/uploads\/2024\/08\/Indigo.jpg",610,342,false],"2048x2048":["https:\/\/diariofemenino.com.ar\/df\/wp-content\/uploads\/2024\/08\/Indigo.jpg",610,342,false]},"rttpg_author":{"display_name":"Admin","author_link":"https:\/\/diariofemenino.com.ar\/df\/author\/lenny\/"},"rttpg_comment":0,"rttpg_category":"<a href=\"https:\/\/diariofemenino.com.ar\/df\/category\/aborto\/\" rel=\"category tag\">Aborto<\/a> <a href=\"https:\/\/diariofemenino.com.ar\/df\/category\/actividades\/\" rel=\"category tag\">Actividades<\/a> <a href=\"https:\/\/diariofemenino.com.ar\/df\/category\/agenda-feminista\/\" rel=\"category tag\">Agenda Feminista<\/a> <a href=\"https:\/\/diariofemenino.com.ar\/df\/category\/articulos-y-comunicados\/\" rel=\"category tag\">Art\u00edculos y Comunicados<\/a> <a href=\"https:\/\/diariofemenino.com.ar\/df\/category\/de-la-revolucion-al-reaprendizaje\/\" rel=\"category tag\">De la Revoluci\u00f3n al Reaprendizaje<\/a> <a href=\"https:\/\/diariofemenino.com.ar\/df\/category\/genero-y-derechos-humanos\/\" rel=\"category tag\">G\u00e9nero y Derechos Humanos<\/a> <a href=\"https:\/\/diariofemenino.com.ar\/df\/category\/mujeres-de-la-pampa\/\" rel=\"category tag\">Mujeres de La Pampa<\/a> <a href=\"https:\/\/diariofemenino.com.ar\/df\/category\/articulos\/\" rel=\"category tag\">Mujeres en Palabras<\/a> <a href=\"https:\/\/diariofemenino.com.ar\/df\/category\/noticias\/\" rel=\"category tag\">Noticias<\/a> <a href=\"https:\/\/diariofemenino.com.ar\/df\/category\/resistencia-verdevioleta\/\" rel=\"category tag\">Resistencia VerdeVioleta<\/a> <a href=\"https:\/\/diariofemenino.com.ar\/df\/category\/salud\/\" rel=\"category tag\">Salud<\/a> <a href=\"https:\/\/diariofemenino.com.ar\/df\/category\/trata-de-personas\/\" rel=\"category tag\">Trata de Pers.<\/a> <a href=\"https:\/\/diariofemenino.com.ar\/df\/category\/violencias\/\" rel=\"category tag\">Violencias<\/a>","rttpg_excerpt":"El g\u00e9nero y los derechos humanos son temas fundamentales en la agenda global contempor\u00e1nea debido a la creciente conciencia y movilizaci\u00f3n social en torno a la igualdad, la justicia social, y la protecci\u00f3n de los derechos de todas las personas, independientemente de su identidad de g\u00e9nero. Relevancia actual del g\u00e9nero y los Derechos Humanos La&hellip;","_links":{"self":[{"href":"https:\/\/diariofemenino.com.ar\/df\/wp-json\/wp\/v2\/posts\/73869","targetHints":{"allow":["GET"]}}],"collection":[{"href":"https:\/\/diariofemenino.com.ar\/df\/wp-json\/wp\/v2\/posts"}],"about":[{"href":"https:\/\/diariofemenino.com.ar\/df\/wp-json\/wp\/v2\/types\/post"}],"author":[{"embeddable":true,"href":"https:\/\/diariofemenino.com.ar\/df\/wp-json\/wp\/v2\/users\/4"}],"replies":[{"embeddable":true,"href":"https:\/\/diariofemenino.com.ar\/df\/wp-json\/wp\/v2\/comments?post=73869"}],"version-history":[{"count":0,"href":"https:\/\/diariofemenino.com.ar\/df\/wp-json\/wp\/v2\/posts\/73869\/revisions"}],"wp:featuredmedia":[{"embeddable":true,"href":"https:\/\/diariofemenino.com.ar\/df\/wp-json\/wp\/v2\/media\/73870"}],"wp:attachment":[{"href":"https:\/\/diariofemenino.com.ar\/df\/wp-json\/wp\/v2\/media?parent=73869"}],"wp:term":[{"taxonomy":"category","embeddable":true,"href":"https:\/\/diariofemenino.com.ar\/df\/wp-json\/wp\/v2\/categories?post=73869"},{"taxonomy":"post_tag","embeddable":true,"href":"https:\/\/diariofemenino.com.ar\/df\/wp-json\/wp\/v2\/tags?post=73869"}],"curies":[{"name":"wp","href":"https:\/\/api.w.org\/{rel}","templated":true}]}}