{"id":73842,"date":"2024-08-22T08:28:47","date_gmt":"2024-08-22T11:28:47","guid":{"rendered":"https:\/\/diariofemenino.com.ar\/df\/?p=73842"},"modified":"2024-08-22T08:28:47","modified_gmt":"2024-08-22T11:28:47","slug":"marchas-y-contramarchas","status":"publish","type":"post","link":"https:\/\/diariofemenino.com.ar\/df\/marchas-y-contramarchas\/","title":{"rendered":"Marchas y contramarchas en las pol\u00edticas locales de g\u00e9nero: din\u00e1micas territoriales y ciudadan\u00eda de las mujeres en Am\u00e9rica Latina"},"content":{"rendered":"<p>El libro se edit\u00f3 en 2019, \u201cpresenta un conjunto de estudios sobre procesos de institucionalizaci\u00f3n de g\u00e9nero en gobiernos locales en distintos pa\u00edses de Am\u00e9rica Latina. La mayor\u00eda de los estudios abarcan per\u00edodos de tiempo suficientemente largos, alrededor de dos d\u00e9cadas, para entender las din\u00e1micas socioculturales y pol\u00edtico-institucionales que sustentan estos procesos\u201d. Creemos importante compartirlo hoy, ante la situaci\u00f3n que atraviesa no solo Argentina (donde las contramarchas en materia de g\u00e9nero no existen) sino diversos pa\u00edses de Am\u00e9rica Latina.<\/p>\n<p><strong>Pr\u00f3logo<\/strong><\/p>\n<p>Por Virginia Guzm\u00e1n\u2217<br \/>\n<span style=\"color: #999999;\">(Descargar en portada o en la <a href=\"https:\/\/diariofemenino.com.ar\/df\/category\/biblioteca\/\">Biblioteca virtual<\/a>)<\/span><\/p>\n<figure id=\"attachment_73843\" aria-describedby=\"caption-attachment-73843\" style=\"width: 402px\" class=\"wp-caption alignleft\"><a href=\"https:\/\/diariofemenino.com.ar\/df\/wp-content\/uploads\/2024\/08\/Marchas-y-Contramarchas.pdf\"><img loading=\"lazy\" decoding=\"async\" class=\" wp-image-73843\" src=\"https:\/\/diariofemenino.com.ar\/df\/wp-content\/uploads\/2024\/08\/Marchas1.jpg\" alt=\"Marchas y contramarchas en las pol\u00edticas locales de g\u00e9nero: din\u00e1micas territoriales y ciudadan\u00eda de las mujeres en Am\u00e9rica Latina\" width=\"402\" height=\"539\" srcset=\"https:\/\/diariofemenino.com.ar\/df\/wp-content\/uploads\/2024\/08\/Marchas1.jpg 541w, https:\/\/diariofemenino.com.ar\/df\/wp-content\/uploads\/2024\/08\/Marchas1-224x300.jpg 224w\" sizes=\"auto, (max-width: 402px) 100vw, 402px\" \/><\/a><figcaption id=\"caption-attachment-73843\" class=\"wp-caption-text\">Marchas y contramarchas en las pol\u00edticas locales de g\u00e9nero: din\u00e1micas territoriales y ciudadan\u00eda de las mujeres en Am\u00e9rica Latina<\/figcaption><\/figure>\n<p>Este libro presenta un conjunto de estudios sobre procesos de institucionalizaci\u00f3n de g\u00e9nero en gobiernos locales en distintos pa\u00edses de Am\u00e9rica Latina. La mayor\u00eda de los estudios abarcan per\u00edodos de tiempo suficientemente largos, alrededor de dos d\u00e9cadas, para entender las din\u00e1micas socioculturales y pol\u00edtico-institucionales que sustentan estos procesos.<\/p>\n<p>Asimismo, los an\u00e1lisis dan cuenta de la complejidad que reviste transformar las concepciones de g\u00e9nero e incluirlas en la institucionalidad del Estado. Esto se relaciona tanto con el car\u00e1cter sist\u00e9mico y con las profundas ra\u00edces culturales de este sistema, as\u00ed como con su grado de articulaci\u00f3n con otros importantes ejes de asimetr\u00eda social. Finalmente, tomar un per\u00edodo largo de tiempo como campo de an\u00e1lisis evidencia el car\u00e1cter no lineal, contingente y gradual de los procesos estudiados, las continuidades y discontinuidades de ellos, sus hitos m\u00e1s significativos, y los logros esperados e inesperados. Hace posible conocer a los distintos actores que se movilizan, las encrucijadas y alternativas que enfrentan, los discursos y propuestas que conciernen la igualdad de g\u00e9nero en diferentes coyunturas pol\u00edticas. En este sentido, los trabajos presentados comparten una perspectiva de an\u00e1lisis socio hist\u00f3rica, presentes en las corrientes neo-institucionalistas<a href=\"#_ftn1\" name=\"_ftnref1\">[1]<\/a> . Por un lado, consideran que los procesos pol\u00edticos son productos de las acciones e interacciones humanas (de individuos y de colectividades) y, a la vez, de condicionamientos estructurales e hist\u00f3ricos, contingencias y resultados inesperados. Muestran que en las interacciones entre sujetos y colectividades se confrontan visiones de mundo e intereses personales y de grupos; es decir, se combinan los marcos interpretativos y las l\u00f3gicas de poder. En efecto, los actores en posesi\u00f3n de diferentes recursos y marcos interpretativos negocian en torno al sentido de las transformaciones sociopol\u00edticas en curso, a la definici\u00f3n de nuevos problemas p\u00fablicos relativos a las desigualdades de g\u00e9nero, a la necesidad de reformas y de nuevas pol\u00edticas p\u00fablicas, as\u00ed como tambi\u00e9n en torno al cumplimiento de los compromisos internacionales sobre la igualdad de g\u00e9nero suscritos por el Estado. Al mismo tiempo, los actores reconocen el papel de las instituciones en sus interacciones y en la organizaci\u00f3n de la cotidianidad, en la distribuci\u00f3n de recursos y oportunidades, en la inclusi\u00f3n o exclusi\u00f3n de las personas respecto de determinados beneficios o reconocimientos sociales, y en su posici\u00f3n en la jerarqu\u00eda de prestigio social.<\/p>\n<p>Los estudios subrayan la importancia de las redes de actores que movilizan las ideas que sustentan el proceso de agenciamiento de una pol\u00edtica p\u00fablica. La construcci\u00f3n de una pol\u00edtica p\u00fablica implica procesos de discusi\u00f3n, argumentaci\u00f3n y negociaci\u00f3n de ideas entre actores, debates p\u00fablicos, discusiones en los medios de comunicaci\u00f3n, debates parlamentarios y debates al interior del Estado. Los trabajos ponen igualmente de manifiesto el car\u00e1cter situado de los procesos estudiados y su profunda articulaci\u00f3n con procesos sociales y pol\u00edticos macros, los cuales abren o cierran ventanas de oportunidad para democratizar la acci\u00f3n de las instituciones y atender las demandas de g\u00e9nero de las mujeres en tanto sujetos pol\u00edticos.<\/p>\n<p>En los casos de Bogot\u00e1, Rosario y Montevideo, los procesos de institucionalizaci\u00f3n cursaron en contextos espec\u00edficos que configuraron escenarios virtuosos para incluir las concepciones y demandas de nuevos actores y presionar a favor de la modernizaci\u00f3n y descentralizaci\u00f3n de la gesti\u00f3n del Estado. Estos contextos se caracterizaron por la profundizaci\u00f3n de la globalizaci\u00f3n en sus distintas dimensiones incluida la dimensi\u00f3n cultural, por la transici\u00f3n o recuperaci\u00f3n de la democracia, y por presiones desde distintos lugares a favor de la reforma de los Estados, a fin de adaptarlos a las exigencias de un modelo econ\u00f3mico global.<\/p>\n<p>Durante la recuperaci\u00f3n de la democracia y los gobiernos progresistas, las mujeres feministas pudieron acceder a un abanico m\u00e1s amplio de posiciones institucionales en el mercado de trabajo, en la academia, los partidos y el Estado, y conforman un nuevo campo pol\u00edtico en torno a la igualdad de g\u00e9nero de car\u00e1cter heterog\u00e9neo integrado por actores pertenecientes a organizaciones y movimientos sociales, militantes de partidos, acad\u00e9micas y funcionarias del Estado y mujeres de organismos internacionales. La presencia de partidos de izquierda o de coaliciones pol\u00edticas progresistas en los casos de Montevideo, Rosario y Bogot\u00e1, ofreci\u00f3 igualmente un marco pol\u00edtico ideol\u00f3gico favorable al reconocimiento de la situaci\u00f3n de las mujeres y desigualdades de g\u00e9nero como problemas p\u00fablicos y de la pertinencia de su inclusi\u00f3n en las agendas institucionales.<\/p>\n<p>En s\u00edntesis, los estudios muestran que los procesos de institucionalizaci\u00f3n de g\u00e9nero est\u00e1n estrechamente imbricados, por una parte, con las din\u00e1micas pol\u00edticas, institucionales, culturales nacionales y globales. En las \u00faltimas d\u00e9cadas se ha avanzado en el reconocimiento de la injusta situaci\u00f3n que viven las mujeres y los efectos de las relaciones de poder desigual entre los g\u00e9neros en la construcci\u00f3n de la democracia\u2026 <a href=\"https:\/\/diariofemenino.com.ar\/df\/wp-content\/uploads\/2024\/08\/Marchas-y-Contramarchas.pdf\">Seguir leyendo<\/a><\/p>\n<p>(*) Doctora en Sociolog\u00eda. Centro de Estudios de la Mujer, Chile.<\/p>\n<p><a href=\"#_ftnref1\" name=\"_ftn1\">[1]<\/a> El neo-institucionalismo intenta superar el dilema que suele plantearse entre determinismo y voluntarismo proponiendo una matriz de an\u00e1lisis que combina una cierta forma de determinismo estructural (los actores pol\u00edticos no son totalmente libre en sus elecciones) con una cierta forma de voluntarismo (las elecciones pol\u00edticas no est\u00e1n totalmente determinadas por las estructuras). La existencia de una multitud de normas institucionales no significa que la acci\u00f3n pol\u00edtica est\u00e9 perfectamente determinada, ni que los individuos est\u00e9n encerrados en rutinas institucionales porque las reglas son m\u00faltiples y a veces contradictorias, ofreciendo muchas posibilidades de elecci\u00f3n. La actividad pol\u00edtica no se construye solo en torno a rutinas, procedimientos, convenciones, roles, estrategias, formas organizacionales y tecnolog\u00edas. La pol\u00edtica est\u00e1 igualmente constituida por creencias, paradigmas, c\u00f3digos, culturas y saberes que rodean, sostienen, elaboran y contradicen estos roles y rutinas, y contribuyen a que los actores den sentido a su acci\u00f3n. La pol\u00edtica est\u00e1 fundada sobre mecanismos de interpretaci\u00f3n del mundo, sobre cartas mentales que operan como marcos de la experiencia y reductores de la incertidumbre (North 1990 en Muller &amp; Surel, 1998).<\/p>\n<p>&nbsp;<\/p>\n<blockquote><p>Seguinos en Instagram.<strong>\u00a0Diario Digital Femenino:\u00a0<a href=\"https:\/\/www.instagram.com\/diariodigitalfemenino_\/\">@diariodigitalfemenino_<\/a><br \/>\nLenny C\u00e1ceres:\u00a0<a href=\"https:\/\/www.instagram.com\/lennycaceres69\/\">@lennycaceres69<\/a><br \/>\n<\/strong>Facebook:\u00a0<strong><a href=\"https:\/\/www.facebook.com\/DiarioDigitalFemenino\/\">Diario Digital Femenino\u00a0<\/a><\/strong><\/p><\/blockquote>\n","protected":false},"excerpt":{"rendered":"<p>El libro se edit\u00f3 en 2019, \u201cpresenta un conjunto de estudios sobre procesos de institucionalizaci\u00f3n de g\u00e9nero en gobiernos locales en distintos pa\u00edses de Am\u00e9rica Latina. La mayor\u00eda de los estudios abarcan per\u00edodos de tiempo suficientemente largos, alrededor de dos d\u00e9cadas, para entender las din\u00e1micas socioculturales y pol\u00edtico-institucionales que sustentan estos procesos\u201d. Creemos importante compartirlo [&hellip;]<\/p>\n","protected":false},"author":4,"featured_media":73844,"comment_status":"open","ping_status":"open","sticky":false,"template":"","format":"standard","meta":{"iawp_total_views":26,"footnotes":""},"categories":[7,1067,178,19,3,627,182,6,21,580,23,15,592],"tags":[2442,4773,965,6563,7098,3478,2566,616,109,130],"class_list":["post-73842","post","type-post","status-publish","format-standard","has-post-thumbnail","hentry","category-actividades","category-agenda-feminista","category-articulos-y-comunicados","category-biblioteca","category-de-la-revolucion-al-reaprendizaje","category-genero-y-derechos-humanos","category-informes","category-articulos","category-noticias","category-resistencia-verdevioleta","category-salud","category-trata-de-personas","category-violencias","tag-america-latina","tag-analisis","tag-biblioteca-virtual","tag-ciudadania","tag-dinamicas-territoriales","tag-estados","tag-estudio","tag-genero","tag-investigacion","tag-mujeres"],"nelio_content":{"autoShareEndMode":"never","automationSources":{"useCustomSentences":false,"customSentences":[]},"efiAlt":"","efiUrl":"","followers":[4],"highlights":[],"isAutoShareEnabled":true,"networkImageIds":[],"permalinkQueryArgs":[],"series":[],"suggestedReferences":[]},"yoast_head":"<!-- This site is optimized with the Yoast SEO plugin v27.5 - https:\/\/yoast.com\/product\/yoast-seo-wordpress\/ -->\n<title>Marchas y contramarchas en las pol\u00edticas locales de g\u00e9nero: din\u00e1micas territoriales y ciudadan\u00eda de las mujeres en Am\u00e9rica Latina - Diario Digital Femenino<\/title>\n<meta name=\"description\" content=\"Marchas y contramarchas. El libro se edit\u00f3 en 2019, \u201cpresenta un conjunto de estudios sobre procesos de institucionalizaci\u00f3n de g\u00e9nero.\" \/>\n<meta name=\"robots\" content=\"index, follow, max-snippet:-1, max-image-preview:large, max-video-preview:-1\" \/>\n<link rel=\"canonical\" href=\"https:\/\/diariofemenino.com.ar\/df\/marchas-y-contramarchas\/\" \/>\n<meta property=\"og:locale\" content=\"es_ES\" \/>\n<meta property=\"og:type\" content=\"article\" \/>\n<meta property=\"og:title\" content=\"Marchas y contramarchas en las pol\u00edticas locales de g\u00e9nero: din\u00e1micas territoriales y ciudadan\u00eda de las mujeres en Am\u00e9rica Latina - Diario Digital Femenino\" \/>\n<meta property=\"og:description\" content=\"Marchas y contramarchas. El libro se edit\u00f3 en 2019, \u201cpresenta un conjunto de estudios sobre procesos de institucionalizaci\u00f3n de g\u00e9nero.\" \/>\n<meta property=\"og:url\" content=\"https:\/\/diariofemenino.com.ar\/df\/marchas-y-contramarchas\/\" \/>\n<meta property=\"og:site_name\" content=\"Diario Digital Femenino\" \/>\n<meta property=\"article:publisher\" content=\"https:\/\/www.facebook.com\/DiarioDigitaFemenino\/\" \/>\n<meta property=\"article:published_time\" content=\"2024-08-22T11:28:47+00:00\" \/>\n<meta property=\"og:image\" content=\"https:\/\/diariofemenino.com.ar\/df\/wp-content\/uploads\/2024\/08\/Marchas.jpg\" \/>\n\t<meta property=\"og:image:width\" content=\"879\" \/>\n\t<meta property=\"og:image:height\" content=\"661\" \/>\n\t<meta property=\"og:image:type\" content=\"image\/jpeg\" \/>\n<meta name=\"author\" content=\"Admin\" \/>\n<meta name=\"twitter:card\" content=\"summary_large_image\" \/>\n<meta name=\"twitter:creator\" content=\"@DiarioFemenino1\" \/>\n<meta name=\"twitter:site\" content=\"@DiarioFemenino1\" \/>\n<meta name=\"twitter:label1\" content=\"Escrito por\" \/>\n\t<meta name=\"twitter:data1\" content=\"Admin\" \/>\n\t<meta name=\"twitter:label2\" content=\"Tiempo de lectura\" \/>\n\t<meta name=\"twitter:data2\" content=\"6 minutos\" \/>\n<script type=\"application\/ld+json\" class=\"yoast-schema-graph\">{\"@context\":\"https:\\\/\\\/schema.org\",\"@graph\":[{\"@type\":\"Article\",\"@id\":\"https:\\\/\\\/diariofemenino.com.ar\\\/df\\\/marchas-y-contramarchas\\\/#article\",\"isPartOf\":{\"@id\":\"https:\\\/\\\/diariofemenino.com.ar\\\/df\\\/marchas-y-contramarchas\\\/\"},\"author\":{\"name\":\"Admin\",\"@id\":\"https:\\\/\\\/diariofemenino.com.ar\\\/df\\\/#\\\/schema\\\/person\\\/bf6199e8158c657ea6f789b11ec85509\"},\"headline\":\"Marchas y contramarchas en las pol\u00edticas locales de g\u00e9nero: din\u00e1micas territoriales y ciudadan\u00eda de las mujeres en Am\u00e9rica Latina\",\"datePublished\":\"2024-08-22T11:28:47+00:00\",\"mainEntityOfPage\":{\"@id\":\"https:\\\/\\\/diariofemenino.com.ar\\\/df\\\/marchas-y-contramarchas\\\/\"},\"wordCount\":1237,\"commentCount\":0,\"publisher\":{\"@id\":\"https:\\\/\\\/diariofemenino.com.ar\\\/df\\\/#organization\"},\"image\":{\"@id\":\"https:\\\/\\\/diariofemenino.com.ar\\\/df\\\/marchas-y-contramarchas\\\/#primaryimage\"},\"thumbnailUrl\":\"https:\\\/\\\/diariofemenino.com.ar\\\/df\\\/wp-content\\\/uploads\\\/2024\\\/08\\\/Marchas.jpg\",\"keywords\":[\"america latina\",\"An\u00e1lisis\",\"Biblioteca Virtual\",\"ciudadan\u00eda\",\"din\u00e1micas territoriales\",\"Estados\",\"Estudio\",\"G\u00e9nero\",\"Investigaci\u00f3n\",\"Mujeres\"],\"articleSection\":[\"Actividades\",\"Agenda Feminista\",\"Art\u00edculos y Comunicados\",\"Biblioteca Virtual\",\"De la Revoluci\u00f3n al Reaprendizaje\",\"G\u00e9nero y Derechos Humanos\",\"Informes\",\"Mujeres en Palabras\",\"Noticias\",\"Resistencia VerdeVioleta\",\"Salud\",\"Trata de Pers.\",\"Violencias\"],\"inLanguage\":\"es\",\"potentialAction\":[{\"@type\":\"CommentAction\",\"name\":\"Comment\",\"target\":[\"https:\\\/\\\/diariofemenino.com.ar\\\/df\\\/marchas-y-contramarchas\\\/#respond\"]}]},{\"@type\":\"WebPage\",\"@id\":\"https:\\\/\\\/diariofemenino.com.ar\\\/df\\\/marchas-y-contramarchas\\\/\",\"url\":\"https:\\\/\\\/diariofemenino.com.ar\\\/df\\\/marchas-y-contramarchas\\\/\",\"name\":\"Marchas y contramarchas en las pol\u00edticas locales de g\u00e9nero: din\u00e1micas territoriales y ciudadan\u00eda de las mujeres en Am\u00e9rica Latina - Diario Digital Femenino\",\"isPartOf\":{\"@id\":\"https:\\\/\\\/diariofemenino.com.ar\\\/df\\\/#website\"},\"primaryImageOfPage\":{\"@id\":\"https:\\\/\\\/diariofemenino.com.ar\\\/df\\\/marchas-y-contramarchas\\\/#primaryimage\"},\"image\":{\"@id\":\"https:\\\/\\\/diariofemenino.com.ar\\\/df\\\/marchas-y-contramarchas\\\/#primaryimage\"},\"thumbnailUrl\":\"https:\\\/\\\/diariofemenino.com.ar\\\/df\\\/wp-content\\\/uploads\\\/2024\\\/08\\\/Marchas.jpg\",\"datePublished\":\"2024-08-22T11:28:47+00:00\",\"description\":\"Marchas y contramarchas. El libro se edit\u00f3 en 2019, \u201cpresenta un conjunto de estudios sobre procesos de institucionalizaci\u00f3n de g\u00e9nero.\",\"breadcrumb\":{\"@id\":\"https:\\\/\\\/diariofemenino.com.ar\\\/df\\\/marchas-y-contramarchas\\\/#breadcrumb\"},\"inLanguage\":\"es\",\"potentialAction\":[{\"@type\":\"ReadAction\",\"target\":[\"https:\\\/\\\/diariofemenino.com.ar\\\/df\\\/marchas-y-contramarchas\\\/\"]}]},{\"@type\":\"ImageObject\",\"inLanguage\":\"es\",\"@id\":\"https:\\\/\\\/diariofemenino.com.ar\\\/df\\\/marchas-y-contramarchas\\\/#primaryimage\",\"url\":\"https:\\\/\\\/diariofemenino.com.ar\\\/df\\\/wp-content\\\/uploads\\\/2024\\\/08\\\/Marchas.jpg\",\"contentUrl\":\"https:\\\/\\\/diariofemenino.com.ar\\\/df\\\/wp-content\\\/uploads\\\/2024\\\/08\\\/Marchas.jpg\",\"width\":879,\"height\":661,\"caption\":\"Marchas y contramarchas en las pol\u00edticas locales de g\u00e9nero: din\u00e1micas territoriales y ciudadan\u00eda de las mujeres en Am\u00e9rica Latina\"},{\"@type\":\"BreadcrumbList\",\"@id\":\"https:\\\/\\\/diariofemenino.com.ar\\\/df\\\/marchas-y-contramarchas\\\/#breadcrumb\",\"itemListElement\":[{\"@type\":\"ListItem\",\"position\":1,\"name\":\"Portada\",\"item\":\"https:\\\/\\\/diariofemenino.com.ar\\\/df\\\/\"},{\"@type\":\"ListItem\",\"position\":2,\"name\":\"Marchas y contramarchas en las pol\u00edticas locales de g\u00e9nero: din\u00e1micas territoriales y ciudadan\u00eda de las mujeres en Am\u00e9rica Latina\"}]},{\"@type\":\"WebSite\",\"@id\":\"https:\\\/\\\/diariofemenino.com.ar\\\/df\\\/#website\",\"url\":\"https:\\\/\\\/diariofemenino.com.ar\\\/df\\\/\",\"name\":\"Diario Digital Femenino\",\"description\":\"Cuesti\u00f3n de G\u00e9nero\",\"publisher\":{\"@id\":\"https:\\\/\\\/diariofemenino.com.ar\\\/df\\\/#organization\"},\"potentialAction\":[{\"@type\":\"SearchAction\",\"target\":{\"@type\":\"EntryPoint\",\"urlTemplate\":\"https:\\\/\\\/diariofemenino.com.ar\\\/df\\\/?s={search_term_string}\"},\"query-input\":{\"@type\":\"PropertyValueSpecification\",\"valueRequired\":true,\"valueName\":\"search_term_string\"}}],\"inLanguage\":\"es\"},{\"@type\":\"Organization\",\"@id\":\"https:\\\/\\\/diariofemenino.com.ar\\\/df\\\/#organization\",\"name\":\"Diario Femenino\",\"url\":\"https:\\\/\\\/diariofemenino.com.ar\\\/df\\\/\",\"logo\":{\"@type\":\"ImageObject\",\"inLanguage\":\"es\",\"@id\":\"https:\\\/\\\/diariofemenino.com.ar\\\/df\\\/#\\\/schema\\\/logo\\\/image\\\/\",\"url\":\"https:\\\/\\\/diariofemenino.com.ar\\\/df\\\/wp-content\\\/uploads\\\/2018\\\/10\\\/logo.png\",\"contentUrl\":\"https:\\\/\\\/diariofemenino.com.ar\\\/df\\\/wp-content\\\/uploads\\\/2018\\\/10\\\/logo.png\",\"width\":500,\"height\":92,\"caption\":\"Diario Femenino\"},\"image\":{\"@id\":\"https:\\\/\\\/diariofemenino.com.ar\\\/df\\\/#\\\/schema\\\/logo\\\/image\\\/\"},\"sameAs\":[\"https:\\\/\\\/www.facebook.com\\\/DiarioDigitaFemenino\\\/\",\"https:\\\/\\\/x.com\\\/DiarioFemenino1\"]},{\"@type\":\"Person\",\"@id\":\"https:\\\/\\\/diariofemenino.com.ar\\\/df\\\/#\\\/schema\\\/person\\\/bf6199e8158c657ea6f789b11ec85509\",\"name\":\"Admin\",\"image\":{\"@type\":\"ImageObject\",\"inLanguage\":\"es\",\"@id\":\"https:\\\/\\\/diariofemenino.com.ar\\\/df\\\/wp-content\\\/uploads\\\/2018\\\/12\\\/favicon-150x150.jpg\",\"url\":\"https:\\\/\\\/diariofemenino.com.ar\\\/df\\\/wp-content\\\/uploads\\\/2018\\\/12\\\/favicon-150x150.jpg\",\"contentUrl\":\"https:\\\/\\\/diariofemenino.com.ar\\\/df\\\/wp-content\\\/uploads\\\/2018\\\/12\\\/favicon-150x150.jpg\",\"caption\":\"Admin\"},\"url\":\"https:\\\/\\\/diariofemenino.com.ar\\\/df\\\/author\\\/lenny\\\/\"}]}<\/script>\n<!-- \/ Yoast SEO plugin. -->","yoast_head_json":{"title":"Marchas y contramarchas en las pol\u00edticas locales de g\u00e9nero: din\u00e1micas territoriales y ciudadan\u00eda de las mujeres en Am\u00e9rica Latina - Diario Digital Femenino","description":"Marchas y contramarchas. El libro se edit\u00f3 en 2019, \u201cpresenta un conjunto de estudios sobre procesos de institucionalizaci\u00f3n de g\u00e9nero.","robots":{"index":"index","follow":"follow","max-snippet":"max-snippet:-1","max-image-preview":"max-image-preview:large","max-video-preview":"max-video-preview:-1"},"canonical":"https:\/\/diariofemenino.com.ar\/df\/marchas-y-contramarchas\/","og_locale":"es_ES","og_type":"article","og_title":"Marchas y contramarchas en las pol\u00edticas locales de g\u00e9nero: din\u00e1micas territoriales y ciudadan\u00eda de las mujeres en Am\u00e9rica Latina - Diario Digital Femenino","og_description":"Marchas y contramarchas. El libro se edit\u00f3 en 2019, \u201cpresenta un conjunto de estudios sobre procesos de institucionalizaci\u00f3n de g\u00e9nero.","og_url":"https:\/\/diariofemenino.com.ar\/df\/marchas-y-contramarchas\/","og_site_name":"Diario Digital Femenino","article_publisher":"https:\/\/www.facebook.com\/DiarioDigitaFemenino\/","article_published_time":"2024-08-22T11:28:47+00:00","og_image":[{"width":879,"height":661,"url":"https:\/\/diariofemenino.com.ar\/df\/wp-content\/uploads\/2024\/08\/Marchas.jpg","type":"image\/jpeg"}],"author":"Admin","twitter_card":"summary_large_image","twitter_creator":"@DiarioFemenino1","twitter_site":"@DiarioFemenino1","twitter_misc":{"Escrito por":"Admin","Tiempo de lectura":"6 minutos"},"schema":{"@context":"https:\/\/schema.org","@graph":[{"@type":"Article","@id":"https:\/\/diariofemenino.com.ar\/df\/marchas-y-contramarchas\/#article","isPartOf":{"@id":"https:\/\/diariofemenino.com.ar\/df\/marchas-y-contramarchas\/"},"author":{"name":"Admin","@id":"https:\/\/diariofemenino.com.ar\/df\/#\/schema\/person\/bf6199e8158c657ea6f789b11ec85509"},"headline":"Marchas y contramarchas en las pol\u00edticas locales de g\u00e9nero: din\u00e1micas territoriales y ciudadan\u00eda de las mujeres en Am\u00e9rica Latina","datePublished":"2024-08-22T11:28:47+00:00","mainEntityOfPage":{"@id":"https:\/\/diariofemenino.com.ar\/df\/marchas-y-contramarchas\/"},"wordCount":1237,"commentCount":0,"publisher":{"@id":"https:\/\/diariofemenino.com.ar\/df\/#organization"},"image":{"@id":"https:\/\/diariofemenino.com.ar\/df\/marchas-y-contramarchas\/#primaryimage"},"thumbnailUrl":"https:\/\/diariofemenino.com.ar\/df\/wp-content\/uploads\/2024\/08\/Marchas.jpg","keywords":["america latina","An\u00e1lisis","Biblioteca Virtual","ciudadan\u00eda","din\u00e1micas territoriales","Estados","Estudio","G\u00e9nero","Investigaci\u00f3n","Mujeres"],"articleSection":["Actividades","Agenda Feminista","Art\u00edculos y Comunicados","Biblioteca Virtual","De la Revoluci\u00f3n al Reaprendizaje","G\u00e9nero y Derechos Humanos","Informes","Mujeres en Palabras","Noticias","Resistencia VerdeVioleta","Salud","Trata de Pers.","Violencias"],"inLanguage":"es","potentialAction":[{"@type":"CommentAction","name":"Comment","target":["https:\/\/diariofemenino.com.ar\/df\/marchas-y-contramarchas\/#respond"]}]},{"@type":"WebPage","@id":"https:\/\/diariofemenino.com.ar\/df\/marchas-y-contramarchas\/","url":"https:\/\/diariofemenino.com.ar\/df\/marchas-y-contramarchas\/","name":"Marchas y contramarchas en las pol\u00edticas locales de g\u00e9nero: din\u00e1micas territoriales y ciudadan\u00eda de las mujeres en Am\u00e9rica Latina - Diario Digital Femenino","isPartOf":{"@id":"https:\/\/diariofemenino.com.ar\/df\/#website"},"primaryImageOfPage":{"@id":"https:\/\/diariofemenino.com.ar\/df\/marchas-y-contramarchas\/#primaryimage"},"image":{"@id":"https:\/\/diariofemenino.com.ar\/df\/marchas-y-contramarchas\/#primaryimage"},"thumbnailUrl":"https:\/\/diariofemenino.com.ar\/df\/wp-content\/uploads\/2024\/08\/Marchas.jpg","datePublished":"2024-08-22T11:28:47+00:00","description":"Marchas y contramarchas. El libro se edit\u00f3 en 2019, \u201cpresenta un conjunto de estudios sobre procesos de institucionalizaci\u00f3n de g\u00e9nero.","breadcrumb":{"@id":"https:\/\/diariofemenino.com.ar\/df\/marchas-y-contramarchas\/#breadcrumb"},"inLanguage":"es","potentialAction":[{"@type":"ReadAction","target":["https:\/\/diariofemenino.com.ar\/df\/marchas-y-contramarchas\/"]}]},{"@type":"ImageObject","inLanguage":"es","@id":"https:\/\/diariofemenino.com.ar\/df\/marchas-y-contramarchas\/#primaryimage","url":"https:\/\/diariofemenino.com.ar\/df\/wp-content\/uploads\/2024\/08\/Marchas.jpg","contentUrl":"https:\/\/diariofemenino.com.ar\/df\/wp-content\/uploads\/2024\/08\/Marchas.jpg","width":879,"height":661,"caption":"Marchas y contramarchas en las pol\u00edticas locales de g\u00e9nero: din\u00e1micas territoriales y ciudadan\u00eda de las mujeres en Am\u00e9rica Latina"},{"@type":"BreadcrumbList","@id":"https:\/\/diariofemenino.com.ar\/df\/marchas-y-contramarchas\/#breadcrumb","itemListElement":[{"@type":"ListItem","position":1,"name":"Portada","item":"https:\/\/diariofemenino.com.ar\/df\/"},{"@type":"ListItem","position":2,"name":"Marchas y contramarchas en las pol\u00edticas locales de g\u00e9nero: din\u00e1micas territoriales y ciudadan\u00eda de las mujeres en Am\u00e9rica Latina"}]},{"@type":"WebSite","@id":"https:\/\/diariofemenino.com.ar\/df\/#website","url":"https:\/\/diariofemenino.com.ar\/df\/","name":"Diario Digital Femenino","description":"Cuesti\u00f3n de G\u00e9nero","publisher":{"@id":"https:\/\/diariofemenino.com.ar\/df\/#organization"},"potentialAction":[{"@type":"SearchAction","target":{"@type":"EntryPoint","urlTemplate":"https:\/\/diariofemenino.com.ar\/df\/?s={search_term_string}"},"query-input":{"@type":"PropertyValueSpecification","valueRequired":true,"valueName":"search_term_string"}}],"inLanguage":"es"},{"@type":"Organization","@id":"https:\/\/diariofemenino.com.ar\/df\/#organization","name":"Diario Femenino","url":"https:\/\/diariofemenino.com.ar\/df\/","logo":{"@type":"ImageObject","inLanguage":"es","@id":"https:\/\/diariofemenino.com.ar\/df\/#\/schema\/logo\/image\/","url":"https:\/\/diariofemenino.com.ar\/df\/wp-content\/uploads\/2018\/10\/logo.png","contentUrl":"https:\/\/diariofemenino.com.ar\/df\/wp-content\/uploads\/2018\/10\/logo.png","width":500,"height":92,"caption":"Diario Femenino"},"image":{"@id":"https:\/\/diariofemenino.com.ar\/df\/#\/schema\/logo\/image\/"},"sameAs":["https:\/\/www.facebook.com\/DiarioDigitaFemenino\/","https:\/\/x.com\/DiarioFemenino1"]},{"@type":"Person","@id":"https:\/\/diariofemenino.com.ar\/df\/#\/schema\/person\/bf6199e8158c657ea6f789b11ec85509","name":"Admin","image":{"@type":"ImageObject","inLanguage":"es","@id":"https:\/\/diariofemenino.com.ar\/df\/wp-content\/uploads\/2018\/12\/favicon-150x150.jpg","url":"https:\/\/diariofemenino.com.ar\/df\/wp-content\/uploads\/2018\/12\/favicon-150x150.jpg","contentUrl":"https:\/\/diariofemenino.com.ar\/df\/wp-content\/uploads\/2018\/12\/favicon-150x150.jpg","caption":"Admin"},"url":"https:\/\/diariofemenino.com.ar\/df\/author\/lenny\/"}]}},"jetpack_featured_media_url":"https:\/\/diariofemenino.com.ar\/df\/wp-content\/uploads\/2024\/08\/Marchas.jpg","jetpack_sharing_enabled":true,"rttpg_featured_image_url":{"full":["https:\/\/diariofemenino.com.ar\/df\/wp-content\/uploads\/2024\/08\/Marchas.jpg",879,661,false],"landscape":["https:\/\/diariofemenino.com.ar\/df\/wp-content\/uploads\/2024\/08\/Marchas.jpg",879,661,false],"portraits":["https:\/\/diariofemenino.com.ar\/df\/wp-content\/uploads\/2024\/08\/Marchas.jpg",879,661,false],"thumbnail":["https:\/\/diariofemenino.com.ar\/df\/wp-content\/uploads\/2024\/08\/Marchas-150x150.jpg",150,150,true],"medium":["https:\/\/diariofemenino.com.ar\/df\/wp-content\/uploads\/2024\/08\/Marchas-300x226.jpg",300,226,true],"large":["https:\/\/diariofemenino.com.ar\/df\/wp-content\/uploads\/2024\/08\/Marchas.jpg",879,661,false],"1536x1536":["https:\/\/diariofemenino.com.ar\/df\/wp-content\/uploads\/2024\/08\/Marchas.jpg",879,661,false],"2048x2048":["https:\/\/diariofemenino.com.ar\/df\/wp-content\/uploads\/2024\/08\/Marchas.jpg",879,661,false]},"rttpg_author":{"display_name":"Admin","author_link":"https:\/\/diariofemenino.com.ar\/df\/author\/lenny\/"},"rttpg_comment":0,"rttpg_category":"<a href=\"https:\/\/diariofemenino.com.ar\/df\/category\/actividades\/\" rel=\"category tag\">Actividades<\/a> <a href=\"https:\/\/diariofemenino.com.ar\/df\/category\/agenda-feminista\/\" rel=\"category tag\">Agenda Feminista<\/a> <a href=\"https:\/\/diariofemenino.com.ar\/df\/category\/articulos-y-comunicados\/\" rel=\"category tag\">Art\u00edculos y Comunicados<\/a> <a href=\"https:\/\/diariofemenino.com.ar\/df\/category\/biblioteca\/\" rel=\"category tag\">Biblioteca Virtual<\/a> <a href=\"https:\/\/diariofemenino.com.ar\/df\/category\/de-la-revolucion-al-reaprendizaje\/\" rel=\"category tag\">De la Revoluci\u00f3n al Reaprendizaje<\/a> <a href=\"https:\/\/diariofemenino.com.ar\/df\/category\/genero-y-derechos-humanos\/\" rel=\"category tag\">G\u00e9nero y Derechos Humanos<\/a> <a href=\"https:\/\/diariofemenino.com.ar\/df\/category\/informes\/\" rel=\"category tag\">Informes<\/a> <a href=\"https:\/\/diariofemenino.com.ar\/df\/category\/articulos\/\" rel=\"category tag\">Mujeres en Palabras<\/a> <a href=\"https:\/\/diariofemenino.com.ar\/df\/category\/noticias\/\" rel=\"category tag\">Noticias<\/a> <a href=\"https:\/\/diariofemenino.com.ar\/df\/category\/resistencia-verdevioleta\/\" rel=\"category tag\">Resistencia VerdeVioleta<\/a> <a href=\"https:\/\/diariofemenino.com.ar\/df\/category\/salud\/\" rel=\"category tag\">Salud<\/a> <a href=\"https:\/\/diariofemenino.com.ar\/df\/category\/trata-de-personas\/\" rel=\"category tag\">Trata de Pers.<\/a> <a href=\"https:\/\/diariofemenino.com.ar\/df\/category\/violencias\/\" rel=\"category tag\">Violencias<\/a>","rttpg_excerpt":"El libro se edit\u00f3 en 2019, \u201cpresenta un conjunto de estudios sobre procesos de institucionalizaci\u00f3n de g\u00e9nero en gobiernos locales en distintos pa\u00edses de Am\u00e9rica Latina. La mayor\u00eda de los estudios abarcan per\u00edodos de tiempo suficientemente largos, alrededor de dos d\u00e9cadas, para entender las din\u00e1micas socioculturales y pol\u00edtico-institucionales que sustentan estos procesos\u201d. Creemos importante compartirlo&hellip;","_links":{"self":[{"href":"https:\/\/diariofemenino.com.ar\/df\/wp-json\/wp\/v2\/posts\/73842","targetHints":{"allow":["GET"]}}],"collection":[{"href":"https:\/\/diariofemenino.com.ar\/df\/wp-json\/wp\/v2\/posts"}],"about":[{"href":"https:\/\/diariofemenino.com.ar\/df\/wp-json\/wp\/v2\/types\/post"}],"author":[{"embeddable":true,"href":"https:\/\/diariofemenino.com.ar\/df\/wp-json\/wp\/v2\/users\/4"}],"replies":[{"embeddable":true,"href":"https:\/\/diariofemenino.com.ar\/df\/wp-json\/wp\/v2\/comments?post=73842"}],"version-history":[{"count":0,"href":"https:\/\/diariofemenino.com.ar\/df\/wp-json\/wp\/v2\/posts\/73842\/revisions"}],"wp:featuredmedia":[{"embeddable":true,"href":"https:\/\/diariofemenino.com.ar\/df\/wp-json\/wp\/v2\/media\/73844"}],"wp:attachment":[{"href":"https:\/\/diariofemenino.com.ar\/df\/wp-json\/wp\/v2\/media?parent=73842"}],"wp:term":[{"taxonomy":"category","embeddable":true,"href":"https:\/\/diariofemenino.com.ar\/df\/wp-json\/wp\/v2\/categories?post=73842"},{"taxonomy":"post_tag","embeddable":true,"href":"https:\/\/diariofemenino.com.ar\/df\/wp-json\/wp\/v2\/tags?post=73842"}],"curies":[{"name":"wp","href":"https:\/\/api.w.org\/{rel}","templated":true}]}}