{"id":73639,"date":"2024-08-08T09:00:49","date_gmt":"2024-08-08T12:00:49","guid":{"rendered":"https:\/\/diariofemenino.com.ar\/df\/?p=73639"},"modified":"2024-08-08T09:01:18","modified_gmt":"2024-08-08T12:01:18","slug":"un-monto","status":"publish","type":"post","link":"https:\/\/diariofemenino.com.ar\/df\/un-monto\/","title":{"rendered":"Un monto en contra de la violencia econ\u00f3mica"},"content":{"rendered":"<p>\u00bfUn poco m\u00e1s o un poco menos?. \u00bfEl monto de la prestaci\u00f3n alimentaria tiene relaci\u00f3n con la violencia econ\u00f3mica?, \u00bfen qu\u00e9 se relaciona?<\/p>\n<p>Por\u00a0<a href=\"https:\/\/diariofemenino.com.ar\/df\/?s=Diego+Ortiz\">Diego Oscar Ortiz<\/a>*<\/p>\n<p>En la publicaci\u00f3n de un video de una actividad que particip\u00e9 recientemente sobre testimonios de experiencias de varias madres con respecto al cumplimiento de la prestaci\u00f3n alimentaria de hijas e hijos<a href=\"#_ftn1\" name=\"_ftnref1\">[1]<\/a>, una mujer contaba que el padre de sus hijos no cumpl\u00eda la cuota de manera total. A lo que nuevamente pens\u00e9, \u201c<em>esto tambi\u00e9n es una situaci\u00f3n de violencia econ\u00f3mica<\/em>\u201d y \u201c<em>el monto tambi\u00e9n se relaciona con el tipo de violencia<\/em>\u201d.<\/p>\n<p>A primera vista, parecer\u00eda que el tema del monto es solo el resultado num\u00e9rico de una pretensi\u00f3n en un proceso de fondo. Sin embargo si lo analizamos, veremos el impacto que este tiene en garantizar \u00edntegramente el derecho alimentario de NNyA. Podr\u00edamos diferenciar la relaci\u00f3n que existe entre el monto de la prestaci\u00f3n alimentaria con la violencia econ\u00f3mica \u00a0de la siguiente manera:<\/p>\n<p>En un supuesto, la autoridad judicial fija una prestaci\u00f3n alimentaria atinada (ponderando el contexto en el que la actora la pide y cubriendo todos los rubros peticionados) y el demandado o no cumple con el monto en su totalidad o la cumple parcialmente. Este \u00faltimo supuesto tambi\u00e9n es un incumplimiento que configurar\u00eda una situaci\u00f3n encuadrada como de violencia econ\u00f3mica, ya que no cubre la prestaci\u00f3n alimentaria en su totalidad. Ni\u00f1o, ni\u00f1a o adolescente no parte tajantemente sus necesidades a la espera del cumplimiento total de la cuota, las mismas serian reducidas o suplidas por la progenitora, reproduciendo nuevamente violencia econ\u00f3mica (en un primer momento extrajudicial el progenitor no cumple con los alimentos lo que lleva a la progenitora a iniciar un juicio, en otro momento con la resoluci\u00f3n no cumple con el monto total y por ultimo por la parte incumplida, la progenitora debe asumir ese faltante).<\/p>\n<figure id=\"attachment_73640\" aria-describedby=\"caption-attachment-73640\" style=\"width: 537px\" class=\"wp-caption aligncenter\"><img loading=\"lazy\" decoding=\"async\" class=\" wp-image-73640\" src=\"https:\/\/diariofemenino.com.ar\/df\/wp-content\/uploads\/2024\/08\/andquotvas-a-pagarle-a-una-empleada-para-que-3J7JSR4SZZCKBPZQZTPV7SH6GA.avif\" alt=\"Un monto en contra de la violencia econ\u00f3mica \" width=\"537\" height=\"358\" srcset=\"https:\/\/diariofemenino.com.ar\/df\/wp-content\/uploads\/2024\/08\/andquotvas-a-pagarle-a-una-empleada-para-que-3J7JSR4SZZCKBPZQZTPV7SH6GA.avif 880w, https:\/\/diariofemenino.com.ar\/df\/wp-content\/uploads\/2024\/08\/andquotvas-a-pagarle-a-una-empleada-para-que-3J7JSR4SZZCKBPZQZTPV7SH6GA-300x200.avif 300w, https:\/\/diariofemenino.com.ar\/df\/wp-content\/uploads\/2024\/08\/andquotvas-a-pagarle-a-una-empleada-para-que-3J7JSR4SZZCKBPZQZTPV7SH6GA-768x511.avif 768w\" sizes=\"auto, (max-width: 537px) 100vw, 537px\" \/><figcaption id=\"caption-attachment-73640\" class=\"wp-caption-text\">Un monto en contra de la violencia econ\u00f3mica<\/figcaption><\/figure>\n<p>Las mujeres que tienen que cobrar una cuota alimentaria &#8211;porque as\u00ed lo ha dispuesto el juez&#8211; deben recurrir habitualmente a quejas y reclamos porque el compa\u00f1ero que ya dejo de ser un compa\u00f1ero y es el padre de sus hijas e hijos, no cumple con esa cuota alimentaria y es preciso rogarle mensualmente que se haga responsable de lo que corresponde<a href=\"#_ftn2\" name=\"_ftnref2\">[2]<\/a>.<\/p>\n<p>La Dra. Sandra Gonz\u00e1lez en su aporte relaciona los alimentos con el contexto de violencia familiar y sostiene que en el entorno de la violencia familiar, se manifiestan din\u00e1micas de control, abuso y desamparo. En medio de este complejo escenario, el derecho alimentario emerge como un pilar fundamental, destinado a garantizar la subsistencia y el bienestar de quienes se encuentran en situaci\u00f3n de vulnerabilidad. A todo esto se agregan en el \u00e1mbito procesal, cuotas fijadas incumplidas total o parcialmente, acuerdos homologados infructuosos, audiencias inconclusas por incomparecencia injustificada del demandado, medidas de intimaci\u00f3n reiteradas con resultado negativo,\u00a0 la dilaci\u00f3n del tiempo, la conducta procesal, la existencia de procesos de fondo previos como cuidado personal, r\u00e9gimen de comunicaci\u00f3n,<a href=\"#_ftn3\" name=\"_ftnref3\">[3]<\/a>.<\/p>\n<p>En otro supuesto, la autoridad judicial fija una prestaci\u00f3n alimentaria insuficiente y la actora debe insistir para que la misma abastezca todas las necesidades alimentarias, sumado a que eventualmente el demandado la cumpla. Tenemos que pensar cuales fueron los argumentos que llevaron a que esa autoridad judicial fije una prestaci\u00f3n insuficiente incurriendo en violencia de g\u00e9nero institucional de tipo econ\u00f3mica<a href=\"#_ftn4\" name=\"_ftnref4\">[4]<\/a>. \u00bfSe habr\u00e1 tomado todos los gastos expuestos?, \u00bfSe habr\u00e1 omitido el valor patrimonial del cuidado personal?, \u00bfSe habr\u00e1 considerado el no cuidado por parte del progenitor no conviviente?.<\/p>\n<p>La cuota alimentaria solo es una parte del cuidado personal en raz\u00f3n del ejercicio y titularidad de la responsabilidad parental que deben asumir ambos progenitores. No podemos sostener que el abonar una cuota mensual es cumplir con la responsabilidad parental<a href=\"#_ftn5\" name=\"_ftnref5\">[5]<\/a>.<\/p>\n<p>Un fallo reflexiona que en casos en donde el progenitor (no conviviente) no asume ning\u00fan tipo de tareas debe suplir su imposibilidad, ausencia o desimplicancia abonando en dinero efectivo el porcentaje que le corresponde a las tareas de cuidado y a las que el INDEC se ha encargado de asignarle un valor en dinero. Debemos reforzar \u00e9sta idea ya que las inequidades en dichas tareas de cuidado suelen estar basadas en estereotipos de g\u00e9nero en donde se asigna a la madre -por su calidad de mujer- hacerse cargo en lo cotidiano de todo lo relacionado con los ni\u00f1os, con la carga f\u00edsica, mental y econ\u00f3mica que ello implica<a href=\"#_ftn6\" name=\"_ftnref6\">[6]<\/a>.<\/p>\n<p>Una de las cuestiones relevantes a analizar es que el \u00edndice de crianza es una forma de incluir al cuidado personal en la cuant\u00eda de la cuota. Un tema hist\u00f3ricamente invisibilizado y cercenado de cualquier valor econ\u00f3mico. De esta manera no solo se incluye el cuidado sino que se le da un valor patrimonial decisivo para cuantificar la cuota. El fallo del Juzgado de Paz de Lobos plantea que uno de los par\u00e1metros que toma la autoridad judicial para determinar la cuota es el cuidado personal unilateral del ni\u00f1o asignado a la progenitora<a href=\"#_ftn7\" name=\"_ftnref7\">[7]<\/a>.<\/p>\n<p>Un fallo plantea que para determinar el quantum de la cuota alimentaria ha de merituarse el trabajo exclusivo de crianza que lleva la madre, lo que implica dos cuestiones. Por un lado que su desarrollo personal laboral se ve directamente impactado por la falta del ejercicio de la coparentalidad del progenitor, debiendo llevar a cabo de manera exclusiva tareas de cuidado con lo que ello afecta de manera directa en el tiempo disponible y en el cansancio que conlleva realizar ese doble trabajo del que antes habl\u00e1bamos. Tales labores, adem\u00e1s, es posible que sean menos remuneradas por el escaso margen para desarrollar estudios o especializaciones Por el contrario, <strong>el padre, cuenta con tiempo libre exclusivo para desarrollar sus tareas laborales<\/strong>, para capacitaci\u00f3n (lo que implica mejores salarios) y sin soportar-siquiera m\u00ednimamente- el peso que implica las tareas de cuidado<a href=\"#_ftn8\" name=\"_ftnref8\">[8]<\/a>. Esto podr\u00eda interpretarse que el monto que no pondere estas cuestiones, menoscabar\u00eda los recursos de la progenitora y por ende encuadrar\u00eda como una situaci\u00f3n de violencia econ\u00f3mica.<\/p>\n<p>Como conclusi\u00f3n, debemos abogar por montos integrales que garanticen los derechos de ni\u00f1os, ni\u00f1as y adolescentes.<\/p>\n<p><strong>(*)<\/strong>\u00a0Abogado, Profesor Universitario en Ciencias Jur\u00eddicas,\u00a0 Especialista en Violencia Familiar, autor de libros y art\u00edculos de su especialidad. Columnista de\u00a0<a href=\"https:\/\/www.instagram.com\/diariodigitalfemenino_\/\">Diario Digital Femenino<\/a>.<\/p>\n<p><strong>Referencias<\/strong><\/p>\n<p><a href=\"#_ftnref1\" name=\"_ftn1\">[1]<\/a> Evento realizado el d\u00eda 2 de agosto en el Anexo de la C\u00e1mara de Diputados de la Provincia de Buenos Aires, invitado por la Directora de equidad de g\u00e9nero y diversidad sexual, la Lic. Mariela Breard.<\/p>\n<p><a href=\"#_ftnref2\" name=\"_ftn2\">[2]<\/a>GIBERTI, Eva, La deuda silenciosa, Contratapa, Pagina 12, 04\/12\/23. <a href=\"https:\/\/www.pagina12.com.ar\/691634-la-deuda-silenciosa\">https:\/\/www.pagina12.com.ar\/691634-la-deuda-silenciosa<\/a>.<\/p>\n<p><a href=\"#_ftnref3\" name=\"_ftn3\">[3]<\/a> GONZALEZ, Sandra, Buenas pr\u00e1cticas en la determinaci\u00f3n del quantum de cuota alimentaria para los operadores jur\u00eddicos, Direcci\u00f3n de Igualdad de g\u00e9nero y diversidad sexual, C\u00e1mara de Diputados de la Provincia de Buenos Aires, 2024.<\/p>\n<p><a href=\"#_ftnref4\" name=\"_ftn4\">[4]<\/a> Tomando los conceptos de los arts. 4,5 y 6 de la ley 26485.<\/p>\n<p><a href=\"#_ftnref5\" name=\"_ftn5\">[5]<\/a> ORTIZ, Diego, Prologo del Compendio de Buenas pr\u00e1cticas en la determinaci\u00f3n del quantum de cuota alimentaria para los operadores jur\u00eddicos, Direcci\u00f3n de Igualdad de g\u00e9nero y diversidad sexual, C\u00e1mara de Diputados de la Provincia de Buenos Aires, 2024. https:\/\/diariofemenino.com.ar\/df\/buenas-practicas-en-la-determinacion-del-quantum-de-cuota-alimentaria-para-operadores-juridicos\/<\/p>\n<p><a href=\"#_ftnref6\" name=\"_ftn6\">[6]<\/a> Buenas pr\u00e1cticas en la determinaci\u00f3n del quantum de cuota alimentaria para los operadores jur\u00eddicos, Direcci\u00f3n de Igualdad de g\u00e9nero y diversidad sexual, C\u00e1mara de Diputados de la Provincia de Buenos Aires, 2024. https:\/\/diariofemenino.com.ar\/df\/buenas-practicas-en-la-determinacion-del-quantum-de-cuota-alimentaria-para-operadores-juridicos\/<\/p>\n<p><a href=\"#_ftnref7\" name=\"_ftn7\">[7]<\/a> ORTIZ, Diego, Prologo del Compendio de Buenas pr\u00e1cticas en la determinaci\u00f3n del quantum de cuota alimentaria para los operadores jur\u00eddicos, Direcci\u00f3n de Igualdad de g\u00e9nero y diversidad sexual, C\u00e1mara de Diputados de la Provincia de Buenos Aires, 2024.<\/p>\n<p><a href=\"#_ftnref8\" name=\"_ftn8\">[8]<\/a> C.M.S c V.R.C s\/ Incidente de alimentos, Juzgado de Familia nro. 6 de Lomas de Zamora, Expdte 24534\/22, 12\/09\/23, <a href=\"http:\/\/www.colectivoderechofamilia.com\/juzgado-de-familia-n6-lomas-de-zamora-12-09-2023\/\">http:\/\/www.colectivoderechofamilia.com\/juzgado-de-familia-n6-lomas-de-zamora-12-09-2023\/<\/a> fallo citado por PEREZ, \u00c9rica, Buenas pr\u00e1cticas en la determinaci\u00f3n del quantum de cuota alimentaria para los operadores jur\u00eddicos, Direcci\u00f3n de Igualdad de g\u00e9nero y diversidad sexual, C\u00e1mara de Diputados de la Provincia de Buenos Aires, 2024.<\/p>\n<blockquote><p>Seguinos en Instagram:\u00a0<strong>Diario Digital Femenino<\/strong>\u00a0<a href=\"https:\/\/www.instagram.com\/diariodigitalfemenino_\/\">@diariodigitalfemenino_<\/a><br \/>\n<strong>Lenny C\u00e1ceres<\/strong>\u00a0<a href=\"https:\/\/www.instagram.com\/lennycaceres69\/\">@lennycaceres69<\/a><\/p><\/blockquote>\n","protected":false},"excerpt":{"rendered":"<p>\u00bfUn poco m\u00e1s o un poco menos?. \u00bfEl monto de la prestaci\u00f3n alimentaria tiene relaci\u00f3n con la violencia econ\u00f3mica?, \u00bfen qu\u00e9 se relaciona? Por\u00a0Diego Oscar Ortiz* En la publicaci\u00f3n de un video de una actividad que particip\u00e9 recientemente sobre testimonios de experiencias de varias madres con respecto al cumplimiento de la prestaci\u00f3n alimentaria de hijas [&hellip;]<\/p>\n","protected":false},"author":4,"featured_media":73641,"comment_status":"open","ping_status":"open","sticky":false,"template":"","format":"standard","meta":{"iawp_total_views":750,"footnotes":""},"categories":[7,178,581,627,4,21,23,592],"tags":[891,4372,7021,3525,7022,7020,4834,5268,3262,173],"class_list":["post-73639","post","type-post","status-publish","format-standard","has-post-thumbnail","hentry","category-actividades","category-articulos-y-comunicados","category-azul-profundo","category-genero-y-derechos-humanos","category-medios","category-noticias","category-salud","category-violencias","tag-cuota-alimentaria","tag-destacada","tag-deudores-alimentarios","tag-diego-oscar-ortiz","tag-especuladores","tag-montos","tag-progenitores","tag-reclamos","tag-responsabilidad","tag-violencia-economica"],"nelio_content":{"autoShareEndMode":"never","automationSources":{"useCustomSentences":false,"customSentences":[]},"efiAlt":"","efiUrl":"","followers":[4],"highlights":[],"isAutoShareEnabled":true,"networkImageIds":[],"permalinkQueryArgs":[],"series":[],"suggestedReferences":[]},"yoast_head":"<!-- This site is optimized with the Yoast SEO plugin v27.5 - https:\/\/yoast.com\/product\/yoast-seo-wordpress\/ -->\n<title>Un monto en contra de la violencia econ\u00f3mica - Diario Digital Femenino<\/title>\n<meta name=\"description\" content=\"Un monto... \u00bfEl monto de la prestaci\u00f3n alimentaria tiene relaci\u00f3n con la violencia econ\u00f3mica?, \u00bfen qu\u00e9 se relaciona?\" \/>\n<meta name=\"robots\" content=\"index, follow, max-snippet:-1, max-image-preview:large, max-video-preview:-1\" \/>\n<link rel=\"canonical\" href=\"https:\/\/diariofemenino.com.ar\/df\/un-monto\/\" \/>\n<meta property=\"og:locale\" content=\"es_ES\" \/>\n<meta property=\"og:type\" content=\"article\" \/>\n<meta property=\"og:title\" content=\"Un monto en contra de la violencia econ\u00f3mica - Diario Digital Femenino\" \/>\n<meta property=\"og:description\" content=\"Un monto... \u00bfEl monto de la prestaci\u00f3n alimentaria tiene relaci\u00f3n con la violencia econ\u00f3mica?, \u00bfen qu\u00e9 se relaciona?\" \/>\n<meta property=\"og:url\" content=\"https:\/\/diariofemenino.com.ar\/df\/un-monto\/\" \/>\n<meta property=\"og:site_name\" content=\"Diario Digital Femenino\" \/>\n<meta property=\"article:publisher\" content=\"https:\/\/www.facebook.com\/DiarioDigitaFemenino\/\" \/>\n<meta property=\"article:published_time\" content=\"2024-08-08T12:00:49+00:00\" \/>\n<meta property=\"article:modified_time\" content=\"2024-08-08T12:01:18+00:00\" \/>\n<meta property=\"og:image\" content=\"https:\/\/diariofemenino.com.ar\/df\/wp-content\/uploads\/2024\/08\/GAC-VIOLENCIA-ECONOMICA-980x653-1.png\" \/>\n\t<meta property=\"og:image:width\" content=\"980\" \/>\n\t<meta property=\"og:image:height\" content=\"653\" \/>\n\t<meta property=\"og:image:type\" content=\"image\/png\" \/>\n<meta name=\"author\" content=\"Admin\" \/>\n<meta name=\"twitter:card\" content=\"summary_large_image\" \/>\n<meta name=\"twitter:creator\" content=\"@DiarioFemenino1\" \/>\n<meta name=\"twitter:site\" content=\"@DiarioFemenino1\" \/>\n<meta name=\"twitter:label1\" content=\"Escrito por\" \/>\n\t<meta name=\"twitter:data1\" content=\"Admin\" \/>\n\t<meta name=\"twitter:label2\" content=\"Tiempo de lectura\" \/>\n\t<meta name=\"twitter:data2\" content=\"7 minutos\" \/>\n<script type=\"application\/ld+json\" class=\"yoast-schema-graph\">{\"@context\":\"https:\\\/\\\/schema.org\",\"@graph\":[{\"@type\":\"Article\",\"@id\":\"https:\\\/\\\/diariofemenino.com.ar\\\/df\\\/un-monto\\\/#article\",\"isPartOf\":{\"@id\":\"https:\\\/\\\/diariofemenino.com.ar\\\/df\\\/un-monto\\\/\"},\"author\":{\"name\":\"Admin\",\"@id\":\"https:\\\/\\\/diariofemenino.com.ar\\\/df\\\/#\\\/schema\\\/person\\\/bf6199e8158c657ea6f789b11ec85509\"},\"headline\":\"Un monto en contra de la violencia econ\u00f3mica\",\"datePublished\":\"2024-08-08T12:00:49+00:00\",\"dateModified\":\"2024-08-08T12:01:18+00:00\",\"mainEntityOfPage\":{\"@id\":\"https:\\\/\\\/diariofemenino.com.ar\\\/df\\\/un-monto\\\/\"},\"wordCount\":1426,\"commentCount\":0,\"publisher\":{\"@id\":\"https:\\\/\\\/diariofemenino.com.ar\\\/df\\\/#organization\"},\"image\":{\"@id\":\"https:\\\/\\\/diariofemenino.com.ar\\\/df\\\/un-monto\\\/#primaryimage\"},\"thumbnailUrl\":\"https:\\\/\\\/diariofemenino.com.ar\\\/df\\\/wp-content\\\/uploads\\\/2024\\\/08\\\/GAC-VIOLENCIA-ECONOMICA-980x653-1.png\",\"keywords\":[\"Cuota alimentaria\",\"Destacada\",\"deudores alimentarios\",\"Diego Oscar Ortiz\",\"especuladores\",\"montos\",\"Progenitores\",\"Reclamos\",\"responsabilidad\",\"Violencia econ\u00f3mica\"],\"articleSection\":[\"Actividades\",\"Art\u00edculos y Comunicados\",\"Azul Profundo\",\"G\u00e9nero y Derechos Humanos\",\"Medios\",\"Noticias\",\"Salud\",\"Violencias\"],\"inLanguage\":\"es\",\"potentialAction\":[{\"@type\":\"CommentAction\",\"name\":\"Comment\",\"target\":[\"https:\\\/\\\/diariofemenino.com.ar\\\/df\\\/un-monto\\\/#respond\"]}]},{\"@type\":\"WebPage\",\"@id\":\"https:\\\/\\\/diariofemenino.com.ar\\\/df\\\/un-monto\\\/\",\"url\":\"https:\\\/\\\/diariofemenino.com.ar\\\/df\\\/un-monto\\\/\",\"name\":\"Un monto en contra de la violencia econ\u00f3mica - Diario Digital Femenino\",\"isPartOf\":{\"@id\":\"https:\\\/\\\/diariofemenino.com.ar\\\/df\\\/#website\"},\"primaryImageOfPage\":{\"@id\":\"https:\\\/\\\/diariofemenino.com.ar\\\/df\\\/un-monto\\\/#primaryimage\"},\"image\":{\"@id\":\"https:\\\/\\\/diariofemenino.com.ar\\\/df\\\/un-monto\\\/#primaryimage\"},\"thumbnailUrl\":\"https:\\\/\\\/diariofemenino.com.ar\\\/df\\\/wp-content\\\/uploads\\\/2024\\\/08\\\/GAC-VIOLENCIA-ECONOMICA-980x653-1.png\",\"datePublished\":\"2024-08-08T12:00:49+00:00\",\"dateModified\":\"2024-08-08T12:01:18+00:00\",\"description\":\"Un monto... \u00bfEl monto de la prestaci\u00f3n alimentaria tiene relaci\u00f3n con la violencia econ\u00f3mica?, \u00bfen qu\u00e9 se relaciona?\",\"breadcrumb\":{\"@id\":\"https:\\\/\\\/diariofemenino.com.ar\\\/df\\\/un-monto\\\/#breadcrumb\"},\"inLanguage\":\"es\",\"potentialAction\":[{\"@type\":\"ReadAction\",\"target\":[\"https:\\\/\\\/diariofemenino.com.ar\\\/df\\\/un-monto\\\/\"]}]},{\"@type\":\"ImageObject\",\"inLanguage\":\"es\",\"@id\":\"https:\\\/\\\/diariofemenino.com.ar\\\/df\\\/un-monto\\\/#primaryimage\",\"url\":\"https:\\\/\\\/diariofemenino.com.ar\\\/df\\\/wp-content\\\/uploads\\\/2024\\\/08\\\/GAC-VIOLENCIA-ECONOMICA-980x653-1.png\",\"contentUrl\":\"https:\\\/\\\/diariofemenino.com.ar\\\/df\\\/wp-content\\\/uploads\\\/2024\\\/08\\\/GAC-VIOLENCIA-ECONOMICA-980x653-1.png\",\"width\":980,\"height\":653,\"caption\":\"Un monto en contra de la violencia econ\u00f3mica\"},{\"@type\":\"BreadcrumbList\",\"@id\":\"https:\\\/\\\/diariofemenino.com.ar\\\/df\\\/un-monto\\\/#breadcrumb\",\"itemListElement\":[{\"@type\":\"ListItem\",\"position\":1,\"name\":\"Portada\",\"item\":\"https:\\\/\\\/diariofemenino.com.ar\\\/df\\\/\"},{\"@type\":\"ListItem\",\"position\":2,\"name\":\"Un monto en contra de la violencia econ\u00f3mica\"}]},{\"@type\":\"WebSite\",\"@id\":\"https:\\\/\\\/diariofemenino.com.ar\\\/df\\\/#website\",\"url\":\"https:\\\/\\\/diariofemenino.com.ar\\\/df\\\/\",\"name\":\"Diario Digital Femenino\",\"description\":\"Cuesti\u00f3n de G\u00e9nero\",\"publisher\":{\"@id\":\"https:\\\/\\\/diariofemenino.com.ar\\\/df\\\/#organization\"},\"potentialAction\":[{\"@type\":\"SearchAction\",\"target\":{\"@type\":\"EntryPoint\",\"urlTemplate\":\"https:\\\/\\\/diariofemenino.com.ar\\\/df\\\/?s={search_term_string}\"},\"query-input\":{\"@type\":\"PropertyValueSpecification\",\"valueRequired\":true,\"valueName\":\"search_term_string\"}}],\"inLanguage\":\"es\"},{\"@type\":\"Organization\",\"@id\":\"https:\\\/\\\/diariofemenino.com.ar\\\/df\\\/#organization\",\"name\":\"Diario Femenino\",\"url\":\"https:\\\/\\\/diariofemenino.com.ar\\\/df\\\/\",\"logo\":{\"@type\":\"ImageObject\",\"inLanguage\":\"es\",\"@id\":\"https:\\\/\\\/diariofemenino.com.ar\\\/df\\\/#\\\/schema\\\/logo\\\/image\\\/\",\"url\":\"https:\\\/\\\/diariofemenino.com.ar\\\/df\\\/wp-content\\\/uploads\\\/2018\\\/10\\\/logo.png\",\"contentUrl\":\"https:\\\/\\\/diariofemenino.com.ar\\\/df\\\/wp-content\\\/uploads\\\/2018\\\/10\\\/logo.png\",\"width\":500,\"height\":92,\"caption\":\"Diario Femenino\"},\"image\":{\"@id\":\"https:\\\/\\\/diariofemenino.com.ar\\\/df\\\/#\\\/schema\\\/logo\\\/image\\\/\"},\"sameAs\":[\"https:\\\/\\\/www.facebook.com\\\/DiarioDigitaFemenino\\\/\",\"https:\\\/\\\/x.com\\\/DiarioFemenino1\"]},{\"@type\":\"Person\",\"@id\":\"https:\\\/\\\/diariofemenino.com.ar\\\/df\\\/#\\\/schema\\\/person\\\/bf6199e8158c657ea6f789b11ec85509\",\"name\":\"Admin\",\"image\":{\"@type\":\"ImageObject\",\"inLanguage\":\"es\",\"@id\":\"https:\\\/\\\/diariofemenino.com.ar\\\/df\\\/wp-content\\\/uploads\\\/2018\\\/12\\\/favicon-150x150.jpg\",\"url\":\"https:\\\/\\\/diariofemenino.com.ar\\\/df\\\/wp-content\\\/uploads\\\/2018\\\/12\\\/favicon-150x150.jpg\",\"contentUrl\":\"https:\\\/\\\/diariofemenino.com.ar\\\/df\\\/wp-content\\\/uploads\\\/2018\\\/12\\\/favicon-150x150.jpg\",\"caption\":\"Admin\"},\"url\":\"https:\\\/\\\/diariofemenino.com.ar\\\/df\\\/author\\\/lenny\\\/\"}]}<\/script>\n<!-- \/ Yoast SEO plugin. -->","yoast_head_json":{"title":"Un monto en contra de la violencia econ\u00f3mica - Diario Digital Femenino","description":"Un monto... \u00bfEl monto de la prestaci\u00f3n alimentaria tiene relaci\u00f3n con la violencia econ\u00f3mica?, \u00bfen qu\u00e9 se relaciona?","robots":{"index":"index","follow":"follow","max-snippet":"max-snippet:-1","max-image-preview":"max-image-preview:large","max-video-preview":"max-video-preview:-1"},"canonical":"https:\/\/diariofemenino.com.ar\/df\/un-monto\/","og_locale":"es_ES","og_type":"article","og_title":"Un monto en contra de la violencia econ\u00f3mica - Diario Digital Femenino","og_description":"Un monto... \u00bfEl monto de la prestaci\u00f3n alimentaria tiene relaci\u00f3n con la violencia econ\u00f3mica?, \u00bfen qu\u00e9 se relaciona?","og_url":"https:\/\/diariofemenino.com.ar\/df\/un-monto\/","og_site_name":"Diario Digital Femenino","article_publisher":"https:\/\/www.facebook.com\/DiarioDigitaFemenino\/","article_published_time":"2024-08-08T12:00:49+00:00","article_modified_time":"2024-08-08T12:01:18+00:00","og_image":[{"width":980,"height":653,"url":"https:\/\/diariofemenino.com.ar\/df\/wp-content\/uploads\/2024\/08\/GAC-VIOLENCIA-ECONOMICA-980x653-1.png","type":"image\/png"}],"author":"Admin","twitter_card":"summary_large_image","twitter_creator":"@DiarioFemenino1","twitter_site":"@DiarioFemenino1","twitter_misc":{"Escrito por":"Admin","Tiempo de lectura":"7 minutos"},"schema":{"@context":"https:\/\/schema.org","@graph":[{"@type":"Article","@id":"https:\/\/diariofemenino.com.ar\/df\/un-monto\/#article","isPartOf":{"@id":"https:\/\/diariofemenino.com.ar\/df\/un-monto\/"},"author":{"name":"Admin","@id":"https:\/\/diariofemenino.com.ar\/df\/#\/schema\/person\/bf6199e8158c657ea6f789b11ec85509"},"headline":"Un monto en contra de la violencia econ\u00f3mica","datePublished":"2024-08-08T12:00:49+00:00","dateModified":"2024-08-08T12:01:18+00:00","mainEntityOfPage":{"@id":"https:\/\/diariofemenino.com.ar\/df\/un-monto\/"},"wordCount":1426,"commentCount":0,"publisher":{"@id":"https:\/\/diariofemenino.com.ar\/df\/#organization"},"image":{"@id":"https:\/\/diariofemenino.com.ar\/df\/un-monto\/#primaryimage"},"thumbnailUrl":"https:\/\/diariofemenino.com.ar\/df\/wp-content\/uploads\/2024\/08\/GAC-VIOLENCIA-ECONOMICA-980x653-1.png","keywords":["Cuota alimentaria","Destacada","deudores alimentarios","Diego Oscar Ortiz","especuladores","montos","Progenitores","Reclamos","responsabilidad","Violencia econ\u00f3mica"],"articleSection":["Actividades","Art\u00edculos y Comunicados","Azul Profundo","G\u00e9nero y Derechos Humanos","Medios","Noticias","Salud","Violencias"],"inLanguage":"es","potentialAction":[{"@type":"CommentAction","name":"Comment","target":["https:\/\/diariofemenino.com.ar\/df\/un-monto\/#respond"]}]},{"@type":"WebPage","@id":"https:\/\/diariofemenino.com.ar\/df\/un-monto\/","url":"https:\/\/diariofemenino.com.ar\/df\/un-monto\/","name":"Un monto en contra de la violencia econ\u00f3mica - Diario Digital Femenino","isPartOf":{"@id":"https:\/\/diariofemenino.com.ar\/df\/#website"},"primaryImageOfPage":{"@id":"https:\/\/diariofemenino.com.ar\/df\/un-monto\/#primaryimage"},"image":{"@id":"https:\/\/diariofemenino.com.ar\/df\/un-monto\/#primaryimage"},"thumbnailUrl":"https:\/\/diariofemenino.com.ar\/df\/wp-content\/uploads\/2024\/08\/GAC-VIOLENCIA-ECONOMICA-980x653-1.png","datePublished":"2024-08-08T12:00:49+00:00","dateModified":"2024-08-08T12:01:18+00:00","description":"Un monto... \u00bfEl monto de la prestaci\u00f3n alimentaria tiene relaci\u00f3n con la violencia econ\u00f3mica?, \u00bfen qu\u00e9 se relaciona?","breadcrumb":{"@id":"https:\/\/diariofemenino.com.ar\/df\/un-monto\/#breadcrumb"},"inLanguage":"es","potentialAction":[{"@type":"ReadAction","target":["https:\/\/diariofemenino.com.ar\/df\/un-monto\/"]}]},{"@type":"ImageObject","inLanguage":"es","@id":"https:\/\/diariofemenino.com.ar\/df\/un-monto\/#primaryimage","url":"https:\/\/diariofemenino.com.ar\/df\/wp-content\/uploads\/2024\/08\/GAC-VIOLENCIA-ECONOMICA-980x653-1.png","contentUrl":"https:\/\/diariofemenino.com.ar\/df\/wp-content\/uploads\/2024\/08\/GAC-VIOLENCIA-ECONOMICA-980x653-1.png","width":980,"height":653,"caption":"Un monto en contra de la violencia econ\u00f3mica"},{"@type":"BreadcrumbList","@id":"https:\/\/diariofemenino.com.ar\/df\/un-monto\/#breadcrumb","itemListElement":[{"@type":"ListItem","position":1,"name":"Portada","item":"https:\/\/diariofemenino.com.ar\/df\/"},{"@type":"ListItem","position":2,"name":"Un monto en contra de la violencia econ\u00f3mica"}]},{"@type":"WebSite","@id":"https:\/\/diariofemenino.com.ar\/df\/#website","url":"https:\/\/diariofemenino.com.ar\/df\/","name":"Diario Digital Femenino","description":"Cuesti\u00f3n de G\u00e9nero","publisher":{"@id":"https:\/\/diariofemenino.com.ar\/df\/#organization"},"potentialAction":[{"@type":"SearchAction","target":{"@type":"EntryPoint","urlTemplate":"https:\/\/diariofemenino.com.ar\/df\/?s={search_term_string}"},"query-input":{"@type":"PropertyValueSpecification","valueRequired":true,"valueName":"search_term_string"}}],"inLanguage":"es"},{"@type":"Organization","@id":"https:\/\/diariofemenino.com.ar\/df\/#organization","name":"Diario Femenino","url":"https:\/\/diariofemenino.com.ar\/df\/","logo":{"@type":"ImageObject","inLanguage":"es","@id":"https:\/\/diariofemenino.com.ar\/df\/#\/schema\/logo\/image\/","url":"https:\/\/diariofemenino.com.ar\/df\/wp-content\/uploads\/2018\/10\/logo.png","contentUrl":"https:\/\/diariofemenino.com.ar\/df\/wp-content\/uploads\/2018\/10\/logo.png","width":500,"height":92,"caption":"Diario Femenino"},"image":{"@id":"https:\/\/diariofemenino.com.ar\/df\/#\/schema\/logo\/image\/"},"sameAs":["https:\/\/www.facebook.com\/DiarioDigitaFemenino\/","https:\/\/x.com\/DiarioFemenino1"]},{"@type":"Person","@id":"https:\/\/diariofemenino.com.ar\/df\/#\/schema\/person\/bf6199e8158c657ea6f789b11ec85509","name":"Admin","image":{"@type":"ImageObject","inLanguage":"es","@id":"https:\/\/diariofemenino.com.ar\/df\/wp-content\/uploads\/2018\/12\/favicon-150x150.jpg","url":"https:\/\/diariofemenino.com.ar\/df\/wp-content\/uploads\/2018\/12\/favicon-150x150.jpg","contentUrl":"https:\/\/diariofemenino.com.ar\/df\/wp-content\/uploads\/2018\/12\/favicon-150x150.jpg","caption":"Admin"},"url":"https:\/\/diariofemenino.com.ar\/df\/author\/lenny\/"}]}},"jetpack_featured_media_url":"https:\/\/diariofemenino.com.ar\/df\/wp-content\/uploads\/2024\/08\/GAC-VIOLENCIA-ECONOMICA-980x653-1.png","jetpack_sharing_enabled":true,"rttpg_featured_image_url":{"full":["https:\/\/diariofemenino.com.ar\/df\/wp-content\/uploads\/2024\/08\/GAC-VIOLENCIA-ECONOMICA-980x653-1.png",980,653,false],"landscape":["https:\/\/diariofemenino.com.ar\/df\/wp-content\/uploads\/2024\/08\/GAC-VIOLENCIA-ECONOMICA-980x653-1.png",980,653,false],"portraits":["https:\/\/diariofemenino.com.ar\/df\/wp-content\/uploads\/2024\/08\/GAC-VIOLENCIA-ECONOMICA-980x653-1.png",980,653,false],"thumbnail":["https:\/\/diariofemenino.com.ar\/df\/wp-content\/uploads\/2024\/08\/GAC-VIOLENCIA-ECONOMICA-980x653-1-150x150.png",150,150,true],"medium":["https:\/\/diariofemenino.com.ar\/df\/wp-content\/uploads\/2024\/08\/GAC-VIOLENCIA-ECONOMICA-980x653-1-300x200.png",300,200,true],"large":["https:\/\/diariofemenino.com.ar\/df\/wp-content\/uploads\/2024\/08\/GAC-VIOLENCIA-ECONOMICA-980x653-1.png",980,653,false],"1536x1536":["https:\/\/diariofemenino.com.ar\/df\/wp-content\/uploads\/2024\/08\/GAC-VIOLENCIA-ECONOMICA-980x653-1.png",980,653,false],"2048x2048":["https:\/\/diariofemenino.com.ar\/df\/wp-content\/uploads\/2024\/08\/GAC-VIOLENCIA-ECONOMICA-980x653-1.png",980,653,false]},"rttpg_author":{"display_name":"Admin","author_link":"https:\/\/diariofemenino.com.ar\/df\/author\/lenny\/"},"rttpg_comment":0,"rttpg_category":"<a href=\"https:\/\/diariofemenino.com.ar\/df\/category\/actividades\/\" rel=\"category tag\">Actividades<\/a> <a href=\"https:\/\/diariofemenino.com.ar\/df\/category\/articulos-y-comunicados\/\" rel=\"category tag\">Art\u00edculos y Comunicados<\/a> <a href=\"https:\/\/diariofemenino.com.ar\/df\/category\/azul-profundo\/\" rel=\"category tag\">Azul Profundo<\/a> <a href=\"https:\/\/diariofemenino.com.ar\/df\/category\/genero-y-derechos-humanos\/\" rel=\"category tag\">G\u00e9nero y Derechos Humanos<\/a> <a href=\"https:\/\/diariofemenino.com.ar\/df\/category\/medios\/\" rel=\"category tag\">Medios<\/a> <a href=\"https:\/\/diariofemenino.com.ar\/df\/category\/noticias\/\" rel=\"category tag\">Noticias<\/a> <a href=\"https:\/\/diariofemenino.com.ar\/df\/category\/salud\/\" rel=\"category tag\">Salud<\/a> <a href=\"https:\/\/diariofemenino.com.ar\/df\/category\/violencias\/\" rel=\"category tag\">Violencias<\/a>","rttpg_excerpt":"\u00bfUn poco m\u00e1s o un poco menos?. \u00bfEl monto de la prestaci\u00f3n alimentaria tiene relaci\u00f3n con la violencia econ\u00f3mica?, \u00bfen qu\u00e9 se relaciona? Por\u00a0Diego Oscar Ortiz* En la publicaci\u00f3n de un video de una actividad que particip\u00e9 recientemente sobre testimonios de experiencias de varias madres con respecto al cumplimiento de la prestaci\u00f3n alimentaria de hijas&hellip;","_links":{"self":[{"href":"https:\/\/diariofemenino.com.ar\/df\/wp-json\/wp\/v2\/posts\/73639","targetHints":{"allow":["GET"]}}],"collection":[{"href":"https:\/\/diariofemenino.com.ar\/df\/wp-json\/wp\/v2\/posts"}],"about":[{"href":"https:\/\/diariofemenino.com.ar\/df\/wp-json\/wp\/v2\/types\/post"}],"author":[{"embeddable":true,"href":"https:\/\/diariofemenino.com.ar\/df\/wp-json\/wp\/v2\/users\/4"}],"replies":[{"embeddable":true,"href":"https:\/\/diariofemenino.com.ar\/df\/wp-json\/wp\/v2\/comments?post=73639"}],"version-history":[{"count":0,"href":"https:\/\/diariofemenino.com.ar\/df\/wp-json\/wp\/v2\/posts\/73639\/revisions"}],"wp:featuredmedia":[{"embeddable":true,"href":"https:\/\/diariofemenino.com.ar\/df\/wp-json\/wp\/v2\/media\/73641"}],"wp:attachment":[{"href":"https:\/\/diariofemenino.com.ar\/df\/wp-json\/wp\/v2\/media?parent=73639"}],"wp:term":[{"taxonomy":"category","embeddable":true,"href":"https:\/\/diariofemenino.com.ar\/df\/wp-json\/wp\/v2\/categories?post=73639"},{"taxonomy":"post_tag","embeddable":true,"href":"https:\/\/diariofemenino.com.ar\/df\/wp-json\/wp\/v2\/tags?post=73639"}],"curies":[{"name":"wp","href":"https:\/\/api.w.org\/{rel}","templated":true}]}}