{"id":73612,"date":"2024-08-06T17:07:07","date_gmt":"2024-08-06T20:07:07","guid":{"rendered":"https:\/\/diariofemenino.com.ar\/df\/?p=73612"},"modified":"2024-08-06T17:22:19","modified_gmt":"2024-08-06T20:22:19","slug":"la-guerra-contra","status":"publish","type":"post","link":"https:\/\/diariofemenino.com.ar\/df\/la-guerra-contra\/","title":{"rendered":"La guerra contra las mujeres"},"content":{"rendered":"<p><strong>La guerra contra las mujeres &#8211; Rita Laura Segato<\/strong><\/p>\n<p><span style=\"color: #999999;\">(<a href=\"https:\/\/diariofemenino.com.ar\/documentos\/map45_segato_web.pdf\">Descargar<\/a> en portada)<\/span><\/p>\n<figure id=\"attachment_58366\" aria-describedby=\"caption-attachment-58366\" style=\"width: 363px\" class=\"wp-caption alignleft\"><a href=\"https:\/\/diariofemenino.com.ar\/documentos\/map45_segato_web.pdf\"><img loading=\"lazy\" decoding=\"async\" class=\"size-full wp-image-58366\" src=\"https:\/\/diariofemenino.com.ar\/df\/wp-content\/uploads\/2017\/07\/Rita-La-Guerra.jpg\" alt=\"La guerra contra las mujeres\" width=\"363\" height=\"517\" srcset=\"https:\/\/diariofemenino.com.ar\/df\/wp-content\/uploads\/2017\/07\/Rita-La-Guerra.jpg 363w, https:\/\/diariofemenino.com.ar\/df\/wp-content\/uploads\/2017\/07\/Rita-La-Guerra-211x300.jpg 211w\" sizes=\"auto, (max-width: 363px) 100vw, 363px\" \/><\/a><figcaption id=\"caption-attachment-58366\" class=\"wp-caption-text\">La guerra contra las mujeres<\/figcaption><\/figure>\n<p>Las \u00faltimas d\u00e9cadas, periodo de neoliberalismo y de giro autoritario de las formas de gobierno, han venido igualmente marcadas por una creciente violencia contra las mujeres (\u2026) \u00a0desbord\u00e1ndose all\u00ed donde el Estado se ha descompuesto en sus tradicionales funciones soberanas. El capitalismo exacerbado, producto de una modernidad-colonialidad nunca superada, se descarga ahora en las nuevas guerras contra las mujeres, destruyendo la sociedad al tiempo que sus cuerpos. Comprender este nuevo giro violento del patriarcado, que Segato considera acertadamente la primera estructura de dominaci\u00f3n en la historia de la humanidad, implica desplazarlo \u00abdel borde al centro\u00bb. De acuerdo con la autora, s\u00f3lo a partir de una revitalizaci\u00f3n de la comunidad y de una repolitizaci\u00f3n de lo dom\u00e9stico ser\u00e1 posible detener el femigenocidio hoy en marcha. Se juega en ello nada menos que el futuro de la humanidad.<\/p>\n<p><strong>#TeCuentoUnLibro &#8211; Resumen<\/strong><\/p>\n<p>\u00abLa guerra contra las mujeres\u00bb de Rita Laura Segato es un libro que analiza la violencia de g\u00e9nero en el contexto de las estructuras patriarcales y c\u00f3mo esta violencia est\u00e1 profundamente enraizada en las din\u00e1micas sociales, culturales y pol\u00edticas. Los puntos principales.<\/p>\n<p><strong>Contexto y Objetivo<\/strong><\/p>\n<p>Rita Segato, antrop\u00f3loga y feminista, busca desentra\u00f1ar las causas y manifestaciones de la violencia contra las mujeres, explorando sus dimensiones m\u00e1s all\u00e1 de los actos individuales para entenderla como un fen\u00f3meno estructural y sist\u00e9mico.<\/p>\n<p><strong>Los temas principales abordados en el libro son: <\/strong><\/p>\n<p><strong>Violencia Patriarcal<\/strong>:<\/p>\n<ol>\n<li style=\"list-style-type: none;\">\n<ul>\n<li>Segato describe la violencia de g\u00e9nero como un mecanismo de control social utilizado por las estructuras patriarcales para mantener su dominio.<\/li>\n<li>Esta violencia no es solo f\u00edsica, sino tambi\u00e9n simb\u00f3lica, psicol\u00f3gica y econ\u00f3mica.<\/li>\n<\/ul>\n<\/li>\n<\/ol>\n<p><strong>El Patriarcado y la Cultura<\/strong>:<\/p>\n<ol>\n<li style=\"list-style-type: none;\">\n<ul>\n<li>La autora destaca c\u00f3mo las culturas patriarcales perpet\u00faan la subordinaci\u00f3n de las mujeres a trav\u00e9s de narrativas y pr\u00e1cticas culturales.<\/li>\n<li>El patriarcado se reproduce en todas las esferas de la vida, incluyendo la familia, la educaci\u00f3n, los medios de comunicaci\u00f3n y las instituciones pol\u00edticas.<\/li>\n<\/ul>\n<\/li>\n<\/ol>\n<p><strong>Feminicidio y Crimen organizado<\/strong>:<\/p>\n<ol>\n<li style=\"list-style-type: none;\">\n<ul>\n<li>Segato examina el fen\u00f3meno del feminicidio, especialmente en Am\u00e9rica Latina, y lo conecta con el crimen organizado y las econom\u00edas ilegales.<\/li>\n<li>Los asesinatos de mujeres son vistos como mensajes de terror y control, dirigidos tanto a las mujeres como a la comunidad en general.<\/li>\n<\/ul>\n<\/li>\n<\/ol>\n<p><strong>La Justicia y el Estado<\/strong>:<\/p>\n<ol>\n<li style=\"list-style-type: none;\">\n<ul>\n<li>La autora critica la ineficacia del sistema judicial y del Estado para proteger a las mujeres y sancionar la violencia de g\u00e9nero.<\/li>\n<li>Propone una reconfiguraci\u00f3n de las pol\u00edticas p\u00fablicas y de justicia para abordar de manera efectiva las ra\u00edces estructurales de la violencia.<\/li>\n<\/ul>\n<\/li>\n<\/ol>\n<p><strong>Resistencia y lucha feminista<\/strong>:<\/p>\n<ol>\n<li style=\"list-style-type: none;\">\n<ul>\n<li>En este punto enfatiza en la importancia de los movimientos feministas y de mujeres en la lucha contra la violencia de g\u00e9nero.<\/li>\n<li>Destaca la necesidad de una resistencia colectiva y de la construcci\u00f3n de nuevas formas de relaci\u00f3n social basadas en la igualdad y el respeto.<\/li>\n<\/ul>\n<\/li>\n<\/ol>\n<p><strong>Conclusi\u00f3n<\/strong><\/p>\n<p>\u00abLa guerra contra las mujeres\u00bb ofrece un an\u00e1lisis profundo y complejo de la violencia de g\u00e9nero, llamando a una reflexi\u00f3n cr\u00edtica y a la acci\u00f3n colectiva para desmantelar las estructuras patriarcales. Segato invita a reimaginar una sociedad donde la igualdad y la dignidad de las mujeres sean centrales.<\/p>\n<p>Seguinos en Instagram:\u00a0<strong>Diario Digital Femenino<\/strong>\u00a0<a href=\"https:\/\/www.instagram.com\/diariodigitalfemenino_\/\">@diariodigitalfemenino_<\/a><br \/>\n<strong>Lenny C\u00e1ceres<\/strong>\u00a0<a href=\"https:\/\/www.instagram.com\/lennycaceres69\/\">@lennycaceres69<\/a><\/p>\n<p>&nbsp;<\/p>\n","protected":false},"excerpt":{"rendered":"<p>La guerra contra las mujeres &#8211; Rita Laura Segato (Descargar en portada) Las \u00faltimas d\u00e9cadas, periodo de neoliberalismo y de giro autoritario de las formas de gobierno, han venido igualmente marcadas por una creciente violencia contra las mujeres (\u2026) \u00a0desbord\u00e1ndose all\u00ed donde el Estado se ha descompuesto en sus tradicionales funciones soberanas. El capitalismo exacerbado, [&hellip;]<\/p>\n","protected":false},"author":4,"featured_media":73613,"comment_status":"open","ping_status":"open","sticky":false,"template":"","format":"standard","meta":{"iawp_total_views":113,"footnotes":""},"categories":[1067,178,19,627,1251,6,580,15,592],"tags":[741,487,6789,6745,130,1167,281,461,819],"class_list":["post-73612","post","type-post","status-publish","format-standard","has-post-thumbnail","hentry","category-agenda-feminista","category-articulos-y-comunicados","category-biblioteca","category-genero-y-derechos-humanos","category-mujeres-de-la-pampa","category-articulos","category-resistencia-verdevioleta","category-trata-de-personas","category-violencias","tag-autoritarismo","tag-estado","tag-gobiernos","tag-guerra","tag-mujeres","tag-neoliberalismo","tag-rita-segato","tag-sociedad","tag-violencias"],"nelio_content":{"autoShareEndMode":"never","automationSources":{"useCustomSentences":false,"customSentences":[]},"efiAlt":"","efiUrl":"","followers":[4],"highlights":[],"isAutoShareEnabled":true,"networkImageIds":[],"permalinkQueryArgs":[],"series":[],"suggestedReferences":[]},"yoast_head":"<!-- This site is optimized with the Yoast SEO plugin v27.5 - https:\/\/yoast.com\/product\/yoast-seo-wordpress\/ -->\n<title>La guerra contra las mujeres - Diario Digital Femenino<\/title>\n<meta name=\"description\" content=\"La guerra contra las mujeres. Las \u00faltimas d\u00e9cadas, neoliberalismo y autoritario, han venido con una creciente violencia contra las mujeres.\" \/>\n<meta name=\"robots\" content=\"index, follow, max-snippet:-1, max-image-preview:large, max-video-preview:-1\" \/>\n<link rel=\"canonical\" href=\"https:\/\/diariofemenino.com.ar\/df\/la-guerra-contra\/\" \/>\n<meta property=\"og:locale\" content=\"es_ES\" \/>\n<meta property=\"og:type\" content=\"article\" \/>\n<meta property=\"og:title\" content=\"La guerra contra las mujeres - Diario Digital Femenino\" \/>\n<meta property=\"og:description\" content=\"La guerra contra las mujeres. Las \u00faltimas d\u00e9cadas, neoliberalismo y autoritario, han venido con una creciente violencia contra las mujeres.\" \/>\n<meta property=\"og:url\" content=\"https:\/\/diariofemenino.com.ar\/df\/la-guerra-contra\/\" \/>\n<meta property=\"og:site_name\" content=\"Diario Digital Femenino\" \/>\n<meta property=\"article:publisher\" content=\"https:\/\/www.facebook.com\/DiarioDigitaFemenino\/\" \/>\n<meta property=\"article:published_time\" content=\"2024-08-06T20:07:07+00:00\" \/>\n<meta property=\"article:modified_time\" content=\"2024-08-06T20:22:19+00:00\" \/>\n<meta property=\"og:image\" content=\"https:\/\/diariofemenino.com.ar\/df\/wp-content\/uploads\/2024\/08\/La-guerra-contra-las-mujeres.jpg\" \/>\n\t<meta property=\"og:image:width\" content=\"831\" \/>\n\t<meta property=\"og:image:height\" content=\"622\" \/>\n\t<meta property=\"og:image:type\" content=\"image\/jpeg\" \/>\n<meta name=\"author\" content=\"Admin\" \/>\n<meta name=\"twitter:card\" content=\"summary_large_image\" \/>\n<meta name=\"twitter:creator\" content=\"@DiarioFemenino1\" \/>\n<meta name=\"twitter:site\" content=\"@DiarioFemenino1\" \/>\n<meta name=\"twitter:label1\" content=\"Escrito por\" \/>\n\t<meta name=\"twitter:data1\" content=\"Admin\" \/>\n\t<meta name=\"twitter:label2\" content=\"Tiempo de lectura\" \/>\n\t<meta name=\"twitter:data2\" content=\"3 minutos\" \/>\n<script type=\"application\/ld+json\" class=\"yoast-schema-graph\">{\"@context\":\"https:\\\/\\\/schema.org\",\"@graph\":[{\"@type\":\"Article\",\"@id\":\"https:\\\/\\\/diariofemenino.com.ar\\\/df\\\/la-guerra-contra\\\/#article\",\"isPartOf\":{\"@id\":\"https:\\\/\\\/diariofemenino.com.ar\\\/df\\\/la-guerra-contra\\\/\"},\"author\":{\"name\":\"Admin\",\"@id\":\"https:\\\/\\\/diariofemenino.com.ar\\\/df\\\/#\\\/schema\\\/person\\\/bf6199e8158c657ea6f789b11ec85509\"},\"headline\":\"La guerra contra las mujeres\",\"datePublished\":\"2024-08-06T20:07:07+00:00\",\"dateModified\":\"2024-08-06T20:22:19+00:00\",\"mainEntityOfPage\":{\"@id\":\"https:\\\/\\\/diariofemenino.com.ar\\\/df\\\/la-guerra-contra\\\/\"},\"wordCount\":592,\"commentCount\":0,\"publisher\":{\"@id\":\"https:\\\/\\\/diariofemenino.com.ar\\\/df\\\/#organization\"},\"image\":{\"@id\":\"https:\\\/\\\/diariofemenino.com.ar\\\/df\\\/la-guerra-contra\\\/#primaryimage\"},\"thumbnailUrl\":\"https:\\\/\\\/diariofemenino.com.ar\\\/df\\\/wp-content\\\/uploads\\\/2024\\\/08\\\/La-guerra-contra-las-mujeres.jpg\",\"keywords\":[\"Autoritarismo\",\"Estado\",\"gobiernos\",\"guerra\",\"Mujeres\",\"Neoliberalismo\",\"Rita Segato\",\"Sociedad\",\"Violencias\"],\"articleSection\":[\"Agenda Feminista\",\"Art\u00edculos y Comunicados\",\"Biblioteca Virtual\",\"G\u00e9nero y Derechos Humanos\",\"Mujeres de La Pampa\",\"Mujeres en Palabras\",\"Resistencia VerdeVioleta\",\"Trata de Pers.\",\"Violencias\"],\"inLanguage\":\"es\",\"potentialAction\":[{\"@type\":\"CommentAction\",\"name\":\"Comment\",\"target\":[\"https:\\\/\\\/diariofemenino.com.ar\\\/df\\\/la-guerra-contra\\\/#respond\"]}]},{\"@type\":\"WebPage\",\"@id\":\"https:\\\/\\\/diariofemenino.com.ar\\\/df\\\/la-guerra-contra\\\/\",\"url\":\"https:\\\/\\\/diariofemenino.com.ar\\\/df\\\/la-guerra-contra\\\/\",\"name\":\"La guerra contra las mujeres - Diario Digital Femenino\",\"isPartOf\":{\"@id\":\"https:\\\/\\\/diariofemenino.com.ar\\\/df\\\/#website\"},\"primaryImageOfPage\":{\"@id\":\"https:\\\/\\\/diariofemenino.com.ar\\\/df\\\/la-guerra-contra\\\/#primaryimage\"},\"image\":{\"@id\":\"https:\\\/\\\/diariofemenino.com.ar\\\/df\\\/la-guerra-contra\\\/#primaryimage\"},\"thumbnailUrl\":\"https:\\\/\\\/diariofemenino.com.ar\\\/df\\\/wp-content\\\/uploads\\\/2024\\\/08\\\/La-guerra-contra-las-mujeres.jpg\",\"datePublished\":\"2024-08-06T20:07:07+00:00\",\"dateModified\":\"2024-08-06T20:22:19+00:00\",\"description\":\"La guerra contra las mujeres. Las \u00faltimas d\u00e9cadas, neoliberalismo y autoritario, han venido con una creciente violencia contra las mujeres.\",\"breadcrumb\":{\"@id\":\"https:\\\/\\\/diariofemenino.com.ar\\\/df\\\/la-guerra-contra\\\/#breadcrumb\"},\"inLanguage\":\"es\",\"potentialAction\":[{\"@type\":\"ReadAction\",\"target\":[\"https:\\\/\\\/diariofemenino.com.ar\\\/df\\\/la-guerra-contra\\\/\"]}]},{\"@type\":\"ImageObject\",\"inLanguage\":\"es\",\"@id\":\"https:\\\/\\\/diariofemenino.com.ar\\\/df\\\/la-guerra-contra\\\/#primaryimage\",\"url\":\"https:\\\/\\\/diariofemenino.com.ar\\\/df\\\/wp-content\\\/uploads\\\/2024\\\/08\\\/La-guerra-contra-las-mujeres.jpg\",\"contentUrl\":\"https:\\\/\\\/diariofemenino.com.ar\\\/df\\\/wp-content\\\/uploads\\\/2024\\\/08\\\/La-guerra-contra-las-mujeres.jpg\",\"width\":831,\"height\":622,\"caption\":\"La guerra contra las mujeres\"},{\"@type\":\"BreadcrumbList\",\"@id\":\"https:\\\/\\\/diariofemenino.com.ar\\\/df\\\/la-guerra-contra\\\/#breadcrumb\",\"itemListElement\":[{\"@type\":\"ListItem\",\"position\":1,\"name\":\"Portada\",\"item\":\"https:\\\/\\\/diariofemenino.com.ar\\\/df\\\/\"},{\"@type\":\"ListItem\",\"position\":2,\"name\":\"La guerra contra las mujeres\"}]},{\"@type\":\"WebSite\",\"@id\":\"https:\\\/\\\/diariofemenino.com.ar\\\/df\\\/#website\",\"url\":\"https:\\\/\\\/diariofemenino.com.ar\\\/df\\\/\",\"name\":\"Diario Digital Femenino\",\"description\":\"Cuesti\u00f3n de G\u00e9nero\",\"publisher\":{\"@id\":\"https:\\\/\\\/diariofemenino.com.ar\\\/df\\\/#organization\"},\"potentialAction\":[{\"@type\":\"SearchAction\",\"target\":{\"@type\":\"EntryPoint\",\"urlTemplate\":\"https:\\\/\\\/diariofemenino.com.ar\\\/df\\\/?s={search_term_string}\"},\"query-input\":{\"@type\":\"PropertyValueSpecification\",\"valueRequired\":true,\"valueName\":\"search_term_string\"}}],\"inLanguage\":\"es\"},{\"@type\":\"Organization\",\"@id\":\"https:\\\/\\\/diariofemenino.com.ar\\\/df\\\/#organization\",\"name\":\"Diario Femenino\",\"url\":\"https:\\\/\\\/diariofemenino.com.ar\\\/df\\\/\",\"logo\":{\"@type\":\"ImageObject\",\"inLanguage\":\"es\",\"@id\":\"https:\\\/\\\/diariofemenino.com.ar\\\/df\\\/#\\\/schema\\\/logo\\\/image\\\/\",\"url\":\"https:\\\/\\\/diariofemenino.com.ar\\\/df\\\/wp-content\\\/uploads\\\/2018\\\/10\\\/logo.png\",\"contentUrl\":\"https:\\\/\\\/diariofemenino.com.ar\\\/df\\\/wp-content\\\/uploads\\\/2018\\\/10\\\/logo.png\",\"width\":500,\"height\":92,\"caption\":\"Diario Femenino\"},\"image\":{\"@id\":\"https:\\\/\\\/diariofemenino.com.ar\\\/df\\\/#\\\/schema\\\/logo\\\/image\\\/\"},\"sameAs\":[\"https:\\\/\\\/www.facebook.com\\\/DiarioDigitaFemenino\\\/\",\"https:\\\/\\\/x.com\\\/DiarioFemenino1\"]},{\"@type\":\"Person\",\"@id\":\"https:\\\/\\\/diariofemenino.com.ar\\\/df\\\/#\\\/schema\\\/person\\\/bf6199e8158c657ea6f789b11ec85509\",\"name\":\"Admin\",\"image\":{\"@type\":\"ImageObject\",\"inLanguage\":\"es\",\"@id\":\"https:\\\/\\\/diariofemenino.com.ar\\\/df\\\/wp-content\\\/uploads\\\/2018\\\/12\\\/favicon-150x150.jpg\",\"url\":\"https:\\\/\\\/diariofemenino.com.ar\\\/df\\\/wp-content\\\/uploads\\\/2018\\\/12\\\/favicon-150x150.jpg\",\"contentUrl\":\"https:\\\/\\\/diariofemenino.com.ar\\\/df\\\/wp-content\\\/uploads\\\/2018\\\/12\\\/favicon-150x150.jpg\",\"caption\":\"Admin\"},\"url\":\"https:\\\/\\\/diariofemenino.com.ar\\\/df\\\/author\\\/lenny\\\/\"}]}<\/script>\n<!-- \/ Yoast SEO plugin. -->","yoast_head_json":{"title":"La guerra contra las mujeres - Diario Digital Femenino","description":"La guerra contra las mujeres. Las \u00faltimas d\u00e9cadas, neoliberalismo y autoritario, han venido con una creciente violencia contra las mujeres.","robots":{"index":"index","follow":"follow","max-snippet":"max-snippet:-1","max-image-preview":"max-image-preview:large","max-video-preview":"max-video-preview:-1"},"canonical":"https:\/\/diariofemenino.com.ar\/df\/la-guerra-contra\/","og_locale":"es_ES","og_type":"article","og_title":"La guerra contra las mujeres - Diario Digital Femenino","og_description":"La guerra contra las mujeres. Las \u00faltimas d\u00e9cadas, neoliberalismo y autoritario, han venido con una creciente violencia contra las mujeres.","og_url":"https:\/\/diariofemenino.com.ar\/df\/la-guerra-contra\/","og_site_name":"Diario Digital Femenino","article_publisher":"https:\/\/www.facebook.com\/DiarioDigitaFemenino\/","article_published_time":"2024-08-06T20:07:07+00:00","article_modified_time":"2024-08-06T20:22:19+00:00","og_image":[{"width":831,"height":622,"url":"https:\/\/diariofemenino.com.ar\/df\/wp-content\/uploads\/2024\/08\/La-guerra-contra-las-mujeres.jpg","type":"image\/jpeg"}],"author":"Admin","twitter_card":"summary_large_image","twitter_creator":"@DiarioFemenino1","twitter_site":"@DiarioFemenino1","twitter_misc":{"Escrito por":"Admin","Tiempo de lectura":"3 minutos"},"schema":{"@context":"https:\/\/schema.org","@graph":[{"@type":"Article","@id":"https:\/\/diariofemenino.com.ar\/df\/la-guerra-contra\/#article","isPartOf":{"@id":"https:\/\/diariofemenino.com.ar\/df\/la-guerra-contra\/"},"author":{"name":"Admin","@id":"https:\/\/diariofemenino.com.ar\/df\/#\/schema\/person\/bf6199e8158c657ea6f789b11ec85509"},"headline":"La guerra contra las mujeres","datePublished":"2024-08-06T20:07:07+00:00","dateModified":"2024-08-06T20:22:19+00:00","mainEntityOfPage":{"@id":"https:\/\/diariofemenino.com.ar\/df\/la-guerra-contra\/"},"wordCount":592,"commentCount":0,"publisher":{"@id":"https:\/\/diariofemenino.com.ar\/df\/#organization"},"image":{"@id":"https:\/\/diariofemenino.com.ar\/df\/la-guerra-contra\/#primaryimage"},"thumbnailUrl":"https:\/\/diariofemenino.com.ar\/df\/wp-content\/uploads\/2024\/08\/La-guerra-contra-las-mujeres.jpg","keywords":["Autoritarismo","Estado","gobiernos","guerra","Mujeres","Neoliberalismo","Rita Segato","Sociedad","Violencias"],"articleSection":["Agenda Feminista","Art\u00edculos y Comunicados","Biblioteca Virtual","G\u00e9nero y Derechos Humanos","Mujeres de La Pampa","Mujeres en Palabras","Resistencia VerdeVioleta","Trata de Pers.","Violencias"],"inLanguage":"es","potentialAction":[{"@type":"CommentAction","name":"Comment","target":["https:\/\/diariofemenino.com.ar\/df\/la-guerra-contra\/#respond"]}]},{"@type":"WebPage","@id":"https:\/\/diariofemenino.com.ar\/df\/la-guerra-contra\/","url":"https:\/\/diariofemenino.com.ar\/df\/la-guerra-contra\/","name":"La guerra contra las mujeres - Diario Digital Femenino","isPartOf":{"@id":"https:\/\/diariofemenino.com.ar\/df\/#website"},"primaryImageOfPage":{"@id":"https:\/\/diariofemenino.com.ar\/df\/la-guerra-contra\/#primaryimage"},"image":{"@id":"https:\/\/diariofemenino.com.ar\/df\/la-guerra-contra\/#primaryimage"},"thumbnailUrl":"https:\/\/diariofemenino.com.ar\/df\/wp-content\/uploads\/2024\/08\/La-guerra-contra-las-mujeres.jpg","datePublished":"2024-08-06T20:07:07+00:00","dateModified":"2024-08-06T20:22:19+00:00","description":"La guerra contra las mujeres. Las \u00faltimas d\u00e9cadas, neoliberalismo y autoritario, han venido con una creciente violencia contra las mujeres.","breadcrumb":{"@id":"https:\/\/diariofemenino.com.ar\/df\/la-guerra-contra\/#breadcrumb"},"inLanguage":"es","potentialAction":[{"@type":"ReadAction","target":["https:\/\/diariofemenino.com.ar\/df\/la-guerra-contra\/"]}]},{"@type":"ImageObject","inLanguage":"es","@id":"https:\/\/diariofemenino.com.ar\/df\/la-guerra-contra\/#primaryimage","url":"https:\/\/diariofemenino.com.ar\/df\/wp-content\/uploads\/2024\/08\/La-guerra-contra-las-mujeres.jpg","contentUrl":"https:\/\/diariofemenino.com.ar\/df\/wp-content\/uploads\/2024\/08\/La-guerra-contra-las-mujeres.jpg","width":831,"height":622,"caption":"La guerra contra las mujeres"},{"@type":"BreadcrumbList","@id":"https:\/\/diariofemenino.com.ar\/df\/la-guerra-contra\/#breadcrumb","itemListElement":[{"@type":"ListItem","position":1,"name":"Portada","item":"https:\/\/diariofemenino.com.ar\/df\/"},{"@type":"ListItem","position":2,"name":"La guerra contra las mujeres"}]},{"@type":"WebSite","@id":"https:\/\/diariofemenino.com.ar\/df\/#website","url":"https:\/\/diariofemenino.com.ar\/df\/","name":"Diario Digital Femenino","description":"Cuesti\u00f3n de G\u00e9nero","publisher":{"@id":"https:\/\/diariofemenino.com.ar\/df\/#organization"},"potentialAction":[{"@type":"SearchAction","target":{"@type":"EntryPoint","urlTemplate":"https:\/\/diariofemenino.com.ar\/df\/?s={search_term_string}"},"query-input":{"@type":"PropertyValueSpecification","valueRequired":true,"valueName":"search_term_string"}}],"inLanguage":"es"},{"@type":"Organization","@id":"https:\/\/diariofemenino.com.ar\/df\/#organization","name":"Diario Femenino","url":"https:\/\/diariofemenino.com.ar\/df\/","logo":{"@type":"ImageObject","inLanguage":"es","@id":"https:\/\/diariofemenino.com.ar\/df\/#\/schema\/logo\/image\/","url":"https:\/\/diariofemenino.com.ar\/df\/wp-content\/uploads\/2018\/10\/logo.png","contentUrl":"https:\/\/diariofemenino.com.ar\/df\/wp-content\/uploads\/2018\/10\/logo.png","width":500,"height":92,"caption":"Diario Femenino"},"image":{"@id":"https:\/\/diariofemenino.com.ar\/df\/#\/schema\/logo\/image\/"},"sameAs":["https:\/\/www.facebook.com\/DiarioDigitaFemenino\/","https:\/\/x.com\/DiarioFemenino1"]},{"@type":"Person","@id":"https:\/\/diariofemenino.com.ar\/df\/#\/schema\/person\/bf6199e8158c657ea6f789b11ec85509","name":"Admin","image":{"@type":"ImageObject","inLanguage":"es","@id":"https:\/\/diariofemenino.com.ar\/df\/wp-content\/uploads\/2018\/12\/favicon-150x150.jpg","url":"https:\/\/diariofemenino.com.ar\/df\/wp-content\/uploads\/2018\/12\/favicon-150x150.jpg","contentUrl":"https:\/\/diariofemenino.com.ar\/df\/wp-content\/uploads\/2018\/12\/favicon-150x150.jpg","caption":"Admin"},"url":"https:\/\/diariofemenino.com.ar\/df\/author\/lenny\/"}]}},"jetpack_featured_media_url":"https:\/\/diariofemenino.com.ar\/df\/wp-content\/uploads\/2024\/08\/La-guerra-contra-las-mujeres.jpg","jetpack_sharing_enabled":true,"rttpg_featured_image_url":{"full":["https:\/\/diariofemenino.com.ar\/df\/wp-content\/uploads\/2024\/08\/La-guerra-contra-las-mujeres.jpg",831,622,false],"landscape":["https:\/\/diariofemenino.com.ar\/df\/wp-content\/uploads\/2024\/08\/La-guerra-contra-las-mujeres.jpg",831,622,false],"portraits":["https:\/\/diariofemenino.com.ar\/df\/wp-content\/uploads\/2024\/08\/La-guerra-contra-las-mujeres.jpg",831,622,false],"thumbnail":["https:\/\/diariofemenino.com.ar\/df\/wp-content\/uploads\/2024\/08\/La-guerra-contra-las-mujeres-150x150.jpg",150,150,true],"medium":["https:\/\/diariofemenino.com.ar\/df\/wp-content\/uploads\/2024\/08\/La-guerra-contra-las-mujeres-300x225.jpg",300,225,true],"large":["https:\/\/diariofemenino.com.ar\/df\/wp-content\/uploads\/2024\/08\/La-guerra-contra-las-mujeres.jpg",831,622,false],"1536x1536":["https:\/\/diariofemenino.com.ar\/df\/wp-content\/uploads\/2024\/08\/La-guerra-contra-las-mujeres.jpg",831,622,false],"2048x2048":["https:\/\/diariofemenino.com.ar\/df\/wp-content\/uploads\/2024\/08\/La-guerra-contra-las-mujeres.jpg",831,622,false]},"rttpg_author":{"display_name":"Admin","author_link":"https:\/\/diariofemenino.com.ar\/df\/author\/lenny\/"},"rttpg_comment":0,"rttpg_category":"<a href=\"https:\/\/diariofemenino.com.ar\/df\/category\/agenda-feminista\/\" rel=\"category tag\">Agenda Feminista<\/a> <a href=\"https:\/\/diariofemenino.com.ar\/df\/category\/articulos-y-comunicados\/\" rel=\"category tag\">Art\u00edculos y Comunicados<\/a> <a href=\"https:\/\/diariofemenino.com.ar\/df\/category\/biblioteca\/\" rel=\"category tag\">Biblioteca Virtual<\/a> <a href=\"https:\/\/diariofemenino.com.ar\/df\/category\/genero-y-derechos-humanos\/\" rel=\"category tag\">G\u00e9nero y Derechos Humanos<\/a> <a href=\"https:\/\/diariofemenino.com.ar\/df\/category\/mujeres-de-la-pampa\/\" rel=\"category tag\">Mujeres de La Pampa<\/a> <a href=\"https:\/\/diariofemenino.com.ar\/df\/category\/articulos\/\" rel=\"category tag\">Mujeres en Palabras<\/a> <a href=\"https:\/\/diariofemenino.com.ar\/df\/category\/resistencia-verdevioleta\/\" rel=\"category tag\">Resistencia VerdeVioleta<\/a> <a href=\"https:\/\/diariofemenino.com.ar\/df\/category\/trata-de-personas\/\" rel=\"category tag\">Trata de Pers.<\/a> <a href=\"https:\/\/diariofemenino.com.ar\/df\/category\/violencias\/\" rel=\"category tag\">Violencias<\/a>","rttpg_excerpt":"La guerra contra las mujeres &#8211; Rita Laura Segato (Descargar en portada) Las \u00faltimas d\u00e9cadas, periodo de neoliberalismo y de giro autoritario de las formas de gobierno, han venido igualmente marcadas por una creciente violencia contra las mujeres (\u2026) \u00a0desbord\u00e1ndose all\u00ed donde el Estado se ha descompuesto en sus tradicionales funciones soberanas. El capitalismo exacerbado,&hellip;","_links":{"self":[{"href":"https:\/\/diariofemenino.com.ar\/df\/wp-json\/wp\/v2\/posts\/73612","targetHints":{"allow":["GET"]}}],"collection":[{"href":"https:\/\/diariofemenino.com.ar\/df\/wp-json\/wp\/v2\/posts"}],"about":[{"href":"https:\/\/diariofemenino.com.ar\/df\/wp-json\/wp\/v2\/types\/post"}],"author":[{"embeddable":true,"href":"https:\/\/diariofemenino.com.ar\/df\/wp-json\/wp\/v2\/users\/4"}],"replies":[{"embeddable":true,"href":"https:\/\/diariofemenino.com.ar\/df\/wp-json\/wp\/v2\/comments?post=73612"}],"version-history":[{"count":0,"href":"https:\/\/diariofemenino.com.ar\/df\/wp-json\/wp\/v2\/posts\/73612\/revisions"}],"wp:featuredmedia":[{"embeddable":true,"href":"https:\/\/diariofemenino.com.ar\/df\/wp-json\/wp\/v2\/media\/73613"}],"wp:attachment":[{"href":"https:\/\/diariofemenino.com.ar\/df\/wp-json\/wp\/v2\/media?parent=73612"}],"wp:term":[{"taxonomy":"category","embeddable":true,"href":"https:\/\/diariofemenino.com.ar\/df\/wp-json\/wp\/v2\/categories?post=73612"},{"taxonomy":"post_tag","embeddable":true,"href":"https:\/\/diariofemenino.com.ar\/df\/wp-json\/wp\/v2\/tags?post=73612"}],"curies":[{"name":"wp","href":"https:\/\/api.w.org\/{rel}","templated":true}]}}