{"id":73502,"date":"2024-07-29T13:12:27","date_gmt":"2024-07-29T16:12:27","guid":{"rendered":"https:\/\/diariofemenino.com.ar\/df\/?p=73502"},"modified":"2024-07-29T13:22:10","modified_gmt":"2024-07-29T16:22:10","slug":"rebeldes-de-genero","status":"publish","type":"post","link":"https:\/\/diariofemenino.com.ar\/df\/rebeldes-de-genero\/","title":{"rendered":"Rebeldes de g\u00e9nero"},"content":{"rendered":"<p><strong>\u00bfQu\u00e9 es rebeldes de g\u00e9nero?<\/strong><\/p>\n<p>Rebeldes de g\u00e9nero, es una colecci\u00f3n de la Consejer\u00eda de Educaci\u00f3n, Universidades, Cultura y Deportes, que tiene como finalidad aportar recursos did\u00e1cticos innovadores y atractivos para abordar las tem\u00e1ticas clave para la prevenci\u00f3n de la violencia de g\u00e9nero con alumnado de secundaria.<\/p>\n<p>La colecci\u00f3n pretende informar, sensibilizar, despertar su curiosidad, facilitar la reflexi\u00f3n en torno\u00a0a lo personal, lo relacional y lo social. El formato y los contenidos tienen una l\u00ednea joven, din\u00e1mica, desenfada y rebelde, con la intenci\u00f3n de que puedan ser la base de diversas conversaciones y actividades con el alumnado. Esperamos que les sean de mucha utilidad.<\/p>\n<p>\u00bfY esta gu\u00eda pr\u00e1ctica de rebeldes en acci\u00f3n? Somos conscientes de que los materiales informativos y con contenidos te\u00f3ricos ven potenciada enormemente su capacidad educativa y preventiva cuando se complementan con gu\u00edas pr\u00e1cticas que facilitan su aplicaci\u00f3n en el aula.<\/p>\n<p>Por eso, el manual <strong>Rebeldes de g\u00e9nero<\/strong> en acci\u00f3n ha sido creado con el objetivo de facilitarles, inspirarles y motivarles para pasar\u2026 \u00a1de la teor\u00eda a la pr\u00e1ctica! Este manual es un complemento pedag\u00f3gico con claves y herramientas pr\u00e1cticas para, partiendo de los propios contenidos de la colecci\u00f3n, desarrollar din\u00e1micas en grupo y profundizar en los diferentes temas abordados en cada gu\u00eda: sexo, amor, parejas, masculinidades, lenguajes y cuerpos.<\/p>\n<p><strong>Descargar en portada &#8211; <a href=\"https:\/\/diariofemenino.com.ar\/df\/wp-content\/uploads\/2024\/07\/rebeldesdegenero_manual.pdf\">Biblioteca virtual<\/a><\/strong><\/p>\n<figure id=\"attachment_73504\" aria-describedby=\"caption-attachment-73504\" style=\"width: 482px\" class=\"wp-caption aligncenter\"><a href=\"https:\/\/diariofemenino.com.ar\/df\/wp-content\/uploads\/2024\/07\/rebeldesdegenero_manual.pdf\"><img loading=\"lazy\" decoding=\"async\" class=\" wp-image-73504\" src=\"https:\/\/diariofemenino.com.ar\/df\/wp-content\/uploads\/2024\/07\/Manual-1.jpg\" alt=\"Rebeldes de g\u00e9nero\" width=\"482\" height=\"545\" srcset=\"https:\/\/diariofemenino.com.ar\/df\/wp-content\/uploads\/2024\/07\/Manual-1.jpg 658w, https:\/\/diariofemenino.com.ar\/df\/wp-content\/uploads\/2024\/07\/Manual-1-266x300.jpg 266w\" sizes=\"auto, (max-width: 482px) 100vw, 482px\" \/><\/a><figcaption id=\"caption-attachment-73504\" class=\"wp-caption-text\">Rebeldes de g\u00e9nero<\/figcaption><\/figure>\n<p><strong>1- Sexo<\/strong><\/p>\n<p>\u00bfQuieres descubrir el sexo a lo grande? \u00bfQuieres vivir el sexo sin l\u00edmites?<\/p>\n<p>Genial, est\u00e1s en el sitio adecuado. En esta gu\u00eda encontrar\u00e1s los hits esenciales para darte cuenta que el sexo es muuucho m\u00e1s que lo que nos cuentan.<\/p>\n<p>Rebeldes de G\u00e9nero es una colecci\u00f3n que quiere dinamitar los estereotipos sexistas que limitan nuestra forma de estar en el mundo. \u00a1Porque queremos ser libres! Nos rebelamos ante esta cultura a\u00fan machista. Y por eso nos ponemos manos a la obra para desmontar el patriarcado, esa estructura social que distribuye de forma desigual el poder entre hombres y mujeres, basada todav\u00eda hoy en d\u00eda en el dominio, liderazgo y superioridad masculina.<\/p>\n<p>\u00a1Queremos una sociedad libre de sexismo y la queremos ahora! Por eso te proponemos pararnos a escuchar, a pensar, a darle una vuelta a las cosas.<\/p>\n<p><strong>Descargar en portada<\/strong><\/p>\n<figure id=\"attachment_73506\" aria-describedby=\"caption-attachment-73506\" style=\"width: 482px\" class=\"wp-caption aligncenter\"><a href=\"https:\/\/diariofemenino.com.ar\/df\/wp-content\/uploads\/2024\/07\/rebeldes-de-geunero-1-sexo-2020_07_05.pdf\"><img loading=\"lazy\" decoding=\"async\" class=\" wp-image-73506\" src=\"https:\/\/diariofemenino.com.ar\/df\/wp-content\/uploads\/2024\/07\/Sexo-1-1024x601.jpg\" alt=\"Rebeldes de g\u00e9nero\" width=\"482\" height=\"283\" srcset=\"https:\/\/diariofemenino.com.ar\/df\/wp-content\/uploads\/2024\/07\/Sexo-1-1024x601.jpg 1024w, https:\/\/diariofemenino.com.ar\/df\/wp-content\/uploads\/2024\/07\/Sexo-1-300x176.jpg 300w, https:\/\/diariofemenino.com.ar\/df\/wp-content\/uploads\/2024\/07\/Sexo-1-768x451.jpg 768w, https:\/\/diariofemenino.com.ar\/df\/wp-content\/uploads\/2024\/07\/Sexo-1.jpg 1343w\" sizes=\"auto, (max-width: 482px) 100vw, 482px\" \/><\/a><figcaption id=\"caption-attachment-73506\" class=\"wp-caption-text\">Rebeldes de g\u00e9nero<\/figcaption><\/figure>\n<p><strong>2- Amor<\/strong><\/p>\n<p>\u00bfQuieres vivir un amor aut\u00e9ntico? \u00bfQuieres triunfar en el amor?<\/p>\n<p>Genial, est\u00e1s en el sitio adecuado. En esta gu\u00eda encontrar\u00e1s los hits esenciales para darte cuenta que en el amor lo importante es amarse bien, bien. Rebeldes de G\u00e9nero es una colecci\u00f3n que quiere dinamitar los estereotipos sexistas que limitan nuestra forma de estar en el mundo. \u00a1Porque queremos ser libres! Nos rebelamos ante esta cultura a\u00fan machista. Y por eso nos ponemos manos a la obra para desmontar el patriarcado, esa estructura social que distribuye de forma desigual el poder entre hombres y mujeres, basada todav\u00eda hoy en d\u00eda en el dominio, liderazgo y superioridad masculina.<\/p>\n<p>\u00a1Queremos una sociedad libre de sexismo y la queremos ahora! Por eso te proponemos pararnos a escuchar, a pensar, a darle una vuelta a las cosas.<\/p>\n<p><strong>Descargar en portada<\/strong><\/p>\n<figure id=\"attachment_73514\" aria-describedby=\"caption-attachment-73514\" style=\"width: 482px\" class=\"wp-caption aligncenter\"><a href=\"https:\/\/diariofemenino.com.ar\/df\/wp-content\/uploads\/2024\/07\/rebeldes-de-geunero-2-amor-2021_02_15.pdf\"><img loading=\"lazy\" decoding=\"async\" class=\" wp-image-73514\" src=\"https:\/\/diariofemenino.com.ar\/df\/wp-content\/uploads\/2024\/07\/Amor-2-1024x607.jpg\" alt=\"Rebeldes de g\u00e9nero\" width=\"482\" height=\"285\" srcset=\"https:\/\/diariofemenino.com.ar\/df\/wp-content\/uploads\/2024\/07\/Amor-2-1024x607.jpg 1024w, https:\/\/diariofemenino.com.ar\/df\/wp-content\/uploads\/2024\/07\/Amor-2-300x178.jpg 300w, https:\/\/diariofemenino.com.ar\/df\/wp-content\/uploads\/2024\/07\/Amor-2-768x455.jpg 768w, https:\/\/diariofemenino.com.ar\/df\/wp-content\/uploads\/2024\/07\/Amor-2.jpg 1341w\" sizes=\"auto, (max-width: 482px) 100vw, 482px\" \/><\/a><figcaption id=\"caption-attachment-73514\" class=\"wp-caption-text\">Rebeldes de g\u00e9nero<\/figcaption><\/figure>\n<p><strong>3- Masculinidades<\/strong><\/p>\n<p>\u00bfQuieres ser un hombre de este siglo? \u00bfPasar del rollito macho alfa?<\/p>\n<p>Genial, est\u00e1s en el sitio adecuado. En esta gu\u00eda encontrar\u00e1s los hits para lograr masculinidades nuevas, igualitarias y valientes. Rebeldes de G\u00e9nero es una colecci\u00f3n que quiere dinamitar los estereotipos sexistas que limitan nuestra forma de estar en el mundo. \u00a1Porque queremos ser libres! Nos rebelamos ante esta cultura a\u00fan machista.<\/p>\n<p>Y por eso nos ponemos manos a la obra para desmontar el patriarcado, esa estructura social que distribuye de forma desigual el poder entre hombres y mujeres, basada todav\u00eda hoy en d\u00eda en el dominio, liderazgo y superioridad masculina.<\/p>\n<p>\u00a1Queremos una sociedad libre de sexismo y la queremos ahora! Por eso te proponemos pararnos a escuchar, a pensar, a darle una vuelta a las cosas.<\/p>\n<p><strong>Descargar en portada<br \/>\n<\/strong><\/p>\n<figure id=\"attachment_73515\" aria-describedby=\"caption-attachment-73515\" style=\"width: 482px\" class=\"wp-caption aligncenter\"><a href=\"https:\/\/diariofemenino.com.ar\/df\/wp-content\/uploads\/2024\/07\/rebeldes-de-geunero-3-masculinidades-2021_03_01.pdf\"><img loading=\"lazy\" decoding=\"async\" class=\" wp-image-73515\" src=\"https:\/\/diariofemenino.com.ar\/df\/wp-content\/uploads\/2024\/07\/Masculinidades-3-1024x613.jpg\" alt=\"Rebeldes de g\u00e9nero\" width=\"482\" height=\"288\" srcset=\"https:\/\/diariofemenino.com.ar\/df\/wp-content\/uploads\/2024\/07\/Masculinidades-3-1024x613.jpg 1024w, https:\/\/diariofemenino.com.ar\/df\/wp-content\/uploads\/2024\/07\/Masculinidades-3-300x180.jpg 300w, https:\/\/diariofemenino.com.ar\/df\/wp-content\/uploads\/2024\/07\/Masculinidades-3-768x460.jpg 768w, https:\/\/diariofemenino.com.ar\/df\/wp-content\/uploads\/2024\/07\/Masculinidades-3.jpg 1328w\" sizes=\"auto, (max-width: 482px) 100vw, 482px\" \/><\/a><figcaption id=\"caption-attachment-73515\" class=\"wp-caption-text\">Rebeldes de g\u00e9nero<\/figcaption><\/figure>\n<p><strong>4- Parejas<\/strong><\/p>\n<p>\u00bfQuieres vivir relaciones 100% disfrutables? \u00bfQuieres pasar de malos rollos?<\/p>\n<p>Genial, est\u00e1s en el sitio adecuado. En esta gu\u00eda encontrar\u00e1s los hits esenciales para crear parejas aut\u00e9nticas, libres y en igualdad. Rebeldes de G\u00e9nero es una colecci\u00f3n que quiere dinamitar los estereotipos sexistas que limitan nuestra forma de estar en el mundo. \u00a1Porque queremos ser libres! Nos rebelamos ante esta cultura a\u00fan machista.<\/p>\n<p>Y por eso nos ponemos manos a la obra para desmontar el patriarcado, esa estructura social que distribuye de forma desigual el poder entre hombres y mujeres, basada todav\u00eda hoy en d\u00eda en el dominio, liderazgo y superioridad masculina.<\/p>\n<p>\u00a1Queremos una sociedad libre de sexismo y la queremos ahora! Por eso te proponemos pararnos a escuchar, a pensar, a darle una vuelta a las cosas.<\/p>\n<p><strong>Descargar en portada<\/strong><\/p>\n<figure id=\"attachment_73516\" aria-describedby=\"caption-attachment-73516\" style=\"width: 462px\" class=\"wp-caption aligncenter\"><a href=\"https:\/\/diariofemenino.com.ar\/df\/wp-content\/uploads\/2024\/07\/rebeldes-de-geunero-4-parejas-2021_02_15.pdf\"><img loading=\"lazy\" decoding=\"async\" class=\" wp-image-73516\" src=\"https:\/\/diariofemenino.com.ar\/df\/wp-content\/uploads\/2024\/07\/Parejas-4-1024x612.jpg\" alt=\"Rebeldes de g\u00e9nero\" width=\"462\" height=\"276\" srcset=\"https:\/\/diariofemenino.com.ar\/df\/wp-content\/uploads\/2024\/07\/Parejas-4-1024x612.jpg 1024w, https:\/\/diariofemenino.com.ar\/df\/wp-content\/uploads\/2024\/07\/Parejas-4-300x179.jpg 300w, https:\/\/diariofemenino.com.ar\/df\/wp-content\/uploads\/2024\/07\/Parejas-4-768x459.jpg 768w, https:\/\/diariofemenino.com.ar\/df\/wp-content\/uploads\/2024\/07\/Parejas-4.jpg 1322w\" sizes=\"auto, (max-width: 462px) 100vw, 462px\" \/><\/a><figcaption id=\"caption-attachment-73516\" class=\"wp-caption-text\">Rebeldes de g\u00e9nero<\/figcaption><\/figure>\n<p><strong>5- Lenguajes<\/strong><\/p>\n<p>\u00bfQuieres comunicarte de forma correcta, comprensible y feminista? \u00bfSabes que tus lenguajes importan para conseguir la igualdad?<\/p>\n<p>En esta gu\u00eda cuidamos nuestro lenguaje \u00a1porque lo dice todo! Rebeldes de G\u00e9nero es una colecci\u00f3n que quiere dinamitar los estereotipos sexistas que limitan nuestra forma de estar en el mundo. \u00a1Porque queremos ser libres!<\/p>\n<p>Nos rebelamos ante esta cultura a\u00fan machista. Y por eso nos ponemos manos a la obra para desmontar el patriarcado, esa estructura social que distribuye de forma desigual el poder entre hombres y mujeres, basada todav\u00eda hoy en d\u00eda en el dominio, liderazgo y superioridad masculina.<\/p>\n<p>\u00a1Queremos una sociedad libre de sexismo y la queremos ahora! Por eso te proponemos pararnos a escuchar, a pensar, a darle una vuelta a las cosas.<\/p>\n<p><strong>Descargar en portada<\/strong><\/p>\n<figure id=\"attachment_73517\" aria-describedby=\"caption-attachment-73517\" style=\"width: 482px\" class=\"wp-caption aligncenter\"><a href=\"https:\/\/diariofemenino.com.ar\/df\/wp-content\/uploads\/2024\/07\/rebeldes-de-geunero-5-lenguajes-2020_07_06.pdf\"><img loading=\"lazy\" decoding=\"async\" class=\" wp-image-73517\" src=\"https:\/\/diariofemenino.com.ar\/df\/wp-content\/uploads\/2024\/07\/Lenguajes-5-1024x614.jpg\" alt=\"Rebeldes de g\u00e9nero\" width=\"482\" height=\"289\" srcset=\"https:\/\/diariofemenino.com.ar\/df\/wp-content\/uploads\/2024\/07\/Lenguajes-5-1024x614.jpg 1024w, https:\/\/diariofemenino.com.ar\/df\/wp-content\/uploads\/2024\/07\/Lenguajes-5-300x180.jpg 300w, https:\/\/diariofemenino.com.ar\/df\/wp-content\/uploads\/2024\/07\/Lenguajes-5-768x460.jpg 768w, https:\/\/diariofemenino.com.ar\/df\/wp-content\/uploads\/2024\/07\/Lenguajes-5.jpg 1333w\" sizes=\"auto, (max-width: 482px) 100vw, 482px\" \/><\/a><figcaption id=\"caption-attachment-73517\" class=\"wp-caption-text\">Rebeldes de g\u00e9nero<\/figcaption><\/figure>\n<p><strong>6- Cuerpos<\/strong><\/p>\n<p>\u00bfLuchas contra tu cuerpo en vez de disfrutarlo? \u00bfTrabe total ante la dictadura del espejo y de tanto postureo?<\/p>\n<p>Con esta gu\u00eda descubrir\u00e1s las violencias sobre nuestros cuerpos, las que nos hacen y las que nos hacemos\u2026 \u00a1para rebelarte contra ellas!<\/p>\n<p>Rebeldes de G\u00e9nero es una colecci\u00f3n que quiere dinamitar los estereotipos sexistas que limitan nuestra forma de estar en el mundo. \u00a1Porque queremos ser libres!<\/p>\n<p>Nos rebelamos ante esta cultura a\u00fan machista. Y por eso nos ponemos manos a la obra para desmontar el patriarcado, esa estructura social que distribuye de forma desigual el poder entre hombres y mujeres, basada todav\u00eda hoy en d\u00eda en el dominio, liderazgo y superioridad masculina.<\/p>\n<p>\u00a1Queremos una sociedad libre de sexismo y la queremos ahora! Por eso te proponemos pararnos a escuchar, a pensar, a darle una vuelta a las cosas.<\/p>\n<p><strong>Descargar en portada<\/strong><\/p>\n<figure id=\"attachment_73518\" aria-describedby=\"caption-attachment-73518\" style=\"width: 482px\" class=\"wp-caption aligncenter\"><a href=\"https:\/\/diariofemenino.com.ar\/df\/wp-content\/uploads\/2024\/07\/rebeldes-de-geunero-6-cuerpos-2021_02_15.pdf\"><img loading=\"lazy\" decoding=\"async\" class=\" wp-image-73518\" src=\"https:\/\/diariofemenino.com.ar\/df\/wp-content\/uploads\/2024\/07\/Cuerpos-6-1024x613.jpg\" alt=\"Rebeldes de g\u00e9nero\" width=\"482\" height=\"288\" srcset=\"https:\/\/diariofemenino.com.ar\/df\/wp-content\/uploads\/2024\/07\/Cuerpos-6-1024x613.jpg 1024w, https:\/\/diariofemenino.com.ar\/df\/wp-content\/uploads\/2024\/07\/Cuerpos-6-300x180.jpg 300w, https:\/\/diariofemenino.com.ar\/df\/wp-content\/uploads\/2024\/07\/Cuerpos-6-768x460.jpg 768w, https:\/\/diariofemenino.com.ar\/df\/wp-content\/uploads\/2024\/07\/Cuerpos-6.jpg 1329w\" sizes=\"auto, (max-width: 482px) 100vw, 482px\" \/><\/a><figcaption id=\"caption-attachment-73518\" class=\"wp-caption-text\">Rebeldes de g\u00e9nero<\/figcaption><\/figure>\n<p>&nbsp;<\/p>\n<blockquote><p><strong>Seguinos en Instagram\u00a0<a href=\"https:\/\/www.instagram.com\/diariodigitalfemenino_\/\">@diariodigitalfemenino_<\/a><\/strong><br \/>\n<strong><a href=\"https:\/\/www.instagram.com\/lennycaceres69\/\">@lennycaceres69<\/a><\/strong><\/p><\/blockquote>\n<p><img loading=\"lazy\" decoding=\"async\" class=\"aligncenter wp-image-73520\" src=\"https:\/\/diariofemenino.com.ar\/df\/wp-content\/uploads\/2024\/07\/Cuerpos-7.jpg\" alt=\"\" width=\"576\" height=\"290\" srcset=\"https:\/\/diariofemenino.com.ar\/df\/wp-content\/uploads\/2024\/07\/Cuerpos-7.jpg 958w, https:\/\/diariofemenino.com.ar\/df\/wp-content\/uploads\/2024\/07\/Cuerpos-7-300x151.jpg 300w, https:\/\/diariofemenino.com.ar\/df\/wp-content\/uploads\/2024\/07\/Cuerpos-7-768x387.jpg 768w\" sizes=\"auto, (max-width: 576px) 100vw, 576px\" \/><\/p>\n","protected":false},"excerpt":{"rendered":"<p>\u00bfQu\u00e9 es rebeldes de g\u00e9nero? Rebeldes de g\u00e9nero, es una colecci\u00f3n de la Consejer\u00eda de Educaci\u00f3n, Universidades, Cultura y Deportes, que tiene como finalidad aportar recursos did\u00e1cticos innovadores y atractivos para abordar las tem\u00e1ticas clave para la prevenci\u00f3n de la violencia de g\u00e9nero con alumnado de secundaria. La colecci\u00f3n pretende informar, sensibilizar, despertar su curiosidad, [&hellip;]<\/p>\n","protected":false},"author":4,"featured_media":73513,"comment_status":"open","ping_status":"open","sticky":false,"template":"","format":"standard","meta":{"iawp_total_views":48,"footnotes":""},"categories":[7,1067,581,19,627,78,481,4,21,23],"tags":[6813,2889,429,616,6984,73,6983,2491,6982,1547,2675],"class_list":["post-73502","post","type-post","status-publish","format-standard","has-post-thumbnail","hentry","category-actividades","category-agenda-feminista","category-azul-profundo","category-biblioteca","category-genero-y-derechos-humanos","category-guias","category-manuales","category-medios","category-noticias","category-salud","tag-accion","tag-amor","tag-cuerpos","tag-genero","tag-lenguajes","tag-masculinidades","tag-parejas","tag-practica","tag-rebeldes","tag-sexo","tag-teoria"],"nelio_content":{"autoShareEndMode":"never","automationSources":{"useCustomSentences":false,"customSentences":[]},"efiAlt":"","efiUrl":"","followers":[4],"highlights":[],"isAutoShareEnabled":true,"networkImageIds":[],"permalinkQueryArgs":[],"series":[],"suggestedReferences":[]},"yoast_head":"<!-- This site is optimized with the Yoast SEO plugin v27.4 - https:\/\/yoast.com\/product\/yoast-seo-wordpress\/ -->\n<title>Rebeldes de g\u00e9nero - Diario Digital Femenino<\/title>\n<meta name=\"description\" content=\"Rebeldes de g\u00e9nero es una colecci\u00f3n que tiene como finalidad aportar recursos did\u00e1cticos innovadores y atractivos para abordar las tem\u00e1ticas.\" \/>\n<meta name=\"robots\" content=\"index, follow, max-snippet:-1, max-image-preview:large, max-video-preview:-1\" \/>\n<link rel=\"canonical\" href=\"https:\/\/diariofemenino.com.ar\/df\/rebeldes-de-genero\/\" \/>\n<meta property=\"og:locale\" content=\"es_ES\" \/>\n<meta property=\"og:type\" content=\"article\" \/>\n<meta property=\"og:title\" content=\"Rebeldes de g\u00e9nero - Diario Digital Femenino\" \/>\n<meta property=\"og:description\" content=\"Rebeldes de g\u00e9nero es una colecci\u00f3n que tiene como finalidad aportar recursos did\u00e1cticos innovadores y atractivos para abordar las tem\u00e1ticas.\" \/>\n<meta property=\"og:url\" content=\"https:\/\/diariofemenino.com.ar\/df\/rebeldes-de-genero\/\" \/>\n<meta property=\"og:site_name\" content=\"Diario Digital Femenino\" \/>\n<meta property=\"article:publisher\" content=\"https:\/\/www.facebook.com\/DiarioDigitaFemenino\/\" \/>\n<meta property=\"article:published_time\" content=\"2024-07-29T16:12:27+00:00\" \/>\n<meta property=\"article:modified_time\" content=\"2024-07-29T16:22:10+00:00\" \/>\n<meta property=\"og:image\" content=\"https:\/\/diariofemenino.com.ar\/df\/wp-content\/uploads\/2024\/07\/card_rebeldesdegenero_cartela2_centros.png\" \/>\n\t<meta property=\"og:image:width\" content=\"451\" \/>\n\t<meta property=\"og:image:height\" content=\"258\" \/>\n\t<meta property=\"og:image:type\" content=\"image\/png\" \/>\n<meta name=\"author\" content=\"Admin\" \/>\n<meta name=\"twitter:card\" content=\"summary_large_image\" \/>\n<meta name=\"twitter:creator\" content=\"@DiarioFemenino1\" \/>\n<meta name=\"twitter:site\" content=\"@DiarioFemenino1\" \/>\n<meta name=\"twitter:label1\" content=\"Escrito por\" \/>\n\t<meta name=\"twitter:data1\" content=\"Admin\" \/>\n\t<meta name=\"twitter:label2\" content=\"Tiempo de lectura\" \/>\n\t<meta name=\"twitter:data2\" content=\"7 minutos\" \/>\n<script type=\"application\/ld+json\" class=\"yoast-schema-graph\">{\"@context\":\"https:\\\/\\\/schema.org\",\"@graph\":[{\"@type\":\"Article\",\"@id\":\"https:\\\/\\\/diariofemenino.com.ar\\\/df\\\/rebeldes-de-genero\\\/#article\",\"isPartOf\":{\"@id\":\"https:\\\/\\\/diariofemenino.com.ar\\\/df\\\/rebeldes-de-genero\\\/\"},\"author\":{\"name\":\"Admin\",\"@id\":\"https:\\\/\\\/diariofemenino.com.ar\\\/df\\\/#\\\/schema\\\/person\\\/bf6199e8158c657ea6f789b11ec85509\"},\"headline\":\"Rebeldes de g\u00e9nero\",\"datePublished\":\"2024-07-29T16:12:27+00:00\",\"dateModified\":\"2024-07-29T16:22:10+00:00\",\"mainEntityOfPage\":{\"@id\":\"https:\\\/\\\/diariofemenino.com.ar\\\/df\\\/rebeldes-de-genero\\\/\"},\"wordCount\":1203,\"commentCount\":0,\"publisher\":{\"@id\":\"https:\\\/\\\/diariofemenino.com.ar\\\/df\\\/#organization\"},\"image\":{\"@id\":\"https:\\\/\\\/diariofemenino.com.ar\\\/df\\\/rebeldes-de-genero\\\/#primaryimage\"},\"thumbnailUrl\":\"https:\\\/\\\/diariofemenino.com.ar\\\/df\\\/wp-content\\\/uploads\\\/2024\\\/07\\\/card_rebeldesdegenero_cartela2_centros.png\",\"keywords\":[\"acci\u00f3n\",\"Amor\",\"Cuerpos\",\"G\u00e9nero\",\"lenguajes\",\"Masculinidades\",\"parejas\",\"Pr\u00e1ctica\",\"rebeldes\",\"Sexo\",\"Teor\u00eda\"],\"articleSection\":[\"Actividades\",\"Agenda Feminista\",\"Azul Profundo\",\"Biblioteca Virtual\",\"G\u00e9nero y Derechos Humanos\",\"Gu\u00edas\",\"Manuales\",\"Medios\",\"Noticias\",\"Salud\"],\"inLanguage\":\"es\",\"potentialAction\":[{\"@type\":\"CommentAction\",\"name\":\"Comment\",\"target\":[\"https:\\\/\\\/diariofemenino.com.ar\\\/df\\\/rebeldes-de-genero\\\/#respond\"]}]},{\"@type\":\"WebPage\",\"@id\":\"https:\\\/\\\/diariofemenino.com.ar\\\/df\\\/rebeldes-de-genero\\\/\",\"url\":\"https:\\\/\\\/diariofemenino.com.ar\\\/df\\\/rebeldes-de-genero\\\/\",\"name\":\"Rebeldes de g\u00e9nero - Diario Digital Femenino\",\"isPartOf\":{\"@id\":\"https:\\\/\\\/diariofemenino.com.ar\\\/df\\\/#website\"},\"primaryImageOfPage\":{\"@id\":\"https:\\\/\\\/diariofemenino.com.ar\\\/df\\\/rebeldes-de-genero\\\/#primaryimage\"},\"image\":{\"@id\":\"https:\\\/\\\/diariofemenino.com.ar\\\/df\\\/rebeldes-de-genero\\\/#primaryimage\"},\"thumbnailUrl\":\"https:\\\/\\\/diariofemenino.com.ar\\\/df\\\/wp-content\\\/uploads\\\/2024\\\/07\\\/card_rebeldesdegenero_cartela2_centros.png\",\"datePublished\":\"2024-07-29T16:12:27+00:00\",\"dateModified\":\"2024-07-29T16:22:10+00:00\",\"description\":\"Rebeldes de g\u00e9nero es una colecci\u00f3n que tiene como finalidad aportar recursos did\u00e1cticos innovadores y atractivos para abordar las tem\u00e1ticas.\",\"breadcrumb\":{\"@id\":\"https:\\\/\\\/diariofemenino.com.ar\\\/df\\\/rebeldes-de-genero\\\/#breadcrumb\"},\"inLanguage\":\"es\",\"potentialAction\":[{\"@type\":\"ReadAction\",\"target\":[\"https:\\\/\\\/diariofemenino.com.ar\\\/df\\\/rebeldes-de-genero\\\/\"]}]},{\"@type\":\"ImageObject\",\"inLanguage\":\"es\",\"@id\":\"https:\\\/\\\/diariofemenino.com.ar\\\/df\\\/rebeldes-de-genero\\\/#primaryimage\",\"url\":\"https:\\\/\\\/diariofemenino.com.ar\\\/df\\\/wp-content\\\/uploads\\\/2024\\\/07\\\/card_rebeldesdegenero_cartela2_centros.png\",\"contentUrl\":\"https:\\\/\\\/diariofemenino.com.ar\\\/df\\\/wp-content\\\/uploads\\\/2024\\\/07\\\/card_rebeldesdegenero_cartela2_centros.png\",\"width\":451,\"height\":258,\"caption\":\"Rebeldes de g\u00e9nero\"},{\"@type\":\"BreadcrumbList\",\"@id\":\"https:\\\/\\\/diariofemenino.com.ar\\\/df\\\/rebeldes-de-genero\\\/#breadcrumb\",\"itemListElement\":[{\"@type\":\"ListItem\",\"position\":1,\"name\":\"Portada\",\"item\":\"https:\\\/\\\/diariofemenino.com.ar\\\/df\\\/\"},{\"@type\":\"ListItem\",\"position\":2,\"name\":\"Rebeldes de g\u00e9nero\"}]},{\"@type\":\"WebSite\",\"@id\":\"https:\\\/\\\/diariofemenino.com.ar\\\/df\\\/#website\",\"url\":\"https:\\\/\\\/diariofemenino.com.ar\\\/df\\\/\",\"name\":\"Diario Digital Femenino\",\"description\":\"Cuesti\u00f3n de G\u00e9nero\",\"publisher\":{\"@id\":\"https:\\\/\\\/diariofemenino.com.ar\\\/df\\\/#organization\"},\"potentialAction\":[{\"@type\":\"SearchAction\",\"target\":{\"@type\":\"EntryPoint\",\"urlTemplate\":\"https:\\\/\\\/diariofemenino.com.ar\\\/df\\\/?s={search_term_string}\"},\"query-input\":{\"@type\":\"PropertyValueSpecification\",\"valueRequired\":true,\"valueName\":\"search_term_string\"}}],\"inLanguage\":\"es\"},{\"@type\":\"Organization\",\"@id\":\"https:\\\/\\\/diariofemenino.com.ar\\\/df\\\/#organization\",\"name\":\"Diario Femenino\",\"url\":\"https:\\\/\\\/diariofemenino.com.ar\\\/df\\\/\",\"logo\":{\"@type\":\"ImageObject\",\"inLanguage\":\"es\",\"@id\":\"https:\\\/\\\/diariofemenino.com.ar\\\/df\\\/#\\\/schema\\\/logo\\\/image\\\/\",\"url\":\"https:\\\/\\\/diariofemenino.com.ar\\\/df\\\/wp-content\\\/uploads\\\/2018\\\/10\\\/logo.png\",\"contentUrl\":\"https:\\\/\\\/diariofemenino.com.ar\\\/df\\\/wp-content\\\/uploads\\\/2018\\\/10\\\/logo.png\",\"width\":500,\"height\":92,\"caption\":\"Diario Femenino\"},\"image\":{\"@id\":\"https:\\\/\\\/diariofemenino.com.ar\\\/df\\\/#\\\/schema\\\/logo\\\/image\\\/\"},\"sameAs\":[\"https:\\\/\\\/www.facebook.com\\\/DiarioDigitaFemenino\\\/\",\"https:\\\/\\\/x.com\\\/DiarioFemenino1\"]},{\"@type\":\"Person\",\"@id\":\"https:\\\/\\\/diariofemenino.com.ar\\\/df\\\/#\\\/schema\\\/person\\\/bf6199e8158c657ea6f789b11ec85509\",\"name\":\"Admin\",\"image\":{\"@type\":\"ImageObject\",\"inLanguage\":\"es\",\"@id\":\"https:\\\/\\\/diariofemenino.com.ar\\\/df\\\/wp-content\\\/uploads\\\/2018\\\/12\\\/favicon-150x150.jpg\",\"url\":\"https:\\\/\\\/diariofemenino.com.ar\\\/df\\\/wp-content\\\/uploads\\\/2018\\\/12\\\/favicon-150x150.jpg\",\"contentUrl\":\"https:\\\/\\\/diariofemenino.com.ar\\\/df\\\/wp-content\\\/uploads\\\/2018\\\/12\\\/favicon-150x150.jpg\",\"caption\":\"Admin\"},\"url\":\"https:\\\/\\\/diariofemenino.com.ar\\\/df\\\/author\\\/lenny\\\/\"}]}<\/script>\n<!-- \/ Yoast SEO plugin. -->","yoast_head_json":{"title":"Rebeldes de g\u00e9nero - Diario Digital Femenino","description":"Rebeldes de g\u00e9nero es una colecci\u00f3n que tiene como finalidad aportar recursos did\u00e1cticos innovadores y atractivos para abordar las tem\u00e1ticas.","robots":{"index":"index","follow":"follow","max-snippet":"max-snippet:-1","max-image-preview":"max-image-preview:large","max-video-preview":"max-video-preview:-1"},"canonical":"https:\/\/diariofemenino.com.ar\/df\/rebeldes-de-genero\/","og_locale":"es_ES","og_type":"article","og_title":"Rebeldes de g\u00e9nero - Diario Digital Femenino","og_description":"Rebeldes de g\u00e9nero es una colecci\u00f3n que tiene como finalidad aportar recursos did\u00e1cticos innovadores y atractivos para abordar las tem\u00e1ticas.","og_url":"https:\/\/diariofemenino.com.ar\/df\/rebeldes-de-genero\/","og_site_name":"Diario Digital Femenino","article_publisher":"https:\/\/www.facebook.com\/DiarioDigitaFemenino\/","article_published_time":"2024-07-29T16:12:27+00:00","article_modified_time":"2024-07-29T16:22:10+00:00","og_image":[{"width":451,"height":258,"url":"https:\/\/diariofemenino.com.ar\/df\/wp-content\/uploads\/2024\/07\/card_rebeldesdegenero_cartela2_centros.png","type":"image\/png"}],"author":"Admin","twitter_card":"summary_large_image","twitter_creator":"@DiarioFemenino1","twitter_site":"@DiarioFemenino1","twitter_misc":{"Escrito por":"Admin","Tiempo de lectura":"7 minutos"},"schema":{"@context":"https:\/\/schema.org","@graph":[{"@type":"Article","@id":"https:\/\/diariofemenino.com.ar\/df\/rebeldes-de-genero\/#article","isPartOf":{"@id":"https:\/\/diariofemenino.com.ar\/df\/rebeldes-de-genero\/"},"author":{"name":"Admin","@id":"https:\/\/diariofemenino.com.ar\/df\/#\/schema\/person\/bf6199e8158c657ea6f789b11ec85509"},"headline":"Rebeldes de g\u00e9nero","datePublished":"2024-07-29T16:12:27+00:00","dateModified":"2024-07-29T16:22:10+00:00","mainEntityOfPage":{"@id":"https:\/\/diariofemenino.com.ar\/df\/rebeldes-de-genero\/"},"wordCount":1203,"commentCount":0,"publisher":{"@id":"https:\/\/diariofemenino.com.ar\/df\/#organization"},"image":{"@id":"https:\/\/diariofemenino.com.ar\/df\/rebeldes-de-genero\/#primaryimage"},"thumbnailUrl":"https:\/\/diariofemenino.com.ar\/df\/wp-content\/uploads\/2024\/07\/card_rebeldesdegenero_cartela2_centros.png","keywords":["acci\u00f3n","Amor","Cuerpos","G\u00e9nero","lenguajes","Masculinidades","parejas","Pr\u00e1ctica","rebeldes","Sexo","Teor\u00eda"],"articleSection":["Actividades","Agenda Feminista","Azul Profundo","Biblioteca Virtual","G\u00e9nero y Derechos Humanos","Gu\u00edas","Manuales","Medios","Noticias","Salud"],"inLanguage":"es","potentialAction":[{"@type":"CommentAction","name":"Comment","target":["https:\/\/diariofemenino.com.ar\/df\/rebeldes-de-genero\/#respond"]}]},{"@type":"WebPage","@id":"https:\/\/diariofemenino.com.ar\/df\/rebeldes-de-genero\/","url":"https:\/\/diariofemenino.com.ar\/df\/rebeldes-de-genero\/","name":"Rebeldes de g\u00e9nero - Diario Digital Femenino","isPartOf":{"@id":"https:\/\/diariofemenino.com.ar\/df\/#website"},"primaryImageOfPage":{"@id":"https:\/\/diariofemenino.com.ar\/df\/rebeldes-de-genero\/#primaryimage"},"image":{"@id":"https:\/\/diariofemenino.com.ar\/df\/rebeldes-de-genero\/#primaryimage"},"thumbnailUrl":"https:\/\/diariofemenino.com.ar\/df\/wp-content\/uploads\/2024\/07\/card_rebeldesdegenero_cartela2_centros.png","datePublished":"2024-07-29T16:12:27+00:00","dateModified":"2024-07-29T16:22:10+00:00","description":"Rebeldes de g\u00e9nero es una colecci\u00f3n que tiene como finalidad aportar recursos did\u00e1cticos innovadores y atractivos para abordar las tem\u00e1ticas.","breadcrumb":{"@id":"https:\/\/diariofemenino.com.ar\/df\/rebeldes-de-genero\/#breadcrumb"},"inLanguage":"es","potentialAction":[{"@type":"ReadAction","target":["https:\/\/diariofemenino.com.ar\/df\/rebeldes-de-genero\/"]}]},{"@type":"ImageObject","inLanguage":"es","@id":"https:\/\/diariofemenino.com.ar\/df\/rebeldes-de-genero\/#primaryimage","url":"https:\/\/diariofemenino.com.ar\/df\/wp-content\/uploads\/2024\/07\/card_rebeldesdegenero_cartela2_centros.png","contentUrl":"https:\/\/diariofemenino.com.ar\/df\/wp-content\/uploads\/2024\/07\/card_rebeldesdegenero_cartela2_centros.png","width":451,"height":258,"caption":"Rebeldes de g\u00e9nero"},{"@type":"BreadcrumbList","@id":"https:\/\/diariofemenino.com.ar\/df\/rebeldes-de-genero\/#breadcrumb","itemListElement":[{"@type":"ListItem","position":1,"name":"Portada","item":"https:\/\/diariofemenino.com.ar\/df\/"},{"@type":"ListItem","position":2,"name":"Rebeldes de g\u00e9nero"}]},{"@type":"WebSite","@id":"https:\/\/diariofemenino.com.ar\/df\/#website","url":"https:\/\/diariofemenino.com.ar\/df\/","name":"Diario Digital Femenino","description":"Cuesti\u00f3n de G\u00e9nero","publisher":{"@id":"https:\/\/diariofemenino.com.ar\/df\/#organization"},"potentialAction":[{"@type":"SearchAction","target":{"@type":"EntryPoint","urlTemplate":"https:\/\/diariofemenino.com.ar\/df\/?s={search_term_string}"},"query-input":{"@type":"PropertyValueSpecification","valueRequired":true,"valueName":"search_term_string"}}],"inLanguage":"es"},{"@type":"Organization","@id":"https:\/\/diariofemenino.com.ar\/df\/#organization","name":"Diario Femenino","url":"https:\/\/diariofemenino.com.ar\/df\/","logo":{"@type":"ImageObject","inLanguage":"es","@id":"https:\/\/diariofemenino.com.ar\/df\/#\/schema\/logo\/image\/","url":"https:\/\/diariofemenino.com.ar\/df\/wp-content\/uploads\/2018\/10\/logo.png","contentUrl":"https:\/\/diariofemenino.com.ar\/df\/wp-content\/uploads\/2018\/10\/logo.png","width":500,"height":92,"caption":"Diario Femenino"},"image":{"@id":"https:\/\/diariofemenino.com.ar\/df\/#\/schema\/logo\/image\/"},"sameAs":["https:\/\/www.facebook.com\/DiarioDigitaFemenino\/","https:\/\/x.com\/DiarioFemenino1"]},{"@type":"Person","@id":"https:\/\/diariofemenino.com.ar\/df\/#\/schema\/person\/bf6199e8158c657ea6f789b11ec85509","name":"Admin","image":{"@type":"ImageObject","inLanguage":"es","@id":"https:\/\/diariofemenino.com.ar\/df\/wp-content\/uploads\/2018\/12\/favicon-150x150.jpg","url":"https:\/\/diariofemenino.com.ar\/df\/wp-content\/uploads\/2018\/12\/favicon-150x150.jpg","contentUrl":"https:\/\/diariofemenino.com.ar\/df\/wp-content\/uploads\/2018\/12\/favicon-150x150.jpg","caption":"Admin"},"url":"https:\/\/diariofemenino.com.ar\/df\/author\/lenny\/"}]}},"jetpack_featured_media_url":"https:\/\/diariofemenino.com.ar\/df\/wp-content\/uploads\/2024\/07\/card_rebeldesdegenero_cartela2_centros.png","jetpack_sharing_enabled":true,"rttpg_featured_image_url":{"full":["https:\/\/diariofemenino.com.ar\/df\/wp-content\/uploads\/2024\/07\/card_rebeldesdegenero_cartela2_centros.png",451,258,false],"landscape":["https:\/\/diariofemenino.com.ar\/df\/wp-content\/uploads\/2024\/07\/card_rebeldesdegenero_cartela2_centros.png",451,258,false],"portraits":["https:\/\/diariofemenino.com.ar\/df\/wp-content\/uploads\/2024\/07\/card_rebeldesdegenero_cartela2_centros.png",451,258,false],"thumbnail":["https:\/\/diariofemenino.com.ar\/df\/wp-content\/uploads\/2024\/07\/card_rebeldesdegenero_cartela2_centros-150x150.png",150,150,true],"medium":["https:\/\/diariofemenino.com.ar\/df\/wp-content\/uploads\/2024\/07\/card_rebeldesdegenero_cartela2_centros-300x172.png",300,172,true],"large":["https:\/\/diariofemenino.com.ar\/df\/wp-content\/uploads\/2024\/07\/card_rebeldesdegenero_cartela2_centros.png",451,258,false],"1536x1536":["https:\/\/diariofemenino.com.ar\/df\/wp-content\/uploads\/2024\/07\/card_rebeldesdegenero_cartela2_centros.png",451,258,false],"2048x2048":["https:\/\/diariofemenino.com.ar\/df\/wp-content\/uploads\/2024\/07\/card_rebeldesdegenero_cartela2_centros.png",451,258,false]},"rttpg_author":{"display_name":"Admin","author_link":"https:\/\/diariofemenino.com.ar\/df\/author\/lenny\/"},"rttpg_comment":0,"rttpg_category":"<a href=\"https:\/\/diariofemenino.com.ar\/df\/category\/actividades\/\" rel=\"category tag\">Actividades<\/a> <a href=\"https:\/\/diariofemenino.com.ar\/df\/category\/agenda-feminista\/\" rel=\"category tag\">Agenda Feminista<\/a> <a href=\"https:\/\/diariofemenino.com.ar\/df\/category\/azul-profundo\/\" rel=\"category tag\">Azul Profundo<\/a> <a href=\"https:\/\/diariofemenino.com.ar\/df\/category\/biblioteca\/\" rel=\"category tag\">Biblioteca Virtual<\/a> <a href=\"https:\/\/diariofemenino.com.ar\/df\/category\/genero-y-derechos-humanos\/\" rel=\"category tag\">G\u00e9nero y Derechos Humanos<\/a> <a href=\"https:\/\/diariofemenino.com.ar\/df\/category\/guias\/\" rel=\"category tag\">Gu\u00edas<\/a> <a href=\"https:\/\/diariofemenino.com.ar\/df\/category\/manuales\/\" rel=\"category tag\">Manuales<\/a> <a href=\"https:\/\/diariofemenino.com.ar\/df\/category\/medios\/\" rel=\"category tag\">Medios<\/a> <a href=\"https:\/\/diariofemenino.com.ar\/df\/category\/noticias\/\" rel=\"category tag\">Noticias<\/a> <a href=\"https:\/\/diariofemenino.com.ar\/df\/category\/salud\/\" rel=\"category tag\">Salud<\/a>","rttpg_excerpt":"\u00bfQu\u00e9 es rebeldes de g\u00e9nero? Rebeldes de g\u00e9nero, es una colecci\u00f3n de la Consejer\u00eda de Educaci\u00f3n, Universidades, Cultura y Deportes, que tiene como finalidad aportar recursos did\u00e1cticos innovadores y atractivos para abordar las tem\u00e1ticas clave para la prevenci\u00f3n de la violencia de g\u00e9nero con alumnado de secundaria. La colecci\u00f3n pretende informar, sensibilizar, despertar su curiosidad,&hellip;","_links":{"self":[{"href":"https:\/\/diariofemenino.com.ar\/df\/wp-json\/wp\/v2\/posts\/73502","targetHints":{"allow":["GET"]}}],"collection":[{"href":"https:\/\/diariofemenino.com.ar\/df\/wp-json\/wp\/v2\/posts"}],"about":[{"href":"https:\/\/diariofemenino.com.ar\/df\/wp-json\/wp\/v2\/types\/post"}],"author":[{"embeddable":true,"href":"https:\/\/diariofemenino.com.ar\/df\/wp-json\/wp\/v2\/users\/4"}],"replies":[{"embeddable":true,"href":"https:\/\/diariofemenino.com.ar\/df\/wp-json\/wp\/v2\/comments?post=73502"}],"version-history":[{"count":0,"href":"https:\/\/diariofemenino.com.ar\/df\/wp-json\/wp\/v2\/posts\/73502\/revisions"}],"wp:featuredmedia":[{"embeddable":true,"href":"https:\/\/diariofemenino.com.ar\/df\/wp-json\/wp\/v2\/media\/73513"}],"wp:attachment":[{"href":"https:\/\/diariofemenino.com.ar\/df\/wp-json\/wp\/v2\/media?parent=73502"}],"wp:term":[{"taxonomy":"category","embeddable":true,"href":"https:\/\/diariofemenino.com.ar\/df\/wp-json\/wp\/v2\/categories?post=73502"},{"taxonomy":"post_tag","embeddable":true,"href":"https:\/\/diariofemenino.com.ar\/df\/wp-json\/wp\/v2\/tags?post=73502"}],"curies":[{"name":"wp","href":"https:\/\/api.w.org\/{rel}","templated":true}]}}