{"id":73377,"date":"2024-07-23T09:29:58","date_gmt":"2024-07-23T12:29:58","guid":{"rendered":"https:\/\/diariofemenino.com.ar\/df\/?p=73377"},"modified":"2024-07-24T10:56:20","modified_gmt":"2024-07-24T13:56:20","slug":"los-desconocidos-cinco-ejes-de-la-esi","status":"publish","type":"post","link":"https:\/\/diariofemenino.com.ar\/df\/los-desconocidos-cinco-ejes-de-la-esi\/","title":{"rendered":"Los desconocidos cinco ejes de la ESI"},"content":{"rendered":"<p>Sin \u00e1nimo de generalizar, pero es necesario reflejar que en la mayor\u00eda de los colegios donde fui convocada para dictar talleres \u201cen el marco\u201d de la Educaci\u00f3n Sexual Integral &#8211;<a href=\"https:\/\/diariofemenino.com.ar\/df\/category\/de-esi-si-se-habla\/\">ESI<\/a>-, alumnas y alumnos comentaban sobre la necesidad de ampliar informaci\u00f3n; al indagar sobre lo visto, coincid\u00edan en mencionar <em>bullying,<\/em> convivencia, anatom\u00eda e higiene.<\/p>\n<p>El Programa Nacional de Educaci\u00f3n Sexual Integral cumpli\u00f3 17 a\u00f1os \u2013 Ley 26.150 \u2013 y no nos resulta comprensible que tanto estudiantes como docentes desconozcan los cinco ejes, herramientas de lineamientos b\u00e1sicos para el comienzo de la planeaci\u00f3n.<\/p>\n<p>Material abunda, se supone que planificaci\u00f3n tambi\u00e9n, intenciones y compromiso, no tanto \u00bfC\u00f3mo pueden estar ajenos a lo b\u00e1sico? \u00bfC\u00f3mo pueden encuadrar las actividades sin conceptualizar? Pibas y pibes no saben de d\u00f3nde y c\u00f3mo surge la Educaci\u00f3n Sexual Integral y mucho menos para qu\u00e9.<\/p>\n<p>Por\u00a0<a href=\"https:\/\/diariofemenino.com.ar\/df\/?s=Lenny+C%C3%A1ceres\">Lenny C\u00e1ceres<\/a>*<br \/>\nIm\u00e1genes <a href=\"https:\/\/huesped.org.ar\/\">Fundaci\u00f3n Hu\u00e9sped<\/a><\/p>\n<p>La Educaci\u00f3n Sexual Integral (ESI) en el contexto educativo abarca un conjunto de contenidos y estrategias pedag\u00f3gicas que buscan promover el desarrollo integral de las personas desde una perspectiva de derechos. En Argentina, la Ley 26.150 establece la implementaci\u00f3n de la ESI en todas las instituciones educativas del pa\u00eds. Los cinco ejes de la ESI son:<\/p>\n<ol>\n<li style=\"list-style-type: none;\">\n<ol>\n<li><strong>Reconocer la perspectiva de g\u00e9nero<\/strong>:<\/li>\n<\/ol>\n<\/li>\n<\/ol>\n<ol>\n<li style=\"list-style-type: none;\">\n<ul>\n<li>Este eje busca promover la igualdad de g\u00e9nero y eliminar las discriminaciones basadas en el g\u00e9nero. Se trabaja para deconstruir estereotipos y roles de g\u00e9nero tradicionales, fomentando el respeto por la diversidad y la equidad de g\u00e9nero en todos los \u00e1mbitos de la vida.<\/li>\n<\/ul>\n<\/li>\n<\/ol>\n<p><img loading=\"lazy\" decoding=\"async\" class=\"aligncenter wp-image-73378\" src=\"https:\/\/diariofemenino.com.ar\/df\/wp-content\/uploads\/2024\/07\/eje-1.jpg\" alt=\"\" width=\"207\" height=\"202\" srcset=\"https:\/\/diariofemenino.com.ar\/df\/wp-content\/uploads\/2024\/07\/eje-1.jpg 308w, https:\/\/diariofemenino.com.ar\/df\/wp-content\/uploads\/2024\/07\/eje-1-300x292.jpg 300w\" sizes=\"auto, (max-width: 207px) 100vw, 207px\" \/>Con el aporte de <a href=\"https:\/\/huesped.org.ar\/wp-content\/uploads\/2018\/12\/f.huesped-curso-esi-los-ejes-de-la-esi.pdf\">Fundaci\u00f3n Hu\u00e9sped,<\/a> adem\u00e1s de mencionarlos, iremos marcando la importancia de cada uno.<\/p>\n<p><strong>Lo importante del eje 1:<br \/>\n<\/strong>\u2022 Reconocer la diferencia sexual entre unas y otros.<br \/>\n\u2022 Analizar las desigualdades entre hombres y mujeres.<br \/>\n\u2022 Problematizar las concepciones r\u00edgidas sobre lo considerado exclusivamente masculino o exclusivamente femenino, identificando prejuicios y estereotipos de g\u00e9nero, as\u00ed como las consecuencias negativas que provocan en mujeres y varones.<br \/>\n\u2022 Incorporar el concepto de igualdad de g\u00e9nero para abordar las desigualdades y hacer realidad la igualdad de todas las personas, independientemente de su g\u00e9nero.<\/p>\n<p style=\"padding-left: 40px;\">2<strong>. Valorar la afectividad<\/strong>:<\/p>\n<ol>\n<li style=\"list-style-type: none;\">\n<ul>\n<li>La ESI ense\u00f1a la importancia de los v\u00ednculos afectivos y las emociones en las relaciones interpersonales. Se busca fomentar relaciones basadas en el respeto mutuo, el cuidado y la empat\u00eda, promoviendo una comunicaci\u00f3n abierta y sincera sobre las emociones y sentimientos.<\/li>\n<\/ul>\n<\/li>\n<\/ol>\n<p><img loading=\"lazy\" decoding=\"async\" class=\"aligncenter wp-image-73379\" src=\"https:\/\/diariofemenino.com.ar\/df\/wp-content\/uploads\/2024\/07\/eje-2.jpg\" alt=\"\" width=\"207\" height=\"216\" srcset=\"https:\/\/diariofemenino.com.ar\/df\/wp-content\/uploads\/2024\/07\/eje-2.jpg 291w, https:\/\/diariofemenino.com.ar\/df\/wp-content\/uploads\/2024\/07\/eje-2-287x300.jpg 287w\" sizes=\"auto, (max-width: 207px) 100vw, 207px\" \/><strong>Lo importante del eje 2:<\/strong><\/p>\n<p>\u2022 Tener en cuenta que las emociones y sentimientos est\u00e1n presentes en toda interacci\u00f3n humana,<br \/>\n\u2022 Considerar que la afectividad puede contribuir al encuentro o desencuentro con las otras personas con las que interactuamos cotidianamente.<br \/>\n\u2022 Generar las condiciones para que cada cual pueda expresar sus puntos de vista, respetando las diferencias, sin anular las tensiones y conflictos presentes en los v\u00ednculos.<br \/>\n\u2022 Respetar la intimidad propia y ajena.<br \/>\n\u2022 Rechazar toda manifestaci\u00f3n coercitiva del afecto, el abuso y la violencia de g\u00e9nero y sexual.<\/p>\n<p style=\"padding-left: 40px;\">3. <strong>Respetar la diversidad<\/strong>:<\/p>\n<ol>\n<li style=\"list-style-type: none;\">\n<ul>\n<li>Este eje se enfoca en reconocer y valorar la diversidad en todas sus formas, ya sea cultural, sexual, de g\u00e9nero, de capacidades, entre otras. Se promueve una convivencia respetuosa y se combate cualquier forma de discriminaci\u00f3n, fomentando un ambiente inclusivo y respetuoso en el \u00e1mbito educativo y en la sociedad.<br \/>\n<img loading=\"lazy\" decoding=\"async\" class=\"aligncenter wp-image-73382\" src=\"https:\/\/diariofemenino.com.ar\/df\/wp-content\/uploads\/2024\/07\/eje-3.jpg\" alt=\"\" width=\"207\" height=\"206\" srcset=\"https:\/\/diariofemenino.com.ar\/df\/wp-content\/uploads\/2024\/07\/eje-3.jpg 302w, https:\/\/diariofemenino.com.ar\/df\/wp-content\/uploads\/2024\/07\/eje-3-300x298.jpg 300w, https:\/\/diariofemenino.com.ar\/df\/wp-content\/uploads\/2024\/07\/eje-3-150x150.jpg 150w\" sizes=\"auto, (max-width: 207px) 100vw, 207px\" \/><\/li>\n<\/ul>\n<\/li>\n<\/ol>\n<p><strong>Lo importante del eje 3:<\/strong><\/p>\n<ul>\n<li>Reconocer la diferencia sexual entre unas y otros.<\/li>\n<li>Analizar las desigualdades entre hombres y mujeres.<br \/>\n\u2022 Problematizar las concepciones r\u00edgidas sobre lo considerado exclusivamente masculino o exclusivamente femenino, identificando prejuicios y estereotipos de g\u00e9nero, as\u00ed como las consecuencias negativas que provocan en mujeres y varones.<br \/>\n\u2022 Incorporar el concepto de igualdad de g\u00e9nero para abordar las desigualdades y hacer realidad la igualdad de todas las personas, independientemente de su g\u00e9nero.<\/li>\n<\/ul>\n<p style=\"padding-left: 40px;\">4.<strong> Cuidar el cuerpo y la salud<\/strong>:<\/p>\n<ul>\n<li style=\"list-style-type: none;\">\n<ul>\n<li>La ESI incluye contenidos que promueven el cuidado del cuerpo y la salud, abordando temas como la higiene personal, la prevenci\u00f3n de enfermedades, la salud sexual y reproductiva, y la importancia de h\u00e1bitos saludables. Se brinda informaci\u00f3n clara y cient\u00edfica para que los estudiantes tomen decisiones informadas sobre su salud.<br \/>\n<img loading=\"lazy\" decoding=\"async\" class=\"aligncenter wp-image-73384\" src=\"https:\/\/diariofemenino.com.ar\/df\/wp-content\/uploads\/2024\/07\/eje-4.jpg\" alt=\"\" width=\"207\" height=\"195\" srcset=\"https:\/\/diariofemenino.com.ar\/df\/wp-content\/uploads\/2024\/07\/eje-4.jpg 313w, https:\/\/diariofemenino.com.ar\/df\/wp-content\/uploads\/2024\/07\/eje-4-300x283.jpg 300w\" sizes=\"auto, (max-width: 207px) 100vw, 207px\" \/><\/li>\n<\/ul>\n<\/li>\n<\/ul>\n<p><strong>Lo importante del eje 4:<\/strong><br \/>\n\u2022 Reconocer que el cuerpo sexuado y la salud no abarcan s\u00f3lo la dimensi\u00f3n biol\u00f3gica.<br \/>\n\u2022 Reflexionar cr\u00edticamente sobre las representaciones del cuerpo y la salud en la escuela y en la sociedad.<br \/>\n\u2022 Trabajar el cuerpo desde distintas disciplinas, como el arte, la educaci\u00f3n f\u00edsica, los medios de comunicaci\u00f3n, etc.<br \/>\n\u2022 Abordar la salud desde un enfoque que la enfatice como derecho.<br \/>\n\u2022 Problematizar y analizar los estereotipos de belleza para varones y mujeres.<br \/>\n\u2022 Propiciar el cuidado del cuerpo y la promoci\u00f3n de la salud.<\/p>\n<p style=\"padding-left: 40px;\">5<strong>. Ejercer nuestros derechos<\/strong>:<\/p>\n<ul>\n<li style=\"list-style-type: none;\">\n<ul>\n<li>Este eje tiene como objetivo que los estudiantes conozcan y comprendan sus derechos sexuales y reproductivos, as\u00ed como otros derechos fundamentales. Se busca empoderar a los j\u00f3venes para que puedan ejercer estos derechos de manera plena y responsable, y para que puedan identificar y denunciar situaciones de abuso o violencia.<br \/>\n<img loading=\"lazy\" decoding=\"async\" class=\"aligncenter wp-image-73383\" src=\"https:\/\/diariofemenino.com.ar\/df\/wp-content\/uploads\/2024\/07\/eje-5.jpg\" alt=\"\" width=\"207\" height=\"207\" srcset=\"https:\/\/diariofemenino.com.ar\/df\/wp-content\/uploads\/2024\/07\/eje-5.jpg 299w, https:\/\/diariofemenino.com.ar\/df\/wp-content\/uploads\/2024\/07\/eje-5-150x150.jpg 150w\" sizes=\"auto, (max-width: 207px) 100vw, 207px\" \/><\/li>\n<\/ul>\n<\/li>\n<\/ul>\n<p><strong>Lo importante del eje 5:<\/strong><\/p>\n<ul>\n<li>Considerar que la ESI no es un hecho aislado, sino que se inscribe en un marco de pol\u00edticas p\u00fablicas relacionadas con la inclusi\u00f3n, la igualdad y el ejercicio de los derechos.<br \/>\n\u2022 Propiciar el enfoque en los derechos vinculados con las infancias y las adolescencias.<br \/>\n\u2022 Rescatar el papel fundamental del personal docente y de todo el personal de la escuela como garantes de los derechos de ni\u00f1os, ni\u00f1as y adolescentes.<br \/>\n\u2022 Generar las condiciones institucionales para el efectivo cumplimiento de los derechos tanto de ni\u00f1os, ni\u00f1as y adolescentes como del personal docente y de toda persona adulta de la comunidad educativa. Promover aprendizajes vinculados con la defensa y el ejercicio de los derechos<\/li>\n<\/ul>\n<p>Estos ejes se integran de manera transversal en el curr\u00edculo educativo, adapt\u00e1ndose a las distintas etapas del desarrollo y niveles educativos, con el objetivo de contribuir a la formaci\u00f3n integral de estudiantes y fomentar una convivencia basada en el respeto y la igualdad. Y convocan, por su fortaleza en la transversalizaci\u00f3n de la perspectiva de g\u00e9nero y de derechos a\u00a0 no solo abordarlos aisladamente, sino a incorporarlo como pol\u00edtica de vida; de esa forma estar presentes y atravesar nuestro andar desde el \u201cbuen d\u00eda\u201d, hasta el \u201chasta ma\u00f1ana\u201d.<\/p>\n<p><strong>(*)\u00a0<\/strong>Periodista feminista abolicionista, directora\/editora de Diario Digital Femenino. Co coordinadora de la Red Internacional de Periodistas con Visi\u00f3n de G\u00e9nero de Argentina\u00a0<a href=\"https:\/\/www.instagram.com\/redperiodistasgenero\">RIPVGAr<\/a>. Titular de la web de Asesoramiento y Capacitaci\u00f3n\u00a0<a href=\"https:\/\/lennycaceres.com.ar\/\">https:\/\/lennycaceres.com.ar\/<\/a>\u00a0Autora del libro\u00a0<a href=\"https:\/\/diariofemenino.com.ar\/df\/la-transversalidad-del-genero-espacios-y-disputas\/\"><em>La transversalidad del g\u00e9nero: espacios y disputas<\/em>.<\/a>(Ed.\u00a0<a href=\"https:\/\/www.libreriasudestada.com.ar\/search\/?q=Lenny+C%C3%A1ceres\">Sudestada<\/a>)<\/p>\n<p>Descarga el <a href=\"https:\/\/diariofemenino.com.ar\/df\/wp-content\/uploads\/2024\/07\/f.huesped-curso-esi-los-ejes-de-la-esi.pdf\">PDF<\/a> completo.<\/p>\n<blockquote><p><strong>Seguinos en Instagram\u00a0<a href=\"https:\/\/www.instagram.com\/diariodigitalfemenino_\/\">@diariodigitalfemenino_<\/a><\/strong><br \/>\n<strong><a href=\"https:\/\/www.instagram.com\/lennycaceres69\/\">@lennycaceres69<\/a><\/strong><\/p><\/blockquote>\n<p>&nbsp;<\/p>\n","protected":false},"excerpt":{"rendered":"<p>Sin \u00e1nimo de generalizar, pero es necesario reflejar que en la mayor\u00eda de los colegios donde fui convocada para dictar talleres \u201cen el marco\u201d de la Educaci\u00f3n Sexual Integral &#8211;ESI-, alumnas y alumnos comentaban sobre la necesidad de ampliar informaci\u00f3n; al indagar sobre lo visto, coincid\u00edan en mencionar bullying, convivencia, anatom\u00eda e higiene. El Programa [&hellip;]<\/p>\n","protected":false},"author":4,"featured_media":73380,"comment_status":"open","ping_status":"open","sticky":false,"template":"","format":"standard","meta":{"iawp_total_views":1403,"footnotes":""},"categories":[581,9,627,78,1251,6,21],"tags":[2189,5536,5193,6969,4372,1179,172,6968,1573,97,2071,5190,5971,6176],"class_list":["post-73377","post","type-post","status-publish","format-standard","has-post-thumbnail","hentry","category-azul-profundo","category-de-esi-si-se-habla","category-genero-y-derechos-humanos","category-guias","category-mujeres-de-la-pampa","category-articulos","category-noticias","tag-aulas","tag-compromiso","tag-conocimiento","tag-desconocidos","tag-destacada","tag-docentes","tag-educacion-sexual-integral","tag-ejes","tag-escuelas","tag-esi","tag-informacion","tag-instituciones","tag-pibas","tag-pibes"],"nelio_content":{"autoShareEndMode":"never","automationSources":{"useCustomSentences":false,"customSentences":[]},"efiAlt":"","efiUrl":"","followers":[4],"highlights":[],"isAutoShareEnabled":true,"networkImageIds":[],"permalinkQueryArgs":[],"series":[],"suggestedReferences":[]},"yoast_head":"<!-- This site is optimized with the Yoast SEO plugin v27.5 - https:\/\/yoast.com\/product\/yoast-seo-wordpress\/ -->\n<title>Los desconocidos cinco ejes de la ESI - Diario Digital Femenino<\/title>\n<meta name=\"description\" content=\"Los desconocidos cinco ejes, Pibas y pibes no saben de d\u00f3nde y c\u00f3mo surge la Educaci\u00f3n Sexual Integral y mucho menos para qu\u00e9.\" \/>\n<meta name=\"robots\" content=\"index, follow, max-snippet:-1, max-image-preview:large, max-video-preview:-1\" \/>\n<link rel=\"canonical\" href=\"https:\/\/diariofemenino.com.ar\/df\/los-desconocidos-cinco-ejes-de-la-esi\/\" \/>\n<meta property=\"og:locale\" content=\"es_ES\" \/>\n<meta property=\"og:type\" content=\"article\" \/>\n<meta property=\"og:title\" content=\"Los desconocidos cinco ejes de la ESI - Diario Digital Femenino\" \/>\n<meta property=\"og:description\" content=\"Los desconocidos cinco ejes, Pibas y pibes no saben de d\u00f3nde y c\u00f3mo surge la Educaci\u00f3n Sexual Integral y mucho menos para qu\u00e9.\" \/>\n<meta property=\"og:url\" content=\"https:\/\/diariofemenino.com.ar\/df\/los-desconocidos-cinco-ejes-de-la-esi\/\" \/>\n<meta property=\"og:site_name\" content=\"Diario Digital Femenino\" \/>\n<meta property=\"article:publisher\" content=\"https:\/\/www.facebook.com\/DiarioDigitaFemenino\/\" \/>\n<meta property=\"article:published_time\" content=\"2024-07-23T12:29:58+00:00\" \/>\n<meta property=\"article:modified_time\" content=\"2024-07-24T13:56:20+00:00\" \/>\n<meta property=\"og:image\" content=\"https:\/\/diariofemenino.com.ar\/df\/wp-content\/uploads\/2024\/07\/Los-5-ejes.jpg\" \/>\n\t<meta property=\"og:image:width\" content=\"976\" \/>\n\t<meta property=\"og:image:height\" content=\"322\" \/>\n\t<meta property=\"og:image:type\" content=\"image\/jpeg\" \/>\n<meta name=\"author\" content=\"Admin\" \/>\n<meta name=\"twitter:card\" content=\"summary_large_image\" \/>\n<meta name=\"twitter:creator\" content=\"@DiarioFemenino1\" \/>\n<meta name=\"twitter:site\" content=\"@DiarioFemenino1\" \/>\n<meta name=\"twitter:label1\" content=\"Escrito por\" \/>\n\t<meta name=\"twitter:data1\" content=\"Admin\" \/>\n\t<meta name=\"twitter:label2\" content=\"Tiempo de lectura\" \/>\n\t<meta name=\"twitter:data2\" content=\"7 minutos\" \/>\n<script type=\"application\/ld+json\" class=\"yoast-schema-graph\">{\"@context\":\"https:\\\/\\\/schema.org\",\"@graph\":[{\"@type\":\"Article\",\"@id\":\"https:\\\/\\\/diariofemenino.com.ar\\\/df\\\/los-desconocidos-cinco-ejes-de-la-esi\\\/#article\",\"isPartOf\":{\"@id\":\"https:\\\/\\\/diariofemenino.com.ar\\\/df\\\/los-desconocidos-cinco-ejes-de-la-esi\\\/\"},\"author\":{\"name\":\"Admin\",\"@id\":\"https:\\\/\\\/diariofemenino.com.ar\\\/df\\\/#\\\/schema\\\/person\\\/bf6199e8158c657ea6f789b11ec85509\"},\"headline\":\"Los desconocidos cinco ejes de la ESI\",\"datePublished\":\"2024-07-23T12:29:58+00:00\",\"dateModified\":\"2024-07-24T13:56:20+00:00\",\"mainEntityOfPage\":{\"@id\":\"https:\\\/\\\/diariofemenino.com.ar\\\/df\\\/los-desconocidos-cinco-ejes-de-la-esi\\\/\"},\"wordCount\":1129,\"commentCount\":0,\"publisher\":{\"@id\":\"https:\\\/\\\/diariofemenino.com.ar\\\/df\\\/#organization\"},\"image\":{\"@id\":\"https:\\\/\\\/diariofemenino.com.ar\\\/df\\\/los-desconocidos-cinco-ejes-de-la-esi\\\/#primaryimage\"},\"thumbnailUrl\":\"https:\\\/\\\/diariofemenino.com.ar\\\/df\\\/wp-content\\\/uploads\\\/2024\\\/07\\\/Los-5-ejes.jpg\",\"keywords\":[\"Aulas\",\"compromiso\",\"Conocimiento\",\"Desconocidos\",\"Destacada\",\"Docentes\",\"Educaci\u00f3n Sexual Integral\",\"Ejes\",\"escuelas\",\"ESI\",\"informacion\",\"Instituciones\",\"pibas\",\"pibes\"],\"articleSection\":[\"Azul Profundo\",\"De ESI S\u00ed Se Habla\",\"G\u00e9nero y Derechos Humanos\",\"Gu\u00edas\",\"Mujeres de La Pampa\",\"Mujeres en Palabras\",\"Noticias\"],\"inLanguage\":\"es\",\"potentialAction\":[{\"@type\":\"CommentAction\",\"name\":\"Comment\",\"target\":[\"https:\\\/\\\/diariofemenino.com.ar\\\/df\\\/los-desconocidos-cinco-ejes-de-la-esi\\\/#respond\"]}]},{\"@type\":\"WebPage\",\"@id\":\"https:\\\/\\\/diariofemenino.com.ar\\\/df\\\/los-desconocidos-cinco-ejes-de-la-esi\\\/\",\"url\":\"https:\\\/\\\/diariofemenino.com.ar\\\/df\\\/los-desconocidos-cinco-ejes-de-la-esi\\\/\",\"name\":\"Los desconocidos cinco ejes de la ESI - Diario Digital Femenino\",\"isPartOf\":{\"@id\":\"https:\\\/\\\/diariofemenino.com.ar\\\/df\\\/#website\"},\"primaryImageOfPage\":{\"@id\":\"https:\\\/\\\/diariofemenino.com.ar\\\/df\\\/los-desconocidos-cinco-ejes-de-la-esi\\\/#primaryimage\"},\"image\":{\"@id\":\"https:\\\/\\\/diariofemenino.com.ar\\\/df\\\/los-desconocidos-cinco-ejes-de-la-esi\\\/#primaryimage\"},\"thumbnailUrl\":\"https:\\\/\\\/diariofemenino.com.ar\\\/df\\\/wp-content\\\/uploads\\\/2024\\\/07\\\/Los-5-ejes.jpg\",\"datePublished\":\"2024-07-23T12:29:58+00:00\",\"dateModified\":\"2024-07-24T13:56:20+00:00\",\"description\":\"Los desconocidos cinco ejes, Pibas y pibes no saben de d\u00f3nde y c\u00f3mo surge la Educaci\u00f3n Sexual Integral y mucho menos para qu\u00e9.\",\"breadcrumb\":{\"@id\":\"https:\\\/\\\/diariofemenino.com.ar\\\/df\\\/los-desconocidos-cinco-ejes-de-la-esi\\\/#breadcrumb\"},\"inLanguage\":\"es\",\"potentialAction\":[{\"@type\":\"ReadAction\",\"target\":[\"https:\\\/\\\/diariofemenino.com.ar\\\/df\\\/los-desconocidos-cinco-ejes-de-la-esi\\\/\"]}]},{\"@type\":\"ImageObject\",\"inLanguage\":\"es\",\"@id\":\"https:\\\/\\\/diariofemenino.com.ar\\\/df\\\/los-desconocidos-cinco-ejes-de-la-esi\\\/#primaryimage\",\"url\":\"https:\\\/\\\/diariofemenino.com.ar\\\/df\\\/wp-content\\\/uploads\\\/2024\\\/07\\\/Los-5-ejes.jpg\",\"contentUrl\":\"https:\\\/\\\/diariofemenino.com.ar\\\/df\\\/wp-content\\\/uploads\\\/2024\\\/07\\\/Los-5-ejes.jpg\",\"width\":976,\"height\":322,\"caption\":\"Los desconocidos cinco ejes de la ESI\"},{\"@type\":\"BreadcrumbList\",\"@id\":\"https:\\\/\\\/diariofemenino.com.ar\\\/df\\\/los-desconocidos-cinco-ejes-de-la-esi\\\/#breadcrumb\",\"itemListElement\":[{\"@type\":\"ListItem\",\"position\":1,\"name\":\"Portada\",\"item\":\"https:\\\/\\\/diariofemenino.com.ar\\\/df\\\/\"},{\"@type\":\"ListItem\",\"position\":2,\"name\":\"Los desconocidos cinco ejes de la ESI\"}]},{\"@type\":\"WebSite\",\"@id\":\"https:\\\/\\\/diariofemenino.com.ar\\\/df\\\/#website\",\"url\":\"https:\\\/\\\/diariofemenino.com.ar\\\/df\\\/\",\"name\":\"Diario Digital Femenino\",\"description\":\"Cuesti\u00f3n de G\u00e9nero\",\"publisher\":{\"@id\":\"https:\\\/\\\/diariofemenino.com.ar\\\/df\\\/#organization\"},\"potentialAction\":[{\"@type\":\"SearchAction\",\"target\":{\"@type\":\"EntryPoint\",\"urlTemplate\":\"https:\\\/\\\/diariofemenino.com.ar\\\/df\\\/?s={search_term_string}\"},\"query-input\":{\"@type\":\"PropertyValueSpecification\",\"valueRequired\":true,\"valueName\":\"search_term_string\"}}],\"inLanguage\":\"es\"},{\"@type\":\"Organization\",\"@id\":\"https:\\\/\\\/diariofemenino.com.ar\\\/df\\\/#organization\",\"name\":\"Diario Femenino\",\"url\":\"https:\\\/\\\/diariofemenino.com.ar\\\/df\\\/\",\"logo\":{\"@type\":\"ImageObject\",\"inLanguage\":\"es\",\"@id\":\"https:\\\/\\\/diariofemenino.com.ar\\\/df\\\/#\\\/schema\\\/logo\\\/image\\\/\",\"url\":\"https:\\\/\\\/diariofemenino.com.ar\\\/df\\\/wp-content\\\/uploads\\\/2018\\\/10\\\/logo.png\",\"contentUrl\":\"https:\\\/\\\/diariofemenino.com.ar\\\/df\\\/wp-content\\\/uploads\\\/2018\\\/10\\\/logo.png\",\"width\":500,\"height\":92,\"caption\":\"Diario Femenino\"},\"image\":{\"@id\":\"https:\\\/\\\/diariofemenino.com.ar\\\/df\\\/#\\\/schema\\\/logo\\\/image\\\/\"},\"sameAs\":[\"https:\\\/\\\/www.facebook.com\\\/DiarioDigitaFemenino\\\/\",\"https:\\\/\\\/x.com\\\/DiarioFemenino1\"]},{\"@type\":\"Person\",\"@id\":\"https:\\\/\\\/diariofemenino.com.ar\\\/df\\\/#\\\/schema\\\/person\\\/bf6199e8158c657ea6f789b11ec85509\",\"name\":\"Admin\",\"image\":{\"@type\":\"ImageObject\",\"inLanguage\":\"es\",\"@id\":\"https:\\\/\\\/diariofemenino.com.ar\\\/df\\\/wp-content\\\/uploads\\\/2018\\\/12\\\/favicon-150x150.jpg\",\"url\":\"https:\\\/\\\/diariofemenino.com.ar\\\/df\\\/wp-content\\\/uploads\\\/2018\\\/12\\\/favicon-150x150.jpg\",\"contentUrl\":\"https:\\\/\\\/diariofemenino.com.ar\\\/df\\\/wp-content\\\/uploads\\\/2018\\\/12\\\/favicon-150x150.jpg\",\"caption\":\"Admin\"},\"url\":\"https:\\\/\\\/diariofemenino.com.ar\\\/df\\\/author\\\/lenny\\\/\"}]}<\/script>\n<!-- \/ Yoast SEO plugin. -->","yoast_head_json":{"title":"Los desconocidos cinco ejes de la ESI - Diario Digital Femenino","description":"Los desconocidos cinco ejes, Pibas y pibes no saben de d\u00f3nde y c\u00f3mo surge la Educaci\u00f3n Sexual Integral y mucho menos para qu\u00e9.","robots":{"index":"index","follow":"follow","max-snippet":"max-snippet:-1","max-image-preview":"max-image-preview:large","max-video-preview":"max-video-preview:-1"},"canonical":"https:\/\/diariofemenino.com.ar\/df\/los-desconocidos-cinco-ejes-de-la-esi\/","og_locale":"es_ES","og_type":"article","og_title":"Los desconocidos cinco ejes de la ESI - Diario Digital Femenino","og_description":"Los desconocidos cinco ejes, Pibas y pibes no saben de d\u00f3nde y c\u00f3mo surge la Educaci\u00f3n Sexual Integral y mucho menos para qu\u00e9.","og_url":"https:\/\/diariofemenino.com.ar\/df\/los-desconocidos-cinco-ejes-de-la-esi\/","og_site_name":"Diario Digital Femenino","article_publisher":"https:\/\/www.facebook.com\/DiarioDigitaFemenino\/","article_published_time":"2024-07-23T12:29:58+00:00","article_modified_time":"2024-07-24T13:56:20+00:00","og_image":[{"width":976,"height":322,"url":"https:\/\/diariofemenino.com.ar\/df\/wp-content\/uploads\/2024\/07\/Los-5-ejes.jpg","type":"image\/jpeg"}],"author":"Admin","twitter_card":"summary_large_image","twitter_creator":"@DiarioFemenino1","twitter_site":"@DiarioFemenino1","twitter_misc":{"Escrito por":"Admin","Tiempo de lectura":"7 minutos"},"schema":{"@context":"https:\/\/schema.org","@graph":[{"@type":"Article","@id":"https:\/\/diariofemenino.com.ar\/df\/los-desconocidos-cinco-ejes-de-la-esi\/#article","isPartOf":{"@id":"https:\/\/diariofemenino.com.ar\/df\/los-desconocidos-cinco-ejes-de-la-esi\/"},"author":{"name":"Admin","@id":"https:\/\/diariofemenino.com.ar\/df\/#\/schema\/person\/bf6199e8158c657ea6f789b11ec85509"},"headline":"Los desconocidos cinco ejes de la ESI","datePublished":"2024-07-23T12:29:58+00:00","dateModified":"2024-07-24T13:56:20+00:00","mainEntityOfPage":{"@id":"https:\/\/diariofemenino.com.ar\/df\/los-desconocidos-cinco-ejes-de-la-esi\/"},"wordCount":1129,"commentCount":0,"publisher":{"@id":"https:\/\/diariofemenino.com.ar\/df\/#organization"},"image":{"@id":"https:\/\/diariofemenino.com.ar\/df\/los-desconocidos-cinco-ejes-de-la-esi\/#primaryimage"},"thumbnailUrl":"https:\/\/diariofemenino.com.ar\/df\/wp-content\/uploads\/2024\/07\/Los-5-ejes.jpg","keywords":["Aulas","compromiso","Conocimiento","Desconocidos","Destacada","Docentes","Educaci\u00f3n Sexual Integral","Ejes","escuelas","ESI","informacion","Instituciones","pibas","pibes"],"articleSection":["Azul Profundo","De ESI S\u00ed Se Habla","G\u00e9nero y Derechos Humanos","Gu\u00edas","Mujeres de La Pampa","Mujeres en Palabras","Noticias"],"inLanguage":"es","potentialAction":[{"@type":"CommentAction","name":"Comment","target":["https:\/\/diariofemenino.com.ar\/df\/los-desconocidos-cinco-ejes-de-la-esi\/#respond"]}]},{"@type":"WebPage","@id":"https:\/\/diariofemenino.com.ar\/df\/los-desconocidos-cinco-ejes-de-la-esi\/","url":"https:\/\/diariofemenino.com.ar\/df\/los-desconocidos-cinco-ejes-de-la-esi\/","name":"Los desconocidos cinco ejes de la ESI - Diario Digital Femenino","isPartOf":{"@id":"https:\/\/diariofemenino.com.ar\/df\/#website"},"primaryImageOfPage":{"@id":"https:\/\/diariofemenino.com.ar\/df\/los-desconocidos-cinco-ejes-de-la-esi\/#primaryimage"},"image":{"@id":"https:\/\/diariofemenino.com.ar\/df\/los-desconocidos-cinco-ejes-de-la-esi\/#primaryimage"},"thumbnailUrl":"https:\/\/diariofemenino.com.ar\/df\/wp-content\/uploads\/2024\/07\/Los-5-ejes.jpg","datePublished":"2024-07-23T12:29:58+00:00","dateModified":"2024-07-24T13:56:20+00:00","description":"Los desconocidos cinco ejes, Pibas y pibes no saben de d\u00f3nde y c\u00f3mo surge la Educaci\u00f3n Sexual Integral y mucho menos para qu\u00e9.","breadcrumb":{"@id":"https:\/\/diariofemenino.com.ar\/df\/los-desconocidos-cinco-ejes-de-la-esi\/#breadcrumb"},"inLanguage":"es","potentialAction":[{"@type":"ReadAction","target":["https:\/\/diariofemenino.com.ar\/df\/los-desconocidos-cinco-ejes-de-la-esi\/"]}]},{"@type":"ImageObject","inLanguage":"es","@id":"https:\/\/diariofemenino.com.ar\/df\/los-desconocidos-cinco-ejes-de-la-esi\/#primaryimage","url":"https:\/\/diariofemenino.com.ar\/df\/wp-content\/uploads\/2024\/07\/Los-5-ejes.jpg","contentUrl":"https:\/\/diariofemenino.com.ar\/df\/wp-content\/uploads\/2024\/07\/Los-5-ejes.jpg","width":976,"height":322,"caption":"Los desconocidos cinco ejes de la ESI"},{"@type":"BreadcrumbList","@id":"https:\/\/diariofemenino.com.ar\/df\/los-desconocidos-cinco-ejes-de-la-esi\/#breadcrumb","itemListElement":[{"@type":"ListItem","position":1,"name":"Portada","item":"https:\/\/diariofemenino.com.ar\/df\/"},{"@type":"ListItem","position":2,"name":"Los desconocidos cinco ejes de la ESI"}]},{"@type":"WebSite","@id":"https:\/\/diariofemenino.com.ar\/df\/#website","url":"https:\/\/diariofemenino.com.ar\/df\/","name":"Diario Digital Femenino","description":"Cuesti\u00f3n de G\u00e9nero","publisher":{"@id":"https:\/\/diariofemenino.com.ar\/df\/#organization"},"potentialAction":[{"@type":"SearchAction","target":{"@type":"EntryPoint","urlTemplate":"https:\/\/diariofemenino.com.ar\/df\/?s={search_term_string}"},"query-input":{"@type":"PropertyValueSpecification","valueRequired":true,"valueName":"search_term_string"}}],"inLanguage":"es"},{"@type":"Organization","@id":"https:\/\/diariofemenino.com.ar\/df\/#organization","name":"Diario Femenino","url":"https:\/\/diariofemenino.com.ar\/df\/","logo":{"@type":"ImageObject","inLanguage":"es","@id":"https:\/\/diariofemenino.com.ar\/df\/#\/schema\/logo\/image\/","url":"https:\/\/diariofemenino.com.ar\/df\/wp-content\/uploads\/2018\/10\/logo.png","contentUrl":"https:\/\/diariofemenino.com.ar\/df\/wp-content\/uploads\/2018\/10\/logo.png","width":500,"height":92,"caption":"Diario Femenino"},"image":{"@id":"https:\/\/diariofemenino.com.ar\/df\/#\/schema\/logo\/image\/"},"sameAs":["https:\/\/www.facebook.com\/DiarioDigitaFemenino\/","https:\/\/x.com\/DiarioFemenino1"]},{"@type":"Person","@id":"https:\/\/diariofemenino.com.ar\/df\/#\/schema\/person\/bf6199e8158c657ea6f789b11ec85509","name":"Admin","image":{"@type":"ImageObject","inLanguage":"es","@id":"https:\/\/diariofemenino.com.ar\/df\/wp-content\/uploads\/2018\/12\/favicon-150x150.jpg","url":"https:\/\/diariofemenino.com.ar\/df\/wp-content\/uploads\/2018\/12\/favicon-150x150.jpg","contentUrl":"https:\/\/diariofemenino.com.ar\/df\/wp-content\/uploads\/2018\/12\/favicon-150x150.jpg","caption":"Admin"},"url":"https:\/\/diariofemenino.com.ar\/df\/author\/lenny\/"}]}},"jetpack_featured_media_url":"https:\/\/diariofemenino.com.ar\/df\/wp-content\/uploads\/2024\/07\/Los-5-ejes.jpg","jetpack_sharing_enabled":true,"rttpg_featured_image_url":{"full":["https:\/\/diariofemenino.com.ar\/df\/wp-content\/uploads\/2024\/07\/Los-5-ejes.jpg",976,322,false],"landscape":["https:\/\/diariofemenino.com.ar\/df\/wp-content\/uploads\/2024\/07\/Los-5-ejes.jpg",976,322,false],"portraits":["https:\/\/diariofemenino.com.ar\/df\/wp-content\/uploads\/2024\/07\/Los-5-ejes.jpg",976,322,false],"thumbnail":["https:\/\/diariofemenino.com.ar\/df\/wp-content\/uploads\/2024\/07\/Los-5-ejes-150x150.jpg",150,150,true],"medium":["https:\/\/diariofemenino.com.ar\/df\/wp-content\/uploads\/2024\/07\/Los-5-ejes-300x99.jpg",300,99,true],"large":["https:\/\/diariofemenino.com.ar\/df\/wp-content\/uploads\/2024\/07\/Los-5-ejes.jpg",976,322,false],"1536x1536":["https:\/\/diariofemenino.com.ar\/df\/wp-content\/uploads\/2024\/07\/Los-5-ejes.jpg",976,322,false],"2048x2048":["https:\/\/diariofemenino.com.ar\/df\/wp-content\/uploads\/2024\/07\/Los-5-ejes.jpg",976,322,false]},"rttpg_author":{"display_name":"Admin","author_link":"https:\/\/diariofemenino.com.ar\/df\/author\/lenny\/"},"rttpg_comment":0,"rttpg_category":"<a href=\"https:\/\/diariofemenino.com.ar\/df\/category\/azul-profundo\/\" rel=\"category tag\">Azul Profundo<\/a> <a href=\"https:\/\/diariofemenino.com.ar\/df\/category\/de-esi-si-se-habla\/\" rel=\"category tag\">De ESI S\u00ed Se Habla<\/a> <a href=\"https:\/\/diariofemenino.com.ar\/df\/category\/genero-y-derechos-humanos\/\" rel=\"category tag\">G\u00e9nero y Derechos Humanos<\/a> <a href=\"https:\/\/diariofemenino.com.ar\/df\/category\/guias\/\" rel=\"category tag\">Gu\u00edas<\/a> <a href=\"https:\/\/diariofemenino.com.ar\/df\/category\/mujeres-de-la-pampa\/\" rel=\"category tag\">Mujeres de La Pampa<\/a> <a href=\"https:\/\/diariofemenino.com.ar\/df\/category\/articulos\/\" rel=\"category tag\">Mujeres en Palabras<\/a> <a href=\"https:\/\/diariofemenino.com.ar\/df\/category\/noticias\/\" rel=\"category tag\">Noticias<\/a>","rttpg_excerpt":"Sin \u00e1nimo de generalizar, pero es necesario reflejar que en la mayor\u00eda de los colegios donde fui convocada para dictar talleres \u201cen el marco\u201d de la Educaci\u00f3n Sexual Integral &#8211;ESI-, alumnas y alumnos comentaban sobre la necesidad de ampliar informaci\u00f3n; al indagar sobre lo visto, coincid\u00edan en mencionar bullying, convivencia, anatom\u00eda e higiene. El Programa&hellip;","_links":{"self":[{"href":"https:\/\/diariofemenino.com.ar\/df\/wp-json\/wp\/v2\/posts\/73377","targetHints":{"allow":["GET"]}}],"collection":[{"href":"https:\/\/diariofemenino.com.ar\/df\/wp-json\/wp\/v2\/posts"}],"about":[{"href":"https:\/\/diariofemenino.com.ar\/df\/wp-json\/wp\/v2\/types\/post"}],"author":[{"embeddable":true,"href":"https:\/\/diariofemenino.com.ar\/df\/wp-json\/wp\/v2\/users\/4"}],"replies":[{"embeddable":true,"href":"https:\/\/diariofemenino.com.ar\/df\/wp-json\/wp\/v2\/comments?post=73377"}],"version-history":[{"count":0,"href":"https:\/\/diariofemenino.com.ar\/df\/wp-json\/wp\/v2\/posts\/73377\/revisions"}],"wp:featuredmedia":[{"embeddable":true,"href":"https:\/\/diariofemenino.com.ar\/df\/wp-json\/wp\/v2\/media\/73380"}],"wp:attachment":[{"href":"https:\/\/diariofemenino.com.ar\/df\/wp-json\/wp\/v2\/media?parent=73377"}],"wp:term":[{"taxonomy":"category","embeddable":true,"href":"https:\/\/diariofemenino.com.ar\/df\/wp-json\/wp\/v2\/categories?post=73377"},{"taxonomy":"post_tag","embeddable":true,"href":"https:\/\/diariofemenino.com.ar\/df\/wp-json\/wp\/v2\/tags?post=73377"}],"curies":[{"name":"wp","href":"https:\/\/api.w.org\/{rel}","templated":true}]}}