{"id":73170,"date":"2024-06-21T12:32:58","date_gmt":"2024-06-21T15:32:58","guid":{"rendered":"https:\/\/diariofemenino.com.ar\/df\/?p=73170"},"modified":"2024-06-21T12:52:23","modified_gmt":"2024-06-21T15:52:23","slug":"un-fallo-que-tuvo-en-cuenta-la-carga-mental-en-la-maternidad","status":"publish","type":"post","link":"https:\/\/diariofemenino.com.ar\/df\/un-fallo-que-tuvo-en-cuenta-la-carga-mental-en-la-maternidad\/","title":{"rendered":"Un fallo que tuvo en cuenta la carga mental en la maternidad"},"content":{"rendered":"<p>Un fallo muy interesante que aborda las tres instancias judiciales. Adem\u00e1s, no solo aplica el \u00edndice de crianza como piso m\u00ednimo, sino que incorpora las pol\u00edticas de cuidado al reconocer las cargas mentales de la maternidad, explicando que deben ser valoradas para la determinaci\u00f3n de la cuota alimentaria.<\/p>\n<p><strong>LA CARGA MENTAL EN LA MATERNIDAD.<\/strong> \u00abB. V. L. C\/ R. G. J., R. J. P. Y S. S. E. S\/ ALIMENTOS\u00bb. Paran\u00e1, capital de la provincia de Entre R\u00edos, 6\/06\/2024. Superior Tribunal de Justicia de Entre R\u00edos Sala Civil y Comercial.<\/p>\n<p>Por\u00a0<a href=\"https:\/\/diariofemenino.com.ar\/df\/?s=Erica+P%C3%A9rez\">Erica P\u00e9rez<\/a>*<br \/>\nDescargar:\u00a0<a href=\"https:\/\/diariofemenino.com.ar\/df\/wp-content\/uploads\/2024\/06\/B.-V.-L.pdf\">fallo completo<\/a><\/p>\n<p><strong>I.- Los hechos en primera instancia <\/strong><\/p>\n<p>La sentencia de primera instancia (23\/8\/2022), hizo lugar a la demanda de alimentos interpuesta por la se\u00f1ora V. B. <strong>en contra del progenitor G. R. y de los ascendientes paternos<\/strong> J. R. y S. S.; <strong>fij\u00f3 como cuota alimentaria definitiva en favor de las tres menores de edad la suma equivalente a tres y medio (3 y 1\/2) salarios m\u00ednimos vitales<\/strong>; estableci\u00f3 que los gastos extraordinarios de las hijas ser\u00e1n abonados en un cincuenta por ciento (50%) por cada uno de los progenitores; dispuso que los alimentos atrasados se adeudan desde la fecha de interposici\u00f3n de la demanda, debiendo practicarse liquidaci\u00f3n del juicio, deduci\u00e9ndose lo que se hubiera percibido en concepto de alimentos provisorios; e impuso las costas a los demandados alimentantes vencidos.<\/p>\n<p><strong>II.- La c\u00e1mara de apelaciones <\/strong><\/p>\n<p>La parte demandada apel\u00f3 la decisi\u00f3n. En tarea de resolver las impugnaciones, la Sala Tercera de la C\u00e1mara Segunda de Apelaciones de Paran\u00e1 -por mayor\u00eda- <strong>revoc\u00f3 parcialmente la sentencia<\/strong> apelada, s\u00f3lo <strong>en cuanto hace al monto de la cuota alimentaria<\/strong>, la que estableci\u00f3 <strong>en el equivalente a tres (3) salarios m\u00ednimo vital y m\u00f3vil<\/strong>; impuso las costas de alzada a los apelantes y difiri\u00f3 la regulaci\u00f3n de honorarios.<\/p>\n<p><strong>III.- Recurso de inaplicabilidad de la ley <\/strong><\/p>\n<p>Las partes actoras y demandadas interpusieron sendos recursos de inaplicabilidad de ley. A la cuesti\u00f3n propuesta la se\u00f1ora vocal Gisela Schumacher dijo:<\/p>\n<p>Primero, considero que el argumento sentencial por el que se habilit\u00f3 la aplicaci\u00f3n de la obligaci\u00f3n subsidiaria a J. R. y a S. S. (conforme art\u00edculo 668 del c\u00f3digo civil y comercial) no ha sido rebatido ni argumental ni f\u00e1cticamente. Por consiguiente, corresponde declarar la inadmisibilidad del recurso de inaplicabilidad de ley deducido por las partes demandadas.<\/p>\n<p>Luego <strong>en cuanto, al estudio del recurso de inaplicabilidad de ley arbitrado por la progenitora<\/strong>, cuyos fundamentos habilitan el estudio de procedencia de los vicios denunciados (art\u00edculo 280, segundo p\u00e1rrafo, del c\u00f3digo procesal civil y comercial).<\/p>\n<p>El art\u00edculo 660 del c\u00f3digo civil y comercial es categ\u00f3rico cuando expresa que \u00ablas tareas cotidianas que realiza el progenitor que ha asumido el cuidado personal del hijo tienen un valor econ\u00f3mico y constituyen un aporte a su manutenci\u00f3n\u00bb.<\/p>\n<p>La sanci\u00f3n de esta norma vino a reconocer legalmente una situaci\u00f3n que demandaba su visualizaci\u00f3n, esto es<strong> la cuantificaci\u00f3n de las tareas dom\u00e9sticas<\/strong> en el seno de una familia. Sin embargo, no se ha producido de forma autom\u00e1tica una mejora en la redistribuci\u00f3n del ejercicio de las labores de cuidado.<\/p>\n<p>La inserci\u00f3n laboral de las mujeres supone una sobrecarga del trabajo cotidiano, quienes <strong>deben combinar el trabajo remunerado con el trabajo dom\u00e9stico<\/strong> sin remuneraci\u00f3n. El cuidado proporcionado por las madres y otras mujeres de la familia suele ser llamado un \u00abtrabajo de amor\u00bb, pero nunca es solamente eso: involucra trabajo arduo y responsabilidad, tiempo, energ\u00eda, dinero y p\u00e9rdida de oportunidades alternativas.[1]<\/p>\n<p><strong>IV.- La \u00abcanasta crianza\u00bb es el piso a tener en cuenta en la cuantificaci\u00f3n de la cuota alimentaria, y es desde donde debe partir la valoraci\u00f3n de las particularidades de cada caso.<\/strong><\/p>\n<p>Al amparo de estas consideraciones abordar\u00e9 el estudio de la sentencia de alzada. En dicha tarea, advierto que la decisi\u00f3n controvertida midi\u00f3 la razonabilidad de la cuota fijada en la instancia de origen utilizando como elemento de comparaci\u00f3n a la \u00abcanasta crianza\u00bb que publica el INDEC. Defini\u00f3 a dicha canasta como un valor de referencia y explicit\u00f3 que la estimaci\u00f3n de dicho par\u00e1metro alcanza a la poblaci\u00f3n de hasta 12 a\u00f1os inclusive, en tanto a partir de esa edad se reconoce una disminuci\u00f3n en t\u00e9rminos de horas dedicadas al cuidado de las y los adolescentes, por lo que se lo excluye del c\u00e1lculo en las edades subsiguientes.<\/p>\n<p>No obstante, aclar\u00f3 que aquello es un dato est\u00e1ndar que se debe conjugar e interpretar en armon\u00eda con las normas del c\u00f3digo de fondo, la legislaci\u00f3n nacional y con jerarqu\u00eda constitucional, atendiendo al inter\u00e9s superior de NNyA y a la consideraci\u00f3n de las tareas de cuidado que ejercen los progenitores. En concreto, aludi\u00f3 que en este caso se presume que la progenitora posee menor disponibilidad horaria para el desarrollo privado de su profesi\u00f3n, toda vez que sobre ella pesa la ejecuci\u00f3n de las tareas y actividades que hacen al cuidado personal y cotidiano de las hijas.<\/p>\n<p>Sin embargo, <strong>al momento de plasmar el c\u00e1lculo que estableci\u00f3 la cuota alimentaria objeto de impugnaci\u00f3n, el veredicto tom\u00f3 los valores de la canasta crianza de agosto 2023, los multiplic\u00f3 por 3 hijas, lo dividi\u00f3 por madre y padre, y s\u00f3lo justipreci\u00f3 las necesidades relevadas de las hijas, su edad y su est\u00e1ndar de vida.<\/strong><\/p>\n<p><strong>Aqu\u00ed radica la arbitrariedad de lo decidido<\/strong>. Es decir, aun cuando el fallo concord\u00f3 en que los cuidados que proporciona a sus hijas la madre conviviente es un elemento a abordar al momento de establecer la cuota alimentaria, el silogismo sentencial no contempl\u00f3 el ejercicio de las referidas tareas.<\/p>\n<p>A esta altura considero oportuno dejar sentado que resulta err\u00f3neo tomar las conclusiones de un informe t\u00e9cnico elaborado por el Instituto de Estad\u00edsticas y Censos dependiente del Ministerio de Econom\u00eda(https:\/\/www.indec.gob.ar\/uploads\/informesdeprensa\/canasta_crianza_09_231739404B41.pdf), para validar que los cuidados que la madre conviviente proporciona a -hoy- tres adolescentes no sean incluidos dentro de la obligaci\u00f3n que ata\u00f1e al padre no conviviente. Puesto que ello no s\u00f3lo es contrario al art\u00edculo 660 del c\u00f3digo de fondo (que no distingue edades a los efectos de valorar el cuidado), sino que incluso se contradice con las detalladas y reconocidas necesidades y est\u00e1ndar de vida de J., A. y T.<\/p>\n<p>Con esto quiero decir que el avance significativo que supone contar con un par\u00e1metro como el de la \u00abcanasta crianza\u00bb <strong>no puede verse desdibujado por interpretaciones que lo utilicen para restar derechos.<\/strong> <strong>La \u00abcanasta crianza\u00bb es el piso a tener en cuenta en la cuantificaci\u00f3n de la cuota alimentaria, y es desde donde debe partir la valoraci\u00f3n de las particularidades de cada caso.<\/strong><\/p>\n<p>A modo de ejemplos concretos que permitan completar el razonamiento inconcluso de la C\u00e1mara, pregunto: \u00bfqui\u00e9n asiste y supervisa a las menores de edad en su concurrencia a la escuela, a aprender idiomas, a pat\u00edn, a hockey, al m\u00e9dico, en sus relaciones sociales? \u00bfqui\u00e9n, adem\u00e1s, se encarga de todas las labores conexas que dichas actividades implican (tareas y actividades escolares, viajes de estudio, elementos deportivos, acondicionamiento de equipos y uniformes, por dar s\u00f3lo algunos ejemplos)? Es la madre, quien, para llevar adelante la direcci\u00f3n de la vida de sus hijas y mantener el acreditado est\u00e1ndar de vida de las mismas, debe relegar su propia disponibilidad temporal, laboral e intelectual.<\/p>\n<p>Adem\u00e1s, <strong>ya no hay margen para que pase desapercibida la carga mental que conllevan tanto el cuidado de ni\u00f1os, ni\u00f1as y adolescentes<\/strong>, <strong>como la gesti\u00f3n de las tareas del hogar. <\/strong>Es imperante que esa sobrecarga o esfuerzo psicol\u00f3gico \u00ednsito en la planificaci\u00f3n, coordinaci\u00f3n y protecci\u00f3n de la vida familiar e individual de sus miembros sea reconocida y sea cuantificada desde una faz productiva.<\/p>\n<p>En consecuencia, conforme lo explicado en los p\u00e1rrafos anteriores, <strong>corresponde declarar procedente el recurso de inaplicabilidad de ley<\/strong> incoado por la parte actora; casar la sentencia dictada en fecha 22\/9\/2023 por la Sala Tercera de la C\u00e1mara Segunda de Paran\u00e1; y dejar subsistente lo decidido en fecha 23\/8\/2022 por la jueza de familia de primera instancia.<\/p>\n<p>Las costas en todas las instancias se imponen a las partes demandadas vencidas. AS\u00cd VOTO.<\/p>\n<figure id=\"attachment_73173\" aria-describedby=\"caption-attachment-73173\" style=\"width: 524px\" class=\"wp-caption aligncenter\"><img loading=\"lazy\" decoding=\"async\" class=\" wp-image-73173\" src=\"https:\/\/diariofemenino.com.ar\/df\/wp-content\/uploads\/2024\/06\/todas-madres-2024-2-1024x683-1.png\" alt=\"Un fallo que tuvo en cuenta la carga mental en la maternidad\" width=\"524\" height=\"349\" srcset=\"https:\/\/diariofemenino.com.ar\/df\/wp-content\/uploads\/2024\/06\/todas-madres-2024-2-1024x683-1.png 1024w, https:\/\/diariofemenino.com.ar\/df\/wp-content\/uploads\/2024\/06\/todas-madres-2024-2-1024x683-1-300x200.png 300w, https:\/\/diariofemenino.com.ar\/df\/wp-content\/uploads\/2024\/06\/todas-madres-2024-2-1024x683-1-768x512.png 768w\" sizes=\"auto, (max-width: 524px) 100vw, 524px\" \/><figcaption id=\"caption-attachment-73173\" class=\"wp-caption-text\">Un fallo que tuvo en cuenta la carga mental en la maternidad<\/figcaption><\/figure>\n<p><strong>A LA CUESTI\u00d3N PROPUESTA EL SR. VOCAL CARLOS FEDERICO TEPSICH DIJO:<\/strong><\/p>\n<ol>\n<li>Las especiales circunstancias del caso me llevan a coincidir con la soluci\u00f3n que viene propuesta con relaci\u00f3n a los agravios formulados por el progenitor en torno a la cuant\u00eda de la prestaci\u00f3n alimentaria a su cargo. La valoraci\u00f3n en concreto de las tareas de cuidado personal por parte de la progenitora exhibe como razonable mantener lo decidido en la instancia de origen sobre el punto.<\/li>\n<li>Con relaci\u00f3n al car\u00e1cter de obligaci\u00f3n alimentaria de los abuelos que regula el art. 668 del CCC y es impugnada bajo la causal de incorrecta aplicaci\u00f3n de la ley, adelanto que tambi\u00e9n habr\u00e9 de acompa\u00f1ar la soluci\u00f3n desestimatoria propuesta por la Se\u00f1ora Vocal preopinante.<\/li>\n<\/ol>\n<p>Confrontado las probanzas de autos con tales pautas, la prestaci\u00f3n alimentaria a cargo de los abuelos recurrentes es correcta. AS\u00cd VOTO.<\/p>\n<p>Por \u00faltimo, habiendo mayor\u00eda absoluta, <strong>EL SR. VOCAL EN EJERCICIO DE LA PRESIDENCIA DEL STJ, LEONARDO PORTELA,<\/strong> se abstiene de votar y firmar la presente resoluci\u00f3n con arreglo a lo dispuesto por el art. 33 de la LOPJ, texto seg\u00fan ley 10.704.<\/p>\n<p><strong>Con lo que no siendo para m\u00e1s se da por finalizado el acto quedando acordada la siguiente sentencia: <\/strong>Paran\u00e1, 6 de junio de 2024. Y VISTO: Por los fundamentos del acuerdo que antecede se, RESUELVE:<\/p>\n<p><strong>\u00a0<\/strong>DECLARAR INADMISIBLE el recurso de inaplicabilidad de ley deducido por las partes demandadas en fecha 12\/10\/2023, respecto de la resoluci\u00f3n de la Sala Tercera de la C\u00e1mara Segunda de Apelaciones de Paran\u00e1 dictada en fecha 22\/9\/2023.<\/p>\n<p>DECLARAR PROCEDENTE el recurso de inaplicabilidad de ley deducido por la actora en fecha 12\/10\/2023, CASAR la resoluci\u00f3n de la Sala Tercera de la C\u00e1mara Segunda de Apelaciones de Paran\u00e1 dictada en fecha 22\/9\/2023 y, en consecuencia, <strong>DEJAR subsistente lo decidido en fecha 23\/8\/2022 por la jueza de familia de primera instancia.<\/strong><\/p>\n<p>IMPONER costas en todas las instancias a las partes demandadas vencidas (art. 138 de la ley procesal de familia). DIFERIR la regulaci\u00f3n de honorarios para la oportunidad en que se determinen los correspondientes a las instancias inferiores. Tener presente la reserva del caso federal. Notif\u00edquese conforme arts. 1o y 4o Ac. Gral. 15\/18 SNE, reg\u00edstrese y oportunamente devu\u00e9lvase. Firmado digitalmente por la Sra. Vocal Gisela N. Schumacher. Firmado digitalmente por el Sr. Vocal Carlos Federico Tepsich.<\/p>\n<p><strong>V.- A modo de conclusi\u00f3n:<\/strong><\/p>\n<p>En cuanto al fallo analizado en sus tres instancias, resulta importante destacar que el mismo visibiliza dentro del sistema judicial, el reclamo a todas voces de una sociedad que ha cambiado en cuanto a la conformaci\u00f3n del hogar. Hoy las madres equilibran, en lo que resulta ser casi una misi\u00f3n imposible, su jornada laboral con las tareas de cuidado y del hogar.<\/p>\n<p>Por ello, son quienes en su mayor\u00eda como la jurisprudencia lo determina, cr\u00edan en absoluta y forzada soledad. Atravesando la ruta cr\u00edtica en el reclamo de una cuota alimentaria digna, que les permita maternar.<\/p>\n<p>La presente resoluci\u00f3n aborda, que las tareas del hogar demandan planificaci\u00f3n, coordinaci\u00f3n y protecci\u00f3n, concluyendo en una carga o esfuerzo psicol\u00f3gico que debe cuantificarse al momento de determinar el monto de la cuota alimentaria.<\/p>\n<p>Siendo por ello de gran importancia, que los operadores jur\u00eddicos utilicen las herramientas de medici\u00f3n, entre ellas el \u00edndice de crianza. Que citando las palabras de la Dra. Nelly Minyersky [2] la misma refiere que, \u201cEl \u00edndice de crianza resulta un elemento fundamental para mejorar la eficacia e interpretaci\u00f3n de las normas pertinentes. Fruto del trabajo interdisciplinario, ha develado y ha puesto sobre el tapete un instrumento important\u00edsimo en la lucha. Tambi\u00e9n es un llamado a los operadores del derecho, los abogados\/as, de que esto es una base, un piso. Hoy en d\u00eda, todo aquello que compone el \u00edndice de crianza es de conocimiento p\u00fablico y notorio: cu\u00e1nto pago de alquiler, cu\u00e1nto para comer, etc. Incluye, adem\u00e1s, algo muy importante que recogi\u00f3, el C\u00f3digo Civil y Comercial de la Naci\u00f3n, que es el reconocimiento econ\u00f3mico de las tareas de cuidado. <strong>Por eso, es un instrumento base, es lo m\u00ednimo que un ni\u00f1o, ni\u00f1a necesita, no es lo m\u00e1ximo<\/strong>.<\/p>\n<p>Tenemos muchos insumos legislativos, como lo ha demostrado tambi\u00e9n la C\u00e1mara de Diputados de la PBA con la publicaci\u00f3n del libro \u201cCompendio de casos judiciales novedosos sobre cuota alimentaria. Aportes y herramientas territoriales\u201d [3]. <strong>Cuando un juez trabaja con perspectiva de g\u00e9nero, trabaja correctamente<\/strong>. Entonces es un llamado a todos los niveles.<\/p>\n<p>Hoy le hablamos a la sociedad civil, al poder judicial. Tenemos que internalizar que la perspectiva de g\u00e9nero no es un capricho de estas mujeres. La perspectiva de g\u00e9nero es manda constitucional tal como lo obliga la Convenci\u00f3n sobre la Eliminaci\u00f3n de Todas las Formas de Discriminaci\u00f3n contra la Mujer.\u201d<\/p>\n<p><strong> (*) Abogada egresada de la UBA.\u00a0<a href=\"https:\/\/blog-ericaperez.blogspot.com\/\">https:\/\/blog-ericaperez.blogspot.com\/<\/a><\/strong><\/p>\n<p><strong>\u00a0<\/strong><strong>Referencias<\/strong><\/p>\n<p><strong>[1]<\/strong>Herrera, Fern\u00e1ndez, de la Torre (directoras); \u00abTratado de G\u00e9neros, Derechos y Justicia. Derecho Civil, derecho de las familias, ni\u00f1ez-salud\u00bb. Tomo I. Rubinzal Culzoni, Santa Fe, 2021, p\u00e1ginas 336\/339.<\/p>\n<p><strong>[2]<\/strong> Dra. Nelly Minyersky: Abogada, docente e hist\u00f3rica militante feminista. Egresada de la UBA. Especializada en Derecho de Familia. Reconocida trayectoria en defensa de los derechos de las mujeres. Primera mujer presidenta de la Asociaci\u00f3n de Abogados\/as de Buenos Aires y del Tribunal de Disciplina del Colegio P\u00fablico de Abogados\/as. Entre sus libros y producciones acad\u00e9micas, se destacan: \u201cBio\u00e9tica y Derecho\u201d y \u201cGenoma Humano\u201d.<\/p>\n<p><strong>[3]<\/strong> <a href=\"https:\/\/diariofemenino.com.ar\/df\/wp-content\/uploads\/2023\/09\/Compendio-Cuota-Alimentaria-2023.pdf\">https:\/\/diariofemenino.com.ar\/df\/wp-content\/uploads\/2023\/09\/Compendio-Cuota-Alimentaria-2023.pdf<\/a><\/p>\n<p><a href=\"https:\/\/diariofemenino.com.ar\/df\/buenas-practicas-en-la-determinacion-del-quantum-de-cuota-alimentaria-para-operadores-juridicos\/\">https:\/\/diariofemenino.com.ar\/df\/buenas-practicas-en-la-determinacion-del-quantum-de-cuota-alimentaria-para-operadores-juridicos\/<\/a><\/p>\n<blockquote><p><strong>Seguinos en Instagram <a href=\"https:\/\/www.instagram.com\/diariodigitalfemenino_\/\">@diariodigitalfemenino_<\/a><br \/>\n<a href=\"https:\/\/www.instagram.com\/lennycaceres69\/\">@lennycaceres69<\/a><\/strong><\/p><\/blockquote>\n<p>&nbsp;<\/p>\n","protected":false},"excerpt":{"rendered":"<p>Un fallo muy interesante que aborda las tres instancias judiciales. Adem\u00e1s, no solo aplica el \u00edndice de crianza como piso m\u00ednimo, sino que incorpora las pol\u00edticas de cuidado al reconocer las cargas mentales de la maternidad, explicando que deben ser valoradas para la determinaci\u00f3n de la cuota alimentaria. LA CARGA MENTAL EN LA MATERNIDAD. \u00abB. [&hellip;]<\/p>\n","protected":false},"author":4,"featured_media":73172,"comment_status":"open","ping_status":"open","sticky":false,"template":"","format":"standard","meta":{"iawp_total_views":1108,"footnotes":""},"categories":[7,1067,178,581,627,21,23,592],"tags":[3177,5144,891,4372,4649,1885,6269,169,2769],"class_list":["post-73170","post","type-post","status-publish","format-standard","has-post-thumbnail","hentry","category-actividades","category-agenda-feminista","category-articulos-y-comunicados","category-azul-profundo","category-genero-y-derechos-humanos","category-noticias","category-salud","category-violencias","tag-carga-mental","tag-comentario-juridico","tag-cuota-alimentaria","tag-destacada","tag-erica-perez","tag-fallo","tag-indice-de-crianza","tag-maternidad","tag-politicas-de-cuidado"],"nelio_content":{"autoShareEndMode":"never","automationSources":{"useCustomSentences":false,"customSentences":[]},"efiAlt":"","efiUrl":"","followers":[4],"highlights":[],"isAutoShareEnabled":true,"networkImageIds":[],"permalinkQueryArgs":[],"series":[],"suggestedReferences":[]},"yoast_head":"<!-- This site is optimized with the Yoast SEO plugin v27.5 - https:\/\/yoast.com\/product\/yoast-seo-wordpress\/ -->\n<title>Un fallo que tuvo en cuenta la carga mental en la maternidad - Diario Digital Femenino<\/title>\n<meta name=\"description\" content=\"Un fallo que contempla no s\u00f3lo el \u00edndice de crianza para definir la cuota alimentaria sino que incorpora la carga mental en la maternidad.\" \/>\n<meta name=\"robots\" content=\"index, follow, max-snippet:-1, max-image-preview:large, max-video-preview:-1\" \/>\n<link rel=\"canonical\" href=\"https:\/\/diariofemenino.com.ar\/df\/un-fallo-que-tuvo-en-cuenta-la-carga-mental-en-la-maternidad\/\" \/>\n<meta property=\"og:locale\" content=\"es_ES\" \/>\n<meta property=\"og:type\" content=\"article\" \/>\n<meta property=\"og:title\" content=\"Un fallo que tuvo en cuenta la carga mental en la maternidad - Diario Digital Femenino\" \/>\n<meta property=\"og:description\" content=\"Un fallo que contempla no s\u00f3lo el \u00edndice de crianza para definir la cuota alimentaria sino que incorpora la carga mental en la maternidad.\" \/>\n<meta property=\"og:url\" content=\"https:\/\/diariofemenino.com.ar\/df\/un-fallo-que-tuvo-en-cuenta-la-carga-mental-en-la-maternidad\/\" \/>\n<meta property=\"og:site_name\" content=\"Diario Digital Femenino\" \/>\n<meta property=\"article:publisher\" content=\"https:\/\/www.facebook.com\/DiarioDigitaFemenino\/\" \/>\n<meta property=\"article:published_time\" content=\"2024-06-21T15:32:58+00:00\" \/>\n<meta property=\"article:modified_time\" content=\"2024-06-21T15:52:23+00:00\" \/>\n<meta property=\"og:image\" content=\"https:\/\/diariofemenino.com.ar\/df\/wp-content\/uploads\/2024\/06\/70.jpg\" \/>\n\t<meta property=\"og:image:width\" content=\"970\" \/>\n\t<meta property=\"og:image:height\" content=\"450\" \/>\n\t<meta property=\"og:image:type\" content=\"image\/jpeg\" \/>\n<meta name=\"author\" content=\"Admin\" \/>\n<meta name=\"twitter:card\" content=\"summary_large_image\" \/>\n<meta name=\"twitter:creator\" content=\"@DiarioFemenino1\" \/>\n<meta name=\"twitter:site\" content=\"@DiarioFemenino1\" \/>\n<meta name=\"twitter:label1\" content=\"Escrito por\" \/>\n\t<meta name=\"twitter:data1\" content=\"Admin\" \/>\n\t<meta name=\"twitter:label2\" content=\"Tiempo de lectura\" \/>\n\t<meta name=\"twitter:data2\" content=\"11 minutos\" \/>\n<script type=\"application\/ld+json\" class=\"yoast-schema-graph\">{\"@context\":\"https:\\\/\\\/schema.org\",\"@graph\":[{\"@type\":\"Article\",\"@id\":\"https:\\\/\\\/diariofemenino.com.ar\\\/df\\\/un-fallo-que-tuvo-en-cuenta-la-carga-mental-en-la-maternidad\\\/#article\",\"isPartOf\":{\"@id\":\"https:\\\/\\\/diariofemenino.com.ar\\\/df\\\/un-fallo-que-tuvo-en-cuenta-la-carga-mental-en-la-maternidad\\\/\"},\"author\":{\"name\":\"Admin\",\"@id\":\"https:\\\/\\\/diariofemenino.com.ar\\\/df\\\/#\\\/schema\\\/person\\\/bf6199e8158c657ea6f789b11ec85509\"},\"headline\":\"Un fallo que tuvo en cuenta la carga mental en la maternidad\",\"datePublished\":\"2024-06-21T15:32:58+00:00\",\"dateModified\":\"2024-06-21T15:52:23+00:00\",\"mainEntityOfPage\":{\"@id\":\"https:\\\/\\\/diariofemenino.com.ar\\\/df\\\/un-fallo-que-tuvo-en-cuenta-la-carga-mental-en-la-maternidad\\\/\"},\"wordCount\":2412,\"commentCount\":0,\"publisher\":{\"@id\":\"https:\\\/\\\/diariofemenino.com.ar\\\/df\\\/#organization\"},\"image\":{\"@id\":\"https:\\\/\\\/diariofemenino.com.ar\\\/df\\\/un-fallo-que-tuvo-en-cuenta-la-carga-mental-en-la-maternidad\\\/#primaryimage\"},\"thumbnailUrl\":\"https:\\\/\\\/diariofemenino.com.ar\\\/df\\\/wp-content\\\/uploads\\\/2024\\\/06\\\/70.jpg\",\"keywords\":[\"carga mental\",\"Comentario jur\u00eddico\",\"Cuota alimentaria\",\"Destacada\",\"Erica P\u00e9rez\",\"Fallo\",\"\u00cdndice de Crianza\",\"Maternidad\",\"Pol\u00edticas de cuidado\"],\"articleSection\":[\"Actividades\",\"Agenda Feminista\",\"Art\u00edculos y Comunicados\",\"Azul Profundo\",\"G\u00e9nero y Derechos Humanos\",\"Noticias\",\"Salud\",\"Violencias\"],\"inLanguage\":\"es\",\"potentialAction\":[{\"@type\":\"CommentAction\",\"name\":\"Comment\",\"target\":[\"https:\\\/\\\/diariofemenino.com.ar\\\/df\\\/un-fallo-que-tuvo-en-cuenta-la-carga-mental-en-la-maternidad\\\/#respond\"]}]},{\"@type\":\"WebPage\",\"@id\":\"https:\\\/\\\/diariofemenino.com.ar\\\/df\\\/un-fallo-que-tuvo-en-cuenta-la-carga-mental-en-la-maternidad\\\/\",\"url\":\"https:\\\/\\\/diariofemenino.com.ar\\\/df\\\/un-fallo-que-tuvo-en-cuenta-la-carga-mental-en-la-maternidad\\\/\",\"name\":\"Un fallo que tuvo en cuenta la carga mental en la maternidad - Diario Digital Femenino\",\"isPartOf\":{\"@id\":\"https:\\\/\\\/diariofemenino.com.ar\\\/df\\\/#website\"},\"primaryImageOfPage\":{\"@id\":\"https:\\\/\\\/diariofemenino.com.ar\\\/df\\\/un-fallo-que-tuvo-en-cuenta-la-carga-mental-en-la-maternidad\\\/#primaryimage\"},\"image\":{\"@id\":\"https:\\\/\\\/diariofemenino.com.ar\\\/df\\\/un-fallo-que-tuvo-en-cuenta-la-carga-mental-en-la-maternidad\\\/#primaryimage\"},\"thumbnailUrl\":\"https:\\\/\\\/diariofemenino.com.ar\\\/df\\\/wp-content\\\/uploads\\\/2024\\\/06\\\/70.jpg\",\"datePublished\":\"2024-06-21T15:32:58+00:00\",\"dateModified\":\"2024-06-21T15:52:23+00:00\",\"description\":\"Un fallo que contempla no s\u00f3lo el \u00edndice de crianza para definir la cuota alimentaria sino que incorpora la carga mental en la maternidad.\",\"breadcrumb\":{\"@id\":\"https:\\\/\\\/diariofemenino.com.ar\\\/df\\\/un-fallo-que-tuvo-en-cuenta-la-carga-mental-en-la-maternidad\\\/#breadcrumb\"},\"inLanguage\":\"es\",\"potentialAction\":[{\"@type\":\"ReadAction\",\"target\":[\"https:\\\/\\\/diariofemenino.com.ar\\\/df\\\/un-fallo-que-tuvo-en-cuenta-la-carga-mental-en-la-maternidad\\\/\"]}]},{\"@type\":\"ImageObject\",\"inLanguage\":\"es\",\"@id\":\"https:\\\/\\\/diariofemenino.com.ar\\\/df\\\/un-fallo-que-tuvo-en-cuenta-la-carga-mental-en-la-maternidad\\\/#primaryimage\",\"url\":\"https:\\\/\\\/diariofemenino.com.ar\\\/df\\\/wp-content\\\/uploads\\\/2024\\\/06\\\/70.jpg\",\"contentUrl\":\"https:\\\/\\\/diariofemenino.com.ar\\\/df\\\/wp-content\\\/uploads\\\/2024\\\/06\\\/70.jpg\",\"width\":970,\"height\":450,\"caption\":\"Un fallo que tuvo en cuenta la carga mental en la maternidad\"},{\"@type\":\"BreadcrumbList\",\"@id\":\"https:\\\/\\\/diariofemenino.com.ar\\\/df\\\/un-fallo-que-tuvo-en-cuenta-la-carga-mental-en-la-maternidad\\\/#breadcrumb\",\"itemListElement\":[{\"@type\":\"ListItem\",\"position\":1,\"name\":\"Portada\",\"item\":\"https:\\\/\\\/diariofemenino.com.ar\\\/df\\\/\"},{\"@type\":\"ListItem\",\"position\":2,\"name\":\"Un fallo que tuvo en cuenta la carga mental en la maternidad\"}]},{\"@type\":\"WebSite\",\"@id\":\"https:\\\/\\\/diariofemenino.com.ar\\\/df\\\/#website\",\"url\":\"https:\\\/\\\/diariofemenino.com.ar\\\/df\\\/\",\"name\":\"Diario Digital Femenino\",\"description\":\"Cuesti\u00f3n de G\u00e9nero\",\"publisher\":{\"@id\":\"https:\\\/\\\/diariofemenino.com.ar\\\/df\\\/#organization\"},\"potentialAction\":[{\"@type\":\"SearchAction\",\"target\":{\"@type\":\"EntryPoint\",\"urlTemplate\":\"https:\\\/\\\/diariofemenino.com.ar\\\/df\\\/?s={search_term_string}\"},\"query-input\":{\"@type\":\"PropertyValueSpecification\",\"valueRequired\":true,\"valueName\":\"search_term_string\"}}],\"inLanguage\":\"es\"},{\"@type\":\"Organization\",\"@id\":\"https:\\\/\\\/diariofemenino.com.ar\\\/df\\\/#organization\",\"name\":\"Diario Femenino\",\"url\":\"https:\\\/\\\/diariofemenino.com.ar\\\/df\\\/\",\"logo\":{\"@type\":\"ImageObject\",\"inLanguage\":\"es\",\"@id\":\"https:\\\/\\\/diariofemenino.com.ar\\\/df\\\/#\\\/schema\\\/logo\\\/image\\\/\",\"url\":\"https:\\\/\\\/diariofemenino.com.ar\\\/df\\\/wp-content\\\/uploads\\\/2018\\\/10\\\/logo.png\",\"contentUrl\":\"https:\\\/\\\/diariofemenino.com.ar\\\/df\\\/wp-content\\\/uploads\\\/2018\\\/10\\\/logo.png\",\"width\":500,\"height\":92,\"caption\":\"Diario Femenino\"},\"image\":{\"@id\":\"https:\\\/\\\/diariofemenino.com.ar\\\/df\\\/#\\\/schema\\\/logo\\\/image\\\/\"},\"sameAs\":[\"https:\\\/\\\/www.facebook.com\\\/DiarioDigitaFemenino\\\/\",\"https:\\\/\\\/x.com\\\/DiarioFemenino1\"]},{\"@type\":\"Person\",\"@id\":\"https:\\\/\\\/diariofemenino.com.ar\\\/df\\\/#\\\/schema\\\/person\\\/bf6199e8158c657ea6f789b11ec85509\",\"name\":\"Admin\",\"image\":{\"@type\":\"ImageObject\",\"inLanguage\":\"es\",\"@id\":\"https:\\\/\\\/diariofemenino.com.ar\\\/df\\\/wp-content\\\/uploads\\\/2018\\\/12\\\/favicon-150x150.jpg\",\"url\":\"https:\\\/\\\/diariofemenino.com.ar\\\/df\\\/wp-content\\\/uploads\\\/2018\\\/12\\\/favicon-150x150.jpg\",\"contentUrl\":\"https:\\\/\\\/diariofemenino.com.ar\\\/df\\\/wp-content\\\/uploads\\\/2018\\\/12\\\/favicon-150x150.jpg\",\"caption\":\"Admin\"},\"url\":\"https:\\\/\\\/diariofemenino.com.ar\\\/df\\\/author\\\/lenny\\\/\"}]}<\/script>\n<!-- \/ Yoast SEO plugin. -->","yoast_head_json":{"title":"Un fallo que tuvo en cuenta la carga mental en la maternidad - Diario Digital Femenino","description":"Un fallo que contempla no s\u00f3lo el \u00edndice de crianza para definir la cuota alimentaria sino que incorpora la carga mental en la maternidad.","robots":{"index":"index","follow":"follow","max-snippet":"max-snippet:-1","max-image-preview":"max-image-preview:large","max-video-preview":"max-video-preview:-1"},"canonical":"https:\/\/diariofemenino.com.ar\/df\/un-fallo-que-tuvo-en-cuenta-la-carga-mental-en-la-maternidad\/","og_locale":"es_ES","og_type":"article","og_title":"Un fallo que tuvo en cuenta la carga mental en la maternidad - Diario Digital Femenino","og_description":"Un fallo que contempla no s\u00f3lo el \u00edndice de crianza para definir la cuota alimentaria sino que incorpora la carga mental en la maternidad.","og_url":"https:\/\/diariofemenino.com.ar\/df\/un-fallo-que-tuvo-en-cuenta-la-carga-mental-en-la-maternidad\/","og_site_name":"Diario Digital Femenino","article_publisher":"https:\/\/www.facebook.com\/DiarioDigitaFemenino\/","article_published_time":"2024-06-21T15:32:58+00:00","article_modified_time":"2024-06-21T15:52:23+00:00","og_image":[{"width":970,"height":450,"url":"https:\/\/diariofemenino.com.ar\/df\/wp-content\/uploads\/2024\/06\/70.jpg","type":"image\/jpeg"}],"author":"Admin","twitter_card":"summary_large_image","twitter_creator":"@DiarioFemenino1","twitter_site":"@DiarioFemenino1","twitter_misc":{"Escrito por":"Admin","Tiempo de lectura":"11 minutos"},"schema":{"@context":"https:\/\/schema.org","@graph":[{"@type":"Article","@id":"https:\/\/diariofemenino.com.ar\/df\/un-fallo-que-tuvo-en-cuenta-la-carga-mental-en-la-maternidad\/#article","isPartOf":{"@id":"https:\/\/diariofemenino.com.ar\/df\/un-fallo-que-tuvo-en-cuenta-la-carga-mental-en-la-maternidad\/"},"author":{"name":"Admin","@id":"https:\/\/diariofemenino.com.ar\/df\/#\/schema\/person\/bf6199e8158c657ea6f789b11ec85509"},"headline":"Un fallo que tuvo en cuenta la carga mental en la maternidad","datePublished":"2024-06-21T15:32:58+00:00","dateModified":"2024-06-21T15:52:23+00:00","mainEntityOfPage":{"@id":"https:\/\/diariofemenino.com.ar\/df\/un-fallo-que-tuvo-en-cuenta-la-carga-mental-en-la-maternidad\/"},"wordCount":2412,"commentCount":0,"publisher":{"@id":"https:\/\/diariofemenino.com.ar\/df\/#organization"},"image":{"@id":"https:\/\/diariofemenino.com.ar\/df\/un-fallo-que-tuvo-en-cuenta-la-carga-mental-en-la-maternidad\/#primaryimage"},"thumbnailUrl":"https:\/\/diariofemenino.com.ar\/df\/wp-content\/uploads\/2024\/06\/70.jpg","keywords":["carga mental","Comentario jur\u00eddico","Cuota alimentaria","Destacada","Erica P\u00e9rez","Fallo","\u00cdndice de Crianza","Maternidad","Pol\u00edticas de cuidado"],"articleSection":["Actividades","Agenda Feminista","Art\u00edculos y Comunicados","Azul Profundo","G\u00e9nero y Derechos Humanos","Noticias","Salud","Violencias"],"inLanguage":"es","potentialAction":[{"@type":"CommentAction","name":"Comment","target":["https:\/\/diariofemenino.com.ar\/df\/un-fallo-que-tuvo-en-cuenta-la-carga-mental-en-la-maternidad\/#respond"]}]},{"@type":"WebPage","@id":"https:\/\/diariofemenino.com.ar\/df\/un-fallo-que-tuvo-en-cuenta-la-carga-mental-en-la-maternidad\/","url":"https:\/\/diariofemenino.com.ar\/df\/un-fallo-que-tuvo-en-cuenta-la-carga-mental-en-la-maternidad\/","name":"Un fallo que tuvo en cuenta la carga mental en la maternidad - Diario Digital Femenino","isPartOf":{"@id":"https:\/\/diariofemenino.com.ar\/df\/#website"},"primaryImageOfPage":{"@id":"https:\/\/diariofemenino.com.ar\/df\/un-fallo-que-tuvo-en-cuenta-la-carga-mental-en-la-maternidad\/#primaryimage"},"image":{"@id":"https:\/\/diariofemenino.com.ar\/df\/un-fallo-que-tuvo-en-cuenta-la-carga-mental-en-la-maternidad\/#primaryimage"},"thumbnailUrl":"https:\/\/diariofemenino.com.ar\/df\/wp-content\/uploads\/2024\/06\/70.jpg","datePublished":"2024-06-21T15:32:58+00:00","dateModified":"2024-06-21T15:52:23+00:00","description":"Un fallo que contempla no s\u00f3lo el \u00edndice de crianza para definir la cuota alimentaria sino que incorpora la carga mental en la maternidad.","breadcrumb":{"@id":"https:\/\/diariofemenino.com.ar\/df\/un-fallo-que-tuvo-en-cuenta-la-carga-mental-en-la-maternidad\/#breadcrumb"},"inLanguage":"es","potentialAction":[{"@type":"ReadAction","target":["https:\/\/diariofemenino.com.ar\/df\/un-fallo-que-tuvo-en-cuenta-la-carga-mental-en-la-maternidad\/"]}]},{"@type":"ImageObject","inLanguage":"es","@id":"https:\/\/diariofemenino.com.ar\/df\/un-fallo-que-tuvo-en-cuenta-la-carga-mental-en-la-maternidad\/#primaryimage","url":"https:\/\/diariofemenino.com.ar\/df\/wp-content\/uploads\/2024\/06\/70.jpg","contentUrl":"https:\/\/diariofemenino.com.ar\/df\/wp-content\/uploads\/2024\/06\/70.jpg","width":970,"height":450,"caption":"Un fallo que tuvo en cuenta la carga mental en la maternidad"},{"@type":"BreadcrumbList","@id":"https:\/\/diariofemenino.com.ar\/df\/un-fallo-que-tuvo-en-cuenta-la-carga-mental-en-la-maternidad\/#breadcrumb","itemListElement":[{"@type":"ListItem","position":1,"name":"Portada","item":"https:\/\/diariofemenino.com.ar\/df\/"},{"@type":"ListItem","position":2,"name":"Un fallo que tuvo en cuenta la carga mental en la maternidad"}]},{"@type":"WebSite","@id":"https:\/\/diariofemenino.com.ar\/df\/#website","url":"https:\/\/diariofemenino.com.ar\/df\/","name":"Diario Digital Femenino","description":"Cuesti\u00f3n de G\u00e9nero","publisher":{"@id":"https:\/\/diariofemenino.com.ar\/df\/#organization"},"potentialAction":[{"@type":"SearchAction","target":{"@type":"EntryPoint","urlTemplate":"https:\/\/diariofemenino.com.ar\/df\/?s={search_term_string}"},"query-input":{"@type":"PropertyValueSpecification","valueRequired":true,"valueName":"search_term_string"}}],"inLanguage":"es"},{"@type":"Organization","@id":"https:\/\/diariofemenino.com.ar\/df\/#organization","name":"Diario Femenino","url":"https:\/\/diariofemenino.com.ar\/df\/","logo":{"@type":"ImageObject","inLanguage":"es","@id":"https:\/\/diariofemenino.com.ar\/df\/#\/schema\/logo\/image\/","url":"https:\/\/diariofemenino.com.ar\/df\/wp-content\/uploads\/2018\/10\/logo.png","contentUrl":"https:\/\/diariofemenino.com.ar\/df\/wp-content\/uploads\/2018\/10\/logo.png","width":500,"height":92,"caption":"Diario Femenino"},"image":{"@id":"https:\/\/diariofemenino.com.ar\/df\/#\/schema\/logo\/image\/"},"sameAs":["https:\/\/www.facebook.com\/DiarioDigitaFemenino\/","https:\/\/x.com\/DiarioFemenino1"]},{"@type":"Person","@id":"https:\/\/diariofemenino.com.ar\/df\/#\/schema\/person\/bf6199e8158c657ea6f789b11ec85509","name":"Admin","image":{"@type":"ImageObject","inLanguage":"es","@id":"https:\/\/diariofemenino.com.ar\/df\/wp-content\/uploads\/2018\/12\/favicon-150x150.jpg","url":"https:\/\/diariofemenino.com.ar\/df\/wp-content\/uploads\/2018\/12\/favicon-150x150.jpg","contentUrl":"https:\/\/diariofemenino.com.ar\/df\/wp-content\/uploads\/2018\/12\/favicon-150x150.jpg","caption":"Admin"},"url":"https:\/\/diariofemenino.com.ar\/df\/author\/lenny\/"}]}},"jetpack_featured_media_url":"https:\/\/diariofemenino.com.ar\/df\/wp-content\/uploads\/2024\/06\/70.jpg","jetpack_sharing_enabled":true,"rttpg_featured_image_url":{"full":["https:\/\/diariofemenino.com.ar\/df\/wp-content\/uploads\/2024\/06\/70.jpg",970,450,false],"landscape":["https:\/\/diariofemenino.com.ar\/df\/wp-content\/uploads\/2024\/06\/70.jpg",970,450,false],"portraits":["https:\/\/diariofemenino.com.ar\/df\/wp-content\/uploads\/2024\/06\/70.jpg",970,450,false],"thumbnail":["https:\/\/diariofemenino.com.ar\/df\/wp-content\/uploads\/2024\/06\/70-150x150.jpg",150,150,true],"medium":["https:\/\/diariofemenino.com.ar\/df\/wp-content\/uploads\/2024\/06\/70-300x139.jpg",300,139,true],"large":["https:\/\/diariofemenino.com.ar\/df\/wp-content\/uploads\/2024\/06\/70.jpg",970,450,false],"1536x1536":["https:\/\/diariofemenino.com.ar\/df\/wp-content\/uploads\/2024\/06\/70.jpg",970,450,false],"2048x2048":["https:\/\/diariofemenino.com.ar\/df\/wp-content\/uploads\/2024\/06\/70.jpg",970,450,false]},"rttpg_author":{"display_name":"Admin","author_link":"https:\/\/diariofemenino.com.ar\/df\/author\/lenny\/"},"rttpg_comment":0,"rttpg_category":"<a href=\"https:\/\/diariofemenino.com.ar\/df\/category\/actividades\/\" rel=\"category tag\">Actividades<\/a> <a href=\"https:\/\/diariofemenino.com.ar\/df\/category\/agenda-feminista\/\" rel=\"category tag\">Agenda Feminista<\/a> <a href=\"https:\/\/diariofemenino.com.ar\/df\/category\/articulos-y-comunicados\/\" rel=\"category tag\">Art\u00edculos y Comunicados<\/a> <a href=\"https:\/\/diariofemenino.com.ar\/df\/category\/azul-profundo\/\" rel=\"category tag\">Azul Profundo<\/a> <a href=\"https:\/\/diariofemenino.com.ar\/df\/category\/genero-y-derechos-humanos\/\" rel=\"category tag\">G\u00e9nero y Derechos Humanos<\/a> <a href=\"https:\/\/diariofemenino.com.ar\/df\/category\/noticias\/\" rel=\"category tag\">Noticias<\/a> <a href=\"https:\/\/diariofemenino.com.ar\/df\/category\/salud\/\" rel=\"category tag\">Salud<\/a> <a href=\"https:\/\/diariofemenino.com.ar\/df\/category\/violencias\/\" rel=\"category tag\">Violencias<\/a>","rttpg_excerpt":"Un fallo muy interesante que aborda las tres instancias judiciales. Adem\u00e1s, no solo aplica el \u00edndice de crianza como piso m\u00ednimo, sino que incorpora las pol\u00edticas de cuidado al reconocer las cargas mentales de la maternidad, explicando que deben ser valoradas para la determinaci\u00f3n de la cuota alimentaria. LA CARGA MENTAL EN LA MATERNIDAD. \u00abB.&hellip;","_links":{"self":[{"href":"https:\/\/diariofemenino.com.ar\/df\/wp-json\/wp\/v2\/posts\/73170","targetHints":{"allow":["GET"]}}],"collection":[{"href":"https:\/\/diariofemenino.com.ar\/df\/wp-json\/wp\/v2\/posts"}],"about":[{"href":"https:\/\/diariofemenino.com.ar\/df\/wp-json\/wp\/v2\/types\/post"}],"author":[{"embeddable":true,"href":"https:\/\/diariofemenino.com.ar\/df\/wp-json\/wp\/v2\/users\/4"}],"replies":[{"embeddable":true,"href":"https:\/\/diariofemenino.com.ar\/df\/wp-json\/wp\/v2\/comments?post=73170"}],"version-history":[{"count":0,"href":"https:\/\/diariofemenino.com.ar\/df\/wp-json\/wp\/v2\/posts\/73170\/revisions"}],"wp:featuredmedia":[{"embeddable":true,"href":"https:\/\/diariofemenino.com.ar\/df\/wp-json\/wp\/v2\/media\/73172"}],"wp:attachment":[{"href":"https:\/\/diariofemenino.com.ar\/df\/wp-json\/wp\/v2\/media?parent=73170"}],"wp:term":[{"taxonomy":"category","embeddable":true,"href":"https:\/\/diariofemenino.com.ar\/df\/wp-json\/wp\/v2\/categories?post=73170"},{"taxonomy":"post_tag","embeddable":true,"href":"https:\/\/diariofemenino.com.ar\/df\/wp-json\/wp\/v2\/tags?post=73170"}],"curies":[{"name":"wp","href":"https:\/\/api.w.org\/{rel}","templated":true}]}}