{"id":73045,"date":"2024-06-06T21:22:02","date_gmt":"2024-06-07T00:22:02","guid":{"rendered":"https:\/\/diariofemenino.com.ar\/df\/?p=73045"},"modified":"2024-07-24T13:20:49","modified_gmt":"2024-07-24T16:20:49","slug":"guia-territorial-informacion-basica-sobre-el-reclamo-de-la-cuota-alimentaria","status":"publish","type":"post","link":"https:\/\/diariofemenino.com.ar\/df\/guia-territorial-informacion-basica-sobre-el-reclamo-de-la-cuota-alimentaria\/","title":{"rendered":"Gu\u00eda Territorial: Informaci\u00f3n b\u00e1sica sobre el reclamo de la cuota alimentaria"},"content":{"rendered":"<p>El primer derecho es saber que ten\u00e9s derechos:<br \/>\nInformaci\u00f3n b\u00e1sica sobre el reclamo de la <a href=\"https:\/\/diariofemenino.com.ar\/df\/?s=cuota+alimentaria\">cuota alimentaria<\/a> desde una perspectiva de g\u00e9nero.<\/p>\n<p><strong>Objetivos<\/strong><\/p>\n<ol>\n<li style=\"list-style-type: none;\">\n<ol>\n<li>Informar en lenguaje claro, el derecho de ni\u00f1as, ni\u00f1os y adolescentes a percibir una cuota alimentaria digna.<\/li>\n<li>Garantizar el derecho a vivir una vida libre de violencia, orientando a quienes ejercen el cuidado personal de ni\u00f1as, ni\u00f1os y adolescentes (quienes en su mayor\u00eda son mujeres) sobre la violencia econ\u00f3mica que se produce a trav\u00e9s de la negaci\u00f3n de alimentos.<\/li>\n<li>Este material se desarroll\u00f3 con el prop\u00f3sito de brindar una herramienta gu\u00eda para aquellas madres que inician el recorrido de la ruta cr\u00edtica de la cuota alimentaria. Consiste en una gu\u00eda pr\u00e1ctica, pero a la vez informativa, que narra el camino que recorren las madres que reclaman el derecho alimentario, permitiendo prepararlas y orientarlas para el proceso, pero a la vez para los obst\u00e1culos que podr\u00edan encontrar durante el recorrido.<\/li>\n<\/ol>\n<\/li>\n<\/ol>\n<p><strong>Metodolog\u00eda de trabajo<br \/>\n<\/strong><span style=\"color: #999999;\">(Descargar en portada)<\/span><\/p>\n<figure id=\"attachment_73091\" aria-describedby=\"caption-attachment-73091\" style=\"width: 391px\" class=\"wp-caption alignleft\"><a href=\"https:\/\/drive.google.com\/file\/d\/1yvPfkVROdUrlV8GMVSaS-WZqwdvJbsIM\/view?usp=sharing\"><img loading=\"lazy\" decoding=\"async\" class=\"wp-image-73091 size-full\" src=\"https:\/\/diariofemenino.com.ar\/df\/wp-content\/uploads\/2024\/06\/Portada-guia.jpg\" alt=\"Gu\u00eda Territorial\" width=\"391\" height=\"561\" srcset=\"https:\/\/diariofemenino.com.ar\/df\/wp-content\/uploads\/2024\/06\/Portada-guia.jpg 391w, https:\/\/diariofemenino.com.ar\/df\/wp-content\/uploads\/2024\/06\/Portada-guia-209x300.jpg 209w\" sizes=\"auto, (max-width: 391px) 100vw, 391px\" \/><\/a><figcaption id=\"caption-attachment-73091\" class=\"wp-caption-text\">Gu\u00eda Territorial<\/figcaption><\/figure>\n<p>En primer lugar, se llev\u00f3 a cabo una exhaustiva investigaci\u00f3n inicial sobre la legislaci\u00f3n vigente, jurisprudencia relevante y recursos disponibles para quienes necesitan asistencia en materia de cuota alimentaria. Esta investigaci\u00f3n sirvi\u00f3 como base s\u00f3lida para la elaboraci\u00f3n de la gu\u00eda, garantizando la veracidad y actualizaci\u00f3n de la informaci\u00f3n proporcionada.<\/p>\n<p>Posteriormente, se identificaron las preguntas m\u00e1s frecuentes que suelen plantearse las madres con respecto al cumplimiento de la cuota alimentaria. Estas preguntas fueron recopiladas a partir de experiencias personales y an\u00e1lisis de material bibliogr\u00e1fico y en l\u00ednea relacionado con la cuota alimentaria.<\/p>\n<p>Una vez recopiladas las preguntas, se procedi\u00f3 a organizarlas en un orden l\u00f3gico y coherente, de manera que la gu\u00eda siguiera un flujo natural de informaci\u00f3n y resultara f\u00e1cil de entender para el lector. Cada pregunta fue abordada de manera clara y concisa, proporcionando respuestas completas que cubrieran todos los aspectos relevantes del tema. Adem\u00e1s, se incluyeron n\u00fameros \u00fatiles y recursos disponibles para aquellas personas que requieran asistencia legal o informaci\u00f3n adicional sobre la cuota alimentaria. Estos recursos fueron seleccionados cuidadosamente para garantizar su utilidad y relevancia para el lector.<\/p>\n<p>Por \u00faltimo, la gu\u00eda fue revisada y editada minuciosamente para asegurar la precisi\u00f3n, claridad y coherencia de la informaci\u00f3n proporcionada. Se utilizaron elementos visuales y un dise\u00f1o atractivo para hacerla m\u00e1s accesible y atractiva para la persona lectora.<\/p>\n<p>Esperamos que esta gu\u00eda sea de gran utilidad para todas aquellas personas que buscan comprender mejor el complejo mundo de la cuota alimentaria y tomar decisiones informadas sobre este importante derecho de ni\u00f1as, ni\u00f1os y adolescentes. <a href=\"https:\/\/drive.google.com\/file\/d\/1yvPfkVROdUrlV8GMVSaS-WZqwdvJbsIM\/view?usp=sharing\">Segu\u00ed leyendo<\/a>.<\/p>\n<p>&nbsp;<\/p>\n<blockquote><p><strong>Seguinos en Instagram\u00a0<a href=\"https:\/\/www.instagram.com\/diariodigitalfemenino_\/\">@diariodigitalfemenino_<\/a><br \/>\n<a href=\"https:\/\/www.instagram.com\/lennycaceres69\/\">@lennycaceres69<\/a><\/strong><\/p><\/blockquote>\n","protected":false},"excerpt":{"rendered":"<p>El primer derecho es saber que ten\u00e9s derechos: Informaci\u00f3n b\u00e1sica sobre el reclamo de la cuota alimentaria desde una perspectiva de g\u00e9nero. Objetivos Informar en lenguaje claro, el derecho de ni\u00f1as, ni\u00f1os y adolescentes a percibir una cuota alimentaria digna. Garantizar el derecho a vivir una vida libre de violencia, orientando a quienes ejercen el [&hellip;]<\/p>\n","protected":false},"author":4,"featured_media":73054,"comment_status":"open","ping_status":"open","sticky":false,"template":"","format":"standard","meta":{"iawp_total_views":339,"footnotes":""},"categories":[7,1067,581,19,627,78],"tags":[525,1090,891,4372,6896,1828,2071,2653],"class_list":["post-73045","post","type-post","status-publish","format-standard","has-post-thumbnail","hentry","category-actividades","category-agenda-feminista","category-azul-profundo","category-biblioteca","category-genero-y-derechos-humanos","category-guias","tag-buenos-aires","tag-camara-de-diputados","tag-cuota-alimentaria","tag-destacada","tag-direccion-igualdad-de-genero-y-diversidad-sexual","tag-guia","tag-informacion","tag-territorio"],"nelio_content":{"autoShareEndMode":"never","automationSources":{"useCustomSentences":false,"customSentences":[]},"efiAlt":"","efiUrl":"","followers":[4],"highlights":[],"isAutoShareEnabled":true,"networkImageIds":[],"permalinkQueryArgs":[],"series":[],"suggestedReferences":[]},"yoast_head":"<!-- This site is optimized with the Yoast SEO plugin v27.5 - https:\/\/yoast.com\/product\/yoast-seo-wordpress\/ -->\n<title>Gu\u00eda Territorial: Informaci\u00f3n b\u00e1sica sobre el reclamo de la cuota alimentaria - Diario Digital Femenino<\/title>\n<meta name=\"description\" content=\"Gu\u00eda territorial. El primer derecho es saber que ten\u00e9s derechos. Informaci\u00f3n s\/el reclamo de la cuota alimentaria con perspectiva de g\u00e9nero.\" \/>\n<meta name=\"robots\" content=\"index, follow, max-snippet:-1, max-image-preview:large, max-video-preview:-1\" \/>\n<link rel=\"canonical\" href=\"https:\/\/diariofemenino.com.ar\/df\/guia-territorial-informacion-basica-sobre-el-reclamo-de-la-cuota-alimentaria\/\" \/>\n<meta property=\"og:locale\" content=\"es_ES\" \/>\n<meta property=\"og:type\" content=\"article\" \/>\n<meta property=\"og:title\" content=\"Gu\u00eda Territorial: Informaci\u00f3n b\u00e1sica sobre el reclamo de la cuota alimentaria - Diario Digital Femenino\" \/>\n<meta property=\"og:description\" content=\"Gu\u00eda territorial. El primer derecho es saber que ten\u00e9s derechos. Informaci\u00f3n s\/el reclamo de la cuota alimentaria con perspectiva de g\u00e9nero.\" \/>\n<meta property=\"og:url\" content=\"https:\/\/diariofemenino.com.ar\/df\/guia-territorial-informacion-basica-sobre-el-reclamo-de-la-cuota-alimentaria\/\" \/>\n<meta property=\"og:site_name\" content=\"Diario Digital Femenino\" \/>\n<meta property=\"article:publisher\" content=\"https:\/\/www.facebook.com\/DiarioDigitaFemenino\/\" \/>\n<meta property=\"article:published_time\" content=\"2024-06-07T00:22:02+00:00\" \/>\n<meta property=\"article:modified_time\" content=\"2024-07-24T16:20:49+00:00\" \/>\n<meta property=\"og:image\" content=\"https:\/\/diariofemenino.com.ar\/df\/wp-content\/uploads\/2024\/06\/Nueva-portada.jpg\" \/>\n\t<meta property=\"og:image:width\" content=\"556\" \/>\n\t<meta property=\"og:image:height\" content=\"544\" \/>\n\t<meta property=\"og:image:type\" content=\"image\/jpeg\" \/>\n<meta name=\"author\" content=\"Admin\" \/>\n<meta name=\"twitter:card\" content=\"summary_large_image\" \/>\n<meta name=\"twitter:creator\" content=\"@DiarioFemenino1\" \/>\n<meta name=\"twitter:site\" content=\"@DiarioFemenino1\" \/>\n<meta name=\"twitter:label1\" content=\"Escrito por\" \/>\n\t<meta name=\"twitter:data1\" content=\"Admin\" \/>\n\t<meta name=\"twitter:label2\" content=\"Tiempo de lectura\" \/>\n\t<meta name=\"twitter:data2\" content=\"3 minutos\" \/>\n<script type=\"application\/ld+json\" class=\"yoast-schema-graph\">{\"@context\":\"https:\\\/\\\/schema.org\",\"@graph\":[{\"@type\":\"Article\",\"@id\":\"https:\\\/\\\/diariofemenino.com.ar\\\/df\\\/guia-territorial-informacion-basica-sobre-el-reclamo-de-la-cuota-alimentaria\\\/#article\",\"isPartOf\":{\"@id\":\"https:\\\/\\\/diariofemenino.com.ar\\\/df\\\/guia-territorial-informacion-basica-sobre-el-reclamo-de-la-cuota-alimentaria\\\/\"},\"author\":{\"name\":\"Admin\",\"@id\":\"https:\\\/\\\/diariofemenino.com.ar\\\/df\\\/#\\\/schema\\\/person\\\/bf6199e8158c657ea6f789b11ec85509\"},\"headline\":\"Gu\u00eda Territorial: Informaci\u00f3n b\u00e1sica sobre el reclamo de la cuota alimentaria\",\"datePublished\":\"2024-06-07T00:22:02+00:00\",\"dateModified\":\"2024-07-24T16:20:49+00:00\",\"mainEntityOfPage\":{\"@id\":\"https:\\\/\\\/diariofemenino.com.ar\\\/df\\\/guia-territorial-informacion-basica-sobre-el-reclamo-de-la-cuota-alimentaria\\\/\"},\"wordCount\":493,\"commentCount\":0,\"publisher\":{\"@id\":\"https:\\\/\\\/diariofemenino.com.ar\\\/df\\\/#organization\"},\"image\":{\"@id\":\"https:\\\/\\\/diariofemenino.com.ar\\\/df\\\/guia-territorial-informacion-basica-sobre-el-reclamo-de-la-cuota-alimentaria\\\/#primaryimage\"},\"thumbnailUrl\":\"https:\\\/\\\/diariofemenino.com.ar\\\/df\\\/wp-content\\\/uploads\\\/2024\\\/06\\\/Nueva-portada.jpg\",\"keywords\":[\"Buenos Aires\",\"C\u00e1mara de Diputados\",\"Cuota alimentaria\",\"Destacada\",\"Direcci\u00f3n igualdad de g\u00e9nero y diversidad sexual\",\"Gu\u00eda\",\"informacion\",\"Territorio\"],\"articleSection\":[\"Actividades\",\"Agenda Feminista\",\"Azul Profundo\",\"Biblioteca Virtual\",\"G\u00e9nero y Derechos Humanos\",\"Gu\u00edas\"],\"inLanguage\":\"es\",\"potentialAction\":[{\"@type\":\"CommentAction\",\"name\":\"Comment\",\"target\":[\"https:\\\/\\\/diariofemenino.com.ar\\\/df\\\/guia-territorial-informacion-basica-sobre-el-reclamo-de-la-cuota-alimentaria\\\/#respond\"]}]},{\"@type\":\"WebPage\",\"@id\":\"https:\\\/\\\/diariofemenino.com.ar\\\/df\\\/guia-territorial-informacion-basica-sobre-el-reclamo-de-la-cuota-alimentaria\\\/\",\"url\":\"https:\\\/\\\/diariofemenino.com.ar\\\/df\\\/guia-territorial-informacion-basica-sobre-el-reclamo-de-la-cuota-alimentaria\\\/\",\"name\":\"Gu\u00eda Territorial: Informaci\u00f3n b\u00e1sica sobre el reclamo de la cuota alimentaria - Diario Digital Femenino\",\"isPartOf\":{\"@id\":\"https:\\\/\\\/diariofemenino.com.ar\\\/df\\\/#website\"},\"primaryImageOfPage\":{\"@id\":\"https:\\\/\\\/diariofemenino.com.ar\\\/df\\\/guia-territorial-informacion-basica-sobre-el-reclamo-de-la-cuota-alimentaria\\\/#primaryimage\"},\"image\":{\"@id\":\"https:\\\/\\\/diariofemenino.com.ar\\\/df\\\/guia-territorial-informacion-basica-sobre-el-reclamo-de-la-cuota-alimentaria\\\/#primaryimage\"},\"thumbnailUrl\":\"https:\\\/\\\/diariofemenino.com.ar\\\/df\\\/wp-content\\\/uploads\\\/2024\\\/06\\\/Nueva-portada.jpg\",\"datePublished\":\"2024-06-07T00:22:02+00:00\",\"dateModified\":\"2024-07-24T16:20:49+00:00\",\"description\":\"Gu\u00eda territorial. El primer derecho es saber que ten\u00e9s derechos. Informaci\u00f3n s\\\/el reclamo de la cuota alimentaria con perspectiva de g\u00e9nero.\",\"breadcrumb\":{\"@id\":\"https:\\\/\\\/diariofemenino.com.ar\\\/df\\\/guia-territorial-informacion-basica-sobre-el-reclamo-de-la-cuota-alimentaria\\\/#breadcrumb\"},\"inLanguage\":\"es\",\"potentialAction\":[{\"@type\":\"ReadAction\",\"target\":[\"https:\\\/\\\/diariofemenino.com.ar\\\/df\\\/guia-territorial-informacion-basica-sobre-el-reclamo-de-la-cuota-alimentaria\\\/\"]}]},{\"@type\":\"ImageObject\",\"inLanguage\":\"es\",\"@id\":\"https:\\\/\\\/diariofemenino.com.ar\\\/df\\\/guia-territorial-informacion-basica-sobre-el-reclamo-de-la-cuota-alimentaria\\\/#primaryimage\",\"url\":\"https:\\\/\\\/diariofemenino.com.ar\\\/df\\\/wp-content\\\/uploads\\\/2024\\\/06\\\/Nueva-portada.jpg\",\"contentUrl\":\"https:\\\/\\\/diariofemenino.com.ar\\\/df\\\/wp-content\\\/uploads\\\/2024\\\/06\\\/Nueva-portada.jpg\",\"width\":556,\"height\":544,\"caption\":\"Gu\u00eda Territorial: Informaci\u00f3n b\u00e1sica sobre el reclamo de la cuota alimentaria\"},{\"@type\":\"BreadcrumbList\",\"@id\":\"https:\\\/\\\/diariofemenino.com.ar\\\/df\\\/guia-territorial-informacion-basica-sobre-el-reclamo-de-la-cuota-alimentaria\\\/#breadcrumb\",\"itemListElement\":[{\"@type\":\"ListItem\",\"position\":1,\"name\":\"Portada\",\"item\":\"https:\\\/\\\/diariofemenino.com.ar\\\/df\\\/\"},{\"@type\":\"ListItem\",\"position\":2,\"name\":\"Gu\u00eda Territorial: Informaci\u00f3n b\u00e1sica sobre el reclamo de la cuota alimentaria\"}]},{\"@type\":\"WebSite\",\"@id\":\"https:\\\/\\\/diariofemenino.com.ar\\\/df\\\/#website\",\"url\":\"https:\\\/\\\/diariofemenino.com.ar\\\/df\\\/\",\"name\":\"Diario Digital Femenino\",\"description\":\"Cuesti\u00f3n de G\u00e9nero\",\"publisher\":{\"@id\":\"https:\\\/\\\/diariofemenino.com.ar\\\/df\\\/#organization\"},\"potentialAction\":[{\"@type\":\"SearchAction\",\"target\":{\"@type\":\"EntryPoint\",\"urlTemplate\":\"https:\\\/\\\/diariofemenino.com.ar\\\/df\\\/?s={search_term_string}\"},\"query-input\":{\"@type\":\"PropertyValueSpecification\",\"valueRequired\":true,\"valueName\":\"search_term_string\"}}],\"inLanguage\":\"es\"},{\"@type\":\"Organization\",\"@id\":\"https:\\\/\\\/diariofemenino.com.ar\\\/df\\\/#organization\",\"name\":\"Diario Femenino\",\"url\":\"https:\\\/\\\/diariofemenino.com.ar\\\/df\\\/\",\"logo\":{\"@type\":\"ImageObject\",\"inLanguage\":\"es\",\"@id\":\"https:\\\/\\\/diariofemenino.com.ar\\\/df\\\/#\\\/schema\\\/logo\\\/image\\\/\",\"url\":\"https:\\\/\\\/diariofemenino.com.ar\\\/df\\\/wp-content\\\/uploads\\\/2018\\\/10\\\/logo.png\",\"contentUrl\":\"https:\\\/\\\/diariofemenino.com.ar\\\/df\\\/wp-content\\\/uploads\\\/2018\\\/10\\\/logo.png\",\"width\":500,\"height\":92,\"caption\":\"Diario Femenino\"},\"image\":{\"@id\":\"https:\\\/\\\/diariofemenino.com.ar\\\/df\\\/#\\\/schema\\\/logo\\\/image\\\/\"},\"sameAs\":[\"https:\\\/\\\/www.facebook.com\\\/DiarioDigitaFemenino\\\/\",\"https:\\\/\\\/x.com\\\/DiarioFemenino1\"]},{\"@type\":\"Person\",\"@id\":\"https:\\\/\\\/diariofemenino.com.ar\\\/df\\\/#\\\/schema\\\/person\\\/bf6199e8158c657ea6f789b11ec85509\",\"name\":\"Admin\",\"image\":{\"@type\":\"ImageObject\",\"inLanguage\":\"es\",\"@id\":\"https:\\\/\\\/diariofemenino.com.ar\\\/df\\\/wp-content\\\/uploads\\\/2018\\\/12\\\/favicon-150x150.jpg\",\"url\":\"https:\\\/\\\/diariofemenino.com.ar\\\/df\\\/wp-content\\\/uploads\\\/2018\\\/12\\\/favicon-150x150.jpg\",\"contentUrl\":\"https:\\\/\\\/diariofemenino.com.ar\\\/df\\\/wp-content\\\/uploads\\\/2018\\\/12\\\/favicon-150x150.jpg\",\"caption\":\"Admin\"},\"url\":\"https:\\\/\\\/diariofemenino.com.ar\\\/df\\\/author\\\/lenny\\\/\"}]}<\/script>\n<!-- \/ Yoast SEO plugin. -->","yoast_head_json":{"title":"Gu\u00eda Territorial: Informaci\u00f3n b\u00e1sica sobre el reclamo de la cuota alimentaria - Diario Digital Femenino","description":"Gu\u00eda territorial. El primer derecho es saber que ten\u00e9s derechos. Informaci\u00f3n s\/el reclamo de la cuota alimentaria con perspectiva de g\u00e9nero.","robots":{"index":"index","follow":"follow","max-snippet":"max-snippet:-1","max-image-preview":"max-image-preview:large","max-video-preview":"max-video-preview:-1"},"canonical":"https:\/\/diariofemenino.com.ar\/df\/guia-territorial-informacion-basica-sobre-el-reclamo-de-la-cuota-alimentaria\/","og_locale":"es_ES","og_type":"article","og_title":"Gu\u00eda Territorial: Informaci\u00f3n b\u00e1sica sobre el reclamo de la cuota alimentaria - Diario Digital Femenino","og_description":"Gu\u00eda territorial. El primer derecho es saber que ten\u00e9s derechos. Informaci\u00f3n s\/el reclamo de la cuota alimentaria con perspectiva de g\u00e9nero.","og_url":"https:\/\/diariofemenino.com.ar\/df\/guia-territorial-informacion-basica-sobre-el-reclamo-de-la-cuota-alimentaria\/","og_site_name":"Diario Digital Femenino","article_publisher":"https:\/\/www.facebook.com\/DiarioDigitaFemenino\/","article_published_time":"2024-06-07T00:22:02+00:00","article_modified_time":"2024-07-24T16:20:49+00:00","og_image":[{"width":556,"height":544,"url":"https:\/\/diariofemenino.com.ar\/df\/wp-content\/uploads\/2024\/06\/Nueva-portada.jpg","type":"image\/jpeg"}],"author":"Admin","twitter_card":"summary_large_image","twitter_creator":"@DiarioFemenino1","twitter_site":"@DiarioFemenino1","twitter_misc":{"Escrito por":"Admin","Tiempo de lectura":"3 minutos"},"schema":{"@context":"https:\/\/schema.org","@graph":[{"@type":"Article","@id":"https:\/\/diariofemenino.com.ar\/df\/guia-territorial-informacion-basica-sobre-el-reclamo-de-la-cuota-alimentaria\/#article","isPartOf":{"@id":"https:\/\/diariofemenino.com.ar\/df\/guia-territorial-informacion-basica-sobre-el-reclamo-de-la-cuota-alimentaria\/"},"author":{"name":"Admin","@id":"https:\/\/diariofemenino.com.ar\/df\/#\/schema\/person\/bf6199e8158c657ea6f789b11ec85509"},"headline":"Gu\u00eda Territorial: Informaci\u00f3n b\u00e1sica sobre el reclamo de la cuota alimentaria","datePublished":"2024-06-07T00:22:02+00:00","dateModified":"2024-07-24T16:20:49+00:00","mainEntityOfPage":{"@id":"https:\/\/diariofemenino.com.ar\/df\/guia-territorial-informacion-basica-sobre-el-reclamo-de-la-cuota-alimentaria\/"},"wordCount":493,"commentCount":0,"publisher":{"@id":"https:\/\/diariofemenino.com.ar\/df\/#organization"},"image":{"@id":"https:\/\/diariofemenino.com.ar\/df\/guia-territorial-informacion-basica-sobre-el-reclamo-de-la-cuota-alimentaria\/#primaryimage"},"thumbnailUrl":"https:\/\/diariofemenino.com.ar\/df\/wp-content\/uploads\/2024\/06\/Nueva-portada.jpg","keywords":["Buenos Aires","C\u00e1mara de Diputados","Cuota alimentaria","Destacada","Direcci\u00f3n igualdad de g\u00e9nero y diversidad sexual","Gu\u00eda","informacion","Territorio"],"articleSection":["Actividades","Agenda Feminista","Azul Profundo","Biblioteca Virtual","G\u00e9nero y Derechos Humanos","Gu\u00edas"],"inLanguage":"es","potentialAction":[{"@type":"CommentAction","name":"Comment","target":["https:\/\/diariofemenino.com.ar\/df\/guia-territorial-informacion-basica-sobre-el-reclamo-de-la-cuota-alimentaria\/#respond"]}]},{"@type":"WebPage","@id":"https:\/\/diariofemenino.com.ar\/df\/guia-territorial-informacion-basica-sobre-el-reclamo-de-la-cuota-alimentaria\/","url":"https:\/\/diariofemenino.com.ar\/df\/guia-territorial-informacion-basica-sobre-el-reclamo-de-la-cuota-alimentaria\/","name":"Gu\u00eda Territorial: Informaci\u00f3n b\u00e1sica sobre el reclamo de la cuota alimentaria - Diario Digital Femenino","isPartOf":{"@id":"https:\/\/diariofemenino.com.ar\/df\/#website"},"primaryImageOfPage":{"@id":"https:\/\/diariofemenino.com.ar\/df\/guia-territorial-informacion-basica-sobre-el-reclamo-de-la-cuota-alimentaria\/#primaryimage"},"image":{"@id":"https:\/\/diariofemenino.com.ar\/df\/guia-territorial-informacion-basica-sobre-el-reclamo-de-la-cuota-alimentaria\/#primaryimage"},"thumbnailUrl":"https:\/\/diariofemenino.com.ar\/df\/wp-content\/uploads\/2024\/06\/Nueva-portada.jpg","datePublished":"2024-06-07T00:22:02+00:00","dateModified":"2024-07-24T16:20:49+00:00","description":"Gu\u00eda territorial. El primer derecho es saber que ten\u00e9s derechos. Informaci\u00f3n s\/el reclamo de la cuota alimentaria con perspectiva de g\u00e9nero.","breadcrumb":{"@id":"https:\/\/diariofemenino.com.ar\/df\/guia-territorial-informacion-basica-sobre-el-reclamo-de-la-cuota-alimentaria\/#breadcrumb"},"inLanguage":"es","potentialAction":[{"@type":"ReadAction","target":["https:\/\/diariofemenino.com.ar\/df\/guia-territorial-informacion-basica-sobre-el-reclamo-de-la-cuota-alimentaria\/"]}]},{"@type":"ImageObject","inLanguage":"es","@id":"https:\/\/diariofemenino.com.ar\/df\/guia-territorial-informacion-basica-sobre-el-reclamo-de-la-cuota-alimentaria\/#primaryimage","url":"https:\/\/diariofemenino.com.ar\/df\/wp-content\/uploads\/2024\/06\/Nueva-portada.jpg","contentUrl":"https:\/\/diariofemenino.com.ar\/df\/wp-content\/uploads\/2024\/06\/Nueva-portada.jpg","width":556,"height":544,"caption":"Gu\u00eda Territorial: Informaci\u00f3n b\u00e1sica sobre el reclamo de la cuota alimentaria"},{"@type":"BreadcrumbList","@id":"https:\/\/diariofemenino.com.ar\/df\/guia-territorial-informacion-basica-sobre-el-reclamo-de-la-cuota-alimentaria\/#breadcrumb","itemListElement":[{"@type":"ListItem","position":1,"name":"Portada","item":"https:\/\/diariofemenino.com.ar\/df\/"},{"@type":"ListItem","position":2,"name":"Gu\u00eda Territorial: Informaci\u00f3n b\u00e1sica sobre el reclamo de la cuota alimentaria"}]},{"@type":"WebSite","@id":"https:\/\/diariofemenino.com.ar\/df\/#website","url":"https:\/\/diariofemenino.com.ar\/df\/","name":"Diario Digital Femenino","description":"Cuesti\u00f3n de G\u00e9nero","publisher":{"@id":"https:\/\/diariofemenino.com.ar\/df\/#organization"},"potentialAction":[{"@type":"SearchAction","target":{"@type":"EntryPoint","urlTemplate":"https:\/\/diariofemenino.com.ar\/df\/?s={search_term_string}"},"query-input":{"@type":"PropertyValueSpecification","valueRequired":true,"valueName":"search_term_string"}}],"inLanguage":"es"},{"@type":"Organization","@id":"https:\/\/diariofemenino.com.ar\/df\/#organization","name":"Diario Femenino","url":"https:\/\/diariofemenino.com.ar\/df\/","logo":{"@type":"ImageObject","inLanguage":"es","@id":"https:\/\/diariofemenino.com.ar\/df\/#\/schema\/logo\/image\/","url":"https:\/\/diariofemenino.com.ar\/df\/wp-content\/uploads\/2018\/10\/logo.png","contentUrl":"https:\/\/diariofemenino.com.ar\/df\/wp-content\/uploads\/2018\/10\/logo.png","width":500,"height":92,"caption":"Diario Femenino"},"image":{"@id":"https:\/\/diariofemenino.com.ar\/df\/#\/schema\/logo\/image\/"},"sameAs":["https:\/\/www.facebook.com\/DiarioDigitaFemenino\/","https:\/\/x.com\/DiarioFemenino1"]},{"@type":"Person","@id":"https:\/\/diariofemenino.com.ar\/df\/#\/schema\/person\/bf6199e8158c657ea6f789b11ec85509","name":"Admin","image":{"@type":"ImageObject","inLanguage":"es","@id":"https:\/\/diariofemenino.com.ar\/df\/wp-content\/uploads\/2018\/12\/favicon-150x150.jpg","url":"https:\/\/diariofemenino.com.ar\/df\/wp-content\/uploads\/2018\/12\/favicon-150x150.jpg","contentUrl":"https:\/\/diariofemenino.com.ar\/df\/wp-content\/uploads\/2018\/12\/favicon-150x150.jpg","caption":"Admin"},"url":"https:\/\/diariofemenino.com.ar\/df\/author\/lenny\/"}]}},"jetpack_featured_media_url":"https:\/\/diariofemenino.com.ar\/df\/wp-content\/uploads\/2024\/06\/Nueva-portada.jpg","jetpack_sharing_enabled":true,"rttpg_featured_image_url":{"full":["https:\/\/diariofemenino.com.ar\/df\/wp-content\/uploads\/2024\/06\/Nueva-portada.jpg",556,544,false],"landscape":["https:\/\/diariofemenino.com.ar\/df\/wp-content\/uploads\/2024\/06\/Nueva-portada.jpg",556,544,false],"portraits":["https:\/\/diariofemenino.com.ar\/df\/wp-content\/uploads\/2024\/06\/Nueva-portada.jpg",556,544,false],"thumbnail":["https:\/\/diariofemenino.com.ar\/df\/wp-content\/uploads\/2024\/06\/Nueva-portada-150x150.jpg",150,150,true],"medium":["https:\/\/diariofemenino.com.ar\/df\/wp-content\/uploads\/2024\/06\/Nueva-portada-300x294.jpg",300,294,true],"large":["https:\/\/diariofemenino.com.ar\/df\/wp-content\/uploads\/2024\/06\/Nueva-portada.jpg",556,544,false],"1536x1536":["https:\/\/diariofemenino.com.ar\/df\/wp-content\/uploads\/2024\/06\/Nueva-portada.jpg",556,544,false],"2048x2048":["https:\/\/diariofemenino.com.ar\/df\/wp-content\/uploads\/2024\/06\/Nueva-portada.jpg",556,544,false]},"rttpg_author":{"display_name":"Admin","author_link":"https:\/\/diariofemenino.com.ar\/df\/author\/lenny\/"},"rttpg_comment":0,"rttpg_category":"<a href=\"https:\/\/diariofemenino.com.ar\/df\/category\/actividades\/\" rel=\"category tag\">Actividades<\/a> <a href=\"https:\/\/diariofemenino.com.ar\/df\/category\/agenda-feminista\/\" rel=\"category tag\">Agenda Feminista<\/a> <a href=\"https:\/\/diariofemenino.com.ar\/df\/category\/azul-profundo\/\" rel=\"category tag\">Azul Profundo<\/a> <a href=\"https:\/\/diariofemenino.com.ar\/df\/category\/biblioteca\/\" rel=\"category tag\">Biblioteca Virtual<\/a> <a href=\"https:\/\/diariofemenino.com.ar\/df\/category\/genero-y-derechos-humanos\/\" rel=\"category tag\">G\u00e9nero y Derechos Humanos<\/a> <a href=\"https:\/\/diariofemenino.com.ar\/df\/category\/guias\/\" rel=\"category tag\">Gu\u00edas<\/a>","rttpg_excerpt":"El primer derecho es saber que ten\u00e9s derechos: Informaci\u00f3n b\u00e1sica sobre el reclamo de la cuota alimentaria desde una perspectiva de g\u00e9nero. Objetivos Informar en lenguaje claro, el derecho de ni\u00f1as, ni\u00f1os y adolescentes a percibir una cuota alimentaria digna. Garantizar el derecho a vivir una vida libre de violencia, orientando a quienes ejercen el&hellip;","_links":{"self":[{"href":"https:\/\/diariofemenino.com.ar\/df\/wp-json\/wp\/v2\/posts\/73045","targetHints":{"allow":["GET"]}}],"collection":[{"href":"https:\/\/diariofemenino.com.ar\/df\/wp-json\/wp\/v2\/posts"}],"about":[{"href":"https:\/\/diariofemenino.com.ar\/df\/wp-json\/wp\/v2\/types\/post"}],"author":[{"embeddable":true,"href":"https:\/\/diariofemenino.com.ar\/df\/wp-json\/wp\/v2\/users\/4"}],"replies":[{"embeddable":true,"href":"https:\/\/diariofemenino.com.ar\/df\/wp-json\/wp\/v2\/comments?post=73045"}],"version-history":[{"count":0,"href":"https:\/\/diariofemenino.com.ar\/df\/wp-json\/wp\/v2\/posts\/73045\/revisions"}],"wp:featuredmedia":[{"embeddable":true,"href":"https:\/\/diariofemenino.com.ar\/df\/wp-json\/wp\/v2\/media\/73054"}],"wp:attachment":[{"href":"https:\/\/diariofemenino.com.ar\/df\/wp-json\/wp\/v2\/media?parent=73045"}],"wp:term":[{"taxonomy":"category","embeddable":true,"href":"https:\/\/diariofemenino.com.ar\/df\/wp-json\/wp\/v2\/categories?post=73045"},{"taxonomy":"post_tag","embeddable":true,"href":"https:\/\/diariofemenino.com.ar\/df\/wp-json\/wp\/v2\/tags?post=73045"}],"curies":[{"name":"wp","href":"https:\/\/api.w.org\/{rel}","templated":true}]}}