{"id":72872,"date":"2024-05-21T10:01:13","date_gmt":"2024-05-21T13:01:13","guid":{"rendered":"https:\/\/diariofemenino.com.ar\/df\/?p=72872"},"modified":"2024-05-21T10:01:13","modified_gmt":"2024-05-21T13:01:13","slug":"una-propuesta-literaria-para-el-abordaje-de-la-esi","status":"publish","type":"post","link":"https:\/\/diariofemenino.com.ar\/df\/una-propuesta-literaria-para-el-abordaje-de-la-esi\/","title":{"rendered":"Una propuesta literaria para el abordaje de la ESI"},"content":{"rendered":"<p>Hace unos d\u00edas atr\u00e1s, la Biblioteca del CIIE (Centro de Capacitaci\u00f3n, Informaci\u00f3n e Investigaci\u00f3n Educativa) dependiente de la Direcci\u00f3n General de Cultura y Educaci\u00f3n (DGCyE) lanz\u00f3, junto con la Direcci\u00f3n de Educaci\u00f3n Sexual Integral del Gobierno de la Provincia de Buenos Aires, la Colecci\u00f3n <em>\u00ab<strong>ESI en las escuelas bonaerenses, m\u00e1s derechos en las aulas<\/strong>\u00ab<\/em>, con el objetivo de profundizar el abordaje de la Educaci\u00f3n Sexual Integral, a partir del trabajo con las gu\u00edas que acompa\u00f1an a cada publicaci\u00f3n.<\/p>\n<p>Por\u00a0<strong><em><a href=\"https:\/\/diariofemenino.com.ar\/df\/?s=Mar%C3%ADa+In%C3%A9s+Alvarado\">Mar\u00eda In\u00e9s Alvarado<\/a>*<br \/>\n<\/em><\/strong>para\u00a0<strong><em><a href=\"https:\/\/www.instagram.com\/diariodigitalfemenino_\/\">Diario Digital Femenino<\/a><\/em><\/strong><\/p>\n<figure id=\"attachment_72878\" aria-describedby=\"caption-attachment-72878\" style=\"width: 479px\" class=\"wp-caption aligncenter\"><img loading=\"lazy\" decoding=\"async\" class=\" wp-image-72878\" src=\"https:\/\/diariofemenino.com.ar\/df\/wp-content\/uploads\/2024\/05\/ESI-en-las-escuelas-bonaerenses-1024x1024.png\" alt=\"Una propuesta literaria para el abordaje de la ESI\" width=\"479\" height=\"479\" srcset=\"https:\/\/diariofemenino.com.ar\/df\/wp-content\/uploads\/2024\/05\/ESI-en-las-escuelas-bonaerenses-1024x1024.png 1024w, https:\/\/diariofemenino.com.ar\/df\/wp-content\/uploads\/2024\/05\/ESI-en-las-escuelas-bonaerenses-300x300.png 300w, https:\/\/diariofemenino.com.ar\/df\/wp-content\/uploads\/2024\/05\/ESI-en-las-escuelas-bonaerenses-150x150.png 150w, https:\/\/diariofemenino.com.ar\/df\/wp-content\/uploads\/2024\/05\/ESI-en-las-escuelas-bonaerenses-768x768.png 768w, https:\/\/diariofemenino.com.ar\/df\/wp-content\/uploads\/2024\/05\/ESI-en-las-escuelas-bonaerenses.png 1080w\" sizes=\"auto, (max-width: 479px) 100vw, 479px\" \/><figcaption id=\"caption-attachment-72878\" class=\"wp-caption-text\">Una propuesta literaria para el abordaje de la ESI<\/figcaption><\/figure>\n<p>El proyecto, que busca enriquecer a las bibliotecas de las escuelas bonaerenses de gesti\u00f3n estatal y privada, de todos los niveles y modalidades educativos, est\u00e1 conformada por 28 t\u00edtulos: once correspondientes a literatura; nueve para la formaci\u00f3n docente y otra serie de ocho materiales con las correspondientes orientaciones did\u00e1ctico-pedag\u00f3gicas para repensar las pr\u00e1cticas educativas e institucionales, ofreciendo herramientas pedag\u00f3gicas para abordar las tem\u00e1ticas y contenidos necesarios de los cinco ejes conceptuales de la ESI. La idea de este material, impulsado por el Director General de Educaci\u00f3n de la Provincia de Buenos Aires, Alberto Sileoni, fue concebida como <em>\u201cpuentes que pueden establecerse entre la ESI y las pr\u00e1cticas del lenguaje y la literatura, atendiendo no solo a su contenido sino tambi\u00e9n a los valores literarios tendientes a formar lectoras y lectores cr\u00edticos, atentas y atentos a la perspectiva de derechos, la equidad de g\u00e9nero, el respeto por la diversidad, la afectividad y la pedagog\u00eda del cuidado\u201d<\/em>, seg\u00fan describe en su portada.<\/p>\n<p>Desde que fue sancionada la Ley de Educaci\u00f3n Sexual Integral (ESI), en 2006, su implementaci\u00f3n es dispar a lo largo y a lo ancho del territorio argentino. Si bien es una propuesta pedag\u00f3gica que busca fortalecer a ni\u00f1eces y adolescencias para la toma de decisiones hacia una sexualidad responsable y contribuir a la promoci\u00f3n de la salud desde una mirada integral, muchas son las resistencias que debe enfrentar para hacerse efectiva.\u00a0Por eso, este nuevo material, ofrece oportunidades para ampliar el horizonte cultural desde una perspectiva de derechos, tanto la libertad de expresar, reflexionar y valorar emociones y sentimientos como la promoci\u00f3n de actitudes relacionados con la solidaridad, la empat\u00eda y el respeto.<\/p>\n<figure id=\"attachment_72877\" aria-describedby=\"caption-attachment-72877\" style=\"width: 485px\" class=\"wp-caption aligncenter\"><img loading=\"lazy\" decoding=\"async\" class=\" wp-image-72877\" src=\"https:\/\/diariofemenino.com.ar\/df\/wp-content\/uploads\/2024\/05\/Formacion-docente-1024x1024.png\" alt=\"Una propuesta literaria para el abordaje de la ESI\" width=\"485\" height=\"485\" srcset=\"https:\/\/diariofemenino.com.ar\/df\/wp-content\/uploads\/2024\/05\/Formacion-docente-1024x1024.png 1024w, https:\/\/diariofemenino.com.ar\/df\/wp-content\/uploads\/2024\/05\/Formacion-docente-300x300.png 300w, https:\/\/diariofemenino.com.ar\/df\/wp-content\/uploads\/2024\/05\/Formacion-docente-150x150.png 150w, https:\/\/diariofemenino.com.ar\/df\/wp-content\/uploads\/2024\/05\/Formacion-docente-768x768.png 768w, https:\/\/diariofemenino.com.ar\/df\/wp-content\/uploads\/2024\/05\/Formacion-docente.png 1080w\" sizes=\"auto, (max-width: 485px) 100vw, 485px\" \/><figcaption id=\"caption-attachment-72877\" class=\"wp-caption-text\">Una propuesta literaria para el abordaje de la ESI<\/figcaption><\/figure>\n<p>Las tem\u00e1ticas abordadas en los cuentos est\u00e1n relacionadas con las propuestas de los contenidos prioritarios para cada nivel educativo. Los cuentos propuestos para nivel inicial y primer ciclo de primaria, abordan, en <em>Rey y Rey, <\/em>por ejemplo <em>\u201clas diversas configuraciones familiares a partir de un cuento de amor\u201d<\/em>; en <em>Otra Caperucita Roja<\/em>, <em>\u201cse reflexiona sobre el esquema repetitivo de los cuentos infantiles en el cual las protagonistas son\u00a0mujeres a las que se les instaura el temor\u00a0y que siempre hay un hombre que las salva\u201d<\/em>; <em>El mar y yo<\/em>, es <em>\u201cuna invitaci\u00f3n a bucear en la libertad de las infancias\u00a0y a imaginar posibilidades infinitas\u201d<\/em> en la historia de una ni\u00f1a que est\u00e1 atravesando\u00a0una transici\u00f3n de g\u00e9nero; <em>Malena Ballena <\/em>es una invitaci\u00f3n a <em>\u201cpensar al cuerpo humano como totalidad con necesidades de afecto, cuidado y valoraci\u00f3n\u201d <\/em>y, finalmente, <em>H\u00e9ctor, el hombre extraordinariamente fuerte, <\/em>que plantea <em>\u201cla superaci\u00f3n de los prejuicios y actitudes discriminatorias y propone interrogarse sobre los roles de g\u00e9nero\u201d<\/em>, a la vez que <em>\u201caborda nuevas formas de masculinidad y femineidad\u201d.<\/em><\/p>\n<p>Para el segundo ciclo de primaria se eligieron los relatos <em>Clara y el hombre de la ventana\u00a0<\/em>que permite trabajar, entro otros conceptos<em> \u201cel de intimidad propia y de los\/as otros\/as\u201d; Mi peque\u00f1o gran pap\u00e1<\/em>, que, \u201c<em>Haciendo foco en las relaciones entre un padre y su hija, (\u2026) permite pensar el v\u00ednculo en t\u00e9rminos de afectividad y pr\u00e1cticas de cuidado\u201d<\/em> y <em>El hombrecito y el perro <\/em>para trabajar <em>\u201cla\u00a0discriminaci\u00f3n y malos tratos<strong>\u00a0<\/strong>entre pares por aspectos vinculados a la apariencia f\u00edsica, la valoraci\u00f3n del propio cuerpo y de las dem\u00e1s personas, las relaciones de amistad y los celos\u201d. <\/em>Por \u00faltimo, para el nivel medio, se presentan <em>Heartstopper 1. Dos Chicos juntos<\/em>, y su continuaci\u00f3n <em>Nick y Charlie. Una novela de Heartstopper<\/em> plantean <em>\u201cLas distintas formas de ser joven seg\u00fan los contextos y las experiencias de vida\u201d<\/em> para trabajar sobre <em>\u201cla superaci\u00f3n de prejuicios y actitudes discriminatorias\u201d. <\/em>Completan la bibliograf\u00eda <em>Crianzas. Historias para crecer <\/em>en toda la diversidad, texto pensado para el colectivo docente<em>, \u201cque abraza afectuosamente las infancias y propone una pedagog\u00eda para adultas y adultos, dirigida a las infancias criadas en el amor diverso\u201d.<\/em><\/p>\n<p>Los materiales pedag\u00f3gico-did\u00e1cticos propuestos acercan a docentes de todos los niveles no solo informaci\u00f3n sobre las diversas tem\u00e1ticas sino tambi\u00e9n estrategias de trabajo a partir de ilustraciones, juegos, modos de abordaje de diferentes situaciones, enlazando los contenidos de manera transversal para poder ir desarrollando la ESI que supere <em>\u201clos planteos cisheteronormativos y binarios brindando explicaciones a partir de marcos te\u00f3ricos que reflexionen sobre los procesos socio espaciales desde la teor\u00eda de g\u00e9nero, de la interseccionalidad y la decolonialidad\u201d.<\/em><\/p>\n<figure id=\"attachment_72875\" aria-describedby=\"caption-attachment-72875\" style=\"width: 539px\" class=\"wp-caption aligncenter\"><img loading=\"lazy\" decoding=\"async\" class=\" wp-image-72875\" src=\"https:\/\/diariofemenino.com.ar\/df\/wp-content\/uploads\/2024\/05\/Materiales-pedagogicos-1024x1024.png\" alt=\"Una propuesta literaria para el abordaje de la ESI\" width=\"539\" height=\"539\" srcset=\"https:\/\/diariofemenino.com.ar\/df\/wp-content\/uploads\/2024\/05\/Materiales-pedagogicos-1024x1024.png 1024w, https:\/\/diariofemenino.com.ar\/df\/wp-content\/uploads\/2024\/05\/Materiales-pedagogicos-300x300.png 300w, https:\/\/diariofemenino.com.ar\/df\/wp-content\/uploads\/2024\/05\/Materiales-pedagogicos-150x150.png 150w, https:\/\/diariofemenino.com.ar\/df\/wp-content\/uploads\/2024\/05\/Materiales-pedagogicos-768x768.png 768w, https:\/\/diariofemenino.com.ar\/df\/wp-content\/uploads\/2024\/05\/Materiales-pedagogicos.png 1080w\" sizes=\"auto, (max-width: 539px) 100vw, 539px\" \/><figcaption id=\"caption-attachment-72875\" class=\"wp-caption-text\">Una propuesta literaria para el abordaje de la ESI<\/figcaption><\/figure>\n<p><strong>(*)<\/strong>\u00a0Docente, comunicadora. Co-directora de\u00a0<strong><a href=\"https:\/\/laesienjuego.com.ar\/\">La ESI en juego<\/a>.<br \/>\n<\/strong>Columnista\u00a0de\u00a0<strong><a href=\"https:\/\/diariofemenino.com.ar\/df\/category\/de-esi-si-se-habla\/\">Diario Digital Femenino\u00a0<\/a><\/strong>\u2013\u00a0<a href=\"https:\/\/diariofemenino.com.ar\/df\/category\/de-esi-si-se-habla\/\">De ESI S\u00ed Se Habla<\/a><\/p>\n<blockquote><p>Seguinos en Instagram\u00a0<a href=\"https:\/\/www.instagram.com\/diariodigitalfemenino_\/\">@diariodigitalfemenino_<\/a><br \/>\n<a href=\"https:\/\/www.instagram.com\/lennycaceres69\/\">@lennycaceres69<\/a><\/p><\/blockquote>\n","protected":false},"excerpt":{"rendered":"<p>Hace unos d\u00edas atr\u00e1s, la Biblioteca del CIIE (Centro de Capacitaci\u00f3n, Informaci\u00f3n e Investigaci\u00f3n Educativa) dependiente de la Direcci\u00f3n General de Cultura y Educaci\u00f3n (DGCyE) lanz\u00f3, junto con la Direcci\u00f3n de Educaci\u00f3n Sexual Integral del Gobierno de la Provincia de Buenos Aires, la Colecci\u00f3n \u00abESI en las escuelas bonaerenses, m\u00e1s derechos en las aulas\u00ab, con [&hellip;]<\/p>\n","protected":false},"author":4,"featured_media":72874,"comment_status":"open","ping_status":"open","sticky":false,"template":"","format":"standard","meta":{"iawp_total_views":371,"footnotes":""},"categories":[1],"tags":[1734,567,4372,172,97,6851,40],"class_list":["post-72872","post","type-post","status-publish","format-standard","has-post-thumbnail","hentry","category-uncategorized","tag-abordaje","tag-de-esi-si-se-habla","tag-destacada","tag-educacion-sexual-integral","tag-esi","tag-formacion-docente","tag-literatura"],"nelio_content":{"autoShareEndMode":"never","automationSources":{"useCustomSentences":false,"customSentences":[]},"efiAlt":"","efiUrl":"","followers":[4],"highlights":[],"isAutoShareEnabled":true,"networkImageIds":[],"permalinkQueryArgs":[],"series":[],"suggestedReferences":[]},"yoast_head":"<!-- This site is optimized with the Yoast SEO plugin v27.5 - https:\/\/yoast.com\/product\/yoast-seo-wordpress\/ -->\n<title>Una propuesta literaria para el abordaje de la ESI - Diario Digital Femenino<\/title>\n<meta name=\"description\" content=\"Una propuesta literaria.\" \/>\n<meta name=\"robots\" content=\"index, follow, max-snippet:-1, max-image-preview:large, max-video-preview:-1\" \/>\n<link rel=\"canonical\" href=\"https:\/\/diariofemenino.com.ar\/df\/una-propuesta-literaria-para-el-abordaje-de-la-esi\/\" \/>\n<meta property=\"og:locale\" content=\"es_ES\" \/>\n<meta property=\"og:type\" content=\"article\" \/>\n<meta property=\"og:title\" content=\"Una propuesta literaria para el abordaje de la ESI - Diario Digital Femenino\" \/>\n<meta property=\"og:description\" content=\"Una propuesta literaria.\" \/>\n<meta property=\"og:url\" content=\"https:\/\/diariofemenino.com.ar\/df\/una-propuesta-literaria-para-el-abordaje-de-la-esi\/\" \/>\n<meta property=\"og:site_name\" content=\"Diario Digital Femenino\" \/>\n<meta property=\"article:publisher\" content=\"https:\/\/www.facebook.com\/DiarioDigitaFemenino\/\" \/>\n<meta property=\"article:published_time\" content=\"2024-05-21T13:01:13+00:00\" \/>\n<meta property=\"og:image\" content=\"https:\/\/diariofemenino.com.ar\/df\/wp-content\/uploads\/2024\/05\/literatura-perspectiva-genero-educacion-infantil-7.jpg\" \/>\n\t<meta property=\"og:image:width\" content=\"1058\" \/>\n\t<meta property=\"og:image:height\" content=\"595\" \/>\n\t<meta property=\"og:image:type\" content=\"image\/jpeg\" \/>\n<meta name=\"author\" content=\"Admin\" \/>\n<meta name=\"twitter:card\" content=\"summary_large_image\" \/>\n<meta name=\"twitter:creator\" content=\"@DiarioFemenino1\" \/>\n<meta name=\"twitter:site\" content=\"@DiarioFemenino1\" \/>\n<meta name=\"twitter:label1\" content=\"Escrito por\" \/>\n\t<meta name=\"twitter:data1\" content=\"Admin\" \/>\n\t<meta name=\"twitter:label2\" content=\"Tiempo de lectura\" \/>\n\t<meta name=\"twitter:data2\" content=\"5 minutos\" \/>\n<script type=\"application\/ld+json\" class=\"yoast-schema-graph\">{\"@context\":\"https:\\\/\\\/schema.org\",\"@graph\":[{\"@type\":\"Article\",\"@id\":\"https:\\\/\\\/diariofemenino.com.ar\\\/df\\\/una-propuesta-literaria-para-el-abordaje-de-la-esi\\\/#article\",\"isPartOf\":{\"@id\":\"https:\\\/\\\/diariofemenino.com.ar\\\/df\\\/una-propuesta-literaria-para-el-abordaje-de-la-esi\\\/\"},\"author\":{\"name\":\"Admin\",\"@id\":\"https:\\\/\\\/diariofemenino.com.ar\\\/df\\\/#\\\/schema\\\/person\\\/bf6199e8158c657ea6f789b11ec85509\"},\"headline\":\"Una propuesta literaria para el abordaje de la ESI\",\"datePublished\":\"2024-05-21T13:01:13+00:00\",\"mainEntityOfPage\":{\"@id\":\"https:\\\/\\\/diariofemenino.com.ar\\\/df\\\/una-propuesta-literaria-para-el-abordaje-de-la-esi\\\/\"},\"wordCount\":946,\"commentCount\":0,\"publisher\":{\"@id\":\"https:\\\/\\\/diariofemenino.com.ar\\\/df\\\/#organization\"},\"image\":{\"@id\":\"https:\\\/\\\/diariofemenino.com.ar\\\/df\\\/una-propuesta-literaria-para-el-abordaje-de-la-esi\\\/#primaryimage\"},\"thumbnailUrl\":\"https:\\\/\\\/diariofemenino.com.ar\\\/df\\\/wp-content\\\/uploads\\\/2024\\\/05\\\/literatura-perspectiva-genero-educacion-infantil-7.jpg\",\"keywords\":[\"Abordaje\",\"De ESI s\u00ed se habla\",\"Destacada\",\"Educaci\u00f3n Sexual Integral\",\"ESI\",\"formaci\u00f3n docente\",\"Literatura\"],\"articleSection\":[\"Uncategorized\"],\"inLanguage\":\"es\",\"potentialAction\":[{\"@type\":\"CommentAction\",\"name\":\"Comment\",\"target\":[\"https:\\\/\\\/diariofemenino.com.ar\\\/df\\\/una-propuesta-literaria-para-el-abordaje-de-la-esi\\\/#respond\"]}]},{\"@type\":\"WebPage\",\"@id\":\"https:\\\/\\\/diariofemenino.com.ar\\\/df\\\/una-propuesta-literaria-para-el-abordaje-de-la-esi\\\/\",\"url\":\"https:\\\/\\\/diariofemenino.com.ar\\\/df\\\/una-propuesta-literaria-para-el-abordaje-de-la-esi\\\/\",\"name\":\"Una propuesta literaria para el abordaje de la ESI - Diario Digital Femenino\",\"isPartOf\":{\"@id\":\"https:\\\/\\\/diariofemenino.com.ar\\\/df\\\/#website\"},\"primaryImageOfPage\":{\"@id\":\"https:\\\/\\\/diariofemenino.com.ar\\\/df\\\/una-propuesta-literaria-para-el-abordaje-de-la-esi\\\/#primaryimage\"},\"image\":{\"@id\":\"https:\\\/\\\/diariofemenino.com.ar\\\/df\\\/una-propuesta-literaria-para-el-abordaje-de-la-esi\\\/#primaryimage\"},\"thumbnailUrl\":\"https:\\\/\\\/diariofemenino.com.ar\\\/df\\\/wp-content\\\/uploads\\\/2024\\\/05\\\/literatura-perspectiva-genero-educacion-infantil-7.jpg\",\"datePublished\":\"2024-05-21T13:01:13+00:00\",\"description\":\"Una propuesta literaria.\",\"breadcrumb\":{\"@id\":\"https:\\\/\\\/diariofemenino.com.ar\\\/df\\\/una-propuesta-literaria-para-el-abordaje-de-la-esi\\\/#breadcrumb\"},\"inLanguage\":\"es\",\"potentialAction\":[{\"@type\":\"ReadAction\",\"target\":[\"https:\\\/\\\/diariofemenino.com.ar\\\/df\\\/una-propuesta-literaria-para-el-abordaje-de-la-esi\\\/\"]}]},{\"@type\":\"ImageObject\",\"inLanguage\":\"es\",\"@id\":\"https:\\\/\\\/diariofemenino.com.ar\\\/df\\\/una-propuesta-literaria-para-el-abordaje-de-la-esi\\\/#primaryimage\",\"url\":\"https:\\\/\\\/diariofemenino.com.ar\\\/df\\\/wp-content\\\/uploads\\\/2024\\\/05\\\/literatura-perspectiva-genero-educacion-infantil-7.jpg\",\"contentUrl\":\"https:\\\/\\\/diariofemenino.com.ar\\\/df\\\/wp-content\\\/uploads\\\/2024\\\/05\\\/literatura-perspectiva-genero-educacion-infantil-7.jpg\",\"width\":1058,\"height\":595,\"caption\":\"Una propuesta literaria para el abordaje de la ESI\"},{\"@type\":\"BreadcrumbList\",\"@id\":\"https:\\\/\\\/diariofemenino.com.ar\\\/df\\\/una-propuesta-literaria-para-el-abordaje-de-la-esi\\\/#breadcrumb\",\"itemListElement\":[{\"@type\":\"ListItem\",\"position\":1,\"name\":\"Portada\",\"item\":\"https:\\\/\\\/diariofemenino.com.ar\\\/df\\\/\"},{\"@type\":\"ListItem\",\"position\":2,\"name\":\"Una propuesta literaria para el abordaje de la ESI\"}]},{\"@type\":\"WebSite\",\"@id\":\"https:\\\/\\\/diariofemenino.com.ar\\\/df\\\/#website\",\"url\":\"https:\\\/\\\/diariofemenino.com.ar\\\/df\\\/\",\"name\":\"Diario Digital Femenino\",\"description\":\"Cuesti\u00f3n de G\u00e9nero\",\"publisher\":{\"@id\":\"https:\\\/\\\/diariofemenino.com.ar\\\/df\\\/#organization\"},\"potentialAction\":[{\"@type\":\"SearchAction\",\"target\":{\"@type\":\"EntryPoint\",\"urlTemplate\":\"https:\\\/\\\/diariofemenino.com.ar\\\/df\\\/?s={search_term_string}\"},\"query-input\":{\"@type\":\"PropertyValueSpecification\",\"valueRequired\":true,\"valueName\":\"search_term_string\"}}],\"inLanguage\":\"es\"},{\"@type\":\"Organization\",\"@id\":\"https:\\\/\\\/diariofemenino.com.ar\\\/df\\\/#organization\",\"name\":\"Diario Femenino\",\"url\":\"https:\\\/\\\/diariofemenino.com.ar\\\/df\\\/\",\"logo\":{\"@type\":\"ImageObject\",\"inLanguage\":\"es\",\"@id\":\"https:\\\/\\\/diariofemenino.com.ar\\\/df\\\/#\\\/schema\\\/logo\\\/image\\\/\",\"url\":\"https:\\\/\\\/diariofemenino.com.ar\\\/df\\\/wp-content\\\/uploads\\\/2018\\\/10\\\/logo.png\",\"contentUrl\":\"https:\\\/\\\/diariofemenino.com.ar\\\/df\\\/wp-content\\\/uploads\\\/2018\\\/10\\\/logo.png\",\"width\":500,\"height\":92,\"caption\":\"Diario Femenino\"},\"image\":{\"@id\":\"https:\\\/\\\/diariofemenino.com.ar\\\/df\\\/#\\\/schema\\\/logo\\\/image\\\/\"},\"sameAs\":[\"https:\\\/\\\/www.facebook.com\\\/DiarioDigitaFemenino\\\/\",\"https:\\\/\\\/x.com\\\/DiarioFemenino1\"]},{\"@type\":\"Person\",\"@id\":\"https:\\\/\\\/diariofemenino.com.ar\\\/df\\\/#\\\/schema\\\/person\\\/bf6199e8158c657ea6f789b11ec85509\",\"name\":\"Admin\",\"image\":{\"@type\":\"ImageObject\",\"inLanguage\":\"es\",\"@id\":\"https:\\\/\\\/diariofemenino.com.ar\\\/df\\\/wp-content\\\/uploads\\\/2018\\\/12\\\/favicon-150x150.jpg\",\"url\":\"https:\\\/\\\/diariofemenino.com.ar\\\/df\\\/wp-content\\\/uploads\\\/2018\\\/12\\\/favicon-150x150.jpg\",\"contentUrl\":\"https:\\\/\\\/diariofemenino.com.ar\\\/df\\\/wp-content\\\/uploads\\\/2018\\\/12\\\/favicon-150x150.jpg\",\"caption\":\"Admin\"},\"url\":\"https:\\\/\\\/diariofemenino.com.ar\\\/df\\\/author\\\/lenny\\\/\"}]}<\/script>\n<!-- \/ Yoast SEO plugin. -->","yoast_head_json":{"title":"Una propuesta literaria para el abordaje de la ESI - Diario Digital Femenino","description":"Una propuesta literaria.","robots":{"index":"index","follow":"follow","max-snippet":"max-snippet:-1","max-image-preview":"max-image-preview:large","max-video-preview":"max-video-preview:-1"},"canonical":"https:\/\/diariofemenino.com.ar\/df\/una-propuesta-literaria-para-el-abordaje-de-la-esi\/","og_locale":"es_ES","og_type":"article","og_title":"Una propuesta literaria para el abordaje de la ESI - Diario Digital Femenino","og_description":"Una propuesta literaria.","og_url":"https:\/\/diariofemenino.com.ar\/df\/una-propuesta-literaria-para-el-abordaje-de-la-esi\/","og_site_name":"Diario Digital Femenino","article_publisher":"https:\/\/www.facebook.com\/DiarioDigitaFemenino\/","article_published_time":"2024-05-21T13:01:13+00:00","og_image":[{"width":1058,"height":595,"url":"https:\/\/diariofemenino.com.ar\/df\/wp-content\/uploads\/2024\/05\/literatura-perspectiva-genero-educacion-infantil-7.jpg","type":"image\/jpeg"}],"author":"Admin","twitter_card":"summary_large_image","twitter_creator":"@DiarioFemenino1","twitter_site":"@DiarioFemenino1","twitter_misc":{"Escrito por":"Admin","Tiempo de lectura":"5 minutos"},"schema":{"@context":"https:\/\/schema.org","@graph":[{"@type":"Article","@id":"https:\/\/diariofemenino.com.ar\/df\/una-propuesta-literaria-para-el-abordaje-de-la-esi\/#article","isPartOf":{"@id":"https:\/\/diariofemenino.com.ar\/df\/una-propuesta-literaria-para-el-abordaje-de-la-esi\/"},"author":{"name":"Admin","@id":"https:\/\/diariofemenino.com.ar\/df\/#\/schema\/person\/bf6199e8158c657ea6f789b11ec85509"},"headline":"Una propuesta literaria para el abordaje de la ESI","datePublished":"2024-05-21T13:01:13+00:00","mainEntityOfPage":{"@id":"https:\/\/diariofemenino.com.ar\/df\/una-propuesta-literaria-para-el-abordaje-de-la-esi\/"},"wordCount":946,"commentCount":0,"publisher":{"@id":"https:\/\/diariofemenino.com.ar\/df\/#organization"},"image":{"@id":"https:\/\/diariofemenino.com.ar\/df\/una-propuesta-literaria-para-el-abordaje-de-la-esi\/#primaryimage"},"thumbnailUrl":"https:\/\/diariofemenino.com.ar\/df\/wp-content\/uploads\/2024\/05\/literatura-perspectiva-genero-educacion-infantil-7.jpg","keywords":["Abordaje","De ESI s\u00ed se habla","Destacada","Educaci\u00f3n Sexual Integral","ESI","formaci\u00f3n docente","Literatura"],"articleSection":["Uncategorized"],"inLanguage":"es","potentialAction":[{"@type":"CommentAction","name":"Comment","target":["https:\/\/diariofemenino.com.ar\/df\/una-propuesta-literaria-para-el-abordaje-de-la-esi\/#respond"]}]},{"@type":"WebPage","@id":"https:\/\/diariofemenino.com.ar\/df\/una-propuesta-literaria-para-el-abordaje-de-la-esi\/","url":"https:\/\/diariofemenino.com.ar\/df\/una-propuesta-literaria-para-el-abordaje-de-la-esi\/","name":"Una propuesta literaria para el abordaje de la ESI - Diario Digital Femenino","isPartOf":{"@id":"https:\/\/diariofemenino.com.ar\/df\/#website"},"primaryImageOfPage":{"@id":"https:\/\/diariofemenino.com.ar\/df\/una-propuesta-literaria-para-el-abordaje-de-la-esi\/#primaryimage"},"image":{"@id":"https:\/\/diariofemenino.com.ar\/df\/una-propuesta-literaria-para-el-abordaje-de-la-esi\/#primaryimage"},"thumbnailUrl":"https:\/\/diariofemenino.com.ar\/df\/wp-content\/uploads\/2024\/05\/literatura-perspectiva-genero-educacion-infantil-7.jpg","datePublished":"2024-05-21T13:01:13+00:00","description":"Una propuesta literaria.","breadcrumb":{"@id":"https:\/\/diariofemenino.com.ar\/df\/una-propuesta-literaria-para-el-abordaje-de-la-esi\/#breadcrumb"},"inLanguage":"es","potentialAction":[{"@type":"ReadAction","target":["https:\/\/diariofemenino.com.ar\/df\/una-propuesta-literaria-para-el-abordaje-de-la-esi\/"]}]},{"@type":"ImageObject","inLanguage":"es","@id":"https:\/\/diariofemenino.com.ar\/df\/una-propuesta-literaria-para-el-abordaje-de-la-esi\/#primaryimage","url":"https:\/\/diariofemenino.com.ar\/df\/wp-content\/uploads\/2024\/05\/literatura-perspectiva-genero-educacion-infantil-7.jpg","contentUrl":"https:\/\/diariofemenino.com.ar\/df\/wp-content\/uploads\/2024\/05\/literatura-perspectiva-genero-educacion-infantil-7.jpg","width":1058,"height":595,"caption":"Una propuesta literaria para el abordaje de la ESI"},{"@type":"BreadcrumbList","@id":"https:\/\/diariofemenino.com.ar\/df\/una-propuesta-literaria-para-el-abordaje-de-la-esi\/#breadcrumb","itemListElement":[{"@type":"ListItem","position":1,"name":"Portada","item":"https:\/\/diariofemenino.com.ar\/df\/"},{"@type":"ListItem","position":2,"name":"Una propuesta literaria para el abordaje de la ESI"}]},{"@type":"WebSite","@id":"https:\/\/diariofemenino.com.ar\/df\/#website","url":"https:\/\/diariofemenino.com.ar\/df\/","name":"Diario Digital Femenino","description":"Cuesti\u00f3n de G\u00e9nero","publisher":{"@id":"https:\/\/diariofemenino.com.ar\/df\/#organization"},"potentialAction":[{"@type":"SearchAction","target":{"@type":"EntryPoint","urlTemplate":"https:\/\/diariofemenino.com.ar\/df\/?s={search_term_string}"},"query-input":{"@type":"PropertyValueSpecification","valueRequired":true,"valueName":"search_term_string"}}],"inLanguage":"es"},{"@type":"Organization","@id":"https:\/\/diariofemenino.com.ar\/df\/#organization","name":"Diario Femenino","url":"https:\/\/diariofemenino.com.ar\/df\/","logo":{"@type":"ImageObject","inLanguage":"es","@id":"https:\/\/diariofemenino.com.ar\/df\/#\/schema\/logo\/image\/","url":"https:\/\/diariofemenino.com.ar\/df\/wp-content\/uploads\/2018\/10\/logo.png","contentUrl":"https:\/\/diariofemenino.com.ar\/df\/wp-content\/uploads\/2018\/10\/logo.png","width":500,"height":92,"caption":"Diario Femenino"},"image":{"@id":"https:\/\/diariofemenino.com.ar\/df\/#\/schema\/logo\/image\/"},"sameAs":["https:\/\/www.facebook.com\/DiarioDigitaFemenino\/","https:\/\/x.com\/DiarioFemenino1"]},{"@type":"Person","@id":"https:\/\/diariofemenino.com.ar\/df\/#\/schema\/person\/bf6199e8158c657ea6f789b11ec85509","name":"Admin","image":{"@type":"ImageObject","inLanguage":"es","@id":"https:\/\/diariofemenino.com.ar\/df\/wp-content\/uploads\/2018\/12\/favicon-150x150.jpg","url":"https:\/\/diariofemenino.com.ar\/df\/wp-content\/uploads\/2018\/12\/favicon-150x150.jpg","contentUrl":"https:\/\/diariofemenino.com.ar\/df\/wp-content\/uploads\/2018\/12\/favicon-150x150.jpg","caption":"Admin"},"url":"https:\/\/diariofemenino.com.ar\/df\/author\/lenny\/"}]}},"jetpack_featured_media_url":"https:\/\/diariofemenino.com.ar\/df\/wp-content\/uploads\/2024\/05\/literatura-perspectiva-genero-educacion-infantil-7.jpg","jetpack_sharing_enabled":true,"rttpg_featured_image_url":{"full":["https:\/\/diariofemenino.com.ar\/df\/wp-content\/uploads\/2024\/05\/literatura-perspectiva-genero-educacion-infantil-7.jpg",1058,595,false],"landscape":["https:\/\/diariofemenino.com.ar\/df\/wp-content\/uploads\/2024\/05\/literatura-perspectiva-genero-educacion-infantil-7.jpg",1058,595,false],"portraits":["https:\/\/diariofemenino.com.ar\/df\/wp-content\/uploads\/2024\/05\/literatura-perspectiva-genero-educacion-infantil-7.jpg",1058,595,false],"thumbnail":["https:\/\/diariofemenino.com.ar\/df\/wp-content\/uploads\/2024\/05\/literatura-perspectiva-genero-educacion-infantil-7-150x150.jpg",150,150,true],"medium":["https:\/\/diariofemenino.com.ar\/df\/wp-content\/uploads\/2024\/05\/literatura-perspectiva-genero-educacion-infantil-7-300x169.jpg",300,169,true],"large":["https:\/\/diariofemenino.com.ar\/df\/wp-content\/uploads\/2024\/05\/literatura-perspectiva-genero-educacion-infantil-7-1024x576.jpg",1024,576,true],"1536x1536":["https:\/\/diariofemenino.com.ar\/df\/wp-content\/uploads\/2024\/05\/literatura-perspectiva-genero-educacion-infantil-7.jpg",1058,595,false],"2048x2048":["https:\/\/diariofemenino.com.ar\/df\/wp-content\/uploads\/2024\/05\/literatura-perspectiva-genero-educacion-infantil-7.jpg",1058,595,false]},"rttpg_author":{"display_name":"Admin","author_link":"https:\/\/diariofemenino.com.ar\/df\/author\/lenny\/"},"rttpg_comment":0,"rttpg_category":"<a href=\"https:\/\/diariofemenino.com.ar\/df\/category\/uncategorized\/\" rel=\"category tag\">Uncategorized<\/a>","rttpg_excerpt":"Hace unos d\u00edas atr\u00e1s, la Biblioteca del CIIE (Centro de Capacitaci\u00f3n, Informaci\u00f3n e Investigaci\u00f3n Educativa) dependiente de la Direcci\u00f3n General de Cultura y Educaci\u00f3n (DGCyE) lanz\u00f3, junto con la Direcci\u00f3n de Educaci\u00f3n Sexual Integral del Gobierno de la Provincia de Buenos Aires, la Colecci\u00f3n \u00abESI en las escuelas bonaerenses, m\u00e1s derechos en las aulas\u00ab, con&hellip;","_links":{"self":[{"href":"https:\/\/diariofemenino.com.ar\/df\/wp-json\/wp\/v2\/posts\/72872","targetHints":{"allow":["GET"]}}],"collection":[{"href":"https:\/\/diariofemenino.com.ar\/df\/wp-json\/wp\/v2\/posts"}],"about":[{"href":"https:\/\/diariofemenino.com.ar\/df\/wp-json\/wp\/v2\/types\/post"}],"author":[{"embeddable":true,"href":"https:\/\/diariofemenino.com.ar\/df\/wp-json\/wp\/v2\/users\/4"}],"replies":[{"embeddable":true,"href":"https:\/\/diariofemenino.com.ar\/df\/wp-json\/wp\/v2\/comments?post=72872"}],"version-history":[{"count":0,"href":"https:\/\/diariofemenino.com.ar\/df\/wp-json\/wp\/v2\/posts\/72872\/revisions"}],"wp:featuredmedia":[{"embeddable":true,"href":"https:\/\/diariofemenino.com.ar\/df\/wp-json\/wp\/v2\/media\/72874"}],"wp:attachment":[{"href":"https:\/\/diariofemenino.com.ar\/df\/wp-json\/wp\/v2\/media?parent=72872"}],"wp:term":[{"taxonomy":"category","embeddable":true,"href":"https:\/\/diariofemenino.com.ar\/df\/wp-json\/wp\/v2\/categories?post=72872"},{"taxonomy":"post_tag","embeddable":true,"href":"https:\/\/diariofemenino.com.ar\/df\/wp-json\/wp\/v2\/tags?post=72872"}],"curies":[{"name":"wp","href":"https:\/\/api.w.org\/{rel}","templated":true}]}}