{"id":72725,"date":"2024-04-26T09:21:35","date_gmt":"2024-04-26T12:21:35","guid":{"rendered":"https:\/\/diariofemenino.com.ar\/df\/?p=72725"},"modified":"2024-04-26T09:45:02","modified_gmt":"2024-04-26T12:45:02","slug":"la-ministra-estela-diaz-presenta-el-libro","status":"publish","type":"post","link":"https:\/\/diariofemenino.com.ar\/df\/la-ministra-estela-diaz-presenta-el-libro\/","title":{"rendered":"La ministra Estela D\u00edaz presenta el libro: \u00bfPor qu\u00e9 odian? Di\u00e1logos feministas en tiempos de ultraderechas"},"content":{"rendered":"<p style=\"font-weight: 400;\">El domingo 28 de abril a las 16 horas en la sala Gorostiza de la Feria del Libro, la ministra de Mujeres y Diversidad\u00a0de la provincia de Buenos Aires\u00a0<a href=\"https:\/\/diariofemenino.com.ar\/df\/?s=Estela+D%C3%ADaz\"><strong>Estela D\u00edaz<\/strong><\/a>, autora y compiladora del libro<strong>\u00a0\u201c\u00bfPor qu\u00e9 odian? Di\u00e1logos feministas en tiempos de ultraderechas\u201d<\/strong>\u00a0presentar\u00e1 la obra colectiva junto a Sandra Russo, Mar\u00eda P\u00eda L\u00f3pez y Amado Boudou.<\/p>\n<p style=\"font-weight: 400;\">El libro, ideado y compilado por Estela D\u00edaz, es una iniciativa que re\u00fane los di\u00e1logos feministas convocados desde la Atenea Feminista Popular durante 2023 y el comienzo de 2024. Estela D\u00edaz, que viene de una consecuente trayectoria militante en el feminismo y en el sindicalismo, convoca a una pausa para la reflexi\u00f3n, para la escucha y la construcci\u00f3n de condiciones de posibilidad de lo nuevo. En el<strong>\u00a0<\/strong>primer<strong>\u00a0cap\u00edtulo,\u00a0<\/strong><em><strong>Los feminismos populares hoy<\/strong>,<\/em>\u00a0se indagan las relaciones entre <a href=\"https:\/\/diariofemenino.com.ar\/df\/rita-segato-bullrich-y-milei-son-opciones-suicidas-son-goles-en-contra\/\">las derechas<\/a> -nuevas o aggiornadas- y la perspectiva de g\u00e9nero puesta en el lugar del antagonismo. Mar\u00eda P\u00eda L\u00f3pez se propone pensar a las derechas desde los feminismos y analiza los modos en que se entraman crueldad y punici\u00f3n, y c\u00f3mo es puesta en juego la democracia. Natal\u00ed Incaminato, analiza las subjetivaciones pol\u00edticas de las juventudes y c\u00f3mo emergen los llamados \u2018discursos de odio\u2019 en el universo de internet dando lugar a m\u00faltiples fragmentaciones. Juan Marco Vaggione estudia la ideolog\u00eda de g\u00e9nero y su imbricaci\u00f3n con los partidos de derecha, la moral sexual en el campo de lo que llaman la batalla cultural.<\/p>\n<figure id=\"attachment_72726\" aria-describedby=\"caption-attachment-72726\" style=\"width: 561px\" class=\"wp-caption aligncenter\"><img loading=\"lazy\" decoding=\"async\" class=\" wp-image-72726\" src=\"https:\/\/diariofemenino.com.ar\/df\/wp-content\/uploads\/2024\/04\/unnamed-4-1024x1024.jpg\" alt=\"La ministra Estela D\u00edaz presenta el libro\" width=\"561\" height=\"561\" srcset=\"https:\/\/diariofemenino.com.ar\/df\/wp-content\/uploads\/2024\/04\/unnamed-4-1024x1024.jpg 1024w, https:\/\/diariofemenino.com.ar\/df\/wp-content\/uploads\/2024\/04\/unnamed-4-300x300.jpg 300w, https:\/\/diariofemenino.com.ar\/df\/wp-content\/uploads\/2024\/04\/unnamed-4-150x150.jpg 150w, https:\/\/diariofemenino.com.ar\/df\/wp-content\/uploads\/2024\/04\/unnamed-4-768x768.jpg 768w, https:\/\/diariofemenino.com.ar\/df\/wp-content\/uploads\/2024\/04\/unnamed-4.jpg 1280w\" sizes=\"auto, (max-width: 561px) 100vw, 561px\" \/><figcaption id=\"caption-attachment-72726\" class=\"wp-caption-text\">La ministra Estela D\u00edaz presenta el libro<\/figcaption><\/figure>\n<p style=\"font-weight: 400;\">El cap\u00edtulo sobre\u00a0<em><strong>Econom\u00eda y trabajo en clave feminista<\/strong><\/em>\u00a0repone el aporte de Marina Juareguiberry, desde la experiencia sindical y el recorrido de las mujeres sindicalistas, que dinamizaron al movimiento feminista desde su lugar m\u00e1s nodal: el del trabajo. Amado Boudou sit\u00faa el eje del debate econ\u00f3mico en la dimensi\u00f3n de la redistribuci\u00f3n, la reducci\u00f3n de brechas y la igualdad. Y ve en los feminismos al movimiento con mayor proyecci\u00f3n para las transformaciones pendientes. Jackie Flores sistematiza las pr\u00e1cticas de la econom\u00eda popular: la creaci\u00f3n del trabajo y el rol de las mujeres en la constituci\u00f3n de una identidad que pone en valor el reciclado, la gesti\u00f3n ambiental y la autogesti\u00f3n comunitaria. La cuesti\u00f3n del endeudamiento es entendida por Luci Cavallero, como una forma del ejercicio de la violencia, tanto a escala de los Estados como al nivel de las familias: el reverso de la libertad financiera es la violencia econ\u00f3mica para las mayor\u00edas. Nora Goren desarrolla las aristas entre trabajo remunerado y cuidados para pensarlos como parte del mismo problema: el de la desigualdad, que propone, debe abordarse de manera integral.<\/p>\n<p style=\"font-weight: 400;\">En el apartado sobre\u00a0<em><strong>Violencia pol\u00edtica y simb\u00f3lica: s\u00edntomas de \u00e9poca<\/strong>,<\/em>\u00a0Araceli Bellota recorri\u00f3 la genealog\u00eda de la violencia pol\u00edtica en la historia argentina que, producto de la herencia colonial, se configur\u00f3 como marca de origen. Cynthia Ottaviano examina el capitalismo de vigilancia y plataformas, dando cuenta de la omnipresencia de la tecnolog\u00eda en un contexto de profunda concentraci\u00f3n econ\u00f3mica, y la potencia de los feminismos para desbordar las l\u00f3gicas algor\u00edtmicas. Sandra Russo describe las diversas formas en que se expresa la reacci\u00f3n antifeminista de las nuevas ultraderechas en nuestro pa\u00eds, y en el mundo: descarnada, consecuente y agresiva, frente a lo cual propone las redes de cuidado feminista como ant\u00eddoto.<\/p>\n<p style=\"font-weight: 400;\">En la \u00faltima secci\u00f3n,\u00a0<em><strong>Enfoques feministas sobre el poder judicial<\/strong><\/em>, tres especialistas en derecho abordan aristas de la reforma judicial feminista que est\u00e1 pendiente. Eugenio Ra\u00fal Zaffaroni enfoca su an\u00e1lisis en el poder judicial, los medios y la violencia pol\u00edtica por razones de g\u00e9nero para explicar los fallos en la administraci\u00f3n de justicia, el sesgo de g\u00e9nero y las artima\u00f1as del poder frente a las cuales postula, las mujeres tienen la palabra. Vanesa Siley, diputada de la Naci\u00f3n, comparte los debates estrat\u00e9gicos respecto del DNU 70 y la Ley \u00d3mnibus, dos megaproyectos del gobierno de Milei, inconstitucionales, que pretenden refundar la normativa argentina. Marisa Herrera recupera la conquista de leyes que consagran derechos para las mujeres y diversidades y destaca que son los feminismos los que interpelan, de manera profunda, al Poder Judicial que invisibiliza, silencia, oprime y tambi\u00e9n violenta.<\/p>\n<p style=\"font-weight: 400;\">La precarizaci\u00f3n de la vida, la desorganizaci\u00f3n que implica la reducci\u00f3n de recursos, la sobrecarga de tareas, la pobreza de tiempo, ya est\u00e1n entre nosotras. Pero la memoria de las luchas feministas se guarda en los cuerpos, la potencia colectiva es certeza, las redes tejidas siguen sosteniendo. Los feminismos populares son inagotables, no se dan por vencidos ni a\u00fan vencidos. Siempre est\u00e1n tramando futuros mejores.<\/p>\n<p style=\"font-weight: 400;\">Tel\u00e9fono de contacto: 221 4186927<br \/>\nFoto de portada: <a href=\"https:\/\/provinciaradio.com.ar\/noticia.php?noti_id=14621#:~:text=Al%20ser%20consultada%20sobre%20desde,saqueen%20el%20proyecto%20de%20vida%E2%80%9D.\">Provincia radio<\/a><\/p>\n<blockquote><p><strong>Seguinos en Instagram\u00a0<a href=\"https:\/\/www.instagram.com\/diariodigitalfemenino_\/\">@diariodigitalfemenino_<\/a><br \/>\n<a href=\"https:\/\/www.instagram.com\/lennycaceres69\/\">@lennycaceres69<\/a><\/strong><\/p><\/blockquote>\n","protected":false},"excerpt":{"rendered":"<p>El domingo 28 de abril a las 16 horas en la sala Gorostiza de la Feria del Libro, la ministra de Mujeres y Diversidad\u00a0de la provincia de Buenos Aires\u00a0Estela D\u00edaz, autora y compiladora del libro\u00a0\u201c\u00bfPor qu\u00e9 odian? Di\u00e1logos feministas en tiempos de ultraderechas\u201d\u00a0presentar\u00e1 la obra colectiva junto a Sandra Russo, Mar\u00eda P\u00eda L\u00f3pez y Amado [&hellip;]<\/p>\n","protected":false},"author":4,"featured_media":72727,"comment_status":"open","ping_status":"open","sticky":false,"template":"","format":"standard","meta":{"iawp_total_views":171,"footnotes":""},"categories":[7,1067,178,3,627,32,21,592],"tags":[5133,6812,4133,2706,599,1716,1184,666,188,6166],"class_list":["post-72725","post","type-post","status-publish","format-standard","has-post-thumbnail","hentry","category-actividades","category-agenda-feminista","category-articulos-y-comunicados","category-de-la-revolucion-al-reaprendizaje","category-genero-y-derechos-humanos","category-mujeres","category-noticias","category-violencias","tag-autora","tag-compiladora","tag-dialogos","tag-estela-diaz","tag-feminismos","tag-feminismos-populares","tag-feria-del-libro","tag-libro","tag-perspectiva-de-genero","tag-ultraderecha"],"nelio_content":{"autoShareEndMode":"never","automationSources":{"useCustomSentences":false,"customSentences":[]},"efiAlt":"","efiUrl":"","followers":[4],"highlights":[],"isAutoShareEnabled":true,"networkImageIds":[],"permalinkQueryArgs":[],"series":[],"suggestedReferences":[]},"yoast_head":"<!-- This site is optimized with the Yoast SEO plugin v27.5 - https:\/\/yoast.com\/product\/yoast-seo-wordpress\/ -->\n<title>La ministra Estela D\u00edaz presenta el libro: \u00bfPor qu\u00e9 odian? Di\u00e1logos feministas en tiempos de ultraderechas - Diario Digital Femenino<\/title>\n<meta name=\"description\" content=\"La ministra Estela D\u00edaz presentar\u00e1 en la Feria del Libro \u201c\u00bfPor qu\u00e9 odian? Di\u00e1logos feministas en tiempos de ultraderechas\u201d.\" \/>\n<meta name=\"robots\" content=\"index, follow, max-snippet:-1, max-image-preview:large, max-video-preview:-1\" \/>\n<link rel=\"canonical\" href=\"https:\/\/diariofemenino.com.ar\/df\/la-ministra-estela-diaz-presenta-el-libro\/\" \/>\n<meta property=\"og:locale\" content=\"es_ES\" \/>\n<meta property=\"og:type\" content=\"article\" \/>\n<meta property=\"og:title\" content=\"La ministra Estela D\u00edaz presenta el libro: \u00bfPor qu\u00e9 odian? Di\u00e1logos feministas en tiempos de ultraderechas - Diario Digital Femenino\" \/>\n<meta property=\"og:description\" content=\"La ministra Estela D\u00edaz presentar\u00e1 en la Feria del Libro \u201c\u00bfPor qu\u00e9 odian? Di\u00e1logos feministas en tiempos de ultraderechas\u201d.\" \/>\n<meta property=\"og:url\" content=\"https:\/\/diariofemenino.com.ar\/df\/la-ministra-estela-diaz-presenta-el-libro\/\" \/>\n<meta property=\"og:site_name\" content=\"Diario Digital Femenino\" \/>\n<meta property=\"article:publisher\" content=\"https:\/\/www.facebook.com\/DiarioDigitaFemenino\/\" \/>\n<meta property=\"article:published_time\" content=\"2024-04-26T12:21:35+00:00\" \/>\n<meta property=\"article:modified_time\" content=\"2024-04-26T12:45:02+00:00\" \/>\n<meta property=\"og:image\" content=\"https:\/\/diariofemenino.com.ar\/df\/wp-content\/uploads\/2024\/04\/IMG-0a99c66f-31dc-4e49-8604-ca22c5e5f9a5.jpg\" \/>\n\t<meta property=\"og:image:width\" content=\"1024\" \/>\n\t<meta property=\"og:image:height\" content=\"698\" \/>\n\t<meta property=\"og:image:type\" content=\"image\/jpeg\" \/>\n<meta name=\"author\" content=\"Admin\" \/>\n<meta name=\"twitter:card\" content=\"summary_large_image\" \/>\n<meta name=\"twitter:creator\" content=\"@DiarioFemenino1\" \/>\n<meta name=\"twitter:site\" content=\"@DiarioFemenino1\" \/>\n<meta name=\"twitter:label1\" content=\"Escrito por\" \/>\n\t<meta name=\"twitter:data1\" content=\"Admin\" \/>\n\t<meta name=\"twitter:label2\" content=\"Tiempo de lectura\" \/>\n\t<meta name=\"twitter:data2\" content=\"4 minutos\" \/>\n<script type=\"application\/ld+json\" class=\"yoast-schema-graph\">{\"@context\":\"https:\\\/\\\/schema.org\",\"@graph\":[{\"@type\":\"Article\",\"@id\":\"https:\\\/\\\/diariofemenino.com.ar\\\/df\\\/la-ministra-estela-diaz-presenta-el-libro\\\/#article\",\"isPartOf\":{\"@id\":\"https:\\\/\\\/diariofemenino.com.ar\\\/df\\\/la-ministra-estela-diaz-presenta-el-libro\\\/\"},\"author\":{\"name\":\"Admin\",\"@id\":\"https:\\\/\\\/diariofemenino.com.ar\\\/df\\\/#\\\/schema\\\/person\\\/bf6199e8158c657ea6f789b11ec85509\"},\"headline\":\"La ministra Estela D\u00edaz presenta el libro: \u00bfPor qu\u00e9 odian? Di\u00e1logos feministas en tiempos de ultraderechas\",\"datePublished\":\"2024-04-26T12:21:35+00:00\",\"dateModified\":\"2024-04-26T12:45:02+00:00\",\"mainEntityOfPage\":{\"@id\":\"https:\\\/\\\/diariofemenino.com.ar\\\/df\\\/la-ministra-estela-diaz-presenta-el-libro\\\/\"},\"wordCount\":853,\"commentCount\":0,\"publisher\":{\"@id\":\"https:\\\/\\\/diariofemenino.com.ar\\\/df\\\/#organization\"},\"image\":{\"@id\":\"https:\\\/\\\/diariofemenino.com.ar\\\/df\\\/la-ministra-estela-diaz-presenta-el-libro\\\/#primaryimage\"},\"thumbnailUrl\":\"https:\\\/\\\/diariofemenino.com.ar\\\/df\\\/wp-content\\\/uploads\\\/2024\\\/04\\\/IMG-0a99c66f-31dc-4e49-8604-ca22c5e5f9a5.jpg\",\"keywords\":[\"Autora\",\"compiladora\",\"Di\u00e1logos\",\"Estela D\u00edaz\",\"Feminismos\",\"Feminismos Populares\",\"feria del libro\",\"Libro\",\"Perspectiva de g\u00e9nero\",\"ultraderecha\"],\"articleSection\":[\"Actividades\",\"Agenda Feminista\",\"Art\u00edculos y Comunicados\",\"De la Revoluci\u00f3n al Reaprendizaje\",\"G\u00e9nero y Derechos Humanos\",\"Mujeres\",\"Noticias\",\"Violencias\"],\"inLanguage\":\"es\",\"potentialAction\":[{\"@type\":\"CommentAction\",\"name\":\"Comment\",\"target\":[\"https:\\\/\\\/diariofemenino.com.ar\\\/df\\\/la-ministra-estela-diaz-presenta-el-libro\\\/#respond\"]}]},{\"@type\":\"WebPage\",\"@id\":\"https:\\\/\\\/diariofemenino.com.ar\\\/df\\\/la-ministra-estela-diaz-presenta-el-libro\\\/\",\"url\":\"https:\\\/\\\/diariofemenino.com.ar\\\/df\\\/la-ministra-estela-diaz-presenta-el-libro\\\/\",\"name\":\"La ministra Estela D\u00edaz presenta el libro: \u00bfPor qu\u00e9 odian? Di\u00e1logos feministas en tiempos de ultraderechas - Diario Digital Femenino\",\"isPartOf\":{\"@id\":\"https:\\\/\\\/diariofemenino.com.ar\\\/df\\\/#website\"},\"primaryImageOfPage\":{\"@id\":\"https:\\\/\\\/diariofemenino.com.ar\\\/df\\\/la-ministra-estela-diaz-presenta-el-libro\\\/#primaryimage\"},\"image\":{\"@id\":\"https:\\\/\\\/diariofemenino.com.ar\\\/df\\\/la-ministra-estela-diaz-presenta-el-libro\\\/#primaryimage\"},\"thumbnailUrl\":\"https:\\\/\\\/diariofemenino.com.ar\\\/df\\\/wp-content\\\/uploads\\\/2024\\\/04\\\/IMG-0a99c66f-31dc-4e49-8604-ca22c5e5f9a5.jpg\",\"datePublished\":\"2024-04-26T12:21:35+00:00\",\"dateModified\":\"2024-04-26T12:45:02+00:00\",\"description\":\"La ministra Estela D\u00edaz presentar\u00e1 en la Feria del Libro \u201c\u00bfPor qu\u00e9 odian? Di\u00e1logos feministas en tiempos de ultraderechas\u201d.\",\"breadcrumb\":{\"@id\":\"https:\\\/\\\/diariofemenino.com.ar\\\/df\\\/la-ministra-estela-diaz-presenta-el-libro\\\/#breadcrumb\"},\"inLanguage\":\"es\",\"potentialAction\":[{\"@type\":\"ReadAction\",\"target\":[\"https:\\\/\\\/diariofemenino.com.ar\\\/df\\\/la-ministra-estela-diaz-presenta-el-libro\\\/\"]}]},{\"@type\":\"ImageObject\",\"inLanguage\":\"es\",\"@id\":\"https:\\\/\\\/diariofemenino.com.ar\\\/df\\\/la-ministra-estela-diaz-presenta-el-libro\\\/#primaryimage\",\"url\":\"https:\\\/\\\/diariofemenino.com.ar\\\/df\\\/wp-content\\\/uploads\\\/2024\\\/04\\\/IMG-0a99c66f-31dc-4e49-8604-ca22c5e5f9a5.jpg\",\"contentUrl\":\"https:\\\/\\\/diariofemenino.com.ar\\\/df\\\/wp-content\\\/uploads\\\/2024\\\/04\\\/IMG-0a99c66f-31dc-4e49-8604-ca22c5e5f9a5.jpg\",\"width\":1024,\"height\":698,\"caption\":\"La ministra Estela D\u00edaz presenta el libro\"},{\"@type\":\"BreadcrumbList\",\"@id\":\"https:\\\/\\\/diariofemenino.com.ar\\\/df\\\/la-ministra-estela-diaz-presenta-el-libro\\\/#breadcrumb\",\"itemListElement\":[{\"@type\":\"ListItem\",\"position\":1,\"name\":\"Portada\",\"item\":\"https:\\\/\\\/diariofemenino.com.ar\\\/df\\\/\"},{\"@type\":\"ListItem\",\"position\":2,\"name\":\"La ministra Estela D\u00edaz presenta el libro: \u00bfPor qu\u00e9 odian? Di\u00e1logos feministas en tiempos de ultraderechas\"}]},{\"@type\":\"WebSite\",\"@id\":\"https:\\\/\\\/diariofemenino.com.ar\\\/df\\\/#website\",\"url\":\"https:\\\/\\\/diariofemenino.com.ar\\\/df\\\/\",\"name\":\"Diario Digital Femenino\",\"description\":\"Cuesti\u00f3n de G\u00e9nero\",\"publisher\":{\"@id\":\"https:\\\/\\\/diariofemenino.com.ar\\\/df\\\/#organization\"},\"potentialAction\":[{\"@type\":\"SearchAction\",\"target\":{\"@type\":\"EntryPoint\",\"urlTemplate\":\"https:\\\/\\\/diariofemenino.com.ar\\\/df\\\/?s={search_term_string}\"},\"query-input\":{\"@type\":\"PropertyValueSpecification\",\"valueRequired\":true,\"valueName\":\"search_term_string\"}}],\"inLanguage\":\"es\"},{\"@type\":\"Organization\",\"@id\":\"https:\\\/\\\/diariofemenino.com.ar\\\/df\\\/#organization\",\"name\":\"Diario Femenino\",\"url\":\"https:\\\/\\\/diariofemenino.com.ar\\\/df\\\/\",\"logo\":{\"@type\":\"ImageObject\",\"inLanguage\":\"es\",\"@id\":\"https:\\\/\\\/diariofemenino.com.ar\\\/df\\\/#\\\/schema\\\/logo\\\/image\\\/\",\"url\":\"https:\\\/\\\/diariofemenino.com.ar\\\/df\\\/wp-content\\\/uploads\\\/2018\\\/10\\\/logo.png\",\"contentUrl\":\"https:\\\/\\\/diariofemenino.com.ar\\\/df\\\/wp-content\\\/uploads\\\/2018\\\/10\\\/logo.png\",\"width\":500,\"height\":92,\"caption\":\"Diario Femenino\"},\"image\":{\"@id\":\"https:\\\/\\\/diariofemenino.com.ar\\\/df\\\/#\\\/schema\\\/logo\\\/image\\\/\"},\"sameAs\":[\"https:\\\/\\\/www.facebook.com\\\/DiarioDigitaFemenino\\\/\",\"https:\\\/\\\/x.com\\\/DiarioFemenino1\"]},{\"@type\":\"Person\",\"@id\":\"https:\\\/\\\/diariofemenino.com.ar\\\/df\\\/#\\\/schema\\\/person\\\/bf6199e8158c657ea6f789b11ec85509\",\"name\":\"Admin\",\"image\":{\"@type\":\"ImageObject\",\"inLanguage\":\"es\",\"@id\":\"https:\\\/\\\/diariofemenino.com.ar\\\/df\\\/wp-content\\\/uploads\\\/2018\\\/12\\\/favicon-150x150.jpg\",\"url\":\"https:\\\/\\\/diariofemenino.com.ar\\\/df\\\/wp-content\\\/uploads\\\/2018\\\/12\\\/favicon-150x150.jpg\",\"contentUrl\":\"https:\\\/\\\/diariofemenino.com.ar\\\/df\\\/wp-content\\\/uploads\\\/2018\\\/12\\\/favicon-150x150.jpg\",\"caption\":\"Admin\"},\"url\":\"https:\\\/\\\/diariofemenino.com.ar\\\/df\\\/author\\\/lenny\\\/\"}]}<\/script>\n<!-- \/ Yoast SEO plugin. -->","yoast_head_json":{"title":"La ministra Estela D\u00edaz presenta el libro: \u00bfPor qu\u00e9 odian? Di\u00e1logos feministas en tiempos de ultraderechas - Diario Digital Femenino","description":"La ministra Estela D\u00edaz presentar\u00e1 en la Feria del Libro \u201c\u00bfPor qu\u00e9 odian? Di\u00e1logos feministas en tiempos de ultraderechas\u201d.","robots":{"index":"index","follow":"follow","max-snippet":"max-snippet:-1","max-image-preview":"max-image-preview:large","max-video-preview":"max-video-preview:-1"},"canonical":"https:\/\/diariofemenino.com.ar\/df\/la-ministra-estela-diaz-presenta-el-libro\/","og_locale":"es_ES","og_type":"article","og_title":"La ministra Estela D\u00edaz presenta el libro: \u00bfPor qu\u00e9 odian? Di\u00e1logos feministas en tiempos de ultraderechas - Diario Digital Femenino","og_description":"La ministra Estela D\u00edaz presentar\u00e1 en la Feria del Libro \u201c\u00bfPor qu\u00e9 odian? Di\u00e1logos feministas en tiempos de ultraderechas\u201d.","og_url":"https:\/\/diariofemenino.com.ar\/df\/la-ministra-estela-diaz-presenta-el-libro\/","og_site_name":"Diario Digital Femenino","article_publisher":"https:\/\/www.facebook.com\/DiarioDigitaFemenino\/","article_published_time":"2024-04-26T12:21:35+00:00","article_modified_time":"2024-04-26T12:45:02+00:00","og_image":[{"width":1024,"height":698,"url":"https:\/\/diariofemenino.com.ar\/df\/wp-content\/uploads\/2024\/04\/IMG-0a99c66f-31dc-4e49-8604-ca22c5e5f9a5.jpg","type":"image\/jpeg"}],"author":"Admin","twitter_card":"summary_large_image","twitter_creator":"@DiarioFemenino1","twitter_site":"@DiarioFemenino1","twitter_misc":{"Escrito por":"Admin","Tiempo de lectura":"4 minutos"},"schema":{"@context":"https:\/\/schema.org","@graph":[{"@type":"Article","@id":"https:\/\/diariofemenino.com.ar\/df\/la-ministra-estela-diaz-presenta-el-libro\/#article","isPartOf":{"@id":"https:\/\/diariofemenino.com.ar\/df\/la-ministra-estela-diaz-presenta-el-libro\/"},"author":{"name":"Admin","@id":"https:\/\/diariofemenino.com.ar\/df\/#\/schema\/person\/bf6199e8158c657ea6f789b11ec85509"},"headline":"La ministra Estela D\u00edaz presenta el libro: \u00bfPor qu\u00e9 odian? Di\u00e1logos feministas en tiempos de ultraderechas","datePublished":"2024-04-26T12:21:35+00:00","dateModified":"2024-04-26T12:45:02+00:00","mainEntityOfPage":{"@id":"https:\/\/diariofemenino.com.ar\/df\/la-ministra-estela-diaz-presenta-el-libro\/"},"wordCount":853,"commentCount":0,"publisher":{"@id":"https:\/\/diariofemenino.com.ar\/df\/#organization"},"image":{"@id":"https:\/\/diariofemenino.com.ar\/df\/la-ministra-estela-diaz-presenta-el-libro\/#primaryimage"},"thumbnailUrl":"https:\/\/diariofemenino.com.ar\/df\/wp-content\/uploads\/2024\/04\/IMG-0a99c66f-31dc-4e49-8604-ca22c5e5f9a5.jpg","keywords":["Autora","compiladora","Di\u00e1logos","Estela D\u00edaz","Feminismos","Feminismos Populares","feria del libro","Libro","Perspectiva de g\u00e9nero","ultraderecha"],"articleSection":["Actividades","Agenda Feminista","Art\u00edculos y Comunicados","De la Revoluci\u00f3n al Reaprendizaje","G\u00e9nero y Derechos Humanos","Mujeres","Noticias","Violencias"],"inLanguage":"es","potentialAction":[{"@type":"CommentAction","name":"Comment","target":["https:\/\/diariofemenino.com.ar\/df\/la-ministra-estela-diaz-presenta-el-libro\/#respond"]}]},{"@type":"WebPage","@id":"https:\/\/diariofemenino.com.ar\/df\/la-ministra-estela-diaz-presenta-el-libro\/","url":"https:\/\/diariofemenino.com.ar\/df\/la-ministra-estela-diaz-presenta-el-libro\/","name":"La ministra Estela D\u00edaz presenta el libro: \u00bfPor qu\u00e9 odian? Di\u00e1logos feministas en tiempos de ultraderechas - Diario Digital Femenino","isPartOf":{"@id":"https:\/\/diariofemenino.com.ar\/df\/#website"},"primaryImageOfPage":{"@id":"https:\/\/diariofemenino.com.ar\/df\/la-ministra-estela-diaz-presenta-el-libro\/#primaryimage"},"image":{"@id":"https:\/\/diariofemenino.com.ar\/df\/la-ministra-estela-diaz-presenta-el-libro\/#primaryimage"},"thumbnailUrl":"https:\/\/diariofemenino.com.ar\/df\/wp-content\/uploads\/2024\/04\/IMG-0a99c66f-31dc-4e49-8604-ca22c5e5f9a5.jpg","datePublished":"2024-04-26T12:21:35+00:00","dateModified":"2024-04-26T12:45:02+00:00","description":"La ministra Estela D\u00edaz presentar\u00e1 en la Feria del Libro \u201c\u00bfPor qu\u00e9 odian? Di\u00e1logos feministas en tiempos de ultraderechas\u201d.","breadcrumb":{"@id":"https:\/\/diariofemenino.com.ar\/df\/la-ministra-estela-diaz-presenta-el-libro\/#breadcrumb"},"inLanguage":"es","potentialAction":[{"@type":"ReadAction","target":["https:\/\/diariofemenino.com.ar\/df\/la-ministra-estela-diaz-presenta-el-libro\/"]}]},{"@type":"ImageObject","inLanguage":"es","@id":"https:\/\/diariofemenino.com.ar\/df\/la-ministra-estela-diaz-presenta-el-libro\/#primaryimage","url":"https:\/\/diariofemenino.com.ar\/df\/wp-content\/uploads\/2024\/04\/IMG-0a99c66f-31dc-4e49-8604-ca22c5e5f9a5.jpg","contentUrl":"https:\/\/diariofemenino.com.ar\/df\/wp-content\/uploads\/2024\/04\/IMG-0a99c66f-31dc-4e49-8604-ca22c5e5f9a5.jpg","width":1024,"height":698,"caption":"La ministra Estela D\u00edaz presenta el libro"},{"@type":"BreadcrumbList","@id":"https:\/\/diariofemenino.com.ar\/df\/la-ministra-estela-diaz-presenta-el-libro\/#breadcrumb","itemListElement":[{"@type":"ListItem","position":1,"name":"Portada","item":"https:\/\/diariofemenino.com.ar\/df\/"},{"@type":"ListItem","position":2,"name":"La ministra Estela D\u00edaz presenta el libro: \u00bfPor qu\u00e9 odian? Di\u00e1logos feministas en tiempos de ultraderechas"}]},{"@type":"WebSite","@id":"https:\/\/diariofemenino.com.ar\/df\/#website","url":"https:\/\/diariofemenino.com.ar\/df\/","name":"Diario Digital Femenino","description":"Cuesti\u00f3n de G\u00e9nero","publisher":{"@id":"https:\/\/diariofemenino.com.ar\/df\/#organization"},"potentialAction":[{"@type":"SearchAction","target":{"@type":"EntryPoint","urlTemplate":"https:\/\/diariofemenino.com.ar\/df\/?s={search_term_string}"},"query-input":{"@type":"PropertyValueSpecification","valueRequired":true,"valueName":"search_term_string"}}],"inLanguage":"es"},{"@type":"Organization","@id":"https:\/\/diariofemenino.com.ar\/df\/#organization","name":"Diario Femenino","url":"https:\/\/diariofemenino.com.ar\/df\/","logo":{"@type":"ImageObject","inLanguage":"es","@id":"https:\/\/diariofemenino.com.ar\/df\/#\/schema\/logo\/image\/","url":"https:\/\/diariofemenino.com.ar\/df\/wp-content\/uploads\/2018\/10\/logo.png","contentUrl":"https:\/\/diariofemenino.com.ar\/df\/wp-content\/uploads\/2018\/10\/logo.png","width":500,"height":92,"caption":"Diario Femenino"},"image":{"@id":"https:\/\/diariofemenino.com.ar\/df\/#\/schema\/logo\/image\/"},"sameAs":["https:\/\/www.facebook.com\/DiarioDigitaFemenino\/","https:\/\/x.com\/DiarioFemenino1"]},{"@type":"Person","@id":"https:\/\/diariofemenino.com.ar\/df\/#\/schema\/person\/bf6199e8158c657ea6f789b11ec85509","name":"Admin","image":{"@type":"ImageObject","inLanguage":"es","@id":"https:\/\/diariofemenino.com.ar\/df\/wp-content\/uploads\/2018\/12\/favicon-150x150.jpg","url":"https:\/\/diariofemenino.com.ar\/df\/wp-content\/uploads\/2018\/12\/favicon-150x150.jpg","contentUrl":"https:\/\/diariofemenino.com.ar\/df\/wp-content\/uploads\/2018\/12\/favicon-150x150.jpg","caption":"Admin"},"url":"https:\/\/diariofemenino.com.ar\/df\/author\/lenny\/"}]}},"jetpack_featured_media_url":"https:\/\/diariofemenino.com.ar\/df\/wp-content\/uploads\/2024\/04\/IMG-0a99c66f-31dc-4e49-8604-ca22c5e5f9a5.jpg","jetpack_sharing_enabled":true,"rttpg_featured_image_url":{"full":["https:\/\/diariofemenino.com.ar\/df\/wp-content\/uploads\/2024\/04\/IMG-0a99c66f-31dc-4e49-8604-ca22c5e5f9a5.jpg",1024,698,false],"landscape":["https:\/\/diariofemenino.com.ar\/df\/wp-content\/uploads\/2024\/04\/IMG-0a99c66f-31dc-4e49-8604-ca22c5e5f9a5.jpg",1024,698,false],"portraits":["https:\/\/diariofemenino.com.ar\/df\/wp-content\/uploads\/2024\/04\/IMG-0a99c66f-31dc-4e49-8604-ca22c5e5f9a5.jpg",1024,698,false],"thumbnail":["https:\/\/diariofemenino.com.ar\/df\/wp-content\/uploads\/2024\/04\/IMG-0a99c66f-31dc-4e49-8604-ca22c5e5f9a5-150x150.jpg",150,150,true],"medium":["https:\/\/diariofemenino.com.ar\/df\/wp-content\/uploads\/2024\/04\/IMG-0a99c66f-31dc-4e49-8604-ca22c5e5f9a5-300x204.jpg",300,204,true],"large":["https:\/\/diariofemenino.com.ar\/df\/wp-content\/uploads\/2024\/04\/IMG-0a99c66f-31dc-4e49-8604-ca22c5e5f9a5.jpg",1024,698,false],"1536x1536":["https:\/\/diariofemenino.com.ar\/df\/wp-content\/uploads\/2024\/04\/IMG-0a99c66f-31dc-4e49-8604-ca22c5e5f9a5.jpg",1024,698,false],"2048x2048":["https:\/\/diariofemenino.com.ar\/df\/wp-content\/uploads\/2024\/04\/IMG-0a99c66f-31dc-4e49-8604-ca22c5e5f9a5.jpg",1024,698,false]},"rttpg_author":{"display_name":"Admin","author_link":"https:\/\/diariofemenino.com.ar\/df\/author\/lenny\/"},"rttpg_comment":0,"rttpg_category":"<a href=\"https:\/\/diariofemenino.com.ar\/df\/category\/actividades\/\" rel=\"category tag\">Actividades<\/a> <a href=\"https:\/\/diariofemenino.com.ar\/df\/category\/agenda-feminista\/\" rel=\"category tag\">Agenda Feminista<\/a> <a href=\"https:\/\/diariofemenino.com.ar\/df\/category\/articulos-y-comunicados\/\" rel=\"category tag\">Art\u00edculos y Comunicados<\/a> <a href=\"https:\/\/diariofemenino.com.ar\/df\/category\/de-la-revolucion-al-reaprendizaje\/\" rel=\"category tag\">De la Revoluci\u00f3n al Reaprendizaje<\/a> <a href=\"https:\/\/diariofemenino.com.ar\/df\/category\/genero-y-derechos-humanos\/\" rel=\"category tag\">G\u00e9nero y Derechos Humanos<\/a> <a href=\"https:\/\/diariofemenino.com.ar\/df\/category\/mujeres\/\" rel=\"category tag\">Mujeres<\/a> <a href=\"https:\/\/diariofemenino.com.ar\/df\/category\/noticias\/\" rel=\"category tag\">Noticias<\/a> <a href=\"https:\/\/diariofemenino.com.ar\/df\/category\/violencias\/\" rel=\"category tag\">Violencias<\/a>","rttpg_excerpt":"El domingo 28 de abril a las 16 horas en la sala Gorostiza de la Feria del Libro, la ministra de Mujeres y Diversidad\u00a0de la provincia de Buenos Aires\u00a0Estela D\u00edaz, autora y compiladora del libro\u00a0\u201c\u00bfPor qu\u00e9 odian? Di\u00e1logos feministas en tiempos de ultraderechas\u201d\u00a0presentar\u00e1 la obra colectiva junto a Sandra Russo, Mar\u00eda P\u00eda L\u00f3pez y Amado&hellip;","_links":{"self":[{"href":"https:\/\/diariofemenino.com.ar\/df\/wp-json\/wp\/v2\/posts\/72725","targetHints":{"allow":["GET"]}}],"collection":[{"href":"https:\/\/diariofemenino.com.ar\/df\/wp-json\/wp\/v2\/posts"}],"about":[{"href":"https:\/\/diariofemenino.com.ar\/df\/wp-json\/wp\/v2\/types\/post"}],"author":[{"embeddable":true,"href":"https:\/\/diariofemenino.com.ar\/df\/wp-json\/wp\/v2\/users\/4"}],"replies":[{"embeddable":true,"href":"https:\/\/diariofemenino.com.ar\/df\/wp-json\/wp\/v2\/comments?post=72725"}],"version-history":[{"count":0,"href":"https:\/\/diariofemenino.com.ar\/df\/wp-json\/wp\/v2\/posts\/72725\/revisions"}],"wp:featuredmedia":[{"embeddable":true,"href":"https:\/\/diariofemenino.com.ar\/df\/wp-json\/wp\/v2\/media\/72727"}],"wp:attachment":[{"href":"https:\/\/diariofemenino.com.ar\/df\/wp-json\/wp\/v2\/media?parent=72725"}],"wp:term":[{"taxonomy":"category","embeddable":true,"href":"https:\/\/diariofemenino.com.ar\/df\/wp-json\/wp\/v2\/categories?post=72725"},{"taxonomy":"post_tag","embeddable":true,"href":"https:\/\/diariofemenino.com.ar\/df\/wp-json\/wp\/v2\/tags?post=72725"}],"curies":[{"name":"wp","href":"https:\/\/api.w.org\/{rel}","templated":true}]}}