{"id":72716,"date":"2024-04-25T11:31:53","date_gmt":"2024-04-25T14:31:53","guid":{"rendered":"https:\/\/diariofemenino.com.ar\/df\/?p=72716"},"modified":"2024-04-25T11:31:53","modified_gmt":"2024-04-25T14:31:53","slug":"fallo-sobre-medidas-contra-jugador-de-futbol-que-no-paga-cuota-alimentaria","status":"publish","type":"post","link":"https:\/\/diariofemenino.com.ar\/df\/fallo-sobre-medidas-contra-jugador-de-futbol-que-no-paga-cuota-alimentaria\/","title":{"rendered":"Fallo sobre medidas contra jugador de futbol que no paga cuota alimentaria"},"content":{"rendered":"<p><strong>Suspensi\u00f3n de licencia de conducir en el \u00e1mbito nacional e internacional, prohibici\u00f3n de acceso a partidos que dependan de la Asociaci\u00f3n del F\u00fatbol Argentino <\/strong><strong>(A.F.A) y de la Selecci\u00f3n Argentina, por ser deudor alimentario<\/strong>. \u201cM., A.A. c\/ F., F.H. s\/ Filiaci\u00f3n, DyP, Alimentos provisorios\u201d. Santa Fe, 22 de marzo de 2024. Jueza, Dra. Marisa M. Malvestiti<\/p>\n<p>Por\u00a0<strong><a href=\"https:\/\/diariofemenino.com.ar\/df\/?s=Fallo\">Erica P\u00e9rez<\/a>*<br \/>\n<\/strong>para<a href=\"https:\/\/www.instagram.com\/diariodigitalfemenino_\/\"><strong>\u00a0Diario Digital Femenino<\/strong><\/a><\/p>\n<blockquote><p>Descarga el fallo completo:\u00a0<a href=\"https:\/\/diariofemenino.com.ar\/df\/wp-content\/uploads\/2024\/04\/M.A-F.F-SancionesConminatorias.Anonimizado.pdf\"><strong>aqu\u00ed<\/strong><\/a><\/p><\/blockquote>\n<p><strong>I.- Los hechos<\/strong><\/p>\n<p>En fecha 08.02.2023 <strong>se fija cuota alimentaria provisoria<\/strong> en favor del ni\u00f1o V.M. a cargo del demandado con quien tiene un v\u00ednculo biol\u00f3gico atento el resultado positivo del estudio del polimorfismo del ADN. A lo largo de las actuaciones la actora ha denunciado en diversas oportunidades <strong>los incumplimientos o el cumplimiento parcial<\/strong> de la mesada, inclusive desde antes de que se conociera el resultado del referido an\u00e1lisis. En cuanto a los pagos parciales (o a cuenta, ya que a la fecha el alimentante no ha exhibido documentaci\u00f3n alguna de sus ingresos totales).<\/p>\n<p><strong>II.- Inscripci\u00f3n en el registro de deudores<\/strong><\/p>\n<p>La inscripci\u00f3n del demandado en la citada dependencia tiene como fundamento por un lado, la obligaci\u00f3n del alimentante, su deber de cumplir con una orden judicial y, por otro lado, existe la responsabilidad del Estado de velar por la protecci\u00f3n del inter\u00e9s p\u00fablico, dentro del cual se halla el inter\u00e9s familiar y de las personas menores de edad.<\/p>\n<p>De esta manera el mencionado Registro <strong>constituye un instrumento necesario para compeler a los alimentantes<\/strong> y\/o sus empleadores a cumplir con sus deberes. Los requisitos de procedencia establecidos por el legislador a los efectos de ordenar la inscripci\u00f3n del deudor se encuentran debidamente acreditados en autos por la actora; esto es: el incumplimiento de la cuota alimentaria provisoria fijada en favor de un ni\u00f1o de corta edad, que <strong>se halla al cuidado exclusivo de su progenitora<\/strong>, intimaciones a su cumplimiento y la notificaci\u00f3n de tal intimaci\u00f3n al deudor con la transcripci\u00f3n de los respectivos art\u00edculos de la norma citada.<\/p>\n<p>El alimentante ha realizado dep\u00f3sitos parciales e incluso en noviembre del a\u00f1o pasado envi\u00f3 dinero a la actora a trav\u00e9s de una persona allegada a su entorno por tanto, va de suyo que <strong>no desconoce que pesa sobre \u00e9l la obligaci\u00f3n de cumplir con la orden judicial de abonar la cuota <\/strong>correspondiente a la mesada provisoria y frente a tal conocimiento, contin\u00faa en su actitud remisa a abonarla. Es as\u00ed que anticipo que habr\u00e1 de hacerse lugar a dicha inscripci\u00f3n, que se halla dentro de las medidas previstas por el art. 553 del c\u00f3digo unificado.<\/p>\n<figure id=\"attachment_72719\" aria-describedby=\"caption-attachment-72719\" style=\"width: 595px\" class=\"wp-caption aligncenter\"><img loading=\"lazy\" decoding=\"async\" class=\" wp-image-72719\" src=\"https:\/\/diariofemenino.com.ar\/df\/wp-content\/uploads\/2024\/04\/356079.jpg\" alt=\"Fallo sobre medidas contra jugador de futbol que no paga cuota alimentaria\" width=\"595\" height=\"447\" srcset=\"https:\/\/diariofemenino.com.ar\/df\/wp-content\/uploads\/2024\/04\/356079.jpg 768w, https:\/\/diariofemenino.com.ar\/df\/wp-content\/uploads\/2024\/04\/356079-300x225.jpg 300w\" sizes=\"auto, (max-width: 595px) 100vw, 595px\" \/><figcaption id=\"caption-attachment-72719\" class=\"wp-caption-text\">Fallo sobre medidas contra jugador de futbol que no paga cuota alimentaria<\/figcaption><\/figure>\n<p><strong>III.- La cuota alimentaria un derecho humano de ni\u00f1as, ni\u00f1os y adolescentes<\/strong><\/p>\n<p>A m\u00e1s de ello, no puede obviarse que el derecho humano de ni\u00f1os, ni\u00f1as y adolescentes a recibir alimentos de parte de quienes tienen la obligaci\u00f3n de brind\u00e1rselos no admite postergaciones. En este caso, resulta llamativo que pese a haberse hecho saber a la parte demandada el resultado positivo del estudio de ADN realizado en julio del a\u00f1o 2023 con la extracci\u00f3n de muestras en este mismo Tribunal durante la feria judicial invernal, a trav\u00e9s de la Unidad Gen\u00e9tica del Instituto M\u00e9dico Legal de Rosario, persista en tal incumplimiento. Incluso ha sido de p\u00fablico y notorio conocimiento que el Sr. F.H.F. ha hecho publicaciones en su red social de Instagram alusivas a tal resultado.<\/p>\n<p>Es sabido tambi\u00e9n que <strong>las necesidades diarias de hijas e hijos <\/strong>bajo la responsabilidad parental<strong> no pueden esperar o quedar supeditadas a la buena o mala voluntad de quien debe solventarlas.<\/strong> Ante tales circunstancias, esos incumplimientos redundan en que sea el\/la progenitor\/a conviviente (aqu\u00ed, la madre) quien se vea en la encrucijada de aumentar sus horas de trabajo, buscar un empleo extra, recurrir a la ayuda de sus familiares, etc., sin desatender las tareas de crianza y cuidado a las que la norma unificada les ha reconocido valor econ\u00f3mico (art. 660 del citado c\u00f3digo).<\/p>\n<p>Como lo he sostenido en casos similares tramitados en este tribunal, tampoco puede soslayarse que <strong>tal incumplimiento es una forma de violencia econ\u00f3mica<\/strong> contra la Sra. A.A.M. y contra su hijo V.; conducta que no puede ser ignorada por la suscripta y que impone a la funci\u00f3n judicial arbitrar todos los medios o adoptar todas las medidas posibles que tiendan a hacer cumplir al Sr. F., teniendo tambi\u00e9n como objetivo la tutela judicial efectiva del superior inter\u00e9s del ni\u00f1o concernido en autos.<\/p>\n<p>Por otro lado, no menos grave es la vulneraci\u00f3n del derecho alimentario de V.M., imponi\u00e9ndose as\u00ed que su inter\u00e9s superior prevalezca por sobre otro inter\u00e9s igualmente leg\u00edtimo.<\/p>\n<p>En este contexto, estimo procedente no s\u00f3lo proceder a la inscripci\u00f3n registral ya mencionada, sino tambi\u00e9n a la suspensi\u00f3n de <strong>licencia de conducir nacional e internacional<\/strong> de cualquier categor\u00eda -incluida licencia profesional- que el demandado tuviere y de renovar la\/s misma\/s, libr\u00e1ndose oficio a la Municipalidad de la ciudad de Santa Fe y dem\u00e1s organismos correspondientes. Se le proh\u00edbe tambi\u00e9n al Sr. F.H.F. <strong>el ingreso y\/o asistencia a cualquier partido de f\u00fatbol de cualquiera de las categor\u00edas profesionales, torneos y competencias nacionales o internacionales en los que intervengan equipos de f\u00fatbol que dependen de la Asociaci\u00f3n del F\u00fatbol Argentino (A.F.A)<\/strong>. <strong>Tampoco podr\u00e1 ingresar o concurrir a los partidos en los que participe la Selecci\u00f3n Argentina de F\u00fatbol <\/strong>sean fechas del calendario de la Federaci\u00f3n Internacional de F\u00fatbol Asociaci\u00f3n (F.I.F.A.) o partidos amistosos, hasta que se disponga el cese de esta medida, debiendo librarse el correspondiente oficio a ambos clubes de esta ciudad y a la mencionada entidad nacional, la cual deber\u00e1 comunicar a la F.I.F.A lo aqu\u00ed ordenado.<\/p>\n<p><strong>Las restricciones aqu\u00ed ordenadas tienen vigencia hasta que otra resoluci\u00f3n judicial disponga su cese.<\/strong> A m\u00e1s de ello, dado las particulares circunstancias del caso, se aplicar\u00e1 a estos autos el art. 56 del CPCC, debiendo ser reservados materialmente en la Segunda Secretar\u00eda del Tribunal.<\/p>\n<p>Por tanto, a tenor de las consideraciones de hecho y derecho expuestas,<\/p>\n<p><strong>RESUELVO:<\/strong> 1-) Inscribir en el Registro de Deudores Alimentarios Morosos, con los alcances previstos en la Ley N\u00b0 11.945, a F.H.F. DNI; 2-) Suspender la licencia de conducir nacional e internacional de cualquier categor\u00eda incluida licencia profesional que F.H.F. DNI tuviere y la renovaci\u00f3n de la\/s misma\/s, libr\u00e1ndose oficio a la Municipalidad de la ciudad de Santa Fe y dem\u00e1s organismos correspondientes; 3-) <strong>Prohibir al mismo el ingreso y\/o asistencia a cualquier partido de f\u00fatbol de cualquiera de las categor\u00edas profesionales, torneos y competencias nacionales o internacionales en los que intervengan equipos de f\u00fatbol que dependan de la Asociaci\u00f3n del F\u00fatbol Argentino (A.F.A).<\/strong> <strong>Tampoco podr\u00e1 ingresar o concurrir a los partidos en los que participe la Selecci\u00f3n Argentina de F\u00fatbol <\/strong>sean fechas del calendario de la Federaci\u00f3n Internacional de F\u00fatbol Asociaci\u00f3n (F.I.F.A.) o partidos amistosos, debiendo librarse el correspondiente oficio a ambos clubes de esta ciudad y a la mencionada entidad nacional, la cual tambi\u00e9n deber\u00e1 comunicar a la F.I.F.A lo aqu\u00ed ordenado; 4-) Las presentes restricciones tienen vigencia hasta que otra resoluci\u00f3n judicial disponga su cese; 5-) Proceder a aplicar a estos autos el art. 56 del CPCC, debiendo ser reservados materialmente en la Segunda Secretar\u00eda del Tribunal; 6-) Notif\u00edquese electr\u00f3nicamente\u2026 Protocol\u00edcese, ins\u00e9rtese y h\u00e1gase saber. Dra. Silvina Loza (Secretaria)-Dra. Marisa M. Malvestiti (Jueza)<\/p>\n<p><strong>IV.- A modo de conclusi\u00f3n:<\/strong><\/p>\n<p>Seg\u00fan el ultimo dossier del INDEC, que elaboro en conmemoraci\u00f3n del 113\u00b0 aniversario del d\u00eda de la Mujer, el cual visibiliza datos actualizados en Argentina, entre los cuales se observan que 8 de cada 10 hogares est\u00e1n a cargo de una mujer (monomarentales). [1] Estad\u00edstica que cobra brutal trascendencia si adem\u00e1s le agregamos que 7 de cada 10 mujeres que reclaman la cuota alimentaria, no la perciben en tiempo y forma.<\/p>\n<p>En el caso analizado vemos la situaci\u00f3n de un progenitor que se desentiende de sus obligaciones parentales, aun contando con los recursos suficientes para poder cumplir. Con una carrera exitosa como futbolista, es decir no cumple porque no quiere y en definitiva porque puede, mientras tanto, es la progenitora quien cubre las necesidades del ni\u00f1o y las tareas de cuidado de forma exclusiva y unilateral.<\/p>\n<p>Es por ello, que las medidas conminatorias que establece el art. 553 del CCYCN son adecuadas en estos casos, ya que se enfocan en la caracter\u00edstica del deudor alimentario, para que cumpla con la manda judicial, m\u00e1s la herramienta del registro de deudores. Concluyendo que, resulta necesario un cambio trascendental para que las sentencias de alimentos no se conviertan en <strong>\u00abel paradigma de la ineficacia\u00bb. <\/strong>[2]<\/p>\n<p><strong>(*)\u00a0<\/strong>Abogada egresada de la UBA.\u00a0<a href=\"https:\/\/blog-ericaperez.blogspot.com\/\">https:\/\/blog-ericaperez.blogspot.com\/<\/a><\/p>\n<p><strong>Referencias:<\/strong><\/p>\n<p>[1]<a href=\"https:\/\/www.indec.gob.ar\/ftp\/cuadros\/publicaciones\/dosier_estadistico_8M_2024.pdf\">https:\/\/www.indec.gob.ar\/ftp\/cuadros\/publicaciones\/dosier_estadistico_8M_2024.pdf<\/a><\/p>\n<p>[2] \u00abCH. B. E. C\/P. G. E. S\/INCIDENTE AUMENTO CUOTA ALIMENTARIA\u201d. Juzgado de Familia No 5, IV Circ. Judicial Roca 599 Cipolletti, 28 de agosto de 2018.<\/p>\n<p>&nbsp;<\/p>\n<blockquote><p><strong>Seguinos en Instagram\u00a0<a href=\"https:\/\/www.instagram.com\/diariodigitalfemenino_\/\">@diariodigitalfemenino_<\/a><br \/>\n<a href=\"https:\/\/www.instagram.com\/lennycaceres69\/\">@lennycaceres69<\/a><\/strong><\/p><\/blockquote>\n<p>&nbsp;<\/p>\n","protected":false},"excerpt":{"rendered":"<p>Suspensi\u00f3n de licencia de conducir en el \u00e1mbito nacional e internacional, prohibici\u00f3n de acceso a partidos que dependan de la Asociaci\u00f3n del F\u00fatbol Argentino (A.F.A) y de la Selecci\u00f3n Argentina, por ser deudor alimentario. \u201cM., A.A. c\/ F., F.H. s\/ Filiaci\u00f3n, DyP, Alimentos provisorios\u201d. Santa Fe, 22 de marzo de 2024. Jueza, Dra. Marisa M. [&hellip;]<\/p>\n","protected":false},"author":4,"featured_media":72718,"comment_status":"open","ping_status":"open","sticky":false,"template":"","format":"standard","meta":{"iawp_total_views":174,"footnotes":""},"categories":[7,178,581,182,23],"tags":[3561,5144,891,4372,6507,11,4649,1885,6809,1945,3262,382],"class_list":["post-72716","post","type-post","status-publish","format-standard","has-post-thumbnail","hentry","category-actividades","category-articulos-y-comunicados","category-azul-profundo","category-informes","category-salud","tag-alimentos","tag-comentario-juridico","tag-cuota-alimentaria","tag-destacada","tag-deudor","tag-educacion","tag-erica-perez","tag-fallo","tag-jugador-de-futbol","tag-obligaciones","tag-responsabilidad","tag-salud"],"nelio_content":{"autoShareEndMode":"never","automationSources":{"useCustomSentences":false,"customSentences":[]},"efiAlt":"","efiUrl":"","followers":[4],"highlights":[],"isAutoShareEnabled":true,"networkImageIds":[],"permalinkQueryArgs":[],"series":[],"suggestedReferences":[]},"yoast_head":"<!-- This site is optimized with the Yoast SEO plugin v27.5 - https:\/\/yoast.com\/product\/yoast-seo-wordpress\/ -->\n<title>Fallo sobre medidas contra jugador de futbol que no paga cuota alimentaria - Diario Digital Femenino<\/title>\n<meta name=\"description\" content=\"Fallo sobre medidas: suspensi\u00f3n de licencia de conducir en el \u00e1mbito nacional e internacional, prohibici\u00f3n de acceso a partidos.\" \/>\n<meta name=\"robots\" content=\"index, follow, max-snippet:-1, max-image-preview:large, max-video-preview:-1\" \/>\n<link rel=\"canonical\" href=\"https:\/\/diariofemenino.com.ar\/df\/fallo-sobre-medidas-contra-jugador-de-futbol-que-no-paga-cuota-alimentaria\/\" \/>\n<meta property=\"og:locale\" content=\"es_ES\" \/>\n<meta property=\"og:type\" content=\"article\" \/>\n<meta property=\"og:title\" content=\"Fallo sobre medidas contra jugador de futbol que no paga cuota alimentaria - Diario Digital Femenino\" \/>\n<meta property=\"og:description\" content=\"Fallo sobre medidas: suspensi\u00f3n de licencia de conducir en el \u00e1mbito nacional e internacional, prohibici\u00f3n de acceso a partidos.\" \/>\n<meta property=\"og:url\" content=\"https:\/\/diariofemenino.com.ar\/df\/fallo-sobre-medidas-contra-jugador-de-futbol-que-no-paga-cuota-alimentaria\/\" \/>\n<meta property=\"og:site_name\" content=\"Diario Digital Femenino\" \/>\n<meta property=\"article:publisher\" content=\"https:\/\/www.facebook.com\/DiarioDigitaFemenino\/\" \/>\n<meta property=\"article:published_time\" content=\"2024-04-25T14:31:53+00:00\" \/>\n<meta property=\"og:image\" content=\"https:\/\/diariofemenino.com.ar\/df\/wp-content\/uploads\/2024\/04\/356078w750h500c.jpg.webp\" \/>\n\t<meta property=\"og:image:width\" content=\"750\" \/>\n\t<meta property=\"og:image:height\" content=\"500\" \/>\n\t<meta property=\"og:image:type\" content=\"image\/webp\" \/>\n<meta name=\"author\" content=\"Admin\" \/>\n<meta name=\"twitter:card\" content=\"summary_large_image\" \/>\n<meta name=\"twitter:creator\" content=\"@DiarioFemenino1\" \/>\n<meta name=\"twitter:site\" content=\"@DiarioFemenino1\" \/>\n<meta name=\"twitter:label1\" content=\"Escrito por\" \/>\n\t<meta name=\"twitter:data1\" content=\"Admin\" \/>\n\t<meta name=\"twitter:label2\" content=\"Tiempo de lectura\" \/>\n\t<meta name=\"twitter:data2\" content=\"8 minutos\" \/>\n<script type=\"application\/ld+json\" class=\"yoast-schema-graph\">{\"@context\":\"https:\\\/\\\/schema.org\",\"@graph\":[{\"@type\":\"Article\",\"@id\":\"https:\\\/\\\/diariofemenino.com.ar\\\/df\\\/fallo-sobre-medidas-contra-jugador-de-futbol-que-no-paga-cuota-alimentaria\\\/#article\",\"isPartOf\":{\"@id\":\"https:\\\/\\\/diariofemenino.com.ar\\\/df\\\/fallo-sobre-medidas-contra-jugador-de-futbol-que-no-paga-cuota-alimentaria\\\/\"},\"author\":{\"name\":\"Admin\",\"@id\":\"https:\\\/\\\/diariofemenino.com.ar\\\/df\\\/#\\\/schema\\\/person\\\/bf6199e8158c657ea6f789b11ec85509\"},\"headline\":\"Fallo sobre medidas contra jugador de futbol que no paga cuota alimentaria\",\"datePublished\":\"2024-04-25T14:31:53+00:00\",\"mainEntityOfPage\":{\"@id\":\"https:\\\/\\\/diariofemenino.com.ar\\\/df\\\/fallo-sobre-medidas-contra-jugador-de-futbol-que-no-paga-cuota-alimentaria\\\/\"},\"wordCount\":1623,\"commentCount\":0,\"publisher\":{\"@id\":\"https:\\\/\\\/diariofemenino.com.ar\\\/df\\\/#organization\"},\"image\":{\"@id\":\"https:\\\/\\\/diariofemenino.com.ar\\\/df\\\/fallo-sobre-medidas-contra-jugador-de-futbol-que-no-paga-cuota-alimentaria\\\/#primaryimage\"},\"thumbnailUrl\":\"https:\\\/\\\/diariofemenino.com.ar\\\/df\\\/wp-content\\\/uploads\\\/2024\\\/04\\\/356078w750h500c.jpg.webp\",\"keywords\":[\"Alimentos\",\"Comentario jur\u00eddico\",\"Cuota alimentaria\",\"Destacada\",\"deudor\",\"Educaci\u00f3n\",\"Erica P\u00e9rez\",\"Fallo\",\"jugador de f\u00fatbol\",\"Obligaciones\",\"responsabilidad\",\"Salud\"],\"articleSection\":[\"Actividades\",\"Art\u00edculos y Comunicados\",\"Azul Profundo\",\"Informes\",\"Salud\"],\"inLanguage\":\"es\",\"potentialAction\":[{\"@type\":\"CommentAction\",\"name\":\"Comment\",\"target\":[\"https:\\\/\\\/diariofemenino.com.ar\\\/df\\\/fallo-sobre-medidas-contra-jugador-de-futbol-que-no-paga-cuota-alimentaria\\\/#respond\"]}]},{\"@type\":\"WebPage\",\"@id\":\"https:\\\/\\\/diariofemenino.com.ar\\\/df\\\/fallo-sobre-medidas-contra-jugador-de-futbol-que-no-paga-cuota-alimentaria\\\/\",\"url\":\"https:\\\/\\\/diariofemenino.com.ar\\\/df\\\/fallo-sobre-medidas-contra-jugador-de-futbol-que-no-paga-cuota-alimentaria\\\/\",\"name\":\"Fallo sobre medidas contra jugador de futbol que no paga cuota alimentaria - Diario Digital Femenino\",\"isPartOf\":{\"@id\":\"https:\\\/\\\/diariofemenino.com.ar\\\/df\\\/#website\"},\"primaryImageOfPage\":{\"@id\":\"https:\\\/\\\/diariofemenino.com.ar\\\/df\\\/fallo-sobre-medidas-contra-jugador-de-futbol-que-no-paga-cuota-alimentaria\\\/#primaryimage\"},\"image\":{\"@id\":\"https:\\\/\\\/diariofemenino.com.ar\\\/df\\\/fallo-sobre-medidas-contra-jugador-de-futbol-que-no-paga-cuota-alimentaria\\\/#primaryimage\"},\"thumbnailUrl\":\"https:\\\/\\\/diariofemenino.com.ar\\\/df\\\/wp-content\\\/uploads\\\/2024\\\/04\\\/356078w750h500c.jpg.webp\",\"datePublished\":\"2024-04-25T14:31:53+00:00\",\"description\":\"Fallo sobre medidas: suspensi\u00f3n de licencia de conducir en el \u00e1mbito nacional e internacional, prohibici\u00f3n de acceso a partidos.\",\"breadcrumb\":{\"@id\":\"https:\\\/\\\/diariofemenino.com.ar\\\/df\\\/fallo-sobre-medidas-contra-jugador-de-futbol-que-no-paga-cuota-alimentaria\\\/#breadcrumb\"},\"inLanguage\":\"es\",\"potentialAction\":[{\"@type\":\"ReadAction\",\"target\":[\"https:\\\/\\\/diariofemenino.com.ar\\\/df\\\/fallo-sobre-medidas-contra-jugador-de-futbol-que-no-paga-cuota-alimentaria\\\/\"]}]},{\"@type\":\"ImageObject\",\"inLanguage\":\"es\",\"@id\":\"https:\\\/\\\/diariofemenino.com.ar\\\/df\\\/fallo-sobre-medidas-contra-jugador-de-futbol-que-no-paga-cuota-alimentaria\\\/#primaryimage\",\"url\":\"https:\\\/\\\/diariofemenino.com.ar\\\/df\\\/wp-content\\\/uploads\\\/2024\\\/04\\\/356078w750h500c.jpg.webp\",\"contentUrl\":\"https:\\\/\\\/diariofemenino.com.ar\\\/df\\\/wp-content\\\/uploads\\\/2024\\\/04\\\/356078w750h500c.jpg.webp\",\"width\":750,\"height\":500,\"caption\":\"Fallo sobre medidas contra jugador de futbol que no paga cuota alimentaria\"},{\"@type\":\"BreadcrumbList\",\"@id\":\"https:\\\/\\\/diariofemenino.com.ar\\\/df\\\/fallo-sobre-medidas-contra-jugador-de-futbol-que-no-paga-cuota-alimentaria\\\/#breadcrumb\",\"itemListElement\":[{\"@type\":\"ListItem\",\"position\":1,\"name\":\"Portada\",\"item\":\"https:\\\/\\\/diariofemenino.com.ar\\\/df\\\/\"},{\"@type\":\"ListItem\",\"position\":2,\"name\":\"Fallo sobre medidas contra jugador de futbol que no paga cuota alimentaria\"}]},{\"@type\":\"WebSite\",\"@id\":\"https:\\\/\\\/diariofemenino.com.ar\\\/df\\\/#website\",\"url\":\"https:\\\/\\\/diariofemenino.com.ar\\\/df\\\/\",\"name\":\"Diario Digital Femenino\",\"description\":\"Cuesti\u00f3n de G\u00e9nero\",\"publisher\":{\"@id\":\"https:\\\/\\\/diariofemenino.com.ar\\\/df\\\/#organization\"},\"potentialAction\":[{\"@type\":\"SearchAction\",\"target\":{\"@type\":\"EntryPoint\",\"urlTemplate\":\"https:\\\/\\\/diariofemenino.com.ar\\\/df\\\/?s={search_term_string}\"},\"query-input\":{\"@type\":\"PropertyValueSpecification\",\"valueRequired\":true,\"valueName\":\"search_term_string\"}}],\"inLanguage\":\"es\"},{\"@type\":\"Organization\",\"@id\":\"https:\\\/\\\/diariofemenino.com.ar\\\/df\\\/#organization\",\"name\":\"Diario Femenino\",\"url\":\"https:\\\/\\\/diariofemenino.com.ar\\\/df\\\/\",\"logo\":{\"@type\":\"ImageObject\",\"inLanguage\":\"es\",\"@id\":\"https:\\\/\\\/diariofemenino.com.ar\\\/df\\\/#\\\/schema\\\/logo\\\/image\\\/\",\"url\":\"https:\\\/\\\/diariofemenino.com.ar\\\/df\\\/wp-content\\\/uploads\\\/2018\\\/10\\\/logo.png\",\"contentUrl\":\"https:\\\/\\\/diariofemenino.com.ar\\\/df\\\/wp-content\\\/uploads\\\/2018\\\/10\\\/logo.png\",\"width\":500,\"height\":92,\"caption\":\"Diario Femenino\"},\"image\":{\"@id\":\"https:\\\/\\\/diariofemenino.com.ar\\\/df\\\/#\\\/schema\\\/logo\\\/image\\\/\"},\"sameAs\":[\"https:\\\/\\\/www.facebook.com\\\/DiarioDigitaFemenino\\\/\",\"https:\\\/\\\/x.com\\\/DiarioFemenino1\"]},{\"@type\":\"Person\",\"@id\":\"https:\\\/\\\/diariofemenino.com.ar\\\/df\\\/#\\\/schema\\\/person\\\/bf6199e8158c657ea6f789b11ec85509\",\"name\":\"Admin\",\"image\":{\"@type\":\"ImageObject\",\"inLanguage\":\"es\",\"@id\":\"https:\\\/\\\/diariofemenino.com.ar\\\/df\\\/wp-content\\\/uploads\\\/2018\\\/12\\\/favicon-150x150.jpg\",\"url\":\"https:\\\/\\\/diariofemenino.com.ar\\\/df\\\/wp-content\\\/uploads\\\/2018\\\/12\\\/favicon-150x150.jpg\",\"contentUrl\":\"https:\\\/\\\/diariofemenino.com.ar\\\/df\\\/wp-content\\\/uploads\\\/2018\\\/12\\\/favicon-150x150.jpg\",\"caption\":\"Admin\"},\"url\":\"https:\\\/\\\/diariofemenino.com.ar\\\/df\\\/author\\\/lenny\\\/\"}]}<\/script>\n<!-- \/ Yoast SEO plugin. -->","yoast_head_json":{"title":"Fallo sobre medidas contra jugador de futbol que no paga cuota alimentaria - Diario Digital Femenino","description":"Fallo sobre medidas: suspensi\u00f3n de licencia de conducir en el \u00e1mbito nacional e internacional, prohibici\u00f3n de acceso a partidos.","robots":{"index":"index","follow":"follow","max-snippet":"max-snippet:-1","max-image-preview":"max-image-preview:large","max-video-preview":"max-video-preview:-1"},"canonical":"https:\/\/diariofemenino.com.ar\/df\/fallo-sobre-medidas-contra-jugador-de-futbol-que-no-paga-cuota-alimentaria\/","og_locale":"es_ES","og_type":"article","og_title":"Fallo sobre medidas contra jugador de futbol que no paga cuota alimentaria - Diario Digital Femenino","og_description":"Fallo sobre medidas: suspensi\u00f3n de licencia de conducir en el \u00e1mbito nacional e internacional, prohibici\u00f3n de acceso a partidos.","og_url":"https:\/\/diariofemenino.com.ar\/df\/fallo-sobre-medidas-contra-jugador-de-futbol-que-no-paga-cuota-alimentaria\/","og_site_name":"Diario Digital Femenino","article_publisher":"https:\/\/www.facebook.com\/DiarioDigitaFemenino\/","article_published_time":"2024-04-25T14:31:53+00:00","og_image":[{"width":750,"height":500,"url":"https:\/\/diariofemenino.com.ar\/df\/wp-content\/uploads\/2024\/04\/356078w750h500c.jpg.webp","type":"image\/webp"}],"author":"Admin","twitter_card":"summary_large_image","twitter_creator":"@DiarioFemenino1","twitter_site":"@DiarioFemenino1","twitter_misc":{"Escrito por":"Admin","Tiempo de lectura":"8 minutos"},"schema":{"@context":"https:\/\/schema.org","@graph":[{"@type":"Article","@id":"https:\/\/diariofemenino.com.ar\/df\/fallo-sobre-medidas-contra-jugador-de-futbol-que-no-paga-cuota-alimentaria\/#article","isPartOf":{"@id":"https:\/\/diariofemenino.com.ar\/df\/fallo-sobre-medidas-contra-jugador-de-futbol-que-no-paga-cuota-alimentaria\/"},"author":{"name":"Admin","@id":"https:\/\/diariofemenino.com.ar\/df\/#\/schema\/person\/bf6199e8158c657ea6f789b11ec85509"},"headline":"Fallo sobre medidas contra jugador de futbol que no paga cuota alimentaria","datePublished":"2024-04-25T14:31:53+00:00","mainEntityOfPage":{"@id":"https:\/\/diariofemenino.com.ar\/df\/fallo-sobre-medidas-contra-jugador-de-futbol-que-no-paga-cuota-alimentaria\/"},"wordCount":1623,"commentCount":0,"publisher":{"@id":"https:\/\/diariofemenino.com.ar\/df\/#organization"},"image":{"@id":"https:\/\/diariofemenino.com.ar\/df\/fallo-sobre-medidas-contra-jugador-de-futbol-que-no-paga-cuota-alimentaria\/#primaryimage"},"thumbnailUrl":"https:\/\/diariofemenino.com.ar\/df\/wp-content\/uploads\/2024\/04\/356078w750h500c.jpg.webp","keywords":["Alimentos","Comentario jur\u00eddico","Cuota alimentaria","Destacada","deudor","Educaci\u00f3n","Erica P\u00e9rez","Fallo","jugador de f\u00fatbol","Obligaciones","responsabilidad","Salud"],"articleSection":["Actividades","Art\u00edculos y Comunicados","Azul Profundo","Informes","Salud"],"inLanguage":"es","potentialAction":[{"@type":"CommentAction","name":"Comment","target":["https:\/\/diariofemenino.com.ar\/df\/fallo-sobre-medidas-contra-jugador-de-futbol-que-no-paga-cuota-alimentaria\/#respond"]}]},{"@type":"WebPage","@id":"https:\/\/diariofemenino.com.ar\/df\/fallo-sobre-medidas-contra-jugador-de-futbol-que-no-paga-cuota-alimentaria\/","url":"https:\/\/diariofemenino.com.ar\/df\/fallo-sobre-medidas-contra-jugador-de-futbol-que-no-paga-cuota-alimentaria\/","name":"Fallo sobre medidas contra jugador de futbol que no paga cuota alimentaria - Diario Digital Femenino","isPartOf":{"@id":"https:\/\/diariofemenino.com.ar\/df\/#website"},"primaryImageOfPage":{"@id":"https:\/\/diariofemenino.com.ar\/df\/fallo-sobre-medidas-contra-jugador-de-futbol-que-no-paga-cuota-alimentaria\/#primaryimage"},"image":{"@id":"https:\/\/diariofemenino.com.ar\/df\/fallo-sobre-medidas-contra-jugador-de-futbol-que-no-paga-cuota-alimentaria\/#primaryimage"},"thumbnailUrl":"https:\/\/diariofemenino.com.ar\/df\/wp-content\/uploads\/2024\/04\/356078w750h500c.jpg.webp","datePublished":"2024-04-25T14:31:53+00:00","description":"Fallo sobre medidas: suspensi\u00f3n de licencia de conducir en el \u00e1mbito nacional e internacional, prohibici\u00f3n de acceso a partidos.","breadcrumb":{"@id":"https:\/\/diariofemenino.com.ar\/df\/fallo-sobre-medidas-contra-jugador-de-futbol-que-no-paga-cuota-alimentaria\/#breadcrumb"},"inLanguage":"es","potentialAction":[{"@type":"ReadAction","target":["https:\/\/diariofemenino.com.ar\/df\/fallo-sobre-medidas-contra-jugador-de-futbol-que-no-paga-cuota-alimentaria\/"]}]},{"@type":"ImageObject","inLanguage":"es","@id":"https:\/\/diariofemenino.com.ar\/df\/fallo-sobre-medidas-contra-jugador-de-futbol-que-no-paga-cuota-alimentaria\/#primaryimage","url":"https:\/\/diariofemenino.com.ar\/df\/wp-content\/uploads\/2024\/04\/356078w750h500c.jpg.webp","contentUrl":"https:\/\/diariofemenino.com.ar\/df\/wp-content\/uploads\/2024\/04\/356078w750h500c.jpg.webp","width":750,"height":500,"caption":"Fallo sobre medidas contra jugador de futbol que no paga cuota alimentaria"},{"@type":"BreadcrumbList","@id":"https:\/\/diariofemenino.com.ar\/df\/fallo-sobre-medidas-contra-jugador-de-futbol-que-no-paga-cuota-alimentaria\/#breadcrumb","itemListElement":[{"@type":"ListItem","position":1,"name":"Portada","item":"https:\/\/diariofemenino.com.ar\/df\/"},{"@type":"ListItem","position":2,"name":"Fallo sobre medidas contra jugador de futbol que no paga cuota alimentaria"}]},{"@type":"WebSite","@id":"https:\/\/diariofemenino.com.ar\/df\/#website","url":"https:\/\/diariofemenino.com.ar\/df\/","name":"Diario Digital Femenino","description":"Cuesti\u00f3n de G\u00e9nero","publisher":{"@id":"https:\/\/diariofemenino.com.ar\/df\/#organization"},"potentialAction":[{"@type":"SearchAction","target":{"@type":"EntryPoint","urlTemplate":"https:\/\/diariofemenino.com.ar\/df\/?s={search_term_string}"},"query-input":{"@type":"PropertyValueSpecification","valueRequired":true,"valueName":"search_term_string"}}],"inLanguage":"es"},{"@type":"Organization","@id":"https:\/\/diariofemenino.com.ar\/df\/#organization","name":"Diario Femenino","url":"https:\/\/diariofemenino.com.ar\/df\/","logo":{"@type":"ImageObject","inLanguage":"es","@id":"https:\/\/diariofemenino.com.ar\/df\/#\/schema\/logo\/image\/","url":"https:\/\/diariofemenino.com.ar\/df\/wp-content\/uploads\/2018\/10\/logo.png","contentUrl":"https:\/\/diariofemenino.com.ar\/df\/wp-content\/uploads\/2018\/10\/logo.png","width":500,"height":92,"caption":"Diario Femenino"},"image":{"@id":"https:\/\/diariofemenino.com.ar\/df\/#\/schema\/logo\/image\/"},"sameAs":["https:\/\/www.facebook.com\/DiarioDigitaFemenino\/","https:\/\/x.com\/DiarioFemenino1"]},{"@type":"Person","@id":"https:\/\/diariofemenino.com.ar\/df\/#\/schema\/person\/bf6199e8158c657ea6f789b11ec85509","name":"Admin","image":{"@type":"ImageObject","inLanguage":"es","@id":"https:\/\/diariofemenino.com.ar\/df\/wp-content\/uploads\/2018\/12\/favicon-150x150.jpg","url":"https:\/\/diariofemenino.com.ar\/df\/wp-content\/uploads\/2018\/12\/favicon-150x150.jpg","contentUrl":"https:\/\/diariofemenino.com.ar\/df\/wp-content\/uploads\/2018\/12\/favicon-150x150.jpg","caption":"Admin"},"url":"https:\/\/diariofemenino.com.ar\/df\/author\/lenny\/"}]}},"jetpack_featured_media_url":"https:\/\/diariofemenino.com.ar\/df\/wp-content\/uploads\/2024\/04\/356078w750h500c.jpg.webp","jetpack_sharing_enabled":true,"rttpg_featured_image_url":{"full":["https:\/\/diariofemenino.com.ar\/df\/wp-content\/uploads\/2024\/04\/356078w750h500c.jpg.webp",750,500,false],"landscape":["https:\/\/diariofemenino.com.ar\/df\/wp-content\/uploads\/2024\/04\/356078w750h500c.jpg.webp",750,500,false],"portraits":["https:\/\/diariofemenino.com.ar\/df\/wp-content\/uploads\/2024\/04\/356078w750h500c.jpg.webp",750,500,false],"thumbnail":["https:\/\/diariofemenino.com.ar\/df\/wp-content\/uploads\/2024\/04\/356078w750h500c.jpg-150x150.webp",150,150,true],"medium":["https:\/\/diariofemenino.com.ar\/df\/wp-content\/uploads\/2024\/04\/356078w750h500c.jpg-300x200.webp",300,200,true],"large":["https:\/\/diariofemenino.com.ar\/df\/wp-content\/uploads\/2024\/04\/356078w750h500c.jpg.webp",750,500,false],"1536x1536":["https:\/\/diariofemenino.com.ar\/df\/wp-content\/uploads\/2024\/04\/356078w750h500c.jpg.webp",750,500,false],"2048x2048":["https:\/\/diariofemenino.com.ar\/df\/wp-content\/uploads\/2024\/04\/356078w750h500c.jpg.webp",750,500,false]},"rttpg_author":{"display_name":"Admin","author_link":"https:\/\/diariofemenino.com.ar\/df\/author\/lenny\/"},"rttpg_comment":0,"rttpg_category":"<a href=\"https:\/\/diariofemenino.com.ar\/df\/category\/actividades\/\" rel=\"category tag\">Actividades<\/a> <a href=\"https:\/\/diariofemenino.com.ar\/df\/category\/articulos-y-comunicados\/\" rel=\"category tag\">Art\u00edculos y Comunicados<\/a> <a href=\"https:\/\/diariofemenino.com.ar\/df\/category\/azul-profundo\/\" rel=\"category tag\">Azul Profundo<\/a> <a href=\"https:\/\/diariofemenino.com.ar\/df\/category\/informes\/\" rel=\"category tag\">Informes<\/a> <a href=\"https:\/\/diariofemenino.com.ar\/df\/category\/salud\/\" rel=\"category tag\">Salud<\/a>","rttpg_excerpt":"Suspensi\u00f3n de licencia de conducir en el \u00e1mbito nacional e internacional, prohibici\u00f3n de acceso a partidos que dependan de la Asociaci\u00f3n del F\u00fatbol Argentino (A.F.A) y de la Selecci\u00f3n Argentina, por ser deudor alimentario. \u201cM., A.A. c\/ F., F.H. s\/ Filiaci\u00f3n, DyP, Alimentos provisorios\u201d. Santa Fe, 22 de marzo de 2024. Jueza, Dra. Marisa M.&hellip;","_links":{"self":[{"href":"https:\/\/diariofemenino.com.ar\/df\/wp-json\/wp\/v2\/posts\/72716","targetHints":{"allow":["GET"]}}],"collection":[{"href":"https:\/\/diariofemenino.com.ar\/df\/wp-json\/wp\/v2\/posts"}],"about":[{"href":"https:\/\/diariofemenino.com.ar\/df\/wp-json\/wp\/v2\/types\/post"}],"author":[{"embeddable":true,"href":"https:\/\/diariofemenino.com.ar\/df\/wp-json\/wp\/v2\/users\/4"}],"replies":[{"embeddable":true,"href":"https:\/\/diariofemenino.com.ar\/df\/wp-json\/wp\/v2\/comments?post=72716"}],"version-history":[{"count":0,"href":"https:\/\/diariofemenino.com.ar\/df\/wp-json\/wp\/v2\/posts\/72716\/revisions"}],"wp:featuredmedia":[{"embeddable":true,"href":"https:\/\/diariofemenino.com.ar\/df\/wp-json\/wp\/v2\/media\/72718"}],"wp:attachment":[{"href":"https:\/\/diariofemenino.com.ar\/df\/wp-json\/wp\/v2\/media?parent=72716"}],"wp:term":[{"taxonomy":"category","embeddable":true,"href":"https:\/\/diariofemenino.com.ar\/df\/wp-json\/wp\/v2\/categories?post=72716"},{"taxonomy":"post_tag","embeddable":true,"href":"https:\/\/diariofemenino.com.ar\/df\/wp-json\/wp\/v2\/tags?post=72716"}],"curies":[{"name":"wp","href":"https:\/\/api.w.org\/{rel}","templated":true}]}}