{"id":72712,"date":"2024-04-25T10:38:50","date_gmt":"2024-04-25T13:38:50","guid":{"rendered":"https:\/\/diariofemenino.com.ar\/df\/?p=72712"},"modified":"2024-04-25T10:38:50","modified_gmt":"2024-04-25T13:38:50","slug":"el-film-mover-lo-que-no-se-ve-en-la-pampa","status":"publish","type":"post","link":"https:\/\/diariofemenino.com.ar\/df\/el-film-mover-lo-que-no-se-ve-en-la-pampa\/","title":{"rendered":"El film \u00abMover (lo que no se ve)\u00bb en La Pampa"},"content":{"rendered":"<p class=\"wp-block-heading\">El documental \u00abMover (lo que no se ve)\u00bb se proyectar\u00e1 el jueves 25 y el domingo 28 de abril a las 19:30 horas en el Espacio INCAA Auditorio Bustriazo Ort\u00edz, ubicado en Quintana 172, Santa Rosa, La Pampa. El film, estrenado en enero en el cine Gaumont de CABA, relata la <a href=\"https:\/\/diariofemenino.com.ar\/df\/category\/actividades\/\">experiencia<\/a> de tres bailarinas durante el aislamiento obligatorio por Coronavirus en la ciudad porte\u00f1a y busca reflexionar sobre el cuerpo y la salud mental durante el encierro.<\/p>\n<p>El largometraje, que cont\u00f3 con apoyo del Instituto Nacional de Cine y Artes Audiovisuales (INCAA) a la postproducci\u00f3n, es el segundo de la directora, Mara Avila. Llevado a cabo durante el confinamiento por Covid-19, es protagonizado por la misma realizadora y las bailarinas Majo N\u00f3bile y Carolina Villa.<\/p>\n<p>Luego de su estreno, se ha proyectado en otros espacios INCAA (Lobos, Caleta Olivia, Bol\u00edvar), en la Red de Cineclubes de la Ciudad de M\u00e9xico y ha sido seleccionado para la competencia online Lift-Off Sessions.<\/p>\n<p>Durante todo abril, se puede visualizar en toda la Argentina en la plataforma\u00a0<strong><em>Cine.ar Play<\/em><\/strong>\u00a0a un valor de 400 pesos en\u00a0<a href=\"https:\/\/play.cine.ar\/INCAA\/produccion\/9279\">este link<\/a>.<\/p>\n<p>\u00abEste estreno en La Pampa, provincia de donde era oriundo mi abuelo Mario Zaragoza Avila, me pone muy contenta, al tiempo que me toma por sorpresa debido a la grave situaci\u00f3n en la que se encuentra el INCAA. Seg\u00fan explican desde el organismo, esta programaci\u00f3n es parte de la nueva estructura\u00bb, coment\u00f3 la directora.<\/p>\n<p class=\"wp-block-heading\"><strong>Sinopsis<\/strong><\/p>\n<p>En el contexto de la cuarentena obligatoria por Coronavirus en la Ciudad de Buenos Aires, Mara (40), una bailarina amateur, contacta a dos profesionales, Caro (35) y Majo (38), para que participen de un proyecto sobre el cuerpo y la danza del que ella tambi\u00e9n ser\u00e1 parte.<\/p>\n<p>Mientras transita el aislamiento social en su departamento, mantiene comunicaciones virtuales con las bailarinas que abordan temas tales como el cuerpo en el encierro, las historias de vida propias con la danza, los v\u00ednculos familiares y afectivos, la muerte y la salud mental.<\/p>\n<p>A trav\u00e9s de un intercambio de audios, textos y videos generados por las protagonistas durante nueve meses, Mara, Caro y Majo compartir\u00e1n improvisaciones, investigaciones sobre la pr\u00e1ctica de la danza, objetos y fotos significativas para sus biograf\u00edas personales. La seriedad y el drama ir\u00e1n despleg\u00e1ndose con m\u00e1s fuerza en el tono de sus conversaciones, a medida que el cansancio, la desesperaci\u00f3n y la tristeza propias del contexto de pandemia y encierro dejar\u00e1n huellas en la propia subjetividad de los personajes.<\/p>\n<p>Antes de que puedan conocerse personalmente y salir de sus hogares habiendo concluido el aislamiento obligatorio, habr\u00e1 surgido entre ellas una significativa amistad.<\/p>\n<figure id=\"attachment_72714\" aria-describedby=\"caption-attachment-72714\" style=\"width: 510px\" class=\"wp-caption aligncenter\"><img loading=\"lazy\" decoding=\"async\" class=\" wp-image-72714\" src=\"https:\/\/diariofemenino.com.ar\/df\/wp-content\/uploads\/2024\/04\/Untitled-1024x576.jpg\" alt=\"El film \u00abMover (lo que no se ve)\u00bb en La Pampa\" width=\"510\" height=\"287\" srcset=\"https:\/\/diariofemenino.com.ar\/df\/wp-content\/uploads\/2024\/04\/Untitled-1024x576.jpg 1024w, https:\/\/diariofemenino.com.ar\/df\/wp-content\/uploads\/2024\/04\/Untitled-300x169.jpg 300w, https:\/\/diariofemenino.com.ar\/df\/wp-content\/uploads\/2024\/04\/Untitled-768x432.jpg 768w, https:\/\/diariofemenino.com.ar\/df\/wp-content\/uploads\/2024\/04\/Untitled-1536x864.jpg 1536w, https:\/\/diariofemenino.com.ar\/df\/wp-content\/uploads\/2024\/04\/Untitled.jpg 1600w\" sizes=\"auto, (max-width: 510px) 100vw, 510px\" \/><figcaption id=\"caption-attachment-72714\" class=\"wp-caption-text\">El film \u00abMover (lo que no se ve)\u00bb en La Pampa<\/figcaption><\/figure>\n<p class=\"wp-block-heading\"><strong>Ficha t\u00e9cnica<\/strong><\/p>\n<p>Performers y c\u00e1mara: Majo N\u00f3bile, Caro Villa, Mara Avila<br \/>\nMontaje y color: Luj\u00e1n Montes<br \/>\nDise\u00f1o sonoro, postproducci\u00f3n y m\u00fasica original: Luciana Foglio<br \/>\nJefa de producci\u00f3n: Luc\u00eda Casado<br \/>\nAsesoramiento en guion: Gustavo Font\u00e1n, Melina Terribili, Luj\u00e1n Montes, Luciana Foglio<br \/>\nParticipaci\u00f3n especial: Marta Lantermo<br \/>\nDise\u00f1o de afiche: Pablo Mozuc, Lala Ladcani<br \/>\nTrailer: \u00c1lvaro Artero<br \/>\nGuion, producci\u00f3n y direcci\u00f3n: Mara Avila<\/p>\n<p>Duraci\u00f3n: 69 minutos<br \/>\nCalificaci\u00f3n del trailer: ATP<\/p>\n<p>Calificaci\u00f3n de la pel\u00edcula: Solo apta para mayores de 13 a\u00f1os<br \/>\nCon apoyo del Instituto Nacional de Cine y Artes Audiovisuales (INCAA) a la postproducci\u00f3n.<\/p>\n<p class=\"wp-block-heading\"><strong>Trailer<\/strong><\/p>\n<p><iframe loading=\"lazy\" title=\"YouTube video player\" src=\"https:\/\/www.youtube.com\/embed\/EDiQ4nn4_vM?si=Lf5Rn4N7USYJoKX9\" width=\"560\" height=\"315\" frameborder=\"0\" allowfullscreen=\"allowfullscreen\"><\/iframe><\/p>\n<p>Solicitar contacto de prensa en <a href=\"mailto:redaccion@diariofemenino.com.ar\">redaccion@diariofemenino.com.ar\u00a0<\/a><\/p>\n<blockquote><p>Seguinos en Instagram\u00a0<a href=\"https:\/\/www.instagram.com\/diariodigitalfemenino_\/\">@diariodigitalfemenino_<\/a><br \/>\n<a href=\"https:\/\/www.instagram.com\/lennycaceres69\/\">@lennycaceres69<\/a><\/p><\/blockquote>\n","protected":false},"excerpt":{"rendered":"<p>El documental \u00abMover (lo que no se ve)\u00bb se proyectar\u00e1 el jueves 25 y el domingo 28 de abril a las 19:30 horas en el Espacio INCAA Auditorio Bustriazo Ort\u00edz, ubicado en Quintana 172, Santa Rosa, La Pampa. El film, estrenado en enero en el cine Gaumont de CABA, relata la experiencia de tres bailarinas [&hellip;]<\/p>\n","protected":false},"author":4,"featured_media":72713,"comment_status":"open","ping_status":"open","sticky":false,"template":"","format":"standard","meta":{"iawp_total_views":30,"footnotes":""},"categories":[7,1067,178,24,627,5,32,21,23,180],"tags":[6806,5976,1300,6807,1646,439,6805,6808,6804,1129,391],"class_list":["post-72712","post","type-post","status-publish","format-standard","has-post-thumbnail","hentry","category-actividades","category-agenda-feminista","category-articulos-y-comunicados","category-documentales-y-peliculas","category-genero-y-derechos-humanos","category-historias-de-vida","category-mujeres","category-noticias","category-salud","category-videos","tag-bailarinas","tag-contexto","tag-documental","tag-espacio-incaa","tag-film","tag-la-pampa","tag-lo-que-no-se-ve","tag-mara-avila","tag-mover","tag-santa-rosa","tag-video"],"nelio_content":{"autoShareEndMode":"never","automationSources":{"useCustomSentences":false,"customSentences":[]},"efiAlt":"","efiUrl":"","followers":[4],"highlights":[],"isAutoShareEnabled":true,"networkImageIds":[],"permalinkQueryArgs":[],"series":[],"suggestedReferences":[]},"yoast_head":"<!-- This site is optimized with the Yoast SEO plugin v27.5 - https:\/\/yoast.com\/product\/yoast-seo-wordpress\/ -->\n<title>El film \u00abMover (lo que no se ve)\u00bb en La Pampa - Diario Digital Femenino<\/title>\n<meta name=\"description\" content=\"El film\" \/>\n<meta name=\"robots\" content=\"index, follow, max-snippet:-1, max-image-preview:large, max-video-preview:-1\" \/>\n<link rel=\"canonical\" href=\"https:\/\/diariofemenino.com.ar\/df\/el-film-mover-lo-que-no-se-ve-en-la-pampa\/\" \/>\n<meta property=\"og:locale\" content=\"es_ES\" \/>\n<meta property=\"og:type\" content=\"article\" \/>\n<meta property=\"og:title\" content=\"El film \u00abMover (lo que no se ve)\u00bb en La Pampa - Diario Digital Femenino\" \/>\n<meta property=\"og:description\" content=\"El film\" \/>\n<meta property=\"og:url\" content=\"https:\/\/diariofemenino.com.ar\/df\/el-film-mover-lo-que-no-se-ve-en-la-pampa\/\" \/>\n<meta property=\"og:site_name\" content=\"Diario Digital Femenino\" \/>\n<meta property=\"article:publisher\" content=\"https:\/\/www.facebook.com\/DiarioDigitaFemenino\/\" \/>\n<meta property=\"article:published_time\" content=\"2024-04-25T13:38:50+00:00\" \/>\n<meta property=\"og:image\" content=\"https:\/\/diariofemenino.com.ar\/df\/wp-content\/uploads\/2024\/04\/film-mover-lo-que-no-se-ve-proyeccion-2024-espacio-incaa-la-pampa.png\" \/>\n\t<meta property=\"og:image:width\" content=\"1080\" \/>\n\t<meta property=\"og:image:height\" content=\"1080\" \/>\n\t<meta property=\"og:image:type\" content=\"image\/png\" \/>\n<meta name=\"author\" content=\"Admin\" \/>\n<meta name=\"twitter:card\" content=\"summary_large_image\" \/>\n<meta name=\"twitter:creator\" content=\"@DiarioFemenino1\" \/>\n<meta name=\"twitter:site\" content=\"@DiarioFemenino1\" \/>\n<meta name=\"twitter:label1\" content=\"Escrito por\" \/>\n\t<meta name=\"twitter:data1\" content=\"Admin\" \/>\n\t<meta name=\"twitter:label2\" content=\"Tiempo de lectura\" \/>\n\t<meta name=\"twitter:data2\" content=\"3 minutos\" \/>\n<script type=\"application\/ld+json\" class=\"yoast-schema-graph\">{\"@context\":\"https:\\\/\\\/schema.org\",\"@graph\":[{\"@type\":\"Article\",\"@id\":\"https:\\\/\\\/diariofemenino.com.ar\\\/df\\\/el-film-mover-lo-que-no-se-ve-en-la-pampa\\\/#article\",\"isPartOf\":{\"@id\":\"https:\\\/\\\/diariofemenino.com.ar\\\/df\\\/el-film-mover-lo-que-no-se-ve-en-la-pampa\\\/\"},\"author\":{\"name\":\"Admin\",\"@id\":\"https:\\\/\\\/diariofemenino.com.ar\\\/df\\\/#\\\/schema\\\/person\\\/bf6199e8158c657ea6f789b11ec85509\"},\"headline\":\"El film \u00abMover (lo que no se ve)\u00bb en La Pampa\",\"datePublished\":\"2024-04-25T13:38:50+00:00\",\"mainEntityOfPage\":{\"@id\":\"https:\\\/\\\/diariofemenino.com.ar\\\/df\\\/el-film-mover-lo-que-no-se-ve-en-la-pampa\\\/\"},\"wordCount\":601,\"commentCount\":0,\"publisher\":{\"@id\":\"https:\\\/\\\/diariofemenino.com.ar\\\/df\\\/#organization\"},\"image\":{\"@id\":\"https:\\\/\\\/diariofemenino.com.ar\\\/df\\\/el-film-mover-lo-que-no-se-ve-en-la-pampa\\\/#primaryimage\"},\"thumbnailUrl\":\"https:\\\/\\\/diariofemenino.com.ar\\\/df\\\/wp-content\\\/uploads\\\/2024\\\/04\\\/film-mover-lo-que-no-se-ve-proyeccion-2024-espacio-incaa-la-pampa.png\",\"keywords\":[\"bailarinas\",\"Contexto\",\"Documental\",\"Espacio INCAA\",\"Film\",\"La Pampa\",\"lo que no se ve\",\"Mara Avila\",\"Mover\",\"Santa Rosa\",\"Video\"],\"articleSection\":[\"Actividades\",\"Agenda Feminista\",\"Art\u00edculos y Comunicados\",\"Documentales y Pel\u00edculas\",\"G\u00e9nero y Derechos Humanos\",\"Historias de vida\",\"Mujeres\",\"Noticias\",\"Salud\",\"Videos\"],\"inLanguage\":\"es\",\"potentialAction\":[{\"@type\":\"CommentAction\",\"name\":\"Comment\",\"target\":[\"https:\\\/\\\/diariofemenino.com.ar\\\/df\\\/el-film-mover-lo-que-no-se-ve-en-la-pampa\\\/#respond\"]}]},{\"@type\":\"WebPage\",\"@id\":\"https:\\\/\\\/diariofemenino.com.ar\\\/df\\\/el-film-mover-lo-que-no-se-ve-en-la-pampa\\\/\",\"url\":\"https:\\\/\\\/diariofemenino.com.ar\\\/df\\\/el-film-mover-lo-que-no-se-ve-en-la-pampa\\\/\",\"name\":\"El film \u00abMover (lo que no se ve)\u00bb en La Pampa - Diario Digital Femenino\",\"isPartOf\":{\"@id\":\"https:\\\/\\\/diariofemenino.com.ar\\\/df\\\/#website\"},\"primaryImageOfPage\":{\"@id\":\"https:\\\/\\\/diariofemenino.com.ar\\\/df\\\/el-film-mover-lo-que-no-se-ve-en-la-pampa\\\/#primaryimage\"},\"image\":{\"@id\":\"https:\\\/\\\/diariofemenino.com.ar\\\/df\\\/el-film-mover-lo-que-no-se-ve-en-la-pampa\\\/#primaryimage\"},\"thumbnailUrl\":\"https:\\\/\\\/diariofemenino.com.ar\\\/df\\\/wp-content\\\/uploads\\\/2024\\\/04\\\/film-mover-lo-que-no-se-ve-proyeccion-2024-espacio-incaa-la-pampa.png\",\"datePublished\":\"2024-04-25T13:38:50+00:00\",\"description\":\"El film\",\"breadcrumb\":{\"@id\":\"https:\\\/\\\/diariofemenino.com.ar\\\/df\\\/el-film-mover-lo-que-no-se-ve-en-la-pampa\\\/#breadcrumb\"},\"inLanguage\":\"es\",\"potentialAction\":[{\"@type\":\"ReadAction\",\"target\":[\"https:\\\/\\\/diariofemenino.com.ar\\\/df\\\/el-film-mover-lo-que-no-se-ve-en-la-pampa\\\/\"]}]},{\"@type\":\"ImageObject\",\"inLanguage\":\"es\",\"@id\":\"https:\\\/\\\/diariofemenino.com.ar\\\/df\\\/el-film-mover-lo-que-no-se-ve-en-la-pampa\\\/#primaryimage\",\"url\":\"https:\\\/\\\/diariofemenino.com.ar\\\/df\\\/wp-content\\\/uploads\\\/2024\\\/04\\\/film-mover-lo-que-no-se-ve-proyeccion-2024-espacio-incaa-la-pampa.png\",\"contentUrl\":\"https:\\\/\\\/diariofemenino.com.ar\\\/df\\\/wp-content\\\/uploads\\\/2024\\\/04\\\/film-mover-lo-que-no-se-ve-proyeccion-2024-espacio-incaa-la-pampa.png\",\"width\":1080,\"height\":1080},{\"@type\":\"BreadcrumbList\",\"@id\":\"https:\\\/\\\/diariofemenino.com.ar\\\/df\\\/el-film-mover-lo-que-no-se-ve-en-la-pampa\\\/#breadcrumb\",\"itemListElement\":[{\"@type\":\"ListItem\",\"position\":1,\"name\":\"Portada\",\"item\":\"https:\\\/\\\/diariofemenino.com.ar\\\/df\\\/\"},{\"@type\":\"ListItem\",\"position\":2,\"name\":\"El film \u00abMover (lo que no se ve)\u00bb en La Pampa\"}]},{\"@type\":\"WebSite\",\"@id\":\"https:\\\/\\\/diariofemenino.com.ar\\\/df\\\/#website\",\"url\":\"https:\\\/\\\/diariofemenino.com.ar\\\/df\\\/\",\"name\":\"Diario Digital Femenino\",\"description\":\"Cuesti\u00f3n de G\u00e9nero\",\"publisher\":{\"@id\":\"https:\\\/\\\/diariofemenino.com.ar\\\/df\\\/#organization\"},\"potentialAction\":[{\"@type\":\"SearchAction\",\"target\":{\"@type\":\"EntryPoint\",\"urlTemplate\":\"https:\\\/\\\/diariofemenino.com.ar\\\/df\\\/?s={search_term_string}\"},\"query-input\":{\"@type\":\"PropertyValueSpecification\",\"valueRequired\":true,\"valueName\":\"search_term_string\"}}],\"inLanguage\":\"es\"},{\"@type\":\"Organization\",\"@id\":\"https:\\\/\\\/diariofemenino.com.ar\\\/df\\\/#organization\",\"name\":\"Diario Femenino\",\"url\":\"https:\\\/\\\/diariofemenino.com.ar\\\/df\\\/\",\"logo\":{\"@type\":\"ImageObject\",\"inLanguage\":\"es\",\"@id\":\"https:\\\/\\\/diariofemenino.com.ar\\\/df\\\/#\\\/schema\\\/logo\\\/image\\\/\",\"url\":\"https:\\\/\\\/diariofemenino.com.ar\\\/df\\\/wp-content\\\/uploads\\\/2018\\\/10\\\/logo.png\",\"contentUrl\":\"https:\\\/\\\/diariofemenino.com.ar\\\/df\\\/wp-content\\\/uploads\\\/2018\\\/10\\\/logo.png\",\"width\":500,\"height\":92,\"caption\":\"Diario Femenino\"},\"image\":{\"@id\":\"https:\\\/\\\/diariofemenino.com.ar\\\/df\\\/#\\\/schema\\\/logo\\\/image\\\/\"},\"sameAs\":[\"https:\\\/\\\/www.facebook.com\\\/DiarioDigitaFemenino\\\/\",\"https:\\\/\\\/x.com\\\/DiarioFemenino1\"]},{\"@type\":\"Person\",\"@id\":\"https:\\\/\\\/diariofemenino.com.ar\\\/df\\\/#\\\/schema\\\/person\\\/bf6199e8158c657ea6f789b11ec85509\",\"name\":\"Admin\",\"image\":{\"@type\":\"ImageObject\",\"inLanguage\":\"es\",\"@id\":\"https:\\\/\\\/diariofemenino.com.ar\\\/df\\\/wp-content\\\/uploads\\\/2018\\\/12\\\/favicon-150x150.jpg\",\"url\":\"https:\\\/\\\/diariofemenino.com.ar\\\/df\\\/wp-content\\\/uploads\\\/2018\\\/12\\\/favicon-150x150.jpg\",\"contentUrl\":\"https:\\\/\\\/diariofemenino.com.ar\\\/df\\\/wp-content\\\/uploads\\\/2018\\\/12\\\/favicon-150x150.jpg\",\"caption\":\"Admin\"},\"url\":\"https:\\\/\\\/diariofemenino.com.ar\\\/df\\\/author\\\/lenny\\\/\"}]}<\/script>\n<!-- \/ Yoast SEO plugin. -->","yoast_head_json":{"title":"El film \u00abMover (lo que no se ve)\u00bb en La Pampa - Diario Digital Femenino","description":"El film","robots":{"index":"index","follow":"follow","max-snippet":"max-snippet:-1","max-image-preview":"max-image-preview:large","max-video-preview":"max-video-preview:-1"},"canonical":"https:\/\/diariofemenino.com.ar\/df\/el-film-mover-lo-que-no-se-ve-en-la-pampa\/","og_locale":"es_ES","og_type":"article","og_title":"El film \u00abMover (lo que no se ve)\u00bb en La Pampa - Diario Digital Femenino","og_description":"El film","og_url":"https:\/\/diariofemenino.com.ar\/df\/el-film-mover-lo-que-no-se-ve-en-la-pampa\/","og_site_name":"Diario Digital Femenino","article_publisher":"https:\/\/www.facebook.com\/DiarioDigitaFemenino\/","article_published_time":"2024-04-25T13:38:50+00:00","og_image":[{"width":1080,"height":1080,"url":"https:\/\/diariofemenino.com.ar\/df\/wp-content\/uploads\/2024\/04\/film-mover-lo-que-no-se-ve-proyeccion-2024-espacio-incaa-la-pampa.png","type":"image\/png"}],"author":"Admin","twitter_card":"summary_large_image","twitter_creator":"@DiarioFemenino1","twitter_site":"@DiarioFemenino1","twitter_misc":{"Escrito por":"Admin","Tiempo de lectura":"3 minutos"},"schema":{"@context":"https:\/\/schema.org","@graph":[{"@type":"Article","@id":"https:\/\/diariofemenino.com.ar\/df\/el-film-mover-lo-que-no-se-ve-en-la-pampa\/#article","isPartOf":{"@id":"https:\/\/diariofemenino.com.ar\/df\/el-film-mover-lo-que-no-se-ve-en-la-pampa\/"},"author":{"name":"Admin","@id":"https:\/\/diariofemenino.com.ar\/df\/#\/schema\/person\/bf6199e8158c657ea6f789b11ec85509"},"headline":"El film \u00abMover (lo que no se ve)\u00bb en La Pampa","datePublished":"2024-04-25T13:38:50+00:00","mainEntityOfPage":{"@id":"https:\/\/diariofemenino.com.ar\/df\/el-film-mover-lo-que-no-se-ve-en-la-pampa\/"},"wordCount":601,"commentCount":0,"publisher":{"@id":"https:\/\/diariofemenino.com.ar\/df\/#organization"},"image":{"@id":"https:\/\/diariofemenino.com.ar\/df\/el-film-mover-lo-que-no-se-ve-en-la-pampa\/#primaryimage"},"thumbnailUrl":"https:\/\/diariofemenino.com.ar\/df\/wp-content\/uploads\/2024\/04\/film-mover-lo-que-no-se-ve-proyeccion-2024-espacio-incaa-la-pampa.png","keywords":["bailarinas","Contexto","Documental","Espacio INCAA","Film","La Pampa","lo que no se ve","Mara Avila","Mover","Santa Rosa","Video"],"articleSection":["Actividades","Agenda Feminista","Art\u00edculos y Comunicados","Documentales y Pel\u00edculas","G\u00e9nero y Derechos Humanos","Historias de vida","Mujeres","Noticias","Salud","Videos"],"inLanguage":"es","potentialAction":[{"@type":"CommentAction","name":"Comment","target":["https:\/\/diariofemenino.com.ar\/df\/el-film-mover-lo-que-no-se-ve-en-la-pampa\/#respond"]}]},{"@type":"WebPage","@id":"https:\/\/diariofemenino.com.ar\/df\/el-film-mover-lo-que-no-se-ve-en-la-pampa\/","url":"https:\/\/diariofemenino.com.ar\/df\/el-film-mover-lo-que-no-se-ve-en-la-pampa\/","name":"El film \u00abMover (lo que no se ve)\u00bb en La Pampa - Diario Digital Femenino","isPartOf":{"@id":"https:\/\/diariofemenino.com.ar\/df\/#website"},"primaryImageOfPage":{"@id":"https:\/\/diariofemenino.com.ar\/df\/el-film-mover-lo-que-no-se-ve-en-la-pampa\/#primaryimage"},"image":{"@id":"https:\/\/diariofemenino.com.ar\/df\/el-film-mover-lo-que-no-se-ve-en-la-pampa\/#primaryimage"},"thumbnailUrl":"https:\/\/diariofemenino.com.ar\/df\/wp-content\/uploads\/2024\/04\/film-mover-lo-que-no-se-ve-proyeccion-2024-espacio-incaa-la-pampa.png","datePublished":"2024-04-25T13:38:50+00:00","description":"El film","breadcrumb":{"@id":"https:\/\/diariofemenino.com.ar\/df\/el-film-mover-lo-que-no-se-ve-en-la-pampa\/#breadcrumb"},"inLanguage":"es","potentialAction":[{"@type":"ReadAction","target":["https:\/\/diariofemenino.com.ar\/df\/el-film-mover-lo-que-no-se-ve-en-la-pampa\/"]}]},{"@type":"ImageObject","inLanguage":"es","@id":"https:\/\/diariofemenino.com.ar\/df\/el-film-mover-lo-que-no-se-ve-en-la-pampa\/#primaryimage","url":"https:\/\/diariofemenino.com.ar\/df\/wp-content\/uploads\/2024\/04\/film-mover-lo-que-no-se-ve-proyeccion-2024-espacio-incaa-la-pampa.png","contentUrl":"https:\/\/diariofemenino.com.ar\/df\/wp-content\/uploads\/2024\/04\/film-mover-lo-que-no-se-ve-proyeccion-2024-espacio-incaa-la-pampa.png","width":1080,"height":1080},{"@type":"BreadcrumbList","@id":"https:\/\/diariofemenino.com.ar\/df\/el-film-mover-lo-que-no-se-ve-en-la-pampa\/#breadcrumb","itemListElement":[{"@type":"ListItem","position":1,"name":"Portada","item":"https:\/\/diariofemenino.com.ar\/df\/"},{"@type":"ListItem","position":2,"name":"El film \u00abMover (lo que no se ve)\u00bb en La Pampa"}]},{"@type":"WebSite","@id":"https:\/\/diariofemenino.com.ar\/df\/#website","url":"https:\/\/diariofemenino.com.ar\/df\/","name":"Diario Digital Femenino","description":"Cuesti\u00f3n de G\u00e9nero","publisher":{"@id":"https:\/\/diariofemenino.com.ar\/df\/#organization"},"potentialAction":[{"@type":"SearchAction","target":{"@type":"EntryPoint","urlTemplate":"https:\/\/diariofemenino.com.ar\/df\/?s={search_term_string}"},"query-input":{"@type":"PropertyValueSpecification","valueRequired":true,"valueName":"search_term_string"}}],"inLanguage":"es"},{"@type":"Organization","@id":"https:\/\/diariofemenino.com.ar\/df\/#organization","name":"Diario Femenino","url":"https:\/\/diariofemenino.com.ar\/df\/","logo":{"@type":"ImageObject","inLanguage":"es","@id":"https:\/\/diariofemenino.com.ar\/df\/#\/schema\/logo\/image\/","url":"https:\/\/diariofemenino.com.ar\/df\/wp-content\/uploads\/2018\/10\/logo.png","contentUrl":"https:\/\/diariofemenino.com.ar\/df\/wp-content\/uploads\/2018\/10\/logo.png","width":500,"height":92,"caption":"Diario Femenino"},"image":{"@id":"https:\/\/diariofemenino.com.ar\/df\/#\/schema\/logo\/image\/"},"sameAs":["https:\/\/www.facebook.com\/DiarioDigitaFemenino\/","https:\/\/x.com\/DiarioFemenino1"]},{"@type":"Person","@id":"https:\/\/diariofemenino.com.ar\/df\/#\/schema\/person\/bf6199e8158c657ea6f789b11ec85509","name":"Admin","image":{"@type":"ImageObject","inLanguage":"es","@id":"https:\/\/diariofemenino.com.ar\/df\/wp-content\/uploads\/2018\/12\/favicon-150x150.jpg","url":"https:\/\/diariofemenino.com.ar\/df\/wp-content\/uploads\/2018\/12\/favicon-150x150.jpg","contentUrl":"https:\/\/diariofemenino.com.ar\/df\/wp-content\/uploads\/2018\/12\/favicon-150x150.jpg","caption":"Admin"},"url":"https:\/\/diariofemenino.com.ar\/df\/author\/lenny\/"}]}},"jetpack_featured_media_url":"https:\/\/diariofemenino.com.ar\/df\/wp-content\/uploads\/2024\/04\/film-mover-lo-que-no-se-ve-proyeccion-2024-espacio-incaa-la-pampa.png","jetpack_sharing_enabled":true,"rttpg_featured_image_url":{"full":["https:\/\/diariofemenino.com.ar\/df\/wp-content\/uploads\/2024\/04\/film-mover-lo-que-no-se-ve-proyeccion-2024-espacio-incaa-la-pampa.png",1080,1080,false],"landscape":["https:\/\/diariofemenino.com.ar\/df\/wp-content\/uploads\/2024\/04\/film-mover-lo-que-no-se-ve-proyeccion-2024-espacio-incaa-la-pampa.png",1080,1080,false],"portraits":["https:\/\/diariofemenino.com.ar\/df\/wp-content\/uploads\/2024\/04\/film-mover-lo-que-no-se-ve-proyeccion-2024-espacio-incaa-la-pampa.png",1080,1080,false],"thumbnail":["https:\/\/diariofemenino.com.ar\/df\/wp-content\/uploads\/2024\/04\/film-mover-lo-que-no-se-ve-proyeccion-2024-espacio-incaa-la-pampa-150x150.png",150,150,true],"medium":["https:\/\/diariofemenino.com.ar\/df\/wp-content\/uploads\/2024\/04\/film-mover-lo-que-no-se-ve-proyeccion-2024-espacio-incaa-la-pampa-300x300.png",300,300,true],"large":["https:\/\/diariofemenino.com.ar\/df\/wp-content\/uploads\/2024\/04\/film-mover-lo-que-no-se-ve-proyeccion-2024-espacio-incaa-la-pampa-1024x1024.png",1024,1024,true],"1536x1536":["https:\/\/diariofemenino.com.ar\/df\/wp-content\/uploads\/2024\/04\/film-mover-lo-que-no-se-ve-proyeccion-2024-espacio-incaa-la-pampa.png",1080,1080,false],"2048x2048":["https:\/\/diariofemenino.com.ar\/df\/wp-content\/uploads\/2024\/04\/film-mover-lo-que-no-se-ve-proyeccion-2024-espacio-incaa-la-pampa.png",1080,1080,false]},"rttpg_author":{"display_name":"Admin","author_link":"https:\/\/diariofemenino.com.ar\/df\/author\/lenny\/"},"rttpg_comment":0,"rttpg_category":"<a href=\"https:\/\/diariofemenino.com.ar\/df\/category\/actividades\/\" rel=\"category tag\">Actividades<\/a> <a href=\"https:\/\/diariofemenino.com.ar\/df\/category\/agenda-feminista\/\" rel=\"category tag\">Agenda Feminista<\/a> <a href=\"https:\/\/diariofemenino.com.ar\/df\/category\/articulos-y-comunicados\/\" rel=\"category tag\">Art\u00edculos y Comunicados<\/a> <a href=\"https:\/\/diariofemenino.com.ar\/df\/category\/documentales-y-peliculas\/\" rel=\"category tag\">Documentales y Pel\u00edculas<\/a> <a href=\"https:\/\/diariofemenino.com.ar\/df\/category\/genero-y-derechos-humanos\/\" rel=\"category tag\">G\u00e9nero y Derechos Humanos<\/a> <a href=\"https:\/\/diariofemenino.com.ar\/df\/category\/historias-de-vida\/\" rel=\"category tag\">Historias de vida<\/a> <a href=\"https:\/\/diariofemenino.com.ar\/df\/category\/mujeres\/\" rel=\"category tag\">Mujeres<\/a> <a href=\"https:\/\/diariofemenino.com.ar\/df\/category\/noticias\/\" rel=\"category tag\">Noticias<\/a> <a href=\"https:\/\/diariofemenino.com.ar\/df\/category\/salud\/\" rel=\"category tag\">Salud<\/a> <a href=\"https:\/\/diariofemenino.com.ar\/df\/category\/videos\/\" rel=\"category tag\">Videos<\/a>","rttpg_excerpt":"El documental \u00abMover (lo que no se ve)\u00bb se proyectar\u00e1 el jueves 25 y el domingo 28 de abril a las 19:30 horas en el Espacio INCAA Auditorio Bustriazo Ort\u00edz, ubicado en Quintana 172, Santa Rosa, La Pampa. El film, estrenado en enero en el cine Gaumont de CABA, relata la experiencia de tres bailarinas&hellip;","_links":{"self":[{"href":"https:\/\/diariofemenino.com.ar\/df\/wp-json\/wp\/v2\/posts\/72712","targetHints":{"allow":["GET"]}}],"collection":[{"href":"https:\/\/diariofemenino.com.ar\/df\/wp-json\/wp\/v2\/posts"}],"about":[{"href":"https:\/\/diariofemenino.com.ar\/df\/wp-json\/wp\/v2\/types\/post"}],"author":[{"embeddable":true,"href":"https:\/\/diariofemenino.com.ar\/df\/wp-json\/wp\/v2\/users\/4"}],"replies":[{"embeddable":true,"href":"https:\/\/diariofemenino.com.ar\/df\/wp-json\/wp\/v2\/comments?post=72712"}],"version-history":[{"count":0,"href":"https:\/\/diariofemenino.com.ar\/df\/wp-json\/wp\/v2\/posts\/72712\/revisions"}],"wp:featuredmedia":[{"embeddable":true,"href":"https:\/\/diariofemenino.com.ar\/df\/wp-json\/wp\/v2\/media\/72713"}],"wp:attachment":[{"href":"https:\/\/diariofemenino.com.ar\/df\/wp-json\/wp\/v2\/media?parent=72712"}],"wp:term":[{"taxonomy":"category","embeddable":true,"href":"https:\/\/diariofemenino.com.ar\/df\/wp-json\/wp\/v2\/categories?post=72712"},{"taxonomy":"post_tag","embeddable":true,"href":"https:\/\/diariofemenino.com.ar\/df\/wp-json\/wp\/v2\/tags?post=72712"}],"curies":[{"name":"wp","href":"https:\/\/api.w.org\/{rel}","templated":true}]}}