{"id":72681,"date":"2024-04-22T11:56:15","date_gmt":"2024-04-22T14:56:15","guid":{"rendered":"https:\/\/diariofemenino.com.ar\/df\/?p=72681"},"modified":"2024-04-22T11:59:48","modified_gmt":"2024-04-22T14:59:48","slug":"lograr-la-igualdad-entre-los-generos","status":"publish","type":"post","link":"https:\/\/diariofemenino.com.ar\/df\/lograr-la-igualdad-entre-los-generos\/","title":{"rendered":"Lograr la igualdad entre los g\u00e9neros y empoderar a todas las mujeres y las ni\u00f1as"},"content":{"rendered":"<p style=\"text-align: center;\"><strong>Lograr la igualdad entre los g\u00e9neros <\/strong><br \/>\n<strong>y empoderar a todas las mujeres y las ni\u00f1as<\/strong><\/p>\n<p>La frase corresponde al recorte 2023, Objetivo 5<a href=\"#_ftn1\" name=\"_ftnref1\">[1]<\/a> de la Agenda 2030 para el desarrollo sostenible. Esta Agenda\u00a0tiene como objetivos erradicar la pobreza extrema y el hambre, combatir la desigualdad y el cambio clim\u00e1tico, asegurar la igualdad de g\u00e9nero y los derechos humanos de las mujeres y garantizar el acceso universal a servicios de salud y educaci\u00f3n de calidad, entre otros.<\/p>\n<p>Representa un consenso multilateral entre gobiernos y actores diversos, capaz de tornar compatibles las pol\u00edticas nacionales a favor del empleo con derechos y el desarrollo con la expansi\u00f3n del comercio internacional y la prevenci\u00f3n de conflictos.<\/p>\n<p>En ese marco, \u00abla Argentina se compromete a movilizar los medios necesarios para cumplir con los objetivos econ\u00f3micos, sociales y ambientales de la Agenda cuya meta es mejorar las condiciones de vida para los pr\u00f3ximos 15 a\u00f1os.<\/p>\n<p>La Argentina se encuentra plenamente comprometida con la implementaci\u00f3n de la Agenda 2030 para el Desarrollo Sostenible, el compromiso m\u00e1s ambicioso en materia de desarrollo desde los inicios de la Organizaci\u00f3n de las Naciones Unidas\u00bb<a href=\"#_ftn2\" name=\"_ftnref2\">[2]<\/a>.<\/p>\n<figure id=\"attachment_72685\" aria-describedby=\"caption-attachment-72685\" style=\"width: 436px\" class=\"wp-caption aligncenter\"><img loading=\"lazy\" decoding=\"async\" class=\" wp-image-72685\" src=\"https:\/\/diariofemenino.com.ar\/df\/wp-content\/uploads\/2024\/04\/Desarrollo_sostenible.jpg\" alt=\"Lograr la igualdad entre los g\u00e9neros y empoderar a todas las mujeres y las ni\u00f1as\" width=\"436\" height=\"436\" srcset=\"https:\/\/diariofemenino.com.ar\/df\/wp-content\/uploads\/2024\/04\/Desarrollo_sostenible.jpg 750w, https:\/\/diariofemenino.com.ar\/df\/wp-content\/uploads\/2024\/04\/Desarrollo_sostenible-300x300.jpg 300w, https:\/\/diariofemenino.com.ar\/df\/wp-content\/uploads\/2024\/04\/Desarrollo_sostenible-150x150.jpg 150w\" sizes=\"auto, (max-width: 436px) 100vw, 436px\" \/><figcaption id=\"caption-attachment-72685\" class=\"wp-caption-text\">Lograr la igualdad entre los g\u00e9neros y empoderar a todas las mujeres y las ni\u00f1as<\/figcaption><\/figure>\n<p>La igualdad de g\u00e9nero no solo es un derecho humano fundamental, sino que es uno de los fundamentos esenciales para construir un mundo pac\u00edfico, pr\u00f3spero y sostenible. Se han conseguido algunos avances durante las \u00faltimas d\u00e9cadas, pero el mundo est\u00e1 lejos de alcanzar la igualdad de g\u00e9nero para 2030.<br \/>\nLas mujeres y ni\u00f1as constituyen la mitad de la poblaci\u00f3n mundial y, por tanto, tambi\u00e9n la mitad de su potencial. Pero la desigualdad de g\u00e9nero prevalece y estanca el progreso social.<br \/>\nDe media, las mujeres ganan un 23\u00a0% menos que los hombres en el mercado laboral mundial y dedican el triple de horas al trabajo dom\u00e9stico y de cuidados no remunerado que los hombres.<br \/>\nLa violencia y la explotaci\u00f3n sexuales, el reparto desigual del trabajo dom\u00e9stico y de cuidados no remunerado y la discriminaci\u00f3n en los cargos p\u00fablicos siguen suponiendo enormes obst\u00e1culos. Todas estas desigualdades se han visto agravadas por la pandemia de la COVID-19: han aumentado las denuncias por violencia sexual, las mujeres han asumido m\u00e1s trabajo de cuidados debido al cierre de escuelas, y el 70\u00a0% del personal sanitario y social del mundo son mujeres.<br \/>\nAl ritmo actual, se calcula que se tardar\u00e1 300 a\u00f1os en acabar con el matrimonio infantil, 286 a\u00f1os en subsanar las lagunas de protecci\u00f3n jur\u00eddica y eliminar las leyes discriminatorias, 140 a\u00f1os en que las mujeres est\u00e9n representadas en pie de igualdad en puestos de poder y liderazgo en el lugar de trabajo y 47 a\u00f1os en lograr la igualdad de representaci\u00f3n en los parlamentos nacionales.<br \/>\nEs necesario un liderazgo pol\u00edtico, unas inversiones y unas reformas pol\u00edticas integrales para desmantelar las barreras sist\u00e9micas que impiden alcanzar el Objetivo 5. La igualdad de g\u00e9nero es un objetivo transversal y debe ser un elemento clave en las pol\u00edticas, presupuestos e instituciones nacionales.<\/p>\n<p style=\"font-weight: var(--h3_typography-font-weight);\" data-fontsize=\"20.8\" data-lineheight=\"22.88px\"><strong>\u00bfCu\u00e1nto hemos avanzado?<\/strong><\/p>\n<p>Gracias a los compromisos internacionales para promover la igualdad de g\u00e9nero se ha avanzado en algunos \u00e1mbitos: los casos de matrimonio infantil y mutilaci\u00f3n genital femenina (MGF) han disminuido en los \u00faltimos a\u00f1os, y la representaci\u00f3n de la mujer en la esfera pol\u00edtica es mayor que nunca. A\u00fan as\u00ed, sigue sin cumplirse la promesa de un mundo en el que todas las mujeres y ni\u00f1as disfruten de plena igualdad de g\u00e9nero y en el que se hayan eliminado todas las barreras jur\u00eddicas, sociales y econ\u00f3micas que impiden su empoderamiento. De hecho, ese objetivo est\u00e1 probablemente a\u00fan m\u00e1s lejano que antes, ya que las mujeres y ni\u00f1as est\u00e1n siendo duramente castigadas por la pandemia de la COVID-19.<\/p>\n<p style=\"font-weight: var(--h3_typography-font-weight);\" data-fontsize=\"20.8\" data-lineheight=\"22.88px\"><strong>\u00bfExisten otros desaf\u00edos relacionados con la igualdad de g\u00e9nero?<\/strong><\/p>\n<p>S\u00ed. En todo el mundo, casi la mitad de las mujeres casadas no tienen poder de decisi\u00f3n sobre su salud y sus derechos sexuales y reproductivos. El 35 % de las mujeres entre 15 y 49 a\u00f1os hab\u00edan sido v\u00edctimas de violencia f\u00edsica o sexual por parte de su pareja o por una persona que no era su pareja. 1 de cada 3 ni\u00f1as de entre 15 y 19 a\u00f1os ha sufrido alg\u00fan tipo de mutilaci\u00f3n genital femenina o ablaci\u00f3n en los 30 pa\u00edses de \u00c1frica y Oriente Medio, donde esta peligrosa pr\u00e1ctica es m\u00e1s com\u00fan, y que conlleva un alto riesgo de hemorragias prolongadas, infecciones (incluido el VIH), complicaciones en el parto, infertilidad y muerte.<br \/>\nEste tipo de violencia no solo perjudica a las mujeres y ni\u00f1as a t\u00edtulo individual, sino que tambi\u00e9n deteriora su calidad de vida en general y obstaculiza su participaci\u00f3n activa en la sociedad.<\/p>\n<p style=\"font-weight: var(--h3_typography-font-weight);\" data-fontsize=\"20.8\" data-lineheight=\"22.88px\"><strong>\u00bfPor qu\u00e9 deber\u00eda importarme la igualdad de g\u00e9nero?<\/strong><\/p>\n<p>La igualdad de g\u00e9nero es un derecho humano fundamental, independientemente del pa\u00eds de residencia. Avanzar en la igualdad de g\u00e9nero es fundamental para crear una sociedad sana en todos sus \u00e1mbitos, desde la reducci\u00f3n de la pobreza hasta la promoci\u00f3n de la salud, la educaci\u00f3n, la protecci\u00f3n y el bienestar de ni\u00f1as y ni\u00f1os.<\/p>\n<p style=\"font-weight: var(--h3_typography-font-weight);\" data-fontsize=\"20.8\" data-lineheight=\"22.88px\"><strong>\u00bfQu\u00e9 podemos hacer?<\/strong><\/p>\n<p>Si eres una ni\u00f1a, debes seguir estudiando, ayudar a tus compa\u00f1eras a hacer lo mismo, y luchar por tu derecho a acceder a los servicios adecuados de salud sexual y reproductiva. Si eres una mujer, debes hacer frente a los prejuicios inconscientes y al sesgo de g\u00e9nero impl\u00edcito que crean una barrera involuntaria y a menudo invisible para la igualdad de oportunidades.<br \/>\nSi eres un hombre o un ni\u00f1o, debes acompa\u00f1ar a las mujeres y las ni\u00f1as en la consecuci\u00f3n de la igualdad de g\u00e9nero y el fomento de unas relaciones sanas y respetuosas.<br \/>\nPuedes contribuir a financiar campa\u00f1as educativas para frenar pr\u00e1cticas culturales como la mutilaci\u00f3n genital femenina y cambiar leyes perjudiciales que limitan los derechos de mujeres y ni\u00f1as y les impiden desarrollar todo su potencial.<br \/>\n<a href=\"https:\/\/www.spotlightinitiative.org\/\">La Iniciativa Spotlight<\/a>\u00a0es una campa\u00f1a conjunta de la Uni\u00f3n Europea y las Naciones Unidas, de car\u00e1cter mundial y plurianual, orientada a eliminar todas las formas de violencia contra las mujeres y las ni\u00f1as, y que supone el principal esfuerzo del mundo orientado a poner fin a todas las formas de violencia contra las mujeres y ni\u00f1as.<\/p>\n<p><strong>Metas del objetivo 5<\/strong><\/p>\n<ul>\n<li>A falta de solo siete a\u00f1os, apenas el 15,4 % de los indicadores del Objetivo 5 de los que se disponen datos van \u00abpor buen camino\u00bb, el 61,5 % se encuentra a una distancia moderada y el 23,1 % est\u00e1 lejos o muy lejos de las metas para 2030.<\/li>\n<li>En muchos \u00e1mbitos, los avances han sido demasiado lentos. Al ritmo actual, se calcula que se tardar\u00e1 300 a\u00f1os en acabar con el matrimonio infantil, 286 a\u00f1os en subsanar las lagunas de protecci\u00f3n jur\u00eddica y eliminar las leyes discriminatorias, 140 a\u00f1os en que las mujeres est\u00e9n representadas en pie de igualdad en puestos de poder y liderazgo en el lugar de trabajo y 47 a\u00f1os en lograr la igualdad de representaci\u00f3n en los parlamentos nacionales.<\/li>\n<li>Es necesario un liderazgo pol\u00edtico, unas inversiones y unas reformas pol\u00edticas integrales para desmantelar las barreras sist\u00e9micas que impiden alcanzar el Objetivo 5. La igualdad de g\u00e9nero es un objetivo transversal y debe ser un elemento clave en las pol\u00edticas, presupuestos e instituciones nacionales.<\/li>\n<li>Alrededor de 2400 millones de mujeres en edad laboral no tienen las mismas oportunidades econ\u00f3micas. A nivel mundial, casi 2400 millones de mujeres no tienen los mismos derechos econ\u00f3micos que los hombres<\/li>\n<li>178 pa\u00edses contin\u00faan estableciendo barreras jur\u00eddicas que impiden la plena participaci\u00f3n econ\u00f3mica de las mujeres. A nivel mundial, casi 2400 millones de mujeres no tienen los mismos derechos econ\u00f3micos que los hombres<\/li>\n<li>En 2019, una de cada cinco mujeres, con edades comprendidas entre los 20 y los 24 a\u00f1os, se cas\u00f3 antes de cumplir 18 a\u00f1os.\u00a0<a href=\"https:\/\/violenceagainstchildren.un.org\/es\/content\/las-ni%C3%B1as\">Las ni\u00f1as (Representante especial del secretario general de la ONU sobre la violencia contra los ni\u00f1os)<\/a>.<\/li>\n<\/ul>\n<figure id=\"attachment_72683\" aria-describedby=\"caption-attachment-72683\" style=\"width: 623px\" class=\"wp-caption aligncenter\"><img loading=\"lazy\" decoding=\"async\" class=\" wp-image-72683\" src=\"https:\/\/diariofemenino.com.ar\/df\/wp-content\/uploads\/2024\/04\/SDG_wheel-1024x512.png\" alt=\"Lograr la igualdad entre los g\u00e9neros y empoderar a todas las mujeres y las ni\u00f1as\" width=\"623\" height=\"312\" srcset=\"https:\/\/diariofemenino.com.ar\/df\/wp-content\/uploads\/2024\/04\/SDG_wheel-1024x512.png 1024w, https:\/\/diariofemenino.com.ar\/df\/wp-content\/uploads\/2024\/04\/SDG_wheel-300x150.png 300w, https:\/\/diariofemenino.com.ar\/df\/wp-content\/uploads\/2024\/04\/SDG_wheel-768x384.png 768w, https:\/\/diariofemenino.com.ar\/df\/wp-content\/uploads\/2024\/04\/SDG_wheel.png 1140w\" sizes=\"auto, (max-width: 623px) 100vw, 623px\" \/><figcaption id=\"caption-attachment-72683\" class=\"wp-caption-text\">Lograr la igualdad entre los g\u00e9neros y empoderar a todas las mujeres y las ni\u00f1as<\/figcaption><\/figure>\n<p><a href=\"#_ftnref1\" name=\"_ftn1\">[1]<\/a> https:\/\/www.un.org\/sustainabledevelopment\/es\/gender-equality\/<\/p>\n<p><a href=\"#_ftnref2\" name=\"_ftn2\">[2]<\/a> . https:\/\/cancilleria.gob.ar\/es\/actualidad\/boletin\/la-agenda-2030-para-el-desarrollo-sostenible-una-apuesta-nacional<\/p>\n<p>Fuente:\u00a0<strong><a href=\"https:\/\/unstats.un.org\/sdgs\/report\/2023\/The-Sustainable-Development-Goals-Report-2023_Spanish.pdf\">Informe sobre los ODS 2023<\/a><\/strong><\/p>\n<blockquote><p>Seguinos en Instagram\u00a0<a href=\"https:\/\/www.instagram.com\/diariodigitalfemenino_\/\">@diariodigitalfemenino_<\/a><br \/>\n<a href=\"https:\/\/www.instagram.com\/lennycaceres69\/\">@lennycaceres69<\/a><\/p><\/blockquote>\n","protected":false},"excerpt":{"rendered":"<p>Lograr la igualdad entre los g\u00e9neros y empoderar a todas las mujeres y las ni\u00f1as La frase corresponde al recorte 2023, Objetivo 5[1] de la Agenda 2030 para el desarrollo sostenible. Esta Agenda\u00a0tiene como objetivos erradicar la pobreza extrema y el hambre, combatir la desigualdad y el cambio clim\u00e1tico, asegurar la igualdad de g\u00e9nero y [&hellip;]<\/p>\n","protected":false},"author":4,"featured_media":72684,"comment_status":"open","ping_status":"open","sticky":false,"template":"","format":"standard","meta":{"iawp_total_views":74,"footnotes":""},"categories":[22,7,1067,178,19,627,78,182],"tags":[2107,4372,1177,69,1633,130,54],"class_list":["post-72681","post","type-post","status-publish","format-standard","has-post-thumbnail","hentry","category-aborto","category-actividades","category-agenda-feminista","category-articulos-y-comunicados","category-biblioteca","category-genero-y-derechos-humanos","category-guias","category-informes","tag-datos","tag-destacada","tag-herramientas","tag-igualdad-de-genero","tag-informe","tag-mujeres","tag-ninas"],"nelio_content":{"autoShareEndMode":"never","automationSources":{"useCustomSentences":false,"customSentences":[]},"efiAlt":"","efiUrl":"","followers":[4],"highlights":[],"isAutoShareEnabled":true,"networkImageIds":[],"permalinkQueryArgs":[],"series":[],"suggestedReferences":[]},"yoast_head":"<!-- This site is optimized with the Yoast SEO plugin v27.5 - https:\/\/yoast.com\/product\/yoast-seo-wordpress\/ -->\n<title>Lograr la igualdad entre los g\u00e9neros y empoderar a todas las mujeres y las ni\u00f1as - Diario Digital Femenino<\/title>\n<meta name=\"description\" content=\"Lograr la igualdad entre los g\u00e9neros. La frase corresponde al recorte 2023, Objetivo 5 de la Agenda 2030 para el Desarrollo Sostenible.\" \/>\n<meta name=\"robots\" content=\"index, follow, max-snippet:-1, max-image-preview:large, max-video-preview:-1\" \/>\n<link rel=\"canonical\" href=\"https:\/\/diariofemenino.com.ar\/df\/lograr-la-igualdad-entre-los-generos\/\" \/>\n<meta property=\"og:locale\" content=\"es_ES\" \/>\n<meta property=\"og:type\" content=\"article\" \/>\n<meta property=\"og:title\" content=\"Lograr la igualdad entre los g\u00e9neros y empoderar a todas las mujeres y las ni\u00f1as - Diario Digital Femenino\" \/>\n<meta property=\"og:description\" content=\"Lograr la igualdad entre los g\u00e9neros. La frase corresponde al recorte 2023, Objetivo 5 de la Agenda 2030 para el Desarrollo Sostenible.\" \/>\n<meta property=\"og:url\" content=\"https:\/\/diariofemenino.com.ar\/df\/lograr-la-igualdad-entre-los-generos\/\" \/>\n<meta property=\"og:site_name\" content=\"Diario Digital Femenino\" \/>\n<meta property=\"article:publisher\" content=\"https:\/\/www.facebook.com\/DiarioDigitaFemenino\/\" \/>\n<meta property=\"article:published_time\" content=\"2024-04-22T14:56:15+00:00\" \/>\n<meta property=\"article:modified_time\" content=\"2024-04-22T14:59:48+00:00\" \/>\n<meta property=\"og:image\" content=\"https:\/\/diariofemenino.com.ar\/df\/wp-content\/uploads\/2024\/04\/Pilares-desarrollo-sostenible.png\" \/>\n\t<meta property=\"og:image:width\" content=\"589\" \/>\n\t<meta property=\"og:image:height\" content=\"524\" \/>\n\t<meta property=\"og:image:type\" content=\"image\/png\" \/>\n<meta name=\"author\" content=\"Admin\" \/>\n<meta name=\"twitter:card\" content=\"summary_large_image\" \/>\n<meta name=\"twitter:creator\" content=\"@DiarioFemenino1\" \/>\n<meta name=\"twitter:site\" content=\"@DiarioFemenino1\" \/>\n<meta name=\"twitter:label1\" content=\"Escrito por\" \/>\n\t<meta name=\"twitter:data1\" content=\"Admin\" \/>\n\t<meta name=\"twitter:label2\" content=\"Tiempo de lectura\" \/>\n\t<meta name=\"twitter:data2\" content=\"7 minutos\" \/>\n<script type=\"application\/ld+json\" class=\"yoast-schema-graph\">{\"@context\":\"https:\\\/\\\/schema.org\",\"@graph\":[{\"@type\":\"Article\",\"@id\":\"https:\\\/\\\/diariofemenino.com.ar\\\/df\\\/lograr-la-igualdad-entre-los-generos\\\/#article\",\"isPartOf\":{\"@id\":\"https:\\\/\\\/diariofemenino.com.ar\\\/df\\\/lograr-la-igualdad-entre-los-generos\\\/\"},\"author\":{\"name\":\"Admin\",\"@id\":\"https:\\\/\\\/diariofemenino.com.ar\\\/df\\\/#\\\/schema\\\/person\\\/bf6199e8158c657ea6f789b11ec85509\"},\"headline\":\"Lograr la igualdad entre los g\u00e9neros y empoderar a todas las mujeres y las ni\u00f1as\",\"datePublished\":\"2024-04-22T14:56:15+00:00\",\"dateModified\":\"2024-04-22T14:59:48+00:00\",\"mainEntityOfPage\":{\"@id\":\"https:\\\/\\\/diariofemenino.com.ar\\\/df\\\/lograr-la-igualdad-entre-los-generos\\\/\"},\"wordCount\":1464,\"commentCount\":0,\"publisher\":{\"@id\":\"https:\\\/\\\/diariofemenino.com.ar\\\/df\\\/#organization\"},\"image\":{\"@id\":\"https:\\\/\\\/diariofemenino.com.ar\\\/df\\\/lograr-la-igualdad-entre-los-generos\\\/#primaryimage\"},\"thumbnailUrl\":\"https:\\\/\\\/diariofemenino.com.ar\\\/df\\\/wp-content\\\/uploads\\\/2024\\\/04\\\/Pilares-desarrollo-sostenible.png\",\"keywords\":[\"Datos\",\"Destacada\",\"Herramientas\",\"Igualdad de G\u00e9nero\",\"Informe\",\"Mujeres\",\"Ni\u00f1as\"],\"articleSection\":[\"Aborto\",\"Actividades\",\"Agenda Feminista\",\"Art\u00edculos y Comunicados\",\"Biblioteca Virtual\",\"G\u00e9nero y Derechos Humanos\",\"Gu\u00edas\",\"Informes\"],\"inLanguage\":\"es\",\"potentialAction\":[{\"@type\":\"CommentAction\",\"name\":\"Comment\",\"target\":[\"https:\\\/\\\/diariofemenino.com.ar\\\/df\\\/lograr-la-igualdad-entre-los-generos\\\/#respond\"]}]},{\"@type\":\"WebPage\",\"@id\":\"https:\\\/\\\/diariofemenino.com.ar\\\/df\\\/lograr-la-igualdad-entre-los-generos\\\/\",\"url\":\"https:\\\/\\\/diariofemenino.com.ar\\\/df\\\/lograr-la-igualdad-entre-los-generos\\\/\",\"name\":\"Lograr la igualdad entre los g\u00e9neros y empoderar a todas las mujeres y las ni\u00f1as - Diario Digital Femenino\",\"isPartOf\":{\"@id\":\"https:\\\/\\\/diariofemenino.com.ar\\\/df\\\/#website\"},\"primaryImageOfPage\":{\"@id\":\"https:\\\/\\\/diariofemenino.com.ar\\\/df\\\/lograr-la-igualdad-entre-los-generos\\\/#primaryimage\"},\"image\":{\"@id\":\"https:\\\/\\\/diariofemenino.com.ar\\\/df\\\/lograr-la-igualdad-entre-los-generos\\\/#primaryimage\"},\"thumbnailUrl\":\"https:\\\/\\\/diariofemenino.com.ar\\\/df\\\/wp-content\\\/uploads\\\/2024\\\/04\\\/Pilares-desarrollo-sostenible.png\",\"datePublished\":\"2024-04-22T14:56:15+00:00\",\"dateModified\":\"2024-04-22T14:59:48+00:00\",\"description\":\"Lograr la igualdad entre los g\u00e9neros. La frase corresponde al recorte 2023, Objetivo 5 de la Agenda 2030 para el Desarrollo Sostenible.\",\"breadcrumb\":{\"@id\":\"https:\\\/\\\/diariofemenino.com.ar\\\/df\\\/lograr-la-igualdad-entre-los-generos\\\/#breadcrumb\"},\"inLanguage\":\"es\",\"potentialAction\":[{\"@type\":\"ReadAction\",\"target\":[\"https:\\\/\\\/diariofemenino.com.ar\\\/df\\\/lograr-la-igualdad-entre-los-generos\\\/\"]}]},{\"@type\":\"ImageObject\",\"inLanguage\":\"es\",\"@id\":\"https:\\\/\\\/diariofemenino.com.ar\\\/df\\\/lograr-la-igualdad-entre-los-generos\\\/#primaryimage\",\"url\":\"https:\\\/\\\/diariofemenino.com.ar\\\/df\\\/wp-content\\\/uploads\\\/2024\\\/04\\\/Pilares-desarrollo-sostenible.png\",\"contentUrl\":\"https:\\\/\\\/diariofemenino.com.ar\\\/df\\\/wp-content\\\/uploads\\\/2024\\\/04\\\/Pilares-desarrollo-sostenible.png\",\"width\":589,\"height\":524,\"caption\":\"Lograr la igualdad entre los g\u00e9neros y empoderar a todas las mujeres y las ni\u00f1as\"},{\"@type\":\"BreadcrumbList\",\"@id\":\"https:\\\/\\\/diariofemenino.com.ar\\\/df\\\/lograr-la-igualdad-entre-los-generos\\\/#breadcrumb\",\"itemListElement\":[{\"@type\":\"ListItem\",\"position\":1,\"name\":\"Portada\",\"item\":\"https:\\\/\\\/diariofemenino.com.ar\\\/df\\\/\"},{\"@type\":\"ListItem\",\"position\":2,\"name\":\"Lograr la igualdad entre los g\u00e9neros y empoderar a todas las mujeres y las ni\u00f1as\"}]},{\"@type\":\"WebSite\",\"@id\":\"https:\\\/\\\/diariofemenino.com.ar\\\/df\\\/#website\",\"url\":\"https:\\\/\\\/diariofemenino.com.ar\\\/df\\\/\",\"name\":\"Diario Digital Femenino\",\"description\":\"Cuesti\u00f3n de G\u00e9nero\",\"publisher\":{\"@id\":\"https:\\\/\\\/diariofemenino.com.ar\\\/df\\\/#organization\"},\"potentialAction\":[{\"@type\":\"SearchAction\",\"target\":{\"@type\":\"EntryPoint\",\"urlTemplate\":\"https:\\\/\\\/diariofemenino.com.ar\\\/df\\\/?s={search_term_string}\"},\"query-input\":{\"@type\":\"PropertyValueSpecification\",\"valueRequired\":true,\"valueName\":\"search_term_string\"}}],\"inLanguage\":\"es\"},{\"@type\":\"Organization\",\"@id\":\"https:\\\/\\\/diariofemenino.com.ar\\\/df\\\/#organization\",\"name\":\"Diario Femenino\",\"url\":\"https:\\\/\\\/diariofemenino.com.ar\\\/df\\\/\",\"logo\":{\"@type\":\"ImageObject\",\"inLanguage\":\"es\",\"@id\":\"https:\\\/\\\/diariofemenino.com.ar\\\/df\\\/#\\\/schema\\\/logo\\\/image\\\/\",\"url\":\"https:\\\/\\\/diariofemenino.com.ar\\\/df\\\/wp-content\\\/uploads\\\/2018\\\/10\\\/logo.png\",\"contentUrl\":\"https:\\\/\\\/diariofemenino.com.ar\\\/df\\\/wp-content\\\/uploads\\\/2018\\\/10\\\/logo.png\",\"width\":500,\"height\":92,\"caption\":\"Diario Femenino\"},\"image\":{\"@id\":\"https:\\\/\\\/diariofemenino.com.ar\\\/df\\\/#\\\/schema\\\/logo\\\/image\\\/\"},\"sameAs\":[\"https:\\\/\\\/www.facebook.com\\\/DiarioDigitaFemenino\\\/\",\"https:\\\/\\\/x.com\\\/DiarioFemenino1\"]},{\"@type\":\"Person\",\"@id\":\"https:\\\/\\\/diariofemenino.com.ar\\\/df\\\/#\\\/schema\\\/person\\\/bf6199e8158c657ea6f789b11ec85509\",\"name\":\"Admin\",\"image\":{\"@type\":\"ImageObject\",\"inLanguage\":\"es\",\"@id\":\"https:\\\/\\\/diariofemenino.com.ar\\\/df\\\/wp-content\\\/uploads\\\/2018\\\/12\\\/favicon-150x150.jpg\",\"url\":\"https:\\\/\\\/diariofemenino.com.ar\\\/df\\\/wp-content\\\/uploads\\\/2018\\\/12\\\/favicon-150x150.jpg\",\"contentUrl\":\"https:\\\/\\\/diariofemenino.com.ar\\\/df\\\/wp-content\\\/uploads\\\/2018\\\/12\\\/favicon-150x150.jpg\",\"caption\":\"Admin\"},\"url\":\"https:\\\/\\\/diariofemenino.com.ar\\\/df\\\/author\\\/lenny\\\/\"}]}<\/script>\n<!-- \/ Yoast SEO plugin. -->","yoast_head_json":{"title":"Lograr la igualdad entre los g\u00e9neros y empoderar a todas las mujeres y las ni\u00f1as - Diario Digital Femenino","description":"Lograr la igualdad entre los g\u00e9neros. La frase corresponde al recorte 2023, Objetivo 5 de la Agenda 2030 para el Desarrollo Sostenible.","robots":{"index":"index","follow":"follow","max-snippet":"max-snippet:-1","max-image-preview":"max-image-preview:large","max-video-preview":"max-video-preview:-1"},"canonical":"https:\/\/diariofemenino.com.ar\/df\/lograr-la-igualdad-entre-los-generos\/","og_locale":"es_ES","og_type":"article","og_title":"Lograr la igualdad entre los g\u00e9neros y empoderar a todas las mujeres y las ni\u00f1as - Diario Digital Femenino","og_description":"Lograr la igualdad entre los g\u00e9neros. La frase corresponde al recorte 2023, Objetivo 5 de la Agenda 2030 para el Desarrollo Sostenible.","og_url":"https:\/\/diariofemenino.com.ar\/df\/lograr-la-igualdad-entre-los-generos\/","og_site_name":"Diario Digital Femenino","article_publisher":"https:\/\/www.facebook.com\/DiarioDigitaFemenino\/","article_published_time":"2024-04-22T14:56:15+00:00","article_modified_time":"2024-04-22T14:59:48+00:00","og_image":[{"width":589,"height":524,"url":"https:\/\/diariofemenino.com.ar\/df\/wp-content\/uploads\/2024\/04\/Pilares-desarrollo-sostenible.png","type":"image\/png"}],"author":"Admin","twitter_card":"summary_large_image","twitter_creator":"@DiarioFemenino1","twitter_site":"@DiarioFemenino1","twitter_misc":{"Escrito por":"Admin","Tiempo de lectura":"7 minutos"},"schema":{"@context":"https:\/\/schema.org","@graph":[{"@type":"Article","@id":"https:\/\/diariofemenino.com.ar\/df\/lograr-la-igualdad-entre-los-generos\/#article","isPartOf":{"@id":"https:\/\/diariofemenino.com.ar\/df\/lograr-la-igualdad-entre-los-generos\/"},"author":{"name":"Admin","@id":"https:\/\/diariofemenino.com.ar\/df\/#\/schema\/person\/bf6199e8158c657ea6f789b11ec85509"},"headline":"Lograr la igualdad entre los g\u00e9neros y empoderar a todas las mujeres y las ni\u00f1as","datePublished":"2024-04-22T14:56:15+00:00","dateModified":"2024-04-22T14:59:48+00:00","mainEntityOfPage":{"@id":"https:\/\/diariofemenino.com.ar\/df\/lograr-la-igualdad-entre-los-generos\/"},"wordCount":1464,"commentCount":0,"publisher":{"@id":"https:\/\/diariofemenino.com.ar\/df\/#organization"},"image":{"@id":"https:\/\/diariofemenino.com.ar\/df\/lograr-la-igualdad-entre-los-generos\/#primaryimage"},"thumbnailUrl":"https:\/\/diariofemenino.com.ar\/df\/wp-content\/uploads\/2024\/04\/Pilares-desarrollo-sostenible.png","keywords":["Datos","Destacada","Herramientas","Igualdad de G\u00e9nero","Informe","Mujeres","Ni\u00f1as"],"articleSection":["Aborto","Actividades","Agenda Feminista","Art\u00edculos y Comunicados","Biblioteca Virtual","G\u00e9nero y Derechos Humanos","Gu\u00edas","Informes"],"inLanguage":"es","potentialAction":[{"@type":"CommentAction","name":"Comment","target":["https:\/\/diariofemenino.com.ar\/df\/lograr-la-igualdad-entre-los-generos\/#respond"]}]},{"@type":"WebPage","@id":"https:\/\/diariofemenino.com.ar\/df\/lograr-la-igualdad-entre-los-generos\/","url":"https:\/\/diariofemenino.com.ar\/df\/lograr-la-igualdad-entre-los-generos\/","name":"Lograr la igualdad entre los g\u00e9neros y empoderar a todas las mujeres y las ni\u00f1as - Diario Digital Femenino","isPartOf":{"@id":"https:\/\/diariofemenino.com.ar\/df\/#website"},"primaryImageOfPage":{"@id":"https:\/\/diariofemenino.com.ar\/df\/lograr-la-igualdad-entre-los-generos\/#primaryimage"},"image":{"@id":"https:\/\/diariofemenino.com.ar\/df\/lograr-la-igualdad-entre-los-generos\/#primaryimage"},"thumbnailUrl":"https:\/\/diariofemenino.com.ar\/df\/wp-content\/uploads\/2024\/04\/Pilares-desarrollo-sostenible.png","datePublished":"2024-04-22T14:56:15+00:00","dateModified":"2024-04-22T14:59:48+00:00","description":"Lograr la igualdad entre los g\u00e9neros. La frase corresponde al recorte 2023, Objetivo 5 de la Agenda 2030 para el Desarrollo Sostenible.","breadcrumb":{"@id":"https:\/\/diariofemenino.com.ar\/df\/lograr-la-igualdad-entre-los-generos\/#breadcrumb"},"inLanguage":"es","potentialAction":[{"@type":"ReadAction","target":["https:\/\/diariofemenino.com.ar\/df\/lograr-la-igualdad-entre-los-generos\/"]}]},{"@type":"ImageObject","inLanguage":"es","@id":"https:\/\/diariofemenino.com.ar\/df\/lograr-la-igualdad-entre-los-generos\/#primaryimage","url":"https:\/\/diariofemenino.com.ar\/df\/wp-content\/uploads\/2024\/04\/Pilares-desarrollo-sostenible.png","contentUrl":"https:\/\/diariofemenino.com.ar\/df\/wp-content\/uploads\/2024\/04\/Pilares-desarrollo-sostenible.png","width":589,"height":524,"caption":"Lograr la igualdad entre los g\u00e9neros y empoderar a todas las mujeres y las ni\u00f1as"},{"@type":"BreadcrumbList","@id":"https:\/\/diariofemenino.com.ar\/df\/lograr-la-igualdad-entre-los-generos\/#breadcrumb","itemListElement":[{"@type":"ListItem","position":1,"name":"Portada","item":"https:\/\/diariofemenino.com.ar\/df\/"},{"@type":"ListItem","position":2,"name":"Lograr la igualdad entre los g\u00e9neros y empoderar a todas las mujeres y las ni\u00f1as"}]},{"@type":"WebSite","@id":"https:\/\/diariofemenino.com.ar\/df\/#website","url":"https:\/\/diariofemenino.com.ar\/df\/","name":"Diario Digital Femenino","description":"Cuesti\u00f3n de G\u00e9nero","publisher":{"@id":"https:\/\/diariofemenino.com.ar\/df\/#organization"},"potentialAction":[{"@type":"SearchAction","target":{"@type":"EntryPoint","urlTemplate":"https:\/\/diariofemenino.com.ar\/df\/?s={search_term_string}"},"query-input":{"@type":"PropertyValueSpecification","valueRequired":true,"valueName":"search_term_string"}}],"inLanguage":"es"},{"@type":"Organization","@id":"https:\/\/diariofemenino.com.ar\/df\/#organization","name":"Diario Femenino","url":"https:\/\/diariofemenino.com.ar\/df\/","logo":{"@type":"ImageObject","inLanguage":"es","@id":"https:\/\/diariofemenino.com.ar\/df\/#\/schema\/logo\/image\/","url":"https:\/\/diariofemenino.com.ar\/df\/wp-content\/uploads\/2018\/10\/logo.png","contentUrl":"https:\/\/diariofemenino.com.ar\/df\/wp-content\/uploads\/2018\/10\/logo.png","width":500,"height":92,"caption":"Diario Femenino"},"image":{"@id":"https:\/\/diariofemenino.com.ar\/df\/#\/schema\/logo\/image\/"},"sameAs":["https:\/\/www.facebook.com\/DiarioDigitaFemenino\/","https:\/\/x.com\/DiarioFemenino1"]},{"@type":"Person","@id":"https:\/\/diariofemenino.com.ar\/df\/#\/schema\/person\/bf6199e8158c657ea6f789b11ec85509","name":"Admin","image":{"@type":"ImageObject","inLanguage":"es","@id":"https:\/\/diariofemenino.com.ar\/df\/wp-content\/uploads\/2018\/12\/favicon-150x150.jpg","url":"https:\/\/diariofemenino.com.ar\/df\/wp-content\/uploads\/2018\/12\/favicon-150x150.jpg","contentUrl":"https:\/\/diariofemenino.com.ar\/df\/wp-content\/uploads\/2018\/12\/favicon-150x150.jpg","caption":"Admin"},"url":"https:\/\/diariofemenino.com.ar\/df\/author\/lenny\/"}]}},"jetpack_featured_media_url":"https:\/\/diariofemenino.com.ar\/df\/wp-content\/uploads\/2024\/04\/Pilares-desarrollo-sostenible.png","jetpack_sharing_enabled":true,"rttpg_featured_image_url":{"full":["https:\/\/diariofemenino.com.ar\/df\/wp-content\/uploads\/2024\/04\/Pilares-desarrollo-sostenible.png",589,524,false],"landscape":["https:\/\/diariofemenino.com.ar\/df\/wp-content\/uploads\/2024\/04\/Pilares-desarrollo-sostenible.png",589,524,false],"portraits":["https:\/\/diariofemenino.com.ar\/df\/wp-content\/uploads\/2024\/04\/Pilares-desarrollo-sostenible.png",589,524,false],"thumbnail":["https:\/\/diariofemenino.com.ar\/df\/wp-content\/uploads\/2024\/04\/Pilares-desarrollo-sostenible-150x150.png",150,150,true],"medium":["https:\/\/diariofemenino.com.ar\/df\/wp-content\/uploads\/2024\/04\/Pilares-desarrollo-sostenible-300x267.png",300,267,true],"large":["https:\/\/diariofemenino.com.ar\/df\/wp-content\/uploads\/2024\/04\/Pilares-desarrollo-sostenible.png",589,524,false],"1536x1536":["https:\/\/diariofemenino.com.ar\/df\/wp-content\/uploads\/2024\/04\/Pilares-desarrollo-sostenible.png",589,524,false],"2048x2048":["https:\/\/diariofemenino.com.ar\/df\/wp-content\/uploads\/2024\/04\/Pilares-desarrollo-sostenible.png",589,524,false]},"rttpg_author":{"display_name":"Admin","author_link":"https:\/\/diariofemenino.com.ar\/df\/author\/lenny\/"},"rttpg_comment":0,"rttpg_category":"<a href=\"https:\/\/diariofemenino.com.ar\/df\/category\/aborto\/\" rel=\"category tag\">Aborto<\/a> <a href=\"https:\/\/diariofemenino.com.ar\/df\/category\/actividades\/\" rel=\"category tag\">Actividades<\/a> <a href=\"https:\/\/diariofemenino.com.ar\/df\/category\/agenda-feminista\/\" rel=\"category tag\">Agenda Feminista<\/a> <a href=\"https:\/\/diariofemenino.com.ar\/df\/category\/articulos-y-comunicados\/\" rel=\"category tag\">Art\u00edculos y Comunicados<\/a> <a href=\"https:\/\/diariofemenino.com.ar\/df\/category\/biblioteca\/\" rel=\"category tag\">Biblioteca Virtual<\/a> <a href=\"https:\/\/diariofemenino.com.ar\/df\/category\/genero-y-derechos-humanos\/\" rel=\"category tag\">G\u00e9nero y Derechos Humanos<\/a> <a href=\"https:\/\/diariofemenino.com.ar\/df\/category\/guias\/\" rel=\"category tag\">Gu\u00edas<\/a> <a href=\"https:\/\/diariofemenino.com.ar\/df\/category\/informes\/\" rel=\"category tag\">Informes<\/a>","rttpg_excerpt":"Lograr la igualdad entre los g\u00e9neros y empoderar a todas las mujeres y las ni\u00f1as La frase corresponde al recorte 2023, Objetivo 5[1] de la Agenda 2030 para el desarrollo sostenible. Esta Agenda\u00a0tiene como objetivos erradicar la pobreza extrema y el hambre, combatir la desigualdad y el cambio clim\u00e1tico, asegurar la igualdad de g\u00e9nero y&hellip;","_links":{"self":[{"href":"https:\/\/diariofemenino.com.ar\/df\/wp-json\/wp\/v2\/posts\/72681","targetHints":{"allow":["GET"]}}],"collection":[{"href":"https:\/\/diariofemenino.com.ar\/df\/wp-json\/wp\/v2\/posts"}],"about":[{"href":"https:\/\/diariofemenino.com.ar\/df\/wp-json\/wp\/v2\/types\/post"}],"author":[{"embeddable":true,"href":"https:\/\/diariofemenino.com.ar\/df\/wp-json\/wp\/v2\/users\/4"}],"replies":[{"embeddable":true,"href":"https:\/\/diariofemenino.com.ar\/df\/wp-json\/wp\/v2\/comments?post=72681"}],"version-history":[{"count":0,"href":"https:\/\/diariofemenino.com.ar\/df\/wp-json\/wp\/v2\/posts\/72681\/revisions"}],"wp:featuredmedia":[{"embeddable":true,"href":"https:\/\/diariofemenino.com.ar\/df\/wp-json\/wp\/v2\/media\/72684"}],"wp:attachment":[{"href":"https:\/\/diariofemenino.com.ar\/df\/wp-json\/wp\/v2\/media?parent=72681"}],"wp:term":[{"taxonomy":"category","embeddable":true,"href":"https:\/\/diariofemenino.com.ar\/df\/wp-json\/wp\/v2\/categories?post=72681"},{"taxonomy":"post_tag","embeddable":true,"href":"https:\/\/diariofemenino.com.ar\/df\/wp-json\/wp\/v2\/tags?post=72681"}],"curies":[{"name":"wp","href":"https:\/\/api.w.org\/{rel}","templated":true}]}}