{"id":72664,"date":"2024-04-18T19:11:35","date_gmt":"2024-04-18T22:11:35","guid":{"rendered":"https:\/\/diariofemenino.com.ar\/df\/?p=72664"},"modified":"2024-04-19T10:22:35","modified_gmt":"2024-04-19T13:22:35","slug":"recomendaciones-para-avanzar-en-la-igualdad-de-genero-y-los-derechos","status":"publish","type":"post","link":"https:\/\/diariofemenino.com.ar\/df\/recomendaciones-para-avanzar-en-la-igualdad-de-genero-y-los-derechos\/","title":{"rendered":"Recomendaciones para avanzar en la igualdad de g\u00e9nero y los derechos de las mujeres en la comunicaci\u00f3n y el periodismo"},"content":{"rendered":"<p>Recomendaciones para avanzar en la igualdad de g\u00e9nero y los derechos de las mujeres en la comunicaci\u00f3n y el periodismo; dirigidas a gobiernos, medios de comunicaci\u00f3n y empresas tecnol\u00f3gicas.<\/p>\n<p>Resumen de las recomendaciones realizadas por las redes de periodistas con visi\u00f3n de<br \/>\ng\u00e9nero de Argentina, Brasil, Catalu\u00f1a, Chile, Colombia y M\u00e9xico.<br \/>\nElaborado por la Comisi\u00f3n de Investigaci\u00f3n de la Red Internacional de Periodistas con Visi\u00f3n de G\u00e9nero (<a href=\"https:\/\/redinternacionaldeperiodistas.org\/\">RIPVG<\/a>): Alicia Oliver Rojo, Roc\u00edo Islas Huerta, Cristina Pulido, Cynthia Mara, Miranda, M\u00f3nica Maureira, Grace Montserrat Torrente R.<\/p>\n<p><span style=\"color: #999999;\">(Descargar en portada)<\/span><a href=\"https:\/\/diariofemenino.com.ar\/df\/wp-content\/uploads\/2024\/04\/15aDecalogo-ES.pdf\"><img loading=\"lazy\" decoding=\"async\" class=\" wp-image-72666 alignleft\" src=\"https:\/\/diariofemenino.com.ar\/df\/wp-content\/uploads\/2024\/04\/Recomendaciones.jpg\" alt=\"Recomendaciones para avanzar en la igualdad de g\u00e9nero y los derechos de las mujeres \" width=\"315\" height=\"442\" srcset=\"https:\/\/diariofemenino.com.ar\/df\/wp-content\/uploads\/2024\/04\/Recomendaciones.jpg 558w, https:\/\/diariofemenino.com.ar\/df\/wp-content\/uploads\/2024\/04\/Recomendaciones-214x300.jpg 214w\" sizes=\"auto, (max-width: 315px) 100vw, 315px\" \/><\/a><\/p>\n<p>Las recomendaciones elaboradas por la RIPVG se agruparon en seis \u00e1mbitos dirigidos a los gobiernos, medios de comunicaci\u00f3n y empresas tecnol\u00f3gicas:<\/p>\n<ol>\n<li>Normativas y pol\u00edticas p\u00fablicas,<\/li>\n<li>Violencias contra las profesionales de la comunicaci\u00f3n,<\/li>\n<li>Uso del lenguaje inclusivo y no sexista,<\/li>\n<li>Representaci\u00f3n de las mujeres y tratamiento de la informaci\u00f3n<\/li>\n<li>Participaci\u00f3n y derechos laborales de las mujeres en los medios de comunicaci\u00f3n,<\/li>\n<li>Educaci\u00f3n y estudios de g\u00e9nero en los programas y escuelas de comunicaci\u00f3n y periodismo.<\/li>\n<\/ol>\n<p style=\"text-align: center;\"><strong>Igualdad de g\u00e9nero y derechos de las mujeres <\/strong><br \/>\n<strong>en la comunicaci\u00f3n y el periodismo<\/strong><\/p>\n<p><em><strong>Normativas y pol\u00edticas p\u00fablicas.<\/strong><\/em><\/p>\n<ul>\n<li>Los estados y gobiernos deben promover la aplicaci\u00f3n del Cap\u00edtulo J de la Declaraci\u00f3n y Plataforma de Acci\u00f3n de Beijing en los medios de comunicaci\u00f3n, a trav\u00e9s de leyes, pol\u00edticas p\u00fablicas y programas, que cuenten con un presupuesto acorde para su implementaci\u00f3n.<\/li>\n<li>Defender el derecho a la libertad de expresi\u00f3n, incluido el acceso a la informaci\u00f3n, as\u00ed como el derecho a la privacidad y la protecci\u00f3n de datos a trav\u00e9s de leyes y medidas necesarias.<\/li>\n<li>Asegurar que los medios de comunicaci\u00f3n act\u00faen conforme a la normativa internacional vigente en derechos humanos de las mujeres e incorporen las recomendaciones que existen sobre el tratamiento informativo de las mujeres y de las violencias basadas en el g\u00e9nero.<\/li>\n<li>Desarrollar y fortalecer medidas para sancionar a los medios de comunicaci\u00f3n que promuevan estereotipos y violencias de g\u00e9nero en cualquiera de sus manifestaciones, incluyendo la simb\u00f3lica y las que ocurren en segundo orden<a href=\"#_ftn1\" name=\"_ftnref1\">[1]<\/a> tanto en \u00e1mbitos anal\u00f3gicos como digitales.<\/li>\n<li>Acordar con el Estado, medios de comunicaci\u00f3n y empresas de tecnolog\u00eda principales proveedores de plataformas digitales<a href=\"#_ftn2\" name=\"_ftnref2\">[2]<\/a>, un sistema de coordinaci\u00f3n, cooperaci\u00f3n y corregulaci\u00f3n para eliminar referencias potencialmente nocivas en internet que promuevan la violencia contra las mujeres y otras poblaciones hist\u00f3ricas y socialmente excluidas.<\/li>\n<li>Garantizar la implementaci\u00f3n de procesos de formaci\u00f3n<a href=\"#_ftn3\" name=\"_ftnref3\">[3]<\/a> sobre violencias de g\u00e9nero y derechos de las mujeres dirigidos a los medios de comunicaci\u00f3n, proveedores de contenidos digitales y entidades de los Estados (salud, justicia, protecci\u00f3n) para que incorporen la perspectiva de g\u00e9nero en sus acciones, rutas y protocolos de prevenci\u00f3n, respuesta, alerta y sanci\u00f3n de estas violencias. Estos procesos deben estar coordinados por organizaciones o redes de mujeres feministas expertas en el tema.<\/li>\n<li>Los Estados deben garantizar los derechos digitales de las mujeres promoviendo su incorporaci\u00f3n en las pol\u00edticas p\u00fablicas y en los programas de prevenci\u00f3n, atenci\u00f3n y sanci\u00f3n de las violencias de g\u00e9nero. Asimismo, deben asegurar la alfabetizaci\u00f3n digital y el acceso de las mujeres a internet, con el fin de fomentar su participaci\u00f3n ciudadana y acceso a la informaci\u00f3n.<\/li>\n<li>Promover los derechos humanos y la igualdad de g\u00e9nero en todos los medios u organizaciones de tecnolog\u00edas de la informaci\u00f3n y la comunicaci\u00f3n, velando por la libertad de expresi\u00f3n y opini\u00f3n de las periodistas y personas usuarias, a la par que construyen un espacio seguro, libre de violencias.<\/li>\n<\/ul>\n<p><em><strong>Violencias contra las profesionales de la comunicaci\u00f3n.<\/strong><\/em><\/p>\n<p><strong>Garantizar espacios libres de violencias y acoso sexual <\/strong>sobre todo en internet- contra las mujeres periodistas y comunicadoras por raz\u00f3n de g\u00e9nero u orientaci\u00f3n sexual, y establecer pol\u00edticas de tolerancia cero frente a cualquier manifestaci\u00f3n de violencia por parte de colegas, jefaturas y fuentes.<\/p>\n<p><strong>Elaborar e implementar pol\u00edticas o planes de igualdad<\/strong>, protocolos y rutas para la prevenci\u00f3n y detecci\u00f3n de las violencias de g\u00e9nero y el acoso sexual, y hacer efectivos mecanismos de denuncia, protecci\u00f3n y restablecimiento de los derechos de las periodistas en sus empresas.<\/p>\n<p><strong>Incluir a las mujeres periodistas y comunicadoras en la elaboraci\u00f3n de protocolos<\/strong> de prevenci\u00f3n, atenci\u00f3n y protecci\u00f3n de violencias de g\u00e9nero. Es fundamental escuchar sus experiencias e identificar las razones por las que no denuncian, as\u00ed como las barreras de acceso a la justicia en las instancias creadas para tal fin.<\/p>\n<p><strong>Garantizar la independencia y confidencialidad<\/strong> en los procesos de denuncia, atenci\u00f3n y protecci\u00f3n de las mujeres periodistas y comunicadoras por violencias de g\u00e9nero, as\u00ed como los tiempos de recepci\u00f3n e investigaci\u00f3n de las denuncias, incluyendo la resoluci\u00f3n de la misma y respectivas sanciones, velando por la debida diligencia y la bilateralidad del proceso.<\/p>\n<p><strong>Estimular redes de solidaridad entre pares para que la denuncia de las violencias y acoso sexual<\/strong> no sea considerada un asunto que le ata\u00f1e \u00fanicamente a las mujeres. Los medios de comunicaci\u00f3n tienen la responsabilidad de propiciar relaciones equitativas entre los g\u00e9neros y rechazar cualquier tipo de discriminaci\u00f3n por raz\u00f3n de g\u00e9nero y orientaci\u00f3n sexual al interior de sus organizaciones o empresas.<\/p>\n<p><strong>Impulsar una cultura que defienda el derecho de las periodistas y comunicadoras<\/strong> a hablar sobre los riesgos de violencias de g\u00e9nero al que est\u00e1n expuestas en el ejercicio de la profesi\u00f3n en terreno, al interior de los medios de comunicaci\u00f3n y en internet, con el fin de garantizar su derecho a la libertad de expresi\u00f3n y restablecer la confianza en los procesos de atenci\u00f3n, protecci\u00f3n, sanci\u00f3n y no repetici\u00f3n.<\/p>\n<p><a href=\"#_ftnref1\" name=\"_ftn1\">[1]<\/a> Violencia de segundo orden: consiste en la violencia f\u00edsica o psicol\u00f3gica, las represalias, las humillaciones y la persecuci\u00f3n ejercidas contra las personas que dan apoyo a las v\u00edctimas de violencia machista. Incluye los actos que impiden la prevenci\u00f3n, la detecci\u00f3n, la atenci\u00f3n y la recuperaci\u00f3n de las mujeres en situaci\u00f3n de violencia machista. Este tipo de violencia se ha recogido de una forma pionera mundialmente en la Ley catalana 17\/2020, de 22 de diciembre, de modificaci\u00f3n de la Ley 5\/2008, del derecho de las mujeres a erradicar la violencia machista<\/p>\n<p><a href=\"#_ftnref2\" name=\"_ftn2\">[2]<\/a> Plataformas digitales entendidas como los canales de comunicaci\u00f3n y divulgaci\u00f3n de informaci\u00f3n en\u00a0internet, incluidas las redes sociales.<\/p>\n<p><a href=\"#_ftnref3\" name=\"_ftn3\">[3]<\/a> Se refiere a un continuo aprendizaje en uno o varios temas, implica trabajo de sensibilizaci\u00f3n, capacitaci\u00f3n en varias etapas. El proceso de formaci\u00f3n es importante para la incorporaci\u00f3n del enfoque de g\u00e9nero en las actividades laborales porque requiere de transformaci\u00f3n de ideas e imaginarios culturales que han sido apropiados, legitimados y naturalizados en las sociedades&#8230; <a href=\"https:\/\/diariofemenino.com.ar\/df\/wp-content\/uploads\/2024\/04\/15aDecalogo-ES.pdf\">Seguir leyendo<\/a>.<\/p>\n<blockquote><p>Seguinos en Instagram\u00a0<a href=\"https:\/\/www.instagram.com\/diariodigitalfemenino_\/\">@diariodigitalfemenino_<\/a><br \/>\n<a href=\"https:\/\/www.instagram.com\/lennycaceres69\/\">@lennycaceres69<\/a><\/p><\/blockquote>\n","protected":false},"excerpt":{"rendered":"<p>Recomendaciones para avanzar en la igualdad de g\u00e9nero y los derechos de las mujeres en la comunicaci\u00f3n y el periodismo; dirigidas a gobiernos, medios de comunicaci\u00f3n y empresas tecnol\u00f3gicas. Resumen de las recomendaciones realizadas por las redes de periodistas con visi\u00f3n de g\u00e9nero de Argentina, Brasil, Catalu\u00f1a, Chile, Colombia y M\u00e9xico. Elaborado por la Comisi\u00f3n [&hellip;]<\/p>\n","protected":false},"author":4,"featured_media":72665,"comment_status":"open","ping_status":"open","sticky":false,"template":"","format":"standard","meta":{"iawp_total_views":54,"footnotes":""},"categories":[7,1067,178,19,3,627,4,21],"tags":[53,1117,4372,6790,6789,69,2366,162,6593,5535,18,51,6037],"class_list":["post-72664","post","type-post","status-publish","format-standard","has-post-thumbnail","hentry","category-actividades","category-agenda-feminista","category-articulos-y-comunicados","category-biblioteca","category-de-la-revolucion-al-reaprendizaje","category-genero-y-derechos-humanos","category-medios","category-noticias","tag-derechos-de-las-mujeres","tag-derechos-laborales","tag-destacada","tag-empresas-tecnologicas","tag-gobiernos","tag-igualdad-de-genero","tag-lenguaje-inclusivo-no-sexista","tag-medios-de-comunicacion","tag-normativa","tag-participacion","tag-politicas-publicas","tag-recomendaciones","tag-representacion"],"nelio_content":{"autoShareEndMode":"never","automationSources":{"useCustomSentences":false,"customSentences":[]},"efiAlt":"","efiUrl":"","followers":[4],"highlights":[],"isAutoShareEnabled":true,"networkImageIds":[],"permalinkQueryArgs":[],"series":[],"suggestedReferences":[]},"yoast_head":"<!-- This site is optimized with the Yoast SEO plugin v27.5 - https:\/\/yoast.com\/product\/yoast-seo-wordpress\/ -->\n<title>Recomendaciones para avanzar en la igualdad de g\u00e9nero y los derechos de las mujeres en la comunicaci\u00f3n y el periodismo - Diario Digital Femenino<\/title>\n<meta name=\"description\" content=\"Recomendaciones para avanzar n la igualdad, dirigidas a gobiernos, medios de comunicaci\u00f3n y empresas tecnol\u00f3gicas.\" \/>\n<meta name=\"robots\" content=\"index, follow, max-snippet:-1, max-image-preview:large, max-video-preview:-1\" \/>\n<link rel=\"canonical\" href=\"https:\/\/diariofemenino.com.ar\/df\/recomendaciones-para-avanzar-en-la-igualdad-de-genero-y-los-derechos\/\" \/>\n<meta property=\"og:locale\" content=\"es_ES\" \/>\n<meta property=\"og:type\" content=\"article\" \/>\n<meta property=\"og:title\" content=\"Recomendaciones para avanzar en la igualdad de g\u00e9nero y los derechos de las mujeres en la comunicaci\u00f3n y el periodismo - Diario Digital Femenino\" \/>\n<meta property=\"og:description\" content=\"Recomendaciones para avanzar n la igualdad, dirigidas a gobiernos, medios de comunicaci\u00f3n y empresas tecnol\u00f3gicas.\" \/>\n<meta property=\"og:url\" content=\"https:\/\/diariofemenino.com.ar\/df\/recomendaciones-para-avanzar-en-la-igualdad-de-genero-y-los-derechos\/\" \/>\n<meta property=\"og:site_name\" content=\"Diario Digital Femenino\" \/>\n<meta property=\"article:publisher\" content=\"https:\/\/www.facebook.com\/DiarioDigitaFemenino\/\" \/>\n<meta property=\"article:published_time\" content=\"2024-04-18T22:11:35+00:00\" \/>\n<meta property=\"article:modified_time\" content=\"2024-04-19T13:22:35+00:00\" \/>\n<meta property=\"og:image\" content=\"https:\/\/diariofemenino.com.ar\/df\/wp-content\/uploads\/2024\/04\/Avanzar-igualdad.jpg\" \/>\n\t<meta property=\"og:image:width\" content=\"874\" \/>\n\t<meta property=\"og:image:height\" content=\"785\" \/>\n\t<meta property=\"og:image:type\" content=\"image\/jpeg\" \/>\n<meta name=\"author\" content=\"Admin\" \/>\n<meta name=\"twitter:card\" content=\"summary_large_image\" \/>\n<meta name=\"twitter:creator\" content=\"@DiarioFemenino1\" \/>\n<meta name=\"twitter:site\" content=\"@DiarioFemenino1\" \/>\n<meta name=\"twitter:label1\" content=\"Escrito por\" \/>\n\t<meta name=\"twitter:data1\" content=\"Admin\" \/>\n\t<meta name=\"twitter:label2\" content=\"Tiempo de lectura\" \/>\n\t<meta name=\"twitter:data2\" content=\"6 minutos\" \/>\n<script type=\"application\/ld+json\" class=\"yoast-schema-graph\">{\"@context\":\"https:\\\/\\\/schema.org\",\"@graph\":[{\"@type\":\"Article\",\"@id\":\"https:\\\/\\\/diariofemenino.com.ar\\\/df\\\/recomendaciones-para-avanzar-en-la-igualdad-de-genero-y-los-derechos\\\/#article\",\"isPartOf\":{\"@id\":\"https:\\\/\\\/diariofemenino.com.ar\\\/df\\\/recomendaciones-para-avanzar-en-la-igualdad-de-genero-y-los-derechos\\\/\"},\"author\":{\"name\":\"Admin\",\"@id\":\"https:\\\/\\\/diariofemenino.com.ar\\\/df\\\/#\\\/schema\\\/person\\\/bf6199e8158c657ea6f789b11ec85509\"},\"headline\":\"Recomendaciones para avanzar en la igualdad de g\u00e9nero y los derechos de las mujeres en la comunicaci\u00f3n y el periodismo\",\"datePublished\":\"2024-04-18T22:11:35+00:00\",\"dateModified\":\"2024-04-19T13:22:35+00:00\",\"mainEntityOfPage\":{\"@id\":\"https:\\\/\\\/diariofemenino.com.ar\\\/df\\\/recomendaciones-para-avanzar-en-la-igualdad-de-genero-y-los-derechos\\\/\"},\"wordCount\":1211,\"commentCount\":0,\"publisher\":{\"@id\":\"https:\\\/\\\/diariofemenino.com.ar\\\/df\\\/#organization\"},\"image\":{\"@id\":\"https:\\\/\\\/diariofemenino.com.ar\\\/df\\\/recomendaciones-para-avanzar-en-la-igualdad-de-genero-y-los-derechos\\\/#primaryimage\"},\"thumbnailUrl\":\"https:\\\/\\\/diariofemenino.com.ar\\\/df\\\/wp-content\\\/uploads\\\/2024\\\/04\\\/Avanzar-igualdad.jpg\",\"keywords\":[\"Derechos de las mujeres\",\"Derechos laborales\",\"Destacada\",\"empresas tecnol\u00f3gicas\",\"gobiernos\",\"Igualdad de G\u00e9nero\",\"Lenguaje inclusivo no sexista\",\"Medios de Comunicaci\u00f3n\",\"normativa\",\"participaci\u00f3n\",\"Pol\u00edticas p\u00fablicas\",\"Recomendaciones\",\"representaci\u00f3n\"],\"articleSection\":[\"Actividades\",\"Agenda Feminista\",\"Art\u00edculos y Comunicados\",\"Biblioteca Virtual\",\"De la Revoluci\u00f3n al Reaprendizaje\",\"G\u00e9nero y Derechos Humanos\",\"Medios\",\"Noticias\"],\"inLanguage\":\"es\",\"potentialAction\":[{\"@type\":\"CommentAction\",\"name\":\"Comment\",\"target\":[\"https:\\\/\\\/diariofemenino.com.ar\\\/df\\\/recomendaciones-para-avanzar-en-la-igualdad-de-genero-y-los-derechos\\\/#respond\"]}]},{\"@type\":\"WebPage\",\"@id\":\"https:\\\/\\\/diariofemenino.com.ar\\\/df\\\/recomendaciones-para-avanzar-en-la-igualdad-de-genero-y-los-derechos\\\/\",\"url\":\"https:\\\/\\\/diariofemenino.com.ar\\\/df\\\/recomendaciones-para-avanzar-en-la-igualdad-de-genero-y-los-derechos\\\/\",\"name\":\"Recomendaciones para avanzar en la igualdad de g\u00e9nero y los derechos de las mujeres en la comunicaci\u00f3n y el periodismo - Diario Digital Femenino\",\"isPartOf\":{\"@id\":\"https:\\\/\\\/diariofemenino.com.ar\\\/df\\\/#website\"},\"primaryImageOfPage\":{\"@id\":\"https:\\\/\\\/diariofemenino.com.ar\\\/df\\\/recomendaciones-para-avanzar-en-la-igualdad-de-genero-y-los-derechos\\\/#primaryimage\"},\"image\":{\"@id\":\"https:\\\/\\\/diariofemenino.com.ar\\\/df\\\/recomendaciones-para-avanzar-en-la-igualdad-de-genero-y-los-derechos\\\/#primaryimage\"},\"thumbnailUrl\":\"https:\\\/\\\/diariofemenino.com.ar\\\/df\\\/wp-content\\\/uploads\\\/2024\\\/04\\\/Avanzar-igualdad.jpg\",\"datePublished\":\"2024-04-18T22:11:35+00:00\",\"dateModified\":\"2024-04-19T13:22:35+00:00\",\"description\":\"Recomendaciones para avanzar n la igualdad, dirigidas a gobiernos, medios de comunicaci\u00f3n y empresas tecnol\u00f3gicas.\",\"breadcrumb\":{\"@id\":\"https:\\\/\\\/diariofemenino.com.ar\\\/df\\\/recomendaciones-para-avanzar-en-la-igualdad-de-genero-y-los-derechos\\\/#breadcrumb\"},\"inLanguage\":\"es\",\"potentialAction\":[{\"@type\":\"ReadAction\",\"target\":[\"https:\\\/\\\/diariofemenino.com.ar\\\/df\\\/recomendaciones-para-avanzar-en-la-igualdad-de-genero-y-los-derechos\\\/\"]}]},{\"@type\":\"ImageObject\",\"inLanguage\":\"es\",\"@id\":\"https:\\\/\\\/diariofemenino.com.ar\\\/df\\\/recomendaciones-para-avanzar-en-la-igualdad-de-genero-y-los-derechos\\\/#primaryimage\",\"url\":\"https:\\\/\\\/diariofemenino.com.ar\\\/df\\\/wp-content\\\/uploads\\\/2024\\\/04\\\/Avanzar-igualdad.jpg\",\"contentUrl\":\"https:\\\/\\\/diariofemenino.com.ar\\\/df\\\/wp-content\\\/uploads\\\/2024\\\/04\\\/Avanzar-igualdad.jpg\",\"width\":874,\"height\":785,\"caption\":\"Recomendaciones para avanzar en la igualdad de g\u00e9nero y los derechos de las mujeres\"},{\"@type\":\"BreadcrumbList\",\"@id\":\"https:\\\/\\\/diariofemenino.com.ar\\\/df\\\/recomendaciones-para-avanzar-en-la-igualdad-de-genero-y-los-derechos\\\/#breadcrumb\",\"itemListElement\":[{\"@type\":\"ListItem\",\"position\":1,\"name\":\"Portada\",\"item\":\"https:\\\/\\\/diariofemenino.com.ar\\\/df\\\/\"},{\"@type\":\"ListItem\",\"position\":2,\"name\":\"Recomendaciones para avanzar en la igualdad de g\u00e9nero y los derechos de las mujeres en la comunicaci\u00f3n y el periodismo\"}]},{\"@type\":\"WebSite\",\"@id\":\"https:\\\/\\\/diariofemenino.com.ar\\\/df\\\/#website\",\"url\":\"https:\\\/\\\/diariofemenino.com.ar\\\/df\\\/\",\"name\":\"Diario Digital Femenino\",\"description\":\"Cuesti\u00f3n de G\u00e9nero\",\"publisher\":{\"@id\":\"https:\\\/\\\/diariofemenino.com.ar\\\/df\\\/#organization\"},\"potentialAction\":[{\"@type\":\"SearchAction\",\"target\":{\"@type\":\"EntryPoint\",\"urlTemplate\":\"https:\\\/\\\/diariofemenino.com.ar\\\/df\\\/?s={search_term_string}\"},\"query-input\":{\"@type\":\"PropertyValueSpecification\",\"valueRequired\":true,\"valueName\":\"search_term_string\"}}],\"inLanguage\":\"es\"},{\"@type\":\"Organization\",\"@id\":\"https:\\\/\\\/diariofemenino.com.ar\\\/df\\\/#organization\",\"name\":\"Diario Femenino\",\"url\":\"https:\\\/\\\/diariofemenino.com.ar\\\/df\\\/\",\"logo\":{\"@type\":\"ImageObject\",\"inLanguage\":\"es\",\"@id\":\"https:\\\/\\\/diariofemenino.com.ar\\\/df\\\/#\\\/schema\\\/logo\\\/image\\\/\",\"url\":\"https:\\\/\\\/diariofemenino.com.ar\\\/df\\\/wp-content\\\/uploads\\\/2018\\\/10\\\/logo.png\",\"contentUrl\":\"https:\\\/\\\/diariofemenino.com.ar\\\/df\\\/wp-content\\\/uploads\\\/2018\\\/10\\\/logo.png\",\"width\":500,\"height\":92,\"caption\":\"Diario Femenino\"},\"image\":{\"@id\":\"https:\\\/\\\/diariofemenino.com.ar\\\/df\\\/#\\\/schema\\\/logo\\\/image\\\/\"},\"sameAs\":[\"https:\\\/\\\/www.facebook.com\\\/DiarioDigitaFemenino\\\/\",\"https:\\\/\\\/x.com\\\/DiarioFemenino1\"]},{\"@type\":\"Person\",\"@id\":\"https:\\\/\\\/diariofemenino.com.ar\\\/df\\\/#\\\/schema\\\/person\\\/bf6199e8158c657ea6f789b11ec85509\",\"name\":\"Admin\",\"image\":{\"@type\":\"ImageObject\",\"inLanguage\":\"es\",\"@id\":\"https:\\\/\\\/diariofemenino.com.ar\\\/df\\\/wp-content\\\/uploads\\\/2018\\\/12\\\/favicon-150x150.jpg\",\"url\":\"https:\\\/\\\/diariofemenino.com.ar\\\/df\\\/wp-content\\\/uploads\\\/2018\\\/12\\\/favicon-150x150.jpg\",\"contentUrl\":\"https:\\\/\\\/diariofemenino.com.ar\\\/df\\\/wp-content\\\/uploads\\\/2018\\\/12\\\/favicon-150x150.jpg\",\"caption\":\"Admin\"},\"url\":\"https:\\\/\\\/diariofemenino.com.ar\\\/df\\\/author\\\/lenny\\\/\"}]}<\/script>\n<!-- \/ Yoast SEO plugin. -->","yoast_head_json":{"title":"Recomendaciones para avanzar en la igualdad de g\u00e9nero y los derechos de las mujeres en la comunicaci\u00f3n y el periodismo - Diario Digital Femenino","description":"Recomendaciones para avanzar n la igualdad, dirigidas a gobiernos, medios de comunicaci\u00f3n y empresas tecnol\u00f3gicas.","robots":{"index":"index","follow":"follow","max-snippet":"max-snippet:-1","max-image-preview":"max-image-preview:large","max-video-preview":"max-video-preview:-1"},"canonical":"https:\/\/diariofemenino.com.ar\/df\/recomendaciones-para-avanzar-en-la-igualdad-de-genero-y-los-derechos\/","og_locale":"es_ES","og_type":"article","og_title":"Recomendaciones para avanzar en la igualdad de g\u00e9nero y los derechos de las mujeres en la comunicaci\u00f3n y el periodismo - Diario Digital Femenino","og_description":"Recomendaciones para avanzar n la igualdad, dirigidas a gobiernos, medios de comunicaci\u00f3n y empresas tecnol\u00f3gicas.","og_url":"https:\/\/diariofemenino.com.ar\/df\/recomendaciones-para-avanzar-en-la-igualdad-de-genero-y-los-derechos\/","og_site_name":"Diario Digital Femenino","article_publisher":"https:\/\/www.facebook.com\/DiarioDigitaFemenino\/","article_published_time":"2024-04-18T22:11:35+00:00","article_modified_time":"2024-04-19T13:22:35+00:00","og_image":[{"width":874,"height":785,"url":"https:\/\/diariofemenino.com.ar\/df\/wp-content\/uploads\/2024\/04\/Avanzar-igualdad.jpg","type":"image\/jpeg"}],"author":"Admin","twitter_card":"summary_large_image","twitter_creator":"@DiarioFemenino1","twitter_site":"@DiarioFemenino1","twitter_misc":{"Escrito por":"Admin","Tiempo de lectura":"6 minutos"},"schema":{"@context":"https:\/\/schema.org","@graph":[{"@type":"Article","@id":"https:\/\/diariofemenino.com.ar\/df\/recomendaciones-para-avanzar-en-la-igualdad-de-genero-y-los-derechos\/#article","isPartOf":{"@id":"https:\/\/diariofemenino.com.ar\/df\/recomendaciones-para-avanzar-en-la-igualdad-de-genero-y-los-derechos\/"},"author":{"name":"Admin","@id":"https:\/\/diariofemenino.com.ar\/df\/#\/schema\/person\/bf6199e8158c657ea6f789b11ec85509"},"headline":"Recomendaciones para avanzar en la igualdad de g\u00e9nero y los derechos de las mujeres en la comunicaci\u00f3n y el periodismo","datePublished":"2024-04-18T22:11:35+00:00","dateModified":"2024-04-19T13:22:35+00:00","mainEntityOfPage":{"@id":"https:\/\/diariofemenino.com.ar\/df\/recomendaciones-para-avanzar-en-la-igualdad-de-genero-y-los-derechos\/"},"wordCount":1211,"commentCount":0,"publisher":{"@id":"https:\/\/diariofemenino.com.ar\/df\/#organization"},"image":{"@id":"https:\/\/diariofemenino.com.ar\/df\/recomendaciones-para-avanzar-en-la-igualdad-de-genero-y-los-derechos\/#primaryimage"},"thumbnailUrl":"https:\/\/diariofemenino.com.ar\/df\/wp-content\/uploads\/2024\/04\/Avanzar-igualdad.jpg","keywords":["Derechos de las mujeres","Derechos laborales","Destacada","empresas tecnol\u00f3gicas","gobiernos","Igualdad de G\u00e9nero","Lenguaje inclusivo no sexista","Medios de Comunicaci\u00f3n","normativa","participaci\u00f3n","Pol\u00edticas p\u00fablicas","Recomendaciones","representaci\u00f3n"],"articleSection":["Actividades","Agenda Feminista","Art\u00edculos y Comunicados","Biblioteca Virtual","De la Revoluci\u00f3n al Reaprendizaje","G\u00e9nero y Derechos Humanos","Medios","Noticias"],"inLanguage":"es","potentialAction":[{"@type":"CommentAction","name":"Comment","target":["https:\/\/diariofemenino.com.ar\/df\/recomendaciones-para-avanzar-en-la-igualdad-de-genero-y-los-derechos\/#respond"]}]},{"@type":"WebPage","@id":"https:\/\/diariofemenino.com.ar\/df\/recomendaciones-para-avanzar-en-la-igualdad-de-genero-y-los-derechos\/","url":"https:\/\/diariofemenino.com.ar\/df\/recomendaciones-para-avanzar-en-la-igualdad-de-genero-y-los-derechos\/","name":"Recomendaciones para avanzar en la igualdad de g\u00e9nero y los derechos de las mujeres en la comunicaci\u00f3n y el periodismo - Diario Digital Femenino","isPartOf":{"@id":"https:\/\/diariofemenino.com.ar\/df\/#website"},"primaryImageOfPage":{"@id":"https:\/\/diariofemenino.com.ar\/df\/recomendaciones-para-avanzar-en-la-igualdad-de-genero-y-los-derechos\/#primaryimage"},"image":{"@id":"https:\/\/diariofemenino.com.ar\/df\/recomendaciones-para-avanzar-en-la-igualdad-de-genero-y-los-derechos\/#primaryimage"},"thumbnailUrl":"https:\/\/diariofemenino.com.ar\/df\/wp-content\/uploads\/2024\/04\/Avanzar-igualdad.jpg","datePublished":"2024-04-18T22:11:35+00:00","dateModified":"2024-04-19T13:22:35+00:00","description":"Recomendaciones para avanzar n la igualdad, dirigidas a gobiernos, medios de comunicaci\u00f3n y empresas tecnol\u00f3gicas.","breadcrumb":{"@id":"https:\/\/diariofemenino.com.ar\/df\/recomendaciones-para-avanzar-en-la-igualdad-de-genero-y-los-derechos\/#breadcrumb"},"inLanguage":"es","potentialAction":[{"@type":"ReadAction","target":["https:\/\/diariofemenino.com.ar\/df\/recomendaciones-para-avanzar-en-la-igualdad-de-genero-y-los-derechos\/"]}]},{"@type":"ImageObject","inLanguage":"es","@id":"https:\/\/diariofemenino.com.ar\/df\/recomendaciones-para-avanzar-en-la-igualdad-de-genero-y-los-derechos\/#primaryimage","url":"https:\/\/diariofemenino.com.ar\/df\/wp-content\/uploads\/2024\/04\/Avanzar-igualdad.jpg","contentUrl":"https:\/\/diariofemenino.com.ar\/df\/wp-content\/uploads\/2024\/04\/Avanzar-igualdad.jpg","width":874,"height":785,"caption":"Recomendaciones para avanzar en la igualdad de g\u00e9nero y los derechos de las mujeres"},{"@type":"BreadcrumbList","@id":"https:\/\/diariofemenino.com.ar\/df\/recomendaciones-para-avanzar-en-la-igualdad-de-genero-y-los-derechos\/#breadcrumb","itemListElement":[{"@type":"ListItem","position":1,"name":"Portada","item":"https:\/\/diariofemenino.com.ar\/df\/"},{"@type":"ListItem","position":2,"name":"Recomendaciones para avanzar en la igualdad de g\u00e9nero y los derechos de las mujeres en la comunicaci\u00f3n y el periodismo"}]},{"@type":"WebSite","@id":"https:\/\/diariofemenino.com.ar\/df\/#website","url":"https:\/\/diariofemenino.com.ar\/df\/","name":"Diario Digital Femenino","description":"Cuesti\u00f3n de G\u00e9nero","publisher":{"@id":"https:\/\/diariofemenino.com.ar\/df\/#organization"},"potentialAction":[{"@type":"SearchAction","target":{"@type":"EntryPoint","urlTemplate":"https:\/\/diariofemenino.com.ar\/df\/?s={search_term_string}"},"query-input":{"@type":"PropertyValueSpecification","valueRequired":true,"valueName":"search_term_string"}}],"inLanguage":"es"},{"@type":"Organization","@id":"https:\/\/diariofemenino.com.ar\/df\/#organization","name":"Diario Femenino","url":"https:\/\/diariofemenino.com.ar\/df\/","logo":{"@type":"ImageObject","inLanguage":"es","@id":"https:\/\/diariofemenino.com.ar\/df\/#\/schema\/logo\/image\/","url":"https:\/\/diariofemenino.com.ar\/df\/wp-content\/uploads\/2018\/10\/logo.png","contentUrl":"https:\/\/diariofemenino.com.ar\/df\/wp-content\/uploads\/2018\/10\/logo.png","width":500,"height":92,"caption":"Diario Femenino"},"image":{"@id":"https:\/\/diariofemenino.com.ar\/df\/#\/schema\/logo\/image\/"},"sameAs":["https:\/\/www.facebook.com\/DiarioDigitaFemenino\/","https:\/\/x.com\/DiarioFemenino1"]},{"@type":"Person","@id":"https:\/\/diariofemenino.com.ar\/df\/#\/schema\/person\/bf6199e8158c657ea6f789b11ec85509","name":"Admin","image":{"@type":"ImageObject","inLanguage":"es","@id":"https:\/\/diariofemenino.com.ar\/df\/wp-content\/uploads\/2018\/12\/favicon-150x150.jpg","url":"https:\/\/diariofemenino.com.ar\/df\/wp-content\/uploads\/2018\/12\/favicon-150x150.jpg","contentUrl":"https:\/\/diariofemenino.com.ar\/df\/wp-content\/uploads\/2018\/12\/favicon-150x150.jpg","caption":"Admin"},"url":"https:\/\/diariofemenino.com.ar\/df\/author\/lenny\/"}]}},"jetpack_featured_media_url":"https:\/\/diariofemenino.com.ar\/df\/wp-content\/uploads\/2024\/04\/Avanzar-igualdad.jpg","jetpack_sharing_enabled":true,"rttpg_featured_image_url":{"full":["https:\/\/diariofemenino.com.ar\/df\/wp-content\/uploads\/2024\/04\/Avanzar-igualdad.jpg",874,785,false],"landscape":["https:\/\/diariofemenino.com.ar\/df\/wp-content\/uploads\/2024\/04\/Avanzar-igualdad.jpg",874,785,false],"portraits":["https:\/\/diariofemenino.com.ar\/df\/wp-content\/uploads\/2024\/04\/Avanzar-igualdad.jpg",874,785,false],"thumbnail":["https:\/\/diariofemenino.com.ar\/df\/wp-content\/uploads\/2024\/04\/Avanzar-igualdad-150x150.jpg",150,150,true],"medium":["https:\/\/diariofemenino.com.ar\/df\/wp-content\/uploads\/2024\/04\/Avanzar-igualdad-300x269.jpg",300,269,true],"large":["https:\/\/diariofemenino.com.ar\/df\/wp-content\/uploads\/2024\/04\/Avanzar-igualdad.jpg",874,785,false],"1536x1536":["https:\/\/diariofemenino.com.ar\/df\/wp-content\/uploads\/2024\/04\/Avanzar-igualdad.jpg",874,785,false],"2048x2048":["https:\/\/diariofemenino.com.ar\/df\/wp-content\/uploads\/2024\/04\/Avanzar-igualdad.jpg",874,785,false]},"rttpg_author":{"display_name":"Admin","author_link":"https:\/\/diariofemenino.com.ar\/df\/author\/lenny\/"},"rttpg_comment":0,"rttpg_category":"<a href=\"https:\/\/diariofemenino.com.ar\/df\/category\/actividades\/\" rel=\"category tag\">Actividades<\/a> <a href=\"https:\/\/diariofemenino.com.ar\/df\/category\/agenda-feminista\/\" rel=\"category tag\">Agenda Feminista<\/a> <a href=\"https:\/\/diariofemenino.com.ar\/df\/category\/articulos-y-comunicados\/\" rel=\"category tag\">Art\u00edculos y Comunicados<\/a> <a href=\"https:\/\/diariofemenino.com.ar\/df\/category\/biblioteca\/\" rel=\"category tag\">Biblioteca Virtual<\/a> <a href=\"https:\/\/diariofemenino.com.ar\/df\/category\/de-la-revolucion-al-reaprendizaje\/\" rel=\"category tag\">De la Revoluci\u00f3n al Reaprendizaje<\/a> <a href=\"https:\/\/diariofemenino.com.ar\/df\/category\/genero-y-derechos-humanos\/\" rel=\"category tag\">G\u00e9nero y Derechos Humanos<\/a> <a href=\"https:\/\/diariofemenino.com.ar\/df\/category\/medios\/\" rel=\"category tag\">Medios<\/a> <a href=\"https:\/\/diariofemenino.com.ar\/df\/category\/noticias\/\" rel=\"category tag\">Noticias<\/a>","rttpg_excerpt":"Recomendaciones para avanzar en la igualdad de g\u00e9nero y los derechos de las mujeres en la comunicaci\u00f3n y el periodismo; dirigidas a gobiernos, medios de comunicaci\u00f3n y empresas tecnol\u00f3gicas. Resumen de las recomendaciones realizadas por las redes de periodistas con visi\u00f3n de g\u00e9nero de Argentina, Brasil, Catalu\u00f1a, Chile, Colombia y M\u00e9xico. Elaborado por la Comisi\u00f3n&hellip;","_links":{"self":[{"href":"https:\/\/diariofemenino.com.ar\/df\/wp-json\/wp\/v2\/posts\/72664","targetHints":{"allow":["GET"]}}],"collection":[{"href":"https:\/\/diariofemenino.com.ar\/df\/wp-json\/wp\/v2\/posts"}],"about":[{"href":"https:\/\/diariofemenino.com.ar\/df\/wp-json\/wp\/v2\/types\/post"}],"author":[{"embeddable":true,"href":"https:\/\/diariofemenino.com.ar\/df\/wp-json\/wp\/v2\/users\/4"}],"replies":[{"embeddable":true,"href":"https:\/\/diariofemenino.com.ar\/df\/wp-json\/wp\/v2\/comments?post=72664"}],"version-history":[{"count":0,"href":"https:\/\/diariofemenino.com.ar\/df\/wp-json\/wp\/v2\/posts\/72664\/revisions"}],"wp:featuredmedia":[{"embeddable":true,"href":"https:\/\/diariofemenino.com.ar\/df\/wp-json\/wp\/v2\/media\/72665"}],"wp:attachment":[{"href":"https:\/\/diariofemenino.com.ar\/df\/wp-json\/wp\/v2\/media?parent=72664"}],"wp:term":[{"taxonomy":"category","embeddable":true,"href":"https:\/\/diariofemenino.com.ar\/df\/wp-json\/wp\/v2\/categories?post=72664"},{"taxonomy":"post_tag","embeddable":true,"href":"https:\/\/diariofemenino.com.ar\/df\/wp-json\/wp\/v2\/tags?post=72664"}],"curies":[{"name":"wp","href":"https:\/\/api.w.org\/{rel}","templated":true}]}}