{"id":72650,"date":"2024-04-18T10:13:30","date_gmt":"2024-04-18T13:13:30","guid":{"rendered":"https:\/\/diariofemenino.com.ar\/df\/?p=72650"},"modified":"2024-04-18T11:04:32","modified_gmt":"2024-04-18T14:04:32","slug":"decalogo-para-el-tratamiento-mediatico-responsable-de-casos-de-suicidio","status":"publish","type":"post","link":"https:\/\/diariofemenino.com.ar\/df\/decalogo-para-el-tratamiento-mediatico-responsable-de-casos-de-suicidio\/","title":{"rendered":"Dec\u00e1logo para el tratamiento medi\u00e1tico responsable de casos de suicidio"},"content":{"rendered":"<p>Este Dec\u00e1logo es la s\u00edntesis del segundo apartado de la \u201c<a href=\"https:\/\/diariofemenino.com.ar\/df\/guia-para-el-tratamiento-mediatico-responsable-de-la-salud-mental\/\">Gu\u00eda para el tratamiento medi\u00e1tico responsable de la Salud Mental<\/a>\u201d elaborada por la Defensor\u00eda del P\u00fablico de Servicios de Comunicaci\u00f3n Audiovisual con la participaci\u00f3n de trabajadoras y trabajadores de los medios de comunicaci\u00f3n, profesionales, asociaciones y organismos nacionales vinculados a la prevenci\u00f3n y tratamiento del suicidio, profesionales de la comunicaci\u00f3n y profesionales de la educaci\u00f3n*.<\/p>\n<p>UNO: <strong>Promover un enfoque de salud p\u00fablica<\/strong><br \/>\nContextualizar la problem\u00e1tica de suicidios bajo la categor\u00eda \u201csalud p\u00fablica\u201d y no \u201cpoliciales\u201d. Tener presente que propiciar el enfoque policial de los casos, adem\u00e1s de resultar inapropiado porque el suicidio no es un hecho delictivo, deviene en una estigmatizaci\u00f3n de la v\u00edctima y su entorno. Tener en cuenta que para la OMS resulta sumamente importante evitar el efecto imitativo de las conductas nocivas que se informan y trabajar para potenciar el efecto preventivo del tratamiento period\u00edstico adecuado de los <a href=\"https:\/\/diariofemenino.com.ar\/df\/que-hablar-de-suicidio-no-sea-un-tabu\/\">suicidios<\/a>.<\/p>\n<p>DOS: <strong>Procurar un abordaje riguroso<\/strong><br \/>\nEvitar el desarrollo y la difusi\u00f3n de an\u00e1lisis sobre los casos de suicidio que est\u00e9n sustentados en conjeturas personales y en la lectura forzada de hechos y\/o elementos que rodean a las\/os protagonistas. Esta perspectiva s\u00f3lo contribuye a simplificar la complejidad del hecho y sus causas que nunca son f\u00e1cilmente identificables ni unidimensionales.<\/p>\n<p>TRES: <strong>Consultar a fuentes especializadas y brindar informaci\u00f3n relevante<\/strong><br \/>\nPrivilegiar la presentaci\u00f3n de fuentes especializadas en la tem\u00e1tica de suicidios. Esto permitir\u00e1 desarticular la repetici\u00f3n de mitos y explicaciones simplistas y profundizar la comprensi\u00f3n del problema en la audiencia. De ah\u00ed que resulta sumamente conveniente aprovechar la presencia de estas voces para contextualizar el caso particular en el universo de la problem\u00e1tica de suicidios y brindar informaci\u00f3n orientadora y preventiva a la poblaci\u00f3n. Complementar las coberturas de los casos espec\u00edficos con la difusi\u00f3n y visualizaci\u00f3n en pantalla de direcciones y tel\u00e9fonos de instituciones y profesionales vinculados a la asistencia y tratamiento de la tem\u00e1tica de suicidios; grupos de riesgo y se\u00f1ales de advertencia de conducta suicida; orientaciones para quienes se encuentran ante personas en situaci\u00f3n de riesgo.<\/p>\n<p>CUATRO: <strong>Respetar la notificaci\u00f3n no medi\u00e1tica y la privacidad del dolor<\/strong><br \/>\nRespetar la notificaci\u00f3n del hecho a la familia de la v\u00edctima por parte de profesionales antes que privilegiar la difusi\u00f3n de la primicia medi\u00e1tica. Respetar la vida privada de la persona fallecida y el duelo de la gente que compone su entorno. Considerar el impacto psicol\u00f3gico que puede causar en familiares y allegados del suicida enterarse del hecho a trav\u00e9s de los medios de comunicaci\u00f3n. La cobertura informativa del caso no debe infligir m\u00e1s sufrimiento a las personas afectadas.<\/p>\n<p>CINCO: <strong>Construir enfoques no espectacularizantes<\/strong><br \/>\nEvitar los enfoques espectacularizantes. Es conveniente prescindir de la presentaci\u00f3n de descripciones del m\u00e9todo utilizado, sobre todo en t\u00e9rminos de su mayor efectividad, menor agon\u00eda o sufrimiento, rapidez, concreci\u00f3n, etc, por los mecanismos de imitaci\u00f3n e identificaci\u00f3n que pueden activarse en los grupos vulnerables. Asimismo, es preciso evitar las representaciones detalladas de la secuencia de los hechos realizados por la v\u00edctima, la emisi\u00f3n permanente de fotograf\u00edas y videos de su vida, el uso de recursos sonoros y la musicalizaci\u00f3n para aumentar el dramatismo que ya de por s\u00ed comporta el caso a comunicar. Es importante tener presente que estos enfoques suponen un doble impacto: un efecto negativo sobre las personas allegadas a la v\u00edctima y sobre la potencial audiencia en situaci\u00f3n de crisis.<\/p>\n<p>SEIS: <strong>Evitar las referencias que justifiquen el acto<\/strong><br \/>\nProcurar no abordar el suicidio como una soluci\u00f3n o salida a problemas personales. Es conveniente representar al suicida destacando sus caracter\u00edsticas positivas, de modo de evitar la difusi\u00f3n de indirectas justificaciones del acto y la estigmatizaci\u00f3n de la v\u00edctima.<\/p>\n<p>SIETE: <strong>Garantizar la confidencialidad<\/strong><br \/>\nAnte la cobertura medi\u00e1tica de intentos de suicidio, guardar confidencialidad sobre la identidad e informaci\u00f3n personal de los protagonistas, ya que a la crisis que atraviesa la persona se le suma la estigmatizaci\u00f3n por haber intentado quitarse la vida. Es importante comunicar los impactos negativos que tal intento desencaden\u00f3 en la salud, de modo de disuadir los posibles actos imitativos de la audiencia.<\/p>\n<p>OCHO: <strong>Incorporar el tema en la agenda informativa<\/strong><br \/>\nAprovechar las fechas nacionales e internacionales para incluir en las agendas period\u00edsticas informaci\u00f3n relevante, preventiva y reflexiva sobre el suicidio, por ejemplo, el 10 de septiembre, D\u00eda Nacional y Mundial para la prevenci\u00f3n del suicidio.<\/p>\n<p>NUEVE: <strong>Elegir formas ling\u00fc\u00edsticas recomendadas<\/strong><br \/>\nEs importante:<\/p>\n<p style=\"padding-left: 40px;\">a) Procurar no caracterizar el hecho en t\u00e9rminos de \u00e9xito o fracaso (\u201cel suicido ha sido exitoso\u201d, \u201cla tentativa de suicidio ha fallado\u201d). La obtenci\u00f3n de la muerte no es algo pensable en t\u00e9rminos de triunfo.<br \/>\nb) Evitar utilizar generalizaciones, como \u201cpandemia de suicidios\u201d, \u201cepidemia de suicidios\u201d, cuando en verdad se refiere a casos que abarcan una fracci\u00f3n de la poblaci\u00f3n.<br \/>\nc) Es conveniente no emplear expresiones elogiosas ni peyorativas, como \u201cel suicidio es un acto heroico\u201d, \u201cel suicidio es una soluci\u00f3n cobarde\u201d, ya que ambas abonan el refuerzo de clich\u00e9s y estigmatizaciones.<br \/>\nd) Evitar decir que la persona \u201cha cometido un suicidio\u201d, debido a que la asociaci\u00f3n de sentido con la frase \u201cha cometido un delito\u201d le imprime al acto un sentido de criminalidad.<\/p>\n<p>DIEZ: <strong>Promover coberturas respetuosas de los derechos de ni\u00f1os, ni\u00f1as y adolescentes<\/strong><br \/>\nEs importante recordar que las coberturas en materia de suicidios deben ser respetuosas de los derechos de ni\u00f1as, ni\u00f1os y adolescentes que establece la Ley 26.061 de Protecci\u00f3n Integral de los Derechos de las Ni\u00f1as, Ni\u00f1os y Adolescentes, especialmente:<\/p>\n<p style=\"padding-left: 40px;\">a) El derecho al inter\u00e9s superior.<br \/>\nb) El derecho a la dignidad y a la integridad personal.<br \/>\nc) El derecho a la vida privada e intimidad familiar.<br \/>\nd) El derecho a la dignidad.<br \/>\ne) El derecho a opinar y ser o\u00eddo.<\/p>\n<p>Esta recomendaci\u00f3n alude a ni\u00f1as, ni\u00f1os y adolescentes en tanto protagonistas de casos de suicidio, como as\u00ed tambi\u00e9n en calidad de audiencias de los servicios de comunicaci\u00f3n audiovisual.<\/p>\n<figure id=\"attachment_72652\" aria-describedby=\"caption-attachment-72652\" style=\"width: 501px\" class=\"wp-caption aligncenter\"><img loading=\"lazy\" decoding=\"async\" class=\" wp-image-72652\" src=\"https:\/\/diariofemenino.com.ar\/df\/wp-content\/uploads\/2024\/04\/prevencion-suicidio-lazo-amarillo-1024x683.webp\" alt=\"Dec\u00e1logo para el tratamiento medi\u00e1tico responsable de casos de suicidio\" width=\"501\" height=\"334\" srcset=\"https:\/\/diariofemenino.com.ar\/df\/wp-content\/uploads\/2024\/04\/prevencion-suicidio-lazo-amarillo-1024x683.webp 1024w, https:\/\/diariofemenino.com.ar\/df\/wp-content\/uploads\/2024\/04\/prevencion-suicidio-lazo-amarillo-300x200.webp 300w, https:\/\/diariofemenino.com.ar\/df\/wp-content\/uploads\/2024\/04\/prevencion-suicidio-lazo-amarillo-768x512.webp 768w, https:\/\/diariofemenino.com.ar\/df\/wp-content\/uploads\/2024\/04\/prevencion-suicidio-lazo-amarillo-1536x1024.webp 1536w, https:\/\/diariofemenino.com.ar\/df\/wp-content\/uploads\/2024\/04\/prevencion-suicidio-lazo-amarillo.webp 1600w\" sizes=\"auto, (max-width: 501px) 100vw, 501px\" \/><figcaption id=\"caption-attachment-72652\" class=\"wp-caption-text\">Dec\u00e1logo para el tratamiento medi\u00e1tico responsable de casos de suicidio<\/figcaption><\/figure>\n<p><strong>(*) <\/strong>Coordinados por la Defensora del P\u00fablico, Lic. Cynthia Ottaviano, y por el Director de An\u00e1lisis, Investigaci\u00f3n y Monitoreo, Dr. Gerardo Halpern, participaron: Carlos Marrero (Radio Continental), Marina Font\u00e1n (Canal 360), Mauro Calvagna (Canal 26), Daniel Navarro (Canal 9), Laura Orsi (APA), Ver\u00f3nica Mora (APSA), Patricio G\u00f3mez Di Leva (Psic\u00f3logo y columnista de Canal 26), Marcela Diodati (Psic\u00f3loga), Claudio Santa Mar\u00eda (m\u00e9dico y columnista de Am\u00e9rica TV), Mar\u00eda Luisa Lerer (Psic\u00f3loga), Andrea Demasi (Ministerio de Salud, Direcci\u00f3n Nacional de Salud Mental y Adicciones), Nora Corti\u00f1as (Madres de Plaza de mayo, l\u00ednea fundadora), Eva Amorin (Defensor\u00eda General de la Naci\u00f3n, Unidad de Letrados de Salud mental), Felicitas Tedeschi (Prensa, Defensor\u00eda General de la Naci\u00f3n), Julia Contreras (INADI), Luis Alen (Ministerio de Justicia y DDHH), Valeria Zapesochny (Ministerio de Salud de la naci\u00f3n), Leonardo Gorbacz (redactor de la Ley de Salud Mental), Mar\u00eda P\u00eda Venturiello (Instituto de Investigaci\u00f3n Gino Germani), Dra. Ana L\u00eda Kornblit (Instituto de Investigaci\u00f3n Gino Germani), Silvia Farone (UBA), Liliana Hendel (TV P\u00fablica), Alfredo Grande (Psiquiatra y psicoanalista), Tesy De Biase (La Naci\u00f3n), Oscar Orquera (Radio Am\u00e9rica), Ver\u00f3nica Gonz\u00e1lez (TV P\u00fablica), Claudio Bernardez (Coalici\u00f3n por una Comunicaci\u00f3n Democr\u00e1tica), Carlos Boronat (Asociaci\u00f3n de Suicidolog\u00eda de Latinoam\u00e9rica y el Caribe &#8211; Centro de Atenci\u00f3n al Suicida), H\u00e9ctor Basile (Red Mundial De Suicid\u00f3logos), Diana Altavilla (Centro de Atenci\u00f3n al Familiar del Suicida), Fernanda Azcoitia (Centro de Atenci\u00f3n al Suicida), Enrique De Rosa (especialista en Psiquiatr\u00eda, Neurolog\u00eda, Medicina Legal y Forense), Juan Pablo Cannata (Universidad Austral), Valeria Rom\u00e1n (Clar\u00edn), Ana Alas (Am\u00e9rica TV), Sol Guardia (Am\u00e9rica TV), Alejandra Maroto (Canal 9), H\u00e9ctor Szmidt (Radio Soberan\u00eda Nacional Berazategui), Anal\u00eda Bali\u00e1n (TELAM), Fernando Alonso (TV P\u00fablica), Ra\u00fal Osvaldo Lata (AM 1480 Sensaciones), Liliana Arias (Radio Nacional), Direcci\u00f3n de Fiscalizaci\u00f3n y Evaluaci\u00f3n de la AFSCA, Gerardo Averbuj (Ministerio de Educaci\u00f3n), Gisela L\u00f3pez (Canal 360), Lucas Laviana (Radio Am\u00e9rica), Cristina Cama\u00f1o, Guillermo Sordintairis, Noem\u00ed Zamora (FM \u201cLa Siglo de Mor\u00f3n\u201d), Hugo Krasnobroda (Diario Tribuno de Salta), y Alejandro Gomel (Radio Del Plata).<\/p>\n<blockquote><p>Seguinos en Instagram\u00a0<a href=\"https:\/\/www.instagram.com\/diariodigitalfemenino_\/\">@diariodigitalfemenino_<\/a><br \/>\n<a href=\"https:\/\/www.instagram.com\/lennycaceres69\/\">@lennycaceres69<\/a><\/p><\/blockquote>\n","protected":false},"excerpt":{"rendered":"<p>Este Dec\u00e1logo es la s\u00edntesis del segundo apartado de la \u201cGu\u00eda para el tratamiento medi\u00e1tico responsable de la Salud Mental\u201d elaborada por la Defensor\u00eda del P\u00fablico de Servicios de Comunicaci\u00f3n Audiovisual con la participaci\u00f3n de trabajadoras y trabajadores de los medios de comunicaci\u00f3n, profesionales, asociaciones y organismos nacionales vinculados a la prevenci\u00f3n y tratamiento del [&hellip;]<\/p>\n","protected":false},"author":4,"featured_media":72651,"comment_status":"open","ping_status":"open","sticky":false,"template":"","format":"standard","meta":{"iawp_total_views":61,"footnotes":""},"categories":[7,178,627,78,23],"tags":[1734,5086,4372,162,3262,1083],"class_list":["post-72650","post","type-post","status-publish","format-standard","has-post-thumbnail","hentry","category-actividades","category-articulos-y-comunicados","category-genero-y-derechos-humanos","category-guias","category-salud","tag-abordaje","tag-compromiso-social","tag-destacada","tag-medios-de-comunicacion","tag-responsabilidad","tag-suicidios"],"nelio_content":{"autoShareEndMode":"never","automationSources":{"useCustomSentences":false,"customSentences":[]},"efiAlt":"","efiUrl":"","followers":[4],"highlights":[],"isAutoShareEnabled":true,"networkImageIds":[],"permalinkQueryArgs":[],"series":[],"suggestedReferences":[]},"yoast_head":"<!-- This site is optimized with the Yoast SEO plugin v27.5 - https:\/\/yoast.com\/product\/yoast-seo-wordpress\/ -->\n<title>Dec\u00e1logo para el tratamiento medi\u00e1tico responsable de casos de suicidio - Diario Digital Femenino<\/title>\n<meta name=\"description\" content=\"Dec\u00e1logo para el tratamiento medi\u00e1tico. una herramienta de trabajo y marco formativo para abordarlas tem\u00e1ticas de salud mental.\" \/>\n<meta name=\"robots\" content=\"index, follow, max-snippet:-1, max-image-preview:large, max-video-preview:-1\" \/>\n<link rel=\"canonical\" href=\"https:\/\/diariofemenino.com.ar\/df\/decalogo-para-el-tratamiento-mediatico-responsable-de-casos-de-suicidio\/\" \/>\n<meta property=\"og:locale\" content=\"es_ES\" \/>\n<meta property=\"og:type\" content=\"article\" \/>\n<meta property=\"og:title\" content=\"Dec\u00e1logo para el tratamiento medi\u00e1tico responsable de casos de suicidio - Diario Digital Femenino\" \/>\n<meta property=\"og:description\" content=\"Dec\u00e1logo para el tratamiento medi\u00e1tico. una herramienta de trabajo y marco formativo para abordarlas tem\u00e1ticas de salud mental.\" \/>\n<meta property=\"og:url\" content=\"https:\/\/diariofemenino.com.ar\/df\/decalogo-para-el-tratamiento-mediatico-responsable-de-casos-de-suicidio\/\" \/>\n<meta property=\"og:site_name\" content=\"Diario Digital Femenino\" \/>\n<meta property=\"article:publisher\" content=\"https:\/\/www.facebook.com\/DiarioDigitaFemenino\/\" \/>\n<meta property=\"article:published_time\" content=\"2024-04-18T13:13:30+00:00\" \/>\n<meta property=\"article:modified_time\" content=\"2024-04-18T14:04:32+00:00\" \/>\n<meta property=\"og:image\" content=\"https:\/\/diariofemenino.com.ar\/df\/wp-content\/uploads\/2024\/04\/Por-que-se-conmemora-el-dia-mundial-del-suicidio.jpg\" \/>\n\t<meta property=\"og:image:width\" content=\"816\" \/>\n\t<meta property=\"og:image:height\" content=\"460\" \/>\n\t<meta property=\"og:image:type\" content=\"image\/jpeg\" \/>\n<meta name=\"author\" content=\"Admin\" \/>\n<meta name=\"twitter:card\" content=\"summary_large_image\" \/>\n<meta name=\"twitter:creator\" content=\"@DiarioFemenino1\" \/>\n<meta name=\"twitter:site\" content=\"@DiarioFemenino1\" \/>\n<meta name=\"twitter:label1\" content=\"Escrito por\" \/>\n\t<meta name=\"twitter:data1\" content=\"Admin\" \/>\n\t<meta name=\"twitter:label2\" content=\"Tiempo de lectura\" \/>\n\t<meta name=\"twitter:data2\" content=\"7 minutos\" \/>\n<script type=\"application\/ld+json\" class=\"yoast-schema-graph\">{\"@context\":\"https:\\\/\\\/schema.org\",\"@graph\":[{\"@type\":\"Article\",\"@id\":\"https:\\\/\\\/diariofemenino.com.ar\\\/df\\\/decalogo-para-el-tratamiento-mediatico-responsable-de-casos-de-suicidio\\\/#article\",\"isPartOf\":{\"@id\":\"https:\\\/\\\/diariofemenino.com.ar\\\/df\\\/decalogo-para-el-tratamiento-mediatico-responsable-de-casos-de-suicidio\\\/\"},\"author\":{\"name\":\"Admin\",\"@id\":\"https:\\\/\\\/diariofemenino.com.ar\\\/df\\\/#\\\/schema\\\/person\\\/bf6199e8158c657ea6f789b11ec85509\"},\"headline\":\"Dec\u00e1logo para el tratamiento medi\u00e1tico responsable de casos de suicidio\",\"datePublished\":\"2024-04-18T13:13:30+00:00\",\"dateModified\":\"2024-04-18T14:04:32+00:00\",\"mainEntityOfPage\":{\"@id\":\"https:\\\/\\\/diariofemenino.com.ar\\\/df\\\/decalogo-para-el-tratamiento-mediatico-responsable-de-casos-de-suicidio\\\/\"},\"wordCount\":1478,\"commentCount\":0,\"publisher\":{\"@id\":\"https:\\\/\\\/diariofemenino.com.ar\\\/df\\\/#organization\"},\"image\":{\"@id\":\"https:\\\/\\\/diariofemenino.com.ar\\\/df\\\/decalogo-para-el-tratamiento-mediatico-responsable-de-casos-de-suicidio\\\/#primaryimage\"},\"thumbnailUrl\":\"https:\\\/\\\/diariofemenino.com.ar\\\/df\\\/wp-content\\\/uploads\\\/2024\\\/04\\\/Por-que-se-conmemora-el-dia-mundial-del-suicidio.jpg\",\"keywords\":[\"Abordaje\",\"Compromiso social\",\"Destacada\",\"Medios de Comunicaci\u00f3n\",\"responsabilidad\",\"Suicidios\"],\"articleSection\":[\"Actividades\",\"Art\u00edculos y Comunicados\",\"G\u00e9nero y Derechos Humanos\",\"Gu\u00edas\",\"Salud\"],\"inLanguage\":\"es\",\"potentialAction\":[{\"@type\":\"CommentAction\",\"name\":\"Comment\",\"target\":[\"https:\\\/\\\/diariofemenino.com.ar\\\/df\\\/decalogo-para-el-tratamiento-mediatico-responsable-de-casos-de-suicidio\\\/#respond\"]}]},{\"@type\":\"WebPage\",\"@id\":\"https:\\\/\\\/diariofemenino.com.ar\\\/df\\\/decalogo-para-el-tratamiento-mediatico-responsable-de-casos-de-suicidio\\\/\",\"url\":\"https:\\\/\\\/diariofemenino.com.ar\\\/df\\\/decalogo-para-el-tratamiento-mediatico-responsable-de-casos-de-suicidio\\\/\",\"name\":\"Dec\u00e1logo para el tratamiento medi\u00e1tico responsable de casos de suicidio - Diario Digital Femenino\",\"isPartOf\":{\"@id\":\"https:\\\/\\\/diariofemenino.com.ar\\\/df\\\/#website\"},\"primaryImageOfPage\":{\"@id\":\"https:\\\/\\\/diariofemenino.com.ar\\\/df\\\/decalogo-para-el-tratamiento-mediatico-responsable-de-casos-de-suicidio\\\/#primaryimage\"},\"image\":{\"@id\":\"https:\\\/\\\/diariofemenino.com.ar\\\/df\\\/decalogo-para-el-tratamiento-mediatico-responsable-de-casos-de-suicidio\\\/#primaryimage\"},\"thumbnailUrl\":\"https:\\\/\\\/diariofemenino.com.ar\\\/df\\\/wp-content\\\/uploads\\\/2024\\\/04\\\/Por-que-se-conmemora-el-dia-mundial-del-suicidio.jpg\",\"datePublished\":\"2024-04-18T13:13:30+00:00\",\"dateModified\":\"2024-04-18T14:04:32+00:00\",\"description\":\"Dec\u00e1logo para el tratamiento medi\u00e1tico. una herramienta de trabajo y marco formativo para abordarlas tem\u00e1ticas de salud mental.\",\"breadcrumb\":{\"@id\":\"https:\\\/\\\/diariofemenino.com.ar\\\/df\\\/decalogo-para-el-tratamiento-mediatico-responsable-de-casos-de-suicidio\\\/#breadcrumb\"},\"inLanguage\":\"es\",\"potentialAction\":[{\"@type\":\"ReadAction\",\"target\":[\"https:\\\/\\\/diariofemenino.com.ar\\\/df\\\/decalogo-para-el-tratamiento-mediatico-responsable-de-casos-de-suicidio\\\/\"]}]},{\"@type\":\"ImageObject\",\"inLanguage\":\"es\",\"@id\":\"https:\\\/\\\/diariofemenino.com.ar\\\/df\\\/decalogo-para-el-tratamiento-mediatico-responsable-de-casos-de-suicidio\\\/#primaryimage\",\"url\":\"https:\\\/\\\/diariofemenino.com.ar\\\/df\\\/wp-content\\\/uploads\\\/2024\\\/04\\\/Por-que-se-conmemora-el-dia-mundial-del-suicidio.jpg\",\"contentUrl\":\"https:\\\/\\\/diariofemenino.com.ar\\\/df\\\/wp-content\\\/uploads\\\/2024\\\/04\\\/Por-que-se-conmemora-el-dia-mundial-del-suicidio.jpg\",\"width\":816,\"height\":460,\"caption\":\"Dec\u00e1logo para el tratamiento medi\u00e1tico responsable de casos de suicidio\"},{\"@type\":\"BreadcrumbList\",\"@id\":\"https:\\\/\\\/diariofemenino.com.ar\\\/df\\\/decalogo-para-el-tratamiento-mediatico-responsable-de-casos-de-suicidio\\\/#breadcrumb\",\"itemListElement\":[{\"@type\":\"ListItem\",\"position\":1,\"name\":\"Portada\",\"item\":\"https:\\\/\\\/diariofemenino.com.ar\\\/df\\\/\"},{\"@type\":\"ListItem\",\"position\":2,\"name\":\"Dec\u00e1logo para el tratamiento medi\u00e1tico responsable de casos de suicidio\"}]},{\"@type\":\"WebSite\",\"@id\":\"https:\\\/\\\/diariofemenino.com.ar\\\/df\\\/#website\",\"url\":\"https:\\\/\\\/diariofemenino.com.ar\\\/df\\\/\",\"name\":\"Diario Digital Femenino\",\"description\":\"Cuesti\u00f3n de G\u00e9nero\",\"publisher\":{\"@id\":\"https:\\\/\\\/diariofemenino.com.ar\\\/df\\\/#organization\"},\"potentialAction\":[{\"@type\":\"SearchAction\",\"target\":{\"@type\":\"EntryPoint\",\"urlTemplate\":\"https:\\\/\\\/diariofemenino.com.ar\\\/df\\\/?s={search_term_string}\"},\"query-input\":{\"@type\":\"PropertyValueSpecification\",\"valueRequired\":true,\"valueName\":\"search_term_string\"}}],\"inLanguage\":\"es\"},{\"@type\":\"Organization\",\"@id\":\"https:\\\/\\\/diariofemenino.com.ar\\\/df\\\/#organization\",\"name\":\"Diario Femenino\",\"url\":\"https:\\\/\\\/diariofemenino.com.ar\\\/df\\\/\",\"logo\":{\"@type\":\"ImageObject\",\"inLanguage\":\"es\",\"@id\":\"https:\\\/\\\/diariofemenino.com.ar\\\/df\\\/#\\\/schema\\\/logo\\\/image\\\/\",\"url\":\"https:\\\/\\\/diariofemenino.com.ar\\\/df\\\/wp-content\\\/uploads\\\/2018\\\/10\\\/logo.png\",\"contentUrl\":\"https:\\\/\\\/diariofemenino.com.ar\\\/df\\\/wp-content\\\/uploads\\\/2018\\\/10\\\/logo.png\",\"width\":500,\"height\":92,\"caption\":\"Diario Femenino\"},\"image\":{\"@id\":\"https:\\\/\\\/diariofemenino.com.ar\\\/df\\\/#\\\/schema\\\/logo\\\/image\\\/\"},\"sameAs\":[\"https:\\\/\\\/www.facebook.com\\\/DiarioDigitaFemenino\\\/\",\"https:\\\/\\\/x.com\\\/DiarioFemenino1\"]},{\"@type\":\"Person\",\"@id\":\"https:\\\/\\\/diariofemenino.com.ar\\\/df\\\/#\\\/schema\\\/person\\\/bf6199e8158c657ea6f789b11ec85509\",\"name\":\"Admin\",\"image\":{\"@type\":\"ImageObject\",\"inLanguage\":\"es\",\"@id\":\"https:\\\/\\\/diariofemenino.com.ar\\\/df\\\/wp-content\\\/uploads\\\/2018\\\/12\\\/favicon-150x150.jpg\",\"url\":\"https:\\\/\\\/diariofemenino.com.ar\\\/df\\\/wp-content\\\/uploads\\\/2018\\\/12\\\/favicon-150x150.jpg\",\"contentUrl\":\"https:\\\/\\\/diariofemenino.com.ar\\\/df\\\/wp-content\\\/uploads\\\/2018\\\/12\\\/favicon-150x150.jpg\",\"caption\":\"Admin\"},\"url\":\"https:\\\/\\\/diariofemenino.com.ar\\\/df\\\/author\\\/lenny\\\/\"}]}<\/script>\n<!-- \/ Yoast SEO plugin. -->","yoast_head_json":{"title":"Dec\u00e1logo para el tratamiento medi\u00e1tico responsable de casos de suicidio - Diario Digital Femenino","description":"Dec\u00e1logo para el tratamiento medi\u00e1tico. una herramienta de trabajo y marco formativo para abordarlas tem\u00e1ticas de salud mental.","robots":{"index":"index","follow":"follow","max-snippet":"max-snippet:-1","max-image-preview":"max-image-preview:large","max-video-preview":"max-video-preview:-1"},"canonical":"https:\/\/diariofemenino.com.ar\/df\/decalogo-para-el-tratamiento-mediatico-responsable-de-casos-de-suicidio\/","og_locale":"es_ES","og_type":"article","og_title":"Dec\u00e1logo para el tratamiento medi\u00e1tico responsable de casos de suicidio - Diario Digital Femenino","og_description":"Dec\u00e1logo para el tratamiento medi\u00e1tico. una herramienta de trabajo y marco formativo para abordarlas tem\u00e1ticas de salud mental.","og_url":"https:\/\/diariofemenino.com.ar\/df\/decalogo-para-el-tratamiento-mediatico-responsable-de-casos-de-suicidio\/","og_site_name":"Diario Digital Femenino","article_publisher":"https:\/\/www.facebook.com\/DiarioDigitaFemenino\/","article_published_time":"2024-04-18T13:13:30+00:00","article_modified_time":"2024-04-18T14:04:32+00:00","og_image":[{"width":816,"height":460,"url":"https:\/\/diariofemenino.com.ar\/df\/wp-content\/uploads\/2024\/04\/Por-que-se-conmemora-el-dia-mundial-del-suicidio.jpg","type":"image\/jpeg"}],"author":"Admin","twitter_card":"summary_large_image","twitter_creator":"@DiarioFemenino1","twitter_site":"@DiarioFemenino1","twitter_misc":{"Escrito por":"Admin","Tiempo de lectura":"7 minutos"},"schema":{"@context":"https:\/\/schema.org","@graph":[{"@type":"Article","@id":"https:\/\/diariofemenino.com.ar\/df\/decalogo-para-el-tratamiento-mediatico-responsable-de-casos-de-suicidio\/#article","isPartOf":{"@id":"https:\/\/diariofemenino.com.ar\/df\/decalogo-para-el-tratamiento-mediatico-responsable-de-casos-de-suicidio\/"},"author":{"name":"Admin","@id":"https:\/\/diariofemenino.com.ar\/df\/#\/schema\/person\/bf6199e8158c657ea6f789b11ec85509"},"headline":"Dec\u00e1logo para el tratamiento medi\u00e1tico responsable de casos de suicidio","datePublished":"2024-04-18T13:13:30+00:00","dateModified":"2024-04-18T14:04:32+00:00","mainEntityOfPage":{"@id":"https:\/\/diariofemenino.com.ar\/df\/decalogo-para-el-tratamiento-mediatico-responsable-de-casos-de-suicidio\/"},"wordCount":1478,"commentCount":0,"publisher":{"@id":"https:\/\/diariofemenino.com.ar\/df\/#organization"},"image":{"@id":"https:\/\/diariofemenino.com.ar\/df\/decalogo-para-el-tratamiento-mediatico-responsable-de-casos-de-suicidio\/#primaryimage"},"thumbnailUrl":"https:\/\/diariofemenino.com.ar\/df\/wp-content\/uploads\/2024\/04\/Por-que-se-conmemora-el-dia-mundial-del-suicidio.jpg","keywords":["Abordaje","Compromiso social","Destacada","Medios de Comunicaci\u00f3n","responsabilidad","Suicidios"],"articleSection":["Actividades","Art\u00edculos y Comunicados","G\u00e9nero y Derechos Humanos","Gu\u00edas","Salud"],"inLanguage":"es","potentialAction":[{"@type":"CommentAction","name":"Comment","target":["https:\/\/diariofemenino.com.ar\/df\/decalogo-para-el-tratamiento-mediatico-responsable-de-casos-de-suicidio\/#respond"]}]},{"@type":"WebPage","@id":"https:\/\/diariofemenino.com.ar\/df\/decalogo-para-el-tratamiento-mediatico-responsable-de-casos-de-suicidio\/","url":"https:\/\/diariofemenino.com.ar\/df\/decalogo-para-el-tratamiento-mediatico-responsable-de-casos-de-suicidio\/","name":"Dec\u00e1logo para el tratamiento medi\u00e1tico responsable de casos de suicidio - Diario Digital Femenino","isPartOf":{"@id":"https:\/\/diariofemenino.com.ar\/df\/#website"},"primaryImageOfPage":{"@id":"https:\/\/diariofemenino.com.ar\/df\/decalogo-para-el-tratamiento-mediatico-responsable-de-casos-de-suicidio\/#primaryimage"},"image":{"@id":"https:\/\/diariofemenino.com.ar\/df\/decalogo-para-el-tratamiento-mediatico-responsable-de-casos-de-suicidio\/#primaryimage"},"thumbnailUrl":"https:\/\/diariofemenino.com.ar\/df\/wp-content\/uploads\/2024\/04\/Por-que-se-conmemora-el-dia-mundial-del-suicidio.jpg","datePublished":"2024-04-18T13:13:30+00:00","dateModified":"2024-04-18T14:04:32+00:00","description":"Dec\u00e1logo para el tratamiento medi\u00e1tico. una herramienta de trabajo y marco formativo para abordarlas tem\u00e1ticas de salud mental.","breadcrumb":{"@id":"https:\/\/diariofemenino.com.ar\/df\/decalogo-para-el-tratamiento-mediatico-responsable-de-casos-de-suicidio\/#breadcrumb"},"inLanguage":"es","potentialAction":[{"@type":"ReadAction","target":["https:\/\/diariofemenino.com.ar\/df\/decalogo-para-el-tratamiento-mediatico-responsable-de-casos-de-suicidio\/"]}]},{"@type":"ImageObject","inLanguage":"es","@id":"https:\/\/diariofemenino.com.ar\/df\/decalogo-para-el-tratamiento-mediatico-responsable-de-casos-de-suicidio\/#primaryimage","url":"https:\/\/diariofemenino.com.ar\/df\/wp-content\/uploads\/2024\/04\/Por-que-se-conmemora-el-dia-mundial-del-suicidio.jpg","contentUrl":"https:\/\/diariofemenino.com.ar\/df\/wp-content\/uploads\/2024\/04\/Por-que-se-conmemora-el-dia-mundial-del-suicidio.jpg","width":816,"height":460,"caption":"Dec\u00e1logo para el tratamiento medi\u00e1tico responsable de casos de suicidio"},{"@type":"BreadcrumbList","@id":"https:\/\/diariofemenino.com.ar\/df\/decalogo-para-el-tratamiento-mediatico-responsable-de-casos-de-suicidio\/#breadcrumb","itemListElement":[{"@type":"ListItem","position":1,"name":"Portada","item":"https:\/\/diariofemenino.com.ar\/df\/"},{"@type":"ListItem","position":2,"name":"Dec\u00e1logo para el tratamiento medi\u00e1tico responsable de casos de suicidio"}]},{"@type":"WebSite","@id":"https:\/\/diariofemenino.com.ar\/df\/#website","url":"https:\/\/diariofemenino.com.ar\/df\/","name":"Diario Digital Femenino","description":"Cuesti\u00f3n de G\u00e9nero","publisher":{"@id":"https:\/\/diariofemenino.com.ar\/df\/#organization"},"potentialAction":[{"@type":"SearchAction","target":{"@type":"EntryPoint","urlTemplate":"https:\/\/diariofemenino.com.ar\/df\/?s={search_term_string}"},"query-input":{"@type":"PropertyValueSpecification","valueRequired":true,"valueName":"search_term_string"}}],"inLanguage":"es"},{"@type":"Organization","@id":"https:\/\/diariofemenino.com.ar\/df\/#organization","name":"Diario Femenino","url":"https:\/\/diariofemenino.com.ar\/df\/","logo":{"@type":"ImageObject","inLanguage":"es","@id":"https:\/\/diariofemenino.com.ar\/df\/#\/schema\/logo\/image\/","url":"https:\/\/diariofemenino.com.ar\/df\/wp-content\/uploads\/2018\/10\/logo.png","contentUrl":"https:\/\/diariofemenino.com.ar\/df\/wp-content\/uploads\/2018\/10\/logo.png","width":500,"height":92,"caption":"Diario Femenino"},"image":{"@id":"https:\/\/diariofemenino.com.ar\/df\/#\/schema\/logo\/image\/"},"sameAs":["https:\/\/www.facebook.com\/DiarioDigitaFemenino\/","https:\/\/x.com\/DiarioFemenino1"]},{"@type":"Person","@id":"https:\/\/diariofemenino.com.ar\/df\/#\/schema\/person\/bf6199e8158c657ea6f789b11ec85509","name":"Admin","image":{"@type":"ImageObject","inLanguage":"es","@id":"https:\/\/diariofemenino.com.ar\/df\/wp-content\/uploads\/2018\/12\/favicon-150x150.jpg","url":"https:\/\/diariofemenino.com.ar\/df\/wp-content\/uploads\/2018\/12\/favicon-150x150.jpg","contentUrl":"https:\/\/diariofemenino.com.ar\/df\/wp-content\/uploads\/2018\/12\/favicon-150x150.jpg","caption":"Admin"},"url":"https:\/\/diariofemenino.com.ar\/df\/author\/lenny\/"}]}},"jetpack_featured_media_url":"https:\/\/diariofemenino.com.ar\/df\/wp-content\/uploads\/2024\/04\/Por-que-se-conmemora-el-dia-mundial-del-suicidio.jpg","jetpack_sharing_enabled":true,"rttpg_featured_image_url":{"full":["https:\/\/diariofemenino.com.ar\/df\/wp-content\/uploads\/2024\/04\/Por-que-se-conmemora-el-dia-mundial-del-suicidio.jpg",816,460,false],"landscape":["https:\/\/diariofemenino.com.ar\/df\/wp-content\/uploads\/2024\/04\/Por-que-se-conmemora-el-dia-mundial-del-suicidio.jpg",816,460,false],"portraits":["https:\/\/diariofemenino.com.ar\/df\/wp-content\/uploads\/2024\/04\/Por-que-se-conmemora-el-dia-mundial-del-suicidio.jpg",816,460,false],"thumbnail":["https:\/\/diariofemenino.com.ar\/df\/wp-content\/uploads\/2024\/04\/Por-que-se-conmemora-el-dia-mundial-del-suicidio-150x150.jpg",150,150,true],"medium":["https:\/\/diariofemenino.com.ar\/df\/wp-content\/uploads\/2024\/04\/Por-que-se-conmemora-el-dia-mundial-del-suicidio-300x169.jpg",300,169,true],"large":["https:\/\/diariofemenino.com.ar\/df\/wp-content\/uploads\/2024\/04\/Por-que-se-conmemora-el-dia-mundial-del-suicidio.jpg",816,460,false],"1536x1536":["https:\/\/diariofemenino.com.ar\/df\/wp-content\/uploads\/2024\/04\/Por-que-se-conmemora-el-dia-mundial-del-suicidio.jpg",816,460,false],"2048x2048":["https:\/\/diariofemenino.com.ar\/df\/wp-content\/uploads\/2024\/04\/Por-que-se-conmemora-el-dia-mundial-del-suicidio.jpg",816,460,false]},"rttpg_author":{"display_name":"Admin","author_link":"https:\/\/diariofemenino.com.ar\/df\/author\/lenny\/"},"rttpg_comment":0,"rttpg_category":"<a href=\"https:\/\/diariofemenino.com.ar\/df\/category\/actividades\/\" rel=\"category tag\">Actividades<\/a> <a href=\"https:\/\/diariofemenino.com.ar\/df\/category\/articulos-y-comunicados\/\" rel=\"category tag\">Art\u00edculos y Comunicados<\/a> <a href=\"https:\/\/diariofemenino.com.ar\/df\/category\/genero-y-derechos-humanos\/\" rel=\"category tag\">G\u00e9nero y Derechos Humanos<\/a> <a href=\"https:\/\/diariofemenino.com.ar\/df\/category\/guias\/\" rel=\"category tag\">Gu\u00edas<\/a> <a href=\"https:\/\/diariofemenino.com.ar\/df\/category\/salud\/\" rel=\"category tag\">Salud<\/a>","rttpg_excerpt":"Este Dec\u00e1logo es la s\u00edntesis del segundo apartado de la \u201cGu\u00eda para el tratamiento medi\u00e1tico responsable de la Salud Mental\u201d elaborada por la Defensor\u00eda del P\u00fablico de Servicios de Comunicaci\u00f3n Audiovisual con la participaci\u00f3n de trabajadoras y trabajadores de los medios de comunicaci\u00f3n, profesionales, asociaciones y organismos nacionales vinculados a la prevenci\u00f3n y tratamiento del&hellip;","_links":{"self":[{"href":"https:\/\/diariofemenino.com.ar\/df\/wp-json\/wp\/v2\/posts\/72650","targetHints":{"allow":["GET"]}}],"collection":[{"href":"https:\/\/diariofemenino.com.ar\/df\/wp-json\/wp\/v2\/posts"}],"about":[{"href":"https:\/\/diariofemenino.com.ar\/df\/wp-json\/wp\/v2\/types\/post"}],"author":[{"embeddable":true,"href":"https:\/\/diariofemenino.com.ar\/df\/wp-json\/wp\/v2\/users\/4"}],"replies":[{"embeddable":true,"href":"https:\/\/diariofemenino.com.ar\/df\/wp-json\/wp\/v2\/comments?post=72650"}],"version-history":[{"count":0,"href":"https:\/\/diariofemenino.com.ar\/df\/wp-json\/wp\/v2\/posts\/72650\/revisions"}],"wp:featuredmedia":[{"embeddable":true,"href":"https:\/\/diariofemenino.com.ar\/df\/wp-json\/wp\/v2\/media\/72651"}],"wp:attachment":[{"href":"https:\/\/diariofemenino.com.ar\/df\/wp-json\/wp\/v2\/media?parent=72650"}],"wp:term":[{"taxonomy":"category","embeddable":true,"href":"https:\/\/diariofemenino.com.ar\/df\/wp-json\/wp\/v2\/categories?post=72650"},{"taxonomy":"post_tag","embeddable":true,"href":"https:\/\/diariofemenino.com.ar\/df\/wp-json\/wp\/v2\/tags?post=72650"}],"curies":[{"name":"wp","href":"https:\/\/api.w.org\/{rel}","templated":true}]}}