{"id":72634,"date":"2024-04-16T09:36:17","date_gmt":"2024-04-16T12:36:17","guid":{"rendered":"https:\/\/diariofemenino.com.ar\/df\/?p=72634"},"modified":"2024-10-04T20:15:59","modified_gmt":"2024-10-04T23:15:59","slug":"decalogo-para-el-tratamiento-mediatico-responsable-de-la-salud-mental","status":"publish","type":"post","link":"https:\/\/diariofemenino.com.ar\/df\/decalogo-para-el-tratamiento-mediatico-responsable-de-la-salud-mental\/","title":{"rendered":"Dec\u00e1logo para el tratamiento medi\u00e1tico responsable de la Salud Mental"},"content":{"rendered":"<p>Este Dec\u00e1logo es la s\u00edntesis del primer apartado de la \u201cGu\u00eda para el tratamiento medi\u00e1tico responsable de la Salud Mental\u201d elaborada por la Defensor\u00eda del P\u00fablico de Servicios de Comunicaci\u00f3n Audiovisual con la participaci\u00f3n de trabajadores de los medios de comunicaci\u00f3n y del campo de la <a href=\"https:\/\/diariofemenino.com.ar\/df\/la-necesidad-y-urgencia-de-la-ley-de-salud-mental-es-su-plena-implementacion\/\">salud mental<\/a>.<\/p>\n<p>UNO: <strong>Enunciar la informaci\u00f3n desde una perspectiva de derechos<\/strong><br \/>\nIncorporar y desarrollar los temas de salud mental bajo la categor\u00eda \u201csalud p\u00fablica\u201d y no exclusivamente \u201cpoliciales\u201d, ya que los padecimientos mentales no son delitos. La salud mental es una parte integral de la salud. Resulta adecuado o positivo incluir en la agenda las actividades y programas de promoci\u00f3n, prevenci\u00f3n, tratamiento y rehabilitaci\u00f3n en salud mental que se desarrollan en el pa\u00eds. A su vez, es conveniente contribuir a concientizar a la poblaci\u00f3n sobre el cambio de paradigma que establece la nueva Ley de Salud Mental y comunicar los derechos de las personas con padecimiento mental. Puede resultar oportuno aprovechar las fechas celebratorias o conmemorativas, como por ejemplo, el D\u00eda Nacional y Mundial de la Salud Mental (10 de octubre), el D\u00eda de la Reglamentaci\u00f3n de la Ley de Salud Mental (28 de mayo), el D\u00eda Internacional de las Personas con Discapacidad (3 de diciembre).<\/p>\n<p>DOS: <strong>Promover una comunicaci\u00f3n integral a partir de una diversidad de fuentes<\/strong> Incorporar las voces de las personas usuarias del sistema de salud mental para contribuir a desarticular estereotipos y afianzar un enfoque de derechos humanos en el que se los reconozca como sujetos de derecho. Al hacerlo, ser respetuoso, en lugar de temeroso y privilegiar las preguntas abiertas y no invasivas. Es recomendable incluir voces de especialistas, jerarquiz\u00e1ndolas para contextualizar los casos, desarticular los mitos y profundizar el an\u00e1lisis de las problem\u00e1ticas de salud mental ante la audiencia. En este \u00faltimo caso, es fundamental visualizar los datos profesionales y de contacto para que la audiencia pueda obtener ayuda u orientaci\u00f3n en caso de atravesar una problem\u00e1tica de salud mental. Es conveniente reflexionar sobre la utilizaci\u00f3n de testimonios de terceros ocasionales, ya que pueden proporcionar observaciones inexactas que propicien la estigmatizaci\u00f3n social.<\/p>\n<p>TRES: <strong>Evitar representaciones negativas y estigmatizantes<\/strong><br \/>\nEs necesario propiciar abordajes que no asocien el padecimiento mental con la peligrosidad, la anormalidad, la incapacidad o como causa de acciones violentas y delictivas, ya que estas conductas no son uni-causales. Asimismo, es conveniente recordar que el diagn\u00f3stico en el campo de la salud mental no habilita la presunci\u00f3n de da\u00f1o. Es importante tener presente que este tipo de enfoques pueden reforzar la exclusi\u00f3n social, no dan cuenta de la singularidad de la persona ni contribuyen a brindar orientaciones para la resoluci\u00f3n del padecimiento. Tambi\u00e9n resulta trascendente intentar desarticular los estereotipos vigentes sobre la salud mental.<\/p>\n<p>CUATRO: <strong>Construir una comunicaci\u00f3n no espectacularizante<\/strong><br \/>\nEvitar la difusi\u00f3n medi\u00e1tica de los casos m\u00e1s extremos por el simple fin de crear impacto en la audiencia (personas en plena crisis o que no reciben un tratamiento m\u00e9dico adecuado). La mediatizaci\u00f3n puede ser positiva al procurar contribuir a la obtenci\u00f3n de la asistencia necesaria; pero si se invade la intimidad o se sobredimensiona el hecho de que el protagonista de una noticia vivencie un padecimiento mental, se pueden vulnerar derechos. Para ello, es conveniente no anclar el relato en el padecimiento, sino en enfatizar las potencialidades, avances y logros de la persona.<\/p>\n<figure id=\"attachment_72636\" aria-describedby=\"caption-attachment-72636\" style=\"width: 527px\" class=\"wp-caption aligncenter\"><img loading=\"lazy\" decoding=\"async\" class=\" wp-image-72636\" src=\"https:\/\/diariofemenino.com.ar\/df\/wp-content\/uploads\/2024\/04\/mental-health-illustration-concept-character-with-mental-disorder-struggling-against-stress-psychotherapy-concept-depression-emotional-exhaustion-and-other-psychological-problems-vector.jpg\" alt=\"Dec\u00e1logo para el tratamiento medi\u00e1tico responsable de la Salud Mental\" width=\"527\" height=\"527\" srcset=\"https:\/\/diariofemenino.com.ar\/df\/wp-content\/uploads\/2024\/04\/mental-health-illustration-concept-character-with-mental-disorder-struggling-against-stress-psychotherapy-concept-depression-emotional-exhaustion-and-other-psychological-problems-vector.jpg 980w, https:\/\/diariofemenino.com.ar\/df\/wp-content\/uploads\/2024\/04\/mental-health-illustration-concept-character-with-mental-disorder-struggling-against-stress-psychotherapy-concept-depression-emotional-exhaustion-and-other-psychological-problems-vector-300x300.jpg 300w, https:\/\/diariofemenino.com.ar\/df\/wp-content\/uploads\/2024\/04\/mental-health-illustration-concept-character-with-mental-disorder-struggling-against-stress-psychotherapy-concept-depression-emotional-exhaustion-and-other-psychological-problems-vector-150x150.jpg 150w, https:\/\/diariofemenino.com.ar\/df\/wp-content\/uploads\/2024\/04\/mental-health-illustration-concept-character-with-mental-disorder-struggling-against-stress-psychotherapy-concept-depression-emotional-exhaustion-and-other-psychological-problems-vector-768x768.jpg 768w\" sizes=\"auto, (max-width: 527px) 100vw, 527px\" \/><figcaption id=\"caption-attachment-72636\" class=\"wp-caption-text\">Dec\u00e1logo para el tratamiento medi\u00e1tico responsable de la Salud Mental<\/figcaption><\/figure>\n<p>CINCO: <strong>Procurar abordajes rigurosos <\/strong><br \/>\nResulta conveniente mencionar los problemas de salud mental, tanto en titulares como en el desarrollo de las notas, s\u00f3lo cuando sea un dato imprescindible para comprender los hechos que comunica la noticia (por ejemplo, cuando se trate de una nota de salud que procura abordar y\/o analizar alg\u00fan padecimiento mental espec\u00edfico). Es importante procurar no sustantivar a la persona a partir de su patolog\u00eda, sino priorizar que se trata de personas con un diagn\u00f3stico determinado (por ejemplo, \u201cpersona con depresi\u00f3n\u201d). Es clave describir los hechos directamente observables y las circunstancias contextuales de cada caso sin trazar o anclar en conjeturas personales carentes de rigurosidad.<\/p>\n<p>SEIS: <strong>Considerar la informaci\u00f3n como servicio<\/strong><br \/>\nComplementar la descripci\u00f3n de los casos con la difusi\u00f3n de informaci\u00f3n socialmente relevante: presentaci\u00f3n de an\u00e1lisis y distinci\u00f3n de patolog\u00edas que est\u00e9n sustentados en informaciones cient\u00edficas, datos sobre centros de asistencia, signos que requieren atenci\u00f3n y modalidades de procedimiento ante los mismos.<\/p>\n<p>SIETE: <strong>Conocer los t\u00e9rminos recomendados<\/strong><br \/>\nEs fundamental tener presente que el padecimiento mental es transitorio, no as\u00ed la superaci\u00f3n de la estigmatizaci\u00f3n y sus efectos. Los t\u00e9rminos recomendados por los est\u00e1ndares nacionales e internacionales en materia de derechos humanos para referir a quienes padecen problem\u00e1ticas de salud mental son: \u201cpersona con padecimiento mental\u201d, \u201cpersona con discapacidad psicosocial\u201d y \u201cpersona usuaria de los servicios de salud mental\u201d.<\/p>\n<p>OCHO: <strong>Utilizar los t\u00e9rminos en su contexto<\/strong><br \/>\nPrescindir del uso de categor\u00edas clasificatorias y t\u00e9rminos del campo de la salud mental como modalidad de adjetivaci\u00f3n para destacar o espectacularizar el car\u00e1cter extravagante o negativo de temas ajenos a la salud p\u00fablica (\u201ctienen actitudes bipolares\u201d, \u201ca los locos hay que decirles que s\u00ed\u201d, \u201cel gobierno es autista\u201d). Este tipo de asociaciones contribuyen a reforzar las representaciones err\u00f3neas y peyorativas de la salud mental.<\/p>\n<p>NUEVE: <strong>Procurar el uso de im\u00e1genes inclusivas y no estigmatizantes<\/strong><br \/>\nMostrar y representar visualmente a las personas con padecimiento mental de un modo integrador, por ejemplo, con im\u00e1genes que las muestren en contextos y situaciones compartidas con el resto de la comunidad (en su contexto laboral, social, familiar, recreativo). Es necesario evitar la difusi\u00f3n de im\u00e1genes que impliquen una invasi\u00f3n de la privacidad o una vulneraci\u00f3n del derecho a la preservaci\u00f3n de la identidad de las personas con padecimiento mental (primer\u00edsimos primeros planos, im\u00e1genes de la vivienda con la exhibici\u00f3n de sus datos de localizaci\u00f3n). Por \u00faltimo, no es recomendable la difusi\u00f3n de im\u00e1genes que contribuyan a reforzar estereotipos: im\u00e1genes de personas solitarias, con la mirada perdida y realizando acciones violentas o la exhibici\u00f3n de im\u00e1genes que puedan sugerir a la audiencia esta asociaci\u00f3n.<\/p>\n<p>DIEZ: <strong>Promover representaciones ficcionales respetuosas<br \/>\n<\/strong>En programas de ficci\u00f3n, es recomendable evitar la representaci\u00f3n estereotipada de personajes con alguna discapacidad psicosocial, como as\u00ed tambi\u00e9n la incorporaci\u00f3n de las problem\u00e1ticas de salud mental como una modalidad para enfatizar el car\u00e1cter negativo de los personajes antagonistas. Estas tendencias pueden contribuir a naturalizar el imaginario social negativo en torno a los padecimientos mentales<\/p>\n<p>Fuente: <a href=\"https:\/\/diariofemenino.com.ar\/df\/guia-para-el-tratamiento-mediatico-responsable-de-la-salud-mental\/\">Gu\u00eda para el tratamiento medi\u00e1tico responsable de la Salud Mental<\/a><\/p>\n<blockquote><p>Seguinos en Instagram\u00a0<a href=\"https:\/\/www.instagram.com\/diariodigitalfemenino_\/\">@diariodigitalfemenino_<\/a><br \/>\n<a href=\"https:\/\/www.instagram.com\/lennycaceres69\/\">@lennycaceres69<\/a><\/p><\/blockquote>\n","protected":false},"excerpt":{"rendered":"<p>Este Dec\u00e1logo es la s\u00edntesis del primer apartado de la \u201cGu\u00eda para el tratamiento medi\u00e1tico responsable de la Salud Mental\u201d elaborada por la Defensor\u00eda del P\u00fablico de Servicios de Comunicaci\u00f3n Audiovisual con la participaci\u00f3n de trabajadores de los medios de comunicaci\u00f3n y del campo de la salud mental. UNO: Enunciar la informaci\u00f3n desde una perspectiva [&hellip;]<\/p>\n","protected":false},"author":4,"featured_media":72635,"comment_status":"open","ping_status":"open","sticky":false,"template":"","format":"standard","meta":{"iawp_total_views":58,"footnotes":""},"categories":[7,178,581,627,78,4,21,23],"tags":[2791,162,3262,1082],"class_list":["post-72634","post","type-post","status-publish","format-standard","has-post-thumbnail","hentry","category-actividades","category-articulos-y-comunicados","category-azul-profundo","category-genero-y-derechos-humanos","category-guias","category-medios","category-noticias","category-salud","tag-decalogo","tag-medios-de-comunicacion","tag-responsabilidad","tag-salud-mental"],"nelio_content":{"autoShareEndMode":"never","automationSources":{"useCustomSentences":false,"customSentences":[]},"efiAlt":"","efiUrl":"","followers":[4],"highlights":[],"isAutoShareEnabled":true,"networkImageIds":[],"permalinkQueryArgs":[],"series":[],"suggestedReferences":[]},"yoast_head":"<!-- This site is optimized with the Yoast SEO plugin v27.5 - https:\/\/yoast.com\/product\/yoast-seo-wordpress\/ -->\n<title>Dec\u00e1logo para el tratamiento medi\u00e1tico responsable de la Salud Mental - Diario Digital Femenino<\/title>\n<meta name=\"description\" content=\"Dec\u00e1logo. Material elaborado con la participaci\u00f3n de trabajadores de los medios de comunicaci\u00f3n y del campo de la salud mental.\" \/>\n<meta name=\"robots\" content=\"index, follow, max-snippet:-1, max-image-preview:large, max-video-preview:-1\" \/>\n<link rel=\"canonical\" href=\"https:\/\/diariofemenino.com.ar\/df\/decalogo-para-el-tratamiento-mediatico-responsable-de-la-salud-mental\/\" \/>\n<meta property=\"og:locale\" content=\"es_ES\" \/>\n<meta property=\"og:type\" content=\"article\" \/>\n<meta property=\"og:title\" content=\"Dec\u00e1logo para el tratamiento medi\u00e1tico responsable de la Salud Mental - Diario Digital Femenino\" \/>\n<meta property=\"og:description\" content=\"Dec\u00e1logo. Material elaborado con la participaci\u00f3n de trabajadores de los medios de comunicaci\u00f3n y del campo de la salud mental.\" \/>\n<meta property=\"og:url\" content=\"https:\/\/diariofemenino.com.ar\/df\/decalogo-para-el-tratamiento-mediatico-responsable-de-la-salud-mental\/\" \/>\n<meta property=\"og:site_name\" content=\"Diario Digital Femenino\" \/>\n<meta property=\"article:publisher\" content=\"https:\/\/www.facebook.com\/DiarioDigitaFemenino\/\" \/>\n<meta property=\"article:published_time\" content=\"2024-04-16T12:36:17+00:00\" \/>\n<meta property=\"article:modified_time\" content=\"2024-10-04T23:15:59+00:00\" \/>\n<meta property=\"og:image\" content=\"https:\/\/diariofemenino.com.ar\/df\/wp-content\/uploads\/2024\/04\/Dia-salud-mental.webp\" \/>\n\t<meta property=\"og:image:width\" content=\"1200\" \/>\n\t<meta property=\"og:image:height\" content=\"678\" \/>\n\t<meta property=\"og:image:type\" content=\"image\/webp\" \/>\n<meta name=\"author\" content=\"Admin\" \/>\n<meta name=\"twitter:card\" content=\"summary_large_image\" \/>\n<meta name=\"twitter:creator\" content=\"@DiarioFemenino1\" \/>\n<meta name=\"twitter:site\" content=\"@DiarioFemenino1\" \/>\n<meta name=\"twitter:label1\" content=\"Escrito por\" \/>\n\t<meta name=\"twitter:data1\" content=\"Admin\" \/>\n\t<meta name=\"twitter:label2\" content=\"Tiempo de lectura\" \/>\n\t<meta name=\"twitter:data2\" content=\"6 minutos\" \/>\n<script type=\"application\/ld+json\" class=\"yoast-schema-graph\">{\"@context\":\"https:\\\/\\\/schema.org\",\"@graph\":[{\"@type\":\"Article\",\"@id\":\"https:\\\/\\\/diariofemenino.com.ar\\\/df\\\/decalogo-para-el-tratamiento-mediatico-responsable-de-la-salud-mental\\\/#article\",\"isPartOf\":{\"@id\":\"https:\\\/\\\/diariofemenino.com.ar\\\/df\\\/decalogo-para-el-tratamiento-mediatico-responsable-de-la-salud-mental\\\/\"},\"author\":{\"name\":\"Admin\",\"@id\":\"https:\\\/\\\/diariofemenino.com.ar\\\/df\\\/#\\\/schema\\\/person\\\/bf6199e8158c657ea6f789b11ec85509\"},\"headline\":\"Dec\u00e1logo para el tratamiento medi\u00e1tico responsable de la Salud Mental\",\"datePublished\":\"2024-04-16T12:36:17+00:00\",\"dateModified\":\"2024-10-04T23:15:59+00:00\",\"mainEntityOfPage\":{\"@id\":\"https:\\\/\\\/diariofemenino.com.ar\\\/df\\\/decalogo-para-el-tratamiento-mediatico-responsable-de-la-salud-mental\\\/\"},\"wordCount\":1177,\"commentCount\":0,\"publisher\":{\"@id\":\"https:\\\/\\\/diariofemenino.com.ar\\\/df\\\/#organization\"},\"image\":{\"@id\":\"https:\\\/\\\/diariofemenino.com.ar\\\/df\\\/decalogo-para-el-tratamiento-mediatico-responsable-de-la-salud-mental\\\/#primaryimage\"},\"thumbnailUrl\":\"https:\\\/\\\/diariofemenino.com.ar\\\/df\\\/wp-content\\\/uploads\\\/2024\\\/04\\\/Dia-salud-mental.webp\",\"keywords\":[\"Dec\u00e1logo\",\"Medios de Comunicaci\u00f3n\",\"responsabilidad\",\"Salud Mental\"],\"articleSection\":[\"Actividades\",\"Art\u00edculos y Comunicados\",\"Azul Profundo\",\"G\u00e9nero y Derechos Humanos\",\"Gu\u00edas\",\"Medios\",\"Noticias\",\"Salud\"],\"inLanguage\":\"es\",\"potentialAction\":[{\"@type\":\"CommentAction\",\"name\":\"Comment\",\"target\":[\"https:\\\/\\\/diariofemenino.com.ar\\\/df\\\/decalogo-para-el-tratamiento-mediatico-responsable-de-la-salud-mental\\\/#respond\"]}]},{\"@type\":\"WebPage\",\"@id\":\"https:\\\/\\\/diariofemenino.com.ar\\\/df\\\/decalogo-para-el-tratamiento-mediatico-responsable-de-la-salud-mental\\\/\",\"url\":\"https:\\\/\\\/diariofemenino.com.ar\\\/df\\\/decalogo-para-el-tratamiento-mediatico-responsable-de-la-salud-mental\\\/\",\"name\":\"Dec\u00e1logo para el tratamiento medi\u00e1tico responsable de la Salud Mental - Diario Digital Femenino\",\"isPartOf\":{\"@id\":\"https:\\\/\\\/diariofemenino.com.ar\\\/df\\\/#website\"},\"primaryImageOfPage\":{\"@id\":\"https:\\\/\\\/diariofemenino.com.ar\\\/df\\\/decalogo-para-el-tratamiento-mediatico-responsable-de-la-salud-mental\\\/#primaryimage\"},\"image\":{\"@id\":\"https:\\\/\\\/diariofemenino.com.ar\\\/df\\\/decalogo-para-el-tratamiento-mediatico-responsable-de-la-salud-mental\\\/#primaryimage\"},\"thumbnailUrl\":\"https:\\\/\\\/diariofemenino.com.ar\\\/df\\\/wp-content\\\/uploads\\\/2024\\\/04\\\/Dia-salud-mental.webp\",\"datePublished\":\"2024-04-16T12:36:17+00:00\",\"dateModified\":\"2024-10-04T23:15:59+00:00\",\"description\":\"Dec\u00e1logo. Material elaborado con la participaci\u00f3n de trabajadores de los medios de comunicaci\u00f3n y del campo de la salud mental.\",\"breadcrumb\":{\"@id\":\"https:\\\/\\\/diariofemenino.com.ar\\\/df\\\/decalogo-para-el-tratamiento-mediatico-responsable-de-la-salud-mental\\\/#breadcrumb\"},\"inLanguage\":\"es\",\"potentialAction\":[{\"@type\":\"ReadAction\",\"target\":[\"https:\\\/\\\/diariofemenino.com.ar\\\/df\\\/decalogo-para-el-tratamiento-mediatico-responsable-de-la-salud-mental\\\/\"]}]},{\"@type\":\"ImageObject\",\"inLanguage\":\"es\",\"@id\":\"https:\\\/\\\/diariofemenino.com.ar\\\/df\\\/decalogo-para-el-tratamiento-mediatico-responsable-de-la-salud-mental\\\/#primaryimage\",\"url\":\"https:\\\/\\\/diariofemenino.com.ar\\\/df\\\/wp-content\\\/uploads\\\/2024\\\/04\\\/Dia-salud-mental.webp\",\"contentUrl\":\"https:\\\/\\\/diariofemenino.com.ar\\\/df\\\/wp-content\\\/uploads\\\/2024\\\/04\\\/Dia-salud-mental.webp\",\"width\":1200,\"height\":678,\"caption\":\"Dec\u00e1logo para el tratamiento medi\u00e1tico responsable de la Salud Mental\"},{\"@type\":\"BreadcrumbList\",\"@id\":\"https:\\\/\\\/diariofemenino.com.ar\\\/df\\\/decalogo-para-el-tratamiento-mediatico-responsable-de-la-salud-mental\\\/#breadcrumb\",\"itemListElement\":[{\"@type\":\"ListItem\",\"position\":1,\"name\":\"Portada\",\"item\":\"https:\\\/\\\/diariofemenino.com.ar\\\/df\\\/\"},{\"@type\":\"ListItem\",\"position\":2,\"name\":\"Dec\u00e1logo para el tratamiento medi\u00e1tico responsable de la Salud Mental\"}]},{\"@type\":\"WebSite\",\"@id\":\"https:\\\/\\\/diariofemenino.com.ar\\\/df\\\/#website\",\"url\":\"https:\\\/\\\/diariofemenino.com.ar\\\/df\\\/\",\"name\":\"Diario Digital Femenino\",\"description\":\"Cuesti\u00f3n de G\u00e9nero\",\"publisher\":{\"@id\":\"https:\\\/\\\/diariofemenino.com.ar\\\/df\\\/#organization\"},\"potentialAction\":[{\"@type\":\"SearchAction\",\"target\":{\"@type\":\"EntryPoint\",\"urlTemplate\":\"https:\\\/\\\/diariofemenino.com.ar\\\/df\\\/?s={search_term_string}\"},\"query-input\":{\"@type\":\"PropertyValueSpecification\",\"valueRequired\":true,\"valueName\":\"search_term_string\"}}],\"inLanguage\":\"es\"},{\"@type\":\"Organization\",\"@id\":\"https:\\\/\\\/diariofemenino.com.ar\\\/df\\\/#organization\",\"name\":\"Diario Femenino\",\"url\":\"https:\\\/\\\/diariofemenino.com.ar\\\/df\\\/\",\"logo\":{\"@type\":\"ImageObject\",\"inLanguage\":\"es\",\"@id\":\"https:\\\/\\\/diariofemenino.com.ar\\\/df\\\/#\\\/schema\\\/logo\\\/image\\\/\",\"url\":\"https:\\\/\\\/diariofemenino.com.ar\\\/df\\\/wp-content\\\/uploads\\\/2018\\\/10\\\/logo.png\",\"contentUrl\":\"https:\\\/\\\/diariofemenino.com.ar\\\/df\\\/wp-content\\\/uploads\\\/2018\\\/10\\\/logo.png\",\"width\":500,\"height\":92,\"caption\":\"Diario Femenino\"},\"image\":{\"@id\":\"https:\\\/\\\/diariofemenino.com.ar\\\/df\\\/#\\\/schema\\\/logo\\\/image\\\/\"},\"sameAs\":[\"https:\\\/\\\/www.facebook.com\\\/DiarioDigitaFemenino\\\/\",\"https:\\\/\\\/x.com\\\/DiarioFemenino1\"]},{\"@type\":\"Person\",\"@id\":\"https:\\\/\\\/diariofemenino.com.ar\\\/df\\\/#\\\/schema\\\/person\\\/bf6199e8158c657ea6f789b11ec85509\",\"name\":\"Admin\",\"image\":{\"@type\":\"ImageObject\",\"inLanguage\":\"es\",\"@id\":\"https:\\\/\\\/diariofemenino.com.ar\\\/df\\\/wp-content\\\/uploads\\\/2018\\\/12\\\/favicon-150x150.jpg\",\"url\":\"https:\\\/\\\/diariofemenino.com.ar\\\/df\\\/wp-content\\\/uploads\\\/2018\\\/12\\\/favicon-150x150.jpg\",\"contentUrl\":\"https:\\\/\\\/diariofemenino.com.ar\\\/df\\\/wp-content\\\/uploads\\\/2018\\\/12\\\/favicon-150x150.jpg\",\"caption\":\"Admin\"},\"url\":\"https:\\\/\\\/diariofemenino.com.ar\\\/df\\\/author\\\/lenny\\\/\"}]}<\/script>\n<!-- \/ Yoast SEO plugin. -->","yoast_head_json":{"title":"Dec\u00e1logo para el tratamiento medi\u00e1tico responsable de la Salud Mental - Diario Digital Femenino","description":"Dec\u00e1logo. Material elaborado con la participaci\u00f3n de trabajadores de los medios de comunicaci\u00f3n y del campo de la salud mental.","robots":{"index":"index","follow":"follow","max-snippet":"max-snippet:-1","max-image-preview":"max-image-preview:large","max-video-preview":"max-video-preview:-1"},"canonical":"https:\/\/diariofemenino.com.ar\/df\/decalogo-para-el-tratamiento-mediatico-responsable-de-la-salud-mental\/","og_locale":"es_ES","og_type":"article","og_title":"Dec\u00e1logo para el tratamiento medi\u00e1tico responsable de la Salud Mental - Diario Digital Femenino","og_description":"Dec\u00e1logo. Material elaborado con la participaci\u00f3n de trabajadores de los medios de comunicaci\u00f3n y del campo de la salud mental.","og_url":"https:\/\/diariofemenino.com.ar\/df\/decalogo-para-el-tratamiento-mediatico-responsable-de-la-salud-mental\/","og_site_name":"Diario Digital Femenino","article_publisher":"https:\/\/www.facebook.com\/DiarioDigitaFemenino\/","article_published_time":"2024-04-16T12:36:17+00:00","article_modified_time":"2024-10-04T23:15:59+00:00","og_image":[{"width":1200,"height":678,"url":"https:\/\/diariofemenino.com.ar\/df\/wp-content\/uploads\/2024\/04\/Dia-salud-mental.webp","type":"image\/webp"}],"author":"Admin","twitter_card":"summary_large_image","twitter_creator":"@DiarioFemenino1","twitter_site":"@DiarioFemenino1","twitter_misc":{"Escrito por":"Admin","Tiempo de lectura":"6 minutos"},"schema":{"@context":"https:\/\/schema.org","@graph":[{"@type":"Article","@id":"https:\/\/diariofemenino.com.ar\/df\/decalogo-para-el-tratamiento-mediatico-responsable-de-la-salud-mental\/#article","isPartOf":{"@id":"https:\/\/diariofemenino.com.ar\/df\/decalogo-para-el-tratamiento-mediatico-responsable-de-la-salud-mental\/"},"author":{"name":"Admin","@id":"https:\/\/diariofemenino.com.ar\/df\/#\/schema\/person\/bf6199e8158c657ea6f789b11ec85509"},"headline":"Dec\u00e1logo para el tratamiento medi\u00e1tico responsable de la Salud Mental","datePublished":"2024-04-16T12:36:17+00:00","dateModified":"2024-10-04T23:15:59+00:00","mainEntityOfPage":{"@id":"https:\/\/diariofemenino.com.ar\/df\/decalogo-para-el-tratamiento-mediatico-responsable-de-la-salud-mental\/"},"wordCount":1177,"commentCount":0,"publisher":{"@id":"https:\/\/diariofemenino.com.ar\/df\/#organization"},"image":{"@id":"https:\/\/diariofemenino.com.ar\/df\/decalogo-para-el-tratamiento-mediatico-responsable-de-la-salud-mental\/#primaryimage"},"thumbnailUrl":"https:\/\/diariofemenino.com.ar\/df\/wp-content\/uploads\/2024\/04\/Dia-salud-mental.webp","keywords":["Dec\u00e1logo","Medios de Comunicaci\u00f3n","responsabilidad","Salud Mental"],"articleSection":["Actividades","Art\u00edculos y Comunicados","Azul Profundo","G\u00e9nero y Derechos Humanos","Gu\u00edas","Medios","Noticias","Salud"],"inLanguage":"es","potentialAction":[{"@type":"CommentAction","name":"Comment","target":["https:\/\/diariofemenino.com.ar\/df\/decalogo-para-el-tratamiento-mediatico-responsable-de-la-salud-mental\/#respond"]}]},{"@type":"WebPage","@id":"https:\/\/diariofemenino.com.ar\/df\/decalogo-para-el-tratamiento-mediatico-responsable-de-la-salud-mental\/","url":"https:\/\/diariofemenino.com.ar\/df\/decalogo-para-el-tratamiento-mediatico-responsable-de-la-salud-mental\/","name":"Dec\u00e1logo para el tratamiento medi\u00e1tico responsable de la Salud Mental - Diario Digital Femenino","isPartOf":{"@id":"https:\/\/diariofemenino.com.ar\/df\/#website"},"primaryImageOfPage":{"@id":"https:\/\/diariofemenino.com.ar\/df\/decalogo-para-el-tratamiento-mediatico-responsable-de-la-salud-mental\/#primaryimage"},"image":{"@id":"https:\/\/diariofemenino.com.ar\/df\/decalogo-para-el-tratamiento-mediatico-responsable-de-la-salud-mental\/#primaryimage"},"thumbnailUrl":"https:\/\/diariofemenino.com.ar\/df\/wp-content\/uploads\/2024\/04\/Dia-salud-mental.webp","datePublished":"2024-04-16T12:36:17+00:00","dateModified":"2024-10-04T23:15:59+00:00","description":"Dec\u00e1logo. Material elaborado con la participaci\u00f3n de trabajadores de los medios de comunicaci\u00f3n y del campo de la salud mental.","breadcrumb":{"@id":"https:\/\/diariofemenino.com.ar\/df\/decalogo-para-el-tratamiento-mediatico-responsable-de-la-salud-mental\/#breadcrumb"},"inLanguage":"es","potentialAction":[{"@type":"ReadAction","target":["https:\/\/diariofemenino.com.ar\/df\/decalogo-para-el-tratamiento-mediatico-responsable-de-la-salud-mental\/"]}]},{"@type":"ImageObject","inLanguage":"es","@id":"https:\/\/diariofemenino.com.ar\/df\/decalogo-para-el-tratamiento-mediatico-responsable-de-la-salud-mental\/#primaryimage","url":"https:\/\/diariofemenino.com.ar\/df\/wp-content\/uploads\/2024\/04\/Dia-salud-mental.webp","contentUrl":"https:\/\/diariofemenino.com.ar\/df\/wp-content\/uploads\/2024\/04\/Dia-salud-mental.webp","width":1200,"height":678,"caption":"Dec\u00e1logo para el tratamiento medi\u00e1tico responsable de la Salud Mental"},{"@type":"BreadcrumbList","@id":"https:\/\/diariofemenino.com.ar\/df\/decalogo-para-el-tratamiento-mediatico-responsable-de-la-salud-mental\/#breadcrumb","itemListElement":[{"@type":"ListItem","position":1,"name":"Portada","item":"https:\/\/diariofemenino.com.ar\/df\/"},{"@type":"ListItem","position":2,"name":"Dec\u00e1logo para el tratamiento medi\u00e1tico responsable de la Salud Mental"}]},{"@type":"WebSite","@id":"https:\/\/diariofemenino.com.ar\/df\/#website","url":"https:\/\/diariofemenino.com.ar\/df\/","name":"Diario Digital Femenino","description":"Cuesti\u00f3n de G\u00e9nero","publisher":{"@id":"https:\/\/diariofemenino.com.ar\/df\/#organization"},"potentialAction":[{"@type":"SearchAction","target":{"@type":"EntryPoint","urlTemplate":"https:\/\/diariofemenino.com.ar\/df\/?s={search_term_string}"},"query-input":{"@type":"PropertyValueSpecification","valueRequired":true,"valueName":"search_term_string"}}],"inLanguage":"es"},{"@type":"Organization","@id":"https:\/\/diariofemenino.com.ar\/df\/#organization","name":"Diario Femenino","url":"https:\/\/diariofemenino.com.ar\/df\/","logo":{"@type":"ImageObject","inLanguage":"es","@id":"https:\/\/diariofemenino.com.ar\/df\/#\/schema\/logo\/image\/","url":"https:\/\/diariofemenino.com.ar\/df\/wp-content\/uploads\/2018\/10\/logo.png","contentUrl":"https:\/\/diariofemenino.com.ar\/df\/wp-content\/uploads\/2018\/10\/logo.png","width":500,"height":92,"caption":"Diario Femenino"},"image":{"@id":"https:\/\/diariofemenino.com.ar\/df\/#\/schema\/logo\/image\/"},"sameAs":["https:\/\/www.facebook.com\/DiarioDigitaFemenino\/","https:\/\/x.com\/DiarioFemenino1"]},{"@type":"Person","@id":"https:\/\/diariofemenino.com.ar\/df\/#\/schema\/person\/bf6199e8158c657ea6f789b11ec85509","name":"Admin","image":{"@type":"ImageObject","inLanguage":"es","@id":"https:\/\/diariofemenino.com.ar\/df\/wp-content\/uploads\/2018\/12\/favicon-150x150.jpg","url":"https:\/\/diariofemenino.com.ar\/df\/wp-content\/uploads\/2018\/12\/favicon-150x150.jpg","contentUrl":"https:\/\/diariofemenino.com.ar\/df\/wp-content\/uploads\/2018\/12\/favicon-150x150.jpg","caption":"Admin"},"url":"https:\/\/diariofemenino.com.ar\/df\/author\/lenny\/"}]}},"jetpack_featured_media_url":"https:\/\/diariofemenino.com.ar\/df\/wp-content\/uploads\/2024\/04\/Dia-salud-mental.webp","jetpack_sharing_enabled":true,"rttpg_featured_image_url":{"full":["https:\/\/diariofemenino.com.ar\/df\/wp-content\/uploads\/2024\/04\/Dia-salud-mental.webp",1200,678,false],"landscape":["https:\/\/diariofemenino.com.ar\/df\/wp-content\/uploads\/2024\/04\/Dia-salud-mental.webp",1200,678,false],"portraits":["https:\/\/diariofemenino.com.ar\/df\/wp-content\/uploads\/2024\/04\/Dia-salud-mental.webp",1200,678,false],"thumbnail":["https:\/\/diariofemenino.com.ar\/df\/wp-content\/uploads\/2024\/04\/Dia-salud-mental-150x150.webp",150,150,true],"medium":["https:\/\/diariofemenino.com.ar\/df\/wp-content\/uploads\/2024\/04\/Dia-salud-mental-300x170.webp",300,170,true],"large":["https:\/\/diariofemenino.com.ar\/df\/wp-content\/uploads\/2024\/04\/Dia-salud-mental-1024x579.webp",1024,579,true],"1536x1536":["https:\/\/diariofemenino.com.ar\/df\/wp-content\/uploads\/2024\/04\/Dia-salud-mental.webp",1200,678,false],"2048x2048":["https:\/\/diariofemenino.com.ar\/df\/wp-content\/uploads\/2024\/04\/Dia-salud-mental.webp",1200,678,false]},"rttpg_author":{"display_name":"Admin","author_link":"https:\/\/diariofemenino.com.ar\/df\/author\/lenny\/"},"rttpg_comment":0,"rttpg_category":"<a href=\"https:\/\/diariofemenino.com.ar\/df\/category\/actividades\/\" rel=\"category tag\">Actividades<\/a> <a href=\"https:\/\/diariofemenino.com.ar\/df\/category\/articulos-y-comunicados\/\" rel=\"category tag\">Art\u00edculos y Comunicados<\/a> <a href=\"https:\/\/diariofemenino.com.ar\/df\/category\/azul-profundo\/\" rel=\"category tag\">Azul Profundo<\/a> <a href=\"https:\/\/diariofemenino.com.ar\/df\/category\/genero-y-derechos-humanos\/\" rel=\"category tag\">G\u00e9nero y Derechos Humanos<\/a> <a href=\"https:\/\/diariofemenino.com.ar\/df\/category\/guias\/\" rel=\"category tag\">Gu\u00edas<\/a> <a href=\"https:\/\/diariofemenino.com.ar\/df\/category\/medios\/\" rel=\"category tag\">Medios<\/a> <a href=\"https:\/\/diariofemenino.com.ar\/df\/category\/noticias\/\" rel=\"category tag\">Noticias<\/a> <a href=\"https:\/\/diariofemenino.com.ar\/df\/category\/salud\/\" rel=\"category tag\">Salud<\/a>","rttpg_excerpt":"Este Dec\u00e1logo es la s\u00edntesis del primer apartado de la \u201cGu\u00eda para el tratamiento medi\u00e1tico responsable de la Salud Mental\u201d elaborada por la Defensor\u00eda del P\u00fablico de Servicios de Comunicaci\u00f3n Audiovisual con la participaci\u00f3n de trabajadores de los medios de comunicaci\u00f3n y del campo de la salud mental. UNO: Enunciar la informaci\u00f3n desde una perspectiva&hellip;","_links":{"self":[{"href":"https:\/\/diariofemenino.com.ar\/df\/wp-json\/wp\/v2\/posts\/72634","targetHints":{"allow":["GET"]}}],"collection":[{"href":"https:\/\/diariofemenino.com.ar\/df\/wp-json\/wp\/v2\/posts"}],"about":[{"href":"https:\/\/diariofemenino.com.ar\/df\/wp-json\/wp\/v2\/types\/post"}],"author":[{"embeddable":true,"href":"https:\/\/diariofemenino.com.ar\/df\/wp-json\/wp\/v2\/users\/4"}],"replies":[{"embeddable":true,"href":"https:\/\/diariofemenino.com.ar\/df\/wp-json\/wp\/v2\/comments?post=72634"}],"version-history":[{"count":0,"href":"https:\/\/diariofemenino.com.ar\/df\/wp-json\/wp\/v2\/posts\/72634\/revisions"}],"wp:featuredmedia":[{"embeddable":true,"href":"https:\/\/diariofemenino.com.ar\/df\/wp-json\/wp\/v2\/media\/72635"}],"wp:attachment":[{"href":"https:\/\/diariofemenino.com.ar\/df\/wp-json\/wp\/v2\/media?parent=72634"}],"wp:term":[{"taxonomy":"category","embeddable":true,"href":"https:\/\/diariofemenino.com.ar\/df\/wp-json\/wp\/v2\/categories?post=72634"},{"taxonomy":"post_tag","embeddable":true,"href":"https:\/\/diariofemenino.com.ar\/df\/wp-json\/wp\/v2\/tags?post=72634"}],"curies":[{"name":"wp","href":"https:\/\/api.w.org\/{rel}","templated":true}]}}