{"id":72623,"date":"2024-04-12T12:30:12","date_gmt":"2024-04-12T15:30:12","guid":{"rendered":"https:\/\/diariofemenino.com.ar\/df\/?p=72623"},"modified":"2024-04-12T12:30:12","modified_gmt":"2024-04-12T15:30:12","slug":"el-gobierno-derogo-el-cupo-femenino","status":"publish","type":"post","link":"https:\/\/diariofemenino.com.ar\/df\/el-gobierno-derogo-el-cupo-femenino\/","title":{"rendered":"El Gobierno derog\u00f3 el cupo femenino"},"content":{"rendered":"<h2 class=\"h4 ff-16px-w700\">Garantizaba que las mujeres tuvieran la oportunidad de acceder a cargos directivos<\/h2>\n<p>La\u00a0<b>Inspecci\u00f3n General de Justicia (IGJ)<\/b>\u00a0<a href=\"https:\/\/www.boletinoficial.gob.ar\/detalleAviso\/primera\/305659\/20240411\" target=\"_blank\" rel=\"noopener\">public\u00f3 en el Bolet\u00edn Oficial<\/a>\u00a0la\u00a0<b>derogaci\u00f3n<\/b>\u00a0<b>de una resoluci\u00f3n\u00a0<\/b>del 2020 (y todas las concomitantes) que establec\u00eda paridad de g\u00e9nero en los \u00f3rganos de administraci\u00f3n de las sociedades.\u00a0El\u00a0<b>\u201ccupo femenino\u201d hab\u00eda sido creado para garantizar que las mujeres tengan la oportunidad de acceder a cargos directivos<\/b>.<\/p>\n<figure style=\"width: 559px\" class=\"wp-caption aligncenter\"><img loading=\"lazy\" decoding=\"async\" src=\"https:\/\/chequeado.com\/wp-content\/uploads\/2020\/08\/IGJ.jpg\" alt=\"El Gobierno derog\u00f3 el cupo femenino\" width=\"559\" height=\"240\" \/><figcaption class=\"wp-caption-text\">El Gobierno derog\u00f3 el cupo femenino. <a href=\"https:\/\/chequeado.com\/el-explicador\/paridad-en-las-empresas-y-organizaciones-que-dice-la-nueva-resolucion-oficial\/\">Chequeado<\/a>.<\/figcaption><\/figure>\n<p>La resoluci\u00f3n general 34\/2020 publicada el 5 de agosto de ese a\u00f1o, aseguraba una composici\u00f3n equitativa entre hombres y mujeres en los altos cargos. La normativa inclu\u00eda a\u00a0<b>las sociedades an\u00f3nimas, las asociaciones civiles en proceso de constituci\u00f3n, las asociaciones simples que solicitaron su registro voluntario<\/b>, las fundaciones con un consejo de administraci\u00f3n de integraci\u00f3n temporaria y electiva, y las sociedades estatales.<\/p>\n<p>Cuando se public\u00f3 la resoluci\u00f3n, un estudio de la consultora KPMG<i>\u00a0<\/i>indicaba que s\u00f3lo un 10,3% de los miembros de directorios de las empresas m\u00e1s grandes de la Argentina eran mujeres. Luego de tres a\u00f1os, el porcentaje hab\u00eda ascendido 17,5%.<\/p>\n<p>A final del 2023, el informe demostr\u00f3 que la representaci\u00f3n femenina en las direcciones continuaba siendo baja: \u201cDe los 6153 miembros (titulares y suplentes) que conforman las juntas directivas, solo 1077 son mujeres (17,5%) y los 5076 restantes corresponde a hombres (82.5%)\u201d.<\/p>\n<figure style=\"width: 576px\" class=\"wp-caption aligncenter\"><img loading=\"lazy\" decoding=\"async\" src=\"https:\/\/images.pagina12.com.ar\/styles\/width960\/public\/2024-04\/830653-6-0.png?itok=NGlaxHLw\" alt=\"El Gobierno derog\u00f3 el cupo femenino\" width=\"576\" height=\"384\" \/><figcaption class=\"wp-caption-text\">El Gobierno derog\u00f3 el cupo femenino<\/figcaption><\/figure>\n<p>En las \u00faltimas horas, y luego del planteo presentado por la Fundaci\u00f3n Apolo que preside el legislador porte\u00f1o de Republicanos Unidos<strong>\u00a0Yamil Santoro<\/strong>, se public\u00f3 en el Bolet\u00edn Oficial\u00a0<a href=\"https:\/\/www.boletinoficial.gob.ar\/detalleAviso\/primera\/305659\/20240411\" target=\"_blank\" rel=\"noopener\">la Resoluci\u00f3n General 13\/2024<\/a>\u00a0de la\u00a0<strong>Inspecci\u00f3n General de Justicia (IGJ),\u00a0<\/strong>por medio de la cual se derogan las resoluciones que hab\u00edan establecido la paridad de g\u00e9nero obligatoria en sociedades, asociaciones y fundaciones.<\/p>\n<p>Santoro celebr\u00f3 la medida de la IGJ, organismo que depende del Ministerio de Justicia de la Naci\u00f3n, y asegur\u00f3 que se trat\u00f3 de un \u201ctrabajo importante del equipo de legales en pos de la libertad y el m\u00e9rito para acceder a los cargos\u201d.<\/p>\n<p>Seg\u00fan dijo, esta resoluci\u00f3n \u201cencauza por el camino de la libertad al derecho de asociaci\u00f3n, permitiendo que sea la idoneidad, y no otra cosa, el criterio de acceso a cargos directivos en organismos privados\u201d.<\/p>\n<p>De esta forma,<strong> ninguna de las entidades que regula la Inspecci\u00f3n General de Justicia se encuentra obligada ahora a implementar la <a href=\"https:\/\/diariofemenino.com.ar\/df\/comentario-de-fallo-sobre-paridad-de-genero\/\">paridad de g\u00e9nero<\/a> en sus \u00f3rganos de administraci\u00f3n. (<a href=\"https:\/\/www.pagina12.com.ar\/728483-el-gobierno-derogo-el-cupo-femenino?ampOptimize=1\">P\u00e1gina12<\/a>).<\/strong><\/p>\n<p>&nbsp;<\/p>\n<blockquote><p>Seguinos en Instagram\u00a0<a href=\"https:\/\/www.instagram.com\/diariodigitalfemenino_\/\">@diariodigitalfemenino_<\/a><br \/>\n<a href=\"https:\/\/www.instagram.com\/lennycaceres69\/\">@lennycaceres69<\/a><\/p><\/blockquote>\n<p>&nbsp;<\/p>\n","protected":false},"excerpt":{"rendered":"<p>Garantizaba que las mujeres tuvieran la oportunidad de acceder a cargos directivos La\u00a0Inspecci\u00f3n General de Justicia (IGJ)\u00a0public\u00f3 en el Bolet\u00edn Oficial\u00a0la\u00a0derogaci\u00f3n\u00a0de una resoluci\u00f3n\u00a0del 2020 (y todas las concomitantes) que establec\u00eda paridad de g\u00e9nero en los \u00f3rganos de administraci\u00f3n de las sociedades.\u00a0El\u00a0\u201ccupo femenino\u201d hab\u00eda sido creado para garantizar que las mujeres tengan la oportunidad de acceder [&hellip;]<\/p>\n","protected":false},"author":4,"featured_media":72624,"comment_status":"open","ping_status":"open","sticky":false,"template":"","format":"standard","meta":{"iawp_total_views":115,"footnotes":""},"categories":[178,32,21,592],"tags":[6784,2271,3342,3432,1311],"class_list":["post-72623","post","type-post","status-publish","format-standard","has-post-thumbnail","hentry","category-articulos-y-comunicados","category-mujeres","category-noticias","category-violencias","tag-ambito-privado","tag-cupo-femenino","tag-empresas","tag-organizaciones","tag-paridad-de-genero"],"nelio_content":{"autoShareEndMode":"never","automationSources":{"useCustomSentences":false,"customSentences":[]},"efiAlt":"","efiUrl":"","followers":[4],"highlights":[],"isAutoShareEnabled":true,"networkImageIds":[],"permalinkQueryArgs":[],"series":[],"suggestedReferences":[]},"yoast_head":"<!-- This site is optimized with the Yoast SEO plugin v27.5 - https:\/\/yoast.com\/product\/yoast-seo-wordpress\/ -->\n<title>El Gobierno derog\u00f3 el cupo femenino - Diario Digital Femenino<\/title>\n<meta name=\"description\" content=\"El Gobierno derog\u00f3... La\u00a0Inspecci\u00f3n General de Justicia (IGJ)\u00a0public\u00f3 en el Bolet\u00edn Oficial\u00a0la\u00a0derogaci\u00f3n\u00a0de una resoluci\u00f3n\u00a0del 2020.\" \/>\n<meta name=\"robots\" content=\"index, follow, max-snippet:-1, max-image-preview:large, max-video-preview:-1\" \/>\n<link rel=\"canonical\" href=\"https:\/\/diariofemenino.com.ar\/df\/el-gobierno-derogo-el-cupo-femenino\/\" \/>\n<meta property=\"og:locale\" content=\"es_ES\" \/>\n<meta property=\"og:type\" content=\"article\" \/>\n<meta property=\"og:title\" content=\"El Gobierno derog\u00f3 el cupo femenino - Diario Digital Femenino\" \/>\n<meta property=\"og:description\" content=\"El Gobierno derog\u00f3... La\u00a0Inspecci\u00f3n General de Justicia (IGJ)\u00a0public\u00f3 en el Bolet\u00edn Oficial\u00a0la\u00a0derogaci\u00f3n\u00a0de una resoluci\u00f3n\u00a0del 2020.\" \/>\n<meta property=\"og:url\" content=\"https:\/\/diariofemenino.com.ar\/df\/el-gobierno-derogo-el-cupo-femenino\/\" \/>\n<meta property=\"og:site_name\" content=\"Diario Digital Femenino\" \/>\n<meta property=\"article:publisher\" content=\"https:\/\/www.facebook.com\/DiarioDigitaFemenino\/\" \/>\n<meta property=\"article:published_time\" content=\"2024-04-12T15:30:12+00:00\" \/>\n<meta property=\"og:image\" content=\"https:\/\/diariofemenino.com.ar\/df\/wp-content\/uploads\/2024\/04\/830767-21-b.jpg\" \/>\n\t<meta property=\"og:image:width\" content=\"960\" \/>\n\t<meta property=\"og:image:height\" content=\"640\" \/>\n\t<meta property=\"og:image:type\" content=\"image\/jpeg\" \/>\n<meta name=\"author\" content=\"Admin\" \/>\n<meta name=\"twitter:card\" content=\"summary_large_image\" \/>\n<meta name=\"twitter:creator\" content=\"@DiarioFemenino1\" \/>\n<meta name=\"twitter:site\" content=\"@DiarioFemenino1\" \/>\n<meta name=\"twitter:label1\" content=\"Escrito por\" \/>\n\t<meta name=\"twitter:data1\" content=\"Admin\" \/>\n\t<meta name=\"twitter:label2\" content=\"Tiempo de lectura\" \/>\n\t<meta name=\"twitter:data2\" content=\"3 minutos\" \/>\n<script type=\"application\/ld+json\" class=\"yoast-schema-graph\">{\"@context\":\"https:\\\/\\\/schema.org\",\"@graph\":[{\"@type\":\"Article\",\"@id\":\"https:\\\/\\\/diariofemenino.com.ar\\\/df\\\/el-gobierno-derogo-el-cupo-femenino\\\/#article\",\"isPartOf\":{\"@id\":\"https:\\\/\\\/diariofemenino.com.ar\\\/df\\\/el-gobierno-derogo-el-cupo-femenino\\\/\"},\"author\":{\"name\":\"Admin\",\"@id\":\"https:\\\/\\\/diariofemenino.com.ar\\\/df\\\/#\\\/schema\\\/person\\\/bf6199e8158c657ea6f789b11ec85509\"},\"headline\":\"El Gobierno derog\u00f3 el cupo femenino\",\"datePublished\":\"2024-04-12T15:30:12+00:00\",\"mainEntityOfPage\":{\"@id\":\"https:\\\/\\\/diariofemenino.com.ar\\\/df\\\/el-gobierno-derogo-el-cupo-femenino\\\/\"},\"wordCount\":443,\"commentCount\":0,\"publisher\":{\"@id\":\"https:\\\/\\\/diariofemenino.com.ar\\\/df\\\/#organization\"},\"image\":{\"@id\":\"https:\\\/\\\/diariofemenino.com.ar\\\/df\\\/el-gobierno-derogo-el-cupo-femenino\\\/#primaryimage\"},\"thumbnailUrl\":\"https:\\\/\\\/diariofemenino.com.ar\\\/df\\\/wp-content\\\/uploads\\\/2024\\\/04\\\/830767-21-b.jpg\",\"keywords\":[\"\u00e1mbito privado\",\"Cupo Femenino\",\"Empresas\",\"Organizaciones\",\"paridad de genero\"],\"articleSection\":[\"Art\u00edculos y Comunicados\",\"Mujeres\",\"Noticias\",\"Violencias\"],\"inLanguage\":\"es\",\"potentialAction\":[{\"@type\":\"CommentAction\",\"name\":\"Comment\",\"target\":[\"https:\\\/\\\/diariofemenino.com.ar\\\/df\\\/el-gobierno-derogo-el-cupo-femenino\\\/#respond\"]}]},{\"@type\":\"WebPage\",\"@id\":\"https:\\\/\\\/diariofemenino.com.ar\\\/df\\\/el-gobierno-derogo-el-cupo-femenino\\\/\",\"url\":\"https:\\\/\\\/diariofemenino.com.ar\\\/df\\\/el-gobierno-derogo-el-cupo-femenino\\\/\",\"name\":\"El Gobierno derog\u00f3 el cupo femenino - Diario Digital Femenino\",\"isPartOf\":{\"@id\":\"https:\\\/\\\/diariofemenino.com.ar\\\/df\\\/#website\"},\"primaryImageOfPage\":{\"@id\":\"https:\\\/\\\/diariofemenino.com.ar\\\/df\\\/el-gobierno-derogo-el-cupo-femenino\\\/#primaryimage\"},\"image\":{\"@id\":\"https:\\\/\\\/diariofemenino.com.ar\\\/df\\\/el-gobierno-derogo-el-cupo-femenino\\\/#primaryimage\"},\"thumbnailUrl\":\"https:\\\/\\\/diariofemenino.com.ar\\\/df\\\/wp-content\\\/uploads\\\/2024\\\/04\\\/830767-21-b.jpg\",\"datePublished\":\"2024-04-12T15:30:12+00:00\",\"description\":\"El Gobierno derog\u00f3... La\u00a0Inspecci\u00f3n General de Justicia (IGJ)\u00a0public\u00f3 en el Bolet\u00edn Oficial\u00a0la\u00a0derogaci\u00f3n\u00a0de una resoluci\u00f3n\u00a0del 2020.\",\"breadcrumb\":{\"@id\":\"https:\\\/\\\/diariofemenino.com.ar\\\/df\\\/el-gobierno-derogo-el-cupo-femenino\\\/#breadcrumb\"},\"inLanguage\":\"es\",\"potentialAction\":[{\"@type\":\"ReadAction\",\"target\":[\"https:\\\/\\\/diariofemenino.com.ar\\\/df\\\/el-gobierno-derogo-el-cupo-femenino\\\/\"]}]},{\"@type\":\"ImageObject\",\"inLanguage\":\"es\",\"@id\":\"https:\\\/\\\/diariofemenino.com.ar\\\/df\\\/el-gobierno-derogo-el-cupo-femenino\\\/#primaryimage\",\"url\":\"https:\\\/\\\/diariofemenino.com.ar\\\/df\\\/wp-content\\\/uploads\\\/2024\\\/04\\\/830767-21-b.jpg\",\"contentUrl\":\"https:\\\/\\\/diariofemenino.com.ar\\\/df\\\/wp-content\\\/uploads\\\/2024\\\/04\\\/830767-21-b.jpg\",\"width\":960,\"height\":640,\"caption\":\"El Gobierno derog\u00f3 el cupo femenino\"},{\"@type\":\"BreadcrumbList\",\"@id\":\"https:\\\/\\\/diariofemenino.com.ar\\\/df\\\/el-gobierno-derogo-el-cupo-femenino\\\/#breadcrumb\",\"itemListElement\":[{\"@type\":\"ListItem\",\"position\":1,\"name\":\"Portada\",\"item\":\"https:\\\/\\\/diariofemenino.com.ar\\\/df\\\/\"},{\"@type\":\"ListItem\",\"position\":2,\"name\":\"El Gobierno derog\u00f3 el cupo femenino\"}]},{\"@type\":\"WebSite\",\"@id\":\"https:\\\/\\\/diariofemenino.com.ar\\\/df\\\/#website\",\"url\":\"https:\\\/\\\/diariofemenino.com.ar\\\/df\\\/\",\"name\":\"Diario Digital Femenino\",\"description\":\"Cuesti\u00f3n de G\u00e9nero\",\"publisher\":{\"@id\":\"https:\\\/\\\/diariofemenino.com.ar\\\/df\\\/#organization\"},\"potentialAction\":[{\"@type\":\"SearchAction\",\"target\":{\"@type\":\"EntryPoint\",\"urlTemplate\":\"https:\\\/\\\/diariofemenino.com.ar\\\/df\\\/?s={search_term_string}\"},\"query-input\":{\"@type\":\"PropertyValueSpecification\",\"valueRequired\":true,\"valueName\":\"search_term_string\"}}],\"inLanguage\":\"es\"},{\"@type\":\"Organization\",\"@id\":\"https:\\\/\\\/diariofemenino.com.ar\\\/df\\\/#organization\",\"name\":\"Diario Femenino\",\"url\":\"https:\\\/\\\/diariofemenino.com.ar\\\/df\\\/\",\"logo\":{\"@type\":\"ImageObject\",\"inLanguage\":\"es\",\"@id\":\"https:\\\/\\\/diariofemenino.com.ar\\\/df\\\/#\\\/schema\\\/logo\\\/image\\\/\",\"url\":\"https:\\\/\\\/diariofemenino.com.ar\\\/df\\\/wp-content\\\/uploads\\\/2018\\\/10\\\/logo.png\",\"contentUrl\":\"https:\\\/\\\/diariofemenino.com.ar\\\/df\\\/wp-content\\\/uploads\\\/2018\\\/10\\\/logo.png\",\"width\":500,\"height\":92,\"caption\":\"Diario Femenino\"},\"image\":{\"@id\":\"https:\\\/\\\/diariofemenino.com.ar\\\/df\\\/#\\\/schema\\\/logo\\\/image\\\/\"},\"sameAs\":[\"https:\\\/\\\/www.facebook.com\\\/DiarioDigitaFemenino\\\/\",\"https:\\\/\\\/x.com\\\/DiarioFemenino1\"]},{\"@type\":\"Person\",\"@id\":\"https:\\\/\\\/diariofemenino.com.ar\\\/df\\\/#\\\/schema\\\/person\\\/bf6199e8158c657ea6f789b11ec85509\",\"name\":\"Admin\",\"image\":{\"@type\":\"ImageObject\",\"inLanguage\":\"es\",\"@id\":\"https:\\\/\\\/diariofemenino.com.ar\\\/df\\\/wp-content\\\/uploads\\\/2018\\\/12\\\/favicon-150x150.jpg\",\"url\":\"https:\\\/\\\/diariofemenino.com.ar\\\/df\\\/wp-content\\\/uploads\\\/2018\\\/12\\\/favicon-150x150.jpg\",\"contentUrl\":\"https:\\\/\\\/diariofemenino.com.ar\\\/df\\\/wp-content\\\/uploads\\\/2018\\\/12\\\/favicon-150x150.jpg\",\"caption\":\"Admin\"},\"url\":\"https:\\\/\\\/diariofemenino.com.ar\\\/df\\\/author\\\/lenny\\\/\"}]}<\/script>\n<!-- \/ Yoast SEO plugin. -->","yoast_head_json":{"title":"El Gobierno derog\u00f3 el cupo femenino - Diario Digital Femenino","description":"El Gobierno derog\u00f3... La\u00a0Inspecci\u00f3n General de Justicia (IGJ)\u00a0public\u00f3 en el Bolet\u00edn Oficial\u00a0la\u00a0derogaci\u00f3n\u00a0de una resoluci\u00f3n\u00a0del 2020.","robots":{"index":"index","follow":"follow","max-snippet":"max-snippet:-1","max-image-preview":"max-image-preview:large","max-video-preview":"max-video-preview:-1"},"canonical":"https:\/\/diariofemenino.com.ar\/df\/el-gobierno-derogo-el-cupo-femenino\/","og_locale":"es_ES","og_type":"article","og_title":"El Gobierno derog\u00f3 el cupo femenino - Diario Digital Femenino","og_description":"El Gobierno derog\u00f3... La\u00a0Inspecci\u00f3n General de Justicia (IGJ)\u00a0public\u00f3 en el Bolet\u00edn Oficial\u00a0la\u00a0derogaci\u00f3n\u00a0de una resoluci\u00f3n\u00a0del 2020.","og_url":"https:\/\/diariofemenino.com.ar\/df\/el-gobierno-derogo-el-cupo-femenino\/","og_site_name":"Diario Digital Femenino","article_publisher":"https:\/\/www.facebook.com\/DiarioDigitaFemenino\/","article_published_time":"2024-04-12T15:30:12+00:00","og_image":[{"width":960,"height":640,"url":"https:\/\/diariofemenino.com.ar\/df\/wp-content\/uploads\/2024\/04\/830767-21-b.jpg","type":"image\/jpeg"}],"author":"Admin","twitter_card":"summary_large_image","twitter_creator":"@DiarioFemenino1","twitter_site":"@DiarioFemenino1","twitter_misc":{"Escrito por":"Admin","Tiempo de lectura":"3 minutos"},"schema":{"@context":"https:\/\/schema.org","@graph":[{"@type":"Article","@id":"https:\/\/diariofemenino.com.ar\/df\/el-gobierno-derogo-el-cupo-femenino\/#article","isPartOf":{"@id":"https:\/\/diariofemenino.com.ar\/df\/el-gobierno-derogo-el-cupo-femenino\/"},"author":{"name":"Admin","@id":"https:\/\/diariofemenino.com.ar\/df\/#\/schema\/person\/bf6199e8158c657ea6f789b11ec85509"},"headline":"El Gobierno derog\u00f3 el cupo femenino","datePublished":"2024-04-12T15:30:12+00:00","mainEntityOfPage":{"@id":"https:\/\/diariofemenino.com.ar\/df\/el-gobierno-derogo-el-cupo-femenino\/"},"wordCount":443,"commentCount":0,"publisher":{"@id":"https:\/\/diariofemenino.com.ar\/df\/#organization"},"image":{"@id":"https:\/\/diariofemenino.com.ar\/df\/el-gobierno-derogo-el-cupo-femenino\/#primaryimage"},"thumbnailUrl":"https:\/\/diariofemenino.com.ar\/df\/wp-content\/uploads\/2024\/04\/830767-21-b.jpg","keywords":["\u00e1mbito privado","Cupo Femenino","Empresas","Organizaciones","paridad de genero"],"articleSection":["Art\u00edculos y Comunicados","Mujeres","Noticias","Violencias"],"inLanguage":"es","potentialAction":[{"@type":"CommentAction","name":"Comment","target":["https:\/\/diariofemenino.com.ar\/df\/el-gobierno-derogo-el-cupo-femenino\/#respond"]}]},{"@type":"WebPage","@id":"https:\/\/diariofemenino.com.ar\/df\/el-gobierno-derogo-el-cupo-femenino\/","url":"https:\/\/diariofemenino.com.ar\/df\/el-gobierno-derogo-el-cupo-femenino\/","name":"El Gobierno derog\u00f3 el cupo femenino - Diario Digital Femenino","isPartOf":{"@id":"https:\/\/diariofemenino.com.ar\/df\/#website"},"primaryImageOfPage":{"@id":"https:\/\/diariofemenino.com.ar\/df\/el-gobierno-derogo-el-cupo-femenino\/#primaryimage"},"image":{"@id":"https:\/\/diariofemenino.com.ar\/df\/el-gobierno-derogo-el-cupo-femenino\/#primaryimage"},"thumbnailUrl":"https:\/\/diariofemenino.com.ar\/df\/wp-content\/uploads\/2024\/04\/830767-21-b.jpg","datePublished":"2024-04-12T15:30:12+00:00","description":"El Gobierno derog\u00f3... La\u00a0Inspecci\u00f3n General de Justicia (IGJ)\u00a0public\u00f3 en el Bolet\u00edn Oficial\u00a0la\u00a0derogaci\u00f3n\u00a0de una resoluci\u00f3n\u00a0del 2020.","breadcrumb":{"@id":"https:\/\/diariofemenino.com.ar\/df\/el-gobierno-derogo-el-cupo-femenino\/#breadcrumb"},"inLanguage":"es","potentialAction":[{"@type":"ReadAction","target":["https:\/\/diariofemenino.com.ar\/df\/el-gobierno-derogo-el-cupo-femenino\/"]}]},{"@type":"ImageObject","inLanguage":"es","@id":"https:\/\/diariofemenino.com.ar\/df\/el-gobierno-derogo-el-cupo-femenino\/#primaryimage","url":"https:\/\/diariofemenino.com.ar\/df\/wp-content\/uploads\/2024\/04\/830767-21-b.jpg","contentUrl":"https:\/\/diariofemenino.com.ar\/df\/wp-content\/uploads\/2024\/04\/830767-21-b.jpg","width":960,"height":640,"caption":"El Gobierno derog\u00f3 el cupo femenino"},{"@type":"BreadcrumbList","@id":"https:\/\/diariofemenino.com.ar\/df\/el-gobierno-derogo-el-cupo-femenino\/#breadcrumb","itemListElement":[{"@type":"ListItem","position":1,"name":"Portada","item":"https:\/\/diariofemenino.com.ar\/df\/"},{"@type":"ListItem","position":2,"name":"El Gobierno derog\u00f3 el cupo femenino"}]},{"@type":"WebSite","@id":"https:\/\/diariofemenino.com.ar\/df\/#website","url":"https:\/\/diariofemenino.com.ar\/df\/","name":"Diario Digital Femenino","description":"Cuesti\u00f3n de G\u00e9nero","publisher":{"@id":"https:\/\/diariofemenino.com.ar\/df\/#organization"},"potentialAction":[{"@type":"SearchAction","target":{"@type":"EntryPoint","urlTemplate":"https:\/\/diariofemenino.com.ar\/df\/?s={search_term_string}"},"query-input":{"@type":"PropertyValueSpecification","valueRequired":true,"valueName":"search_term_string"}}],"inLanguage":"es"},{"@type":"Organization","@id":"https:\/\/diariofemenino.com.ar\/df\/#organization","name":"Diario Femenino","url":"https:\/\/diariofemenino.com.ar\/df\/","logo":{"@type":"ImageObject","inLanguage":"es","@id":"https:\/\/diariofemenino.com.ar\/df\/#\/schema\/logo\/image\/","url":"https:\/\/diariofemenino.com.ar\/df\/wp-content\/uploads\/2018\/10\/logo.png","contentUrl":"https:\/\/diariofemenino.com.ar\/df\/wp-content\/uploads\/2018\/10\/logo.png","width":500,"height":92,"caption":"Diario Femenino"},"image":{"@id":"https:\/\/diariofemenino.com.ar\/df\/#\/schema\/logo\/image\/"},"sameAs":["https:\/\/www.facebook.com\/DiarioDigitaFemenino\/","https:\/\/x.com\/DiarioFemenino1"]},{"@type":"Person","@id":"https:\/\/diariofemenino.com.ar\/df\/#\/schema\/person\/bf6199e8158c657ea6f789b11ec85509","name":"Admin","image":{"@type":"ImageObject","inLanguage":"es","@id":"https:\/\/diariofemenino.com.ar\/df\/wp-content\/uploads\/2018\/12\/favicon-150x150.jpg","url":"https:\/\/diariofemenino.com.ar\/df\/wp-content\/uploads\/2018\/12\/favicon-150x150.jpg","contentUrl":"https:\/\/diariofemenino.com.ar\/df\/wp-content\/uploads\/2018\/12\/favicon-150x150.jpg","caption":"Admin"},"url":"https:\/\/diariofemenino.com.ar\/df\/author\/lenny\/"}]}},"jetpack_featured_media_url":"https:\/\/diariofemenino.com.ar\/df\/wp-content\/uploads\/2024\/04\/830767-21-b.jpg","jetpack_sharing_enabled":true,"rttpg_featured_image_url":{"full":["https:\/\/diariofemenino.com.ar\/df\/wp-content\/uploads\/2024\/04\/830767-21-b.jpg",960,640,false],"landscape":["https:\/\/diariofemenino.com.ar\/df\/wp-content\/uploads\/2024\/04\/830767-21-b.jpg",960,640,false],"portraits":["https:\/\/diariofemenino.com.ar\/df\/wp-content\/uploads\/2024\/04\/830767-21-b.jpg",960,640,false],"thumbnail":["https:\/\/diariofemenino.com.ar\/df\/wp-content\/uploads\/2024\/04\/830767-21-b-150x150.jpg",150,150,true],"medium":["https:\/\/diariofemenino.com.ar\/df\/wp-content\/uploads\/2024\/04\/830767-21-b-300x200.jpg",300,200,true],"large":["https:\/\/diariofemenino.com.ar\/df\/wp-content\/uploads\/2024\/04\/830767-21-b.jpg",960,640,false],"1536x1536":["https:\/\/diariofemenino.com.ar\/df\/wp-content\/uploads\/2024\/04\/830767-21-b.jpg",960,640,false],"2048x2048":["https:\/\/diariofemenino.com.ar\/df\/wp-content\/uploads\/2024\/04\/830767-21-b.jpg",960,640,false]},"rttpg_author":{"display_name":"Admin","author_link":"https:\/\/diariofemenino.com.ar\/df\/author\/lenny\/"},"rttpg_comment":0,"rttpg_category":"<a href=\"https:\/\/diariofemenino.com.ar\/df\/category\/articulos-y-comunicados\/\" rel=\"category tag\">Art\u00edculos y Comunicados<\/a> <a href=\"https:\/\/diariofemenino.com.ar\/df\/category\/mujeres\/\" rel=\"category tag\">Mujeres<\/a> <a href=\"https:\/\/diariofemenino.com.ar\/df\/category\/noticias\/\" rel=\"category tag\">Noticias<\/a> <a href=\"https:\/\/diariofemenino.com.ar\/df\/category\/violencias\/\" rel=\"category tag\">Violencias<\/a>","rttpg_excerpt":"Garantizaba que las mujeres tuvieran la oportunidad de acceder a cargos directivos La\u00a0Inspecci\u00f3n General de Justicia (IGJ)\u00a0public\u00f3 en el Bolet\u00edn Oficial\u00a0la\u00a0derogaci\u00f3n\u00a0de una resoluci\u00f3n\u00a0del 2020 (y todas las concomitantes) que establec\u00eda paridad de g\u00e9nero en los \u00f3rganos de administraci\u00f3n de las sociedades.\u00a0El\u00a0\u201ccupo femenino\u201d hab\u00eda sido creado para garantizar que las mujeres tengan la oportunidad de acceder&hellip;","_links":{"self":[{"href":"https:\/\/diariofemenino.com.ar\/df\/wp-json\/wp\/v2\/posts\/72623","targetHints":{"allow":["GET"]}}],"collection":[{"href":"https:\/\/diariofemenino.com.ar\/df\/wp-json\/wp\/v2\/posts"}],"about":[{"href":"https:\/\/diariofemenino.com.ar\/df\/wp-json\/wp\/v2\/types\/post"}],"author":[{"embeddable":true,"href":"https:\/\/diariofemenino.com.ar\/df\/wp-json\/wp\/v2\/users\/4"}],"replies":[{"embeddable":true,"href":"https:\/\/diariofemenino.com.ar\/df\/wp-json\/wp\/v2\/comments?post=72623"}],"version-history":[{"count":0,"href":"https:\/\/diariofemenino.com.ar\/df\/wp-json\/wp\/v2\/posts\/72623\/revisions"}],"wp:featuredmedia":[{"embeddable":true,"href":"https:\/\/diariofemenino.com.ar\/df\/wp-json\/wp\/v2\/media\/72624"}],"wp:attachment":[{"href":"https:\/\/diariofemenino.com.ar\/df\/wp-json\/wp\/v2\/media?parent=72623"}],"wp:term":[{"taxonomy":"category","embeddable":true,"href":"https:\/\/diariofemenino.com.ar\/df\/wp-json\/wp\/v2\/categories?post=72623"},{"taxonomy":"post_tag","embeddable":true,"href":"https:\/\/diariofemenino.com.ar\/df\/wp-json\/wp\/v2\/tags?post=72623"}],"curies":[{"name":"wp","href":"https:\/\/api.w.org\/{rel}","templated":true}]}}