{"id":72583,"date":"2024-04-09T21:00:46","date_gmt":"2024-04-10T00:00:46","guid":{"rendered":"https:\/\/diariofemenino.com.ar\/df\/?p=72583"},"modified":"2024-04-09T21:00:46","modified_gmt":"2024-04-10T00:00:46","slug":"la-importancia-de-la-esi","status":"publish","type":"post","link":"https:\/\/diariofemenino.com.ar\/df\/la-importancia-de-la-esi\/","title":{"rendered":"La importancia de la ESI"},"content":{"rendered":"<p>Frente a la postura del Gobierno de <em>castigar<\/em> a docentes que piensan distinto a la postura de LLA con el <em>verso <\/em>del \u201cadoctrinamiento\u201d, se hace necesario volver a explicar la importancia de la Educaci\u00f3n Sexual Integral (ESI) para dejar en claro porque la implementaci\u00f3n de la misma no es \u201cideologizadora\u201d sino liberadora.<\/p>\n<p>Por<strong><em><a href=\"https:\/\/diariofemenino.com.ar\/df\/?s=Mar%C3%ADa+In%C3%A9s+Alvarado\">Mar\u00eda In\u00e9s Alvarado<\/a>*<br \/>\n<\/em><\/strong>para<strong><em><a href=\"https:\/\/www.instagram.com\/diariodigitalfemenino_\/\">Diario Digital Femenino<\/a><\/em><\/strong><\/p>\n<p>Seg\u00fan la descripci\u00f3n realizada por el colega Adri\u00e1n Figueroa D\u00edaz, en la nota <em><a href=\"https:\/\/www.pagina12.com.ar\/726551-el-gobierno-busca-castigar-a-los-docentes-piensan-distinto\">El Gobierno busca castigar a los docentes que piensan distinto<\/a><\/em> publicada en el diario P\u00e1gina 12 el pasado 4 de abril, la iniciativa del Gobierno Nacional se inspira en un intento<em> \u201c<\/em><em>de satanizar la vida democr\u00e1tica en las escuelas\u201d<\/em> llevado a cabo por el expresidente de Brasil, Jair Bolsonaro, quien <em>\u201cpretendi\u00f3, entre otras cuestiones, borrar del mapa escolar los\u00a0principios pedag\u00f3gicos de Paulo Freire, desterrar la llamada\u00a0\u201cideolog\u00eda de g\u00e9nero\u201d, no hablar de la\u00a0diversidad sexual, habilitar un\u00a0sistema de denuncias contra docentes\u00a0(\u2026)\u201d. <\/em>O sea, esta postura busca controlar y censurar, no solo la libertad de c\u00e1tedra y de pensamiento, sino tambi\u00e9n <em>los valores democr\u00e1ticos<\/em> y el\u00a0<em>respeto a los derechos humanos.<\/em><\/p>\n<p>Por esto se hace necesario dejar en claro que la ESI constituye un derecho, porque fue promovida a partir de la sanci\u00f3n de una Ley, la 26150 que crea el Programa Nacional de Educaci\u00f3n Sexual Integral y, de esta manera, la incluye dentro del campo de acci\u00f3n de los derechos humanos. A su vez, hay que entender que, disfrutar plenamente de la sexualidad y el placer son fundamentales para la salud, el bienestar f\u00edsico, mental y social, y esto se logra cuando se accede a informaci\u00f3n cient\u00edficamente validada para el cuidado de la Salud Sexual y Reproductiva. El Estado y las instituciones educativas tienen la obligaci\u00f3n de garantizar este derecho.\u00a0Adem\u00e1s, al estar enmarcada dentro de una ley, ayuda a reforzar el derecho de las personas a vivir su sexualidad de acuerdo a sus convicciones y preferencias en el marco del respeto y cuidado por su propia persona y quienes le rodean; as\u00ed como obtener informaci\u00f3n acerca de las leyes que les permiten un mejor y m\u00e1s r\u00e1pido acceso a los servicios de salud sexual y reproductiva.<\/p>\n<figure id=\"attachment_72586\" aria-describedby=\"caption-attachment-72586\" style=\"width: 541px\" class=\"wp-caption aligncenter\"><img loading=\"lazy\" decoding=\"async\" class=\"size-full wp-image-72586\" src=\"https:\/\/diariofemenino.com.ar\/df\/wp-content\/uploads\/2024\/04\/Que-ensena-la-esi.png\" alt=\"La importancia de la ESI\" width=\"541\" height=\"499\" srcset=\"https:\/\/diariofemenino.com.ar\/df\/wp-content\/uploads\/2024\/04\/Que-ensena-la-esi.png 541w, https:\/\/diariofemenino.com.ar\/df\/wp-content\/uploads\/2024\/04\/Que-ensena-la-esi-300x277.png 300w\" sizes=\"auto, (max-width: 541px) 100vw, 541px\" \/><figcaption id=\"caption-attachment-72586\" class=\"wp-caption-text\">La importancia de la ESI<\/figcaption><\/figure>\n<p>La ESI tiene car\u00e1cter formativo y preventivo. Esto significa que, adem\u00e1s de estar asociada a la prevenci\u00f3n de riesgos, como el embarazo adolescente o las infecciones de transmisi\u00f3n sexual, contribuye al fortalecimiento de la identidad de cada estudiante, como tambi\u00e9n al desarrollo de habilidades socioemocionales, pensamiento cr\u00edtico, autonom\u00eda, establecimiento de relaciones afectivas e interpersonales armoniosas y equitativas, y comportamiento basado en principios \u00e9ticos y derechos humanos. En ese sentido, es de suma importancia informar acerca de las caracter\u00edsticas del Programa:<\/p>\n<ul>\n<li><strong>Es Formativo:<\/strong> porque acerca informaci\u00f3n y, como se describi\u00f3 anteriormente, promueve la formaci\u00f3n de valores.<\/li>\n<li><strong>Es Preventivo: <\/strong>porque, al tener conocimiento, se pueden prevenir situaciones no deseadas relacionadas, no solo con la prevenci\u00f3n de infecciones de transmisi\u00f3n sexual y el embarazo no intencional en la adolescencia, sino tambi\u00e9n con el correcto uso de los m\u00e9todos anticonceptivos y la prevenci\u00f3n de la violencia de g\u00e9nero.<\/li>\n<li><strong>Es Promocional: <\/strong>porque busca promover el involucramiento activo de todas las personas que forman parte de la comunidad educativa, para su correcta implementaci\u00f3n.<\/li>\n<li><strong>Es Integral: <\/strong>porque aborda, las diferentes dimensiones de la sexualidad (biol\u00f3gica, socio afectiva, hist\u00f3rica, cultural y \u00e9tica)<\/li>\n<li><strong>Es Sistem\u00e1tico: <\/strong>porque se fundamenta tanto en los principios de la Ley General de Educaci\u00f3n, como en los enfoques transversales y las competencias y capacidades de los n\u00facleos de aprendizaje.<\/li>\n<li><strong>Es Progresivo: <\/strong>porque aporta informaci\u00f3n y contenidos acordes a la edad y la madurez de cada NNyA.<\/li>\n<li><strong>Es Cient\u00edfico: <\/strong>porque aporta informaci\u00f3n cient\u00edficamente validada por las diferentes disciplinas.<\/li>\n<\/ul>\n<figure id=\"attachment_72584\" aria-describedby=\"caption-attachment-72584\" style=\"width: 581px\" class=\"wp-caption aligncenter\"><img loading=\"lazy\" decoding=\"async\" class=\" wp-image-72584\" src=\"https:\/\/diariofemenino.com.ar\/df\/wp-content\/uploads\/2024\/04\/esi_infografia.jpg\" alt=\"La importancia de la ESI\" width=\"581\" height=\"436\" srcset=\"https:\/\/diariofemenino.com.ar\/df\/wp-content\/uploads\/2024\/04\/esi_infografia.jpg 640w, https:\/\/diariofemenino.com.ar\/df\/wp-content\/uploads\/2024\/04\/esi_infografia-300x225.jpg 300w\" sizes=\"auto, (max-width: 581px) 100vw, 581px\" \/><figcaption id=\"caption-attachment-72584\" class=\"wp-caption-text\">La importancia de la ESI<\/figcaption><\/figure>\n<p>La ley 26.150 ayuda a ampliar el concepto de sexualidad, entendiendo que el desarrollo sexual de las personas se inicia el mismo d\u00eda del nacimiento y va creciendo y desarroll\u00e1ndose a lo largo de toda la vida humana, necesitando en cada momento acceder a diferente tipo de informaci\u00f3n o conocimientos. Sin embargo, como con la informaci\u00f3n sola no alcanza, tambi\u00e9n es necesario trabajar sobre los prejuicios y las creencias que sostienen actitudes discriminatorias y sobre el conocimiento de derechos y obligaciones. De eso debe ocuparse la escuela y, cada docente, desde su rol de educador, garantizar que el derecho a recibir ESI se cumpla como contenido pedag\u00f3gico y no como el discurso ideologizante que busca plantear el gobierno.<\/p>\n<p><strong>(*)<\/strong>\u00a0Docente, comunicadora. Co-directora de\u00a0<strong><a href=\"https:\/\/laesienjuego.com.ar\/\">La ESI en juego<\/a>.<br \/>\n<\/strong>Columnista\u00a0de\u00a0<strong><a href=\"https:\/\/diariofemenino.com.ar\/df\/category\/de-esi-si-se-habla\/\">Diario Digital Femenino\u00a0<\/a><\/strong>\u2013\u00a0<a href=\"https:\/\/diariofemenino.com.ar\/df\/category\/de-esi-si-se-habla\/\">De ESI S\u00ed Se Habla<\/a><\/p>\n<blockquote><p>Seguinos en Instagram\u00a0<a href=\"https:\/\/www.instagram.com\/diariodigitalfemenino_\/\">@diariodigitalfemenino_<\/a><br \/>\n<a href=\"https:\/\/www.instagram.com\/lennycaceres69\/\">@lennycaceres69<\/a><\/p><\/blockquote>\n<p><img loading=\"lazy\" decoding=\"async\" class=\"wp-image-72585 aligncenter\" style=\"font-weight: bold;\" src=\"https:\/\/diariofemenino.com.ar\/df\/wp-content\/uploads\/2024\/04\/CARACTERISTICAS-DE-LA-ESI-02-min-min-1536x1000-1-1024x667.png\" alt=\"La importancia de la ESI\" width=\"641\" height=\"418\" srcset=\"https:\/\/diariofemenino.com.ar\/df\/wp-content\/uploads\/2024\/04\/CARACTERISTICAS-DE-LA-ESI-02-min-min-1536x1000-1-1024x667.png 1024w, https:\/\/diariofemenino.com.ar\/df\/wp-content\/uploads\/2024\/04\/CARACTERISTICAS-DE-LA-ESI-02-min-min-1536x1000-1-300x195.png 300w, https:\/\/diariofemenino.com.ar\/df\/wp-content\/uploads\/2024\/04\/CARACTERISTICAS-DE-LA-ESI-02-min-min-1536x1000-1-768x500.png 768w, https:\/\/diariofemenino.com.ar\/df\/wp-content\/uploads\/2024\/04\/CARACTERISTICAS-DE-LA-ESI-02-min-min-1536x1000-1.png 1536w\" sizes=\"auto, (max-width: 641px) 100vw, 641px\" \/><\/p>\n","protected":false},"excerpt":{"rendered":"<p>Frente a la postura del Gobierno de castigar a docentes que piensan distinto a la postura de LLA con el verso del \u201cadoctrinamiento\u201d, se hace necesario volver a explicar la importancia de la Educaci\u00f3n Sexual Integral (ESI) para dejar en claro porque la implementaci\u00f3n de la misma no es \u201cideologizadora\u201d sino liberadora. PorMar\u00eda In\u00e9s Alvarado* [&hellip;]<\/p>\n","protected":false},"author":4,"featured_media":72587,"comment_status":"open","ping_status":"open","sticky":false,"template":"","format":"standard","meta":{"iawp_total_views":1286,"footnotes":""},"categories":[1],"tags":[397,6042,1343,4372,120,172,4035,97,131,568,3880],"class_list":["post-72583","post","type-post","status-publish","format-standard","has-post-thumbnail","hentry","category-uncategorized","tag-derechos","tag-afectividad","tag-cuerpo","tag-destacada","tag-diversidad","tag-educacion-sexual-integral","tag-emociones","tag-esi","tag-igualdad","tag-maria-ines-alvarado","tag-respeto"],"nelio_content":{"autoShareEndMode":"never","automationSources":{"useCustomSentences":false,"customSentences":[]},"efiAlt":"","efiUrl":"","followers":[4],"highlights":[],"isAutoShareEnabled":true,"networkImageIds":[],"permalinkQueryArgs":[],"series":[],"suggestedReferences":[]},"yoast_head":"<!-- This site is optimized with the Yoast SEO plugin v27.5 - https:\/\/yoast.com\/product\/yoast-seo-wordpress\/ -->\n<title>La importancia de la ESI - Diario Digital Femenino<\/title>\n<meta name=\"description\" content=\"La importancia de la ESI. Es necesario dejar en claro que la ESI constituye un derecho, incluida dentro de los derechos humanos.\" \/>\n<meta name=\"robots\" content=\"index, follow, max-snippet:-1, max-image-preview:large, max-video-preview:-1\" \/>\n<link rel=\"canonical\" href=\"https:\/\/diariofemenino.com.ar\/df\/la-importancia-de-la-esi\/\" \/>\n<meta property=\"og:locale\" content=\"es_ES\" \/>\n<meta property=\"og:type\" content=\"article\" \/>\n<meta property=\"og:title\" content=\"La importancia de la ESI - Diario Digital Femenino\" \/>\n<meta property=\"og:description\" content=\"La importancia de la ESI. Es necesario dejar en claro que la ESI constituye un derecho, incluida dentro de los derechos humanos.\" \/>\n<meta property=\"og:url\" content=\"https:\/\/diariofemenino.com.ar\/df\/la-importancia-de-la-esi\/\" \/>\n<meta property=\"og:site_name\" content=\"Diario Digital Femenino\" \/>\n<meta property=\"article:publisher\" content=\"https:\/\/www.facebook.com\/DiarioDigitaFemenino\/\" \/>\n<meta property=\"article:published_time\" content=\"2024-04-10T00:00:46+00:00\" \/>\n<meta property=\"og:image\" content=\"https:\/\/diariofemenino.com.ar\/df\/wp-content\/uploads\/2024\/04\/caracteristicas_ESI-1.jpeg\" \/>\n\t<meta property=\"og:image:width\" content=\"1280\" \/>\n\t<meta property=\"og:image:height\" content=\"833\" \/>\n\t<meta property=\"og:image:type\" content=\"image\/jpeg\" \/>\n<meta name=\"author\" content=\"Admin\" \/>\n<meta name=\"twitter:card\" content=\"summary_large_image\" \/>\n<meta name=\"twitter:creator\" content=\"@DiarioFemenino1\" \/>\n<meta name=\"twitter:site\" content=\"@DiarioFemenino1\" \/>\n<meta name=\"twitter:label1\" content=\"Escrito por\" \/>\n\t<meta name=\"twitter:data1\" content=\"Admin\" \/>\n\t<meta name=\"twitter:label2\" content=\"Tiempo de lectura\" \/>\n\t<meta name=\"twitter:data2\" content=\"5 minutos\" \/>\n<script type=\"application\/ld+json\" class=\"yoast-schema-graph\">{\"@context\":\"https:\\\/\\\/schema.org\",\"@graph\":[{\"@type\":\"Article\",\"@id\":\"https:\\\/\\\/diariofemenino.com.ar\\\/df\\\/la-importancia-de-la-esi\\\/#article\",\"isPartOf\":{\"@id\":\"https:\\\/\\\/diariofemenino.com.ar\\\/df\\\/la-importancia-de-la-esi\\\/\"},\"author\":{\"name\":\"Admin\",\"@id\":\"https:\\\/\\\/diariofemenino.com.ar\\\/df\\\/#\\\/schema\\\/person\\\/bf6199e8158c657ea6f789b11ec85509\"},\"headline\":\"La importancia de la ESI\",\"datePublished\":\"2024-04-10T00:00:46+00:00\",\"mainEntityOfPage\":{\"@id\":\"https:\\\/\\\/diariofemenino.com.ar\\\/df\\\/la-importancia-de-la-esi\\\/\"},\"wordCount\":829,\"commentCount\":0,\"publisher\":{\"@id\":\"https:\\\/\\\/diariofemenino.com.ar\\\/df\\\/#organization\"},\"image\":{\"@id\":\"https:\\\/\\\/diariofemenino.com.ar\\\/df\\\/la-importancia-de-la-esi\\\/#primaryimage\"},\"thumbnailUrl\":\"https:\\\/\\\/diariofemenino.com.ar\\\/df\\\/wp-content\\\/uploads\\\/2024\\\/04\\\/caracteristicas_ESI-1.jpeg\",\"keywords\":[\"#derechos\",\"afectividad\",\"cuerpo\",\"Destacada\",\"Diversidad\",\"Educaci\u00f3n Sexual Integral\",\"Emociones\",\"ESI\",\"Igualdad\",\"Mar\u00eda In\u00e9s Alvarado\",\"Respeto\"],\"articleSection\":[\"Uncategorized\"],\"inLanguage\":\"es\",\"potentialAction\":[{\"@type\":\"CommentAction\",\"name\":\"Comment\",\"target\":[\"https:\\\/\\\/diariofemenino.com.ar\\\/df\\\/la-importancia-de-la-esi\\\/#respond\"]}]},{\"@type\":\"WebPage\",\"@id\":\"https:\\\/\\\/diariofemenino.com.ar\\\/df\\\/la-importancia-de-la-esi\\\/\",\"url\":\"https:\\\/\\\/diariofemenino.com.ar\\\/df\\\/la-importancia-de-la-esi\\\/\",\"name\":\"La importancia de la ESI - Diario Digital Femenino\",\"isPartOf\":{\"@id\":\"https:\\\/\\\/diariofemenino.com.ar\\\/df\\\/#website\"},\"primaryImageOfPage\":{\"@id\":\"https:\\\/\\\/diariofemenino.com.ar\\\/df\\\/la-importancia-de-la-esi\\\/#primaryimage\"},\"image\":{\"@id\":\"https:\\\/\\\/diariofemenino.com.ar\\\/df\\\/la-importancia-de-la-esi\\\/#primaryimage\"},\"thumbnailUrl\":\"https:\\\/\\\/diariofemenino.com.ar\\\/df\\\/wp-content\\\/uploads\\\/2024\\\/04\\\/caracteristicas_ESI-1.jpeg\",\"datePublished\":\"2024-04-10T00:00:46+00:00\",\"description\":\"La importancia de la ESI. Es necesario dejar en claro que la ESI constituye un derecho, incluida dentro de los derechos humanos.\",\"breadcrumb\":{\"@id\":\"https:\\\/\\\/diariofemenino.com.ar\\\/df\\\/la-importancia-de-la-esi\\\/#breadcrumb\"},\"inLanguage\":\"es\",\"potentialAction\":[{\"@type\":\"ReadAction\",\"target\":[\"https:\\\/\\\/diariofemenino.com.ar\\\/df\\\/la-importancia-de-la-esi\\\/\"]}]},{\"@type\":\"ImageObject\",\"inLanguage\":\"es\",\"@id\":\"https:\\\/\\\/diariofemenino.com.ar\\\/df\\\/la-importancia-de-la-esi\\\/#primaryimage\",\"url\":\"https:\\\/\\\/diariofemenino.com.ar\\\/df\\\/wp-content\\\/uploads\\\/2024\\\/04\\\/caracteristicas_ESI-1.jpeg\",\"contentUrl\":\"https:\\\/\\\/diariofemenino.com.ar\\\/df\\\/wp-content\\\/uploads\\\/2024\\\/04\\\/caracteristicas_ESI-1.jpeg\",\"width\":1280,\"height\":833,\"caption\":\"La importancia de la ESI\"},{\"@type\":\"BreadcrumbList\",\"@id\":\"https:\\\/\\\/diariofemenino.com.ar\\\/df\\\/la-importancia-de-la-esi\\\/#breadcrumb\",\"itemListElement\":[{\"@type\":\"ListItem\",\"position\":1,\"name\":\"Portada\",\"item\":\"https:\\\/\\\/diariofemenino.com.ar\\\/df\\\/\"},{\"@type\":\"ListItem\",\"position\":2,\"name\":\"La importancia de la ESI\"}]},{\"@type\":\"WebSite\",\"@id\":\"https:\\\/\\\/diariofemenino.com.ar\\\/df\\\/#website\",\"url\":\"https:\\\/\\\/diariofemenino.com.ar\\\/df\\\/\",\"name\":\"Diario Digital Femenino\",\"description\":\"Cuesti\u00f3n de G\u00e9nero\",\"publisher\":{\"@id\":\"https:\\\/\\\/diariofemenino.com.ar\\\/df\\\/#organization\"},\"potentialAction\":[{\"@type\":\"SearchAction\",\"target\":{\"@type\":\"EntryPoint\",\"urlTemplate\":\"https:\\\/\\\/diariofemenino.com.ar\\\/df\\\/?s={search_term_string}\"},\"query-input\":{\"@type\":\"PropertyValueSpecification\",\"valueRequired\":true,\"valueName\":\"search_term_string\"}}],\"inLanguage\":\"es\"},{\"@type\":\"Organization\",\"@id\":\"https:\\\/\\\/diariofemenino.com.ar\\\/df\\\/#organization\",\"name\":\"Diario Femenino\",\"url\":\"https:\\\/\\\/diariofemenino.com.ar\\\/df\\\/\",\"logo\":{\"@type\":\"ImageObject\",\"inLanguage\":\"es\",\"@id\":\"https:\\\/\\\/diariofemenino.com.ar\\\/df\\\/#\\\/schema\\\/logo\\\/image\\\/\",\"url\":\"https:\\\/\\\/diariofemenino.com.ar\\\/df\\\/wp-content\\\/uploads\\\/2018\\\/10\\\/logo.png\",\"contentUrl\":\"https:\\\/\\\/diariofemenino.com.ar\\\/df\\\/wp-content\\\/uploads\\\/2018\\\/10\\\/logo.png\",\"width\":500,\"height\":92,\"caption\":\"Diario Femenino\"},\"image\":{\"@id\":\"https:\\\/\\\/diariofemenino.com.ar\\\/df\\\/#\\\/schema\\\/logo\\\/image\\\/\"},\"sameAs\":[\"https:\\\/\\\/www.facebook.com\\\/DiarioDigitaFemenino\\\/\",\"https:\\\/\\\/x.com\\\/DiarioFemenino1\"]},{\"@type\":\"Person\",\"@id\":\"https:\\\/\\\/diariofemenino.com.ar\\\/df\\\/#\\\/schema\\\/person\\\/bf6199e8158c657ea6f789b11ec85509\",\"name\":\"Admin\",\"image\":{\"@type\":\"ImageObject\",\"inLanguage\":\"es\",\"@id\":\"https:\\\/\\\/diariofemenino.com.ar\\\/df\\\/wp-content\\\/uploads\\\/2018\\\/12\\\/favicon-150x150.jpg\",\"url\":\"https:\\\/\\\/diariofemenino.com.ar\\\/df\\\/wp-content\\\/uploads\\\/2018\\\/12\\\/favicon-150x150.jpg\",\"contentUrl\":\"https:\\\/\\\/diariofemenino.com.ar\\\/df\\\/wp-content\\\/uploads\\\/2018\\\/12\\\/favicon-150x150.jpg\",\"caption\":\"Admin\"},\"url\":\"https:\\\/\\\/diariofemenino.com.ar\\\/df\\\/author\\\/lenny\\\/\"}]}<\/script>\n<!-- \/ Yoast SEO plugin. -->","yoast_head_json":{"title":"La importancia de la ESI - Diario Digital Femenino","description":"La importancia de la ESI. Es necesario dejar en claro que la ESI constituye un derecho, incluida dentro de los derechos humanos.","robots":{"index":"index","follow":"follow","max-snippet":"max-snippet:-1","max-image-preview":"max-image-preview:large","max-video-preview":"max-video-preview:-1"},"canonical":"https:\/\/diariofemenino.com.ar\/df\/la-importancia-de-la-esi\/","og_locale":"es_ES","og_type":"article","og_title":"La importancia de la ESI - Diario Digital Femenino","og_description":"La importancia de la ESI. Es necesario dejar en claro que la ESI constituye un derecho, incluida dentro de los derechos humanos.","og_url":"https:\/\/diariofemenino.com.ar\/df\/la-importancia-de-la-esi\/","og_site_name":"Diario Digital Femenino","article_publisher":"https:\/\/www.facebook.com\/DiarioDigitaFemenino\/","article_published_time":"2024-04-10T00:00:46+00:00","og_image":[{"width":1280,"height":833,"url":"https:\/\/diariofemenino.com.ar\/df\/wp-content\/uploads\/2024\/04\/caracteristicas_ESI-1.jpeg","type":"image\/jpeg"}],"author":"Admin","twitter_card":"summary_large_image","twitter_creator":"@DiarioFemenino1","twitter_site":"@DiarioFemenino1","twitter_misc":{"Escrito por":"Admin","Tiempo de lectura":"5 minutos"},"schema":{"@context":"https:\/\/schema.org","@graph":[{"@type":"Article","@id":"https:\/\/diariofemenino.com.ar\/df\/la-importancia-de-la-esi\/#article","isPartOf":{"@id":"https:\/\/diariofemenino.com.ar\/df\/la-importancia-de-la-esi\/"},"author":{"name":"Admin","@id":"https:\/\/diariofemenino.com.ar\/df\/#\/schema\/person\/bf6199e8158c657ea6f789b11ec85509"},"headline":"La importancia de la ESI","datePublished":"2024-04-10T00:00:46+00:00","mainEntityOfPage":{"@id":"https:\/\/diariofemenino.com.ar\/df\/la-importancia-de-la-esi\/"},"wordCount":829,"commentCount":0,"publisher":{"@id":"https:\/\/diariofemenino.com.ar\/df\/#organization"},"image":{"@id":"https:\/\/diariofemenino.com.ar\/df\/la-importancia-de-la-esi\/#primaryimage"},"thumbnailUrl":"https:\/\/diariofemenino.com.ar\/df\/wp-content\/uploads\/2024\/04\/caracteristicas_ESI-1.jpeg","keywords":["#derechos","afectividad","cuerpo","Destacada","Diversidad","Educaci\u00f3n Sexual Integral","Emociones","ESI","Igualdad","Mar\u00eda In\u00e9s Alvarado","Respeto"],"articleSection":["Uncategorized"],"inLanguage":"es","potentialAction":[{"@type":"CommentAction","name":"Comment","target":["https:\/\/diariofemenino.com.ar\/df\/la-importancia-de-la-esi\/#respond"]}]},{"@type":"WebPage","@id":"https:\/\/diariofemenino.com.ar\/df\/la-importancia-de-la-esi\/","url":"https:\/\/diariofemenino.com.ar\/df\/la-importancia-de-la-esi\/","name":"La importancia de la ESI - Diario Digital Femenino","isPartOf":{"@id":"https:\/\/diariofemenino.com.ar\/df\/#website"},"primaryImageOfPage":{"@id":"https:\/\/diariofemenino.com.ar\/df\/la-importancia-de-la-esi\/#primaryimage"},"image":{"@id":"https:\/\/diariofemenino.com.ar\/df\/la-importancia-de-la-esi\/#primaryimage"},"thumbnailUrl":"https:\/\/diariofemenino.com.ar\/df\/wp-content\/uploads\/2024\/04\/caracteristicas_ESI-1.jpeg","datePublished":"2024-04-10T00:00:46+00:00","description":"La importancia de la ESI. Es necesario dejar en claro que la ESI constituye un derecho, incluida dentro de los derechos humanos.","breadcrumb":{"@id":"https:\/\/diariofemenino.com.ar\/df\/la-importancia-de-la-esi\/#breadcrumb"},"inLanguage":"es","potentialAction":[{"@type":"ReadAction","target":["https:\/\/diariofemenino.com.ar\/df\/la-importancia-de-la-esi\/"]}]},{"@type":"ImageObject","inLanguage":"es","@id":"https:\/\/diariofemenino.com.ar\/df\/la-importancia-de-la-esi\/#primaryimage","url":"https:\/\/diariofemenino.com.ar\/df\/wp-content\/uploads\/2024\/04\/caracteristicas_ESI-1.jpeg","contentUrl":"https:\/\/diariofemenino.com.ar\/df\/wp-content\/uploads\/2024\/04\/caracteristicas_ESI-1.jpeg","width":1280,"height":833,"caption":"La importancia de la ESI"},{"@type":"BreadcrumbList","@id":"https:\/\/diariofemenino.com.ar\/df\/la-importancia-de-la-esi\/#breadcrumb","itemListElement":[{"@type":"ListItem","position":1,"name":"Portada","item":"https:\/\/diariofemenino.com.ar\/df\/"},{"@type":"ListItem","position":2,"name":"La importancia de la ESI"}]},{"@type":"WebSite","@id":"https:\/\/diariofemenino.com.ar\/df\/#website","url":"https:\/\/diariofemenino.com.ar\/df\/","name":"Diario Digital Femenino","description":"Cuesti\u00f3n de G\u00e9nero","publisher":{"@id":"https:\/\/diariofemenino.com.ar\/df\/#organization"},"potentialAction":[{"@type":"SearchAction","target":{"@type":"EntryPoint","urlTemplate":"https:\/\/diariofemenino.com.ar\/df\/?s={search_term_string}"},"query-input":{"@type":"PropertyValueSpecification","valueRequired":true,"valueName":"search_term_string"}}],"inLanguage":"es"},{"@type":"Organization","@id":"https:\/\/diariofemenino.com.ar\/df\/#organization","name":"Diario Femenino","url":"https:\/\/diariofemenino.com.ar\/df\/","logo":{"@type":"ImageObject","inLanguage":"es","@id":"https:\/\/diariofemenino.com.ar\/df\/#\/schema\/logo\/image\/","url":"https:\/\/diariofemenino.com.ar\/df\/wp-content\/uploads\/2018\/10\/logo.png","contentUrl":"https:\/\/diariofemenino.com.ar\/df\/wp-content\/uploads\/2018\/10\/logo.png","width":500,"height":92,"caption":"Diario Femenino"},"image":{"@id":"https:\/\/diariofemenino.com.ar\/df\/#\/schema\/logo\/image\/"},"sameAs":["https:\/\/www.facebook.com\/DiarioDigitaFemenino\/","https:\/\/x.com\/DiarioFemenino1"]},{"@type":"Person","@id":"https:\/\/diariofemenino.com.ar\/df\/#\/schema\/person\/bf6199e8158c657ea6f789b11ec85509","name":"Admin","image":{"@type":"ImageObject","inLanguage":"es","@id":"https:\/\/diariofemenino.com.ar\/df\/wp-content\/uploads\/2018\/12\/favicon-150x150.jpg","url":"https:\/\/diariofemenino.com.ar\/df\/wp-content\/uploads\/2018\/12\/favicon-150x150.jpg","contentUrl":"https:\/\/diariofemenino.com.ar\/df\/wp-content\/uploads\/2018\/12\/favicon-150x150.jpg","caption":"Admin"},"url":"https:\/\/diariofemenino.com.ar\/df\/author\/lenny\/"}]}},"jetpack_featured_media_url":"https:\/\/diariofemenino.com.ar\/df\/wp-content\/uploads\/2024\/04\/caracteristicas_ESI-1.jpeg","jetpack_sharing_enabled":true,"rttpg_featured_image_url":{"full":["https:\/\/diariofemenino.com.ar\/df\/wp-content\/uploads\/2024\/04\/caracteristicas_ESI-1.jpeg",1280,833,false],"landscape":["https:\/\/diariofemenino.com.ar\/df\/wp-content\/uploads\/2024\/04\/caracteristicas_ESI-1.jpeg",1280,833,false],"portraits":["https:\/\/diariofemenino.com.ar\/df\/wp-content\/uploads\/2024\/04\/caracteristicas_ESI-1.jpeg",1280,833,false],"thumbnail":["https:\/\/diariofemenino.com.ar\/df\/wp-content\/uploads\/2024\/04\/caracteristicas_ESI-1-150x150.jpeg",150,150,true],"medium":["https:\/\/diariofemenino.com.ar\/df\/wp-content\/uploads\/2024\/04\/caracteristicas_ESI-1-300x195.jpeg",300,195,true],"large":["https:\/\/diariofemenino.com.ar\/df\/wp-content\/uploads\/2024\/04\/caracteristicas_ESI-1-1024x666.jpeg",1024,666,true],"1536x1536":["https:\/\/diariofemenino.com.ar\/df\/wp-content\/uploads\/2024\/04\/caracteristicas_ESI-1.jpeg",1280,833,false],"2048x2048":["https:\/\/diariofemenino.com.ar\/df\/wp-content\/uploads\/2024\/04\/caracteristicas_ESI-1.jpeg",1280,833,false]},"rttpg_author":{"display_name":"Admin","author_link":"https:\/\/diariofemenino.com.ar\/df\/author\/lenny\/"},"rttpg_comment":0,"rttpg_category":"<a href=\"https:\/\/diariofemenino.com.ar\/df\/category\/uncategorized\/\" rel=\"category tag\">Uncategorized<\/a>","rttpg_excerpt":"Frente a la postura del Gobierno de castigar a docentes que piensan distinto a la postura de LLA con el verso del \u201cadoctrinamiento\u201d, se hace necesario volver a explicar la importancia de la Educaci\u00f3n Sexual Integral (ESI) para dejar en claro porque la implementaci\u00f3n de la misma no es \u201cideologizadora\u201d sino liberadora. PorMar\u00eda In\u00e9s Alvarado*&hellip;","_links":{"self":[{"href":"https:\/\/diariofemenino.com.ar\/df\/wp-json\/wp\/v2\/posts\/72583","targetHints":{"allow":["GET"]}}],"collection":[{"href":"https:\/\/diariofemenino.com.ar\/df\/wp-json\/wp\/v2\/posts"}],"about":[{"href":"https:\/\/diariofemenino.com.ar\/df\/wp-json\/wp\/v2\/types\/post"}],"author":[{"embeddable":true,"href":"https:\/\/diariofemenino.com.ar\/df\/wp-json\/wp\/v2\/users\/4"}],"replies":[{"embeddable":true,"href":"https:\/\/diariofemenino.com.ar\/df\/wp-json\/wp\/v2\/comments?post=72583"}],"version-history":[{"count":0,"href":"https:\/\/diariofemenino.com.ar\/df\/wp-json\/wp\/v2\/posts\/72583\/revisions"}],"wp:featuredmedia":[{"embeddable":true,"href":"https:\/\/diariofemenino.com.ar\/df\/wp-json\/wp\/v2\/media\/72587"}],"wp:attachment":[{"href":"https:\/\/diariofemenino.com.ar\/df\/wp-json\/wp\/v2\/media?parent=72583"}],"wp:term":[{"taxonomy":"category","embeddable":true,"href":"https:\/\/diariofemenino.com.ar\/df\/wp-json\/wp\/v2\/categories?post=72583"},{"taxonomy":"post_tag","embeddable":true,"href":"https:\/\/diariofemenino.com.ar\/df\/wp-json\/wp\/v2\/tags?post=72583"}],"curies":[{"name":"wp","href":"https:\/\/api.w.org\/{rel}","templated":true}]}}